{"id":14467,"date":"2014-05-30T11:43:12","date_gmt":"2014-05-30T13:43:12","guid":{"rendered":"http:\/\/eldigitaldeasturias.com\/magazine365\/?p=14467"},"modified":"2014-05-30T11:43:12","modified_gmt":"2014-05-30T13:43:12","slug":"malefica-una-malvada-no-tan-mala-con-la-fuerza-de-angelina-jolie","status":"publish","type":"post","link":"https:\/\/eldigitaldeasturias.com\/magazine365\/malefica-una-malvada-no-tan-mala-con-la-fuerza-de-angelina-jolie\/","title":{"rendered":"\u00abMal\u00e9fica\u00bb, una malvada no tan mala con la fuerza de Angelina Jolie"},"content":{"rendered":"<p><img fetchpriority=\"high\" decoding=\"async\" class=\"alignleft size-medium wp-image-14468\" alt=\"6317282w\" src=\"https:\/\/eldigitaldeasturias.com\/magazine365\/wp-content\/uploads\/2014\/05\/6317282w-360x247.jpg\" width=\"360\" height=\"247\" \/>Madrid, 30 may (EFE).- La malvada por excelencia del cine infantil se convierte en \u00abMal\u00e9fica\u00bb, una hada traicionada y que act\u00faa movida por el dolor, muy alejada de la rencorosa bruja de \u00abLa bella durmiente\u00bb, uno de los cuentos m\u00e1s adaptados al cine y que ahora llega con una impresionante Angelina Jolie como protagonista.<\/p>\n<p>Desde que Disney adapt\u00f3 a la animaci\u00f3n, en 1959, ese cuento de Charles Perrault, son muchas las versiones cinematogr\u00e1ficas que se han hecho de una historia que se ha mantenido inalterable hasta hoy, cuando \u00abMal\u00e9fica\u00bb de Angelina Jolie lo reinterpreta en una clave m\u00e1s humana y moderna y desde otro punto de vista.<\/p>\n<p>Una pel\u00edcula que llega hoy a las salas de todo el mundo y que sorprende, algo que parec\u00eda imposible tras la avalancha de nuevas adaptaciones de cuentos cl\u00e1sicos de los \u00faltimos a\u00f1os. \u00abCaperucita Roja\u00bb, \u00abBlancanieves\u00bb -por partida doble-, \u00abHansel y Gretel\u00bb o \u00abAlicia en el pa\u00eds de las maravillas\u00bb inundaron las pantallas de los cines con mayor o menos fortuna.<\/p>\n<p>Con \u00abMal\u00e9fica\u00bb, Disney demuestra ahora que el fil\u00f3n de los cuentos infantiles a\u00fan no se ha agotado y lo hace planteando una versi\u00f3n muy diferente de \u00abLa bella durmiente\u00bb y, sobre todo, de la relaci\u00f3n de la bruja con la dulce Aurora.<\/p>\n<p>Mal\u00e9fica es una ni\u00f1a hada, inocente, feliz y optimista, hasta que conoce a un ni\u00f1o humano que le rompe el coraz\u00f3n y que se convertir\u00e1 en el rey del territorio vecino, gracias a traicionarla para demostrar su lealtad al monarca anterior.<\/p>\n<p>Razones que justifican la actitud vengativa de Mal\u00e9fica, que se convierte en una bruja malvada m\u00e1s parecida al personaje original del cuento de Perrault.<\/p>\n<p>Pero su relaci\u00f3n con la sonriente y bondadosa Aurora -a la que interpreta de peque\u00f1a Viviene, hija de Jolie y de Brad Pitt, y de adolescente, Elle Fanning- da otro giro a la historia.<\/p>\n<p>Una Mal\u00e9fica cuya dura imagen exterior est\u00e1 dise\u00f1ada para contrastar con su compleja personalidad. A Jolie le pusieron unas pr\u00f3tesis de p\u00f3mulos para que aparecieran extremadamente afilados y de orejas puntiagudas, adem\u00e1s de unos cuernos y unas enormes alas que le confieren un aspecto amenazante, el cual se redondea con un vestuario que pasa del verde al negro en su fase m\u00e1s dura.<\/p>\n<p>Cuatro horas diarias de maquillaje convert\u00edan a la actriz en Mal\u00e9fica, a la que rodea un mundo de fantas\u00eda recreado en los estudios Pinewood de Londres, donde se construyeron 40 decorados diferentes, incluyendo un gran sal\u00f3n de 460 metros cuadrados.<\/p>\n<p>Adem\u00e1s, el castillo del rey es una reproducci\u00f3n del de la pel\u00edcula animada, que se tard\u00f3 14 semanas en poner en pie, y la caba\u00f1a en la que Aurora pasa su infancia con tres hadas, Imelda Staunton, Juno Temple y Lesley Manville, contaba con un techo de paja aut\u00e9ntico.<\/p>\n<p>Una est\u00e9tica muy cuidada para un gran espect\u00e1culo visual que supone el debut en la direcci\u00f3n de Robert Stromberg, profesional de los efectos especiales y ganador de dos \u00d3scar por su trabajo en la direcci\u00f3n art\u00edstica de \u00abAlice in Wonderland\u00bb y \u00abAvatar\u00bb.<\/p>\n<p>Debut de altura para Stromberg, que quer\u00eda mostrar una Mal\u00e9fica m\u00e1s realista que en otras adaptaciones anteriores del cuento y que los espectadores vieran el personaje bajo una nueva luz, adem\u00e1s de conocer \u00abla g\u00e9nesis de algunos elementos de la historia que les recuerdan a la pel\u00edcula original\u00bb, seg\u00fan se\u00f1ala en el \u00abdossier\u00bb de prensa del filme.<\/p>\n<p>Esta visi\u00f3n casaba perfectamente con la imagen que Jolie quer\u00eda dar de Mal\u00e9fica y en la que se implic\u00f3 personalmente -dise\u00f1\u00f3 hasta las lentillas que us\u00f3 durante el rodaje-, as\u00ed como en la producci\u00f3n del filme.<\/p>\n<p>\u00abCuando era ni\u00f1a, tem\u00eda y amaba a la vez a Mal\u00e9fica. En ocasiones, los ni\u00f1os se ven atra\u00eddos por aquello que les da miedo o que no entienden. La ve\u00eda como una mujer tan poderosa y que parec\u00eda pasarlo tan bien, a pesar de ser perversa, que me provocaba una enorme curiosidad\u00bb, explic\u00f3 Jolie en una entrevista con Efe antes del preestreno de la pel\u00edcula en Londres.<\/p>\n<p>El resultado es una pel\u00edcula entretenida, con mucha fuerza visual y que demuestra que siempre se puede dar un giro a cualquier historia, por muy conocida que sea.<\/p>\n","protected":false},"excerpt":{"rendered":"<p>Madrid, 30 may (EFE).- La malvada por excelencia del cine infantil se convierte en \u00abMal\u00e9fica\u00bb, una hada traicionada y que act\u00faa movida por el dolor, muy alejada de la rencorosa bruja de \u00abLa bella durmiente\u00bb, uno de los cuentos m\u00e1s adaptados al cine y que ahora llega con una impresionante Angelina Jolie como protagonista. Desde<\/p>\n","protected":false},"author":1,"featured_media":14468,"comment_status":"open","ping_status":"closed","sticky":false,"template":"","format":"standard","meta":{"footnotes":""},"categories":[224],"tags":[],"class_list":{"0":"post-14467","1":"post","2":"type-post","3":"status-publish","4":"format-standard","5":"has-post-thumbnail","7":"category-noticias-actualidad"},"aioseo_notices":[],"aioseo_head":"\n\t\t<!-- All in One SEO Pro 4.9.6.1 - aioseo.com -->\n\t<meta name=\"description\" content=\"Madrid, 30 may (EFE).- La malvada por excelencia del cine infantil se convierte en &quot;Mal\u00e9fica&quot;, una hada traicionada y que act\u00faa movida por el dolor, muy alejada de la rencorosa bruja de &quot;La bella durmiente&quot;, uno de los cuentos m\u00e1s adaptados al cine y que ahora llega con una impresionante Angelina Jolie como protagonista. Desde\" \/>\n\t<meta name=\"robots\" content=\"max-image-preview:large\" \/>\n\t<meta name=\"author\" content=\"admin\"\/>\n\t<meta name=\"google-site-verification\" content=\"UA-38556648-1\" \/>\n\t<meta name=\"keywords\" content=\"noticias y actualidad\" \/>\n\t<link rel=\"canonical\" href=\"https:\/\/eldigitaldeasturias.com\/magazine365\/malefica-una-malvada-no-tan-mala-con-la-fuerza-de-angelina-jolie\/\" \/>\n\t<meta name=\"generator\" content=\"All in One SEO Pro (AIOSEO) 4.9.6.1\" \/>\n\t\t<meta property=\"og:locale\" content=\"es_ES\" \/>\n\t\t<meta property=\"og:site_name\" content=\"El Digital de Asturias \u2013 Revista de ocio, turismo y estilo de vida\" \/>\n\t\t<meta property=\"og:type\" content=\"article\" \/>\n\t\t<meta property=\"og:title\" content=\"\u00abMal\u00e9fica\u00bb, una malvada no tan mala con la fuerza de Angelina Jolie | El Digital de Asturias\" \/>\n\t\t<meta property=\"og:description\" content=\"Madrid, 30 may (EFE).- La malvada por excelencia del cine infantil se convierte en &quot;Mal\u00e9fica&quot;, una hada traicionada y que act\u00faa movida por el dolor, muy alejada de la rencorosa bruja de &quot;La bella durmiente&quot;, uno de los cuentos m\u00e1s adaptados al cine y que ahora llega con una impresionante Angelina Jolie como protagonista. Desde\" \/>\n\t\t<meta property=\"og:url\" content=\"https:\/\/eldigitaldeasturias.com\/magazine365\/malefica-una-malvada-no-tan-mala-con-la-fuerza-de-angelina-jolie\/\" \/>\n\t\t<meta property=\"og:image\" content=\"https:\/\/eldigitaldeasturias.com\/magazine365\/wp-content\/uploads\/2014\/05\/6317282w.jpg\" \/>\n\t\t<meta property=\"og:image:secure_url\" content=\"https:\/\/eldigitaldeasturias.com\/magazine365\/wp-content\/uploads\/2014\/05\/6317282w.jpg\" \/>\n\t\t<meta property=\"og:image:width\" content=\"800\" \/>\n\t\t<meta property=\"og:image:height\" content=\"550\" \/>\n\t\t<meta property=\"article:published_time\" content=\"2014-05-30T13:43:12+00:00\" \/>\n\t\t<meta property=\"article:modified_time\" content=\"2014-05-30T13:43:12+00:00\" \/>\n\t\t<meta name=\"twitter:card\" content=\"summary_large_image\" \/>\n\t\t<meta name=\"twitter:title\" content=\"\u00abMal\u00e9fica\u00bb, una malvada no tan mala con la fuerza de Angelina Jolie | El Digital de Asturias\" \/>\n\t\t<meta name=\"twitter:description\" content=\"Madrid, 30 may (EFE).- La malvada por excelencia del cine infantil se convierte en &quot;Mal\u00e9fica&quot;, una hada traicionada y que act\u00faa movida por el dolor, muy alejada de la rencorosa bruja de &quot;La bella durmiente&quot;, uno de los cuentos m\u00e1s adaptados al cine y que ahora llega con una impresionante Angelina Jolie como protagonista. Desde\" \/>\n\t\t<meta name=\"twitter:image\" content=\"https:\/\/eldigitaldeasturias.com\/magazine365\/wp-content\/uploads\/2014\/05\/6317282w.jpg\" \/>\n\t\t<script type=\"application\/ld+json\" class=\"aioseo-schema\">\n\t\t\t{\"@context\":\"https:\\\/\\\/schema.org\",\"@graph\":[{\"@type\":\"Article\",\"@id\":\"https:\\\/\\\/eldigitaldeasturias.com\\\/magazine365\\\/malefica-una-malvada-no-tan-mala-con-la-fuerza-de-angelina-jolie\\\/#article\",\"name\":\"\\u00abMal\\u00e9fica\\u00bb, una malvada no tan mala con la fuerza de Angelina Jolie | El Digital de Asturias\",\"headline\":\"\\u00abMal\\u00e9fica\\u00bb, una malvada no tan mala con la fuerza de Angelina Jolie\",\"author\":{\"@id\":\"https:\\\/\\\/eldigitaldeasturias.com\\\/magazine365\\\/author\\\/admin\\\/#author\"},\"publisher\":{\"@id\":\"https:\\\/\\\/eldigitaldeasturias.com\\\/magazine365\\\/#organization\"},\"image\":{\"@type\":\"ImageObject\",\"url\":\"https:\\\/\\\/eldigitaldeasturias.com\\\/magazine365\\\/wp-content\\\/uploads\\\/2014\\\/05\\\/6317282w.jpg\",\"width\":800,\"height\":550},\"datePublished\":\"2014-05-30T11:43:12+02:00\",\"dateModified\":\"2014-05-30T11:43:12+02:00\",\"inLanguage\":\"es-ES\",\"mainEntityOfPage\":{\"@id\":\"https:\\\/\\\/eldigitaldeasturias.com\\\/magazine365\\\/malefica-una-malvada-no-tan-mala-con-la-fuerza-de-angelina-jolie\\\/#webpage\"},\"isPartOf\":{\"@id\":\"https:\\\/\\\/eldigitaldeasturias.com\\\/magazine365\\\/malefica-una-malvada-no-tan-mala-con-la-fuerza-de-angelina-jolie\\\/#webpage\"},\"articleSection\":\"Noticias y Actualidad\"},{\"@type\":\"BreadcrumbList\",\"@id\":\"https:\\\/\\\/eldigitaldeasturias.com\\\/magazine365\\\/malefica-una-malvada-no-tan-mala-con-la-fuerza-de-angelina-jolie\\\/#breadcrumblist\",\"itemListElement\":[{\"@type\":\"ListItem\",\"@id\":\"https:\\\/\\\/eldigitaldeasturias.com\\\/magazine365#listItem\",\"position\":1,\"name\":\"Home\",\"item\":\"https:\\\/\\\/eldigitaldeasturias.com\\\/magazine365\",\"nextItem\":{\"@type\":\"ListItem\",\"@id\":\"https:\\\/\\\/eldigitaldeasturias.com\\\/magazine365\\\/category\\\/noticias-actualidad\\\/#listItem\",\"name\":\"Noticias y Actualidad\"}},{\"@type\":\"ListItem\",\"@id\":\"https:\\\/\\\/eldigitaldeasturias.com\\\/magazine365\\\/category\\\/noticias-actualidad\\\/#listItem\",\"position\":2,\"name\":\"Noticias y Actualidad\",\"item\":\"https:\\\/\\\/eldigitaldeasturias.com\\\/magazine365\\\/category\\\/noticias-actualidad\\\/\",\"nextItem\":{\"@type\":\"ListItem\",\"@id\":\"https:\\\/\\\/eldigitaldeasturias.com\\\/magazine365\\\/malefica-una-malvada-no-tan-mala-con-la-fuerza-de-angelina-jolie\\\/#listItem\",\"name\":\"\\u00abMal\\u00e9fica\\u00bb, una malvada no tan mala con la fuerza de Angelina Jolie\"},\"previousItem\":{\"@type\":\"ListItem\",\"@id\":\"https:\\\/\\\/eldigitaldeasturias.com\\\/magazine365#listItem\",\"name\":\"Home\"}},{\"@type\":\"ListItem\",\"@id\":\"https:\\\/\\\/eldigitaldeasturias.com\\\/magazine365\\\/malefica-una-malvada-no-tan-mala-con-la-fuerza-de-angelina-jolie\\\/#listItem\",\"position\":3,\"name\":\"\\u00abMal\\u00e9fica\\u00bb, una malvada no tan mala con la fuerza de Angelina Jolie\",\"previousItem\":{\"@type\":\"ListItem\",\"@id\":\"https:\\\/\\\/eldigitaldeasturias.com\\\/magazine365\\\/category\\\/noticias-actualidad\\\/#listItem\",\"name\":\"Noticias y Actualidad\"}}]},{\"@type\":\"Organization\",\"@id\":\"https:\\\/\\\/eldigitaldeasturias.com\\\/magazine365\\\/#organization\",\"name\":\"El digital de Asturias\",\"description\":\"Revista de ocio, turismo y estilo de vida\",\"url\":\"https:\\\/\\\/eldigitaldeasturias.com\\\/magazine365\\\/\",\"logo\":{\"@type\":\"ImageObject\",\"url\":\"https:\\\/\\\/www.eldigitaldeasturias.com\\\/noticias\\\/wp-content\\\/uploads\\\/2020\\\/12\\\/EDA.jpg\",\"@id\":\"https:\\\/\\\/eldigitaldeasturias.com\\\/magazine365\\\/malefica-una-malvada-no-tan-mala-con-la-fuerza-de-angelina-jolie\\\/#organizationLogo\"},\"image\":{\"@id\":\"https:\\\/\\\/eldigitaldeasturias.com\\\/magazine365\\\/malefica-una-malvada-no-tan-mala-con-la-fuerza-de-angelina-jolie\\\/#organizationLogo\"}},{\"@type\":\"Person\",\"@id\":\"https:\\\/\\\/eldigitaldeasturias.com\\\/magazine365\\\/author\\\/admin\\\/#author\",\"url\":\"https:\\\/\\\/eldigitaldeasturias.com\\\/magazine365\\\/author\\\/admin\\\/\",\"name\":\"admin\",\"image\":{\"@type\":\"ImageObject\",\"@id\":\"https:\\\/\\\/eldigitaldeasturias.com\\\/magazine365\\\/malefica-una-malvada-no-tan-mala-con-la-fuerza-de-angelina-jolie\\\/#authorImage\",\"url\":\"https:\\\/\\\/eldigitaldeasturias.com\\\/magazine365\\\/wp-content\\\/litespeed\\\/avatar\\\/e571bcf59a0edd6fa6838245a470f2fe.jpg?ver=1777574230\",\"width\":96,\"height\":96,\"caption\":\"admin\"}},{\"@type\":\"WebPage\",\"@id\":\"https:\\\/\\\/eldigitaldeasturias.com\\\/magazine365\\\/malefica-una-malvada-no-tan-mala-con-la-fuerza-de-angelina-jolie\\\/#webpage\",\"url\":\"https:\\\/\\\/eldigitaldeasturias.com\\\/magazine365\\\/malefica-una-malvada-no-tan-mala-con-la-fuerza-de-angelina-jolie\\\/\",\"name\":\"\\u00abMal\\u00e9fica\\u00bb, una malvada no tan mala con la fuerza de Angelina Jolie | El Digital de Asturias\",\"description\":\"Madrid, 30 may (EFE).- La malvada por excelencia del cine infantil se convierte en \\\"Mal\\u00e9fica\\\", una hada traicionada y que act\\u00faa movida por el dolor, muy alejada de la rencorosa bruja de \\\"La bella durmiente\\\", uno de los cuentos m\\u00e1s adaptados al cine y que ahora llega con una impresionante Angelina Jolie como protagonista. Desde\",\"inLanguage\":\"es-ES\",\"isPartOf\":{\"@id\":\"https:\\\/\\\/eldigitaldeasturias.com\\\/magazine365\\\/#website\"},\"breadcrumb\":{\"@id\":\"https:\\\/\\\/eldigitaldeasturias.com\\\/magazine365\\\/malefica-una-malvada-no-tan-mala-con-la-fuerza-de-angelina-jolie\\\/#breadcrumblist\"},\"author\":{\"@id\":\"https:\\\/\\\/eldigitaldeasturias.com\\\/magazine365\\\/author\\\/admin\\\/#author\"},\"creator\":{\"@id\":\"https:\\\/\\\/eldigitaldeasturias.com\\\/magazine365\\\/author\\\/admin\\\/#author\"},\"image\":{\"@type\":\"ImageObject\",\"url\":\"https:\\\/\\\/eldigitaldeasturias.com\\\/magazine365\\\/wp-content\\\/uploads\\\/2014\\\/05\\\/6317282w.jpg\",\"@id\":\"https:\\\/\\\/eldigitaldeasturias.com\\\/magazine365\\\/malefica-una-malvada-no-tan-mala-con-la-fuerza-de-angelina-jolie\\\/#mainImage\",\"width\":800,\"height\":550},\"primaryImageOfPage\":{\"@id\":\"https:\\\/\\\/eldigitaldeasturias.com\\\/magazine365\\\/malefica-una-malvada-no-tan-mala-con-la-fuerza-de-angelina-jolie\\\/#mainImage\"},\"datePublished\":\"2014-05-30T11:43:12+02:00\",\"dateModified\":\"2014-05-30T11:43:12+02:00\"},{\"@type\":\"WebSite\",\"@id\":\"https:\\\/\\\/eldigitaldeasturias.com\\\/magazine365\\\/#website\",\"url\":\"https:\\\/\\\/eldigitaldeasturias.com\\\/magazine365\\\/\",\"name\":\"El Digital de Asturias\",\"description\":\"Revista de ocio, turismo y estilo de vida\",\"inLanguage\":\"es-ES\",\"publisher\":{\"@id\":\"https:\\\/\\\/eldigitaldeasturias.com\\\/magazine365\\\/#organization\"}}]}\n\t\t<\/script>\n\t\t<!-- All in One SEO Pro -->\r\n\t\t<title>\u00abMal\u00e9fica\u00bb, una malvada no tan mala con la fuerza de Angelina Jolie | El Digital de Asturias<\/title>\n\n","aioseo_head_json":{"title":"\u00abMal\u00e9fica\u00bb, una malvada no tan mala con la fuerza de Angelina Jolie | El Digital de Asturias","description":"Madrid, 30 may (EFE).- La malvada por excelencia del cine infantil se convierte en \"Mal\u00e9fica\", una hada traicionada y que act\u00faa movida por el dolor, muy alejada de la rencorosa bruja de \"La bella durmiente\", uno de los cuentos m\u00e1s adaptados al cine y que ahora llega con una impresionante Angelina Jolie como protagonista. Desde","canonical_url":"https:\/\/eldigitaldeasturias.com\/magazine365\/malefica-una-malvada-no-tan-mala-con-la-fuerza-de-angelina-jolie\/","robots":"max-image-preview:large","keywords":"noticias y actualidad","webmasterTools":{"google-site-verification":"UA-38556648-1","miscellaneous":""},"schema":{"@context":"https:\/\/schema.org","@graph":[{"@type":"Article","@id":"https:\/\/eldigitaldeasturias.com\/magazine365\/malefica-una-malvada-no-tan-mala-con-la-fuerza-de-angelina-jolie\/#article","name":"\u00abMal\u00e9fica\u00bb, una malvada no tan mala con la fuerza de Angelina Jolie | El Digital de Asturias","headline":"\u00abMal\u00e9fica\u00bb, una malvada no tan mala con la fuerza de Angelina Jolie","author":{"@id":"https:\/\/eldigitaldeasturias.com\/magazine365\/author\/admin\/#author"},"publisher":{"@id":"https:\/\/eldigitaldeasturias.com\/magazine365\/#organization"},"image":{"@type":"ImageObject","url":"https:\/\/eldigitaldeasturias.com\/magazine365\/wp-content\/uploads\/2014\/05\/6317282w.jpg","width":800,"height":550},"datePublished":"2014-05-30T11:43:12+02:00","dateModified":"2014-05-30T11:43:12+02:00","inLanguage":"es-ES","mainEntityOfPage":{"@id":"https:\/\/eldigitaldeasturias.com\/magazine365\/malefica-una-malvada-no-tan-mala-con-la-fuerza-de-angelina-jolie\/#webpage"},"isPartOf":{"@id":"https:\/\/eldigitaldeasturias.com\/magazine365\/malefica-una-malvada-no-tan-mala-con-la-fuerza-de-angelina-jolie\/#webpage"},"articleSection":"Noticias y Actualidad"},{"@type":"BreadcrumbList","@id":"https:\/\/eldigitaldeasturias.com\/magazine365\/malefica-una-malvada-no-tan-mala-con-la-fuerza-de-angelina-jolie\/#breadcrumblist","itemListElement":[{"@type":"ListItem","@id":"https:\/\/eldigitaldeasturias.com\/magazine365#listItem","position":1,"name":"Home","item":"https:\/\/eldigitaldeasturias.com\/magazine365","nextItem":{"@type":"ListItem","@id":"https:\/\/eldigitaldeasturias.com\/magazine365\/category\/noticias-actualidad\/#listItem","name":"Noticias y Actualidad"}},{"@type":"ListItem","@id":"https:\/\/eldigitaldeasturias.com\/magazine365\/category\/noticias-actualidad\/#listItem","position":2,"name":"Noticias y Actualidad","item":"https:\/\/eldigitaldeasturias.com\/magazine365\/category\/noticias-actualidad\/","nextItem":{"@type":"ListItem","@id":"https:\/\/eldigitaldeasturias.com\/magazine365\/malefica-una-malvada-no-tan-mala-con-la-fuerza-de-angelina-jolie\/#listItem","name":"\u00abMal\u00e9fica\u00bb, una malvada no tan mala con la fuerza de Angelina Jolie"},"previousItem":{"@type":"ListItem","@id":"https:\/\/eldigitaldeasturias.com\/magazine365#listItem","name":"Home"}},{"@type":"ListItem","@id":"https:\/\/eldigitaldeasturias.com\/magazine365\/malefica-una-malvada-no-tan-mala-con-la-fuerza-de-angelina-jolie\/#listItem","position":3,"name":"\u00abMal\u00e9fica\u00bb, una malvada no tan mala con la fuerza de Angelina Jolie","previousItem":{"@type":"ListItem","@id":"https:\/\/eldigitaldeasturias.com\/magazine365\/category\/noticias-actualidad\/#listItem","name":"Noticias y Actualidad"}}]},{"@type":"Organization","@id":"https:\/\/eldigitaldeasturias.com\/magazine365\/#organization","name":"El digital de Asturias","description":"Revista de ocio, turismo y estilo de vida","url":"https:\/\/eldigitaldeasturias.com\/magazine365\/","logo":{"@type":"ImageObject","url":"https:\/\/www.eldigitaldeasturias.com\/noticias\/wp-content\/uploads\/2020\/12\/EDA.jpg","@id":"https:\/\/eldigitaldeasturias.com\/magazine365\/malefica-una-malvada-no-tan-mala-con-la-fuerza-de-angelina-jolie\/#organizationLogo"},"image":{"@id":"https:\/\/eldigitaldeasturias.com\/magazine365\/malefica-una-malvada-no-tan-mala-con-la-fuerza-de-angelina-jolie\/#organizationLogo"}},{"@type":"Person","@id":"https:\/\/eldigitaldeasturias.com\/magazine365\/author\/admin\/#author","url":"https:\/\/eldigitaldeasturias.com\/magazine365\/author\/admin\/","name":"admin","image":{"@type":"ImageObject","@id":"https:\/\/eldigitaldeasturias.com\/magazine365\/malefica-una-malvada-no-tan-mala-con-la-fuerza-de-angelina-jolie\/#authorImage","url":"https:\/\/eldigitaldeasturias.com\/magazine365\/wp-content\/litespeed\/avatar\/e571bcf59a0edd6fa6838245a470f2fe.jpg?ver=1777574230","width":96,"height":96,"caption":"admin"}},{"@type":"WebPage","@id":"https:\/\/eldigitaldeasturias.com\/magazine365\/malefica-una-malvada-no-tan-mala-con-la-fuerza-de-angelina-jolie\/#webpage","url":"https:\/\/eldigitaldeasturias.com\/magazine365\/malefica-una-malvada-no-tan-mala-con-la-fuerza-de-angelina-jolie\/","name":"\u00abMal\u00e9fica\u00bb, una malvada no tan mala con la fuerza de Angelina Jolie | El Digital de Asturias","description":"Madrid, 30 may (EFE).- La malvada por excelencia del cine infantil se convierte en \"Mal\u00e9fica\", una hada traicionada y que act\u00faa movida por el dolor, muy alejada de la rencorosa bruja de \"La bella durmiente\", uno de los cuentos m\u00e1s adaptados al cine y que ahora llega con una impresionante Angelina Jolie como protagonista. Desde","inLanguage":"es-ES","isPartOf":{"@id":"https:\/\/eldigitaldeasturias.com\/magazine365\/#website"},"breadcrumb":{"@id":"https:\/\/eldigitaldeasturias.com\/magazine365\/malefica-una-malvada-no-tan-mala-con-la-fuerza-de-angelina-jolie\/#breadcrumblist"},"author":{"@id":"https:\/\/eldigitaldeasturias.com\/magazine365\/author\/admin\/#author"},"creator":{"@id":"https:\/\/eldigitaldeasturias.com\/magazine365\/author\/admin\/#author"},"image":{"@type":"ImageObject","url":"https:\/\/eldigitaldeasturias.com\/magazine365\/wp-content\/uploads\/2014\/05\/6317282w.jpg","@id":"https:\/\/eldigitaldeasturias.com\/magazine365\/malefica-una-malvada-no-tan-mala-con-la-fuerza-de-angelina-jolie\/#mainImage","width":800,"height":550},"primaryImageOfPage":{"@id":"https:\/\/eldigitaldeasturias.com\/magazine365\/malefica-una-malvada-no-tan-mala-con-la-fuerza-de-angelina-jolie\/#mainImage"},"datePublished":"2014-05-30T11:43:12+02:00","dateModified":"2014-05-30T11:43:12+02:00"},{"@type":"WebSite","@id":"https:\/\/eldigitaldeasturias.com\/magazine365\/#website","url":"https:\/\/eldigitaldeasturias.com\/magazine365\/","name":"El Digital de Asturias","description":"Revista de ocio, turismo y estilo de vida","inLanguage":"es-ES","publisher":{"@id":"https:\/\/eldigitaldeasturias.com\/magazine365\/#organization"}}]},"og:locale":"es_ES","og:site_name":"El Digital de Asturias \u2013 Revista de ocio, turismo y estilo de vida","og:type":"article","og:title":"\u00abMal\u00e9fica\u00bb, una malvada no tan mala con la fuerza de Angelina Jolie | El Digital de Asturias","og:description":"Madrid, 30 may (EFE).- La malvada por excelencia del cine infantil se convierte en &quot;Mal\u00e9fica&quot;, una hada traicionada y que act\u00faa movida por el dolor, muy alejada de la rencorosa bruja de &quot;La bella durmiente&quot;, uno de los cuentos m\u00e1s adaptados al cine y que ahora llega con una impresionante Angelina Jolie como protagonista. Desde","og:url":"https:\/\/eldigitaldeasturias.com\/magazine365\/malefica-una-malvada-no-tan-mala-con-la-fuerza-de-angelina-jolie\/","og:image":"https:\/\/eldigitaldeasturias.com\/magazine365\/wp-content\/uploads\/2014\/05\/6317282w.jpg","og:image:secure_url":"https:\/\/eldigitaldeasturias.com\/magazine365\/wp-content\/uploads\/2014\/05\/6317282w.jpg","og:image:width":800,"og:image:height":550,"article:published_time":"2014-05-30T13:43:12+00:00","article:modified_time":"2014-05-30T13:43:12+00:00","twitter:card":"summary_large_image","twitter:title":"\u00abMal\u00e9fica\u00bb, una malvada no tan mala con la fuerza de Angelina Jolie | El Digital de Asturias","twitter:description":"Madrid, 30 may (EFE).- La malvada por excelencia del cine infantil se convierte en &quot;Mal\u00e9fica&quot;, una hada traicionada y que act\u00faa movida por el dolor, muy alejada de la rencorosa bruja de &quot;La bella durmiente&quot;, uno de los cuentos m\u00e1s adaptados al cine y que ahora llega con una impresionante Angelina Jolie como protagonista. Desde","twitter:image":"https:\/\/eldigitaldeasturias.com\/magazine365\/wp-content\/uploads\/2014\/05\/6317282w.jpg"},"aioseo_meta_data":{"post_id":"14467","title":null,"description":null,"keywords":null,"keyphrases":null,"primary_term":null,"canonical_url":null,"og_title":null,"og_description":null,"og_object_type":"default","og_image_type":"default","og_image_url":null,"og_image_width":null,"og_image_height":null,"og_image_custom_url":null,"og_image_custom_fields":null,"og_video":null,"og_custom_url":null,"og_article_section":null,"og_article_tags":null,"twitter_use_og":false,"twitter_card":"default","twitter_image_type":"default","twitter_image_url":null,"twitter_image_custom_url":null,"twitter_image_custom_fields":null,"twitter_title":null,"twitter_description":null,"schema":{"blockGraphs":[],"customGraphs":[],"default":{"data":{"Article":[],"Course":[],"Dataset":[],"FAQPage":[],"Movie":[],"Person":[],"Product":[],"ProductReview":[],"Car":[],"Recipe":[],"Service":[],"SoftwareApplication":[],"WebPage":[]},"graphName":"","isEnabled":true},"graphs":[],"defaultGraph":"","defaultPostTypeGraph":""},"schema_type":null,"schema_type_options":null,"pillar_content":false,"robots_default":true,"robots_noindex":false,"robots_noarchive":false,"robots_nosnippet":false,"robots_nofollow":false,"robots_noimageindex":false,"robots_noodp":false,"robots_notranslate":false,"robots_max_snippet":null,"robots_max_videopreview":null,"robots_max_imagepreview":"large","priority":null,"frequency":null,"location":null,"local_seo":null,"seo_analyzer_scan_date":"2025-09-17 10:10:03","breadcrumb_settings":null,"limit_modified_date":false,"open_ai":null,"ai":null,"created":"2021-03-09 08:14:49","updated":"2025-09-17 10:10:03"},"aioseo_breadcrumb":"<div class=\"aioseo-breadcrumbs\"><span class=\"aioseo-breadcrumb\">\n\t<a href=\"https:\/\/eldigitaldeasturias.com\/magazine365\" title=\"Home\">Home<\/a>\n<\/span><span class=\"aioseo-breadcrumb-separator\">\u2013<\/span><span class=\"aioseo-breadcrumb\">\n\t<a href=\"https:\/\/eldigitaldeasturias.com\/magazine365\/category\/noticias-actualidad\/\" title=\"Noticias y Actualidad\">Noticias y Actualidad<\/a>\n<\/span><span class=\"aioseo-breadcrumb-separator\">\u2013<\/span><span class=\"aioseo-breadcrumb\">\n\t<a href=\"https:\/\/eldigitaldeasturias.com\/magazine365\/malefica-una-malvada-no-tan-mala-con-la-fuerza-de-angelina-jolie\/\" title=\"\u00abMal\u00e9fica\u00bb, una malvada no tan mala con la fuerza de Angelina Jolie\">\u00abMal\u00e9fica\u00bb, una malvada no tan mala con la fuerza de Angelina Jolie<\/a>\n<\/span><\/div>","aioseo_breadcrumb_json":[{"label":"Home","link":"https:\/\/eldigitaldeasturias.com\/magazine365"},{"label":"Noticias y Actualidad","link":"https:\/\/eldigitaldeasturias.com\/magazine365\/category\/noticias-actualidad\/"},{"label":"\u00abMal\u00e9fica\u00bb, una malvada no tan mala con la fuerza de Angelina Jolie","link":"https:\/\/eldigitaldeasturias.com\/magazine365\/malefica-una-malvada-no-tan-mala-con-la-fuerza-de-angelina-jolie\/"}],"_links":{"self":[{"href":"https:\/\/eldigitaldeasturias.com\/magazine365\/wp-json\/wp\/v2\/posts\/14467","targetHints":{"allow":["GET"]}}],"collection":[{"href":"https:\/\/eldigitaldeasturias.com\/magazine365\/wp-json\/wp\/v2\/posts"}],"about":[{"href":"https:\/\/eldigitaldeasturias.com\/magazine365\/wp-json\/wp\/v2\/types\/post"}],"author":[{"embeddable":true,"href":"https:\/\/eldigitaldeasturias.com\/magazine365\/wp-json\/wp\/v2\/users\/1"}],"replies":[{"embeddable":true,"href":"https:\/\/eldigitaldeasturias.com\/magazine365\/wp-json\/wp\/v2\/comments?post=14467"}],"version-history":[{"count":0,"href":"https:\/\/eldigitaldeasturias.com\/magazine365\/wp-json\/wp\/v2\/posts\/14467\/revisions"}],"wp:featuredmedia":[{"embeddable":true,"href":"https:\/\/eldigitaldeasturias.com\/magazine365\/wp-json\/wp\/v2\/media\/14468"}],"wp:attachment":[{"href":"https:\/\/eldigitaldeasturias.com\/magazine365\/wp-json\/wp\/v2\/media?parent=14467"}],"wp:term":[{"taxonomy":"category","embeddable":true,"href":"https:\/\/eldigitaldeasturias.com\/magazine365\/wp-json\/wp\/v2\/categories?post=14467"},{"taxonomy":"post_tag","embeddable":true,"href":"https:\/\/eldigitaldeasturias.com\/magazine365\/wp-json\/wp\/v2\/tags?post=14467"}],"curies":[{"name":"wp","href":"https:\/\/api.w.org\/{rel}","templated":true}]}}