{"id":14461,"date":"2014-05-30T11:40:01","date_gmt":"2014-05-30T13:40:01","guid":{"rendered":"http:\/\/eldigitaldeasturias.com\/magazine365\/?p=14461"},"modified":"2014-05-30T11:40:01","modified_gmt":"2014-05-30T13:40:01","slug":"jessie-j-no-quiere-que-su-sexualidad-la-defina-mas","status":"publish","type":"post","link":"https:\/\/eldigitaldeasturias.com\/magazine365\/jessie-j-no-quiere-que-su-sexualidad-la-defina-mas\/","title":{"rendered":"Jessie J no quiere que su sexualidad la defina m\u00e1s"},"content":{"rendered":"<p><img fetchpriority=\"high\" decoding=\"async\" class=\"alignleft size-medium wp-image-14462\" alt=\"6316860w\" src=\"https:\/\/eldigitaldeasturias.com\/magazine365\/wp-content\/uploads\/2014\/05\/6316860w-200x300.jpg\" width=\"200\" height=\"300\" srcset=\"https:\/\/eldigitaldeasturias.com\/magazine365\/wp-content\/uploads\/2014\/05\/6316860w-200x300.jpg 200w, https:\/\/eldigitaldeasturias.com\/magazine365\/wp-content\/uploads\/2014\/05\/6316860w-427x640.jpg 427w, https:\/\/eldigitaldeasturias.com\/magazine365\/wp-content\/uploads\/2014\/05\/6316860w-150x225.jpg 150w, https:\/\/eldigitaldeasturias.com\/magazine365\/wp-content\/uploads\/2014\/05\/6316860w-450x675.jpg 450w, https:\/\/eldigitaldeasturias.com\/magazine365\/wp-content\/uploads\/2014\/05\/6316860w-696x1044.jpg 696w, https:\/\/eldigitaldeasturias.com\/magazine365\/wp-content\/uploads\/2014\/05\/6316860w-280x420.jpg 280w, https:\/\/eldigitaldeasturias.com\/magazine365\/wp-content\/uploads\/2014\/05\/6316860w.jpg 700w\" sizes=\"(max-width: 200px) 100vw, 200px\" \/>Madrid, 30 may (EFE).- Y lleg\u00f3 un d\u00eda en que la cantante Jessie J, supuesta bisexual confesa, coment\u00f3 que sus experiencias con otras mujeres eran parte del pasado, \u00abuna fase\u00bb. La artista, que act\u00faa ma\u00f1ana en el Palacio Vistalegre de Madrid, pone todos los puntos a las \u00edes y a las jotas de su nombre y responde al debate: \u00bflo us\u00f3 como publicidad gratuita?<\/p>\n<p>\u00abNunca lo utilic\u00e9&#8230;\u00bb, comienza a contestar en una entrevista con Efe, antes de quedarse en suspenso y, m\u00e1s precavida, recomenzar la respuesta, subrayando que siempre ha sido \u00abuna gran defensora del colectivo LGTB y que eso no ha cambiado en absoluto\u00bb. \u00abLo que no quer\u00eda es que (mi sexualidad) me definiera m\u00e1s\u00bb, a\u00f1ade.<\/p>\n<p>La int\u00e9rprete brit\u00e1nica, ganadora en 2011 de la apuesta que anualmente celebra la cadena BBC para anticipar a las futuras estrellas de la m\u00fasica, remite al periodista al comunicado que lanz\u00f3 hace un par de meses al respecto, para que no se la \u00abmalinterprete\u00bb de nuevo.<\/p>\n<p>\u00abNunca ment\u00ed sobre mi sexualidad y nunca me puse una etiqueta\u00bb, dec\u00eda all\u00ed, antes de asegurar que, en efecto, cinco a\u00f1os antes hab\u00eda salido tanto con chicos como con chicas, que era joven y experimentaba, pero que solo tuvo una relaci\u00f3n sentimental importante con una mujer, que todo lo dem\u00e1s fueron hombres y que a su compa\u00f1\u00eda discogr\u00e1fica no le preocupaba lo m\u00e1s m\u00ednimo todo eso.<\/p>\n<p>Al tel\u00e9fono, Jessie J (Essex, 1988) ratifica que nunca quiso \u00abofender\u00bb a nadie, solo vivir su vida. \u00abLos medios exageraron algo que yo cont\u00e9. Nunca anunci\u00e9 nada concreto. Fueron los medios los que se lo inventaron\u00bb, insiste, antes de reivindicar el mensaje de \u00abama a quien quieras\u00bb que hace solo tres a\u00f1os defend\u00eda en otra entrevista en Espa\u00f1a.<\/p>\n<p>\u00abSi puedo ser un modelo a seguir para j\u00f3venes que quieren vivir su sexualidad con libertad, estoy feliz\u00bb, comentaba entonces, minutos antes de su primera actuaci\u00f3n en vivo en el pa\u00eds, dentro de los Premios 40 Principales de 2011, que a\u00fan recuerda como una de sus \u00abfavoritas\u00bb.<\/p>\n<p>Igual que intentar\u00e1 repetir ma\u00f1ana, aquel d\u00eda ofreci\u00f3 una actuaci\u00f3n sobresaliente en el apartado vocal y en el de la energ\u00eda, recuperada de la lesi\u00f3n en una pierna que la hab\u00eda obligado a actuar durante meses postrada en una silla.<\/p>\n<p>Para su primer concierto completo en Espa\u00f1a y el \u00fanico de su actual gira, que tendr\u00e1 lugar en el Palacio Vistalegre de Madrid, promete \u00abuna banda en vivo con grandes m\u00fasicos, un vestuario sorprendente y c\u00f3modo, un gran sonido y fant\u00e1sticos temas\u00bb.<\/p>\n<p>Presentar\u00e1 su segundo \u00e1lbum, \u00abAlive\u00bb (2013), resultado de un proceso de elaboraci\u00f3n \u00abm\u00e1s duro\u00bb, habida cuenta del apremio, la falta de tiempo y \u00abtodas las expectativas creadas\u00bb tras el \u00e9xito del previo \u00abWho you are\u00bb (2011), que conten\u00eda temas como \u00abPrice Tag\u00bb, \u00abDomino\u00bb o \u00abDo it like a dude\u00bb.<\/p>\n<p>Opina que el t\u00edtulo de esta segunda producci\u00f3n define su estado de \u00e1nimo actual (\u00abviva\u00bb), que est\u00e1 a la altura del primero y cita la emotiva balada sobre el mal de Alzheimer \u00abI miss her\u00bb (\u00abla extra\u00f1o\u00bb, en espa\u00f1ol) como el \u00abreto m\u00e1s estimulante\u00bb de cuantos se ha encontrado durante su elaboraci\u00f3n.<\/p>\n<p>Ah\u00ed tambi\u00e9n est\u00e1 \u00abSexy lady\u00bb, una canci\u00f3n que pone en entredicho los conceptos preestablecidos y que coincidi\u00f3 en el tiempo con una nueva imagen, con la cabeza reci\u00e9n afeitada para recaudar dinero en pos de una causa ben\u00e9fica.<\/p>\n<p>\u00abNo hay definiciones de qu\u00e9 es ser sexy. Yo me sent\u00eda as\u00ed cuando me rap\u00e9 la melena. Toda mujer deber\u00eda poder sentirse c\u00f3moda en su propia piel\u00bb, sostiene esta reciente jurado de la versi\u00f3n brit\u00e1nica del concurso de talentos vocales \u00abLa voz\u00bb, que ha permitido descubrir c\u00f3mo es tras las c\u00e1maras Jessica Ellen Cornish.<\/p>\n<p>Javier Herrero.<\/p>\n","protected":false},"excerpt":{"rendered":"<p>Madrid, 30 may (EFE).- Y lleg\u00f3 un d\u00eda en que la cantante Jessie J, supuesta bisexual confesa, coment\u00f3 que sus experiencias con otras mujeres eran parte del pasado, \u00abuna fase\u00bb. La artista, que act\u00faa ma\u00f1ana en el Palacio Vistalegre de Madrid, pone todos los puntos a las \u00edes y a las jotas de su nombre<\/p>\n","protected":false},"author":1,"featured_media":14462,"comment_status":"open","ping_status":"closed","sticky":false,"template":"","format":"standard","meta":{"footnotes":""},"categories":[224],"tags":[],"class_list":{"0":"post-14461","1":"post","2":"type-post","3":"status-publish","4":"format-standard","5":"has-post-thumbnail","7":"category-noticias-actualidad"},"aioseo_notices":[],"aioseo_head":"\n\t\t<!-- All in One SEO Pro 4.9.6.1 - aioseo.com -->\n\t<meta name=\"description\" content=\"Madrid, 30 may (EFE).- Y lleg\u00f3 un d\u00eda en que la cantante Jessie J, supuesta bisexual confesa, coment\u00f3 que sus experiencias con otras mujeres eran parte del pasado, &quot;una fase&quot;. La artista, que act\u00faa ma\u00f1ana en el Palacio Vistalegre de Madrid, pone todos los puntos a las \u00edes y a las jotas de su nombre\" \/>\n\t<meta name=\"robots\" content=\"max-image-preview:large\" \/>\n\t<meta name=\"author\" content=\"admin\"\/>\n\t<meta name=\"google-site-verification\" content=\"UA-38556648-1\" \/>\n\t<meta name=\"keywords\" content=\"noticias y actualidad\" \/>\n\t<link rel=\"canonical\" href=\"https:\/\/eldigitaldeasturias.com\/magazine365\/jessie-j-no-quiere-que-su-sexualidad-la-defina-mas\/\" \/>\n\t<meta name=\"generator\" content=\"All in One SEO Pro (AIOSEO) 4.9.6.1\" \/>\n\t\t<meta property=\"og:locale\" content=\"es_ES\" \/>\n\t\t<meta property=\"og:site_name\" content=\"El Digital de Asturias \u2013 Revista de ocio, turismo y estilo de vida\" \/>\n\t\t<meta property=\"og:type\" content=\"article\" \/>\n\t\t<meta property=\"og:title\" content=\"Jessie J no quiere que su sexualidad la defina m\u00e1s | El Digital de Asturias\" \/>\n\t\t<meta property=\"og:description\" content=\"Madrid, 30 may (EFE).- Y lleg\u00f3 un d\u00eda en que la cantante Jessie J, supuesta bisexual confesa, coment\u00f3 que sus experiencias con otras mujeres eran parte del pasado, &quot;una fase&quot;. La artista, que act\u00faa ma\u00f1ana en el Palacio Vistalegre de Madrid, pone todos los puntos a las \u00edes y a las jotas de su nombre\" \/>\n\t\t<meta property=\"og:url\" content=\"https:\/\/eldigitaldeasturias.com\/magazine365\/jessie-j-no-quiere-que-su-sexualidad-la-defina-mas\/\" \/>\n\t\t<meta property=\"og:image\" content=\"https:\/\/eldigitaldeasturias.com\/magazine365\/wp-content\/uploads\/2014\/05\/6316860w.jpg\" \/>\n\t\t<meta property=\"og:image:secure_url\" content=\"https:\/\/eldigitaldeasturias.com\/magazine365\/wp-content\/uploads\/2014\/05\/6316860w.jpg\" \/>\n\t\t<meta property=\"og:image:width\" content=\"700\" \/>\n\t\t<meta property=\"og:image:height\" content=\"1050\" \/>\n\t\t<meta property=\"article:published_time\" content=\"2014-05-30T13:40:01+00:00\" \/>\n\t\t<meta property=\"article:modified_time\" content=\"2014-05-30T13:40:01+00:00\" \/>\n\t\t<meta name=\"twitter:card\" content=\"summary_large_image\" \/>\n\t\t<meta name=\"twitter:title\" content=\"Jessie J no quiere que su sexualidad la defina m\u00e1s | El Digital de Asturias\" \/>\n\t\t<meta name=\"twitter:description\" content=\"Madrid, 30 may (EFE).- Y lleg\u00f3 un d\u00eda en que la cantante Jessie J, supuesta bisexual confesa, coment\u00f3 que sus experiencias con otras mujeres eran parte del pasado, &quot;una fase&quot;. La artista, que act\u00faa ma\u00f1ana en el Palacio Vistalegre de Madrid, pone todos los puntos a las \u00edes y a las jotas de su nombre\" \/>\n\t\t<meta name=\"twitter:image\" content=\"https:\/\/eldigitaldeasturias.com\/magazine365\/wp-content\/uploads\/2014\/05\/6316860w.jpg\" \/>\n\t\t<script type=\"application\/ld+json\" class=\"aioseo-schema\">\n\t\t\t{\"@context\":\"https:\\\/\\\/schema.org\",\"@graph\":[{\"@type\":\"Article\",\"@id\":\"https:\\\/\\\/eldigitaldeasturias.com\\\/magazine365\\\/jessie-j-no-quiere-que-su-sexualidad-la-defina-mas\\\/#article\",\"name\":\"Jessie J no quiere que su sexualidad la defina m\\u00e1s | El Digital de Asturias\",\"headline\":\"Jessie J no quiere que su sexualidad la defina m\\u00e1s\",\"author\":{\"@id\":\"https:\\\/\\\/eldigitaldeasturias.com\\\/magazine365\\\/author\\\/admin\\\/#author\"},\"publisher\":{\"@id\":\"https:\\\/\\\/eldigitaldeasturias.com\\\/magazine365\\\/#organization\"},\"image\":{\"@type\":\"ImageObject\",\"url\":\"https:\\\/\\\/eldigitaldeasturias.com\\\/magazine365\\\/wp-content\\\/uploads\\\/2014\\\/05\\\/6316860w.jpg\",\"width\":700,\"height\":1050},\"datePublished\":\"2014-05-30T11:40:01+02:00\",\"dateModified\":\"2014-05-30T11:40:01+02:00\",\"inLanguage\":\"es-ES\",\"mainEntityOfPage\":{\"@id\":\"https:\\\/\\\/eldigitaldeasturias.com\\\/magazine365\\\/jessie-j-no-quiere-que-su-sexualidad-la-defina-mas\\\/#webpage\"},\"isPartOf\":{\"@id\":\"https:\\\/\\\/eldigitaldeasturias.com\\\/magazine365\\\/jessie-j-no-quiere-que-su-sexualidad-la-defina-mas\\\/#webpage\"},\"articleSection\":\"Noticias y Actualidad\"},{\"@type\":\"BreadcrumbList\",\"@id\":\"https:\\\/\\\/eldigitaldeasturias.com\\\/magazine365\\\/jessie-j-no-quiere-que-su-sexualidad-la-defina-mas\\\/#breadcrumblist\",\"itemListElement\":[{\"@type\":\"ListItem\",\"@id\":\"https:\\\/\\\/eldigitaldeasturias.com\\\/magazine365#listItem\",\"position\":1,\"name\":\"Home\",\"item\":\"https:\\\/\\\/eldigitaldeasturias.com\\\/magazine365\",\"nextItem\":{\"@type\":\"ListItem\",\"@id\":\"https:\\\/\\\/eldigitaldeasturias.com\\\/magazine365\\\/category\\\/noticias-actualidad\\\/#listItem\",\"name\":\"Noticias y Actualidad\"}},{\"@type\":\"ListItem\",\"@id\":\"https:\\\/\\\/eldigitaldeasturias.com\\\/magazine365\\\/category\\\/noticias-actualidad\\\/#listItem\",\"position\":2,\"name\":\"Noticias y Actualidad\",\"item\":\"https:\\\/\\\/eldigitaldeasturias.com\\\/magazine365\\\/category\\\/noticias-actualidad\\\/\",\"nextItem\":{\"@type\":\"ListItem\",\"@id\":\"https:\\\/\\\/eldigitaldeasturias.com\\\/magazine365\\\/jessie-j-no-quiere-que-su-sexualidad-la-defina-mas\\\/#listItem\",\"name\":\"Jessie J no quiere que su sexualidad la defina m\\u00e1s\"},\"previousItem\":{\"@type\":\"ListItem\",\"@id\":\"https:\\\/\\\/eldigitaldeasturias.com\\\/magazine365#listItem\",\"name\":\"Home\"}},{\"@type\":\"ListItem\",\"@id\":\"https:\\\/\\\/eldigitaldeasturias.com\\\/magazine365\\\/jessie-j-no-quiere-que-su-sexualidad-la-defina-mas\\\/#listItem\",\"position\":3,\"name\":\"Jessie J no quiere que su sexualidad la defina m\\u00e1s\",\"previousItem\":{\"@type\":\"ListItem\",\"@id\":\"https:\\\/\\\/eldigitaldeasturias.com\\\/magazine365\\\/category\\\/noticias-actualidad\\\/#listItem\",\"name\":\"Noticias y Actualidad\"}}]},{\"@type\":\"Organization\",\"@id\":\"https:\\\/\\\/eldigitaldeasturias.com\\\/magazine365\\\/#organization\",\"name\":\"El digital de Asturias\",\"description\":\"Revista de ocio, turismo y estilo de vida\",\"url\":\"https:\\\/\\\/eldigitaldeasturias.com\\\/magazine365\\\/\",\"logo\":{\"@type\":\"ImageObject\",\"url\":\"https:\\\/\\\/www.eldigitaldeasturias.com\\\/noticias\\\/wp-content\\\/uploads\\\/2020\\\/12\\\/EDA.jpg\",\"@id\":\"https:\\\/\\\/eldigitaldeasturias.com\\\/magazine365\\\/jessie-j-no-quiere-que-su-sexualidad-la-defina-mas\\\/#organizationLogo\"},\"image\":{\"@id\":\"https:\\\/\\\/eldigitaldeasturias.com\\\/magazine365\\\/jessie-j-no-quiere-que-su-sexualidad-la-defina-mas\\\/#organizationLogo\"}},{\"@type\":\"Person\",\"@id\":\"https:\\\/\\\/eldigitaldeasturias.com\\\/magazine365\\\/author\\\/admin\\\/#author\",\"url\":\"https:\\\/\\\/eldigitaldeasturias.com\\\/magazine365\\\/author\\\/admin\\\/\",\"name\":\"admin\",\"image\":{\"@type\":\"ImageObject\",\"@id\":\"https:\\\/\\\/eldigitaldeasturias.com\\\/magazine365\\\/jessie-j-no-quiere-que-su-sexualidad-la-defina-mas\\\/#authorImage\",\"url\":\"https:\\\/\\\/eldigitaldeasturias.com\\\/magazine365\\\/wp-content\\\/litespeed\\\/avatar\\\/e571bcf59a0edd6fa6838245a470f2fe.jpg?ver=1777574230\",\"width\":96,\"height\":96,\"caption\":\"admin\"}},{\"@type\":\"WebPage\",\"@id\":\"https:\\\/\\\/eldigitaldeasturias.com\\\/magazine365\\\/jessie-j-no-quiere-que-su-sexualidad-la-defina-mas\\\/#webpage\",\"url\":\"https:\\\/\\\/eldigitaldeasturias.com\\\/magazine365\\\/jessie-j-no-quiere-que-su-sexualidad-la-defina-mas\\\/\",\"name\":\"Jessie J no quiere que su sexualidad la defina m\\u00e1s | El Digital de Asturias\",\"description\":\"Madrid, 30 may (EFE).- Y lleg\\u00f3 un d\\u00eda en que la cantante Jessie J, supuesta bisexual confesa, coment\\u00f3 que sus experiencias con otras mujeres eran parte del pasado, \\\"una fase\\\". La artista, que act\\u00faa ma\\u00f1ana en el Palacio Vistalegre de Madrid, pone todos los puntos a las \\u00edes y a las jotas de su nombre\",\"inLanguage\":\"es-ES\",\"isPartOf\":{\"@id\":\"https:\\\/\\\/eldigitaldeasturias.com\\\/magazine365\\\/#website\"},\"breadcrumb\":{\"@id\":\"https:\\\/\\\/eldigitaldeasturias.com\\\/magazine365\\\/jessie-j-no-quiere-que-su-sexualidad-la-defina-mas\\\/#breadcrumblist\"},\"author\":{\"@id\":\"https:\\\/\\\/eldigitaldeasturias.com\\\/magazine365\\\/author\\\/admin\\\/#author\"},\"creator\":{\"@id\":\"https:\\\/\\\/eldigitaldeasturias.com\\\/magazine365\\\/author\\\/admin\\\/#author\"},\"image\":{\"@type\":\"ImageObject\",\"url\":\"https:\\\/\\\/eldigitaldeasturias.com\\\/magazine365\\\/wp-content\\\/uploads\\\/2014\\\/05\\\/6316860w.jpg\",\"@id\":\"https:\\\/\\\/eldigitaldeasturias.com\\\/magazine365\\\/jessie-j-no-quiere-que-su-sexualidad-la-defina-mas\\\/#mainImage\",\"width\":700,\"height\":1050},\"primaryImageOfPage\":{\"@id\":\"https:\\\/\\\/eldigitaldeasturias.com\\\/magazine365\\\/jessie-j-no-quiere-que-su-sexualidad-la-defina-mas\\\/#mainImage\"},\"datePublished\":\"2014-05-30T11:40:01+02:00\",\"dateModified\":\"2014-05-30T11:40:01+02:00\"},{\"@type\":\"WebSite\",\"@id\":\"https:\\\/\\\/eldigitaldeasturias.com\\\/magazine365\\\/#website\",\"url\":\"https:\\\/\\\/eldigitaldeasturias.com\\\/magazine365\\\/\",\"name\":\"El Digital de Asturias\",\"description\":\"Revista de ocio, turismo y estilo de vida\",\"inLanguage\":\"es-ES\",\"publisher\":{\"@id\":\"https:\\\/\\\/eldigitaldeasturias.com\\\/magazine365\\\/#organization\"}}]}\n\t\t<\/script>\n\t\t<!-- All in One SEO Pro -->\r\n\t\t<title>Jessie J no quiere que su sexualidad la defina m\u00e1s | El Digital de Asturias<\/title>\n\n","aioseo_head_json":{"title":"Jessie J no quiere que su sexualidad la defina m\u00e1s | El Digital de Asturias","description":"Madrid, 30 may (EFE).- Y lleg\u00f3 un d\u00eda en que la cantante Jessie J, supuesta bisexual confesa, coment\u00f3 que sus experiencias con otras mujeres eran parte del pasado, \"una fase\". La artista, que act\u00faa ma\u00f1ana en el Palacio Vistalegre de Madrid, pone todos los puntos a las \u00edes y a las jotas de su nombre","canonical_url":"https:\/\/eldigitaldeasturias.com\/magazine365\/jessie-j-no-quiere-que-su-sexualidad-la-defina-mas\/","robots":"max-image-preview:large","keywords":"noticias y actualidad","webmasterTools":{"google-site-verification":"UA-38556648-1","miscellaneous":""},"schema":{"@context":"https:\/\/schema.org","@graph":[{"@type":"Article","@id":"https:\/\/eldigitaldeasturias.com\/magazine365\/jessie-j-no-quiere-que-su-sexualidad-la-defina-mas\/#article","name":"Jessie J no quiere que su sexualidad la defina m\u00e1s | El Digital de Asturias","headline":"Jessie J no quiere que su sexualidad la defina m\u00e1s","author":{"@id":"https:\/\/eldigitaldeasturias.com\/magazine365\/author\/admin\/#author"},"publisher":{"@id":"https:\/\/eldigitaldeasturias.com\/magazine365\/#organization"},"image":{"@type":"ImageObject","url":"https:\/\/eldigitaldeasturias.com\/magazine365\/wp-content\/uploads\/2014\/05\/6316860w.jpg","width":700,"height":1050},"datePublished":"2014-05-30T11:40:01+02:00","dateModified":"2014-05-30T11:40:01+02:00","inLanguage":"es-ES","mainEntityOfPage":{"@id":"https:\/\/eldigitaldeasturias.com\/magazine365\/jessie-j-no-quiere-que-su-sexualidad-la-defina-mas\/#webpage"},"isPartOf":{"@id":"https:\/\/eldigitaldeasturias.com\/magazine365\/jessie-j-no-quiere-que-su-sexualidad-la-defina-mas\/#webpage"},"articleSection":"Noticias y Actualidad"},{"@type":"BreadcrumbList","@id":"https:\/\/eldigitaldeasturias.com\/magazine365\/jessie-j-no-quiere-que-su-sexualidad-la-defina-mas\/#breadcrumblist","itemListElement":[{"@type":"ListItem","@id":"https:\/\/eldigitaldeasturias.com\/magazine365#listItem","position":1,"name":"Home","item":"https:\/\/eldigitaldeasturias.com\/magazine365","nextItem":{"@type":"ListItem","@id":"https:\/\/eldigitaldeasturias.com\/magazine365\/category\/noticias-actualidad\/#listItem","name":"Noticias y Actualidad"}},{"@type":"ListItem","@id":"https:\/\/eldigitaldeasturias.com\/magazine365\/category\/noticias-actualidad\/#listItem","position":2,"name":"Noticias y Actualidad","item":"https:\/\/eldigitaldeasturias.com\/magazine365\/category\/noticias-actualidad\/","nextItem":{"@type":"ListItem","@id":"https:\/\/eldigitaldeasturias.com\/magazine365\/jessie-j-no-quiere-que-su-sexualidad-la-defina-mas\/#listItem","name":"Jessie J no quiere que su sexualidad la defina m\u00e1s"},"previousItem":{"@type":"ListItem","@id":"https:\/\/eldigitaldeasturias.com\/magazine365#listItem","name":"Home"}},{"@type":"ListItem","@id":"https:\/\/eldigitaldeasturias.com\/magazine365\/jessie-j-no-quiere-que-su-sexualidad-la-defina-mas\/#listItem","position":3,"name":"Jessie J no quiere que su sexualidad la defina m\u00e1s","previousItem":{"@type":"ListItem","@id":"https:\/\/eldigitaldeasturias.com\/magazine365\/category\/noticias-actualidad\/#listItem","name":"Noticias y Actualidad"}}]},{"@type":"Organization","@id":"https:\/\/eldigitaldeasturias.com\/magazine365\/#organization","name":"El digital de Asturias","description":"Revista de ocio, turismo y estilo de vida","url":"https:\/\/eldigitaldeasturias.com\/magazine365\/","logo":{"@type":"ImageObject","url":"https:\/\/www.eldigitaldeasturias.com\/noticias\/wp-content\/uploads\/2020\/12\/EDA.jpg","@id":"https:\/\/eldigitaldeasturias.com\/magazine365\/jessie-j-no-quiere-que-su-sexualidad-la-defina-mas\/#organizationLogo"},"image":{"@id":"https:\/\/eldigitaldeasturias.com\/magazine365\/jessie-j-no-quiere-que-su-sexualidad-la-defina-mas\/#organizationLogo"}},{"@type":"Person","@id":"https:\/\/eldigitaldeasturias.com\/magazine365\/author\/admin\/#author","url":"https:\/\/eldigitaldeasturias.com\/magazine365\/author\/admin\/","name":"admin","image":{"@type":"ImageObject","@id":"https:\/\/eldigitaldeasturias.com\/magazine365\/jessie-j-no-quiere-que-su-sexualidad-la-defina-mas\/#authorImage","url":"https:\/\/eldigitaldeasturias.com\/magazine365\/wp-content\/litespeed\/avatar\/e571bcf59a0edd6fa6838245a470f2fe.jpg?ver=1777574230","width":96,"height":96,"caption":"admin"}},{"@type":"WebPage","@id":"https:\/\/eldigitaldeasturias.com\/magazine365\/jessie-j-no-quiere-que-su-sexualidad-la-defina-mas\/#webpage","url":"https:\/\/eldigitaldeasturias.com\/magazine365\/jessie-j-no-quiere-que-su-sexualidad-la-defina-mas\/","name":"Jessie J no quiere que su sexualidad la defina m\u00e1s | El Digital de Asturias","description":"Madrid, 30 may (EFE).- Y lleg\u00f3 un d\u00eda en que la cantante Jessie J, supuesta bisexual confesa, coment\u00f3 que sus experiencias con otras mujeres eran parte del pasado, \"una fase\". La artista, que act\u00faa ma\u00f1ana en el Palacio Vistalegre de Madrid, pone todos los puntos a las \u00edes y a las jotas de su nombre","inLanguage":"es-ES","isPartOf":{"@id":"https:\/\/eldigitaldeasturias.com\/magazine365\/#website"},"breadcrumb":{"@id":"https:\/\/eldigitaldeasturias.com\/magazine365\/jessie-j-no-quiere-que-su-sexualidad-la-defina-mas\/#breadcrumblist"},"author":{"@id":"https:\/\/eldigitaldeasturias.com\/magazine365\/author\/admin\/#author"},"creator":{"@id":"https:\/\/eldigitaldeasturias.com\/magazine365\/author\/admin\/#author"},"image":{"@type":"ImageObject","url":"https:\/\/eldigitaldeasturias.com\/magazine365\/wp-content\/uploads\/2014\/05\/6316860w.jpg","@id":"https:\/\/eldigitaldeasturias.com\/magazine365\/jessie-j-no-quiere-que-su-sexualidad-la-defina-mas\/#mainImage","width":700,"height":1050},"primaryImageOfPage":{"@id":"https:\/\/eldigitaldeasturias.com\/magazine365\/jessie-j-no-quiere-que-su-sexualidad-la-defina-mas\/#mainImage"},"datePublished":"2014-05-30T11:40:01+02:00","dateModified":"2014-05-30T11:40:01+02:00"},{"@type":"WebSite","@id":"https:\/\/eldigitaldeasturias.com\/magazine365\/#website","url":"https:\/\/eldigitaldeasturias.com\/magazine365\/","name":"El Digital de Asturias","description":"Revista de ocio, turismo y estilo de vida","inLanguage":"es-ES","publisher":{"@id":"https:\/\/eldigitaldeasturias.com\/magazine365\/#organization"}}]},"og:locale":"es_ES","og:site_name":"El Digital de Asturias \u2013 Revista de ocio, turismo y estilo de vida","og:type":"article","og:title":"Jessie J no quiere que su sexualidad la defina m\u00e1s | El Digital de Asturias","og:description":"Madrid, 30 may (EFE).- Y lleg\u00f3 un d\u00eda en que la cantante Jessie J, supuesta bisexual confesa, coment\u00f3 que sus experiencias con otras mujeres eran parte del pasado, &quot;una fase&quot;. La artista, que act\u00faa ma\u00f1ana en el Palacio Vistalegre de Madrid, pone todos los puntos a las \u00edes y a las jotas de su nombre","og:url":"https:\/\/eldigitaldeasturias.com\/magazine365\/jessie-j-no-quiere-que-su-sexualidad-la-defina-mas\/","og:image":"https:\/\/eldigitaldeasturias.com\/magazine365\/wp-content\/uploads\/2014\/05\/6316860w.jpg","og:image:secure_url":"https:\/\/eldigitaldeasturias.com\/magazine365\/wp-content\/uploads\/2014\/05\/6316860w.jpg","og:image:width":700,"og:image:height":1050,"article:published_time":"2014-05-30T13:40:01+00:00","article:modified_time":"2014-05-30T13:40:01+00:00","twitter:card":"summary_large_image","twitter:title":"Jessie J no quiere que su sexualidad la defina m\u00e1s | El Digital de Asturias","twitter:description":"Madrid, 30 may (EFE).- Y lleg\u00f3 un d\u00eda en que la cantante Jessie J, supuesta bisexual confesa, coment\u00f3 que sus experiencias con otras mujeres eran parte del pasado, &quot;una fase&quot;. La artista, que act\u00faa ma\u00f1ana en el Palacio Vistalegre de Madrid, pone todos los puntos a las \u00edes y a las jotas de su nombre","twitter:image":"https:\/\/eldigitaldeasturias.com\/magazine365\/wp-content\/uploads\/2014\/05\/6316860w.jpg"},"aioseo_meta_data":{"post_id":"14461","title":null,"description":null,"keywords":null,"keyphrases":null,"primary_term":null,"canonical_url":null,"og_title":null,"og_description":null,"og_object_type":"default","og_image_type":"default","og_image_url":null,"og_image_width":null,"og_image_height":null,"og_image_custom_url":null,"og_image_custom_fields":null,"og_video":null,"og_custom_url":null,"og_article_section":null,"og_article_tags":null,"twitter_use_og":false,"twitter_card":"default","twitter_image_type":"default","twitter_image_url":null,"twitter_image_custom_url":null,"twitter_image_custom_fields":null,"twitter_title":null,"twitter_description":null,"schema":{"blockGraphs":[],"customGraphs":[],"default":{"data":{"Article":[],"Course":[],"Dataset":[],"FAQPage":[],"Movie":[],"Person":[],"Product":[],"ProductReview":[],"Car":[],"Recipe":[],"Service":[],"SoftwareApplication":[],"WebPage":[]},"graphName":"","isEnabled":true},"graphs":[],"defaultGraph":"","defaultPostTypeGraph":""},"schema_type":null,"schema_type_options":null,"pillar_content":false,"robots_default":true,"robots_noindex":false,"robots_noarchive":false,"robots_nosnippet":false,"robots_nofollow":false,"robots_noimageindex":false,"robots_noodp":false,"robots_notranslate":false,"robots_max_snippet":null,"robots_max_videopreview":null,"robots_max_imagepreview":"large","priority":null,"frequency":null,"location":null,"local_seo":null,"seo_analyzer_scan_date":"2025-09-17 10:10:00","breadcrumb_settings":null,"limit_modified_date":false,"open_ai":null,"ai":null,"created":"2021-03-09 08:14:49","updated":"2025-09-17 10:10:00"},"aioseo_breadcrumb":"<div class=\"aioseo-breadcrumbs\"><span class=\"aioseo-breadcrumb\">\n\t<a href=\"https:\/\/eldigitaldeasturias.com\/magazine365\" title=\"Home\">Home<\/a>\n<\/span><span class=\"aioseo-breadcrumb-separator\">\u2013<\/span><span class=\"aioseo-breadcrumb\">\n\t<a href=\"https:\/\/eldigitaldeasturias.com\/magazine365\/category\/noticias-actualidad\/\" title=\"Noticias y Actualidad\">Noticias y Actualidad<\/a>\n<\/span><span class=\"aioseo-breadcrumb-separator\">\u2013<\/span><span class=\"aioseo-breadcrumb\">\n\t<a href=\"https:\/\/eldigitaldeasturias.com\/magazine365\/jessie-j-no-quiere-que-su-sexualidad-la-defina-mas\/\" title=\"Jessie J no quiere que su sexualidad la defina m\u00e1s\">Jessie J no quiere que su sexualidad la defina m\u00e1s<\/a>\n<\/span><\/div>","aioseo_breadcrumb_json":[{"label":"Home","link":"https:\/\/eldigitaldeasturias.com\/magazine365"},{"label":"Noticias y Actualidad","link":"https:\/\/eldigitaldeasturias.com\/magazine365\/category\/noticias-actualidad\/"},{"label":"Jessie J no quiere que su sexualidad la defina m\u00e1s","link":"https:\/\/eldigitaldeasturias.com\/magazine365\/jessie-j-no-quiere-que-su-sexualidad-la-defina-mas\/"}],"_links":{"self":[{"href":"https:\/\/eldigitaldeasturias.com\/magazine365\/wp-json\/wp\/v2\/posts\/14461","targetHints":{"allow":["GET"]}}],"collection":[{"href":"https:\/\/eldigitaldeasturias.com\/magazine365\/wp-json\/wp\/v2\/posts"}],"about":[{"href":"https:\/\/eldigitaldeasturias.com\/magazine365\/wp-json\/wp\/v2\/types\/post"}],"author":[{"embeddable":true,"href":"https:\/\/eldigitaldeasturias.com\/magazine365\/wp-json\/wp\/v2\/users\/1"}],"replies":[{"embeddable":true,"href":"https:\/\/eldigitaldeasturias.com\/magazine365\/wp-json\/wp\/v2\/comments?post=14461"}],"version-history":[{"count":0,"href":"https:\/\/eldigitaldeasturias.com\/magazine365\/wp-json\/wp\/v2\/posts\/14461\/revisions"}],"wp:featuredmedia":[{"embeddable":true,"href":"https:\/\/eldigitaldeasturias.com\/magazine365\/wp-json\/wp\/v2\/media\/14462"}],"wp:attachment":[{"href":"https:\/\/eldigitaldeasturias.com\/magazine365\/wp-json\/wp\/v2\/media?parent=14461"}],"wp:term":[{"taxonomy":"category","embeddable":true,"href":"https:\/\/eldigitaldeasturias.com\/magazine365\/wp-json\/wp\/v2\/categories?post=14461"},{"taxonomy":"post_tag","embeddable":true,"href":"https:\/\/eldigitaldeasturias.com\/magazine365\/wp-json\/wp\/v2\/tags?post=14461"}],"curies":[{"name":"wp","href":"https:\/\/api.w.org\/{rel}","templated":true}]}}