{"id":14455,"date":"2014-05-30T09:19:06","date_gmt":"2014-05-30T11:19:06","guid":{"rendered":"http:\/\/eldigitaldeasturias.com\/magazine365\/?p=14455"},"modified":"2014-05-30T09:19:06","modified_gmt":"2014-05-30T11:19:06","slug":"cosmetica-antiedad-la-democratica-herramienta-que-ralentiza-el-tiempo","status":"publish","type":"post","link":"https:\/\/eldigitaldeasturias.com\/magazine365\/cosmetica-antiedad-la-democratica-herramienta-que-ralentiza-el-tiempo\/","title":{"rendered":"Cosm\u00e9tica antiedad, la democr\u00e1tica herramienta que ralentiza el tiempo"},"content":{"rendered":"<p><img fetchpriority=\"high\" decoding=\"async\" class=\"alignleft size-medium wp-image-14456\" alt=\"6316720w\" src=\"https:\/\/eldigitaldeasturias.com\/magazine365\/wp-content\/uploads\/2014\/05\/6316720w-360x229.jpg\" width=\"360\" height=\"229\" \/>Madrid, 30 may (EFE).- La cosm\u00e9tica antiedad se ha convertido en la herramienta m\u00e1s democr\u00e1tica que ralentiza el reloj biol\u00f3gico, gracias a la investigaci\u00f3n y el desarrollo de nuevas f\u00f3rmulas. S\u00f3lo en Espa\u00f1a se abre un abanico de 450 productos, testados para todo tipo de pieles y pensados para todos los bolsillos.<\/p>\n<p>\u00abHay que acercarse a la cosm\u00e9tica antienvejecimiento muy confiados, sin miedo\u00bb, ha dicho la directora de la Asociaci\u00f3n Nacional de Perfumer\u00eda y Cosm\u00e9tica (Stanpa), Val D\u00edez, una de las asistentes al primer desayuno informativo \u00abConversaciones con la belleza\u00bb, organizado por Efe Estilo.<\/p>\n<p>Es m\u00e1s, \u00abla seguridad y la eficacia de los cosm\u00e9ticos antiedad est\u00e1n garantizadas. Todos sus ingredientes llevan un control de calidad exhaustivo, avalado por las autoridades sanitarias de la UE\u00bb, explica Carmen Esteban, directora cient\u00edfica de Stanpa.<\/p>\n<p>Esteban puntualiza que las compa\u00f1\u00edas que comercializan cremas antiarrugas llevan a cabo \u00abensayos de eficacia con arreglo a ensayos normalizados, existiendo equipos y tecnolog\u00edas suficientes para demostrar la acci\u00f3n reivindicada por los productos, tal y como exige la ley\u00bb.<\/p>\n<p>Seg\u00fan la dermat\u00f3loga Elia Ro\u00f3, la efectividad del producto no est\u00e1 siempre relacionada con el precio y, en este sentido, justifica el alto coste de algunas f\u00f3rmulas por la inversi\u00f3n en tecnolog\u00eda e investigaci\u00f3n, en las que intervienen bi\u00f3logos, qu\u00edmicos y matem\u00e1ticos.<\/p>\n<p>Una inversi\u00f3n que se rentabiliza. Con el tiempo, \u00abesas f\u00f3rmulas ceden el paso a otras l\u00edneas cosm\u00e9ticas m\u00e1s econ\u00f3micas\u00bb, explica la directora cient\u00edfica y t\u00e9cnica de L&#8217;Or\u00e9al Espa\u00f1a, Cristina Biurrun.<\/p>\n<p>Al hilo de la informaci\u00f3n difundida por la OCU a partir de los resultados de un estudio que analiza 14 cremas antiarrugas y que pone en duda la eficacia de estos productos, la Asociaci\u00f3n Nacional de Perfumer\u00eda y Cosm\u00e9tica (Stanpa) defiende la \u00abeficacia\u00bb de estos cosm\u00e9ticos, as\u00ed como \u00abla rigurosidad con la que las compa\u00f1\u00edas los elaboran y ponen en el mercado\u00bb.<\/p>\n<p>Seg\u00fan Stanpa, los an\u00e1lisis de los productos cosm\u00e9ticos, que hacen laboratorios independientes, son \u00abmuy rigurosos\u00bb, por lo que los consumidores \u00abpueden confiar\u00bb en su eficacia.<\/p>\n<p>\u00abEl ser humano est\u00e1 dise\u00f1ado para envejecer\u00bb, asegura la dermat\u00f3loga Ro\u00f3. Un proceso biol\u00f3gico en el que, adem\u00e1s de intervenir el factor gen\u00e9tico, influyen los ambientales y los h\u00e1bitos de vida poco saludables, responsables de acelerar el envejecimiento.<\/p>\n<p>El espejo es el term\u00f3metro que delata el estado de la piel. \u00abAunque muchos desean la eterna juventud, lo ideal es envejecer con dignidad; eso s\u00ed, con matices y recurriendo a las bondades de la cosm\u00e9tica para difuminar arrugas o potenciar la luminosidad\u00bb, expresa la directora de Investigaci\u00f3n y Desarrollo de los laboratorios Alter, Marisa Crespo Arcilla.<\/p>\n<p>Tras ese examen ante el espejo, no hay frivolidad sino salud. \u00abLa piel es nuestro \u00f3rgano protector. Sentirnos bien ayuda a mejorar el confort de la piel y favorece el bienestar emocional\u00bb, asegura Biurrun.<\/p>\n<p>Si hace a\u00f1os el retinol, el col\u00e1geno y el \u00e1cido hialur\u00f3nico eran los soldados que combat\u00edan el envejecimiento, \u00abhoy los laboratorios trabajan en la combinaci\u00f3n de estos mismos principios activos, pero con un matiz, reducir su tama\u00f1o molecular para que el producto penetre mejor en la piel\u00bb, detalla la investigadora Crespo.<\/p>\n<p>Los laboratorios, en ocasiones en colaboraci\u00f3n con las universidades, se afanan en lograr las f\u00f3rmulas de futuro que satisfagan las necesidades de los consumidores, \u00abquienes saben perfectamente lo que desean y buscan la eficacia de cada f\u00f3rmula\u00bb, explica la directora de Investigaci\u00f3n de L&#8217;Or\u00e9al Espa\u00f1a, Biurrun.<\/p>\n<p>Teniendo en cuenta que la piel tiene memoria, su cuidado y mimo requiere mucha constancia. La limpieza y la hidrataci\u00f3n diaria, ma\u00f1ana y noche, la exfoliaci\u00f3n semanal y una protecci\u00f3n solar inteligente son los principales mandamientos.<\/p>\n<p>Postulados que se deben cumplir con rigor hasta que la propia dermis pida productos con etiqueta \u00abantiedad\u00bb, una demanda que sobre todo depender\u00e1 de la gen\u00e9tica, la gesticulaci\u00f3n facial y la agresi\u00f3n solar y medioambiental.<\/p>\n<p>La prevenci\u00f3n, la protecci\u00f3n y la correcci\u00f3n determinan la salud de la dermis. A medida que se cumplen a\u00f1os, la piel evoluciona y demanda nuevos nutrientes que se adec\u00faen a su estado.<\/p>\n<p>\u00abNo es recomendable utilizar la misma crema a los 30, los 40 y a los 60. La evoluci\u00f3n de la piel y sus necesidades conducen a la inevitable infidelidad cosm\u00e9tica\u00bb, advierte la dermat\u00f3loga.<\/p>\n<p>Si solo se habla de belleza, \u00aba los hombres y las mujeres espa\u00f1olas lo que m\u00e1s les preocupa es el cuidado de la piel del rostro\u00bb, detalla Carmen Esteban, quien asegura que esta prioridad sobre la piel se antepone al uso del maquillaje y del perfume, con una cifra de consumo de hidratantes que alcanza los 1.760 millones de euros.<\/p>\n<p>Y esos buenos h\u00e1bitos, junto con el prestigio y la calidad de la cosm\u00e9tica nacional, \u00abnos ha llevado a alzarnos al sexto lugar en el &#8216;ranking&#8217; mundial en la exportaci\u00f3n de productos\u00bb, concluye la directora de Stanpa.<\/p>\n<p>Inma Tapia y Carmen Mart\u00edn.<\/p>\n","protected":false},"excerpt":{"rendered":"<p>Madrid, 30 may (EFE).- La cosm\u00e9tica antiedad se ha convertido en la herramienta m\u00e1s democr\u00e1tica que ralentiza el reloj biol\u00f3gico, gracias a la investigaci\u00f3n y el desarrollo de nuevas f\u00f3rmulas. S\u00f3lo en Espa\u00f1a se abre un abanico de 450 productos, testados para todo tipo de pieles y pensados para todos los bolsillos. \u00abHay que acercarse<\/p>\n","protected":false},"author":1,"featured_media":14456,"comment_status":"open","ping_status":"closed","sticky":false,"template":"","format":"standard","meta":{"footnotes":""},"categories":[224],"tags":[],"class_list":{"0":"post-14455","1":"post","2":"type-post","3":"status-publish","4":"format-standard","5":"has-post-thumbnail","7":"category-noticias-actualidad"},"aioseo_notices":[],"aioseo_head":"\n\t\t<!-- All in One SEO Pro 4.9.6.1 - aioseo.com -->\n\t<meta name=\"description\" content=\"Madrid, 30 may (EFE).- La cosm\u00e9tica antiedad se ha convertido en la herramienta m\u00e1s democr\u00e1tica que ralentiza el reloj biol\u00f3gico, gracias a la investigaci\u00f3n y el desarrollo de nuevas f\u00f3rmulas. S\u00f3lo en Espa\u00f1a se abre un abanico de 450 productos, testados para todo tipo de pieles y pensados para todos los bolsillos. &quot;Hay que acercarse\" \/>\n\t<meta name=\"robots\" content=\"max-image-preview:large\" \/>\n\t<meta name=\"author\" content=\"admin\"\/>\n\t<meta name=\"google-site-verification\" content=\"UA-38556648-1\" \/>\n\t<meta name=\"keywords\" content=\"noticias y actualidad\" \/>\n\t<link rel=\"canonical\" href=\"https:\/\/eldigitaldeasturias.com\/magazine365\/cosmetica-antiedad-la-democratica-herramienta-que-ralentiza-el-tiempo\/\" \/>\n\t<meta name=\"generator\" content=\"All in One SEO Pro (AIOSEO) 4.9.6.1\" \/>\n\t\t<meta property=\"og:locale\" content=\"es_ES\" \/>\n\t\t<meta property=\"og:site_name\" content=\"El Digital de Asturias \u2013 Revista de ocio, turismo y estilo de vida\" \/>\n\t\t<meta property=\"og:type\" content=\"article\" \/>\n\t\t<meta property=\"og:title\" content=\"Cosm\u00e9tica antiedad, la democr\u00e1tica herramienta que ralentiza el tiempo | El Digital de Asturias\" \/>\n\t\t<meta property=\"og:description\" content=\"Madrid, 30 may (EFE).- La cosm\u00e9tica antiedad se ha convertido en la herramienta m\u00e1s democr\u00e1tica que ralentiza el reloj biol\u00f3gico, gracias a la investigaci\u00f3n y el desarrollo de nuevas f\u00f3rmulas. S\u00f3lo en Espa\u00f1a se abre un abanico de 450 productos, testados para todo tipo de pieles y pensados para todos los bolsillos. &quot;Hay que acercarse\" \/>\n\t\t<meta property=\"og:url\" content=\"https:\/\/eldigitaldeasturias.com\/magazine365\/cosmetica-antiedad-la-democratica-herramienta-que-ralentiza-el-tiempo\/\" \/>\n\t\t<meta property=\"og:image\" content=\"https:\/\/eldigitaldeasturias.com\/magazine365\/wp-content\/uploads\/2014\/05\/6316720w.jpg\" \/>\n\t\t<meta property=\"og:image:secure_url\" content=\"https:\/\/eldigitaldeasturias.com\/magazine365\/wp-content\/uploads\/2014\/05\/6316720w.jpg\" \/>\n\t\t<meta property=\"og:image:width\" content=\"800\" \/>\n\t\t<meta property=\"og:image:height\" content=\"511\" \/>\n\t\t<meta property=\"article:published_time\" content=\"2014-05-30T11:19:06+00:00\" \/>\n\t\t<meta property=\"article:modified_time\" content=\"2014-05-30T11:19:06+00:00\" \/>\n\t\t<meta name=\"twitter:card\" content=\"summary_large_image\" \/>\n\t\t<meta name=\"twitter:title\" content=\"Cosm\u00e9tica antiedad, la democr\u00e1tica herramienta que ralentiza el tiempo | El Digital de Asturias\" \/>\n\t\t<meta name=\"twitter:description\" content=\"Madrid, 30 may (EFE).- La cosm\u00e9tica antiedad se ha convertido en la herramienta m\u00e1s democr\u00e1tica que ralentiza el reloj biol\u00f3gico, gracias a la investigaci\u00f3n y el desarrollo de nuevas f\u00f3rmulas. S\u00f3lo en Espa\u00f1a se abre un abanico de 450 productos, testados para todo tipo de pieles y pensados para todos los bolsillos. &quot;Hay que acercarse\" \/>\n\t\t<meta name=\"twitter:image\" content=\"https:\/\/eldigitaldeasturias.com\/magazine365\/wp-content\/uploads\/2014\/05\/6316720w.jpg\" \/>\n\t\t<script type=\"application\/ld+json\" class=\"aioseo-schema\">\n\t\t\t{\"@context\":\"https:\\\/\\\/schema.org\",\"@graph\":[{\"@type\":\"Article\",\"@id\":\"https:\\\/\\\/eldigitaldeasturias.com\\\/magazine365\\\/cosmetica-antiedad-la-democratica-herramienta-que-ralentiza-el-tiempo\\\/#article\",\"name\":\"Cosm\\u00e9tica antiedad, la democr\\u00e1tica herramienta que ralentiza el tiempo | El Digital de Asturias\",\"headline\":\"Cosm\\u00e9tica antiedad, la democr\\u00e1tica herramienta que ralentiza el tiempo\",\"author\":{\"@id\":\"https:\\\/\\\/eldigitaldeasturias.com\\\/magazine365\\\/author\\\/admin\\\/#author\"},\"publisher\":{\"@id\":\"https:\\\/\\\/eldigitaldeasturias.com\\\/magazine365\\\/#organization\"},\"image\":{\"@type\":\"ImageObject\",\"url\":\"https:\\\/\\\/eldigitaldeasturias.com\\\/magazine365\\\/wp-content\\\/uploads\\\/2014\\\/05\\\/6316720w.jpg\",\"width\":800,\"height\":511},\"datePublished\":\"2014-05-30T09:19:06+02:00\",\"dateModified\":\"2014-05-30T09:19:06+02:00\",\"inLanguage\":\"es-ES\",\"mainEntityOfPage\":{\"@id\":\"https:\\\/\\\/eldigitaldeasturias.com\\\/magazine365\\\/cosmetica-antiedad-la-democratica-herramienta-que-ralentiza-el-tiempo\\\/#webpage\"},\"isPartOf\":{\"@id\":\"https:\\\/\\\/eldigitaldeasturias.com\\\/magazine365\\\/cosmetica-antiedad-la-democratica-herramienta-que-ralentiza-el-tiempo\\\/#webpage\"},\"articleSection\":\"Noticias y Actualidad\"},{\"@type\":\"BreadcrumbList\",\"@id\":\"https:\\\/\\\/eldigitaldeasturias.com\\\/magazine365\\\/cosmetica-antiedad-la-democratica-herramienta-que-ralentiza-el-tiempo\\\/#breadcrumblist\",\"itemListElement\":[{\"@type\":\"ListItem\",\"@id\":\"https:\\\/\\\/eldigitaldeasturias.com\\\/magazine365#listItem\",\"position\":1,\"name\":\"Home\",\"item\":\"https:\\\/\\\/eldigitaldeasturias.com\\\/magazine365\",\"nextItem\":{\"@type\":\"ListItem\",\"@id\":\"https:\\\/\\\/eldigitaldeasturias.com\\\/magazine365\\\/category\\\/noticias-actualidad\\\/#listItem\",\"name\":\"Noticias y Actualidad\"}},{\"@type\":\"ListItem\",\"@id\":\"https:\\\/\\\/eldigitaldeasturias.com\\\/magazine365\\\/category\\\/noticias-actualidad\\\/#listItem\",\"position\":2,\"name\":\"Noticias y Actualidad\",\"item\":\"https:\\\/\\\/eldigitaldeasturias.com\\\/magazine365\\\/category\\\/noticias-actualidad\\\/\",\"nextItem\":{\"@type\":\"ListItem\",\"@id\":\"https:\\\/\\\/eldigitaldeasturias.com\\\/magazine365\\\/cosmetica-antiedad-la-democratica-herramienta-que-ralentiza-el-tiempo\\\/#listItem\",\"name\":\"Cosm\\u00e9tica antiedad, la democr\\u00e1tica herramienta que ralentiza el tiempo\"},\"previousItem\":{\"@type\":\"ListItem\",\"@id\":\"https:\\\/\\\/eldigitaldeasturias.com\\\/magazine365#listItem\",\"name\":\"Home\"}},{\"@type\":\"ListItem\",\"@id\":\"https:\\\/\\\/eldigitaldeasturias.com\\\/magazine365\\\/cosmetica-antiedad-la-democratica-herramienta-que-ralentiza-el-tiempo\\\/#listItem\",\"position\":3,\"name\":\"Cosm\\u00e9tica antiedad, la democr\\u00e1tica herramienta que ralentiza el tiempo\",\"previousItem\":{\"@type\":\"ListItem\",\"@id\":\"https:\\\/\\\/eldigitaldeasturias.com\\\/magazine365\\\/category\\\/noticias-actualidad\\\/#listItem\",\"name\":\"Noticias y Actualidad\"}}]},{\"@type\":\"Organization\",\"@id\":\"https:\\\/\\\/eldigitaldeasturias.com\\\/magazine365\\\/#organization\",\"name\":\"El digital de Asturias\",\"description\":\"Revista de ocio, turismo y estilo de vida\",\"url\":\"https:\\\/\\\/eldigitaldeasturias.com\\\/magazine365\\\/\",\"logo\":{\"@type\":\"ImageObject\",\"url\":\"https:\\\/\\\/www.eldigitaldeasturias.com\\\/noticias\\\/wp-content\\\/uploads\\\/2020\\\/12\\\/EDA.jpg\",\"@id\":\"https:\\\/\\\/eldigitaldeasturias.com\\\/magazine365\\\/cosmetica-antiedad-la-democratica-herramienta-que-ralentiza-el-tiempo\\\/#organizationLogo\"},\"image\":{\"@id\":\"https:\\\/\\\/eldigitaldeasturias.com\\\/magazine365\\\/cosmetica-antiedad-la-democratica-herramienta-que-ralentiza-el-tiempo\\\/#organizationLogo\"}},{\"@type\":\"Person\",\"@id\":\"https:\\\/\\\/eldigitaldeasturias.com\\\/magazine365\\\/author\\\/admin\\\/#author\",\"url\":\"https:\\\/\\\/eldigitaldeasturias.com\\\/magazine365\\\/author\\\/admin\\\/\",\"name\":\"admin\",\"image\":{\"@type\":\"ImageObject\",\"@id\":\"https:\\\/\\\/eldigitaldeasturias.com\\\/magazine365\\\/cosmetica-antiedad-la-democratica-herramienta-que-ralentiza-el-tiempo\\\/#authorImage\",\"url\":\"https:\\\/\\\/eldigitaldeasturias.com\\\/magazine365\\\/wp-content\\\/litespeed\\\/avatar\\\/e571bcf59a0edd6fa6838245a470f2fe.jpg?ver=1777574230\",\"width\":96,\"height\":96,\"caption\":\"admin\"}},{\"@type\":\"WebPage\",\"@id\":\"https:\\\/\\\/eldigitaldeasturias.com\\\/magazine365\\\/cosmetica-antiedad-la-democratica-herramienta-que-ralentiza-el-tiempo\\\/#webpage\",\"url\":\"https:\\\/\\\/eldigitaldeasturias.com\\\/magazine365\\\/cosmetica-antiedad-la-democratica-herramienta-que-ralentiza-el-tiempo\\\/\",\"name\":\"Cosm\\u00e9tica antiedad, la democr\\u00e1tica herramienta que ralentiza el tiempo | El Digital de Asturias\",\"description\":\"Madrid, 30 may (EFE).- La cosm\\u00e9tica antiedad se ha convertido en la herramienta m\\u00e1s democr\\u00e1tica que ralentiza el reloj biol\\u00f3gico, gracias a la investigaci\\u00f3n y el desarrollo de nuevas f\\u00f3rmulas. S\\u00f3lo en Espa\\u00f1a se abre un abanico de 450 productos, testados para todo tipo de pieles y pensados para todos los bolsillos. \\\"Hay que acercarse\",\"inLanguage\":\"es-ES\",\"isPartOf\":{\"@id\":\"https:\\\/\\\/eldigitaldeasturias.com\\\/magazine365\\\/#website\"},\"breadcrumb\":{\"@id\":\"https:\\\/\\\/eldigitaldeasturias.com\\\/magazine365\\\/cosmetica-antiedad-la-democratica-herramienta-que-ralentiza-el-tiempo\\\/#breadcrumblist\"},\"author\":{\"@id\":\"https:\\\/\\\/eldigitaldeasturias.com\\\/magazine365\\\/author\\\/admin\\\/#author\"},\"creator\":{\"@id\":\"https:\\\/\\\/eldigitaldeasturias.com\\\/magazine365\\\/author\\\/admin\\\/#author\"},\"image\":{\"@type\":\"ImageObject\",\"url\":\"https:\\\/\\\/eldigitaldeasturias.com\\\/magazine365\\\/wp-content\\\/uploads\\\/2014\\\/05\\\/6316720w.jpg\",\"@id\":\"https:\\\/\\\/eldigitaldeasturias.com\\\/magazine365\\\/cosmetica-antiedad-la-democratica-herramienta-que-ralentiza-el-tiempo\\\/#mainImage\",\"width\":800,\"height\":511},\"primaryImageOfPage\":{\"@id\":\"https:\\\/\\\/eldigitaldeasturias.com\\\/magazine365\\\/cosmetica-antiedad-la-democratica-herramienta-que-ralentiza-el-tiempo\\\/#mainImage\"},\"datePublished\":\"2014-05-30T09:19:06+02:00\",\"dateModified\":\"2014-05-30T09:19:06+02:00\"},{\"@type\":\"WebSite\",\"@id\":\"https:\\\/\\\/eldigitaldeasturias.com\\\/magazine365\\\/#website\",\"url\":\"https:\\\/\\\/eldigitaldeasturias.com\\\/magazine365\\\/\",\"name\":\"El Digital de Asturias\",\"description\":\"Revista de ocio, turismo y estilo de vida\",\"inLanguage\":\"es-ES\",\"publisher\":{\"@id\":\"https:\\\/\\\/eldigitaldeasturias.com\\\/magazine365\\\/#organization\"}}]}\n\t\t<\/script>\n\t\t<!-- All in One SEO Pro -->\r\n\t\t<title>Cosm\u00e9tica antiedad, la democr\u00e1tica herramienta que ralentiza el tiempo | El Digital de Asturias<\/title>\n\n","aioseo_head_json":{"title":"Cosm\u00e9tica antiedad, la democr\u00e1tica herramienta que ralentiza el tiempo | El Digital de Asturias","description":"Madrid, 30 may (EFE).- La cosm\u00e9tica antiedad se ha convertido en la herramienta m\u00e1s democr\u00e1tica que ralentiza el reloj biol\u00f3gico, gracias a la investigaci\u00f3n y el desarrollo de nuevas f\u00f3rmulas. S\u00f3lo en Espa\u00f1a se abre un abanico de 450 productos, testados para todo tipo de pieles y pensados para todos los bolsillos. \"Hay que acercarse","canonical_url":"https:\/\/eldigitaldeasturias.com\/magazine365\/cosmetica-antiedad-la-democratica-herramienta-que-ralentiza-el-tiempo\/","robots":"max-image-preview:large","keywords":"noticias y actualidad","webmasterTools":{"google-site-verification":"UA-38556648-1","miscellaneous":""},"schema":{"@context":"https:\/\/schema.org","@graph":[{"@type":"Article","@id":"https:\/\/eldigitaldeasturias.com\/magazine365\/cosmetica-antiedad-la-democratica-herramienta-que-ralentiza-el-tiempo\/#article","name":"Cosm\u00e9tica antiedad, la democr\u00e1tica herramienta que ralentiza el tiempo | El Digital de Asturias","headline":"Cosm\u00e9tica antiedad, la democr\u00e1tica herramienta que ralentiza el tiempo","author":{"@id":"https:\/\/eldigitaldeasturias.com\/magazine365\/author\/admin\/#author"},"publisher":{"@id":"https:\/\/eldigitaldeasturias.com\/magazine365\/#organization"},"image":{"@type":"ImageObject","url":"https:\/\/eldigitaldeasturias.com\/magazine365\/wp-content\/uploads\/2014\/05\/6316720w.jpg","width":800,"height":511},"datePublished":"2014-05-30T09:19:06+02:00","dateModified":"2014-05-30T09:19:06+02:00","inLanguage":"es-ES","mainEntityOfPage":{"@id":"https:\/\/eldigitaldeasturias.com\/magazine365\/cosmetica-antiedad-la-democratica-herramienta-que-ralentiza-el-tiempo\/#webpage"},"isPartOf":{"@id":"https:\/\/eldigitaldeasturias.com\/magazine365\/cosmetica-antiedad-la-democratica-herramienta-que-ralentiza-el-tiempo\/#webpage"},"articleSection":"Noticias y Actualidad"},{"@type":"BreadcrumbList","@id":"https:\/\/eldigitaldeasturias.com\/magazine365\/cosmetica-antiedad-la-democratica-herramienta-que-ralentiza-el-tiempo\/#breadcrumblist","itemListElement":[{"@type":"ListItem","@id":"https:\/\/eldigitaldeasturias.com\/magazine365#listItem","position":1,"name":"Home","item":"https:\/\/eldigitaldeasturias.com\/magazine365","nextItem":{"@type":"ListItem","@id":"https:\/\/eldigitaldeasturias.com\/magazine365\/category\/noticias-actualidad\/#listItem","name":"Noticias y Actualidad"}},{"@type":"ListItem","@id":"https:\/\/eldigitaldeasturias.com\/magazine365\/category\/noticias-actualidad\/#listItem","position":2,"name":"Noticias y Actualidad","item":"https:\/\/eldigitaldeasturias.com\/magazine365\/category\/noticias-actualidad\/","nextItem":{"@type":"ListItem","@id":"https:\/\/eldigitaldeasturias.com\/magazine365\/cosmetica-antiedad-la-democratica-herramienta-que-ralentiza-el-tiempo\/#listItem","name":"Cosm\u00e9tica antiedad, la democr\u00e1tica herramienta que ralentiza el tiempo"},"previousItem":{"@type":"ListItem","@id":"https:\/\/eldigitaldeasturias.com\/magazine365#listItem","name":"Home"}},{"@type":"ListItem","@id":"https:\/\/eldigitaldeasturias.com\/magazine365\/cosmetica-antiedad-la-democratica-herramienta-que-ralentiza-el-tiempo\/#listItem","position":3,"name":"Cosm\u00e9tica antiedad, la democr\u00e1tica herramienta que ralentiza el tiempo","previousItem":{"@type":"ListItem","@id":"https:\/\/eldigitaldeasturias.com\/magazine365\/category\/noticias-actualidad\/#listItem","name":"Noticias y Actualidad"}}]},{"@type":"Organization","@id":"https:\/\/eldigitaldeasturias.com\/magazine365\/#organization","name":"El digital de Asturias","description":"Revista de ocio, turismo y estilo de vida","url":"https:\/\/eldigitaldeasturias.com\/magazine365\/","logo":{"@type":"ImageObject","url":"https:\/\/www.eldigitaldeasturias.com\/noticias\/wp-content\/uploads\/2020\/12\/EDA.jpg","@id":"https:\/\/eldigitaldeasturias.com\/magazine365\/cosmetica-antiedad-la-democratica-herramienta-que-ralentiza-el-tiempo\/#organizationLogo"},"image":{"@id":"https:\/\/eldigitaldeasturias.com\/magazine365\/cosmetica-antiedad-la-democratica-herramienta-que-ralentiza-el-tiempo\/#organizationLogo"}},{"@type":"Person","@id":"https:\/\/eldigitaldeasturias.com\/magazine365\/author\/admin\/#author","url":"https:\/\/eldigitaldeasturias.com\/magazine365\/author\/admin\/","name":"admin","image":{"@type":"ImageObject","@id":"https:\/\/eldigitaldeasturias.com\/magazine365\/cosmetica-antiedad-la-democratica-herramienta-que-ralentiza-el-tiempo\/#authorImage","url":"https:\/\/eldigitaldeasturias.com\/magazine365\/wp-content\/litespeed\/avatar\/e571bcf59a0edd6fa6838245a470f2fe.jpg?ver=1777574230","width":96,"height":96,"caption":"admin"}},{"@type":"WebPage","@id":"https:\/\/eldigitaldeasturias.com\/magazine365\/cosmetica-antiedad-la-democratica-herramienta-que-ralentiza-el-tiempo\/#webpage","url":"https:\/\/eldigitaldeasturias.com\/magazine365\/cosmetica-antiedad-la-democratica-herramienta-que-ralentiza-el-tiempo\/","name":"Cosm\u00e9tica antiedad, la democr\u00e1tica herramienta que ralentiza el tiempo | El Digital de Asturias","description":"Madrid, 30 may (EFE).- La cosm\u00e9tica antiedad se ha convertido en la herramienta m\u00e1s democr\u00e1tica que ralentiza el reloj biol\u00f3gico, gracias a la investigaci\u00f3n y el desarrollo de nuevas f\u00f3rmulas. S\u00f3lo en Espa\u00f1a se abre un abanico de 450 productos, testados para todo tipo de pieles y pensados para todos los bolsillos. \"Hay que acercarse","inLanguage":"es-ES","isPartOf":{"@id":"https:\/\/eldigitaldeasturias.com\/magazine365\/#website"},"breadcrumb":{"@id":"https:\/\/eldigitaldeasturias.com\/magazine365\/cosmetica-antiedad-la-democratica-herramienta-que-ralentiza-el-tiempo\/#breadcrumblist"},"author":{"@id":"https:\/\/eldigitaldeasturias.com\/magazine365\/author\/admin\/#author"},"creator":{"@id":"https:\/\/eldigitaldeasturias.com\/magazine365\/author\/admin\/#author"},"image":{"@type":"ImageObject","url":"https:\/\/eldigitaldeasturias.com\/magazine365\/wp-content\/uploads\/2014\/05\/6316720w.jpg","@id":"https:\/\/eldigitaldeasturias.com\/magazine365\/cosmetica-antiedad-la-democratica-herramienta-que-ralentiza-el-tiempo\/#mainImage","width":800,"height":511},"primaryImageOfPage":{"@id":"https:\/\/eldigitaldeasturias.com\/magazine365\/cosmetica-antiedad-la-democratica-herramienta-que-ralentiza-el-tiempo\/#mainImage"},"datePublished":"2014-05-30T09:19:06+02:00","dateModified":"2014-05-30T09:19:06+02:00"},{"@type":"WebSite","@id":"https:\/\/eldigitaldeasturias.com\/magazine365\/#website","url":"https:\/\/eldigitaldeasturias.com\/magazine365\/","name":"El Digital de Asturias","description":"Revista de ocio, turismo y estilo de vida","inLanguage":"es-ES","publisher":{"@id":"https:\/\/eldigitaldeasturias.com\/magazine365\/#organization"}}]},"og:locale":"es_ES","og:site_name":"El Digital de Asturias \u2013 Revista de ocio, turismo y estilo de vida","og:type":"article","og:title":"Cosm\u00e9tica antiedad, la democr\u00e1tica herramienta que ralentiza el tiempo | El Digital de Asturias","og:description":"Madrid, 30 may (EFE).- La cosm\u00e9tica antiedad se ha convertido en la herramienta m\u00e1s democr\u00e1tica que ralentiza el reloj biol\u00f3gico, gracias a la investigaci\u00f3n y el desarrollo de nuevas f\u00f3rmulas. S\u00f3lo en Espa\u00f1a se abre un abanico de 450 productos, testados para todo tipo de pieles y pensados para todos los bolsillos. &quot;Hay que acercarse","og:url":"https:\/\/eldigitaldeasturias.com\/magazine365\/cosmetica-antiedad-la-democratica-herramienta-que-ralentiza-el-tiempo\/","og:image":"https:\/\/eldigitaldeasturias.com\/magazine365\/wp-content\/uploads\/2014\/05\/6316720w.jpg","og:image:secure_url":"https:\/\/eldigitaldeasturias.com\/magazine365\/wp-content\/uploads\/2014\/05\/6316720w.jpg","og:image:width":800,"og:image:height":511,"article:published_time":"2014-05-30T11:19:06+00:00","article:modified_time":"2014-05-30T11:19:06+00:00","twitter:card":"summary_large_image","twitter:title":"Cosm\u00e9tica antiedad, la democr\u00e1tica herramienta que ralentiza el tiempo | El Digital de Asturias","twitter:description":"Madrid, 30 may (EFE).- La cosm\u00e9tica antiedad se ha convertido en la herramienta m\u00e1s democr\u00e1tica que ralentiza el reloj biol\u00f3gico, gracias a la investigaci\u00f3n y el desarrollo de nuevas f\u00f3rmulas. S\u00f3lo en Espa\u00f1a se abre un abanico de 450 productos, testados para todo tipo de pieles y pensados para todos los bolsillos. &quot;Hay que acercarse","twitter:image":"https:\/\/eldigitaldeasturias.com\/magazine365\/wp-content\/uploads\/2014\/05\/6316720w.jpg"},"aioseo_meta_data":{"post_id":"14455","title":null,"description":null,"keywords":null,"keyphrases":null,"primary_term":null,"canonical_url":null,"og_title":null,"og_description":null,"og_object_type":"default","og_image_type":"default","og_image_url":null,"og_image_width":null,"og_image_height":null,"og_image_custom_url":null,"og_image_custom_fields":null,"og_video":null,"og_custom_url":null,"og_article_section":null,"og_article_tags":null,"twitter_use_og":false,"twitter_card":"default","twitter_image_type":"default","twitter_image_url":null,"twitter_image_custom_url":null,"twitter_image_custom_fields":null,"twitter_title":null,"twitter_description":null,"schema":{"blockGraphs":[],"customGraphs":[],"default":{"data":{"Article":[],"Course":[],"Dataset":[],"FAQPage":[],"Movie":[],"Person":[],"Product":[],"ProductReview":[],"Car":[],"Recipe":[],"Service":[],"SoftwareApplication":[],"WebPage":[]},"graphName":"","isEnabled":true},"graphs":[],"defaultGraph":"","defaultPostTypeGraph":""},"schema_type":null,"schema_type_options":null,"pillar_content":false,"robots_default":true,"robots_noindex":false,"robots_noarchive":false,"robots_nosnippet":false,"robots_nofollow":false,"robots_noimageindex":false,"robots_noodp":false,"robots_notranslate":false,"robots_max_snippet":null,"robots_max_videopreview":null,"robots_max_imagepreview":"large","priority":null,"frequency":null,"location":null,"local_seo":null,"seo_analyzer_scan_date":"2025-09-17 10:08:15","breadcrumb_settings":null,"limit_modified_date":false,"open_ai":null,"ai":null,"created":"2021-03-09 08:14:49","updated":"2025-09-17 10:08:15"},"aioseo_breadcrumb":"<div class=\"aioseo-breadcrumbs\"><span class=\"aioseo-breadcrumb\">\n\t<a href=\"https:\/\/eldigitaldeasturias.com\/magazine365\" title=\"Home\">Home<\/a>\n<\/span><span class=\"aioseo-breadcrumb-separator\">\u2013<\/span><span class=\"aioseo-breadcrumb\">\n\t<a href=\"https:\/\/eldigitaldeasturias.com\/magazine365\/category\/noticias-actualidad\/\" title=\"Noticias y Actualidad\">Noticias y Actualidad<\/a>\n<\/span><span class=\"aioseo-breadcrumb-separator\">\u2013<\/span><span class=\"aioseo-breadcrumb\">\n\t<a href=\"https:\/\/eldigitaldeasturias.com\/magazine365\/cosmetica-antiedad-la-democratica-herramienta-que-ralentiza-el-tiempo\/\" title=\"Cosm\u00e9tica antiedad, la democr\u00e1tica herramienta que ralentiza el tiempo\">Cosm\u00e9tica antiedad, la democr\u00e1tica herramienta que ralentiza el tiempo<\/a>\n<\/span><\/div>","aioseo_breadcrumb_json":[{"label":"Home","link":"https:\/\/eldigitaldeasturias.com\/magazine365"},{"label":"Noticias y Actualidad","link":"https:\/\/eldigitaldeasturias.com\/magazine365\/category\/noticias-actualidad\/"},{"label":"Cosm\u00e9tica antiedad, la democr\u00e1tica herramienta que ralentiza el tiempo","link":"https:\/\/eldigitaldeasturias.com\/magazine365\/cosmetica-antiedad-la-democratica-herramienta-que-ralentiza-el-tiempo\/"}],"_links":{"self":[{"href":"https:\/\/eldigitaldeasturias.com\/magazine365\/wp-json\/wp\/v2\/posts\/14455","targetHints":{"allow":["GET"]}}],"collection":[{"href":"https:\/\/eldigitaldeasturias.com\/magazine365\/wp-json\/wp\/v2\/posts"}],"about":[{"href":"https:\/\/eldigitaldeasturias.com\/magazine365\/wp-json\/wp\/v2\/types\/post"}],"author":[{"embeddable":true,"href":"https:\/\/eldigitaldeasturias.com\/magazine365\/wp-json\/wp\/v2\/users\/1"}],"replies":[{"embeddable":true,"href":"https:\/\/eldigitaldeasturias.com\/magazine365\/wp-json\/wp\/v2\/comments?post=14455"}],"version-history":[{"count":0,"href":"https:\/\/eldigitaldeasturias.com\/magazine365\/wp-json\/wp\/v2\/posts\/14455\/revisions"}],"wp:featuredmedia":[{"embeddable":true,"href":"https:\/\/eldigitaldeasturias.com\/magazine365\/wp-json\/wp\/v2\/media\/14456"}],"wp:attachment":[{"href":"https:\/\/eldigitaldeasturias.com\/magazine365\/wp-json\/wp\/v2\/media?parent=14455"}],"wp:term":[{"taxonomy":"category","embeddable":true,"href":"https:\/\/eldigitaldeasturias.com\/magazine365\/wp-json\/wp\/v2\/categories?post=14455"},{"taxonomy":"post_tag","embeddable":true,"href":"https:\/\/eldigitaldeasturias.com\/magazine365\/wp-json\/wp\/v2\/tags?post=14455"}],"curies":[{"name":"wp","href":"https:\/\/api.w.org\/{rel}","templated":true}]}}