{"id":14446,"date":"2014-05-30T06:04:47","date_gmt":"2014-05-30T08:04:47","guid":{"rendered":"http:\/\/eldigitaldeasturias.com\/magazine365\/?p=14446"},"modified":"2014-05-30T06:04:47","modified_gmt":"2014-05-30T08:04:47","slug":"bruce-springsteen-se-suma-a-la-fiesta-de-los-rolling-stones-en-el-rock-in-rio","status":"publish","type":"post","link":"https:\/\/eldigitaldeasturias.com\/magazine365\/bruce-springsteen-se-suma-a-la-fiesta-de-los-rolling-stones-en-el-rock-in-rio\/","title":{"rendered":"Bruce Springsteen se suma a la fiesta de los Rolling Stones en el Rock in Rio"},"content":{"rendered":"<p><img fetchpriority=\"high\" decoding=\"async\" class=\"alignleft size-medium wp-image-14447\" alt=\"6316486w\" src=\"https:\/\/eldigitaldeasturias.com\/magazine365\/wp-content\/uploads\/2014\/05\/6316486w-360x242.jpg\" width=\"360\" height=\"242\" \/>Lisboa, 30 may (EFE).- Aparentemente inmunes al paso del tiempo y las desgracias personales, los Rolling Stones no defraudaron y desplegaron todo su arsenal en el Rock in Rio Lisboa con la presencia sorpresa en el escenario de un aliado de lujo: Bruce Springsteen.<\/p>\n<p>Las cerca de 90.000 personas reunidas para ver en directo a la banda brit\u00e1nica -una sexta parte del n\u00famero de habitantes que tiene la ciudad- apenas pod\u00edan dar cr\u00e9dito cuando, a los quince minutos de comenzar el concierto, Mick Jagger anunci\u00f3 a la multitud el nombre del \u00abBoss\u00bb.<\/p>\n<p>Springsteen apareci\u00f3 en escena entre la incredulidad general y cant\u00f3 con el l\u00edder de los Rolling \u00abTumbling Dice\u00bb, en una reedici\u00f3n de un dueto estelar que s\u00f3lo se hab\u00eda visto con anterioridad en Nueva York hace dos a\u00f1os, cuando sus \u00absat\u00e1nicas majestades\u00bb cerraron su gira por su medio siglo de carrera musical con invitados de excepci\u00f3n.<\/p>\n<p>La irrupci\u00f3n del artista estadounidense, no obstante, fue apenas un fogonazo en una noche donde Jagger y compa\u00f1\u00eda volvieron a hacer de las suyas.<\/p>\n<p>Los a\u00f1os -tres de sus cuatro miembros ya superan los 70- no parecen pasar por una banda nacida como tal en un lejano 1962 y considerada en vida legendaria, con sus millones de fans siempre temerosos de que su pr\u00f3xima gira acabe siendo la \u00faltima.<\/p>\n<p>Sin embargo, de no ser por las arrugas en su rostro, Jagger podr\u00eda pasar por un veintea\u00f1ero m\u00e1s de los que poblaron hoy, junto a personas de muy diferentes generaciones, el recinto del Rock in Rio. Esquel\u00e9tico como siempre, no dej\u00f3 de retorcerse, mover las caderas y trotar de un lado a otro durante las m\u00e1s de dos horas que dur\u00f3 su concierto.<\/p>\n<p>Aunque hab\u00eda inter\u00e9s en ver c\u00f3mo reaccionaba tras el suicido hace poco m\u00e1s de dos meses de su novia, la dise\u00f1adora L&#8217;Wren Scott, el l\u00edder de la m\u00edtica banda no hizo referencia alguna a su tr\u00e1gica p\u00e9rdida y se limit\u00f3 a ser el \u00abshowman\u00bb que siempre fue.<\/p>\n<p>Gesticul\u00f3, cambi\u00f3 de ropa, tir\u00f3 por los suelos su chaqueta para acabar en camiseta, no dej\u00f3 de interactuar con el p\u00fablico una y otra vez -incluso apost\u00f3 por una final en el Mundial de Brasil entre Inglaterra y Portugal- y derroch\u00f3 energ\u00eda por doquier en \u00e9sta, su segunda cita de un tour por Europa con un total de catorce paradas.<\/p>\n<p>La factura de sonido fue impecable, con espacio para largos punteos de Richards y Ronnie Wood, para que Jagger tocara la arm\u00f3nica y para que los miembros de la banda que les acompa\u00f1a se lucieran, sobre todo al saxo y al piano.<\/p>\n<p>\u00abNadie quiere escuchar tus nuevas canciones\u00bb. Esa fue una de las diez lecciones que su l\u00edder dijo haber aprendido tras medio siglo en los escenarios. Sin nuevo \u00e1lbum que presentar, los Rolling repasaron una veintena de sus grandes \u00e9xitos como si fuera la primera vez que los tocaban.<\/p>\n<p>\u00abJumping Jack Flash\u00bb y \u00abIt&#8217;s only Rock&#8217;n Roll\u00bb sirvieron para abrir fuego.<\/p>\n<p>Con \u00abWild Horses\u00bb lleg\u00f3 el momento rom\u00e1ntico y posteriormente el guitarrista Keith Richards -a quienes muchos consideran el verdadero \u00abcoraz\u00f3n\u00bb de la banda- asumi\u00f3 el mando como vocalista con dos temas consecutivos: \u00abYou got the silver\u00bb y \u00abCan&#8217;t be seen\u00bb.<\/p>\n<p>Sus \u00e9xitos m\u00e1s famosos comenzaron a llegar, encadenados, ya en un tramo final apote\u00f3sico a tenor de la reacci\u00f3n del p\u00fablico, mayoritariamente portugu\u00e9s pero en el que tambi\u00e9n destacaron espa\u00f1oles y brit\u00e1nicos, entre otras nacionalidades.<\/p>\n<p>Con \u00abSympathy for the devil\u00bb se vivi\u00f3 el momento m\u00e1s espectacular en t\u00e9rminos de montaje, con la pantalla presa de las llamas, y poco despu\u00e9s \u00abBrown Sugar\u00bb hac\u00eda las delicias de los asistentes, pendientes de las idas y venidas de Jagger por la pasarela.<\/p>\n<p>Apenas se marcharon para regresar inmediatamente y cerrar la velada ya bien entrada la madrugada con la vibrante \u00abYou can&#8217;t always get what you want\u00bb y con su mayor himno, \u00abSatisfaction\u00bb.<\/p>\n<p>Los fuegos artificiales pusieron punto y final a la actuaci\u00f3n estelar de esta quinta edici\u00f3n del Rock in Rio en Lisboa, cuya organizaci\u00f3n ya anticipaba una cita \u00abhist\u00f3rica\u00bb con sus \u00absat\u00e1nicas majestades\u00bb.<\/p>\n","protected":false},"excerpt":{"rendered":"<p>Lisboa, 30 may (EFE).- Aparentemente inmunes al paso del tiempo y las desgracias personales, los Rolling Stones no defraudaron y desplegaron todo su arsenal en el Rock in Rio Lisboa con la presencia sorpresa en el escenario de un aliado de lujo: Bruce Springsteen. Las cerca de 90.000 personas reunidas para ver en directo a<\/p>\n","protected":false},"author":1,"featured_media":14447,"comment_status":"open","ping_status":"closed","sticky":false,"template":"","format":"standard","meta":{"footnotes":""},"categories":[224],"tags":[],"class_list":{"0":"post-14446","1":"post","2":"type-post","3":"status-publish","4":"format-standard","5":"has-post-thumbnail","7":"category-noticias-actualidad"},"aioseo_notices":[],"aioseo_head":"\n\t\t<!-- All in One SEO Pro 4.9.6.1 - aioseo.com -->\n\t<meta name=\"description\" content=\"Lisboa, 30 may (EFE).- Aparentemente inmunes al paso del tiempo y las desgracias personales, los Rolling Stones no defraudaron y desplegaron todo su arsenal en el Rock in Rio Lisboa con la presencia sorpresa en el escenario de un aliado de lujo: Bruce Springsteen. Las cerca de 90.000 personas reunidas para ver en directo a\" \/>\n\t<meta name=\"robots\" content=\"max-image-preview:large\" \/>\n\t<meta name=\"author\" content=\"admin\"\/>\n\t<meta name=\"google-site-verification\" content=\"UA-38556648-1\" \/>\n\t<meta name=\"keywords\" content=\"noticias y actualidad\" \/>\n\t<link rel=\"canonical\" href=\"https:\/\/eldigitaldeasturias.com\/magazine365\/bruce-springsteen-se-suma-a-la-fiesta-de-los-rolling-stones-en-el-rock-in-rio\/\" \/>\n\t<meta name=\"generator\" content=\"All in One SEO Pro (AIOSEO) 4.9.6.1\" \/>\n\t\t<meta property=\"og:locale\" content=\"es_ES\" \/>\n\t\t<meta property=\"og:site_name\" content=\"El Digital de Asturias \u2013 Revista de ocio, turismo y estilo de vida\" \/>\n\t\t<meta property=\"og:type\" content=\"article\" \/>\n\t\t<meta property=\"og:title\" content=\"Bruce Springsteen se suma a la fiesta de los Rolling Stones en el Rock in Rio | El Digital de Asturias\" \/>\n\t\t<meta property=\"og:description\" content=\"Lisboa, 30 may (EFE).- Aparentemente inmunes al paso del tiempo y las desgracias personales, los Rolling Stones no defraudaron y desplegaron todo su arsenal en el Rock in Rio Lisboa con la presencia sorpresa en el escenario de un aliado de lujo: Bruce Springsteen. Las cerca de 90.000 personas reunidas para ver en directo a\" \/>\n\t\t<meta property=\"og:url\" content=\"https:\/\/eldigitaldeasturias.com\/magazine365\/bruce-springsteen-se-suma-a-la-fiesta-de-los-rolling-stones-en-el-rock-in-rio\/\" \/>\n\t\t<meta property=\"og:image\" content=\"https:\/\/eldigitaldeasturias.com\/magazine365\/wp-content\/uploads\/2014\/05\/6316486w.jpg\" \/>\n\t\t<meta property=\"og:image:secure_url\" content=\"https:\/\/eldigitaldeasturias.com\/magazine365\/wp-content\/uploads\/2014\/05\/6316486w.jpg\" \/>\n\t\t<meta property=\"og:image:width\" content=\"800\" \/>\n\t\t<meta property=\"og:image:height\" content=\"539\" \/>\n\t\t<meta property=\"article:published_time\" content=\"2014-05-30T08:04:47+00:00\" \/>\n\t\t<meta property=\"article:modified_time\" content=\"2014-05-30T08:04:47+00:00\" \/>\n\t\t<meta name=\"twitter:card\" content=\"summary_large_image\" \/>\n\t\t<meta name=\"twitter:title\" content=\"Bruce Springsteen se suma a la fiesta de los Rolling Stones en el Rock in Rio | El Digital de Asturias\" \/>\n\t\t<meta name=\"twitter:description\" content=\"Lisboa, 30 may (EFE).- Aparentemente inmunes al paso del tiempo y las desgracias personales, los Rolling Stones no defraudaron y desplegaron todo su arsenal en el Rock in Rio Lisboa con la presencia sorpresa en el escenario de un aliado de lujo: Bruce Springsteen. Las cerca de 90.000 personas reunidas para ver en directo a\" \/>\n\t\t<meta name=\"twitter:image\" content=\"https:\/\/eldigitaldeasturias.com\/magazine365\/wp-content\/uploads\/2014\/05\/6316486w.jpg\" \/>\n\t\t<script type=\"application\/ld+json\" class=\"aioseo-schema\">\n\t\t\t{\"@context\":\"https:\\\/\\\/schema.org\",\"@graph\":[{\"@type\":\"Article\",\"@id\":\"https:\\\/\\\/eldigitaldeasturias.com\\\/magazine365\\\/bruce-springsteen-se-suma-a-la-fiesta-de-los-rolling-stones-en-el-rock-in-rio\\\/#article\",\"name\":\"Bruce Springsteen se suma a la fiesta de los Rolling Stones en el Rock in Rio | El Digital de Asturias\",\"headline\":\"Bruce Springsteen se suma a la fiesta de los Rolling Stones en el Rock in Rio\",\"author\":{\"@id\":\"https:\\\/\\\/eldigitaldeasturias.com\\\/magazine365\\\/author\\\/admin\\\/#author\"},\"publisher\":{\"@id\":\"https:\\\/\\\/eldigitaldeasturias.com\\\/magazine365\\\/#organization\"},\"image\":{\"@type\":\"ImageObject\",\"url\":\"https:\\\/\\\/eldigitaldeasturias.com\\\/magazine365\\\/wp-content\\\/uploads\\\/2014\\\/05\\\/6316486w.jpg\",\"width\":800,\"height\":539},\"datePublished\":\"2014-05-30T06:04:47+02:00\",\"dateModified\":\"2014-05-30T06:04:47+02:00\",\"inLanguage\":\"es-ES\",\"mainEntityOfPage\":{\"@id\":\"https:\\\/\\\/eldigitaldeasturias.com\\\/magazine365\\\/bruce-springsteen-se-suma-a-la-fiesta-de-los-rolling-stones-en-el-rock-in-rio\\\/#webpage\"},\"isPartOf\":{\"@id\":\"https:\\\/\\\/eldigitaldeasturias.com\\\/magazine365\\\/bruce-springsteen-se-suma-a-la-fiesta-de-los-rolling-stones-en-el-rock-in-rio\\\/#webpage\"},\"articleSection\":\"Noticias y Actualidad\"},{\"@type\":\"BreadcrumbList\",\"@id\":\"https:\\\/\\\/eldigitaldeasturias.com\\\/magazine365\\\/bruce-springsteen-se-suma-a-la-fiesta-de-los-rolling-stones-en-el-rock-in-rio\\\/#breadcrumblist\",\"itemListElement\":[{\"@type\":\"ListItem\",\"@id\":\"https:\\\/\\\/eldigitaldeasturias.com\\\/magazine365#listItem\",\"position\":1,\"name\":\"Home\",\"item\":\"https:\\\/\\\/eldigitaldeasturias.com\\\/magazine365\",\"nextItem\":{\"@type\":\"ListItem\",\"@id\":\"https:\\\/\\\/eldigitaldeasturias.com\\\/magazine365\\\/category\\\/noticias-actualidad\\\/#listItem\",\"name\":\"Noticias y Actualidad\"}},{\"@type\":\"ListItem\",\"@id\":\"https:\\\/\\\/eldigitaldeasturias.com\\\/magazine365\\\/category\\\/noticias-actualidad\\\/#listItem\",\"position\":2,\"name\":\"Noticias y Actualidad\",\"item\":\"https:\\\/\\\/eldigitaldeasturias.com\\\/magazine365\\\/category\\\/noticias-actualidad\\\/\",\"nextItem\":{\"@type\":\"ListItem\",\"@id\":\"https:\\\/\\\/eldigitaldeasturias.com\\\/magazine365\\\/bruce-springsteen-se-suma-a-la-fiesta-de-los-rolling-stones-en-el-rock-in-rio\\\/#listItem\",\"name\":\"Bruce Springsteen se suma a la fiesta de los Rolling Stones en el Rock in Rio\"},\"previousItem\":{\"@type\":\"ListItem\",\"@id\":\"https:\\\/\\\/eldigitaldeasturias.com\\\/magazine365#listItem\",\"name\":\"Home\"}},{\"@type\":\"ListItem\",\"@id\":\"https:\\\/\\\/eldigitaldeasturias.com\\\/magazine365\\\/bruce-springsteen-se-suma-a-la-fiesta-de-los-rolling-stones-en-el-rock-in-rio\\\/#listItem\",\"position\":3,\"name\":\"Bruce Springsteen se suma a la fiesta de los Rolling Stones en el Rock in Rio\",\"previousItem\":{\"@type\":\"ListItem\",\"@id\":\"https:\\\/\\\/eldigitaldeasturias.com\\\/magazine365\\\/category\\\/noticias-actualidad\\\/#listItem\",\"name\":\"Noticias y Actualidad\"}}]},{\"@type\":\"Organization\",\"@id\":\"https:\\\/\\\/eldigitaldeasturias.com\\\/magazine365\\\/#organization\",\"name\":\"El digital de Asturias\",\"description\":\"Revista de ocio, turismo y estilo de vida\",\"url\":\"https:\\\/\\\/eldigitaldeasturias.com\\\/magazine365\\\/\",\"logo\":{\"@type\":\"ImageObject\",\"url\":\"https:\\\/\\\/www.eldigitaldeasturias.com\\\/noticias\\\/wp-content\\\/uploads\\\/2020\\\/12\\\/EDA.jpg\",\"@id\":\"https:\\\/\\\/eldigitaldeasturias.com\\\/magazine365\\\/bruce-springsteen-se-suma-a-la-fiesta-de-los-rolling-stones-en-el-rock-in-rio\\\/#organizationLogo\"},\"image\":{\"@id\":\"https:\\\/\\\/eldigitaldeasturias.com\\\/magazine365\\\/bruce-springsteen-se-suma-a-la-fiesta-de-los-rolling-stones-en-el-rock-in-rio\\\/#organizationLogo\"}},{\"@type\":\"Person\",\"@id\":\"https:\\\/\\\/eldigitaldeasturias.com\\\/magazine365\\\/author\\\/admin\\\/#author\",\"url\":\"https:\\\/\\\/eldigitaldeasturias.com\\\/magazine365\\\/author\\\/admin\\\/\",\"name\":\"admin\",\"image\":{\"@type\":\"ImageObject\",\"@id\":\"https:\\\/\\\/eldigitaldeasturias.com\\\/magazine365\\\/bruce-springsteen-se-suma-a-la-fiesta-de-los-rolling-stones-en-el-rock-in-rio\\\/#authorImage\",\"url\":\"https:\\\/\\\/eldigitaldeasturias.com\\\/magazine365\\\/wp-content\\\/litespeed\\\/avatar\\\/e571bcf59a0edd6fa6838245a470f2fe.jpg?ver=1777574230\",\"width\":96,\"height\":96,\"caption\":\"admin\"}},{\"@type\":\"WebPage\",\"@id\":\"https:\\\/\\\/eldigitaldeasturias.com\\\/magazine365\\\/bruce-springsteen-se-suma-a-la-fiesta-de-los-rolling-stones-en-el-rock-in-rio\\\/#webpage\",\"url\":\"https:\\\/\\\/eldigitaldeasturias.com\\\/magazine365\\\/bruce-springsteen-se-suma-a-la-fiesta-de-los-rolling-stones-en-el-rock-in-rio\\\/\",\"name\":\"Bruce Springsteen se suma a la fiesta de los Rolling Stones en el Rock in Rio | El Digital de Asturias\",\"description\":\"Lisboa, 30 may (EFE).- Aparentemente inmunes al paso del tiempo y las desgracias personales, los Rolling Stones no defraudaron y desplegaron todo su arsenal en el Rock in Rio Lisboa con la presencia sorpresa en el escenario de un aliado de lujo: Bruce Springsteen. Las cerca de 90.000 personas reunidas para ver en directo a\",\"inLanguage\":\"es-ES\",\"isPartOf\":{\"@id\":\"https:\\\/\\\/eldigitaldeasturias.com\\\/magazine365\\\/#website\"},\"breadcrumb\":{\"@id\":\"https:\\\/\\\/eldigitaldeasturias.com\\\/magazine365\\\/bruce-springsteen-se-suma-a-la-fiesta-de-los-rolling-stones-en-el-rock-in-rio\\\/#breadcrumblist\"},\"author\":{\"@id\":\"https:\\\/\\\/eldigitaldeasturias.com\\\/magazine365\\\/author\\\/admin\\\/#author\"},\"creator\":{\"@id\":\"https:\\\/\\\/eldigitaldeasturias.com\\\/magazine365\\\/author\\\/admin\\\/#author\"},\"image\":{\"@type\":\"ImageObject\",\"url\":\"https:\\\/\\\/eldigitaldeasturias.com\\\/magazine365\\\/wp-content\\\/uploads\\\/2014\\\/05\\\/6316486w.jpg\",\"@id\":\"https:\\\/\\\/eldigitaldeasturias.com\\\/magazine365\\\/bruce-springsteen-se-suma-a-la-fiesta-de-los-rolling-stones-en-el-rock-in-rio\\\/#mainImage\",\"width\":800,\"height\":539},\"primaryImageOfPage\":{\"@id\":\"https:\\\/\\\/eldigitaldeasturias.com\\\/magazine365\\\/bruce-springsteen-se-suma-a-la-fiesta-de-los-rolling-stones-en-el-rock-in-rio\\\/#mainImage\"},\"datePublished\":\"2014-05-30T06:04:47+02:00\",\"dateModified\":\"2014-05-30T06:04:47+02:00\"},{\"@type\":\"WebSite\",\"@id\":\"https:\\\/\\\/eldigitaldeasturias.com\\\/magazine365\\\/#website\",\"url\":\"https:\\\/\\\/eldigitaldeasturias.com\\\/magazine365\\\/\",\"name\":\"El Digital de Asturias\",\"description\":\"Revista de ocio, turismo y estilo de vida\",\"inLanguage\":\"es-ES\",\"publisher\":{\"@id\":\"https:\\\/\\\/eldigitaldeasturias.com\\\/magazine365\\\/#organization\"}}]}\n\t\t<\/script>\n\t\t<!-- All in One SEO Pro -->\r\n\t\t<title>Bruce Springsteen se suma a la fiesta de los Rolling Stones en el Rock in Rio | El Digital de Asturias<\/title>\n\n","aioseo_head_json":{"title":"Bruce Springsteen se suma a la fiesta de los Rolling Stones en el Rock in Rio | El Digital de Asturias","description":"Lisboa, 30 may (EFE).- Aparentemente inmunes al paso del tiempo y las desgracias personales, los Rolling Stones no defraudaron y desplegaron todo su arsenal en el Rock in Rio Lisboa con la presencia sorpresa en el escenario de un aliado de lujo: Bruce Springsteen. Las cerca de 90.000 personas reunidas para ver en directo a","canonical_url":"https:\/\/eldigitaldeasturias.com\/magazine365\/bruce-springsteen-se-suma-a-la-fiesta-de-los-rolling-stones-en-el-rock-in-rio\/","robots":"max-image-preview:large","keywords":"noticias y actualidad","webmasterTools":{"google-site-verification":"UA-38556648-1","miscellaneous":""},"schema":{"@context":"https:\/\/schema.org","@graph":[{"@type":"Article","@id":"https:\/\/eldigitaldeasturias.com\/magazine365\/bruce-springsteen-se-suma-a-la-fiesta-de-los-rolling-stones-en-el-rock-in-rio\/#article","name":"Bruce Springsteen se suma a la fiesta de los Rolling Stones en el Rock in Rio | El Digital de Asturias","headline":"Bruce Springsteen se suma a la fiesta de los Rolling Stones en el Rock in Rio","author":{"@id":"https:\/\/eldigitaldeasturias.com\/magazine365\/author\/admin\/#author"},"publisher":{"@id":"https:\/\/eldigitaldeasturias.com\/magazine365\/#organization"},"image":{"@type":"ImageObject","url":"https:\/\/eldigitaldeasturias.com\/magazine365\/wp-content\/uploads\/2014\/05\/6316486w.jpg","width":800,"height":539},"datePublished":"2014-05-30T06:04:47+02:00","dateModified":"2014-05-30T06:04:47+02:00","inLanguage":"es-ES","mainEntityOfPage":{"@id":"https:\/\/eldigitaldeasturias.com\/magazine365\/bruce-springsteen-se-suma-a-la-fiesta-de-los-rolling-stones-en-el-rock-in-rio\/#webpage"},"isPartOf":{"@id":"https:\/\/eldigitaldeasturias.com\/magazine365\/bruce-springsteen-se-suma-a-la-fiesta-de-los-rolling-stones-en-el-rock-in-rio\/#webpage"},"articleSection":"Noticias y Actualidad"},{"@type":"BreadcrumbList","@id":"https:\/\/eldigitaldeasturias.com\/magazine365\/bruce-springsteen-se-suma-a-la-fiesta-de-los-rolling-stones-en-el-rock-in-rio\/#breadcrumblist","itemListElement":[{"@type":"ListItem","@id":"https:\/\/eldigitaldeasturias.com\/magazine365#listItem","position":1,"name":"Home","item":"https:\/\/eldigitaldeasturias.com\/magazine365","nextItem":{"@type":"ListItem","@id":"https:\/\/eldigitaldeasturias.com\/magazine365\/category\/noticias-actualidad\/#listItem","name":"Noticias y Actualidad"}},{"@type":"ListItem","@id":"https:\/\/eldigitaldeasturias.com\/magazine365\/category\/noticias-actualidad\/#listItem","position":2,"name":"Noticias y Actualidad","item":"https:\/\/eldigitaldeasturias.com\/magazine365\/category\/noticias-actualidad\/","nextItem":{"@type":"ListItem","@id":"https:\/\/eldigitaldeasturias.com\/magazine365\/bruce-springsteen-se-suma-a-la-fiesta-de-los-rolling-stones-en-el-rock-in-rio\/#listItem","name":"Bruce Springsteen se suma a la fiesta de los Rolling Stones en el Rock in Rio"},"previousItem":{"@type":"ListItem","@id":"https:\/\/eldigitaldeasturias.com\/magazine365#listItem","name":"Home"}},{"@type":"ListItem","@id":"https:\/\/eldigitaldeasturias.com\/magazine365\/bruce-springsteen-se-suma-a-la-fiesta-de-los-rolling-stones-en-el-rock-in-rio\/#listItem","position":3,"name":"Bruce Springsteen se suma a la fiesta de los Rolling Stones en el Rock in Rio","previousItem":{"@type":"ListItem","@id":"https:\/\/eldigitaldeasturias.com\/magazine365\/category\/noticias-actualidad\/#listItem","name":"Noticias y Actualidad"}}]},{"@type":"Organization","@id":"https:\/\/eldigitaldeasturias.com\/magazine365\/#organization","name":"El digital de Asturias","description":"Revista de ocio, turismo y estilo de vida","url":"https:\/\/eldigitaldeasturias.com\/magazine365\/","logo":{"@type":"ImageObject","url":"https:\/\/www.eldigitaldeasturias.com\/noticias\/wp-content\/uploads\/2020\/12\/EDA.jpg","@id":"https:\/\/eldigitaldeasturias.com\/magazine365\/bruce-springsteen-se-suma-a-la-fiesta-de-los-rolling-stones-en-el-rock-in-rio\/#organizationLogo"},"image":{"@id":"https:\/\/eldigitaldeasturias.com\/magazine365\/bruce-springsteen-se-suma-a-la-fiesta-de-los-rolling-stones-en-el-rock-in-rio\/#organizationLogo"}},{"@type":"Person","@id":"https:\/\/eldigitaldeasturias.com\/magazine365\/author\/admin\/#author","url":"https:\/\/eldigitaldeasturias.com\/magazine365\/author\/admin\/","name":"admin","image":{"@type":"ImageObject","@id":"https:\/\/eldigitaldeasturias.com\/magazine365\/bruce-springsteen-se-suma-a-la-fiesta-de-los-rolling-stones-en-el-rock-in-rio\/#authorImage","url":"https:\/\/eldigitaldeasturias.com\/magazine365\/wp-content\/litespeed\/avatar\/e571bcf59a0edd6fa6838245a470f2fe.jpg?ver=1777574230","width":96,"height":96,"caption":"admin"}},{"@type":"WebPage","@id":"https:\/\/eldigitaldeasturias.com\/magazine365\/bruce-springsteen-se-suma-a-la-fiesta-de-los-rolling-stones-en-el-rock-in-rio\/#webpage","url":"https:\/\/eldigitaldeasturias.com\/magazine365\/bruce-springsteen-se-suma-a-la-fiesta-de-los-rolling-stones-en-el-rock-in-rio\/","name":"Bruce Springsteen se suma a la fiesta de los Rolling Stones en el Rock in Rio | El Digital de Asturias","description":"Lisboa, 30 may (EFE).- Aparentemente inmunes al paso del tiempo y las desgracias personales, los Rolling Stones no defraudaron y desplegaron todo su arsenal en el Rock in Rio Lisboa con la presencia sorpresa en el escenario de un aliado de lujo: Bruce Springsteen. Las cerca de 90.000 personas reunidas para ver en directo a","inLanguage":"es-ES","isPartOf":{"@id":"https:\/\/eldigitaldeasturias.com\/magazine365\/#website"},"breadcrumb":{"@id":"https:\/\/eldigitaldeasturias.com\/magazine365\/bruce-springsteen-se-suma-a-la-fiesta-de-los-rolling-stones-en-el-rock-in-rio\/#breadcrumblist"},"author":{"@id":"https:\/\/eldigitaldeasturias.com\/magazine365\/author\/admin\/#author"},"creator":{"@id":"https:\/\/eldigitaldeasturias.com\/magazine365\/author\/admin\/#author"},"image":{"@type":"ImageObject","url":"https:\/\/eldigitaldeasturias.com\/magazine365\/wp-content\/uploads\/2014\/05\/6316486w.jpg","@id":"https:\/\/eldigitaldeasturias.com\/magazine365\/bruce-springsteen-se-suma-a-la-fiesta-de-los-rolling-stones-en-el-rock-in-rio\/#mainImage","width":800,"height":539},"primaryImageOfPage":{"@id":"https:\/\/eldigitaldeasturias.com\/magazine365\/bruce-springsteen-se-suma-a-la-fiesta-de-los-rolling-stones-en-el-rock-in-rio\/#mainImage"},"datePublished":"2014-05-30T06:04:47+02:00","dateModified":"2014-05-30T06:04:47+02:00"},{"@type":"WebSite","@id":"https:\/\/eldigitaldeasturias.com\/magazine365\/#website","url":"https:\/\/eldigitaldeasturias.com\/magazine365\/","name":"El Digital de Asturias","description":"Revista de ocio, turismo y estilo de vida","inLanguage":"es-ES","publisher":{"@id":"https:\/\/eldigitaldeasturias.com\/magazine365\/#organization"}}]},"og:locale":"es_ES","og:site_name":"El Digital de Asturias \u2013 Revista de ocio, turismo y estilo de vida","og:type":"article","og:title":"Bruce Springsteen se suma a la fiesta de los Rolling Stones en el Rock in Rio | El Digital de Asturias","og:description":"Lisboa, 30 may (EFE).- Aparentemente inmunes al paso del tiempo y las desgracias personales, los Rolling Stones no defraudaron y desplegaron todo su arsenal en el Rock in Rio Lisboa con la presencia sorpresa en el escenario de un aliado de lujo: Bruce Springsteen. Las cerca de 90.000 personas reunidas para ver en directo a","og:url":"https:\/\/eldigitaldeasturias.com\/magazine365\/bruce-springsteen-se-suma-a-la-fiesta-de-los-rolling-stones-en-el-rock-in-rio\/","og:image":"https:\/\/eldigitaldeasturias.com\/magazine365\/wp-content\/uploads\/2014\/05\/6316486w.jpg","og:image:secure_url":"https:\/\/eldigitaldeasturias.com\/magazine365\/wp-content\/uploads\/2014\/05\/6316486w.jpg","og:image:width":800,"og:image:height":539,"article:published_time":"2014-05-30T08:04:47+00:00","article:modified_time":"2014-05-30T08:04:47+00:00","twitter:card":"summary_large_image","twitter:title":"Bruce Springsteen se suma a la fiesta de los Rolling Stones en el Rock in Rio | El Digital de Asturias","twitter:description":"Lisboa, 30 may (EFE).- Aparentemente inmunes al paso del tiempo y las desgracias personales, los Rolling Stones no defraudaron y desplegaron todo su arsenal en el Rock in Rio Lisboa con la presencia sorpresa en el escenario de un aliado de lujo: Bruce Springsteen. Las cerca de 90.000 personas reunidas para ver en directo a","twitter:image":"https:\/\/eldigitaldeasturias.com\/magazine365\/wp-content\/uploads\/2014\/05\/6316486w.jpg"},"aioseo_meta_data":{"post_id":"14446","title":null,"description":null,"keywords":null,"keyphrases":null,"primary_term":null,"canonical_url":null,"og_title":null,"og_description":null,"og_object_type":"default","og_image_type":"default","og_image_url":null,"og_image_width":null,"og_image_height":null,"og_image_custom_url":null,"og_image_custom_fields":null,"og_video":null,"og_custom_url":null,"og_article_section":null,"og_article_tags":null,"twitter_use_og":false,"twitter_card":"default","twitter_image_type":"default","twitter_image_url":null,"twitter_image_custom_url":null,"twitter_image_custom_fields":null,"twitter_title":null,"twitter_description":null,"schema":{"blockGraphs":[],"customGraphs":[],"default":{"data":{"Article":[],"Course":[],"Dataset":[],"FAQPage":[],"Movie":[],"Person":[],"Product":[],"ProductReview":[],"Car":[],"Recipe":[],"Service":[],"SoftwareApplication":[],"WebPage":[]},"graphName":"","isEnabled":true},"graphs":[],"defaultGraph":"","defaultPostTypeGraph":""},"schema_type":null,"schema_type_options":null,"pillar_content":false,"robots_default":true,"robots_noindex":false,"robots_noarchive":false,"robots_nosnippet":false,"robots_nofollow":false,"robots_noimageindex":false,"robots_noodp":false,"robots_notranslate":false,"robots_max_snippet":null,"robots_max_videopreview":null,"robots_max_imagepreview":"large","priority":null,"frequency":null,"location":null,"local_seo":null,"seo_analyzer_scan_date":"2025-09-17 10:08:11","breadcrumb_settings":null,"limit_modified_date":false,"open_ai":null,"ai":null,"created":"2021-03-09 08:15:40","updated":"2025-09-17 10:08:11"},"aioseo_breadcrumb":"<div class=\"aioseo-breadcrumbs\"><span class=\"aioseo-breadcrumb\">\n\t<a href=\"https:\/\/eldigitaldeasturias.com\/magazine365\" title=\"Home\">Home<\/a>\n<\/span><span class=\"aioseo-breadcrumb-separator\">\u2013<\/span><span class=\"aioseo-breadcrumb\">\n\t<a href=\"https:\/\/eldigitaldeasturias.com\/magazine365\/category\/noticias-actualidad\/\" title=\"Noticias y Actualidad\">Noticias y Actualidad<\/a>\n<\/span><span class=\"aioseo-breadcrumb-separator\">\u2013<\/span><span class=\"aioseo-breadcrumb\">\n\t<a href=\"https:\/\/eldigitaldeasturias.com\/magazine365\/bruce-springsteen-se-suma-a-la-fiesta-de-los-rolling-stones-en-el-rock-in-rio\/\" title=\"Bruce Springsteen se suma a la fiesta de los Rolling Stones en el Rock in Rio\">Bruce Springsteen se suma a la fiesta de los Rolling Stones en el Rock in Rio<\/a>\n<\/span><\/div>","aioseo_breadcrumb_json":[{"label":"Home","link":"https:\/\/eldigitaldeasturias.com\/magazine365"},{"label":"Noticias y Actualidad","link":"https:\/\/eldigitaldeasturias.com\/magazine365\/category\/noticias-actualidad\/"},{"label":"Bruce Springsteen se suma a la fiesta de los Rolling Stones en el Rock in Rio","link":"https:\/\/eldigitaldeasturias.com\/magazine365\/bruce-springsteen-se-suma-a-la-fiesta-de-los-rolling-stones-en-el-rock-in-rio\/"}],"_links":{"self":[{"href":"https:\/\/eldigitaldeasturias.com\/magazine365\/wp-json\/wp\/v2\/posts\/14446","targetHints":{"allow":["GET"]}}],"collection":[{"href":"https:\/\/eldigitaldeasturias.com\/magazine365\/wp-json\/wp\/v2\/posts"}],"about":[{"href":"https:\/\/eldigitaldeasturias.com\/magazine365\/wp-json\/wp\/v2\/types\/post"}],"author":[{"embeddable":true,"href":"https:\/\/eldigitaldeasturias.com\/magazine365\/wp-json\/wp\/v2\/users\/1"}],"replies":[{"embeddable":true,"href":"https:\/\/eldigitaldeasturias.com\/magazine365\/wp-json\/wp\/v2\/comments?post=14446"}],"version-history":[{"count":0,"href":"https:\/\/eldigitaldeasturias.com\/magazine365\/wp-json\/wp\/v2\/posts\/14446\/revisions"}],"wp:featuredmedia":[{"embeddable":true,"href":"https:\/\/eldigitaldeasturias.com\/magazine365\/wp-json\/wp\/v2\/media\/14447"}],"wp:attachment":[{"href":"https:\/\/eldigitaldeasturias.com\/magazine365\/wp-json\/wp\/v2\/media?parent=14446"}],"wp:term":[{"taxonomy":"category","embeddable":true,"href":"https:\/\/eldigitaldeasturias.com\/magazine365\/wp-json\/wp\/v2\/categories?post=14446"},{"taxonomy":"post_tag","embeddable":true,"href":"https:\/\/eldigitaldeasturias.com\/magazine365\/wp-json\/wp\/v2\/tags?post=14446"}],"curies":[{"name":"wp","href":"https:\/\/api.w.org\/{rel}","templated":true}]}}