{"id":14439,"date":"2014-05-30T01:21:03","date_gmt":"2014-05-30T03:21:03","guid":{"rendered":"http:\/\/eldigitaldeasturias.com\/magazine365\/?p=14439"},"modified":"2014-05-30T01:21:03","modified_gmt":"2014-05-30T03:21:03","slug":"vetusta-morla-y-la-imparable-deriva-ascendente","status":"publish","type":"post","link":"https:\/\/eldigitaldeasturias.com\/magazine365\/vetusta-morla-y-la-imparable-deriva-ascendente\/","title":{"rendered":"Vetusta Morla y la imparable deriva ascendente"},"content":{"rendered":"<p><img fetchpriority=\"high\" decoding=\"async\" class=\"alignleft size-medium wp-image-14440\" alt=\"6316282w\" src=\"https:\/\/eldigitaldeasturias.com\/magazine365\/wp-content\/uploads\/2014\/05\/6316282w-360x263.jpg\" width=\"360\" height=\"263\" srcset=\"https:\/\/eldigitaldeasturias.com\/magazine365\/wp-content\/uploads\/2014\/05\/6316282w-360x263.jpg 360w, https:\/\/eldigitaldeasturias.com\/magazine365\/wp-content\/uploads\/2014\/05\/6316282w-650x475.jpg 650w, https:\/\/eldigitaldeasturias.com\/magazine365\/wp-content\/uploads\/2014\/05\/6316282w-768x562.jpg 768w, https:\/\/eldigitaldeasturias.com\/magazine365\/wp-content\/uploads\/2014\/05\/6316282w-150x110.jpg 150w, https:\/\/eldigitaldeasturias.com\/magazine365\/wp-content\/uploads\/2014\/05\/6316282w-450x329.jpg 450w, https:\/\/eldigitaldeasturias.com\/magazine365\/wp-content\/uploads\/2014\/05\/6316282w-696x509.jpg 696w, https:\/\/eldigitaldeasturias.com\/magazine365\/wp-content\/uploads\/2014\/05\/6316282w-574x420.jpg 574w, https:\/\/eldigitaldeasturias.com\/magazine365\/wp-content\/uploads\/2014\/05\/6316282w-90x67.jpg 90w, https:\/\/eldigitaldeasturias.com\/magazine365\/wp-content\/uploads\/2014\/05\/6316282w.jpg 800w\" sizes=\"(max-width: 360px) 100vw, 360px\" \/>Madrid, 30 may (EFE).- Aunque en su nuevo disco, \u00abLa deriva\u00bb, los Vetusta Morla se abre a la imprevisi\u00f3n y la esperanza del cambio, el sexteto madrile\u00f1o hace ya tiempo que mantiene un rumbo invariable de trayectoria ascendente, como han vuelto a dibujar esta noche en el primero de cinco conciertos en su ciudad con el aforo completo.<\/p>\n<p>\u00abGracias por la fe ciega de comprar las entradas meses antes de la salida del disco\u00bb, reconoc\u00eda Pucho, el cantante, a las m\u00e1s de 2.000 personas que han llenado La Riviera en el estreno en vivo de su tercer disco en la capital, su principal granero de seguidores, aunque no el \u00fanico.<\/p>\n<p>Llegados de una fecunda gira por M\u00e9xico, de donde se han tra\u00eddo a sus compadres de Zo\u00e9 como teloneros, han dejado satisfechos a los presentes con hora y media larga de descarga de pop en\u00e9rgico y chisporrotazos rock, en la que han predominado las canciones de su nuevo \u00e1lbum (de hecho, las han tocado todas), confirmando que \u00abGolpe maestro\u00bb est\u00e1 llamado a ser uno de sus futuros cl\u00e1sicos.<\/p>\n<p>No han faltado estos, con la salvedad de \u00abSaharabbey road\u00bb, a pesar de que el p\u00fablico la ha coreado con insistencia en uno de los cortes antes de los bises, en los que ha vuelto a brillar el tema con el que sol\u00edan empezar su anterior gira, \u00abLos d\u00edas raros\u00bb.<\/p>\n<p>\u00abLa deriva\u00bb, el tema que titula su \u00faltima producci\u00f3n, es esta vez el escogido para echar a andar el espect\u00e1culo, con Pucho emergiendo a solas, al frente de la percusi\u00f3n, antes de que se le unan el resto de la banda.<\/p>\n<p>Se aprecia en este nuevo tour, que volver\u00e1 a recalar en La Riviera hoy y ma\u00f1ana, adem\u00e1s de los d\u00edas 20 y 21 de junio, que Vetusta Morla echan mano cada vez m\u00e1s de ciertos trucos escenogr\u00e1ficos (proyecciones, una gran s\u00e1bana que se descuelga de improviso, grandes focos m\u00f3viles) para subrayar sus canciones.<\/p>\n<p>El sonido en La Riviera es otro cantar, como una loter\u00eda que esta noche ha dejado sin premio sobre todo a la voz, emborronada y difusa, lo que no ha impedido que el p\u00fablico se dejara llevar por la intensidad que siempre le pone Pucho.<\/p>\n<p>Despu\u00e9s de \u00abFuego\u00bb, \u00abGolpe maestro\u00bb ha sonado arrolladora y, con todo, da la sensaci\u00f3n de que a\u00fan puede generar mayor potencia, sobre todo en el estribillo, un contraste con las m\u00e1s densas \u00abLa mosca en la pared\u00bb y \u00abPir\u00f3manos\u00bb, con una l\u00ednea de bajo contundente que sacude el aire.<\/p>\n<p>\u00abLo que te hace grande\u00bb, la primera de las antiguas, ha hecho aflorar las muestras espont\u00e1neas de j\u00fabilo y \u00abUn d\u00eda en el mundo\u00bb ha convertido la sala por primera vez, que no la \u00fanica, en un karaoke un\u00e1nime.<\/p>\n<p>\u00abCuarteles de invierno\u00bb, la levedad punzante de \u00abMaldita dulzura\u00bb, \u00abLa grieta\u00bb y sobre todo el final explosivo que trazan para \u00abMapas\u00bb mantiene el tono m\u00e1s crudo y roquero que se escucha en esta gira, probablemente como consecuencia del fondo y el estilo de su \u00faltimo disco.<\/p>\n<p>Explica la banda que se trata del reflejo del \u00absaqueo econ\u00f3mico y moral\u00bb que se vive ah\u00ed fuera, por lo que se entiende que hagan un par\u00f3n para dedicar \u00ab\u00a1Alto!\u00bb a las v\u00edctimas de los desahucios.<\/p>\n<p>Cabe rese\u00f1ar la \u00edntima versi\u00f3n que hacen de \u00abCopenhague\u00bb, casi con cadencia soul, antes de marchar hacia una anodina \u00abLas salas de espera\u00bb (quiz\u00e1s no debieran insistir en todo el repertorio de este \u00e1lbum en detrimento de joyas del pasado) y hacia \u00abValiente\u00bb, otra de las canciones de la noche, con el p\u00fablico rob\u00e1ndole el protagonismo a los mism\u00edsimos m\u00fasicos.<\/p>\n<p>Igual deber\u00eda ser single \u00abTour de Francia\u00bb, la m\u00e1s jubilosa de las canciones de \u00abLa deriva\u00bb, a tenor de la reacci\u00f3n del p\u00fablico, que ha iniciado la cuenta atr\u00e1s con \u00abFiesta mayor\u00bb y con \u00abLa cuadratura del c\u00edrculo\u00bb, intensa, psicod\u00e9lica y apocal\u00edptica a partes iguales.<\/p>\n<p>Ya en los bises, la nueva balada \u00abSonata fantasma\u00bb (\u00ab\u00a1cantad alguna que nos sepamos!\u00bb, gritaba una voz aislada) y tres \u00e9xitos imprescindibles de su producci\u00f3n: \u00abS\u00e1lvese quien pueda\u00bb, \u00abEl hombre del saco\u00bb y, por fin, \u00abLos d\u00edas raros\u00bb, esa espiral ascendente, como el rumbo del grupo, que empieza muy abajo y acaba en una explosi\u00f3n colectiva, m\u00e1s propia de un estadio.<\/p>\n<p>A ver si se dejan de reparos y la pr\u00f3xima vez se citan con Madrid en el Palacio de los Deportes. Por p\u00fablico y capacidad no ser\u00e1.<\/p>\n<p>Javier Herrero.<\/p>\n","protected":false},"excerpt":{"rendered":"<p>Madrid, 30 may (EFE).- Aunque en su nuevo disco, \u00abLa deriva\u00bb, los Vetusta Morla se abre a la imprevisi\u00f3n y la esperanza del cambio, el sexteto madrile\u00f1o hace ya tiempo que mantiene un rumbo invariable de trayectoria ascendente, como han vuelto a dibujar esta noche en el primero de cinco conciertos en su ciudad con<\/p>\n","protected":false},"author":1,"featured_media":14440,"comment_status":"open","ping_status":"closed","sticky":false,"template":"","format":"standard","meta":{"footnotes":""},"categories":[224],"tags":[],"class_list":{"0":"post-14439","1":"post","2":"type-post","3":"status-publish","4":"format-standard","5":"has-post-thumbnail","7":"category-noticias-actualidad"},"aioseo_notices":[],"aioseo_head":"\n\t\t<!-- All in One SEO Pro 4.9.6.1 - aioseo.com -->\n\t<meta name=\"description\" content=\"Madrid, 30 may (EFE).- Aunque en su nuevo disco, &quot;La deriva&quot;, los Vetusta Morla se abre a la imprevisi\u00f3n y la esperanza del cambio, el sexteto madrile\u00f1o hace ya tiempo que mantiene un rumbo invariable de trayectoria ascendente, como han vuelto a dibujar esta noche en el primero de cinco conciertos en su ciudad con\" \/>\n\t<meta name=\"robots\" content=\"max-image-preview:large\" \/>\n\t<meta name=\"author\" content=\"admin\"\/>\n\t<meta name=\"google-site-verification\" content=\"UA-38556648-1\" \/>\n\t<meta name=\"keywords\" content=\"noticias y actualidad\" \/>\n\t<link rel=\"canonical\" href=\"https:\/\/eldigitaldeasturias.com\/magazine365\/vetusta-morla-y-la-imparable-deriva-ascendente\/\" \/>\n\t<meta name=\"generator\" content=\"All in One SEO Pro (AIOSEO) 4.9.6.1\" \/>\n\t\t<meta property=\"og:locale\" content=\"es_ES\" \/>\n\t\t<meta property=\"og:site_name\" content=\"El Digital de Asturias \u2013 Revista de ocio, turismo y estilo de vida\" \/>\n\t\t<meta property=\"og:type\" content=\"article\" \/>\n\t\t<meta property=\"og:title\" content=\"Vetusta Morla y la imparable deriva ascendente | El Digital de Asturias\" \/>\n\t\t<meta property=\"og:description\" content=\"Madrid, 30 may (EFE).- Aunque en su nuevo disco, &quot;La deriva&quot;, los Vetusta Morla se abre a la imprevisi\u00f3n y la esperanza del cambio, el sexteto madrile\u00f1o hace ya tiempo que mantiene un rumbo invariable de trayectoria ascendente, como han vuelto a dibujar esta noche en el primero de cinco conciertos en su ciudad con\" \/>\n\t\t<meta property=\"og:url\" content=\"https:\/\/eldigitaldeasturias.com\/magazine365\/vetusta-morla-y-la-imparable-deriva-ascendente\/\" \/>\n\t\t<meta property=\"og:image\" content=\"https:\/\/eldigitaldeasturias.com\/magazine365\/wp-content\/uploads\/2014\/05\/6316282w.jpg\" \/>\n\t\t<meta property=\"og:image:secure_url\" content=\"https:\/\/eldigitaldeasturias.com\/magazine365\/wp-content\/uploads\/2014\/05\/6316282w.jpg\" \/>\n\t\t<meta property=\"og:image:width\" content=\"800\" \/>\n\t\t<meta property=\"og:image:height\" content=\"585\" \/>\n\t\t<meta property=\"article:published_time\" content=\"2014-05-30T03:21:03+00:00\" \/>\n\t\t<meta property=\"article:modified_time\" content=\"2014-05-30T03:21:03+00:00\" \/>\n\t\t<meta name=\"twitter:card\" content=\"summary_large_image\" \/>\n\t\t<meta name=\"twitter:title\" content=\"Vetusta Morla y la imparable deriva ascendente | El Digital de Asturias\" \/>\n\t\t<meta name=\"twitter:description\" content=\"Madrid, 30 may (EFE).- Aunque en su nuevo disco, &quot;La deriva&quot;, los Vetusta Morla se abre a la imprevisi\u00f3n y la esperanza del cambio, el sexteto madrile\u00f1o hace ya tiempo que mantiene un rumbo invariable de trayectoria ascendente, como han vuelto a dibujar esta noche en el primero de cinco conciertos en su ciudad con\" \/>\n\t\t<meta name=\"twitter:image\" content=\"https:\/\/eldigitaldeasturias.com\/magazine365\/wp-content\/uploads\/2014\/05\/6316282w.jpg\" \/>\n\t\t<script type=\"application\/ld+json\" class=\"aioseo-schema\">\n\t\t\t{\"@context\":\"https:\\\/\\\/schema.org\",\"@graph\":[{\"@type\":\"Article\",\"@id\":\"https:\\\/\\\/eldigitaldeasturias.com\\\/magazine365\\\/vetusta-morla-y-la-imparable-deriva-ascendente\\\/#article\",\"name\":\"Vetusta Morla y la imparable deriva ascendente | El Digital de Asturias\",\"headline\":\"Vetusta Morla y la imparable deriva ascendente\",\"author\":{\"@id\":\"https:\\\/\\\/eldigitaldeasturias.com\\\/magazine365\\\/author\\\/admin\\\/#author\"},\"publisher\":{\"@id\":\"https:\\\/\\\/eldigitaldeasturias.com\\\/magazine365\\\/#organization\"},\"image\":{\"@type\":\"ImageObject\",\"url\":\"https:\\\/\\\/eldigitaldeasturias.com\\\/magazine365\\\/wp-content\\\/uploads\\\/2014\\\/05\\\/6316282w.jpg\",\"width\":800,\"height\":585},\"datePublished\":\"2014-05-30T01:21:03+02:00\",\"dateModified\":\"2014-05-30T01:21:03+02:00\",\"inLanguage\":\"es-ES\",\"mainEntityOfPage\":{\"@id\":\"https:\\\/\\\/eldigitaldeasturias.com\\\/magazine365\\\/vetusta-morla-y-la-imparable-deriva-ascendente\\\/#webpage\"},\"isPartOf\":{\"@id\":\"https:\\\/\\\/eldigitaldeasturias.com\\\/magazine365\\\/vetusta-morla-y-la-imparable-deriva-ascendente\\\/#webpage\"},\"articleSection\":\"Noticias y Actualidad\"},{\"@type\":\"BreadcrumbList\",\"@id\":\"https:\\\/\\\/eldigitaldeasturias.com\\\/magazine365\\\/vetusta-morla-y-la-imparable-deriva-ascendente\\\/#breadcrumblist\",\"itemListElement\":[{\"@type\":\"ListItem\",\"@id\":\"https:\\\/\\\/eldigitaldeasturias.com\\\/magazine365#listItem\",\"position\":1,\"name\":\"Home\",\"item\":\"https:\\\/\\\/eldigitaldeasturias.com\\\/magazine365\",\"nextItem\":{\"@type\":\"ListItem\",\"@id\":\"https:\\\/\\\/eldigitaldeasturias.com\\\/magazine365\\\/category\\\/noticias-actualidad\\\/#listItem\",\"name\":\"Noticias y Actualidad\"}},{\"@type\":\"ListItem\",\"@id\":\"https:\\\/\\\/eldigitaldeasturias.com\\\/magazine365\\\/category\\\/noticias-actualidad\\\/#listItem\",\"position\":2,\"name\":\"Noticias y Actualidad\",\"item\":\"https:\\\/\\\/eldigitaldeasturias.com\\\/magazine365\\\/category\\\/noticias-actualidad\\\/\",\"nextItem\":{\"@type\":\"ListItem\",\"@id\":\"https:\\\/\\\/eldigitaldeasturias.com\\\/magazine365\\\/vetusta-morla-y-la-imparable-deriva-ascendente\\\/#listItem\",\"name\":\"Vetusta Morla y la imparable deriva ascendente\"},\"previousItem\":{\"@type\":\"ListItem\",\"@id\":\"https:\\\/\\\/eldigitaldeasturias.com\\\/magazine365#listItem\",\"name\":\"Home\"}},{\"@type\":\"ListItem\",\"@id\":\"https:\\\/\\\/eldigitaldeasturias.com\\\/magazine365\\\/vetusta-morla-y-la-imparable-deriva-ascendente\\\/#listItem\",\"position\":3,\"name\":\"Vetusta Morla y la imparable deriva ascendente\",\"previousItem\":{\"@type\":\"ListItem\",\"@id\":\"https:\\\/\\\/eldigitaldeasturias.com\\\/magazine365\\\/category\\\/noticias-actualidad\\\/#listItem\",\"name\":\"Noticias y Actualidad\"}}]},{\"@type\":\"Organization\",\"@id\":\"https:\\\/\\\/eldigitaldeasturias.com\\\/magazine365\\\/#organization\",\"name\":\"El digital de Asturias\",\"description\":\"Revista de ocio, turismo y estilo de vida\",\"url\":\"https:\\\/\\\/eldigitaldeasturias.com\\\/magazine365\\\/\",\"logo\":{\"@type\":\"ImageObject\",\"url\":\"https:\\\/\\\/www.eldigitaldeasturias.com\\\/noticias\\\/wp-content\\\/uploads\\\/2020\\\/12\\\/EDA.jpg\",\"@id\":\"https:\\\/\\\/eldigitaldeasturias.com\\\/magazine365\\\/vetusta-morla-y-la-imparable-deriva-ascendente\\\/#organizationLogo\"},\"image\":{\"@id\":\"https:\\\/\\\/eldigitaldeasturias.com\\\/magazine365\\\/vetusta-morla-y-la-imparable-deriva-ascendente\\\/#organizationLogo\"}},{\"@type\":\"Person\",\"@id\":\"https:\\\/\\\/eldigitaldeasturias.com\\\/magazine365\\\/author\\\/admin\\\/#author\",\"url\":\"https:\\\/\\\/eldigitaldeasturias.com\\\/magazine365\\\/author\\\/admin\\\/\",\"name\":\"admin\",\"image\":{\"@type\":\"ImageObject\",\"@id\":\"https:\\\/\\\/eldigitaldeasturias.com\\\/magazine365\\\/vetusta-morla-y-la-imparable-deriva-ascendente\\\/#authorImage\",\"url\":\"https:\\\/\\\/eldigitaldeasturias.com\\\/magazine365\\\/wp-content\\\/litespeed\\\/avatar\\\/e571bcf59a0edd6fa6838245a470f2fe.jpg?ver=1777574230\",\"width\":96,\"height\":96,\"caption\":\"admin\"}},{\"@type\":\"WebPage\",\"@id\":\"https:\\\/\\\/eldigitaldeasturias.com\\\/magazine365\\\/vetusta-morla-y-la-imparable-deriva-ascendente\\\/#webpage\",\"url\":\"https:\\\/\\\/eldigitaldeasturias.com\\\/magazine365\\\/vetusta-morla-y-la-imparable-deriva-ascendente\\\/\",\"name\":\"Vetusta Morla y la imparable deriva ascendente | El Digital de Asturias\",\"description\":\"Madrid, 30 may (EFE).- Aunque en su nuevo disco, \\\"La deriva\\\", los Vetusta Morla se abre a la imprevisi\\u00f3n y la esperanza del cambio, el sexteto madrile\\u00f1o hace ya tiempo que mantiene un rumbo invariable de trayectoria ascendente, como han vuelto a dibujar esta noche en el primero de cinco conciertos en su ciudad con\",\"inLanguage\":\"es-ES\",\"isPartOf\":{\"@id\":\"https:\\\/\\\/eldigitaldeasturias.com\\\/magazine365\\\/#website\"},\"breadcrumb\":{\"@id\":\"https:\\\/\\\/eldigitaldeasturias.com\\\/magazine365\\\/vetusta-morla-y-la-imparable-deriva-ascendente\\\/#breadcrumblist\"},\"author\":{\"@id\":\"https:\\\/\\\/eldigitaldeasturias.com\\\/magazine365\\\/author\\\/admin\\\/#author\"},\"creator\":{\"@id\":\"https:\\\/\\\/eldigitaldeasturias.com\\\/magazine365\\\/author\\\/admin\\\/#author\"},\"image\":{\"@type\":\"ImageObject\",\"url\":\"https:\\\/\\\/eldigitaldeasturias.com\\\/magazine365\\\/wp-content\\\/uploads\\\/2014\\\/05\\\/6316282w.jpg\",\"@id\":\"https:\\\/\\\/eldigitaldeasturias.com\\\/magazine365\\\/vetusta-morla-y-la-imparable-deriva-ascendente\\\/#mainImage\",\"width\":800,\"height\":585},\"primaryImageOfPage\":{\"@id\":\"https:\\\/\\\/eldigitaldeasturias.com\\\/magazine365\\\/vetusta-morla-y-la-imparable-deriva-ascendente\\\/#mainImage\"},\"datePublished\":\"2014-05-30T01:21:03+02:00\",\"dateModified\":\"2014-05-30T01:21:03+02:00\"},{\"@type\":\"WebSite\",\"@id\":\"https:\\\/\\\/eldigitaldeasturias.com\\\/magazine365\\\/#website\",\"url\":\"https:\\\/\\\/eldigitaldeasturias.com\\\/magazine365\\\/\",\"name\":\"El Digital de Asturias\",\"description\":\"Revista de ocio, turismo y estilo de vida\",\"inLanguage\":\"es-ES\",\"publisher\":{\"@id\":\"https:\\\/\\\/eldigitaldeasturias.com\\\/magazine365\\\/#organization\"}}]}\n\t\t<\/script>\n\t\t<!-- All in One SEO Pro -->\r\n\t\t<title>Vetusta Morla y la imparable deriva ascendente | El Digital de Asturias<\/title>\n\n","aioseo_head_json":{"title":"Vetusta Morla y la imparable deriva ascendente | El Digital de Asturias","description":"Madrid, 30 may (EFE).- Aunque en su nuevo disco, \"La deriva\", los Vetusta Morla se abre a la imprevisi\u00f3n y la esperanza del cambio, el sexteto madrile\u00f1o hace ya tiempo que mantiene un rumbo invariable de trayectoria ascendente, como han vuelto a dibujar esta noche en el primero de cinco conciertos en su ciudad con","canonical_url":"https:\/\/eldigitaldeasturias.com\/magazine365\/vetusta-morla-y-la-imparable-deriva-ascendente\/","robots":"max-image-preview:large","keywords":"noticias y actualidad","webmasterTools":{"google-site-verification":"UA-38556648-1","miscellaneous":""},"schema":{"@context":"https:\/\/schema.org","@graph":[{"@type":"Article","@id":"https:\/\/eldigitaldeasturias.com\/magazine365\/vetusta-morla-y-la-imparable-deriva-ascendente\/#article","name":"Vetusta Morla y la imparable deriva ascendente | El Digital de Asturias","headline":"Vetusta Morla y la imparable deriva ascendente","author":{"@id":"https:\/\/eldigitaldeasturias.com\/magazine365\/author\/admin\/#author"},"publisher":{"@id":"https:\/\/eldigitaldeasturias.com\/magazine365\/#organization"},"image":{"@type":"ImageObject","url":"https:\/\/eldigitaldeasturias.com\/magazine365\/wp-content\/uploads\/2014\/05\/6316282w.jpg","width":800,"height":585},"datePublished":"2014-05-30T01:21:03+02:00","dateModified":"2014-05-30T01:21:03+02:00","inLanguage":"es-ES","mainEntityOfPage":{"@id":"https:\/\/eldigitaldeasturias.com\/magazine365\/vetusta-morla-y-la-imparable-deriva-ascendente\/#webpage"},"isPartOf":{"@id":"https:\/\/eldigitaldeasturias.com\/magazine365\/vetusta-morla-y-la-imparable-deriva-ascendente\/#webpage"},"articleSection":"Noticias y Actualidad"},{"@type":"BreadcrumbList","@id":"https:\/\/eldigitaldeasturias.com\/magazine365\/vetusta-morla-y-la-imparable-deriva-ascendente\/#breadcrumblist","itemListElement":[{"@type":"ListItem","@id":"https:\/\/eldigitaldeasturias.com\/magazine365#listItem","position":1,"name":"Home","item":"https:\/\/eldigitaldeasturias.com\/magazine365","nextItem":{"@type":"ListItem","@id":"https:\/\/eldigitaldeasturias.com\/magazine365\/category\/noticias-actualidad\/#listItem","name":"Noticias y Actualidad"}},{"@type":"ListItem","@id":"https:\/\/eldigitaldeasturias.com\/magazine365\/category\/noticias-actualidad\/#listItem","position":2,"name":"Noticias y Actualidad","item":"https:\/\/eldigitaldeasturias.com\/magazine365\/category\/noticias-actualidad\/","nextItem":{"@type":"ListItem","@id":"https:\/\/eldigitaldeasturias.com\/magazine365\/vetusta-morla-y-la-imparable-deriva-ascendente\/#listItem","name":"Vetusta Morla y la imparable deriva ascendente"},"previousItem":{"@type":"ListItem","@id":"https:\/\/eldigitaldeasturias.com\/magazine365#listItem","name":"Home"}},{"@type":"ListItem","@id":"https:\/\/eldigitaldeasturias.com\/magazine365\/vetusta-morla-y-la-imparable-deriva-ascendente\/#listItem","position":3,"name":"Vetusta Morla y la imparable deriva ascendente","previousItem":{"@type":"ListItem","@id":"https:\/\/eldigitaldeasturias.com\/magazine365\/category\/noticias-actualidad\/#listItem","name":"Noticias y Actualidad"}}]},{"@type":"Organization","@id":"https:\/\/eldigitaldeasturias.com\/magazine365\/#organization","name":"El digital de Asturias","description":"Revista de ocio, turismo y estilo de vida","url":"https:\/\/eldigitaldeasturias.com\/magazine365\/","logo":{"@type":"ImageObject","url":"https:\/\/www.eldigitaldeasturias.com\/noticias\/wp-content\/uploads\/2020\/12\/EDA.jpg","@id":"https:\/\/eldigitaldeasturias.com\/magazine365\/vetusta-morla-y-la-imparable-deriva-ascendente\/#organizationLogo"},"image":{"@id":"https:\/\/eldigitaldeasturias.com\/magazine365\/vetusta-morla-y-la-imparable-deriva-ascendente\/#organizationLogo"}},{"@type":"Person","@id":"https:\/\/eldigitaldeasturias.com\/magazine365\/author\/admin\/#author","url":"https:\/\/eldigitaldeasturias.com\/magazine365\/author\/admin\/","name":"admin","image":{"@type":"ImageObject","@id":"https:\/\/eldigitaldeasturias.com\/magazine365\/vetusta-morla-y-la-imparable-deriva-ascendente\/#authorImage","url":"https:\/\/eldigitaldeasturias.com\/magazine365\/wp-content\/litespeed\/avatar\/e571bcf59a0edd6fa6838245a470f2fe.jpg?ver=1777574230","width":96,"height":96,"caption":"admin"}},{"@type":"WebPage","@id":"https:\/\/eldigitaldeasturias.com\/magazine365\/vetusta-morla-y-la-imparable-deriva-ascendente\/#webpage","url":"https:\/\/eldigitaldeasturias.com\/magazine365\/vetusta-morla-y-la-imparable-deriva-ascendente\/","name":"Vetusta Morla y la imparable deriva ascendente | El Digital de Asturias","description":"Madrid, 30 may (EFE).- Aunque en su nuevo disco, \"La deriva\", los Vetusta Morla se abre a la imprevisi\u00f3n y la esperanza del cambio, el sexteto madrile\u00f1o hace ya tiempo que mantiene un rumbo invariable de trayectoria ascendente, como han vuelto a dibujar esta noche en el primero de cinco conciertos en su ciudad con","inLanguage":"es-ES","isPartOf":{"@id":"https:\/\/eldigitaldeasturias.com\/magazine365\/#website"},"breadcrumb":{"@id":"https:\/\/eldigitaldeasturias.com\/magazine365\/vetusta-morla-y-la-imparable-deriva-ascendente\/#breadcrumblist"},"author":{"@id":"https:\/\/eldigitaldeasturias.com\/magazine365\/author\/admin\/#author"},"creator":{"@id":"https:\/\/eldigitaldeasturias.com\/magazine365\/author\/admin\/#author"},"image":{"@type":"ImageObject","url":"https:\/\/eldigitaldeasturias.com\/magazine365\/wp-content\/uploads\/2014\/05\/6316282w.jpg","@id":"https:\/\/eldigitaldeasturias.com\/magazine365\/vetusta-morla-y-la-imparable-deriva-ascendente\/#mainImage","width":800,"height":585},"primaryImageOfPage":{"@id":"https:\/\/eldigitaldeasturias.com\/magazine365\/vetusta-morla-y-la-imparable-deriva-ascendente\/#mainImage"},"datePublished":"2014-05-30T01:21:03+02:00","dateModified":"2014-05-30T01:21:03+02:00"},{"@type":"WebSite","@id":"https:\/\/eldigitaldeasturias.com\/magazine365\/#website","url":"https:\/\/eldigitaldeasturias.com\/magazine365\/","name":"El Digital de Asturias","description":"Revista de ocio, turismo y estilo de vida","inLanguage":"es-ES","publisher":{"@id":"https:\/\/eldigitaldeasturias.com\/magazine365\/#organization"}}]},"og:locale":"es_ES","og:site_name":"El Digital de Asturias \u2013 Revista de ocio, turismo y estilo de vida","og:type":"article","og:title":"Vetusta Morla y la imparable deriva ascendente | El Digital de Asturias","og:description":"Madrid, 30 may (EFE).- Aunque en su nuevo disco, &quot;La deriva&quot;, los Vetusta Morla se abre a la imprevisi\u00f3n y la esperanza del cambio, el sexteto madrile\u00f1o hace ya tiempo que mantiene un rumbo invariable de trayectoria ascendente, como han vuelto a dibujar esta noche en el primero de cinco conciertos en su ciudad con","og:url":"https:\/\/eldigitaldeasturias.com\/magazine365\/vetusta-morla-y-la-imparable-deriva-ascendente\/","og:image":"https:\/\/eldigitaldeasturias.com\/magazine365\/wp-content\/uploads\/2014\/05\/6316282w.jpg","og:image:secure_url":"https:\/\/eldigitaldeasturias.com\/magazine365\/wp-content\/uploads\/2014\/05\/6316282w.jpg","og:image:width":800,"og:image:height":585,"article:published_time":"2014-05-30T03:21:03+00:00","article:modified_time":"2014-05-30T03:21:03+00:00","twitter:card":"summary_large_image","twitter:title":"Vetusta Morla y la imparable deriva ascendente | El Digital de Asturias","twitter:description":"Madrid, 30 may (EFE).- Aunque en su nuevo disco, &quot;La deriva&quot;, los Vetusta Morla se abre a la imprevisi\u00f3n y la esperanza del cambio, el sexteto madrile\u00f1o hace ya tiempo que mantiene un rumbo invariable de trayectoria ascendente, como han vuelto a dibujar esta noche en el primero de cinco conciertos en su ciudad con","twitter:image":"https:\/\/eldigitaldeasturias.com\/magazine365\/wp-content\/uploads\/2014\/05\/6316282w.jpg"},"aioseo_meta_data":{"post_id":"14439","title":null,"description":null,"keywords":null,"keyphrases":null,"primary_term":null,"canonical_url":null,"og_title":null,"og_description":null,"og_object_type":"default","og_image_type":"default","og_image_url":null,"og_image_width":null,"og_image_height":null,"og_image_custom_url":null,"og_image_custom_fields":null,"og_video":null,"og_custom_url":null,"og_article_section":null,"og_article_tags":null,"twitter_use_og":false,"twitter_card":"default","twitter_image_type":"default","twitter_image_url":null,"twitter_image_custom_url":null,"twitter_image_custom_fields":null,"twitter_title":null,"twitter_description":null,"schema":{"blockGraphs":[],"customGraphs":[],"default":{"data":{"Article":[],"Course":[],"Dataset":[],"FAQPage":[],"Movie":[],"Person":[],"Product":[],"ProductReview":[],"Car":[],"Recipe":[],"Service":[],"SoftwareApplication":[],"WebPage":[]},"graphName":"","isEnabled":true},"graphs":[],"defaultGraph":"","defaultPostTypeGraph":""},"schema_type":null,"schema_type_options":null,"pillar_content":false,"robots_default":true,"robots_noindex":false,"robots_noarchive":false,"robots_nosnippet":false,"robots_nofollow":false,"robots_noimageindex":false,"robots_noodp":false,"robots_notranslate":false,"robots_max_snippet":null,"robots_max_videopreview":null,"robots_max_imagepreview":"large","priority":null,"frequency":null,"location":null,"local_seo":null,"seo_analyzer_scan_date":"2025-09-17 10:07:02","breadcrumb_settings":null,"limit_modified_date":false,"open_ai":null,"ai":null,"created":"2021-03-09 08:15:40","updated":"2025-09-17 10:07:02"},"aioseo_breadcrumb":"<div class=\"aioseo-breadcrumbs\"><span class=\"aioseo-breadcrumb\">\n\t<a href=\"https:\/\/eldigitaldeasturias.com\/magazine365\" title=\"Home\">Home<\/a>\n<\/span><span class=\"aioseo-breadcrumb-separator\">\u2013<\/span><span class=\"aioseo-breadcrumb\">\n\t<a href=\"https:\/\/eldigitaldeasturias.com\/magazine365\/category\/noticias-actualidad\/\" title=\"Noticias y Actualidad\">Noticias y Actualidad<\/a>\n<\/span><span class=\"aioseo-breadcrumb-separator\">\u2013<\/span><span class=\"aioseo-breadcrumb\">\n\t<a href=\"https:\/\/eldigitaldeasturias.com\/magazine365\/vetusta-morla-y-la-imparable-deriva-ascendente\/\" title=\"Vetusta Morla y la imparable deriva ascendente\">Vetusta Morla y la imparable deriva ascendente<\/a>\n<\/span><\/div>","aioseo_breadcrumb_json":[{"label":"Home","link":"https:\/\/eldigitaldeasturias.com\/magazine365"},{"label":"Noticias y Actualidad","link":"https:\/\/eldigitaldeasturias.com\/magazine365\/category\/noticias-actualidad\/"},{"label":"Vetusta Morla y la imparable deriva ascendente","link":"https:\/\/eldigitaldeasturias.com\/magazine365\/vetusta-morla-y-la-imparable-deriva-ascendente\/"}],"_links":{"self":[{"href":"https:\/\/eldigitaldeasturias.com\/magazine365\/wp-json\/wp\/v2\/posts\/14439","targetHints":{"allow":["GET"]}}],"collection":[{"href":"https:\/\/eldigitaldeasturias.com\/magazine365\/wp-json\/wp\/v2\/posts"}],"about":[{"href":"https:\/\/eldigitaldeasturias.com\/magazine365\/wp-json\/wp\/v2\/types\/post"}],"author":[{"embeddable":true,"href":"https:\/\/eldigitaldeasturias.com\/magazine365\/wp-json\/wp\/v2\/users\/1"}],"replies":[{"embeddable":true,"href":"https:\/\/eldigitaldeasturias.com\/magazine365\/wp-json\/wp\/v2\/comments?post=14439"}],"version-history":[{"count":0,"href":"https:\/\/eldigitaldeasturias.com\/magazine365\/wp-json\/wp\/v2\/posts\/14439\/revisions"}],"wp:featuredmedia":[{"embeddable":true,"href":"https:\/\/eldigitaldeasturias.com\/magazine365\/wp-json\/wp\/v2\/media\/14440"}],"wp:attachment":[{"href":"https:\/\/eldigitaldeasturias.com\/magazine365\/wp-json\/wp\/v2\/media?parent=14439"}],"wp:term":[{"taxonomy":"category","embeddable":true,"href":"https:\/\/eldigitaldeasturias.com\/magazine365\/wp-json\/wp\/v2\/categories?post=14439"},{"taxonomy":"post_tag","embeddable":true,"href":"https:\/\/eldigitaldeasturias.com\/magazine365\/wp-json\/wp\/v2\/tags?post=14439"}],"curies":[{"name":"wp","href":"https:\/\/api.w.org\/{rel}","templated":true}]}}