{"id":14433,"date":"2014-05-30T00:43:19","date_gmt":"2014-05-30T02:43:19","guid":{"rendered":"http:\/\/eldigitaldeasturias.com\/magazine365\/?p=14433"},"modified":"2014-05-30T00:43:19","modified_gmt":"2014-05-30T02:43:19","slug":"alberto-rodriguez-presenta-el-teaser-de-su-nuevo-filme-la-isla-minima","status":"publish","type":"post","link":"https:\/\/eldigitaldeasturias.com\/magazine365\/alberto-rodriguez-presenta-el-teaser-de-su-nuevo-filme-la-isla-minima\/","title":{"rendered":"Alberto Rodr\u00edguez presenta el \u00abteaser\u00bb de su nuevo filme \u00abLa isla m\u00ednima\u00bb"},"content":{"rendered":"<p><img fetchpriority=\"high\" decoding=\"async\" class=\"alignleft size-medium wp-image-14434\" alt=\"6316048w\" src=\"https:\/\/eldigitaldeasturias.com\/magazine365\/wp-content\/uploads\/2014\/05\/6316048w-360x232.jpg\" width=\"360\" height=\"232\" \/>Madrid, 29 may (EFE).- Una historia policial ambientada en las marismas de Guadalquivir es la base de \u00abLa isla m\u00ednima\u00bb, la sexta pel\u00edcula del director Alberto Rodr\u00edguez (\u00abGrupo 7\u00bb) que ha presentado hoy su primer \u00abteaser\u00bb y que cuenta con Ra\u00fal Ar\u00e9valo y Javier Guti\u00e9rrez como protagonistas.<\/p>\n<p>Calificado por la distribuidora como el \u00abproyecto m\u00e1s ambicioso\u00bb de Rodr\u00edguez, la pel\u00edcula viaja hasta 1980 cuando dos polic\u00edas de homicidios de Madrid, con m\u00e9todos y formas de ser muy diferentes, son enviados a Sevilla para investigar la desaparici\u00f3n de dos chicas durante unas fiestas.<\/p>\n<p>Ah\u00ed deber\u00e1n resolver un caso que involucra a una comunidad muy cerrada y anclada en el pasado en la que nada es lo que parece.<\/p>\n<p>Las primeras im\u00e1genes de \u00abLa isla m\u00ednima\u00bb adelantan una pel\u00edcula tensa, de ambientes misteriosos y con mucho suspense, en la que el paisaje, con grandes pantanos y zonas des\u00e9rticas, juega un papel principal.<\/p>\n<p>Junto a Ra\u00fal Ar\u00e9valo (\u00abPrimos\u00bb) y Javier Guti\u00e9rrez (\u00ab\u00c1guila Roja\u00bb) participan Antonio de la Torre (\u00abGrupo 7\u00bb) y Nerea Barros (\u00abEl secreto de Puente Viejo\u00bb) en un filme cuyo gui\u00f3n ha sido escrito por Rafael Cobos y el propio Alberto Rodr\u00edguez y que se estrenar\u00e1 en oto\u00f1o de este a\u00f1o.<\/p>\n","protected":false},"excerpt":{"rendered":"<p>Madrid, 29 may (EFE).- Una historia policial ambientada en las marismas de Guadalquivir es la base de \u00abLa isla m\u00ednima\u00bb, la sexta pel\u00edcula del director Alberto Rodr\u00edguez (\u00abGrupo 7\u00bb) que ha presentado hoy su primer \u00abteaser\u00bb y que cuenta con Ra\u00fal Ar\u00e9valo y Javier Guti\u00e9rrez como protagonistas. Calificado por la distribuidora como el \u00abproyecto m\u00e1s<\/p>\n","protected":false},"author":1,"featured_media":14434,"comment_status":"open","ping_status":"closed","sticky":false,"template":"","format":"standard","meta":{"footnotes":""},"categories":[224],"tags":[],"class_list":{"0":"post-14433","1":"post","2":"type-post","3":"status-publish","4":"format-standard","5":"has-post-thumbnail","7":"category-noticias-actualidad"},"aioseo_notices":[],"aioseo_head":"\n\t\t<!-- All in One SEO Pro 4.9.6.1 - aioseo.com -->\n\t<meta name=\"description\" content=\"Madrid, 29 may (EFE).- Una historia policial ambientada en las marismas de Guadalquivir es la base de &quot;La isla m\u00ednima&quot;, la sexta pel\u00edcula del director Alberto Rodr\u00edguez (&quot;Grupo 7&quot;) que ha presentado hoy su primer &quot;teaser&quot; y que cuenta con Ra\u00fal Ar\u00e9valo y Javier Guti\u00e9rrez como protagonistas. Calificado por la distribuidora como el &quot;proyecto m\u00e1s\" \/>\n\t<meta name=\"robots\" content=\"max-image-preview:large\" \/>\n\t<meta name=\"author\" content=\"admin\"\/>\n\t<meta name=\"google-site-verification\" content=\"UA-38556648-1\" \/>\n\t<meta name=\"keywords\" content=\"noticias y actualidad\" \/>\n\t<link rel=\"canonical\" href=\"https:\/\/eldigitaldeasturias.com\/magazine365\/alberto-rodriguez-presenta-el-teaser-de-su-nuevo-filme-la-isla-minima\/\" \/>\n\t<meta name=\"generator\" content=\"All in One SEO Pro (AIOSEO) 4.9.6.1\" \/>\n\t\t<meta property=\"og:locale\" content=\"es_ES\" \/>\n\t\t<meta property=\"og:site_name\" content=\"El Digital de Asturias \u2013 Revista de ocio, turismo y estilo de vida\" \/>\n\t\t<meta property=\"og:type\" content=\"article\" \/>\n\t\t<meta property=\"og:title\" content=\"Alberto Rodr\u00edguez presenta el \u00abteaser\u00bb de su nuevo filme \u00abLa isla m\u00ednima\u00bb | El Digital de Asturias\" \/>\n\t\t<meta property=\"og:description\" content=\"Madrid, 29 may (EFE).- Una historia policial ambientada en las marismas de Guadalquivir es la base de &quot;La isla m\u00ednima&quot;, la sexta pel\u00edcula del director Alberto Rodr\u00edguez (&quot;Grupo 7&quot;) que ha presentado hoy su primer &quot;teaser&quot; y que cuenta con Ra\u00fal Ar\u00e9valo y Javier Guti\u00e9rrez como protagonistas. Calificado por la distribuidora como el &quot;proyecto m\u00e1s\" \/>\n\t\t<meta property=\"og:url\" content=\"https:\/\/eldigitaldeasturias.com\/magazine365\/alberto-rodriguez-presenta-el-teaser-de-su-nuevo-filme-la-isla-minima\/\" \/>\n\t\t<meta property=\"og:image\" content=\"https:\/\/eldigitaldeasturias.com\/magazine365\/wp-content\/uploads\/2014\/05\/6316048w.jpg\" \/>\n\t\t<meta property=\"og:image:secure_url\" content=\"https:\/\/eldigitaldeasturias.com\/magazine365\/wp-content\/uploads\/2014\/05\/6316048w.jpg\" \/>\n\t\t<meta property=\"og:image:width\" content=\"800\" \/>\n\t\t<meta property=\"og:image:height\" content=\"517\" \/>\n\t\t<meta property=\"article:published_time\" content=\"2014-05-30T02:43:19+00:00\" \/>\n\t\t<meta property=\"article:modified_time\" content=\"2014-05-30T02:43:19+00:00\" \/>\n\t\t<meta name=\"twitter:card\" content=\"summary_large_image\" \/>\n\t\t<meta name=\"twitter:title\" content=\"Alberto Rodr\u00edguez presenta el \u00abteaser\u00bb de su nuevo filme \u00abLa isla m\u00ednima\u00bb | El Digital de Asturias\" \/>\n\t\t<meta name=\"twitter:description\" content=\"Madrid, 29 may (EFE).- Una historia policial ambientada en las marismas de Guadalquivir es la base de &quot;La isla m\u00ednima&quot;, la sexta pel\u00edcula del director Alberto Rodr\u00edguez (&quot;Grupo 7&quot;) que ha presentado hoy su primer &quot;teaser&quot; y que cuenta con Ra\u00fal Ar\u00e9valo y Javier Guti\u00e9rrez como protagonistas. Calificado por la distribuidora como el &quot;proyecto m\u00e1s\" \/>\n\t\t<meta name=\"twitter:image\" content=\"https:\/\/eldigitaldeasturias.com\/magazine365\/wp-content\/uploads\/2014\/05\/6316048w.jpg\" \/>\n\t\t<script type=\"application\/ld+json\" class=\"aioseo-schema\">\n\t\t\t{\"@context\":\"https:\\\/\\\/schema.org\",\"@graph\":[{\"@type\":\"Article\",\"@id\":\"https:\\\/\\\/eldigitaldeasturias.com\\\/magazine365\\\/alberto-rodriguez-presenta-el-teaser-de-su-nuevo-filme-la-isla-minima\\\/#article\",\"name\":\"Alberto Rodr\\u00edguez presenta el \\u00abteaser\\u00bb de su nuevo filme \\u00abLa isla m\\u00ednima\\u00bb | El Digital de Asturias\",\"headline\":\"Alberto Rodr\\u00edguez presenta el \\u00abteaser\\u00bb de su nuevo filme \\u00abLa isla m\\u00ednima\\u00bb\",\"author\":{\"@id\":\"https:\\\/\\\/eldigitaldeasturias.com\\\/magazine365\\\/author\\\/admin\\\/#author\"},\"publisher\":{\"@id\":\"https:\\\/\\\/eldigitaldeasturias.com\\\/magazine365\\\/#organization\"},\"image\":{\"@type\":\"ImageObject\",\"url\":\"https:\\\/\\\/eldigitaldeasturias.com\\\/magazine365\\\/wp-content\\\/uploads\\\/2014\\\/05\\\/6316048w.jpg\",\"width\":800,\"height\":517},\"datePublished\":\"2014-05-30T00:43:19+02:00\",\"dateModified\":\"2014-05-30T00:43:19+02:00\",\"inLanguage\":\"es-ES\",\"mainEntityOfPage\":{\"@id\":\"https:\\\/\\\/eldigitaldeasturias.com\\\/magazine365\\\/alberto-rodriguez-presenta-el-teaser-de-su-nuevo-filme-la-isla-minima\\\/#webpage\"},\"isPartOf\":{\"@id\":\"https:\\\/\\\/eldigitaldeasturias.com\\\/magazine365\\\/alberto-rodriguez-presenta-el-teaser-de-su-nuevo-filme-la-isla-minima\\\/#webpage\"},\"articleSection\":\"Noticias y Actualidad\"},{\"@type\":\"BreadcrumbList\",\"@id\":\"https:\\\/\\\/eldigitaldeasturias.com\\\/magazine365\\\/alberto-rodriguez-presenta-el-teaser-de-su-nuevo-filme-la-isla-minima\\\/#breadcrumblist\",\"itemListElement\":[{\"@type\":\"ListItem\",\"@id\":\"https:\\\/\\\/eldigitaldeasturias.com\\\/magazine365#listItem\",\"position\":1,\"name\":\"Home\",\"item\":\"https:\\\/\\\/eldigitaldeasturias.com\\\/magazine365\",\"nextItem\":{\"@type\":\"ListItem\",\"@id\":\"https:\\\/\\\/eldigitaldeasturias.com\\\/magazine365\\\/category\\\/noticias-actualidad\\\/#listItem\",\"name\":\"Noticias y Actualidad\"}},{\"@type\":\"ListItem\",\"@id\":\"https:\\\/\\\/eldigitaldeasturias.com\\\/magazine365\\\/category\\\/noticias-actualidad\\\/#listItem\",\"position\":2,\"name\":\"Noticias y Actualidad\",\"item\":\"https:\\\/\\\/eldigitaldeasturias.com\\\/magazine365\\\/category\\\/noticias-actualidad\\\/\",\"nextItem\":{\"@type\":\"ListItem\",\"@id\":\"https:\\\/\\\/eldigitaldeasturias.com\\\/magazine365\\\/alberto-rodriguez-presenta-el-teaser-de-su-nuevo-filme-la-isla-minima\\\/#listItem\",\"name\":\"Alberto Rodr\\u00edguez presenta el \\u00abteaser\\u00bb de su nuevo filme \\u00abLa isla m\\u00ednima\\u00bb\"},\"previousItem\":{\"@type\":\"ListItem\",\"@id\":\"https:\\\/\\\/eldigitaldeasturias.com\\\/magazine365#listItem\",\"name\":\"Home\"}},{\"@type\":\"ListItem\",\"@id\":\"https:\\\/\\\/eldigitaldeasturias.com\\\/magazine365\\\/alberto-rodriguez-presenta-el-teaser-de-su-nuevo-filme-la-isla-minima\\\/#listItem\",\"position\":3,\"name\":\"Alberto Rodr\\u00edguez presenta el \\u00abteaser\\u00bb de su nuevo filme \\u00abLa isla m\\u00ednima\\u00bb\",\"previousItem\":{\"@type\":\"ListItem\",\"@id\":\"https:\\\/\\\/eldigitaldeasturias.com\\\/magazine365\\\/category\\\/noticias-actualidad\\\/#listItem\",\"name\":\"Noticias y Actualidad\"}}]},{\"@type\":\"Organization\",\"@id\":\"https:\\\/\\\/eldigitaldeasturias.com\\\/magazine365\\\/#organization\",\"name\":\"El digital de Asturias\",\"description\":\"Revista de ocio, turismo y estilo de vida\",\"url\":\"https:\\\/\\\/eldigitaldeasturias.com\\\/magazine365\\\/\",\"logo\":{\"@type\":\"ImageObject\",\"url\":\"https:\\\/\\\/www.eldigitaldeasturias.com\\\/noticias\\\/wp-content\\\/uploads\\\/2020\\\/12\\\/EDA.jpg\",\"@id\":\"https:\\\/\\\/eldigitaldeasturias.com\\\/magazine365\\\/alberto-rodriguez-presenta-el-teaser-de-su-nuevo-filme-la-isla-minima\\\/#organizationLogo\"},\"image\":{\"@id\":\"https:\\\/\\\/eldigitaldeasturias.com\\\/magazine365\\\/alberto-rodriguez-presenta-el-teaser-de-su-nuevo-filme-la-isla-minima\\\/#organizationLogo\"}},{\"@type\":\"Person\",\"@id\":\"https:\\\/\\\/eldigitaldeasturias.com\\\/magazine365\\\/author\\\/admin\\\/#author\",\"url\":\"https:\\\/\\\/eldigitaldeasturias.com\\\/magazine365\\\/author\\\/admin\\\/\",\"name\":\"admin\",\"image\":{\"@type\":\"ImageObject\",\"@id\":\"https:\\\/\\\/eldigitaldeasturias.com\\\/magazine365\\\/alberto-rodriguez-presenta-el-teaser-de-su-nuevo-filme-la-isla-minima\\\/#authorImage\",\"url\":\"https:\\\/\\\/eldigitaldeasturias.com\\\/magazine365\\\/wp-content\\\/litespeed\\\/avatar\\\/e571bcf59a0edd6fa6838245a470f2fe.jpg?ver=1777574230\",\"width\":96,\"height\":96,\"caption\":\"admin\"}},{\"@type\":\"WebPage\",\"@id\":\"https:\\\/\\\/eldigitaldeasturias.com\\\/magazine365\\\/alberto-rodriguez-presenta-el-teaser-de-su-nuevo-filme-la-isla-minima\\\/#webpage\",\"url\":\"https:\\\/\\\/eldigitaldeasturias.com\\\/magazine365\\\/alberto-rodriguez-presenta-el-teaser-de-su-nuevo-filme-la-isla-minima\\\/\",\"name\":\"Alberto Rodr\\u00edguez presenta el \\u00abteaser\\u00bb de su nuevo filme \\u00abLa isla m\\u00ednima\\u00bb | El Digital de Asturias\",\"description\":\"Madrid, 29 may (EFE).- Una historia policial ambientada en las marismas de Guadalquivir es la base de \\\"La isla m\\u00ednima\\\", la sexta pel\\u00edcula del director Alberto Rodr\\u00edguez (\\\"Grupo 7\\\") que ha presentado hoy su primer \\\"teaser\\\" y que cuenta con Ra\\u00fal Ar\\u00e9valo y Javier Guti\\u00e9rrez como protagonistas. Calificado por la distribuidora como el \\\"proyecto m\\u00e1s\",\"inLanguage\":\"es-ES\",\"isPartOf\":{\"@id\":\"https:\\\/\\\/eldigitaldeasturias.com\\\/magazine365\\\/#website\"},\"breadcrumb\":{\"@id\":\"https:\\\/\\\/eldigitaldeasturias.com\\\/magazine365\\\/alberto-rodriguez-presenta-el-teaser-de-su-nuevo-filme-la-isla-minima\\\/#breadcrumblist\"},\"author\":{\"@id\":\"https:\\\/\\\/eldigitaldeasturias.com\\\/magazine365\\\/author\\\/admin\\\/#author\"},\"creator\":{\"@id\":\"https:\\\/\\\/eldigitaldeasturias.com\\\/magazine365\\\/author\\\/admin\\\/#author\"},\"image\":{\"@type\":\"ImageObject\",\"url\":\"https:\\\/\\\/eldigitaldeasturias.com\\\/magazine365\\\/wp-content\\\/uploads\\\/2014\\\/05\\\/6316048w.jpg\",\"@id\":\"https:\\\/\\\/eldigitaldeasturias.com\\\/magazine365\\\/alberto-rodriguez-presenta-el-teaser-de-su-nuevo-filme-la-isla-minima\\\/#mainImage\",\"width\":800,\"height\":517},\"primaryImageOfPage\":{\"@id\":\"https:\\\/\\\/eldigitaldeasturias.com\\\/magazine365\\\/alberto-rodriguez-presenta-el-teaser-de-su-nuevo-filme-la-isla-minima\\\/#mainImage\"},\"datePublished\":\"2014-05-30T00:43:19+02:00\",\"dateModified\":\"2014-05-30T00:43:19+02:00\"},{\"@type\":\"WebSite\",\"@id\":\"https:\\\/\\\/eldigitaldeasturias.com\\\/magazine365\\\/#website\",\"url\":\"https:\\\/\\\/eldigitaldeasturias.com\\\/magazine365\\\/\",\"name\":\"El Digital de Asturias\",\"description\":\"Revista de ocio, turismo y estilo de vida\",\"inLanguage\":\"es-ES\",\"publisher\":{\"@id\":\"https:\\\/\\\/eldigitaldeasturias.com\\\/magazine365\\\/#organization\"}}]}\n\t\t<\/script>\n\t\t<!-- All in One SEO Pro -->\r\n\t\t<title>Alberto Rodr\u00edguez presenta el \u00abteaser\u00bb de su nuevo filme \u00abLa isla m\u00ednima\u00bb | El Digital de Asturias<\/title>\n\n","aioseo_head_json":{"title":"Alberto Rodr\u00edguez presenta el \u00abteaser\u00bb de su nuevo filme \u00abLa isla m\u00ednima\u00bb | El Digital de Asturias","description":"Madrid, 29 may (EFE).- Una historia policial ambientada en las marismas de Guadalquivir es la base de \"La isla m\u00ednima\", la sexta pel\u00edcula del director Alberto Rodr\u00edguez (\"Grupo 7\") que ha presentado hoy su primer \"teaser\" y que cuenta con Ra\u00fal Ar\u00e9valo y Javier Guti\u00e9rrez como protagonistas. Calificado por la distribuidora como el \"proyecto m\u00e1s","canonical_url":"https:\/\/eldigitaldeasturias.com\/magazine365\/alberto-rodriguez-presenta-el-teaser-de-su-nuevo-filme-la-isla-minima\/","robots":"max-image-preview:large","keywords":"noticias y actualidad","webmasterTools":{"google-site-verification":"UA-38556648-1","miscellaneous":""},"schema":{"@context":"https:\/\/schema.org","@graph":[{"@type":"Article","@id":"https:\/\/eldigitaldeasturias.com\/magazine365\/alberto-rodriguez-presenta-el-teaser-de-su-nuevo-filme-la-isla-minima\/#article","name":"Alberto Rodr\u00edguez presenta el \u00abteaser\u00bb de su nuevo filme \u00abLa isla m\u00ednima\u00bb | El Digital de Asturias","headline":"Alberto Rodr\u00edguez presenta el \u00abteaser\u00bb de su nuevo filme \u00abLa isla m\u00ednima\u00bb","author":{"@id":"https:\/\/eldigitaldeasturias.com\/magazine365\/author\/admin\/#author"},"publisher":{"@id":"https:\/\/eldigitaldeasturias.com\/magazine365\/#organization"},"image":{"@type":"ImageObject","url":"https:\/\/eldigitaldeasturias.com\/magazine365\/wp-content\/uploads\/2014\/05\/6316048w.jpg","width":800,"height":517},"datePublished":"2014-05-30T00:43:19+02:00","dateModified":"2014-05-30T00:43:19+02:00","inLanguage":"es-ES","mainEntityOfPage":{"@id":"https:\/\/eldigitaldeasturias.com\/magazine365\/alberto-rodriguez-presenta-el-teaser-de-su-nuevo-filme-la-isla-minima\/#webpage"},"isPartOf":{"@id":"https:\/\/eldigitaldeasturias.com\/magazine365\/alberto-rodriguez-presenta-el-teaser-de-su-nuevo-filme-la-isla-minima\/#webpage"},"articleSection":"Noticias y Actualidad"},{"@type":"BreadcrumbList","@id":"https:\/\/eldigitaldeasturias.com\/magazine365\/alberto-rodriguez-presenta-el-teaser-de-su-nuevo-filme-la-isla-minima\/#breadcrumblist","itemListElement":[{"@type":"ListItem","@id":"https:\/\/eldigitaldeasturias.com\/magazine365#listItem","position":1,"name":"Home","item":"https:\/\/eldigitaldeasturias.com\/magazine365","nextItem":{"@type":"ListItem","@id":"https:\/\/eldigitaldeasturias.com\/magazine365\/category\/noticias-actualidad\/#listItem","name":"Noticias y Actualidad"}},{"@type":"ListItem","@id":"https:\/\/eldigitaldeasturias.com\/magazine365\/category\/noticias-actualidad\/#listItem","position":2,"name":"Noticias y Actualidad","item":"https:\/\/eldigitaldeasturias.com\/magazine365\/category\/noticias-actualidad\/","nextItem":{"@type":"ListItem","@id":"https:\/\/eldigitaldeasturias.com\/magazine365\/alberto-rodriguez-presenta-el-teaser-de-su-nuevo-filme-la-isla-minima\/#listItem","name":"Alberto Rodr\u00edguez presenta el \u00abteaser\u00bb de su nuevo filme \u00abLa isla m\u00ednima\u00bb"},"previousItem":{"@type":"ListItem","@id":"https:\/\/eldigitaldeasturias.com\/magazine365#listItem","name":"Home"}},{"@type":"ListItem","@id":"https:\/\/eldigitaldeasturias.com\/magazine365\/alberto-rodriguez-presenta-el-teaser-de-su-nuevo-filme-la-isla-minima\/#listItem","position":3,"name":"Alberto Rodr\u00edguez presenta el \u00abteaser\u00bb de su nuevo filme \u00abLa isla m\u00ednima\u00bb","previousItem":{"@type":"ListItem","@id":"https:\/\/eldigitaldeasturias.com\/magazine365\/category\/noticias-actualidad\/#listItem","name":"Noticias y Actualidad"}}]},{"@type":"Organization","@id":"https:\/\/eldigitaldeasturias.com\/magazine365\/#organization","name":"El digital de Asturias","description":"Revista de ocio, turismo y estilo de vida","url":"https:\/\/eldigitaldeasturias.com\/magazine365\/","logo":{"@type":"ImageObject","url":"https:\/\/www.eldigitaldeasturias.com\/noticias\/wp-content\/uploads\/2020\/12\/EDA.jpg","@id":"https:\/\/eldigitaldeasturias.com\/magazine365\/alberto-rodriguez-presenta-el-teaser-de-su-nuevo-filme-la-isla-minima\/#organizationLogo"},"image":{"@id":"https:\/\/eldigitaldeasturias.com\/magazine365\/alberto-rodriguez-presenta-el-teaser-de-su-nuevo-filme-la-isla-minima\/#organizationLogo"}},{"@type":"Person","@id":"https:\/\/eldigitaldeasturias.com\/magazine365\/author\/admin\/#author","url":"https:\/\/eldigitaldeasturias.com\/magazine365\/author\/admin\/","name":"admin","image":{"@type":"ImageObject","@id":"https:\/\/eldigitaldeasturias.com\/magazine365\/alberto-rodriguez-presenta-el-teaser-de-su-nuevo-filme-la-isla-minima\/#authorImage","url":"https:\/\/eldigitaldeasturias.com\/magazine365\/wp-content\/litespeed\/avatar\/e571bcf59a0edd6fa6838245a470f2fe.jpg?ver=1777574230","width":96,"height":96,"caption":"admin"}},{"@type":"WebPage","@id":"https:\/\/eldigitaldeasturias.com\/magazine365\/alberto-rodriguez-presenta-el-teaser-de-su-nuevo-filme-la-isla-minima\/#webpage","url":"https:\/\/eldigitaldeasturias.com\/magazine365\/alberto-rodriguez-presenta-el-teaser-de-su-nuevo-filme-la-isla-minima\/","name":"Alberto Rodr\u00edguez presenta el \u00abteaser\u00bb de su nuevo filme \u00abLa isla m\u00ednima\u00bb | El Digital de Asturias","description":"Madrid, 29 may (EFE).- Una historia policial ambientada en las marismas de Guadalquivir es la base de \"La isla m\u00ednima\", la sexta pel\u00edcula del director Alberto Rodr\u00edguez (\"Grupo 7\") que ha presentado hoy su primer \"teaser\" y que cuenta con Ra\u00fal Ar\u00e9valo y Javier Guti\u00e9rrez como protagonistas. Calificado por la distribuidora como el \"proyecto m\u00e1s","inLanguage":"es-ES","isPartOf":{"@id":"https:\/\/eldigitaldeasturias.com\/magazine365\/#website"},"breadcrumb":{"@id":"https:\/\/eldigitaldeasturias.com\/magazine365\/alberto-rodriguez-presenta-el-teaser-de-su-nuevo-filme-la-isla-minima\/#breadcrumblist"},"author":{"@id":"https:\/\/eldigitaldeasturias.com\/magazine365\/author\/admin\/#author"},"creator":{"@id":"https:\/\/eldigitaldeasturias.com\/magazine365\/author\/admin\/#author"},"image":{"@type":"ImageObject","url":"https:\/\/eldigitaldeasturias.com\/magazine365\/wp-content\/uploads\/2014\/05\/6316048w.jpg","@id":"https:\/\/eldigitaldeasturias.com\/magazine365\/alberto-rodriguez-presenta-el-teaser-de-su-nuevo-filme-la-isla-minima\/#mainImage","width":800,"height":517},"primaryImageOfPage":{"@id":"https:\/\/eldigitaldeasturias.com\/magazine365\/alberto-rodriguez-presenta-el-teaser-de-su-nuevo-filme-la-isla-minima\/#mainImage"},"datePublished":"2014-05-30T00:43:19+02:00","dateModified":"2014-05-30T00:43:19+02:00"},{"@type":"WebSite","@id":"https:\/\/eldigitaldeasturias.com\/magazine365\/#website","url":"https:\/\/eldigitaldeasturias.com\/magazine365\/","name":"El Digital de Asturias","description":"Revista de ocio, turismo y estilo de vida","inLanguage":"es-ES","publisher":{"@id":"https:\/\/eldigitaldeasturias.com\/magazine365\/#organization"}}]},"og:locale":"es_ES","og:site_name":"El Digital de Asturias \u2013 Revista de ocio, turismo y estilo de vida","og:type":"article","og:title":"Alberto Rodr\u00edguez presenta el \u00abteaser\u00bb de su nuevo filme \u00abLa isla m\u00ednima\u00bb | El Digital de Asturias","og:description":"Madrid, 29 may (EFE).- Una historia policial ambientada en las marismas de Guadalquivir es la base de &quot;La isla m\u00ednima&quot;, la sexta pel\u00edcula del director Alberto Rodr\u00edguez (&quot;Grupo 7&quot;) que ha presentado hoy su primer &quot;teaser&quot; y que cuenta con Ra\u00fal Ar\u00e9valo y Javier Guti\u00e9rrez como protagonistas. Calificado por la distribuidora como el &quot;proyecto m\u00e1s","og:url":"https:\/\/eldigitaldeasturias.com\/magazine365\/alberto-rodriguez-presenta-el-teaser-de-su-nuevo-filme-la-isla-minima\/","og:image":"https:\/\/eldigitaldeasturias.com\/magazine365\/wp-content\/uploads\/2014\/05\/6316048w.jpg","og:image:secure_url":"https:\/\/eldigitaldeasturias.com\/magazine365\/wp-content\/uploads\/2014\/05\/6316048w.jpg","og:image:width":800,"og:image:height":517,"article:published_time":"2014-05-30T02:43:19+00:00","article:modified_time":"2014-05-30T02:43:19+00:00","twitter:card":"summary_large_image","twitter:title":"Alberto Rodr\u00edguez presenta el \u00abteaser\u00bb de su nuevo filme \u00abLa isla m\u00ednima\u00bb | El Digital de Asturias","twitter:description":"Madrid, 29 may (EFE).- Una historia policial ambientada en las marismas de Guadalquivir es la base de &quot;La isla m\u00ednima&quot;, la sexta pel\u00edcula del director Alberto Rodr\u00edguez (&quot;Grupo 7&quot;) que ha presentado hoy su primer &quot;teaser&quot; y que cuenta con Ra\u00fal Ar\u00e9valo y Javier Guti\u00e9rrez como protagonistas. Calificado por la distribuidora como el &quot;proyecto m\u00e1s","twitter:image":"https:\/\/eldigitaldeasturias.com\/magazine365\/wp-content\/uploads\/2014\/05\/6316048w.jpg"},"aioseo_meta_data":{"post_id":"14433","title":null,"description":null,"keywords":null,"keyphrases":null,"primary_term":null,"canonical_url":null,"og_title":null,"og_description":null,"og_object_type":"default","og_image_type":"default","og_image_url":null,"og_image_width":null,"og_image_height":null,"og_image_custom_url":null,"og_image_custom_fields":null,"og_video":null,"og_custom_url":null,"og_article_section":null,"og_article_tags":null,"twitter_use_og":false,"twitter_card":"default","twitter_image_type":"default","twitter_image_url":null,"twitter_image_custom_url":null,"twitter_image_custom_fields":null,"twitter_title":null,"twitter_description":null,"schema":{"blockGraphs":[],"customGraphs":[],"default":{"data":{"Article":[],"Course":[],"Dataset":[],"FAQPage":[],"Movie":[],"Person":[],"Product":[],"ProductReview":[],"Car":[],"Recipe":[],"Service":[],"SoftwareApplication":[],"WebPage":[]},"graphName":"","isEnabled":true},"graphs":[],"defaultGraph":"","defaultPostTypeGraph":""},"schema_type":null,"schema_type_options":null,"pillar_content":false,"robots_default":true,"robots_noindex":false,"robots_noarchive":false,"robots_nosnippet":false,"robots_nofollow":false,"robots_noimageindex":false,"robots_noodp":false,"robots_notranslate":false,"robots_max_snippet":null,"robots_max_videopreview":null,"robots_max_imagepreview":"large","priority":null,"frequency":null,"location":null,"local_seo":null,"seo_analyzer_scan_date":"2025-09-17 10:06:58","breadcrumb_settings":null,"limit_modified_date":false,"open_ai":null,"ai":null,"created":"2021-03-09 08:15:40","updated":"2025-09-17 10:06:58"},"aioseo_breadcrumb":"<div class=\"aioseo-breadcrumbs\"><span class=\"aioseo-breadcrumb\">\n\t<a href=\"https:\/\/eldigitaldeasturias.com\/magazine365\" title=\"Home\">Home<\/a>\n<\/span><span class=\"aioseo-breadcrumb-separator\">\u2013<\/span><span class=\"aioseo-breadcrumb\">\n\t<a href=\"https:\/\/eldigitaldeasturias.com\/magazine365\/category\/noticias-actualidad\/\" title=\"Noticias y Actualidad\">Noticias y Actualidad<\/a>\n<\/span><span class=\"aioseo-breadcrumb-separator\">\u2013<\/span><span class=\"aioseo-breadcrumb\">\n\t<a href=\"https:\/\/eldigitaldeasturias.com\/magazine365\/alberto-rodriguez-presenta-el-teaser-de-su-nuevo-filme-la-isla-minima\/\" title=\"Alberto Rodr\u00edguez presenta el \u00abteaser\u00bb de su nuevo filme \u00abLa isla m\u00ednima\u00bb\">Alberto Rodr\u00edguez presenta el \u00abteaser\u00bb de su nuevo filme \u00abLa isla m\u00ednima\u00bb<\/a>\n<\/span><\/div>","aioseo_breadcrumb_json":[{"label":"Home","link":"https:\/\/eldigitaldeasturias.com\/magazine365"},{"label":"Noticias y Actualidad","link":"https:\/\/eldigitaldeasturias.com\/magazine365\/category\/noticias-actualidad\/"},{"label":"Alberto Rodr\u00edguez presenta el \u00abteaser\u00bb de su nuevo filme \u00abLa isla m\u00ednima\u00bb","link":"https:\/\/eldigitaldeasturias.com\/magazine365\/alberto-rodriguez-presenta-el-teaser-de-su-nuevo-filme-la-isla-minima\/"}],"_links":{"self":[{"href":"https:\/\/eldigitaldeasturias.com\/magazine365\/wp-json\/wp\/v2\/posts\/14433","targetHints":{"allow":["GET"]}}],"collection":[{"href":"https:\/\/eldigitaldeasturias.com\/magazine365\/wp-json\/wp\/v2\/posts"}],"about":[{"href":"https:\/\/eldigitaldeasturias.com\/magazine365\/wp-json\/wp\/v2\/types\/post"}],"author":[{"embeddable":true,"href":"https:\/\/eldigitaldeasturias.com\/magazine365\/wp-json\/wp\/v2\/users\/1"}],"replies":[{"embeddable":true,"href":"https:\/\/eldigitaldeasturias.com\/magazine365\/wp-json\/wp\/v2\/comments?post=14433"}],"version-history":[{"count":0,"href":"https:\/\/eldigitaldeasturias.com\/magazine365\/wp-json\/wp\/v2\/posts\/14433\/revisions"}],"wp:featuredmedia":[{"embeddable":true,"href":"https:\/\/eldigitaldeasturias.com\/magazine365\/wp-json\/wp\/v2\/media\/14434"}],"wp:attachment":[{"href":"https:\/\/eldigitaldeasturias.com\/magazine365\/wp-json\/wp\/v2\/media?parent=14433"}],"wp:term":[{"taxonomy":"category","embeddable":true,"href":"https:\/\/eldigitaldeasturias.com\/magazine365\/wp-json\/wp\/v2\/categories?post=14433"},{"taxonomy":"post_tag","embeddable":true,"href":"https:\/\/eldigitaldeasturias.com\/magazine365\/wp-json\/wp\/v2\/tags?post=14433"}],"curies":[{"name":"wp","href":"https:\/\/api.w.org\/{rel}","templated":true}]}}