{"id":14421,"date":"2014-05-30T00:34:54","date_gmt":"2014-05-30T02:34:54","guid":{"rendered":"http:\/\/eldigitaldeasturias.com\/magazine365\/?p=14421"},"modified":"2014-05-30T00:34:54","modified_gmt":"2014-05-30T02:34:54","slug":"el-primavera-sound-levanta-el-telon","status":"publish","type":"post","link":"https:\/\/eldigitaldeasturias.com\/magazine365\/el-primavera-sound-levanta-el-telon\/","title":{"rendered":"El Primavera Sound levanta el tel\u00f3n"},"content":{"rendered":"<p><img fetchpriority=\"high\" decoding=\"async\" class=\"alignleft size-medium wp-image-14422\" alt=\"6315797w\" src=\"https:\/\/eldigitaldeasturias.com\/magazine365\/wp-content\/uploads\/2014\/05\/6315797w-360x239.jpg\" width=\"360\" height=\"239\" \/>Barcelona, 29 may (EFE).- El Primavera Sound ha levantado el tel\u00f3n de sus tres d\u00edas grandes con un cambio de paisaje. Si ayer la lluvia agu\u00f3 la jornada gratuita, el sol se ha aliado hoy con el p\u00fablico de pago que en las primeras horas del festival ha podido disfrutar de un cartel que para el jueves incluye unos 80 conciertos<\/p>\n<p>Entre las primeras que han saltado al escenario estaba la vers\u00e1til Glasser -tras quien se esconde Cameron Mesirow- una artista cuyo estilo y voz, que navega sin naufragar entre gritos y susurros, es imposible no emparentar con los primeros discos de la islandesa Bjork.<\/p>\n<p>Pero las florituras vocales de Glasser no son el \u00fanico ingrediente de \u00abRing\u00bb, su hasta ahora primer trabajo, en el que combina la electr\u00f3nica delicada con unas bases dirigidas a la pista de baile.<\/p>\n<p>En su actuaci\u00f3n, Cameron ha insistido en esa senda, animando ella misma desde el escenario a bailar a todos los que le hab\u00edan elegido entre la ingente oferta musical del Primavera.<\/p>\n<p>En la otra punta del enorme recinto del Parc del F\u00f2rum, casi 180.000 metros cuadrados con once escenarios de diversa escala, actuaba casi a la misma hora, pero con un p\u00fablico mucho m\u00e1s numeroso, Real Estate, el quinteto de New Jersey que practica un pop pulcro y exento de cualquier tonter\u00eda exhibicionista.<\/p>\n<p>Esta banda, en la que nadie parece discutir por convertirse en el frontman del grupo (casi todos act\u00faan como vocalistas), ha presentado los temas de \u00abAtlas\u00bb, su recient\u00edsimo \u00e1lbum, que confirma esa querencia por las composiciones sencillas pero tan pulcras como ellos mismos.<\/p>\n<p>El veterano Nacho Vegas ha sido una las aportaciones del \u00abcupo espa\u00f1ol\u00bb de la tarde (aunque hay muchas m\u00e1s como los catalanes El petit de Cal Eril o Los Ganglios, una de las formaciones m\u00e1s divertidas del panorama pop nacional).<\/p>\n<p>Vegas, un tipo capaz de mantener la dignidad dentro de un mundo tan dado a los excesos del ego como es la escena indie, ha aprovechado su actuaci\u00f3n para recordar que adem\u00e1s de la m\u00fasica y de los festivales \u00abde modernos\u00bb hay vida m\u00e1s all\u00e1 y se ha referido al conflicto de Can Vies y a la gente que en la actualidad pasa por apuros, palabras que han sido recibidas con aplausos.<\/p>\n<p>El Primavera Sound, la cita con la que se abre la veda de los festivales de verano, es un gigante que cada a\u00f1o crece y crece, y que va mutando aunque en ocasiones por algunos derroteros que no son bien recibidos por su p\u00fablico, una amalgama de nacionalidades y gustos que vienen a disfrutar de un programa inabarcable.<\/p>\n<p>As\u00ed, el aumento de las zonas exclusivas, a las que s\u00f3lo se puede acceder con una pulserita determinada, provoca una sensaci\u00f3n de segregaci\u00f3n que muchos no entienden, porque defienden que la filosof\u00eda de un festival que naci\u00f3 como algo cercano se est\u00e1 convirtiendo en una m\u00e1quina de hacer dinero.<\/p>\n<p>Las caras de fastidio que se les queda cuando se les niega el paso a otra zona m\u00e1s lo dejan claro.<\/p>\n<p>Para la noche, est\u00e1n previstas las actuaciones estrella del jueves entre ellas, la de los canadienses Arcade Fire y las de los californianos Queens of the stone age.<\/p>\n<p>Sergio Andreu<\/p>\n","protected":false},"excerpt":{"rendered":"<p>Barcelona, 29 may (EFE).- El Primavera Sound ha levantado el tel\u00f3n de sus tres d\u00edas grandes con un cambio de paisaje. Si ayer la lluvia agu\u00f3 la jornada gratuita, el sol se ha aliado hoy con el p\u00fablico de pago que en las primeras horas del festival ha podido disfrutar de un cartel que para<\/p>\n","protected":false},"author":1,"featured_media":14422,"comment_status":"open","ping_status":"closed","sticky":false,"template":"","format":"standard","meta":{"footnotes":""},"categories":[224],"tags":[],"class_list":{"0":"post-14421","1":"post","2":"type-post","3":"status-publish","4":"format-standard","5":"has-post-thumbnail","7":"category-noticias-actualidad"},"aioseo_notices":[],"aioseo_head":"\n\t\t<!-- All in One SEO Pro 4.9.6.1 - aioseo.com -->\n\t<meta name=\"description\" content=\"Barcelona, 29 may (EFE).- El Primavera Sound ha levantado el tel\u00f3n de sus tres d\u00edas grandes con un cambio de paisaje. Si ayer la lluvia agu\u00f3 la jornada gratuita, el sol se ha aliado hoy con el p\u00fablico de pago que en las primeras horas del festival ha podido disfrutar de un cartel que para\" \/>\n\t<meta name=\"robots\" content=\"max-image-preview:large\" \/>\n\t<meta name=\"author\" content=\"admin\"\/>\n\t<meta name=\"google-site-verification\" content=\"UA-38556648-1\" \/>\n\t<meta name=\"keywords\" content=\"noticias y actualidad\" \/>\n\t<link rel=\"canonical\" href=\"https:\/\/eldigitaldeasturias.com\/magazine365\/el-primavera-sound-levanta-el-telon\/\" \/>\n\t<meta name=\"generator\" content=\"All in One SEO Pro (AIOSEO) 4.9.6.1\" \/>\n\t\t<meta property=\"og:locale\" content=\"es_ES\" \/>\n\t\t<meta property=\"og:site_name\" content=\"El Digital de Asturias \u2013 Revista de ocio, turismo y estilo de vida\" \/>\n\t\t<meta property=\"og:type\" content=\"article\" \/>\n\t\t<meta property=\"og:title\" content=\"El Primavera Sound levanta el tel\u00f3n | El Digital de Asturias\" \/>\n\t\t<meta property=\"og:description\" content=\"Barcelona, 29 may (EFE).- El Primavera Sound ha levantado el tel\u00f3n de sus tres d\u00edas grandes con un cambio de paisaje. Si ayer la lluvia agu\u00f3 la jornada gratuita, el sol se ha aliado hoy con el p\u00fablico de pago que en las primeras horas del festival ha podido disfrutar de un cartel que para\" \/>\n\t\t<meta property=\"og:url\" content=\"https:\/\/eldigitaldeasturias.com\/magazine365\/el-primavera-sound-levanta-el-telon\/\" \/>\n\t\t<meta property=\"og:image\" content=\"https:\/\/eldigitaldeasturias.com\/magazine365\/wp-content\/uploads\/2014\/05\/6315797w.jpg\" \/>\n\t\t<meta property=\"og:image:secure_url\" content=\"https:\/\/eldigitaldeasturias.com\/magazine365\/wp-content\/uploads\/2014\/05\/6315797w.jpg\" \/>\n\t\t<meta property=\"og:image:width\" content=\"800\" \/>\n\t\t<meta property=\"og:image:height\" content=\"533\" \/>\n\t\t<meta property=\"article:published_time\" content=\"2014-05-30T02:34:54+00:00\" \/>\n\t\t<meta property=\"article:modified_time\" content=\"2014-05-30T02:34:54+00:00\" \/>\n\t\t<meta name=\"twitter:card\" content=\"summary_large_image\" \/>\n\t\t<meta name=\"twitter:title\" content=\"El Primavera Sound levanta el tel\u00f3n | El Digital de Asturias\" \/>\n\t\t<meta name=\"twitter:description\" content=\"Barcelona, 29 may (EFE).- El Primavera Sound ha levantado el tel\u00f3n de sus tres d\u00edas grandes con un cambio de paisaje. Si ayer la lluvia agu\u00f3 la jornada gratuita, el sol se ha aliado hoy con el p\u00fablico de pago que en las primeras horas del festival ha podido disfrutar de un cartel que para\" \/>\n\t\t<meta name=\"twitter:image\" content=\"https:\/\/eldigitaldeasturias.com\/magazine365\/wp-content\/uploads\/2014\/05\/6315797w.jpg\" \/>\n\t\t<script type=\"application\/ld+json\" class=\"aioseo-schema\">\n\t\t\t{\"@context\":\"https:\\\/\\\/schema.org\",\"@graph\":[{\"@type\":\"Article\",\"@id\":\"https:\\\/\\\/eldigitaldeasturias.com\\\/magazine365\\\/el-primavera-sound-levanta-el-telon\\\/#article\",\"name\":\"El Primavera Sound levanta el tel\\u00f3n | El Digital de Asturias\",\"headline\":\"El Primavera Sound levanta el tel\\u00f3n\",\"author\":{\"@id\":\"https:\\\/\\\/eldigitaldeasturias.com\\\/magazine365\\\/author\\\/admin\\\/#author\"},\"publisher\":{\"@id\":\"https:\\\/\\\/eldigitaldeasturias.com\\\/magazine365\\\/#organization\"},\"image\":{\"@type\":\"ImageObject\",\"url\":\"https:\\\/\\\/eldigitaldeasturias.com\\\/magazine365\\\/wp-content\\\/uploads\\\/2014\\\/05\\\/6315797w.jpg\",\"width\":800,\"height\":533},\"datePublished\":\"2014-05-30T00:34:54+02:00\",\"dateModified\":\"2014-05-30T00:34:54+02:00\",\"inLanguage\":\"es-ES\",\"mainEntityOfPage\":{\"@id\":\"https:\\\/\\\/eldigitaldeasturias.com\\\/magazine365\\\/el-primavera-sound-levanta-el-telon\\\/#webpage\"},\"isPartOf\":{\"@id\":\"https:\\\/\\\/eldigitaldeasturias.com\\\/magazine365\\\/el-primavera-sound-levanta-el-telon\\\/#webpage\"},\"articleSection\":\"Noticias y Actualidad\"},{\"@type\":\"BreadcrumbList\",\"@id\":\"https:\\\/\\\/eldigitaldeasturias.com\\\/magazine365\\\/el-primavera-sound-levanta-el-telon\\\/#breadcrumblist\",\"itemListElement\":[{\"@type\":\"ListItem\",\"@id\":\"https:\\\/\\\/eldigitaldeasturias.com\\\/magazine365#listItem\",\"position\":1,\"name\":\"Home\",\"item\":\"https:\\\/\\\/eldigitaldeasturias.com\\\/magazine365\",\"nextItem\":{\"@type\":\"ListItem\",\"@id\":\"https:\\\/\\\/eldigitaldeasturias.com\\\/magazine365\\\/category\\\/noticias-actualidad\\\/#listItem\",\"name\":\"Noticias y Actualidad\"}},{\"@type\":\"ListItem\",\"@id\":\"https:\\\/\\\/eldigitaldeasturias.com\\\/magazine365\\\/category\\\/noticias-actualidad\\\/#listItem\",\"position\":2,\"name\":\"Noticias y Actualidad\",\"item\":\"https:\\\/\\\/eldigitaldeasturias.com\\\/magazine365\\\/category\\\/noticias-actualidad\\\/\",\"nextItem\":{\"@type\":\"ListItem\",\"@id\":\"https:\\\/\\\/eldigitaldeasturias.com\\\/magazine365\\\/el-primavera-sound-levanta-el-telon\\\/#listItem\",\"name\":\"El Primavera Sound levanta el tel\\u00f3n\"},\"previousItem\":{\"@type\":\"ListItem\",\"@id\":\"https:\\\/\\\/eldigitaldeasturias.com\\\/magazine365#listItem\",\"name\":\"Home\"}},{\"@type\":\"ListItem\",\"@id\":\"https:\\\/\\\/eldigitaldeasturias.com\\\/magazine365\\\/el-primavera-sound-levanta-el-telon\\\/#listItem\",\"position\":3,\"name\":\"El Primavera Sound levanta el tel\\u00f3n\",\"previousItem\":{\"@type\":\"ListItem\",\"@id\":\"https:\\\/\\\/eldigitaldeasturias.com\\\/magazine365\\\/category\\\/noticias-actualidad\\\/#listItem\",\"name\":\"Noticias y Actualidad\"}}]},{\"@type\":\"Organization\",\"@id\":\"https:\\\/\\\/eldigitaldeasturias.com\\\/magazine365\\\/#organization\",\"name\":\"El digital de Asturias\",\"description\":\"Revista de ocio, turismo y estilo de vida\",\"url\":\"https:\\\/\\\/eldigitaldeasturias.com\\\/magazine365\\\/\",\"logo\":{\"@type\":\"ImageObject\",\"url\":\"https:\\\/\\\/www.eldigitaldeasturias.com\\\/noticias\\\/wp-content\\\/uploads\\\/2020\\\/12\\\/EDA.jpg\",\"@id\":\"https:\\\/\\\/eldigitaldeasturias.com\\\/magazine365\\\/el-primavera-sound-levanta-el-telon\\\/#organizationLogo\"},\"image\":{\"@id\":\"https:\\\/\\\/eldigitaldeasturias.com\\\/magazine365\\\/el-primavera-sound-levanta-el-telon\\\/#organizationLogo\"}},{\"@type\":\"Person\",\"@id\":\"https:\\\/\\\/eldigitaldeasturias.com\\\/magazine365\\\/author\\\/admin\\\/#author\",\"url\":\"https:\\\/\\\/eldigitaldeasturias.com\\\/magazine365\\\/author\\\/admin\\\/\",\"name\":\"admin\",\"image\":{\"@type\":\"ImageObject\",\"@id\":\"https:\\\/\\\/eldigitaldeasturias.com\\\/magazine365\\\/el-primavera-sound-levanta-el-telon\\\/#authorImage\",\"url\":\"https:\\\/\\\/eldigitaldeasturias.com\\\/magazine365\\\/wp-content\\\/litespeed\\\/avatar\\\/e571bcf59a0edd6fa6838245a470f2fe.jpg?ver=1777574230\",\"width\":96,\"height\":96,\"caption\":\"admin\"}},{\"@type\":\"WebPage\",\"@id\":\"https:\\\/\\\/eldigitaldeasturias.com\\\/magazine365\\\/el-primavera-sound-levanta-el-telon\\\/#webpage\",\"url\":\"https:\\\/\\\/eldigitaldeasturias.com\\\/magazine365\\\/el-primavera-sound-levanta-el-telon\\\/\",\"name\":\"El Primavera Sound levanta el tel\\u00f3n | El Digital de Asturias\",\"description\":\"Barcelona, 29 may (EFE).- El Primavera Sound ha levantado el tel\\u00f3n de sus tres d\\u00edas grandes con un cambio de paisaje. Si ayer la lluvia agu\\u00f3 la jornada gratuita, el sol se ha aliado hoy con el p\\u00fablico de pago que en las primeras horas del festival ha podido disfrutar de un cartel que para\",\"inLanguage\":\"es-ES\",\"isPartOf\":{\"@id\":\"https:\\\/\\\/eldigitaldeasturias.com\\\/magazine365\\\/#website\"},\"breadcrumb\":{\"@id\":\"https:\\\/\\\/eldigitaldeasturias.com\\\/magazine365\\\/el-primavera-sound-levanta-el-telon\\\/#breadcrumblist\"},\"author\":{\"@id\":\"https:\\\/\\\/eldigitaldeasturias.com\\\/magazine365\\\/author\\\/admin\\\/#author\"},\"creator\":{\"@id\":\"https:\\\/\\\/eldigitaldeasturias.com\\\/magazine365\\\/author\\\/admin\\\/#author\"},\"image\":{\"@type\":\"ImageObject\",\"url\":\"https:\\\/\\\/eldigitaldeasturias.com\\\/magazine365\\\/wp-content\\\/uploads\\\/2014\\\/05\\\/6315797w.jpg\",\"@id\":\"https:\\\/\\\/eldigitaldeasturias.com\\\/magazine365\\\/el-primavera-sound-levanta-el-telon\\\/#mainImage\",\"width\":800,\"height\":533},\"primaryImageOfPage\":{\"@id\":\"https:\\\/\\\/eldigitaldeasturias.com\\\/magazine365\\\/el-primavera-sound-levanta-el-telon\\\/#mainImage\"},\"datePublished\":\"2014-05-30T00:34:54+02:00\",\"dateModified\":\"2014-05-30T00:34:54+02:00\"},{\"@type\":\"WebSite\",\"@id\":\"https:\\\/\\\/eldigitaldeasturias.com\\\/magazine365\\\/#website\",\"url\":\"https:\\\/\\\/eldigitaldeasturias.com\\\/magazine365\\\/\",\"name\":\"El Digital de Asturias\",\"description\":\"Revista de ocio, turismo y estilo de vida\",\"inLanguage\":\"es-ES\",\"publisher\":{\"@id\":\"https:\\\/\\\/eldigitaldeasturias.com\\\/magazine365\\\/#organization\"}}]}\n\t\t<\/script>\n\t\t<!-- All in One SEO Pro -->\r\n\t\t<title>El Primavera Sound levanta el tel\u00f3n | El Digital de Asturias<\/title>\n\n","aioseo_head_json":{"title":"El Primavera Sound levanta el tel\u00f3n | El Digital de Asturias","description":"Barcelona, 29 may (EFE).- El Primavera Sound ha levantado el tel\u00f3n de sus tres d\u00edas grandes con un cambio de paisaje. Si ayer la lluvia agu\u00f3 la jornada gratuita, el sol se ha aliado hoy con el p\u00fablico de pago que en las primeras horas del festival ha podido disfrutar de un cartel que para","canonical_url":"https:\/\/eldigitaldeasturias.com\/magazine365\/el-primavera-sound-levanta-el-telon\/","robots":"max-image-preview:large","keywords":"noticias y actualidad","webmasterTools":{"google-site-verification":"UA-38556648-1","miscellaneous":""},"schema":{"@context":"https:\/\/schema.org","@graph":[{"@type":"Article","@id":"https:\/\/eldigitaldeasturias.com\/magazine365\/el-primavera-sound-levanta-el-telon\/#article","name":"El Primavera Sound levanta el tel\u00f3n | El Digital de Asturias","headline":"El Primavera Sound levanta el tel\u00f3n","author":{"@id":"https:\/\/eldigitaldeasturias.com\/magazine365\/author\/admin\/#author"},"publisher":{"@id":"https:\/\/eldigitaldeasturias.com\/magazine365\/#organization"},"image":{"@type":"ImageObject","url":"https:\/\/eldigitaldeasturias.com\/magazine365\/wp-content\/uploads\/2014\/05\/6315797w.jpg","width":800,"height":533},"datePublished":"2014-05-30T00:34:54+02:00","dateModified":"2014-05-30T00:34:54+02:00","inLanguage":"es-ES","mainEntityOfPage":{"@id":"https:\/\/eldigitaldeasturias.com\/magazine365\/el-primavera-sound-levanta-el-telon\/#webpage"},"isPartOf":{"@id":"https:\/\/eldigitaldeasturias.com\/magazine365\/el-primavera-sound-levanta-el-telon\/#webpage"},"articleSection":"Noticias y Actualidad"},{"@type":"BreadcrumbList","@id":"https:\/\/eldigitaldeasturias.com\/magazine365\/el-primavera-sound-levanta-el-telon\/#breadcrumblist","itemListElement":[{"@type":"ListItem","@id":"https:\/\/eldigitaldeasturias.com\/magazine365#listItem","position":1,"name":"Home","item":"https:\/\/eldigitaldeasturias.com\/magazine365","nextItem":{"@type":"ListItem","@id":"https:\/\/eldigitaldeasturias.com\/magazine365\/category\/noticias-actualidad\/#listItem","name":"Noticias y Actualidad"}},{"@type":"ListItem","@id":"https:\/\/eldigitaldeasturias.com\/magazine365\/category\/noticias-actualidad\/#listItem","position":2,"name":"Noticias y Actualidad","item":"https:\/\/eldigitaldeasturias.com\/magazine365\/category\/noticias-actualidad\/","nextItem":{"@type":"ListItem","@id":"https:\/\/eldigitaldeasturias.com\/magazine365\/el-primavera-sound-levanta-el-telon\/#listItem","name":"El Primavera Sound levanta el tel\u00f3n"},"previousItem":{"@type":"ListItem","@id":"https:\/\/eldigitaldeasturias.com\/magazine365#listItem","name":"Home"}},{"@type":"ListItem","@id":"https:\/\/eldigitaldeasturias.com\/magazine365\/el-primavera-sound-levanta-el-telon\/#listItem","position":3,"name":"El Primavera Sound levanta el tel\u00f3n","previousItem":{"@type":"ListItem","@id":"https:\/\/eldigitaldeasturias.com\/magazine365\/category\/noticias-actualidad\/#listItem","name":"Noticias y Actualidad"}}]},{"@type":"Organization","@id":"https:\/\/eldigitaldeasturias.com\/magazine365\/#organization","name":"El digital de Asturias","description":"Revista de ocio, turismo y estilo de vida","url":"https:\/\/eldigitaldeasturias.com\/magazine365\/","logo":{"@type":"ImageObject","url":"https:\/\/www.eldigitaldeasturias.com\/noticias\/wp-content\/uploads\/2020\/12\/EDA.jpg","@id":"https:\/\/eldigitaldeasturias.com\/magazine365\/el-primavera-sound-levanta-el-telon\/#organizationLogo"},"image":{"@id":"https:\/\/eldigitaldeasturias.com\/magazine365\/el-primavera-sound-levanta-el-telon\/#organizationLogo"}},{"@type":"Person","@id":"https:\/\/eldigitaldeasturias.com\/magazine365\/author\/admin\/#author","url":"https:\/\/eldigitaldeasturias.com\/magazine365\/author\/admin\/","name":"admin","image":{"@type":"ImageObject","@id":"https:\/\/eldigitaldeasturias.com\/magazine365\/el-primavera-sound-levanta-el-telon\/#authorImage","url":"https:\/\/eldigitaldeasturias.com\/magazine365\/wp-content\/litespeed\/avatar\/e571bcf59a0edd6fa6838245a470f2fe.jpg?ver=1777574230","width":96,"height":96,"caption":"admin"}},{"@type":"WebPage","@id":"https:\/\/eldigitaldeasturias.com\/magazine365\/el-primavera-sound-levanta-el-telon\/#webpage","url":"https:\/\/eldigitaldeasturias.com\/magazine365\/el-primavera-sound-levanta-el-telon\/","name":"El Primavera Sound levanta el tel\u00f3n | El Digital de Asturias","description":"Barcelona, 29 may (EFE).- El Primavera Sound ha levantado el tel\u00f3n de sus tres d\u00edas grandes con un cambio de paisaje. Si ayer la lluvia agu\u00f3 la jornada gratuita, el sol se ha aliado hoy con el p\u00fablico de pago que en las primeras horas del festival ha podido disfrutar de un cartel que para","inLanguage":"es-ES","isPartOf":{"@id":"https:\/\/eldigitaldeasturias.com\/magazine365\/#website"},"breadcrumb":{"@id":"https:\/\/eldigitaldeasturias.com\/magazine365\/el-primavera-sound-levanta-el-telon\/#breadcrumblist"},"author":{"@id":"https:\/\/eldigitaldeasturias.com\/magazine365\/author\/admin\/#author"},"creator":{"@id":"https:\/\/eldigitaldeasturias.com\/magazine365\/author\/admin\/#author"},"image":{"@type":"ImageObject","url":"https:\/\/eldigitaldeasturias.com\/magazine365\/wp-content\/uploads\/2014\/05\/6315797w.jpg","@id":"https:\/\/eldigitaldeasturias.com\/magazine365\/el-primavera-sound-levanta-el-telon\/#mainImage","width":800,"height":533},"primaryImageOfPage":{"@id":"https:\/\/eldigitaldeasturias.com\/magazine365\/el-primavera-sound-levanta-el-telon\/#mainImage"},"datePublished":"2014-05-30T00:34:54+02:00","dateModified":"2014-05-30T00:34:54+02:00"},{"@type":"WebSite","@id":"https:\/\/eldigitaldeasturias.com\/magazine365\/#website","url":"https:\/\/eldigitaldeasturias.com\/magazine365\/","name":"El Digital de Asturias","description":"Revista de ocio, turismo y estilo de vida","inLanguage":"es-ES","publisher":{"@id":"https:\/\/eldigitaldeasturias.com\/magazine365\/#organization"}}]},"og:locale":"es_ES","og:site_name":"El Digital de Asturias \u2013 Revista de ocio, turismo y estilo de vida","og:type":"article","og:title":"El Primavera Sound levanta el tel\u00f3n | El Digital de Asturias","og:description":"Barcelona, 29 may (EFE).- El Primavera Sound ha levantado el tel\u00f3n de sus tres d\u00edas grandes con un cambio de paisaje. Si ayer la lluvia agu\u00f3 la jornada gratuita, el sol se ha aliado hoy con el p\u00fablico de pago que en las primeras horas del festival ha podido disfrutar de un cartel que para","og:url":"https:\/\/eldigitaldeasturias.com\/magazine365\/el-primavera-sound-levanta-el-telon\/","og:image":"https:\/\/eldigitaldeasturias.com\/magazine365\/wp-content\/uploads\/2014\/05\/6315797w.jpg","og:image:secure_url":"https:\/\/eldigitaldeasturias.com\/magazine365\/wp-content\/uploads\/2014\/05\/6315797w.jpg","og:image:width":800,"og:image:height":533,"article:published_time":"2014-05-30T02:34:54+00:00","article:modified_time":"2014-05-30T02:34:54+00:00","twitter:card":"summary_large_image","twitter:title":"El Primavera Sound levanta el tel\u00f3n | El Digital de Asturias","twitter:description":"Barcelona, 29 may (EFE).- El Primavera Sound ha levantado el tel\u00f3n de sus tres d\u00edas grandes con un cambio de paisaje. Si ayer la lluvia agu\u00f3 la jornada gratuita, el sol se ha aliado hoy con el p\u00fablico de pago que en las primeras horas del festival ha podido disfrutar de un cartel que para","twitter:image":"https:\/\/eldigitaldeasturias.com\/magazine365\/wp-content\/uploads\/2014\/05\/6315797w.jpg"},"aioseo_meta_data":{"post_id":"14421","title":null,"description":null,"keywords":null,"keyphrases":null,"primary_term":null,"canonical_url":null,"og_title":null,"og_description":null,"og_object_type":"default","og_image_type":"default","og_image_url":null,"og_image_width":null,"og_image_height":null,"og_image_custom_url":null,"og_image_custom_fields":null,"og_video":null,"og_custom_url":null,"og_article_section":null,"og_article_tags":null,"twitter_use_og":false,"twitter_card":"default","twitter_image_type":"default","twitter_image_url":null,"twitter_image_custom_url":null,"twitter_image_custom_fields":null,"twitter_title":null,"twitter_description":null,"schema":{"blockGraphs":[],"customGraphs":[],"default":{"data":{"Article":[],"Course":[],"Dataset":[],"FAQPage":[],"Movie":[],"Person":[],"Product":[],"ProductReview":[],"Car":[],"Recipe":[],"Service":[],"SoftwareApplication":[],"WebPage":[]},"graphName":"","isEnabled":true},"graphs":[],"defaultGraph":"","defaultPostTypeGraph":""},"schema_type":null,"schema_type_options":null,"pillar_content":false,"robots_default":true,"robots_noindex":false,"robots_noarchive":false,"robots_nosnippet":false,"robots_nofollow":false,"robots_noimageindex":false,"robots_noodp":false,"robots_notranslate":false,"robots_max_snippet":null,"robots_max_videopreview":null,"robots_max_imagepreview":"large","priority":null,"frequency":null,"location":null,"local_seo":null,"seo_analyzer_scan_date":"2025-09-17 10:05:34","breadcrumb_settings":null,"limit_modified_date":false,"open_ai":null,"ai":null,"created":"2021-03-09 08:15:40","updated":"2025-09-17 10:05:34"},"aioseo_breadcrumb":"<div class=\"aioseo-breadcrumbs\"><span class=\"aioseo-breadcrumb\">\n\t<a href=\"https:\/\/eldigitaldeasturias.com\/magazine365\" title=\"Home\">Home<\/a>\n<\/span><span class=\"aioseo-breadcrumb-separator\">\u2013<\/span><span class=\"aioseo-breadcrumb\">\n\t<a href=\"https:\/\/eldigitaldeasturias.com\/magazine365\/category\/noticias-actualidad\/\" title=\"Noticias y Actualidad\">Noticias y Actualidad<\/a>\n<\/span><span class=\"aioseo-breadcrumb-separator\">\u2013<\/span><span class=\"aioseo-breadcrumb\">\n\t<a href=\"https:\/\/eldigitaldeasturias.com\/magazine365\/el-primavera-sound-levanta-el-telon\/\" title=\"El Primavera Sound levanta el tel\u00f3n\">El Primavera Sound levanta el tel\u00f3n<\/a>\n<\/span><\/div>","aioseo_breadcrumb_json":[{"label":"Home","link":"https:\/\/eldigitaldeasturias.com\/magazine365"},{"label":"Noticias y Actualidad","link":"https:\/\/eldigitaldeasturias.com\/magazine365\/category\/noticias-actualidad\/"},{"label":"El Primavera Sound levanta el tel\u00f3n","link":"https:\/\/eldigitaldeasturias.com\/magazine365\/el-primavera-sound-levanta-el-telon\/"}],"_links":{"self":[{"href":"https:\/\/eldigitaldeasturias.com\/magazine365\/wp-json\/wp\/v2\/posts\/14421","targetHints":{"allow":["GET"]}}],"collection":[{"href":"https:\/\/eldigitaldeasturias.com\/magazine365\/wp-json\/wp\/v2\/posts"}],"about":[{"href":"https:\/\/eldigitaldeasturias.com\/magazine365\/wp-json\/wp\/v2\/types\/post"}],"author":[{"embeddable":true,"href":"https:\/\/eldigitaldeasturias.com\/magazine365\/wp-json\/wp\/v2\/users\/1"}],"replies":[{"embeddable":true,"href":"https:\/\/eldigitaldeasturias.com\/magazine365\/wp-json\/wp\/v2\/comments?post=14421"}],"version-history":[{"count":0,"href":"https:\/\/eldigitaldeasturias.com\/magazine365\/wp-json\/wp\/v2\/posts\/14421\/revisions"}],"wp:featuredmedia":[{"embeddable":true,"href":"https:\/\/eldigitaldeasturias.com\/magazine365\/wp-json\/wp\/v2\/media\/14422"}],"wp:attachment":[{"href":"https:\/\/eldigitaldeasturias.com\/magazine365\/wp-json\/wp\/v2\/media?parent=14421"}],"wp:term":[{"taxonomy":"category","embeddable":true,"href":"https:\/\/eldigitaldeasturias.com\/magazine365\/wp-json\/wp\/v2\/categories?post=14421"},{"taxonomy":"post_tag","embeddable":true,"href":"https:\/\/eldigitaldeasturias.com\/magazine365\/wp-json\/wp\/v2\/tags?post=14421"}],"curies":[{"name":"wp","href":"https:\/\/api.w.org\/{rel}","templated":true}]}}