{"id":14418,"date":"2014-05-30T00:33:22","date_gmt":"2014-05-30T02:33:22","guid":{"rendered":"http:\/\/eldigitaldeasturias.com\/magazine365\/?p=14418"},"modified":"2014-05-30T00:33:22","modified_gmt":"2014-05-30T02:33:22","slug":"redone-autor-del-nuevo-himno-del-real-madrid-el-primer-fan-fue-florentino","status":"publish","type":"post","link":"https:\/\/eldigitaldeasturias.com\/magazine365\/redone-autor-del-nuevo-himno-del-real-madrid-el-primer-fan-fue-florentino\/","title":{"rendered":"RedOne, autor del nuevo himno del Real Madrid: \u00abEl primer fan fue Florentino\u00bb"},"content":{"rendered":"<p><img fetchpriority=\"high\" decoding=\"async\" class=\"alignleft size-medium wp-image-14419\" alt=\"6315647w\" src=\"https:\/\/eldigitaldeasturias.com\/magazine365\/wp-content\/uploads\/2014\/05\/6315647w-360x201.jpg\" width=\"360\" height=\"201\" \/>Madrid, 29 may (EFE).- No es habitual que un himno sea un n\u00famero 1 del pop, pero \u00abHala Madrid&#8230; y nada m\u00e1s\u00bb, la canci\u00f3n que el productor RedOne ha dedicado al Real Madrid, ha sido un \u00abhit\u00bb inmediato y encabeza la lista de descargas de iTunes, un hecho que para \u00e9l es \u00abmuy emocionante\u00bb, no s\u00f3lo como m\u00fasico.<\/p>\n<p>\u00abEstoy muy orgulloso y muy contento. Es muy especial para m\u00ed, como profesional, y tambi\u00e9n en lo personal, porque soy de una familia muy madridista\u00bb, explica en entrevista con Efe el productor marroqu\u00ed-sueco, quien ha trabajado con estrellas como Lady Gaga, Jennifer L\u00f3pez, Pitbull o Enrique Iglesias.<\/p>\n<p>Con m\u00e1s de 100 n\u00fameros 1 en todo el mundo, Nadir Khayat (nombre de RedOne) cuenta que la idea de la canci\u00f3n la tuvo hace muchos a\u00f1os, pero que no fue hasta que se la ense\u00f1\u00f3 a sus amigos Sergio Ramos y Cristiano Ronaldo, y \u00ables gust\u00f3 mucho\u00bb, cuando empez\u00f3 a ser una realidad.<\/p>\n<p>\u00abFuimos al estudio con los jugadores y grabamos la canci\u00f3n. Se les vio orgullosos y Ancelotti me dijo (sobre el himno): &#8216;Number one&#8217;. Y fue &#8216;number one'\u00bb, dice entre risas.<\/p>\n<p>Aunque fue grabado hace meses, el tema no sali\u00f3 a la luz hasta que el Real Madrid gan\u00f3 la Champions League, por lo que ahora tambi\u00e9n se la conoce como \u00abla canci\u00f3n de la D\u00e9cima\u00bb, en referencia a la d\u00e9cima liga de campeones que gan\u00f3 el equipo la semana pasada.<\/p>\n<p>Sin embargo, la canci\u00f3n hab\u00eda servido ya para animar a los jugadores antes de la Final de la Copa del Rey frente al Barcelona y antes de los partidos frente al Bayern de M\u00fanich y el Atl\u00e9tico de Madrid en la Champions League.<\/p>\n<p>\u00abEl primer fan de la canci\u00f3n fue Florentino P\u00e9rez. Puso la canci\u00f3n a los futbolistas antes de cada gran partido\u00bb, explica el productor, quien asegura que el presidente del Real Madrid le dijo que el nuevo himno les hab\u00eda \u00abdado suerte y hab\u00eda motivado al equipo\u00bb.<\/p>\n<p>RedOne afirma que tener a \u00abartistas del f\u00fatbol, los mejores del mundo\u00bb, grabando fue \u00ab\u00fanico\u00bb y una \u00abexperiencia\u00bb que llevar\u00e1 con \u00e9l \u00abtoda la vida\u00bb, e incluso asegura que a jugadores como Ramos, Cristiano y Jes\u00e9 no se les da mal cantar, aunque fuera otra persona quien destac\u00f3 en el estudio.<\/p>\n<p>\u00abAncelotti me sorprendi\u00f3. No sab\u00eda que cantara muy bien\u00bb, dice el productor, quien a\u00f1ade que su \u00abidea\u00bb del himno era componer un tema \u00abque todo el mundo, sea cantante o no, pueda cantar\u00bb, algo que sucedi\u00f3 cuando el Santiago Bernab\u00e9u al completo lo enton\u00f3 el pasado domingo.<\/p>\n<p>\u00abFue como un sue\u00f1o que se hizo realidad: el Bernab\u00e9u cantando mi canci\u00f3n con la D\u00e9cima. Todo era como magia\u00bb, dice RedOne, quien admite que se le escaparon unas l\u00e1grimas ese d\u00eda.<\/p>\n<p>Con el nuevo \u00e1lbum que tambi\u00e9n ha producido de Jennifer L\u00f3pez a la vuelta de la esquina, pero del que no puede contar nada todav\u00eda, RedOne trabaja ahora en su sello discogr\u00e1fico RedOne Records.<\/p>\n<p>Con artistas como Sophia del Carmen, \u00abla nueva latina global\u00bb, Porcelain Black, \u00abla nueva roquera pop, como una mezcla de Marilyn Manson y Britney Spears\u00bb, y Chawki, que ha grabado el single \u00abTime Of Our Lives\u00bb para el Mundial de F\u00fatbol, RedOne apuesta por cantantes que conf\u00eda que sean \u00abel futuro\u00bb de la m\u00fasica.<\/p>\n<p>Acostumbrado a trabajar con estrellas internacionales, a RedOne a\u00fan le quedan sue\u00f1os por cumplir y confiesa que le encantar\u00eda grabar con artistas como Bob Dylan o Stevie Wonder, \u00ableyendas que a\u00fan viven y que lo que nos han dado de m\u00fasica es incre\u00edble\u00bb.<\/p>\n","protected":false},"excerpt":{"rendered":"<p>Madrid, 29 may (EFE).- No es habitual que un himno sea un n\u00famero 1 del pop, pero \u00abHala Madrid&#8230; y nada m\u00e1s\u00bb, la canci\u00f3n que el productor RedOne ha dedicado al Real Madrid, ha sido un \u00abhit\u00bb inmediato y encabeza la lista de descargas de iTunes, un hecho que para \u00e9l es \u00abmuy emocionante\u00bb, no<\/p>\n","protected":false},"author":1,"featured_media":14419,"comment_status":"open","ping_status":"closed","sticky":false,"template":"","format":"standard","meta":{"footnotes":""},"categories":[224],"tags":[],"class_list":{"0":"post-14418","1":"post","2":"type-post","3":"status-publish","4":"format-standard","5":"has-post-thumbnail","7":"category-noticias-actualidad"},"aioseo_notices":[],"aioseo_head":"\n\t\t<!-- All in One SEO Pro 4.9.6.1 - aioseo.com -->\n\t<meta name=\"description\" content=\"Madrid, 29 may (EFE).- No es habitual que un himno sea un n\u00famero 1 del pop, pero &quot;Hala Madrid... y nada m\u00e1s&quot;, la canci\u00f3n que el productor RedOne ha dedicado al Real Madrid, ha sido un &quot;hit&quot; inmediato y encabeza la lista de descargas de iTunes, un hecho que para \u00e9l es &quot;muy emocionante&quot;, no\" \/>\n\t<meta name=\"robots\" content=\"max-image-preview:large\" \/>\n\t<meta name=\"author\" content=\"admin\"\/>\n\t<meta name=\"google-site-verification\" content=\"UA-38556648-1\" \/>\n\t<meta name=\"keywords\" content=\"noticias y actualidad\" \/>\n\t<link rel=\"canonical\" href=\"https:\/\/eldigitaldeasturias.com\/magazine365\/redone-autor-del-nuevo-himno-del-real-madrid-el-primer-fan-fue-florentino\/\" \/>\n\t<meta name=\"generator\" content=\"All in One SEO Pro (AIOSEO) 4.9.6.1\" \/>\n\t\t<meta property=\"og:locale\" content=\"es_ES\" \/>\n\t\t<meta property=\"og:site_name\" content=\"El Digital de Asturias \u2013 Revista de ocio, turismo y estilo de vida\" \/>\n\t\t<meta property=\"og:type\" content=\"article\" \/>\n\t\t<meta property=\"og:title\" content=\"RedOne, autor del nuevo himno del Real Madrid: \u00abEl primer fan fue Florentino\u00bb | El Digital de Asturias\" \/>\n\t\t<meta property=\"og:description\" content=\"Madrid, 29 may (EFE).- No es habitual que un himno sea un n\u00famero 1 del pop, pero &quot;Hala Madrid... y nada m\u00e1s&quot;, la canci\u00f3n que el productor RedOne ha dedicado al Real Madrid, ha sido un &quot;hit&quot; inmediato y encabeza la lista de descargas de iTunes, un hecho que para \u00e9l es &quot;muy emocionante&quot;, no\" \/>\n\t\t<meta property=\"og:url\" content=\"https:\/\/eldigitaldeasturias.com\/magazine365\/redone-autor-del-nuevo-himno-del-real-madrid-el-primer-fan-fue-florentino\/\" \/>\n\t\t<meta property=\"og:image\" content=\"https:\/\/eldigitaldeasturias.com\/magazine365\/wp-content\/uploads\/2014\/05\/6315647w.jpg\" \/>\n\t\t<meta property=\"og:image:secure_url\" content=\"https:\/\/eldigitaldeasturias.com\/magazine365\/wp-content\/uploads\/2014\/05\/6315647w.jpg\" \/>\n\t\t<meta property=\"og:image:width\" content=\"800\" \/>\n\t\t<meta property=\"og:image:height\" content=\"448\" \/>\n\t\t<meta property=\"article:published_time\" content=\"2014-05-30T02:33:22+00:00\" \/>\n\t\t<meta property=\"article:modified_time\" content=\"2014-05-30T02:33:22+00:00\" \/>\n\t\t<meta name=\"twitter:card\" content=\"summary_large_image\" \/>\n\t\t<meta name=\"twitter:title\" content=\"RedOne, autor del nuevo himno del Real Madrid: \u00abEl primer fan fue Florentino\u00bb | El Digital de Asturias\" \/>\n\t\t<meta name=\"twitter:description\" content=\"Madrid, 29 may (EFE).- No es habitual que un himno sea un n\u00famero 1 del pop, pero &quot;Hala Madrid... y nada m\u00e1s&quot;, la canci\u00f3n que el productor RedOne ha dedicado al Real Madrid, ha sido un &quot;hit&quot; inmediato y encabeza la lista de descargas de iTunes, un hecho que para \u00e9l es &quot;muy emocionante&quot;, no\" \/>\n\t\t<meta name=\"twitter:image\" content=\"https:\/\/eldigitaldeasturias.com\/magazine365\/wp-content\/uploads\/2014\/05\/6315647w.jpg\" \/>\n\t\t<script type=\"application\/ld+json\" class=\"aioseo-schema\">\n\t\t\t{\"@context\":\"https:\\\/\\\/schema.org\",\"@graph\":[{\"@type\":\"Article\",\"@id\":\"https:\\\/\\\/eldigitaldeasturias.com\\\/magazine365\\\/redone-autor-del-nuevo-himno-del-real-madrid-el-primer-fan-fue-florentino\\\/#article\",\"name\":\"RedOne, autor del nuevo himno del Real Madrid: \\u00abEl primer fan fue Florentino\\u00bb | El Digital de Asturias\",\"headline\":\"RedOne, autor del nuevo himno del Real Madrid: \\u00abEl primer fan fue Florentino\\u00bb\",\"author\":{\"@id\":\"https:\\\/\\\/eldigitaldeasturias.com\\\/magazine365\\\/author\\\/admin\\\/#author\"},\"publisher\":{\"@id\":\"https:\\\/\\\/eldigitaldeasturias.com\\\/magazine365\\\/#organization\"},\"image\":{\"@type\":\"ImageObject\",\"url\":\"https:\\\/\\\/eldigitaldeasturias.com\\\/magazine365\\\/wp-content\\\/uploads\\\/2014\\\/05\\\/6315647w.jpg\",\"width\":800,\"height\":448},\"datePublished\":\"2014-05-30T00:33:22+02:00\",\"dateModified\":\"2014-05-30T00:33:22+02:00\",\"inLanguage\":\"es-ES\",\"mainEntityOfPage\":{\"@id\":\"https:\\\/\\\/eldigitaldeasturias.com\\\/magazine365\\\/redone-autor-del-nuevo-himno-del-real-madrid-el-primer-fan-fue-florentino\\\/#webpage\"},\"isPartOf\":{\"@id\":\"https:\\\/\\\/eldigitaldeasturias.com\\\/magazine365\\\/redone-autor-del-nuevo-himno-del-real-madrid-el-primer-fan-fue-florentino\\\/#webpage\"},\"articleSection\":\"Noticias y Actualidad\"},{\"@type\":\"BreadcrumbList\",\"@id\":\"https:\\\/\\\/eldigitaldeasturias.com\\\/magazine365\\\/redone-autor-del-nuevo-himno-del-real-madrid-el-primer-fan-fue-florentino\\\/#breadcrumblist\",\"itemListElement\":[{\"@type\":\"ListItem\",\"@id\":\"https:\\\/\\\/eldigitaldeasturias.com\\\/magazine365#listItem\",\"position\":1,\"name\":\"Home\",\"item\":\"https:\\\/\\\/eldigitaldeasturias.com\\\/magazine365\",\"nextItem\":{\"@type\":\"ListItem\",\"@id\":\"https:\\\/\\\/eldigitaldeasturias.com\\\/magazine365\\\/category\\\/noticias-actualidad\\\/#listItem\",\"name\":\"Noticias y Actualidad\"}},{\"@type\":\"ListItem\",\"@id\":\"https:\\\/\\\/eldigitaldeasturias.com\\\/magazine365\\\/category\\\/noticias-actualidad\\\/#listItem\",\"position\":2,\"name\":\"Noticias y Actualidad\",\"item\":\"https:\\\/\\\/eldigitaldeasturias.com\\\/magazine365\\\/category\\\/noticias-actualidad\\\/\",\"nextItem\":{\"@type\":\"ListItem\",\"@id\":\"https:\\\/\\\/eldigitaldeasturias.com\\\/magazine365\\\/redone-autor-del-nuevo-himno-del-real-madrid-el-primer-fan-fue-florentino\\\/#listItem\",\"name\":\"RedOne, autor del nuevo himno del Real Madrid: \\u00abEl primer fan fue Florentino\\u00bb\"},\"previousItem\":{\"@type\":\"ListItem\",\"@id\":\"https:\\\/\\\/eldigitaldeasturias.com\\\/magazine365#listItem\",\"name\":\"Home\"}},{\"@type\":\"ListItem\",\"@id\":\"https:\\\/\\\/eldigitaldeasturias.com\\\/magazine365\\\/redone-autor-del-nuevo-himno-del-real-madrid-el-primer-fan-fue-florentino\\\/#listItem\",\"position\":3,\"name\":\"RedOne, autor del nuevo himno del Real Madrid: \\u00abEl primer fan fue Florentino\\u00bb\",\"previousItem\":{\"@type\":\"ListItem\",\"@id\":\"https:\\\/\\\/eldigitaldeasturias.com\\\/magazine365\\\/category\\\/noticias-actualidad\\\/#listItem\",\"name\":\"Noticias y Actualidad\"}}]},{\"@type\":\"Organization\",\"@id\":\"https:\\\/\\\/eldigitaldeasturias.com\\\/magazine365\\\/#organization\",\"name\":\"El digital de Asturias\",\"description\":\"Revista de ocio, turismo y estilo de vida\",\"url\":\"https:\\\/\\\/eldigitaldeasturias.com\\\/magazine365\\\/\",\"logo\":{\"@type\":\"ImageObject\",\"url\":\"https:\\\/\\\/www.eldigitaldeasturias.com\\\/noticias\\\/wp-content\\\/uploads\\\/2020\\\/12\\\/EDA.jpg\",\"@id\":\"https:\\\/\\\/eldigitaldeasturias.com\\\/magazine365\\\/redone-autor-del-nuevo-himno-del-real-madrid-el-primer-fan-fue-florentino\\\/#organizationLogo\"},\"image\":{\"@id\":\"https:\\\/\\\/eldigitaldeasturias.com\\\/magazine365\\\/redone-autor-del-nuevo-himno-del-real-madrid-el-primer-fan-fue-florentino\\\/#organizationLogo\"}},{\"@type\":\"Person\",\"@id\":\"https:\\\/\\\/eldigitaldeasturias.com\\\/magazine365\\\/author\\\/admin\\\/#author\",\"url\":\"https:\\\/\\\/eldigitaldeasturias.com\\\/magazine365\\\/author\\\/admin\\\/\",\"name\":\"admin\",\"image\":{\"@type\":\"ImageObject\",\"@id\":\"https:\\\/\\\/eldigitaldeasturias.com\\\/magazine365\\\/redone-autor-del-nuevo-himno-del-real-madrid-el-primer-fan-fue-florentino\\\/#authorImage\",\"url\":\"https:\\\/\\\/eldigitaldeasturias.com\\\/magazine365\\\/wp-content\\\/litespeed\\\/avatar\\\/e571bcf59a0edd6fa6838245a470f2fe.jpg?ver=1777574230\",\"width\":96,\"height\":96,\"caption\":\"admin\"}},{\"@type\":\"WebPage\",\"@id\":\"https:\\\/\\\/eldigitaldeasturias.com\\\/magazine365\\\/redone-autor-del-nuevo-himno-del-real-madrid-el-primer-fan-fue-florentino\\\/#webpage\",\"url\":\"https:\\\/\\\/eldigitaldeasturias.com\\\/magazine365\\\/redone-autor-del-nuevo-himno-del-real-madrid-el-primer-fan-fue-florentino\\\/\",\"name\":\"RedOne, autor del nuevo himno del Real Madrid: \\u00abEl primer fan fue Florentino\\u00bb | El Digital de Asturias\",\"description\":\"Madrid, 29 may (EFE).- No es habitual que un himno sea un n\\u00famero 1 del pop, pero \\\"Hala Madrid... y nada m\\u00e1s\\\", la canci\\u00f3n que el productor RedOne ha dedicado al Real Madrid, ha sido un \\\"hit\\\" inmediato y encabeza la lista de descargas de iTunes, un hecho que para \\u00e9l es \\\"muy emocionante\\\", no\",\"inLanguage\":\"es-ES\",\"isPartOf\":{\"@id\":\"https:\\\/\\\/eldigitaldeasturias.com\\\/magazine365\\\/#website\"},\"breadcrumb\":{\"@id\":\"https:\\\/\\\/eldigitaldeasturias.com\\\/magazine365\\\/redone-autor-del-nuevo-himno-del-real-madrid-el-primer-fan-fue-florentino\\\/#breadcrumblist\"},\"author\":{\"@id\":\"https:\\\/\\\/eldigitaldeasturias.com\\\/magazine365\\\/author\\\/admin\\\/#author\"},\"creator\":{\"@id\":\"https:\\\/\\\/eldigitaldeasturias.com\\\/magazine365\\\/author\\\/admin\\\/#author\"},\"image\":{\"@type\":\"ImageObject\",\"url\":\"https:\\\/\\\/eldigitaldeasturias.com\\\/magazine365\\\/wp-content\\\/uploads\\\/2014\\\/05\\\/6315647w.jpg\",\"@id\":\"https:\\\/\\\/eldigitaldeasturias.com\\\/magazine365\\\/redone-autor-del-nuevo-himno-del-real-madrid-el-primer-fan-fue-florentino\\\/#mainImage\",\"width\":800,\"height\":448},\"primaryImageOfPage\":{\"@id\":\"https:\\\/\\\/eldigitaldeasturias.com\\\/magazine365\\\/redone-autor-del-nuevo-himno-del-real-madrid-el-primer-fan-fue-florentino\\\/#mainImage\"},\"datePublished\":\"2014-05-30T00:33:22+02:00\",\"dateModified\":\"2014-05-30T00:33:22+02:00\"},{\"@type\":\"WebSite\",\"@id\":\"https:\\\/\\\/eldigitaldeasturias.com\\\/magazine365\\\/#website\",\"url\":\"https:\\\/\\\/eldigitaldeasturias.com\\\/magazine365\\\/\",\"name\":\"El Digital de Asturias\",\"description\":\"Revista de ocio, turismo y estilo de vida\",\"inLanguage\":\"es-ES\",\"publisher\":{\"@id\":\"https:\\\/\\\/eldigitaldeasturias.com\\\/magazine365\\\/#organization\"}}]}\n\t\t<\/script>\n\t\t<!-- All in One SEO Pro -->\r\n\t\t<title>RedOne, autor del nuevo himno del Real Madrid: \u00abEl primer fan fue Florentino\u00bb | El Digital de Asturias<\/title>\n\n","aioseo_head_json":{"title":"RedOne, autor del nuevo himno del Real Madrid: \u00abEl primer fan fue Florentino\u00bb | El Digital de Asturias","description":"Madrid, 29 may (EFE).- No es habitual que un himno sea un n\u00famero 1 del pop, pero \"Hala Madrid... y nada m\u00e1s\", la canci\u00f3n que el productor RedOne ha dedicado al Real Madrid, ha sido un \"hit\" inmediato y encabeza la lista de descargas de iTunes, un hecho que para \u00e9l es \"muy emocionante\", no","canonical_url":"https:\/\/eldigitaldeasturias.com\/magazine365\/redone-autor-del-nuevo-himno-del-real-madrid-el-primer-fan-fue-florentino\/","robots":"max-image-preview:large","keywords":"noticias y actualidad","webmasterTools":{"google-site-verification":"UA-38556648-1","miscellaneous":""},"schema":{"@context":"https:\/\/schema.org","@graph":[{"@type":"Article","@id":"https:\/\/eldigitaldeasturias.com\/magazine365\/redone-autor-del-nuevo-himno-del-real-madrid-el-primer-fan-fue-florentino\/#article","name":"RedOne, autor del nuevo himno del Real Madrid: \u00abEl primer fan fue Florentino\u00bb | El Digital de Asturias","headline":"RedOne, autor del nuevo himno del Real Madrid: \u00abEl primer fan fue Florentino\u00bb","author":{"@id":"https:\/\/eldigitaldeasturias.com\/magazine365\/author\/admin\/#author"},"publisher":{"@id":"https:\/\/eldigitaldeasturias.com\/magazine365\/#organization"},"image":{"@type":"ImageObject","url":"https:\/\/eldigitaldeasturias.com\/magazine365\/wp-content\/uploads\/2014\/05\/6315647w.jpg","width":800,"height":448},"datePublished":"2014-05-30T00:33:22+02:00","dateModified":"2014-05-30T00:33:22+02:00","inLanguage":"es-ES","mainEntityOfPage":{"@id":"https:\/\/eldigitaldeasturias.com\/magazine365\/redone-autor-del-nuevo-himno-del-real-madrid-el-primer-fan-fue-florentino\/#webpage"},"isPartOf":{"@id":"https:\/\/eldigitaldeasturias.com\/magazine365\/redone-autor-del-nuevo-himno-del-real-madrid-el-primer-fan-fue-florentino\/#webpage"},"articleSection":"Noticias y Actualidad"},{"@type":"BreadcrumbList","@id":"https:\/\/eldigitaldeasturias.com\/magazine365\/redone-autor-del-nuevo-himno-del-real-madrid-el-primer-fan-fue-florentino\/#breadcrumblist","itemListElement":[{"@type":"ListItem","@id":"https:\/\/eldigitaldeasturias.com\/magazine365#listItem","position":1,"name":"Home","item":"https:\/\/eldigitaldeasturias.com\/magazine365","nextItem":{"@type":"ListItem","@id":"https:\/\/eldigitaldeasturias.com\/magazine365\/category\/noticias-actualidad\/#listItem","name":"Noticias y Actualidad"}},{"@type":"ListItem","@id":"https:\/\/eldigitaldeasturias.com\/magazine365\/category\/noticias-actualidad\/#listItem","position":2,"name":"Noticias y Actualidad","item":"https:\/\/eldigitaldeasturias.com\/magazine365\/category\/noticias-actualidad\/","nextItem":{"@type":"ListItem","@id":"https:\/\/eldigitaldeasturias.com\/magazine365\/redone-autor-del-nuevo-himno-del-real-madrid-el-primer-fan-fue-florentino\/#listItem","name":"RedOne, autor del nuevo himno del Real Madrid: \u00abEl primer fan fue Florentino\u00bb"},"previousItem":{"@type":"ListItem","@id":"https:\/\/eldigitaldeasturias.com\/magazine365#listItem","name":"Home"}},{"@type":"ListItem","@id":"https:\/\/eldigitaldeasturias.com\/magazine365\/redone-autor-del-nuevo-himno-del-real-madrid-el-primer-fan-fue-florentino\/#listItem","position":3,"name":"RedOne, autor del nuevo himno del Real Madrid: \u00abEl primer fan fue Florentino\u00bb","previousItem":{"@type":"ListItem","@id":"https:\/\/eldigitaldeasturias.com\/magazine365\/category\/noticias-actualidad\/#listItem","name":"Noticias y Actualidad"}}]},{"@type":"Organization","@id":"https:\/\/eldigitaldeasturias.com\/magazine365\/#organization","name":"El digital de Asturias","description":"Revista de ocio, turismo y estilo de vida","url":"https:\/\/eldigitaldeasturias.com\/magazine365\/","logo":{"@type":"ImageObject","url":"https:\/\/www.eldigitaldeasturias.com\/noticias\/wp-content\/uploads\/2020\/12\/EDA.jpg","@id":"https:\/\/eldigitaldeasturias.com\/magazine365\/redone-autor-del-nuevo-himno-del-real-madrid-el-primer-fan-fue-florentino\/#organizationLogo"},"image":{"@id":"https:\/\/eldigitaldeasturias.com\/magazine365\/redone-autor-del-nuevo-himno-del-real-madrid-el-primer-fan-fue-florentino\/#organizationLogo"}},{"@type":"Person","@id":"https:\/\/eldigitaldeasturias.com\/magazine365\/author\/admin\/#author","url":"https:\/\/eldigitaldeasturias.com\/magazine365\/author\/admin\/","name":"admin","image":{"@type":"ImageObject","@id":"https:\/\/eldigitaldeasturias.com\/magazine365\/redone-autor-del-nuevo-himno-del-real-madrid-el-primer-fan-fue-florentino\/#authorImage","url":"https:\/\/eldigitaldeasturias.com\/magazine365\/wp-content\/litespeed\/avatar\/e571bcf59a0edd6fa6838245a470f2fe.jpg?ver=1777574230","width":96,"height":96,"caption":"admin"}},{"@type":"WebPage","@id":"https:\/\/eldigitaldeasturias.com\/magazine365\/redone-autor-del-nuevo-himno-del-real-madrid-el-primer-fan-fue-florentino\/#webpage","url":"https:\/\/eldigitaldeasturias.com\/magazine365\/redone-autor-del-nuevo-himno-del-real-madrid-el-primer-fan-fue-florentino\/","name":"RedOne, autor del nuevo himno del Real Madrid: \u00abEl primer fan fue Florentino\u00bb | El Digital de Asturias","description":"Madrid, 29 may (EFE).- No es habitual que un himno sea un n\u00famero 1 del pop, pero \"Hala Madrid... y nada m\u00e1s\", la canci\u00f3n que el productor RedOne ha dedicado al Real Madrid, ha sido un \"hit\" inmediato y encabeza la lista de descargas de iTunes, un hecho que para \u00e9l es \"muy emocionante\", no","inLanguage":"es-ES","isPartOf":{"@id":"https:\/\/eldigitaldeasturias.com\/magazine365\/#website"},"breadcrumb":{"@id":"https:\/\/eldigitaldeasturias.com\/magazine365\/redone-autor-del-nuevo-himno-del-real-madrid-el-primer-fan-fue-florentino\/#breadcrumblist"},"author":{"@id":"https:\/\/eldigitaldeasturias.com\/magazine365\/author\/admin\/#author"},"creator":{"@id":"https:\/\/eldigitaldeasturias.com\/magazine365\/author\/admin\/#author"},"image":{"@type":"ImageObject","url":"https:\/\/eldigitaldeasturias.com\/magazine365\/wp-content\/uploads\/2014\/05\/6315647w.jpg","@id":"https:\/\/eldigitaldeasturias.com\/magazine365\/redone-autor-del-nuevo-himno-del-real-madrid-el-primer-fan-fue-florentino\/#mainImage","width":800,"height":448},"primaryImageOfPage":{"@id":"https:\/\/eldigitaldeasturias.com\/magazine365\/redone-autor-del-nuevo-himno-del-real-madrid-el-primer-fan-fue-florentino\/#mainImage"},"datePublished":"2014-05-30T00:33:22+02:00","dateModified":"2014-05-30T00:33:22+02:00"},{"@type":"WebSite","@id":"https:\/\/eldigitaldeasturias.com\/magazine365\/#website","url":"https:\/\/eldigitaldeasturias.com\/magazine365\/","name":"El Digital de Asturias","description":"Revista de ocio, turismo y estilo de vida","inLanguage":"es-ES","publisher":{"@id":"https:\/\/eldigitaldeasturias.com\/magazine365\/#organization"}}]},"og:locale":"es_ES","og:site_name":"El Digital de Asturias \u2013 Revista de ocio, turismo y estilo de vida","og:type":"article","og:title":"RedOne, autor del nuevo himno del Real Madrid: \u00abEl primer fan fue Florentino\u00bb | El Digital de Asturias","og:description":"Madrid, 29 may (EFE).- No es habitual que un himno sea un n\u00famero 1 del pop, pero &quot;Hala Madrid... y nada m\u00e1s&quot;, la canci\u00f3n que el productor RedOne ha dedicado al Real Madrid, ha sido un &quot;hit&quot; inmediato y encabeza la lista de descargas de iTunes, un hecho que para \u00e9l es &quot;muy emocionante&quot;, no","og:url":"https:\/\/eldigitaldeasturias.com\/magazine365\/redone-autor-del-nuevo-himno-del-real-madrid-el-primer-fan-fue-florentino\/","og:image":"https:\/\/eldigitaldeasturias.com\/magazine365\/wp-content\/uploads\/2014\/05\/6315647w.jpg","og:image:secure_url":"https:\/\/eldigitaldeasturias.com\/magazine365\/wp-content\/uploads\/2014\/05\/6315647w.jpg","og:image:width":800,"og:image:height":448,"article:published_time":"2014-05-30T02:33:22+00:00","article:modified_time":"2014-05-30T02:33:22+00:00","twitter:card":"summary_large_image","twitter:title":"RedOne, autor del nuevo himno del Real Madrid: \u00abEl primer fan fue Florentino\u00bb | El Digital de Asturias","twitter:description":"Madrid, 29 may (EFE).- No es habitual que un himno sea un n\u00famero 1 del pop, pero &quot;Hala Madrid... y nada m\u00e1s&quot;, la canci\u00f3n que el productor RedOne ha dedicado al Real Madrid, ha sido un &quot;hit&quot; inmediato y encabeza la lista de descargas de iTunes, un hecho que para \u00e9l es &quot;muy emocionante&quot;, no","twitter:image":"https:\/\/eldigitaldeasturias.com\/magazine365\/wp-content\/uploads\/2014\/05\/6315647w.jpg"},"aioseo_meta_data":{"post_id":"14418","title":null,"description":null,"keywords":null,"keyphrases":null,"primary_term":null,"canonical_url":null,"og_title":null,"og_description":null,"og_object_type":"default","og_image_type":"default","og_image_url":null,"og_image_width":null,"og_image_height":null,"og_image_custom_url":null,"og_image_custom_fields":null,"og_video":null,"og_custom_url":null,"og_article_section":null,"og_article_tags":null,"twitter_use_og":false,"twitter_card":"default","twitter_image_type":"default","twitter_image_url":null,"twitter_image_custom_url":null,"twitter_image_custom_fields":null,"twitter_title":null,"twitter_description":null,"schema":{"blockGraphs":[],"customGraphs":[],"default":{"data":{"Article":[],"Course":[],"Dataset":[],"FAQPage":[],"Movie":[],"Person":[],"Product":[],"ProductReview":[],"Car":[],"Recipe":[],"Service":[],"SoftwareApplication":[],"WebPage":[]},"graphName":"","isEnabled":true},"graphs":[],"defaultGraph":"","defaultPostTypeGraph":""},"schema_type":null,"schema_type_options":null,"pillar_content":false,"robots_default":true,"robots_noindex":false,"robots_noarchive":false,"robots_nosnippet":false,"robots_nofollow":false,"robots_noimageindex":false,"robots_noodp":false,"robots_notranslate":false,"robots_max_snippet":null,"robots_max_videopreview":null,"robots_max_imagepreview":"large","priority":null,"frequency":null,"location":null,"local_seo":null,"seo_analyzer_scan_date":"2025-09-17 10:05:31","breadcrumb_settings":null,"limit_modified_date":false,"open_ai":null,"ai":null,"created":"2021-03-09 08:15:40","updated":"2025-09-17 10:05:31"},"aioseo_breadcrumb":"<div class=\"aioseo-breadcrumbs\"><span class=\"aioseo-breadcrumb\">\n\t<a href=\"https:\/\/eldigitaldeasturias.com\/magazine365\" title=\"Home\">Home<\/a>\n<\/span><span class=\"aioseo-breadcrumb-separator\">\u2013<\/span><span class=\"aioseo-breadcrumb\">\n\t<a href=\"https:\/\/eldigitaldeasturias.com\/magazine365\/category\/noticias-actualidad\/\" title=\"Noticias y Actualidad\">Noticias y Actualidad<\/a>\n<\/span><span class=\"aioseo-breadcrumb-separator\">\u2013<\/span><span class=\"aioseo-breadcrumb\">\n\t<a href=\"https:\/\/eldigitaldeasturias.com\/magazine365\/redone-autor-del-nuevo-himno-del-real-madrid-el-primer-fan-fue-florentino\/\" title=\"RedOne, autor del nuevo himno del Real Madrid: \u00abEl primer fan fue Florentino\u00bb\">RedOne, autor del nuevo himno del Real Madrid: \u00abEl primer fan fue Florentino\u00bb<\/a>\n<\/span><\/div>","aioseo_breadcrumb_json":[{"label":"Home","link":"https:\/\/eldigitaldeasturias.com\/magazine365"},{"label":"Noticias y Actualidad","link":"https:\/\/eldigitaldeasturias.com\/magazine365\/category\/noticias-actualidad\/"},{"label":"RedOne, autor del nuevo himno del Real Madrid: \u00abEl primer fan fue Florentino\u00bb","link":"https:\/\/eldigitaldeasturias.com\/magazine365\/redone-autor-del-nuevo-himno-del-real-madrid-el-primer-fan-fue-florentino\/"}],"_links":{"self":[{"href":"https:\/\/eldigitaldeasturias.com\/magazine365\/wp-json\/wp\/v2\/posts\/14418","targetHints":{"allow":["GET"]}}],"collection":[{"href":"https:\/\/eldigitaldeasturias.com\/magazine365\/wp-json\/wp\/v2\/posts"}],"about":[{"href":"https:\/\/eldigitaldeasturias.com\/magazine365\/wp-json\/wp\/v2\/types\/post"}],"author":[{"embeddable":true,"href":"https:\/\/eldigitaldeasturias.com\/magazine365\/wp-json\/wp\/v2\/users\/1"}],"replies":[{"embeddable":true,"href":"https:\/\/eldigitaldeasturias.com\/magazine365\/wp-json\/wp\/v2\/comments?post=14418"}],"version-history":[{"count":0,"href":"https:\/\/eldigitaldeasturias.com\/magazine365\/wp-json\/wp\/v2\/posts\/14418\/revisions"}],"wp:featuredmedia":[{"embeddable":true,"href":"https:\/\/eldigitaldeasturias.com\/magazine365\/wp-json\/wp\/v2\/media\/14419"}],"wp:attachment":[{"href":"https:\/\/eldigitaldeasturias.com\/magazine365\/wp-json\/wp\/v2\/media?parent=14418"}],"wp:term":[{"taxonomy":"category","embeddable":true,"href":"https:\/\/eldigitaldeasturias.com\/magazine365\/wp-json\/wp\/v2\/categories?post=14418"},{"taxonomy":"post_tag","embeddable":true,"href":"https:\/\/eldigitaldeasturias.com\/magazine365\/wp-json\/wp\/v2\/tags?post=14418"}],"curies":[{"name":"wp","href":"https:\/\/api.w.org\/{rel}","templated":true}]}}