{"id":14415,"date":"2014-05-30T00:31:44","date_gmt":"2014-05-30T02:31:44","guid":{"rendered":"http:\/\/eldigitaldeasturias.com\/magazine365\/?p=14415"},"modified":"2014-05-30T00:31:44","modified_gmt":"2014-05-30T02:31:44","slug":"josean-alija-el-futuro-es-defender-la-cocina-local-e-innovadora","status":"publish","type":"post","link":"https:\/\/eldigitaldeasturias.com\/magazine365\/josean-alija-el-futuro-es-defender-la-cocina-local-e-innovadora\/","title":{"rendered":"Josean Alija: El futuro es defender la cocina local e innovadora"},"content":{"rendered":"<p><img fetchpriority=\"high\" decoding=\"async\" class=\"alignleft size-medium wp-image-14416\" alt=\"6315641w\" src=\"https:\/\/eldigitaldeasturias.com\/magazine365\/wp-content\/uploads\/2014\/05\/6315641w-360x239.jpg\" width=\"360\" height=\"239\" \/>M\u00e1laga, 29 may (EFE).- El chef Josean Alija, con una estrella Michelin y tres soles Repsol en Nerua (Bilbao), ha abogado hoy por defender la cocina local e innovadora porque es \u00ablo que define la cocina espa\u00f1ola en el mundo\u00bb y por rehuir de la globalizaci\u00f3n que destruye identidades.<\/p>\n<p>\u00abEn cada territorio hay que hacer importante lo que es importante, porque viajamos para conocer otras culturas y a trav\u00e9s de un plato puedes entender la cultura de un lugar\u00bb, ha dicho hoy el chef bilba\u00edno en M\u00e1laga, donde ha presentado su documental \u00abNerua Guggenheim Bilbao: Un viaje a la esencia\u00bb, dirigido por Iv\u00e1n Mi\u00f1ambres, en el M\u00e1laga Food&amp;Wine Festival.<\/p>\n<p>Alija, que expresa en sus platos Bilbao, especialmente a trav\u00e9s de las verduras, ha animado a \u00abno globalizar las cocinas\u00bb, lo que, adem\u00e1s de preservar historia e identidad, permite \u00abcrear una red de producci\u00f3n sostenible y eficiente\u00bb.<\/p>\n<p>Todo ello viviendo en el presente, porque \u00abla cocina nace de la necesidad, pero se ha pasado de cocinar para quitar el hambre a buscar el placer en el plato\u00bb. Ah\u00ed entran, en su caso, la innovaci\u00f3n, pero \u00absin perder las ra\u00edces, la cultura, el producto, aportando distintas maneras de comer, construyendo un lenguaje que crea emociones y momentos felices y divertidos en la mesa\u00bb.<\/p>\n<p>Por ello Nerua, un proyecto que comenz\u00f3 hace tres a\u00f1os, se basa en una experiencia anterior de m\u00e1s de una d\u00e9cada en la que combin\u00f3 \u00abtecnolog\u00eda y relaci\u00f3n y conocimiento de tu entorno y de los productos\u00bb.<\/p>\n<p>Especialmente los vegetales, ya que consideraba que la oferta era muy reducida en este \u00e1mbito, con excepciones como las de Michel Bras o Alain Passard y que a trav\u00e9s de ellos pod\u00eda definir su entorno y trasladarlo al plato.<\/p>\n<p>\u00abEn 1998 mi cocina se basada en el mercado, pero \u00e9ste no cambiaba mucho de un pa\u00eds a otro, por lo que decid\u00ed cambiarlo por el origen. Los primeros tres a\u00f1os fueron muy duros porque no consegu\u00eda conectar con los agricultores que no estaban habituados a trabajar con cocineros. Han pasado muchos a\u00f1os hasta poder plasmarlo\u00bb, reconoce.<\/p>\n<p>A\u00f1os en los que tambi\u00e9n ha recurrido a la ciencia y a la historia en un trabajo \u00abduro y divertido que aporta mucho pero que si lo metes en una caja no aporta nada\u00bb. Por ello decidi\u00f3 compartirlo de varias formas, y una de ella es el documental, que se proyecta hoy por primera vez en cines fuera de Bilbao.<\/p>\n<p>Tambi\u00e9n con su blog y con su libro \u00abMuina\u00bb (Montagud), que acaba de ganar el premio a la mejor publicaci\u00f3n de cocina de autor en los Gourmand World Cookbook Awards, lo que le \u00abmotiva\u00bb para seguir comunicando su filosof\u00eda culinaria.<\/p>\n","protected":false},"excerpt":{"rendered":"<p>M\u00e1laga, 29 may (EFE).- El chef Josean Alija, con una estrella Michelin y tres soles Repsol en Nerua (Bilbao), ha abogado hoy por defender la cocina local e innovadora porque es \u00ablo que define la cocina espa\u00f1ola en el mundo\u00bb y por rehuir de la globalizaci\u00f3n que destruye identidades. \u00abEn cada territorio hay que hacer<\/p>\n","protected":false},"author":1,"featured_media":14416,"comment_status":"open","ping_status":"closed","sticky":false,"template":"","format":"standard","meta":{"footnotes":""},"categories":[224],"tags":[],"class_list":{"0":"post-14415","1":"post","2":"type-post","3":"status-publish","4":"format-standard","5":"has-post-thumbnail","7":"category-noticias-actualidad"},"aioseo_notices":[],"aioseo_head":"\n\t\t<!-- All in One SEO Pro 4.9.6.1 - aioseo.com -->\n\t<meta name=\"description\" content=\"M\u00e1laga, 29 may (EFE).- El chef Josean Alija, con una estrella Michelin y tres soles Repsol en Nerua (Bilbao), ha abogado hoy por defender la cocina local e innovadora porque es &quot;lo que define la cocina espa\u00f1ola en el mundo&quot; y por rehuir de la globalizaci\u00f3n que destruye identidades. &quot;En cada territorio hay que hacer\" \/>\n\t<meta name=\"robots\" content=\"max-image-preview:large\" \/>\n\t<meta name=\"author\" content=\"admin\"\/>\n\t<meta name=\"google-site-verification\" content=\"UA-38556648-1\" \/>\n\t<meta name=\"keywords\" content=\"noticias y actualidad\" \/>\n\t<link rel=\"canonical\" href=\"https:\/\/eldigitaldeasturias.com\/magazine365\/josean-alija-el-futuro-es-defender-la-cocina-local-e-innovadora\/\" \/>\n\t<meta name=\"generator\" content=\"All in One SEO Pro (AIOSEO) 4.9.6.1\" \/>\n\t\t<meta property=\"og:locale\" content=\"es_ES\" \/>\n\t\t<meta property=\"og:site_name\" content=\"El Digital de Asturias \u2013 Revista de ocio, turismo y estilo de vida\" \/>\n\t\t<meta property=\"og:type\" content=\"article\" \/>\n\t\t<meta property=\"og:title\" content=\"Josean Alija: El futuro es defender la cocina local e innovadora | El Digital de Asturias\" \/>\n\t\t<meta property=\"og:description\" content=\"M\u00e1laga, 29 may (EFE).- El chef Josean Alija, con una estrella Michelin y tres soles Repsol en Nerua (Bilbao), ha abogado hoy por defender la cocina local e innovadora porque es &quot;lo que define la cocina espa\u00f1ola en el mundo&quot; y por rehuir de la globalizaci\u00f3n que destruye identidades. &quot;En cada territorio hay que hacer\" \/>\n\t\t<meta property=\"og:url\" content=\"https:\/\/eldigitaldeasturias.com\/magazine365\/josean-alija-el-futuro-es-defender-la-cocina-local-e-innovadora\/\" \/>\n\t\t<meta property=\"og:image\" content=\"https:\/\/eldigitaldeasturias.com\/magazine365\/wp-content\/uploads\/2014\/05\/6315641w.jpg\" \/>\n\t\t<meta property=\"og:image:secure_url\" content=\"https:\/\/eldigitaldeasturias.com\/magazine365\/wp-content\/uploads\/2014\/05\/6315641w.jpg\" \/>\n\t\t<meta property=\"og:image:width\" content=\"800\" \/>\n\t\t<meta property=\"og:image:height\" content=\"533\" \/>\n\t\t<meta property=\"article:published_time\" content=\"2014-05-30T02:31:44+00:00\" \/>\n\t\t<meta property=\"article:modified_time\" content=\"2014-05-30T02:31:44+00:00\" \/>\n\t\t<meta name=\"twitter:card\" content=\"summary_large_image\" \/>\n\t\t<meta name=\"twitter:title\" content=\"Josean Alija: El futuro es defender la cocina local e innovadora | El Digital de Asturias\" \/>\n\t\t<meta name=\"twitter:description\" content=\"M\u00e1laga, 29 may (EFE).- El chef Josean Alija, con una estrella Michelin y tres soles Repsol en Nerua (Bilbao), ha abogado hoy por defender la cocina local e innovadora porque es &quot;lo que define la cocina espa\u00f1ola en el mundo&quot; y por rehuir de la globalizaci\u00f3n que destruye identidades. &quot;En cada territorio hay que hacer\" \/>\n\t\t<meta name=\"twitter:image\" content=\"https:\/\/eldigitaldeasturias.com\/magazine365\/wp-content\/uploads\/2014\/05\/6315641w.jpg\" \/>\n\t\t<script type=\"application\/ld+json\" class=\"aioseo-schema\">\n\t\t\t{\"@context\":\"https:\\\/\\\/schema.org\",\"@graph\":[{\"@type\":\"Article\",\"@id\":\"https:\\\/\\\/eldigitaldeasturias.com\\\/magazine365\\\/josean-alija-el-futuro-es-defender-la-cocina-local-e-innovadora\\\/#article\",\"name\":\"Josean Alija: El futuro es defender la cocina local e innovadora | El Digital de Asturias\",\"headline\":\"Josean Alija: El futuro es defender la cocina local e innovadora\",\"author\":{\"@id\":\"https:\\\/\\\/eldigitaldeasturias.com\\\/magazine365\\\/author\\\/admin\\\/#author\"},\"publisher\":{\"@id\":\"https:\\\/\\\/eldigitaldeasturias.com\\\/magazine365\\\/#organization\"},\"image\":{\"@type\":\"ImageObject\",\"url\":\"https:\\\/\\\/eldigitaldeasturias.com\\\/magazine365\\\/wp-content\\\/uploads\\\/2014\\\/05\\\/6315641w.jpg\",\"width\":800,\"height\":533},\"datePublished\":\"2014-05-30T00:31:44+02:00\",\"dateModified\":\"2014-05-30T00:31:44+02:00\",\"inLanguage\":\"es-ES\",\"mainEntityOfPage\":{\"@id\":\"https:\\\/\\\/eldigitaldeasturias.com\\\/magazine365\\\/josean-alija-el-futuro-es-defender-la-cocina-local-e-innovadora\\\/#webpage\"},\"isPartOf\":{\"@id\":\"https:\\\/\\\/eldigitaldeasturias.com\\\/magazine365\\\/josean-alija-el-futuro-es-defender-la-cocina-local-e-innovadora\\\/#webpage\"},\"articleSection\":\"Noticias y Actualidad\"},{\"@type\":\"BreadcrumbList\",\"@id\":\"https:\\\/\\\/eldigitaldeasturias.com\\\/magazine365\\\/josean-alija-el-futuro-es-defender-la-cocina-local-e-innovadora\\\/#breadcrumblist\",\"itemListElement\":[{\"@type\":\"ListItem\",\"@id\":\"https:\\\/\\\/eldigitaldeasturias.com\\\/magazine365#listItem\",\"position\":1,\"name\":\"Home\",\"item\":\"https:\\\/\\\/eldigitaldeasturias.com\\\/magazine365\",\"nextItem\":{\"@type\":\"ListItem\",\"@id\":\"https:\\\/\\\/eldigitaldeasturias.com\\\/magazine365\\\/category\\\/noticias-actualidad\\\/#listItem\",\"name\":\"Noticias y Actualidad\"}},{\"@type\":\"ListItem\",\"@id\":\"https:\\\/\\\/eldigitaldeasturias.com\\\/magazine365\\\/category\\\/noticias-actualidad\\\/#listItem\",\"position\":2,\"name\":\"Noticias y Actualidad\",\"item\":\"https:\\\/\\\/eldigitaldeasturias.com\\\/magazine365\\\/category\\\/noticias-actualidad\\\/\",\"nextItem\":{\"@type\":\"ListItem\",\"@id\":\"https:\\\/\\\/eldigitaldeasturias.com\\\/magazine365\\\/josean-alija-el-futuro-es-defender-la-cocina-local-e-innovadora\\\/#listItem\",\"name\":\"Josean Alija: El futuro es defender la cocina local e innovadora\"},\"previousItem\":{\"@type\":\"ListItem\",\"@id\":\"https:\\\/\\\/eldigitaldeasturias.com\\\/magazine365#listItem\",\"name\":\"Home\"}},{\"@type\":\"ListItem\",\"@id\":\"https:\\\/\\\/eldigitaldeasturias.com\\\/magazine365\\\/josean-alija-el-futuro-es-defender-la-cocina-local-e-innovadora\\\/#listItem\",\"position\":3,\"name\":\"Josean Alija: El futuro es defender la cocina local e innovadora\",\"previousItem\":{\"@type\":\"ListItem\",\"@id\":\"https:\\\/\\\/eldigitaldeasturias.com\\\/magazine365\\\/category\\\/noticias-actualidad\\\/#listItem\",\"name\":\"Noticias y Actualidad\"}}]},{\"@type\":\"Organization\",\"@id\":\"https:\\\/\\\/eldigitaldeasturias.com\\\/magazine365\\\/#organization\",\"name\":\"El digital de Asturias\",\"description\":\"Revista de ocio, turismo y estilo de vida\",\"url\":\"https:\\\/\\\/eldigitaldeasturias.com\\\/magazine365\\\/\",\"logo\":{\"@type\":\"ImageObject\",\"url\":\"https:\\\/\\\/www.eldigitaldeasturias.com\\\/noticias\\\/wp-content\\\/uploads\\\/2020\\\/12\\\/EDA.jpg\",\"@id\":\"https:\\\/\\\/eldigitaldeasturias.com\\\/magazine365\\\/josean-alija-el-futuro-es-defender-la-cocina-local-e-innovadora\\\/#organizationLogo\"},\"image\":{\"@id\":\"https:\\\/\\\/eldigitaldeasturias.com\\\/magazine365\\\/josean-alija-el-futuro-es-defender-la-cocina-local-e-innovadora\\\/#organizationLogo\"}},{\"@type\":\"Person\",\"@id\":\"https:\\\/\\\/eldigitaldeasturias.com\\\/magazine365\\\/author\\\/admin\\\/#author\",\"url\":\"https:\\\/\\\/eldigitaldeasturias.com\\\/magazine365\\\/author\\\/admin\\\/\",\"name\":\"admin\",\"image\":{\"@type\":\"ImageObject\",\"@id\":\"https:\\\/\\\/eldigitaldeasturias.com\\\/magazine365\\\/josean-alija-el-futuro-es-defender-la-cocina-local-e-innovadora\\\/#authorImage\",\"url\":\"https:\\\/\\\/eldigitaldeasturias.com\\\/magazine365\\\/wp-content\\\/litespeed\\\/avatar\\\/e571bcf59a0edd6fa6838245a470f2fe.jpg?ver=1777574230\",\"width\":96,\"height\":96,\"caption\":\"admin\"}},{\"@type\":\"WebPage\",\"@id\":\"https:\\\/\\\/eldigitaldeasturias.com\\\/magazine365\\\/josean-alija-el-futuro-es-defender-la-cocina-local-e-innovadora\\\/#webpage\",\"url\":\"https:\\\/\\\/eldigitaldeasturias.com\\\/magazine365\\\/josean-alija-el-futuro-es-defender-la-cocina-local-e-innovadora\\\/\",\"name\":\"Josean Alija: El futuro es defender la cocina local e innovadora | El Digital de Asturias\",\"description\":\"M\\u00e1laga, 29 may (EFE).- El chef Josean Alija, con una estrella Michelin y tres soles Repsol en Nerua (Bilbao), ha abogado hoy por defender la cocina local e innovadora porque es \\\"lo que define la cocina espa\\u00f1ola en el mundo\\\" y por rehuir de la globalizaci\\u00f3n que destruye identidades. \\\"En cada territorio hay que hacer\",\"inLanguage\":\"es-ES\",\"isPartOf\":{\"@id\":\"https:\\\/\\\/eldigitaldeasturias.com\\\/magazine365\\\/#website\"},\"breadcrumb\":{\"@id\":\"https:\\\/\\\/eldigitaldeasturias.com\\\/magazine365\\\/josean-alija-el-futuro-es-defender-la-cocina-local-e-innovadora\\\/#breadcrumblist\"},\"author\":{\"@id\":\"https:\\\/\\\/eldigitaldeasturias.com\\\/magazine365\\\/author\\\/admin\\\/#author\"},\"creator\":{\"@id\":\"https:\\\/\\\/eldigitaldeasturias.com\\\/magazine365\\\/author\\\/admin\\\/#author\"},\"image\":{\"@type\":\"ImageObject\",\"url\":\"https:\\\/\\\/eldigitaldeasturias.com\\\/magazine365\\\/wp-content\\\/uploads\\\/2014\\\/05\\\/6315641w.jpg\",\"@id\":\"https:\\\/\\\/eldigitaldeasturias.com\\\/magazine365\\\/josean-alija-el-futuro-es-defender-la-cocina-local-e-innovadora\\\/#mainImage\",\"width\":800,\"height\":533},\"primaryImageOfPage\":{\"@id\":\"https:\\\/\\\/eldigitaldeasturias.com\\\/magazine365\\\/josean-alija-el-futuro-es-defender-la-cocina-local-e-innovadora\\\/#mainImage\"},\"datePublished\":\"2014-05-30T00:31:44+02:00\",\"dateModified\":\"2014-05-30T00:31:44+02:00\"},{\"@type\":\"WebSite\",\"@id\":\"https:\\\/\\\/eldigitaldeasturias.com\\\/magazine365\\\/#website\",\"url\":\"https:\\\/\\\/eldigitaldeasturias.com\\\/magazine365\\\/\",\"name\":\"El Digital de Asturias\",\"description\":\"Revista de ocio, turismo y estilo de vida\",\"inLanguage\":\"es-ES\",\"publisher\":{\"@id\":\"https:\\\/\\\/eldigitaldeasturias.com\\\/magazine365\\\/#organization\"}}]}\n\t\t<\/script>\n\t\t<!-- All in One SEO Pro -->\r\n\t\t<title>Josean Alija: El futuro es defender la cocina local e innovadora | El Digital de Asturias<\/title>\n\n","aioseo_head_json":{"title":"Josean Alija: El futuro es defender la cocina local e innovadora | El Digital de Asturias","description":"M\u00e1laga, 29 may (EFE).- El chef Josean Alija, con una estrella Michelin y tres soles Repsol en Nerua (Bilbao), ha abogado hoy por defender la cocina local e innovadora porque es \"lo que define la cocina espa\u00f1ola en el mundo\" y por rehuir de la globalizaci\u00f3n que destruye identidades. \"En cada territorio hay que hacer","canonical_url":"https:\/\/eldigitaldeasturias.com\/magazine365\/josean-alija-el-futuro-es-defender-la-cocina-local-e-innovadora\/","robots":"max-image-preview:large","keywords":"noticias y actualidad","webmasterTools":{"google-site-verification":"UA-38556648-1","miscellaneous":""},"schema":{"@context":"https:\/\/schema.org","@graph":[{"@type":"Article","@id":"https:\/\/eldigitaldeasturias.com\/magazine365\/josean-alija-el-futuro-es-defender-la-cocina-local-e-innovadora\/#article","name":"Josean Alija: El futuro es defender la cocina local e innovadora | El Digital de Asturias","headline":"Josean Alija: El futuro es defender la cocina local e innovadora","author":{"@id":"https:\/\/eldigitaldeasturias.com\/magazine365\/author\/admin\/#author"},"publisher":{"@id":"https:\/\/eldigitaldeasturias.com\/magazine365\/#organization"},"image":{"@type":"ImageObject","url":"https:\/\/eldigitaldeasturias.com\/magazine365\/wp-content\/uploads\/2014\/05\/6315641w.jpg","width":800,"height":533},"datePublished":"2014-05-30T00:31:44+02:00","dateModified":"2014-05-30T00:31:44+02:00","inLanguage":"es-ES","mainEntityOfPage":{"@id":"https:\/\/eldigitaldeasturias.com\/magazine365\/josean-alija-el-futuro-es-defender-la-cocina-local-e-innovadora\/#webpage"},"isPartOf":{"@id":"https:\/\/eldigitaldeasturias.com\/magazine365\/josean-alija-el-futuro-es-defender-la-cocina-local-e-innovadora\/#webpage"},"articleSection":"Noticias y Actualidad"},{"@type":"BreadcrumbList","@id":"https:\/\/eldigitaldeasturias.com\/magazine365\/josean-alija-el-futuro-es-defender-la-cocina-local-e-innovadora\/#breadcrumblist","itemListElement":[{"@type":"ListItem","@id":"https:\/\/eldigitaldeasturias.com\/magazine365#listItem","position":1,"name":"Home","item":"https:\/\/eldigitaldeasturias.com\/magazine365","nextItem":{"@type":"ListItem","@id":"https:\/\/eldigitaldeasturias.com\/magazine365\/category\/noticias-actualidad\/#listItem","name":"Noticias y Actualidad"}},{"@type":"ListItem","@id":"https:\/\/eldigitaldeasturias.com\/magazine365\/category\/noticias-actualidad\/#listItem","position":2,"name":"Noticias y Actualidad","item":"https:\/\/eldigitaldeasturias.com\/magazine365\/category\/noticias-actualidad\/","nextItem":{"@type":"ListItem","@id":"https:\/\/eldigitaldeasturias.com\/magazine365\/josean-alija-el-futuro-es-defender-la-cocina-local-e-innovadora\/#listItem","name":"Josean Alija: El futuro es defender la cocina local e innovadora"},"previousItem":{"@type":"ListItem","@id":"https:\/\/eldigitaldeasturias.com\/magazine365#listItem","name":"Home"}},{"@type":"ListItem","@id":"https:\/\/eldigitaldeasturias.com\/magazine365\/josean-alija-el-futuro-es-defender-la-cocina-local-e-innovadora\/#listItem","position":3,"name":"Josean Alija: El futuro es defender la cocina local e innovadora","previousItem":{"@type":"ListItem","@id":"https:\/\/eldigitaldeasturias.com\/magazine365\/category\/noticias-actualidad\/#listItem","name":"Noticias y Actualidad"}}]},{"@type":"Organization","@id":"https:\/\/eldigitaldeasturias.com\/magazine365\/#organization","name":"El digital de Asturias","description":"Revista de ocio, turismo y estilo de vida","url":"https:\/\/eldigitaldeasturias.com\/magazine365\/","logo":{"@type":"ImageObject","url":"https:\/\/www.eldigitaldeasturias.com\/noticias\/wp-content\/uploads\/2020\/12\/EDA.jpg","@id":"https:\/\/eldigitaldeasturias.com\/magazine365\/josean-alija-el-futuro-es-defender-la-cocina-local-e-innovadora\/#organizationLogo"},"image":{"@id":"https:\/\/eldigitaldeasturias.com\/magazine365\/josean-alija-el-futuro-es-defender-la-cocina-local-e-innovadora\/#organizationLogo"}},{"@type":"Person","@id":"https:\/\/eldigitaldeasturias.com\/magazine365\/author\/admin\/#author","url":"https:\/\/eldigitaldeasturias.com\/magazine365\/author\/admin\/","name":"admin","image":{"@type":"ImageObject","@id":"https:\/\/eldigitaldeasturias.com\/magazine365\/josean-alija-el-futuro-es-defender-la-cocina-local-e-innovadora\/#authorImage","url":"https:\/\/eldigitaldeasturias.com\/magazine365\/wp-content\/litespeed\/avatar\/e571bcf59a0edd6fa6838245a470f2fe.jpg?ver=1777574230","width":96,"height":96,"caption":"admin"}},{"@type":"WebPage","@id":"https:\/\/eldigitaldeasturias.com\/magazine365\/josean-alija-el-futuro-es-defender-la-cocina-local-e-innovadora\/#webpage","url":"https:\/\/eldigitaldeasturias.com\/magazine365\/josean-alija-el-futuro-es-defender-la-cocina-local-e-innovadora\/","name":"Josean Alija: El futuro es defender la cocina local e innovadora | El Digital de Asturias","description":"M\u00e1laga, 29 may (EFE).- El chef Josean Alija, con una estrella Michelin y tres soles Repsol en Nerua (Bilbao), ha abogado hoy por defender la cocina local e innovadora porque es \"lo que define la cocina espa\u00f1ola en el mundo\" y por rehuir de la globalizaci\u00f3n que destruye identidades. \"En cada territorio hay que hacer","inLanguage":"es-ES","isPartOf":{"@id":"https:\/\/eldigitaldeasturias.com\/magazine365\/#website"},"breadcrumb":{"@id":"https:\/\/eldigitaldeasturias.com\/magazine365\/josean-alija-el-futuro-es-defender-la-cocina-local-e-innovadora\/#breadcrumblist"},"author":{"@id":"https:\/\/eldigitaldeasturias.com\/magazine365\/author\/admin\/#author"},"creator":{"@id":"https:\/\/eldigitaldeasturias.com\/magazine365\/author\/admin\/#author"},"image":{"@type":"ImageObject","url":"https:\/\/eldigitaldeasturias.com\/magazine365\/wp-content\/uploads\/2014\/05\/6315641w.jpg","@id":"https:\/\/eldigitaldeasturias.com\/magazine365\/josean-alija-el-futuro-es-defender-la-cocina-local-e-innovadora\/#mainImage","width":800,"height":533},"primaryImageOfPage":{"@id":"https:\/\/eldigitaldeasturias.com\/magazine365\/josean-alija-el-futuro-es-defender-la-cocina-local-e-innovadora\/#mainImage"},"datePublished":"2014-05-30T00:31:44+02:00","dateModified":"2014-05-30T00:31:44+02:00"},{"@type":"WebSite","@id":"https:\/\/eldigitaldeasturias.com\/magazine365\/#website","url":"https:\/\/eldigitaldeasturias.com\/magazine365\/","name":"El Digital de Asturias","description":"Revista de ocio, turismo y estilo de vida","inLanguage":"es-ES","publisher":{"@id":"https:\/\/eldigitaldeasturias.com\/magazine365\/#organization"}}]},"og:locale":"es_ES","og:site_name":"El Digital de Asturias \u2013 Revista de ocio, turismo y estilo de vida","og:type":"article","og:title":"Josean Alija: El futuro es defender la cocina local e innovadora | El Digital de Asturias","og:description":"M\u00e1laga, 29 may (EFE).- El chef Josean Alija, con una estrella Michelin y tres soles Repsol en Nerua (Bilbao), ha abogado hoy por defender la cocina local e innovadora porque es &quot;lo que define la cocina espa\u00f1ola en el mundo&quot; y por rehuir de la globalizaci\u00f3n que destruye identidades. &quot;En cada territorio hay que hacer","og:url":"https:\/\/eldigitaldeasturias.com\/magazine365\/josean-alija-el-futuro-es-defender-la-cocina-local-e-innovadora\/","og:image":"https:\/\/eldigitaldeasturias.com\/magazine365\/wp-content\/uploads\/2014\/05\/6315641w.jpg","og:image:secure_url":"https:\/\/eldigitaldeasturias.com\/magazine365\/wp-content\/uploads\/2014\/05\/6315641w.jpg","og:image:width":800,"og:image:height":533,"article:published_time":"2014-05-30T02:31:44+00:00","article:modified_time":"2014-05-30T02:31:44+00:00","twitter:card":"summary_large_image","twitter:title":"Josean Alija: El futuro es defender la cocina local e innovadora | El Digital de Asturias","twitter:description":"M\u00e1laga, 29 may (EFE).- El chef Josean Alija, con una estrella Michelin y tres soles Repsol en Nerua (Bilbao), ha abogado hoy por defender la cocina local e innovadora porque es &quot;lo que define la cocina espa\u00f1ola en el mundo&quot; y por rehuir de la globalizaci\u00f3n que destruye identidades. &quot;En cada territorio hay que hacer","twitter:image":"https:\/\/eldigitaldeasturias.com\/magazine365\/wp-content\/uploads\/2014\/05\/6315641w.jpg"},"aioseo_meta_data":{"post_id":"14415","title":null,"description":null,"keywords":null,"keyphrases":null,"primary_term":null,"canonical_url":null,"og_title":null,"og_description":null,"og_object_type":"default","og_image_type":"default","og_image_url":null,"og_image_width":null,"og_image_height":null,"og_image_custom_url":null,"og_image_custom_fields":null,"og_video":null,"og_custom_url":null,"og_article_section":null,"og_article_tags":null,"twitter_use_og":false,"twitter_card":"default","twitter_image_type":"default","twitter_image_url":null,"twitter_image_custom_url":null,"twitter_image_custom_fields":null,"twitter_title":null,"twitter_description":null,"schema":{"blockGraphs":[],"customGraphs":[],"default":{"data":{"Article":[],"Course":[],"Dataset":[],"FAQPage":[],"Movie":[],"Person":[],"Product":[],"ProductReview":[],"Car":[],"Recipe":[],"Service":[],"SoftwareApplication":[],"WebPage":[]},"graphName":"","isEnabled":true},"graphs":[],"defaultGraph":"","defaultPostTypeGraph":""},"schema_type":null,"schema_type_options":null,"pillar_content":false,"robots_default":true,"robots_noindex":false,"robots_noarchive":false,"robots_nosnippet":false,"robots_nofollow":false,"robots_noimageindex":false,"robots_noodp":false,"robots_notranslate":false,"robots_max_snippet":null,"robots_max_videopreview":null,"robots_max_imagepreview":"large","priority":null,"frequency":null,"location":null,"local_seo":null,"seo_analyzer_scan_date":"2025-09-17 10:05:26","breadcrumb_settings":null,"limit_modified_date":false,"open_ai":null,"ai":null,"created":"2021-03-09 01:51:51","updated":"2025-09-17 10:05:26"},"aioseo_breadcrumb":"<div class=\"aioseo-breadcrumbs\"><span class=\"aioseo-breadcrumb\">\n\t<a href=\"https:\/\/eldigitaldeasturias.com\/magazine365\" title=\"Home\">Home<\/a>\n<\/span><span class=\"aioseo-breadcrumb-separator\">\u2013<\/span><span class=\"aioseo-breadcrumb\">\n\t<a href=\"https:\/\/eldigitaldeasturias.com\/magazine365\/category\/noticias-actualidad\/\" title=\"Noticias y Actualidad\">Noticias y Actualidad<\/a>\n<\/span><span class=\"aioseo-breadcrumb-separator\">\u2013<\/span><span class=\"aioseo-breadcrumb\">\n\t<a href=\"https:\/\/eldigitaldeasturias.com\/magazine365\/josean-alija-el-futuro-es-defender-la-cocina-local-e-innovadora\/\" title=\"Josean Alija: El futuro es defender la cocina local e innovadora\">Josean Alija: El futuro es defender la cocina local e innovadora<\/a>\n<\/span><\/div>","aioseo_breadcrumb_json":[{"label":"Home","link":"https:\/\/eldigitaldeasturias.com\/magazine365"},{"label":"Noticias y Actualidad","link":"https:\/\/eldigitaldeasturias.com\/magazine365\/category\/noticias-actualidad\/"},{"label":"Josean Alija: El futuro es defender la cocina local e innovadora","link":"https:\/\/eldigitaldeasturias.com\/magazine365\/josean-alija-el-futuro-es-defender-la-cocina-local-e-innovadora\/"}],"_links":{"self":[{"href":"https:\/\/eldigitaldeasturias.com\/magazine365\/wp-json\/wp\/v2\/posts\/14415","targetHints":{"allow":["GET"]}}],"collection":[{"href":"https:\/\/eldigitaldeasturias.com\/magazine365\/wp-json\/wp\/v2\/posts"}],"about":[{"href":"https:\/\/eldigitaldeasturias.com\/magazine365\/wp-json\/wp\/v2\/types\/post"}],"author":[{"embeddable":true,"href":"https:\/\/eldigitaldeasturias.com\/magazine365\/wp-json\/wp\/v2\/users\/1"}],"replies":[{"embeddable":true,"href":"https:\/\/eldigitaldeasturias.com\/magazine365\/wp-json\/wp\/v2\/comments?post=14415"}],"version-history":[{"count":0,"href":"https:\/\/eldigitaldeasturias.com\/magazine365\/wp-json\/wp\/v2\/posts\/14415\/revisions"}],"wp:featuredmedia":[{"embeddable":true,"href":"https:\/\/eldigitaldeasturias.com\/magazine365\/wp-json\/wp\/v2\/media\/14416"}],"wp:attachment":[{"href":"https:\/\/eldigitaldeasturias.com\/magazine365\/wp-json\/wp\/v2\/media?parent=14415"}],"wp:term":[{"taxonomy":"category","embeddable":true,"href":"https:\/\/eldigitaldeasturias.com\/magazine365\/wp-json\/wp\/v2\/categories?post=14415"},{"taxonomy":"post_tag","embeddable":true,"href":"https:\/\/eldigitaldeasturias.com\/magazine365\/wp-json\/wp\/v2\/tags?post=14415"}],"curies":[{"name":"wp","href":"https:\/\/api.w.org\/{rel}","templated":true}]}}