{"id":14409,"date":"2014-05-30T00:28:14","date_gmt":"2014-05-30T02:28:14","guid":{"rendered":"http:\/\/eldigitaldeasturias.com\/magazine365\/?p=14409"},"modified":"2014-05-30T00:28:14","modified_gmt":"2014-05-30T02:28:14","slug":"la-ciencia-cuenta-ya-con-su-roja","status":"publish","type":"post","link":"https:\/\/eldigitaldeasturias.com\/magazine365\/la-ciencia-cuenta-ya-con-su-roja\/","title":{"rendered":"La ciencia cuenta ya con su \u00abRoja\u00bb"},"content":{"rendered":"<p><img fetchpriority=\"high\" decoding=\"async\" class=\"alignleft size-medium wp-image-14410\" alt=\"6315447w\" src=\"https:\/\/eldigitaldeasturias.com\/magazine365\/wp-content\/uploads\/2014\/05\/6315447w-360x221.jpg\" width=\"360\" height=\"221\" \/>Madrid, 29 may (EFE).- No gozan de la popularidad de los futbolistas, pero la ciencia espa\u00f1ola tiene ya su \u00abRoja\u00bb, un selecto grupo de trece cient\u00edficos que han empe\u00f1ado sus carreras en golear al c\u00e1ncer, la contaminaci\u00f3n, el envejecimiento, la falta de recursos energ\u00e9ticos, los enigmas del pasado o los retos del futuro.<\/p>\n<p>Auspiciada por la revista de divulgaci\u00f3n cient\u00edfica \u00abQuo\u00bb, hoy se ha presentado en Madrid la primera \u00abselecci\u00f3n espa\u00f1ola de la ciencia\u00bb, en un acto celebrado en el Consejo Superior de Deportes (CSD) en el que han intervenido el presidente de este organismo, Miguel Cardenal; la secretaria de Estado de Investigaci\u00f3n, Desarrollo e Innovaci\u00f3n, Carmen Vela, y el presidente del Consejo Superior de Investigaciones Cient\u00edficas (CSIC), Emilio Lora Tamayo.<\/p>\n<p>Y todos -autoridades, \u00abseleccionados\u00bb y deportistas- han coincidido en que futbolistas y cient\u00edficos comparten los mismos valores: trabajo, tiempo, sacrificio, respeto, compa\u00f1erismo, armon\u00eda, ilusi\u00f3n, sacrificio, pasi\u00f3n, \u00e9xito, salud, vida, entusiasmo, responsabilidad o constancia.<\/p>\n<p>Entre los trece integrantes de la primera \u00abselecci\u00f3n\u00bb espa\u00f1ola de ciencia est\u00e1n Margarita Salas, bi\u00f3loga del CSIC y miembro de la Academia Nacional de Ciencias de Estados Unidos; Juan Luis Arsuaga, catedr\u00e1tico de Paleontolog\u00eda y codirector del yacimiento de Atapuerca; Mar\u00eda Blasco, directora del Centro Nacional de Investigaciones Oncol\u00f3gicas; Juan Ignacio Cirac, director de la Divisi\u00f3n Te\u00f3rica del Instituto Max Plank alem\u00e1n; o Valent\u00edn Fuster, del Centro Nacional de Investigaciones Cardiovasculares Carlos III.<\/p>\n<p>Tambi\u00e9n Pere Puigdom\u00e9nech, profesor en el Centro de Investigaci\u00f3n de Agricultura Gen\u00f3mica del CSIC; el paleont\u00f3logo Jos\u00e9 Luis Sanz, descubridor de ocho nuevos g\u00e9neros de dinosaurios; el bi\u00f3logo marino Carlos Duarte; la investigadora de la Universidad Complutense Celia S\u00e1nchez; el qu\u00edmico Avelino Corma (galardonado ayer con el Premio Pr\u00edncipe de Asturias de Investigaci\u00f3n), y el f\u00edsico Pedro Echenique.<\/p>\n<p>La lista la completan Joan Massagu\u00e9, bioqu\u00edmico especialista en c\u00e1ncer, y el bioqu\u00edmico Juan Carlos Izpis\u00faa.<\/p>\n<p>Todos los investigadores han aplaudido una iniciativa que pretende contribuir a popularizar la trascendencia y el valor de la ciencia espa\u00f1ola y sus resultados, y en que \u00e9stos pueden llegar a ser \u00abtan fascinantes\u00bb como el mejor partido de f\u00fatbol.<\/p>\n<p>Presente en el acto, el periodista Jos\u00e9 \u00c1ngel de la Casa, narrador de centenares de partidos de \u00abla Roja\u00bb, defendi\u00f3 a los futbolistas y a los cient\u00edficos como \u00abseres especiales\u00bb, y confi\u00f3 en los pr\u00f3ximos \u00e9xitos de la selecci\u00f3n espa\u00f1ola de f\u00fatbol pero tambi\u00e9n, como enfermo de Parkinson, en los \u00e9xitos cient\u00edficos que permitan avanzar en la lucha contra esa enfermedad.<\/p>\n<p>Durante el acto se sucedieron las citas a las m\u00faltiples interrelaciones entre la ciencia y el deporte (que un bal\u00f3n de f\u00fatbol no es esf\u00e9rico o que un futbolista deposita sus esperanzas de recuperaci\u00f3n en un gel fabricado con placenta de yegua) y a c\u00f3mo los futbolistas mejoran su rendimiento gracias a la ciencia y la tecnolog\u00eda (nuevos materiales o tejidos).<\/p>\n<p>El paleont\u00f3logo Arsuaga record\u00f3 que la \u00abfuria\u00bb o la \u00ab\u00e9pica\u00bb, con los que se adjetivaba la actuaci\u00f3n de la selecci\u00f3n espa\u00f1ola de f\u00fatbol, nunca ganaban, y que han sido la planificaci\u00f3n, los valores, la t\u00e9cnica, la base, la cantera y el sistema los que han tra\u00eddo el \u00e9xito al f\u00fatbol y a la ciencia espa\u00f1ola.<\/p>\n<p>Los cient\u00edficos han insistido en la importancia de apostar por la ciencia y la tecnolog\u00eda para que un pa\u00eds se desarrolle y avance, y en el riesgo tambi\u00e9n de que la crisis y los recortes acaben con una generaci\u00f3n entera de j\u00f3venes investigadores en Espa\u00f1a.<\/p>\n<p>Para Miguel Cardenal, muchos de los investigadores merecen, adem\u00e1s de estar en la selecci\u00f3n, el \u00abbal\u00f3n de oro\u00bb por lo que han hecho para mejorar la calidad de vida, y en el mismo sentido, Carmen Vela ha subrayado la calidad y la trascendencia de la ciencia, pero tambi\u00e9n que \u00e9sta tiene un partido pendiente por disputar: el de la divulgaci\u00f3n.<\/p>\n<p>La secretaria de Estado, confiada tambi\u00e9n en \u00e9xito de la selecci\u00f3n espa\u00f1ola en Brasil, ha apuntado que el \u00fanico objetivo de la ciencia en general y de los trece cient\u00edficos que integran la primera \u00abselecci\u00f3n\u00bb de la ciencia espa\u00f1ola es el de mejorar la calidad la calidad de vida de las personas; \u00abnada m\u00e1s&#8230; y nada menos\u00bb.<\/p>\n<p>&nbsp;<\/p>\n<p>Por Ra\u00fal Casado<\/p>\n","protected":false},"excerpt":{"rendered":"<p>Madrid, 29 may (EFE).- No gozan de la popularidad de los futbolistas, pero la ciencia espa\u00f1ola tiene ya su \u00abRoja\u00bb, un selecto grupo de trece cient\u00edficos que han empe\u00f1ado sus carreras en golear al c\u00e1ncer, la contaminaci\u00f3n, el envejecimiento, la falta de recursos energ\u00e9ticos, los enigmas del pasado o los retos del futuro. Auspiciada por<\/p>\n","protected":false},"author":1,"featured_media":14410,"comment_status":"open","ping_status":"closed","sticky":false,"template":"","format":"standard","meta":{"footnotes":""},"categories":[224],"tags":[],"class_list":{"0":"post-14409","1":"post","2":"type-post","3":"status-publish","4":"format-standard","5":"has-post-thumbnail","7":"category-noticias-actualidad"},"aioseo_notices":[],"aioseo_head":"\n\t\t<!-- All in One SEO Pro 4.9.6.1 - aioseo.com -->\n\t<meta name=\"description\" content=\"Madrid, 29 may (EFE).- No gozan de la popularidad de los futbolistas, pero la ciencia espa\u00f1ola tiene ya su &quot;Roja&quot;, un selecto grupo de trece cient\u00edficos que han empe\u00f1ado sus carreras en golear al c\u00e1ncer, la contaminaci\u00f3n, el envejecimiento, la falta de recursos energ\u00e9ticos, los enigmas del pasado o los retos del futuro. Auspiciada por\" \/>\n\t<meta name=\"robots\" content=\"max-image-preview:large\" \/>\n\t<meta name=\"author\" content=\"admin\"\/>\n\t<meta name=\"google-site-verification\" content=\"UA-38556648-1\" \/>\n\t<meta name=\"keywords\" content=\"noticias y actualidad\" \/>\n\t<link rel=\"canonical\" href=\"https:\/\/eldigitaldeasturias.com\/magazine365\/la-ciencia-cuenta-ya-con-su-roja\/\" \/>\n\t<meta name=\"generator\" content=\"All in One SEO Pro (AIOSEO) 4.9.6.1\" \/>\n\t\t<meta property=\"og:locale\" content=\"es_ES\" \/>\n\t\t<meta property=\"og:site_name\" content=\"El Digital de Asturias \u2013 Revista de ocio, turismo y estilo de vida\" \/>\n\t\t<meta property=\"og:type\" content=\"article\" \/>\n\t\t<meta property=\"og:title\" content=\"La ciencia cuenta ya con su \u00abRoja\u00bb | El Digital de Asturias\" \/>\n\t\t<meta property=\"og:description\" content=\"Madrid, 29 may (EFE).- No gozan de la popularidad de los futbolistas, pero la ciencia espa\u00f1ola tiene ya su &quot;Roja&quot;, un selecto grupo de trece cient\u00edficos que han empe\u00f1ado sus carreras en golear al c\u00e1ncer, la contaminaci\u00f3n, el envejecimiento, la falta de recursos energ\u00e9ticos, los enigmas del pasado o los retos del futuro. Auspiciada por\" \/>\n\t\t<meta property=\"og:url\" content=\"https:\/\/eldigitaldeasturias.com\/magazine365\/la-ciencia-cuenta-ya-con-su-roja\/\" \/>\n\t\t<meta property=\"og:image\" content=\"https:\/\/eldigitaldeasturias.com\/magazine365\/wp-content\/uploads\/2014\/05\/6315447w.jpg\" \/>\n\t\t<meta property=\"og:image:secure_url\" content=\"https:\/\/eldigitaldeasturias.com\/magazine365\/wp-content\/uploads\/2014\/05\/6315447w.jpg\" \/>\n\t\t<meta property=\"og:image:width\" content=\"800\" \/>\n\t\t<meta property=\"og:image:height\" content=\"493\" \/>\n\t\t<meta property=\"article:published_time\" content=\"2014-05-30T02:28:14+00:00\" \/>\n\t\t<meta property=\"article:modified_time\" content=\"2014-05-30T02:28:14+00:00\" \/>\n\t\t<meta name=\"twitter:card\" content=\"summary_large_image\" \/>\n\t\t<meta name=\"twitter:title\" content=\"La ciencia cuenta ya con su \u00abRoja\u00bb | El Digital de Asturias\" \/>\n\t\t<meta name=\"twitter:description\" content=\"Madrid, 29 may (EFE).- No gozan de la popularidad de los futbolistas, pero la ciencia espa\u00f1ola tiene ya su &quot;Roja&quot;, un selecto grupo de trece cient\u00edficos que han empe\u00f1ado sus carreras en golear al c\u00e1ncer, la contaminaci\u00f3n, el envejecimiento, la falta de recursos energ\u00e9ticos, los enigmas del pasado o los retos del futuro. Auspiciada por\" \/>\n\t\t<meta name=\"twitter:image\" content=\"https:\/\/eldigitaldeasturias.com\/magazine365\/wp-content\/uploads\/2014\/05\/6315447w.jpg\" \/>\n\t\t<script type=\"application\/ld+json\" class=\"aioseo-schema\">\n\t\t\t{\"@context\":\"https:\\\/\\\/schema.org\",\"@graph\":[{\"@type\":\"Article\",\"@id\":\"https:\\\/\\\/eldigitaldeasturias.com\\\/magazine365\\\/la-ciencia-cuenta-ya-con-su-roja\\\/#article\",\"name\":\"La ciencia cuenta ya con su \\u00abRoja\\u00bb | El Digital de Asturias\",\"headline\":\"La ciencia cuenta ya con su \\u00abRoja\\u00bb\",\"author\":{\"@id\":\"https:\\\/\\\/eldigitaldeasturias.com\\\/magazine365\\\/author\\\/admin\\\/#author\"},\"publisher\":{\"@id\":\"https:\\\/\\\/eldigitaldeasturias.com\\\/magazine365\\\/#organization\"},\"image\":{\"@type\":\"ImageObject\",\"url\":\"https:\\\/\\\/eldigitaldeasturias.com\\\/magazine365\\\/wp-content\\\/uploads\\\/2014\\\/05\\\/6315447w.jpg\",\"width\":800,\"height\":493},\"datePublished\":\"2014-05-30T00:28:14+02:00\",\"dateModified\":\"2014-05-30T00:28:14+02:00\",\"inLanguage\":\"es-ES\",\"mainEntityOfPage\":{\"@id\":\"https:\\\/\\\/eldigitaldeasturias.com\\\/magazine365\\\/la-ciencia-cuenta-ya-con-su-roja\\\/#webpage\"},\"isPartOf\":{\"@id\":\"https:\\\/\\\/eldigitaldeasturias.com\\\/magazine365\\\/la-ciencia-cuenta-ya-con-su-roja\\\/#webpage\"},\"articleSection\":\"Noticias y Actualidad\"},{\"@type\":\"BreadcrumbList\",\"@id\":\"https:\\\/\\\/eldigitaldeasturias.com\\\/magazine365\\\/la-ciencia-cuenta-ya-con-su-roja\\\/#breadcrumblist\",\"itemListElement\":[{\"@type\":\"ListItem\",\"@id\":\"https:\\\/\\\/eldigitaldeasturias.com\\\/magazine365#listItem\",\"position\":1,\"name\":\"Home\",\"item\":\"https:\\\/\\\/eldigitaldeasturias.com\\\/magazine365\",\"nextItem\":{\"@type\":\"ListItem\",\"@id\":\"https:\\\/\\\/eldigitaldeasturias.com\\\/magazine365\\\/category\\\/noticias-actualidad\\\/#listItem\",\"name\":\"Noticias y Actualidad\"}},{\"@type\":\"ListItem\",\"@id\":\"https:\\\/\\\/eldigitaldeasturias.com\\\/magazine365\\\/category\\\/noticias-actualidad\\\/#listItem\",\"position\":2,\"name\":\"Noticias y Actualidad\",\"item\":\"https:\\\/\\\/eldigitaldeasturias.com\\\/magazine365\\\/category\\\/noticias-actualidad\\\/\",\"nextItem\":{\"@type\":\"ListItem\",\"@id\":\"https:\\\/\\\/eldigitaldeasturias.com\\\/magazine365\\\/la-ciencia-cuenta-ya-con-su-roja\\\/#listItem\",\"name\":\"La ciencia cuenta ya con su \\u00abRoja\\u00bb\"},\"previousItem\":{\"@type\":\"ListItem\",\"@id\":\"https:\\\/\\\/eldigitaldeasturias.com\\\/magazine365#listItem\",\"name\":\"Home\"}},{\"@type\":\"ListItem\",\"@id\":\"https:\\\/\\\/eldigitaldeasturias.com\\\/magazine365\\\/la-ciencia-cuenta-ya-con-su-roja\\\/#listItem\",\"position\":3,\"name\":\"La ciencia cuenta ya con su \\u00abRoja\\u00bb\",\"previousItem\":{\"@type\":\"ListItem\",\"@id\":\"https:\\\/\\\/eldigitaldeasturias.com\\\/magazine365\\\/category\\\/noticias-actualidad\\\/#listItem\",\"name\":\"Noticias y Actualidad\"}}]},{\"@type\":\"Organization\",\"@id\":\"https:\\\/\\\/eldigitaldeasturias.com\\\/magazine365\\\/#organization\",\"name\":\"El digital de Asturias\",\"description\":\"Revista de ocio, turismo y estilo de vida\",\"url\":\"https:\\\/\\\/eldigitaldeasturias.com\\\/magazine365\\\/\",\"logo\":{\"@type\":\"ImageObject\",\"url\":\"https:\\\/\\\/www.eldigitaldeasturias.com\\\/noticias\\\/wp-content\\\/uploads\\\/2020\\\/12\\\/EDA.jpg\",\"@id\":\"https:\\\/\\\/eldigitaldeasturias.com\\\/magazine365\\\/la-ciencia-cuenta-ya-con-su-roja\\\/#organizationLogo\"},\"image\":{\"@id\":\"https:\\\/\\\/eldigitaldeasturias.com\\\/magazine365\\\/la-ciencia-cuenta-ya-con-su-roja\\\/#organizationLogo\"}},{\"@type\":\"Person\",\"@id\":\"https:\\\/\\\/eldigitaldeasturias.com\\\/magazine365\\\/author\\\/admin\\\/#author\",\"url\":\"https:\\\/\\\/eldigitaldeasturias.com\\\/magazine365\\\/author\\\/admin\\\/\",\"name\":\"admin\",\"image\":{\"@type\":\"ImageObject\",\"@id\":\"https:\\\/\\\/eldigitaldeasturias.com\\\/magazine365\\\/la-ciencia-cuenta-ya-con-su-roja\\\/#authorImage\",\"url\":\"https:\\\/\\\/eldigitaldeasturias.com\\\/magazine365\\\/wp-content\\\/litespeed\\\/avatar\\\/e571bcf59a0edd6fa6838245a470f2fe.jpg?ver=1777574230\",\"width\":96,\"height\":96,\"caption\":\"admin\"}},{\"@type\":\"WebPage\",\"@id\":\"https:\\\/\\\/eldigitaldeasturias.com\\\/magazine365\\\/la-ciencia-cuenta-ya-con-su-roja\\\/#webpage\",\"url\":\"https:\\\/\\\/eldigitaldeasturias.com\\\/magazine365\\\/la-ciencia-cuenta-ya-con-su-roja\\\/\",\"name\":\"La ciencia cuenta ya con su \\u00abRoja\\u00bb | El Digital de Asturias\",\"description\":\"Madrid, 29 may (EFE).- No gozan de la popularidad de los futbolistas, pero la ciencia espa\\u00f1ola tiene ya su \\\"Roja\\\", un selecto grupo de trece cient\\u00edficos que han empe\\u00f1ado sus carreras en golear al c\\u00e1ncer, la contaminaci\\u00f3n, el envejecimiento, la falta de recursos energ\\u00e9ticos, los enigmas del pasado o los retos del futuro. Auspiciada por\",\"inLanguage\":\"es-ES\",\"isPartOf\":{\"@id\":\"https:\\\/\\\/eldigitaldeasturias.com\\\/magazine365\\\/#website\"},\"breadcrumb\":{\"@id\":\"https:\\\/\\\/eldigitaldeasturias.com\\\/magazine365\\\/la-ciencia-cuenta-ya-con-su-roja\\\/#breadcrumblist\"},\"author\":{\"@id\":\"https:\\\/\\\/eldigitaldeasturias.com\\\/magazine365\\\/author\\\/admin\\\/#author\"},\"creator\":{\"@id\":\"https:\\\/\\\/eldigitaldeasturias.com\\\/magazine365\\\/author\\\/admin\\\/#author\"},\"image\":{\"@type\":\"ImageObject\",\"url\":\"https:\\\/\\\/eldigitaldeasturias.com\\\/magazine365\\\/wp-content\\\/uploads\\\/2014\\\/05\\\/6315447w.jpg\",\"@id\":\"https:\\\/\\\/eldigitaldeasturias.com\\\/magazine365\\\/la-ciencia-cuenta-ya-con-su-roja\\\/#mainImage\",\"width\":800,\"height\":493},\"primaryImageOfPage\":{\"@id\":\"https:\\\/\\\/eldigitaldeasturias.com\\\/magazine365\\\/la-ciencia-cuenta-ya-con-su-roja\\\/#mainImage\"},\"datePublished\":\"2014-05-30T00:28:14+02:00\",\"dateModified\":\"2014-05-30T00:28:14+02:00\"},{\"@type\":\"WebSite\",\"@id\":\"https:\\\/\\\/eldigitaldeasturias.com\\\/magazine365\\\/#website\",\"url\":\"https:\\\/\\\/eldigitaldeasturias.com\\\/magazine365\\\/\",\"name\":\"El Digital de Asturias\",\"description\":\"Revista de ocio, turismo y estilo de vida\",\"inLanguage\":\"es-ES\",\"publisher\":{\"@id\":\"https:\\\/\\\/eldigitaldeasturias.com\\\/magazine365\\\/#organization\"}}]}\n\t\t<\/script>\n\t\t<!-- All in One SEO Pro -->\r\n\t\t<title>La ciencia cuenta ya con su \u00abRoja\u00bb | El Digital de Asturias<\/title>\n\n","aioseo_head_json":{"title":"La ciencia cuenta ya con su \u00abRoja\u00bb | El Digital de Asturias","description":"Madrid, 29 may (EFE).- No gozan de la popularidad de los futbolistas, pero la ciencia espa\u00f1ola tiene ya su \"Roja\", un selecto grupo de trece cient\u00edficos que han empe\u00f1ado sus carreras en golear al c\u00e1ncer, la contaminaci\u00f3n, el envejecimiento, la falta de recursos energ\u00e9ticos, los enigmas del pasado o los retos del futuro. Auspiciada por","canonical_url":"https:\/\/eldigitaldeasturias.com\/magazine365\/la-ciencia-cuenta-ya-con-su-roja\/","robots":"max-image-preview:large","keywords":"noticias y actualidad","webmasterTools":{"google-site-verification":"UA-38556648-1","miscellaneous":""},"schema":{"@context":"https:\/\/schema.org","@graph":[{"@type":"Article","@id":"https:\/\/eldigitaldeasturias.com\/magazine365\/la-ciencia-cuenta-ya-con-su-roja\/#article","name":"La ciencia cuenta ya con su \u00abRoja\u00bb | El Digital de Asturias","headline":"La ciencia cuenta ya con su \u00abRoja\u00bb","author":{"@id":"https:\/\/eldigitaldeasturias.com\/magazine365\/author\/admin\/#author"},"publisher":{"@id":"https:\/\/eldigitaldeasturias.com\/magazine365\/#organization"},"image":{"@type":"ImageObject","url":"https:\/\/eldigitaldeasturias.com\/magazine365\/wp-content\/uploads\/2014\/05\/6315447w.jpg","width":800,"height":493},"datePublished":"2014-05-30T00:28:14+02:00","dateModified":"2014-05-30T00:28:14+02:00","inLanguage":"es-ES","mainEntityOfPage":{"@id":"https:\/\/eldigitaldeasturias.com\/magazine365\/la-ciencia-cuenta-ya-con-su-roja\/#webpage"},"isPartOf":{"@id":"https:\/\/eldigitaldeasturias.com\/magazine365\/la-ciencia-cuenta-ya-con-su-roja\/#webpage"},"articleSection":"Noticias y Actualidad"},{"@type":"BreadcrumbList","@id":"https:\/\/eldigitaldeasturias.com\/magazine365\/la-ciencia-cuenta-ya-con-su-roja\/#breadcrumblist","itemListElement":[{"@type":"ListItem","@id":"https:\/\/eldigitaldeasturias.com\/magazine365#listItem","position":1,"name":"Home","item":"https:\/\/eldigitaldeasturias.com\/magazine365","nextItem":{"@type":"ListItem","@id":"https:\/\/eldigitaldeasturias.com\/magazine365\/category\/noticias-actualidad\/#listItem","name":"Noticias y Actualidad"}},{"@type":"ListItem","@id":"https:\/\/eldigitaldeasturias.com\/magazine365\/category\/noticias-actualidad\/#listItem","position":2,"name":"Noticias y Actualidad","item":"https:\/\/eldigitaldeasturias.com\/magazine365\/category\/noticias-actualidad\/","nextItem":{"@type":"ListItem","@id":"https:\/\/eldigitaldeasturias.com\/magazine365\/la-ciencia-cuenta-ya-con-su-roja\/#listItem","name":"La ciencia cuenta ya con su \u00abRoja\u00bb"},"previousItem":{"@type":"ListItem","@id":"https:\/\/eldigitaldeasturias.com\/magazine365#listItem","name":"Home"}},{"@type":"ListItem","@id":"https:\/\/eldigitaldeasturias.com\/magazine365\/la-ciencia-cuenta-ya-con-su-roja\/#listItem","position":3,"name":"La ciencia cuenta ya con su \u00abRoja\u00bb","previousItem":{"@type":"ListItem","@id":"https:\/\/eldigitaldeasturias.com\/magazine365\/category\/noticias-actualidad\/#listItem","name":"Noticias y Actualidad"}}]},{"@type":"Organization","@id":"https:\/\/eldigitaldeasturias.com\/magazine365\/#organization","name":"El digital de Asturias","description":"Revista de ocio, turismo y estilo de vida","url":"https:\/\/eldigitaldeasturias.com\/magazine365\/","logo":{"@type":"ImageObject","url":"https:\/\/www.eldigitaldeasturias.com\/noticias\/wp-content\/uploads\/2020\/12\/EDA.jpg","@id":"https:\/\/eldigitaldeasturias.com\/magazine365\/la-ciencia-cuenta-ya-con-su-roja\/#organizationLogo"},"image":{"@id":"https:\/\/eldigitaldeasturias.com\/magazine365\/la-ciencia-cuenta-ya-con-su-roja\/#organizationLogo"}},{"@type":"Person","@id":"https:\/\/eldigitaldeasturias.com\/magazine365\/author\/admin\/#author","url":"https:\/\/eldigitaldeasturias.com\/magazine365\/author\/admin\/","name":"admin","image":{"@type":"ImageObject","@id":"https:\/\/eldigitaldeasturias.com\/magazine365\/la-ciencia-cuenta-ya-con-su-roja\/#authorImage","url":"https:\/\/eldigitaldeasturias.com\/magazine365\/wp-content\/litespeed\/avatar\/e571bcf59a0edd6fa6838245a470f2fe.jpg?ver=1777574230","width":96,"height":96,"caption":"admin"}},{"@type":"WebPage","@id":"https:\/\/eldigitaldeasturias.com\/magazine365\/la-ciencia-cuenta-ya-con-su-roja\/#webpage","url":"https:\/\/eldigitaldeasturias.com\/magazine365\/la-ciencia-cuenta-ya-con-su-roja\/","name":"La ciencia cuenta ya con su \u00abRoja\u00bb | El Digital de Asturias","description":"Madrid, 29 may (EFE).- No gozan de la popularidad de los futbolistas, pero la ciencia espa\u00f1ola tiene ya su \"Roja\", un selecto grupo de trece cient\u00edficos que han empe\u00f1ado sus carreras en golear al c\u00e1ncer, la contaminaci\u00f3n, el envejecimiento, la falta de recursos energ\u00e9ticos, los enigmas del pasado o los retos del futuro. Auspiciada por","inLanguage":"es-ES","isPartOf":{"@id":"https:\/\/eldigitaldeasturias.com\/magazine365\/#website"},"breadcrumb":{"@id":"https:\/\/eldigitaldeasturias.com\/magazine365\/la-ciencia-cuenta-ya-con-su-roja\/#breadcrumblist"},"author":{"@id":"https:\/\/eldigitaldeasturias.com\/magazine365\/author\/admin\/#author"},"creator":{"@id":"https:\/\/eldigitaldeasturias.com\/magazine365\/author\/admin\/#author"},"image":{"@type":"ImageObject","url":"https:\/\/eldigitaldeasturias.com\/magazine365\/wp-content\/uploads\/2014\/05\/6315447w.jpg","@id":"https:\/\/eldigitaldeasturias.com\/magazine365\/la-ciencia-cuenta-ya-con-su-roja\/#mainImage","width":800,"height":493},"primaryImageOfPage":{"@id":"https:\/\/eldigitaldeasturias.com\/magazine365\/la-ciencia-cuenta-ya-con-su-roja\/#mainImage"},"datePublished":"2014-05-30T00:28:14+02:00","dateModified":"2014-05-30T00:28:14+02:00"},{"@type":"WebSite","@id":"https:\/\/eldigitaldeasturias.com\/magazine365\/#website","url":"https:\/\/eldigitaldeasturias.com\/magazine365\/","name":"El Digital de Asturias","description":"Revista de ocio, turismo y estilo de vida","inLanguage":"es-ES","publisher":{"@id":"https:\/\/eldigitaldeasturias.com\/magazine365\/#organization"}}]},"og:locale":"es_ES","og:site_name":"El Digital de Asturias \u2013 Revista de ocio, turismo y estilo de vida","og:type":"article","og:title":"La ciencia cuenta ya con su \u00abRoja\u00bb | El Digital de Asturias","og:description":"Madrid, 29 may (EFE).- No gozan de la popularidad de los futbolistas, pero la ciencia espa\u00f1ola tiene ya su &quot;Roja&quot;, un selecto grupo de trece cient\u00edficos que han empe\u00f1ado sus carreras en golear al c\u00e1ncer, la contaminaci\u00f3n, el envejecimiento, la falta de recursos energ\u00e9ticos, los enigmas del pasado o los retos del futuro. Auspiciada por","og:url":"https:\/\/eldigitaldeasturias.com\/magazine365\/la-ciencia-cuenta-ya-con-su-roja\/","og:image":"https:\/\/eldigitaldeasturias.com\/magazine365\/wp-content\/uploads\/2014\/05\/6315447w.jpg","og:image:secure_url":"https:\/\/eldigitaldeasturias.com\/magazine365\/wp-content\/uploads\/2014\/05\/6315447w.jpg","og:image:width":800,"og:image:height":493,"article:published_time":"2014-05-30T02:28:14+00:00","article:modified_time":"2014-05-30T02:28:14+00:00","twitter:card":"summary_large_image","twitter:title":"La ciencia cuenta ya con su \u00abRoja\u00bb | El Digital de Asturias","twitter:description":"Madrid, 29 may (EFE).- No gozan de la popularidad de los futbolistas, pero la ciencia espa\u00f1ola tiene ya su &quot;Roja&quot;, un selecto grupo de trece cient\u00edficos que han empe\u00f1ado sus carreras en golear al c\u00e1ncer, la contaminaci\u00f3n, el envejecimiento, la falta de recursos energ\u00e9ticos, los enigmas del pasado o los retos del futuro. Auspiciada por","twitter:image":"https:\/\/eldigitaldeasturias.com\/magazine365\/wp-content\/uploads\/2014\/05\/6315447w.jpg"},"aioseo_meta_data":{"post_id":"14409","title":null,"description":null,"keywords":null,"keyphrases":null,"primary_term":null,"canonical_url":null,"og_title":null,"og_description":null,"og_object_type":"default","og_image_type":"default","og_image_url":null,"og_image_width":null,"og_image_height":null,"og_image_custom_url":null,"og_image_custom_fields":null,"og_video":null,"og_custom_url":null,"og_article_section":null,"og_article_tags":null,"twitter_use_og":false,"twitter_card":"default","twitter_image_type":"default","twitter_image_url":null,"twitter_image_custom_url":null,"twitter_image_custom_fields":null,"twitter_title":null,"twitter_description":null,"schema":{"blockGraphs":[],"customGraphs":[],"default":{"data":{"Article":[],"Course":[],"Dataset":[],"FAQPage":[],"Movie":[],"Person":[],"Product":[],"ProductReview":[],"Car":[],"Recipe":[],"Service":[],"SoftwareApplication":[],"WebPage":[]},"graphName":"","isEnabled":true},"graphs":[],"defaultGraph":"","defaultPostTypeGraph":""},"schema_type":null,"schema_type_options":null,"pillar_content":false,"robots_default":true,"robots_noindex":false,"robots_noarchive":false,"robots_nosnippet":false,"robots_nofollow":false,"robots_noimageindex":false,"robots_noodp":false,"robots_notranslate":false,"robots_max_snippet":null,"robots_max_videopreview":null,"robots_max_imagepreview":"large","priority":null,"frequency":null,"location":null,"local_seo":null,"seo_analyzer_scan_date":"2025-09-17 10:04:06","breadcrumb_settings":null,"limit_modified_date":false,"open_ai":null,"ai":null,"created":"2021-03-09 08:15:40","updated":"2025-09-17 10:04:06"},"aioseo_breadcrumb":"<div class=\"aioseo-breadcrumbs\"><span class=\"aioseo-breadcrumb\">\n\t<a href=\"https:\/\/eldigitaldeasturias.com\/magazine365\" title=\"Home\">Home<\/a>\n<\/span><span class=\"aioseo-breadcrumb-separator\">\u2013<\/span><span class=\"aioseo-breadcrumb\">\n\t<a href=\"https:\/\/eldigitaldeasturias.com\/magazine365\/category\/noticias-actualidad\/\" title=\"Noticias y Actualidad\">Noticias y Actualidad<\/a>\n<\/span><span class=\"aioseo-breadcrumb-separator\">\u2013<\/span><span class=\"aioseo-breadcrumb\">\n\t<a href=\"https:\/\/eldigitaldeasturias.com\/magazine365\/la-ciencia-cuenta-ya-con-su-roja\/\" title=\"La ciencia cuenta ya con su \u00abRoja\u00bb\">La ciencia cuenta ya con su \u00abRoja\u00bb<\/a>\n<\/span><\/div>","aioseo_breadcrumb_json":[{"label":"Home","link":"https:\/\/eldigitaldeasturias.com\/magazine365"},{"label":"Noticias y Actualidad","link":"https:\/\/eldigitaldeasturias.com\/magazine365\/category\/noticias-actualidad\/"},{"label":"La ciencia cuenta ya con su \u00abRoja\u00bb","link":"https:\/\/eldigitaldeasturias.com\/magazine365\/la-ciencia-cuenta-ya-con-su-roja\/"}],"_links":{"self":[{"href":"https:\/\/eldigitaldeasturias.com\/magazine365\/wp-json\/wp\/v2\/posts\/14409","targetHints":{"allow":["GET"]}}],"collection":[{"href":"https:\/\/eldigitaldeasturias.com\/magazine365\/wp-json\/wp\/v2\/posts"}],"about":[{"href":"https:\/\/eldigitaldeasturias.com\/magazine365\/wp-json\/wp\/v2\/types\/post"}],"author":[{"embeddable":true,"href":"https:\/\/eldigitaldeasturias.com\/magazine365\/wp-json\/wp\/v2\/users\/1"}],"replies":[{"embeddable":true,"href":"https:\/\/eldigitaldeasturias.com\/magazine365\/wp-json\/wp\/v2\/comments?post=14409"}],"version-history":[{"count":0,"href":"https:\/\/eldigitaldeasturias.com\/magazine365\/wp-json\/wp\/v2\/posts\/14409\/revisions"}],"wp:featuredmedia":[{"embeddable":true,"href":"https:\/\/eldigitaldeasturias.com\/magazine365\/wp-json\/wp\/v2\/media\/14410"}],"wp:attachment":[{"href":"https:\/\/eldigitaldeasturias.com\/magazine365\/wp-json\/wp\/v2\/media?parent=14409"}],"wp:term":[{"taxonomy":"category","embeddable":true,"href":"https:\/\/eldigitaldeasturias.com\/magazine365\/wp-json\/wp\/v2\/categories?post=14409"},{"taxonomy":"post_tag","embeddable":true,"href":"https:\/\/eldigitaldeasturias.com\/magazine365\/wp-json\/wp\/v2\/tags?post=14409"}],"curies":[{"name":"wp","href":"https:\/\/api.w.org\/{rel}","templated":true}]}}