{"id":14406,"date":"2014-05-30T00:26:30","date_gmt":"2014-05-30T02:26:30","guid":{"rendered":"http:\/\/eldigitaldeasturias.com\/magazine365\/?p=14406"},"modified":"2014-05-30T00:26:30","modified_gmt":"2014-05-30T02:26:30","slug":"un-experto-en-eolica-marina-aboga-por-exportar-capacidades-y-no-montar-mas-molinos","status":"publish","type":"post","link":"https:\/\/eldigitaldeasturias.com\/magazine365\/un-experto-en-eolica-marina-aboga-por-exportar-capacidades-y-no-montar-mas-molinos\/","title":{"rendered":"Un experto en e\u00f3lica marina aboga por \u00abexportar capacidades\u00bb y no montar \u00abm\u00e1s molinos\u00bb"},"content":{"rendered":"<p><img fetchpriority=\"high\" decoding=\"async\" class=\"alignleft size-medium wp-image-14407\" alt=\"6315379w\" src=\"https:\/\/eldigitaldeasturias.com\/magazine365\/wp-content\/uploads\/2014\/05\/6315379w-360x224.jpg\" width=\"360\" height=\"224\" \/>A Coru\u00f1a, 29 may (EFE).- Galicia cuenta con grandes capacidades en el sector e\u00f3lico marino pero no tiene mercado, aseguran los expertos, que no obstante destacan las oportunidades de negocio para sus empresas exportando su talento industrial o construyendo buques de apoyo a los parques marinos como nicho de mercado a corto plazo.<\/p>\n<p>\u00abEn Galicia el sector e\u00f3lico tiene capacidades ociosas, hay m\u00e1s capacidades que mercado real\u00bb, ha asegurado a Efe Pedro P\u00e9rez, consejero delegado de Instra Ingenieros y de Ecomanagement Technology SL, para quien \u00aben Galicia somos expertos en naval y e\u00f3lica, y geogr\u00e1ficamente tenemos una buena posici\u00f3n para abordar este mercado\u00bb.<\/p>\n<p>P\u00e9rez ha participado hoy en A Coru\u00f1a en la II Jornada \u00abEnerg\u00eda E\u00f3lica en Galicia\u00bb, organizada por el Colegio Oficial de Ingenieros Industriales de Galicia (ICOIIG), donde ha explicado que el mercado de este tipo de energ\u00eda est\u00e1 en el norte de Europa a donde \u00abtenemos que exportar nuestras capacidades\u00bb.<\/p>\n<p>\u00abEl sector e\u00f3lico en Espa\u00f1a esta paralizado y tenemos que hacer como en Europa, cuando tienes la tecnolog\u00eda la vendes. No tenemos que seguir penando en montar aqu\u00ed m\u00e1s molinos de viento, sino que nuestras oportunidades est\u00e1n en vender nuestra capacidad t\u00e9cnica donde la est\u00e1n demandando\u00bb, ha a\u00f1adido.<\/p>\n<p>Seg\u00fan P\u00e9rez, incluso aunque se demanden en Galicia \u00abno hay suficiente capacidad para tener una industria m\u00e1s grande\u00bb.<\/p>\n<p>\u00abNo es una visi\u00f3n localista, sino aportar nuestro valor a\u00f1adido industrial\u00bb, ha enfatizado.<\/p>\n<p>Reino Unido, B\u00e9lgica y Holanda tienen inter\u00e9s el talento gallego y s\u00f3lo Pa\u00eds Vasco le saca un a\u00f1o de ventaja, sostiene, pero \u00abno tiene ni la experiencia ni el portfolio que tenemos en Galicia\u00bb.<\/p>\n<p>\u00abDebemos analizar las oportunidades de negocio que se abren para la industria auxiliar gallega en e\u00f3lica offshore\u00bb, asegura tambi\u00e9n Xos\u00e9 Humberto Dom\u00ednguez Lens, de Offshore Program Office de Gamesa.<\/p>\n<p>El ingeniero industrial Oriol Sarmiento, coordinador de las jornadas y editor de la revista Dinamo T\u00e9cnica, ha destacado Galicia no es un \u00ablugar id\u00f3neo\u00bb para la e\u00f3lica offshore pero s\u00ed tiene los conocimientos, la experiencia y la log\u00edstica necesaria para que sus empresas de ingenier\u00eda, telecomunicaciones, metal\u00fargica y construcci\u00f3n naval puedan encontrar en la energ\u00eda e\u00f3lica marina un importante nicho de mercado para los pr\u00f3ximos a\u00f1os.<\/p>\n<p>\u00abLa oportunidad de negocio no es instalar aerogeneradores offshore en Espa\u00f1a, sino que nuestras empresas puedan entrar en la cadena de suministros que genera este negocio, especialmente en mercados como Reino Unido, Jap\u00f3n, Holanda o B\u00e9lgica\u00bb, ha dicho.<\/p>\n<p>El sector de la energ\u00eda e\u00f3lica offshore mueve entre 3.400 y 4.600 millones de euros de inversi\u00f3n anual y genera 58.000 empleos, seg\u00fan datos de la Asociaci\u00f3n Europea de Energ\u00eda E\u00f3lica (EWEA) correspondientes a 2012, pero sus previsiones para el a\u00f1o 2020 estiman que la cifra de empleos ascender\u00e1 hasta los 169.000 y que se alcancen los 296.000 empleos en 2030.<\/p>\n<p>Seg\u00fan Francisco Caama\u00f1o, responsable territorial en Galicia de negocio renovables de Iberdrola, \u00abla construcci\u00f3n de buques de apoyo a los parques offshore ser\u00e1 un interesante nicho de mercado para los pr\u00f3ximos a\u00f1os\u00bb, si bien ha advertido de que \u00abla e\u00f3lica offshore es tres veces m\u00e1s cara\u00bb, por lo que si no baja los precios de coste de la energ\u00eda ser\u00e1 \u00abinsostenible\u00bb.<\/p>\n<p>En este sector, Galicia cuenta desde enero de 2013 con Galician Offshore Energy Group, integrado por casi 30 empresas.<\/p>\n<p>En Ferrol, Ghenova lidera un consorcio para dise\u00f1ar un nuevo buque para la e\u00f3lica marina, mientras que Navantia se encarga de la fabricaci\u00f3n de jackets para parques e\u00f3licos de Iberdrola, detalla el Colegio de Ingenieros.<\/p>\n<p>En A Coru\u00f1a, Instra Ingenieros desarrolla proyectos para la incorporaci\u00f3n de aerogeneradores offshore y onshore en infraestructuras portuarias; mientras que Imatia est\u00e1 aplicando t\u00e9cnicas de inteligencia artificial y desarrollando software para la optimizaci\u00f3n del dise\u00f1o y mantenimiento de los parques e\u00f3licos marinos.<\/p>\n<p>En O Carballi\u00f1o, GRI (Gestamp Wind Steel Galicia) suministra torres para aerogeneradores offshore de Siemens y, en Vigo, el Puerto est\u00e1 embarcando en estos mismos d\u00edas esas torres producidas en O Carballi\u00f1o.<\/p>\n","protected":false},"excerpt":{"rendered":"<p>A Coru\u00f1a, 29 may (EFE).- Galicia cuenta con grandes capacidades en el sector e\u00f3lico marino pero no tiene mercado, aseguran los expertos, que no obstante destacan las oportunidades de negocio para sus empresas exportando su talento industrial o construyendo buques de apoyo a los parques marinos como nicho de mercado a corto plazo. \u00abEn Galicia<\/p>\n","protected":false},"author":1,"featured_media":14407,"comment_status":"open","ping_status":"closed","sticky":false,"template":"","format":"standard","meta":{"footnotes":""},"categories":[224],"tags":[],"class_list":{"0":"post-14406","1":"post","2":"type-post","3":"status-publish","4":"format-standard","5":"has-post-thumbnail","7":"category-noticias-actualidad"},"aioseo_notices":[],"aioseo_head":"\n\t\t<!-- All in One SEO Pro 4.9.6.1 - aioseo.com -->\n\t<meta name=\"description\" content=\"A Coru\u00f1a, 29 may (EFE).- Galicia cuenta con grandes capacidades en el sector e\u00f3lico marino pero no tiene mercado, aseguran los expertos, que no obstante destacan las oportunidades de negocio para sus empresas exportando su talento industrial o construyendo buques de apoyo a los parques marinos como nicho de mercado a corto plazo. &quot;En Galicia\" \/>\n\t<meta name=\"robots\" content=\"max-image-preview:large\" \/>\n\t<meta name=\"author\" content=\"admin\"\/>\n\t<meta name=\"google-site-verification\" content=\"UA-38556648-1\" \/>\n\t<meta name=\"keywords\" content=\"noticias y actualidad\" \/>\n\t<link rel=\"canonical\" href=\"https:\/\/eldigitaldeasturias.com\/magazine365\/un-experto-en-eolica-marina-aboga-por-exportar-capacidades-y-no-montar-mas-molinos\/\" \/>\n\t<meta name=\"generator\" content=\"All in One SEO Pro (AIOSEO) 4.9.6.1\" \/>\n\t\t<meta property=\"og:locale\" content=\"es_ES\" \/>\n\t\t<meta property=\"og:site_name\" content=\"El Digital de Asturias \u2013 Revista de ocio, turismo y estilo de vida\" \/>\n\t\t<meta property=\"og:type\" content=\"article\" \/>\n\t\t<meta property=\"og:title\" content=\"Un experto en e\u00f3lica marina aboga por \u00abexportar capacidades\u00bb y no montar \u00abm\u00e1s molinos\u00bb | El Digital de Asturias\" \/>\n\t\t<meta property=\"og:description\" content=\"A Coru\u00f1a, 29 may (EFE).- Galicia cuenta con grandes capacidades en el sector e\u00f3lico marino pero no tiene mercado, aseguran los expertos, que no obstante destacan las oportunidades de negocio para sus empresas exportando su talento industrial o construyendo buques de apoyo a los parques marinos como nicho de mercado a corto plazo. &quot;En Galicia\" \/>\n\t\t<meta property=\"og:url\" content=\"https:\/\/eldigitaldeasturias.com\/magazine365\/un-experto-en-eolica-marina-aboga-por-exportar-capacidades-y-no-montar-mas-molinos\/\" \/>\n\t\t<meta property=\"og:image\" content=\"https:\/\/eldigitaldeasturias.com\/magazine365\/wp-content\/uploads\/2014\/05\/6315379w.jpg\" \/>\n\t\t<meta property=\"og:image:secure_url\" content=\"https:\/\/eldigitaldeasturias.com\/magazine365\/wp-content\/uploads\/2014\/05\/6315379w.jpg\" \/>\n\t\t<meta property=\"og:image:width\" content=\"800\" \/>\n\t\t<meta property=\"og:image:height\" content=\"499\" \/>\n\t\t<meta property=\"article:published_time\" content=\"2014-05-30T02:26:30+00:00\" \/>\n\t\t<meta property=\"article:modified_time\" content=\"2014-05-30T02:26:30+00:00\" \/>\n\t\t<meta name=\"twitter:card\" content=\"summary_large_image\" \/>\n\t\t<meta name=\"twitter:title\" content=\"Un experto en e\u00f3lica marina aboga por \u00abexportar capacidades\u00bb y no montar \u00abm\u00e1s molinos\u00bb | El Digital de Asturias\" \/>\n\t\t<meta name=\"twitter:description\" content=\"A Coru\u00f1a, 29 may (EFE).- Galicia cuenta con grandes capacidades en el sector e\u00f3lico marino pero no tiene mercado, aseguran los expertos, que no obstante destacan las oportunidades de negocio para sus empresas exportando su talento industrial o construyendo buques de apoyo a los parques marinos como nicho de mercado a corto plazo. &quot;En Galicia\" \/>\n\t\t<meta name=\"twitter:image\" content=\"https:\/\/eldigitaldeasturias.com\/magazine365\/wp-content\/uploads\/2014\/05\/6315379w.jpg\" \/>\n\t\t<script type=\"application\/ld+json\" class=\"aioseo-schema\">\n\t\t\t{\"@context\":\"https:\\\/\\\/schema.org\",\"@graph\":[{\"@type\":\"Article\",\"@id\":\"https:\\\/\\\/eldigitaldeasturias.com\\\/magazine365\\\/un-experto-en-eolica-marina-aboga-por-exportar-capacidades-y-no-montar-mas-molinos\\\/#article\",\"name\":\"Un experto en e\\u00f3lica marina aboga por \\u00abexportar capacidades\\u00bb y no montar \\u00abm\\u00e1s molinos\\u00bb | El Digital de Asturias\",\"headline\":\"Un experto en e\\u00f3lica marina aboga por \\u00abexportar capacidades\\u00bb y no montar \\u00abm\\u00e1s molinos\\u00bb\",\"author\":{\"@id\":\"https:\\\/\\\/eldigitaldeasturias.com\\\/magazine365\\\/author\\\/admin\\\/#author\"},\"publisher\":{\"@id\":\"https:\\\/\\\/eldigitaldeasturias.com\\\/magazine365\\\/#organization\"},\"image\":{\"@type\":\"ImageObject\",\"url\":\"https:\\\/\\\/eldigitaldeasturias.com\\\/magazine365\\\/wp-content\\\/uploads\\\/2014\\\/05\\\/6315379w.jpg\",\"width\":800,\"height\":499},\"datePublished\":\"2014-05-30T00:26:30+02:00\",\"dateModified\":\"2014-05-30T00:26:30+02:00\",\"inLanguage\":\"es-ES\",\"mainEntityOfPage\":{\"@id\":\"https:\\\/\\\/eldigitaldeasturias.com\\\/magazine365\\\/un-experto-en-eolica-marina-aboga-por-exportar-capacidades-y-no-montar-mas-molinos\\\/#webpage\"},\"isPartOf\":{\"@id\":\"https:\\\/\\\/eldigitaldeasturias.com\\\/magazine365\\\/un-experto-en-eolica-marina-aboga-por-exportar-capacidades-y-no-montar-mas-molinos\\\/#webpage\"},\"articleSection\":\"Noticias y Actualidad\"},{\"@type\":\"BreadcrumbList\",\"@id\":\"https:\\\/\\\/eldigitaldeasturias.com\\\/magazine365\\\/un-experto-en-eolica-marina-aboga-por-exportar-capacidades-y-no-montar-mas-molinos\\\/#breadcrumblist\",\"itemListElement\":[{\"@type\":\"ListItem\",\"@id\":\"https:\\\/\\\/eldigitaldeasturias.com\\\/magazine365#listItem\",\"position\":1,\"name\":\"Home\",\"item\":\"https:\\\/\\\/eldigitaldeasturias.com\\\/magazine365\",\"nextItem\":{\"@type\":\"ListItem\",\"@id\":\"https:\\\/\\\/eldigitaldeasturias.com\\\/magazine365\\\/category\\\/noticias-actualidad\\\/#listItem\",\"name\":\"Noticias y Actualidad\"}},{\"@type\":\"ListItem\",\"@id\":\"https:\\\/\\\/eldigitaldeasturias.com\\\/magazine365\\\/category\\\/noticias-actualidad\\\/#listItem\",\"position\":2,\"name\":\"Noticias y Actualidad\",\"item\":\"https:\\\/\\\/eldigitaldeasturias.com\\\/magazine365\\\/category\\\/noticias-actualidad\\\/\",\"nextItem\":{\"@type\":\"ListItem\",\"@id\":\"https:\\\/\\\/eldigitaldeasturias.com\\\/magazine365\\\/un-experto-en-eolica-marina-aboga-por-exportar-capacidades-y-no-montar-mas-molinos\\\/#listItem\",\"name\":\"Un experto en e\\u00f3lica marina aboga por \\u00abexportar capacidades\\u00bb y no montar \\u00abm\\u00e1s molinos\\u00bb\"},\"previousItem\":{\"@type\":\"ListItem\",\"@id\":\"https:\\\/\\\/eldigitaldeasturias.com\\\/magazine365#listItem\",\"name\":\"Home\"}},{\"@type\":\"ListItem\",\"@id\":\"https:\\\/\\\/eldigitaldeasturias.com\\\/magazine365\\\/un-experto-en-eolica-marina-aboga-por-exportar-capacidades-y-no-montar-mas-molinos\\\/#listItem\",\"position\":3,\"name\":\"Un experto en e\\u00f3lica marina aboga por \\u00abexportar capacidades\\u00bb y no montar \\u00abm\\u00e1s molinos\\u00bb\",\"previousItem\":{\"@type\":\"ListItem\",\"@id\":\"https:\\\/\\\/eldigitaldeasturias.com\\\/magazine365\\\/category\\\/noticias-actualidad\\\/#listItem\",\"name\":\"Noticias y Actualidad\"}}]},{\"@type\":\"Organization\",\"@id\":\"https:\\\/\\\/eldigitaldeasturias.com\\\/magazine365\\\/#organization\",\"name\":\"El digital de Asturias\",\"description\":\"Revista de ocio, turismo y estilo de vida\",\"url\":\"https:\\\/\\\/eldigitaldeasturias.com\\\/magazine365\\\/\",\"logo\":{\"@type\":\"ImageObject\",\"url\":\"https:\\\/\\\/www.eldigitaldeasturias.com\\\/noticias\\\/wp-content\\\/uploads\\\/2020\\\/12\\\/EDA.jpg\",\"@id\":\"https:\\\/\\\/eldigitaldeasturias.com\\\/magazine365\\\/un-experto-en-eolica-marina-aboga-por-exportar-capacidades-y-no-montar-mas-molinos\\\/#organizationLogo\"},\"image\":{\"@id\":\"https:\\\/\\\/eldigitaldeasturias.com\\\/magazine365\\\/un-experto-en-eolica-marina-aboga-por-exportar-capacidades-y-no-montar-mas-molinos\\\/#organizationLogo\"}},{\"@type\":\"Person\",\"@id\":\"https:\\\/\\\/eldigitaldeasturias.com\\\/magazine365\\\/author\\\/admin\\\/#author\",\"url\":\"https:\\\/\\\/eldigitaldeasturias.com\\\/magazine365\\\/author\\\/admin\\\/\",\"name\":\"admin\",\"image\":{\"@type\":\"ImageObject\",\"@id\":\"https:\\\/\\\/eldigitaldeasturias.com\\\/magazine365\\\/un-experto-en-eolica-marina-aboga-por-exportar-capacidades-y-no-montar-mas-molinos\\\/#authorImage\",\"url\":\"https:\\\/\\\/eldigitaldeasturias.com\\\/magazine365\\\/wp-content\\\/litespeed\\\/avatar\\\/e571bcf59a0edd6fa6838245a470f2fe.jpg?ver=1777574230\",\"width\":96,\"height\":96,\"caption\":\"admin\"}},{\"@type\":\"WebPage\",\"@id\":\"https:\\\/\\\/eldigitaldeasturias.com\\\/magazine365\\\/un-experto-en-eolica-marina-aboga-por-exportar-capacidades-y-no-montar-mas-molinos\\\/#webpage\",\"url\":\"https:\\\/\\\/eldigitaldeasturias.com\\\/magazine365\\\/un-experto-en-eolica-marina-aboga-por-exportar-capacidades-y-no-montar-mas-molinos\\\/\",\"name\":\"Un experto en e\\u00f3lica marina aboga por \\u00abexportar capacidades\\u00bb y no montar \\u00abm\\u00e1s molinos\\u00bb | El Digital de Asturias\",\"description\":\"A Coru\\u00f1a, 29 may (EFE).- Galicia cuenta con grandes capacidades en el sector e\\u00f3lico marino pero no tiene mercado, aseguran los expertos, que no obstante destacan las oportunidades de negocio para sus empresas exportando su talento industrial o construyendo buques de apoyo a los parques marinos como nicho de mercado a corto plazo. \\\"En Galicia\",\"inLanguage\":\"es-ES\",\"isPartOf\":{\"@id\":\"https:\\\/\\\/eldigitaldeasturias.com\\\/magazine365\\\/#website\"},\"breadcrumb\":{\"@id\":\"https:\\\/\\\/eldigitaldeasturias.com\\\/magazine365\\\/un-experto-en-eolica-marina-aboga-por-exportar-capacidades-y-no-montar-mas-molinos\\\/#breadcrumblist\"},\"author\":{\"@id\":\"https:\\\/\\\/eldigitaldeasturias.com\\\/magazine365\\\/author\\\/admin\\\/#author\"},\"creator\":{\"@id\":\"https:\\\/\\\/eldigitaldeasturias.com\\\/magazine365\\\/author\\\/admin\\\/#author\"},\"image\":{\"@type\":\"ImageObject\",\"url\":\"https:\\\/\\\/eldigitaldeasturias.com\\\/magazine365\\\/wp-content\\\/uploads\\\/2014\\\/05\\\/6315379w.jpg\",\"@id\":\"https:\\\/\\\/eldigitaldeasturias.com\\\/magazine365\\\/un-experto-en-eolica-marina-aboga-por-exportar-capacidades-y-no-montar-mas-molinos\\\/#mainImage\",\"width\":800,\"height\":499},\"primaryImageOfPage\":{\"@id\":\"https:\\\/\\\/eldigitaldeasturias.com\\\/magazine365\\\/un-experto-en-eolica-marina-aboga-por-exportar-capacidades-y-no-montar-mas-molinos\\\/#mainImage\"},\"datePublished\":\"2014-05-30T00:26:30+02:00\",\"dateModified\":\"2014-05-30T00:26:30+02:00\"},{\"@type\":\"WebSite\",\"@id\":\"https:\\\/\\\/eldigitaldeasturias.com\\\/magazine365\\\/#website\",\"url\":\"https:\\\/\\\/eldigitaldeasturias.com\\\/magazine365\\\/\",\"name\":\"El Digital de Asturias\",\"description\":\"Revista de ocio, turismo y estilo de vida\",\"inLanguage\":\"es-ES\",\"publisher\":{\"@id\":\"https:\\\/\\\/eldigitaldeasturias.com\\\/magazine365\\\/#organization\"}}]}\n\t\t<\/script>\n\t\t<!-- All in One SEO Pro -->\r\n\t\t<title>Un experto en e\u00f3lica marina aboga por \u00abexportar capacidades\u00bb y no montar \u00abm\u00e1s molinos\u00bb | El Digital de Asturias<\/title>\n\n","aioseo_head_json":{"title":"Un experto en e\u00f3lica marina aboga por \u00abexportar capacidades\u00bb y no montar \u00abm\u00e1s molinos\u00bb | El Digital de Asturias","description":"A Coru\u00f1a, 29 may (EFE).- Galicia cuenta con grandes capacidades en el sector e\u00f3lico marino pero no tiene mercado, aseguran los expertos, que no obstante destacan las oportunidades de negocio para sus empresas exportando su talento industrial o construyendo buques de apoyo a los parques marinos como nicho de mercado a corto plazo. \"En Galicia","canonical_url":"https:\/\/eldigitaldeasturias.com\/magazine365\/un-experto-en-eolica-marina-aboga-por-exportar-capacidades-y-no-montar-mas-molinos\/","robots":"max-image-preview:large","keywords":"noticias y actualidad","webmasterTools":{"google-site-verification":"UA-38556648-1","miscellaneous":""},"schema":{"@context":"https:\/\/schema.org","@graph":[{"@type":"Article","@id":"https:\/\/eldigitaldeasturias.com\/magazine365\/un-experto-en-eolica-marina-aboga-por-exportar-capacidades-y-no-montar-mas-molinos\/#article","name":"Un experto en e\u00f3lica marina aboga por \u00abexportar capacidades\u00bb y no montar \u00abm\u00e1s molinos\u00bb | El Digital de Asturias","headline":"Un experto en e\u00f3lica marina aboga por \u00abexportar capacidades\u00bb y no montar \u00abm\u00e1s molinos\u00bb","author":{"@id":"https:\/\/eldigitaldeasturias.com\/magazine365\/author\/admin\/#author"},"publisher":{"@id":"https:\/\/eldigitaldeasturias.com\/magazine365\/#organization"},"image":{"@type":"ImageObject","url":"https:\/\/eldigitaldeasturias.com\/magazine365\/wp-content\/uploads\/2014\/05\/6315379w.jpg","width":800,"height":499},"datePublished":"2014-05-30T00:26:30+02:00","dateModified":"2014-05-30T00:26:30+02:00","inLanguage":"es-ES","mainEntityOfPage":{"@id":"https:\/\/eldigitaldeasturias.com\/magazine365\/un-experto-en-eolica-marina-aboga-por-exportar-capacidades-y-no-montar-mas-molinos\/#webpage"},"isPartOf":{"@id":"https:\/\/eldigitaldeasturias.com\/magazine365\/un-experto-en-eolica-marina-aboga-por-exportar-capacidades-y-no-montar-mas-molinos\/#webpage"},"articleSection":"Noticias y Actualidad"},{"@type":"BreadcrumbList","@id":"https:\/\/eldigitaldeasturias.com\/magazine365\/un-experto-en-eolica-marina-aboga-por-exportar-capacidades-y-no-montar-mas-molinos\/#breadcrumblist","itemListElement":[{"@type":"ListItem","@id":"https:\/\/eldigitaldeasturias.com\/magazine365#listItem","position":1,"name":"Home","item":"https:\/\/eldigitaldeasturias.com\/magazine365","nextItem":{"@type":"ListItem","@id":"https:\/\/eldigitaldeasturias.com\/magazine365\/category\/noticias-actualidad\/#listItem","name":"Noticias y Actualidad"}},{"@type":"ListItem","@id":"https:\/\/eldigitaldeasturias.com\/magazine365\/category\/noticias-actualidad\/#listItem","position":2,"name":"Noticias y Actualidad","item":"https:\/\/eldigitaldeasturias.com\/magazine365\/category\/noticias-actualidad\/","nextItem":{"@type":"ListItem","@id":"https:\/\/eldigitaldeasturias.com\/magazine365\/un-experto-en-eolica-marina-aboga-por-exportar-capacidades-y-no-montar-mas-molinos\/#listItem","name":"Un experto en e\u00f3lica marina aboga por \u00abexportar capacidades\u00bb y no montar \u00abm\u00e1s molinos\u00bb"},"previousItem":{"@type":"ListItem","@id":"https:\/\/eldigitaldeasturias.com\/magazine365#listItem","name":"Home"}},{"@type":"ListItem","@id":"https:\/\/eldigitaldeasturias.com\/magazine365\/un-experto-en-eolica-marina-aboga-por-exportar-capacidades-y-no-montar-mas-molinos\/#listItem","position":3,"name":"Un experto en e\u00f3lica marina aboga por \u00abexportar capacidades\u00bb y no montar \u00abm\u00e1s molinos\u00bb","previousItem":{"@type":"ListItem","@id":"https:\/\/eldigitaldeasturias.com\/magazine365\/category\/noticias-actualidad\/#listItem","name":"Noticias y Actualidad"}}]},{"@type":"Organization","@id":"https:\/\/eldigitaldeasturias.com\/magazine365\/#organization","name":"El digital de Asturias","description":"Revista de ocio, turismo y estilo de vida","url":"https:\/\/eldigitaldeasturias.com\/magazine365\/","logo":{"@type":"ImageObject","url":"https:\/\/www.eldigitaldeasturias.com\/noticias\/wp-content\/uploads\/2020\/12\/EDA.jpg","@id":"https:\/\/eldigitaldeasturias.com\/magazine365\/un-experto-en-eolica-marina-aboga-por-exportar-capacidades-y-no-montar-mas-molinos\/#organizationLogo"},"image":{"@id":"https:\/\/eldigitaldeasturias.com\/magazine365\/un-experto-en-eolica-marina-aboga-por-exportar-capacidades-y-no-montar-mas-molinos\/#organizationLogo"}},{"@type":"Person","@id":"https:\/\/eldigitaldeasturias.com\/magazine365\/author\/admin\/#author","url":"https:\/\/eldigitaldeasturias.com\/magazine365\/author\/admin\/","name":"admin","image":{"@type":"ImageObject","@id":"https:\/\/eldigitaldeasturias.com\/magazine365\/un-experto-en-eolica-marina-aboga-por-exportar-capacidades-y-no-montar-mas-molinos\/#authorImage","url":"https:\/\/eldigitaldeasturias.com\/magazine365\/wp-content\/litespeed\/avatar\/e571bcf59a0edd6fa6838245a470f2fe.jpg?ver=1777574230","width":96,"height":96,"caption":"admin"}},{"@type":"WebPage","@id":"https:\/\/eldigitaldeasturias.com\/magazine365\/un-experto-en-eolica-marina-aboga-por-exportar-capacidades-y-no-montar-mas-molinos\/#webpage","url":"https:\/\/eldigitaldeasturias.com\/magazine365\/un-experto-en-eolica-marina-aboga-por-exportar-capacidades-y-no-montar-mas-molinos\/","name":"Un experto en e\u00f3lica marina aboga por \u00abexportar capacidades\u00bb y no montar \u00abm\u00e1s molinos\u00bb | El Digital de Asturias","description":"A Coru\u00f1a, 29 may (EFE).- Galicia cuenta con grandes capacidades en el sector e\u00f3lico marino pero no tiene mercado, aseguran los expertos, que no obstante destacan las oportunidades de negocio para sus empresas exportando su talento industrial o construyendo buques de apoyo a los parques marinos como nicho de mercado a corto plazo. \"En Galicia","inLanguage":"es-ES","isPartOf":{"@id":"https:\/\/eldigitaldeasturias.com\/magazine365\/#website"},"breadcrumb":{"@id":"https:\/\/eldigitaldeasturias.com\/magazine365\/un-experto-en-eolica-marina-aboga-por-exportar-capacidades-y-no-montar-mas-molinos\/#breadcrumblist"},"author":{"@id":"https:\/\/eldigitaldeasturias.com\/magazine365\/author\/admin\/#author"},"creator":{"@id":"https:\/\/eldigitaldeasturias.com\/magazine365\/author\/admin\/#author"},"image":{"@type":"ImageObject","url":"https:\/\/eldigitaldeasturias.com\/magazine365\/wp-content\/uploads\/2014\/05\/6315379w.jpg","@id":"https:\/\/eldigitaldeasturias.com\/magazine365\/un-experto-en-eolica-marina-aboga-por-exportar-capacidades-y-no-montar-mas-molinos\/#mainImage","width":800,"height":499},"primaryImageOfPage":{"@id":"https:\/\/eldigitaldeasturias.com\/magazine365\/un-experto-en-eolica-marina-aboga-por-exportar-capacidades-y-no-montar-mas-molinos\/#mainImage"},"datePublished":"2014-05-30T00:26:30+02:00","dateModified":"2014-05-30T00:26:30+02:00"},{"@type":"WebSite","@id":"https:\/\/eldigitaldeasturias.com\/magazine365\/#website","url":"https:\/\/eldigitaldeasturias.com\/magazine365\/","name":"El Digital de Asturias","description":"Revista de ocio, turismo y estilo de vida","inLanguage":"es-ES","publisher":{"@id":"https:\/\/eldigitaldeasturias.com\/magazine365\/#organization"}}]},"og:locale":"es_ES","og:site_name":"El Digital de Asturias \u2013 Revista de ocio, turismo y estilo de vida","og:type":"article","og:title":"Un experto en e\u00f3lica marina aboga por \u00abexportar capacidades\u00bb y no montar \u00abm\u00e1s molinos\u00bb | El Digital de Asturias","og:description":"A Coru\u00f1a, 29 may (EFE).- Galicia cuenta con grandes capacidades en el sector e\u00f3lico marino pero no tiene mercado, aseguran los expertos, que no obstante destacan las oportunidades de negocio para sus empresas exportando su talento industrial o construyendo buques de apoyo a los parques marinos como nicho de mercado a corto plazo. &quot;En Galicia","og:url":"https:\/\/eldigitaldeasturias.com\/magazine365\/un-experto-en-eolica-marina-aboga-por-exportar-capacidades-y-no-montar-mas-molinos\/","og:image":"https:\/\/eldigitaldeasturias.com\/magazine365\/wp-content\/uploads\/2014\/05\/6315379w.jpg","og:image:secure_url":"https:\/\/eldigitaldeasturias.com\/magazine365\/wp-content\/uploads\/2014\/05\/6315379w.jpg","og:image:width":800,"og:image:height":499,"article:published_time":"2014-05-30T02:26:30+00:00","article:modified_time":"2014-05-30T02:26:30+00:00","twitter:card":"summary_large_image","twitter:title":"Un experto en e\u00f3lica marina aboga por \u00abexportar capacidades\u00bb y no montar \u00abm\u00e1s molinos\u00bb | El Digital de Asturias","twitter:description":"A Coru\u00f1a, 29 may (EFE).- Galicia cuenta con grandes capacidades en el sector e\u00f3lico marino pero no tiene mercado, aseguran los expertos, que no obstante destacan las oportunidades de negocio para sus empresas exportando su talento industrial o construyendo buques de apoyo a los parques marinos como nicho de mercado a corto plazo. &quot;En Galicia","twitter:image":"https:\/\/eldigitaldeasturias.com\/magazine365\/wp-content\/uploads\/2014\/05\/6315379w.jpg"},"aioseo_meta_data":{"post_id":"14406","title":null,"description":null,"keywords":null,"keyphrases":null,"primary_term":null,"canonical_url":null,"og_title":null,"og_description":null,"og_object_type":"default","og_image_type":"default","og_image_url":null,"og_image_width":null,"og_image_height":null,"og_image_custom_url":null,"og_image_custom_fields":null,"og_video":null,"og_custom_url":null,"og_article_section":null,"og_article_tags":null,"twitter_use_og":false,"twitter_card":"default","twitter_image_type":"default","twitter_image_url":null,"twitter_image_custom_url":null,"twitter_image_custom_fields":null,"twitter_title":null,"twitter_description":null,"schema":{"blockGraphs":[],"customGraphs":[],"default":{"data":{"Article":[],"Course":[],"Dataset":[],"FAQPage":[],"Movie":[],"Person":[],"Product":[],"ProductReview":[],"Car":[],"Recipe":[],"Service":[],"SoftwareApplication":[],"WebPage":[]},"graphName":"","isEnabled":true},"graphs":[],"defaultGraph":"","defaultPostTypeGraph":""},"schema_type":null,"schema_type_options":null,"pillar_content":false,"robots_default":true,"robots_noindex":false,"robots_noarchive":false,"robots_nosnippet":false,"robots_nofollow":false,"robots_noimageindex":false,"robots_noodp":false,"robots_notranslate":false,"robots_max_snippet":null,"robots_max_videopreview":null,"robots_max_imagepreview":"large","priority":null,"frequency":null,"location":null,"local_seo":null,"seo_analyzer_scan_date":"2025-09-17 10:04:02","breadcrumb_settings":null,"limit_modified_date":false,"open_ai":null,"ai":null,"created":"2021-03-09 08:15:40","updated":"2025-09-17 10:04:02"},"aioseo_breadcrumb":"<div class=\"aioseo-breadcrumbs\"><span class=\"aioseo-breadcrumb\">\n\t<a href=\"https:\/\/eldigitaldeasturias.com\/magazine365\" title=\"Home\">Home<\/a>\n<\/span><span class=\"aioseo-breadcrumb-separator\">\u2013<\/span><span class=\"aioseo-breadcrumb\">\n\t<a href=\"https:\/\/eldigitaldeasturias.com\/magazine365\/category\/noticias-actualidad\/\" title=\"Noticias y Actualidad\">Noticias y Actualidad<\/a>\n<\/span><span class=\"aioseo-breadcrumb-separator\">\u2013<\/span><span class=\"aioseo-breadcrumb\">\n\t<a href=\"https:\/\/eldigitaldeasturias.com\/magazine365\/un-experto-en-eolica-marina-aboga-por-exportar-capacidades-y-no-montar-mas-molinos\/\" title=\"Un experto en e\u00f3lica marina aboga por \u00abexportar capacidades\u00bb y no montar \u00abm\u00e1s molinos\u00bb\">Un experto en e\u00f3lica marina aboga por \u00abexportar capacidades\u00bb y no montar \u00abm\u00e1s molinos\u00bb<\/a>\n<\/span><\/div>","aioseo_breadcrumb_json":[{"label":"Home","link":"https:\/\/eldigitaldeasturias.com\/magazine365"},{"label":"Noticias y Actualidad","link":"https:\/\/eldigitaldeasturias.com\/magazine365\/category\/noticias-actualidad\/"},{"label":"Un experto en e\u00f3lica marina aboga por \u00abexportar capacidades\u00bb y no montar \u00abm\u00e1s molinos\u00bb","link":"https:\/\/eldigitaldeasturias.com\/magazine365\/un-experto-en-eolica-marina-aboga-por-exportar-capacidades-y-no-montar-mas-molinos\/"}],"_links":{"self":[{"href":"https:\/\/eldigitaldeasturias.com\/magazine365\/wp-json\/wp\/v2\/posts\/14406","targetHints":{"allow":["GET"]}}],"collection":[{"href":"https:\/\/eldigitaldeasturias.com\/magazine365\/wp-json\/wp\/v2\/posts"}],"about":[{"href":"https:\/\/eldigitaldeasturias.com\/magazine365\/wp-json\/wp\/v2\/types\/post"}],"author":[{"embeddable":true,"href":"https:\/\/eldigitaldeasturias.com\/magazine365\/wp-json\/wp\/v2\/users\/1"}],"replies":[{"embeddable":true,"href":"https:\/\/eldigitaldeasturias.com\/magazine365\/wp-json\/wp\/v2\/comments?post=14406"}],"version-history":[{"count":0,"href":"https:\/\/eldigitaldeasturias.com\/magazine365\/wp-json\/wp\/v2\/posts\/14406\/revisions"}],"wp:featuredmedia":[{"embeddable":true,"href":"https:\/\/eldigitaldeasturias.com\/magazine365\/wp-json\/wp\/v2\/media\/14407"}],"wp:attachment":[{"href":"https:\/\/eldigitaldeasturias.com\/magazine365\/wp-json\/wp\/v2\/media?parent=14406"}],"wp:term":[{"taxonomy":"category","embeddable":true,"href":"https:\/\/eldigitaldeasturias.com\/magazine365\/wp-json\/wp\/v2\/categories?post=14406"},{"taxonomy":"post_tag","embeddable":true,"href":"https:\/\/eldigitaldeasturias.com\/magazine365\/wp-json\/wp\/v2\/tags?post=14406"}],"curies":[{"name":"wp","href":"https:\/\/api.w.org\/{rel}","templated":true}]}}