{"id":14403,"date":"2014-05-30T00:24:10","date_gmt":"2014-05-30T02:24:10","guid":{"rendered":"http:\/\/eldigitaldeasturias.com\/magazine365\/?p=14403"},"modified":"2014-05-30T00:24:10","modified_gmt":"2014-05-30T02:24:10","slug":"ana-duato-graba-la-nueva-temporada-de-un-pais-para-comerselo","status":"publish","type":"post","link":"https:\/\/eldigitaldeasturias.com\/magazine365\/ana-duato-graba-la-nueva-temporada-de-un-pais-para-comerselo\/","title":{"rendered":"Ana Duato graba la nueva temporada de \u00abUn pa\u00eds para com\u00e9rselo\u00bb"},"content":{"rendered":"<p><img fetchpriority=\"high\" decoding=\"async\" class=\"alignleft size-medium wp-image-14404\" alt=\"6315173w\" src=\"https:\/\/eldigitaldeasturias.com\/magazine365\/wp-content\/uploads\/2014\/05\/6315173w-360x239.jpg\" width=\"360\" height=\"239\" \/>Madrid, 29 may (EFE).- Ana Duato ha iniciado en Huesca el rodaje de la cuarta temporada del programa \u00abUn pa\u00eds para com\u00e9rselo\u00bb, que recorrer\u00e1 desde el desierto de Los Monegros hasta las costas del Mediterr\u00e1neo, ha informado hoy Televisi\u00f3n Espa\u00f1ola.<\/p>\n<p>La actriz protagonista de la serie \u00abCu\u00e9ntame c\u00f3mo pas\u00f3\u00bb buscar\u00e1 nuevos rincones, platos sorprendentes y personas inolvidables para sumar nuevas experiencias a las recogidas a lo largo de las tres temporadas anteriores, que suman treinta y ocho programas.<\/p>\n<p>La serie seguir\u00e1 buscando lo mejor de los productos gastron\u00f3micos de nuestro pa\u00eds y poniendo en valor, ha dicho Duato, \u00abel trabajo de esos millones de ciudadanos que viven y trabajan en el mundo rural, y que son una de las claves de que el turismo y la gastronom\u00eda espa\u00f1ola sean una referencia en todo el mundo\u00bb.<\/p>\n<p>La cuarta temporada de \u00abUn pa\u00eds para com\u00e9rselo\u00bb arrancar\u00e1 en Huesca, un territorio entre el sol y la nieve que encierra tesoros como la celebrada trufa de Graus, y despu\u00e9s pasar\u00e1 por Castell\u00f3n, Barcelona, \u00c1lava y Albacete.<\/p>\n<p>Coincidiendo con su nuevos destinos, el programa de TVE ha recibido en Hamburgo el Globo de Oro como mejor programa de turismo en el Tourism World Media Festival y el premio especial Magic Eye a la mejor Direcci\u00f3n de Fotograf\u00eda por el episodio dedicado a Menorca, \u00abUn huerto en el mar\u00bb.<\/p>\n<p>Un premio que se suma a otros con los que tanto instituciones p\u00fablicas como privadas han reconocido al programa, entre ellos el Premio Alimentos de Espa\u00f1a; el premio Ecovidrio a Ana Duato como Personalidad Ambiental del A\u00f1o en 2013; el Premio de Gastronom\u00eda \u00c1lvaro Cunqueiro; y el de la Real Academia de Gastronom\u00eda, apunta en una nota de prensa la cadena p\u00fablica.<\/p>\n","protected":false},"excerpt":{"rendered":"<p>Madrid, 29 may (EFE).- Ana Duato ha iniciado en Huesca el rodaje de la cuarta temporada del programa \u00abUn pa\u00eds para com\u00e9rselo\u00bb, que recorrer\u00e1 desde el desierto de Los Monegros hasta las costas del Mediterr\u00e1neo, ha informado hoy Televisi\u00f3n Espa\u00f1ola. La actriz protagonista de la serie \u00abCu\u00e9ntame c\u00f3mo pas\u00f3\u00bb buscar\u00e1 nuevos rincones, platos sorprendentes y<\/p>\n","protected":false},"author":1,"featured_media":14404,"comment_status":"open","ping_status":"closed","sticky":false,"template":"","format":"standard","meta":{"footnotes":""},"categories":[222],"tags":[],"class_list":{"0":"post-14403","1":"post","2":"type-post","3":"status-publish","4":"format-standard","5":"has-post-thumbnail","7":"category-actualidad-turismo"},"aioseo_notices":[],"aioseo_head":"\n\t\t<!-- All in One SEO Pro 4.9.6.1 - aioseo.com -->\n\t<meta name=\"description\" content=\"Madrid, 29 may (EFE).- Ana Duato ha iniciado en Huesca el rodaje de la cuarta temporada del programa &quot;Un pa\u00eds para com\u00e9rselo&quot;, que recorrer\u00e1 desde el desierto de Los Monegros hasta las costas del Mediterr\u00e1neo, ha informado hoy Televisi\u00f3n Espa\u00f1ola. La actriz protagonista de la serie &quot;Cu\u00e9ntame c\u00f3mo pas\u00f3&quot; buscar\u00e1 nuevos rincones, platos sorprendentes y\" \/>\n\t<meta name=\"robots\" content=\"max-image-preview:large\" \/>\n\t<meta name=\"author\" content=\"admin\"\/>\n\t<meta name=\"google-site-verification\" content=\"UA-38556648-1\" \/>\n\t<meta name=\"keywords\" content=\"actualidad turismo\" \/>\n\t<link rel=\"canonical\" href=\"https:\/\/eldigitaldeasturias.com\/magazine365\/ana-duato-graba-la-nueva-temporada-de-un-pais-para-comerselo\/\" \/>\n\t<meta name=\"generator\" content=\"All in One SEO Pro (AIOSEO) 4.9.6.1\" \/>\n\t\t<meta property=\"og:locale\" content=\"es_ES\" \/>\n\t\t<meta property=\"og:site_name\" content=\"El Digital de Asturias \u2013 Revista de ocio, turismo y estilo de vida\" \/>\n\t\t<meta property=\"og:type\" content=\"article\" \/>\n\t\t<meta property=\"og:title\" content=\"Ana Duato graba la nueva temporada de \u00abUn pa\u00eds para com\u00e9rselo\u00bb | El Digital de Asturias\" \/>\n\t\t<meta property=\"og:description\" content=\"Madrid, 29 may (EFE).- Ana Duato ha iniciado en Huesca el rodaje de la cuarta temporada del programa &quot;Un pa\u00eds para com\u00e9rselo&quot;, que recorrer\u00e1 desde el desierto de Los Monegros hasta las costas del Mediterr\u00e1neo, ha informado hoy Televisi\u00f3n Espa\u00f1ola. La actriz protagonista de la serie &quot;Cu\u00e9ntame c\u00f3mo pas\u00f3&quot; buscar\u00e1 nuevos rincones, platos sorprendentes y\" \/>\n\t\t<meta property=\"og:url\" content=\"https:\/\/eldigitaldeasturias.com\/magazine365\/ana-duato-graba-la-nueva-temporada-de-un-pais-para-comerselo\/\" \/>\n\t\t<meta property=\"og:image\" content=\"https:\/\/eldigitaldeasturias.com\/magazine365\/wp-content\/uploads\/2014\/05\/6315173w.jpg\" \/>\n\t\t<meta property=\"og:image:secure_url\" content=\"https:\/\/eldigitaldeasturias.com\/magazine365\/wp-content\/uploads\/2014\/05\/6315173w.jpg\" \/>\n\t\t<meta property=\"og:image:width\" content=\"800\" \/>\n\t\t<meta property=\"og:image:height\" content=\"533\" \/>\n\t\t<meta property=\"article:published_time\" content=\"2014-05-30T02:24:10+00:00\" \/>\n\t\t<meta property=\"article:modified_time\" content=\"2014-05-30T02:24:10+00:00\" \/>\n\t\t<meta name=\"twitter:card\" content=\"summary_large_image\" \/>\n\t\t<meta name=\"twitter:title\" content=\"Ana Duato graba la nueva temporada de \u00abUn pa\u00eds para com\u00e9rselo\u00bb | El Digital de Asturias\" \/>\n\t\t<meta name=\"twitter:description\" content=\"Madrid, 29 may (EFE).- Ana Duato ha iniciado en Huesca el rodaje de la cuarta temporada del programa &quot;Un pa\u00eds para com\u00e9rselo&quot;, que recorrer\u00e1 desde el desierto de Los Monegros hasta las costas del Mediterr\u00e1neo, ha informado hoy Televisi\u00f3n Espa\u00f1ola. La actriz protagonista de la serie &quot;Cu\u00e9ntame c\u00f3mo pas\u00f3&quot; buscar\u00e1 nuevos rincones, platos sorprendentes y\" \/>\n\t\t<meta name=\"twitter:image\" content=\"https:\/\/eldigitaldeasturias.com\/magazine365\/wp-content\/uploads\/2014\/05\/6315173w.jpg\" \/>\n\t\t<script type=\"application\/ld+json\" class=\"aioseo-schema\">\n\t\t\t{\"@context\":\"https:\\\/\\\/schema.org\",\"@graph\":[{\"@type\":\"Article\",\"@id\":\"https:\\\/\\\/eldigitaldeasturias.com\\\/magazine365\\\/ana-duato-graba-la-nueva-temporada-de-un-pais-para-comerselo\\\/#article\",\"name\":\"Ana Duato graba la nueva temporada de \\u00abUn pa\\u00eds para com\\u00e9rselo\\u00bb | El Digital de Asturias\",\"headline\":\"Ana Duato graba la nueva temporada de \\u00abUn pa\\u00eds para com\\u00e9rselo\\u00bb\",\"author\":{\"@id\":\"https:\\\/\\\/eldigitaldeasturias.com\\\/magazine365\\\/author\\\/admin\\\/#author\"},\"publisher\":{\"@id\":\"https:\\\/\\\/eldigitaldeasturias.com\\\/magazine365\\\/#organization\"},\"image\":{\"@type\":\"ImageObject\",\"url\":\"https:\\\/\\\/eldigitaldeasturias.com\\\/magazine365\\\/wp-content\\\/uploads\\\/2014\\\/05\\\/6315173w.jpg\",\"width\":800,\"height\":533},\"datePublished\":\"2014-05-30T00:24:10+02:00\",\"dateModified\":\"2014-05-30T00:24:10+02:00\",\"inLanguage\":\"es-ES\",\"mainEntityOfPage\":{\"@id\":\"https:\\\/\\\/eldigitaldeasturias.com\\\/magazine365\\\/ana-duato-graba-la-nueva-temporada-de-un-pais-para-comerselo\\\/#webpage\"},\"isPartOf\":{\"@id\":\"https:\\\/\\\/eldigitaldeasturias.com\\\/magazine365\\\/ana-duato-graba-la-nueva-temporada-de-un-pais-para-comerselo\\\/#webpage\"},\"articleSection\":\"Actualidad Turismo\"},{\"@type\":\"BreadcrumbList\",\"@id\":\"https:\\\/\\\/eldigitaldeasturias.com\\\/magazine365\\\/ana-duato-graba-la-nueva-temporada-de-un-pais-para-comerselo\\\/#breadcrumblist\",\"itemListElement\":[{\"@type\":\"ListItem\",\"@id\":\"https:\\\/\\\/eldigitaldeasturias.com\\\/magazine365#listItem\",\"position\":1,\"name\":\"Home\",\"item\":\"https:\\\/\\\/eldigitaldeasturias.com\\\/magazine365\",\"nextItem\":{\"@type\":\"ListItem\",\"@id\":\"https:\\\/\\\/eldigitaldeasturias.com\\\/magazine365\\\/category\\\/actualidad-turismo\\\/#listItem\",\"name\":\"Actualidad Turismo\"}},{\"@type\":\"ListItem\",\"@id\":\"https:\\\/\\\/eldigitaldeasturias.com\\\/magazine365\\\/category\\\/actualidad-turismo\\\/#listItem\",\"position\":2,\"name\":\"Actualidad Turismo\",\"item\":\"https:\\\/\\\/eldigitaldeasturias.com\\\/magazine365\\\/category\\\/actualidad-turismo\\\/\",\"nextItem\":{\"@type\":\"ListItem\",\"@id\":\"https:\\\/\\\/eldigitaldeasturias.com\\\/magazine365\\\/ana-duato-graba-la-nueva-temporada-de-un-pais-para-comerselo\\\/#listItem\",\"name\":\"Ana Duato graba la nueva temporada de \\u00abUn pa\\u00eds para com\\u00e9rselo\\u00bb\"},\"previousItem\":{\"@type\":\"ListItem\",\"@id\":\"https:\\\/\\\/eldigitaldeasturias.com\\\/magazine365#listItem\",\"name\":\"Home\"}},{\"@type\":\"ListItem\",\"@id\":\"https:\\\/\\\/eldigitaldeasturias.com\\\/magazine365\\\/ana-duato-graba-la-nueva-temporada-de-un-pais-para-comerselo\\\/#listItem\",\"position\":3,\"name\":\"Ana Duato graba la nueva temporada de \\u00abUn pa\\u00eds para com\\u00e9rselo\\u00bb\",\"previousItem\":{\"@type\":\"ListItem\",\"@id\":\"https:\\\/\\\/eldigitaldeasturias.com\\\/magazine365\\\/category\\\/actualidad-turismo\\\/#listItem\",\"name\":\"Actualidad Turismo\"}}]},{\"@type\":\"Organization\",\"@id\":\"https:\\\/\\\/eldigitaldeasturias.com\\\/magazine365\\\/#organization\",\"name\":\"El digital de Asturias\",\"description\":\"Revista de ocio, turismo y estilo de vida\",\"url\":\"https:\\\/\\\/eldigitaldeasturias.com\\\/magazine365\\\/\",\"logo\":{\"@type\":\"ImageObject\",\"url\":\"https:\\\/\\\/www.eldigitaldeasturias.com\\\/noticias\\\/wp-content\\\/uploads\\\/2020\\\/12\\\/EDA.jpg\",\"@id\":\"https:\\\/\\\/eldigitaldeasturias.com\\\/magazine365\\\/ana-duato-graba-la-nueva-temporada-de-un-pais-para-comerselo\\\/#organizationLogo\"},\"image\":{\"@id\":\"https:\\\/\\\/eldigitaldeasturias.com\\\/magazine365\\\/ana-duato-graba-la-nueva-temporada-de-un-pais-para-comerselo\\\/#organizationLogo\"}},{\"@type\":\"Person\",\"@id\":\"https:\\\/\\\/eldigitaldeasturias.com\\\/magazine365\\\/author\\\/admin\\\/#author\",\"url\":\"https:\\\/\\\/eldigitaldeasturias.com\\\/magazine365\\\/author\\\/admin\\\/\",\"name\":\"admin\",\"image\":{\"@type\":\"ImageObject\",\"@id\":\"https:\\\/\\\/eldigitaldeasturias.com\\\/magazine365\\\/ana-duato-graba-la-nueva-temporada-de-un-pais-para-comerselo\\\/#authorImage\",\"url\":\"https:\\\/\\\/eldigitaldeasturias.com\\\/magazine365\\\/wp-content\\\/litespeed\\\/avatar\\\/e571bcf59a0edd6fa6838245a470f2fe.jpg?ver=1777574230\",\"width\":96,\"height\":96,\"caption\":\"admin\"}},{\"@type\":\"WebPage\",\"@id\":\"https:\\\/\\\/eldigitaldeasturias.com\\\/magazine365\\\/ana-duato-graba-la-nueva-temporada-de-un-pais-para-comerselo\\\/#webpage\",\"url\":\"https:\\\/\\\/eldigitaldeasturias.com\\\/magazine365\\\/ana-duato-graba-la-nueva-temporada-de-un-pais-para-comerselo\\\/\",\"name\":\"Ana Duato graba la nueva temporada de \\u00abUn pa\\u00eds para com\\u00e9rselo\\u00bb | El Digital de Asturias\",\"description\":\"Madrid, 29 may (EFE).- Ana Duato ha iniciado en Huesca el rodaje de la cuarta temporada del programa \\\"Un pa\\u00eds para com\\u00e9rselo\\\", que recorrer\\u00e1 desde el desierto de Los Monegros hasta las costas del Mediterr\\u00e1neo, ha informado hoy Televisi\\u00f3n Espa\\u00f1ola. La actriz protagonista de la serie \\\"Cu\\u00e9ntame c\\u00f3mo pas\\u00f3\\\" buscar\\u00e1 nuevos rincones, platos sorprendentes y\",\"inLanguage\":\"es-ES\",\"isPartOf\":{\"@id\":\"https:\\\/\\\/eldigitaldeasturias.com\\\/magazine365\\\/#website\"},\"breadcrumb\":{\"@id\":\"https:\\\/\\\/eldigitaldeasturias.com\\\/magazine365\\\/ana-duato-graba-la-nueva-temporada-de-un-pais-para-comerselo\\\/#breadcrumblist\"},\"author\":{\"@id\":\"https:\\\/\\\/eldigitaldeasturias.com\\\/magazine365\\\/author\\\/admin\\\/#author\"},\"creator\":{\"@id\":\"https:\\\/\\\/eldigitaldeasturias.com\\\/magazine365\\\/author\\\/admin\\\/#author\"},\"image\":{\"@type\":\"ImageObject\",\"url\":\"https:\\\/\\\/eldigitaldeasturias.com\\\/magazine365\\\/wp-content\\\/uploads\\\/2014\\\/05\\\/6315173w.jpg\",\"@id\":\"https:\\\/\\\/eldigitaldeasturias.com\\\/magazine365\\\/ana-duato-graba-la-nueva-temporada-de-un-pais-para-comerselo\\\/#mainImage\",\"width\":800,\"height\":533},\"primaryImageOfPage\":{\"@id\":\"https:\\\/\\\/eldigitaldeasturias.com\\\/magazine365\\\/ana-duato-graba-la-nueva-temporada-de-un-pais-para-comerselo\\\/#mainImage\"},\"datePublished\":\"2014-05-30T00:24:10+02:00\",\"dateModified\":\"2014-05-30T00:24:10+02:00\"},{\"@type\":\"WebSite\",\"@id\":\"https:\\\/\\\/eldigitaldeasturias.com\\\/magazine365\\\/#website\",\"url\":\"https:\\\/\\\/eldigitaldeasturias.com\\\/magazine365\\\/\",\"name\":\"El Digital de Asturias\",\"description\":\"Revista de ocio, turismo y estilo de vida\",\"inLanguage\":\"es-ES\",\"publisher\":{\"@id\":\"https:\\\/\\\/eldigitaldeasturias.com\\\/magazine365\\\/#organization\"}}]}\n\t\t<\/script>\n\t\t<!-- All in One SEO Pro -->\r\n\t\t<title>Ana Duato graba la nueva temporada de \u00abUn pa\u00eds para com\u00e9rselo\u00bb | El Digital de Asturias<\/title>\n\n","aioseo_head_json":{"title":"Ana Duato graba la nueva temporada de \u00abUn pa\u00eds para com\u00e9rselo\u00bb | El Digital de Asturias","description":"Madrid, 29 may (EFE).- Ana Duato ha iniciado en Huesca el rodaje de la cuarta temporada del programa \"Un pa\u00eds para com\u00e9rselo\", que recorrer\u00e1 desde el desierto de Los Monegros hasta las costas del Mediterr\u00e1neo, ha informado hoy Televisi\u00f3n Espa\u00f1ola. La actriz protagonista de la serie \"Cu\u00e9ntame c\u00f3mo pas\u00f3\" buscar\u00e1 nuevos rincones, platos sorprendentes y","canonical_url":"https:\/\/eldigitaldeasturias.com\/magazine365\/ana-duato-graba-la-nueva-temporada-de-un-pais-para-comerselo\/","robots":"max-image-preview:large","keywords":"actualidad turismo","webmasterTools":{"google-site-verification":"UA-38556648-1","miscellaneous":""},"schema":{"@context":"https:\/\/schema.org","@graph":[{"@type":"Article","@id":"https:\/\/eldigitaldeasturias.com\/magazine365\/ana-duato-graba-la-nueva-temporada-de-un-pais-para-comerselo\/#article","name":"Ana Duato graba la nueva temporada de \u00abUn pa\u00eds para com\u00e9rselo\u00bb | El Digital de Asturias","headline":"Ana Duato graba la nueva temporada de \u00abUn pa\u00eds para com\u00e9rselo\u00bb","author":{"@id":"https:\/\/eldigitaldeasturias.com\/magazine365\/author\/admin\/#author"},"publisher":{"@id":"https:\/\/eldigitaldeasturias.com\/magazine365\/#organization"},"image":{"@type":"ImageObject","url":"https:\/\/eldigitaldeasturias.com\/magazine365\/wp-content\/uploads\/2014\/05\/6315173w.jpg","width":800,"height":533},"datePublished":"2014-05-30T00:24:10+02:00","dateModified":"2014-05-30T00:24:10+02:00","inLanguage":"es-ES","mainEntityOfPage":{"@id":"https:\/\/eldigitaldeasturias.com\/magazine365\/ana-duato-graba-la-nueva-temporada-de-un-pais-para-comerselo\/#webpage"},"isPartOf":{"@id":"https:\/\/eldigitaldeasturias.com\/magazine365\/ana-duato-graba-la-nueva-temporada-de-un-pais-para-comerselo\/#webpage"},"articleSection":"Actualidad Turismo"},{"@type":"BreadcrumbList","@id":"https:\/\/eldigitaldeasturias.com\/magazine365\/ana-duato-graba-la-nueva-temporada-de-un-pais-para-comerselo\/#breadcrumblist","itemListElement":[{"@type":"ListItem","@id":"https:\/\/eldigitaldeasturias.com\/magazine365#listItem","position":1,"name":"Home","item":"https:\/\/eldigitaldeasturias.com\/magazine365","nextItem":{"@type":"ListItem","@id":"https:\/\/eldigitaldeasturias.com\/magazine365\/category\/actualidad-turismo\/#listItem","name":"Actualidad Turismo"}},{"@type":"ListItem","@id":"https:\/\/eldigitaldeasturias.com\/magazine365\/category\/actualidad-turismo\/#listItem","position":2,"name":"Actualidad Turismo","item":"https:\/\/eldigitaldeasturias.com\/magazine365\/category\/actualidad-turismo\/","nextItem":{"@type":"ListItem","@id":"https:\/\/eldigitaldeasturias.com\/magazine365\/ana-duato-graba-la-nueva-temporada-de-un-pais-para-comerselo\/#listItem","name":"Ana Duato graba la nueva temporada de \u00abUn pa\u00eds para com\u00e9rselo\u00bb"},"previousItem":{"@type":"ListItem","@id":"https:\/\/eldigitaldeasturias.com\/magazine365#listItem","name":"Home"}},{"@type":"ListItem","@id":"https:\/\/eldigitaldeasturias.com\/magazine365\/ana-duato-graba-la-nueva-temporada-de-un-pais-para-comerselo\/#listItem","position":3,"name":"Ana Duato graba la nueva temporada de \u00abUn pa\u00eds para com\u00e9rselo\u00bb","previousItem":{"@type":"ListItem","@id":"https:\/\/eldigitaldeasturias.com\/magazine365\/category\/actualidad-turismo\/#listItem","name":"Actualidad Turismo"}}]},{"@type":"Organization","@id":"https:\/\/eldigitaldeasturias.com\/magazine365\/#organization","name":"El digital de Asturias","description":"Revista de ocio, turismo y estilo de vida","url":"https:\/\/eldigitaldeasturias.com\/magazine365\/","logo":{"@type":"ImageObject","url":"https:\/\/www.eldigitaldeasturias.com\/noticias\/wp-content\/uploads\/2020\/12\/EDA.jpg","@id":"https:\/\/eldigitaldeasturias.com\/magazine365\/ana-duato-graba-la-nueva-temporada-de-un-pais-para-comerselo\/#organizationLogo"},"image":{"@id":"https:\/\/eldigitaldeasturias.com\/magazine365\/ana-duato-graba-la-nueva-temporada-de-un-pais-para-comerselo\/#organizationLogo"}},{"@type":"Person","@id":"https:\/\/eldigitaldeasturias.com\/magazine365\/author\/admin\/#author","url":"https:\/\/eldigitaldeasturias.com\/magazine365\/author\/admin\/","name":"admin","image":{"@type":"ImageObject","@id":"https:\/\/eldigitaldeasturias.com\/magazine365\/ana-duato-graba-la-nueva-temporada-de-un-pais-para-comerselo\/#authorImage","url":"https:\/\/eldigitaldeasturias.com\/magazine365\/wp-content\/litespeed\/avatar\/e571bcf59a0edd6fa6838245a470f2fe.jpg?ver=1777574230","width":96,"height":96,"caption":"admin"}},{"@type":"WebPage","@id":"https:\/\/eldigitaldeasturias.com\/magazine365\/ana-duato-graba-la-nueva-temporada-de-un-pais-para-comerselo\/#webpage","url":"https:\/\/eldigitaldeasturias.com\/magazine365\/ana-duato-graba-la-nueva-temporada-de-un-pais-para-comerselo\/","name":"Ana Duato graba la nueva temporada de \u00abUn pa\u00eds para com\u00e9rselo\u00bb | El Digital de Asturias","description":"Madrid, 29 may (EFE).- Ana Duato ha iniciado en Huesca el rodaje de la cuarta temporada del programa \"Un pa\u00eds para com\u00e9rselo\", que recorrer\u00e1 desde el desierto de Los Monegros hasta las costas del Mediterr\u00e1neo, ha informado hoy Televisi\u00f3n Espa\u00f1ola. La actriz protagonista de la serie \"Cu\u00e9ntame c\u00f3mo pas\u00f3\" buscar\u00e1 nuevos rincones, platos sorprendentes y","inLanguage":"es-ES","isPartOf":{"@id":"https:\/\/eldigitaldeasturias.com\/magazine365\/#website"},"breadcrumb":{"@id":"https:\/\/eldigitaldeasturias.com\/magazine365\/ana-duato-graba-la-nueva-temporada-de-un-pais-para-comerselo\/#breadcrumblist"},"author":{"@id":"https:\/\/eldigitaldeasturias.com\/magazine365\/author\/admin\/#author"},"creator":{"@id":"https:\/\/eldigitaldeasturias.com\/magazine365\/author\/admin\/#author"},"image":{"@type":"ImageObject","url":"https:\/\/eldigitaldeasturias.com\/magazine365\/wp-content\/uploads\/2014\/05\/6315173w.jpg","@id":"https:\/\/eldigitaldeasturias.com\/magazine365\/ana-duato-graba-la-nueva-temporada-de-un-pais-para-comerselo\/#mainImage","width":800,"height":533},"primaryImageOfPage":{"@id":"https:\/\/eldigitaldeasturias.com\/magazine365\/ana-duato-graba-la-nueva-temporada-de-un-pais-para-comerselo\/#mainImage"},"datePublished":"2014-05-30T00:24:10+02:00","dateModified":"2014-05-30T00:24:10+02:00"},{"@type":"WebSite","@id":"https:\/\/eldigitaldeasturias.com\/magazine365\/#website","url":"https:\/\/eldigitaldeasturias.com\/magazine365\/","name":"El Digital de Asturias","description":"Revista de ocio, turismo y estilo de vida","inLanguage":"es-ES","publisher":{"@id":"https:\/\/eldigitaldeasturias.com\/magazine365\/#organization"}}]},"og:locale":"es_ES","og:site_name":"El Digital de Asturias \u2013 Revista de ocio, turismo y estilo de vida","og:type":"article","og:title":"Ana Duato graba la nueva temporada de \u00abUn pa\u00eds para com\u00e9rselo\u00bb | El Digital de Asturias","og:description":"Madrid, 29 may (EFE).- Ana Duato ha iniciado en Huesca el rodaje de la cuarta temporada del programa &quot;Un pa\u00eds para com\u00e9rselo&quot;, que recorrer\u00e1 desde el desierto de Los Monegros hasta las costas del Mediterr\u00e1neo, ha informado hoy Televisi\u00f3n Espa\u00f1ola. La actriz protagonista de la serie &quot;Cu\u00e9ntame c\u00f3mo pas\u00f3&quot; buscar\u00e1 nuevos rincones, platos sorprendentes y","og:url":"https:\/\/eldigitaldeasturias.com\/magazine365\/ana-duato-graba-la-nueva-temporada-de-un-pais-para-comerselo\/","og:image":"https:\/\/eldigitaldeasturias.com\/magazine365\/wp-content\/uploads\/2014\/05\/6315173w.jpg","og:image:secure_url":"https:\/\/eldigitaldeasturias.com\/magazine365\/wp-content\/uploads\/2014\/05\/6315173w.jpg","og:image:width":800,"og:image:height":533,"article:published_time":"2014-05-30T02:24:10+00:00","article:modified_time":"2014-05-30T02:24:10+00:00","twitter:card":"summary_large_image","twitter:title":"Ana Duato graba la nueva temporada de \u00abUn pa\u00eds para com\u00e9rselo\u00bb | El Digital de Asturias","twitter:description":"Madrid, 29 may (EFE).- Ana Duato ha iniciado en Huesca el rodaje de la cuarta temporada del programa &quot;Un pa\u00eds para com\u00e9rselo&quot;, que recorrer\u00e1 desde el desierto de Los Monegros hasta las costas del Mediterr\u00e1neo, ha informado hoy Televisi\u00f3n Espa\u00f1ola. La actriz protagonista de la serie &quot;Cu\u00e9ntame c\u00f3mo pas\u00f3&quot; buscar\u00e1 nuevos rincones, platos sorprendentes y","twitter:image":"https:\/\/eldigitaldeasturias.com\/magazine365\/wp-content\/uploads\/2014\/05\/6315173w.jpg"},"aioseo_meta_data":{"post_id":"14403","title":null,"description":null,"keywords":null,"keyphrases":null,"primary_term":null,"canonical_url":null,"og_title":null,"og_description":null,"og_object_type":"default","og_image_type":"default","og_image_url":null,"og_image_width":null,"og_image_height":null,"og_image_custom_url":null,"og_image_custom_fields":null,"og_video":null,"og_custom_url":null,"og_article_section":null,"og_article_tags":null,"twitter_use_og":false,"twitter_card":"default","twitter_image_type":"default","twitter_image_url":null,"twitter_image_custom_url":null,"twitter_image_custom_fields":null,"twitter_title":null,"twitter_description":null,"schema":{"blockGraphs":[],"customGraphs":[],"default":{"data":{"Article":[],"Course":[],"Dataset":[],"FAQPage":[],"Movie":[],"Person":[],"Product":[],"ProductReview":[],"Car":[],"Recipe":[],"Service":[],"SoftwareApplication":[],"WebPage":[]},"graphName":"","isEnabled":true},"graphs":[],"defaultGraph":"","defaultPostTypeGraph":""},"schema_type":null,"schema_type_options":null,"pillar_content":false,"robots_default":true,"robots_noindex":false,"robots_noarchive":false,"robots_nosnippet":false,"robots_nofollow":false,"robots_noimageindex":false,"robots_noodp":false,"robots_notranslate":false,"robots_max_snippet":null,"robots_max_videopreview":null,"robots_max_imagepreview":"large","priority":null,"frequency":null,"location":null,"local_seo":null,"seo_analyzer_scan_date":"2025-09-17 10:04:00","breadcrumb_settings":null,"limit_modified_date":false,"open_ai":null,"ai":null,"created":"2021-03-09 08:15:40","updated":"2025-09-17 10:04:00"},"aioseo_breadcrumb":"<div class=\"aioseo-breadcrumbs\"><span class=\"aioseo-breadcrumb\">\n\t<a href=\"https:\/\/eldigitaldeasturias.com\/magazine365\" title=\"Home\">Home<\/a>\n<\/span><span class=\"aioseo-breadcrumb-separator\">\u2013<\/span><span class=\"aioseo-breadcrumb\">\n\t<a href=\"https:\/\/eldigitaldeasturias.com\/magazine365\/category\/actualidad-turismo\/\" title=\"Actualidad Turismo\">Actualidad Turismo<\/a>\n<\/span><span class=\"aioseo-breadcrumb-separator\">\u2013<\/span><span class=\"aioseo-breadcrumb\">\n\t<a href=\"https:\/\/eldigitaldeasturias.com\/magazine365\/ana-duato-graba-la-nueva-temporada-de-un-pais-para-comerselo\/\" title=\"Ana Duato graba la nueva temporada de \u00abUn pa\u00eds para com\u00e9rselo\u00bb\">Ana Duato graba la nueva temporada de \u00abUn pa\u00eds para com\u00e9rselo\u00bb<\/a>\n<\/span><\/div>","aioseo_breadcrumb_json":[{"label":"Home","link":"https:\/\/eldigitaldeasturias.com\/magazine365"},{"label":"Actualidad Turismo","link":"https:\/\/eldigitaldeasturias.com\/magazine365\/category\/actualidad-turismo\/"},{"label":"Ana Duato graba la nueva temporada de \u00abUn pa\u00eds para com\u00e9rselo\u00bb","link":"https:\/\/eldigitaldeasturias.com\/magazine365\/ana-duato-graba-la-nueva-temporada-de-un-pais-para-comerselo\/"}],"_links":{"self":[{"href":"https:\/\/eldigitaldeasturias.com\/magazine365\/wp-json\/wp\/v2\/posts\/14403","targetHints":{"allow":["GET"]}}],"collection":[{"href":"https:\/\/eldigitaldeasturias.com\/magazine365\/wp-json\/wp\/v2\/posts"}],"about":[{"href":"https:\/\/eldigitaldeasturias.com\/magazine365\/wp-json\/wp\/v2\/types\/post"}],"author":[{"embeddable":true,"href":"https:\/\/eldigitaldeasturias.com\/magazine365\/wp-json\/wp\/v2\/users\/1"}],"replies":[{"embeddable":true,"href":"https:\/\/eldigitaldeasturias.com\/magazine365\/wp-json\/wp\/v2\/comments?post=14403"}],"version-history":[{"count":0,"href":"https:\/\/eldigitaldeasturias.com\/magazine365\/wp-json\/wp\/v2\/posts\/14403\/revisions"}],"wp:featuredmedia":[{"embeddable":true,"href":"https:\/\/eldigitaldeasturias.com\/magazine365\/wp-json\/wp\/v2\/media\/14404"}],"wp:attachment":[{"href":"https:\/\/eldigitaldeasturias.com\/magazine365\/wp-json\/wp\/v2\/media?parent=14403"}],"wp:term":[{"taxonomy":"category","embeddable":true,"href":"https:\/\/eldigitaldeasturias.com\/magazine365\/wp-json\/wp\/v2\/categories?post=14403"},{"taxonomy":"post_tag","embeddable":true,"href":"https:\/\/eldigitaldeasturias.com\/magazine365\/wp-json\/wp\/v2\/tags?post=14403"}],"curies":[{"name":"wp","href":"https:\/\/api.w.org\/{rel}","templated":true}]}}