{"id":14400,"date":"2014-05-30T00:22:29","date_gmt":"2014-05-30T02:22:29","guid":{"rendered":"http:\/\/eldigitaldeasturias.com\/magazine365\/?p=14400"},"modified":"2014-05-30T00:22:46","modified_gmt":"2014-05-30T02:22:46","slug":"expertos-y-familias-piden-en-un-congreso-un-plan-especial-para-el-autismo","status":"publish","type":"post","link":"https:\/\/eldigitaldeasturias.com\/magazine365\/expertos-y-familias-piden-en-un-congreso-un-plan-especial-para-el-autismo\/","title":{"rendered":"Expertos y familias piden en un congreso un plan especial para el autismo"},"content":{"rendered":"<p><img fetchpriority=\"high\" decoding=\"async\" class=\"alignleft size-medium wp-image-14401\" alt=\"6315145w\" src=\"https:\/\/eldigitaldeasturias.com\/magazine365\/wp-content\/uploads\/2014\/05\/6315145w-360x250.jpg\" width=\"360\" height=\"250\" \/>Burgos, 28 may (EFE).- Especialistas en autismo y familiares de afectados, que participan hasta el s\u00e1bado en Burgos en un congreso internacional sobre la enfermedad, han coincidido en pedir un plan espec\u00edfico para atender a las personas con este s\u00edndrome, pues requieren un tratamiento multidisciplinar dise\u00f1ado especialmente.<\/p>\n<p>La presidenta de la asociaci\u00f3n Autismo Burgos, Simona Palacios, ha explicado que han organizado el congreso para celebrar su trig\u00e9simo aniversario con una actividad que permita conocer los \u00faltimos avances en el diagn\u00f3stico y tratamiento de este s\u00edndrome, pero tambi\u00e9n para reivindicar que se tenga en cuenta su \u00abespecificidad\u00bb.<\/p>\n<p>En este sentido, ha explicado que las asociaciones de autismo est\u00e1n pidiendo a la administraci\u00f3n general del Estado y a los gobiernos auton\u00f3micos que se elaboren planes espec\u00edficos para atender a las personas con autismo, con unas necesidades distintas a otros s\u00edndromes.<\/p>\n<p>Palacios ha explicado que se trata de una afecci\u00f3n \u00abdiferente a cualquier otra enfermedad y que, conlleve o no discapacidad, requiere de un tratamiento multidisciplinar dise\u00f1ado especialmente para este s\u00edndrome\u00bb.<\/p>\n<p>Ha insistido en que las personas con autismo \u00abtienen un cerebro diferente y piensan de forma diferente\u00bb.<\/p>\n<p>En su opini\u00f3n, la falta de un plan espec\u00edfico unido a los recortes econ\u00f3micos est\u00e1n frenando los avances en el tratamiento e incluso se est\u00e1 corriendo el riesgo de \u00abretroceder en los tratamientos\u00bb, que son complejos y requieren tratamientos m\u00e9dicos, pero tambi\u00e9n apoyo social.<\/p>\n<p>El congreso cuenta con la asistencia de m\u00e1s de 300 personas, entre especialistas en la enfermedad y familiares de afectados, que asisten a exposiciones y mesas redondas sobre las \u00faltimas investigaciones, tratamientos y avances diagn\u00f3sticos de un s\u00edndrome con un sesenta por ciento de aumento del n\u00famero de afectados en los \u00faltimos veinte a\u00f1os.<\/p>\n<p>Entre los veinte ponentes del congreso destacan Manuel Casanova, profesor de Neurobiolog\u00eda de la universidad estadounidense de Lousiville; Joaqu\u00edn Fuentes, vicepresidente asociaci\u00f3n mundial de Psicolog\u00eda infantil; y Juan Luis Arsuaga, director cient\u00edfico del Museo de Evoluci\u00f3n Humana y codirector de los yacimientos de Atapuerca.<\/p>\n","protected":false},"excerpt":{"rendered":"<p>Burgos, 28 may (EFE).- Especialistas en autismo y familiares de afectados, que participan hasta el s\u00e1bado en Burgos en un congreso internacional sobre la enfermedad, han coincidido en pedir un plan espec\u00edfico para atender a las personas con este s\u00edndrome, pues requieren un tratamiento multidisciplinar dise\u00f1ado especialmente. La presidenta de la asociaci\u00f3n Autismo Burgos, Simona<\/p>\n","protected":false},"author":1,"featured_media":14401,"comment_status":"open","ping_status":"closed","sticky":false,"template":"","format":"standard","meta":{"footnotes":""},"categories":[224],"tags":[],"class_list":{"0":"post-14400","1":"post","2":"type-post","3":"status-publish","4":"format-standard","5":"has-post-thumbnail","7":"category-noticias-actualidad"},"aioseo_notices":[],"aioseo_head":"\n\t\t<!-- All in One SEO Pro 4.9.6.1 - aioseo.com -->\n\t<meta name=\"description\" content=\"Burgos, 28 may (EFE).- Especialistas en autismo y familiares de afectados, que participan hasta el s\u00e1bado en Burgos en un congreso internacional sobre la enfermedad, han coincidido en pedir un plan espec\u00edfico para atender a las personas con este s\u00edndrome, pues requieren un tratamiento multidisciplinar dise\u00f1ado especialmente. La presidenta de la asociaci\u00f3n Autismo Burgos, Simona\" \/>\n\t<meta name=\"robots\" content=\"max-image-preview:large\" \/>\n\t<meta name=\"author\" content=\"admin\"\/>\n\t<meta name=\"google-site-verification\" content=\"UA-38556648-1\" \/>\n\t<meta name=\"keywords\" content=\"noticias y actualidad\" \/>\n\t<link rel=\"canonical\" href=\"https:\/\/eldigitaldeasturias.com\/magazine365\/expertos-y-familias-piden-en-un-congreso-un-plan-especial-para-el-autismo\/\" \/>\n\t<meta name=\"generator\" content=\"All in One SEO Pro (AIOSEO) 4.9.6.1\" \/>\n\t\t<meta property=\"og:locale\" content=\"es_ES\" \/>\n\t\t<meta property=\"og:site_name\" content=\"El Digital de Asturias \u2013 Revista de ocio, turismo y estilo de vida\" \/>\n\t\t<meta property=\"og:type\" content=\"article\" \/>\n\t\t<meta property=\"og:title\" content=\"Expertos y familias piden en un congreso un plan especial para el autismo | El Digital de Asturias\" \/>\n\t\t<meta property=\"og:description\" content=\"Burgos, 28 may (EFE).- Especialistas en autismo y familiares de afectados, que participan hasta el s\u00e1bado en Burgos en un congreso internacional sobre la enfermedad, han coincidido en pedir un plan espec\u00edfico para atender a las personas con este s\u00edndrome, pues requieren un tratamiento multidisciplinar dise\u00f1ado especialmente. La presidenta de la asociaci\u00f3n Autismo Burgos, Simona\" \/>\n\t\t<meta property=\"og:url\" content=\"https:\/\/eldigitaldeasturias.com\/magazine365\/expertos-y-familias-piden-en-un-congreso-un-plan-especial-para-el-autismo\/\" \/>\n\t\t<meta property=\"og:image\" content=\"https:\/\/eldigitaldeasturias.com\/magazine365\/wp-content\/uploads\/2014\/05\/6315145w.jpg\" \/>\n\t\t<meta property=\"og:image:secure_url\" content=\"https:\/\/eldigitaldeasturias.com\/magazine365\/wp-content\/uploads\/2014\/05\/6315145w.jpg\" \/>\n\t\t<meta property=\"og:image:width\" content=\"800\" \/>\n\t\t<meta property=\"og:image:height\" content=\"557\" \/>\n\t\t<meta property=\"article:published_time\" content=\"2014-05-30T02:22:29+00:00\" \/>\n\t\t<meta property=\"article:modified_time\" content=\"2014-05-30T02:22:46+00:00\" \/>\n\t\t<meta name=\"twitter:card\" content=\"summary_large_image\" \/>\n\t\t<meta name=\"twitter:title\" content=\"Expertos y familias piden en un congreso un plan especial para el autismo | El Digital de Asturias\" \/>\n\t\t<meta name=\"twitter:description\" content=\"Burgos, 28 may (EFE).- Especialistas en autismo y familiares de afectados, que participan hasta el s\u00e1bado en Burgos en un congreso internacional sobre la enfermedad, han coincidido en pedir un plan espec\u00edfico para atender a las personas con este s\u00edndrome, pues requieren un tratamiento multidisciplinar dise\u00f1ado especialmente. La presidenta de la asociaci\u00f3n Autismo Burgos, Simona\" \/>\n\t\t<meta name=\"twitter:image\" content=\"https:\/\/eldigitaldeasturias.com\/magazine365\/wp-content\/uploads\/2014\/05\/6315145w.jpg\" \/>\n\t\t<script type=\"application\/ld+json\" class=\"aioseo-schema\">\n\t\t\t{\"@context\":\"https:\\\/\\\/schema.org\",\"@graph\":[{\"@type\":\"Article\",\"@id\":\"https:\\\/\\\/eldigitaldeasturias.com\\\/magazine365\\\/expertos-y-familias-piden-en-un-congreso-un-plan-especial-para-el-autismo\\\/#article\",\"name\":\"Expertos y familias piden en un congreso un plan especial para el autismo | El Digital de Asturias\",\"headline\":\"Expertos y familias piden en un congreso un plan especial para el autismo\",\"author\":{\"@id\":\"https:\\\/\\\/eldigitaldeasturias.com\\\/magazine365\\\/author\\\/admin\\\/#author\"},\"publisher\":{\"@id\":\"https:\\\/\\\/eldigitaldeasturias.com\\\/magazine365\\\/#organization\"},\"image\":{\"@type\":\"ImageObject\",\"url\":\"https:\\\/\\\/eldigitaldeasturias.com\\\/magazine365\\\/wp-content\\\/uploads\\\/2014\\\/05\\\/6315145w.jpg\",\"width\":800,\"height\":557},\"datePublished\":\"2014-05-30T00:22:29+02:00\",\"dateModified\":\"2014-05-30T00:22:46+02:00\",\"inLanguage\":\"es-ES\",\"mainEntityOfPage\":{\"@id\":\"https:\\\/\\\/eldigitaldeasturias.com\\\/magazine365\\\/expertos-y-familias-piden-en-un-congreso-un-plan-especial-para-el-autismo\\\/#webpage\"},\"isPartOf\":{\"@id\":\"https:\\\/\\\/eldigitaldeasturias.com\\\/magazine365\\\/expertos-y-familias-piden-en-un-congreso-un-plan-especial-para-el-autismo\\\/#webpage\"},\"articleSection\":\"Noticias y Actualidad\"},{\"@type\":\"BreadcrumbList\",\"@id\":\"https:\\\/\\\/eldigitaldeasturias.com\\\/magazine365\\\/expertos-y-familias-piden-en-un-congreso-un-plan-especial-para-el-autismo\\\/#breadcrumblist\",\"itemListElement\":[{\"@type\":\"ListItem\",\"@id\":\"https:\\\/\\\/eldigitaldeasturias.com\\\/magazine365#listItem\",\"position\":1,\"name\":\"Home\",\"item\":\"https:\\\/\\\/eldigitaldeasturias.com\\\/magazine365\",\"nextItem\":{\"@type\":\"ListItem\",\"@id\":\"https:\\\/\\\/eldigitaldeasturias.com\\\/magazine365\\\/category\\\/noticias-actualidad\\\/#listItem\",\"name\":\"Noticias y Actualidad\"}},{\"@type\":\"ListItem\",\"@id\":\"https:\\\/\\\/eldigitaldeasturias.com\\\/magazine365\\\/category\\\/noticias-actualidad\\\/#listItem\",\"position\":2,\"name\":\"Noticias y Actualidad\",\"item\":\"https:\\\/\\\/eldigitaldeasturias.com\\\/magazine365\\\/category\\\/noticias-actualidad\\\/\",\"nextItem\":{\"@type\":\"ListItem\",\"@id\":\"https:\\\/\\\/eldigitaldeasturias.com\\\/magazine365\\\/expertos-y-familias-piden-en-un-congreso-un-plan-especial-para-el-autismo\\\/#listItem\",\"name\":\"Expertos y familias piden en un congreso un plan especial para el autismo\"},\"previousItem\":{\"@type\":\"ListItem\",\"@id\":\"https:\\\/\\\/eldigitaldeasturias.com\\\/magazine365#listItem\",\"name\":\"Home\"}},{\"@type\":\"ListItem\",\"@id\":\"https:\\\/\\\/eldigitaldeasturias.com\\\/magazine365\\\/expertos-y-familias-piden-en-un-congreso-un-plan-especial-para-el-autismo\\\/#listItem\",\"position\":3,\"name\":\"Expertos y familias piden en un congreso un plan especial para el autismo\",\"previousItem\":{\"@type\":\"ListItem\",\"@id\":\"https:\\\/\\\/eldigitaldeasturias.com\\\/magazine365\\\/category\\\/noticias-actualidad\\\/#listItem\",\"name\":\"Noticias y Actualidad\"}}]},{\"@type\":\"Organization\",\"@id\":\"https:\\\/\\\/eldigitaldeasturias.com\\\/magazine365\\\/#organization\",\"name\":\"El digital de Asturias\",\"description\":\"Revista de ocio, turismo y estilo de vida\",\"url\":\"https:\\\/\\\/eldigitaldeasturias.com\\\/magazine365\\\/\",\"logo\":{\"@type\":\"ImageObject\",\"url\":\"https:\\\/\\\/www.eldigitaldeasturias.com\\\/noticias\\\/wp-content\\\/uploads\\\/2020\\\/12\\\/EDA.jpg\",\"@id\":\"https:\\\/\\\/eldigitaldeasturias.com\\\/magazine365\\\/expertos-y-familias-piden-en-un-congreso-un-plan-especial-para-el-autismo\\\/#organizationLogo\"},\"image\":{\"@id\":\"https:\\\/\\\/eldigitaldeasturias.com\\\/magazine365\\\/expertos-y-familias-piden-en-un-congreso-un-plan-especial-para-el-autismo\\\/#organizationLogo\"}},{\"@type\":\"Person\",\"@id\":\"https:\\\/\\\/eldigitaldeasturias.com\\\/magazine365\\\/author\\\/admin\\\/#author\",\"url\":\"https:\\\/\\\/eldigitaldeasturias.com\\\/magazine365\\\/author\\\/admin\\\/\",\"name\":\"admin\",\"image\":{\"@type\":\"ImageObject\",\"@id\":\"https:\\\/\\\/eldigitaldeasturias.com\\\/magazine365\\\/expertos-y-familias-piden-en-un-congreso-un-plan-especial-para-el-autismo\\\/#authorImage\",\"url\":\"https:\\\/\\\/eldigitaldeasturias.com\\\/magazine365\\\/wp-content\\\/litespeed\\\/avatar\\\/e571bcf59a0edd6fa6838245a470f2fe.jpg?ver=1777574230\",\"width\":96,\"height\":96,\"caption\":\"admin\"}},{\"@type\":\"WebPage\",\"@id\":\"https:\\\/\\\/eldigitaldeasturias.com\\\/magazine365\\\/expertos-y-familias-piden-en-un-congreso-un-plan-especial-para-el-autismo\\\/#webpage\",\"url\":\"https:\\\/\\\/eldigitaldeasturias.com\\\/magazine365\\\/expertos-y-familias-piden-en-un-congreso-un-plan-especial-para-el-autismo\\\/\",\"name\":\"Expertos y familias piden en un congreso un plan especial para el autismo | El Digital de Asturias\",\"description\":\"Burgos, 28 may (EFE).- Especialistas en autismo y familiares de afectados, que participan hasta el s\\u00e1bado en Burgos en un congreso internacional sobre la enfermedad, han coincidido en pedir un plan espec\\u00edfico para atender a las personas con este s\\u00edndrome, pues requieren un tratamiento multidisciplinar dise\\u00f1ado especialmente. La presidenta de la asociaci\\u00f3n Autismo Burgos, Simona\",\"inLanguage\":\"es-ES\",\"isPartOf\":{\"@id\":\"https:\\\/\\\/eldigitaldeasturias.com\\\/magazine365\\\/#website\"},\"breadcrumb\":{\"@id\":\"https:\\\/\\\/eldigitaldeasturias.com\\\/magazine365\\\/expertos-y-familias-piden-en-un-congreso-un-plan-especial-para-el-autismo\\\/#breadcrumblist\"},\"author\":{\"@id\":\"https:\\\/\\\/eldigitaldeasturias.com\\\/magazine365\\\/author\\\/admin\\\/#author\"},\"creator\":{\"@id\":\"https:\\\/\\\/eldigitaldeasturias.com\\\/magazine365\\\/author\\\/admin\\\/#author\"},\"image\":{\"@type\":\"ImageObject\",\"url\":\"https:\\\/\\\/eldigitaldeasturias.com\\\/magazine365\\\/wp-content\\\/uploads\\\/2014\\\/05\\\/6315145w.jpg\",\"@id\":\"https:\\\/\\\/eldigitaldeasturias.com\\\/magazine365\\\/expertos-y-familias-piden-en-un-congreso-un-plan-especial-para-el-autismo\\\/#mainImage\",\"width\":800,\"height\":557},\"primaryImageOfPage\":{\"@id\":\"https:\\\/\\\/eldigitaldeasturias.com\\\/magazine365\\\/expertos-y-familias-piden-en-un-congreso-un-plan-especial-para-el-autismo\\\/#mainImage\"},\"datePublished\":\"2014-05-30T00:22:29+02:00\",\"dateModified\":\"2014-05-30T00:22:46+02:00\"},{\"@type\":\"WebSite\",\"@id\":\"https:\\\/\\\/eldigitaldeasturias.com\\\/magazine365\\\/#website\",\"url\":\"https:\\\/\\\/eldigitaldeasturias.com\\\/magazine365\\\/\",\"name\":\"El Digital de Asturias\",\"description\":\"Revista de ocio, turismo y estilo de vida\",\"inLanguage\":\"es-ES\",\"publisher\":{\"@id\":\"https:\\\/\\\/eldigitaldeasturias.com\\\/magazine365\\\/#organization\"}}]}\n\t\t<\/script>\n\t\t<!-- All in One SEO Pro -->\r\n\t\t<title>Expertos y familias piden en un congreso un plan especial para el autismo | El Digital de Asturias<\/title>\n\n","aioseo_head_json":{"title":"Expertos y familias piden en un congreso un plan especial para el autismo | El Digital de Asturias","description":"Burgos, 28 may (EFE).- Especialistas en autismo y familiares de afectados, que participan hasta el s\u00e1bado en Burgos en un congreso internacional sobre la enfermedad, han coincidido en pedir un plan espec\u00edfico para atender a las personas con este s\u00edndrome, pues requieren un tratamiento multidisciplinar dise\u00f1ado especialmente. La presidenta de la asociaci\u00f3n Autismo Burgos, Simona","canonical_url":"https:\/\/eldigitaldeasturias.com\/magazine365\/expertos-y-familias-piden-en-un-congreso-un-plan-especial-para-el-autismo\/","robots":"max-image-preview:large","keywords":"noticias y actualidad","webmasterTools":{"google-site-verification":"UA-38556648-1","miscellaneous":""},"schema":{"@context":"https:\/\/schema.org","@graph":[{"@type":"Article","@id":"https:\/\/eldigitaldeasturias.com\/magazine365\/expertos-y-familias-piden-en-un-congreso-un-plan-especial-para-el-autismo\/#article","name":"Expertos y familias piden en un congreso un plan especial para el autismo | El Digital de Asturias","headline":"Expertos y familias piden en un congreso un plan especial para el autismo","author":{"@id":"https:\/\/eldigitaldeasturias.com\/magazine365\/author\/admin\/#author"},"publisher":{"@id":"https:\/\/eldigitaldeasturias.com\/magazine365\/#organization"},"image":{"@type":"ImageObject","url":"https:\/\/eldigitaldeasturias.com\/magazine365\/wp-content\/uploads\/2014\/05\/6315145w.jpg","width":800,"height":557},"datePublished":"2014-05-30T00:22:29+02:00","dateModified":"2014-05-30T00:22:46+02:00","inLanguage":"es-ES","mainEntityOfPage":{"@id":"https:\/\/eldigitaldeasturias.com\/magazine365\/expertos-y-familias-piden-en-un-congreso-un-plan-especial-para-el-autismo\/#webpage"},"isPartOf":{"@id":"https:\/\/eldigitaldeasturias.com\/magazine365\/expertos-y-familias-piden-en-un-congreso-un-plan-especial-para-el-autismo\/#webpage"},"articleSection":"Noticias y Actualidad"},{"@type":"BreadcrumbList","@id":"https:\/\/eldigitaldeasturias.com\/magazine365\/expertos-y-familias-piden-en-un-congreso-un-plan-especial-para-el-autismo\/#breadcrumblist","itemListElement":[{"@type":"ListItem","@id":"https:\/\/eldigitaldeasturias.com\/magazine365#listItem","position":1,"name":"Home","item":"https:\/\/eldigitaldeasturias.com\/magazine365","nextItem":{"@type":"ListItem","@id":"https:\/\/eldigitaldeasturias.com\/magazine365\/category\/noticias-actualidad\/#listItem","name":"Noticias y Actualidad"}},{"@type":"ListItem","@id":"https:\/\/eldigitaldeasturias.com\/magazine365\/category\/noticias-actualidad\/#listItem","position":2,"name":"Noticias y Actualidad","item":"https:\/\/eldigitaldeasturias.com\/magazine365\/category\/noticias-actualidad\/","nextItem":{"@type":"ListItem","@id":"https:\/\/eldigitaldeasturias.com\/magazine365\/expertos-y-familias-piden-en-un-congreso-un-plan-especial-para-el-autismo\/#listItem","name":"Expertos y familias piden en un congreso un plan especial para el autismo"},"previousItem":{"@type":"ListItem","@id":"https:\/\/eldigitaldeasturias.com\/magazine365#listItem","name":"Home"}},{"@type":"ListItem","@id":"https:\/\/eldigitaldeasturias.com\/magazine365\/expertos-y-familias-piden-en-un-congreso-un-plan-especial-para-el-autismo\/#listItem","position":3,"name":"Expertos y familias piden en un congreso un plan especial para el autismo","previousItem":{"@type":"ListItem","@id":"https:\/\/eldigitaldeasturias.com\/magazine365\/category\/noticias-actualidad\/#listItem","name":"Noticias y Actualidad"}}]},{"@type":"Organization","@id":"https:\/\/eldigitaldeasturias.com\/magazine365\/#organization","name":"El digital de Asturias","description":"Revista de ocio, turismo y estilo de vida","url":"https:\/\/eldigitaldeasturias.com\/magazine365\/","logo":{"@type":"ImageObject","url":"https:\/\/www.eldigitaldeasturias.com\/noticias\/wp-content\/uploads\/2020\/12\/EDA.jpg","@id":"https:\/\/eldigitaldeasturias.com\/magazine365\/expertos-y-familias-piden-en-un-congreso-un-plan-especial-para-el-autismo\/#organizationLogo"},"image":{"@id":"https:\/\/eldigitaldeasturias.com\/magazine365\/expertos-y-familias-piden-en-un-congreso-un-plan-especial-para-el-autismo\/#organizationLogo"}},{"@type":"Person","@id":"https:\/\/eldigitaldeasturias.com\/magazine365\/author\/admin\/#author","url":"https:\/\/eldigitaldeasturias.com\/magazine365\/author\/admin\/","name":"admin","image":{"@type":"ImageObject","@id":"https:\/\/eldigitaldeasturias.com\/magazine365\/expertos-y-familias-piden-en-un-congreso-un-plan-especial-para-el-autismo\/#authorImage","url":"https:\/\/eldigitaldeasturias.com\/magazine365\/wp-content\/litespeed\/avatar\/e571bcf59a0edd6fa6838245a470f2fe.jpg?ver=1777574230","width":96,"height":96,"caption":"admin"}},{"@type":"WebPage","@id":"https:\/\/eldigitaldeasturias.com\/magazine365\/expertos-y-familias-piden-en-un-congreso-un-plan-especial-para-el-autismo\/#webpage","url":"https:\/\/eldigitaldeasturias.com\/magazine365\/expertos-y-familias-piden-en-un-congreso-un-plan-especial-para-el-autismo\/","name":"Expertos y familias piden en un congreso un plan especial para el autismo | El Digital de Asturias","description":"Burgos, 28 may (EFE).- Especialistas en autismo y familiares de afectados, que participan hasta el s\u00e1bado en Burgos en un congreso internacional sobre la enfermedad, han coincidido en pedir un plan espec\u00edfico para atender a las personas con este s\u00edndrome, pues requieren un tratamiento multidisciplinar dise\u00f1ado especialmente. La presidenta de la asociaci\u00f3n Autismo Burgos, Simona","inLanguage":"es-ES","isPartOf":{"@id":"https:\/\/eldigitaldeasturias.com\/magazine365\/#website"},"breadcrumb":{"@id":"https:\/\/eldigitaldeasturias.com\/magazine365\/expertos-y-familias-piden-en-un-congreso-un-plan-especial-para-el-autismo\/#breadcrumblist"},"author":{"@id":"https:\/\/eldigitaldeasturias.com\/magazine365\/author\/admin\/#author"},"creator":{"@id":"https:\/\/eldigitaldeasturias.com\/magazine365\/author\/admin\/#author"},"image":{"@type":"ImageObject","url":"https:\/\/eldigitaldeasturias.com\/magazine365\/wp-content\/uploads\/2014\/05\/6315145w.jpg","@id":"https:\/\/eldigitaldeasturias.com\/magazine365\/expertos-y-familias-piden-en-un-congreso-un-plan-especial-para-el-autismo\/#mainImage","width":800,"height":557},"primaryImageOfPage":{"@id":"https:\/\/eldigitaldeasturias.com\/magazine365\/expertos-y-familias-piden-en-un-congreso-un-plan-especial-para-el-autismo\/#mainImage"},"datePublished":"2014-05-30T00:22:29+02:00","dateModified":"2014-05-30T00:22:46+02:00"},{"@type":"WebSite","@id":"https:\/\/eldigitaldeasturias.com\/magazine365\/#website","url":"https:\/\/eldigitaldeasturias.com\/magazine365\/","name":"El Digital de Asturias","description":"Revista de ocio, turismo y estilo de vida","inLanguage":"es-ES","publisher":{"@id":"https:\/\/eldigitaldeasturias.com\/magazine365\/#organization"}}]},"og:locale":"es_ES","og:site_name":"El Digital de Asturias \u2013 Revista de ocio, turismo y estilo de vida","og:type":"article","og:title":"Expertos y familias piden en un congreso un plan especial para el autismo | El Digital de Asturias","og:description":"Burgos, 28 may (EFE).- Especialistas en autismo y familiares de afectados, que participan hasta el s\u00e1bado en Burgos en un congreso internacional sobre la enfermedad, han coincidido en pedir un plan espec\u00edfico para atender a las personas con este s\u00edndrome, pues requieren un tratamiento multidisciplinar dise\u00f1ado especialmente. La presidenta de la asociaci\u00f3n Autismo Burgos, Simona","og:url":"https:\/\/eldigitaldeasturias.com\/magazine365\/expertos-y-familias-piden-en-un-congreso-un-plan-especial-para-el-autismo\/","og:image":"https:\/\/eldigitaldeasturias.com\/magazine365\/wp-content\/uploads\/2014\/05\/6315145w.jpg","og:image:secure_url":"https:\/\/eldigitaldeasturias.com\/magazine365\/wp-content\/uploads\/2014\/05\/6315145w.jpg","og:image:width":800,"og:image:height":557,"article:published_time":"2014-05-30T02:22:29+00:00","article:modified_time":"2014-05-30T02:22:46+00:00","twitter:card":"summary_large_image","twitter:title":"Expertos y familias piden en un congreso un plan especial para el autismo | El Digital de Asturias","twitter:description":"Burgos, 28 may (EFE).- Especialistas en autismo y familiares de afectados, que participan hasta el s\u00e1bado en Burgos en un congreso internacional sobre la enfermedad, han coincidido en pedir un plan espec\u00edfico para atender a las personas con este s\u00edndrome, pues requieren un tratamiento multidisciplinar dise\u00f1ado especialmente. La presidenta de la asociaci\u00f3n Autismo Burgos, Simona","twitter:image":"https:\/\/eldigitaldeasturias.com\/magazine365\/wp-content\/uploads\/2014\/05\/6315145w.jpg"},"aioseo_meta_data":{"post_id":"14400","title":null,"description":null,"keywords":null,"keyphrases":null,"primary_term":null,"canonical_url":null,"og_title":null,"og_description":null,"og_object_type":"default","og_image_type":"default","og_image_url":null,"og_image_width":null,"og_image_height":null,"og_image_custom_url":null,"og_image_custom_fields":null,"og_video":null,"og_custom_url":null,"og_article_section":null,"og_article_tags":null,"twitter_use_og":false,"twitter_card":"default","twitter_image_type":"default","twitter_image_url":null,"twitter_image_custom_url":null,"twitter_image_custom_fields":null,"twitter_title":null,"twitter_description":null,"schema":{"blockGraphs":[],"customGraphs":[],"default":{"data":{"Article":[],"Course":[],"Dataset":[],"FAQPage":[],"Movie":[],"Person":[],"Product":[],"ProductReview":[],"Car":[],"Recipe":[],"Service":[],"SoftwareApplication":[],"WebPage":[]},"graphName":"","isEnabled":true},"graphs":[],"defaultGraph":"","defaultPostTypeGraph":""},"schema_type":null,"schema_type_options":null,"pillar_content":false,"robots_default":true,"robots_noindex":false,"robots_noarchive":false,"robots_nosnippet":false,"robots_nofollow":false,"robots_noimageindex":false,"robots_noodp":false,"robots_notranslate":false,"robots_max_snippet":null,"robots_max_videopreview":null,"robots_max_imagepreview":"large","priority":null,"frequency":null,"location":null,"local_seo":null,"seo_analyzer_scan_date":"2025-09-17 10:03:56","breadcrumb_settings":null,"limit_modified_date":false,"open_ai":null,"ai":null,"created":"2021-03-09 08:15:40","updated":"2025-09-17 10:03:56"},"aioseo_breadcrumb":"<div class=\"aioseo-breadcrumbs\"><span class=\"aioseo-breadcrumb\">\n\t<a href=\"https:\/\/eldigitaldeasturias.com\/magazine365\" title=\"Home\">Home<\/a>\n<\/span><span class=\"aioseo-breadcrumb-separator\">\u2013<\/span><span class=\"aioseo-breadcrumb\">\n\t<a href=\"https:\/\/eldigitaldeasturias.com\/magazine365\/category\/noticias-actualidad\/\" title=\"Noticias y Actualidad\">Noticias y Actualidad<\/a>\n<\/span><span class=\"aioseo-breadcrumb-separator\">\u2013<\/span><span class=\"aioseo-breadcrumb\">\n\t<a href=\"https:\/\/eldigitaldeasturias.com\/magazine365\/expertos-y-familias-piden-en-un-congreso-un-plan-especial-para-el-autismo\/\" title=\"Expertos y familias piden en un congreso un plan especial para el autismo\">Expertos y familias piden en un congreso un plan especial para el autismo<\/a>\n<\/span><\/div>","aioseo_breadcrumb_json":[{"label":"Home","link":"https:\/\/eldigitaldeasturias.com\/magazine365"},{"label":"Noticias y Actualidad","link":"https:\/\/eldigitaldeasturias.com\/magazine365\/category\/noticias-actualidad\/"},{"label":"Expertos y familias piden en un congreso un plan especial para el autismo","link":"https:\/\/eldigitaldeasturias.com\/magazine365\/expertos-y-familias-piden-en-un-congreso-un-plan-especial-para-el-autismo\/"}],"_links":{"self":[{"href":"https:\/\/eldigitaldeasturias.com\/magazine365\/wp-json\/wp\/v2\/posts\/14400","targetHints":{"allow":["GET"]}}],"collection":[{"href":"https:\/\/eldigitaldeasturias.com\/magazine365\/wp-json\/wp\/v2\/posts"}],"about":[{"href":"https:\/\/eldigitaldeasturias.com\/magazine365\/wp-json\/wp\/v2\/types\/post"}],"author":[{"embeddable":true,"href":"https:\/\/eldigitaldeasturias.com\/magazine365\/wp-json\/wp\/v2\/users\/1"}],"replies":[{"embeddable":true,"href":"https:\/\/eldigitaldeasturias.com\/magazine365\/wp-json\/wp\/v2\/comments?post=14400"}],"version-history":[{"count":0,"href":"https:\/\/eldigitaldeasturias.com\/magazine365\/wp-json\/wp\/v2\/posts\/14400\/revisions"}],"wp:featuredmedia":[{"embeddable":true,"href":"https:\/\/eldigitaldeasturias.com\/magazine365\/wp-json\/wp\/v2\/media\/14401"}],"wp:attachment":[{"href":"https:\/\/eldigitaldeasturias.com\/magazine365\/wp-json\/wp\/v2\/media?parent=14400"}],"wp:term":[{"taxonomy":"category","embeddable":true,"href":"https:\/\/eldigitaldeasturias.com\/magazine365\/wp-json\/wp\/v2\/categories?post=14400"},{"taxonomy":"post_tag","embeddable":true,"href":"https:\/\/eldigitaldeasturias.com\/magazine365\/wp-json\/wp\/v2\/tags?post=14400"}],"curies":[{"name":"wp","href":"https:\/\/api.w.org\/{rel}","templated":true}]}}