{"id":14397,"date":"2014-05-30T00:20:23","date_gmt":"2014-05-30T02:20:23","guid":{"rendered":"http:\/\/eldigitaldeasturias.com\/magazine365\/?p=14397"},"modified":"2014-05-30T00:20:23","modified_gmt":"2014-05-30T02:20:23","slug":"ricky-martin-actuara-el-25-de-julio-en-el-festival-starlite-de-marbella","status":"publish","type":"post","link":"https:\/\/eldigitaldeasturias.com\/magazine365\/ricky-martin-actuara-el-25-de-julio-en-el-festival-starlite-de-marbella\/","title":{"rendered":"Ricky Martin actuar\u00e1 el 25 de julio en el festival Starlite de Marbella"},"content":{"rendered":"<p><img fetchpriority=\"high\" decoding=\"async\" class=\"alignleft size-medium wp-image-14398\" alt=\"6315098w\" src=\"https:\/\/eldigitaldeasturias.com\/magazine365\/wp-content\/uploads\/2014\/05\/6315098w-360x230.jpg\" width=\"360\" height=\"230\" \/>Marbella (M\u00e1laga), 29 may (EFE).- El cantante portorrique\u00f1o Ricky Martin actuar\u00e1 el 25 de julio en el festival de conciertos Starlite, que se celebrar\u00e1 en la localidad malague\u00f1a de Marbella entre el 23 de julio al 23 de agosto, ha anunciado hoy la organizaci\u00f3n del evento.<\/p>\n<p>Martin presentar\u00e1 \u00abun espect\u00e1culo sin precedentes\u00bb en el que \u00abdemostrar\u00e1 el vibrante e indiscutible carisma\u00bb que, seg\u00fan un comunicado de Starlite, le han convertido en uno de los m\u00e1s admirados de su generaci\u00f3n.<\/p>\n<p>La confirmaci\u00f3n de Martin en el festival musical de Marbella cierra un cartel en el que destacan otros artistas de reconocido prestigio internacional, como Julio Iglesias, Alejandro Sanz, Josep Carreras o Tom Jones.<\/p>\n<p>Martin ha vendido m\u00e1s de 70 millones de discos en el mundo y logrado 95 discos de platino y 40 de oro, adem\u00e1s de los premios m\u00e1s importantes del \u00e1mbito musical, como un Grammy, tres Grammy Latinos, un Billboard de la M\u00fasica Latina y dos American Music Awards.<\/p>\n<p>Recientemente ha estrenado el v\u00eddeo oficial de \u00abVida\u00bb, la canci\u00f3n ganadora de \u00abSuperSong\u00bb de FIFA y Sony, que se incluye en el \u00e1lbum oficial de la Copa Mundial de FIFA 2014, que se celebrar\u00e1 en Brasil. El v\u00eddeo ha obtenido m\u00e1s de once millones de visitas en YouTube en las tres semanas que han transcurrido desde su estreno.<\/p>\n","protected":false},"excerpt":{"rendered":"<p>Marbella (M\u00e1laga), 29 may (EFE).- El cantante portorrique\u00f1o Ricky Martin actuar\u00e1 el 25 de julio en el festival de conciertos Starlite, que se celebrar\u00e1 en la localidad malague\u00f1a de Marbella entre el 23 de julio al 23 de agosto, ha anunciado hoy la organizaci\u00f3n del evento. Martin presentar\u00e1 \u00abun espect\u00e1culo sin precedentes\u00bb en el que<\/p>\n","protected":false},"author":1,"featured_media":14398,"comment_status":"open","ping_status":"closed","sticky":false,"template":"","format":"standard","meta":{"footnotes":""},"categories":[224],"tags":[],"class_list":{"0":"post-14397","1":"post","2":"type-post","3":"status-publish","4":"format-standard","5":"has-post-thumbnail","7":"category-noticias-actualidad"},"aioseo_notices":[],"aioseo_head":"\n\t\t<!-- All in One SEO Pro 4.9.6.1 - aioseo.com -->\n\t<meta name=\"description\" content=\"Marbella (M\u00e1laga), 29 may (EFE).- El cantante portorrique\u00f1o Ricky Martin actuar\u00e1 el 25 de julio en el festival de conciertos Starlite, que se celebrar\u00e1 en la localidad malague\u00f1a de Marbella entre el 23 de julio al 23 de agosto, ha anunciado hoy la organizaci\u00f3n del evento. Martin presentar\u00e1 &quot;un espect\u00e1culo sin precedentes&quot; en el que\" \/>\n\t<meta name=\"robots\" content=\"max-image-preview:large\" \/>\n\t<meta name=\"author\" content=\"admin\"\/>\n\t<meta name=\"google-site-verification\" content=\"UA-38556648-1\" \/>\n\t<meta name=\"keywords\" content=\"noticias y actualidad\" \/>\n\t<link rel=\"canonical\" href=\"https:\/\/eldigitaldeasturias.com\/magazine365\/ricky-martin-actuara-el-25-de-julio-en-el-festival-starlite-de-marbella\/\" \/>\n\t<meta name=\"generator\" content=\"All in One SEO Pro (AIOSEO) 4.9.6.1\" \/>\n\t\t<meta property=\"og:locale\" content=\"es_ES\" \/>\n\t\t<meta property=\"og:site_name\" content=\"El Digital de Asturias \u2013 Revista de ocio, turismo y estilo de vida\" \/>\n\t\t<meta property=\"og:type\" content=\"article\" \/>\n\t\t<meta property=\"og:title\" content=\"Ricky Martin actuar\u00e1 el 25 de julio en el festival Starlite de Marbella | El Digital de Asturias\" \/>\n\t\t<meta property=\"og:description\" content=\"Marbella (M\u00e1laga), 29 may (EFE).- El cantante portorrique\u00f1o Ricky Martin actuar\u00e1 el 25 de julio en el festival de conciertos Starlite, que se celebrar\u00e1 en la localidad malague\u00f1a de Marbella entre el 23 de julio al 23 de agosto, ha anunciado hoy la organizaci\u00f3n del evento. Martin presentar\u00e1 &quot;un espect\u00e1culo sin precedentes&quot; en el que\" \/>\n\t\t<meta property=\"og:url\" content=\"https:\/\/eldigitaldeasturias.com\/magazine365\/ricky-martin-actuara-el-25-de-julio-en-el-festival-starlite-de-marbella\/\" \/>\n\t\t<meta property=\"og:image\" content=\"https:\/\/eldigitaldeasturias.com\/magazine365\/wp-content\/uploads\/2014\/05\/6315098w.jpg\" \/>\n\t\t<meta property=\"og:image:secure_url\" content=\"https:\/\/eldigitaldeasturias.com\/magazine365\/wp-content\/uploads\/2014\/05\/6315098w.jpg\" \/>\n\t\t<meta property=\"og:image:width\" content=\"800\" \/>\n\t\t<meta property=\"og:image:height\" content=\"513\" \/>\n\t\t<meta property=\"article:published_time\" content=\"2014-05-30T02:20:23+00:00\" \/>\n\t\t<meta property=\"article:modified_time\" content=\"2014-05-30T02:20:23+00:00\" \/>\n\t\t<meta name=\"twitter:card\" content=\"summary_large_image\" \/>\n\t\t<meta name=\"twitter:title\" content=\"Ricky Martin actuar\u00e1 el 25 de julio en el festival Starlite de Marbella | El Digital de Asturias\" \/>\n\t\t<meta name=\"twitter:description\" content=\"Marbella (M\u00e1laga), 29 may (EFE).- El cantante portorrique\u00f1o Ricky Martin actuar\u00e1 el 25 de julio en el festival de conciertos Starlite, que se celebrar\u00e1 en la localidad malague\u00f1a de Marbella entre el 23 de julio al 23 de agosto, ha anunciado hoy la organizaci\u00f3n del evento. Martin presentar\u00e1 &quot;un espect\u00e1culo sin precedentes&quot; en el que\" \/>\n\t\t<meta name=\"twitter:image\" content=\"https:\/\/eldigitaldeasturias.com\/magazine365\/wp-content\/uploads\/2014\/05\/6315098w.jpg\" \/>\n\t\t<script type=\"application\/ld+json\" class=\"aioseo-schema\">\n\t\t\t{\"@context\":\"https:\\\/\\\/schema.org\",\"@graph\":[{\"@type\":\"Article\",\"@id\":\"https:\\\/\\\/eldigitaldeasturias.com\\\/magazine365\\\/ricky-martin-actuara-el-25-de-julio-en-el-festival-starlite-de-marbella\\\/#article\",\"name\":\"Ricky Martin actuar\\u00e1 el 25 de julio en el festival Starlite de Marbella | El Digital de Asturias\",\"headline\":\"Ricky Martin actuar\\u00e1 el 25 de julio en el festival Starlite de Marbella\",\"author\":{\"@id\":\"https:\\\/\\\/eldigitaldeasturias.com\\\/magazine365\\\/author\\\/admin\\\/#author\"},\"publisher\":{\"@id\":\"https:\\\/\\\/eldigitaldeasturias.com\\\/magazine365\\\/#organization\"},\"image\":{\"@type\":\"ImageObject\",\"url\":\"https:\\\/\\\/eldigitaldeasturias.com\\\/magazine365\\\/wp-content\\\/uploads\\\/2014\\\/05\\\/6315098w.jpg\",\"width\":800,\"height\":513},\"datePublished\":\"2014-05-30T00:20:23+02:00\",\"dateModified\":\"2014-05-30T00:20:23+02:00\",\"inLanguage\":\"es-ES\",\"mainEntityOfPage\":{\"@id\":\"https:\\\/\\\/eldigitaldeasturias.com\\\/magazine365\\\/ricky-martin-actuara-el-25-de-julio-en-el-festival-starlite-de-marbella\\\/#webpage\"},\"isPartOf\":{\"@id\":\"https:\\\/\\\/eldigitaldeasturias.com\\\/magazine365\\\/ricky-martin-actuara-el-25-de-julio-en-el-festival-starlite-de-marbella\\\/#webpage\"},\"articleSection\":\"Noticias y Actualidad\"},{\"@type\":\"BreadcrumbList\",\"@id\":\"https:\\\/\\\/eldigitaldeasturias.com\\\/magazine365\\\/ricky-martin-actuara-el-25-de-julio-en-el-festival-starlite-de-marbella\\\/#breadcrumblist\",\"itemListElement\":[{\"@type\":\"ListItem\",\"@id\":\"https:\\\/\\\/eldigitaldeasturias.com\\\/magazine365#listItem\",\"position\":1,\"name\":\"Home\",\"item\":\"https:\\\/\\\/eldigitaldeasturias.com\\\/magazine365\",\"nextItem\":{\"@type\":\"ListItem\",\"@id\":\"https:\\\/\\\/eldigitaldeasturias.com\\\/magazine365\\\/category\\\/noticias-actualidad\\\/#listItem\",\"name\":\"Noticias y Actualidad\"}},{\"@type\":\"ListItem\",\"@id\":\"https:\\\/\\\/eldigitaldeasturias.com\\\/magazine365\\\/category\\\/noticias-actualidad\\\/#listItem\",\"position\":2,\"name\":\"Noticias y Actualidad\",\"item\":\"https:\\\/\\\/eldigitaldeasturias.com\\\/magazine365\\\/category\\\/noticias-actualidad\\\/\",\"nextItem\":{\"@type\":\"ListItem\",\"@id\":\"https:\\\/\\\/eldigitaldeasturias.com\\\/magazine365\\\/ricky-martin-actuara-el-25-de-julio-en-el-festival-starlite-de-marbella\\\/#listItem\",\"name\":\"Ricky Martin actuar\\u00e1 el 25 de julio en el festival Starlite de Marbella\"},\"previousItem\":{\"@type\":\"ListItem\",\"@id\":\"https:\\\/\\\/eldigitaldeasturias.com\\\/magazine365#listItem\",\"name\":\"Home\"}},{\"@type\":\"ListItem\",\"@id\":\"https:\\\/\\\/eldigitaldeasturias.com\\\/magazine365\\\/ricky-martin-actuara-el-25-de-julio-en-el-festival-starlite-de-marbella\\\/#listItem\",\"position\":3,\"name\":\"Ricky Martin actuar\\u00e1 el 25 de julio en el festival Starlite de Marbella\",\"previousItem\":{\"@type\":\"ListItem\",\"@id\":\"https:\\\/\\\/eldigitaldeasturias.com\\\/magazine365\\\/category\\\/noticias-actualidad\\\/#listItem\",\"name\":\"Noticias y Actualidad\"}}]},{\"@type\":\"Organization\",\"@id\":\"https:\\\/\\\/eldigitaldeasturias.com\\\/magazine365\\\/#organization\",\"name\":\"El digital de Asturias\",\"description\":\"Revista de ocio, turismo y estilo de vida\",\"url\":\"https:\\\/\\\/eldigitaldeasturias.com\\\/magazine365\\\/\",\"logo\":{\"@type\":\"ImageObject\",\"url\":\"https:\\\/\\\/www.eldigitaldeasturias.com\\\/noticias\\\/wp-content\\\/uploads\\\/2020\\\/12\\\/EDA.jpg\",\"@id\":\"https:\\\/\\\/eldigitaldeasturias.com\\\/magazine365\\\/ricky-martin-actuara-el-25-de-julio-en-el-festival-starlite-de-marbella\\\/#organizationLogo\"},\"image\":{\"@id\":\"https:\\\/\\\/eldigitaldeasturias.com\\\/magazine365\\\/ricky-martin-actuara-el-25-de-julio-en-el-festival-starlite-de-marbella\\\/#organizationLogo\"}},{\"@type\":\"Person\",\"@id\":\"https:\\\/\\\/eldigitaldeasturias.com\\\/magazine365\\\/author\\\/admin\\\/#author\",\"url\":\"https:\\\/\\\/eldigitaldeasturias.com\\\/magazine365\\\/author\\\/admin\\\/\",\"name\":\"admin\",\"image\":{\"@type\":\"ImageObject\",\"@id\":\"https:\\\/\\\/eldigitaldeasturias.com\\\/magazine365\\\/ricky-martin-actuara-el-25-de-julio-en-el-festival-starlite-de-marbella\\\/#authorImage\",\"url\":\"https:\\\/\\\/eldigitaldeasturias.com\\\/magazine365\\\/wp-content\\\/litespeed\\\/avatar\\\/e571bcf59a0edd6fa6838245a470f2fe.jpg?ver=1777574230\",\"width\":96,\"height\":96,\"caption\":\"admin\"}},{\"@type\":\"WebPage\",\"@id\":\"https:\\\/\\\/eldigitaldeasturias.com\\\/magazine365\\\/ricky-martin-actuara-el-25-de-julio-en-el-festival-starlite-de-marbella\\\/#webpage\",\"url\":\"https:\\\/\\\/eldigitaldeasturias.com\\\/magazine365\\\/ricky-martin-actuara-el-25-de-julio-en-el-festival-starlite-de-marbella\\\/\",\"name\":\"Ricky Martin actuar\\u00e1 el 25 de julio en el festival Starlite de Marbella | El Digital de Asturias\",\"description\":\"Marbella (M\\u00e1laga), 29 may (EFE).- El cantante portorrique\\u00f1o Ricky Martin actuar\\u00e1 el 25 de julio en el festival de conciertos Starlite, que se celebrar\\u00e1 en la localidad malague\\u00f1a de Marbella entre el 23 de julio al 23 de agosto, ha anunciado hoy la organizaci\\u00f3n del evento. Martin presentar\\u00e1 \\\"un espect\\u00e1culo sin precedentes\\\" en el que\",\"inLanguage\":\"es-ES\",\"isPartOf\":{\"@id\":\"https:\\\/\\\/eldigitaldeasturias.com\\\/magazine365\\\/#website\"},\"breadcrumb\":{\"@id\":\"https:\\\/\\\/eldigitaldeasturias.com\\\/magazine365\\\/ricky-martin-actuara-el-25-de-julio-en-el-festival-starlite-de-marbella\\\/#breadcrumblist\"},\"author\":{\"@id\":\"https:\\\/\\\/eldigitaldeasturias.com\\\/magazine365\\\/author\\\/admin\\\/#author\"},\"creator\":{\"@id\":\"https:\\\/\\\/eldigitaldeasturias.com\\\/magazine365\\\/author\\\/admin\\\/#author\"},\"image\":{\"@type\":\"ImageObject\",\"url\":\"https:\\\/\\\/eldigitaldeasturias.com\\\/magazine365\\\/wp-content\\\/uploads\\\/2014\\\/05\\\/6315098w.jpg\",\"@id\":\"https:\\\/\\\/eldigitaldeasturias.com\\\/magazine365\\\/ricky-martin-actuara-el-25-de-julio-en-el-festival-starlite-de-marbella\\\/#mainImage\",\"width\":800,\"height\":513},\"primaryImageOfPage\":{\"@id\":\"https:\\\/\\\/eldigitaldeasturias.com\\\/magazine365\\\/ricky-martin-actuara-el-25-de-julio-en-el-festival-starlite-de-marbella\\\/#mainImage\"},\"datePublished\":\"2014-05-30T00:20:23+02:00\",\"dateModified\":\"2014-05-30T00:20:23+02:00\"},{\"@type\":\"WebSite\",\"@id\":\"https:\\\/\\\/eldigitaldeasturias.com\\\/magazine365\\\/#website\",\"url\":\"https:\\\/\\\/eldigitaldeasturias.com\\\/magazine365\\\/\",\"name\":\"El Digital de Asturias\",\"description\":\"Revista de ocio, turismo y estilo de vida\",\"inLanguage\":\"es-ES\",\"publisher\":{\"@id\":\"https:\\\/\\\/eldigitaldeasturias.com\\\/magazine365\\\/#organization\"}}]}\n\t\t<\/script>\n\t\t<!-- All in One SEO Pro -->\r\n\t\t<title>Ricky Martin actuar\u00e1 el 25 de julio en el festival Starlite de Marbella | El Digital de Asturias<\/title>\n\n","aioseo_head_json":{"title":"Ricky Martin actuar\u00e1 el 25 de julio en el festival Starlite de Marbella | El Digital de Asturias","description":"Marbella (M\u00e1laga), 29 may (EFE).- El cantante portorrique\u00f1o Ricky Martin actuar\u00e1 el 25 de julio en el festival de conciertos Starlite, que se celebrar\u00e1 en la localidad malague\u00f1a de Marbella entre el 23 de julio al 23 de agosto, ha anunciado hoy la organizaci\u00f3n del evento. Martin presentar\u00e1 \"un espect\u00e1culo sin precedentes\" en el que","canonical_url":"https:\/\/eldigitaldeasturias.com\/magazine365\/ricky-martin-actuara-el-25-de-julio-en-el-festival-starlite-de-marbella\/","robots":"max-image-preview:large","keywords":"noticias y actualidad","webmasterTools":{"google-site-verification":"UA-38556648-1","miscellaneous":""},"schema":{"@context":"https:\/\/schema.org","@graph":[{"@type":"Article","@id":"https:\/\/eldigitaldeasturias.com\/magazine365\/ricky-martin-actuara-el-25-de-julio-en-el-festival-starlite-de-marbella\/#article","name":"Ricky Martin actuar\u00e1 el 25 de julio en el festival Starlite de Marbella | El Digital de Asturias","headline":"Ricky Martin actuar\u00e1 el 25 de julio en el festival Starlite de Marbella","author":{"@id":"https:\/\/eldigitaldeasturias.com\/magazine365\/author\/admin\/#author"},"publisher":{"@id":"https:\/\/eldigitaldeasturias.com\/magazine365\/#organization"},"image":{"@type":"ImageObject","url":"https:\/\/eldigitaldeasturias.com\/magazine365\/wp-content\/uploads\/2014\/05\/6315098w.jpg","width":800,"height":513},"datePublished":"2014-05-30T00:20:23+02:00","dateModified":"2014-05-30T00:20:23+02:00","inLanguage":"es-ES","mainEntityOfPage":{"@id":"https:\/\/eldigitaldeasturias.com\/magazine365\/ricky-martin-actuara-el-25-de-julio-en-el-festival-starlite-de-marbella\/#webpage"},"isPartOf":{"@id":"https:\/\/eldigitaldeasturias.com\/magazine365\/ricky-martin-actuara-el-25-de-julio-en-el-festival-starlite-de-marbella\/#webpage"},"articleSection":"Noticias y Actualidad"},{"@type":"BreadcrumbList","@id":"https:\/\/eldigitaldeasturias.com\/magazine365\/ricky-martin-actuara-el-25-de-julio-en-el-festival-starlite-de-marbella\/#breadcrumblist","itemListElement":[{"@type":"ListItem","@id":"https:\/\/eldigitaldeasturias.com\/magazine365#listItem","position":1,"name":"Home","item":"https:\/\/eldigitaldeasturias.com\/magazine365","nextItem":{"@type":"ListItem","@id":"https:\/\/eldigitaldeasturias.com\/magazine365\/category\/noticias-actualidad\/#listItem","name":"Noticias y Actualidad"}},{"@type":"ListItem","@id":"https:\/\/eldigitaldeasturias.com\/magazine365\/category\/noticias-actualidad\/#listItem","position":2,"name":"Noticias y Actualidad","item":"https:\/\/eldigitaldeasturias.com\/magazine365\/category\/noticias-actualidad\/","nextItem":{"@type":"ListItem","@id":"https:\/\/eldigitaldeasturias.com\/magazine365\/ricky-martin-actuara-el-25-de-julio-en-el-festival-starlite-de-marbella\/#listItem","name":"Ricky Martin actuar\u00e1 el 25 de julio en el festival Starlite de Marbella"},"previousItem":{"@type":"ListItem","@id":"https:\/\/eldigitaldeasturias.com\/magazine365#listItem","name":"Home"}},{"@type":"ListItem","@id":"https:\/\/eldigitaldeasturias.com\/magazine365\/ricky-martin-actuara-el-25-de-julio-en-el-festival-starlite-de-marbella\/#listItem","position":3,"name":"Ricky Martin actuar\u00e1 el 25 de julio en el festival Starlite de Marbella","previousItem":{"@type":"ListItem","@id":"https:\/\/eldigitaldeasturias.com\/magazine365\/category\/noticias-actualidad\/#listItem","name":"Noticias y Actualidad"}}]},{"@type":"Organization","@id":"https:\/\/eldigitaldeasturias.com\/magazine365\/#organization","name":"El digital de Asturias","description":"Revista de ocio, turismo y estilo de vida","url":"https:\/\/eldigitaldeasturias.com\/magazine365\/","logo":{"@type":"ImageObject","url":"https:\/\/www.eldigitaldeasturias.com\/noticias\/wp-content\/uploads\/2020\/12\/EDA.jpg","@id":"https:\/\/eldigitaldeasturias.com\/magazine365\/ricky-martin-actuara-el-25-de-julio-en-el-festival-starlite-de-marbella\/#organizationLogo"},"image":{"@id":"https:\/\/eldigitaldeasturias.com\/magazine365\/ricky-martin-actuara-el-25-de-julio-en-el-festival-starlite-de-marbella\/#organizationLogo"}},{"@type":"Person","@id":"https:\/\/eldigitaldeasturias.com\/magazine365\/author\/admin\/#author","url":"https:\/\/eldigitaldeasturias.com\/magazine365\/author\/admin\/","name":"admin","image":{"@type":"ImageObject","@id":"https:\/\/eldigitaldeasturias.com\/magazine365\/ricky-martin-actuara-el-25-de-julio-en-el-festival-starlite-de-marbella\/#authorImage","url":"https:\/\/eldigitaldeasturias.com\/magazine365\/wp-content\/litespeed\/avatar\/e571bcf59a0edd6fa6838245a470f2fe.jpg?ver=1777574230","width":96,"height":96,"caption":"admin"}},{"@type":"WebPage","@id":"https:\/\/eldigitaldeasturias.com\/magazine365\/ricky-martin-actuara-el-25-de-julio-en-el-festival-starlite-de-marbella\/#webpage","url":"https:\/\/eldigitaldeasturias.com\/magazine365\/ricky-martin-actuara-el-25-de-julio-en-el-festival-starlite-de-marbella\/","name":"Ricky Martin actuar\u00e1 el 25 de julio en el festival Starlite de Marbella | El Digital de Asturias","description":"Marbella (M\u00e1laga), 29 may (EFE).- El cantante portorrique\u00f1o Ricky Martin actuar\u00e1 el 25 de julio en el festival de conciertos Starlite, que se celebrar\u00e1 en la localidad malague\u00f1a de Marbella entre el 23 de julio al 23 de agosto, ha anunciado hoy la organizaci\u00f3n del evento. Martin presentar\u00e1 \"un espect\u00e1culo sin precedentes\" en el que","inLanguage":"es-ES","isPartOf":{"@id":"https:\/\/eldigitaldeasturias.com\/magazine365\/#website"},"breadcrumb":{"@id":"https:\/\/eldigitaldeasturias.com\/magazine365\/ricky-martin-actuara-el-25-de-julio-en-el-festival-starlite-de-marbella\/#breadcrumblist"},"author":{"@id":"https:\/\/eldigitaldeasturias.com\/magazine365\/author\/admin\/#author"},"creator":{"@id":"https:\/\/eldigitaldeasturias.com\/magazine365\/author\/admin\/#author"},"image":{"@type":"ImageObject","url":"https:\/\/eldigitaldeasturias.com\/magazine365\/wp-content\/uploads\/2014\/05\/6315098w.jpg","@id":"https:\/\/eldigitaldeasturias.com\/magazine365\/ricky-martin-actuara-el-25-de-julio-en-el-festival-starlite-de-marbella\/#mainImage","width":800,"height":513},"primaryImageOfPage":{"@id":"https:\/\/eldigitaldeasturias.com\/magazine365\/ricky-martin-actuara-el-25-de-julio-en-el-festival-starlite-de-marbella\/#mainImage"},"datePublished":"2014-05-30T00:20:23+02:00","dateModified":"2014-05-30T00:20:23+02:00"},{"@type":"WebSite","@id":"https:\/\/eldigitaldeasturias.com\/magazine365\/#website","url":"https:\/\/eldigitaldeasturias.com\/magazine365\/","name":"El Digital de Asturias","description":"Revista de ocio, turismo y estilo de vida","inLanguage":"es-ES","publisher":{"@id":"https:\/\/eldigitaldeasturias.com\/magazine365\/#organization"}}]},"og:locale":"es_ES","og:site_name":"El Digital de Asturias \u2013 Revista de ocio, turismo y estilo de vida","og:type":"article","og:title":"Ricky Martin actuar\u00e1 el 25 de julio en el festival Starlite de Marbella | El Digital de Asturias","og:description":"Marbella (M\u00e1laga), 29 may (EFE).- El cantante portorrique\u00f1o Ricky Martin actuar\u00e1 el 25 de julio en el festival de conciertos Starlite, que se celebrar\u00e1 en la localidad malague\u00f1a de Marbella entre el 23 de julio al 23 de agosto, ha anunciado hoy la organizaci\u00f3n del evento. Martin presentar\u00e1 &quot;un espect\u00e1culo sin precedentes&quot; en el que","og:url":"https:\/\/eldigitaldeasturias.com\/magazine365\/ricky-martin-actuara-el-25-de-julio-en-el-festival-starlite-de-marbella\/","og:image":"https:\/\/eldigitaldeasturias.com\/magazine365\/wp-content\/uploads\/2014\/05\/6315098w.jpg","og:image:secure_url":"https:\/\/eldigitaldeasturias.com\/magazine365\/wp-content\/uploads\/2014\/05\/6315098w.jpg","og:image:width":800,"og:image:height":513,"article:published_time":"2014-05-30T02:20:23+00:00","article:modified_time":"2014-05-30T02:20:23+00:00","twitter:card":"summary_large_image","twitter:title":"Ricky Martin actuar\u00e1 el 25 de julio en el festival Starlite de Marbella | El Digital de Asturias","twitter:description":"Marbella (M\u00e1laga), 29 may (EFE).- El cantante portorrique\u00f1o Ricky Martin actuar\u00e1 el 25 de julio en el festival de conciertos Starlite, que se celebrar\u00e1 en la localidad malague\u00f1a de Marbella entre el 23 de julio al 23 de agosto, ha anunciado hoy la organizaci\u00f3n del evento. Martin presentar\u00e1 &quot;un espect\u00e1culo sin precedentes&quot; en el que","twitter:image":"https:\/\/eldigitaldeasturias.com\/magazine365\/wp-content\/uploads\/2014\/05\/6315098w.jpg"},"aioseo_meta_data":{"post_id":"14397","title":null,"description":null,"keywords":null,"keyphrases":null,"primary_term":null,"canonical_url":null,"og_title":null,"og_description":null,"og_object_type":"default","og_image_type":"default","og_image_url":null,"og_image_width":null,"og_image_height":null,"og_image_custom_url":null,"og_image_custom_fields":null,"og_video":null,"og_custom_url":null,"og_article_section":null,"og_article_tags":null,"twitter_use_og":false,"twitter_card":"default","twitter_image_type":"default","twitter_image_url":null,"twitter_image_custom_url":null,"twitter_image_custom_fields":null,"twitter_title":null,"twitter_description":null,"schema":{"blockGraphs":[],"customGraphs":[],"default":{"data":{"Article":[],"Course":[],"Dataset":[],"FAQPage":[],"Movie":[],"Person":[],"Product":[],"ProductReview":[],"Car":[],"Recipe":[],"Service":[],"SoftwareApplication":[],"WebPage":[]},"graphName":"","isEnabled":true},"graphs":[],"defaultGraph":"","defaultPostTypeGraph":""},"schema_type":null,"schema_type_options":null,"pillar_content":false,"robots_default":true,"robots_noindex":false,"robots_noarchive":false,"robots_nosnippet":false,"robots_nofollow":false,"robots_noimageindex":false,"robots_noodp":false,"robots_notranslate":false,"robots_max_snippet":null,"robots_max_videopreview":null,"robots_max_imagepreview":"large","priority":null,"frequency":null,"location":null,"local_seo":null,"seo_analyzer_scan_date":"2025-09-17 10:02:44","breadcrumb_settings":null,"limit_modified_date":false,"open_ai":null,"ai":null,"created":"2021-03-09 08:15:40","updated":"2025-09-17 10:02:44"},"aioseo_breadcrumb":"<div class=\"aioseo-breadcrumbs\"><span class=\"aioseo-breadcrumb\">\n\t<a href=\"https:\/\/eldigitaldeasturias.com\/magazine365\" title=\"Home\">Home<\/a>\n<\/span><span class=\"aioseo-breadcrumb-separator\">\u2013<\/span><span class=\"aioseo-breadcrumb\">\n\t<a href=\"https:\/\/eldigitaldeasturias.com\/magazine365\/category\/noticias-actualidad\/\" title=\"Noticias y Actualidad\">Noticias y Actualidad<\/a>\n<\/span><span class=\"aioseo-breadcrumb-separator\">\u2013<\/span><span class=\"aioseo-breadcrumb\">\n\t<a href=\"https:\/\/eldigitaldeasturias.com\/magazine365\/ricky-martin-actuara-el-25-de-julio-en-el-festival-starlite-de-marbella\/\" title=\"Ricky Martin actuar\u00e1 el 25 de julio en el festival Starlite de Marbella\">Ricky Martin actuar\u00e1 el 25 de julio en el festival Starlite de Marbella<\/a>\n<\/span><\/div>","aioseo_breadcrumb_json":[{"label":"Home","link":"https:\/\/eldigitaldeasturias.com\/magazine365"},{"label":"Noticias y Actualidad","link":"https:\/\/eldigitaldeasturias.com\/magazine365\/category\/noticias-actualidad\/"},{"label":"Ricky Martin actuar\u00e1 el 25 de julio en el festival Starlite de Marbella","link":"https:\/\/eldigitaldeasturias.com\/magazine365\/ricky-martin-actuara-el-25-de-julio-en-el-festival-starlite-de-marbella\/"}],"_links":{"self":[{"href":"https:\/\/eldigitaldeasturias.com\/magazine365\/wp-json\/wp\/v2\/posts\/14397","targetHints":{"allow":["GET"]}}],"collection":[{"href":"https:\/\/eldigitaldeasturias.com\/magazine365\/wp-json\/wp\/v2\/posts"}],"about":[{"href":"https:\/\/eldigitaldeasturias.com\/magazine365\/wp-json\/wp\/v2\/types\/post"}],"author":[{"embeddable":true,"href":"https:\/\/eldigitaldeasturias.com\/magazine365\/wp-json\/wp\/v2\/users\/1"}],"replies":[{"embeddable":true,"href":"https:\/\/eldigitaldeasturias.com\/magazine365\/wp-json\/wp\/v2\/comments?post=14397"}],"version-history":[{"count":0,"href":"https:\/\/eldigitaldeasturias.com\/magazine365\/wp-json\/wp\/v2\/posts\/14397\/revisions"}],"wp:featuredmedia":[{"embeddable":true,"href":"https:\/\/eldigitaldeasturias.com\/magazine365\/wp-json\/wp\/v2\/media\/14398"}],"wp:attachment":[{"href":"https:\/\/eldigitaldeasturias.com\/magazine365\/wp-json\/wp\/v2\/media?parent=14397"}],"wp:term":[{"taxonomy":"category","embeddable":true,"href":"https:\/\/eldigitaldeasturias.com\/magazine365\/wp-json\/wp\/v2\/categories?post=14397"},{"taxonomy":"post_tag","embeddable":true,"href":"https:\/\/eldigitaldeasturias.com\/magazine365\/wp-json\/wp\/v2\/tags?post=14397"}],"curies":[{"name":"wp","href":"https:\/\/api.w.org\/{rel}","templated":true}]}}