{"id":14394,"date":"2014-05-30T00:14:22","date_gmt":"2014-05-30T02:14:22","guid":{"rendered":"http:\/\/eldigitaldeasturias.com\/magazine365\/?p=14394"},"modified":"2014-05-30T00:14:22","modified_gmt":"2014-05-30T02:14:22","slug":"cerveceros-vigueses-crean-la-celtina-para-participar-en-el-art-beer-fest","status":"publish","type":"post","link":"https:\/\/eldigitaldeasturias.com\/magazine365\/cerveceros-vigueses-crean-la-celtina-para-participar-en-el-art-beer-fest\/","title":{"rendered":"Cerveceros vigueses crean la Celti\u00f1a para participar en el Art Beer Fest"},"content":{"rendered":"<p><img fetchpriority=\"high\" decoding=\"async\" class=\"alignleft size-medium wp-image-14395\" alt=\"6315094w\" src=\"https:\/\/eldigitaldeasturias.com\/magazine365\/wp-content\/uploads\/2014\/05\/6315094w-360x249.jpg\" width=\"360\" height=\"249\" srcset=\"https:\/\/eldigitaldeasturias.com\/magazine365\/wp-content\/uploads\/2014\/05\/6315094w-360x249.jpg 360w, https:\/\/eldigitaldeasturias.com\/magazine365\/wp-content\/uploads\/2014\/05\/6315094w-650x450.jpg 650w, https:\/\/eldigitaldeasturias.com\/magazine365\/wp-content\/uploads\/2014\/05\/6315094w-768x532.jpg 768w, https:\/\/eldigitaldeasturias.com\/magazine365\/wp-content\/uploads\/2014\/05\/6315094w-150x104.jpg 150w, https:\/\/eldigitaldeasturias.com\/magazine365\/wp-content\/uploads\/2014\/05\/6315094w-450x312.jpg 450w, https:\/\/eldigitaldeasturias.com\/magazine365\/wp-content\/uploads\/2014\/05\/6315094w-100x70.jpg 100w, https:\/\/eldigitaldeasturias.com\/magazine365\/wp-content\/uploads\/2014\/05\/6315094w-218x150.jpg 218w, https:\/\/eldigitaldeasturias.com\/magazine365\/wp-content\/uploads\/2014\/05\/6315094w-696x482.jpg 696w, https:\/\/eldigitaldeasturias.com\/magazine365\/wp-content\/uploads\/2014\/05\/6315094w-606x420.jpg 606w, https:\/\/eldigitaldeasturias.com\/magazine365\/wp-content\/uploads\/2014\/05\/6315094w.jpg 800w\" sizes=\"(max-width: 360px) 100vw, 360px\" \/>Vigo, 29 may (EFE).- Un grupo de maestros cerveceros vigueses han creado Celti\u00f1a, una nueva bebida alcoh\u00f3lica nacida para la participar en la I edici\u00f3n del Art Beer Fest que se celebrar\u00e1 entre los d\u00edas 5 y 8 de junio en al Auditorio Mar de Vigo y que prev\u00e9 congregar a expertos profesionales y aficionados de todo el mundo.<\/p>\n<p>La Celti\u00f1a ha sido creada exclusivamente para su degustaci\u00f3n en la feria internacional y se trata de una cerveza rubia Indian Pale Ale de alta fermentaci\u00f3n producida artesanalmente con una receta propia formada por malta de cebada, l\u00fapulo, fermento y agua.<\/p>\n<p>As\u00ed, esta creaci\u00f3n viguesa carece de aditivos como ma\u00edz o trigo y utiliza el l\u00fapulo alem\u00e1n de alta calidad, que le da su caracter\u00edstico sabor, para crear una bebida \u00abligera pero con cuerpo\u00bb tal y como cuentan sus creadores en nota de prensa.<\/p>\n<p>Celti\u00f1a se estrenar\u00e1 en el Art Beer Fest arropada por otras 35 casas cerveceras de 14 pa\u00edses del mundo que presentar\u00e1n sus mejores marcas y barriles exclusivos a lo largo de los cuatro d\u00edas del evento que contar\u00e1 con expertos mundiales procedentes de Italia, Reino Unido o Portugal .<\/p>\n<p>El festival se completar\u00e1 con \u00abmasterclass\u00bb en su secci\u00f3n Hopinion Maker y con toda una oferta musical y gastron\u00f3mica.<\/p>\n<p>Por el momento, se han producido casi 2.000 litros de cerveza Celti\u00f1a, de los cuales 600 ya han sido envasados en 1.800 botellas que podr\u00e1n ser adquiridas en el evento internacional. Adem\u00e1s, podr\u00e1 consumirse en los grifos y barriles del stand principal del Art Beer.<\/p>\n","protected":false},"excerpt":{"rendered":"<p>Vigo, 29 may (EFE).- Un grupo de maestros cerveceros vigueses han creado Celti\u00f1a, una nueva bebida alcoh\u00f3lica nacida para la participar en la I edici\u00f3n del Art Beer Fest que se celebrar\u00e1 entre los d\u00edas 5 y 8 de junio en al Auditorio Mar de Vigo y que prev\u00e9 congregar a expertos profesionales y aficionados<\/p>\n","protected":false},"author":1,"featured_media":14395,"comment_status":"open","ping_status":"closed","sticky":false,"template":"","format":"standard","meta":{"footnotes":""},"categories":[224],"tags":[],"class_list":{"0":"post-14394","1":"post","2":"type-post","3":"status-publish","4":"format-standard","5":"has-post-thumbnail","7":"category-noticias-actualidad"},"aioseo_notices":[],"aioseo_head":"\n\t\t<!-- All in One SEO Pro 4.9.6.1 - aioseo.com -->\n\t<meta name=\"description\" content=\"Vigo, 29 may (EFE).- Un grupo de maestros cerveceros vigueses han creado Celti\u00f1a, una nueva bebida alcoh\u00f3lica nacida para la participar en la I edici\u00f3n del Art Beer Fest que se celebrar\u00e1 entre los d\u00edas 5 y 8 de junio en al Auditorio Mar de Vigo y que prev\u00e9 congregar a expertos profesionales y aficionados\" \/>\n\t<meta name=\"robots\" content=\"max-image-preview:large\" \/>\n\t<meta name=\"author\" content=\"admin\"\/>\n\t<meta name=\"google-site-verification\" content=\"UA-38556648-1\" \/>\n\t<meta name=\"keywords\" content=\"noticias y actualidad\" \/>\n\t<link rel=\"canonical\" href=\"https:\/\/eldigitaldeasturias.com\/magazine365\/cerveceros-vigueses-crean-la-celtina-para-participar-en-el-art-beer-fest\/\" \/>\n\t<meta name=\"generator\" content=\"All in One SEO Pro (AIOSEO) 4.9.6.1\" \/>\n\t\t<meta property=\"og:locale\" content=\"es_ES\" \/>\n\t\t<meta property=\"og:site_name\" content=\"El Digital de Asturias \u2013 Revista de ocio, turismo y estilo de vida\" \/>\n\t\t<meta property=\"og:type\" content=\"article\" \/>\n\t\t<meta property=\"og:title\" content=\"Cerveceros vigueses crean la Celti\u00f1a para participar en el Art Beer Fest | El Digital de Asturias\" \/>\n\t\t<meta property=\"og:description\" content=\"Vigo, 29 may (EFE).- Un grupo de maestros cerveceros vigueses han creado Celti\u00f1a, una nueva bebida alcoh\u00f3lica nacida para la participar en la I edici\u00f3n del Art Beer Fest que se celebrar\u00e1 entre los d\u00edas 5 y 8 de junio en al Auditorio Mar de Vigo y que prev\u00e9 congregar a expertos profesionales y aficionados\" \/>\n\t\t<meta property=\"og:url\" content=\"https:\/\/eldigitaldeasturias.com\/magazine365\/cerveceros-vigueses-crean-la-celtina-para-participar-en-el-art-beer-fest\/\" \/>\n\t\t<meta property=\"og:image\" content=\"https:\/\/eldigitaldeasturias.com\/magazine365\/wp-content\/uploads\/2014\/05\/6315094w.jpg\" \/>\n\t\t<meta property=\"og:image:secure_url\" content=\"https:\/\/eldigitaldeasturias.com\/magazine365\/wp-content\/uploads\/2014\/05\/6315094w.jpg\" \/>\n\t\t<meta property=\"og:image:width\" content=\"800\" \/>\n\t\t<meta property=\"og:image:height\" content=\"554\" \/>\n\t\t<meta property=\"article:published_time\" content=\"2014-05-30T02:14:22+00:00\" \/>\n\t\t<meta property=\"article:modified_time\" content=\"2014-05-30T02:14:22+00:00\" \/>\n\t\t<meta name=\"twitter:card\" content=\"summary_large_image\" \/>\n\t\t<meta name=\"twitter:title\" content=\"Cerveceros vigueses crean la Celti\u00f1a para participar en el Art Beer Fest | El Digital de Asturias\" \/>\n\t\t<meta name=\"twitter:description\" content=\"Vigo, 29 may (EFE).- Un grupo de maestros cerveceros vigueses han creado Celti\u00f1a, una nueva bebida alcoh\u00f3lica nacida para la participar en la I edici\u00f3n del Art Beer Fest que se celebrar\u00e1 entre los d\u00edas 5 y 8 de junio en al Auditorio Mar de Vigo y que prev\u00e9 congregar a expertos profesionales y aficionados\" \/>\n\t\t<meta name=\"twitter:image\" content=\"https:\/\/eldigitaldeasturias.com\/magazine365\/wp-content\/uploads\/2014\/05\/6315094w.jpg\" \/>\n\t\t<script type=\"application\/ld+json\" class=\"aioseo-schema\">\n\t\t\t{\"@context\":\"https:\\\/\\\/schema.org\",\"@graph\":[{\"@type\":\"Article\",\"@id\":\"https:\\\/\\\/eldigitaldeasturias.com\\\/magazine365\\\/cerveceros-vigueses-crean-la-celtina-para-participar-en-el-art-beer-fest\\\/#article\",\"name\":\"Cerveceros vigueses crean la Celti\\u00f1a para participar en el Art Beer Fest | El Digital de Asturias\",\"headline\":\"Cerveceros vigueses crean la Celti\\u00f1a para participar en el Art Beer Fest\",\"author\":{\"@id\":\"https:\\\/\\\/eldigitaldeasturias.com\\\/magazine365\\\/author\\\/admin\\\/#author\"},\"publisher\":{\"@id\":\"https:\\\/\\\/eldigitaldeasturias.com\\\/magazine365\\\/#organization\"},\"image\":{\"@type\":\"ImageObject\",\"url\":\"https:\\\/\\\/eldigitaldeasturias.com\\\/magazine365\\\/wp-content\\\/uploads\\\/2014\\\/05\\\/6315094w.jpg\",\"width\":800,\"height\":554},\"datePublished\":\"2014-05-30T00:14:22+02:00\",\"dateModified\":\"2014-05-30T00:14:22+02:00\",\"inLanguage\":\"es-ES\",\"mainEntityOfPage\":{\"@id\":\"https:\\\/\\\/eldigitaldeasturias.com\\\/magazine365\\\/cerveceros-vigueses-crean-la-celtina-para-participar-en-el-art-beer-fest\\\/#webpage\"},\"isPartOf\":{\"@id\":\"https:\\\/\\\/eldigitaldeasturias.com\\\/magazine365\\\/cerveceros-vigueses-crean-la-celtina-para-participar-en-el-art-beer-fest\\\/#webpage\"},\"articleSection\":\"Noticias y Actualidad\"},{\"@type\":\"BreadcrumbList\",\"@id\":\"https:\\\/\\\/eldigitaldeasturias.com\\\/magazine365\\\/cerveceros-vigueses-crean-la-celtina-para-participar-en-el-art-beer-fest\\\/#breadcrumblist\",\"itemListElement\":[{\"@type\":\"ListItem\",\"@id\":\"https:\\\/\\\/eldigitaldeasturias.com\\\/magazine365#listItem\",\"position\":1,\"name\":\"Home\",\"item\":\"https:\\\/\\\/eldigitaldeasturias.com\\\/magazine365\",\"nextItem\":{\"@type\":\"ListItem\",\"@id\":\"https:\\\/\\\/eldigitaldeasturias.com\\\/magazine365\\\/category\\\/noticias-actualidad\\\/#listItem\",\"name\":\"Noticias y Actualidad\"}},{\"@type\":\"ListItem\",\"@id\":\"https:\\\/\\\/eldigitaldeasturias.com\\\/magazine365\\\/category\\\/noticias-actualidad\\\/#listItem\",\"position\":2,\"name\":\"Noticias y Actualidad\",\"item\":\"https:\\\/\\\/eldigitaldeasturias.com\\\/magazine365\\\/category\\\/noticias-actualidad\\\/\",\"nextItem\":{\"@type\":\"ListItem\",\"@id\":\"https:\\\/\\\/eldigitaldeasturias.com\\\/magazine365\\\/cerveceros-vigueses-crean-la-celtina-para-participar-en-el-art-beer-fest\\\/#listItem\",\"name\":\"Cerveceros vigueses crean la Celti\\u00f1a para participar en el Art Beer Fest\"},\"previousItem\":{\"@type\":\"ListItem\",\"@id\":\"https:\\\/\\\/eldigitaldeasturias.com\\\/magazine365#listItem\",\"name\":\"Home\"}},{\"@type\":\"ListItem\",\"@id\":\"https:\\\/\\\/eldigitaldeasturias.com\\\/magazine365\\\/cerveceros-vigueses-crean-la-celtina-para-participar-en-el-art-beer-fest\\\/#listItem\",\"position\":3,\"name\":\"Cerveceros vigueses crean la Celti\\u00f1a para participar en el Art Beer Fest\",\"previousItem\":{\"@type\":\"ListItem\",\"@id\":\"https:\\\/\\\/eldigitaldeasturias.com\\\/magazine365\\\/category\\\/noticias-actualidad\\\/#listItem\",\"name\":\"Noticias y Actualidad\"}}]},{\"@type\":\"Organization\",\"@id\":\"https:\\\/\\\/eldigitaldeasturias.com\\\/magazine365\\\/#organization\",\"name\":\"El digital de Asturias\",\"description\":\"Revista de ocio, turismo y estilo de vida\",\"url\":\"https:\\\/\\\/eldigitaldeasturias.com\\\/magazine365\\\/\",\"logo\":{\"@type\":\"ImageObject\",\"url\":\"https:\\\/\\\/www.eldigitaldeasturias.com\\\/noticias\\\/wp-content\\\/uploads\\\/2020\\\/12\\\/EDA.jpg\",\"@id\":\"https:\\\/\\\/eldigitaldeasturias.com\\\/magazine365\\\/cerveceros-vigueses-crean-la-celtina-para-participar-en-el-art-beer-fest\\\/#organizationLogo\"},\"image\":{\"@id\":\"https:\\\/\\\/eldigitaldeasturias.com\\\/magazine365\\\/cerveceros-vigueses-crean-la-celtina-para-participar-en-el-art-beer-fest\\\/#organizationLogo\"}},{\"@type\":\"Person\",\"@id\":\"https:\\\/\\\/eldigitaldeasturias.com\\\/magazine365\\\/author\\\/admin\\\/#author\",\"url\":\"https:\\\/\\\/eldigitaldeasturias.com\\\/magazine365\\\/author\\\/admin\\\/\",\"name\":\"admin\",\"image\":{\"@type\":\"ImageObject\",\"@id\":\"https:\\\/\\\/eldigitaldeasturias.com\\\/magazine365\\\/cerveceros-vigueses-crean-la-celtina-para-participar-en-el-art-beer-fest\\\/#authorImage\",\"url\":\"https:\\\/\\\/eldigitaldeasturias.com\\\/magazine365\\\/wp-content\\\/litespeed\\\/avatar\\\/e571bcf59a0edd6fa6838245a470f2fe.jpg?ver=1777574230\",\"width\":96,\"height\":96,\"caption\":\"admin\"}},{\"@type\":\"WebPage\",\"@id\":\"https:\\\/\\\/eldigitaldeasturias.com\\\/magazine365\\\/cerveceros-vigueses-crean-la-celtina-para-participar-en-el-art-beer-fest\\\/#webpage\",\"url\":\"https:\\\/\\\/eldigitaldeasturias.com\\\/magazine365\\\/cerveceros-vigueses-crean-la-celtina-para-participar-en-el-art-beer-fest\\\/\",\"name\":\"Cerveceros vigueses crean la Celti\\u00f1a para participar en el Art Beer Fest | El Digital de Asturias\",\"description\":\"Vigo, 29 may (EFE).- Un grupo de maestros cerveceros vigueses han creado Celti\\u00f1a, una nueva bebida alcoh\\u00f3lica nacida para la participar en la I edici\\u00f3n del Art Beer Fest que se celebrar\\u00e1 entre los d\\u00edas 5 y 8 de junio en al Auditorio Mar de Vigo y que prev\\u00e9 congregar a expertos profesionales y aficionados\",\"inLanguage\":\"es-ES\",\"isPartOf\":{\"@id\":\"https:\\\/\\\/eldigitaldeasturias.com\\\/magazine365\\\/#website\"},\"breadcrumb\":{\"@id\":\"https:\\\/\\\/eldigitaldeasturias.com\\\/magazine365\\\/cerveceros-vigueses-crean-la-celtina-para-participar-en-el-art-beer-fest\\\/#breadcrumblist\"},\"author\":{\"@id\":\"https:\\\/\\\/eldigitaldeasturias.com\\\/magazine365\\\/author\\\/admin\\\/#author\"},\"creator\":{\"@id\":\"https:\\\/\\\/eldigitaldeasturias.com\\\/magazine365\\\/author\\\/admin\\\/#author\"},\"image\":{\"@type\":\"ImageObject\",\"url\":\"https:\\\/\\\/eldigitaldeasturias.com\\\/magazine365\\\/wp-content\\\/uploads\\\/2014\\\/05\\\/6315094w.jpg\",\"@id\":\"https:\\\/\\\/eldigitaldeasturias.com\\\/magazine365\\\/cerveceros-vigueses-crean-la-celtina-para-participar-en-el-art-beer-fest\\\/#mainImage\",\"width\":800,\"height\":554},\"primaryImageOfPage\":{\"@id\":\"https:\\\/\\\/eldigitaldeasturias.com\\\/magazine365\\\/cerveceros-vigueses-crean-la-celtina-para-participar-en-el-art-beer-fest\\\/#mainImage\"},\"datePublished\":\"2014-05-30T00:14:22+02:00\",\"dateModified\":\"2014-05-30T00:14:22+02:00\"},{\"@type\":\"WebSite\",\"@id\":\"https:\\\/\\\/eldigitaldeasturias.com\\\/magazine365\\\/#website\",\"url\":\"https:\\\/\\\/eldigitaldeasturias.com\\\/magazine365\\\/\",\"name\":\"El Digital de Asturias\",\"description\":\"Revista de ocio, turismo y estilo de vida\",\"inLanguage\":\"es-ES\",\"publisher\":{\"@id\":\"https:\\\/\\\/eldigitaldeasturias.com\\\/magazine365\\\/#organization\"}}]}\n\t\t<\/script>\n\t\t<!-- All in One SEO Pro -->\r\n\t\t<title>Cerveceros vigueses crean la Celti\u00f1a para participar en el Art Beer Fest | El Digital de Asturias<\/title>\n\n","aioseo_head_json":{"title":"Cerveceros vigueses crean la Celti\u00f1a para participar en el Art Beer Fest | El Digital de Asturias","description":"Vigo, 29 may (EFE).- Un grupo de maestros cerveceros vigueses han creado Celti\u00f1a, una nueva bebida alcoh\u00f3lica nacida para la participar en la I edici\u00f3n del Art Beer Fest que se celebrar\u00e1 entre los d\u00edas 5 y 8 de junio en al Auditorio Mar de Vigo y que prev\u00e9 congregar a expertos profesionales y aficionados","canonical_url":"https:\/\/eldigitaldeasturias.com\/magazine365\/cerveceros-vigueses-crean-la-celtina-para-participar-en-el-art-beer-fest\/","robots":"max-image-preview:large","keywords":"noticias y actualidad","webmasterTools":{"google-site-verification":"UA-38556648-1","miscellaneous":""},"schema":{"@context":"https:\/\/schema.org","@graph":[{"@type":"Article","@id":"https:\/\/eldigitaldeasturias.com\/magazine365\/cerveceros-vigueses-crean-la-celtina-para-participar-en-el-art-beer-fest\/#article","name":"Cerveceros vigueses crean la Celti\u00f1a para participar en el Art Beer Fest | El Digital de Asturias","headline":"Cerveceros vigueses crean la Celti\u00f1a para participar en el Art Beer Fest","author":{"@id":"https:\/\/eldigitaldeasturias.com\/magazine365\/author\/admin\/#author"},"publisher":{"@id":"https:\/\/eldigitaldeasturias.com\/magazine365\/#organization"},"image":{"@type":"ImageObject","url":"https:\/\/eldigitaldeasturias.com\/magazine365\/wp-content\/uploads\/2014\/05\/6315094w.jpg","width":800,"height":554},"datePublished":"2014-05-30T00:14:22+02:00","dateModified":"2014-05-30T00:14:22+02:00","inLanguage":"es-ES","mainEntityOfPage":{"@id":"https:\/\/eldigitaldeasturias.com\/magazine365\/cerveceros-vigueses-crean-la-celtina-para-participar-en-el-art-beer-fest\/#webpage"},"isPartOf":{"@id":"https:\/\/eldigitaldeasturias.com\/magazine365\/cerveceros-vigueses-crean-la-celtina-para-participar-en-el-art-beer-fest\/#webpage"},"articleSection":"Noticias y Actualidad"},{"@type":"BreadcrumbList","@id":"https:\/\/eldigitaldeasturias.com\/magazine365\/cerveceros-vigueses-crean-la-celtina-para-participar-en-el-art-beer-fest\/#breadcrumblist","itemListElement":[{"@type":"ListItem","@id":"https:\/\/eldigitaldeasturias.com\/magazine365#listItem","position":1,"name":"Home","item":"https:\/\/eldigitaldeasturias.com\/magazine365","nextItem":{"@type":"ListItem","@id":"https:\/\/eldigitaldeasturias.com\/magazine365\/category\/noticias-actualidad\/#listItem","name":"Noticias y Actualidad"}},{"@type":"ListItem","@id":"https:\/\/eldigitaldeasturias.com\/magazine365\/category\/noticias-actualidad\/#listItem","position":2,"name":"Noticias y Actualidad","item":"https:\/\/eldigitaldeasturias.com\/magazine365\/category\/noticias-actualidad\/","nextItem":{"@type":"ListItem","@id":"https:\/\/eldigitaldeasturias.com\/magazine365\/cerveceros-vigueses-crean-la-celtina-para-participar-en-el-art-beer-fest\/#listItem","name":"Cerveceros vigueses crean la Celti\u00f1a para participar en el Art Beer Fest"},"previousItem":{"@type":"ListItem","@id":"https:\/\/eldigitaldeasturias.com\/magazine365#listItem","name":"Home"}},{"@type":"ListItem","@id":"https:\/\/eldigitaldeasturias.com\/magazine365\/cerveceros-vigueses-crean-la-celtina-para-participar-en-el-art-beer-fest\/#listItem","position":3,"name":"Cerveceros vigueses crean la Celti\u00f1a para participar en el Art Beer Fest","previousItem":{"@type":"ListItem","@id":"https:\/\/eldigitaldeasturias.com\/magazine365\/category\/noticias-actualidad\/#listItem","name":"Noticias y Actualidad"}}]},{"@type":"Organization","@id":"https:\/\/eldigitaldeasturias.com\/magazine365\/#organization","name":"El digital de Asturias","description":"Revista de ocio, turismo y estilo de vida","url":"https:\/\/eldigitaldeasturias.com\/magazine365\/","logo":{"@type":"ImageObject","url":"https:\/\/www.eldigitaldeasturias.com\/noticias\/wp-content\/uploads\/2020\/12\/EDA.jpg","@id":"https:\/\/eldigitaldeasturias.com\/magazine365\/cerveceros-vigueses-crean-la-celtina-para-participar-en-el-art-beer-fest\/#organizationLogo"},"image":{"@id":"https:\/\/eldigitaldeasturias.com\/magazine365\/cerveceros-vigueses-crean-la-celtina-para-participar-en-el-art-beer-fest\/#organizationLogo"}},{"@type":"Person","@id":"https:\/\/eldigitaldeasturias.com\/magazine365\/author\/admin\/#author","url":"https:\/\/eldigitaldeasturias.com\/magazine365\/author\/admin\/","name":"admin","image":{"@type":"ImageObject","@id":"https:\/\/eldigitaldeasturias.com\/magazine365\/cerveceros-vigueses-crean-la-celtina-para-participar-en-el-art-beer-fest\/#authorImage","url":"https:\/\/eldigitaldeasturias.com\/magazine365\/wp-content\/litespeed\/avatar\/e571bcf59a0edd6fa6838245a470f2fe.jpg?ver=1777574230","width":96,"height":96,"caption":"admin"}},{"@type":"WebPage","@id":"https:\/\/eldigitaldeasturias.com\/magazine365\/cerveceros-vigueses-crean-la-celtina-para-participar-en-el-art-beer-fest\/#webpage","url":"https:\/\/eldigitaldeasturias.com\/magazine365\/cerveceros-vigueses-crean-la-celtina-para-participar-en-el-art-beer-fest\/","name":"Cerveceros vigueses crean la Celti\u00f1a para participar en el Art Beer Fest | El Digital de Asturias","description":"Vigo, 29 may (EFE).- Un grupo de maestros cerveceros vigueses han creado Celti\u00f1a, una nueva bebida alcoh\u00f3lica nacida para la participar en la I edici\u00f3n del Art Beer Fest que se celebrar\u00e1 entre los d\u00edas 5 y 8 de junio en al Auditorio Mar de Vigo y que prev\u00e9 congregar a expertos profesionales y aficionados","inLanguage":"es-ES","isPartOf":{"@id":"https:\/\/eldigitaldeasturias.com\/magazine365\/#website"},"breadcrumb":{"@id":"https:\/\/eldigitaldeasturias.com\/magazine365\/cerveceros-vigueses-crean-la-celtina-para-participar-en-el-art-beer-fest\/#breadcrumblist"},"author":{"@id":"https:\/\/eldigitaldeasturias.com\/magazine365\/author\/admin\/#author"},"creator":{"@id":"https:\/\/eldigitaldeasturias.com\/magazine365\/author\/admin\/#author"},"image":{"@type":"ImageObject","url":"https:\/\/eldigitaldeasturias.com\/magazine365\/wp-content\/uploads\/2014\/05\/6315094w.jpg","@id":"https:\/\/eldigitaldeasturias.com\/magazine365\/cerveceros-vigueses-crean-la-celtina-para-participar-en-el-art-beer-fest\/#mainImage","width":800,"height":554},"primaryImageOfPage":{"@id":"https:\/\/eldigitaldeasturias.com\/magazine365\/cerveceros-vigueses-crean-la-celtina-para-participar-en-el-art-beer-fest\/#mainImage"},"datePublished":"2014-05-30T00:14:22+02:00","dateModified":"2014-05-30T00:14:22+02:00"},{"@type":"WebSite","@id":"https:\/\/eldigitaldeasturias.com\/magazine365\/#website","url":"https:\/\/eldigitaldeasturias.com\/magazine365\/","name":"El Digital de Asturias","description":"Revista de ocio, turismo y estilo de vida","inLanguage":"es-ES","publisher":{"@id":"https:\/\/eldigitaldeasturias.com\/magazine365\/#organization"}}]},"og:locale":"es_ES","og:site_name":"El Digital de Asturias \u2013 Revista de ocio, turismo y estilo de vida","og:type":"article","og:title":"Cerveceros vigueses crean la Celti\u00f1a para participar en el Art Beer Fest | El Digital de Asturias","og:description":"Vigo, 29 may (EFE).- Un grupo de maestros cerveceros vigueses han creado Celti\u00f1a, una nueva bebida alcoh\u00f3lica nacida para la participar en la I edici\u00f3n del Art Beer Fest que se celebrar\u00e1 entre los d\u00edas 5 y 8 de junio en al Auditorio Mar de Vigo y que prev\u00e9 congregar a expertos profesionales y aficionados","og:url":"https:\/\/eldigitaldeasturias.com\/magazine365\/cerveceros-vigueses-crean-la-celtina-para-participar-en-el-art-beer-fest\/","og:image":"https:\/\/eldigitaldeasturias.com\/magazine365\/wp-content\/uploads\/2014\/05\/6315094w.jpg","og:image:secure_url":"https:\/\/eldigitaldeasturias.com\/magazine365\/wp-content\/uploads\/2014\/05\/6315094w.jpg","og:image:width":800,"og:image:height":554,"article:published_time":"2014-05-30T02:14:22+00:00","article:modified_time":"2014-05-30T02:14:22+00:00","twitter:card":"summary_large_image","twitter:title":"Cerveceros vigueses crean la Celti\u00f1a para participar en el Art Beer Fest | El Digital de Asturias","twitter:description":"Vigo, 29 may (EFE).- Un grupo de maestros cerveceros vigueses han creado Celti\u00f1a, una nueva bebida alcoh\u00f3lica nacida para la participar en la I edici\u00f3n del Art Beer Fest que se celebrar\u00e1 entre los d\u00edas 5 y 8 de junio en al Auditorio Mar de Vigo y que prev\u00e9 congregar a expertos profesionales y aficionados","twitter:image":"https:\/\/eldigitaldeasturias.com\/magazine365\/wp-content\/uploads\/2014\/05\/6315094w.jpg"},"aioseo_meta_data":{"post_id":"14394","title":null,"description":null,"keywords":null,"keyphrases":null,"primary_term":null,"canonical_url":null,"og_title":null,"og_description":null,"og_object_type":"default","og_image_type":"default","og_image_url":null,"og_image_width":null,"og_image_height":null,"og_image_custom_url":null,"og_image_custom_fields":null,"og_video":null,"og_custom_url":null,"og_article_section":null,"og_article_tags":null,"twitter_use_og":false,"twitter_card":"default","twitter_image_type":"default","twitter_image_url":null,"twitter_image_custom_url":null,"twitter_image_custom_fields":null,"twitter_title":null,"twitter_description":null,"schema":{"blockGraphs":[],"customGraphs":[],"default":{"data":{"Article":[],"Course":[],"Dataset":[],"FAQPage":[],"Movie":[],"Person":[],"Product":[],"ProductReview":[],"Car":[],"Recipe":[],"Service":[],"SoftwareApplication":[],"WebPage":[]},"graphName":"","isEnabled":true},"graphs":[],"defaultGraph":"","defaultPostTypeGraph":""},"schema_type":null,"schema_type_options":null,"pillar_content":false,"robots_default":true,"robots_noindex":false,"robots_noarchive":false,"robots_nosnippet":false,"robots_nofollow":false,"robots_noimageindex":false,"robots_noodp":false,"robots_notranslate":false,"robots_max_snippet":null,"robots_max_videopreview":null,"robots_max_imagepreview":"large","priority":null,"frequency":null,"location":null,"local_seo":null,"seo_analyzer_scan_date":"2025-09-17 10:02:43","breadcrumb_settings":null,"limit_modified_date":false,"open_ai":null,"ai":null,"created":"2021-03-09 08:15:40","updated":"2025-09-17 10:02:43"},"aioseo_breadcrumb":"<div class=\"aioseo-breadcrumbs\"><span class=\"aioseo-breadcrumb\">\n\t<a href=\"https:\/\/eldigitaldeasturias.com\/magazine365\" title=\"Home\">Home<\/a>\n<\/span><span class=\"aioseo-breadcrumb-separator\">\u2013<\/span><span class=\"aioseo-breadcrumb\">\n\t<a href=\"https:\/\/eldigitaldeasturias.com\/magazine365\/category\/noticias-actualidad\/\" title=\"Noticias y Actualidad\">Noticias y Actualidad<\/a>\n<\/span><span class=\"aioseo-breadcrumb-separator\">\u2013<\/span><span class=\"aioseo-breadcrumb\">\n\t<a href=\"https:\/\/eldigitaldeasturias.com\/magazine365\/cerveceros-vigueses-crean-la-celtina-para-participar-en-el-art-beer-fest\/\" title=\"Cerveceros vigueses crean la Celti\u00f1a para participar en el Art Beer Fest\">Cerveceros vigueses crean la Celti\u00f1a para participar en el Art Beer Fest<\/a>\n<\/span><\/div>","aioseo_breadcrumb_json":[{"label":"Home","link":"https:\/\/eldigitaldeasturias.com\/magazine365"},{"label":"Noticias y Actualidad","link":"https:\/\/eldigitaldeasturias.com\/magazine365\/category\/noticias-actualidad\/"},{"label":"Cerveceros vigueses crean la Celti\u00f1a para participar en el Art Beer Fest","link":"https:\/\/eldigitaldeasturias.com\/magazine365\/cerveceros-vigueses-crean-la-celtina-para-participar-en-el-art-beer-fest\/"}],"_links":{"self":[{"href":"https:\/\/eldigitaldeasturias.com\/magazine365\/wp-json\/wp\/v2\/posts\/14394","targetHints":{"allow":["GET"]}}],"collection":[{"href":"https:\/\/eldigitaldeasturias.com\/magazine365\/wp-json\/wp\/v2\/posts"}],"about":[{"href":"https:\/\/eldigitaldeasturias.com\/magazine365\/wp-json\/wp\/v2\/types\/post"}],"author":[{"embeddable":true,"href":"https:\/\/eldigitaldeasturias.com\/magazine365\/wp-json\/wp\/v2\/users\/1"}],"replies":[{"embeddable":true,"href":"https:\/\/eldigitaldeasturias.com\/magazine365\/wp-json\/wp\/v2\/comments?post=14394"}],"version-history":[{"count":0,"href":"https:\/\/eldigitaldeasturias.com\/magazine365\/wp-json\/wp\/v2\/posts\/14394\/revisions"}],"wp:featuredmedia":[{"embeddable":true,"href":"https:\/\/eldigitaldeasturias.com\/magazine365\/wp-json\/wp\/v2\/media\/14395"}],"wp:attachment":[{"href":"https:\/\/eldigitaldeasturias.com\/magazine365\/wp-json\/wp\/v2\/media?parent=14394"}],"wp:term":[{"taxonomy":"category","embeddable":true,"href":"https:\/\/eldigitaldeasturias.com\/magazine365\/wp-json\/wp\/v2\/categories?post=14394"},{"taxonomy":"post_tag","embeddable":true,"href":"https:\/\/eldigitaldeasturias.com\/magazine365\/wp-json\/wp\/v2\/tags?post=14394"}],"curies":[{"name":"wp","href":"https:\/\/api.w.org\/{rel}","templated":true}]}}