{"id":14391,"date":"2014-05-30T00:12:54","date_gmt":"2014-05-30T02:12:54","guid":{"rendered":"http:\/\/eldigitaldeasturias.com\/magazine365\/?p=14391"},"modified":"2014-05-30T00:12:54","modified_gmt":"2014-05-30T02:12:54","slug":"ourense-prepara-la-47-edicion-del-rally-ourense-termal","status":"publish","type":"post","link":"https:\/\/eldigitaldeasturias.com\/magazine365\/ourense-prepara-la-47-edicion-del-rally-ourense-termal\/","title":{"rendered":"Ourense prepara la 47 edici\u00f3n del Rally Ourense Termal"},"content":{"rendered":"<p><img fetchpriority=\"high\" decoding=\"async\" class=\"alignleft size-medium wp-image-14392\" alt=\"6314147w\" src=\"https:\/\/eldigitaldeasturias.com\/magazine365\/wp-content\/uploads\/2014\/05\/6314147w-360x240.jpg\" width=\"360\" height=\"240\" srcset=\"https:\/\/eldigitaldeasturias.com\/magazine365\/wp-content\/uploads\/2014\/05\/6314147w-360x240.jpg 360w, https:\/\/eldigitaldeasturias.com\/magazine365\/wp-content\/uploads\/2014\/05\/6314147w-650x434.jpg 650w, https:\/\/eldigitaldeasturias.com\/magazine365\/wp-content\/uploads\/2014\/05\/6314147w-768x513.jpg 768w, https:\/\/eldigitaldeasturias.com\/magazine365\/wp-content\/uploads\/2014\/05\/6314147w-150x100.jpg 150w, https:\/\/eldigitaldeasturias.com\/magazine365\/wp-content\/uploads\/2014\/05\/6314147w-450x300.jpg 450w, https:\/\/eldigitaldeasturias.com\/magazine365\/wp-content\/uploads\/2014\/05\/6314147w-696x465.jpg 696w, https:\/\/eldigitaldeasturias.com\/magazine365\/wp-content\/uploads\/2014\/05\/6314147w-629x420.jpg 629w, https:\/\/eldigitaldeasturias.com\/magazine365\/wp-content\/uploads\/2014\/05\/6314147w-84x55.jpg 84w, https:\/\/eldigitaldeasturias.com\/magazine365\/wp-content\/uploads\/2014\/05\/6314147w.jpg 800w\" sizes=\"(max-width: 360px) 100vw, 360px\" \/>Ourense, 29 may (EFE).- La provincia de Ourense se prepara para albergar el pr\u00f3ximo mes de junio, en concreto los d\u00edas 13 y 14 de junio, la 47 edici\u00f3n del Rally Ourense Termal, una cita que sit\u00faa a la ciudad en capital termal y automovil\u00edstica de Galicia, con una prueba puntuable en el campeonato de Espa\u00f1a.<\/p>\n<p>El secretario xeral para o Deporte, Jos\u00e9 Ram\u00f3n Lete Lasa, ha resaltado en la presentaci\u00f3n oficial del Rally, celebrada en el entorno de As Burgas, la trascendencia de esta cita \u00abpara difundir la imagen de Ourense en el exterior y promover sus grandes atractivos, como doble capital del automovilismo y del termalismo\u00bb en \u00abuna de las principales carreras de asfalto a nivel nacional\u00bb.<\/p>\n<p>Desde el cambio de rally en 2008 por el de Ourense Termal, la organizaci\u00f3n ha coincidido en su objetivo de promocionar \u00abla riqueza termal\u00bb de la provincia fuera de la comunidad gallega, una cita que congrega cada a\u00f1o a cerca de 10.000 personas.<\/p>\n<p>As\u00ed lo ha indicado el presidente de la federaci\u00f3n espa\u00f1ola de automovilismo, Carlos Gracia, en el acto de presentaci\u00f3n, que cont\u00f3 con la presencia del presidente de la Escuder\u00eda Ourense, Antonio Fern\u00e1ndez; el presidente de la Diputaci\u00f3n, Manuel Baltar y el alcalde, Agust\u00edn Fern\u00e1ndez, entre otras autoridades.<\/p>\n<p>En su intervenci\u00f3n, Carlos Gracia, en uno de los pocos actos automovil\u00edsticos en los que se deja ver cada a\u00f1o, ha remarcado el car\u00e1cter social de este rally que ha calificado como \u00abuno de los mejores que configuran el campeonato de Espa\u00f1a\u00bb.<\/p>\n<p>\u00abEs un evento social para Ourense importante, que le da una gran repercusi\u00f3n\u00bb, ha apuntado Gracia, quien ha hecho un llamamiento al p\u00fablico para que su comportamiento sea \u00abel habitual\u00bb en este tipo de citas.<\/p>\n<p>El rally, que est\u00e1 conformado por 482 kil\u00f3metros de recorrido, de los cuales m\u00e1s de 200 corresponden a tramos cronometrados, se dividir\u00e1 en cinco tramos, que se disputar\u00e1n dos veces cada uno, que son Coles-Peares, A Peroxa, To\u00e9n, San Pedro de Rocas y Luintra, ha detallado el presidente de la escuder\u00eda Ourense, Antonio Fern\u00e1ndez.<\/p>\n<p>El trazado tambi\u00e9n incluir\u00e1 un \u00abtramo espect\u00e1culo\u00bb, en San Cibrao das Vi\u00f1as, que se desarrollar\u00e1 el primer y \u00faltimo de rally, que representa, \u00abuno de los elementos diferenciadores\u00bb respecto a otras pruebas, ha abundado.<\/p>\n<p>El trazado abarcar\u00e1 varios ayuntamientos de la provincia, como son A Peroxa, Castrelo de Mi\u00f1o, Coles, Esgos, Nogueira de Ramu\u00edn, Pereiro de Aguiar, San Cibrao das Vi\u00f1as y To\u00e9n y constar\u00e1 de 12 tramos cronometrados que suman una distancia total de 200,88 kil\u00f3metros.<\/p>\n<p>El Rallye Ourense-Ourense Termal forma parte del campeonato de Espa\u00f1a de Rallyes de Asfalto y es la segunda de las tres pruebas nacionales que se celebrar\u00e1 en Galicia, despu\u00e9s de la cita ma\u00f1ana en Vigo del R\u00edas Baixas y de la que tendr\u00e1 lugar en Ferrol en agosto.<\/p>\n<p>La ceremonia de salida se sustituye este a\u00f1o por un tramo espect\u00e1culo de 1,87 kil\u00f3metros de longitud, que se disputar\u00e1 a las 20.35 horas del viernes 13 en la Cidade do Transporte, en el pol\u00edgono industrial de San Cibrao das Vi\u00f1as, en Ourense.<\/p>\n<p>A este respecto, el secretario para el Deporte ha resaltado el \u00abpotencial\u00bb de Galicia en este \u00e1mbito, en concreto con la celebraci\u00f3n ma\u00f1ana de R\u00edas Baixas, que convierten al automovilismo gallego en \u00abuna apuesta segura\u00bb en la comunidad, con seis rallys.<\/p>\n<p>Por su parte, Manuel Baltar, ha resaltado la importancia de esta cita que convierten a Ourense \u00aben escaparate\u00bb de Galicia, para la cual la diputaci\u00f3n ha destinado cerca de 36.000 euros.<\/p>\n<p>Finalmente, el alcalde de Ourense, Agust\u00edn Fern\u00e1ndez, se ha referido a la riqueza termal de la ciudad, que albergar\u00e1 el rally el pr\u00f3ximo mes de junio que permitir\u00e1 \u00abdar a conocer nuestras termas y a Ourense como capital termal de Galicia\u00bb, ha concluido.<\/p>\n","protected":false},"excerpt":{"rendered":"<p>Ourense, 29 may (EFE).- La provincia de Ourense se prepara para albergar el pr\u00f3ximo mes de junio, en concreto los d\u00edas 13 y 14 de junio, la 47 edici\u00f3n del Rally Ourense Termal, una cita que sit\u00faa a la ciudad en capital termal y automovil\u00edstica de Galicia, con una prueba puntuable en el campeonato de<\/p>\n","protected":false},"author":1,"featured_media":14392,"comment_status":"open","ping_status":"closed","sticky":false,"template":"","format":"standard","meta":{"footnotes":""},"categories":[224],"tags":[],"class_list":{"0":"post-14391","1":"post","2":"type-post","3":"status-publish","4":"format-standard","5":"has-post-thumbnail","7":"category-noticias-actualidad"},"aioseo_notices":[],"aioseo_head":"\n\t\t<!-- All in One SEO Pro 4.9.6.1 - aioseo.com -->\n\t<meta name=\"description\" content=\"Ourense, 29 may (EFE).- La provincia de Ourense se prepara para albergar el pr\u00f3ximo mes de junio, en concreto los d\u00edas 13 y 14 de junio, la 47 edici\u00f3n del Rally Ourense Termal, una cita que sit\u00faa a la ciudad en capital termal y automovil\u00edstica de Galicia, con una prueba puntuable en el campeonato de\" \/>\n\t<meta name=\"robots\" content=\"max-image-preview:large\" \/>\n\t<meta name=\"author\" content=\"admin\"\/>\n\t<meta name=\"google-site-verification\" content=\"UA-38556648-1\" \/>\n\t<meta name=\"keywords\" content=\"noticias y actualidad\" \/>\n\t<link rel=\"canonical\" href=\"https:\/\/eldigitaldeasturias.com\/magazine365\/ourense-prepara-la-47-edicion-del-rally-ourense-termal\/\" \/>\n\t<meta name=\"generator\" content=\"All in One SEO Pro (AIOSEO) 4.9.6.1\" \/>\n\t\t<meta property=\"og:locale\" content=\"es_ES\" \/>\n\t\t<meta property=\"og:site_name\" content=\"El Digital de Asturias \u2013 Revista de ocio, turismo y estilo de vida\" \/>\n\t\t<meta property=\"og:type\" content=\"article\" \/>\n\t\t<meta property=\"og:title\" content=\"Ourense prepara la 47 edici\u00f3n del Rally Ourense Termal | El Digital de Asturias\" \/>\n\t\t<meta property=\"og:description\" content=\"Ourense, 29 may (EFE).- La provincia de Ourense se prepara para albergar el pr\u00f3ximo mes de junio, en concreto los d\u00edas 13 y 14 de junio, la 47 edici\u00f3n del Rally Ourense Termal, una cita que sit\u00faa a la ciudad en capital termal y automovil\u00edstica de Galicia, con una prueba puntuable en el campeonato de\" \/>\n\t\t<meta property=\"og:url\" content=\"https:\/\/eldigitaldeasturias.com\/magazine365\/ourense-prepara-la-47-edicion-del-rally-ourense-termal\/\" \/>\n\t\t<meta property=\"og:image\" content=\"https:\/\/eldigitaldeasturias.com\/magazine365\/wp-content\/uploads\/2014\/05\/6314147w.jpg\" \/>\n\t\t<meta property=\"og:image:secure_url\" content=\"https:\/\/eldigitaldeasturias.com\/magazine365\/wp-content\/uploads\/2014\/05\/6314147w.jpg\" \/>\n\t\t<meta property=\"og:image:width\" content=\"800\" \/>\n\t\t<meta property=\"og:image:height\" content=\"534\" \/>\n\t\t<meta property=\"article:published_time\" content=\"2014-05-30T02:12:54+00:00\" \/>\n\t\t<meta property=\"article:modified_time\" content=\"2014-05-30T02:12:54+00:00\" \/>\n\t\t<meta name=\"twitter:card\" content=\"summary_large_image\" \/>\n\t\t<meta name=\"twitter:title\" content=\"Ourense prepara la 47 edici\u00f3n del Rally Ourense Termal | El Digital de Asturias\" \/>\n\t\t<meta name=\"twitter:description\" content=\"Ourense, 29 may (EFE).- La provincia de Ourense se prepara para albergar el pr\u00f3ximo mes de junio, en concreto los d\u00edas 13 y 14 de junio, la 47 edici\u00f3n del Rally Ourense Termal, una cita que sit\u00faa a la ciudad en capital termal y automovil\u00edstica de Galicia, con una prueba puntuable en el campeonato de\" \/>\n\t\t<meta name=\"twitter:image\" content=\"https:\/\/eldigitaldeasturias.com\/magazine365\/wp-content\/uploads\/2014\/05\/6314147w.jpg\" \/>\n\t\t<script type=\"application\/ld+json\" class=\"aioseo-schema\">\n\t\t\t{\"@context\":\"https:\\\/\\\/schema.org\",\"@graph\":[{\"@type\":\"Article\",\"@id\":\"https:\\\/\\\/eldigitaldeasturias.com\\\/magazine365\\\/ourense-prepara-la-47-edicion-del-rally-ourense-termal\\\/#article\",\"name\":\"Ourense prepara la 47 edici\\u00f3n del Rally Ourense Termal | El Digital de Asturias\",\"headline\":\"Ourense prepara la 47 edici\\u00f3n del Rally Ourense Termal\",\"author\":{\"@id\":\"https:\\\/\\\/eldigitaldeasturias.com\\\/magazine365\\\/author\\\/admin\\\/#author\"},\"publisher\":{\"@id\":\"https:\\\/\\\/eldigitaldeasturias.com\\\/magazine365\\\/#organization\"},\"image\":{\"@type\":\"ImageObject\",\"url\":\"https:\\\/\\\/eldigitaldeasturias.com\\\/magazine365\\\/wp-content\\\/uploads\\\/2014\\\/05\\\/6314147w.jpg\",\"width\":800,\"height\":534},\"datePublished\":\"2014-05-30T00:12:54+02:00\",\"dateModified\":\"2014-05-30T00:12:54+02:00\",\"inLanguage\":\"es-ES\",\"mainEntityOfPage\":{\"@id\":\"https:\\\/\\\/eldigitaldeasturias.com\\\/magazine365\\\/ourense-prepara-la-47-edicion-del-rally-ourense-termal\\\/#webpage\"},\"isPartOf\":{\"@id\":\"https:\\\/\\\/eldigitaldeasturias.com\\\/magazine365\\\/ourense-prepara-la-47-edicion-del-rally-ourense-termal\\\/#webpage\"},\"articleSection\":\"Noticias y Actualidad\"},{\"@type\":\"BreadcrumbList\",\"@id\":\"https:\\\/\\\/eldigitaldeasturias.com\\\/magazine365\\\/ourense-prepara-la-47-edicion-del-rally-ourense-termal\\\/#breadcrumblist\",\"itemListElement\":[{\"@type\":\"ListItem\",\"@id\":\"https:\\\/\\\/eldigitaldeasturias.com\\\/magazine365#listItem\",\"position\":1,\"name\":\"Home\",\"item\":\"https:\\\/\\\/eldigitaldeasturias.com\\\/magazine365\",\"nextItem\":{\"@type\":\"ListItem\",\"@id\":\"https:\\\/\\\/eldigitaldeasturias.com\\\/magazine365\\\/category\\\/noticias-actualidad\\\/#listItem\",\"name\":\"Noticias y Actualidad\"}},{\"@type\":\"ListItem\",\"@id\":\"https:\\\/\\\/eldigitaldeasturias.com\\\/magazine365\\\/category\\\/noticias-actualidad\\\/#listItem\",\"position\":2,\"name\":\"Noticias y Actualidad\",\"item\":\"https:\\\/\\\/eldigitaldeasturias.com\\\/magazine365\\\/category\\\/noticias-actualidad\\\/\",\"nextItem\":{\"@type\":\"ListItem\",\"@id\":\"https:\\\/\\\/eldigitaldeasturias.com\\\/magazine365\\\/ourense-prepara-la-47-edicion-del-rally-ourense-termal\\\/#listItem\",\"name\":\"Ourense prepara la 47 edici\\u00f3n del Rally Ourense Termal\"},\"previousItem\":{\"@type\":\"ListItem\",\"@id\":\"https:\\\/\\\/eldigitaldeasturias.com\\\/magazine365#listItem\",\"name\":\"Home\"}},{\"@type\":\"ListItem\",\"@id\":\"https:\\\/\\\/eldigitaldeasturias.com\\\/magazine365\\\/ourense-prepara-la-47-edicion-del-rally-ourense-termal\\\/#listItem\",\"position\":3,\"name\":\"Ourense prepara la 47 edici\\u00f3n del Rally Ourense Termal\",\"previousItem\":{\"@type\":\"ListItem\",\"@id\":\"https:\\\/\\\/eldigitaldeasturias.com\\\/magazine365\\\/category\\\/noticias-actualidad\\\/#listItem\",\"name\":\"Noticias y Actualidad\"}}]},{\"@type\":\"Organization\",\"@id\":\"https:\\\/\\\/eldigitaldeasturias.com\\\/magazine365\\\/#organization\",\"name\":\"El digital de Asturias\",\"description\":\"Revista de ocio, turismo y estilo de vida\",\"url\":\"https:\\\/\\\/eldigitaldeasturias.com\\\/magazine365\\\/\",\"logo\":{\"@type\":\"ImageObject\",\"url\":\"https:\\\/\\\/www.eldigitaldeasturias.com\\\/noticias\\\/wp-content\\\/uploads\\\/2020\\\/12\\\/EDA.jpg\",\"@id\":\"https:\\\/\\\/eldigitaldeasturias.com\\\/magazine365\\\/ourense-prepara-la-47-edicion-del-rally-ourense-termal\\\/#organizationLogo\"},\"image\":{\"@id\":\"https:\\\/\\\/eldigitaldeasturias.com\\\/magazine365\\\/ourense-prepara-la-47-edicion-del-rally-ourense-termal\\\/#organizationLogo\"}},{\"@type\":\"Person\",\"@id\":\"https:\\\/\\\/eldigitaldeasturias.com\\\/magazine365\\\/author\\\/admin\\\/#author\",\"url\":\"https:\\\/\\\/eldigitaldeasturias.com\\\/magazine365\\\/author\\\/admin\\\/\",\"name\":\"admin\",\"image\":{\"@type\":\"ImageObject\",\"@id\":\"https:\\\/\\\/eldigitaldeasturias.com\\\/magazine365\\\/ourense-prepara-la-47-edicion-del-rally-ourense-termal\\\/#authorImage\",\"url\":\"https:\\\/\\\/eldigitaldeasturias.com\\\/magazine365\\\/wp-content\\\/litespeed\\\/avatar\\\/e571bcf59a0edd6fa6838245a470f2fe.jpg?ver=1777574230\",\"width\":96,\"height\":96,\"caption\":\"admin\"}},{\"@type\":\"WebPage\",\"@id\":\"https:\\\/\\\/eldigitaldeasturias.com\\\/magazine365\\\/ourense-prepara-la-47-edicion-del-rally-ourense-termal\\\/#webpage\",\"url\":\"https:\\\/\\\/eldigitaldeasturias.com\\\/magazine365\\\/ourense-prepara-la-47-edicion-del-rally-ourense-termal\\\/\",\"name\":\"Ourense prepara la 47 edici\\u00f3n del Rally Ourense Termal | El Digital de Asturias\",\"description\":\"Ourense, 29 may (EFE).- La provincia de Ourense se prepara para albergar el pr\\u00f3ximo mes de junio, en concreto los d\\u00edas 13 y 14 de junio, la 47 edici\\u00f3n del Rally Ourense Termal, una cita que sit\\u00faa a la ciudad en capital termal y automovil\\u00edstica de Galicia, con una prueba puntuable en el campeonato de\",\"inLanguage\":\"es-ES\",\"isPartOf\":{\"@id\":\"https:\\\/\\\/eldigitaldeasturias.com\\\/magazine365\\\/#website\"},\"breadcrumb\":{\"@id\":\"https:\\\/\\\/eldigitaldeasturias.com\\\/magazine365\\\/ourense-prepara-la-47-edicion-del-rally-ourense-termal\\\/#breadcrumblist\"},\"author\":{\"@id\":\"https:\\\/\\\/eldigitaldeasturias.com\\\/magazine365\\\/author\\\/admin\\\/#author\"},\"creator\":{\"@id\":\"https:\\\/\\\/eldigitaldeasturias.com\\\/magazine365\\\/author\\\/admin\\\/#author\"},\"image\":{\"@type\":\"ImageObject\",\"url\":\"https:\\\/\\\/eldigitaldeasturias.com\\\/magazine365\\\/wp-content\\\/uploads\\\/2014\\\/05\\\/6314147w.jpg\",\"@id\":\"https:\\\/\\\/eldigitaldeasturias.com\\\/magazine365\\\/ourense-prepara-la-47-edicion-del-rally-ourense-termal\\\/#mainImage\",\"width\":800,\"height\":534},\"primaryImageOfPage\":{\"@id\":\"https:\\\/\\\/eldigitaldeasturias.com\\\/magazine365\\\/ourense-prepara-la-47-edicion-del-rally-ourense-termal\\\/#mainImage\"},\"datePublished\":\"2014-05-30T00:12:54+02:00\",\"dateModified\":\"2014-05-30T00:12:54+02:00\"},{\"@type\":\"WebSite\",\"@id\":\"https:\\\/\\\/eldigitaldeasturias.com\\\/magazine365\\\/#website\",\"url\":\"https:\\\/\\\/eldigitaldeasturias.com\\\/magazine365\\\/\",\"name\":\"El Digital de Asturias\",\"description\":\"Revista de ocio, turismo y estilo de vida\",\"inLanguage\":\"es-ES\",\"publisher\":{\"@id\":\"https:\\\/\\\/eldigitaldeasturias.com\\\/magazine365\\\/#organization\"}}]}\n\t\t<\/script>\n\t\t<!-- All in One SEO Pro -->\r\n\t\t<title>Ourense prepara la 47 edici\u00f3n del Rally Ourense Termal | El Digital de Asturias<\/title>\n\n","aioseo_head_json":{"title":"Ourense prepara la 47 edici\u00f3n del Rally Ourense Termal | El Digital de Asturias","description":"Ourense, 29 may (EFE).- La provincia de Ourense se prepara para albergar el pr\u00f3ximo mes de junio, en concreto los d\u00edas 13 y 14 de junio, la 47 edici\u00f3n del Rally Ourense Termal, una cita que sit\u00faa a la ciudad en capital termal y automovil\u00edstica de Galicia, con una prueba puntuable en el campeonato de","canonical_url":"https:\/\/eldigitaldeasturias.com\/magazine365\/ourense-prepara-la-47-edicion-del-rally-ourense-termal\/","robots":"max-image-preview:large","keywords":"noticias y actualidad","webmasterTools":{"google-site-verification":"UA-38556648-1","miscellaneous":""},"schema":{"@context":"https:\/\/schema.org","@graph":[{"@type":"Article","@id":"https:\/\/eldigitaldeasturias.com\/magazine365\/ourense-prepara-la-47-edicion-del-rally-ourense-termal\/#article","name":"Ourense prepara la 47 edici\u00f3n del Rally Ourense Termal | El Digital de Asturias","headline":"Ourense prepara la 47 edici\u00f3n del Rally Ourense Termal","author":{"@id":"https:\/\/eldigitaldeasturias.com\/magazine365\/author\/admin\/#author"},"publisher":{"@id":"https:\/\/eldigitaldeasturias.com\/magazine365\/#organization"},"image":{"@type":"ImageObject","url":"https:\/\/eldigitaldeasturias.com\/magazine365\/wp-content\/uploads\/2014\/05\/6314147w.jpg","width":800,"height":534},"datePublished":"2014-05-30T00:12:54+02:00","dateModified":"2014-05-30T00:12:54+02:00","inLanguage":"es-ES","mainEntityOfPage":{"@id":"https:\/\/eldigitaldeasturias.com\/magazine365\/ourense-prepara-la-47-edicion-del-rally-ourense-termal\/#webpage"},"isPartOf":{"@id":"https:\/\/eldigitaldeasturias.com\/magazine365\/ourense-prepara-la-47-edicion-del-rally-ourense-termal\/#webpage"},"articleSection":"Noticias y Actualidad"},{"@type":"BreadcrumbList","@id":"https:\/\/eldigitaldeasturias.com\/magazine365\/ourense-prepara-la-47-edicion-del-rally-ourense-termal\/#breadcrumblist","itemListElement":[{"@type":"ListItem","@id":"https:\/\/eldigitaldeasturias.com\/magazine365#listItem","position":1,"name":"Home","item":"https:\/\/eldigitaldeasturias.com\/magazine365","nextItem":{"@type":"ListItem","@id":"https:\/\/eldigitaldeasturias.com\/magazine365\/category\/noticias-actualidad\/#listItem","name":"Noticias y Actualidad"}},{"@type":"ListItem","@id":"https:\/\/eldigitaldeasturias.com\/magazine365\/category\/noticias-actualidad\/#listItem","position":2,"name":"Noticias y Actualidad","item":"https:\/\/eldigitaldeasturias.com\/magazine365\/category\/noticias-actualidad\/","nextItem":{"@type":"ListItem","@id":"https:\/\/eldigitaldeasturias.com\/magazine365\/ourense-prepara-la-47-edicion-del-rally-ourense-termal\/#listItem","name":"Ourense prepara la 47 edici\u00f3n del Rally Ourense Termal"},"previousItem":{"@type":"ListItem","@id":"https:\/\/eldigitaldeasturias.com\/magazine365#listItem","name":"Home"}},{"@type":"ListItem","@id":"https:\/\/eldigitaldeasturias.com\/magazine365\/ourense-prepara-la-47-edicion-del-rally-ourense-termal\/#listItem","position":3,"name":"Ourense prepara la 47 edici\u00f3n del Rally Ourense Termal","previousItem":{"@type":"ListItem","@id":"https:\/\/eldigitaldeasturias.com\/magazine365\/category\/noticias-actualidad\/#listItem","name":"Noticias y Actualidad"}}]},{"@type":"Organization","@id":"https:\/\/eldigitaldeasturias.com\/magazine365\/#organization","name":"El digital de Asturias","description":"Revista de ocio, turismo y estilo de vida","url":"https:\/\/eldigitaldeasturias.com\/magazine365\/","logo":{"@type":"ImageObject","url":"https:\/\/www.eldigitaldeasturias.com\/noticias\/wp-content\/uploads\/2020\/12\/EDA.jpg","@id":"https:\/\/eldigitaldeasturias.com\/magazine365\/ourense-prepara-la-47-edicion-del-rally-ourense-termal\/#organizationLogo"},"image":{"@id":"https:\/\/eldigitaldeasturias.com\/magazine365\/ourense-prepara-la-47-edicion-del-rally-ourense-termal\/#organizationLogo"}},{"@type":"Person","@id":"https:\/\/eldigitaldeasturias.com\/magazine365\/author\/admin\/#author","url":"https:\/\/eldigitaldeasturias.com\/magazine365\/author\/admin\/","name":"admin","image":{"@type":"ImageObject","@id":"https:\/\/eldigitaldeasturias.com\/magazine365\/ourense-prepara-la-47-edicion-del-rally-ourense-termal\/#authorImage","url":"https:\/\/eldigitaldeasturias.com\/magazine365\/wp-content\/litespeed\/avatar\/e571bcf59a0edd6fa6838245a470f2fe.jpg?ver=1777574230","width":96,"height":96,"caption":"admin"}},{"@type":"WebPage","@id":"https:\/\/eldigitaldeasturias.com\/magazine365\/ourense-prepara-la-47-edicion-del-rally-ourense-termal\/#webpage","url":"https:\/\/eldigitaldeasturias.com\/magazine365\/ourense-prepara-la-47-edicion-del-rally-ourense-termal\/","name":"Ourense prepara la 47 edici\u00f3n del Rally Ourense Termal | El Digital de Asturias","description":"Ourense, 29 may (EFE).- La provincia de Ourense se prepara para albergar el pr\u00f3ximo mes de junio, en concreto los d\u00edas 13 y 14 de junio, la 47 edici\u00f3n del Rally Ourense Termal, una cita que sit\u00faa a la ciudad en capital termal y automovil\u00edstica de Galicia, con una prueba puntuable en el campeonato de","inLanguage":"es-ES","isPartOf":{"@id":"https:\/\/eldigitaldeasturias.com\/magazine365\/#website"},"breadcrumb":{"@id":"https:\/\/eldigitaldeasturias.com\/magazine365\/ourense-prepara-la-47-edicion-del-rally-ourense-termal\/#breadcrumblist"},"author":{"@id":"https:\/\/eldigitaldeasturias.com\/magazine365\/author\/admin\/#author"},"creator":{"@id":"https:\/\/eldigitaldeasturias.com\/magazine365\/author\/admin\/#author"},"image":{"@type":"ImageObject","url":"https:\/\/eldigitaldeasturias.com\/magazine365\/wp-content\/uploads\/2014\/05\/6314147w.jpg","@id":"https:\/\/eldigitaldeasturias.com\/magazine365\/ourense-prepara-la-47-edicion-del-rally-ourense-termal\/#mainImage","width":800,"height":534},"primaryImageOfPage":{"@id":"https:\/\/eldigitaldeasturias.com\/magazine365\/ourense-prepara-la-47-edicion-del-rally-ourense-termal\/#mainImage"},"datePublished":"2014-05-30T00:12:54+02:00","dateModified":"2014-05-30T00:12:54+02:00"},{"@type":"WebSite","@id":"https:\/\/eldigitaldeasturias.com\/magazine365\/#website","url":"https:\/\/eldigitaldeasturias.com\/magazine365\/","name":"El Digital de Asturias","description":"Revista de ocio, turismo y estilo de vida","inLanguage":"es-ES","publisher":{"@id":"https:\/\/eldigitaldeasturias.com\/magazine365\/#organization"}}]},"og:locale":"es_ES","og:site_name":"El Digital de Asturias \u2013 Revista de ocio, turismo y estilo de vida","og:type":"article","og:title":"Ourense prepara la 47 edici\u00f3n del Rally Ourense Termal | El Digital de Asturias","og:description":"Ourense, 29 may (EFE).- La provincia de Ourense se prepara para albergar el pr\u00f3ximo mes de junio, en concreto los d\u00edas 13 y 14 de junio, la 47 edici\u00f3n del Rally Ourense Termal, una cita que sit\u00faa a la ciudad en capital termal y automovil\u00edstica de Galicia, con una prueba puntuable en el campeonato de","og:url":"https:\/\/eldigitaldeasturias.com\/magazine365\/ourense-prepara-la-47-edicion-del-rally-ourense-termal\/","og:image":"https:\/\/eldigitaldeasturias.com\/magazine365\/wp-content\/uploads\/2014\/05\/6314147w.jpg","og:image:secure_url":"https:\/\/eldigitaldeasturias.com\/magazine365\/wp-content\/uploads\/2014\/05\/6314147w.jpg","og:image:width":800,"og:image:height":534,"article:published_time":"2014-05-30T02:12:54+00:00","article:modified_time":"2014-05-30T02:12:54+00:00","twitter:card":"summary_large_image","twitter:title":"Ourense prepara la 47 edici\u00f3n del Rally Ourense Termal | El Digital de Asturias","twitter:description":"Ourense, 29 may (EFE).- La provincia de Ourense se prepara para albergar el pr\u00f3ximo mes de junio, en concreto los d\u00edas 13 y 14 de junio, la 47 edici\u00f3n del Rally Ourense Termal, una cita que sit\u00faa a la ciudad en capital termal y automovil\u00edstica de Galicia, con una prueba puntuable en el campeonato de","twitter:image":"https:\/\/eldigitaldeasturias.com\/magazine365\/wp-content\/uploads\/2014\/05\/6314147w.jpg"},"aioseo_meta_data":{"post_id":"14391","title":null,"description":null,"keywords":null,"keyphrases":null,"primary_term":null,"canonical_url":null,"og_title":null,"og_description":null,"og_object_type":"default","og_image_type":"default","og_image_url":null,"og_image_width":null,"og_image_height":null,"og_image_custom_url":null,"og_image_custom_fields":null,"og_video":null,"og_custom_url":null,"og_article_section":null,"og_article_tags":null,"twitter_use_og":false,"twitter_card":"default","twitter_image_type":"default","twitter_image_url":null,"twitter_image_custom_url":null,"twitter_image_custom_fields":null,"twitter_title":null,"twitter_description":null,"schema":{"blockGraphs":[],"customGraphs":[],"default":{"data":{"Article":[],"Course":[],"Dataset":[],"FAQPage":[],"Movie":[],"Person":[],"Product":[],"ProductReview":[],"Car":[],"Recipe":[],"Service":[],"SoftwareApplication":[],"WebPage":[]},"graphName":"","isEnabled":true},"graphs":[],"defaultGraph":"","defaultPostTypeGraph":""},"schema_type":null,"schema_type_options":null,"pillar_content":false,"robots_default":true,"robots_noindex":false,"robots_noarchive":false,"robots_nosnippet":false,"robots_nofollow":false,"robots_noimageindex":false,"robots_noodp":false,"robots_notranslate":false,"robots_max_snippet":null,"robots_max_videopreview":null,"robots_max_imagepreview":"large","priority":null,"frequency":null,"location":null,"local_seo":null,"seo_analyzer_scan_date":"2025-09-17 10:02:41","breadcrumb_settings":null,"limit_modified_date":false,"open_ai":null,"ai":null,"created":"2021-03-09 08:15:40","updated":"2025-09-17 10:02:41"},"aioseo_breadcrumb":"<div class=\"aioseo-breadcrumbs\"><span class=\"aioseo-breadcrumb\">\n\t<a href=\"https:\/\/eldigitaldeasturias.com\/magazine365\" title=\"Home\">Home<\/a>\n<\/span><span class=\"aioseo-breadcrumb-separator\">\u2013<\/span><span class=\"aioseo-breadcrumb\">\n\t<a href=\"https:\/\/eldigitaldeasturias.com\/magazine365\/category\/noticias-actualidad\/\" title=\"Noticias y Actualidad\">Noticias y Actualidad<\/a>\n<\/span><span class=\"aioseo-breadcrumb-separator\">\u2013<\/span><span class=\"aioseo-breadcrumb\">\n\t<a href=\"https:\/\/eldigitaldeasturias.com\/magazine365\/ourense-prepara-la-47-edicion-del-rally-ourense-termal\/\" title=\"Ourense prepara la 47 edici\u00f3n del Rally Ourense Termal\">Ourense prepara la 47 edici\u00f3n del Rally Ourense Termal<\/a>\n<\/span><\/div>","aioseo_breadcrumb_json":[{"label":"Home","link":"https:\/\/eldigitaldeasturias.com\/magazine365"},{"label":"Noticias y Actualidad","link":"https:\/\/eldigitaldeasturias.com\/magazine365\/category\/noticias-actualidad\/"},{"label":"Ourense prepara la 47 edici\u00f3n del Rally Ourense Termal","link":"https:\/\/eldigitaldeasturias.com\/magazine365\/ourense-prepara-la-47-edicion-del-rally-ourense-termal\/"}],"_links":{"self":[{"href":"https:\/\/eldigitaldeasturias.com\/magazine365\/wp-json\/wp\/v2\/posts\/14391","targetHints":{"allow":["GET"]}}],"collection":[{"href":"https:\/\/eldigitaldeasturias.com\/magazine365\/wp-json\/wp\/v2\/posts"}],"about":[{"href":"https:\/\/eldigitaldeasturias.com\/magazine365\/wp-json\/wp\/v2\/types\/post"}],"author":[{"embeddable":true,"href":"https:\/\/eldigitaldeasturias.com\/magazine365\/wp-json\/wp\/v2\/users\/1"}],"replies":[{"embeddable":true,"href":"https:\/\/eldigitaldeasturias.com\/magazine365\/wp-json\/wp\/v2\/comments?post=14391"}],"version-history":[{"count":0,"href":"https:\/\/eldigitaldeasturias.com\/magazine365\/wp-json\/wp\/v2\/posts\/14391\/revisions"}],"wp:featuredmedia":[{"embeddable":true,"href":"https:\/\/eldigitaldeasturias.com\/magazine365\/wp-json\/wp\/v2\/media\/14392"}],"wp:attachment":[{"href":"https:\/\/eldigitaldeasturias.com\/magazine365\/wp-json\/wp\/v2\/media?parent=14391"}],"wp:term":[{"taxonomy":"category","embeddable":true,"href":"https:\/\/eldigitaldeasturias.com\/magazine365\/wp-json\/wp\/v2\/categories?post=14391"},{"taxonomy":"post_tag","embeddable":true,"href":"https:\/\/eldigitaldeasturias.com\/magazine365\/wp-json\/wp\/v2\/tags?post=14391"}],"curies":[{"name":"wp","href":"https:\/\/api.w.org\/{rel}","templated":true}]}}