{"id":14388,"date":"2014-05-30T00:11:04","date_gmt":"2014-05-30T02:11:04","guid":{"rendered":"http:\/\/eldigitaldeasturias.com\/magazine365\/?p=14388"},"modified":"2014-05-30T00:11:04","modified_gmt":"2014-05-30T02:11:04","slug":"romina-power-y-al-bano-cantaran-juntos-en-peralada-tras-20-anos-de-ausencia","status":"publish","type":"post","link":"https:\/\/eldigitaldeasturias.com\/magazine365\/romina-power-y-al-bano-cantaran-juntos-en-peralada-tras-20-anos-de-ausencia\/","title":{"rendered":"Romina Power y Al Bano cantar\u00e1n juntos en Peralada, tras 20 a\u00f1os de ausencia"},"content":{"rendered":"<p><img fetchpriority=\"high\" decoding=\"async\" class=\"alignleft size-medium wp-image-14389\" alt=\"6314939w\" src=\"https:\/\/eldigitaldeasturias.com\/magazine365\/wp-content\/uploads\/2014\/05\/6314939w-360x234.jpg\" width=\"360\" height=\"234\" srcset=\"https:\/\/eldigitaldeasturias.com\/magazine365\/wp-content\/uploads\/2014\/05\/6314939w-360x234.jpg 360w, https:\/\/eldigitaldeasturias.com\/magazine365\/wp-content\/uploads\/2014\/05\/6314939w-650x423.jpg 650w, https:\/\/eldigitaldeasturias.com\/magazine365\/wp-content\/uploads\/2014\/05\/6314939w-768x500.jpg 768w, https:\/\/eldigitaldeasturias.com\/magazine365\/wp-content\/uploads\/2014\/05\/6314939w-150x98.jpg 150w, https:\/\/eldigitaldeasturias.com\/magazine365\/wp-content\/uploads\/2014\/05\/6314939w-450x293.jpg 450w, https:\/\/eldigitaldeasturias.com\/magazine365\/wp-content\/uploads\/2014\/05\/6314939w-696x453.jpg 696w, https:\/\/eldigitaldeasturias.com\/magazine365\/wp-content\/uploads\/2014\/05\/6314939w-645x420.jpg 645w, https:\/\/eldigitaldeasturias.com\/magazine365\/wp-content\/uploads\/2014\/05\/6314939w-225x145.jpg 225w, https:\/\/eldigitaldeasturias.com\/magazine365\/wp-content\/uploads\/2014\/05\/6314939w-84x55.jpg 84w, https:\/\/eldigitaldeasturias.com\/magazine365\/wp-content\/uploads\/2014\/05\/6314939w.jpg 800w\" sizes=\"(max-width: 360px) 100vw, 360px\" \/>Barcelona, 29 may (EFE).- Los cantantes Romina Power y Al Bano actuar\u00e1n juntos el pr\u00f3ximo 5 de agosto en el auditorio de los jardines del Castillo de Peralada, tras 20 a\u00f1os de ausencia en Espa\u00f1a, seg\u00fan ha confirmado hoy el propio cantante italiano en una rueda de prensa celebrada en el Casino de Barcelona.<\/p>\n<p>La ruptura sentimental de Romina Power y Al Bano en 1999 puso fin a las actuaciones a d\u00fao de esta almibarada pareja, que durante treinta a\u00f1os expres\u00f3 sus sentimientos amorosos cantando por todo el mundo.<\/p>\n<p>Al Bano ha confesado que esta actuaci\u00f3n es fruto de la gran amistad que une a la pareja con los art\u00edfices del Festival de Peralada, Carmen Mateu de Suqu\u00e9 y su marido, Arturo Suqu\u00e9, que cumple 83 a\u00f1os el 6 de agosto, y en cuya mansi\u00f3n de la Costa Brava se alojaron Power y Al Bano cuando a\u00fan eran un matrimonio bien avenido.<\/p>\n<p>Para Al Bano, esta actuaci\u00f3n es una excepci\u00f3n, ya que el italiano desea continuar su vida profesional como cantante en solitario, aunque desde el pasado oto\u00f1o haya participado en varios conciertos con Romina, el primero en Mosc\u00fa, m\u00e1s cinco d\u00faos m\u00e1s, tres en Estados Unidos y dos en Canad\u00e1.<\/p>\n<p>\u00abRomina y yo hemos roto el hielo\u00bb, se ha sincerado el cantante, al hablar de la actual relaci\u00f3n con su exmujer, con la que protagoniz\u00f3 numerosas disputas tras la desaparici\u00f3n de su hija Ylenia en Nueva Orleans el 31 de diciembre de 1994.<\/p>\n<p>Mientras que Al Bano prefiri\u00f3, con el paso del tiempo, dar por muerta a su hija, pasar p\u00e1gina y, a\u00f1os despu\u00e9s, formar una nueva familia, Romina Power nunca quiso aceptar esa premisa.<\/p>\n<p>\u00abPese a que nuestro primer concierto en Mosc\u00fa fue un desastre, porque no encontr\u00e1bamos el tono adecuado y tuvimos que buscarlo salom\u00f3nicamente, Romina conoci\u00f3 despu\u00e9s a mi nueva familia y a mis hijos y se produjo entre ellos una fusi\u00f3n muy interesante\u00bb, ha asegurado Al Bano.<\/p>\n<p>El cantante italiano, ataviado con su eterno sombrero \u00abPanam\u00e1\u00bb, una cazadora de piel marr\u00f3n y un fular estampado en tonos grises, ha anunciado que el espect\u00e1culo de Peralada ser\u00e1 \u00abmuy bello\u00bb y que tendr\u00e1 su punto de sorpresa, porque cantar\u00e1n al pasado \u00abmirando al futuro\u00bb.<\/p>\n<p>Al Bano ha asegurado que Romina accedi\u00f3 sin vacilar un momento a participar en esta actuaci\u00f3n y que tiene la intenci\u00f3n de dar el \u00abdo de pecho\u00bb en este \u00abconcierto interpretado, que ir\u00e1 m\u00e1s all\u00e1 de la palabra, con m\u00fasica cl\u00e1sica italiana, baladas,y en el que nos esforzaremos al 130 por ciento\u00bb.<\/p>\n<p>Tras confesar que los a\u00f1os 90 fueron los m\u00e1s terribles de su vida, el cantante italiano ha subrayado que ahora se siente \u00abperfecto\u00bb, porque: \u00abdespu\u00e9s de muchos a\u00f1os sin hablarnos, ha pasado la guerra y ha surgido la paz entre nosotros\u00bb.<\/p>\n<p>\u00abLa felicidad es como una anguila, que se te escapa de las manos cuando intentas cogerla, pero lo m\u00e1s importante es lograr la serenidad que yo tengo ahora; pienso que lo mejor est\u00e1 a\u00fan por llegar\u00bb, ha reflexionado.<\/p>\n<p>El cantante italiano reconoce que en las actuaciones Al Bano- Romina Power el p\u00fablico a\u00fan se emociona, pero recuerda que ha sido muy duro nacer de nuevo como solista por lo que \u00abla idea de hacer d\u00fao no me gusta demasiado\u00bb, reconoce.<\/p>\n<p>\u00abNo fui yo quien me march\u00e9; cuando me cas\u00e9, fue una explosi\u00f3n de amor total del que, ego\u00edstamente, no quer\u00eda perderme ni un minuto, durara lo que durara y no hay palabras para explicar todo lo que yo luch\u00e9\u00bb, ha reflexionado.<\/p>\n","protected":false},"excerpt":{"rendered":"<p>Barcelona, 29 may (EFE).- Los cantantes Romina Power y Al Bano actuar\u00e1n juntos el pr\u00f3ximo 5 de agosto en el auditorio de los jardines del Castillo de Peralada, tras 20 a\u00f1os de ausencia en Espa\u00f1a, seg\u00fan ha confirmado hoy el propio cantante italiano en una rueda de prensa celebrada en el Casino de Barcelona. La<\/p>\n","protected":false},"author":1,"featured_media":14389,"comment_status":"open","ping_status":"closed","sticky":false,"template":"","format":"standard","meta":{"footnotes":""},"categories":[224],"tags":[],"class_list":{"0":"post-14388","1":"post","2":"type-post","3":"status-publish","4":"format-standard","5":"has-post-thumbnail","7":"category-noticias-actualidad"},"aioseo_notices":[],"aioseo_head":"\n\t\t<!-- All in One SEO Pro 4.9.6.1 - aioseo.com -->\n\t<meta name=\"description\" content=\"Barcelona, 29 may (EFE).- Los cantantes Romina Power y Al Bano actuar\u00e1n juntos el pr\u00f3ximo 5 de agosto en el auditorio de los jardines del Castillo de Peralada, tras 20 a\u00f1os de ausencia en Espa\u00f1a, seg\u00fan ha confirmado hoy el propio cantante italiano en una rueda de prensa celebrada en el Casino de Barcelona. La\" \/>\n\t<meta name=\"robots\" content=\"max-image-preview:large\" \/>\n\t<meta name=\"author\" content=\"admin\"\/>\n\t<meta name=\"google-site-verification\" content=\"UA-38556648-1\" \/>\n\t<meta name=\"keywords\" content=\"noticias y actualidad\" \/>\n\t<link rel=\"canonical\" href=\"https:\/\/eldigitaldeasturias.com\/magazine365\/romina-power-y-al-bano-cantaran-juntos-en-peralada-tras-20-anos-de-ausencia\/\" \/>\n\t<meta name=\"generator\" content=\"All in One SEO Pro (AIOSEO) 4.9.6.1\" \/>\n\t\t<meta property=\"og:locale\" content=\"es_ES\" \/>\n\t\t<meta property=\"og:site_name\" content=\"El Digital de Asturias \u2013 Revista de ocio, turismo y estilo de vida\" \/>\n\t\t<meta property=\"og:type\" content=\"article\" \/>\n\t\t<meta property=\"og:title\" content=\"Romina Power y Al Bano cantar\u00e1n juntos en Peralada, tras 20 a\u00f1os de ausencia | El Digital de Asturias\" \/>\n\t\t<meta property=\"og:description\" content=\"Barcelona, 29 may (EFE).- Los cantantes Romina Power y Al Bano actuar\u00e1n juntos el pr\u00f3ximo 5 de agosto en el auditorio de los jardines del Castillo de Peralada, tras 20 a\u00f1os de ausencia en Espa\u00f1a, seg\u00fan ha confirmado hoy el propio cantante italiano en una rueda de prensa celebrada en el Casino de Barcelona. La\" \/>\n\t\t<meta property=\"og:url\" content=\"https:\/\/eldigitaldeasturias.com\/magazine365\/romina-power-y-al-bano-cantaran-juntos-en-peralada-tras-20-anos-de-ausencia\/\" \/>\n\t\t<meta property=\"og:image\" content=\"https:\/\/eldigitaldeasturias.com\/magazine365\/wp-content\/uploads\/2014\/05\/6314939w.jpg\" \/>\n\t\t<meta property=\"og:image:secure_url\" content=\"https:\/\/eldigitaldeasturias.com\/magazine365\/wp-content\/uploads\/2014\/05\/6314939w.jpg\" \/>\n\t\t<meta property=\"og:image:width\" content=\"800\" \/>\n\t\t<meta property=\"og:image:height\" content=\"521\" \/>\n\t\t<meta property=\"article:published_time\" content=\"2014-05-30T02:11:04+00:00\" \/>\n\t\t<meta property=\"article:modified_time\" content=\"2014-05-30T02:11:04+00:00\" \/>\n\t\t<meta name=\"twitter:card\" content=\"summary_large_image\" \/>\n\t\t<meta name=\"twitter:title\" content=\"Romina Power y Al Bano cantar\u00e1n juntos en Peralada, tras 20 a\u00f1os de ausencia | El Digital de Asturias\" \/>\n\t\t<meta name=\"twitter:description\" content=\"Barcelona, 29 may (EFE).- Los cantantes Romina Power y Al Bano actuar\u00e1n juntos el pr\u00f3ximo 5 de agosto en el auditorio de los jardines del Castillo de Peralada, tras 20 a\u00f1os de ausencia en Espa\u00f1a, seg\u00fan ha confirmado hoy el propio cantante italiano en una rueda de prensa celebrada en el Casino de Barcelona. La\" \/>\n\t\t<meta name=\"twitter:image\" content=\"https:\/\/eldigitaldeasturias.com\/magazine365\/wp-content\/uploads\/2014\/05\/6314939w.jpg\" \/>\n\t\t<script type=\"application\/ld+json\" class=\"aioseo-schema\">\n\t\t\t{\"@context\":\"https:\\\/\\\/schema.org\",\"@graph\":[{\"@type\":\"Article\",\"@id\":\"https:\\\/\\\/eldigitaldeasturias.com\\\/magazine365\\\/romina-power-y-al-bano-cantaran-juntos-en-peralada-tras-20-anos-de-ausencia\\\/#article\",\"name\":\"Romina Power y Al Bano cantar\\u00e1n juntos en Peralada, tras 20 a\\u00f1os de ausencia | El Digital de Asturias\",\"headline\":\"Romina Power y Al Bano cantar\\u00e1n juntos en Peralada, tras 20 a\\u00f1os de ausencia\",\"author\":{\"@id\":\"https:\\\/\\\/eldigitaldeasturias.com\\\/magazine365\\\/author\\\/admin\\\/#author\"},\"publisher\":{\"@id\":\"https:\\\/\\\/eldigitaldeasturias.com\\\/magazine365\\\/#organization\"},\"image\":{\"@type\":\"ImageObject\",\"url\":\"https:\\\/\\\/eldigitaldeasturias.com\\\/magazine365\\\/wp-content\\\/uploads\\\/2014\\\/05\\\/6314939w.jpg\",\"width\":800,\"height\":521},\"datePublished\":\"2014-05-30T00:11:04+02:00\",\"dateModified\":\"2014-05-30T00:11:04+02:00\",\"inLanguage\":\"es-ES\",\"mainEntityOfPage\":{\"@id\":\"https:\\\/\\\/eldigitaldeasturias.com\\\/magazine365\\\/romina-power-y-al-bano-cantaran-juntos-en-peralada-tras-20-anos-de-ausencia\\\/#webpage\"},\"isPartOf\":{\"@id\":\"https:\\\/\\\/eldigitaldeasturias.com\\\/magazine365\\\/romina-power-y-al-bano-cantaran-juntos-en-peralada-tras-20-anos-de-ausencia\\\/#webpage\"},\"articleSection\":\"Noticias y Actualidad\"},{\"@type\":\"BreadcrumbList\",\"@id\":\"https:\\\/\\\/eldigitaldeasturias.com\\\/magazine365\\\/romina-power-y-al-bano-cantaran-juntos-en-peralada-tras-20-anos-de-ausencia\\\/#breadcrumblist\",\"itemListElement\":[{\"@type\":\"ListItem\",\"@id\":\"https:\\\/\\\/eldigitaldeasturias.com\\\/magazine365#listItem\",\"position\":1,\"name\":\"Home\",\"item\":\"https:\\\/\\\/eldigitaldeasturias.com\\\/magazine365\",\"nextItem\":{\"@type\":\"ListItem\",\"@id\":\"https:\\\/\\\/eldigitaldeasturias.com\\\/magazine365\\\/category\\\/noticias-actualidad\\\/#listItem\",\"name\":\"Noticias y Actualidad\"}},{\"@type\":\"ListItem\",\"@id\":\"https:\\\/\\\/eldigitaldeasturias.com\\\/magazine365\\\/category\\\/noticias-actualidad\\\/#listItem\",\"position\":2,\"name\":\"Noticias y Actualidad\",\"item\":\"https:\\\/\\\/eldigitaldeasturias.com\\\/magazine365\\\/category\\\/noticias-actualidad\\\/\",\"nextItem\":{\"@type\":\"ListItem\",\"@id\":\"https:\\\/\\\/eldigitaldeasturias.com\\\/magazine365\\\/romina-power-y-al-bano-cantaran-juntos-en-peralada-tras-20-anos-de-ausencia\\\/#listItem\",\"name\":\"Romina Power y Al Bano cantar\\u00e1n juntos en Peralada, tras 20 a\\u00f1os de ausencia\"},\"previousItem\":{\"@type\":\"ListItem\",\"@id\":\"https:\\\/\\\/eldigitaldeasturias.com\\\/magazine365#listItem\",\"name\":\"Home\"}},{\"@type\":\"ListItem\",\"@id\":\"https:\\\/\\\/eldigitaldeasturias.com\\\/magazine365\\\/romina-power-y-al-bano-cantaran-juntos-en-peralada-tras-20-anos-de-ausencia\\\/#listItem\",\"position\":3,\"name\":\"Romina Power y Al Bano cantar\\u00e1n juntos en Peralada, tras 20 a\\u00f1os de ausencia\",\"previousItem\":{\"@type\":\"ListItem\",\"@id\":\"https:\\\/\\\/eldigitaldeasturias.com\\\/magazine365\\\/category\\\/noticias-actualidad\\\/#listItem\",\"name\":\"Noticias y Actualidad\"}}]},{\"@type\":\"Organization\",\"@id\":\"https:\\\/\\\/eldigitaldeasturias.com\\\/magazine365\\\/#organization\",\"name\":\"El digital de Asturias\",\"description\":\"Revista de ocio, turismo y estilo de vida\",\"url\":\"https:\\\/\\\/eldigitaldeasturias.com\\\/magazine365\\\/\",\"logo\":{\"@type\":\"ImageObject\",\"url\":\"https:\\\/\\\/www.eldigitaldeasturias.com\\\/noticias\\\/wp-content\\\/uploads\\\/2020\\\/12\\\/EDA.jpg\",\"@id\":\"https:\\\/\\\/eldigitaldeasturias.com\\\/magazine365\\\/romina-power-y-al-bano-cantaran-juntos-en-peralada-tras-20-anos-de-ausencia\\\/#organizationLogo\"},\"image\":{\"@id\":\"https:\\\/\\\/eldigitaldeasturias.com\\\/magazine365\\\/romina-power-y-al-bano-cantaran-juntos-en-peralada-tras-20-anos-de-ausencia\\\/#organizationLogo\"}},{\"@type\":\"Person\",\"@id\":\"https:\\\/\\\/eldigitaldeasturias.com\\\/magazine365\\\/author\\\/admin\\\/#author\",\"url\":\"https:\\\/\\\/eldigitaldeasturias.com\\\/magazine365\\\/author\\\/admin\\\/\",\"name\":\"admin\",\"image\":{\"@type\":\"ImageObject\",\"@id\":\"https:\\\/\\\/eldigitaldeasturias.com\\\/magazine365\\\/romina-power-y-al-bano-cantaran-juntos-en-peralada-tras-20-anos-de-ausencia\\\/#authorImage\",\"url\":\"https:\\\/\\\/eldigitaldeasturias.com\\\/magazine365\\\/wp-content\\\/litespeed\\\/avatar\\\/e571bcf59a0edd6fa6838245a470f2fe.jpg?ver=1777574230\",\"width\":96,\"height\":96,\"caption\":\"admin\"}},{\"@type\":\"WebPage\",\"@id\":\"https:\\\/\\\/eldigitaldeasturias.com\\\/magazine365\\\/romina-power-y-al-bano-cantaran-juntos-en-peralada-tras-20-anos-de-ausencia\\\/#webpage\",\"url\":\"https:\\\/\\\/eldigitaldeasturias.com\\\/magazine365\\\/romina-power-y-al-bano-cantaran-juntos-en-peralada-tras-20-anos-de-ausencia\\\/\",\"name\":\"Romina Power y Al Bano cantar\\u00e1n juntos en Peralada, tras 20 a\\u00f1os de ausencia | El Digital de Asturias\",\"description\":\"Barcelona, 29 may (EFE).- Los cantantes Romina Power y Al Bano actuar\\u00e1n juntos el pr\\u00f3ximo 5 de agosto en el auditorio de los jardines del Castillo de Peralada, tras 20 a\\u00f1os de ausencia en Espa\\u00f1a, seg\\u00fan ha confirmado hoy el propio cantante italiano en una rueda de prensa celebrada en el Casino de Barcelona. La\",\"inLanguage\":\"es-ES\",\"isPartOf\":{\"@id\":\"https:\\\/\\\/eldigitaldeasturias.com\\\/magazine365\\\/#website\"},\"breadcrumb\":{\"@id\":\"https:\\\/\\\/eldigitaldeasturias.com\\\/magazine365\\\/romina-power-y-al-bano-cantaran-juntos-en-peralada-tras-20-anos-de-ausencia\\\/#breadcrumblist\"},\"author\":{\"@id\":\"https:\\\/\\\/eldigitaldeasturias.com\\\/magazine365\\\/author\\\/admin\\\/#author\"},\"creator\":{\"@id\":\"https:\\\/\\\/eldigitaldeasturias.com\\\/magazine365\\\/author\\\/admin\\\/#author\"},\"image\":{\"@type\":\"ImageObject\",\"url\":\"https:\\\/\\\/eldigitaldeasturias.com\\\/magazine365\\\/wp-content\\\/uploads\\\/2014\\\/05\\\/6314939w.jpg\",\"@id\":\"https:\\\/\\\/eldigitaldeasturias.com\\\/magazine365\\\/romina-power-y-al-bano-cantaran-juntos-en-peralada-tras-20-anos-de-ausencia\\\/#mainImage\",\"width\":800,\"height\":521},\"primaryImageOfPage\":{\"@id\":\"https:\\\/\\\/eldigitaldeasturias.com\\\/magazine365\\\/romina-power-y-al-bano-cantaran-juntos-en-peralada-tras-20-anos-de-ausencia\\\/#mainImage\"},\"datePublished\":\"2014-05-30T00:11:04+02:00\",\"dateModified\":\"2014-05-30T00:11:04+02:00\"},{\"@type\":\"WebSite\",\"@id\":\"https:\\\/\\\/eldigitaldeasturias.com\\\/magazine365\\\/#website\",\"url\":\"https:\\\/\\\/eldigitaldeasturias.com\\\/magazine365\\\/\",\"name\":\"El Digital de Asturias\",\"description\":\"Revista de ocio, turismo y estilo de vida\",\"inLanguage\":\"es-ES\",\"publisher\":{\"@id\":\"https:\\\/\\\/eldigitaldeasturias.com\\\/magazine365\\\/#organization\"}}]}\n\t\t<\/script>\n\t\t<!-- All in One SEO Pro -->\r\n\t\t<title>Romina Power y Al Bano cantar\u00e1n juntos en Peralada, tras 20 a\u00f1os de ausencia | El Digital de Asturias<\/title>\n\n","aioseo_head_json":{"title":"Romina Power y Al Bano cantar\u00e1n juntos en Peralada, tras 20 a\u00f1os de ausencia | El Digital de Asturias","description":"Barcelona, 29 may (EFE).- Los cantantes Romina Power y Al Bano actuar\u00e1n juntos el pr\u00f3ximo 5 de agosto en el auditorio de los jardines del Castillo de Peralada, tras 20 a\u00f1os de ausencia en Espa\u00f1a, seg\u00fan ha confirmado hoy el propio cantante italiano en una rueda de prensa celebrada en el Casino de Barcelona. La","canonical_url":"https:\/\/eldigitaldeasturias.com\/magazine365\/romina-power-y-al-bano-cantaran-juntos-en-peralada-tras-20-anos-de-ausencia\/","robots":"max-image-preview:large","keywords":"noticias y actualidad","webmasterTools":{"google-site-verification":"UA-38556648-1","miscellaneous":""},"schema":{"@context":"https:\/\/schema.org","@graph":[{"@type":"Article","@id":"https:\/\/eldigitaldeasturias.com\/magazine365\/romina-power-y-al-bano-cantaran-juntos-en-peralada-tras-20-anos-de-ausencia\/#article","name":"Romina Power y Al Bano cantar\u00e1n juntos en Peralada, tras 20 a\u00f1os de ausencia | El Digital de Asturias","headline":"Romina Power y Al Bano cantar\u00e1n juntos en Peralada, tras 20 a\u00f1os de ausencia","author":{"@id":"https:\/\/eldigitaldeasturias.com\/magazine365\/author\/admin\/#author"},"publisher":{"@id":"https:\/\/eldigitaldeasturias.com\/magazine365\/#organization"},"image":{"@type":"ImageObject","url":"https:\/\/eldigitaldeasturias.com\/magazine365\/wp-content\/uploads\/2014\/05\/6314939w.jpg","width":800,"height":521},"datePublished":"2014-05-30T00:11:04+02:00","dateModified":"2014-05-30T00:11:04+02:00","inLanguage":"es-ES","mainEntityOfPage":{"@id":"https:\/\/eldigitaldeasturias.com\/magazine365\/romina-power-y-al-bano-cantaran-juntos-en-peralada-tras-20-anos-de-ausencia\/#webpage"},"isPartOf":{"@id":"https:\/\/eldigitaldeasturias.com\/magazine365\/romina-power-y-al-bano-cantaran-juntos-en-peralada-tras-20-anos-de-ausencia\/#webpage"},"articleSection":"Noticias y Actualidad"},{"@type":"BreadcrumbList","@id":"https:\/\/eldigitaldeasturias.com\/magazine365\/romina-power-y-al-bano-cantaran-juntos-en-peralada-tras-20-anos-de-ausencia\/#breadcrumblist","itemListElement":[{"@type":"ListItem","@id":"https:\/\/eldigitaldeasturias.com\/magazine365#listItem","position":1,"name":"Home","item":"https:\/\/eldigitaldeasturias.com\/magazine365","nextItem":{"@type":"ListItem","@id":"https:\/\/eldigitaldeasturias.com\/magazine365\/category\/noticias-actualidad\/#listItem","name":"Noticias y Actualidad"}},{"@type":"ListItem","@id":"https:\/\/eldigitaldeasturias.com\/magazine365\/category\/noticias-actualidad\/#listItem","position":2,"name":"Noticias y Actualidad","item":"https:\/\/eldigitaldeasturias.com\/magazine365\/category\/noticias-actualidad\/","nextItem":{"@type":"ListItem","@id":"https:\/\/eldigitaldeasturias.com\/magazine365\/romina-power-y-al-bano-cantaran-juntos-en-peralada-tras-20-anos-de-ausencia\/#listItem","name":"Romina Power y Al Bano cantar\u00e1n juntos en Peralada, tras 20 a\u00f1os de ausencia"},"previousItem":{"@type":"ListItem","@id":"https:\/\/eldigitaldeasturias.com\/magazine365#listItem","name":"Home"}},{"@type":"ListItem","@id":"https:\/\/eldigitaldeasturias.com\/magazine365\/romina-power-y-al-bano-cantaran-juntos-en-peralada-tras-20-anos-de-ausencia\/#listItem","position":3,"name":"Romina Power y Al Bano cantar\u00e1n juntos en Peralada, tras 20 a\u00f1os de ausencia","previousItem":{"@type":"ListItem","@id":"https:\/\/eldigitaldeasturias.com\/magazine365\/category\/noticias-actualidad\/#listItem","name":"Noticias y Actualidad"}}]},{"@type":"Organization","@id":"https:\/\/eldigitaldeasturias.com\/magazine365\/#organization","name":"El digital de Asturias","description":"Revista de ocio, turismo y estilo de vida","url":"https:\/\/eldigitaldeasturias.com\/magazine365\/","logo":{"@type":"ImageObject","url":"https:\/\/www.eldigitaldeasturias.com\/noticias\/wp-content\/uploads\/2020\/12\/EDA.jpg","@id":"https:\/\/eldigitaldeasturias.com\/magazine365\/romina-power-y-al-bano-cantaran-juntos-en-peralada-tras-20-anos-de-ausencia\/#organizationLogo"},"image":{"@id":"https:\/\/eldigitaldeasturias.com\/magazine365\/romina-power-y-al-bano-cantaran-juntos-en-peralada-tras-20-anos-de-ausencia\/#organizationLogo"}},{"@type":"Person","@id":"https:\/\/eldigitaldeasturias.com\/magazine365\/author\/admin\/#author","url":"https:\/\/eldigitaldeasturias.com\/magazine365\/author\/admin\/","name":"admin","image":{"@type":"ImageObject","@id":"https:\/\/eldigitaldeasturias.com\/magazine365\/romina-power-y-al-bano-cantaran-juntos-en-peralada-tras-20-anos-de-ausencia\/#authorImage","url":"https:\/\/eldigitaldeasturias.com\/magazine365\/wp-content\/litespeed\/avatar\/e571bcf59a0edd6fa6838245a470f2fe.jpg?ver=1777574230","width":96,"height":96,"caption":"admin"}},{"@type":"WebPage","@id":"https:\/\/eldigitaldeasturias.com\/magazine365\/romina-power-y-al-bano-cantaran-juntos-en-peralada-tras-20-anos-de-ausencia\/#webpage","url":"https:\/\/eldigitaldeasturias.com\/magazine365\/romina-power-y-al-bano-cantaran-juntos-en-peralada-tras-20-anos-de-ausencia\/","name":"Romina Power y Al Bano cantar\u00e1n juntos en Peralada, tras 20 a\u00f1os de ausencia | El Digital de Asturias","description":"Barcelona, 29 may (EFE).- Los cantantes Romina Power y Al Bano actuar\u00e1n juntos el pr\u00f3ximo 5 de agosto en el auditorio de los jardines del Castillo de Peralada, tras 20 a\u00f1os de ausencia en Espa\u00f1a, seg\u00fan ha confirmado hoy el propio cantante italiano en una rueda de prensa celebrada en el Casino de Barcelona. La","inLanguage":"es-ES","isPartOf":{"@id":"https:\/\/eldigitaldeasturias.com\/magazine365\/#website"},"breadcrumb":{"@id":"https:\/\/eldigitaldeasturias.com\/magazine365\/romina-power-y-al-bano-cantaran-juntos-en-peralada-tras-20-anos-de-ausencia\/#breadcrumblist"},"author":{"@id":"https:\/\/eldigitaldeasturias.com\/magazine365\/author\/admin\/#author"},"creator":{"@id":"https:\/\/eldigitaldeasturias.com\/magazine365\/author\/admin\/#author"},"image":{"@type":"ImageObject","url":"https:\/\/eldigitaldeasturias.com\/magazine365\/wp-content\/uploads\/2014\/05\/6314939w.jpg","@id":"https:\/\/eldigitaldeasturias.com\/magazine365\/romina-power-y-al-bano-cantaran-juntos-en-peralada-tras-20-anos-de-ausencia\/#mainImage","width":800,"height":521},"primaryImageOfPage":{"@id":"https:\/\/eldigitaldeasturias.com\/magazine365\/romina-power-y-al-bano-cantaran-juntos-en-peralada-tras-20-anos-de-ausencia\/#mainImage"},"datePublished":"2014-05-30T00:11:04+02:00","dateModified":"2014-05-30T00:11:04+02:00"},{"@type":"WebSite","@id":"https:\/\/eldigitaldeasturias.com\/magazine365\/#website","url":"https:\/\/eldigitaldeasturias.com\/magazine365\/","name":"El Digital de Asturias","description":"Revista de ocio, turismo y estilo de vida","inLanguage":"es-ES","publisher":{"@id":"https:\/\/eldigitaldeasturias.com\/magazine365\/#organization"}}]},"og:locale":"es_ES","og:site_name":"El Digital de Asturias \u2013 Revista de ocio, turismo y estilo de vida","og:type":"article","og:title":"Romina Power y Al Bano cantar\u00e1n juntos en Peralada, tras 20 a\u00f1os de ausencia | El Digital de Asturias","og:description":"Barcelona, 29 may (EFE).- Los cantantes Romina Power y Al Bano actuar\u00e1n juntos el pr\u00f3ximo 5 de agosto en el auditorio de los jardines del Castillo de Peralada, tras 20 a\u00f1os de ausencia en Espa\u00f1a, seg\u00fan ha confirmado hoy el propio cantante italiano en una rueda de prensa celebrada en el Casino de Barcelona. La","og:url":"https:\/\/eldigitaldeasturias.com\/magazine365\/romina-power-y-al-bano-cantaran-juntos-en-peralada-tras-20-anos-de-ausencia\/","og:image":"https:\/\/eldigitaldeasturias.com\/magazine365\/wp-content\/uploads\/2014\/05\/6314939w.jpg","og:image:secure_url":"https:\/\/eldigitaldeasturias.com\/magazine365\/wp-content\/uploads\/2014\/05\/6314939w.jpg","og:image:width":800,"og:image:height":521,"article:published_time":"2014-05-30T02:11:04+00:00","article:modified_time":"2014-05-30T02:11:04+00:00","twitter:card":"summary_large_image","twitter:title":"Romina Power y Al Bano cantar\u00e1n juntos en Peralada, tras 20 a\u00f1os de ausencia | El Digital de Asturias","twitter:description":"Barcelona, 29 may (EFE).- Los cantantes Romina Power y Al Bano actuar\u00e1n juntos el pr\u00f3ximo 5 de agosto en el auditorio de los jardines del Castillo de Peralada, tras 20 a\u00f1os de ausencia en Espa\u00f1a, seg\u00fan ha confirmado hoy el propio cantante italiano en una rueda de prensa celebrada en el Casino de Barcelona. La","twitter:image":"https:\/\/eldigitaldeasturias.com\/magazine365\/wp-content\/uploads\/2014\/05\/6314939w.jpg"},"aioseo_meta_data":{"post_id":"14388","title":null,"description":null,"keywords":null,"keyphrases":null,"primary_term":null,"canonical_url":null,"og_title":null,"og_description":null,"og_object_type":"default","og_image_type":"default","og_image_url":null,"og_image_width":null,"og_image_height":null,"og_image_custom_url":null,"og_image_custom_fields":null,"og_video":null,"og_custom_url":null,"og_article_section":null,"og_article_tags":null,"twitter_use_og":false,"twitter_card":"default","twitter_image_type":"default","twitter_image_url":null,"twitter_image_custom_url":null,"twitter_image_custom_fields":null,"twitter_title":null,"twitter_description":null,"schema":{"blockGraphs":[],"customGraphs":[],"default":{"data":{"Article":[],"Course":[],"Dataset":[],"FAQPage":[],"Movie":[],"Person":[],"Product":[],"ProductReview":[],"Car":[],"Recipe":[],"Service":[],"SoftwareApplication":[],"WebPage":[]},"graphName":"","isEnabled":true},"graphs":[],"defaultGraph":"","defaultPostTypeGraph":""},"schema_type":null,"schema_type_options":null,"pillar_content":false,"robots_default":true,"robots_noindex":false,"robots_noarchive":false,"robots_nosnippet":false,"robots_nofollow":false,"robots_noimageindex":false,"robots_noodp":false,"robots_notranslate":false,"robots_max_snippet":null,"robots_max_videopreview":null,"robots_max_imagepreview":"large","priority":null,"frequency":null,"location":null,"local_seo":null,"seo_analyzer_scan_date":"2025-09-17 10:02:39","breadcrumb_settings":null,"limit_modified_date":false,"open_ai":null,"ai":null,"created":"2021-03-09 08:15:40","updated":"2025-09-17 10:02:39"},"aioseo_breadcrumb":"<div class=\"aioseo-breadcrumbs\"><span class=\"aioseo-breadcrumb\">\n\t<a href=\"https:\/\/eldigitaldeasturias.com\/magazine365\" title=\"Home\">Home<\/a>\n<\/span><span class=\"aioseo-breadcrumb-separator\">\u2013<\/span><span class=\"aioseo-breadcrumb\">\n\t<a href=\"https:\/\/eldigitaldeasturias.com\/magazine365\/category\/noticias-actualidad\/\" title=\"Noticias y Actualidad\">Noticias y Actualidad<\/a>\n<\/span><span class=\"aioseo-breadcrumb-separator\">\u2013<\/span><span class=\"aioseo-breadcrumb\">\n\t<a href=\"https:\/\/eldigitaldeasturias.com\/magazine365\/romina-power-y-al-bano-cantaran-juntos-en-peralada-tras-20-anos-de-ausencia\/\" title=\"Romina Power y Al Bano cantar\u00e1n juntos en Peralada, tras 20 a\u00f1os de ausencia\">Romina Power y Al Bano cantar\u00e1n juntos en Peralada, tras 20 a\u00f1os de ausencia<\/a>\n<\/span><\/div>","aioseo_breadcrumb_json":[{"label":"Home","link":"https:\/\/eldigitaldeasturias.com\/magazine365"},{"label":"Noticias y Actualidad","link":"https:\/\/eldigitaldeasturias.com\/magazine365\/category\/noticias-actualidad\/"},{"label":"Romina Power y Al Bano cantar\u00e1n juntos en Peralada, tras 20 a\u00f1os de ausencia","link":"https:\/\/eldigitaldeasturias.com\/magazine365\/romina-power-y-al-bano-cantaran-juntos-en-peralada-tras-20-anos-de-ausencia\/"}],"_links":{"self":[{"href":"https:\/\/eldigitaldeasturias.com\/magazine365\/wp-json\/wp\/v2\/posts\/14388","targetHints":{"allow":["GET"]}}],"collection":[{"href":"https:\/\/eldigitaldeasturias.com\/magazine365\/wp-json\/wp\/v2\/posts"}],"about":[{"href":"https:\/\/eldigitaldeasturias.com\/magazine365\/wp-json\/wp\/v2\/types\/post"}],"author":[{"embeddable":true,"href":"https:\/\/eldigitaldeasturias.com\/magazine365\/wp-json\/wp\/v2\/users\/1"}],"replies":[{"embeddable":true,"href":"https:\/\/eldigitaldeasturias.com\/magazine365\/wp-json\/wp\/v2\/comments?post=14388"}],"version-history":[{"count":0,"href":"https:\/\/eldigitaldeasturias.com\/magazine365\/wp-json\/wp\/v2\/posts\/14388\/revisions"}],"wp:featuredmedia":[{"embeddable":true,"href":"https:\/\/eldigitaldeasturias.com\/magazine365\/wp-json\/wp\/v2\/media\/14389"}],"wp:attachment":[{"href":"https:\/\/eldigitaldeasturias.com\/magazine365\/wp-json\/wp\/v2\/media?parent=14388"}],"wp:term":[{"taxonomy":"category","embeddable":true,"href":"https:\/\/eldigitaldeasturias.com\/magazine365\/wp-json\/wp\/v2\/categories?post=14388"},{"taxonomy":"post_tag","embeddable":true,"href":"https:\/\/eldigitaldeasturias.com\/magazine365\/wp-json\/wp\/v2\/tags?post=14388"}],"curies":[{"name":"wp","href":"https:\/\/api.w.org\/{rel}","templated":true}]}}