{"id":14382,"date":"2014-05-30T00:07:58","date_gmt":"2014-05-30T02:07:58","guid":{"rendered":"http:\/\/eldigitaldeasturias.com\/magazine365\/?p=14382"},"modified":"2014-05-30T00:07:58","modified_gmt":"2014-05-30T02:07:58","slug":"lo-mejor-del-rock-portugues-preludio-del-esperado-concierto-de-los-rolling","status":"publish","type":"post","link":"https:\/\/eldigitaldeasturias.com\/magazine365\/lo-mejor-del-rock-portugues-preludio-del-esperado-concierto-de-los-rolling\/","title":{"rendered":"Lo mejor del rock portugu\u00e9s, preludio del esperado concierto de los Rolling"},"content":{"rendered":"<p><img fetchpriority=\"high\" decoding=\"async\" class=\"alignleft size-medium wp-image-14383\" alt=\"6314718w\" src=\"https:\/\/eldigitaldeasturias.com\/magazine365\/wp-content\/uploads\/2014\/05\/6314718w-360x238.jpg\" width=\"360\" height=\"238\" srcset=\"https:\/\/eldigitaldeasturias.com\/magazine365\/wp-content\/uploads\/2014\/05\/6314718w-360x238.jpg 360w, https:\/\/eldigitaldeasturias.com\/magazine365\/wp-content\/uploads\/2014\/05\/6314718w-650x430.jpg 650w, https:\/\/eldigitaldeasturias.com\/magazine365\/wp-content\/uploads\/2014\/05\/6314718w-768x508.jpg 768w, https:\/\/eldigitaldeasturias.com\/magazine365\/wp-content\/uploads\/2014\/05\/6314718w-150x99.jpg 150w, https:\/\/eldigitaldeasturias.com\/magazine365\/wp-content\/uploads\/2014\/05\/6314718w-450x298.jpg 450w, https:\/\/eldigitaldeasturias.com\/magazine365\/wp-content\/uploads\/2014\/05\/6314718w-696x460.jpg 696w, https:\/\/eldigitaldeasturias.com\/magazine365\/wp-content\/uploads\/2014\/05\/6314718w-635x420.jpg 635w, https:\/\/eldigitaldeasturias.com\/magazine365\/wp-content\/uploads\/2014\/05\/6314718w-84x55.jpg 84w, https:\/\/eldigitaldeasturias.com\/magazine365\/wp-content\/uploads\/2014\/05\/6314718w.jpg 800w\" sizes=\"(max-width: 360px) 100vw, 360px\" \/>Lisboa, 29 may (EFE).- El Rock in R\u00edo Lisboa hace hoy honor a su nombre y como teloneros de los Rolling Stones, estrellas indiscutibles de esta edici\u00f3n, el festival re\u00fane a algunos de los mejores exponentes del g\u00e9nero en Portugal.<\/p>\n<p>La esperada actuaci\u00f3n de la banda brit\u00e1nica est\u00e1 prevista para \u00faltima hora de la jornada, al filo de la medianoche, por lo que la organizaci\u00f3n opt\u00f3 por \u00abcalentar\u00bb a los asistentes desde horas antes con la programaci\u00f3n de varios \u00eddolos locales.<\/p>\n<p>Tambi\u00e9n decidi\u00f3 abrir las puertas una hora m\u00e1s pronto de lo habitual, a las 15.00 horas (14:00 GMT), ante las que ya se agolpaban varios centenares de personas impacientes por ver a Mick Jagger y compa\u00f1\u00eda.<\/p>\n<p>Como antesala a su concierto tocar\u00e1n los \u00abXutos e Pontap\u00e9s\u00bb, santo y se\u00f1a del rock en Portugal despu\u00e9s de una dilatada carrera que comenz\u00f3 hace ya 35 a\u00f1os, per\u00edodo por el que han destacado gracias a sus actuaciones en vivo, con una legi\u00f3n de seguidores que se cuenta por miles.<\/p>\n<p>En el escenario, presentar\u00e1n su decimotercer y \u00faltimo trabajo, \u00abPuro\u00bb, que sali\u00f3 a la venta el pasado mes de enero.<\/p>\n<p>Autores de \u00e9xitos como \u00abMaria\u00bb o \u00abA minha casinha\u00bb, convertidos en himnos para los portugueses, los \u00abXutos\u00bb participan por segunda edici\u00f3n consecutiva en el Rock in R\u00edo Lisboa, y como en 2012 volver\u00e1n a tocar pocas horas antes del concierto estrella del festival, ya que hace dos a\u00f1os preludiaron al \u00abBoss\u00bb, Bruce Springsteen.<\/p>\n<p>Con un estilo m\u00e1s tranquilo y reposado ocupar\u00e1 tambi\u00e9n hoy el escenario el cantante luso Frankie Ch\u00e1vez, considerado una de las mayores promesas del pa\u00eds.<\/p>\n<p>Su m\u00fasica, entre el rock, el folk y el blues, ya ha empezado a triunfar a nivel internacional -ayudado en parte por el hecho de que sus letras son en ingl\u00e9s-, y en breve actuar\u00e1 en festivales en Italia y Alemania.<\/p>\n<p>La fusi\u00f3n ser\u00e1 el \u00ableit motiv\u00bb de otro de los momentos \u00e1lgidos de la jornada, cuando el portugu\u00e9s Rui Veloso, el brasile\u00f1o Lenine y la artista de Benin Angelique Kidjo toquen juntos.<\/p>\n<p>A pesar de que hoy y ma\u00f1ana es d\u00eda laborable en suelo luso y que su concierto se prolongar\u00e1 hasta la madrugada, la llegada a Lisboa de los Rolling tras siete a\u00f1os de ausencia ha servido para colgar el cartel de no hay billetes.<\/p>\n<p>El Rock in R\u00edo espera as\u00ed un lleno absoluto en un recinto donde caben 90.000 personas aproximadamente, con una actuaci\u00f3n que pondr\u00e1 fin a la segunda de las cinco jornadas que tiene este a\u00f1o festival.<\/p>\n<p>Despu\u00e9s de Robbie Williams y los Rolling Stones, desde ma\u00f1ana viernes y hasta el domingo ser\u00e1 el turno de Justin Timberlake, Arcade Fire, LinkinPark, Steve Aoki o Queens of the Stone Age, entre otros.<\/p>\n<p>Lisboa ser\u00e1 en 2014 la \u00fanica ciudad que acoja el Rock in R\u00edo, ya que la intenci\u00f3n de celebrarlo tambi\u00e9n en Buenos Aires (Argentina) y Madrid (Espa\u00f1a) finalmente no fructific\u00f3 debido a la \u00abcomplicada situaci\u00f3n econ\u00f3mica\u00bb, seg\u00fan la organizaci\u00f3n.<\/p>\n","protected":false},"excerpt":{"rendered":"<p>Lisboa, 29 may (EFE).- El Rock in R\u00edo Lisboa hace hoy honor a su nombre y como teloneros de los Rolling Stones, estrellas indiscutibles de esta edici\u00f3n, el festival re\u00fane a algunos de los mejores exponentes del g\u00e9nero en Portugal. La esperada actuaci\u00f3n de la banda brit\u00e1nica est\u00e1 prevista para \u00faltima hora de la jornada,<\/p>\n","protected":false},"author":1,"featured_media":14383,"comment_status":"open","ping_status":"closed","sticky":false,"template":"","format":"standard","meta":{"footnotes":""},"categories":[224],"tags":[],"class_list":{"0":"post-14382","1":"post","2":"type-post","3":"status-publish","4":"format-standard","5":"has-post-thumbnail","7":"category-noticias-actualidad"},"aioseo_notices":[],"aioseo_head":"\n\t\t<!-- All in One SEO Pro 4.9.6.1 - aioseo.com -->\n\t<meta name=\"description\" content=\"Lisboa, 29 may (EFE).- El Rock in R\u00edo Lisboa hace hoy honor a su nombre y como teloneros de los Rolling Stones, estrellas indiscutibles de esta edici\u00f3n, el festival re\u00fane a algunos de los mejores exponentes del g\u00e9nero en Portugal. La esperada actuaci\u00f3n de la banda brit\u00e1nica est\u00e1 prevista para \u00faltima hora de la jornada,\" \/>\n\t<meta name=\"robots\" content=\"max-image-preview:large\" \/>\n\t<meta name=\"author\" content=\"admin\"\/>\n\t<meta name=\"google-site-verification\" content=\"UA-38556648-1\" \/>\n\t<meta name=\"keywords\" content=\"noticias y actualidad\" \/>\n\t<link rel=\"canonical\" href=\"https:\/\/eldigitaldeasturias.com\/magazine365\/lo-mejor-del-rock-portugues-preludio-del-esperado-concierto-de-los-rolling\/\" \/>\n\t<meta name=\"generator\" content=\"All in One SEO Pro (AIOSEO) 4.9.6.1\" \/>\n\t\t<meta property=\"og:locale\" content=\"es_ES\" \/>\n\t\t<meta property=\"og:site_name\" content=\"El Digital de Asturias \u2013 Revista de ocio, turismo y estilo de vida\" \/>\n\t\t<meta property=\"og:type\" content=\"article\" \/>\n\t\t<meta property=\"og:title\" content=\"Lo mejor del rock portugu\u00e9s, preludio del esperado concierto de los Rolling | El Digital de Asturias\" \/>\n\t\t<meta property=\"og:description\" content=\"Lisboa, 29 may (EFE).- El Rock in R\u00edo Lisboa hace hoy honor a su nombre y como teloneros de los Rolling Stones, estrellas indiscutibles de esta edici\u00f3n, el festival re\u00fane a algunos de los mejores exponentes del g\u00e9nero en Portugal. La esperada actuaci\u00f3n de la banda brit\u00e1nica est\u00e1 prevista para \u00faltima hora de la jornada,\" \/>\n\t\t<meta property=\"og:url\" content=\"https:\/\/eldigitaldeasturias.com\/magazine365\/lo-mejor-del-rock-portugues-preludio-del-esperado-concierto-de-los-rolling\/\" \/>\n\t\t<meta property=\"og:image\" content=\"https:\/\/eldigitaldeasturias.com\/magazine365\/wp-content\/uploads\/2014\/05\/6314718w.jpg\" \/>\n\t\t<meta property=\"og:image:secure_url\" content=\"https:\/\/eldigitaldeasturias.com\/magazine365\/wp-content\/uploads\/2014\/05\/6314718w.jpg\" \/>\n\t\t<meta property=\"og:image:width\" content=\"800\" \/>\n\t\t<meta property=\"og:image:height\" content=\"529\" \/>\n\t\t<meta property=\"article:published_time\" content=\"2014-05-30T02:07:58+00:00\" \/>\n\t\t<meta property=\"article:modified_time\" content=\"2014-05-30T02:07:58+00:00\" \/>\n\t\t<meta name=\"twitter:card\" content=\"summary_large_image\" \/>\n\t\t<meta name=\"twitter:title\" content=\"Lo mejor del rock portugu\u00e9s, preludio del esperado concierto de los Rolling | El Digital de Asturias\" \/>\n\t\t<meta name=\"twitter:description\" content=\"Lisboa, 29 may (EFE).- El Rock in R\u00edo Lisboa hace hoy honor a su nombre y como teloneros de los Rolling Stones, estrellas indiscutibles de esta edici\u00f3n, el festival re\u00fane a algunos de los mejores exponentes del g\u00e9nero en Portugal. La esperada actuaci\u00f3n de la banda brit\u00e1nica est\u00e1 prevista para \u00faltima hora de la jornada,\" \/>\n\t\t<meta name=\"twitter:image\" content=\"https:\/\/eldigitaldeasturias.com\/magazine365\/wp-content\/uploads\/2014\/05\/6314718w.jpg\" \/>\n\t\t<script type=\"application\/ld+json\" class=\"aioseo-schema\">\n\t\t\t{\"@context\":\"https:\\\/\\\/schema.org\",\"@graph\":[{\"@type\":\"Article\",\"@id\":\"https:\\\/\\\/eldigitaldeasturias.com\\\/magazine365\\\/lo-mejor-del-rock-portugues-preludio-del-esperado-concierto-de-los-rolling\\\/#article\",\"name\":\"Lo mejor del rock portugu\\u00e9s, preludio del esperado concierto de los Rolling | El Digital de Asturias\",\"headline\":\"Lo mejor del rock portugu\\u00e9s, preludio del esperado concierto de los Rolling\",\"author\":{\"@id\":\"https:\\\/\\\/eldigitaldeasturias.com\\\/magazine365\\\/author\\\/admin\\\/#author\"},\"publisher\":{\"@id\":\"https:\\\/\\\/eldigitaldeasturias.com\\\/magazine365\\\/#organization\"},\"image\":{\"@type\":\"ImageObject\",\"url\":\"https:\\\/\\\/eldigitaldeasturias.com\\\/magazine365\\\/wp-content\\\/uploads\\\/2014\\\/05\\\/6314718w.jpg\",\"width\":800,\"height\":529},\"datePublished\":\"2014-05-30T00:07:58+02:00\",\"dateModified\":\"2014-05-30T00:07:58+02:00\",\"inLanguage\":\"es-ES\",\"mainEntityOfPage\":{\"@id\":\"https:\\\/\\\/eldigitaldeasturias.com\\\/magazine365\\\/lo-mejor-del-rock-portugues-preludio-del-esperado-concierto-de-los-rolling\\\/#webpage\"},\"isPartOf\":{\"@id\":\"https:\\\/\\\/eldigitaldeasturias.com\\\/magazine365\\\/lo-mejor-del-rock-portugues-preludio-del-esperado-concierto-de-los-rolling\\\/#webpage\"},\"articleSection\":\"Noticias y Actualidad\"},{\"@type\":\"BreadcrumbList\",\"@id\":\"https:\\\/\\\/eldigitaldeasturias.com\\\/magazine365\\\/lo-mejor-del-rock-portugues-preludio-del-esperado-concierto-de-los-rolling\\\/#breadcrumblist\",\"itemListElement\":[{\"@type\":\"ListItem\",\"@id\":\"https:\\\/\\\/eldigitaldeasturias.com\\\/magazine365#listItem\",\"position\":1,\"name\":\"Home\",\"item\":\"https:\\\/\\\/eldigitaldeasturias.com\\\/magazine365\",\"nextItem\":{\"@type\":\"ListItem\",\"@id\":\"https:\\\/\\\/eldigitaldeasturias.com\\\/magazine365\\\/category\\\/noticias-actualidad\\\/#listItem\",\"name\":\"Noticias y Actualidad\"}},{\"@type\":\"ListItem\",\"@id\":\"https:\\\/\\\/eldigitaldeasturias.com\\\/magazine365\\\/category\\\/noticias-actualidad\\\/#listItem\",\"position\":2,\"name\":\"Noticias y Actualidad\",\"item\":\"https:\\\/\\\/eldigitaldeasturias.com\\\/magazine365\\\/category\\\/noticias-actualidad\\\/\",\"nextItem\":{\"@type\":\"ListItem\",\"@id\":\"https:\\\/\\\/eldigitaldeasturias.com\\\/magazine365\\\/lo-mejor-del-rock-portugues-preludio-del-esperado-concierto-de-los-rolling\\\/#listItem\",\"name\":\"Lo mejor del rock portugu\\u00e9s, preludio del esperado concierto de los Rolling\"},\"previousItem\":{\"@type\":\"ListItem\",\"@id\":\"https:\\\/\\\/eldigitaldeasturias.com\\\/magazine365#listItem\",\"name\":\"Home\"}},{\"@type\":\"ListItem\",\"@id\":\"https:\\\/\\\/eldigitaldeasturias.com\\\/magazine365\\\/lo-mejor-del-rock-portugues-preludio-del-esperado-concierto-de-los-rolling\\\/#listItem\",\"position\":3,\"name\":\"Lo mejor del rock portugu\\u00e9s, preludio del esperado concierto de los Rolling\",\"previousItem\":{\"@type\":\"ListItem\",\"@id\":\"https:\\\/\\\/eldigitaldeasturias.com\\\/magazine365\\\/category\\\/noticias-actualidad\\\/#listItem\",\"name\":\"Noticias y Actualidad\"}}]},{\"@type\":\"Organization\",\"@id\":\"https:\\\/\\\/eldigitaldeasturias.com\\\/magazine365\\\/#organization\",\"name\":\"El digital de Asturias\",\"description\":\"Revista de ocio, turismo y estilo de vida\",\"url\":\"https:\\\/\\\/eldigitaldeasturias.com\\\/magazine365\\\/\",\"logo\":{\"@type\":\"ImageObject\",\"url\":\"https:\\\/\\\/www.eldigitaldeasturias.com\\\/noticias\\\/wp-content\\\/uploads\\\/2020\\\/12\\\/EDA.jpg\",\"@id\":\"https:\\\/\\\/eldigitaldeasturias.com\\\/magazine365\\\/lo-mejor-del-rock-portugues-preludio-del-esperado-concierto-de-los-rolling\\\/#organizationLogo\"},\"image\":{\"@id\":\"https:\\\/\\\/eldigitaldeasturias.com\\\/magazine365\\\/lo-mejor-del-rock-portugues-preludio-del-esperado-concierto-de-los-rolling\\\/#organizationLogo\"}},{\"@type\":\"Person\",\"@id\":\"https:\\\/\\\/eldigitaldeasturias.com\\\/magazine365\\\/author\\\/admin\\\/#author\",\"url\":\"https:\\\/\\\/eldigitaldeasturias.com\\\/magazine365\\\/author\\\/admin\\\/\",\"name\":\"admin\",\"image\":{\"@type\":\"ImageObject\",\"@id\":\"https:\\\/\\\/eldigitaldeasturias.com\\\/magazine365\\\/lo-mejor-del-rock-portugues-preludio-del-esperado-concierto-de-los-rolling\\\/#authorImage\",\"url\":\"https:\\\/\\\/eldigitaldeasturias.com\\\/magazine365\\\/wp-content\\\/litespeed\\\/avatar\\\/e571bcf59a0edd6fa6838245a470f2fe.jpg?ver=1777574230\",\"width\":96,\"height\":96,\"caption\":\"admin\"}},{\"@type\":\"WebPage\",\"@id\":\"https:\\\/\\\/eldigitaldeasturias.com\\\/magazine365\\\/lo-mejor-del-rock-portugues-preludio-del-esperado-concierto-de-los-rolling\\\/#webpage\",\"url\":\"https:\\\/\\\/eldigitaldeasturias.com\\\/magazine365\\\/lo-mejor-del-rock-portugues-preludio-del-esperado-concierto-de-los-rolling\\\/\",\"name\":\"Lo mejor del rock portugu\\u00e9s, preludio del esperado concierto de los Rolling | El Digital de Asturias\",\"description\":\"Lisboa, 29 may (EFE).- El Rock in R\\u00edo Lisboa hace hoy honor a su nombre y como teloneros de los Rolling Stones, estrellas indiscutibles de esta edici\\u00f3n, el festival re\\u00fane a algunos de los mejores exponentes del g\\u00e9nero en Portugal. La esperada actuaci\\u00f3n de la banda brit\\u00e1nica est\\u00e1 prevista para \\u00faltima hora de la jornada,\",\"inLanguage\":\"es-ES\",\"isPartOf\":{\"@id\":\"https:\\\/\\\/eldigitaldeasturias.com\\\/magazine365\\\/#website\"},\"breadcrumb\":{\"@id\":\"https:\\\/\\\/eldigitaldeasturias.com\\\/magazine365\\\/lo-mejor-del-rock-portugues-preludio-del-esperado-concierto-de-los-rolling\\\/#breadcrumblist\"},\"author\":{\"@id\":\"https:\\\/\\\/eldigitaldeasturias.com\\\/magazine365\\\/author\\\/admin\\\/#author\"},\"creator\":{\"@id\":\"https:\\\/\\\/eldigitaldeasturias.com\\\/magazine365\\\/author\\\/admin\\\/#author\"},\"image\":{\"@type\":\"ImageObject\",\"url\":\"https:\\\/\\\/eldigitaldeasturias.com\\\/magazine365\\\/wp-content\\\/uploads\\\/2014\\\/05\\\/6314718w.jpg\",\"@id\":\"https:\\\/\\\/eldigitaldeasturias.com\\\/magazine365\\\/lo-mejor-del-rock-portugues-preludio-del-esperado-concierto-de-los-rolling\\\/#mainImage\",\"width\":800,\"height\":529},\"primaryImageOfPage\":{\"@id\":\"https:\\\/\\\/eldigitaldeasturias.com\\\/magazine365\\\/lo-mejor-del-rock-portugues-preludio-del-esperado-concierto-de-los-rolling\\\/#mainImage\"},\"datePublished\":\"2014-05-30T00:07:58+02:00\",\"dateModified\":\"2014-05-30T00:07:58+02:00\"},{\"@type\":\"WebSite\",\"@id\":\"https:\\\/\\\/eldigitaldeasturias.com\\\/magazine365\\\/#website\",\"url\":\"https:\\\/\\\/eldigitaldeasturias.com\\\/magazine365\\\/\",\"name\":\"El Digital de Asturias\",\"description\":\"Revista de ocio, turismo y estilo de vida\",\"inLanguage\":\"es-ES\",\"publisher\":{\"@id\":\"https:\\\/\\\/eldigitaldeasturias.com\\\/magazine365\\\/#organization\"}}]}\n\t\t<\/script>\n\t\t<!-- All in One SEO Pro -->\r\n\t\t<title>Lo mejor del rock portugu\u00e9s, preludio del esperado concierto de los Rolling | El Digital de Asturias<\/title>\n\n","aioseo_head_json":{"title":"Lo mejor del rock portugu\u00e9s, preludio del esperado concierto de los Rolling | El Digital de Asturias","description":"Lisboa, 29 may (EFE).- El Rock in R\u00edo Lisboa hace hoy honor a su nombre y como teloneros de los Rolling Stones, estrellas indiscutibles de esta edici\u00f3n, el festival re\u00fane a algunos de los mejores exponentes del g\u00e9nero en Portugal. La esperada actuaci\u00f3n de la banda brit\u00e1nica est\u00e1 prevista para \u00faltima hora de la jornada,","canonical_url":"https:\/\/eldigitaldeasturias.com\/magazine365\/lo-mejor-del-rock-portugues-preludio-del-esperado-concierto-de-los-rolling\/","robots":"max-image-preview:large","keywords":"noticias y actualidad","webmasterTools":{"google-site-verification":"UA-38556648-1","miscellaneous":""},"schema":{"@context":"https:\/\/schema.org","@graph":[{"@type":"Article","@id":"https:\/\/eldigitaldeasturias.com\/magazine365\/lo-mejor-del-rock-portugues-preludio-del-esperado-concierto-de-los-rolling\/#article","name":"Lo mejor del rock portugu\u00e9s, preludio del esperado concierto de los Rolling | El Digital de Asturias","headline":"Lo mejor del rock portugu\u00e9s, preludio del esperado concierto de los Rolling","author":{"@id":"https:\/\/eldigitaldeasturias.com\/magazine365\/author\/admin\/#author"},"publisher":{"@id":"https:\/\/eldigitaldeasturias.com\/magazine365\/#organization"},"image":{"@type":"ImageObject","url":"https:\/\/eldigitaldeasturias.com\/magazine365\/wp-content\/uploads\/2014\/05\/6314718w.jpg","width":800,"height":529},"datePublished":"2014-05-30T00:07:58+02:00","dateModified":"2014-05-30T00:07:58+02:00","inLanguage":"es-ES","mainEntityOfPage":{"@id":"https:\/\/eldigitaldeasturias.com\/magazine365\/lo-mejor-del-rock-portugues-preludio-del-esperado-concierto-de-los-rolling\/#webpage"},"isPartOf":{"@id":"https:\/\/eldigitaldeasturias.com\/magazine365\/lo-mejor-del-rock-portugues-preludio-del-esperado-concierto-de-los-rolling\/#webpage"},"articleSection":"Noticias y Actualidad"},{"@type":"BreadcrumbList","@id":"https:\/\/eldigitaldeasturias.com\/magazine365\/lo-mejor-del-rock-portugues-preludio-del-esperado-concierto-de-los-rolling\/#breadcrumblist","itemListElement":[{"@type":"ListItem","@id":"https:\/\/eldigitaldeasturias.com\/magazine365#listItem","position":1,"name":"Home","item":"https:\/\/eldigitaldeasturias.com\/magazine365","nextItem":{"@type":"ListItem","@id":"https:\/\/eldigitaldeasturias.com\/magazine365\/category\/noticias-actualidad\/#listItem","name":"Noticias y Actualidad"}},{"@type":"ListItem","@id":"https:\/\/eldigitaldeasturias.com\/magazine365\/category\/noticias-actualidad\/#listItem","position":2,"name":"Noticias y Actualidad","item":"https:\/\/eldigitaldeasturias.com\/magazine365\/category\/noticias-actualidad\/","nextItem":{"@type":"ListItem","@id":"https:\/\/eldigitaldeasturias.com\/magazine365\/lo-mejor-del-rock-portugues-preludio-del-esperado-concierto-de-los-rolling\/#listItem","name":"Lo mejor del rock portugu\u00e9s, preludio del esperado concierto de los Rolling"},"previousItem":{"@type":"ListItem","@id":"https:\/\/eldigitaldeasturias.com\/magazine365#listItem","name":"Home"}},{"@type":"ListItem","@id":"https:\/\/eldigitaldeasturias.com\/magazine365\/lo-mejor-del-rock-portugues-preludio-del-esperado-concierto-de-los-rolling\/#listItem","position":3,"name":"Lo mejor del rock portugu\u00e9s, preludio del esperado concierto de los Rolling","previousItem":{"@type":"ListItem","@id":"https:\/\/eldigitaldeasturias.com\/magazine365\/category\/noticias-actualidad\/#listItem","name":"Noticias y Actualidad"}}]},{"@type":"Organization","@id":"https:\/\/eldigitaldeasturias.com\/magazine365\/#organization","name":"El digital de Asturias","description":"Revista de ocio, turismo y estilo de vida","url":"https:\/\/eldigitaldeasturias.com\/magazine365\/","logo":{"@type":"ImageObject","url":"https:\/\/www.eldigitaldeasturias.com\/noticias\/wp-content\/uploads\/2020\/12\/EDA.jpg","@id":"https:\/\/eldigitaldeasturias.com\/magazine365\/lo-mejor-del-rock-portugues-preludio-del-esperado-concierto-de-los-rolling\/#organizationLogo"},"image":{"@id":"https:\/\/eldigitaldeasturias.com\/magazine365\/lo-mejor-del-rock-portugues-preludio-del-esperado-concierto-de-los-rolling\/#organizationLogo"}},{"@type":"Person","@id":"https:\/\/eldigitaldeasturias.com\/magazine365\/author\/admin\/#author","url":"https:\/\/eldigitaldeasturias.com\/magazine365\/author\/admin\/","name":"admin","image":{"@type":"ImageObject","@id":"https:\/\/eldigitaldeasturias.com\/magazine365\/lo-mejor-del-rock-portugues-preludio-del-esperado-concierto-de-los-rolling\/#authorImage","url":"https:\/\/eldigitaldeasturias.com\/magazine365\/wp-content\/litespeed\/avatar\/e571bcf59a0edd6fa6838245a470f2fe.jpg?ver=1777574230","width":96,"height":96,"caption":"admin"}},{"@type":"WebPage","@id":"https:\/\/eldigitaldeasturias.com\/magazine365\/lo-mejor-del-rock-portugues-preludio-del-esperado-concierto-de-los-rolling\/#webpage","url":"https:\/\/eldigitaldeasturias.com\/magazine365\/lo-mejor-del-rock-portugues-preludio-del-esperado-concierto-de-los-rolling\/","name":"Lo mejor del rock portugu\u00e9s, preludio del esperado concierto de los Rolling | El Digital de Asturias","description":"Lisboa, 29 may (EFE).- El Rock in R\u00edo Lisboa hace hoy honor a su nombre y como teloneros de los Rolling Stones, estrellas indiscutibles de esta edici\u00f3n, el festival re\u00fane a algunos de los mejores exponentes del g\u00e9nero en Portugal. La esperada actuaci\u00f3n de la banda brit\u00e1nica est\u00e1 prevista para \u00faltima hora de la jornada,","inLanguage":"es-ES","isPartOf":{"@id":"https:\/\/eldigitaldeasturias.com\/magazine365\/#website"},"breadcrumb":{"@id":"https:\/\/eldigitaldeasturias.com\/magazine365\/lo-mejor-del-rock-portugues-preludio-del-esperado-concierto-de-los-rolling\/#breadcrumblist"},"author":{"@id":"https:\/\/eldigitaldeasturias.com\/magazine365\/author\/admin\/#author"},"creator":{"@id":"https:\/\/eldigitaldeasturias.com\/magazine365\/author\/admin\/#author"},"image":{"@type":"ImageObject","url":"https:\/\/eldigitaldeasturias.com\/magazine365\/wp-content\/uploads\/2014\/05\/6314718w.jpg","@id":"https:\/\/eldigitaldeasturias.com\/magazine365\/lo-mejor-del-rock-portugues-preludio-del-esperado-concierto-de-los-rolling\/#mainImage","width":800,"height":529},"primaryImageOfPage":{"@id":"https:\/\/eldigitaldeasturias.com\/magazine365\/lo-mejor-del-rock-portugues-preludio-del-esperado-concierto-de-los-rolling\/#mainImage"},"datePublished":"2014-05-30T00:07:58+02:00","dateModified":"2014-05-30T00:07:58+02:00"},{"@type":"WebSite","@id":"https:\/\/eldigitaldeasturias.com\/magazine365\/#website","url":"https:\/\/eldigitaldeasturias.com\/magazine365\/","name":"El Digital de Asturias","description":"Revista de ocio, turismo y estilo de vida","inLanguage":"es-ES","publisher":{"@id":"https:\/\/eldigitaldeasturias.com\/magazine365\/#organization"}}]},"og:locale":"es_ES","og:site_name":"El Digital de Asturias \u2013 Revista de ocio, turismo y estilo de vida","og:type":"article","og:title":"Lo mejor del rock portugu\u00e9s, preludio del esperado concierto de los Rolling | El Digital de Asturias","og:description":"Lisboa, 29 may (EFE).- El Rock in R\u00edo Lisboa hace hoy honor a su nombre y como teloneros de los Rolling Stones, estrellas indiscutibles de esta edici\u00f3n, el festival re\u00fane a algunos de los mejores exponentes del g\u00e9nero en Portugal. La esperada actuaci\u00f3n de la banda brit\u00e1nica est\u00e1 prevista para \u00faltima hora de la jornada,","og:url":"https:\/\/eldigitaldeasturias.com\/magazine365\/lo-mejor-del-rock-portugues-preludio-del-esperado-concierto-de-los-rolling\/","og:image":"https:\/\/eldigitaldeasturias.com\/magazine365\/wp-content\/uploads\/2014\/05\/6314718w.jpg","og:image:secure_url":"https:\/\/eldigitaldeasturias.com\/magazine365\/wp-content\/uploads\/2014\/05\/6314718w.jpg","og:image:width":800,"og:image:height":529,"article:published_time":"2014-05-30T02:07:58+00:00","article:modified_time":"2014-05-30T02:07:58+00:00","twitter:card":"summary_large_image","twitter:title":"Lo mejor del rock portugu\u00e9s, preludio del esperado concierto de los Rolling | El Digital de Asturias","twitter:description":"Lisboa, 29 may (EFE).- El Rock in R\u00edo Lisboa hace hoy honor a su nombre y como teloneros de los Rolling Stones, estrellas indiscutibles de esta edici\u00f3n, el festival re\u00fane a algunos de los mejores exponentes del g\u00e9nero en Portugal. La esperada actuaci\u00f3n de la banda brit\u00e1nica est\u00e1 prevista para \u00faltima hora de la jornada,","twitter:image":"https:\/\/eldigitaldeasturias.com\/magazine365\/wp-content\/uploads\/2014\/05\/6314718w.jpg"},"aioseo_meta_data":{"post_id":"14382","title":null,"description":null,"keywords":null,"keyphrases":null,"primary_term":null,"canonical_url":null,"og_title":null,"og_description":null,"og_object_type":"default","og_image_type":"default","og_image_url":null,"og_image_width":null,"og_image_height":null,"og_image_custom_url":null,"og_image_custom_fields":null,"og_video":null,"og_custom_url":null,"og_article_section":null,"og_article_tags":null,"twitter_use_og":false,"twitter_card":"default","twitter_image_type":"default","twitter_image_url":null,"twitter_image_custom_url":null,"twitter_image_custom_fields":null,"twitter_title":null,"twitter_description":null,"schema":{"blockGraphs":[],"customGraphs":[],"default":{"data":{"Article":[],"Course":[],"Dataset":[],"FAQPage":[],"Movie":[],"Person":[],"Product":[],"ProductReview":[],"Car":[],"Recipe":[],"Service":[],"SoftwareApplication":[],"WebPage":[]},"graphName":"","isEnabled":true},"graphs":[],"defaultGraph":"","defaultPostTypeGraph":""},"schema_type":null,"schema_type_options":null,"pillar_content":false,"robots_default":true,"robots_noindex":false,"robots_noarchive":false,"robots_nosnippet":false,"robots_nofollow":false,"robots_noimageindex":false,"robots_noodp":false,"robots_notranslate":false,"robots_max_snippet":null,"robots_max_videopreview":null,"robots_max_imagepreview":"large","priority":null,"frequency":null,"location":null,"local_seo":null,"seo_analyzer_scan_date":"2025-09-17 10:01:02","breadcrumb_settings":null,"limit_modified_date":false,"open_ai":null,"ai":null,"created":"2021-03-09 07:44:44","updated":"2025-09-17 10:01:02"},"aioseo_breadcrumb":"<div class=\"aioseo-breadcrumbs\"><span class=\"aioseo-breadcrumb\">\n\t<a href=\"https:\/\/eldigitaldeasturias.com\/magazine365\" title=\"Home\">Home<\/a>\n<\/span><span class=\"aioseo-breadcrumb-separator\">\u2013<\/span><span class=\"aioseo-breadcrumb\">\n\t<a href=\"https:\/\/eldigitaldeasturias.com\/magazine365\/category\/noticias-actualidad\/\" title=\"Noticias y Actualidad\">Noticias y Actualidad<\/a>\n<\/span><span class=\"aioseo-breadcrumb-separator\">\u2013<\/span><span class=\"aioseo-breadcrumb\">\n\t<a href=\"https:\/\/eldigitaldeasturias.com\/magazine365\/lo-mejor-del-rock-portugues-preludio-del-esperado-concierto-de-los-rolling\/\" title=\"Lo mejor del rock portugu\u00e9s, preludio del esperado concierto de los Rolling\">Lo mejor del rock portugu\u00e9s, preludio del esperado concierto de los Rolling<\/a>\n<\/span><\/div>","aioseo_breadcrumb_json":[{"label":"Home","link":"https:\/\/eldigitaldeasturias.com\/magazine365"},{"label":"Noticias y Actualidad","link":"https:\/\/eldigitaldeasturias.com\/magazine365\/category\/noticias-actualidad\/"},{"label":"Lo mejor del rock portugu\u00e9s, preludio del esperado concierto de los Rolling","link":"https:\/\/eldigitaldeasturias.com\/magazine365\/lo-mejor-del-rock-portugues-preludio-del-esperado-concierto-de-los-rolling\/"}],"_links":{"self":[{"href":"https:\/\/eldigitaldeasturias.com\/magazine365\/wp-json\/wp\/v2\/posts\/14382","targetHints":{"allow":["GET"]}}],"collection":[{"href":"https:\/\/eldigitaldeasturias.com\/magazine365\/wp-json\/wp\/v2\/posts"}],"about":[{"href":"https:\/\/eldigitaldeasturias.com\/magazine365\/wp-json\/wp\/v2\/types\/post"}],"author":[{"embeddable":true,"href":"https:\/\/eldigitaldeasturias.com\/magazine365\/wp-json\/wp\/v2\/users\/1"}],"replies":[{"embeddable":true,"href":"https:\/\/eldigitaldeasturias.com\/magazine365\/wp-json\/wp\/v2\/comments?post=14382"}],"version-history":[{"count":0,"href":"https:\/\/eldigitaldeasturias.com\/magazine365\/wp-json\/wp\/v2\/posts\/14382\/revisions"}],"wp:featuredmedia":[{"embeddable":true,"href":"https:\/\/eldigitaldeasturias.com\/magazine365\/wp-json\/wp\/v2\/media\/14383"}],"wp:attachment":[{"href":"https:\/\/eldigitaldeasturias.com\/magazine365\/wp-json\/wp\/v2\/media?parent=14382"}],"wp:term":[{"taxonomy":"category","embeddable":true,"href":"https:\/\/eldigitaldeasturias.com\/magazine365\/wp-json\/wp\/v2\/categories?post=14382"},{"taxonomy":"post_tag","embeddable":true,"href":"https:\/\/eldigitaldeasturias.com\/magazine365\/wp-json\/wp\/v2\/tags?post=14382"}],"curies":[{"name":"wp","href":"https:\/\/api.w.org\/{rel}","templated":true}]}}