{"id":14370,"date":"2014-05-30T00:00:04","date_gmt":"2014-05-30T02:00:04","guid":{"rendered":"http:\/\/eldigitaldeasturias.com\/magazine365\/?p=14370"},"modified":"2014-05-30T00:24:57","modified_gmt":"2014-05-30T02:24:57","slug":"brad-pitt-agredido-durante-el-estreno-de-malefica-en-los-angeles","status":"publish","type":"post","link":"https:\/\/eldigitaldeasturias.com\/magazine365\/brad-pitt-agredido-durante-el-estreno-de-malefica-en-los-angeles\/","title":{"rendered":"Brad Pitt, agredido durante el estreno de \u00abMal\u00e9fica\u00bb en Los \u00c1ngeles"},"content":{"rendered":"<p><img fetchpriority=\"high\" decoding=\"async\" class=\"alignleft size-medium wp-image-14371\" alt=\"6314931w\" src=\"https:\/\/eldigitaldeasturias.com\/magazine365\/wp-content\/uploads\/2014\/05\/6314931w-360x242.jpg\" width=\"360\" height=\"242\" \/>Los \u00c1ngeles (EE.UU.), 29 may (EFE).- Un hombre de 25 a\u00f1os permanece detenido tras ser arrestado noche por una supuesta agresi\u00f3n al actor Brad Pitt, que acompa\u00f1aba a su pareja, Angelina Jolie, en la alfombra roja del estreno de \u00abMal\u00e9fica\u00bb en Los \u00c1ngeles, inform\u00f3 hoy el canal de televisi\u00f3n local KTLA.<\/p>\n<p>Pitt y Jolie se encontraban firmando aut\u00f3grafos en las afueras del cine El Capitan, situado en Hollywood, cuando un hombre se salt\u00f3 las vallas de protecci\u00f3n y golpe\u00f3 al actor en la cara, seg\u00fan describi\u00f3 el sargento Leonard Calder\u00f3n, del departamento de Polic\u00eda de Los \u00c1ngeles.<\/p>\n<p>Agentes de seguridad privada retiraron al hombre del lugar y miembros del cuerpo de Polic\u00eda de Los \u00c1ngeles se lo llevaron a una comisar\u00eda, lo detuvieron acusado de un delito menor y se le impuso una fianza de 20.000 d\u00f3lares.<\/p>\n<p>El detenido ha sido identificado como Vitalii Seduik, un periodista ucraniano de 25 a\u00f1os conocido por propasarse con las celebridades en eventos p\u00fablicos.<\/p>\n<p>En 2012 fue abofeteado por Will Smith cuando Seduik trat\u00f3 de besar al actor en una alfombra roja. En enero apareci\u00f3 en los premios del Sindicato de Actores de Estados Unidos y agarr\u00f3 al actor Bradley Cooper por las piernas.<\/p>\n<p>Anteriormente apareci\u00f3 en escena en la ceremonia de los Grammy en pleno discurso de agradecimiento de Adele.<\/p>\n<p>Su \u00faltimo incidente tuvo lugar en el reciente Festival de Cine de Cannes, cuando trat\u00f3 de meter su cabeza dentro del vestido de la actriz America Ferrara durante el estreno de \u00abC\u00f3mo entrenar a tu drag\u00f3n 2\u00bb.<\/p>\n","protected":false},"excerpt":{"rendered":"<p>Los \u00c1ngeles (EE.UU.), 29 may (EFE).- Un hombre de 25 a\u00f1os permanece detenido tras ser arrestado noche por una supuesta agresi\u00f3n al actor Brad Pitt, que acompa\u00f1aba a su pareja, Angelina Jolie, en la alfombra roja del estreno de \u00abMal\u00e9fica\u00bb en Los \u00c1ngeles, inform\u00f3 hoy el canal de televisi\u00f3n local KTLA. Pitt y Jolie se<\/p>\n","protected":false},"author":1,"featured_media":14371,"comment_status":"open","ping_status":"closed","sticky":false,"template":"","format":"standard","meta":{"footnotes":""},"categories":[224],"tags":[],"class_list":{"0":"post-14370","1":"post","2":"type-post","3":"status-publish","4":"format-standard","5":"has-post-thumbnail","7":"category-noticias-actualidad"},"aioseo_notices":[],"aioseo_head":"\n\t\t<!-- All in One SEO Pro 4.9.6.1 - aioseo.com -->\n\t<meta name=\"description\" content=\"Los \u00c1ngeles (EE.UU.), 29 may (EFE).- Un hombre de 25 a\u00f1os permanece detenido tras ser arrestado noche por una supuesta agresi\u00f3n al actor Brad Pitt, que acompa\u00f1aba a su pareja, Angelina Jolie, en la alfombra roja del estreno de &quot;Mal\u00e9fica&quot; en Los \u00c1ngeles, inform\u00f3 hoy el canal de televisi\u00f3n local KTLA. Pitt y Jolie se\" \/>\n\t<meta name=\"robots\" content=\"max-image-preview:large\" \/>\n\t<meta name=\"author\" content=\"admin\"\/>\n\t<meta name=\"google-site-verification\" content=\"UA-38556648-1\" \/>\n\t<meta name=\"keywords\" content=\"noticias y actualidad\" \/>\n\t<link rel=\"canonical\" href=\"https:\/\/eldigitaldeasturias.com\/magazine365\/brad-pitt-agredido-durante-el-estreno-de-malefica-en-los-angeles\/\" \/>\n\t<meta name=\"generator\" content=\"All in One SEO Pro (AIOSEO) 4.9.6.1\" \/>\n\t\t<meta property=\"og:locale\" content=\"es_ES\" \/>\n\t\t<meta property=\"og:site_name\" content=\"El Digital de Asturias \u2013 Revista de ocio, turismo y estilo de vida\" \/>\n\t\t<meta property=\"og:type\" content=\"article\" \/>\n\t\t<meta property=\"og:title\" content=\"Brad Pitt, agredido durante el estreno de \u00abMal\u00e9fica\u00bb en Los \u00c1ngeles | El Digital de Asturias\" \/>\n\t\t<meta property=\"og:description\" content=\"Los \u00c1ngeles (EE.UU.), 29 may (EFE).- Un hombre de 25 a\u00f1os permanece detenido tras ser arrestado noche por una supuesta agresi\u00f3n al actor Brad Pitt, que acompa\u00f1aba a su pareja, Angelina Jolie, en la alfombra roja del estreno de &quot;Mal\u00e9fica&quot; en Los \u00c1ngeles, inform\u00f3 hoy el canal de televisi\u00f3n local KTLA. Pitt y Jolie se\" \/>\n\t\t<meta property=\"og:url\" content=\"https:\/\/eldigitaldeasturias.com\/magazine365\/brad-pitt-agredido-durante-el-estreno-de-malefica-en-los-angeles\/\" \/>\n\t\t<meta property=\"og:image\" content=\"https:\/\/eldigitaldeasturias.com\/magazine365\/wp-content\/uploads\/2014\/05\/6314931w.jpg\" \/>\n\t\t<meta property=\"og:image:secure_url\" content=\"https:\/\/eldigitaldeasturias.com\/magazine365\/wp-content\/uploads\/2014\/05\/6314931w.jpg\" \/>\n\t\t<meta property=\"og:image:width\" content=\"800\" \/>\n\t\t<meta property=\"og:image:height\" content=\"539\" \/>\n\t\t<meta property=\"article:published_time\" content=\"2014-05-30T02:00:04+00:00\" \/>\n\t\t<meta property=\"article:modified_time\" content=\"2014-05-30T02:24:57+00:00\" \/>\n\t\t<meta name=\"twitter:card\" content=\"summary_large_image\" \/>\n\t\t<meta name=\"twitter:title\" content=\"Brad Pitt, agredido durante el estreno de \u00abMal\u00e9fica\u00bb en Los \u00c1ngeles | El Digital de Asturias\" \/>\n\t\t<meta name=\"twitter:description\" content=\"Los \u00c1ngeles (EE.UU.), 29 may (EFE).- Un hombre de 25 a\u00f1os permanece detenido tras ser arrestado noche por una supuesta agresi\u00f3n al actor Brad Pitt, que acompa\u00f1aba a su pareja, Angelina Jolie, en la alfombra roja del estreno de &quot;Mal\u00e9fica&quot; en Los \u00c1ngeles, inform\u00f3 hoy el canal de televisi\u00f3n local KTLA. Pitt y Jolie se\" \/>\n\t\t<meta name=\"twitter:image\" content=\"https:\/\/eldigitaldeasturias.com\/magazine365\/wp-content\/uploads\/2014\/05\/6314931w.jpg\" \/>\n\t\t<script type=\"application\/ld+json\" class=\"aioseo-schema\">\n\t\t\t{\"@context\":\"https:\\\/\\\/schema.org\",\"@graph\":[{\"@type\":\"Article\",\"@id\":\"https:\\\/\\\/eldigitaldeasturias.com\\\/magazine365\\\/brad-pitt-agredido-durante-el-estreno-de-malefica-en-los-angeles\\\/#article\",\"name\":\"Brad Pitt, agredido durante el estreno de \\u00abMal\\u00e9fica\\u00bb en Los \\u00c1ngeles | El Digital de Asturias\",\"headline\":\"Brad Pitt, agredido durante el estreno de \\u00abMal\\u00e9fica\\u00bb en Los \\u00c1ngeles\",\"author\":{\"@id\":\"https:\\\/\\\/eldigitaldeasturias.com\\\/magazine365\\\/author\\\/admin\\\/#author\"},\"publisher\":{\"@id\":\"https:\\\/\\\/eldigitaldeasturias.com\\\/magazine365\\\/#organization\"},\"image\":{\"@type\":\"ImageObject\",\"url\":\"https:\\\/\\\/eldigitaldeasturias.com\\\/magazine365\\\/wp-content\\\/uploads\\\/2014\\\/05\\\/6314931w.jpg\",\"width\":800,\"height\":539},\"datePublished\":\"2014-05-30T00:00:04+02:00\",\"dateModified\":\"2014-05-30T00:24:57+02:00\",\"inLanguage\":\"es-ES\",\"mainEntityOfPage\":{\"@id\":\"https:\\\/\\\/eldigitaldeasturias.com\\\/magazine365\\\/brad-pitt-agredido-durante-el-estreno-de-malefica-en-los-angeles\\\/#webpage\"},\"isPartOf\":{\"@id\":\"https:\\\/\\\/eldigitaldeasturias.com\\\/magazine365\\\/brad-pitt-agredido-durante-el-estreno-de-malefica-en-los-angeles\\\/#webpage\"},\"articleSection\":\"Noticias y Actualidad\"},{\"@type\":\"BreadcrumbList\",\"@id\":\"https:\\\/\\\/eldigitaldeasturias.com\\\/magazine365\\\/brad-pitt-agredido-durante-el-estreno-de-malefica-en-los-angeles\\\/#breadcrumblist\",\"itemListElement\":[{\"@type\":\"ListItem\",\"@id\":\"https:\\\/\\\/eldigitaldeasturias.com\\\/magazine365#listItem\",\"position\":1,\"name\":\"Home\",\"item\":\"https:\\\/\\\/eldigitaldeasturias.com\\\/magazine365\",\"nextItem\":{\"@type\":\"ListItem\",\"@id\":\"https:\\\/\\\/eldigitaldeasturias.com\\\/magazine365\\\/category\\\/noticias-actualidad\\\/#listItem\",\"name\":\"Noticias y Actualidad\"}},{\"@type\":\"ListItem\",\"@id\":\"https:\\\/\\\/eldigitaldeasturias.com\\\/magazine365\\\/category\\\/noticias-actualidad\\\/#listItem\",\"position\":2,\"name\":\"Noticias y Actualidad\",\"item\":\"https:\\\/\\\/eldigitaldeasturias.com\\\/magazine365\\\/category\\\/noticias-actualidad\\\/\",\"nextItem\":{\"@type\":\"ListItem\",\"@id\":\"https:\\\/\\\/eldigitaldeasturias.com\\\/magazine365\\\/brad-pitt-agredido-durante-el-estreno-de-malefica-en-los-angeles\\\/#listItem\",\"name\":\"Brad Pitt, agredido durante el estreno de \\u00abMal\\u00e9fica\\u00bb en Los \\u00c1ngeles\"},\"previousItem\":{\"@type\":\"ListItem\",\"@id\":\"https:\\\/\\\/eldigitaldeasturias.com\\\/magazine365#listItem\",\"name\":\"Home\"}},{\"@type\":\"ListItem\",\"@id\":\"https:\\\/\\\/eldigitaldeasturias.com\\\/magazine365\\\/brad-pitt-agredido-durante-el-estreno-de-malefica-en-los-angeles\\\/#listItem\",\"position\":3,\"name\":\"Brad Pitt, agredido durante el estreno de \\u00abMal\\u00e9fica\\u00bb en Los \\u00c1ngeles\",\"previousItem\":{\"@type\":\"ListItem\",\"@id\":\"https:\\\/\\\/eldigitaldeasturias.com\\\/magazine365\\\/category\\\/noticias-actualidad\\\/#listItem\",\"name\":\"Noticias y Actualidad\"}}]},{\"@type\":\"Organization\",\"@id\":\"https:\\\/\\\/eldigitaldeasturias.com\\\/magazine365\\\/#organization\",\"name\":\"El digital de Asturias\",\"description\":\"Revista de ocio, turismo y estilo de vida\",\"url\":\"https:\\\/\\\/eldigitaldeasturias.com\\\/magazine365\\\/\",\"logo\":{\"@type\":\"ImageObject\",\"url\":\"https:\\\/\\\/www.eldigitaldeasturias.com\\\/noticias\\\/wp-content\\\/uploads\\\/2020\\\/12\\\/EDA.jpg\",\"@id\":\"https:\\\/\\\/eldigitaldeasturias.com\\\/magazine365\\\/brad-pitt-agredido-durante-el-estreno-de-malefica-en-los-angeles\\\/#organizationLogo\"},\"image\":{\"@id\":\"https:\\\/\\\/eldigitaldeasturias.com\\\/magazine365\\\/brad-pitt-agredido-durante-el-estreno-de-malefica-en-los-angeles\\\/#organizationLogo\"}},{\"@type\":\"Person\",\"@id\":\"https:\\\/\\\/eldigitaldeasturias.com\\\/magazine365\\\/author\\\/admin\\\/#author\",\"url\":\"https:\\\/\\\/eldigitaldeasturias.com\\\/magazine365\\\/author\\\/admin\\\/\",\"name\":\"admin\",\"image\":{\"@type\":\"ImageObject\",\"@id\":\"https:\\\/\\\/eldigitaldeasturias.com\\\/magazine365\\\/brad-pitt-agredido-durante-el-estreno-de-malefica-en-los-angeles\\\/#authorImage\",\"url\":\"https:\\\/\\\/eldigitaldeasturias.com\\\/magazine365\\\/wp-content\\\/litespeed\\\/avatar\\\/e571bcf59a0edd6fa6838245a470f2fe.jpg?ver=1777574230\",\"width\":96,\"height\":96,\"caption\":\"admin\"}},{\"@type\":\"WebPage\",\"@id\":\"https:\\\/\\\/eldigitaldeasturias.com\\\/magazine365\\\/brad-pitt-agredido-durante-el-estreno-de-malefica-en-los-angeles\\\/#webpage\",\"url\":\"https:\\\/\\\/eldigitaldeasturias.com\\\/magazine365\\\/brad-pitt-agredido-durante-el-estreno-de-malefica-en-los-angeles\\\/\",\"name\":\"Brad Pitt, agredido durante el estreno de \\u00abMal\\u00e9fica\\u00bb en Los \\u00c1ngeles | El Digital de Asturias\",\"description\":\"Los \\u00c1ngeles (EE.UU.), 29 may (EFE).- Un hombre de 25 a\\u00f1os permanece detenido tras ser arrestado noche por una supuesta agresi\\u00f3n al actor Brad Pitt, que acompa\\u00f1aba a su pareja, Angelina Jolie, en la alfombra roja del estreno de \\\"Mal\\u00e9fica\\\" en Los \\u00c1ngeles, inform\\u00f3 hoy el canal de televisi\\u00f3n local KTLA. Pitt y Jolie se\",\"inLanguage\":\"es-ES\",\"isPartOf\":{\"@id\":\"https:\\\/\\\/eldigitaldeasturias.com\\\/magazine365\\\/#website\"},\"breadcrumb\":{\"@id\":\"https:\\\/\\\/eldigitaldeasturias.com\\\/magazine365\\\/brad-pitt-agredido-durante-el-estreno-de-malefica-en-los-angeles\\\/#breadcrumblist\"},\"author\":{\"@id\":\"https:\\\/\\\/eldigitaldeasturias.com\\\/magazine365\\\/author\\\/admin\\\/#author\"},\"creator\":{\"@id\":\"https:\\\/\\\/eldigitaldeasturias.com\\\/magazine365\\\/author\\\/admin\\\/#author\"},\"image\":{\"@type\":\"ImageObject\",\"url\":\"https:\\\/\\\/eldigitaldeasturias.com\\\/magazine365\\\/wp-content\\\/uploads\\\/2014\\\/05\\\/6314931w.jpg\",\"@id\":\"https:\\\/\\\/eldigitaldeasturias.com\\\/magazine365\\\/brad-pitt-agredido-durante-el-estreno-de-malefica-en-los-angeles\\\/#mainImage\",\"width\":800,\"height\":539},\"primaryImageOfPage\":{\"@id\":\"https:\\\/\\\/eldigitaldeasturias.com\\\/magazine365\\\/brad-pitt-agredido-durante-el-estreno-de-malefica-en-los-angeles\\\/#mainImage\"},\"datePublished\":\"2014-05-30T00:00:04+02:00\",\"dateModified\":\"2014-05-30T00:24:57+02:00\"},{\"@type\":\"WebSite\",\"@id\":\"https:\\\/\\\/eldigitaldeasturias.com\\\/magazine365\\\/#website\",\"url\":\"https:\\\/\\\/eldigitaldeasturias.com\\\/magazine365\\\/\",\"name\":\"El Digital de Asturias\",\"description\":\"Revista de ocio, turismo y estilo de vida\",\"inLanguage\":\"es-ES\",\"publisher\":{\"@id\":\"https:\\\/\\\/eldigitaldeasturias.com\\\/magazine365\\\/#organization\"}}]}\n\t\t<\/script>\n\t\t<!-- All in One SEO Pro -->\r\n\t\t<title>Brad Pitt, agredido durante el estreno de \u00abMal\u00e9fica\u00bb en Los \u00c1ngeles | El Digital de Asturias<\/title>\n\n","aioseo_head_json":{"title":"Brad Pitt, agredido durante el estreno de \u00abMal\u00e9fica\u00bb en Los \u00c1ngeles | El Digital de Asturias","description":"Los \u00c1ngeles (EE.UU.), 29 may (EFE).- Un hombre de 25 a\u00f1os permanece detenido tras ser arrestado noche por una supuesta agresi\u00f3n al actor Brad Pitt, que acompa\u00f1aba a su pareja, Angelina Jolie, en la alfombra roja del estreno de \"Mal\u00e9fica\" en Los \u00c1ngeles, inform\u00f3 hoy el canal de televisi\u00f3n local KTLA. Pitt y Jolie se","canonical_url":"https:\/\/eldigitaldeasturias.com\/magazine365\/brad-pitt-agredido-durante-el-estreno-de-malefica-en-los-angeles\/","robots":"max-image-preview:large","keywords":"noticias y actualidad","webmasterTools":{"google-site-verification":"UA-38556648-1","miscellaneous":""},"schema":{"@context":"https:\/\/schema.org","@graph":[{"@type":"Article","@id":"https:\/\/eldigitaldeasturias.com\/magazine365\/brad-pitt-agredido-durante-el-estreno-de-malefica-en-los-angeles\/#article","name":"Brad Pitt, agredido durante el estreno de \u00abMal\u00e9fica\u00bb en Los \u00c1ngeles | El Digital de Asturias","headline":"Brad Pitt, agredido durante el estreno de \u00abMal\u00e9fica\u00bb en Los \u00c1ngeles","author":{"@id":"https:\/\/eldigitaldeasturias.com\/magazine365\/author\/admin\/#author"},"publisher":{"@id":"https:\/\/eldigitaldeasturias.com\/magazine365\/#organization"},"image":{"@type":"ImageObject","url":"https:\/\/eldigitaldeasturias.com\/magazine365\/wp-content\/uploads\/2014\/05\/6314931w.jpg","width":800,"height":539},"datePublished":"2014-05-30T00:00:04+02:00","dateModified":"2014-05-30T00:24:57+02:00","inLanguage":"es-ES","mainEntityOfPage":{"@id":"https:\/\/eldigitaldeasturias.com\/magazine365\/brad-pitt-agredido-durante-el-estreno-de-malefica-en-los-angeles\/#webpage"},"isPartOf":{"@id":"https:\/\/eldigitaldeasturias.com\/magazine365\/brad-pitt-agredido-durante-el-estreno-de-malefica-en-los-angeles\/#webpage"},"articleSection":"Noticias y Actualidad"},{"@type":"BreadcrumbList","@id":"https:\/\/eldigitaldeasturias.com\/magazine365\/brad-pitt-agredido-durante-el-estreno-de-malefica-en-los-angeles\/#breadcrumblist","itemListElement":[{"@type":"ListItem","@id":"https:\/\/eldigitaldeasturias.com\/magazine365#listItem","position":1,"name":"Home","item":"https:\/\/eldigitaldeasturias.com\/magazine365","nextItem":{"@type":"ListItem","@id":"https:\/\/eldigitaldeasturias.com\/magazine365\/category\/noticias-actualidad\/#listItem","name":"Noticias y Actualidad"}},{"@type":"ListItem","@id":"https:\/\/eldigitaldeasturias.com\/magazine365\/category\/noticias-actualidad\/#listItem","position":2,"name":"Noticias y Actualidad","item":"https:\/\/eldigitaldeasturias.com\/magazine365\/category\/noticias-actualidad\/","nextItem":{"@type":"ListItem","@id":"https:\/\/eldigitaldeasturias.com\/magazine365\/brad-pitt-agredido-durante-el-estreno-de-malefica-en-los-angeles\/#listItem","name":"Brad Pitt, agredido durante el estreno de \u00abMal\u00e9fica\u00bb en Los \u00c1ngeles"},"previousItem":{"@type":"ListItem","@id":"https:\/\/eldigitaldeasturias.com\/magazine365#listItem","name":"Home"}},{"@type":"ListItem","@id":"https:\/\/eldigitaldeasturias.com\/magazine365\/brad-pitt-agredido-durante-el-estreno-de-malefica-en-los-angeles\/#listItem","position":3,"name":"Brad Pitt, agredido durante el estreno de \u00abMal\u00e9fica\u00bb en Los \u00c1ngeles","previousItem":{"@type":"ListItem","@id":"https:\/\/eldigitaldeasturias.com\/magazine365\/category\/noticias-actualidad\/#listItem","name":"Noticias y Actualidad"}}]},{"@type":"Organization","@id":"https:\/\/eldigitaldeasturias.com\/magazine365\/#organization","name":"El digital de Asturias","description":"Revista de ocio, turismo y estilo de vida","url":"https:\/\/eldigitaldeasturias.com\/magazine365\/","logo":{"@type":"ImageObject","url":"https:\/\/www.eldigitaldeasturias.com\/noticias\/wp-content\/uploads\/2020\/12\/EDA.jpg","@id":"https:\/\/eldigitaldeasturias.com\/magazine365\/brad-pitt-agredido-durante-el-estreno-de-malefica-en-los-angeles\/#organizationLogo"},"image":{"@id":"https:\/\/eldigitaldeasturias.com\/magazine365\/brad-pitt-agredido-durante-el-estreno-de-malefica-en-los-angeles\/#organizationLogo"}},{"@type":"Person","@id":"https:\/\/eldigitaldeasturias.com\/magazine365\/author\/admin\/#author","url":"https:\/\/eldigitaldeasturias.com\/magazine365\/author\/admin\/","name":"admin","image":{"@type":"ImageObject","@id":"https:\/\/eldigitaldeasturias.com\/magazine365\/brad-pitt-agredido-durante-el-estreno-de-malefica-en-los-angeles\/#authorImage","url":"https:\/\/eldigitaldeasturias.com\/magazine365\/wp-content\/litespeed\/avatar\/e571bcf59a0edd6fa6838245a470f2fe.jpg?ver=1777574230","width":96,"height":96,"caption":"admin"}},{"@type":"WebPage","@id":"https:\/\/eldigitaldeasturias.com\/magazine365\/brad-pitt-agredido-durante-el-estreno-de-malefica-en-los-angeles\/#webpage","url":"https:\/\/eldigitaldeasturias.com\/magazine365\/brad-pitt-agredido-durante-el-estreno-de-malefica-en-los-angeles\/","name":"Brad Pitt, agredido durante el estreno de \u00abMal\u00e9fica\u00bb en Los \u00c1ngeles | El Digital de Asturias","description":"Los \u00c1ngeles (EE.UU.), 29 may (EFE).- Un hombre de 25 a\u00f1os permanece detenido tras ser arrestado noche por una supuesta agresi\u00f3n al actor Brad Pitt, que acompa\u00f1aba a su pareja, Angelina Jolie, en la alfombra roja del estreno de \"Mal\u00e9fica\" en Los \u00c1ngeles, inform\u00f3 hoy el canal de televisi\u00f3n local KTLA. Pitt y Jolie se","inLanguage":"es-ES","isPartOf":{"@id":"https:\/\/eldigitaldeasturias.com\/magazine365\/#website"},"breadcrumb":{"@id":"https:\/\/eldigitaldeasturias.com\/magazine365\/brad-pitt-agredido-durante-el-estreno-de-malefica-en-los-angeles\/#breadcrumblist"},"author":{"@id":"https:\/\/eldigitaldeasturias.com\/magazine365\/author\/admin\/#author"},"creator":{"@id":"https:\/\/eldigitaldeasturias.com\/magazine365\/author\/admin\/#author"},"image":{"@type":"ImageObject","url":"https:\/\/eldigitaldeasturias.com\/magazine365\/wp-content\/uploads\/2014\/05\/6314931w.jpg","@id":"https:\/\/eldigitaldeasturias.com\/magazine365\/brad-pitt-agredido-durante-el-estreno-de-malefica-en-los-angeles\/#mainImage","width":800,"height":539},"primaryImageOfPage":{"@id":"https:\/\/eldigitaldeasturias.com\/magazine365\/brad-pitt-agredido-durante-el-estreno-de-malefica-en-los-angeles\/#mainImage"},"datePublished":"2014-05-30T00:00:04+02:00","dateModified":"2014-05-30T00:24:57+02:00"},{"@type":"WebSite","@id":"https:\/\/eldigitaldeasturias.com\/magazine365\/#website","url":"https:\/\/eldigitaldeasturias.com\/magazine365\/","name":"El Digital de Asturias","description":"Revista de ocio, turismo y estilo de vida","inLanguage":"es-ES","publisher":{"@id":"https:\/\/eldigitaldeasturias.com\/magazine365\/#organization"}}]},"og:locale":"es_ES","og:site_name":"El Digital de Asturias \u2013 Revista de ocio, turismo y estilo de vida","og:type":"article","og:title":"Brad Pitt, agredido durante el estreno de \u00abMal\u00e9fica\u00bb en Los \u00c1ngeles | El Digital de Asturias","og:description":"Los \u00c1ngeles (EE.UU.), 29 may (EFE).- Un hombre de 25 a\u00f1os permanece detenido tras ser arrestado noche por una supuesta agresi\u00f3n al actor Brad Pitt, que acompa\u00f1aba a su pareja, Angelina Jolie, en la alfombra roja del estreno de &quot;Mal\u00e9fica&quot; en Los \u00c1ngeles, inform\u00f3 hoy el canal de televisi\u00f3n local KTLA. Pitt y Jolie se","og:url":"https:\/\/eldigitaldeasturias.com\/magazine365\/brad-pitt-agredido-durante-el-estreno-de-malefica-en-los-angeles\/","og:image":"https:\/\/eldigitaldeasturias.com\/magazine365\/wp-content\/uploads\/2014\/05\/6314931w.jpg","og:image:secure_url":"https:\/\/eldigitaldeasturias.com\/magazine365\/wp-content\/uploads\/2014\/05\/6314931w.jpg","og:image:width":800,"og:image:height":539,"article:published_time":"2014-05-30T02:00:04+00:00","article:modified_time":"2014-05-30T02:24:57+00:00","twitter:card":"summary_large_image","twitter:title":"Brad Pitt, agredido durante el estreno de \u00abMal\u00e9fica\u00bb en Los \u00c1ngeles | El Digital de Asturias","twitter:description":"Los \u00c1ngeles (EE.UU.), 29 may (EFE).- Un hombre de 25 a\u00f1os permanece detenido tras ser arrestado noche por una supuesta agresi\u00f3n al actor Brad Pitt, que acompa\u00f1aba a su pareja, Angelina Jolie, en la alfombra roja del estreno de &quot;Mal\u00e9fica&quot; en Los \u00c1ngeles, inform\u00f3 hoy el canal de televisi\u00f3n local KTLA. Pitt y Jolie se","twitter:image":"https:\/\/eldigitaldeasturias.com\/magazine365\/wp-content\/uploads\/2014\/05\/6314931w.jpg"},"aioseo_meta_data":{"post_id":"14370","title":null,"description":null,"keywords":null,"keyphrases":null,"primary_term":null,"canonical_url":null,"og_title":null,"og_description":null,"og_object_type":"default","og_image_type":"default","og_image_url":null,"og_image_width":null,"og_image_height":null,"og_image_custom_url":null,"og_image_custom_fields":null,"og_video":null,"og_custom_url":null,"og_article_section":null,"og_article_tags":null,"twitter_use_og":false,"twitter_card":"default","twitter_image_type":"default","twitter_image_url":null,"twitter_image_custom_url":null,"twitter_image_custom_fields":null,"twitter_title":null,"twitter_description":null,"schema":{"blockGraphs":[],"customGraphs":[],"default":{"data":{"Article":[],"Course":[],"Dataset":[],"FAQPage":[],"Movie":[],"Person":[],"Product":[],"ProductReview":[],"Car":[],"Recipe":[],"Service":[],"SoftwareApplication":[],"WebPage":[]},"graphName":"","isEnabled":true},"graphs":[],"defaultGraph":"","defaultPostTypeGraph":""},"schema_type":null,"schema_type_options":null,"pillar_content":false,"robots_default":true,"robots_noindex":false,"robots_noarchive":false,"robots_nosnippet":false,"robots_nofollow":false,"robots_noimageindex":false,"robots_noodp":false,"robots_notranslate":false,"robots_max_snippet":null,"robots_max_videopreview":null,"robots_max_imagepreview":"large","priority":null,"frequency":null,"location":null,"local_seo":null,"seo_analyzer_scan_date":"2025-09-17 10:00:56","breadcrumb_settings":null,"limit_modified_date":false,"open_ai":null,"ai":null,"created":"2021-03-09 08:16:48","updated":"2025-09-17 10:00:56"},"aioseo_breadcrumb":"<div class=\"aioseo-breadcrumbs\"><span class=\"aioseo-breadcrumb\">\n\t<a href=\"https:\/\/eldigitaldeasturias.com\/magazine365\" title=\"Home\">Home<\/a>\n<\/span><span class=\"aioseo-breadcrumb-separator\">\u2013<\/span><span class=\"aioseo-breadcrumb\">\n\t<a href=\"https:\/\/eldigitaldeasturias.com\/magazine365\/category\/noticias-actualidad\/\" title=\"Noticias y Actualidad\">Noticias y Actualidad<\/a>\n<\/span><span class=\"aioseo-breadcrumb-separator\">\u2013<\/span><span class=\"aioseo-breadcrumb\">\n\t<a href=\"https:\/\/eldigitaldeasturias.com\/magazine365\/brad-pitt-agredido-durante-el-estreno-de-malefica-en-los-angeles\/\" title=\"Brad Pitt, agredido durante el estreno de \u00abMal\u00e9fica\u00bb en Los \u00c1ngeles\">Brad Pitt, agredido durante el estreno de \u00abMal\u00e9fica\u00bb en Los \u00c1ngeles<\/a>\n<\/span><\/div>","aioseo_breadcrumb_json":[{"label":"Home","link":"https:\/\/eldigitaldeasturias.com\/magazine365"},{"label":"Noticias y Actualidad","link":"https:\/\/eldigitaldeasturias.com\/magazine365\/category\/noticias-actualidad\/"},{"label":"Brad Pitt, agredido durante el estreno de \u00abMal\u00e9fica\u00bb en Los \u00c1ngeles","link":"https:\/\/eldigitaldeasturias.com\/magazine365\/brad-pitt-agredido-durante-el-estreno-de-malefica-en-los-angeles\/"}],"_links":{"self":[{"href":"https:\/\/eldigitaldeasturias.com\/magazine365\/wp-json\/wp\/v2\/posts\/14370","targetHints":{"allow":["GET"]}}],"collection":[{"href":"https:\/\/eldigitaldeasturias.com\/magazine365\/wp-json\/wp\/v2\/posts"}],"about":[{"href":"https:\/\/eldigitaldeasturias.com\/magazine365\/wp-json\/wp\/v2\/types\/post"}],"author":[{"embeddable":true,"href":"https:\/\/eldigitaldeasturias.com\/magazine365\/wp-json\/wp\/v2\/users\/1"}],"replies":[{"embeddable":true,"href":"https:\/\/eldigitaldeasturias.com\/magazine365\/wp-json\/wp\/v2\/comments?post=14370"}],"version-history":[{"count":0,"href":"https:\/\/eldigitaldeasturias.com\/magazine365\/wp-json\/wp\/v2\/posts\/14370\/revisions"}],"wp:featuredmedia":[{"embeddable":true,"href":"https:\/\/eldigitaldeasturias.com\/magazine365\/wp-json\/wp\/v2\/media\/14371"}],"wp:attachment":[{"href":"https:\/\/eldigitaldeasturias.com\/magazine365\/wp-json\/wp\/v2\/media?parent=14370"}],"wp:term":[{"taxonomy":"category","embeddable":true,"href":"https:\/\/eldigitaldeasturias.com\/magazine365\/wp-json\/wp\/v2\/categories?post=14370"},{"taxonomy":"post_tag","embeddable":true,"href":"https:\/\/eldigitaldeasturias.com\/magazine365\/wp-json\/wp\/v2\/tags?post=14370"}],"curies":[{"name":"wp","href":"https:\/\/api.w.org\/{rel}","templated":true}]}}