{"id":14361,"date":"2014-05-29T23:55:42","date_gmt":"2014-05-30T01:55:42","guid":{"rendered":"http:\/\/eldigitaldeasturias.com\/magazine365\/?p=14361"},"modified":"2014-05-29T23:55:42","modified_gmt":"2014-05-30T01:55:42","slug":"jeff-beck-aloe-blacc-y-paquito-drivera-en-el-mas-i-mas-festival14","status":"publish","type":"post","link":"https:\/\/eldigitaldeasturias.com\/magazine365\/jeff-beck-aloe-blacc-y-paquito-drivera-en-el-mas-i-mas-festival14\/","title":{"rendered":"Jeff Beck, Aloe Blacc y Paquito D&#8217;Rivera, en el Mas i Mas Festival&#8217;14"},"content":{"rendered":"<p><img fetchpriority=\"high\" decoding=\"async\" class=\"alignleft size-medium wp-image-14362\" alt=\"6314310w\" src=\"https:\/\/eldigitaldeasturias.com\/magazine365\/wp-content\/uploads\/2014\/05\/6314310w-300x300.jpg\" width=\"300\" height=\"300\" srcset=\"https:\/\/eldigitaldeasturias.com\/magazine365\/wp-content\/uploads\/2014\/05\/6314310w-300x300.jpg 300w, https:\/\/eldigitaldeasturias.com\/magazine365\/wp-content\/uploads\/2014\/05\/6314310w-640x640.jpg 640w, https:\/\/eldigitaldeasturias.com\/magazine365\/wp-content\/uploads\/2014\/05\/6314310w-768x768.jpg 768w, https:\/\/eldigitaldeasturias.com\/magazine365\/wp-content\/uploads\/2014\/05\/6314310w-150x150.jpg 150w, https:\/\/eldigitaldeasturias.com\/magazine365\/wp-content\/uploads\/2014\/05\/6314310w-450x450.jpg 450w, https:\/\/eldigitaldeasturias.com\/magazine365\/wp-content\/uploads\/2014\/05\/6314310w-696x696.jpg 696w, https:\/\/eldigitaldeasturias.com\/magazine365\/wp-content\/uploads\/2014\/05\/6314310w-420x420.jpg 420w, https:\/\/eldigitaldeasturias.com\/magazine365\/wp-content\/uploads\/2014\/05\/6314310w-50x50.jpg 50w, https:\/\/eldigitaldeasturias.com\/magazine365\/wp-content\/uploads\/2014\/05\/6314310w.jpg 800w\" sizes=\"(max-width: 300px) 100vw, 300px\" \/>Barcelona, 29 may (EFE).- El guitarrista Jeff Beck abrir\u00e1 el pr\u00f3ximo 10 de julio el Mas i Mas Festival, que se prolongar\u00e1 hasta el 31 de agosto en diferentes espacios de Barcelona y que reunir\u00e1 artistas como Aloe Blacc, Paquito D&#8217;Rivera, Lucy Lummis, Maria del Mar Bonet y Carles Benavent, entre otros.<\/p>\n<p>Un total de 444 artistas participar\u00e1n en los 102 espect\u00e1culos que el Mas i Mas Festival ha programado en la XII edici\u00f3n de este certamen, que pretende que \u00abBarcelona sea capital de la m\u00fasica durante el mes de agosto\u00bb, seg\u00fan ha dicho hoy el director del festival, Pere Pons.<\/p>\n<p>El Mas i Mas Festival, que tradicionalmente se celebra en el Poble Espanyol, Jamboree, Moog, Tarantos, Plaza del Rey, MUHBA y sala de ensayos del Palau de la M\u00fasica, incorpora este a\u00f1o la Sala Moragas del Born Centre Cultural y sustituye la sala de ensayos del Palau de la M\u00fasica por la sala grande de esta misma instituci\u00f3n.<\/p>\n<p>\u00abEste a\u00f1o vamos a hacer saltar la banca\u00bb, ha se\u00f1alado Pere Pons, en referencia a la \u00abcalidad y la cantidad\u00bb de la propuesta de este a\u00f1o, que cuenta con 400.000 euros de presupuesto y espera recibir 40.000 asistentes.<\/p>\n<p>El Festival, que generalmente empieza a finales de julio y cuya finalidad es mantener la actividad musical de la ciudad durante el mes de agosto, este a\u00f1o ha adelantado su inauguraci\u00f3n al 10 de julio \u00abpara poder contar con Jeff Beck, una leyenda del rock que muchos consideran el heredero natural de Jimi Hendrix\u00bb, seg\u00fan Pons.<\/p>\n<p>La clausura del certamen ir\u00e1 cargo de Aloe Blacc, la nueva sensaci\u00f3n del soul y el funk internacional, que actuar\u00e1 29 de agosto en el Palau de la M\u00fasica.<\/p>\n<p>Este mismo espacio acoger\u00e1 tres conciertos de piano cl\u00e1sico, la actuaci\u00f3n de Lucy Lummis &amp; her Orchestra y el espect\u00e1culo de Mike S\u00e1nchez con la Barcelona Big Blues Band.<\/p>\n<p>\u00abHemos hecho una selecci\u00f3n -ha dicho Pons- basada en la calidad. No queremos ser un parque tem\u00e1tico tur\u00edstico, sino ofrecer buena m\u00fasica y abarcar todos los g\u00e9neros\u00bb.<\/p>\n<p>Dentro de la m\u00fasica cl\u00e1sica, el certamen mantiene los conciertos de 30 minutos en el Museo de Historia de la Ciudad (MUHBA), que este a\u00f1o se agrupar\u00e1n bajo el t\u00edtulo \u00abM\u00fasica, guerra y paz\u00bb y se centrar\u00e1n en las m\u00fasicas compuestas en tiempos b\u00e9licos.<\/p>\n<p>El Jamboree ser\u00e1 el centro neur\u00e1lgico de los conciertos de jazz, con la presencia de m\u00fasicos como Paquito D&#8217;Rivera, Benny Golson, China Moses y Carles Benavent.<\/p>\n<p>La sala Tarantos ofrecer\u00e1 flamenco, el Moog m\u00fasica electr\u00f3nica y la Sala Moragas se incorpora como nueva sede del festival con el ciclo \u00abSona el m\u00f3n i torna al Born\u00bb, en el que participar\u00e1n Maria del Mar Bonet, Borja Penalba, Luna Cohen, Clara Luna, Nakany Kant\u00e9, Ignasi Terraza Trio, Torijano, Sandra Rehder y Gemma Humet.<\/p>\n","protected":false},"excerpt":{"rendered":"<p>Barcelona, 29 may (EFE).- El guitarrista Jeff Beck abrir\u00e1 el pr\u00f3ximo 10 de julio el Mas i Mas Festival, que se prolongar\u00e1 hasta el 31 de agosto en diferentes espacios de Barcelona y que reunir\u00e1 artistas como Aloe Blacc, Paquito D&#8217;Rivera, Lucy Lummis, Maria del Mar Bonet y Carles Benavent, entre otros. Un total de<\/p>\n","protected":false},"author":1,"featured_media":14362,"comment_status":"open","ping_status":"closed","sticky":false,"template":"","format":"standard","meta":{"footnotes":""},"categories":[224],"tags":[],"class_list":{"0":"post-14361","1":"post","2":"type-post","3":"status-publish","4":"format-standard","5":"has-post-thumbnail","7":"category-noticias-actualidad"},"aioseo_notices":[],"aioseo_head":"\n\t\t<!-- All in One SEO Pro 4.9.6.1 - aioseo.com -->\n\t<meta name=\"description\" content=\"Barcelona, 29 may (EFE).- El guitarrista Jeff Beck abrir\u00e1 el pr\u00f3ximo 10 de julio el Mas i Mas Festival, que se prolongar\u00e1 hasta el 31 de agosto en diferentes espacios de Barcelona y que reunir\u00e1 artistas como Aloe Blacc, Paquito D&#039;Rivera, Lucy Lummis, Maria del Mar Bonet y Carles Benavent, entre otros. Un total de\" \/>\n\t<meta name=\"robots\" content=\"max-image-preview:large\" \/>\n\t<meta name=\"author\" content=\"admin\"\/>\n\t<meta name=\"google-site-verification\" content=\"UA-38556648-1\" \/>\n\t<meta name=\"keywords\" content=\"noticias y actualidad\" \/>\n\t<link rel=\"canonical\" href=\"https:\/\/eldigitaldeasturias.com\/magazine365\/jeff-beck-aloe-blacc-y-paquito-drivera-en-el-mas-i-mas-festival14\/\" \/>\n\t<meta name=\"generator\" content=\"All in One SEO Pro (AIOSEO) 4.9.6.1\" \/>\n\t\t<meta property=\"og:locale\" content=\"es_ES\" \/>\n\t\t<meta property=\"og:site_name\" content=\"El Digital de Asturias \u2013 Revista de ocio, turismo y estilo de vida\" \/>\n\t\t<meta property=\"og:type\" content=\"article\" \/>\n\t\t<meta property=\"og:title\" content=\"Jeff Beck, Aloe Blacc y Paquito D\u2019Rivera, en el Mas i Mas Festival\u201914 | El Digital de Asturias\" \/>\n\t\t<meta property=\"og:description\" content=\"Barcelona, 29 may (EFE).- El guitarrista Jeff Beck abrir\u00e1 el pr\u00f3ximo 10 de julio el Mas i Mas Festival, que se prolongar\u00e1 hasta el 31 de agosto en diferentes espacios de Barcelona y que reunir\u00e1 artistas como Aloe Blacc, Paquito D&#039;Rivera, Lucy Lummis, Maria del Mar Bonet y Carles Benavent, entre otros. Un total de\" \/>\n\t\t<meta property=\"og:url\" content=\"https:\/\/eldigitaldeasturias.com\/magazine365\/jeff-beck-aloe-blacc-y-paquito-drivera-en-el-mas-i-mas-festival14\/\" \/>\n\t\t<meta property=\"og:image\" content=\"https:\/\/eldigitaldeasturias.com\/magazine365\/wp-content\/uploads\/2014\/05\/6314310w.jpg\" \/>\n\t\t<meta property=\"og:image:secure_url\" content=\"https:\/\/eldigitaldeasturias.com\/magazine365\/wp-content\/uploads\/2014\/05\/6314310w.jpg\" \/>\n\t\t<meta property=\"og:image:width\" content=\"800\" \/>\n\t\t<meta property=\"og:image:height\" content=\"800\" \/>\n\t\t<meta property=\"article:published_time\" content=\"2014-05-30T01:55:42+00:00\" \/>\n\t\t<meta property=\"article:modified_time\" content=\"2014-05-30T01:55:42+00:00\" \/>\n\t\t<meta name=\"twitter:card\" content=\"summary_large_image\" \/>\n\t\t<meta name=\"twitter:title\" content=\"Jeff Beck, Aloe Blacc y Paquito D\u2019Rivera, en el Mas i Mas Festival\u201914 | El Digital de Asturias\" \/>\n\t\t<meta name=\"twitter:description\" content=\"Barcelona, 29 may (EFE).- El guitarrista Jeff Beck abrir\u00e1 el pr\u00f3ximo 10 de julio el Mas i Mas Festival, que se prolongar\u00e1 hasta el 31 de agosto en diferentes espacios de Barcelona y que reunir\u00e1 artistas como Aloe Blacc, Paquito D&#039;Rivera, Lucy Lummis, Maria del Mar Bonet y Carles Benavent, entre otros. Un total de\" \/>\n\t\t<meta name=\"twitter:image\" content=\"https:\/\/eldigitaldeasturias.com\/magazine365\/wp-content\/uploads\/2014\/05\/6314310w.jpg\" \/>\n\t\t<script type=\"application\/ld+json\" class=\"aioseo-schema\">\n\t\t\t{\"@context\":\"https:\\\/\\\/schema.org\",\"@graph\":[{\"@type\":\"Article\",\"@id\":\"https:\\\/\\\/eldigitaldeasturias.com\\\/magazine365\\\/jeff-beck-aloe-blacc-y-paquito-drivera-en-el-mas-i-mas-festival14\\\/#article\",\"name\":\"Jeff Beck, Aloe Blacc y Paquito D\\u2019Rivera, en el Mas i Mas Festival\\u201914 | El Digital de Asturias\",\"headline\":\"Jeff Beck, Aloe Blacc y Paquito D&#8217;Rivera, en el Mas i Mas Festival&#8217;14\",\"author\":{\"@id\":\"https:\\\/\\\/eldigitaldeasturias.com\\\/magazine365\\\/author\\\/admin\\\/#author\"},\"publisher\":{\"@id\":\"https:\\\/\\\/eldigitaldeasturias.com\\\/magazine365\\\/#organization\"},\"image\":{\"@type\":\"ImageObject\",\"url\":\"https:\\\/\\\/eldigitaldeasturias.com\\\/magazine365\\\/wp-content\\\/uploads\\\/2014\\\/05\\\/6314310w.jpg\",\"width\":800,\"height\":800},\"datePublished\":\"2014-05-29T23:55:42+02:00\",\"dateModified\":\"2014-05-29T23:55:42+02:00\",\"inLanguage\":\"es-ES\",\"mainEntityOfPage\":{\"@id\":\"https:\\\/\\\/eldigitaldeasturias.com\\\/magazine365\\\/jeff-beck-aloe-blacc-y-paquito-drivera-en-el-mas-i-mas-festival14\\\/#webpage\"},\"isPartOf\":{\"@id\":\"https:\\\/\\\/eldigitaldeasturias.com\\\/magazine365\\\/jeff-beck-aloe-blacc-y-paquito-drivera-en-el-mas-i-mas-festival14\\\/#webpage\"},\"articleSection\":\"Noticias y Actualidad\"},{\"@type\":\"BreadcrumbList\",\"@id\":\"https:\\\/\\\/eldigitaldeasturias.com\\\/magazine365\\\/jeff-beck-aloe-blacc-y-paquito-drivera-en-el-mas-i-mas-festival14\\\/#breadcrumblist\",\"itemListElement\":[{\"@type\":\"ListItem\",\"@id\":\"https:\\\/\\\/eldigitaldeasturias.com\\\/magazine365#listItem\",\"position\":1,\"name\":\"Home\",\"item\":\"https:\\\/\\\/eldigitaldeasturias.com\\\/magazine365\",\"nextItem\":{\"@type\":\"ListItem\",\"@id\":\"https:\\\/\\\/eldigitaldeasturias.com\\\/magazine365\\\/category\\\/noticias-actualidad\\\/#listItem\",\"name\":\"Noticias y Actualidad\"}},{\"@type\":\"ListItem\",\"@id\":\"https:\\\/\\\/eldigitaldeasturias.com\\\/magazine365\\\/category\\\/noticias-actualidad\\\/#listItem\",\"position\":2,\"name\":\"Noticias y Actualidad\",\"item\":\"https:\\\/\\\/eldigitaldeasturias.com\\\/magazine365\\\/category\\\/noticias-actualidad\\\/\",\"nextItem\":{\"@type\":\"ListItem\",\"@id\":\"https:\\\/\\\/eldigitaldeasturias.com\\\/magazine365\\\/jeff-beck-aloe-blacc-y-paquito-drivera-en-el-mas-i-mas-festival14\\\/#listItem\",\"name\":\"Jeff Beck, Aloe Blacc y Paquito D&#8217;Rivera, en el Mas i Mas Festival&#8217;14\"},\"previousItem\":{\"@type\":\"ListItem\",\"@id\":\"https:\\\/\\\/eldigitaldeasturias.com\\\/magazine365#listItem\",\"name\":\"Home\"}},{\"@type\":\"ListItem\",\"@id\":\"https:\\\/\\\/eldigitaldeasturias.com\\\/magazine365\\\/jeff-beck-aloe-blacc-y-paquito-drivera-en-el-mas-i-mas-festival14\\\/#listItem\",\"position\":3,\"name\":\"Jeff Beck, Aloe Blacc y Paquito D&#8217;Rivera, en el Mas i Mas Festival&#8217;14\",\"previousItem\":{\"@type\":\"ListItem\",\"@id\":\"https:\\\/\\\/eldigitaldeasturias.com\\\/magazine365\\\/category\\\/noticias-actualidad\\\/#listItem\",\"name\":\"Noticias y Actualidad\"}}]},{\"@type\":\"Organization\",\"@id\":\"https:\\\/\\\/eldigitaldeasturias.com\\\/magazine365\\\/#organization\",\"name\":\"El digital de Asturias\",\"description\":\"Revista de ocio, turismo y estilo de vida\",\"url\":\"https:\\\/\\\/eldigitaldeasturias.com\\\/magazine365\\\/\",\"logo\":{\"@type\":\"ImageObject\",\"url\":\"https:\\\/\\\/www.eldigitaldeasturias.com\\\/noticias\\\/wp-content\\\/uploads\\\/2020\\\/12\\\/EDA.jpg\",\"@id\":\"https:\\\/\\\/eldigitaldeasturias.com\\\/magazine365\\\/jeff-beck-aloe-blacc-y-paquito-drivera-en-el-mas-i-mas-festival14\\\/#organizationLogo\"},\"image\":{\"@id\":\"https:\\\/\\\/eldigitaldeasturias.com\\\/magazine365\\\/jeff-beck-aloe-blacc-y-paquito-drivera-en-el-mas-i-mas-festival14\\\/#organizationLogo\"}},{\"@type\":\"Person\",\"@id\":\"https:\\\/\\\/eldigitaldeasturias.com\\\/magazine365\\\/author\\\/admin\\\/#author\",\"url\":\"https:\\\/\\\/eldigitaldeasturias.com\\\/magazine365\\\/author\\\/admin\\\/\",\"name\":\"admin\",\"image\":{\"@type\":\"ImageObject\",\"@id\":\"https:\\\/\\\/eldigitaldeasturias.com\\\/magazine365\\\/jeff-beck-aloe-blacc-y-paquito-drivera-en-el-mas-i-mas-festival14\\\/#authorImage\",\"url\":\"https:\\\/\\\/eldigitaldeasturias.com\\\/magazine365\\\/wp-content\\\/litespeed\\\/avatar\\\/e571bcf59a0edd6fa6838245a470f2fe.jpg?ver=1777574230\",\"width\":96,\"height\":96,\"caption\":\"admin\"}},{\"@type\":\"WebPage\",\"@id\":\"https:\\\/\\\/eldigitaldeasturias.com\\\/magazine365\\\/jeff-beck-aloe-blacc-y-paquito-drivera-en-el-mas-i-mas-festival14\\\/#webpage\",\"url\":\"https:\\\/\\\/eldigitaldeasturias.com\\\/magazine365\\\/jeff-beck-aloe-blacc-y-paquito-drivera-en-el-mas-i-mas-festival14\\\/\",\"name\":\"Jeff Beck, Aloe Blacc y Paquito D\\u2019Rivera, en el Mas i Mas Festival\\u201914 | El Digital de Asturias\",\"description\":\"Barcelona, 29 may (EFE).- El guitarrista Jeff Beck abrir\\u00e1 el pr\\u00f3ximo 10 de julio el Mas i Mas Festival, que se prolongar\\u00e1 hasta el 31 de agosto en diferentes espacios de Barcelona y que reunir\\u00e1 artistas como Aloe Blacc, Paquito D'Rivera, Lucy Lummis, Maria del Mar Bonet y Carles Benavent, entre otros. Un total de\",\"inLanguage\":\"es-ES\",\"isPartOf\":{\"@id\":\"https:\\\/\\\/eldigitaldeasturias.com\\\/magazine365\\\/#website\"},\"breadcrumb\":{\"@id\":\"https:\\\/\\\/eldigitaldeasturias.com\\\/magazine365\\\/jeff-beck-aloe-blacc-y-paquito-drivera-en-el-mas-i-mas-festival14\\\/#breadcrumblist\"},\"author\":{\"@id\":\"https:\\\/\\\/eldigitaldeasturias.com\\\/magazine365\\\/author\\\/admin\\\/#author\"},\"creator\":{\"@id\":\"https:\\\/\\\/eldigitaldeasturias.com\\\/magazine365\\\/author\\\/admin\\\/#author\"},\"image\":{\"@type\":\"ImageObject\",\"url\":\"https:\\\/\\\/eldigitaldeasturias.com\\\/magazine365\\\/wp-content\\\/uploads\\\/2014\\\/05\\\/6314310w.jpg\",\"@id\":\"https:\\\/\\\/eldigitaldeasturias.com\\\/magazine365\\\/jeff-beck-aloe-blacc-y-paquito-drivera-en-el-mas-i-mas-festival14\\\/#mainImage\",\"width\":800,\"height\":800},\"primaryImageOfPage\":{\"@id\":\"https:\\\/\\\/eldigitaldeasturias.com\\\/magazine365\\\/jeff-beck-aloe-blacc-y-paquito-drivera-en-el-mas-i-mas-festival14\\\/#mainImage\"},\"datePublished\":\"2014-05-29T23:55:42+02:00\",\"dateModified\":\"2014-05-29T23:55:42+02:00\"},{\"@type\":\"WebSite\",\"@id\":\"https:\\\/\\\/eldigitaldeasturias.com\\\/magazine365\\\/#website\",\"url\":\"https:\\\/\\\/eldigitaldeasturias.com\\\/magazine365\\\/\",\"name\":\"El Digital de Asturias\",\"description\":\"Revista de ocio, turismo y estilo de vida\",\"inLanguage\":\"es-ES\",\"publisher\":{\"@id\":\"https:\\\/\\\/eldigitaldeasturias.com\\\/magazine365\\\/#organization\"}}]}\n\t\t<\/script>\n\t\t<!-- All in One SEO Pro -->\r\n\t\t<title>Jeff Beck, Aloe Blacc y Paquito D\u2019Rivera, en el Mas i Mas Festival\u201914 | El Digital de Asturias<\/title>\n\n","aioseo_head_json":{"title":"Jeff Beck, Aloe Blacc y Paquito D\u2019Rivera, en el Mas i Mas Festival\u201914 | El Digital de Asturias","description":"Barcelona, 29 may (EFE).- El guitarrista Jeff Beck abrir\u00e1 el pr\u00f3ximo 10 de julio el Mas i Mas Festival, que se prolongar\u00e1 hasta el 31 de agosto en diferentes espacios de Barcelona y que reunir\u00e1 artistas como Aloe Blacc, Paquito D'Rivera, Lucy Lummis, Maria del Mar Bonet y Carles Benavent, entre otros. Un total de","canonical_url":"https:\/\/eldigitaldeasturias.com\/magazine365\/jeff-beck-aloe-blacc-y-paquito-drivera-en-el-mas-i-mas-festival14\/","robots":"max-image-preview:large","keywords":"noticias y actualidad","webmasterTools":{"google-site-verification":"UA-38556648-1","miscellaneous":""},"schema":{"@context":"https:\/\/schema.org","@graph":[{"@type":"Article","@id":"https:\/\/eldigitaldeasturias.com\/magazine365\/jeff-beck-aloe-blacc-y-paquito-drivera-en-el-mas-i-mas-festival14\/#article","name":"Jeff Beck, Aloe Blacc y Paquito D\u2019Rivera, en el Mas i Mas Festival\u201914 | El Digital de Asturias","headline":"Jeff Beck, Aloe Blacc y Paquito D&#8217;Rivera, en el Mas i Mas Festival&#8217;14","author":{"@id":"https:\/\/eldigitaldeasturias.com\/magazine365\/author\/admin\/#author"},"publisher":{"@id":"https:\/\/eldigitaldeasturias.com\/magazine365\/#organization"},"image":{"@type":"ImageObject","url":"https:\/\/eldigitaldeasturias.com\/magazine365\/wp-content\/uploads\/2014\/05\/6314310w.jpg","width":800,"height":800},"datePublished":"2014-05-29T23:55:42+02:00","dateModified":"2014-05-29T23:55:42+02:00","inLanguage":"es-ES","mainEntityOfPage":{"@id":"https:\/\/eldigitaldeasturias.com\/magazine365\/jeff-beck-aloe-blacc-y-paquito-drivera-en-el-mas-i-mas-festival14\/#webpage"},"isPartOf":{"@id":"https:\/\/eldigitaldeasturias.com\/magazine365\/jeff-beck-aloe-blacc-y-paquito-drivera-en-el-mas-i-mas-festival14\/#webpage"},"articleSection":"Noticias y Actualidad"},{"@type":"BreadcrumbList","@id":"https:\/\/eldigitaldeasturias.com\/magazine365\/jeff-beck-aloe-blacc-y-paquito-drivera-en-el-mas-i-mas-festival14\/#breadcrumblist","itemListElement":[{"@type":"ListItem","@id":"https:\/\/eldigitaldeasturias.com\/magazine365#listItem","position":1,"name":"Home","item":"https:\/\/eldigitaldeasturias.com\/magazine365","nextItem":{"@type":"ListItem","@id":"https:\/\/eldigitaldeasturias.com\/magazine365\/category\/noticias-actualidad\/#listItem","name":"Noticias y Actualidad"}},{"@type":"ListItem","@id":"https:\/\/eldigitaldeasturias.com\/magazine365\/category\/noticias-actualidad\/#listItem","position":2,"name":"Noticias y Actualidad","item":"https:\/\/eldigitaldeasturias.com\/magazine365\/category\/noticias-actualidad\/","nextItem":{"@type":"ListItem","@id":"https:\/\/eldigitaldeasturias.com\/magazine365\/jeff-beck-aloe-blacc-y-paquito-drivera-en-el-mas-i-mas-festival14\/#listItem","name":"Jeff Beck, Aloe Blacc y Paquito D&#8217;Rivera, en el Mas i Mas Festival&#8217;14"},"previousItem":{"@type":"ListItem","@id":"https:\/\/eldigitaldeasturias.com\/magazine365#listItem","name":"Home"}},{"@type":"ListItem","@id":"https:\/\/eldigitaldeasturias.com\/magazine365\/jeff-beck-aloe-blacc-y-paquito-drivera-en-el-mas-i-mas-festival14\/#listItem","position":3,"name":"Jeff Beck, Aloe Blacc y Paquito D&#8217;Rivera, en el Mas i Mas Festival&#8217;14","previousItem":{"@type":"ListItem","@id":"https:\/\/eldigitaldeasturias.com\/magazine365\/category\/noticias-actualidad\/#listItem","name":"Noticias y Actualidad"}}]},{"@type":"Organization","@id":"https:\/\/eldigitaldeasturias.com\/magazine365\/#organization","name":"El digital de Asturias","description":"Revista de ocio, turismo y estilo de vida","url":"https:\/\/eldigitaldeasturias.com\/magazine365\/","logo":{"@type":"ImageObject","url":"https:\/\/www.eldigitaldeasturias.com\/noticias\/wp-content\/uploads\/2020\/12\/EDA.jpg","@id":"https:\/\/eldigitaldeasturias.com\/magazine365\/jeff-beck-aloe-blacc-y-paquito-drivera-en-el-mas-i-mas-festival14\/#organizationLogo"},"image":{"@id":"https:\/\/eldigitaldeasturias.com\/magazine365\/jeff-beck-aloe-blacc-y-paquito-drivera-en-el-mas-i-mas-festival14\/#organizationLogo"}},{"@type":"Person","@id":"https:\/\/eldigitaldeasturias.com\/magazine365\/author\/admin\/#author","url":"https:\/\/eldigitaldeasturias.com\/magazine365\/author\/admin\/","name":"admin","image":{"@type":"ImageObject","@id":"https:\/\/eldigitaldeasturias.com\/magazine365\/jeff-beck-aloe-blacc-y-paquito-drivera-en-el-mas-i-mas-festival14\/#authorImage","url":"https:\/\/eldigitaldeasturias.com\/magazine365\/wp-content\/litespeed\/avatar\/e571bcf59a0edd6fa6838245a470f2fe.jpg?ver=1777574230","width":96,"height":96,"caption":"admin"}},{"@type":"WebPage","@id":"https:\/\/eldigitaldeasturias.com\/magazine365\/jeff-beck-aloe-blacc-y-paquito-drivera-en-el-mas-i-mas-festival14\/#webpage","url":"https:\/\/eldigitaldeasturias.com\/magazine365\/jeff-beck-aloe-blacc-y-paquito-drivera-en-el-mas-i-mas-festival14\/","name":"Jeff Beck, Aloe Blacc y Paquito D\u2019Rivera, en el Mas i Mas Festival\u201914 | El Digital de Asturias","description":"Barcelona, 29 may (EFE).- El guitarrista Jeff Beck abrir\u00e1 el pr\u00f3ximo 10 de julio el Mas i Mas Festival, que se prolongar\u00e1 hasta el 31 de agosto en diferentes espacios de Barcelona y que reunir\u00e1 artistas como Aloe Blacc, Paquito D'Rivera, Lucy Lummis, Maria del Mar Bonet y Carles Benavent, entre otros. Un total de","inLanguage":"es-ES","isPartOf":{"@id":"https:\/\/eldigitaldeasturias.com\/magazine365\/#website"},"breadcrumb":{"@id":"https:\/\/eldigitaldeasturias.com\/magazine365\/jeff-beck-aloe-blacc-y-paquito-drivera-en-el-mas-i-mas-festival14\/#breadcrumblist"},"author":{"@id":"https:\/\/eldigitaldeasturias.com\/magazine365\/author\/admin\/#author"},"creator":{"@id":"https:\/\/eldigitaldeasturias.com\/magazine365\/author\/admin\/#author"},"image":{"@type":"ImageObject","url":"https:\/\/eldigitaldeasturias.com\/magazine365\/wp-content\/uploads\/2014\/05\/6314310w.jpg","@id":"https:\/\/eldigitaldeasturias.com\/magazine365\/jeff-beck-aloe-blacc-y-paquito-drivera-en-el-mas-i-mas-festival14\/#mainImage","width":800,"height":800},"primaryImageOfPage":{"@id":"https:\/\/eldigitaldeasturias.com\/magazine365\/jeff-beck-aloe-blacc-y-paquito-drivera-en-el-mas-i-mas-festival14\/#mainImage"},"datePublished":"2014-05-29T23:55:42+02:00","dateModified":"2014-05-29T23:55:42+02:00"},{"@type":"WebSite","@id":"https:\/\/eldigitaldeasturias.com\/magazine365\/#website","url":"https:\/\/eldigitaldeasturias.com\/magazine365\/","name":"El Digital de Asturias","description":"Revista de ocio, turismo y estilo de vida","inLanguage":"es-ES","publisher":{"@id":"https:\/\/eldigitaldeasturias.com\/magazine365\/#organization"}}]},"og:locale":"es_ES","og:site_name":"El Digital de Asturias \u2013 Revista de ocio, turismo y estilo de vida","og:type":"article","og:title":"Jeff Beck, Aloe Blacc y Paquito D\u2019Rivera, en el Mas i Mas Festival\u201914 | El Digital de Asturias","og:description":"Barcelona, 29 may (EFE).- El guitarrista Jeff Beck abrir\u00e1 el pr\u00f3ximo 10 de julio el Mas i Mas Festival, que se prolongar\u00e1 hasta el 31 de agosto en diferentes espacios de Barcelona y que reunir\u00e1 artistas como Aloe Blacc, Paquito D'Rivera, Lucy Lummis, Maria del Mar Bonet y Carles Benavent, entre otros. Un total de","og:url":"https:\/\/eldigitaldeasturias.com\/magazine365\/jeff-beck-aloe-blacc-y-paquito-drivera-en-el-mas-i-mas-festival14\/","og:image":"https:\/\/eldigitaldeasturias.com\/magazine365\/wp-content\/uploads\/2014\/05\/6314310w.jpg","og:image:secure_url":"https:\/\/eldigitaldeasturias.com\/magazine365\/wp-content\/uploads\/2014\/05\/6314310w.jpg","og:image:width":800,"og:image:height":800,"article:published_time":"2014-05-30T01:55:42+00:00","article:modified_time":"2014-05-30T01:55:42+00:00","twitter:card":"summary_large_image","twitter:title":"Jeff Beck, Aloe Blacc y Paquito D\u2019Rivera, en el Mas i Mas Festival\u201914 | El Digital de Asturias","twitter:description":"Barcelona, 29 may (EFE).- El guitarrista Jeff Beck abrir\u00e1 el pr\u00f3ximo 10 de julio el Mas i Mas Festival, que se prolongar\u00e1 hasta el 31 de agosto en diferentes espacios de Barcelona y que reunir\u00e1 artistas como Aloe Blacc, Paquito D'Rivera, Lucy Lummis, Maria del Mar Bonet y Carles Benavent, entre otros. Un total de","twitter:image":"https:\/\/eldigitaldeasturias.com\/magazine365\/wp-content\/uploads\/2014\/05\/6314310w.jpg"},"aioseo_meta_data":{"post_id":"14361","title":null,"description":null,"keywords":null,"keyphrases":null,"primary_term":null,"canonical_url":null,"og_title":null,"og_description":null,"og_object_type":"default","og_image_type":"default","og_image_url":null,"og_image_width":null,"og_image_height":null,"og_image_custom_url":null,"og_image_custom_fields":null,"og_video":null,"og_custom_url":null,"og_article_section":null,"og_article_tags":null,"twitter_use_og":false,"twitter_card":"default","twitter_image_type":"default","twitter_image_url":null,"twitter_image_custom_url":null,"twitter_image_custom_fields":null,"twitter_title":null,"twitter_description":null,"schema":{"blockGraphs":[],"customGraphs":[],"default":{"data":{"Article":[],"Course":[],"Dataset":[],"FAQPage":[],"Movie":[],"Person":[],"Product":[],"ProductReview":[],"Car":[],"Recipe":[],"Service":[],"SoftwareApplication":[],"WebPage":[]},"graphName":"","isEnabled":true},"graphs":[],"defaultGraph":"","defaultPostTypeGraph":""},"schema_type":null,"schema_type_options":null,"pillar_content":false,"robots_default":true,"robots_noindex":false,"robots_noarchive":false,"robots_nosnippet":false,"robots_nofollow":false,"robots_noimageindex":false,"robots_noodp":false,"robots_notranslate":false,"robots_max_snippet":null,"robots_max_videopreview":null,"robots_max_imagepreview":"large","priority":null,"frequency":null,"location":null,"local_seo":null,"seo_analyzer_scan_date":"2025-09-17 09:59:23","breadcrumb_settings":null,"limit_modified_date":false,"open_ai":null,"ai":null,"created":"2021-03-09 08:16:48","updated":"2025-09-17 09:59:23"},"aioseo_breadcrumb":"<div class=\"aioseo-breadcrumbs\"><span class=\"aioseo-breadcrumb\">\n\t<a href=\"https:\/\/eldigitaldeasturias.com\/magazine365\" title=\"Home\">Home<\/a>\n<\/span><span class=\"aioseo-breadcrumb-separator\">\u2013<\/span><span class=\"aioseo-breadcrumb\">\n\t<a href=\"https:\/\/eldigitaldeasturias.com\/magazine365\/category\/noticias-actualidad\/\" title=\"Noticias y Actualidad\">Noticias y Actualidad<\/a>\n<\/span><span class=\"aioseo-breadcrumb-separator\">\u2013<\/span><span class=\"aioseo-breadcrumb\">\n\t<a href=\"https:\/\/eldigitaldeasturias.com\/magazine365\/jeff-beck-aloe-blacc-y-paquito-drivera-en-el-mas-i-mas-festival14\/\" title=\"Jeff Beck, Aloe Blacc y Paquito D\u2019Rivera, en el Mas i Mas Festival\u201914\">Jeff Beck, Aloe Blacc y Paquito D\u2019Rivera, en el Mas i Mas Festival\u201914<\/a>\n<\/span><\/div>","aioseo_breadcrumb_json":[{"label":"Home","link":"https:\/\/eldigitaldeasturias.com\/magazine365"},{"label":"Noticias y Actualidad","link":"https:\/\/eldigitaldeasturias.com\/magazine365\/category\/noticias-actualidad\/"},{"label":"Jeff Beck, Aloe Blacc y Paquito D&#8217;Rivera, en el Mas i Mas Festival&#8217;14","link":"https:\/\/eldigitaldeasturias.com\/magazine365\/jeff-beck-aloe-blacc-y-paquito-drivera-en-el-mas-i-mas-festival14\/"}],"_links":{"self":[{"href":"https:\/\/eldigitaldeasturias.com\/magazine365\/wp-json\/wp\/v2\/posts\/14361","targetHints":{"allow":["GET"]}}],"collection":[{"href":"https:\/\/eldigitaldeasturias.com\/magazine365\/wp-json\/wp\/v2\/posts"}],"about":[{"href":"https:\/\/eldigitaldeasturias.com\/magazine365\/wp-json\/wp\/v2\/types\/post"}],"author":[{"embeddable":true,"href":"https:\/\/eldigitaldeasturias.com\/magazine365\/wp-json\/wp\/v2\/users\/1"}],"replies":[{"embeddable":true,"href":"https:\/\/eldigitaldeasturias.com\/magazine365\/wp-json\/wp\/v2\/comments?post=14361"}],"version-history":[{"count":0,"href":"https:\/\/eldigitaldeasturias.com\/magazine365\/wp-json\/wp\/v2\/posts\/14361\/revisions"}],"wp:featuredmedia":[{"embeddable":true,"href":"https:\/\/eldigitaldeasturias.com\/magazine365\/wp-json\/wp\/v2\/media\/14362"}],"wp:attachment":[{"href":"https:\/\/eldigitaldeasturias.com\/magazine365\/wp-json\/wp\/v2\/media?parent=14361"}],"wp:term":[{"taxonomy":"category","embeddable":true,"href":"https:\/\/eldigitaldeasturias.com\/magazine365\/wp-json\/wp\/v2\/categories?post=14361"},{"taxonomy":"post_tag","embeddable":true,"href":"https:\/\/eldigitaldeasturias.com\/magazine365\/wp-json\/wp\/v2\/tags?post=14361"}],"curies":[{"name":"wp","href":"https:\/\/api.w.org\/{rel}","templated":true}]}}