{"id":14355,"date":"2014-05-29T23:52:30","date_gmt":"2014-05-30T01:52:30","guid":{"rendered":"http:\/\/eldigitaldeasturias.com\/magazine365\/?p=14355"},"modified":"2014-05-29T23:52:30","modified_gmt":"2014-05-30T01:52:30","slug":"corella-insinua-su-retirada-tras-el-espectaculo-con-el-violinista-ara-malikian","status":"publish","type":"post","link":"https:\/\/eldigitaldeasturias.com\/magazine365\/corella-insinua-su-retirada-tras-el-espectaculo-con-el-violinista-ara-malikian\/","title":{"rendered":"Corella insin\u00faa su retirada tras el espect\u00e1culo con el violinista Ara Malikian"},"content":{"rendered":"<p><img fetchpriority=\"high\" decoding=\"async\" class=\"alignleft size-medium wp-image-14356\" alt=\"6314335w\" src=\"https:\/\/eldigitaldeasturias.com\/magazine365\/wp-content\/uploads\/2014\/05\/6314335w-360x238.jpg\" width=\"360\" height=\"238\" \/>Barcelona, 29 may (EFE).- El bailar\u00edn \u00c1ngel Corella ha insinuado hoy su retirada tras el espect\u00e1culo que le reunir\u00e1 con el violinista Ara Malikian, \u00abA+A\u00bb, que se estrenar\u00e1 el pr\u00f3ximo 4 de junio en el Teatro Tivoli de Barcelona.<\/p>\n<p>Se trata de un espect\u00e1culo que pondr\u00e1 sobre el escenario a \u00abdos locos de la escena\u00bb, ha se\u00f1alado Corella en una rueda de prensa en la que tambi\u00e9n ha sugerido que \u00e9sta podr\u00eda ser una de las \u00faltimas ocasiones en las que se le ver\u00e1 sobre el escenario, pues seg\u00fan ha recalcado quiere retirarse antes de convertirse en una \u00absombra\u00bb de lo que fue.<\/p>\n<p>Despu\u00e9s de la gira con \u00abA+A\u00bb, obra en la que el bailar\u00edn est\u00e1 constantemente sobre el escenario, Corella ha explicado que s\u00f3lo actuar\u00e1 \u00aben momentos puntuales\u00bb y que su horizonte profesional pasa ahora por dirigir alguna compa\u00f1\u00eda extranjera.<\/p>\n<p>Corella tambi\u00e9n ha subrayado que el \u00faltimo periodo con su compa\u00f1\u00eda le ha \u00abdejado muy tocado\u00bb, por lo que tiene la intenci\u00f3n de \u00abquitarse las malas energ\u00edas\u00bb con su nuevo espect\u00e1culo y \u00abcolgar las zapatillas\u00bb.<\/p>\n<p>Respecto a su nuevo espect\u00e1culo, arropado por los primeros bailarines del Barcelona Ballet como Dayron Vera, Kazuko Omori o Natalia Tapia y los miembros de la orquesta de cuerda La Orquesta en el Tejado, Corella ha explicado que \u00abA+A\u00bb \u00abmostrar\u00e1 todas las facetas de la danza y la maestr\u00eda de los instrumentos como el viol\u00edn\u00bb, que siempre estar\u00e1n \u00abbailando junto a los bailarines\u00bb.<\/p>\n<p>\u00abSomos parte de su coreograf\u00eda\u00bb, ha se\u00f1alado el reconocido violinista liban\u00e9s Malikian, quien ha agradecido a Corella la posibilidad de actuar encima del escenario y no \u00abdentro del foso\u00bb, lugar en el que normalmente se sit\u00faan los m\u00fasicos.<\/p>\n<p>Seg\u00fan Corella, que actuar\u00e1 en este espect\u00e1culo junto a tres parejas de bailarines principales del Barcelona Ballet, Malikian y \u00e9l comparten una \u00abforma muy pasional y explosiva\u00bb de presentar su arte ante el p\u00fablico, \u00abal que dan el 200 % de ellos mismos\u00bb.<\/p>\n<p>Adem\u00e1s del estreno mundial de \u00abA+A\u00bb, que girar\u00e1 por diferentes ciudades catalanas, el pr\u00f3ximo 4 de junio tambi\u00e9n se podr\u00e1 disfrutar del espect\u00e1culo \u00abBourbon Street\u00bb, una pieza ambientada en un restaurante de Nueva Orleans en los a\u00f1os 20 junto a la orquesta New Orleans Pussycats.<\/p>\n<p>Corella ha subrayado asimismo su disgusto ante la disoluci\u00f3n de su compa\u00f1\u00eda, y ha subrayado que \u00abtira la toalla\u00bb de forma definitiva pues, a su parecer y a pesar de sus esfuerzos, los gobernantes \u00abquieren un pa\u00eds de incultos donde s\u00f3lo se da dinero para el f\u00fatbol\u00bb.<\/p>\n","protected":false},"excerpt":{"rendered":"<p>Barcelona, 29 may (EFE).- El bailar\u00edn \u00c1ngel Corella ha insinuado hoy su retirada tras el espect\u00e1culo que le reunir\u00e1 con el violinista Ara Malikian, \u00abA+A\u00bb, que se estrenar\u00e1 el pr\u00f3ximo 4 de junio en el Teatro Tivoli de Barcelona. Se trata de un espect\u00e1culo que pondr\u00e1 sobre el escenario a \u00abdos locos de la escena\u00bb,<\/p>\n","protected":false},"author":1,"featured_media":14356,"comment_status":"open","ping_status":"closed","sticky":false,"template":"","format":"standard","meta":{"footnotes":""},"categories":[224],"tags":[],"class_list":{"0":"post-14355","1":"post","2":"type-post","3":"status-publish","4":"format-standard","5":"has-post-thumbnail","7":"category-noticias-actualidad"},"aioseo_notices":[],"aioseo_head":"\n\t\t<!-- All in One SEO Pro 4.9.6.1 - aioseo.com -->\n\t<meta name=\"description\" content=\"Barcelona, 29 may (EFE).- El bailar\u00edn \u00c1ngel Corella ha insinuado hoy su retirada tras el espect\u00e1culo que le reunir\u00e1 con el violinista Ara Malikian, &quot;A+A&quot;, que se estrenar\u00e1 el pr\u00f3ximo 4 de junio en el Teatro Tivoli de Barcelona. Se trata de un espect\u00e1culo que pondr\u00e1 sobre el escenario a &quot;dos locos de la escena&quot;,\" \/>\n\t<meta name=\"robots\" content=\"max-image-preview:large\" \/>\n\t<meta name=\"author\" content=\"admin\"\/>\n\t<meta name=\"google-site-verification\" content=\"UA-38556648-1\" \/>\n\t<meta name=\"keywords\" content=\"noticias y actualidad\" \/>\n\t<link rel=\"canonical\" href=\"https:\/\/eldigitaldeasturias.com\/magazine365\/corella-insinua-su-retirada-tras-el-espectaculo-con-el-violinista-ara-malikian\/\" \/>\n\t<meta name=\"generator\" content=\"All in One SEO Pro (AIOSEO) 4.9.6.1\" \/>\n\t\t<meta property=\"og:locale\" content=\"es_ES\" \/>\n\t\t<meta property=\"og:site_name\" content=\"El Digital de Asturias \u2013 Revista de ocio, turismo y estilo de vida\" \/>\n\t\t<meta property=\"og:type\" content=\"article\" \/>\n\t\t<meta property=\"og:title\" content=\"Corella insin\u00faa su retirada tras el espect\u00e1culo con el violinista Ara Malikian | El Digital de Asturias\" \/>\n\t\t<meta property=\"og:description\" content=\"Barcelona, 29 may (EFE).- El bailar\u00edn \u00c1ngel Corella ha insinuado hoy su retirada tras el espect\u00e1culo que le reunir\u00e1 con el violinista Ara Malikian, &quot;A+A&quot;, que se estrenar\u00e1 el pr\u00f3ximo 4 de junio en el Teatro Tivoli de Barcelona. Se trata de un espect\u00e1culo que pondr\u00e1 sobre el escenario a &quot;dos locos de la escena&quot;,\" \/>\n\t\t<meta property=\"og:url\" content=\"https:\/\/eldigitaldeasturias.com\/magazine365\/corella-insinua-su-retirada-tras-el-espectaculo-con-el-violinista-ara-malikian\/\" \/>\n\t\t<meta property=\"og:image\" content=\"https:\/\/eldigitaldeasturias.com\/magazine365\/wp-content\/uploads\/2014\/05\/6314335w.jpg\" \/>\n\t\t<meta property=\"og:image:secure_url\" content=\"https:\/\/eldigitaldeasturias.com\/magazine365\/wp-content\/uploads\/2014\/05\/6314335w.jpg\" \/>\n\t\t<meta property=\"og:image:width\" content=\"800\" \/>\n\t\t<meta property=\"og:image:height\" content=\"530\" \/>\n\t\t<meta property=\"article:published_time\" content=\"2014-05-30T01:52:30+00:00\" \/>\n\t\t<meta property=\"article:modified_time\" content=\"2014-05-30T01:52:30+00:00\" \/>\n\t\t<meta name=\"twitter:card\" content=\"summary_large_image\" \/>\n\t\t<meta name=\"twitter:title\" content=\"Corella insin\u00faa su retirada tras el espect\u00e1culo con el violinista Ara Malikian | El Digital de Asturias\" \/>\n\t\t<meta name=\"twitter:description\" content=\"Barcelona, 29 may (EFE).- El bailar\u00edn \u00c1ngel Corella ha insinuado hoy su retirada tras el espect\u00e1culo que le reunir\u00e1 con el violinista Ara Malikian, &quot;A+A&quot;, que se estrenar\u00e1 el pr\u00f3ximo 4 de junio en el Teatro Tivoli de Barcelona. Se trata de un espect\u00e1culo que pondr\u00e1 sobre el escenario a &quot;dos locos de la escena&quot;,\" \/>\n\t\t<meta name=\"twitter:image\" content=\"https:\/\/eldigitaldeasturias.com\/magazine365\/wp-content\/uploads\/2014\/05\/6314335w.jpg\" \/>\n\t\t<script type=\"application\/ld+json\" class=\"aioseo-schema\">\n\t\t\t{\"@context\":\"https:\\\/\\\/schema.org\",\"@graph\":[{\"@type\":\"Article\",\"@id\":\"https:\\\/\\\/eldigitaldeasturias.com\\\/magazine365\\\/corella-insinua-su-retirada-tras-el-espectaculo-con-el-violinista-ara-malikian\\\/#article\",\"name\":\"Corella insin\\u00faa su retirada tras el espect\\u00e1culo con el violinista Ara Malikian | El Digital de Asturias\",\"headline\":\"Corella insin\\u00faa su retirada tras el espect\\u00e1culo con el violinista Ara Malikian\",\"author\":{\"@id\":\"https:\\\/\\\/eldigitaldeasturias.com\\\/magazine365\\\/author\\\/admin\\\/#author\"},\"publisher\":{\"@id\":\"https:\\\/\\\/eldigitaldeasturias.com\\\/magazine365\\\/#organization\"},\"image\":{\"@type\":\"ImageObject\",\"url\":\"https:\\\/\\\/eldigitaldeasturias.com\\\/magazine365\\\/wp-content\\\/uploads\\\/2014\\\/05\\\/6314335w.jpg\",\"width\":800,\"height\":530},\"datePublished\":\"2014-05-29T23:52:30+02:00\",\"dateModified\":\"2014-05-29T23:52:30+02:00\",\"inLanguage\":\"es-ES\",\"mainEntityOfPage\":{\"@id\":\"https:\\\/\\\/eldigitaldeasturias.com\\\/magazine365\\\/corella-insinua-su-retirada-tras-el-espectaculo-con-el-violinista-ara-malikian\\\/#webpage\"},\"isPartOf\":{\"@id\":\"https:\\\/\\\/eldigitaldeasturias.com\\\/magazine365\\\/corella-insinua-su-retirada-tras-el-espectaculo-con-el-violinista-ara-malikian\\\/#webpage\"},\"articleSection\":\"Noticias y Actualidad\"},{\"@type\":\"BreadcrumbList\",\"@id\":\"https:\\\/\\\/eldigitaldeasturias.com\\\/magazine365\\\/corella-insinua-su-retirada-tras-el-espectaculo-con-el-violinista-ara-malikian\\\/#breadcrumblist\",\"itemListElement\":[{\"@type\":\"ListItem\",\"@id\":\"https:\\\/\\\/eldigitaldeasturias.com\\\/magazine365#listItem\",\"position\":1,\"name\":\"Home\",\"item\":\"https:\\\/\\\/eldigitaldeasturias.com\\\/magazine365\",\"nextItem\":{\"@type\":\"ListItem\",\"@id\":\"https:\\\/\\\/eldigitaldeasturias.com\\\/magazine365\\\/category\\\/noticias-actualidad\\\/#listItem\",\"name\":\"Noticias y Actualidad\"}},{\"@type\":\"ListItem\",\"@id\":\"https:\\\/\\\/eldigitaldeasturias.com\\\/magazine365\\\/category\\\/noticias-actualidad\\\/#listItem\",\"position\":2,\"name\":\"Noticias y Actualidad\",\"item\":\"https:\\\/\\\/eldigitaldeasturias.com\\\/magazine365\\\/category\\\/noticias-actualidad\\\/\",\"nextItem\":{\"@type\":\"ListItem\",\"@id\":\"https:\\\/\\\/eldigitaldeasturias.com\\\/magazine365\\\/corella-insinua-su-retirada-tras-el-espectaculo-con-el-violinista-ara-malikian\\\/#listItem\",\"name\":\"Corella insin\\u00faa su retirada tras el espect\\u00e1culo con el violinista Ara Malikian\"},\"previousItem\":{\"@type\":\"ListItem\",\"@id\":\"https:\\\/\\\/eldigitaldeasturias.com\\\/magazine365#listItem\",\"name\":\"Home\"}},{\"@type\":\"ListItem\",\"@id\":\"https:\\\/\\\/eldigitaldeasturias.com\\\/magazine365\\\/corella-insinua-su-retirada-tras-el-espectaculo-con-el-violinista-ara-malikian\\\/#listItem\",\"position\":3,\"name\":\"Corella insin\\u00faa su retirada tras el espect\\u00e1culo con el violinista Ara Malikian\",\"previousItem\":{\"@type\":\"ListItem\",\"@id\":\"https:\\\/\\\/eldigitaldeasturias.com\\\/magazine365\\\/category\\\/noticias-actualidad\\\/#listItem\",\"name\":\"Noticias y Actualidad\"}}]},{\"@type\":\"Organization\",\"@id\":\"https:\\\/\\\/eldigitaldeasturias.com\\\/magazine365\\\/#organization\",\"name\":\"El digital de Asturias\",\"description\":\"Revista de ocio, turismo y estilo de vida\",\"url\":\"https:\\\/\\\/eldigitaldeasturias.com\\\/magazine365\\\/\",\"logo\":{\"@type\":\"ImageObject\",\"url\":\"https:\\\/\\\/www.eldigitaldeasturias.com\\\/noticias\\\/wp-content\\\/uploads\\\/2020\\\/12\\\/EDA.jpg\",\"@id\":\"https:\\\/\\\/eldigitaldeasturias.com\\\/magazine365\\\/corella-insinua-su-retirada-tras-el-espectaculo-con-el-violinista-ara-malikian\\\/#organizationLogo\"},\"image\":{\"@id\":\"https:\\\/\\\/eldigitaldeasturias.com\\\/magazine365\\\/corella-insinua-su-retirada-tras-el-espectaculo-con-el-violinista-ara-malikian\\\/#organizationLogo\"}},{\"@type\":\"Person\",\"@id\":\"https:\\\/\\\/eldigitaldeasturias.com\\\/magazine365\\\/author\\\/admin\\\/#author\",\"url\":\"https:\\\/\\\/eldigitaldeasturias.com\\\/magazine365\\\/author\\\/admin\\\/\",\"name\":\"admin\",\"image\":{\"@type\":\"ImageObject\",\"@id\":\"https:\\\/\\\/eldigitaldeasturias.com\\\/magazine365\\\/corella-insinua-su-retirada-tras-el-espectaculo-con-el-violinista-ara-malikian\\\/#authorImage\",\"url\":\"https:\\\/\\\/eldigitaldeasturias.com\\\/magazine365\\\/wp-content\\\/litespeed\\\/avatar\\\/e571bcf59a0edd6fa6838245a470f2fe.jpg?ver=1777574230\",\"width\":96,\"height\":96,\"caption\":\"admin\"}},{\"@type\":\"WebPage\",\"@id\":\"https:\\\/\\\/eldigitaldeasturias.com\\\/magazine365\\\/corella-insinua-su-retirada-tras-el-espectaculo-con-el-violinista-ara-malikian\\\/#webpage\",\"url\":\"https:\\\/\\\/eldigitaldeasturias.com\\\/magazine365\\\/corella-insinua-su-retirada-tras-el-espectaculo-con-el-violinista-ara-malikian\\\/\",\"name\":\"Corella insin\\u00faa su retirada tras el espect\\u00e1culo con el violinista Ara Malikian | El Digital de Asturias\",\"description\":\"Barcelona, 29 may (EFE).- El bailar\\u00edn \\u00c1ngel Corella ha insinuado hoy su retirada tras el espect\\u00e1culo que le reunir\\u00e1 con el violinista Ara Malikian, \\\"A+A\\\", que se estrenar\\u00e1 el pr\\u00f3ximo 4 de junio en el Teatro Tivoli de Barcelona. Se trata de un espect\\u00e1culo que pondr\\u00e1 sobre el escenario a \\\"dos locos de la escena\\\",\",\"inLanguage\":\"es-ES\",\"isPartOf\":{\"@id\":\"https:\\\/\\\/eldigitaldeasturias.com\\\/magazine365\\\/#website\"},\"breadcrumb\":{\"@id\":\"https:\\\/\\\/eldigitaldeasturias.com\\\/magazine365\\\/corella-insinua-su-retirada-tras-el-espectaculo-con-el-violinista-ara-malikian\\\/#breadcrumblist\"},\"author\":{\"@id\":\"https:\\\/\\\/eldigitaldeasturias.com\\\/magazine365\\\/author\\\/admin\\\/#author\"},\"creator\":{\"@id\":\"https:\\\/\\\/eldigitaldeasturias.com\\\/magazine365\\\/author\\\/admin\\\/#author\"},\"image\":{\"@type\":\"ImageObject\",\"url\":\"https:\\\/\\\/eldigitaldeasturias.com\\\/magazine365\\\/wp-content\\\/uploads\\\/2014\\\/05\\\/6314335w.jpg\",\"@id\":\"https:\\\/\\\/eldigitaldeasturias.com\\\/magazine365\\\/corella-insinua-su-retirada-tras-el-espectaculo-con-el-violinista-ara-malikian\\\/#mainImage\",\"width\":800,\"height\":530},\"primaryImageOfPage\":{\"@id\":\"https:\\\/\\\/eldigitaldeasturias.com\\\/magazine365\\\/corella-insinua-su-retirada-tras-el-espectaculo-con-el-violinista-ara-malikian\\\/#mainImage\"},\"datePublished\":\"2014-05-29T23:52:30+02:00\",\"dateModified\":\"2014-05-29T23:52:30+02:00\"},{\"@type\":\"WebSite\",\"@id\":\"https:\\\/\\\/eldigitaldeasturias.com\\\/magazine365\\\/#website\",\"url\":\"https:\\\/\\\/eldigitaldeasturias.com\\\/magazine365\\\/\",\"name\":\"El Digital de Asturias\",\"description\":\"Revista de ocio, turismo y estilo de vida\",\"inLanguage\":\"es-ES\",\"publisher\":{\"@id\":\"https:\\\/\\\/eldigitaldeasturias.com\\\/magazine365\\\/#organization\"}}]}\n\t\t<\/script>\n\t\t<!-- All in One SEO Pro -->\r\n\t\t<title>Corella insin\u00faa su retirada tras el espect\u00e1culo con el violinista Ara Malikian | El Digital de Asturias<\/title>\n\n","aioseo_head_json":{"title":"Corella insin\u00faa su retirada tras el espect\u00e1culo con el violinista Ara Malikian | El Digital de Asturias","description":"Barcelona, 29 may (EFE).- El bailar\u00edn \u00c1ngel Corella ha insinuado hoy su retirada tras el espect\u00e1culo que le reunir\u00e1 con el violinista Ara Malikian, \"A+A\", que se estrenar\u00e1 el pr\u00f3ximo 4 de junio en el Teatro Tivoli de Barcelona. Se trata de un espect\u00e1culo que pondr\u00e1 sobre el escenario a \"dos locos de la escena\",","canonical_url":"https:\/\/eldigitaldeasturias.com\/magazine365\/corella-insinua-su-retirada-tras-el-espectaculo-con-el-violinista-ara-malikian\/","robots":"max-image-preview:large","keywords":"noticias y actualidad","webmasterTools":{"google-site-verification":"UA-38556648-1","miscellaneous":""},"schema":{"@context":"https:\/\/schema.org","@graph":[{"@type":"Article","@id":"https:\/\/eldigitaldeasturias.com\/magazine365\/corella-insinua-su-retirada-tras-el-espectaculo-con-el-violinista-ara-malikian\/#article","name":"Corella insin\u00faa su retirada tras el espect\u00e1culo con el violinista Ara Malikian | El Digital de Asturias","headline":"Corella insin\u00faa su retirada tras el espect\u00e1culo con el violinista Ara Malikian","author":{"@id":"https:\/\/eldigitaldeasturias.com\/magazine365\/author\/admin\/#author"},"publisher":{"@id":"https:\/\/eldigitaldeasturias.com\/magazine365\/#organization"},"image":{"@type":"ImageObject","url":"https:\/\/eldigitaldeasturias.com\/magazine365\/wp-content\/uploads\/2014\/05\/6314335w.jpg","width":800,"height":530},"datePublished":"2014-05-29T23:52:30+02:00","dateModified":"2014-05-29T23:52:30+02:00","inLanguage":"es-ES","mainEntityOfPage":{"@id":"https:\/\/eldigitaldeasturias.com\/magazine365\/corella-insinua-su-retirada-tras-el-espectaculo-con-el-violinista-ara-malikian\/#webpage"},"isPartOf":{"@id":"https:\/\/eldigitaldeasturias.com\/magazine365\/corella-insinua-su-retirada-tras-el-espectaculo-con-el-violinista-ara-malikian\/#webpage"},"articleSection":"Noticias y Actualidad"},{"@type":"BreadcrumbList","@id":"https:\/\/eldigitaldeasturias.com\/magazine365\/corella-insinua-su-retirada-tras-el-espectaculo-con-el-violinista-ara-malikian\/#breadcrumblist","itemListElement":[{"@type":"ListItem","@id":"https:\/\/eldigitaldeasturias.com\/magazine365#listItem","position":1,"name":"Home","item":"https:\/\/eldigitaldeasturias.com\/magazine365","nextItem":{"@type":"ListItem","@id":"https:\/\/eldigitaldeasturias.com\/magazine365\/category\/noticias-actualidad\/#listItem","name":"Noticias y Actualidad"}},{"@type":"ListItem","@id":"https:\/\/eldigitaldeasturias.com\/magazine365\/category\/noticias-actualidad\/#listItem","position":2,"name":"Noticias y Actualidad","item":"https:\/\/eldigitaldeasturias.com\/magazine365\/category\/noticias-actualidad\/","nextItem":{"@type":"ListItem","@id":"https:\/\/eldigitaldeasturias.com\/magazine365\/corella-insinua-su-retirada-tras-el-espectaculo-con-el-violinista-ara-malikian\/#listItem","name":"Corella insin\u00faa su retirada tras el espect\u00e1culo con el violinista Ara Malikian"},"previousItem":{"@type":"ListItem","@id":"https:\/\/eldigitaldeasturias.com\/magazine365#listItem","name":"Home"}},{"@type":"ListItem","@id":"https:\/\/eldigitaldeasturias.com\/magazine365\/corella-insinua-su-retirada-tras-el-espectaculo-con-el-violinista-ara-malikian\/#listItem","position":3,"name":"Corella insin\u00faa su retirada tras el espect\u00e1culo con el violinista Ara Malikian","previousItem":{"@type":"ListItem","@id":"https:\/\/eldigitaldeasturias.com\/magazine365\/category\/noticias-actualidad\/#listItem","name":"Noticias y Actualidad"}}]},{"@type":"Organization","@id":"https:\/\/eldigitaldeasturias.com\/magazine365\/#organization","name":"El digital de Asturias","description":"Revista de ocio, turismo y estilo de vida","url":"https:\/\/eldigitaldeasturias.com\/magazine365\/","logo":{"@type":"ImageObject","url":"https:\/\/www.eldigitaldeasturias.com\/noticias\/wp-content\/uploads\/2020\/12\/EDA.jpg","@id":"https:\/\/eldigitaldeasturias.com\/magazine365\/corella-insinua-su-retirada-tras-el-espectaculo-con-el-violinista-ara-malikian\/#organizationLogo"},"image":{"@id":"https:\/\/eldigitaldeasturias.com\/magazine365\/corella-insinua-su-retirada-tras-el-espectaculo-con-el-violinista-ara-malikian\/#organizationLogo"}},{"@type":"Person","@id":"https:\/\/eldigitaldeasturias.com\/magazine365\/author\/admin\/#author","url":"https:\/\/eldigitaldeasturias.com\/magazine365\/author\/admin\/","name":"admin","image":{"@type":"ImageObject","@id":"https:\/\/eldigitaldeasturias.com\/magazine365\/corella-insinua-su-retirada-tras-el-espectaculo-con-el-violinista-ara-malikian\/#authorImage","url":"https:\/\/eldigitaldeasturias.com\/magazine365\/wp-content\/litespeed\/avatar\/e571bcf59a0edd6fa6838245a470f2fe.jpg?ver=1777574230","width":96,"height":96,"caption":"admin"}},{"@type":"WebPage","@id":"https:\/\/eldigitaldeasturias.com\/magazine365\/corella-insinua-su-retirada-tras-el-espectaculo-con-el-violinista-ara-malikian\/#webpage","url":"https:\/\/eldigitaldeasturias.com\/magazine365\/corella-insinua-su-retirada-tras-el-espectaculo-con-el-violinista-ara-malikian\/","name":"Corella insin\u00faa su retirada tras el espect\u00e1culo con el violinista Ara Malikian | El Digital de Asturias","description":"Barcelona, 29 may (EFE).- El bailar\u00edn \u00c1ngel Corella ha insinuado hoy su retirada tras el espect\u00e1culo que le reunir\u00e1 con el violinista Ara Malikian, \"A+A\", que se estrenar\u00e1 el pr\u00f3ximo 4 de junio en el Teatro Tivoli de Barcelona. Se trata de un espect\u00e1culo que pondr\u00e1 sobre el escenario a \"dos locos de la escena\",","inLanguage":"es-ES","isPartOf":{"@id":"https:\/\/eldigitaldeasturias.com\/magazine365\/#website"},"breadcrumb":{"@id":"https:\/\/eldigitaldeasturias.com\/magazine365\/corella-insinua-su-retirada-tras-el-espectaculo-con-el-violinista-ara-malikian\/#breadcrumblist"},"author":{"@id":"https:\/\/eldigitaldeasturias.com\/magazine365\/author\/admin\/#author"},"creator":{"@id":"https:\/\/eldigitaldeasturias.com\/magazine365\/author\/admin\/#author"},"image":{"@type":"ImageObject","url":"https:\/\/eldigitaldeasturias.com\/magazine365\/wp-content\/uploads\/2014\/05\/6314335w.jpg","@id":"https:\/\/eldigitaldeasturias.com\/magazine365\/corella-insinua-su-retirada-tras-el-espectaculo-con-el-violinista-ara-malikian\/#mainImage","width":800,"height":530},"primaryImageOfPage":{"@id":"https:\/\/eldigitaldeasturias.com\/magazine365\/corella-insinua-su-retirada-tras-el-espectaculo-con-el-violinista-ara-malikian\/#mainImage"},"datePublished":"2014-05-29T23:52:30+02:00","dateModified":"2014-05-29T23:52:30+02:00"},{"@type":"WebSite","@id":"https:\/\/eldigitaldeasturias.com\/magazine365\/#website","url":"https:\/\/eldigitaldeasturias.com\/magazine365\/","name":"El Digital de Asturias","description":"Revista de ocio, turismo y estilo de vida","inLanguage":"es-ES","publisher":{"@id":"https:\/\/eldigitaldeasturias.com\/magazine365\/#organization"}}]},"og:locale":"es_ES","og:site_name":"El Digital de Asturias \u2013 Revista de ocio, turismo y estilo de vida","og:type":"article","og:title":"Corella insin\u00faa su retirada tras el espect\u00e1culo con el violinista Ara Malikian | El Digital de Asturias","og:description":"Barcelona, 29 may (EFE).- El bailar\u00edn \u00c1ngel Corella ha insinuado hoy su retirada tras el espect\u00e1culo que le reunir\u00e1 con el violinista Ara Malikian, &quot;A+A&quot;, que se estrenar\u00e1 el pr\u00f3ximo 4 de junio en el Teatro Tivoli de Barcelona. Se trata de un espect\u00e1culo que pondr\u00e1 sobre el escenario a &quot;dos locos de la escena&quot;,","og:url":"https:\/\/eldigitaldeasturias.com\/magazine365\/corella-insinua-su-retirada-tras-el-espectaculo-con-el-violinista-ara-malikian\/","og:image":"https:\/\/eldigitaldeasturias.com\/magazine365\/wp-content\/uploads\/2014\/05\/6314335w.jpg","og:image:secure_url":"https:\/\/eldigitaldeasturias.com\/magazine365\/wp-content\/uploads\/2014\/05\/6314335w.jpg","og:image:width":800,"og:image:height":530,"article:published_time":"2014-05-30T01:52:30+00:00","article:modified_time":"2014-05-30T01:52:30+00:00","twitter:card":"summary_large_image","twitter:title":"Corella insin\u00faa su retirada tras el espect\u00e1culo con el violinista Ara Malikian | El Digital de Asturias","twitter:description":"Barcelona, 29 may (EFE).- El bailar\u00edn \u00c1ngel Corella ha insinuado hoy su retirada tras el espect\u00e1culo que le reunir\u00e1 con el violinista Ara Malikian, &quot;A+A&quot;, que se estrenar\u00e1 el pr\u00f3ximo 4 de junio en el Teatro Tivoli de Barcelona. Se trata de un espect\u00e1culo que pondr\u00e1 sobre el escenario a &quot;dos locos de la escena&quot;,","twitter:image":"https:\/\/eldigitaldeasturias.com\/magazine365\/wp-content\/uploads\/2014\/05\/6314335w.jpg"},"aioseo_meta_data":{"post_id":"14355","title":null,"description":null,"keywords":null,"keyphrases":null,"primary_term":null,"canonical_url":null,"og_title":null,"og_description":null,"og_object_type":"default","og_image_type":"default","og_image_url":null,"og_image_width":null,"og_image_height":null,"og_image_custom_url":null,"og_image_custom_fields":null,"og_video":null,"og_custom_url":null,"og_article_section":null,"og_article_tags":null,"twitter_use_og":false,"twitter_card":"default","twitter_image_type":"default","twitter_image_url":null,"twitter_image_custom_url":null,"twitter_image_custom_fields":null,"twitter_title":null,"twitter_description":null,"schema":{"blockGraphs":[],"customGraphs":[],"default":{"data":{"Article":[],"Course":[],"Dataset":[],"FAQPage":[],"Movie":[],"Person":[],"Product":[],"ProductReview":[],"Car":[],"Recipe":[],"Service":[],"SoftwareApplication":[],"WebPage":[]},"graphName":"","isEnabled":true},"graphs":[],"defaultGraph":"","defaultPostTypeGraph":""},"schema_type":null,"schema_type_options":null,"pillar_content":false,"robots_default":true,"robots_noindex":false,"robots_noarchive":false,"robots_nosnippet":false,"robots_nofollow":false,"robots_noimageindex":false,"robots_noodp":false,"robots_notranslate":false,"robots_max_snippet":null,"robots_max_videopreview":null,"robots_max_imagepreview":"large","priority":null,"frequency":null,"location":null,"local_seo":null,"seo_analyzer_scan_date":"2025-09-17 09:59:20","breadcrumb_settings":null,"limit_modified_date":false,"open_ai":null,"ai":null,"created":"2021-03-09 08:16:48","updated":"2025-09-17 09:59:20"},"aioseo_breadcrumb":"<div class=\"aioseo-breadcrumbs\"><span class=\"aioseo-breadcrumb\">\n\t<a href=\"https:\/\/eldigitaldeasturias.com\/magazine365\" title=\"Home\">Home<\/a>\n<\/span><span class=\"aioseo-breadcrumb-separator\">\u2013<\/span><span class=\"aioseo-breadcrumb\">\n\t<a href=\"https:\/\/eldigitaldeasturias.com\/magazine365\/category\/noticias-actualidad\/\" title=\"Noticias y Actualidad\">Noticias y Actualidad<\/a>\n<\/span><span class=\"aioseo-breadcrumb-separator\">\u2013<\/span><span class=\"aioseo-breadcrumb\">\n\t<a href=\"https:\/\/eldigitaldeasturias.com\/magazine365\/corella-insinua-su-retirada-tras-el-espectaculo-con-el-violinista-ara-malikian\/\" title=\"Corella insin\u00faa su retirada tras el espect\u00e1culo con el violinista Ara Malikian\">Corella insin\u00faa su retirada tras el espect\u00e1culo con el violinista Ara Malikian<\/a>\n<\/span><\/div>","aioseo_breadcrumb_json":[{"label":"Home","link":"https:\/\/eldigitaldeasturias.com\/magazine365"},{"label":"Noticias y Actualidad","link":"https:\/\/eldigitaldeasturias.com\/magazine365\/category\/noticias-actualidad\/"},{"label":"Corella insin\u00faa su retirada tras el espect\u00e1culo con el violinista Ara Malikian","link":"https:\/\/eldigitaldeasturias.com\/magazine365\/corella-insinua-su-retirada-tras-el-espectaculo-con-el-violinista-ara-malikian\/"}],"_links":{"self":[{"href":"https:\/\/eldigitaldeasturias.com\/magazine365\/wp-json\/wp\/v2\/posts\/14355","targetHints":{"allow":["GET"]}}],"collection":[{"href":"https:\/\/eldigitaldeasturias.com\/magazine365\/wp-json\/wp\/v2\/posts"}],"about":[{"href":"https:\/\/eldigitaldeasturias.com\/magazine365\/wp-json\/wp\/v2\/types\/post"}],"author":[{"embeddable":true,"href":"https:\/\/eldigitaldeasturias.com\/magazine365\/wp-json\/wp\/v2\/users\/1"}],"replies":[{"embeddable":true,"href":"https:\/\/eldigitaldeasturias.com\/magazine365\/wp-json\/wp\/v2\/comments?post=14355"}],"version-history":[{"count":0,"href":"https:\/\/eldigitaldeasturias.com\/magazine365\/wp-json\/wp\/v2\/posts\/14355\/revisions"}],"wp:featuredmedia":[{"embeddable":true,"href":"https:\/\/eldigitaldeasturias.com\/magazine365\/wp-json\/wp\/v2\/media\/14356"}],"wp:attachment":[{"href":"https:\/\/eldigitaldeasturias.com\/magazine365\/wp-json\/wp\/v2\/media?parent=14355"}],"wp:term":[{"taxonomy":"category","embeddable":true,"href":"https:\/\/eldigitaldeasturias.com\/magazine365\/wp-json\/wp\/v2\/categories?post=14355"},{"taxonomy":"post_tag","embeddable":true,"href":"https:\/\/eldigitaldeasturias.com\/magazine365\/wp-json\/wp\/v2\/tags?post=14355"}],"curies":[{"name":"wp","href":"https:\/\/api.w.org\/{rel}","templated":true}]}}