{"id":14352,"date":"2014-05-29T23:51:14","date_gmt":"2014-05-30T01:51:14","guid":{"rendered":"http:\/\/eldigitaldeasturias.com\/magazine365\/?p=14352"},"modified":"2014-05-29T23:51:14","modified_gmt":"2014-05-30T01:51:14","slug":"david-beriain-investiga-el-genocidio-oculto-de-los-indigenas-amazonicos","status":"publish","type":"post","link":"https:\/\/eldigitaldeasturias.com\/magazine365\/david-beriain-investiga-el-genocidio-oculto-de-los-indigenas-amazonicos\/","title":{"rendered":"David Beriain investiga el genocidio oculto de los ind\u00edgenas amaz\u00f3nicos"},"content":{"rendered":"<p><img fetchpriority=\"high\" decoding=\"async\" class=\"alignleft size-medium wp-image-14353\" alt=\"6314231w\" src=\"https:\/\/eldigitaldeasturias.com\/magazine365\/wp-content\/uploads\/2014\/05\/6314231w-360x276.jpg\" width=\"360\" height=\"276\" srcset=\"https:\/\/eldigitaldeasturias.com\/magazine365\/wp-content\/uploads\/2014\/05\/6314231w-360x276.jpg 360w, https:\/\/eldigitaldeasturias.com\/magazine365\/wp-content\/uploads\/2014\/05\/6314231w-650x499.jpg 650w, https:\/\/eldigitaldeasturias.com\/magazine365\/wp-content\/uploads\/2014\/05\/6314231w-768x589.jpg 768w, https:\/\/eldigitaldeasturias.com\/magazine365\/wp-content\/uploads\/2014\/05\/6314231w-150x115.jpg 150w, https:\/\/eldigitaldeasturias.com\/magazine365\/wp-content\/uploads\/2014\/05\/6314231w-450x345.jpg 450w, https:\/\/eldigitaldeasturias.com\/magazine365\/wp-content\/uploads\/2014\/05\/6314231w-80x60.jpg 80w, https:\/\/eldigitaldeasturias.com\/magazine365\/wp-content\/uploads\/2014\/05\/6314231w-696x534.jpg 696w, https:\/\/eldigitaldeasturias.com\/magazine365\/wp-content\/uploads\/2014\/05\/6314231w-547x420.jpg 547w, https:\/\/eldigitaldeasturias.com\/magazine365\/wp-content\/uploads\/2014\/05\/6314231w.jpg 800w\" sizes=\"(max-width: 360px) 100vw, 360px\" \/>Madrid, 29 may (EFE).- Una matanza a punta de lanza protagonizada por los taromenane, una tribu de la Amazon\u00eda \u00abno contactada\u00bb, y \u00abocultada\u00bb por intereses petroleros, ha dado pie a \u00abYasun\u00ed. Genocidio en la selva\u00bb, un reportaje \u00abnecesario\u00bb para proteger \u00abun tesoro de la civilizaci\u00f3n\u00bb, explica su autor, David Beriain.<\/p>\n<p>Con este documental debuta en el canal Discovery Max el pr\u00f3ximo 9 de junio este periodista navarro, que ha cubierto las guerras de Afganist\u00e1n, Ir\u00e1n, Congo y Oriente Medio y que decidi\u00f3 indagar en su nueva historia al ver unas im\u00e1genes en internet de una pareja de ind\u00edgenas de la etnia huaorani atravesados por una extra\u00f1as lanzas, en el coraz\u00f3n de la Amazon\u00eda ecuatoriana.<\/p>\n<p>Las armas eran de los taromenane, un pueblo \u00abno contactado\u00bb, que vive en aislamiento en la selva y que fue objeto de una inmediata venganza por parte de los huaorani, quienes asesinaron a decenas de rivales taromenane y raptaron a sus ni\u00f1as, que han acabado viviendo con los asesinos de su familias.<\/p>\n<p>De esta \u00faltima matanza, ocurrida en marzo del pasado a\u00f1o, no hay un recuento oficial de v\u00edctimas, y la investigaci\u00f3n en el lugar de los hechos no comenz\u00f3 hasta ocho meses despu\u00e9s, relata a Efe el periodista, que, ante esta \u00abnegligencia y olvido\u00bb, lleg\u00f3 a la conclusi\u00f3n de que primaban \u00abotros intereses\u00bb en la zona.<\/p>\n<p>En concreto, los petroleros, ya que, si se demostraba la existencia en el Parque Nacional Yasun\u00ed de los taromenane, la Constituci\u00f3n ecuatoriana advierte que hay que respetar su territorio \u00aby no se pueden llevar a cabo labores extractivas, como de la madera o el petr\u00f3leo\u00bb.<\/p>\n<p>La explotaci\u00f3n del petr\u00f3leo de la zona se ha convertido en un importante recurso para Ecuador, de m\u00e1s de 18.000 millones de d\u00f3lares (13.200 millones de euros) anuales.<\/p>\n<p>Por eso, el periodista navarro entiende que \u00abel gobierno ecuatoriano se encuentra en una situaci\u00f3n muy dif\u00edcil, porque necesita esos recursos\u00bb, aunque se\u00f1ala que hubo una \u00abgesti\u00f3n torpe\u00bb del asunto, incluso un \u00abconato de ocultar la matanza\u00bb.<\/p>\n<p>Beriain y su equipo grabaron en la zona durante siete semanas y remontaron el Amazonas durante dos d\u00edas en canoa hasta pisar la tierra de los taromenane, una tribu que defiende su territorio a punta de lanza: \u00abTodo contacto del hombre blanco con ellos ha terminado en muerte\u00bb.<\/p>\n<p>De hecho, el primero en contactar con esta tribu fue el misionero espa\u00f1ol Alejandro Labaka, que viv\u00eda con los huaorani y que acab\u00f3 sus d\u00edas en 1987, lanceado por los taromenane, cuando intentaba avisarles del incipiente avance de las petroleras en la zona.<\/p>\n<p>\u00abHoy d\u00eda este misionero capuchino est\u00e1 considerado uno de los grandes m\u00e1rtires de la causa indigenista, porque su muerte dio visibilidad a su causa\u00bb, recuerda el periodista, que ha contado para su trabajo con la ayuda de la Fundaci\u00f3n Alejandro Labaka.<\/p>\n<p>Tras entrevistar a madereros ilegales y a uno de los autores de la matanza, Beriain explica que no tuvo miedo en su incursi\u00f3n en la selva controlada por los taromenane; m\u00e1s bien, sinti\u00f3 \u00abun gran privilegio y una gran fascinaci\u00f3n por pisar la misma tierra que esa gente, que vive en un mundo paralelo, otra civilizaci\u00f3n&#8230;\u00bb.<\/p>\n<p>Este tipo de \u00abperiodismo de inmersi\u00f3n\u00bb, como lo llama el reportero, primer periodista espa\u00f1ol en entrevistar a los talibanes en territorio afgano, solo puede hacerse hoy d\u00eda, en plena crisis de la prensa escrita, gracias a \u00abapuestas casi milagrosas\u00bb, como la que ha hecho Discovery Max con su serie de reportajes.<\/p>\n<p>\u00abEs muy necesario rescatar estos tesoros de la civilizaci\u00f3n\u00bb, apunta Beriain, que insta a comparar \u00ablos recursos destinados a la protecci\u00f3n de la tortuga de gal\u00e1pagos, por ejemplo, y los que se dedican a sostener tesoros antropol\u00f3gicos como los de estas tribus\u00bb.<\/p>\n<p>De las 100 tribus no contactadas que existen en el mundo, la mayor\u00eda viven en la Amazon\u00eda, en el tri\u00e1ngulo formado por Per\u00fa, Bolivia, Brasil y Ecuador, aunque solo estos dos \u00faltimos tienen planes espec\u00edficos de protecci\u00f3n, siempre teniendo en cuenta que se trata de territorios v\u00edrgenes \u00abdonde podr\u00edan ocultarse dinosaurios y no lo sabr\u00edamos\u00bb, concluye el periodista.<\/p>\n<p>&nbsp;<\/p>\n<p>Por Manuel Carretero<\/p>\n","protected":false},"excerpt":{"rendered":"<p>Madrid, 29 may (EFE).- Una matanza a punta de lanza protagonizada por los taromenane, una tribu de la Amazon\u00eda \u00abno contactada\u00bb, y \u00abocultada\u00bb por intereses petroleros, ha dado pie a \u00abYasun\u00ed. Genocidio en la selva\u00bb, un reportaje \u00abnecesario\u00bb para proteger \u00abun tesoro de la civilizaci\u00f3n\u00bb, explica su autor, David Beriain. Con este documental debuta en<\/p>\n","protected":false},"author":1,"featured_media":14353,"comment_status":"open","ping_status":"closed","sticky":false,"template":"","format":"standard","meta":{"footnotes":""},"categories":[224],"tags":[],"class_list":{"0":"post-14352","1":"post","2":"type-post","3":"status-publish","4":"format-standard","5":"has-post-thumbnail","7":"category-noticias-actualidad"},"aioseo_notices":[],"aioseo_head":"\n\t\t<!-- All in One SEO Pro 4.9.6.1 - aioseo.com -->\n\t<meta name=\"description\" content=\"Madrid, 29 may (EFE).- Una matanza a punta de lanza protagonizada por los taromenane, una tribu de la Amazon\u00eda &quot;no contactada&quot;, y &quot;ocultada&quot; por intereses petroleros, ha dado pie a &quot;Yasun\u00ed. Genocidio en la selva&quot;, un reportaje &quot;necesario&quot; para proteger &quot;un tesoro de la civilizaci\u00f3n&quot;, explica su autor, David Beriain. Con este documental debuta en\" \/>\n\t<meta name=\"robots\" content=\"max-image-preview:large\" \/>\n\t<meta name=\"author\" content=\"admin\"\/>\n\t<meta name=\"google-site-verification\" content=\"UA-38556648-1\" \/>\n\t<meta name=\"keywords\" content=\"noticias y actualidad\" \/>\n\t<link rel=\"canonical\" href=\"https:\/\/eldigitaldeasturias.com\/magazine365\/david-beriain-investiga-el-genocidio-oculto-de-los-indigenas-amazonicos\/\" \/>\n\t<meta name=\"generator\" content=\"All in One SEO Pro (AIOSEO) 4.9.6.1\" \/>\n\t\t<meta property=\"og:locale\" content=\"es_ES\" \/>\n\t\t<meta property=\"og:site_name\" content=\"El Digital de Asturias \u2013 Revista de ocio, turismo y estilo de vida\" \/>\n\t\t<meta property=\"og:type\" content=\"article\" \/>\n\t\t<meta property=\"og:title\" content=\"David Beriain investiga el genocidio oculto de los ind\u00edgenas amaz\u00f3nicos | El Digital de Asturias\" \/>\n\t\t<meta property=\"og:description\" content=\"Madrid, 29 may (EFE).- Una matanza a punta de lanza protagonizada por los taromenane, una tribu de la Amazon\u00eda &quot;no contactada&quot;, y &quot;ocultada&quot; por intereses petroleros, ha dado pie a &quot;Yasun\u00ed. Genocidio en la selva&quot;, un reportaje &quot;necesario&quot; para proteger &quot;un tesoro de la civilizaci\u00f3n&quot;, explica su autor, David Beriain. Con este documental debuta en\" \/>\n\t\t<meta property=\"og:url\" content=\"https:\/\/eldigitaldeasturias.com\/magazine365\/david-beriain-investiga-el-genocidio-oculto-de-los-indigenas-amazonicos\/\" \/>\n\t\t<meta property=\"og:image\" content=\"https:\/\/eldigitaldeasturias.com\/magazine365\/wp-content\/uploads\/2014\/05\/6314231w.jpg\" \/>\n\t\t<meta property=\"og:image:secure_url\" content=\"https:\/\/eldigitaldeasturias.com\/magazine365\/wp-content\/uploads\/2014\/05\/6314231w.jpg\" \/>\n\t\t<meta property=\"og:image:width\" content=\"800\" \/>\n\t\t<meta property=\"og:image:height\" content=\"614\" \/>\n\t\t<meta property=\"article:published_time\" content=\"2014-05-30T01:51:14+00:00\" \/>\n\t\t<meta property=\"article:modified_time\" content=\"2014-05-30T01:51:14+00:00\" \/>\n\t\t<meta name=\"twitter:card\" content=\"summary_large_image\" \/>\n\t\t<meta name=\"twitter:title\" content=\"David Beriain investiga el genocidio oculto de los ind\u00edgenas amaz\u00f3nicos | El Digital de Asturias\" \/>\n\t\t<meta name=\"twitter:description\" content=\"Madrid, 29 may (EFE).- Una matanza a punta de lanza protagonizada por los taromenane, una tribu de la Amazon\u00eda &quot;no contactada&quot;, y &quot;ocultada&quot; por intereses petroleros, ha dado pie a &quot;Yasun\u00ed. Genocidio en la selva&quot;, un reportaje &quot;necesario&quot; para proteger &quot;un tesoro de la civilizaci\u00f3n&quot;, explica su autor, David Beriain. Con este documental debuta en\" \/>\n\t\t<meta name=\"twitter:image\" content=\"https:\/\/eldigitaldeasturias.com\/magazine365\/wp-content\/uploads\/2014\/05\/6314231w.jpg\" \/>\n\t\t<script type=\"application\/ld+json\" class=\"aioseo-schema\">\n\t\t\t{\"@context\":\"https:\\\/\\\/schema.org\",\"@graph\":[{\"@type\":\"Article\",\"@id\":\"https:\\\/\\\/eldigitaldeasturias.com\\\/magazine365\\\/david-beriain-investiga-el-genocidio-oculto-de-los-indigenas-amazonicos\\\/#article\",\"name\":\"David Beriain investiga el genocidio oculto de los ind\\u00edgenas amaz\\u00f3nicos | El Digital de Asturias\",\"headline\":\"David Beriain investiga el genocidio oculto de los ind\\u00edgenas amaz\\u00f3nicos\",\"author\":{\"@id\":\"https:\\\/\\\/eldigitaldeasturias.com\\\/magazine365\\\/author\\\/admin\\\/#author\"},\"publisher\":{\"@id\":\"https:\\\/\\\/eldigitaldeasturias.com\\\/magazine365\\\/#organization\"},\"image\":{\"@type\":\"ImageObject\",\"url\":\"https:\\\/\\\/eldigitaldeasturias.com\\\/magazine365\\\/wp-content\\\/uploads\\\/2014\\\/05\\\/6314231w.jpg\",\"width\":800,\"height\":614},\"datePublished\":\"2014-05-29T23:51:14+02:00\",\"dateModified\":\"2014-05-29T23:51:14+02:00\",\"inLanguage\":\"es-ES\",\"mainEntityOfPage\":{\"@id\":\"https:\\\/\\\/eldigitaldeasturias.com\\\/magazine365\\\/david-beriain-investiga-el-genocidio-oculto-de-los-indigenas-amazonicos\\\/#webpage\"},\"isPartOf\":{\"@id\":\"https:\\\/\\\/eldigitaldeasturias.com\\\/magazine365\\\/david-beriain-investiga-el-genocidio-oculto-de-los-indigenas-amazonicos\\\/#webpage\"},\"articleSection\":\"Noticias y Actualidad\"},{\"@type\":\"BreadcrumbList\",\"@id\":\"https:\\\/\\\/eldigitaldeasturias.com\\\/magazine365\\\/david-beriain-investiga-el-genocidio-oculto-de-los-indigenas-amazonicos\\\/#breadcrumblist\",\"itemListElement\":[{\"@type\":\"ListItem\",\"@id\":\"https:\\\/\\\/eldigitaldeasturias.com\\\/magazine365#listItem\",\"position\":1,\"name\":\"Home\",\"item\":\"https:\\\/\\\/eldigitaldeasturias.com\\\/magazine365\",\"nextItem\":{\"@type\":\"ListItem\",\"@id\":\"https:\\\/\\\/eldigitaldeasturias.com\\\/magazine365\\\/category\\\/noticias-actualidad\\\/#listItem\",\"name\":\"Noticias y Actualidad\"}},{\"@type\":\"ListItem\",\"@id\":\"https:\\\/\\\/eldigitaldeasturias.com\\\/magazine365\\\/category\\\/noticias-actualidad\\\/#listItem\",\"position\":2,\"name\":\"Noticias y Actualidad\",\"item\":\"https:\\\/\\\/eldigitaldeasturias.com\\\/magazine365\\\/category\\\/noticias-actualidad\\\/\",\"nextItem\":{\"@type\":\"ListItem\",\"@id\":\"https:\\\/\\\/eldigitaldeasturias.com\\\/magazine365\\\/david-beriain-investiga-el-genocidio-oculto-de-los-indigenas-amazonicos\\\/#listItem\",\"name\":\"David Beriain investiga el genocidio oculto de los ind\\u00edgenas amaz\\u00f3nicos\"},\"previousItem\":{\"@type\":\"ListItem\",\"@id\":\"https:\\\/\\\/eldigitaldeasturias.com\\\/magazine365#listItem\",\"name\":\"Home\"}},{\"@type\":\"ListItem\",\"@id\":\"https:\\\/\\\/eldigitaldeasturias.com\\\/magazine365\\\/david-beriain-investiga-el-genocidio-oculto-de-los-indigenas-amazonicos\\\/#listItem\",\"position\":3,\"name\":\"David Beriain investiga el genocidio oculto de los ind\\u00edgenas amaz\\u00f3nicos\",\"previousItem\":{\"@type\":\"ListItem\",\"@id\":\"https:\\\/\\\/eldigitaldeasturias.com\\\/magazine365\\\/category\\\/noticias-actualidad\\\/#listItem\",\"name\":\"Noticias y Actualidad\"}}]},{\"@type\":\"Organization\",\"@id\":\"https:\\\/\\\/eldigitaldeasturias.com\\\/magazine365\\\/#organization\",\"name\":\"El digital de Asturias\",\"description\":\"Revista de ocio, turismo y estilo de vida\",\"url\":\"https:\\\/\\\/eldigitaldeasturias.com\\\/magazine365\\\/\",\"logo\":{\"@type\":\"ImageObject\",\"url\":\"https:\\\/\\\/www.eldigitaldeasturias.com\\\/noticias\\\/wp-content\\\/uploads\\\/2020\\\/12\\\/EDA.jpg\",\"@id\":\"https:\\\/\\\/eldigitaldeasturias.com\\\/magazine365\\\/david-beriain-investiga-el-genocidio-oculto-de-los-indigenas-amazonicos\\\/#organizationLogo\"},\"image\":{\"@id\":\"https:\\\/\\\/eldigitaldeasturias.com\\\/magazine365\\\/david-beriain-investiga-el-genocidio-oculto-de-los-indigenas-amazonicos\\\/#organizationLogo\"}},{\"@type\":\"Person\",\"@id\":\"https:\\\/\\\/eldigitaldeasturias.com\\\/magazine365\\\/author\\\/admin\\\/#author\",\"url\":\"https:\\\/\\\/eldigitaldeasturias.com\\\/magazine365\\\/author\\\/admin\\\/\",\"name\":\"admin\",\"image\":{\"@type\":\"ImageObject\",\"@id\":\"https:\\\/\\\/eldigitaldeasturias.com\\\/magazine365\\\/david-beriain-investiga-el-genocidio-oculto-de-los-indigenas-amazonicos\\\/#authorImage\",\"url\":\"https:\\\/\\\/eldigitaldeasturias.com\\\/magazine365\\\/wp-content\\\/litespeed\\\/avatar\\\/e571bcf59a0edd6fa6838245a470f2fe.jpg?ver=1777574230\",\"width\":96,\"height\":96,\"caption\":\"admin\"}},{\"@type\":\"WebPage\",\"@id\":\"https:\\\/\\\/eldigitaldeasturias.com\\\/magazine365\\\/david-beriain-investiga-el-genocidio-oculto-de-los-indigenas-amazonicos\\\/#webpage\",\"url\":\"https:\\\/\\\/eldigitaldeasturias.com\\\/magazine365\\\/david-beriain-investiga-el-genocidio-oculto-de-los-indigenas-amazonicos\\\/\",\"name\":\"David Beriain investiga el genocidio oculto de los ind\\u00edgenas amaz\\u00f3nicos | El Digital de Asturias\",\"description\":\"Madrid, 29 may (EFE).- Una matanza a punta de lanza protagonizada por los taromenane, una tribu de la Amazon\\u00eda \\\"no contactada\\\", y \\\"ocultada\\\" por intereses petroleros, ha dado pie a \\\"Yasun\\u00ed. Genocidio en la selva\\\", un reportaje \\\"necesario\\\" para proteger \\\"un tesoro de la civilizaci\\u00f3n\\\", explica su autor, David Beriain. Con este documental debuta en\",\"inLanguage\":\"es-ES\",\"isPartOf\":{\"@id\":\"https:\\\/\\\/eldigitaldeasturias.com\\\/magazine365\\\/#website\"},\"breadcrumb\":{\"@id\":\"https:\\\/\\\/eldigitaldeasturias.com\\\/magazine365\\\/david-beriain-investiga-el-genocidio-oculto-de-los-indigenas-amazonicos\\\/#breadcrumblist\"},\"author\":{\"@id\":\"https:\\\/\\\/eldigitaldeasturias.com\\\/magazine365\\\/author\\\/admin\\\/#author\"},\"creator\":{\"@id\":\"https:\\\/\\\/eldigitaldeasturias.com\\\/magazine365\\\/author\\\/admin\\\/#author\"},\"image\":{\"@type\":\"ImageObject\",\"url\":\"https:\\\/\\\/eldigitaldeasturias.com\\\/magazine365\\\/wp-content\\\/uploads\\\/2014\\\/05\\\/6314231w.jpg\",\"@id\":\"https:\\\/\\\/eldigitaldeasturias.com\\\/magazine365\\\/david-beriain-investiga-el-genocidio-oculto-de-los-indigenas-amazonicos\\\/#mainImage\",\"width\":800,\"height\":614},\"primaryImageOfPage\":{\"@id\":\"https:\\\/\\\/eldigitaldeasturias.com\\\/magazine365\\\/david-beriain-investiga-el-genocidio-oculto-de-los-indigenas-amazonicos\\\/#mainImage\"},\"datePublished\":\"2014-05-29T23:51:14+02:00\",\"dateModified\":\"2014-05-29T23:51:14+02:00\"},{\"@type\":\"WebSite\",\"@id\":\"https:\\\/\\\/eldigitaldeasturias.com\\\/magazine365\\\/#website\",\"url\":\"https:\\\/\\\/eldigitaldeasturias.com\\\/magazine365\\\/\",\"name\":\"El Digital de Asturias\",\"description\":\"Revista de ocio, turismo y estilo de vida\",\"inLanguage\":\"es-ES\",\"publisher\":{\"@id\":\"https:\\\/\\\/eldigitaldeasturias.com\\\/magazine365\\\/#organization\"}}]}\n\t\t<\/script>\n\t\t<!-- All in One SEO Pro -->\r\n\t\t<title>David Beriain investiga el genocidio oculto de los ind\u00edgenas amaz\u00f3nicos | El Digital de Asturias<\/title>\n\n","aioseo_head_json":{"title":"David Beriain investiga el genocidio oculto de los ind\u00edgenas amaz\u00f3nicos | El Digital de Asturias","description":"Madrid, 29 may (EFE).- Una matanza a punta de lanza protagonizada por los taromenane, una tribu de la Amazon\u00eda \"no contactada\", y \"ocultada\" por intereses petroleros, ha dado pie a \"Yasun\u00ed. Genocidio en la selva\", un reportaje \"necesario\" para proteger \"un tesoro de la civilizaci\u00f3n\", explica su autor, David Beriain. Con este documental debuta en","canonical_url":"https:\/\/eldigitaldeasturias.com\/magazine365\/david-beriain-investiga-el-genocidio-oculto-de-los-indigenas-amazonicos\/","robots":"max-image-preview:large","keywords":"noticias y actualidad","webmasterTools":{"google-site-verification":"UA-38556648-1","miscellaneous":""},"schema":{"@context":"https:\/\/schema.org","@graph":[{"@type":"Article","@id":"https:\/\/eldigitaldeasturias.com\/magazine365\/david-beriain-investiga-el-genocidio-oculto-de-los-indigenas-amazonicos\/#article","name":"David Beriain investiga el genocidio oculto de los ind\u00edgenas amaz\u00f3nicos | El Digital de Asturias","headline":"David Beriain investiga el genocidio oculto de los ind\u00edgenas amaz\u00f3nicos","author":{"@id":"https:\/\/eldigitaldeasturias.com\/magazine365\/author\/admin\/#author"},"publisher":{"@id":"https:\/\/eldigitaldeasturias.com\/magazine365\/#organization"},"image":{"@type":"ImageObject","url":"https:\/\/eldigitaldeasturias.com\/magazine365\/wp-content\/uploads\/2014\/05\/6314231w.jpg","width":800,"height":614},"datePublished":"2014-05-29T23:51:14+02:00","dateModified":"2014-05-29T23:51:14+02:00","inLanguage":"es-ES","mainEntityOfPage":{"@id":"https:\/\/eldigitaldeasturias.com\/magazine365\/david-beriain-investiga-el-genocidio-oculto-de-los-indigenas-amazonicos\/#webpage"},"isPartOf":{"@id":"https:\/\/eldigitaldeasturias.com\/magazine365\/david-beriain-investiga-el-genocidio-oculto-de-los-indigenas-amazonicos\/#webpage"},"articleSection":"Noticias y Actualidad"},{"@type":"BreadcrumbList","@id":"https:\/\/eldigitaldeasturias.com\/magazine365\/david-beriain-investiga-el-genocidio-oculto-de-los-indigenas-amazonicos\/#breadcrumblist","itemListElement":[{"@type":"ListItem","@id":"https:\/\/eldigitaldeasturias.com\/magazine365#listItem","position":1,"name":"Home","item":"https:\/\/eldigitaldeasturias.com\/magazine365","nextItem":{"@type":"ListItem","@id":"https:\/\/eldigitaldeasturias.com\/magazine365\/category\/noticias-actualidad\/#listItem","name":"Noticias y Actualidad"}},{"@type":"ListItem","@id":"https:\/\/eldigitaldeasturias.com\/magazine365\/category\/noticias-actualidad\/#listItem","position":2,"name":"Noticias y Actualidad","item":"https:\/\/eldigitaldeasturias.com\/magazine365\/category\/noticias-actualidad\/","nextItem":{"@type":"ListItem","@id":"https:\/\/eldigitaldeasturias.com\/magazine365\/david-beriain-investiga-el-genocidio-oculto-de-los-indigenas-amazonicos\/#listItem","name":"David Beriain investiga el genocidio oculto de los ind\u00edgenas amaz\u00f3nicos"},"previousItem":{"@type":"ListItem","@id":"https:\/\/eldigitaldeasturias.com\/magazine365#listItem","name":"Home"}},{"@type":"ListItem","@id":"https:\/\/eldigitaldeasturias.com\/magazine365\/david-beriain-investiga-el-genocidio-oculto-de-los-indigenas-amazonicos\/#listItem","position":3,"name":"David Beriain investiga el genocidio oculto de los ind\u00edgenas amaz\u00f3nicos","previousItem":{"@type":"ListItem","@id":"https:\/\/eldigitaldeasturias.com\/magazine365\/category\/noticias-actualidad\/#listItem","name":"Noticias y Actualidad"}}]},{"@type":"Organization","@id":"https:\/\/eldigitaldeasturias.com\/magazine365\/#organization","name":"El digital de Asturias","description":"Revista de ocio, turismo y estilo de vida","url":"https:\/\/eldigitaldeasturias.com\/magazine365\/","logo":{"@type":"ImageObject","url":"https:\/\/www.eldigitaldeasturias.com\/noticias\/wp-content\/uploads\/2020\/12\/EDA.jpg","@id":"https:\/\/eldigitaldeasturias.com\/magazine365\/david-beriain-investiga-el-genocidio-oculto-de-los-indigenas-amazonicos\/#organizationLogo"},"image":{"@id":"https:\/\/eldigitaldeasturias.com\/magazine365\/david-beriain-investiga-el-genocidio-oculto-de-los-indigenas-amazonicos\/#organizationLogo"}},{"@type":"Person","@id":"https:\/\/eldigitaldeasturias.com\/magazine365\/author\/admin\/#author","url":"https:\/\/eldigitaldeasturias.com\/magazine365\/author\/admin\/","name":"admin","image":{"@type":"ImageObject","@id":"https:\/\/eldigitaldeasturias.com\/magazine365\/david-beriain-investiga-el-genocidio-oculto-de-los-indigenas-amazonicos\/#authorImage","url":"https:\/\/eldigitaldeasturias.com\/magazine365\/wp-content\/litespeed\/avatar\/e571bcf59a0edd6fa6838245a470f2fe.jpg?ver=1777574230","width":96,"height":96,"caption":"admin"}},{"@type":"WebPage","@id":"https:\/\/eldigitaldeasturias.com\/magazine365\/david-beriain-investiga-el-genocidio-oculto-de-los-indigenas-amazonicos\/#webpage","url":"https:\/\/eldigitaldeasturias.com\/magazine365\/david-beriain-investiga-el-genocidio-oculto-de-los-indigenas-amazonicos\/","name":"David Beriain investiga el genocidio oculto de los ind\u00edgenas amaz\u00f3nicos | El Digital de Asturias","description":"Madrid, 29 may (EFE).- Una matanza a punta de lanza protagonizada por los taromenane, una tribu de la Amazon\u00eda \"no contactada\", y \"ocultada\" por intereses petroleros, ha dado pie a \"Yasun\u00ed. Genocidio en la selva\", un reportaje \"necesario\" para proteger \"un tesoro de la civilizaci\u00f3n\", explica su autor, David Beriain. Con este documental debuta en","inLanguage":"es-ES","isPartOf":{"@id":"https:\/\/eldigitaldeasturias.com\/magazine365\/#website"},"breadcrumb":{"@id":"https:\/\/eldigitaldeasturias.com\/magazine365\/david-beriain-investiga-el-genocidio-oculto-de-los-indigenas-amazonicos\/#breadcrumblist"},"author":{"@id":"https:\/\/eldigitaldeasturias.com\/magazine365\/author\/admin\/#author"},"creator":{"@id":"https:\/\/eldigitaldeasturias.com\/magazine365\/author\/admin\/#author"},"image":{"@type":"ImageObject","url":"https:\/\/eldigitaldeasturias.com\/magazine365\/wp-content\/uploads\/2014\/05\/6314231w.jpg","@id":"https:\/\/eldigitaldeasturias.com\/magazine365\/david-beriain-investiga-el-genocidio-oculto-de-los-indigenas-amazonicos\/#mainImage","width":800,"height":614},"primaryImageOfPage":{"@id":"https:\/\/eldigitaldeasturias.com\/magazine365\/david-beriain-investiga-el-genocidio-oculto-de-los-indigenas-amazonicos\/#mainImage"},"datePublished":"2014-05-29T23:51:14+02:00","dateModified":"2014-05-29T23:51:14+02:00"},{"@type":"WebSite","@id":"https:\/\/eldigitaldeasturias.com\/magazine365\/#website","url":"https:\/\/eldigitaldeasturias.com\/magazine365\/","name":"El Digital de Asturias","description":"Revista de ocio, turismo y estilo de vida","inLanguage":"es-ES","publisher":{"@id":"https:\/\/eldigitaldeasturias.com\/magazine365\/#organization"}}]},"og:locale":"es_ES","og:site_name":"El Digital de Asturias \u2013 Revista de ocio, turismo y estilo de vida","og:type":"article","og:title":"David Beriain investiga el genocidio oculto de los ind\u00edgenas amaz\u00f3nicos | El Digital de Asturias","og:description":"Madrid, 29 may (EFE).- Una matanza a punta de lanza protagonizada por los taromenane, una tribu de la Amazon\u00eda &quot;no contactada&quot;, y &quot;ocultada&quot; por intereses petroleros, ha dado pie a &quot;Yasun\u00ed. Genocidio en la selva&quot;, un reportaje &quot;necesario&quot; para proteger &quot;un tesoro de la civilizaci\u00f3n&quot;, explica su autor, David Beriain. Con este documental debuta en","og:url":"https:\/\/eldigitaldeasturias.com\/magazine365\/david-beriain-investiga-el-genocidio-oculto-de-los-indigenas-amazonicos\/","og:image":"https:\/\/eldigitaldeasturias.com\/magazine365\/wp-content\/uploads\/2014\/05\/6314231w.jpg","og:image:secure_url":"https:\/\/eldigitaldeasturias.com\/magazine365\/wp-content\/uploads\/2014\/05\/6314231w.jpg","og:image:width":800,"og:image:height":614,"article:published_time":"2014-05-30T01:51:14+00:00","article:modified_time":"2014-05-30T01:51:14+00:00","twitter:card":"summary_large_image","twitter:title":"David Beriain investiga el genocidio oculto de los ind\u00edgenas amaz\u00f3nicos | El Digital de Asturias","twitter:description":"Madrid, 29 may (EFE).- Una matanza a punta de lanza protagonizada por los taromenane, una tribu de la Amazon\u00eda &quot;no contactada&quot;, y &quot;ocultada&quot; por intereses petroleros, ha dado pie a &quot;Yasun\u00ed. Genocidio en la selva&quot;, un reportaje &quot;necesario&quot; para proteger &quot;un tesoro de la civilizaci\u00f3n&quot;, explica su autor, David Beriain. Con este documental debuta en","twitter:image":"https:\/\/eldigitaldeasturias.com\/magazine365\/wp-content\/uploads\/2014\/05\/6314231w.jpg"},"aioseo_meta_data":{"post_id":"14352","title":null,"description":null,"keywords":null,"keyphrases":null,"primary_term":null,"canonical_url":null,"og_title":null,"og_description":null,"og_object_type":"default","og_image_type":"default","og_image_url":null,"og_image_width":null,"og_image_height":null,"og_image_custom_url":null,"og_image_custom_fields":null,"og_video":null,"og_custom_url":null,"og_article_section":null,"og_article_tags":null,"twitter_use_og":false,"twitter_card":"default","twitter_image_type":"default","twitter_image_url":null,"twitter_image_custom_url":null,"twitter_image_custom_fields":null,"twitter_title":null,"twitter_description":null,"schema":{"blockGraphs":[],"customGraphs":[],"default":{"data":{"Article":[],"Course":[],"Dataset":[],"FAQPage":[],"Movie":[],"Person":[],"Product":[],"ProductReview":[],"Car":[],"Recipe":[],"Service":[],"SoftwareApplication":[],"WebPage":[]},"graphName":"","isEnabled":true},"graphs":[],"defaultGraph":"","defaultPostTypeGraph":""},"schema_type":null,"schema_type_options":null,"pillar_content":false,"robots_default":true,"robots_noindex":false,"robots_noarchive":false,"robots_nosnippet":false,"robots_nofollow":false,"robots_noimageindex":false,"robots_noodp":false,"robots_notranslate":false,"robots_max_snippet":null,"robots_max_videopreview":null,"robots_max_imagepreview":"large","priority":null,"frequency":null,"location":null,"local_seo":null,"seo_analyzer_scan_date":"2025-09-17 09:58:08","breadcrumb_settings":null,"limit_modified_date":false,"open_ai":null,"ai":null,"created":"2021-03-09 08:16:48","updated":"2025-09-17 09:58:08"},"aioseo_breadcrumb":"<div class=\"aioseo-breadcrumbs\"><span class=\"aioseo-breadcrumb\">\n\t<a href=\"https:\/\/eldigitaldeasturias.com\/magazine365\" title=\"Home\">Home<\/a>\n<\/span><span class=\"aioseo-breadcrumb-separator\">\u2013<\/span><span class=\"aioseo-breadcrumb\">\n\t<a href=\"https:\/\/eldigitaldeasturias.com\/magazine365\/category\/noticias-actualidad\/\" title=\"Noticias y Actualidad\">Noticias y Actualidad<\/a>\n<\/span><span class=\"aioseo-breadcrumb-separator\">\u2013<\/span><span class=\"aioseo-breadcrumb\">\n\t<a href=\"https:\/\/eldigitaldeasturias.com\/magazine365\/david-beriain-investiga-el-genocidio-oculto-de-los-indigenas-amazonicos\/\" title=\"David Beriain investiga el genocidio oculto de los ind\u00edgenas amaz\u00f3nicos\">David Beriain investiga el genocidio oculto de los ind\u00edgenas amaz\u00f3nicos<\/a>\n<\/span><\/div>","aioseo_breadcrumb_json":[{"label":"Home","link":"https:\/\/eldigitaldeasturias.com\/magazine365"},{"label":"Noticias y Actualidad","link":"https:\/\/eldigitaldeasturias.com\/magazine365\/category\/noticias-actualidad\/"},{"label":"David Beriain investiga el genocidio oculto de los ind\u00edgenas amaz\u00f3nicos","link":"https:\/\/eldigitaldeasturias.com\/magazine365\/david-beriain-investiga-el-genocidio-oculto-de-los-indigenas-amazonicos\/"}],"_links":{"self":[{"href":"https:\/\/eldigitaldeasturias.com\/magazine365\/wp-json\/wp\/v2\/posts\/14352","targetHints":{"allow":["GET"]}}],"collection":[{"href":"https:\/\/eldigitaldeasturias.com\/magazine365\/wp-json\/wp\/v2\/posts"}],"about":[{"href":"https:\/\/eldigitaldeasturias.com\/magazine365\/wp-json\/wp\/v2\/types\/post"}],"author":[{"embeddable":true,"href":"https:\/\/eldigitaldeasturias.com\/magazine365\/wp-json\/wp\/v2\/users\/1"}],"replies":[{"embeddable":true,"href":"https:\/\/eldigitaldeasturias.com\/magazine365\/wp-json\/wp\/v2\/comments?post=14352"}],"version-history":[{"count":0,"href":"https:\/\/eldigitaldeasturias.com\/magazine365\/wp-json\/wp\/v2\/posts\/14352\/revisions"}],"wp:featuredmedia":[{"embeddable":true,"href":"https:\/\/eldigitaldeasturias.com\/magazine365\/wp-json\/wp\/v2\/media\/14353"}],"wp:attachment":[{"href":"https:\/\/eldigitaldeasturias.com\/magazine365\/wp-json\/wp\/v2\/media?parent=14352"}],"wp:term":[{"taxonomy":"category","embeddable":true,"href":"https:\/\/eldigitaldeasturias.com\/magazine365\/wp-json\/wp\/v2\/categories?post=14352"},{"taxonomy":"post_tag","embeddable":true,"href":"https:\/\/eldigitaldeasturias.com\/magazine365\/wp-json\/wp\/v2\/tags?post=14352"}],"curies":[{"name":"wp","href":"https:\/\/api.w.org\/{rel}","templated":true}]}}