{"id":14346,"date":"2014-05-29T23:48:15","date_gmt":"2014-05-30T01:48:15","guid":{"rendered":"http:\/\/eldigitaldeasturias.com\/magazine365\/?p=14346"},"modified":"2014-05-29T23:48:15","modified_gmt":"2014-05-30T01:48:15","slug":"marina-heredia-regresa-tras-cinco-meses-fuera-de-los-escenarios-por-su-maternidad","status":"publish","type":"post","link":"https:\/\/eldigitaldeasturias.com\/magazine365\/marina-heredia-regresa-tras-cinco-meses-fuera-de-los-escenarios-por-su-maternidad\/","title":{"rendered":"Marina Heredia regresa tras cinco meses fuera de los escenarios por su maternidad"},"content":{"rendered":"<p><img fetchpriority=\"high\" decoding=\"async\" class=\"alignleft size-medium wp-image-14347\" alt=\"6314081w\" src=\"https:\/\/eldigitaldeasturias.com\/magazine365\/wp-content\/uploads\/2014\/05\/6314081w-360x216.jpg\" width=\"360\" height=\"216\" srcset=\"https:\/\/eldigitaldeasturias.com\/magazine365\/wp-content\/uploads\/2014\/05\/6314081w-360x216.jpg 360w, https:\/\/eldigitaldeasturias.com\/magazine365\/wp-content\/uploads\/2014\/05\/6314081w-650x390.jpg 650w, https:\/\/eldigitaldeasturias.com\/magazine365\/wp-content\/uploads\/2014\/05\/6314081w-768x461.jpg 768w, https:\/\/eldigitaldeasturias.com\/magazine365\/wp-content\/uploads\/2014\/05\/6314081w-150x90.jpg 150w, https:\/\/eldigitaldeasturias.com\/magazine365\/wp-content\/uploads\/2014\/05\/6314081w-450x270.jpg 450w, https:\/\/eldigitaldeasturias.com\/magazine365\/wp-content\/uploads\/2014\/05\/6314081w-696x418.jpg 696w, https:\/\/eldigitaldeasturias.com\/magazine365\/wp-content\/uploads\/2014\/05\/6314081w-700x420.jpg 700w, https:\/\/eldigitaldeasturias.com\/magazine365\/wp-content\/uploads\/2014\/05\/6314081w.jpg 800w\" sizes=\"(max-width: 360px) 100vw, 360px\" \/>Granada, 29 may (EFE).- La cantante Marina Heredia, que despu\u00e9s de cinco meses alejada de los escenarios por su reciente maternidad ya prepara su vuelta a los escenarios con el estreno de \u00abTierra a la vista\u00bb en el Teatro del Generalife de Granada, ha dicho que, cuando se tienen hijos, \u00abla vida te sienta de un porrazo\u00bb.<\/p>\n<p>\u00abCuando eres jovencita y no tienes hijos, tus prioridades y tus preocupaciones son otras; cuando los tienes, si tu hijo est\u00e1 bien, ya no importan otras cosas\u00bb, ha se\u00f1alado la artista, que ha presentado hoy una recogida de alimentos destinada a beb\u00e9s y ni\u00f1os organizada por Abades Hoteles.<\/p>\n<p>Heredia ha informado de que, tras estos \u00faltimos cinco meses, la primera cita \u00abgrande\u00bb con su p\u00fablico tendr\u00e1 lugar el pr\u00f3ximo 1 de julio, en el marco del Festival Internacional de M\u00fasica y Danza de Granada, que le encarg\u00f3 un espect\u00e1culo nuevo.<\/p>\n<p>La cantaora llevar\u00e1 sobre las tablas una propuesta inspirada en influencias musicales como la flamenca y la latina, separadas por un oc\u00e9ano pero confluyentes en sonidos y que hermanan dos culturas.<\/p>\n<p>La artista, que intenta \u00abcuadrar ahora los horarios con todo el mundo para poder hacerlo todo\u00bb, se encuentra ya \u00abentre ensayos, actos y biberones\u00bb, como ha confesado a Efe.<\/p>\n<p>Despu\u00e9s de que las dos abuelas fueran \u00abfundamentales\u00bb para criar a su hijo anterior, que tiene ahora 10 a\u00f1os, la cantante tiene que organizarse con su marido, que es su mano derecha \u00abpersonal y profesional\u00bb, para el cuidado del reci\u00e9n nacido.<\/p>\n<p>\u00abNunca me he planteado anteponer mi carrera a mis embarazos, he intentando encajarlos en ella\u00bb, ha a\u00f1adido la cantaora, ahora \u00abtotalmente volcada\u00bb en los pr\u00f3ximos ensayos de su nuevo espect\u00e1culo.<\/p>\n<p>Preguntada por sus nuevos proyectos, ha avanzado que espera que, en un futuro, \u00abTierra a la vista\u00bb pueda concretarse tambi\u00e9n en un posible disco de estudio, que la lleve a interpretar rancheras, tangos, boleros, salsas y otros estilos.<\/p>\n<p>Respecto a su colaboraci\u00f3n con la actividad ben\u00e9fica, ha manifestado que para ella supone \u00abun gustazo\u00bb poder prestar su imagen y su cara y poder ayudar a los dem\u00e1s, sobre todo porque se trata de algo realmente \u00abrentable\u00bb para la sociedad.<\/p>\n","protected":false},"excerpt":{"rendered":"<p>Granada, 29 may (EFE).- La cantante Marina Heredia, que despu\u00e9s de cinco meses alejada de los escenarios por su reciente maternidad ya prepara su vuelta a los escenarios con el estreno de \u00abTierra a la vista\u00bb en el Teatro del Generalife de Granada, ha dicho que, cuando se tienen hijos, \u00abla vida te sienta de<\/p>\n","protected":false},"author":1,"featured_media":14347,"comment_status":"open","ping_status":"closed","sticky":false,"template":"","format":"standard","meta":{"footnotes":""},"categories":[224],"tags":[],"class_list":{"0":"post-14346","1":"post","2":"type-post","3":"status-publish","4":"format-standard","5":"has-post-thumbnail","7":"category-noticias-actualidad"},"aioseo_notices":[],"aioseo_head":"\n\t\t<!-- All in One SEO Pro 4.9.6.1 - aioseo.com -->\n\t<meta name=\"description\" content=\"Granada, 29 may (EFE).- La cantante Marina Heredia, que despu\u00e9s de cinco meses alejada de los escenarios por su reciente maternidad ya prepara su vuelta a los escenarios con el estreno de &quot;Tierra a la vista&quot; en el Teatro del Generalife de Granada, ha dicho que, cuando se tienen hijos, &quot;la vida te sienta de\" \/>\n\t<meta name=\"robots\" content=\"max-image-preview:large\" \/>\n\t<meta name=\"author\" content=\"admin\"\/>\n\t<meta name=\"google-site-verification\" content=\"UA-38556648-1\" \/>\n\t<meta name=\"keywords\" content=\"noticias y actualidad\" \/>\n\t<link rel=\"canonical\" href=\"https:\/\/eldigitaldeasturias.com\/magazine365\/marina-heredia-regresa-tras-cinco-meses-fuera-de-los-escenarios-por-su-maternidad\/\" \/>\n\t<meta name=\"generator\" content=\"All in One SEO Pro (AIOSEO) 4.9.6.1\" \/>\n\t\t<meta property=\"og:locale\" content=\"es_ES\" \/>\n\t\t<meta property=\"og:site_name\" content=\"El Digital de Asturias \u2013 Revista de ocio, turismo y estilo de vida\" \/>\n\t\t<meta property=\"og:type\" content=\"article\" \/>\n\t\t<meta property=\"og:title\" content=\"Marina Heredia regresa tras cinco meses fuera de los escenarios por su maternidad | El Digital de Asturias\" \/>\n\t\t<meta property=\"og:description\" content=\"Granada, 29 may (EFE).- La cantante Marina Heredia, que despu\u00e9s de cinco meses alejada de los escenarios por su reciente maternidad ya prepara su vuelta a los escenarios con el estreno de &quot;Tierra a la vista&quot; en el Teatro del Generalife de Granada, ha dicho que, cuando se tienen hijos, &quot;la vida te sienta de\" \/>\n\t\t<meta property=\"og:url\" content=\"https:\/\/eldigitaldeasturias.com\/magazine365\/marina-heredia-regresa-tras-cinco-meses-fuera-de-los-escenarios-por-su-maternidad\/\" \/>\n\t\t<meta property=\"og:image\" content=\"https:\/\/eldigitaldeasturias.com\/magazine365\/wp-content\/uploads\/2014\/05\/6314081w.jpg\" \/>\n\t\t<meta property=\"og:image:secure_url\" content=\"https:\/\/eldigitaldeasturias.com\/magazine365\/wp-content\/uploads\/2014\/05\/6314081w.jpg\" \/>\n\t\t<meta property=\"og:image:width\" content=\"800\" \/>\n\t\t<meta property=\"og:image:height\" content=\"480\" \/>\n\t\t<meta property=\"article:published_time\" content=\"2014-05-30T01:48:15+00:00\" \/>\n\t\t<meta property=\"article:modified_time\" content=\"2014-05-30T01:48:15+00:00\" \/>\n\t\t<meta name=\"twitter:card\" content=\"summary_large_image\" \/>\n\t\t<meta name=\"twitter:title\" content=\"Marina Heredia regresa tras cinco meses fuera de los escenarios por su maternidad | El Digital de Asturias\" \/>\n\t\t<meta name=\"twitter:description\" content=\"Granada, 29 may (EFE).- La cantante Marina Heredia, que despu\u00e9s de cinco meses alejada de los escenarios por su reciente maternidad ya prepara su vuelta a los escenarios con el estreno de &quot;Tierra a la vista&quot; en el Teatro del Generalife de Granada, ha dicho que, cuando se tienen hijos, &quot;la vida te sienta de\" \/>\n\t\t<meta name=\"twitter:image\" content=\"https:\/\/eldigitaldeasturias.com\/magazine365\/wp-content\/uploads\/2014\/05\/6314081w.jpg\" \/>\n\t\t<script type=\"application\/ld+json\" class=\"aioseo-schema\">\n\t\t\t{\"@context\":\"https:\\\/\\\/schema.org\",\"@graph\":[{\"@type\":\"Article\",\"@id\":\"https:\\\/\\\/eldigitaldeasturias.com\\\/magazine365\\\/marina-heredia-regresa-tras-cinco-meses-fuera-de-los-escenarios-por-su-maternidad\\\/#article\",\"name\":\"Marina Heredia regresa tras cinco meses fuera de los escenarios por su maternidad | El Digital de Asturias\",\"headline\":\"Marina Heredia regresa tras cinco meses fuera de los escenarios por su maternidad\",\"author\":{\"@id\":\"https:\\\/\\\/eldigitaldeasturias.com\\\/magazine365\\\/author\\\/admin\\\/#author\"},\"publisher\":{\"@id\":\"https:\\\/\\\/eldigitaldeasturias.com\\\/magazine365\\\/#organization\"},\"image\":{\"@type\":\"ImageObject\",\"url\":\"https:\\\/\\\/eldigitaldeasturias.com\\\/magazine365\\\/wp-content\\\/uploads\\\/2014\\\/05\\\/6314081w.jpg\",\"width\":800,\"height\":480},\"datePublished\":\"2014-05-29T23:48:15+02:00\",\"dateModified\":\"2014-05-29T23:48:15+02:00\",\"inLanguage\":\"es-ES\",\"mainEntityOfPage\":{\"@id\":\"https:\\\/\\\/eldigitaldeasturias.com\\\/magazine365\\\/marina-heredia-regresa-tras-cinco-meses-fuera-de-los-escenarios-por-su-maternidad\\\/#webpage\"},\"isPartOf\":{\"@id\":\"https:\\\/\\\/eldigitaldeasturias.com\\\/magazine365\\\/marina-heredia-regresa-tras-cinco-meses-fuera-de-los-escenarios-por-su-maternidad\\\/#webpage\"},\"articleSection\":\"Noticias y Actualidad\"},{\"@type\":\"BreadcrumbList\",\"@id\":\"https:\\\/\\\/eldigitaldeasturias.com\\\/magazine365\\\/marina-heredia-regresa-tras-cinco-meses-fuera-de-los-escenarios-por-su-maternidad\\\/#breadcrumblist\",\"itemListElement\":[{\"@type\":\"ListItem\",\"@id\":\"https:\\\/\\\/eldigitaldeasturias.com\\\/magazine365#listItem\",\"position\":1,\"name\":\"Home\",\"item\":\"https:\\\/\\\/eldigitaldeasturias.com\\\/magazine365\",\"nextItem\":{\"@type\":\"ListItem\",\"@id\":\"https:\\\/\\\/eldigitaldeasturias.com\\\/magazine365\\\/category\\\/noticias-actualidad\\\/#listItem\",\"name\":\"Noticias y Actualidad\"}},{\"@type\":\"ListItem\",\"@id\":\"https:\\\/\\\/eldigitaldeasturias.com\\\/magazine365\\\/category\\\/noticias-actualidad\\\/#listItem\",\"position\":2,\"name\":\"Noticias y Actualidad\",\"item\":\"https:\\\/\\\/eldigitaldeasturias.com\\\/magazine365\\\/category\\\/noticias-actualidad\\\/\",\"nextItem\":{\"@type\":\"ListItem\",\"@id\":\"https:\\\/\\\/eldigitaldeasturias.com\\\/magazine365\\\/marina-heredia-regresa-tras-cinco-meses-fuera-de-los-escenarios-por-su-maternidad\\\/#listItem\",\"name\":\"Marina Heredia regresa tras cinco meses fuera de los escenarios por su maternidad\"},\"previousItem\":{\"@type\":\"ListItem\",\"@id\":\"https:\\\/\\\/eldigitaldeasturias.com\\\/magazine365#listItem\",\"name\":\"Home\"}},{\"@type\":\"ListItem\",\"@id\":\"https:\\\/\\\/eldigitaldeasturias.com\\\/magazine365\\\/marina-heredia-regresa-tras-cinco-meses-fuera-de-los-escenarios-por-su-maternidad\\\/#listItem\",\"position\":3,\"name\":\"Marina Heredia regresa tras cinco meses fuera de los escenarios por su maternidad\",\"previousItem\":{\"@type\":\"ListItem\",\"@id\":\"https:\\\/\\\/eldigitaldeasturias.com\\\/magazine365\\\/category\\\/noticias-actualidad\\\/#listItem\",\"name\":\"Noticias y Actualidad\"}}]},{\"@type\":\"Organization\",\"@id\":\"https:\\\/\\\/eldigitaldeasturias.com\\\/magazine365\\\/#organization\",\"name\":\"El digital de Asturias\",\"description\":\"Revista de ocio, turismo y estilo de vida\",\"url\":\"https:\\\/\\\/eldigitaldeasturias.com\\\/magazine365\\\/\",\"logo\":{\"@type\":\"ImageObject\",\"url\":\"https:\\\/\\\/www.eldigitaldeasturias.com\\\/noticias\\\/wp-content\\\/uploads\\\/2020\\\/12\\\/EDA.jpg\",\"@id\":\"https:\\\/\\\/eldigitaldeasturias.com\\\/magazine365\\\/marina-heredia-regresa-tras-cinco-meses-fuera-de-los-escenarios-por-su-maternidad\\\/#organizationLogo\"},\"image\":{\"@id\":\"https:\\\/\\\/eldigitaldeasturias.com\\\/magazine365\\\/marina-heredia-regresa-tras-cinco-meses-fuera-de-los-escenarios-por-su-maternidad\\\/#organizationLogo\"}},{\"@type\":\"Person\",\"@id\":\"https:\\\/\\\/eldigitaldeasturias.com\\\/magazine365\\\/author\\\/admin\\\/#author\",\"url\":\"https:\\\/\\\/eldigitaldeasturias.com\\\/magazine365\\\/author\\\/admin\\\/\",\"name\":\"admin\",\"image\":{\"@type\":\"ImageObject\",\"@id\":\"https:\\\/\\\/eldigitaldeasturias.com\\\/magazine365\\\/marina-heredia-regresa-tras-cinco-meses-fuera-de-los-escenarios-por-su-maternidad\\\/#authorImage\",\"url\":\"https:\\\/\\\/eldigitaldeasturias.com\\\/magazine365\\\/wp-content\\\/litespeed\\\/avatar\\\/e571bcf59a0edd6fa6838245a470f2fe.jpg?ver=1777574230\",\"width\":96,\"height\":96,\"caption\":\"admin\"}},{\"@type\":\"WebPage\",\"@id\":\"https:\\\/\\\/eldigitaldeasturias.com\\\/magazine365\\\/marina-heredia-regresa-tras-cinco-meses-fuera-de-los-escenarios-por-su-maternidad\\\/#webpage\",\"url\":\"https:\\\/\\\/eldigitaldeasturias.com\\\/magazine365\\\/marina-heredia-regresa-tras-cinco-meses-fuera-de-los-escenarios-por-su-maternidad\\\/\",\"name\":\"Marina Heredia regresa tras cinco meses fuera de los escenarios por su maternidad | El Digital de Asturias\",\"description\":\"Granada, 29 may (EFE).- La cantante Marina Heredia, que despu\\u00e9s de cinco meses alejada de los escenarios por su reciente maternidad ya prepara su vuelta a los escenarios con el estreno de \\\"Tierra a la vista\\\" en el Teatro del Generalife de Granada, ha dicho que, cuando se tienen hijos, \\\"la vida te sienta de\",\"inLanguage\":\"es-ES\",\"isPartOf\":{\"@id\":\"https:\\\/\\\/eldigitaldeasturias.com\\\/magazine365\\\/#website\"},\"breadcrumb\":{\"@id\":\"https:\\\/\\\/eldigitaldeasturias.com\\\/magazine365\\\/marina-heredia-regresa-tras-cinco-meses-fuera-de-los-escenarios-por-su-maternidad\\\/#breadcrumblist\"},\"author\":{\"@id\":\"https:\\\/\\\/eldigitaldeasturias.com\\\/magazine365\\\/author\\\/admin\\\/#author\"},\"creator\":{\"@id\":\"https:\\\/\\\/eldigitaldeasturias.com\\\/magazine365\\\/author\\\/admin\\\/#author\"},\"image\":{\"@type\":\"ImageObject\",\"url\":\"https:\\\/\\\/eldigitaldeasturias.com\\\/magazine365\\\/wp-content\\\/uploads\\\/2014\\\/05\\\/6314081w.jpg\",\"@id\":\"https:\\\/\\\/eldigitaldeasturias.com\\\/magazine365\\\/marina-heredia-regresa-tras-cinco-meses-fuera-de-los-escenarios-por-su-maternidad\\\/#mainImage\",\"width\":800,\"height\":480},\"primaryImageOfPage\":{\"@id\":\"https:\\\/\\\/eldigitaldeasturias.com\\\/magazine365\\\/marina-heredia-regresa-tras-cinco-meses-fuera-de-los-escenarios-por-su-maternidad\\\/#mainImage\"},\"datePublished\":\"2014-05-29T23:48:15+02:00\",\"dateModified\":\"2014-05-29T23:48:15+02:00\"},{\"@type\":\"WebSite\",\"@id\":\"https:\\\/\\\/eldigitaldeasturias.com\\\/magazine365\\\/#website\",\"url\":\"https:\\\/\\\/eldigitaldeasturias.com\\\/magazine365\\\/\",\"name\":\"El Digital de Asturias\",\"description\":\"Revista de ocio, turismo y estilo de vida\",\"inLanguage\":\"es-ES\",\"publisher\":{\"@id\":\"https:\\\/\\\/eldigitaldeasturias.com\\\/magazine365\\\/#organization\"}}]}\n\t\t<\/script>\n\t\t<!-- All in One SEO Pro -->\r\n\t\t<title>Marina Heredia regresa tras cinco meses fuera de los escenarios por su maternidad | El Digital de Asturias<\/title>\n\n","aioseo_head_json":{"title":"Marina Heredia regresa tras cinco meses fuera de los escenarios por su maternidad | El Digital de Asturias","description":"Granada, 29 may (EFE).- La cantante Marina Heredia, que despu\u00e9s de cinco meses alejada de los escenarios por su reciente maternidad ya prepara su vuelta a los escenarios con el estreno de \"Tierra a la vista\" en el Teatro del Generalife de Granada, ha dicho que, cuando se tienen hijos, \"la vida te sienta de","canonical_url":"https:\/\/eldigitaldeasturias.com\/magazine365\/marina-heredia-regresa-tras-cinco-meses-fuera-de-los-escenarios-por-su-maternidad\/","robots":"max-image-preview:large","keywords":"noticias y actualidad","webmasterTools":{"google-site-verification":"UA-38556648-1","miscellaneous":""},"schema":{"@context":"https:\/\/schema.org","@graph":[{"@type":"Article","@id":"https:\/\/eldigitaldeasturias.com\/magazine365\/marina-heredia-regresa-tras-cinco-meses-fuera-de-los-escenarios-por-su-maternidad\/#article","name":"Marina Heredia regresa tras cinco meses fuera de los escenarios por su maternidad | El Digital de Asturias","headline":"Marina Heredia regresa tras cinco meses fuera de los escenarios por su maternidad","author":{"@id":"https:\/\/eldigitaldeasturias.com\/magazine365\/author\/admin\/#author"},"publisher":{"@id":"https:\/\/eldigitaldeasturias.com\/magazine365\/#organization"},"image":{"@type":"ImageObject","url":"https:\/\/eldigitaldeasturias.com\/magazine365\/wp-content\/uploads\/2014\/05\/6314081w.jpg","width":800,"height":480},"datePublished":"2014-05-29T23:48:15+02:00","dateModified":"2014-05-29T23:48:15+02:00","inLanguage":"es-ES","mainEntityOfPage":{"@id":"https:\/\/eldigitaldeasturias.com\/magazine365\/marina-heredia-regresa-tras-cinco-meses-fuera-de-los-escenarios-por-su-maternidad\/#webpage"},"isPartOf":{"@id":"https:\/\/eldigitaldeasturias.com\/magazine365\/marina-heredia-regresa-tras-cinco-meses-fuera-de-los-escenarios-por-su-maternidad\/#webpage"},"articleSection":"Noticias y Actualidad"},{"@type":"BreadcrumbList","@id":"https:\/\/eldigitaldeasturias.com\/magazine365\/marina-heredia-regresa-tras-cinco-meses-fuera-de-los-escenarios-por-su-maternidad\/#breadcrumblist","itemListElement":[{"@type":"ListItem","@id":"https:\/\/eldigitaldeasturias.com\/magazine365#listItem","position":1,"name":"Home","item":"https:\/\/eldigitaldeasturias.com\/magazine365","nextItem":{"@type":"ListItem","@id":"https:\/\/eldigitaldeasturias.com\/magazine365\/category\/noticias-actualidad\/#listItem","name":"Noticias y Actualidad"}},{"@type":"ListItem","@id":"https:\/\/eldigitaldeasturias.com\/magazine365\/category\/noticias-actualidad\/#listItem","position":2,"name":"Noticias y Actualidad","item":"https:\/\/eldigitaldeasturias.com\/magazine365\/category\/noticias-actualidad\/","nextItem":{"@type":"ListItem","@id":"https:\/\/eldigitaldeasturias.com\/magazine365\/marina-heredia-regresa-tras-cinco-meses-fuera-de-los-escenarios-por-su-maternidad\/#listItem","name":"Marina Heredia regresa tras cinco meses fuera de los escenarios por su maternidad"},"previousItem":{"@type":"ListItem","@id":"https:\/\/eldigitaldeasturias.com\/magazine365#listItem","name":"Home"}},{"@type":"ListItem","@id":"https:\/\/eldigitaldeasturias.com\/magazine365\/marina-heredia-regresa-tras-cinco-meses-fuera-de-los-escenarios-por-su-maternidad\/#listItem","position":3,"name":"Marina Heredia regresa tras cinco meses fuera de los escenarios por su maternidad","previousItem":{"@type":"ListItem","@id":"https:\/\/eldigitaldeasturias.com\/magazine365\/category\/noticias-actualidad\/#listItem","name":"Noticias y Actualidad"}}]},{"@type":"Organization","@id":"https:\/\/eldigitaldeasturias.com\/magazine365\/#organization","name":"El digital de Asturias","description":"Revista de ocio, turismo y estilo de vida","url":"https:\/\/eldigitaldeasturias.com\/magazine365\/","logo":{"@type":"ImageObject","url":"https:\/\/www.eldigitaldeasturias.com\/noticias\/wp-content\/uploads\/2020\/12\/EDA.jpg","@id":"https:\/\/eldigitaldeasturias.com\/magazine365\/marina-heredia-regresa-tras-cinco-meses-fuera-de-los-escenarios-por-su-maternidad\/#organizationLogo"},"image":{"@id":"https:\/\/eldigitaldeasturias.com\/magazine365\/marina-heredia-regresa-tras-cinco-meses-fuera-de-los-escenarios-por-su-maternidad\/#organizationLogo"}},{"@type":"Person","@id":"https:\/\/eldigitaldeasturias.com\/magazine365\/author\/admin\/#author","url":"https:\/\/eldigitaldeasturias.com\/magazine365\/author\/admin\/","name":"admin","image":{"@type":"ImageObject","@id":"https:\/\/eldigitaldeasturias.com\/magazine365\/marina-heredia-regresa-tras-cinco-meses-fuera-de-los-escenarios-por-su-maternidad\/#authorImage","url":"https:\/\/eldigitaldeasturias.com\/magazine365\/wp-content\/litespeed\/avatar\/e571bcf59a0edd6fa6838245a470f2fe.jpg?ver=1777574230","width":96,"height":96,"caption":"admin"}},{"@type":"WebPage","@id":"https:\/\/eldigitaldeasturias.com\/magazine365\/marina-heredia-regresa-tras-cinco-meses-fuera-de-los-escenarios-por-su-maternidad\/#webpage","url":"https:\/\/eldigitaldeasturias.com\/magazine365\/marina-heredia-regresa-tras-cinco-meses-fuera-de-los-escenarios-por-su-maternidad\/","name":"Marina Heredia regresa tras cinco meses fuera de los escenarios por su maternidad | El Digital de Asturias","description":"Granada, 29 may (EFE).- La cantante Marina Heredia, que despu\u00e9s de cinco meses alejada de los escenarios por su reciente maternidad ya prepara su vuelta a los escenarios con el estreno de \"Tierra a la vista\" en el Teatro del Generalife de Granada, ha dicho que, cuando se tienen hijos, \"la vida te sienta de","inLanguage":"es-ES","isPartOf":{"@id":"https:\/\/eldigitaldeasturias.com\/magazine365\/#website"},"breadcrumb":{"@id":"https:\/\/eldigitaldeasturias.com\/magazine365\/marina-heredia-regresa-tras-cinco-meses-fuera-de-los-escenarios-por-su-maternidad\/#breadcrumblist"},"author":{"@id":"https:\/\/eldigitaldeasturias.com\/magazine365\/author\/admin\/#author"},"creator":{"@id":"https:\/\/eldigitaldeasturias.com\/magazine365\/author\/admin\/#author"},"image":{"@type":"ImageObject","url":"https:\/\/eldigitaldeasturias.com\/magazine365\/wp-content\/uploads\/2014\/05\/6314081w.jpg","@id":"https:\/\/eldigitaldeasturias.com\/magazine365\/marina-heredia-regresa-tras-cinco-meses-fuera-de-los-escenarios-por-su-maternidad\/#mainImage","width":800,"height":480},"primaryImageOfPage":{"@id":"https:\/\/eldigitaldeasturias.com\/magazine365\/marina-heredia-regresa-tras-cinco-meses-fuera-de-los-escenarios-por-su-maternidad\/#mainImage"},"datePublished":"2014-05-29T23:48:15+02:00","dateModified":"2014-05-29T23:48:15+02:00"},{"@type":"WebSite","@id":"https:\/\/eldigitaldeasturias.com\/magazine365\/#website","url":"https:\/\/eldigitaldeasturias.com\/magazine365\/","name":"El Digital de Asturias","description":"Revista de ocio, turismo y estilo de vida","inLanguage":"es-ES","publisher":{"@id":"https:\/\/eldigitaldeasturias.com\/magazine365\/#organization"}}]},"og:locale":"es_ES","og:site_name":"El Digital de Asturias \u2013 Revista de ocio, turismo y estilo de vida","og:type":"article","og:title":"Marina Heredia regresa tras cinco meses fuera de los escenarios por su maternidad | El Digital de Asturias","og:description":"Granada, 29 may (EFE).- La cantante Marina Heredia, que despu\u00e9s de cinco meses alejada de los escenarios por su reciente maternidad ya prepara su vuelta a los escenarios con el estreno de &quot;Tierra a la vista&quot; en el Teatro del Generalife de Granada, ha dicho que, cuando se tienen hijos, &quot;la vida te sienta de","og:url":"https:\/\/eldigitaldeasturias.com\/magazine365\/marina-heredia-regresa-tras-cinco-meses-fuera-de-los-escenarios-por-su-maternidad\/","og:image":"https:\/\/eldigitaldeasturias.com\/magazine365\/wp-content\/uploads\/2014\/05\/6314081w.jpg","og:image:secure_url":"https:\/\/eldigitaldeasturias.com\/magazine365\/wp-content\/uploads\/2014\/05\/6314081w.jpg","og:image:width":800,"og:image:height":480,"article:published_time":"2014-05-30T01:48:15+00:00","article:modified_time":"2014-05-30T01:48:15+00:00","twitter:card":"summary_large_image","twitter:title":"Marina Heredia regresa tras cinco meses fuera de los escenarios por su maternidad | El Digital de Asturias","twitter:description":"Granada, 29 may (EFE).- La cantante Marina Heredia, que despu\u00e9s de cinco meses alejada de los escenarios por su reciente maternidad ya prepara su vuelta a los escenarios con el estreno de &quot;Tierra a la vista&quot; en el Teatro del Generalife de Granada, ha dicho que, cuando se tienen hijos, &quot;la vida te sienta de","twitter:image":"https:\/\/eldigitaldeasturias.com\/magazine365\/wp-content\/uploads\/2014\/05\/6314081w.jpg"},"aioseo_meta_data":{"post_id":"14346","title":null,"description":null,"keywords":null,"keyphrases":null,"primary_term":null,"canonical_url":null,"og_title":null,"og_description":null,"og_object_type":"default","og_image_type":"default","og_image_url":null,"og_image_width":null,"og_image_height":null,"og_image_custom_url":null,"og_image_custom_fields":null,"og_video":null,"og_custom_url":null,"og_article_section":null,"og_article_tags":null,"twitter_use_og":false,"twitter_card":"default","twitter_image_type":"default","twitter_image_url":null,"twitter_image_custom_url":null,"twitter_image_custom_fields":null,"twitter_title":null,"twitter_description":null,"schema":{"blockGraphs":[],"customGraphs":[],"default":{"data":{"Article":[],"Course":[],"Dataset":[],"FAQPage":[],"Movie":[],"Person":[],"Product":[],"ProductReview":[],"Car":[],"Recipe":[],"Service":[],"SoftwareApplication":[],"WebPage":[]},"graphName":"","isEnabled":true},"graphs":[],"defaultGraph":"","defaultPostTypeGraph":""},"schema_type":null,"schema_type_options":null,"pillar_content":false,"robots_default":true,"robots_noindex":false,"robots_noarchive":false,"robots_nosnippet":false,"robots_nofollow":false,"robots_noimageindex":false,"robots_noodp":false,"robots_notranslate":false,"robots_max_snippet":null,"robots_max_videopreview":null,"robots_max_imagepreview":"large","priority":null,"frequency":null,"location":null,"local_seo":null,"seo_analyzer_scan_date":"2025-09-17 09:58:04","breadcrumb_settings":null,"limit_modified_date":false,"open_ai":null,"ai":null,"created":"2021-03-09 08:16:48","updated":"2025-09-17 09:58:04"},"aioseo_breadcrumb":"<div class=\"aioseo-breadcrumbs\"><span class=\"aioseo-breadcrumb\">\n\t<a href=\"https:\/\/eldigitaldeasturias.com\/magazine365\" title=\"Home\">Home<\/a>\n<\/span><span class=\"aioseo-breadcrumb-separator\">\u2013<\/span><span class=\"aioseo-breadcrumb\">\n\t<a href=\"https:\/\/eldigitaldeasturias.com\/magazine365\/category\/noticias-actualidad\/\" title=\"Noticias y Actualidad\">Noticias y Actualidad<\/a>\n<\/span><span class=\"aioseo-breadcrumb-separator\">\u2013<\/span><span class=\"aioseo-breadcrumb\">\n\t<a href=\"https:\/\/eldigitaldeasturias.com\/magazine365\/marina-heredia-regresa-tras-cinco-meses-fuera-de-los-escenarios-por-su-maternidad\/\" title=\"Marina Heredia regresa tras cinco meses fuera de los escenarios por su maternidad\">Marina Heredia regresa tras cinco meses fuera de los escenarios por su maternidad<\/a>\n<\/span><\/div>","aioseo_breadcrumb_json":[{"label":"Home","link":"https:\/\/eldigitaldeasturias.com\/magazine365"},{"label":"Noticias y Actualidad","link":"https:\/\/eldigitaldeasturias.com\/magazine365\/category\/noticias-actualidad\/"},{"label":"Marina Heredia regresa tras cinco meses fuera de los escenarios por su maternidad","link":"https:\/\/eldigitaldeasturias.com\/magazine365\/marina-heredia-regresa-tras-cinco-meses-fuera-de-los-escenarios-por-su-maternidad\/"}],"_links":{"self":[{"href":"https:\/\/eldigitaldeasturias.com\/magazine365\/wp-json\/wp\/v2\/posts\/14346","targetHints":{"allow":["GET"]}}],"collection":[{"href":"https:\/\/eldigitaldeasturias.com\/magazine365\/wp-json\/wp\/v2\/posts"}],"about":[{"href":"https:\/\/eldigitaldeasturias.com\/magazine365\/wp-json\/wp\/v2\/types\/post"}],"author":[{"embeddable":true,"href":"https:\/\/eldigitaldeasturias.com\/magazine365\/wp-json\/wp\/v2\/users\/1"}],"replies":[{"embeddable":true,"href":"https:\/\/eldigitaldeasturias.com\/magazine365\/wp-json\/wp\/v2\/comments?post=14346"}],"version-history":[{"count":0,"href":"https:\/\/eldigitaldeasturias.com\/magazine365\/wp-json\/wp\/v2\/posts\/14346\/revisions"}],"wp:featuredmedia":[{"embeddable":true,"href":"https:\/\/eldigitaldeasturias.com\/magazine365\/wp-json\/wp\/v2\/media\/14347"}],"wp:attachment":[{"href":"https:\/\/eldigitaldeasturias.com\/magazine365\/wp-json\/wp\/v2\/media?parent=14346"}],"wp:term":[{"taxonomy":"category","embeddable":true,"href":"https:\/\/eldigitaldeasturias.com\/magazine365\/wp-json\/wp\/v2\/categories?post=14346"},{"taxonomy":"post_tag","embeddable":true,"href":"https:\/\/eldigitaldeasturias.com\/magazine365\/wp-json\/wp\/v2\/tags?post=14346"}],"curies":[{"name":"wp","href":"https:\/\/api.w.org\/{rel}","templated":true}]}}