{"id":14340,"date":"2014-05-29T23:42:09","date_gmt":"2014-05-30T01:42:09","guid":{"rendered":"http:\/\/eldigitaldeasturias.com\/magazine365\/?p=14340"},"modified":"2014-05-29T23:42:09","modified_gmt":"2014-05-30T01:42:09","slug":"fender-ficha-a-bono-y-a-the-edge-para-su-consejo-de-administracion","status":"publish","type":"post","link":"https:\/\/eldigitaldeasturias.com\/magazine365\/fender-ficha-a-bono-y-a-the-edge-para-su-consejo-de-administracion\/","title":{"rendered":"Fender ficha a Bono y a The Edge para su consejo de administraci\u00f3n"},"content":{"rendered":"<p><img fetchpriority=\"high\" decoding=\"async\" class=\"alignleft size-medium wp-image-14341\" alt=\"6314087w\" src=\"https:\/\/eldigitaldeasturias.com\/magazine365\/wp-content\/uploads\/2014\/05\/6314087w-360x239.jpg\" width=\"360\" height=\"239\" \/>Dubl\u00edn, 29 may (EFE).- El fabricante de las legendarias guitarras y bajos el\u00e9ctricos Fender ha fichado para su consejo de administraci\u00f3n a los l\u00edderes de la banda irlandesa U2, Bono y The Edge, para reforzar la \u00abestrategia de crecimiento\u00bb de la marca, inform\u00f3 hoy \u00abBillboard\u00bb.<\/p>\n<p>En un comunicado, esta publicaci\u00f3n explic\u00f3 que \u00abFender Musical Corporation\u00bb, el conglomerado detr\u00e1s de los conocidos instrumentos, ha recurrido al carism\u00e1tico cantante irland\u00e9s y a su guitarrista \u00abtalism\u00e1n\u00bb, cuando la banda dublinesa est\u00e1 inmersa en la grabaci\u00f3n de un nuevo \u00e1lbum que podr\u00eda salir al mercado este a\u00f1o.<\/p>\n<p>\u00abBono y The Edge han contribuido lo suyo para dar forma a la m\u00fasica popular y han salvado vidas con sus canciones. Ahora ayudar\u00e1n a guiar los destinos de Fender\u00bb, destac\u00f3 la nota.<\/p>\n<p>El presidente adjunto de la compa\u00f1\u00eda, Mark Fukunaga, asegur\u00f3 que, por diferentes motivos, ambos son los candidatos id\u00f3neos para entrar a formar parte de su c\u00fapula ejecutiva.<\/p>\n<p>En su opini\u00f3n, The Edge, cuyo verdadero nombre es Dave Evans, tiene una reputaci\u00f3n \u00abimpecable\u00bb como guitarrista, al tiempo que est\u00e1 considerado un creador \u00abinnovador de sonidos \u00fanicos a trav\u00e9s del uso de la tecnolog\u00eda.<\/p>\n<p>Por su parte, Paul Hewson, m\u00e1s conocido como Bono, es un \u00abvisionario en el mundo de la m\u00fasica\u00bb que tambi\u00e9n destaca por su \u00abagudo sentido de los negocios\u00bb y por poseer \u00abuna creatividad que ayudar\u00e1 a Fender a prosperar\u00bb, dijo.<\/p>\n<p>El guitarrista irland\u00e9s compar\u00f3 su entrada en la empresa como la de un \u00abni\u00f1o en una tienda de golosinas\u00bb, pues se declar\u00f3 \u00abfan de las Fender desde el principio, toc\u00e1ndolas en las giras y \u00e1lbumes m\u00e1s importantes de U2\u00bb.<\/p>\n<p>\u00abPero en lo que m\u00e1s interesado estoy es en trabajar con el equipo de dise\u00f1o de Fender para generar nuevas ideas\u00bb, agreg\u00f3 The Edge, de 52 a\u00f1os.<\/p>\n<p>Bono, dos a\u00f1os mayor y amigos desde la juventud, record\u00f3 que en cualquier parte del mundo Fender es una \u00ababanderada\u00bb de la m\u00fasica, \u00abno solo por su excelencia tecnol\u00f3gica y artesanal, sino por su influencia sobre la cultura americana\u00bb.<\/p>\n<p>\u00abCuando una persona lleva una camiseta de Fender en un festival eso dice mucho de ella. Ama la m\u00fasica -dijo-, tiene un esp\u00edritu independiente, est\u00e1 orgullosa de esta compa\u00f1\u00eda aut\u00e9nticamente americana, un nexo entre la tecnolog\u00eda y la cultura que, al final, no puede ser copiada aunque lo intenten otros gigantes\u00bb.<\/p>\n<p>U2 y Fender, apunt\u00f3 \u00abBillboard\u00bb, mantienen una relaci\u00f3n desde hace a\u00f1os y en 2011 su bajista y miembro fundador Adam Clayton colabor\u00f3 con la firma para fabricar una edici\u00f3n limitada del m\u00edtico \u00abPrecision Bass\u00bb.<\/p>\n<p>Fender fue fundada en California por Clarence Leonidas \u00abLeo\u00bb Fender en 1946 y sus ic\u00f3nicas guitarras el\u00e9ctricas, sobre todo el modelo \u00abstratocaster\u00bb, han sido utilizadas por algunos de los m\u00e1s grandes, como Jimmi Hendrix, Rory Gallagher, Steve Ray Vaughan, Eric Clapton o el propio The Edge.<\/p>\n","protected":false},"excerpt":{"rendered":"<p>Dubl\u00edn, 29 may (EFE).- El fabricante de las legendarias guitarras y bajos el\u00e9ctricos Fender ha fichado para su consejo de administraci\u00f3n a los l\u00edderes de la banda irlandesa U2, Bono y The Edge, para reforzar la \u00abestrategia de crecimiento\u00bb de la marca, inform\u00f3 hoy \u00abBillboard\u00bb. En un comunicado, esta publicaci\u00f3n explic\u00f3 que \u00abFender Musical Corporation\u00bb,<\/p>\n","protected":false},"author":1,"featured_media":14341,"comment_status":"open","ping_status":"closed","sticky":false,"template":"","format":"standard","meta":{"footnotes":""},"categories":[222],"tags":[],"class_list":{"0":"post-14340","1":"post","2":"type-post","3":"status-publish","4":"format-standard","5":"has-post-thumbnail","7":"category-actualidad-turismo"},"aioseo_notices":[],"aioseo_head":"\n\t\t<!-- All in One SEO Pro 4.9.6.1 - aioseo.com -->\n\t<meta name=\"description\" content=\"Dubl\u00edn, 29 may (EFE).- El fabricante de las legendarias guitarras y bajos el\u00e9ctricos Fender ha fichado para su consejo de administraci\u00f3n a los l\u00edderes de la banda irlandesa U2, Bono y The Edge, para reforzar la &quot;estrategia de crecimiento&quot; de la marca, inform\u00f3 hoy &quot;Billboard&quot;. En un comunicado, esta publicaci\u00f3n explic\u00f3 que &quot;Fender Musical Corporation&quot;,\" \/>\n\t<meta name=\"robots\" content=\"max-image-preview:large\" \/>\n\t<meta name=\"author\" content=\"admin\"\/>\n\t<meta name=\"google-site-verification\" content=\"UA-38556648-1\" \/>\n\t<meta name=\"keywords\" content=\"actualidad turismo\" \/>\n\t<link rel=\"canonical\" href=\"https:\/\/eldigitaldeasturias.com\/magazine365\/fender-ficha-a-bono-y-a-the-edge-para-su-consejo-de-administracion\/\" \/>\n\t<meta name=\"generator\" content=\"All in One SEO Pro (AIOSEO) 4.9.6.1\" \/>\n\t\t<meta property=\"og:locale\" content=\"es_ES\" \/>\n\t\t<meta property=\"og:site_name\" content=\"El Digital de Asturias \u2013 Revista de ocio, turismo y estilo de vida\" \/>\n\t\t<meta property=\"og:type\" content=\"article\" \/>\n\t\t<meta property=\"og:title\" content=\"Fender ficha a Bono y a The Edge para su consejo de administraci\u00f3n | El Digital de Asturias\" \/>\n\t\t<meta property=\"og:description\" content=\"Dubl\u00edn, 29 may (EFE).- El fabricante de las legendarias guitarras y bajos el\u00e9ctricos Fender ha fichado para su consejo de administraci\u00f3n a los l\u00edderes de la banda irlandesa U2, Bono y The Edge, para reforzar la &quot;estrategia de crecimiento&quot; de la marca, inform\u00f3 hoy &quot;Billboard&quot;. En un comunicado, esta publicaci\u00f3n explic\u00f3 que &quot;Fender Musical Corporation&quot;,\" \/>\n\t\t<meta property=\"og:url\" content=\"https:\/\/eldigitaldeasturias.com\/magazine365\/fender-ficha-a-bono-y-a-the-edge-para-su-consejo-de-administracion\/\" \/>\n\t\t<meta property=\"og:image\" content=\"https:\/\/eldigitaldeasturias.com\/magazine365\/wp-content\/uploads\/2014\/05\/6314087w.jpg\" \/>\n\t\t<meta property=\"og:image:secure_url\" content=\"https:\/\/eldigitaldeasturias.com\/magazine365\/wp-content\/uploads\/2014\/05\/6314087w.jpg\" \/>\n\t\t<meta property=\"og:image:width\" content=\"800\" \/>\n\t\t<meta property=\"og:image:height\" content=\"533\" \/>\n\t\t<meta property=\"article:published_time\" content=\"2014-05-30T01:42:09+00:00\" \/>\n\t\t<meta property=\"article:modified_time\" content=\"2014-05-30T01:42:09+00:00\" \/>\n\t\t<meta name=\"twitter:card\" content=\"summary_large_image\" \/>\n\t\t<meta name=\"twitter:title\" content=\"Fender ficha a Bono y a The Edge para su consejo de administraci\u00f3n | El Digital de Asturias\" \/>\n\t\t<meta name=\"twitter:description\" content=\"Dubl\u00edn, 29 may (EFE).- El fabricante de las legendarias guitarras y bajos el\u00e9ctricos Fender ha fichado para su consejo de administraci\u00f3n a los l\u00edderes de la banda irlandesa U2, Bono y The Edge, para reforzar la &quot;estrategia de crecimiento&quot; de la marca, inform\u00f3 hoy &quot;Billboard&quot;. En un comunicado, esta publicaci\u00f3n explic\u00f3 que &quot;Fender Musical Corporation&quot;,\" \/>\n\t\t<meta name=\"twitter:image\" content=\"https:\/\/eldigitaldeasturias.com\/magazine365\/wp-content\/uploads\/2014\/05\/6314087w.jpg\" \/>\n\t\t<script type=\"application\/ld+json\" class=\"aioseo-schema\">\n\t\t\t{\"@context\":\"https:\\\/\\\/schema.org\",\"@graph\":[{\"@type\":\"Article\",\"@id\":\"https:\\\/\\\/eldigitaldeasturias.com\\\/magazine365\\\/fender-ficha-a-bono-y-a-the-edge-para-su-consejo-de-administracion\\\/#article\",\"name\":\"Fender ficha a Bono y a The Edge para su consejo de administraci\\u00f3n | El Digital de Asturias\",\"headline\":\"Fender ficha a Bono y a The Edge para su consejo de administraci\\u00f3n\",\"author\":{\"@id\":\"https:\\\/\\\/eldigitaldeasturias.com\\\/magazine365\\\/author\\\/admin\\\/#author\"},\"publisher\":{\"@id\":\"https:\\\/\\\/eldigitaldeasturias.com\\\/magazine365\\\/#organization\"},\"image\":{\"@type\":\"ImageObject\",\"url\":\"https:\\\/\\\/eldigitaldeasturias.com\\\/magazine365\\\/wp-content\\\/uploads\\\/2014\\\/05\\\/6314087w.jpg\",\"width\":800,\"height\":533},\"datePublished\":\"2014-05-29T23:42:09+02:00\",\"dateModified\":\"2014-05-29T23:42:09+02:00\",\"inLanguage\":\"es-ES\",\"mainEntityOfPage\":{\"@id\":\"https:\\\/\\\/eldigitaldeasturias.com\\\/magazine365\\\/fender-ficha-a-bono-y-a-the-edge-para-su-consejo-de-administracion\\\/#webpage\"},\"isPartOf\":{\"@id\":\"https:\\\/\\\/eldigitaldeasturias.com\\\/magazine365\\\/fender-ficha-a-bono-y-a-the-edge-para-su-consejo-de-administracion\\\/#webpage\"},\"articleSection\":\"Actualidad Turismo\"},{\"@type\":\"BreadcrumbList\",\"@id\":\"https:\\\/\\\/eldigitaldeasturias.com\\\/magazine365\\\/fender-ficha-a-bono-y-a-the-edge-para-su-consejo-de-administracion\\\/#breadcrumblist\",\"itemListElement\":[{\"@type\":\"ListItem\",\"@id\":\"https:\\\/\\\/eldigitaldeasturias.com\\\/magazine365#listItem\",\"position\":1,\"name\":\"Home\",\"item\":\"https:\\\/\\\/eldigitaldeasturias.com\\\/magazine365\",\"nextItem\":{\"@type\":\"ListItem\",\"@id\":\"https:\\\/\\\/eldigitaldeasturias.com\\\/magazine365\\\/category\\\/actualidad-turismo\\\/#listItem\",\"name\":\"Actualidad Turismo\"}},{\"@type\":\"ListItem\",\"@id\":\"https:\\\/\\\/eldigitaldeasturias.com\\\/magazine365\\\/category\\\/actualidad-turismo\\\/#listItem\",\"position\":2,\"name\":\"Actualidad Turismo\",\"item\":\"https:\\\/\\\/eldigitaldeasturias.com\\\/magazine365\\\/category\\\/actualidad-turismo\\\/\",\"nextItem\":{\"@type\":\"ListItem\",\"@id\":\"https:\\\/\\\/eldigitaldeasturias.com\\\/magazine365\\\/fender-ficha-a-bono-y-a-the-edge-para-su-consejo-de-administracion\\\/#listItem\",\"name\":\"Fender ficha a Bono y a The Edge para su consejo de administraci\\u00f3n\"},\"previousItem\":{\"@type\":\"ListItem\",\"@id\":\"https:\\\/\\\/eldigitaldeasturias.com\\\/magazine365#listItem\",\"name\":\"Home\"}},{\"@type\":\"ListItem\",\"@id\":\"https:\\\/\\\/eldigitaldeasturias.com\\\/magazine365\\\/fender-ficha-a-bono-y-a-the-edge-para-su-consejo-de-administracion\\\/#listItem\",\"position\":3,\"name\":\"Fender ficha a Bono y a The Edge para su consejo de administraci\\u00f3n\",\"previousItem\":{\"@type\":\"ListItem\",\"@id\":\"https:\\\/\\\/eldigitaldeasturias.com\\\/magazine365\\\/category\\\/actualidad-turismo\\\/#listItem\",\"name\":\"Actualidad Turismo\"}}]},{\"@type\":\"Organization\",\"@id\":\"https:\\\/\\\/eldigitaldeasturias.com\\\/magazine365\\\/#organization\",\"name\":\"El digital de Asturias\",\"description\":\"Revista de ocio, turismo y estilo de vida\",\"url\":\"https:\\\/\\\/eldigitaldeasturias.com\\\/magazine365\\\/\",\"logo\":{\"@type\":\"ImageObject\",\"url\":\"https:\\\/\\\/www.eldigitaldeasturias.com\\\/noticias\\\/wp-content\\\/uploads\\\/2020\\\/12\\\/EDA.jpg\",\"@id\":\"https:\\\/\\\/eldigitaldeasturias.com\\\/magazine365\\\/fender-ficha-a-bono-y-a-the-edge-para-su-consejo-de-administracion\\\/#organizationLogo\"},\"image\":{\"@id\":\"https:\\\/\\\/eldigitaldeasturias.com\\\/magazine365\\\/fender-ficha-a-bono-y-a-the-edge-para-su-consejo-de-administracion\\\/#organizationLogo\"}},{\"@type\":\"Person\",\"@id\":\"https:\\\/\\\/eldigitaldeasturias.com\\\/magazine365\\\/author\\\/admin\\\/#author\",\"url\":\"https:\\\/\\\/eldigitaldeasturias.com\\\/magazine365\\\/author\\\/admin\\\/\",\"name\":\"admin\",\"image\":{\"@type\":\"ImageObject\",\"@id\":\"https:\\\/\\\/eldigitaldeasturias.com\\\/magazine365\\\/fender-ficha-a-bono-y-a-the-edge-para-su-consejo-de-administracion\\\/#authorImage\",\"url\":\"https:\\\/\\\/eldigitaldeasturias.com\\\/magazine365\\\/wp-content\\\/litespeed\\\/avatar\\\/e571bcf59a0edd6fa6838245a470f2fe.jpg?ver=1777574230\",\"width\":96,\"height\":96,\"caption\":\"admin\"}},{\"@type\":\"WebPage\",\"@id\":\"https:\\\/\\\/eldigitaldeasturias.com\\\/magazine365\\\/fender-ficha-a-bono-y-a-the-edge-para-su-consejo-de-administracion\\\/#webpage\",\"url\":\"https:\\\/\\\/eldigitaldeasturias.com\\\/magazine365\\\/fender-ficha-a-bono-y-a-the-edge-para-su-consejo-de-administracion\\\/\",\"name\":\"Fender ficha a Bono y a The Edge para su consejo de administraci\\u00f3n | El Digital de Asturias\",\"description\":\"Dubl\\u00edn, 29 may (EFE).- El fabricante de las legendarias guitarras y bajos el\\u00e9ctricos Fender ha fichado para su consejo de administraci\\u00f3n a los l\\u00edderes de la banda irlandesa U2, Bono y The Edge, para reforzar la \\\"estrategia de crecimiento\\\" de la marca, inform\\u00f3 hoy \\\"Billboard\\\". En un comunicado, esta publicaci\\u00f3n explic\\u00f3 que \\\"Fender Musical Corporation\\\",\",\"inLanguage\":\"es-ES\",\"isPartOf\":{\"@id\":\"https:\\\/\\\/eldigitaldeasturias.com\\\/magazine365\\\/#website\"},\"breadcrumb\":{\"@id\":\"https:\\\/\\\/eldigitaldeasturias.com\\\/magazine365\\\/fender-ficha-a-bono-y-a-the-edge-para-su-consejo-de-administracion\\\/#breadcrumblist\"},\"author\":{\"@id\":\"https:\\\/\\\/eldigitaldeasturias.com\\\/magazine365\\\/author\\\/admin\\\/#author\"},\"creator\":{\"@id\":\"https:\\\/\\\/eldigitaldeasturias.com\\\/magazine365\\\/author\\\/admin\\\/#author\"},\"image\":{\"@type\":\"ImageObject\",\"url\":\"https:\\\/\\\/eldigitaldeasturias.com\\\/magazine365\\\/wp-content\\\/uploads\\\/2014\\\/05\\\/6314087w.jpg\",\"@id\":\"https:\\\/\\\/eldigitaldeasturias.com\\\/magazine365\\\/fender-ficha-a-bono-y-a-the-edge-para-su-consejo-de-administracion\\\/#mainImage\",\"width\":800,\"height\":533},\"primaryImageOfPage\":{\"@id\":\"https:\\\/\\\/eldigitaldeasturias.com\\\/magazine365\\\/fender-ficha-a-bono-y-a-the-edge-para-su-consejo-de-administracion\\\/#mainImage\"},\"datePublished\":\"2014-05-29T23:42:09+02:00\",\"dateModified\":\"2014-05-29T23:42:09+02:00\"},{\"@type\":\"WebSite\",\"@id\":\"https:\\\/\\\/eldigitaldeasturias.com\\\/magazine365\\\/#website\",\"url\":\"https:\\\/\\\/eldigitaldeasturias.com\\\/magazine365\\\/\",\"name\":\"El Digital de Asturias\",\"description\":\"Revista de ocio, turismo y estilo de vida\",\"inLanguage\":\"es-ES\",\"publisher\":{\"@id\":\"https:\\\/\\\/eldigitaldeasturias.com\\\/magazine365\\\/#organization\"}}]}\n\t\t<\/script>\n\t\t<!-- All in One SEO Pro -->\r\n\t\t<title>Fender ficha a Bono y a The Edge para su consejo de administraci\u00f3n | El Digital de Asturias<\/title>\n\n","aioseo_head_json":{"title":"Fender ficha a Bono y a The Edge para su consejo de administraci\u00f3n | El Digital de Asturias","description":"Dubl\u00edn, 29 may (EFE).- El fabricante de las legendarias guitarras y bajos el\u00e9ctricos Fender ha fichado para su consejo de administraci\u00f3n a los l\u00edderes de la banda irlandesa U2, Bono y The Edge, para reforzar la \"estrategia de crecimiento\" de la marca, inform\u00f3 hoy \"Billboard\". En un comunicado, esta publicaci\u00f3n explic\u00f3 que \"Fender Musical Corporation\",","canonical_url":"https:\/\/eldigitaldeasturias.com\/magazine365\/fender-ficha-a-bono-y-a-the-edge-para-su-consejo-de-administracion\/","robots":"max-image-preview:large","keywords":"actualidad turismo","webmasterTools":{"google-site-verification":"UA-38556648-1","miscellaneous":""},"schema":{"@context":"https:\/\/schema.org","@graph":[{"@type":"Article","@id":"https:\/\/eldigitaldeasturias.com\/magazine365\/fender-ficha-a-bono-y-a-the-edge-para-su-consejo-de-administracion\/#article","name":"Fender ficha a Bono y a The Edge para su consejo de administraci\u00f3n | El Digital de Asturias","headline":"Fender ficha a Bono y a The Edge para su consejo de administraci\u00f3n","author":{"@id":"https:\/\/eldigitaldeasturias.com\/magazine365\/author\/admin\/#author"},"publisher":{"@id":"https:\/\/eldigitaldeasturias.com\/magazine365\/#organization"},"image":{"@type":"ImageObject","url":"https:\/\/eldigitaldeasturias.com\/magazine365\/wp-content\/uploads\/2014\/05\/6314087w.jpg","width":800,"height":533},"datePublished":"2014-05-29T23:42:09+02:00","dateModified":"2014-05-29T23:42:09+02:00","inLanguage":"es-ES","mainEntityOfPage":{"@id":"https:\/\/eldigitaldeasturias.com\/magazine365\/fender-ficha-a-bono-y-a-the-edge-para-su-consejo-de-administracion\/#webpage"},"isPartOf":{"@id":"https:\/\/eldigitaldeasturias.com\/magazine365\/fender-ficha-a-bono-y-a-the-edge-para-su-consejo-de-administracion\/#webpage"},"articleSection":"Actualidad Turismo"},{"@type":"BreadcrumbList","@id":"https:\/\/eldigitaldeasturias.com\/magazine365\/fender-ficha-a-bono-y-a-the-edge-para-su-consejo-de-administracion\/#breadcrumblist","itemListElement":[{"@type":"ListItem","@id":"https:\/\/eldigitaldeasturias.com\/magazine365#listItem","position":1,"name":"Home","item":"https:\/\/eldigitaldeasturias.com\/magazine365","nextItem":{"@type":"ListItem","@id":"https:\/\/eldigitaldeasturias.com\/magazine365\/category\/actualidad-turismo\/#listItem","name":"Actualidad Turismo"}},{"@type":"ListItem","@id":"https:\/\/eldigitaldeasturias.com\/magazine365\/category\/actualidad-turismo\/#listItem","position":2,"name":"Actualidad Turismo","item":"https:\/\/eldigitaldeasturias.com\/magazine365\/category\/actualidad-turismo\/","nextItem":{"@type":"ListItem","@id":"https:\/\/eldigitaldeasturias.com\/magazine365\/fender-ficha-a-bono-y-a-the-edge-para-su-consejo-de-administracion\/#listItem","name":"Fender ficha a Bono y a The Edge para su consejo de administraci\u00f3n"},"previousItem":{"@type":"ListItem","@id":"https:\/\/eldigitaldeasturias.com\/magazine365#listItem","name":"Home"}},{"@type":"ListItem","@id":"https:\/\/eldigitaldeasturias.com\/magazine365\/fender-ficha-a-bono-y-a-the-edge-para-su-consejo-de-administracion\/#listItem","position":3,"name":"Fender ficha a Bono y a The Edge para su consejo de administraci\u00f3n","previousItem":{"@type":"ListItem","@id":"https:\/\/eldigitaldeasturias.com\/magazine365\/category\/actualidad-turismo\/#listItem","name":"Actualidad Turismo"}}]},{"@type":"Organization","@id":"https:\/\/eldigitaldeasturias.com\/magazine365\/#organization","name":"El digital de Asturias","description":"Revista de ocio, turismo y estilo de vida","url":"https:\/\/eldigitaldeasturias.com\/magazine365\/","logo":{"@type":"ImageObject","url":"https:\/\/www.eldigitaldeasturias.com\/noticias\/wp-content\/uploads\/2020\/12\/EDA.jpg","@id":"https:\/\/eldigitaldeasturias.com\/magazine365\/fender-ficha-a-bono-y-a-the-edge-para-su-consejo-de-administracion\/#organizationLogo"},"image":{"@id":"https:\/\/eldigitaldeasturias.com\/magazine365\/fender-ficha-a-bono-y-a-the-edge-para-su-consejo-de-administracion\/#organizationLogo"}},{"@type":"Person","@id":"https:\/\/eldigitaldeasturias.com\/magazine365\/author\/admin\/#author","url":"https:\/\/eldigitaldeasturias.com\/magazine365\/author\/admin\/","name":"admin","image":{"@type":"ImageObject","@id":"https:\/\/eldigitaldeasturias.com\/magazine365\/fender-ficha-a-bono-y-a-the-edge-para-su-consejo-de-administracion\/#authorImage","url":"https:\/\/eldigitaldeasturias.com\/magazine365\/wp-content\/litespeed\/avatar\/e571bcf59a0edd6fa6838245a470f2fe.jpg?ver=1777574230","width":96,"height":96,"caption":"admin"}},{"@type":"WebPage","@id":"https:\/\/eldigitaldeasturias.com\/magazine365\/fender-ficha-a-bono-y-a-the-edge-para-su-consejo-de-administracion\/#webpage","url":"https:\/\/eldigitaldeasturias.com\/magazine365\/fender-ficha-a-bono-y-a-the-edge-para-su-consejo-de-administracion\/","name":"Fender ficha a Bono y a The Edge para su consejo de administraci\u00f3n | El Digital de Asturias","description":"Dubl\u00edn, 29 may (EFE).- El fabricante de las legendarias guitarras y bajos el\u00e9ctricos Fender ha fichado para su consejo de administraci\u00f3n a los l\u00edderes de la banda irlandesa U2, Bono y The Edge, para reforzar la \"estrategia de crecimiento\" de la marca, inform\u00f3 hoy \"Billboard\". En un comunicado, esta publicaci\u00f3n explic\u00f3 que \"Fender Musical Corporation\",","inLanguage":"es-ES","isPartOf":{"@id":"https:\/\/eldigitaldeasturias.com\/magazine365\/#website"},"breadcrumb":{"@id":"https:\/\/eldigitaldeasturias.com\/magazine365\/fender-ficha-a-bono-y-a-the-edge-para-su-consejo-de-administracion\/#breadcrumblist"},"author":{"@id":"https:\/\/eldigitaldeasturias.com\/magazine365\/author\/admin\/#author"},"creator":{"@id":"https:\/\/eldigitaldeasturias.com\/magazine365\/author\/admin\/#author"},"image":{"@type":"ImageObject","url":"https:\/\/eldigitaldeasturias.com\/magazine365\/wp-content\/uploads\/2014\/05\/6314087w.jpg","@id":"https:\/\/eldigitaldeasturias.com\/magazine365\/fender-ficha-a-bono-y-a-the-edge-para-su-consejo-de-administracion\/#mainImage","width":800,"height":533},"primaryImageOfPage":{"@id":"https:\/\/eldigitaldeasturias.com\/magazine365\/fender-ficha-a-bono-y-a-the-edge-para-su-consejo-de-administracion\/#mainImage"},"datePublished":"2014-05-29T23:42:09+02:00","dateModified":"2014-05-29T23:42:09+02:00"},{"@type":"WebSite","@id":"https:\/\/eldigitaldeasturias.com\/magazine365\/#website","url":"https:\/\/eldigitaldeasturias.com\/magazine365\/","name":"El Digital de Asturias","description":"Revista de ocio, turismo y estilo de vida","inLanguage":"es-ES","publisher":{"@id":"https:\/\/eldigitaldeasturias.com\/magazine365\/#organization"}}]},"og:locale":"es_ES","og:site_name":"El Digital de Asturias \u2013 Revista de ocio, turismo y estilo de vida","og:type":"article","og:title":"Fender ficha a Bono y a The Edge para su consejo de administraci\u00f3n | El Digital de Asturias","og:description":"Dubl\u00edn, 29 may (EFE).- El fabricante de las legendarias guitarras y bajos el\u00e9ctricos Fender ha fichado para su consejo de administraci\u00f3n a los l\u00edderes de la banda irlandesa U2, Bono y The Edge, para reforzar la &quot;estrategia de crecimiento&quot; de la marca, inform\u00f3 hoy &quot;Billboard&quot;. En un comunicado, esta publicaci\u00f3n explic\u00f3 que &quot;Fender Musical Corporation&quot;,","og:url":"https:\/\/eldigitaldeasturias.com\/magazine365\/fender-ficha-a-bono-y-a-the-edge-para-su-consejo-de-administracion\/","og:image":"https:\/\/eldigitaldeasturias.com\/magazine365\/wp-content\/uploads\/2014\/05\/6314087w.jpg","og:image:secure_url":"https:\/\/eldigitaldeasturias.com\/magazine365\/wp-content\/uploads\/2014\/05\/6314087w.jpg","og:image:width":800,"og:image:height":533,"article:published_time":"2014-05-30T01:42:09+00:00","article:modified_time":"2014-05-30T01:42:09+00:00","twitter:card":"summary_large_image","twitter:title":"Fender ficha a Bono y a The Edge para su consejo de administraci\u00f3n | El Digital de Asturias","twitter:description":"Dubl\u00edn, 29 may (EFE).- El fabricante de las legendarias guitarras y bajos el\u00e9ctricos Fender ha fichado para su consejo de administraci\u00f3n a los l\u00edderes de la banda irlandesa U2, Bono y The Edge, para reforzar la &quot;estrategia de crecimiento&quot; de la marca, inform\u00f3 hoy &quot;Billboard&quot;. En un comunicado, esta publicaci\u00f3n explic\u00f3 que &quot;Fender Musical Corporation&quot;,","twitter:image":"https:\/\/eldigitaldeasturias.com\/magazine365\/wp-content\/uploads\/2014\/05\/6314087w.jpg"},"aioseo_meta_data":{"post_id":"14340","title":null,"description":null,"keywords":null,"keyphrases":null,"primary_term":null,"canonical_url":null,"og_title":null,"og_description":null,"og_object_type":"default","og_image_type":"default","og_image_url":null,"og_image_width":null,"og_image_height":null,"og_image_custom_url":null,"og_image_custom_fields":null,"og_video":null,"og_custom_url":null,"og_article_section":null,"og_article_tags":null,"twitter_use_og":false,"twitter_card":"default","twitter_image_type":"default","twitter_image_url":null,"twitter_image_custom_url":null,"twitter_image_custom_fields":null,"twitter_title":null,"twitter_description":null,"schema":{"blockGraphs":[],"customGraphs":[],"default":{"data":{"Article":[],"Course":[],"Dataset":[],"FAQPage":[],"Movie":[],"Person":[],"Product":[],"ProductReview":[],"Car":[],"Recipe":[],"Service":[],"SoftwareApplication":[],"WebPage":[]},"graphName":"","isEnabled":true},"graphs":[]},"schema_type":null,"schema_type_options":null,"pillar_content":false,"robots_default":true,"robots_noindex":false,"robots_noarchive":false,"robots_nosnippet":false,"robots_nofollow":false,"robots_noimageindex":false,"robots_noodp":false,"robots_notranslate":false,"robots_max_snippet":null,"robots_max_videopreview":null,"robots_max_imagepreview":"large","priority":null,"frequency":null,"location":null,"local_seo":null,"seo_analyzer_scan_date":"2025-09-17 09:58:01","breadcrumb_settings":null,"limit_modified_date":false,"open_ai":null,"ai":null,"created":"2021-03-09 08:16:48","updated":"2025-09-17 09:58:01"},"aioseo_breadcrumb":"<div class=\"aioseo-breadcrumbs\"><span class=\"aioseo-breadcrumb\">\n\t<a href=\"https:\/\/eldigitaldeasturias.com\/magazine365\" title=\"Home\">Home<\/a>\n<\/span><span class=\"aioseo-breadcrumb-separator\">\u2013<\/span><span class=\"aioseo-breadcrumb\">\n\t<a href=\"https:\/\/eldigitaldeasturias.com\/magazine365\/category\/actualidad-turismo\/\" title=\"Actualidad Turismo\">Actualidad Turismo<\/a>\n<\/span><span class=\"aioseo-breadcrumb-separator\">\u2013<\/span><span class=\"aioseo-breadcrumb\">\n\t<a href=\"https:\/\/eldigitaldeasturias.com\/magazine365\/fender-ficha-a-bono-y-a-the-edge-para-su-consejo-de-administracion\/\" title=\"Fender ficha a Bono y a The Edge para su consejo de administraci\u00f3n\">Fender ficha a Bono y a The Edge para su consejo de administraci\u00f3n<\/a>\n<\/span><\/div>","aioseo_breadcrumb_json":[{"label":"Home","link":"https:\/\/eldigitaldeasturias.com\/magazine365"},{"label":"Actualidad Turismo","link":"https:\/\/eldigitaldeasturias.com\/magazine365\/category\/actualidad-turismo\/"},{"label":"Fender ficha a Bono y a The Edge para su consejo de administraci\u00f3n","link":"https:\/\/eldigitaldeasturias.com\/magazine365\/fender-ficha-a-bono-y-a-the-edge-para-su-consejo-de-administracion\/"}],"_links":{"self":[{"href":"https:\/\/eldigitaldeasturias.com\/magazine365\/wp-json\/wp\/v2\/posts\/14340","targetHints":{"allow":["GET"]}}],"collection":[{"href":"https:\/\/eldigitaldeasturias.com\/magazine365\/wp-json\/wp\/v2\/posts"}],"about":[{"href":"https:\/\/eldigitaldeasturias.com\/magazine365\/wp-json\/wp\/v2\/types\/post"}],"author":[{"embeddable":true,"href":"https:\/\/eldigitaldeasturias.com\/magazine365\/wp-json\/wp\/v2\/users\/1"}],"replies":[{"embeddable":true,"href":"https:\/\/eldigitaldeasturias.com\/magazine365\/wp-json\/wp\/v2\/comments?post=14340"}],"version-history":[{"count":0,"href":"https:\/\/eldigitaldeasturias.com\/magazine365\/wp-json\/wp\/v2\/posts\/14340\/revisions"}],"wp:featuredmedia":[{"embeddable":true,"href":"https:\/\/eldigitaldeasturias.com\/magazine365\/wp-json\/wp\/v2\/media\/14341"}],"wp:attachment":[{"href":"https:\/\/eldigitaldeasturias.com\/magazine365\/wp-json\/wp\/v2\/media?parent=14340"}],"wp:term":[{"taxonomy":"category","embeddable":true,"href":"https:\/\/eldigitaldeasturias.com\/magazine365\/wp-json\/wp\/v2\/categories?post=14340"},{"taxonomy":"post_tag","embeddable":true,"href":"https:\/\/eldigitaldeasturias.com\/magazine365\/wp-json\/wp\/v2\/tags?post=14340"}],"curies":[{"name":"wp","href":"https:\/\/api.w.org\/{rel}","templated":true}]}}