{"id":14334,"date":"2014-05-29T20:54:09","date_gmt":"2014-05-29T22:54:09","guid":{"rendered":"http:\/\/eldigitaldeasturias.com\/magazine365\/?p=14334"},"modified":"2014-05-29T20:54:09","modified_gmt":"2014-05-29T22:54:09","slug":"manolo-escobar-tendra-su-escultura-en-badalona","status":"publish","type":"post","link":"https:\/\/eldigitaldeasturias.com\/magazine365\/manolo-escobar-tendra-su-escultura-en-badalona\/","title":{"rendered":"Manolo Escobar tendr\u00e1 su escultura en Badalona"},"content":{"rendered":"<p><img fetchpriority=\"high\" decoding=\"async\" class=\"alignleft size-medium wp-image-14335\" alt=\"6313898w\" src=\"https:\/\/eldigitaldeasturias.com\/magazine365\/wp-content\/uploads\/2014\/05\/6313898w-256x300.jpg\" width=\"256\" height=\"300\" srcset=\"https:\/\/eldigitaldeasturias.com\/magazine365\/wp-content\/uploads\/2014\/05\/6313898w-256x300.jpg 256w, https:\/\/eldigitaldeasturias.com\/magazine365\/wp-content\/uploads\/2014\/05\/6313898w-546x640.jpg 546w, https:\/\/eldigitaldeasturias.com\/magazine365\/wp-content\/uploads\/2014\/05\/6313898w-150x176.jpg 150w, https:\/\/eldigitaldeasturias.com\/magazine365\/wp-content\/uploads\/2014\/05\/6313898w-450x527.jpg 450w, https:\/\/eldigitaldeasturias.com\/magazine365\/wp-content\/uploads\/2014\/05\/6313898w-696x815.jpg 696w, https:\/\/eldigitaldeasturias.com\/magazine365\/wp-content\/uploads\/2014\/05\/6313898w-359x420.jpg 359w, https:\/\/eldigitaldeasturias.com\/magazine365\/wp-content\/uploads\/2014\/05\/6313898w.jpg 700w\" sizes=\"(max-width: 256px) 100vw, 256px\" \/>Barcelona, 29 may (EFE).- Badalona inaugurar\u00e1 el pr\u00f3ximo s\u00e1bado una escultura en homenaje del cantante y actor Manolo Escobar, fallecido en octubre del a\u00f1o pasado y que durante su juventud residi\u00f3 en el barrio de la Salut de este municipio barcelon\u00e9s.<\/p>\n<p>La escultura, obra de la artista Susana Ruiz, consiste en una figura de bronce de 1,75 metros de altura y 350 kilogramos de peso que recrea la imagen de Manolo Escobar.<\/p>\n<p>Tanto la viuda del artista, Ana Marx, como su hija, Vanessa Garc\u00eda, asistir\u00e1n al acto de descubrimiento de la estatua, que contar\u00e1 con la presencia del alcalde de Badalona, Xavier Garc\u00eda Albiol.<\/p>\n<p>La escultura se ubicar\u00e1 en el paseo de la Salut, en el enclave principal del barrio al que Manolo Escobar lleg\u00f3 de joven, junto a su familia, procedente de Almer\u00eda.<\/p>\n<p>La figura recoge la imagen del cantante y actor en los a\u00f1os setenta, cuando Manolo Escobar ten\u00eda unos 45 a\u00f1os, y uno de sus brazos se apoya sobre una peana en la que hay un placa con la estrofa de una canci\u00f3n suya.<\/p>\n<p>Seg\u00fan fuentes del ayuntamiento de Badalona, el molde de los zapatos de la escultura se ha realizado a partir de unos aut\u00e9nticos que llevaba el cantante y que su familia dej\u00f3 a la escultora para realizar su obra.<\/p>\n<p>La escultura tendr\u00e1 un peque\u00f1o espacio entre el bolsillo y el pa\u00f1uelo de la americana para que en el mismo pueda colocarse una flor fresca.<\/p>\n<p>Seg\u00fan el alcalde de Badalona, la ubicaci\u00f3n de esta estatua en el barrio de La Salut se convertir\u00e1 en una nueva referencia de la ciudad y \u00abes un homenaje merecido al artista y tambi\u00e9n al barrio donde vivi\u00f3 una parte muy importante de su vida\u00bb.<\/p>\n<p>La autora, Susana Ruiz, nacida en Badalona pero que ha vivido 25 a\u00f1os entre California y Puerto Rico, es la misma que cre\u00f3 la escultura p\u00fablica del mono de la f\u00e1brica An\u00eds del mono, ubicada junto al Pont del Petroli, que se ha convertido en uno de los rincones m\u00e1s fotografiados de este municipio.<\/p>\n","protected":false},"excerpt":{"rendered":"<p>Barcelona, 29 may (EFE).- Badalona inaugurar\u00e1 el pr\u00f3ximo s\u00e1bado una escultura en homenaje del cantante y actor Manolo Escobar, fallecido en octubre del a\u00f1o pasado y que durante su juventud residi\u00f3 en el barrio de la Salut de este municipio barcelon\u00e9s. La escultura, obra de la artista Susana Ruiz, consiste en una figura de bronce<\/p>\n","protected":false},"author":1,"featured_media":14335,"comment_status":"open","ping_status":"closed","sticky":false,"template":"","format":"standard","meta":{"footnotes":""},"categories":[224],"tags":[],"class_list":{"0":"post-14334","1":"post","2":"type-post","3":"status-publish","4":"format-standard","5":"has-post-thumbnail","7":"category-noticias-actualidad"},"aioseo_notices":[],"aioseo_head":"\n\t\t<!-- All in One SEO Pro 4.9.6.1 - aioseo.com -->\n\t<meta name=\"description\" content=\"Barcelona, 29 may (EFE).- Badalona inaugurar\u00e1 el pr\u00f3ximo s\u00e1bado una escultura en homenaje del cantante y actor Manolo Escobar, fallecido en octubre del a\u00f1o pasado y que durante su juventud residi\u00f3 en el barrio de la Salut de este municipio barcelon\u00e9s. La escultura, obra de la artista Susana Ruiz, consiste en una figura de bronce\" \/>\n\t<meta name=\"robots\" content=\"max-image-preview:large\" \/>\n\t<meta name=\"author\" content=\"admin\"\/>\n\t<meta name=\"google-site-verification\" content=\"UA-38556648-1\" \/>\n\t<meta name=\"keywords\" content=\"noticias y actualidad\" \/>\n\t<link rel=\"canonical\" href=\"https:\/\/eldigitaldeasturias.com\/magazine365\/manolo-escobar-tendra-su-escultura-en-badalona\/\" \/>\n\t<meta name=\"generator\" content=\"All in One SEO Pro (AIOSEO) 4.9.6.1\" \/>\n\t\t<meta property=\"og:locale\" content=\"es_ES\" \/>\n\t\t<meta property=\"og:site_name\" content=\"El Digital de Asturias \u2013 Revista de ocio, turismo y estilo de vida\" \/>\n\t\t<meta property=\"og:type\" content=\"article\" \/>\n\t\t<meta property=\"og:title\" content=\"Manolo Escobar tendr\u00e1 su escultura en Badalona | El Digital de Asturias\" \/>\n\t\t<meta property=\"og:description\" content=\"Barcelona, 29 may (EFE).- Badalona inaugurar\u00e1 el pr\u00f3ximo s\u00e1bado una escultura en homenaje del cantante y actor Manolo Escobar, fallecido en octubre del a\u00f1o pasado y que durante su juventud residi\u00f3 en el barrio de la Salut de este municipio barcelon\u00e9s. La escultura, obra de la artista Susana Ruiz, consiste en una figura de bronce\" \/>\n\t\t<meta property=\"og:url\" content=\"https:\/\/eldigitaldeasturias.com\/magazine365\/manolo-escobar-tendra-su-escultura-en-badalona\/\" \/>\n\t\t<meta property=\"og:image\" content=\"https:\/\/eldigitaldeasturias.com\/magazine365\/wp-content\/uploads\/2014\/05\/6313898w.jpg\" \/>\n\t\t<meta property=\"og:image:secure_url\" content=\"https:\/\/eldigitaldeasturias.com\/magazine365\/wp-content\/uploads\/2014\/05\/6313898w.jpg\" \/>\n\t\t<meta property=\"og:image:width\" content=\"700\" \/>\n\t\t<meta property=\"og:image:height\" content=\"820\" \/>\n\t\t<meta property=\"article:published_time\" content=\"2014-05-29T22:54:09+00:00\" \/>\n\t\t<meta property=\"article:modified_time\" content=\"2014-05-29T22:54:09+00:00\" \/>\n\t\t<meta name=\"twitter:card\" content=\"summary_large_image\" \/>\n\t\t<meta name=\"twitter:title\" content=\"Manolo Escobar tendr\u00e1 su escultura en Badalona | El Digital de Asturias\" \/>\n\t\t<meta name=\"twitter:description\" content=\"Barcelona, 29 may (EFE).- Badalona inaugurar\u00e1 el pr\u00f3ximo s\u00e1bado una escultura en homenaje del cantante y actor Manolo Escobar, fallecido en octubre del a\u00f1o pasado y que durante su juventud residi\u00f3 en el barrio de la Salut de este municipio barcelon\u00e9s. La escultura, obra de la artista Susana Ruiz, consiste en una figura de bronce\" \/>\n\t\t<meta name=\"twitter:image\" content=\"https:\/\/eldigitaldeasturias.com\/magazine365\/wp-content\/uploads\/2014\/05\/6313898w.jpg\" \/>\n\t\t<script type=\"application\/ld+json\" class=\"aioseo-schema\">\n\t\t\t{\"@context\":\"https:\\\/\\\/schema.org\",\"@graph\":[{\"@type\":\"Article\",\"@id\":\"https:\\\/\\\/eldigitaldeasturias.com\\\/magazine365\\\/manolo-escobar-tendra-su-escultura-en-badalona\\\/#article\",\"name\":\"Manolo Escobar tendr\\u00e1 su escultura en Badalona | El Digital de Asturias\",\"headline\":\"Manolo Escobar tendr\\u00e1 su escultura en Badalona\",\"author\":{\"@id\":\"https:\\\/\\\/eldigitaldeasturias.com\\\/magazine365\\\/author\\\/admin\\\/#author\"},\"publisher\":{\"@id\":\"https:\\\/\\\/eldigitaldeasturias.com\\\/magazine365\\\/#organization\"},\"image\":{\"@type\":\"ImageObject\",\"url\":\"https:\\\/\\\/eldigitaldeasturias.com\\\/magazine365\\\/wp-content\\\/uploads\\\/2014\\\/05\\\/6313898w.jpg\",\"width\":700,\"height\":820},\"datePublished\":\"2014-05-29T20:54:09+02:00\",\"dateModified\":\"2014-05-29T20:54:09+02:00\",\"inLanguage\":\"es-ES\",\"mainEntityOfPage\":{\"@id\":\"https:\\\/\\\/eldigitaldeasturias.com\\\/magazine365\\\/manolo-escobar-tendra-su-escultura-en-badalona\\\/#webpage\"},\"isPartOf\":{\"@id\":\"https:\\\/\\\/eldigitaldeasturias.com\\\/magazine365\\\/manolo-escobar-tendra-su-escultura-en-badalona\\\/#webpage\"},\"articleSection\":\"Noticias y Actualidad\"},{\"@type\":\"BreadcrumbList\",\"@id\":\"https:\\\/\\\/eldigitaldeasturias.com\\\/magazine365\\\/manolo-escobar-tendra-su-escultura-en-badalona\\\/#breadcrumblist\",\"itemListElement\":[{\"@type\":\"ListItem\",\"@id\":\"https:\\\/\\\/eldigitaldeasturias.com\\\/magazine365#listItem\",\"position\":1,\"name\":\"Home\",\"item\":\"https:\\\/\\\/eldigitaldeasturias.com\\\/magazine365\",\"nextItem\":{\"@type\":\"ListItem\",\"@id\":\"https:\\\/\\\/eldigitaldeasturias.com\\\/magazine365\\\/category\\\/noticias-actualidad\\\/#listItem\",\"name\":\"Noticias y Actualidad\"}},{\"@type\":\"ListItem\",\"@id\":\"https:\\\/\\\/eldigitaldeasturias.com\\\/magazine365\\\/category\\\/noticias-actualidad\\\/#listItem\",\"position\":2,\"name\":\"Noticias y Actualidad\",\"item\":\"https:\\\/\\\/eldigitaldeasturias.com\\\/magazine365\\\/category\\\/noticias-actualidad\\\/\",\"nextItem\":{\"@type\":\"ListItem\",\"@id\":\"https:\\\/\\\/eldigitaldeasturias.com\\\/magazine365\\\/manolo-escobar-tendra-su-escultura-en-badalona\\\/#listItem\",\"name\":\"Manolo Escobar tendr\\u00e1 su escultura en Badalona\"},\"previousItem\":{\"@type\":\"ListItem\",\"@id\":\"https:\\\/\\\/eldigitaldeasturias.com\\\/magazine365#listItem\",\"name\":\"Home\"}},{\"@type\":\"ListItem\",\"@id\":\"https:\\\/\\\/eldigitaldeasturias.com\\\/magazine365\\\/manolo-escobar-tendra-su-escultura-en-badalona\\\/#listItem\",\"position\":3,\"name\":\"Manolo Escobar tendr\\u00e1 su escultura en Badalona\",\"previousItem\":{\"@type\":\"ListItem\",\"@id\":\"https:\\\/\\\/eldigitaldeasturias.com\\\/magazine365\\\/category\\\/noticias-actualidad\\\/#listItem\",\"name\":\"Noticias y Actualidad\"}}]},{\"@type\":\"Organization\",\"@id\":\"https:\\\/\\\/eldigitaldeasturias.com\\\/magazine365\\\/#organization\",\"name\":\"El digital de Asturias\",\"description\":\"Revista de ocio, turismo y estilo de vida\",\"url\":\"https:\\\/\\\/eldigitaldeasturias.com\\\/magazine365\\\/\",\"logo\":{\"@type\":\"ImageObject\",\"url\":\"https:\\\/\\\/www.eldigitaldeasturias.com\\\/noticias\\\/wp-content\\\/uploads\\\/2020\\\/12\\\/EDA.jpg\",\"@id\":\"https:\\\/\\\/eldigitaldeasturias.com\\\/magazine365\\\/manolo-escobar-tendra-su-escultura-en-badalona\\\/#organizationLogo\"},\"image\":{\"@id\":\"https:\\\/\\\/eldigitaldeasturias.com\\\/magazine365\\\/manolo-escobar-tendra-su-escultura-en-badalona\\\/#organizationLogo\"}},{\"@type\":\"Person\",\"@id\":\"https:\\\/\\\/eldigitaldeasturias.com\\\/magazine365\\\/author\\\/admin\\\/#author\",\"url\":\"https:\\\/\\\/eldigitaldeasturias.com\\\/magazine365\\\/author\\\/admin\\\/\",\"name\":\"admin\",\"image\":{\"@type\":\"ImageObject\",\"@id\":\"https:\\\/\\\/eldigitaldeasturias.com\\\/magazine365\\\/manolo-escobar-tendra-su-escultura-en-badalona\\\/#authorImage\",\"url\":\"https:\\\/\\\/eldigitaldeasturias.com\\\/magazine365\\\/wp-content\\\/litespeed\\\/avatar\\\/e571bcf59a0edd6fa6838245a470f2fe.jpg?ver=1777574230\",\"width\":96,\"height\":96,\"caption\":\"admin\"}},{\"@type\":\"WebPage\",\"@id\":\"https:\\\/\\\/eldigitaldeasturias.com\\\/magazine365\\\/manolo-escobar-tendra-su-escultura-en-badalona\\\/#webpage\",\"url\":\"https:\\\/\\\/eldigitaldeasturias.com\\\/magazine365\\\/manolo-escobar-tendra-su-escultura-en-badalona\\\/\",\"name\":\"Manolo Escobar tendr\\u00e1 su escultura en Badalona | El Digital de Asturias\",\"description\":\"Barcelona, 29 may (EFE).- Badalona inaugurar\\u00e1 el pr\\u00f3ximo s\\u00e1bado una escultura en homenaje del cantante y actor Manolo Escobar, fallecido en octubre del a\\u00f1o pasado y que durante su juventud residi\\u00f3 en el barrio de la Salut de este municipio barcelon\\u00e9s. La escultura, obra de la artista Susana Ruiz, consiste en una figura de bronce\",\"inLanguage\":\"es-ES\",\"isPartOf\":{\"@id\":\"https:\\\/\\\/eldigitaldeasturias.com\\\/magazine365\\\/#website\"},\"breadcrumb\":{\"@id\":\"https:\\\/\\\/eldigitaldeasturias.com\\\/magazine365\\\/manolo-escobar-tendra-su-escultura-en-badalona\\\/#breadcrumblist\"},\"author\":{\"@id\":\"https:\\\/\\\/eldigitaldeasturias.com\\\/magazine365\\\/author\\\/admin\\\/#author\"},\"creator\":{\"@id\":\"https:\\\/\\\/eldigitaldeasturias.com\\\/magazine365\\\/author\\\/admin\\\/#author\"},\"image\":{\"@type\":\"ImageObject\",\"url\":\"https:\\\/\\\/eldigitaldeasturias.com\\\/magazine365\\\/wp-content\\\/uploads\\\/2014\\\/05\\\/6313898w.jpg\",\"@id\":\"https:\\\/\\\/eldigitaldeasturias.com\\\/magazine365\\\/manolo-escobar-tendra-su-escultura-en-badalona\\\/#mainImage\",\"width\":700,\"height\":820},\"primaryImageOfPage\":{\"@id\":\"https:\\\/\\\/eldigitaldeasturias.com\\\/magazine365\\\/manolo-escobar-tendra-su-escultura-en-badalona\\\/#mainImage\"},\"datePublished\":\"2014-05-29T20:54:09+02:00\",\"dateModified\":\"2014-05-29T20:54:09+02:00\"},{\"@type\":\"WebSite\",\"@id\":\"https:\\\/\\\/eldigitaldeasturias.com\\\/magazine365\\\/#website\",\"url\":\"https:\\\/\\\/eldigitaldeasturias.com\\\/magazine365\\\/\",\"name\":\"El Digital de Asturias\",\"description\":\"Revista de ocio, turismo y estilo de vida\",\"inLanguage\":\"es-ES\",\"publisher\":{\"@id\":\"https:\\\/\\\/eldigitaldeasturias.com\\\/magazine365\\\/#organization\"}}]}\n\t\t<\/script>\n\t\t<!-- All in One SEO Pro -->\r\n\t\t<title>Manolo Escobar tendr\u00e1 su escultura en Badalona | El Digital de Asturias<\/title>\n\n","aioseo_head_json":{"title":"Manolo Escobar tendr\u00e1 su escultura en Badalona | El Digital de Asturias","description":"Barcelona, 29 may (EFE).- Badalona inaugurar\u00e1 el pr\u00f3ximo s\u00e1bado una escultura en homenaje del cantante y actor Manolo Escobar, fallecido en octubre del a\u00f1o pasado y que durante su juventud residi\u00f3 en el barrio de la Salut de este municipio barcelon\u00e9s. La escultura, obra de la artista Susana Ruiz, consiste en una figura de bronce","canonical_url":"https:\/\/eldigitaldeasturias.com\/magazine365\/manolo-escobar-tendra-su-escultura-en-badalona\/","robots":"max-image-preview:large","keywords":"noticias y actualidad","webmasterTools":{"google-site-verification":"UA-38556648-1","miscellaneous":""},"schema":{"@context":"https:\/\/schema.org","@graph":[{"@type":"Article","@id":"https:\/\/eldigitaldeasturias.com\/magazine365\/manolo-escobar-tendra-su-escultura-en-badalona\/#article","name":"Manolo Escobar tendr\u00e1 su escultura en Badalona | El Digital de Asturias","headline":"Manolo Escobar tendr\u00e1 su escultura en Badalona","author":{"@id":"https:\/\/eldigitaldeasturias.com\/magazine365\/author\/admin\/#author"},"publisher":{"@id":"https:\/\/eldigitaldeasturias.com\/magazine365\/#organization"},"image":{"@type":"ImageObject","url":"https:\/\/eldigitaldeasturias.com\/magazine365\/wp-content\/uploads\/2014\/05\/6313898w.jpg","width":700,"height":820},"datePublished":"2014-05-29T20:54:09+02:00","dateModified":"2014-05-29T20:54:09+02:00","inLanguage":"es-ES","mainEntityOfPage":{"@id":"https:\/\/eldigitaldeasturias.com\/magazine365\/manolo-escobar-tendra-su-escultura-en-badalona\/#webpage"},"isPartOf":{"@id":"https:\/\/eldigitaldeasturias.com\/magazine365\/manolo-escobar-tendra-su-escultura-en-badalona\/#webpage"},"articleSection":"Noticias y Actualidad"},{"@type":"BreadcrumbList","@id":"https:\/\/eldigitaldeasturias.com\/magazine365\/manolo-escobar-tendra-su-escultura-en-badalona\/#breadcrumblist","itemListElement":[{"@type":"ListItem","@id":"https:\/\/eldigitaldeasturias.com\/magazine365#listItem","position":1,"name":"Home","item":"https:\/\/eldigitaldeasturias.com\/magazine365","nextItem":{"@type":"ListItem","@id":"https:\/\/eldigitaldeasturias.com\/magazine365\/category\/noticias-actualidad\/#listItem","name":"Noticias y Actualidad"}},{"@type":"ListItem","@id":"https:\/\/eldigitaldeasturias.com\/magazine365\/category\/noticias-actualidad\/#listItem","position":2,"name":"Noticias y Actualidad","item":"https:\/\/eldigitaldeasturias.com\/magazine365\/category\/noticias-actualidad\/","nextItem":{"@type":"ListItem","@id":"https:\/\/eldigitaldeasturias.com\/magazine365\/manolo-escobar-tendra-su-escultura-en-badalona\/#listItem","name":"Manolo Escobar tendr\u00e1 su escultura en Badalona"},"previousItem":{"@type":"ListItem","@id":"https:\/\/eldigitaldeasturias.com\/magazine365#listItem","name":"Home"}},{"@type":"ListItem","@id":"https:\/\/eldigitaldeasturias.com\/magazine365\/manolo-escobar-tendra-su-escultura-en-badalona\/#listItem","position":3,"name":"Manolo Escobar tendr\u00e1 su escultura en Badalona","previousItem":{"@type":"ListItem","@id":"https:\/\/eldigitaldeasturias.com\/magazine365\/category\/noticias-actualidad\/#listItem","name":"Noticias y Actualidad"}}]},{"@type":"Organization","@id":"https:\/\/eldigitaldeasturias.com\/magazine365\/#organization","name":"El digital de Asturias","description":"Revista de ocio, turismo y estilo de vida","url":"https:\/\/eldigitaldeasturias.com\/magazine365\/","logo":{"@type":"ImageObject","url":"https:\/\/www.eldigitaldeasturias.com\/noticias\/wp-content\/uploads\/2020\/12\/EDA.jpg","@id":"https:\/\/eldigitaldeasturias.com\/magazine365\/manolo-escobar-tendra-su-escultura-en-badalona\/#organizationLogo"},"image":{"@id":"https:\/\/eldigitaldeasturias.com\/magazine365\/manolo-escobar-tendra-su-escultura-en-badalona\/#organizationLogo"}},{"@type":"Person","@id":"https:\/\/eldigitaldeasturias.com\/magazine365\/author\/admin\/#author","url":"https:\/\/eldigitaldeasturias.com\/magazine365\/author\/admin\/","name":"admin","image":{"@type":"ImageObject","@id":"https:\/\/eldigitaldeasturias.com\/magazine365\/manolo-escobar-tendra-su-escultura-en-badalona\/#authorImage","url":"https:\/\/eldigitaldeasturias.com\/magazine365\/wp-content\/litespeed\/avatar\/e571bcf59a0edd6fa6838245a470f2fe.jpg?ver=1777574230","width":96,"height":96,"caption":"admin"}},{"@type":"WebPage","@id":"https:\/\/eldigitaldeasturias.com\/magazine365\/manolo-escobar-tendra-su-escultura-en-badalona\/#webpage","url":"https:\/\/eldigitaldeasturias.com\/magazine365\/manolo-escobar-tendra-su-escultura-en-badalona\/","name":"Manolo Escobar tendr\u00e1 su escultura en Badalona | El Digital de Asturias","description":"Barcelona, 29 may (EFE).- Badalona inaugurar\u00e1 el pr\u00f3ximo s\u00e1bado una escultura en homenaje del cantante y actor Manolo Escobar, fallecido en octubre del a\u00f1o pasado y que durante su juventud residi\u00f3 en el barrio de la Salut de este municipio barcelon\u00e9s. La escultura, obra de la artista Susana Ruiz, consiste en una figura de bronce","inLanguage":"es-ES","isPartOf":{"@id":"https:\/\/eldigitaldeasturias.com\/magazine365\/#website"},"breadcrumb":{"@id":"https:\/\/eldigitaldeasturias.com\/magazine365\/manolo-escobar-tendra-su-escultura-en-badalona\/#breadcrumblist"},"author":{"@id":"https:\/\/eldigitaldeasturias.com\/magazine365\/author\/admin\/#author"},"creator":{"@id":"https:\/\/eldigitaldeasturias.com\/magazine365\/author\/admin\/#author"},"image":{"@type":"ImageObject","url":"https:\/\/eldigitaldeasturias.com\/magazine365\/wp-content\/uploads\/2014\/05\/6313898w.jpg","@id":"https:\/\/eldigitaldeasturias.com\/magazine365\/manolo-escobar-tendra-su-escultura-en-badalona\/#mainImage","width":700,"height":820},"primaryImageOfPage":{"@id":"https:\/\/eldigitaldeasturias.com\/magazine365\/manolo-escobar-tendra-su-escultura-en-badalona\/#mainImage"},"datePublished":"2014-05-29T20:54:09+02:00","dateModified":"2014-05-29T20:54:09+02:00"},{"@type":"WebSite","@id":"https:\/\/eldigitaldeasturias.com\/magazine365\/#website","url":"https:\/\/eldigitaldeasturias.com\/magazine365\/","name":"El Digital de Asturias","description":"Revista de ocio, turismo y estilo de vida","inLanguage":"es-ES","publisher":{"@id":"https:\/\/eldigitaldeasturias.com\/magazine365\/#organization"}}]},"og:locale":"es_ES","og:site_name":"El Digital de Asturias \u2013 Revista de ocio, turismo y estilo de vida","og:type":"article","og:title":"Manolo Escobar tendr\u00e1 su escultura en Badalona | El Digital de Asturias","og:description":"Barcelona, 29 may (EFE).- Badalona inaugurar\u00e1 el pr\u00f3ximo s\u00e1bado una escultura en homenaje del cantante y actor Manolo Escobar, fallecido en octubre del a\u00f1o pasado y que durante su juventud residi\u00f3 en el barrio de la Salut de este municipio barcelon\u00e9s. La escultura, obra de la artista Susana Ruiz, consiste en una figura de bronce","og:url":"https:\/\/eldigitaldeasturias.com\/magazine365\/manolo-escobar-tendra-su-escultura-en-badalona\/","og:image":"https:\/\/eldigitaldeasturias.com\/magazine365\/wp-content\/uploads\/2014\/05\/6313898w.jpg","og:image:secure_url":"https:\/\/eldigitaldeasturias.com\/magazine365\/wp-content\/uploads\/2014\/05\/6313898w.jpg","og:image:width":700,"og:image:height":820,"article:published_time":"2014-05-29T22:54:09+00:00","article:modified_time":"2014-05-29T22:54:09+00:00","twitter:card":"summary_large_image","twitter:title":"Manolo Escobar tendr\u00e1 su escultura en Badalona | El Digital de Asturias","twitter:description":"Barcelona, 29 may (EFE).- Badalona inaugurar\u00e1 el pr\u00f3ximo s\u00e1bado una escultura en homenaje del cantante y actor Manolo Escobar, fallecido en octubre del a\u00f1o pasado y que durante su juventud residi\u00f3 en el barrio de la Salut de este municipio barcelon\u00e9s. La escultura, obra de la artista Susana Ruiz, consiste en una figura de bronce","twitter:image":"https:\/\/eldigitaldeasturias.com\/magazine365\/wp-content\/uploads\/2014\/05\/6313898w.jpg"},"aioseo_meta_data":{"post_id":"14334","title":null,"description":null,"keywords":null,"keyphrases":null,"primary_term":null,"canonical_url":null,"og_title":null,"og_description":null,"og_object_type":"default","og_image_type":"default","og_image_url":null,"og_image_width":null,"og_image_height":null,"og_image_custom_url":null,"og_image_custom_fields":null,"og_video":null,"og_custom_url":null,"og_article_section":null,"og_article_tags":null,"twitter_use_og":false,"twitter_card":"default","twitter_image_type":"default","twitter_image_url":null,"twitter_image_custom_url":null,"twitter_image_custom_fields":null,"twitter_title":null,"twitter_description":null,"schema":{"blockGraphs":[],"customGraphs":[],"default":{"data":{"Article":[],"Course":[],"Dataset":[],"FAQPage":[],"Movie":[],"Person":[],"Product":[],"ProductReview":[],"Car":[],"Recipe":[],"Service":[],"SoftwareApplication":[],"WebPage":[]},"graphName":"","isEnabled":true},"graphs":[],"defaultGraph":"","defaultPostTypeGraph":""},"schema_type":null,"schema_type_options":null,"pillar_content":false,"robots_default":true,"robots_noindex":false,"robots_noarchive":false,"robots_nosnippet":false,"robots_nofollow":false,"robots_noimageindex":false,"robots_noodp":false,"robots_notranslate":false,"robots_max_snippet":null,"robots_max_videopreview":null,"robots_max_imagepreview":"large","priority":null,"frequency":null,"location":null,"local_seo":null,"seo_analyzer_scan_date":"2025-09-17 09:56:14","breadcrumb_settings":null,"limit_modified_date":false,"open_ai":null,"ai":null,"created":"2021-03-09 08:16:48","updated":"2025-09-17 09:56:14"},"aioseo_breadcrumb":"<div class=\"aioseo-breadcrumbs\"><span class=\"aioseo-breadcrumb\">\n\t<a href=\"https:\/\/eldigitaldeasturias.com\/magazine365\" title=\"Home\">Home<\/a>\n<\/span><span class=\"aioseo-breadcrumb-separator\">\u2013<\/span><span class=\"aioseo-breadcrumb\">\n\t<a href=\"https:\/\/eldigitaldeasturias.com\/magazine365\/category\/noticias-actualidad\/\" title=\"Noticias y Actualidad\">Noticias y Actualidad<\/a>\n<\/span><span class=\"aioseo-breadcrumb-separator\">\u2013<\/span><span class=\"aioseo-breadcrumb\">\n\t<a href=\"https:\/\/eldigitaldeasturias.com\/magazine365\/manolo-escobar-tendra-su-escultura-en-badalona\/\" title=\"Manolo Escobar tendr\u00e1 su escultura en Badalona\">Manolo Escobar tendr\u00e1 su escultura en Badalona<\/a>\n<\/span><\/div>","aioseo_breadcrumb_json":[{"label":"Home","link":"https:\/\/eldigitaldeasturias.com\/magazine365"},{"label":"Noticias y Actualidad","link":"https:\/\/eldigitaldeasturias.com\/magazine365\/category\/noticias-actualidad\/"},{"label":"Manolo Escobar tendr\u00e1 su escultura en Badalona","link":"https:\/\/eldigitaldeasturias.com\/magazine365\/manolo-escobar-tendra-su-escultura-en-badalona\/"}],"_links":{"self":[{"href":"https:\/\/eldigitaldeasturias.com\/magazine365\/wp-json\/wp\/v2\/posts\/14334","targetHints":{"allow":["GET"]}}],"collection":[{"href":"https:\/\/eldigitaldeasturias.com\/magazine365\/wp-json\/wp\/v2\/posts"}],"about":[{"href":"https:\/\/eldigitaldeasturias.com\/magazine365\/wp-json\/wp\/v2\/types\/post"}],"author":[{"embeddable":true,"href":"https:\/\/eldigitaldeasturias.com\/magazine365\/wp-json\/wp\/v2\/users\/1"}],"replies":[{"embeddable":true,"href":"https:\/\/eldigitaldeasturias.com\/magazine365\/wp-json\/wp\/v2\/comments?post=14334"}],"version-history":[{"count":0,"href":"https:\/\/eldigitaldeasturias.com\/magazine365\/wp-json\/wp\/v2\/posts\/14334\/revisions"}],"wp:featuredmedia":[{"embeddable":true,"href":"https:\/\/eldigitaldeasturias.com\/magazine365\/wp-json\/wp\/v2\/media\/14335"}],"wp:attachment":[{"href":"https:\/\/eldigitaldeasturias.com\/magazine365\/wp-json\/wp\/v2\/media?parent=14334"}],"wp:term":[{"taxonomy":"category","embeddable":true,"href":"https:\/\/eldigitaldeasturias.com\/magazine365\/wp-json\/wp\/v2\/categories?post=14334"},{"taxonomy":"post_tag","embeddable":true,"href":"https:\/\/eldigitaldeasturias.com\/magazine365\/wp-json\/wp\/v2\/tags?post=14334"}],"curies":[{"name":"wp","href":"https:\/\/api.w.org\/{rel}","templated":true}]}}