{"id":14331,"date":"2014-05-29T20:51:48","date_gmt":"2014-05-29T22:51:48","guid":{"rendered":"http:\/\/eldigitaldeasturias.com\/magazine365\/?p=14331"},"modified":"2014-05-29T20:51:48","modified_gmt":"2014-05-29T22:51:48","slug":"pepe-viyuela-en-el-centro-cultural-valey-de-castrillon","status":"publish","type":"post","link":"https:\/\/eldigitaldeasturias.com\/magazine365\/pepe-viyuela-en-el-centro-cultural-valey-de-castrillon\/","title":{"rendered":"Pepe Viyuela en el Centro Cultural Valey, de Castrill\u00f3n"},"content":{"rendered":"<p><img fetchpriority=\"high\" decoding=\"async\" class=\"alignleft size-medium wp-image-14332\" alt=\"6313862w\" src=\"https:\/\/eldigitaldeasturias.com\/magazine365\/wp-content\/uploads\/2014\/05\/6313862w-360x243.jpg\" width=\"360\" height=\"243\" srcset=\"https:\/\/eldigitaldeasturias.com\/magazine365\/wp-content\/uploads\/2014\/05\/6313862w-360x243.jpg 360w, https:\/\/eldigitaldeasturias.com\/magazine365\/wp-content\/uploads\/2014\/05\/6313862w-650x440.jpg 650w, https:\/\/eldigitaldeasturias.com\/magazine365\/wp-content\/uploads\/2014\/05\/6313862w-768x519.jpg 768w, https:\/\/eldigitaldeasturias.com\/magazine365\/wp-content\/uploads\/2014\/05\/6313862w-150x101.jpg 150w, https:\/\/eldigitaldeasturias.com\/magazine365\/wp-content\/uploads\/2014\/05\/6313862w-450x304.jpg 450w, https:\/\/eldigitaldeasturias.com\/magazine365\/wp-content\/uploads\/2014\/05\/6313862w-696x471.jpg 696w, https:\/\/eldigitaldeasturias.com\/magazine365\/wp-content\/uploads\/2014\/05\/6313862w-621x420.jpg 621w, https:\/\/eldigitaldeasturias.com\/magazine365\/wp-content\/uploads\/2014\/05\/6313862w.jpg 800w\" sizes=\"(max-width: 360px) 100vw, 360px\" \/>Avil\u00e9s (Asturias), 29 may (EFE).- El actor Pepe Viyuela, que lleva una d\u00e9cada interpretando a Chema, uno de los protagonistas de la serie de televisi\u00f3n \u00abA\u00edda\u00bb, cuya grabaci\u00f3n finaliz\u00f3 hace quince d\u00edas, ha reconocido que est\u00e1 \u00aben esa resaca de echar de menos a los compa\u00f1eros\u00bb, con los que no para de enviarse mensajes.<\/p>\n<p>\u00abNo paramos de mandarnos mensajes pregunt\u00e1ndonos \u00bfc\u00f3mo est\u00e1s?, \u00bfc\u00f3mo llevamos el periodo de adaptaci\u00f3n a una nueva vida?, porque te cambia completamente el horario, las costumbres&#8230; son muchos a\u00f1os\u00bb, ha declarado a Efe el actor.<\/p>\n<p>Pepe Viyuela forma tr\u00edo con Susana Hern\u00e1ndez y Carles Mureu en la obra de Edgar Neville \u00abEl baile\u00bb, que se pondr\u00e1 en escena en el Centro Cultural Valey, de Castrill\u00f3n, el pr\u00f3ximo s\u00e1bado, a las 20:00 horas, bajo la direcci\u00f3n de Luis del Olmo.<\/p>\n<p>Viyuela se ha granjeado la popularidad en la televisi\u00f3n y en el cine, con \u00e9xitos de taquilla como \u00abLa gran aventura de Mortadelo y Filem\u00f3n\u00bb, pero se considera un hombre de teatro, que es donde tiene sus or\u00edgenes y lo que ahora le ocupa.<\/p>\n<p>\u00abEs donde he estado y donde voy a continuar. El teatro tiene magia, tiene una capacidad de seducci\u00f3n, no solamente para el actor sino para el espectador, muy especial, que no la tienen ni el cine ni la televisi\u00f3n\u00bb, ha comentado el int\u00e9rprete.<\/p>\n<p>\u00abEl baile\u00bb es la obra emblem\u00e1tica de Edgar Neville, con ella triunf\u00f3 en la d\u00e9cada de los cincuenta, con m\u00e1s de siete a\u00f1os en cartelera. Fue traducida a varios idiomas y obtuvo una notable proyecci\u00f3n internacional.<\/p>\n<p>\u00abLlevaba m\u00e1s de diez a\u00f1os sin representarse. Es una historia m\u00e1gica, llena de poes\u00eda y de humor, que narra una historia de amor de tres personas\u00bb, ha explicado el actor.<\/p>\n<p>Ese planteamiento inicial, en el que dos hombres est\u00e1n enamorados de una misma mujer, puede parecer que acaba mal, pero no es as\u00ed \u00abporque deciden vivir su amor de una forma generosa\u00bb.<\/p>\n","protected":false},"excerpt":{"rendered":"<p>Avil\u00e9s (Asturias), 29 may (EFE).- El actor Pepe Viyuela, que lleva una d\u00e9cada interpretando a Chema, uno de los protagonistas de la serie de televisi\u00f3n \u00abA\u00edda\u00bb, cuya grabaci\u00f3n finaliz\u00f3 hace quince d\u00edas, ha reconocido que est\u00e1 \u00aben esa resaca de echar de menos a los compa\u00f1eros\u00bb, con los que no para de enviarse mensajes. \u00abNo<\/p>\n","protected":false},"author":1,"featured_media":14332,"comment_status":"open","ping_status":"closed","sticky":false,"template":"","format":"standard","meta":{"footnotes":""},"categories":[224],"tags":[],"class_list":{"0":"post-14331","1":"post","2":"type-post","3":"status-publish","4":"format-standard","5":"has-post-thumbnail","7":"category-noticias-actualidad"},"aioseo_notices":[],"aioseo_head":"\n\t\t<!-- All in One SEO Pro 4.9.6.1 - aioseo.com -->\n\t<meta name=\"description\" content=\"Avil\u00e9s (Asturias), 29 may (EFE).- El actor Pepe Viyuela, que lleva una d\u00e9cada interpretando a Chema, uno de los protagonistas de la serie de televisi\u00f3n &quot;A\u00edda&quot;, cuya grabaci\u00f3n finaliz\u00f3 hace quince d\u00edas, ha reconocido que est\u00e1 &quot;en esa resaca de echar de menos a los compa\u00f1eros&quot;, con los que no para de enviarse mensajes. &quot;No\" \/>\n\t<meta name=\"robots\" content=\"max-image-preview:large\" \/>\n\t<meta name=\"author\" content=\"admin\"\/>\n\t<meta name=\"google-site-verification\" content=\"UA-38556648-1\" \/>\n\t<meta name=\"keywords\" content=\"noticias y actualidad\" \/>\n\t<link rel=\"canonical\" href=\"https:\/\/eldigitaldeasturias.com\/magazine365\/pepe-viyuela-en-el-centro-cultural-valey-de-castrillon\/\" \/>\n\t<meta name=\"generator\" content=\"All in One SEO Pro (AIOSEO) 4.9.6.1\" \/>\n\t\t<meta property=\"og:locale\" content=\"es_ES\" \/>\n\t\t<meta property=\"og:site_name\" content=\"El Digital de Asturias \u2013 Revista de ocio, turismo y estilo de vida\" \/>\n\t\t<meta property=\"og:type\" content=\"article\" \/>\n\t\t<meta property=\"og:title\" content=\"Pepe Viyuela en el Centro Cultural Valey, de Castrill\u00f3n | El Digital de Asturias\" \/>\n\t\t<meta property=\"og:description\" content=\"Avil\u00e9s (Asturias), 29 may (EFE).- El actor Pepe Viyuela, que lleva una d\u00e9cada interpretando a Chema, uno de los protagonistas de la serie de televisi\u00f3n &quot;A\u00edda&quot;, cuya grabaci\u00f3n finaliz\u00f3 hace quince d\u00edas, ha reconocido que est\u00e1 &quot;en esa resaca de echar de menos a los compa\u00f1eros&quot;, con los que no para de enviarse mensajes. &quot;No\" \/>\n\t\t<meta property=\"og:url\" content=\"https:\/\/eldigitaldeasturias.com\/magazine365\/pepe-viyuela-en-el-centro-cultural-valey-de-castrillon\/\" \/>\n\t\t<meta property=\"og:image\" content=\"https:\/\/eldigitaldeasturias.com\/magazine365\/wp-content\/uploads\/2014\/05\/6313862w.jpg\" \/>\n\t\t<meta property=\"og:image:secure_url\" content=\"https:\/\/eldigitaldeasturias.com\/magazine365\/wp-content\/uploads\/2014\/05\/6313862w.jpg\" \/>\n\t\t<meta property=\"og:image:width\" content=\"800\" \/>\n\t\t<meta property=\"og:image:height\" content=\"541\" \/>\n\t\t<meta property=\"article:published_time\" content=\"2014-05-29T22:51:48+00:00\" \/>\n\t\t<meta property=\"article:modified_time\" content=\"2014-05-29T22:51:48+00:00\" \/>\n\t\t<meta name=\"twitter:card\" content=\"summary_large_image\" \/>\n\t\t<meta name=\"twitter:title\" content=\"Pepe Viyuela en el Centro Cultural Valey, de Castrill\u00f3n | El Digital de Asturias\" \/>\n\t\t<meta name=\"twitter:description\" content=\"Avil\u00e9s (Asturias), 29 may (EFE).- El actor Pepe Viyuela, que lleva una d\u00e9cada interpretando a Chema, uno de los protagonistas de la serie de televisi\u00f3n &quot;A\u00edda&quot;, cuya grabaci\u00f3n finaliz\u00f3 hace quince d\u00edas, ha reconocido que est\u00e1 &quot;en esa resaca de echar de menos a los compa\u00f1eros&quot;, con los que no para de enviarse mensajes. &quot;No\" \/>\n\t\t<meta name=\"twitter:image\" content=\"https:\/\/eldigitaldeasturias.com\/magazine365\/wp-content\/uploads\/2014\/05\/6313862w.jpg\" \/>\n\t\t<script type=\"application\/ld+json\" class=\"aioseo-schema\">\n\t\t\t{\"@context\":\"https:\\\/\\\/schema.org\",\"@graph\":[{\"@type\":\"Article\",\"@id\":\"https:\\\/\\\/eldigitaldeasturias.com\\\/magazine365\\\/pepe-viyuela-en-el-centro-cultural-valey-de-castrillon\\\/#article\",\"name\":\"Pepe Viyuela en el Centro Cultural Valey, de Castrill\\u00f3n | El Digital de Asturias\",\"headline\":\"Pepe Viyuela en el Centro Cultural Valey, de Castrill\\u00f3n\",\"author\":{\"@id\":\"https:\\\/\\\/eldigitaldeasturias.com\\\/magazine365\\\/author\\\/admin\\\/#author\"},\"publisher\":{\"@id\":\"https:\\\/\\\/eldigitaldeasturias.com\\\/magazine365\\\/#organization\"},\"image\":{\"@type\":\"ImageObject\",\"url\":\"https:\\\/\\\/eldigitaldeasturias.com\\\/magazine365\\\/wp-content\\\/uploads\\\/2014\\\/05\\\/6313862w.jpg\",\"width\":800,\"height\":541},\"datePublished\":\"2014-05-29T20:51:48+02:00\",\"dateModified\":\"2014-05-29T20:51:48+02:00\",\"inLanguage\":\"es-ES\",\"mainEntityOfPage\":{\"@id\":\"https:\\\/\\\/eldigitaldeasturias.com\\\/magazine365\\\/pepe-viyuela-en-el-centro-cultural-valey-de-castrillon\\\/#webpage\"},\"isPartOf\":{\"@id\":\"https:\\\/\\\/eldigitaldeasturias.com\\\/magazine365\\\/pepe-viyuela-en-el-centro-cultural-valey-de-castrillon\\\/#webpage\"},\"articleSection\":\"Noticias y Actualidad\"},{\"@type\":\"BreadcrumbList\",\"@id\":\"https:\\\/\\\/eldigitaldeasturias.com\\\/magazine365\\\/pepe-viyuela-en-el-centro-cultural-valey-de-castrillon\\\/#breadcrumblist\",\"itemListElement\":[{\"@type\":\"ListItem\",\"@id\":\"https:\\\/\\\/eldigitaldeasturias.com\\\/magazine365#listItem\",\"position\":1,\"name\":\"Home\",\"item\":\"https:\\\/\\\/eldigitaldeasturias.com\\\/magazine365\",\"nextItem\":{\"@type\":\"ListItem\",\"@id\":\"https:\\\/\\\/eldigitaldeasturias.com\\\/magazine365\\\/category\\\/noticias-actualidad\\\/#listItem\",\"name\":\"Noticias y Actualidad\"}},{\"@type\":\"ListItem\",\"@id\":\"https:\\\/\\\/eldigitaldeasturias.com\\\/magazine365\\\/category\\\/noticias-actualidad\\\/#listItem\",\"position\":2,\"name\":\"Noticias y Actualidad\",\"item\":\"https:\\\/\\\/eldigitaldeasturias.com\\\/magazine365\\\/category\\\/noticias-actualidad\\\/\",\"nextItem\":{\"@type\":\"ListItem\",\"@id\":\"https:\\\/\\\/eldigitaldeasturias.com\\\/magazine365\\\/pepe-viyuela-en-el-centro-cultural-valey-de-castrillon\\\/#listItem\",\"name\":\"Pepe Viyuela en el Centro Cultural Valey, de Castrill\\u00f3n\"},\"previousItem\":{\"@type\":\"ListItem\",\"@id\":\"https:\\\/\\\/eldigitaldeasturias.com\\\/magazine365#listItem\",\"name\":\"Home\"}},{\"@type\":\"ListItem\",\"@id\":\"https:\\\/\\\/eldigitaldeasturias.com\\\/magazine365\\\/pepe-viyuela-en-el-centro-cultural-valey-de-castrillon\\\/#listItem\",\"position\":3,\"name\":\"Pepe Viyuela en el Centro Cultural Valey, de Castrill\\u00f3n\",\"previousItem\":{\"@type\":\"ListItem\",\"@id\":\"https:\\\/\\\/eldigitaldeasturias.com\\\/magazine365\\\/category\\\/noticias-actualidad\\\/#listItem\",\"name\":\"Noticias y Actualidad\"}}]},{\"@type\":\"Organization\",\"@id\":\"https:\\\/\\\/eldigitaldeasturias.com\\\/magazine365\\\/#organization\",\"name\":\"El digital de Asturias\",\"description\":\"Revista de ocio, turismo y estilo de vida\",\"url\":\"https:\\\/\\\/eldigitaldeasturias.com\\\/magazine365\\\/\",\"logo\":{\"@type\":\"ImageObject\",\"url\":\"https:\\\/\\\/www.eldigitaldeasturias.com\\\/noticias\\\/wp-content\\\/uploads\\\/2020\\\/12\\\/EDA.jpg\",\"@id\":\"https:\\\/\\\/eldigitaldeasturias.com\\\/magazine365\\\/pepe-viyuela-en-el-centro-cultural-valey-de-castrillon\\\/#organizationLogo\"},\"image\":{\"@id\":\"https:\\\/\\\/eldigitaldeasturias.com\\\/magazine365\\\/pepe-viyuela-en-el-centro-cultural-valey-de-castrillon\\\/#organizationLogo\"}},{\"@type\":\"Person\",\"@id\":\"https:\\\/\\\/eldigitaldeasturias.com\\\/magazine365\\\/author\\\/admin\\\/#author\",\"url\":\"https:\\\/\\\/eldigitaldeasturias.com\\\/magazine365\\\/author\\\/admin\\\/\",\"name\":\"admin\",\"image\":{\"@type\":\"ImageObject\",\"@id\":\"https:\\\/\\\/eldigitaldeasturias.com\\\/magazine365\\\/pepe-viyuela-en-el-centro-cultural-valey-de-castrillon\\\/#authorImage\",\"url\":\"https:\\\/\\\/eldigitaldeasturias.com\\\/magazine365\\\/wp-content\\\/litespeed\\\/avatar\\\/e571bcf59a0edd6fa6838245a470f2fe.jpg?ver=1777574230\",\"width\":96,\"height\":96,\"caption\":\"admin\"}},{\"@type\":\"WebPage\",\"@id\":\"https:\\\/\\\/eldigitaldeasturias.com\\\/magazine365\\\/pepe-viyuela-en-el-centro-cultural-valey-de-castrillon\\\/#webpage\",\"url\":\"https:\\\/\\\/eldigitaldeasturias.com\\\/magazine365\\\/pepe-viyuela-en-el-centro-cultural-valey-de-castrillon\\\/\",\"name\":\"Pepe Viyuela en el Centro Cultural Valey, de Castrill\\u00f3n | El Digital de Asturias\",\"description\":\"Avil\\u00e9s (Asturias), 29 may (EFE).- El actor Pepe Viyuela, que lleva una d\\u00e9cada interpretando a Chema, uno de los protagonistas de la serie de televisi\\u00f3n \\\"A\\u00edda\\\", cuya grabaci\\u00f3n finaliz\\u00f3 hace quince d\\u00edas, ha reconocido que est\\u00e1 \\\"en esa resaca de echar de menos a los compa\\u00f1eros\\\", con los que no para de enviarse mensajes. \\\"No\",\"inLanguage\":\"es-ES\",\"isPartOf\":{\"@id\":\"https:\\\/\\\/eldigitaldeasturias.com\\\/magazine365\\\/#website\"},\"breadcrumb\":{\"@id\":\"https:\\\/\\\/eldigitaldeasturias.com\\\/magazine365\\\/pepe-viyuela-en-el-centro-cultural-valey-de-castrillon\\\/#breadcrumblist\"},\"author\":{\"@id\":\"https:\\\/\\\/eldigitaldeasturias.com\\\/magazine365\\\/author\\\/admin\\\/#author\"},\"creator\":{\"@id\":\"https:\\\/\\\/eldigitaldeasturias.com\\\/magazine365\\\/author\\\/admin\\\/#author\"},\"image\":{\"@type\":\"ImageObject\",\"url\":\"https:\\\/\\\/eldigitaldeasturias.com\\\/magazine365\\\/wp-content\\\/uploads\\\/2014\\\/05\\\/6313862w.jpg\",\"@id\":\"https:\\\/\\\/eldigitaldeasturias.com\\\/magazine365\\\/pepe-viyuela-en-el-centro-cultural-valey-de-castrillon\\\/#mainImage\",\"width\":800,\"height\":541},\"primaryImageOfPage\":{\"@id\":\"https:\\\/\\\/eldigitaldeasturias.com\\\/magazine365\\\/pepe-viyuela-en-el-centro-cultural-valey-de-castrillon\\\/#mainImage\"},\"datePublished\":\"2014-05-29T20:51:48+02:00\",\"dateModified\":\"2014-05-29T20:51:48+02:00\"},{\"@type\":\"WebSite\",\"@id\":\"https:\\\/\\\/eldigitaldeasturias.com\\\/magazine365\\\/#website\",\"url\":\"https:\\\/\\\/eldigitaldeasturias.com\\\/magazine365\\\/\",\"name\":\"El Digital de Asturias\",\"description\":\"Revista de ocio, turismo y estilo de vida\",\"inLanguage\":\"es-ES\",\"publisher\":{\"@id\":\"https:\\\/\\\/eldigitaldeasturias.com\\\/magazine365\\\/#organization\"}}]}\n\t\t<\/script>\n\t\t<!-- All in One SEO Pro -->\r\n\t\t<title>Pepe Viyuela en el Centro Cultural Valey, de Castrill\u00f3n | El Digital de Asturias<\/title>\n\n","aioseo_head_json":{"title":"Pepe Viyuela en el Centro Cultural Valey, de Castrill\u00f3n | El Digital de Asturias","description":"Avil\u00e9s (Asturias), 29 may (EFE).- El actor Pepe Viyuela, que lleva una d\u00e9cada interpretando a Chema, uno de los protagonistas de la serie de televisi\u00f3n \"A\u00edda\", cuya grabaci\u00f3n finaliz\u00f3 hace quince d\u00edas, ha reconocido que est\u00e1 \"en esa resaca de echar de menos a los compa\u00f1eros\", con los que no para de enviarse mensajes. \"No","canonical_url":"https:\/\/eldigitaldeasturias.com\/magazine365\/pepe-viyuela-en-el-centro-cultural-valey-de-castrillon\/","robots":"max-image-preview:large","keywords":"noticias y actualidad","webmasterTools":{"google-site-verification":"UA-38556648-1","miscellaneous":""},"schema":{"@context":"https:\/\/schema.org","@graph":[{"@type":"Article","@id":"https:\/\/eldigitaldeasturias.com\/magazine365\/pepe-viyuela-en-el-centro-cultural-valey-de-castrillon\/#article","name":"Pepe Viyuela en el Centro Cultural Valey, de Castrill\u00f3n | El Digital de Asturias","headline":"Pepe Viyuela en el Centro Cultural Valey, de Castrill\u00f3n","author":{"@id":"https:\/\/eldigitaldeasturias.com\/magazine365\/author\/admin\/#author"},"publisher":{"@id":"https:\/\/eldigitaldeasturias.com\/magazine365\/#organization"},"image":{"@type":"ImageObject","url":"https:\/\/eldigitaldeasturias.com\/magazine365\/wp-content\/uploads\/2014\/05\/6313862w.jpg","width":800,"height":541},"datePublished":"2014-05-29T20:51:48+02:00","dateModified":"2014-05-29T20:51:48+02:00","inLanguage":"es-ES","mainEntityOfPage":{"@id":"https:\/\/eldigitaldeasturias.com\/magazine365\/pepe-viyuela-en-el-centro-cultural-valey-de-castrillon\/#webpage"},"isPartOf":{"@id":"https:\/\/eldigitaldeasturias.com\/magazine365\/pepe-viyuela-en-el-centro-cultural-valey-de-castrillon\/#webpage"},"articleSection":"Noticias y Actualidad"},{"@type":"BreadcrumbList","@id":"https:\/\/eldigitaldeasturias.com\/magazine365\/pepe-viyuela-en-el-centro-cultural-valey-de-castrillon\/#breadcrumblist","itemListElement":[{"@type":"ListItem","@id":"https:\/\/eldigitaldeasturias.com\/magazine365#listItem","position":1,"name":"Home","item":"https:\/\/eldigitaldeasturias.com\/magazine365","nextItem":{"@type":"ListItem","@id":"https:\/\/eldigitaldeasturias.com\/magazine365\/category\/noticias-actualidad\/#listItem","name":"Noticias y Actualidad"}},{"@type":"ListItem","@id":"https:\/\/eldigitaldeasturias.com\/magazine365\/category\/noticias-actualidad\/#listItem","position":2,"name":"Noticias y Actualidad","item":"https:\/\/eldigitaldeasturias.com\/magazine365\/category\/noticias-actualidad\/","nextItem":{"@type":"ListItem","@id":"https:\/\/eldigitaldeasturias.com\/magazine365\/pepe-viyuela-en-el-centro-cultural-valey-de-castrillon\/#listItem","name":"Pepe Viyuela en el Centro Cultural Valey, de Castrill\u00f3n"},"previousItem":{"@type":"ListItem","@id":"https:\/\/eldigitaldeasturias.com\/magazine365#listItem","name":"Home"}},{"@type":"ListItem","@id":"https:\/\/eldigitaldeasturias.com\/magazine365\/pepe-viyuela-en-el-centro-cultural-valey-de-castrillon\/#listItem","position":3,"name":"Pepe Viyuela en el Centro Cultural Valey, de Castrill\u00f3n","previousItem":{"@type":"ListItem","@id":"https:\/\/eldigitaldeasturias.com\/magazine365\/category\/noticias-actualidad\/#listItem","name":"Noticias y Actualidad"}}]},{"@type":"Organization","@id":"https:\/\/eldigitaldeasturias.com\/magazine365\/#organization","name":"El digital de Asturias","description":"Revista de ocio, turismo y estilo de vida","url":"https:\/\/eldigitaldeasturias.com\/magazine365\/","logo":{"@type":"ImageObject","url":"https:\/\/www.eldigitaldeasturias.com\/noticias\/wp-content\/uploads\/2020\/12\/EDA.jpg","@id":"https:\/\/eldigitaldeasturias.com\/magazine365\/pepe-viyuela-en-el-centro-cultural-valey-de-castrillon\/#organizationLogo"},"image":{"@id":"https:\/\/eldigitaldeasturias.com\/magazine365\/pepe-viyuela-en-el-centro-cultural-valey-de-castrillon\/#organizationLogo"}},{"@type":"Person","@id":"https:\/\/eldigitaldeasturias.com\/magazine365\/author\/admin\/#author","url":"https:\/\/eldigitaldeasturias.com\/magazine365\/author\/admin\/","name":"admin","image":{"@type":"ImageObject","@id":"https:\/\/eldigitaldeasturias.com\/magazine365\/pepe-viyuela-en-el-centro-cultural-valey-de-castrillon\/#authorImage","url":"https:\/\/eldigitaldeasturias.com\/magazine365\/wp-content\/litespeed\/avatar\/e571bcf59a0edd6fa6838245a470f2fe.jpg?ver=1777574230","width":96,"height":96,"caption":"admin"}},{"@type":"WebPage","@id":"https:\/\/eldigitaldeasturias.com\/magazine365\/pepe-viyuela-en-el-centro-cultural-valey-de-castrillon\/#webpage","url":"https:\/\/eldigitaldeasturias.com\/magazine365\/pepe-viyuela-en-el-centro-cultural-valey-de-castrillon\/","name":"Pepe Viyuela en el Centro Cultural Valey, de Castrill\u00f3n | El Digital de Asturias","description":"Avil\u00e9s (Asturias), 29 may (EFE).- El actor Pepe Viyuela, que lleva una d\u00e9cada interpretando a Chema, uno de los protagonistas de la serie de televisi\u00f3n \"A\u00edda\", cuya grabaci\u00f3n finaliz\u00f3 hace quince d\u00edas, ha reconocido que est\u00e1 \"en esa resaca de echar de menos a los compa\u00f1eros\", con los que no para de enviarse mensajes. \"No","inLanguage":"es-ES","isPartOf":{"@id":"https:\/\/eldigitaldeasturias.com\/magazine365\/#website"},"breadcrumb":{"@id":"https:\/\/eldigitaldeasturias.com\/magazine365\/pepe-viyuela-en-el-centro-cultural-valey-de-castrillon\/#breadcrumblist"},"author":{"@id":"https:\/\/eldigitaldeasturias.com\/magazine365\/author\/admin\/#author"},"creator":{"@id":"https:\/\/eldigitaldeasturias.com\/magazine365\/author\/admin\/#author"},"image":{"@type":"ImageObject","url":"https:\/\/eldigitaldeasturias.com\/magazine365\/wp-content\/uploads\/2014\/05\/6313862w.jpg","@id":"https:\/\/eldigitaldeasturias.com\/magazine365\/pepe-viyuela-en-el-centro-cultural-valey-de-castrillon\/#mainImage","width":800,"height":541},"primaryImageOfPage":{"@id":"https:\/\/eldigitaldeasturias.com\/magazine365\/pepe-viyuela-en-el-centro-cultural-valey-de-castrillon\/#mainImage"},"datePublished":"2014-05-29T20:51:48+02:00","dateModified":"2014-05-29T20:51:48+02:00"},{"@type":"WebSite","@id":"https:\/\/eldigitaldeasturias.com\/magazine365\/#website","url":"https:\/\/eldigitaldeasturias.com\/magazine365\/","name":"El Digital de Asturias","description":"Revista de ocio, turismo y estilo de vida","inLanguage":"es-ES","publisher":{"@id":"https:\/\/eldigitaldeasturias.com\/magazine365\/#organization"}}]},"og:locale":"es_ES","og:site_name":"El Digital de Asturias \u2013 Revista de ocio, turismo y estilo de vida","og:type":"article","og:title":"Pepe Viyuela en el Centro Cultural Valey, de Castrill\u00f3n | El Digital de Asturias","og:description":"Avil\u00e9s (Asturias), 29 may (EFE).- El actor Pepe Viyuela, que lleva una d\u00e9cada interpretando a Chema, uno de los protagonistas de la serie de televisi\u00f3n &quot;A\u00edda&quot;, cuya grabaci\u00f3n finaliz\u00f3 hace quince d\u00edas, ha reconocido que est\u00e1 &quot;en esa resaca de echar de menos a los compa\u00f1eros&quot;, con los que no para de enviarse mensajes. &quot;No","og:url":"https:\/\/eldigitaldeasturias.com\/magazine365\/pepe-viyuela-en-el-centro-cultural-valey-de-castrillon\/","og:image":"https:\/\/eldigitaldeasturias.com\/magazine365\/wp-content\/uploads\/2014\/05\/6313862w.jpg","og:image:secure_url":"https:\/\/eldigitaldeasturias.com\/magazine365\/wp-content\/uploads\/2014\/05\/6313862w.jpg","og:image:width":800,"og:image:height":541,"article:published_time":"2014-05-29T22:51:48+00:00","article:modified_time":"2014-05-29T22:51:48+00:00","twitter:card":"summary_large_image","twitter:title":"Pepe Viyuela en el Centro Cultural Valey, de Castrill\u00f3n | El Digital de Asturias","twitter:description":"Avil\u00e9s (Asturias), 29 may (EFE).- El actor Pepe Viyuela, que lleva una d\u00e9cada interpretando a Chema, uno de los protagonistas de la serie de televisi\u00f3n &quot;A\u00edda&quot;, cuya grabaci\u00f3n finaliz\u00f3 hace quince d\u00edas, ha reconocido que est\u00e1 &quot;en esa resaca de echar de menos a los compa\u00f1eros&quot;, con los que no para de enviarse mensajes. &quot;No","twitter:image":"https:\/\/eldigitaldeasturias.com\/magazine365\/wp-content\/uploads\/2014\/05\/6313862w.jpg"},"aioseo_meta_data":{"post_id":"14331","title":null,"description":null,"keywords":null,"keyphrases":null,"primary_term":null,"canonical_url":null,"og_title":null,"og_description":null,"og_object_type":"default","og_image_type":"default","og_image_url":null,"og_image_width":null,"og_image_height":null,"og_image_custom_url":null,"og_image_custom_fields":null,"og_video":null,"og_custom_url":null,"og_article_section":null,"og_article_tags":null,"twitter_use_og":false,"twitter_card":"default","twitter_image_type":"default","twitter_image_url":null,"twitter_image_custom_url":null,"twitter_image_custom_fields":null,"twitter_title":null,"twitter_description":null,"schema":{"blockGraphs":[],"customGraphs":[],"default":{"data":{"Article":[],"Course":[],"Dataset":[],"FAQPage":[],"Movie":[],"Person":[],"Product":[],"ProductReview":[],"Car":[],"Recipe":[],"Service":[],"SoftwareApplication":[],"WebPage":[]},"graphName":"","isEnabled":true},"graphs":[],"defaultGraph":"","defaultPostTypeGraph":""},"schema_type":null,"schema_type_options":null,"pillar_content":false,"robots_default":true,"robots_noindex":false,"robots_noarchive":false,"robots_nosnippet":false,"robots_nofollow":false,"robots_noimageindex":false,"robots_noodp":false,"robots_notranslate":false,"robots_max_snippet":null,"robots_max_videopreview":null,"robots_max_imagepreview":"large","priority":null,"frequency":null,"location":null,"local_seo":null,"seo_analyzer_scan_date":"2025-09-17 09:56:13","breadcrumb_settings":null,"limit_modified_date":false,"open_ai":null,"ai":null,"created":"2021-03-09 08:16:48","updated":"2025-09-17 09:56:13"},"aioseo_breadcrumb":"<div class=\"aioseo-breadcrumbs\"><span class=\"aioseo-breadcrumb\">\n\t<a href=\"https:\/\/eldigitaldeasturias.com\/magazine365\" title=\"Home\">Home<\/a>\n<\/span><span class=\"aioseo-breadcrumb-separator\">\u2013<\/span><span class=\"aioseo-breadcrumb\">\n\t<a href=\"https:\/\/eldigitaldeasturias.com\/magazine365\/category\/noticias-actualidad\/\" title=\"Noticias y Actualidad\">Noticias y Actualidad<\/a>\n<\/span><span class=\"aioseo-breadcrumb-separator\">\u2013<\/span><span class=\"aioseo-breadcrumb\">\n\t<a href=\"https:\/\/eldigitaldeasturias.com\/magazine365\/pepe-viyuela-en-el-centro-cultural-valey-de-castrillon\/\" title=\"Pepe Viyuela en el Centro Cultural Valey, de Castrill\u00f3n\">Pepe Viyuela en el Centro Cultural Valey, de Castrill\u00f3n<\/a>\n<\/span><\/div>","aioseo_breadcrumb_json":[{"label":"Home","link":"https:\/\/eldigitaldeasturias.com\/magazine365"},{"label":"Noticias y Actualidad","link":"https:\/\/eldigitaldeasturias.com\/magazine365\/category\/noticias-actualidad\/"},{"label":"Pepe Viyuela en el Centro Cultural Valey, de Castrill\u00f3n","link":"https:\/\/eldigitaldeasturias.com\/magazine365\/pepe-viyuela-en-el-centro-cultural-valey-de-castrillon\/"}],"_links":{"self":[{"href":"https:\/\/eldigitaldeasturias.com\/magazine365\/wp-json\/wp\/v2\/posts\/14331","targetHints":{"allow":["GET"]}}],"collection":[{"href":"https:\/\/eldigitaldeasturias.com\/magazine365\/wp-json\/wp\/v2\/posts"}],"about":[{"href":"https:\/\/eldigitaldeasturias.com\/magazine365\/wp-json\/wp\/v2\/types\/post"}],"author":[{"embeddable":true,"href":"https:\/\/eldigitaldeasturias.com\/magazine365\/wp-json\/wp\/v2\/users\/1"}],"replies":[{"embeddable":true,"href":"https:\/\/eldigitaldeasturias.com\/magazine365\/wp-json\/wp\/v2\/comments?post=14331"}],"version-history":[{"count":0,"href":"https:\/\/eldigitaldeasturias.com\/magazine365\/wp-json\/wp\/v2\/posts\/14331\/revisions"}],"wp:featuredmedia":[{"embeddable":true,"href":"https:\/\/eldigitaldeasturias.com\/magazine365\/wp-json\/wp\/v2\/media\/14332"}],"wp:attachment":[{"href":"https:\/\/eldigitaldeasturias.com\/magazine365\/wp-json\/wp\/v2\/media?parent=14331"}],"wp:term":[{"taxonomy":"category","embeddable":true,"href":"https:\/\/eldigitaldeasturias.com\/magazine365\/wp-json\/wp\/v2\/categories?post=14331"},{"taxonomy":"post_tag","embeddable":true,"href":"https:\/\/eldigitaldeasturias.com\/magazine365\/wp-json\/wp\/v2\/tags?post=14331"}],"curies":[{"name":"wp","href":"https:\/\/api.w.org\/{rel}","templated":true}]}}