{"id":14319,"date":"2014-05-29T20:45:15","date_gmt":"2014-05-29T22:45:15","guid":{"rendered":"http:\/\/eldigitaldeasturias.com\/magazine365\/?p=14319"},"modified":"2014-05-29T20:45:15","modified_gmt":"2014-05-29T22:45:15","slug":"pep-guardiola-se-casa-con-cristina-serra-en-matadepera","status":"publish","type":"post","link":"https:\/\/eldigitaldeasturias.com\/magazine365\/pep-guardiola-se-casa-con-cristina-serra-en-matadepera\/","title":{"rendered":"Pep Guardiola se casa con Cristina Serra en Matadepera"},"content":{"rendered":"<p><img fetchpriority=\"high\" decoding=\"async\" class=\"alignleft size-medium wp-image-14320\" alt=\"6313534w\" src=\"https:\/\/eldigitaldeasturias.com\/magazine365\/wp-content\/uploads\/2014\/05\/6313534w-348x300.jpg\" width=\"348\" height=\"300\" \/>Matadepera (Barcelona), 29 may (EFE).- El exentrenador del Bar\u00e7a y actual t\u00e9cnico del Bayern de M\u00fanich, Pep Guardiola, se ha casado esta ma\u00f1ana en el ayuntamiento de Matadepera (Barcelona) con su pareja desde hace m\u00e1s de veinte a\u00f1os, Cristina Serra.<\/p>\n<p>La noticia ha sido dada a conocer por el ayuntamiento en su p\u00e1gina web, que incluye dos fotos de los novios a su entrada en la casa consistorial, y explica que la boda ha empezado a las 9:30 de la ma\u00f1ana con la presencia solamente de los padres y los tres hijos de la pareja, Maria, M\u00e0rius y Valentina.<\/p>\n<p>En el comunicado, el ayuntamiento reconoce que \u00abla noticia ha sorprendido a propios y extra\u00f1os\u00bb, aunque explica que la boda \u00abse estaban gestando desde hace tiempo\u00bb desde el consulado espa\u00f1ol en M\u00fanich.<\/p>\n<p>El consistorio aclara que, el hecho de que la boda se haya celebrado en Matadepera responde a que la pareja conoc\u00eda al juez de paz de la localidad barcelonesa, Francesc Duch, quien ha oficiado en la Sala de Plenos una ceremonia civil que ha durado cerca de media hora.<\/p>\n<p>La pareja no se ha vestido especialmente para la ocasi\u00f3n, sin americana \u00e9l y con una chaqueta y un gran bolso rojo, ella.<\/p>\n","protected":false},"excerpt":{"rendered":"<p>Matadepera (Barcelona), 29 may (EFE).- El exentrenador del Bar\u00e7a y actual t\u00e9cnico del Bayern de M\u00fanich, Pep Guardiola, se ha casado esta ma\u00f1ana en el ayuntamiento de Matadepera (Barcelona) con su pareja desde hace m\u00e1s de veinte a\u00f1os, Cristina Serra. La noticia ha sido dada a conocer por el ayuntamiento en su p\u00e1gina web, que<\/p>\n","protected":false},"author":1,"featured_media":14320,"comment_status":"open","ping_status":"closed","sticky":false,"template":"","format":"standard","meta":{"footnotes":""},"categories":[224],"tags":[],"class_list":{"0":"post-14319","1":"post","2":"type-post","3":"status-publish","4":"format-standard","5":"has-post-thumbnail","7":"category-noticias-actualidad"},"aioseo_notices":[],"aioseo_head":"\n\t\t<!-- All in One SEO Pro 4.9.6.1 - aioseo.com -->\n\t<meta name=\"description\" content=\"Matadepera (Barcelona), 29 may (EFE).- El exentrenador del Bar\u00e7a y actual t\u00e9cnico del Bayern de M\u00fanich, Pep Guardiola, se ha casado esta ma\u00f1ana en el ayuntamiento de Matadepera (Barcelona) con su pareja desde hace m\u00e1s de veinte a\u00f1os, Cristina Serra. La noticia ha sido dada a conocer por el ayuntamiento en su p\u00e1gina web, que\" \/>\n\t<meta name=\"robots\" content=\"max-image-preview:large\" \/>\n\t<meta name=\"author\" content=\"admin\"\/>\n\t<meta name=\"google-site-verification\" content=\"UA-38556648-1\" \/>\n\t<meta name=\"keywords\" content=\"noticias y actualidad\" \/>\n\t<link rel=\"canonical\" href=\"https:\/\/eldigitaldeasturias.com\/magazine365\/pep-guardiola-se-casa-con-cristina-serra-en-matadepera\/\" \/>\n\t<meta name=\"generator\" content=\"All in One SEO Pro (AIOSEO) 4.9.6.1\" \/>\n\t\t<meta property=\"og:locale\" content=\"es_ES\" \/>\n\t\t<meta property=\"og:site_name\" content=\"El Digital de Asturias \u2013 Revista de ocio, turismo y estilo de vida\" \/>\n\t\t<meta property=\"og:type\" content=\"article\" \/>\n\t\t<meta property=\"og:title\" content=\"Pep Guardiola se casa con Cristina Serra en Matadepera | El Digital de Asturias\" \/>\n\t\t<meta property=\"og:description\" content=\"Matadepera (Barcelona), 29 may (EFE).- El exentrenador del Bar\u00e7a y actual t\u00e9cnico del Bayern de M\u00fanich, Pep Guardiola, se ha casado esta ma\u00f1ana en el ayuntamiento de Matadepera (Barcelona) con su pareja desde hace m\u00e1s de veinte a\u00f1os, Cristina Serra. La noticia ha sido dada a conocer por el ayuntamiento en su p\u00e1gina web, que\" \/>\n\t\t<meta property=\"og:url\" content=\"https:\/\/eldigitaldeasturias.com\/magazine365\/pep-guardiola-se-casa-con-cristina-serra-en-matadepera\/\" \/>\n\t\t<meta property=\"og:image\" content=\"https:\/\/eldigitaldeasturias.com\/magazine365\/wp-content\/uploads\/2014\/05\/6313534w.jpg\" \/>\n\t\t<meta property=\"og:image:secure_url\" content=\"https:\/\/eldigitaldeasturias.com\/magazine365\/wp-content\/uploads\/2014\/05\/6313534w.jpg\" \/>\n\t\t<meta property=\"og:image:width\" content=\"800\" \/>\n\t\t<meta property=\"og:image:height\" content=\"688\" \/>\n\t\t<meta property=\"article:published_time\" content=\"2014-05-29T22:45:15+00:00\" \/>\n\t\t<meta property=\"article:modified_time\" content=\"2014-05-29T22:45:15+00:00\" \/>\n\t\t<meta name=\"twitter:card\" content=\"summary_large_image\" \/>\n\t\t<meta name=\"twitter:title\" content=\"Pep Guardiola se casa con Cristina Serra en Matadepera | El Digital de Asturias\" \/>\n\t\t<meta name=\"twitter:description\" content=\"Matadepera (Barcelona), 29 may (EFE).- El exentrenador del Bar\u00e7a y actual t\u00e9cnico del Bayern de M\u00fanich, Pep Guardiola, se ha casado esta ma\u00f1ana en el ayuntamiento de Matadepera (Barcelona) con su pareja desde hace m\u00e1s de veinte a\u00f1os, Cristina Serra. La noticia ha sido dada a conocer por el ayuntamiento en su p\u00e1gina web, que\" \/>\n\t\t<meta name=\"twitter:image\" content=\"https:\/\/eldigitaldeasturias.com\/magazine365\/wp-content\/uploads\/2014\/05\/6313534w.jpg\" \/>\n\t\t<script type=\"application\/ld+json\" class=\"aioseo-schema\">\n\t\t\t{\"@context\":\"https:\\\/\\\/schema.org\",\"@graph\":[{\"@type\":\"Article\",\"@id\":\"https:\\\/\\\/eldigitaldeasturias.com\\\/magazine365\\\/pep-guardiola-se-casa-con-cristina-serra-en-matadepera\\\/#article\",\"name\":\"Pep Guardiola se casa con Cristina Serra en Matadepera | El Digital de Asturias\",\"headline\":\"Pep Guardiola se casa con Cristina Serra en Matadepera\",\"author\":{\"@id\":\"https:\\\/\\\/eldigitaldeasturias.com\\\/magazine365\\\/author\\\/admin\\\/#author\"},\"publisher\":{\"@id\":\"https:\\\/\\\/eldigitaldeasturias.com\\\/magazine365\\\/#organization\"},\"image\":{\"@type\":\"ImageObject\",\"url\":\"https:\\\/\\\/eldigitaldeasturias.com\\\/magazine365\\\/wp-content\\\/uploads\\\/2014\\\/05\\\/6313534w.jpg\",\"width\":800,\"height\":688},\"datePublished\":\"2014-05-29T20:45:15+02:00\",\"dateModified\":\"2014-05-29T20:45:15+02:00\",\"inLanguage\":\"es-ES\",\"mainEntityOfPage\":{\"@id\":\"https:\\\/\\\/eldigitaldeasturias.com\\\/magazine365\\\/pep-guardiola-se-casa-con-cristina-serra-en-matadepera\\\/#webpage\"},\"isPartOf\":{\"@id\":\"https:\\\/\\\/eldigitaldeasturias.com\\\/magazine365\\\/pep-guardiola-se-casa-con-cristina-serra-en-matadepera\\\/#webpage\"},\"articleSection\":\"Noticias y Actualidad\"},{\"@type\":\"BreadcrumbList\",\"@id\":\"https:\\\/\\\/eldigitaldeasturias.com\\\/magazine365\\\/pep-guardiola-se-casa-con-cristina-serra-en-matadepera\\\/#breadcrumblist\",\"itemListElement\":[{\"@type\":\"ListItem\",\"@id\":\"https:\\\/\\\/eldigitaldeasturias.com\\\/magazine365#listItem\",\"position\":1,\"name\":\"Home\",\"item\":\"https:\\\/\\\/eldigitaldeasturias.com\\\/magazine365\",\"nextItem\":{\"@type\":\"ListItem\",\"@id\":\"https:\\\/\\\/eldigitaldeasturias.com\\\/magazine365\\\/category\\\/noticias-actualidad\\\/#listItem\",\"name\":\"Noticias y Actualidad\"}},{\"@type\":\"ListItem\",\"@id\":\"https:\\\/\\\/eldigitaldeasturias.com\\\/magazine365\\\/category\\\/noticias-actualidad\\\/#listItem\",\"position\":2,\"name\":\"Noticias y Actualidad\",\"item\":\"https:\\\/\\\/eldigitaldeasturias.com\\\/magazine365\\\/category\\\/noticias-actualidad\\\/\",\"nextItem\":{\"@type\":\"ListItem\",\"@id\":\"https:\\\/\\\/eldigitaldeasturias.com\\\/magazine365\\\/pep-guardiola-se-casa-con-cristina-serra-en-matadepera\\\/#listItem\",\"name\":\"Pep Guardiola se casa con Cristina Serra en Matadepera\"},\"previousItem\":{\"@type\":\"ListItem\",\"@id\":\"https:\\\/\\\/eldigitaldeasturias.com\\\/magazine365#listItem\",\"name\":\"Home\"}},{\"@type\":\"ListItem\",\"@id\":\"https:\\\/\\\/eldigitaldeasturias.com\\\/magazine365\\\/pep-guardiola-se-casa-con-cristina-serra-en-matadepera\\\/#listItem\",\"position\":3,\"name\":\"Pep Guardiola se casa con Cristina Serra en Matadepera\",\"previousItem\":{\"@type\":\"ListItem\",\"@id\":\"https:\\\/\\\/eldigitaldeasturias.com\\\/magazine365\\\/category\\\/noticias-actualidad\\\/#listItem\",\"name\":\"Noticias y Actualidad\"}}]},{\"@type\":\"Organization\",\"@id\":\"https:\\\/\\\/eldigitaldeasturias.com\\\/magazine365\\\/#organization\",\"name\":\"El digital de Asturias\",\"description\":\"Revista de ocio, turismo y estilo de vida\",\"url\":\"https:\\\/\\\/eldigitaldeasturias.com\\\/magazine365\\\/\",\"logo\":{\"@type\":\"ImageObject\",\"url\":\"https:\\\/\\\/www.eldigitaldeasturias.com\\\/noticias\\\/wp-content\\\/uploads\\\/2020\\\/12\\\/EDA.jpg\",\"@id\":\"https:\\\/\\\/eldigitaldeasturias.com\\\/magazine365\\\/pep-guardiola-se-casa-con-cristina-serra-en-matadepera\\\/#organizationLogo\"},\"image\":{\"@id\":\"https:\\\/\\\/eldigitaldeasturias.com\\\/magazine365\\\/pep-guardiola-se-casa-con-cristina-serra-en-matadepera\\\/#organizationLogo\"}},{\"@type\":\"Person\",\"@id\":\"https:\\\/\\\/eldigitaldeasturias.com\\\/magazine365\\\/author\\\/admin\\\/#author\",\"url\":\"https:\\\/\\\/eldigitaldeasturias.com\\\/magazine365\\\/author\\\/admin\\\/\",\"name\":\"admin\",\"image\":{\"@type\":\"ImageObject\",\"@id\":\"https:\\\/\\\/eldigitaldeasturias.com\\\/magazine365\\\/pep-guardiola-se-casa-con-cristina-serra-en-matadepera\\\/#authorImage\",\"url\":\"https:\\\/\\\/eldigitaldeasturias.com\\\/magazine365\\\/wp-content\\\/litespeed\\\/avatar\\\/e571bcf59a0edd6fa6838245a470f2fe.jpg?ver=1777574230\",\"width\":96,\"height\":96,\"caption\":\"admin\"}},{\"@type\":\"WebPage\",\"@id\":\"https:\\\/\\\/eldigitaldeasturias.com\\\/magazine365\\\/pep-guardiola-se-casa-con-cristina-serra-en-matadepera\\\/#webpage\",\"url\":\"https:\\\/\\\/eldigitaldeasturias.com\\\/magazine365\\\/pep-guardiola-se-casa-con-cristina-serra-en-matadepera\\\/\",\"name\":\"Pep Guardiola se casa con Cristina Serra en Matadepera | El Digital de Asturias\",\"description\":\"Matadepera (Barcelona), 29 may (EFE).- El exentrenador del Bar\\u00e7a y actual t\\u00e9cnico del Bayern de M\\u00fanich, Pep Guardiola, se ha casado esta ma\\u00f1ana en el ayuntamiento de Matadepera (Barcelona) con su pareja desde hace m\\u00e1s de veinte a\\u00f1os, Cristina Serra. La noticia ha sido dada a conocer por el ayuntamiento en su p\\u00e1gina web, que\",\"inLanguage\":\"es-ES\",\"isPartOf\":{\"@id\":\"https:\\\/\\\/eldigitaldeasturias.com\\\/magazine365\\\/#website\"},\"breadcrumb\":{\"@id\":\"https:\\\/\\\/eldigitaldeasturias.com\\\/magazine365\\\/pep-guardiola-se-casa-con-cristina-serra-en-matadepera\\\/#breadcrumblist\"},\"author\":{\"@id\":\"https:\\\/\\\/eldigitaldeasturias.com\\\/magazine365\\\/author\\\/admin\\\/#author\"},\"creator\":{\"@id\":\"https:\\\/\\\/eldigitaldeasturias.com\\\/magazine365\\\/author\\\/admin\\\/#author\"},\"image\":{\"@type\":\"ImageObject\",\"url\":\"https:\\\/\\\/eldigitaldeasturias.com\\\/magazine365\\\/wp-content\\\/uploads\\\/2014\\\/05\\\/6313534w.jpg\",\"@id\":\"https:\\\/\\\/eldigitaldeasturias.com\\\/magazine365\\\/pep-guardiola-se-casa-con-cristina-serra-en-matadepera\\\/#mainImage\",\"width\":800,\"height\":688},\"primaryImageOfPage\":{\"@id\":\"https:\\\/\\\/eldigitaldeasturias.com\\\/magazine365\\\/pep-guardiola-se-casa-con-cristina-serra-en-matadepera\\\/#mainImage\"},\"datePublished\":\"2014-05-29T20:45:15+02:00\",\"dateModified\":\"2014-05-29T20:45:15+02:00\"},{\"@type\":\"WebSite\",\"@id\":\"https:\\\/\\\/eldigitaldeasturias.com\\\/magazine365\\\/#website\",\"url\":\"https:\\\/\\\/eldigitaldeasturias.com\\\/magazine365\\\/\",\"name\":\"El Digital de Asturias\",\"description\":\"Revista de ocio, turismo y estilo de vida\",\"inLanguage\":\"es-ES\",\"publisher\":{\"@id\":\"https:\\\/\\\/eldigitaldeasturias.com\\\/magazine365\\\/#organization\"}}]}\n\t\t<\/script>\n\t\t<!-- All in One SEO Pro -->\r\n\t\t<title>Pep Guardiola se casa con Cristina Serra en Matadepera | El Digital de Asturias<\/title>\n\n","aioseo_head_json":{"title":"Pep Guardiola se casa con Cristina Serra en Matadepera | El Digital de Asturias","description":"Matadepera (Barcelona), 29 may (EFE).- El exentrenador del Bar\u00e7a y actual t\u00e9cnico del Bayern de M\u00fanich, Pep Guardiola, se ha casado esta ma\u00f1ana en el ayuntamiento de Matadepera (Barcelona) con su pareja desde hace m\u00e1s de veinte a\u00f1os, Cristina Serra. La noticia ha sido dada a conocer por el ayuntamiento en su p\u00e1gina web, que","canonical_url":"https:\/\/eldigitaldeasturias.com\/magazine365\/pep-guardiola-se-casa-con-cristina-serra-en-matadepera\/","robots":"max-image-preview:large","keywords":"noticias y actualidad","webmasterTools":{"google-site-verification":"UA-38556648-1","miscellaneous":""},"schema":{"@context":"https:\/\/schema.org","@graph":[{"@type":"Article","@id":"https:\/\/eldigitaldeasturias.com\/magazine365\/pep-guardiola-se-casa-con-cristina-serra-en-matadepera\/#article","name":"Pep Guardiola se casa con Cristina Serra en Matadepera | El Digital de Asturias","headline":"Pep Guardiola se casa con Cristina Serra en Matadepera","author":{"@id":"https:\/\/eldigitaldeasturias.com\/magazine365\/author\/admin\/#author"},"publisher":{"@id":"https:\/\/eldigitaldeasturias.com\/magazine365\/#organization"},"image":{"@type":"ImageObject","url":"https:\/\/eldigitaldeasturias.com\/magazine365\/wp-content\/uploads\/2014\/05\/6313534w.jpg","width":800,"height":688},"datePublished":"2014-05-29T20:45:15+02:00","dateModified":"2014-05-29T20:45:15+02:00","inLanguage":"es-ES","mainEntityOfPage":{"@id":"https:\/\/eldigitaldeasturias.com\/magazine365\/pep-guardiola-se-casa-con-cristina-serra-en-matadepera\/#webpage"},"isPartOf":{"@id":"https:\/\/eldigitaldeasturias.com\/magazine365\/pep-guardiola-se-casa-con-cristina-serra-en-matadepera\/#webpage"},"articleSection":"Noticias y Actualidad"},{"@type":"BreadcrumbList","@id":"https:\/\/eldigitaldeasturias.com\/magazine365\/pep-guardiola-se-casa-con-cristina-serra-en-matadepera\/#breadcrumblist","itemListElement":[{"@type":"ListItem","@id":"https:\/\/eldigitaldeasturias.com\/magazine365#listItem","position":1,"name":"Home","item":"https:\/\/eldigitaldeasturias.com\/magazine365","nextItem":{"@type":"ListItem","@id":"https:\/\/eldigitaldeasturias.com\/magazine365\/category\/noticias-actualidad\/#listItem","name":"Noticias y Actualidad"}},{"@type":"ListItem","@id":"https:\/\/eldigitaldeasturias.com\/magazine365\/category\/noticias-actualidad\/#listItem","position":2,"name":"Noticias y Actualidad","item":"https:\/\/eldigitaldeasturias.com\/magazine365\/category\/noticias-actualidad\/","nextItem":{"@type":"ListItem","@id":"https:\/\/eldigitaldeasturias.com\/magazine365\/pep-guardiola-se-casa-con-cristina-serra-en-matadepera\/#listItem","name":"Pep Guardiola se casa con Cristina Serra en Matadepera"},"previousItem":{"@type":"ListItem","@id":"https:\/\/eldigitaldeasturias.com\/magazine365#listItem","name":"Home"}},{"@type":"ListItem","@id":"https:\/\/eldigitaldeasturias.com\/magazine365\/pep-guardiola-se-casa-con-cristina-serra-en-matadepera\/#listItem","position":3,"name":"Pep Guardiola se casa con Cristina Serra en Matadepera","previousItem":{"@type":"ListItem","@id":"https:\/\/eldigitaldeasturias.com\/magazine365\/category\/noticias-actualidad\/#listItem","name":"Noticias y Actualidad"}}]},{"@type":"Organization","@id":"https:\/\/eldigitaldeasturias.com\/magazine365\/#organization","name":"El digital de Asturias","description":"Revista de ocio, turismo y estilo de vida","url":"https:\/\/eldigitaldeasturias.com\/magazine365\/","logo":{"@type":"ImageObject","url":"https:\/\/www.eldigitaldeasturias.com\/noticias\/wp-content\/uploads\/2020\/12\/EDA.jpg","@id":"https:\/\/eldigitaldeasturias.com\/magazine365\/pep-guardiola-se-casa-con-cristina-serra-en-matadepera\/#organizationLogo"},"image":{"@id":"https:\/\/eldigitaldeasturias.com\/magazine365\/pep-guardiola-se-casa-con-cristina-serra-en-matadepera\/#organizationLogo"}},{"@type":"Person","@id":"https:\/\/eldigitaldeasturias.com\/magazine365\/author\/admin\/#author","url":"https:\/\/eldigitaldeasturias.com\/magazine365\/author\/admin\/","name":"admin","image":{"@type":"ImageObject","@id":"https:\/\/eldigitaldeasturias.com\/magazine365\/pep-guardiola-se-casa-con-cristina-serra-en-matadepera\/#authorImage","url":"https:\/\/eldigitaldeasturias.com\/magazine365\/wp-content\/litespeed\/avatar\/e571bcf59a0edd6fa6838245a470f2fe.jpg?ver=1777574230","width":96,"height":96,"caption":"admin"}},{"@type":"WebPage","@id":"https:\/\/eldigitaldeasturias.com\/magazine365\/pep-guardiola-se-casa-con-cristina-serra-en-matadepera\/#webpage","url":"https:\/\/eldigitaldeasturias.com\/magazine365\/pep-guardiola-se-casa-con-cristina-serra-en-matadepera\/","name":"Pep Guardiola se casa con Cristina Serra en Matadepera | El Digital de Asturias","description":"Matadepera (Barcelona), 29 may (EFE).- El exentrenador del Bar\u00e7a y actual t\u00e9cnico del Bayern de M\u00fanich, Pep Guardiola, se ha casado esta ma\u00f1ana en el ayuntamiento de Matadepera (Barcelona) con su pareja desde hace m\u00e1s de veinte a\u00f1os, Cristina Serra. La noticia ha sido dada a conocer por el ayuntamiento en su p\u00e1gina web, que","inLanguage":"es-ES","isPartOf":{"@id":"https:\/\/eldigitaldeasturias.com\/magazine365\/#website"},"breadcrumb":{"@id":"https:\/\/eldigitaldeasturias.com\/magazine365\/pep-guardiola-se-casa-con-cristina-serra-en-matadepera\/#breadcrumblist"},"author":{"@id":"https:\/\/eldigitaldeasturias.com\/magazine365\/author\/admin\/#author"},"creator":{"@id":"https:\/\/eldigitaldeasturias.com\/magazine365\/author\/admin\/#author"},"image":{"@type":"ImageObject","url":"https:\/\/eldigitaldeasturias.com\/magazine365\/wp-content\/uploads\/2014\/05\/6313534w.jpg","@id":"https:\/\/eldigitaldeasturias.com\/magazine365\/pep-guardiola-se-casa-con-cristina-serra-en-matadepera\/#mainImage","width":800,"height":688},"primaryImageOfPage":{"@id":"https:\/\/eldigitaldeasturias.com\/magazine365\/pep-guardiola-se-casa-con-cristina-serra-en-matadepera\/#mainImage"},"datePublished":"2014-05-29T20:45:15+02:00","dateModified":"2014-05-29T20:45:15+02:00"},{"@type":"WebSite","@id":"https:\/\/eldigitaldeasturias.com\/magazine365\/#website","url":"https:\/\/eldigitaldeasturias.com\/magazine365\/","name":"El Digital de Asturias","description":"Revista de ocio, turismo y estilo de vida","inLanguage":"es-ES","publisher":{"@id":"https:\/\/eldigitaldeasturias.com\/magazine365\/#organization"}}]},"og:locale":"es_ES","og:site_name":"El Digital de Asturias \u2013 Revista de ocio, turismo y estilo de vida","og:type":"article","og:title":"Pep Guardiola se casa con Cristina Serra en Matadepera | El Digital de Asturias","og:description":"Matadepera (Barcelona), 29 may (EFE).- El exentrenador del Bar\u00e7a y actual t\u00e9cnico del Bayern de M\u00fanich, Pep Guardiola, se ha casado esta ma\u00f1ana en el ayuntamiento de Matadepera (Barcelona) con su pareja desde hace m\u00e1s de veinte a\u00f1os, Cristina Serra. La noticia ha sido dada a conocer por el ayuntamiento en su p\u00e1gina web, que","og:url":"https:\/\/eldigitaldeasturias.com\/magazine365\/pep-guardiola-se-casa-con-cristina-serra-en-matadepera\/","og:image":"https:\/\/eldigitaldeasturias.com\/magazine365\/wp-content\/uploads\/2014\/05\/6313534w.jpg","og:image:secure_url":"https:\/\/eldigitaldeasturias.com\/magazine365\/wp-content\/uploads\/2014\/05\/6313534w.jpg","og:image:width":800,"og:image:height":688,"article:published_time":"2014-05-29T22:45:15+00:00","article:modified_time":"2014-05-29T22:45:15+00:00","twitter:card":"summary_large_image","twitter:title":"Pep Guardiola se casa con Cristina Serra en Matadepera | El Digital de Asturias","twitter:description":"Matadepera (Barcelona), 29 may (EFE).- El exentrenador del Bar\u00e7a y actual t\u00e9cnico del Bayern de M\u00fanich, Pep Guardiola, se ha casado esta ma\u00f1ana en el ayuntamiento de Matadepera (Barcelona) con su pareja desde hace m\u00e1s de veinte a\u00f1os, Cristina Serra. La noticia ha sido dada a conocer por el ayuntamiento en su p\u00e1gina web, que","twitter:image":"https:\/\/eldigitaldeasturias.com\/magazine365\/wp-content\/uploads\/2014\/05\/6313534w.jpg"},"aioseo_meta_data":{"post_id":"14319","title":null,"description":null,"keywords":null,"keyphrases":null,"primary_term":null,"canonical_url":null,"og_title":null,"og_description":null,"og_object_type":"default","og_image_type":"default","og_image_url":null,"og_image_width":null,"og_image_height":null,"og_image_custom_url":null,"og_image_custom_fields":null,"og_video":null,"og_custom_url":null,"og_article_section":null,"og_article_tags":null,"twitter_use_og":false,"twitter_card":"default","twitter_image_type":"default","twitter_image_url":null,"twitter_image_custom_url":null,"twitter_image_custom_fields":null,"twitter_title":null,"twitter_description":null,"schema":{"blockGraphs":[],"customGraphs":[],"default":{"data":{"Article":[],"Course":[],"Dataset":[],"FAQPage":[],"Movie":[],"Person":[],"Product":[],"ProductReview":[],"Car":[],"Recipe":[],"Service":[],"SoftwareApplication":[],"WebPage":[]},"graphName":"","isEnabled":true},"graphs":[],"defaultGraph":"","defaultPostTypeGraph":""},"schema_type":null,"schema_type_options":null,"pillar_content":false,"robots_default":true,"robots_noindex":false,"robots_noarchive":false,"robots_nosnippet":false,"robots_nofollow":false,"robots_noimageindex":false,"robots_noodp":false,"robots_notranslate":false,"robots_max_snippet":null,"robots_max_videopreview":null,"robots_max_imagepreview":"large","priority":null,"frequency":null,"location":null,"local_seo":null,"seo_analyzer_scan_date":"2025-09-17 09:54:53","breadcrumb_settings":null,"limit_modified_date":false,"open_ai":null,"ai":null,"created":"2021-03-09 08:16:48","updated":"2025-09-17 09:54:53"},"aioseo_breadcrumb":"<div class=\"aioseo-breadcrumbs\"><span class=\"aioseo-breadcrumb\">\n\t<a href=\"https:\/\/eldigitaldeasturias.com\/magazine365\" title=\"Home\">Home<\/a>\n<\/span><span class=\"aioseo-breadcrumb-separator\">\u2013<\/span><span class=\"aioseo-breadcrumb\">\n\t<a href=\"https:\/\/eldigitaldeasturias.com\/magazine365\/category\/noticias-actualidad\/\" title=\"Noticias y Actualidad\">Noticias y Actualidad<\/a>\n<\/span><span class=\"aioseo-breadcrumb-separator\">\u2013<\/span><span class=\"aioseo-breadcrumb\">\n\t<a href=\"https:\/\/eldigitaldeasturias.com\/magazine365\/pep-guardiola-se-casa-con-cristina-serra-en-matadepera\/\" title=\"Pep Guardiola se casa con Cristina Serra en Matadepera\">Pep Guardiola se casa con Cristina Serra en Matadepera<\/a>\n<\/span><\/div>","aioseo_breadcrumb_json":[{"label":"Home","link":"https:\/\/eldigitaldeasturias.com\/magazine365"},{"label":"Noticias y Actualidad","link":"https:\/\/eldigitaldeasturias.com\/magazine365\/category\/noticias-actualidad\/"},{"label":"Pep Guardiola se casa con Cristina Serra en Matadepera","link":"https:\/\/eldigitaldeasturias.com\/magazine365\/pep-guardiola-se-casa-con-cristina-serra-en-matadepera\/"}],"_links":{"self":[{"href":"https:\/\/eldigitaldeasturias.com\/magazine365\/wp-json\/wp\/v2\/posts\/14319","targetHints":{"allow":["GET"]}}],"collection":[{"href":"https:\/\/eldigitaldeasturias.com\/magazine365\/wp-json\/wp\/v2\/posts"}],"about":[{"href":"https:\/\/eldigitaldeasturias.com\/magazine365\/wp-json\/wp\/v2\/types\/post"}],"author":[{"embeddable":true,"href":"https:\/\/eldigitaldeasturias.com\/magazine365\/wp-json\/wp\/v2\/users\/1"}],"replies":[{"embeddable":true,"href":"https:\/\/eldigitaldeasturias.com\/magazine365\/wp-json\/wp\/v2\/comments?post=14319"}],"version-history":[{"count":0,"href":"https:\/\/eldigitaldeasturias.com\/magazine365\/wp-json\/wp\/v2\/posts\/14319\/revisions"}],"wp:featuredmedia":[{"embeddable":true,"href":"https:\/\/eldigitaldeasturias.com\/magazine365\/wp-json\/wp\/v2\/media\/14320"}],"wp:attachment":[{"href":"https:\/\/eldigitaldeasturias.com\/magazine365\/wp-json\/wp\/v2\/media?parent=14319"}],"wp:term":[{"taxonomy":"category","embeddable":true,"href":"https:\/\/eldigitaldeasturias.com\/magazine365\/wp-json\/wp\/v2\/categories?post=14319"},{"taxonomy":"post_tag","embeddable":true,"href":"https:\/\/eldigitaldeasturias.com\/magazine365\/wp-json\/wp\/v2\/tags?post=14319"}],"curies":[{"name":"wp","href":"https:\/\/api.w.org\/{rel}","templated":true}]}}