{"id":14316,"date":"2014-05-29T20:42:25","date_gmt":"2014-05-29T22:42:25","guid":{"rendered":"http:\/\/eldigitaldeasturias.com\/magazine365\/?p=14316"},"modified":"2014-05-29T20:42:25","modified_gmt":"2014-05-29T22:42:25","slug":"los-oncologos-alertan-de-que-el-tabaco-causa-mas-de-una-decena-de-tumores","status":"publish","type":"post","link":"https:\/\/eldigitaldeasturias.com\/magazine365\/los-oncologos-alertan-de-que-el-tabaco-causa-mas-de-una-decena-de-tumores\/","title":{"rendered":"Los onc\u00f3logos alertan de que el tabaco causa m\u00e1s de una decena de tumores"},"content":{"rendered":"<p><img fetchpriority=\"high\" decoding=\"async\" class=\"alignleft size-medium wp-image-14317\" alt=\"6313359w\" src=\"https:\/\/eldigitaldeasturias.com\/magazine365\/wp-content\/uploads\/2014\/05\/6313359w-360x248.jpg\" width=\"360\" height=\"248\" \/>Madrid, 29 may (EFE).- La Sociedad Espa\u00f1ola de Oncolog\u00eda M\u00e9dica (Seom) ha alertado hoy de que el tabaco es la principal causa de m\u00e1s de una decena de tumores, con motivo del D\u00eda Mundial sin Tabaco que se conmemora cada 31 de mayo.<\/p>\n<p>En base a los patrones actuales de consumo, se\u00f1ala la organizaci\u00f3n, aproximadamente 450 millones de personas adultas fallecer\u00e1n por el tabaco entre los a\u00f1os 2000 y 2050. Al menos, la mitad de ellas morir\u00e1n entre los 30 y los 69 a\u00f1os.<\/p>\n<p>El tabaco participa como agente causal en el c\u00e1ncer de pulm\u00f3n, cavidad oral, faringe, laringe, es\u00f3fago, est\u00f3mago, cuello de \u00fatero, vejiga, ri\u00f1\u00f3n, p\u00e1ncreas y pr\u00f3stata, adem\u00e1s de la leucemia mieloide aguda.<\/p>\n<p>Seom puntualiza que el c\u00e1ncer de pulm\u00f3n en los hombres alcanz\u00f3 su punto m\u00e1ximo a finales de 1980 y, desde entonces, ha ca\u00eddo en cerca de un tercio hasta los 36 casos por cada 100.000 hombres\/a\u00f1o en los pa\u00edses de la Uni\u00f3n Europea.<\/p>\n<p>Los datos se sit\u00faan ya por encima de los encontrados en EEUU, con 30 casos\/100.000. Por el contrario, en las mujeres, las tasas se han incrementado durante estos \u00faltimos a\u00f1os y se prev\u00e9 que para el a\u00f1o 2014 se sit\u00fae en 14,1 casos por cada 100.000.<\/p>\n<p>Mientras tanto, en la UE las tasas de mortalidad por c\u00e1ncer de mama en la mujer cayeron m\u00e1s del 8 % en 5 a\u00f1os a 14,5\/100.000, lo que apunta que el c\u00e1ncer de pulm\u00f3n se convertir\u00e1 en la primera causa de muerte en las mujeres en los pr\u00f3ximos a\u00f1os.<\/p>\n<p>Esto indica que el h\u00e1bito de fumar sigue siendo el determinante m\u00e1s fuerte de la mortalidad por c\u00e1ncer en la UE, seg\u00fan los expertos.<\/p>\n<p>Se estima que el efecto carcin\u00f3geno del tabaco se asocia al 16-40 % de los casos de c\u00e1ncer en general. De ah\u00ed que el hecho de no fumar se considere en la actualidad como la mejor medida preventiva frente al c\u00e1ncer.<\/p>\n","protected":false},"excerpt":{"rendered":"<p>Madrid, 29 may (EFE).- La Sociedad Espa\u00f1ola de Oncolog\u00eda M\u00e9dica (Seom) ha alertado hoy de que el tabaco es la principal causa de m\u00e1s de una decena de tumores, con motivo del D\u00eda Mundial sin Tabaco que se conmemora cada 31 de mayo. En base a los patrones actuales de consumo, se\u00f1ala la organizaci\u00f3n, aproximadamente<\/p>\n","protected":false},"author":1,"featured_media":14317,"comment_status":"open","ping_status":"closed","sticky":false,"template":"","format":"standard","meta":{"footnotes":""},"categories":[224],"tags":[],"class_list":{"0":"post-14316","1":"post","2":"type-post","3":"status-publish","4":"format-standard","5":"has-post-thumbnail","7":"category-noticias-actualidad"},"aioseo_notices":[],"aioseo_head":"\n\t\t<!-- All in One SEO Pro 4.9.6.1 - aioseo.com -->\n\t<meta name=\"description\" content=\"Madrid, 29 may (EFE).- La Sociedad Espa\u00f1ola de Oncolog\u00eda M\u00e9dica (Seom) ha alertado hoy de que el tabaco es la principal causa de m\u00e1s de una decena de tumores, con motivo del D\u00eda Mundial sin Tabaco que se conmemora cada 31 de mayo. En base a los patrones actuales de consumo, se\u00f1ala la organizaci\u00f3n, aproximadamente\" \/>\n\t<meta name=\"robots\" content=\"max-image-preview:large\" \/>\n\t<meta name=\"author\" content=\"admin\"\/>\n\t<meta name=\"google-site-verification\" content=\"UA-38556648-1\" \/>\n\t<meta name=\"keywords\" content=\"noticias y actualidad\" \/>\n\t<link rel=\"canonical\" href=\"https:\/\/eldigitaldeasturias.com\/magazine365\/los-oncologos-alertan-de-que-el-tabaco-causa-mas-de-una-decena-de-tumores\/\" \/>\n\t<meta name=\"generator\" content=\"All in One SEO Pro (AIOSEO) 4.9.6.1\" \/>\n\t\t<meta property=\"og:locale\" content=\"es_ES\" \/>\n\t\t<meta property=\"og:site_name\" content=\"El Digital de Asturias \u2013 Revista de ocio, turismo y estilo de vida\" \/>\n\t\t<meta property=\"og:type\" content=\"article\" \/>\n\t\t<meta property=\"og:title\" content=\"Los onc\u00f3logos alertan de que el tabaco causa m\u00e1s de una decena de tumores | El Digital de Asturias\" \/>\n\t\t<meta property=\"og:description\" content=\"Madrid, 29 may (EFE).- La Sociedad Espa\u00f1ola de Oncolog\u00eda M\u00e9dica (Seom) ha alertado hoy de que el tabaco es la principal causa de m\u00e1s de una decena de tumores, con motivo del D\u00eda Mundial sin Tabaco que se conmemora cada 31 de mayo. En base a los patrones actuales de consumo, se\u00f1ala la organizaci\u00f3n, aproximadamente\" \/>\n\t\t<meta property=\"og:url\" content=\"https:\/\/eldigitaldeasturias.com\/magazine365\/los-oncologos-alertan-de-que-el-tabaco-causa-mas-de-una-decena-de-tumores\/\" \/>\n\t\t<meta property=\"og:image\" content=\"https:\/\/eldigitaldeasturias.com\/magazine365\/wp-content\/uploads\/2014\/05\/6313359w.jpg\" \/>\n\t\t<meta property=\"og:image:secure_url\" content=\"https:\/\/eldigitaldeasturias.com\/magazine365\/wp-content\/uploads\/2014\/05\/6313359w.jpg\" \/>\n\t\t<meta property=\"og:image:width\" content=\"800\" \/>\n\t\t<meta property=\"og:image:height\" content=\"553\" \/>\n\t\t<meta property=\"article:published_time\" content=\"2014-05-29T22:42:25+00:00\" \/>\n\t\t<meta property=\"article:modified_time\" content=\"2014-05-29T22:42:25+00:00\" \/>\n\t\t<meta name=\"twitter:card\" content=\"summary_large_image\" \/>\n\t\t<meta name=\"twitter:title\" content=\"Los onc\u00f3logos alertan de que el tabaco causa m\u00e1s de una decena de tumores | El Digital de Asturias\" \/>\n\t\t<meta name=\"twitter:description\" content=\"Madrid, 29 may (EFE).- La Sociedad Espa\u00f1ola de Oncolog\u00eda M\u00e9dica (Seom) ha alertado hoy de que el tabaco es la principal causa de m\u00e1s de una decena de tumores, con motivo del D\u00eda Mundial sin Tabaco que se conmemora cada 31 de mayo. En base a los patrones actuales de consumo, se\u00f1ala la organizaci\u00f3n, aproximadamente\" \/>\n\t\t<meta name=\"twitter:image\" content=\"https:\/\/eldigitaldeasturias.com\/magazine365\/wp-content\/uploads\/2014\/05\/6313359w.jpg\" \/>\n\t\t<script type=\"application\/ld+json\" class=\"aioseo-schema\">\n\t\t\t{\"@context\":\"https:\\\/\\\/schema.org\",\"@graph\":[{\"@type\":\"Article\",\"@id\":\"https:\\\/\\\/eldigitaldeasturias.com\\\/magazine365\\\/los-oncologos-alertan-de-que-el-tabaco-causa-mas-de-una-decena-de-tumores\\\/#article\",\"name\":\"Los onc\\u00f3logos alertan de que el tabaco causa m\\u00e1s de una decena de tumores | El Digital de Asturias\",\"headline\":\"Los onc\\u00f3logos alertan de que el tabaco causa m\\u00e1s de una decena de tumores\",\"author\":{\"@id\":\"https:\\\/\\\/eldigitaldeasturias.com\\\/magazine365\\\/author\\\/admin\\\/#author\"},\"publisher\":{\"@id\":\"https:\\\/\\\/eldigitaldeasturias.com\\\/magazine365\\\/#organization\"},\"image\":{\"@type\":\"ImageObject\",\"url\":\"https:\\\/\\\/eldigitaldeasturias.com\\\/magazine365\\\/wp-content\\\/uploads\\\/2014\\\/05\\\/6313359w.jpg\",\"width\":800,\"height\":553},\"datePublished\":\"2014-05-29T20:42:25+02:00\",\"dateModified\":\"2014-05-29T20:42:25+02:00\",\"inLanguage\":\"es-ES\",\"mainEntityOfPage\":{\"@id\":\"https:\\\/\\\/eldigitaldeasturias.com\\\/magazine365\\\/los-oncologos-alertan-de-que-el-tabaco-causa-mas-de-una-decena-de-tumores\\\/#webpage\"},\"isPartOf\":{\"@id\":\"https:\\\/\\\/eldigitaldeasturias.com\\\/magazine365\\\/los-oncologos-alertan-de-que-el-tabaco-causa-mas-de-una-decena-de-tumores\\\/#webpage\"},\"articleSection\":\"Noticias y Actualidad\"},{\"@type\":\"BreadcrumbList\",\"@id\":\"https:\\\/\\\/eldigitaldeasturias.com\\\/magazine365\\\/los-oncologos-alertan-de-que-el-tabaco-causa-mas-de-una-decena-de-tumores\\\/#breadcrumblist\",\"itemListElement\":[{\"@type\":\"ListItem\",\"@id\":\"https:\\\/\\\/eldigitaldeasturias.com\\\/magazine365#listItem\",\"position\":1,\"name\":\"Home\",\"item\":\"https:\\\/\\\/eldigitaldeasturias.com\\\/magazine365\",\"nextItem\":{\"@type\":\"ListItem\",\"@id\":\"https:\\\/\\\/eldigitaldeasturias.com\\\/magazine365\\\/category\\\/noticias-actualidad\\\/#listItem\",\"name\":\"Noticias y Actualidad\"}},{\"@type\":\"ListItem\",\"@id\":\"https:\\\/\\\/eldigitaldeasturias.com\\\/magazine365\\\/category\\\/noticias-actualidad\\\/#listItem\",\"position\":2,\"name\":\"Noticias y Actualidad\",\"item\":\"https:\\\/\\\/eldigitaldeasturias.com\\\/magazine365\\\/category\\\/noticias-actualidad\\\/\",\"nextItem\":{\"@type\":\"ListItem\",\"@id\":\"https:\\\/\\\/eldigitaldeasturias.com\\\/magazine365\\\/los-oncologos-alertan-de-que-el-tabaco-causa-mas-de-una-decena-de-tumores\\\/#listItem\",\"name\":\"Los onc\\u00f3logos alertan de que el tabaco causa m\\u00e1s de una decena de tumores\"},\"previousItem\":{\"@type\":\"ListItem\",\"@id\":\"https:\\\/\\\/eldigitaldeasturias.com\\\/magazine365#listItem\",\"name\":\"Home\"}},{\"@type\":\"ListItem\",\"@id\":\"https:\\\/\\\/eldigitaldeasturias.com\\\/magazine365\\\/los-oncologos-alertan-de-que-el-tabaco-causa-mas-de-una-decena-de-tumores\\\/#listItem\",\"position\":3,\"name\":\"Los onc\\u00f3logos alertan de que el tabaco causa m\\u00e1s de una decena de tumores\",\"previousItem\":{\"@type\":\"ListItem\",\"@id\":\"https:\\\/\\\/eldigitaldeasturias.com\\\/magazine365\\\/category\\\/noticias-actualidad\\\/#listItem\",\"name\":\"Noticias y Actualidad\"}}]},{\"@type\":\"Organization\",\"@id\":\"https:\\\/\\\/eldigitaldeasturias.com\\\/magazine365\\\/#organization\",\"name\":\"El digital de Asturias\",\"description\":\"Revista de ocio, turismo y estilo de vida\",\"url\":\"https:\\\/\\\/eldigitaldeasturias.com\\\/magazine365\\\/\",\"logo\":{\"@type\":\"ImageObject\",\"url\":\"https:\\\/\\\/www.eldigitaldeasturias.com\\\/noticias\\\/wp-content\\\/uploads\\\/2020\\\/12\\\/EDA.jpg\",\"@id\":\"https:\\\/\\\/eldigitaldeasturias.com\\\/magazine365\\\/los-oncologos-alertan-de-que-el-tabaco-causa-mas-de-una-decena-de-tumores\\\/#organizationLogo\"},\"image\":{\"@id\":\"https:\\\/\\\/eldigitaldeasturias.com\\\/magazine365\\\/los-oncologos-alertan-de-que-el-tabaco-causa-mas-de-una-decena-de-tumores\\\/#organizationLogo\"}},{\"@type\":\"Person\",\"@id\":\"https:\\\/\\\/eldigitaldeasturias.com\\\/magazine365\\\/author\\\/admin\\\/#author\",\"url\":\"https:\\\/\\\/eldigitaldeasturias.com\\\/magazine365\\\/author\\\/admin\\\/\",\"name\":\"admin\",\"image\":{\"@type\":\"ImageObject\",\"@id\":\"https:\\\/\\\/eldigitaldeasturias.com\\\/magazine365\\\/los-oncologos-alertan-de-que-el-tabaco-causa-mas-de-una-decena-de-tumores\\\/#authorImage\",\"url\":\"https:\\\/\\\/eldigitaldeasturias.com\\\/magazine365\\\/wp-content\\\/litespeed\\\/avatar\\\/e571bcf59a0edd6fa6838245a470f2fe.jpg?ver=1777574230\",\"width\":96,\"height\":96,\"caption\":\"admin\"}},{\"@type\":\"WebPage\",\"@id\":\"https:\\\/\\\/eldigitaldeasturias.com\\\/magazine365\\\/los-oncologos-alertan-de-que-el-tabaco-causa-mas-de-una-decena-de-tumores\\\/#webpage\",\"url\":\"https:\\\/\\\/eldigitaldeasturias.com\\\/magazine365\\\/los-oncologos-alertan-de-que-el-tabaco-causa-mas-de-una-decena-de-tumores\\\/\",\"name\":\"Los onc\\u00f3logos alertan de que el tabaco causa m\\u00e1s de una decena de tumores | El Digital de Asturias\",\"description\":\"Madrid, 29 may (EFE).- La Sociedad Espa\\u00f1ola de Oncolog\\u00eda M\\u00e9dica (Seom) ha alertado hoy de que el tabaco es la principal causa de m\\u00e1s de una decena de tumores, con motivo del D\\u00eda Mundial sin Tabaco que se conmemora cada 31 de mayo. En base a los patrones actuales de consumo, se\\u00f1ala la organizaci\\u00f3n, aproximadamente\",\"inLanguage\":\"es-ES\",\"isPartOf\":{\"@id\":\"https:\\\/\\\/eldigitaldeasturias.com\\\/magazine365\\\/#website\"},\"breadcrumb\":{\"@id\":\"https:\\\/\\\/eldigitaldeasturias.com\\\/magazine365\\\/los-oncologos-alertan-de-que-el-tabaco-causa-mas-de-una-decena-de-tumores\\\/#breadcrumblist\"},\"author\":{\"@id\":\"https:\\\/\\\/eldigitaldeasturias.com\\\/magazine365\\\/author\\\/admin\\\/#author\"},\"creator\":{\"@id\":\"https:\\\/\\\/eldigitaldeasturias.com\\\/magazine365\\\/author\\\/admin\\\/#author\"},\"image\":{\"@type\":\"ImageObject\",\"url\":\"https:\\\/\\\/eldigitaldeasturias.com\\\/magazine365\\\/wp-content\\\/uploads\\\/2014\\\/05\\\/6313359w.jpg\",\"@id\":\"https:\\\/\\\/eldigitaldeasturias.com\\\/magazine365\\\/los-oncologos-alertan-de-que-el-tabaco-causa-mas-de-una-decena-de-tumores\\\/#mainImage\",\"width\":800,\"height\":553},\"primaryImageOfPage\":{\"@id\":\"https:\\\/\\\/eldigitaldeasturias.com\\\/magazine365\\\/los-oncologos-alertan-de-que-el-tabaco-causa-mas-de-una-decena-de-tumores\\\/#mainImage\"},\"datePublished\":\"2014-05-29T20:42:25+02:00\",\"dateModified\":\"2014-05-29T20:42:25+02:00\"},{\"@type\":\"WebSite\",\"@id\":\"https:\\\/\\\/eldigitaldeasturias.com\\\/magazine365\\\/#website\",\"url\":\"https:\\\/\\\/eldigitaldeasturias.com\\\/magazine365\\\/\",\"name\":\"El Digital de Asturias\",\"description\":\"Revista de ocio, turismo y estilo de vida\",\"inLanguage\":\"es-ES\",\"publisher\":{\"@id\":\"https:\\\/\\\/eldigitaldeasturias.com\\\/magazine365\\\/#organization\"}}]}\n\t\t<\/script>\n\t\t<!-- All in One SEO Pro -->\r\n\t\t<title>Los onc\u00f3logos alertan de que el tabaco causa m\u00e1s de una decena de tumores | El Digital de Asturias<\/title>\n\n","aioseo_head_json":{"title":"Los onc\u00f3logos alertan de que el tabaco causa m\u00e1s de una decena de tumores | El Digital de Asturias","description":"Madrid, 29 may (EFE).- La Sociedad Espa\u00f1ola de Oncolog\u00eda M\u00e9dica (Seom) ha alertado hoy de que el tabaco es la principal causa de m\u00e1s de una decena de tumores, con motivo del D\u00eda Mundial sin Tabaco que se conmemora cada 31 de mayo. En base a los patrones actuales de consumo, se\u00f1ala la organizaci\u00f3n, aproximadamente","canonical_url":"https:\/\/eldigitaldeasturias.com\/magazine365\/los-oncologos-alertan-de-que-el-tabaco-causa-mas-de-una-decena-de-tumores\/","robots":"max-image-preview:large","keywords":"noticias y actualidad","webmasterTools":{"google-site-verification":"UA-38556648-1","miscellaneous":""},"schema":{"@context":"https:\/\/schema.org","@graph":[{"@type":"Article","@id":"https:\/\/eldigitaldeasturias.com\/magazine365\/los-oncologos-alertan-de-que-el-tabaco-causa-mas-de-una-decena-de-tumores\/#article","name":"Los onc\u00f3logos alertan de que el tabaco causa m\u00e1s de una decena de tumores | El Digital de Asturias","headline":"Los onc\u00f3logos alertan de que el tabaco causa m\u00e1s de una decena de tumores","author":{"@id":"https:\/\/eldigitaldeasturias.com\/magazine365\/author\/admin\/#author"},"publisher":{"@id":"https:\/\/eldigitaldeasturias.com\/magazine365\/#organization"},"image":{"@type":"ImageObject","url":"https:\/\/eldigitaldeasturias.com\/magazine365\/wp-content\/uploads\/2014\/05\/6313359w.jpg","width":800,"height":553},"datePublished":"2014-05-29T20:42:25+02:00","dateModified":"2014-05-29T20:42:25+02:00","inLanguage":"es-ES","mainEntityOfPage":{"@id":"https:\/\/eldigitaldeasturias.com\/magazine365\/los-oncologos-alertan-de-que-el-tabaco-causa-mas-de-una-decena-de-tumores\/#webpage"},"isPartOf":{"@id":"https:\/\/eldigitaldeasturias.com\/magazine365\/los-oncologos-alertan-de-que-el-tabaco-causa-mas-de-una-decena-de-tumores\/#webpage"},"articleSection":"Noticias y Actualidad"},{"@type":"BreadcrumbList","@id":"https:\/\/eldigitaldeasturias.com\/magazine365\/los-oncologos-alertan-de-que-el-tabaco-causa-mas-de-una-decena-de-tumores\/#breadcrumblist","itemListElement":[{"@type":"ListItem","@id":"https:\/\/eldigitaldeasturias.com\/magazine365#listItem","position":1,"name":"Home","item":"https:\/\/eldigitaldeasturias.com\/magazine365","nextItem":{"@type":"ListItem","@id":"https:\/\/eldigitaldeasturias.com\/magazine365\/category\/noticias-actualidad\/#listItem","name":"Noticias y Actualidad"}},{"@type":"ListItem","@id":"https:\/\/eldigitaldeasturias.com\/magazine365\/category\/noticias-actualidad\/#listItem","position":2,"name":"Noticias y Actualidad","item":"https:\/\/eldigitaldeasturias.com\/magazine365\/category\/noticias-actualidad\/","nextItem":{"@type":"ListItem","@id":"https:\/\/eldigitaldeasturias.com\/magazine365\/los-oncologos-alertan-de-que-el-tabaco-causa-mas-de-una-decena-de-tumores\/#listItem","name":"Los onc\u00f3logos alertan de que el tabaco causa m\u00e1s de una decena de tumores"},"previousItem":{"@type":"ListItem","@id":"https:\/\/eldigitaldeasturias.com\/magazine365#listItem","name":"Home"}},{"@type":"ListItem","@id":"https:\/\/eldigitaldeasturias.com\/magazine365\/los-oncologos-alertan-de-que-el-tabaco-causa-mas-de-una-decena-de-tumores\/#listItem","position":3,"name":"Los onc\u00f3logos alertan de que el tabaco causa m\u00e1s de una decena de tumores","previousItem":{"@type":"ListItem","@id":"https:\/\/eldigitaldeasturias.com\/magazine365\/category\/noticias-actualidad\/#listItem","name":"Noticias y Actualidad"}}]},{"@type":"Organization","@id":"https:\/\/eldigitaldeasturias.com\/magazine365\/#organization","name":"El digital de Asturias","description":"Revista de ocio, turismo y estilo de vida","url":"https:\/\/eldigitaldeasturias.com\/magazine365\/","logo":{"@type":"ImageObject","url":"https:\/\/www.eldigitaldeasturias.com\/noticias\/wp-content\/uploads\/2020\/12\/EDA.jpg","@id":"https:\/\/eldigitaldeasturias.com\/magazine365\/los-oncologos-alertan-de-que-el-tabaco-causa-mas-de-una-decena-de-tumores\/#organizationLogo"},"image":{"@id":"https:\/\/eldigitaldeasturias.com\/magazine365\/los-oncologos-alertan-de-que-el-tabaco-causa-mas-de-una-decena-de-tumores\/#organizationLogo"}},{"@type":"Person","@id":"https:\/\/eldigitaldeasturias.com\/magazine365\/author\/admin\/#author","url":"https:\/\/eldigitaldeasturias.com\/magazine365\/author\/admin\/","name":"admin","image":{"@type":"ImageObject","@id":"https:\/\/eldigitaldeasturias.com\/magazine365\/los-oncologos-alertan-de-que-el-tabaco-causa-mas-de-una-decena-de-tumores\/#authorImage","url":"https:\/\/eldigitaldeasturias.com\/magazine365\/wp-content\/litespeed\/avatar\/e571bcf59a0edd6fa6838245a470f2fe.jpg?ver=1777574230","width":96,"height":96,"caption":"admin"}},{"@type":"WebPage","@id":"https:\/\/eldigitaldeasturias.com\/magazine365\/los-oncologos-alertan-de-que-el-tabaco-causa-mas-de-una-decena-de-tumores\/#webpage","url":"https:\/\/eldigitaldeasturias.com\/magazine365\/los-oncologos-alertan-de-que-el-tabaco-causa-mas-de-una-decena-de-tumores\/","name":"Los onc\u00f3logos alertan de que el tabaco causa m\u00e1s de una decena de tumores | El Digital de Asturias","description":"Madrid, 29 may (EFE).- La Sociedad Espa\u00f1ola de Oncolog\u00eda M\u00e9dica (Seom) ha alertado hoy de que el tabaco es la principal causa de m\u00e1s de una decena de tumores, con motivo del D\u00eda Mundial sin Tabaco que se conmemora cada 31 de mayo. En base a los patrones actuales de consumo, se\u00f1ala la organizaci\u00f3n, aproximadamente","inLanguage":"es-ES","isPartOf":{"@id":"https:\/\/eldigitaldeasturias.com\/magazine365\/#website"},"breadcrumb":{"@id":"https:\/\/eldigitaldeasturias.com\/magazine365\/los-oncologos-alertan-de-que-el-tabaco-causa-mas-de-una-decena-de-tumores\/#breadcrumblist"},"author":{"@id":"https:\/\/eldigitaldeasturias.com\/magazine365\/author\/admin\/#author"},"creator":{"@id":"https:\/\/eldigitaldeasturias.com\/magazine365\/author\/admin\/#author"},"image":{"@type":"ImageObject","url":"https:\/\/eldigitaldeasturias.com\/magazine365\/wp-content\/uploads\/2014\/05\/6313359w.jpg","@id":"https:\/\/eldigitaldeasturias.com\/magazine365\/los-oncologos-alertan-de-que-el-tabaco-causa-mas-de-una-decena-de-tumores\/#mainImage","width":800,"height":553},"primaryImageOfPage":{"@id":"https:\/\/eldigitaldeasturias.com\/magazine365\/los-oncologos-alertan-de-que-el-tabaco-causa-mas-de-una-decena-de-tumores\/#mainImage"},"datePublished":"2014-05-29T20:42:25+02:00","dateModified":"2014-05-29T20:42:25+02:00"},{"@type":"WebSite","@id":"https:\/\/eldigitaldeasturias.com\/magazine365\/#website","url":"https:\/\/eldigitaldeasturias.com\/magazine365\/","name":"El Digital de Asturias","description":"Revista de ocio, turismo y estilo de vida","inLanguage":"es-ES","publisher":{"@id":"https:\/\/eldigitaldeasturias.com\/magazine365\/#organization"}}]},"og:locale":"es_ES","og:site_name":"El Digital de Asturias \u2013 Revista de ocio, turismo y estilo de vida","og:type":"article","og:title":"Los onc\u00f3logos alertan de que el tabaco causa m\u00e1s de una decena de tumores | El Digital de Asturias","og:description":"Madrid, 29 may (EFE).- La Sociedad Espa\u00f1ola de Oncolog\u00eda M\u00e9dica (Seom) ha alertado hoy de que el tabaco es la principal causa de m\u00e1s de una decena de tumores, con motivo del D\u00eda Mundial sin Tabaco que se conmemora cada 31 de mayo. En base a los patrones actuales de consumo, se\u00f1ala la organizaci\u00f3n, aproximadamente","og:url":"https:\/\/eldigitaldeasturias.com\/magazine365\/los-oncologos-alertan-de-que-el-tabaco-causa-mas-de-una-decena-de-tumores\/","og:image":"https:\/\/eldigitaldeasturias.com\/magazine365\/wp-content\/uploads\/2014\/05\/6313359w.jpg","og:image:secure_url":"https:\/\/eldigitaldeasturias.com\/magazine365\/wp-content\/uploads\/2014\/05\/6313359w.jpg","og:image:width":800,"og:image:height":553,"article:published_time":"2014-05-29T22:42:25+00:00","article:modified_time":"2014-05-29T22:42:25+00:00","twitter:card":"summary_large_image","twitter:title":"Los onc\u00f3logos alertan de que el tabaco causa m\u00e1s de una decena de tumores | El Digital de Asturias","twitter:description":"Madrid, 29 may (EFE).- La Sociedad Espa\u00f1ola de Oncolog\u00eda M\u00e9dica (Seom) ha alertado hoy de que el tabaco es la principal causa de m\u00e1s de una decena de tumores, con motivo del D\u00eda Mundial sin Tabaco que se conmemora cada 31 de mayo. En base a los patrones actuales de consumo, se\u00f1ala la organizaci\u00f3n, aproximadamente","twitter:image":"https:\/\/eldigitaldeasturias.com\/magazine365\/wp-content\/uploads\/2014\/05\/6313359w.jpg"},"aioseo_meta_data":{"post_id":"14316","title":null,"description":null,"keywords":null,"keyphrases":null,"primary_term":null,"canonical_url":null,"og_title":null,"og_description":null,"og_object_type":"default","og_image_type":"default","og_image_url":null,"og_image_width":null,"og_image_height":null,"og_image_custom_url":null,"og_image_custom_fields":null,"og_video":null,"og_custom_url":null,"og_article_section":null,"og_article_tags":null,"twitter_use_og":false,"twitter_card":"default","twitter_image_type":"default","twitter_image_url":null,"twitter_image_custom_url":null,"twitter_image_custom_fields":null,"twitter_title":null,"twitter_description":null,"schema":{"blockGraphs":[],"customGraphs":[],"default":{"data":{"Article":[],"Course":[],"Dataset":[],"FAQPage":[],"Movie":[],"Person":[],"Product":[],"ProductReview":[],"Car":[],"Recipe":[],"Service":[],"SoftwareApplication":[],"WebPage":[]},"graphName":"","isEnabled":true},"graphs":[],"defaultGraph":"","defaultPostTypeGraph":""},"schema_type":null,"schema_type_options":null,"pillar_content":false,"robots_default":true,"robots_noindex":false,"robots_noarchive":false,"robots_nosnippet":false,"robots_nofollow":false,"robots_noimageindex":false,"robots_noodp":false,"robots_notranslate":false,"robots_max_snippet":null,"robots_max_videopreview":null,"robots_max_imagepreview":"large","priority":null,"frequency":null,"location":null,"local_seo":null,"seo_analyzer_scan_date":"2025-09-17 09:54:51","breadcrumb_settings":null,"limit_modified_date":false,"open_ai":null,"ai":null,"created":"2021-03-09 08:16:48","updated":"2025-09-17 09:54:51"},"aioseo_breadcrumb":"<div class=\"aioseo-breadcrumbs\"><span class=\"aioseo-breadcrumb\">\n\t<a href=\"https:\/\/eldigitaldeasturias.com\/magazine365\" title=\"Home\">Home<\/a>\n<\/span><span class=\"aioseo-breadcrumb-separator\">\u2013<\/span><span class=\"aioseo-breadcrumb\">\n\t<a href=\"https:\/\/eldigitaldeasturias.com\/magazine365\/category\/noticias-actualidad\/\" title=\"Noticias y Actualidad\">Noticias y Actualidad<\/a>\n<\/span><span class=\"aioseo-breadcrumb-separator\">\u2013<\/span><span class=\"aioseo-breadcrumb\">\n\t<a href=\"https:\/\/eldigitaldeasturias.com\/magazine365\/los-oncologos-alertan-de-que-el-tabaco-causa-mas-de-una-decena-de-tumores\/\" title=\"Los onc\u00f3logos alertan de que el tabaco causa m\u00e1s de una decena de tumores\">Los onc\u00f3logos alertan de que el tabaco causa m\u00e1s de una decena de tumores<\/a>\n<\/span><\/div>","aioseo_breadcrumb_json":[{"label":"Home","link":"https:\/\/eldigitaldeasturias.com\/magazine365"},{"label":"Noticias y Actualidad","link":"https:\/\/eldigitaldeasturias.com\/magazine365\/category\/noticias-actualidad\/"},{"label":"Los onc\u00f3logos alertan de que el tabaco causa m\u00e1s de una decena de tumores","link":"https:\/\/eldigitaldeasturias.com\/magazine365\/los-oncologos-alertan-de-que-el-tabaco-causa-mas-de-una-decena-de-tumores\/"}],"_links":{"self":[{"href":"https:\/\/eldigitaldeasturias.com\/magazine365\/wp-json\/wp\/v2\/posts\/14316","targetHints":{"allow":["GET"]}}],"collection":[{"href":"https:\/\/eldigitaldeasturias.com\/magazine365\/wp-json\/wp\/v2\/posts"}],"about":[{"href":"https:\/\/eldigitaldeasturias.com\/magazine365\/wp-json\/wp\/v2\/types\/post"}],"author":[{"embeddable":true,"href":"https:\/\/eldigitaldeasturias.com\/magazine365\/wp-json\/wp\/v2\/users\/1"}],"replies":[{"embeddable":true,"href":"https:\/\/eldigitaldeasturias.com\/magazine365\/wp-json\/wp\/v2\/comments?post=14316"}],"version-history":[{"count":0,"href":"https:\/\/eldigitaldeasturias.com\/magazine365\/wp-json\/wp\/v2\/posts\/14316\/revisions"}],"wp:featuredmedia":[{"embeddable":true,"href":"https:\/\/eldigitaldeasturias.com\/magazine365\/wp-json\/wp\/v2\/media\/14317"}],"wp:attachment":[{"href":"https:\/\/eldigitaldeasturias.com\/magazine365\/wp-json\/wp\/v2\/media?parent=14316"}],"wp:term":[{"taxonomy":"category","embeddable":true,"href":"https:\/\/eldigitaldeasturias.com\/magazine365\/wp-json\/wp\/v2\/categories?post=14316"},{"taxonomy":"post_tag","embeddable":true,"href":"https:\/\/eldigitaldeasturias.com\/magazine365\/wp-json\/wp\/v2\/tags?post=14316"}],"curies":[{"name":"wp","href":"https:\/\/api.w.org\/{rel}","templated":true}]}}