{"id":14307,"date":"2014-05-29T20:35:20","date_gmt":"2014-05-29T22:35:20","guid":{"rendered":"http:\/\/eldigitaldeasturias.com\/magazine365\/?p=14307"},"modified":"2014-05-29T20:35:20","modified_gmt":"2014-05-29T22:35:20","slug":"steven-knight-escribira-la-secuela-de-guerra-mundial-z-dirigida-por-bayona","status":"publish","type":"post","link":"https:\/\/eldigitaldeasturias.com\/magazine365\/steven-knight-escribira-la-secuela-de-guerra-mundial-z-dirigida-por-bayona\/","title":{"rendered":"Steven Knight escribir\u00e1 la secuela de \u00abGuerra Mundial Z\u00bb, dirigida por Bayona"},"content":{"rendered":"<p><img fetchpriority=\"high\" decoding=\"async\" class=\"alignleft size-medium wp-image-14308\" alt=\"6312933w\" src=\"https:\/\/eldigitaldeasturias.com\/magazine365\/wp-content\/uploads\/2014\/05\/6312933w-360x261.jpg\" width=\"360\" height=\"261\" \/>Madrid, 29 may (EFE).- El guionista brit\u00e1nico Steven Knight ser\u00e1 el encargado de escribir la secuela de \u00abWorld War Z\u00bb (\u00abGuerra Mundial Z\u00bb), producida por Brad Pitt y dirigida por Juan Antonio Bayona, ha anunciado hoy el director espa\u00f1ol en su cuenta de Twitter.<\/p>\n<p>\u00abFeliz de anunciar: Steven Knight escribe la secuela de Guerra Mundial Z\u00bb, indica Bayona sobre el brit\u00e1nico, autor de libretos como \u00abEastern Promises\u00bb (\u00abPromesas del Este\u00bb) de David Cronenberg o \u00abNegocios ocultos\u00bb (\u00abDirty Pretty Things\u00bb) de Stephen Frears.<\/p>\n<p>Bayona se encuentra actualmente inmerso en la preproducci\u00f3n de \u00abA monster calls\u00bb (\u00abUn monstruo viene a verme\u00bb), que protagonizar\u00e1n Liam Neeson y Felicity Jones y cuyo estreno est\u00e1 previsto en 2016.<\/p>\n<p>Una vez que concluya ese rodaje ser\u00e1 cuando aborde la segunda parte de ese filme apocal\u00edptico en el que la civilizaci\u00f3n se enfrenta a su desaparici\u00f3n debido a una violenta plaga de zombis.<\/p>\n<p>La primera entrega, con un presupuesto de 345 millones de d\u00f3lares (253 millones de euros) y tambi\u00e9n protagonizada por Brad Pitt, recaud\u00f3 en todo el mundo m\u00e1s de 540 millones (casi 400 millones de euros).<\/p>\n","protected":false},"excerpt":{"rendered":"<p>Madrid, 29 may (EFE).- El guionista brit\u00e1nico Steven Knight ser\u00e1 el encargado de escribir la secuela de \u00abWorld War Z\u00bb (\u00abGuerra Mundial Z\u00bb), producida por Brad Pitt y dirigida por Juan Antonio Bayona, ha anunciado hoy el director espa\u00f1ol en su cuenta de Twitter. \u00abFeliz de anunciar: Steven Knight escribe la secuela de Guerra Mundial<\/p>\n","protected":false},"author":1,"featured_media":14308,"comment_status":"open","ping_status":"closed","sticky":false,"template":"","format":"standard","meta":{"footnotes":""},"categories":[224],"tags":[],"class_list":{"0":"post-14307","1":"post","2":"type-post","3":"status-publish","4":"format-standard","5":"has-post-thumbnail","7":"category-noticias-actualidad"},"aioseo_notices":[],"aioseo_head":"\n\t\t<!-- All in One SEO Pro 4.9.6.1 - aioseo.com -->\n\t<meta name=\"description\" content=\"Madrid, 29 may (EFE).- El guionista brit\u00e1nico Steven Knight ser\u00e1 el encargado de escribir la secuela de &quot;World War Z&quot; (&quot;Guerra Mundial Z&quot;), producida por Brad Pitt y dirigida por Juan Antonio Bayona, ha anunciado hoy el director espa\u00f1ol en su cuenta de Twitter. &quot;Feliz de anunciar: Steven Knight escribe la secuela de Guerra Mundial\" \/>\n\t<meta name=\"robots\" content=\"max-image-preview:large\" \/>\n\t<meta name=\"author\" content=\"admin\"\/>\n\t<meta name=\"google-site-verification\" content=\"UA-38556648-1\" \/>\n\t<meta name=\"keywords\" content=\"noticias y actualidad\" \/>\n\t<link rel=\"canonical\" href=\"https:\/\/eldigitaldeasturias.com\/magazine365\/steven-knight-escribira-la-secuela-de-guerra-mundial-z-dirigida-por-bayona\/\" \/>\n\t<meta name=\"generator\" content=\"All in One SEO Pro (AIOSEO) 4.9.6.1\" \/>\n\t\t<meta property=\"og:locale\" content=\"es_ES\" \/>\n\t\t<meta property=\"og:site_name\" content=\"El Digital de Asturias \u2013 Revista de ocio, turismo y estilo de vida\" \/>\n\t\t<meta property=\"og:type\" content=\"article\" \/>\n\t\t<meta property=\"og:title\" content=\"Steven Knight escribir\u00e1 la secuela de \u00abGuerra Mundial Z\u00bb, dirigida por Bayona | El Digital de Asturias\" \/>\n\t\t<meta property=\"og:description\" content=\"Madrid, 29 may (EFE).- El guionista brit\u00e1nico Steven Knight ser\u00e1 el encargado de escribir la secuela de &quot;World War Z&quot; (&quot;Guerra Mundial Z&quot;), producida por Brad Pitt y dirigida por Juan Antonio Bayona, ha anunciado hoy el director espa\u00f1ol en su cuenta de Twitter. &quot;Feliz de anunciar: Steven Knight escribe la secuela de Guerra Mundial\" \/>\n\t\t<meta property=\"og:url\" content=\"https:\/\/eldigitaldeasturias.com\/magazine365\/steven-knight-escribira-la-secuela-de-guerra-mundial-z-dirigida-por-bayona\/\" \/>\n\t\t<meta property=\"og:image\" content=\"https:\/\/eldigitaldeasturias.com\/magazine365\/wp-content\/uploads\/2014\/05\/6312933w.jpg\" \/>\n\t\t<meta property=\"og:image:secure_url\" content=\"https:\/\/eldigitaldeasturias.com\/magazine365\/wp-content\/uploads\/2014\/05\/6312933w.jpg\" \/>\n\t\t<meta property=\"og:image:width\" content=\"800\" \/>\n\t\t<meta property=\"og:image:height\" content=\"582\" \/>\n\t\t<meta property=\"article:published_time\" content=\"2014-05-29T22:35:20+00:00\" \/>\n\t\t<meta property=\"article:modified_time\" content=\"2014-05-29T22:35:20+00:00\" \/>\n\t\t<meta name=\"twitter:card\" content=\"summary_large_image\" \/>\n\t\t<meta name=\"twitter:title\" content=\"Steven Knight escribir\u00e1 la secuela de \u00abGuerra Mundial Z\u00bb, dirigida por Bayona | El Digital de Asturias\" \/>\n\t\t<meta name=\"twitter:description\" content=\"Madrid, 29 may (EFE).- El guionista brit\u00e1nico Steven Knight ser\u00e1 el encargado de escribir la secuela de &quot;World War Z&quot; (&quot;Guerra Mundial Z&quot;), producida por Brad Pitt y dirigida por Juan Antonio Bayona, ha anunciado hoy el director espa\u00f1ol en su cuenta de Twitter. &quot;Feliz de anunciar: Steven Knight escribe la secuela de Guerra Mundial\" \/>\n\t\t<meta name=\"twitter:image\" content=\"https:\/\/eldigitaldeasturias.com\/magazine365\/wp-content\/uploads\/2014\/05\/6312933w.jpg\" \/>\n\t\t<script type=\"application\/ld+json\" class=\"aioseo-schema\">\n\t\t\t{\"@context\":\"https:\\\/\\\/schema.org\",\"@graph\":[{\"@type\":\"Article\",\"@id\":\"https:\\\/\\\/eldigitaldeasturias.com\\\/magazine365\\\/steven-knight-escribira-la-secuela-de-guerra-mundial-z-dirigida-por-bayona\\\/#article\",\"name\":\"Steven Knight escribir\\u00e1 la secuela de \\u00abGuerra Mundial Z\\u00bb, dirigida por Bayona | El Digital de Asturias\",\"headline\":\"Steven Knight escribir\\u00e1 la secuela de \\u00abGuerra Mundial Z\\u00bb, dirigida por Bayona\",\"author\":{\"@id\":\"https:\\\/\\\/eldigitaldeasturias.com\\\/magazine365\\\/author\\\/admin\\\/#author\"},\"publisher\":{\"@id\":\"https:\\\/\\\/eldigitaldeasturias.com\\\/magazine365\\\/#organization\"},\"image\":{\"@type\":\"ImageObject\",\"url\":\"https:\\\/\\\/eldigitaldeasturias.com\\\/magazine365\\\/wp-content\\\/uploads\\\/2014\\\/05\\\/6312933w.jpg\",\"width\":800,\"height\":582},\"datePublished\":\"2014-05-29T20:35:20+02:00\",\"dateModified\":\"2014-05-29T20:35:20+02:00\",\"inLanguage\":\"es-ES\",\"mainEntityOfPage\":{\"@id\":\"https:\\\/\\\/eldigitaldeasturias.com\\\/magazine365\\\/steven-knight-escribira-la-secuela-de-guerra-mundial-z-dirigida-por-bayona\\\/#webpage\"},\"isPartOf\":{\"@id\":\"https:\\\/\\\/eldigitaldeasturias.com\\\/magazine365\\\/steven-knight-escribira-la-secuela-de-guerra-mundial-z-dirigida-por-bayona\\\/#webpage\"},\"articleSection\":\"Noticias y Actualidad\"},{\"@type\":\"BreadcrumbList\",\"@id\":\"https:\\\/\\\/eldigitaldeasturias.com\\\/magazine365\\\/steven-knight-escribira-la-secuela-de-guerra-mundial-z-dirigida-por-bayona\\\/#breadcrumblist\",\"itemListElement\":[{\"@type\":\"ListItem\",\"@id\":\"https:\\\/\\\/eldigitaldeasturias.com\\\/magazine365#listItem\",\"position\":1,\"name\":\"Home\",\"item\":\"https:\\\/\\\/eldigitaldeasturias.com\\\/magazine365\",\"nextItem\":{\"@type\":\"ListItem\",\"@id\":\"https:\\\/\\\/eldigitaldeasturias.com\\\/magazine365\\\/category\\\/noticias-actualidad\\\/#listItem\",\"name\":\"Noticias y Actualidad\"}},{\"@type\":\"ListItem\",\"@id\":\"https:\\\/\\\/eldigitaldeasturias.com\\\/magazine365\\\/category\\\/noticias-actualidad\\\/#listItem\",\"position\":2,\"name\":\"Noticias y Actualidad\",\"item\":\"https:\\\/\\\/eldigitaldeasturias.com\\\/magazine365\\\/category\\\/noticias-actualidad\\\/\",\"nextItem\":{\"@type\":\"ListItem\",\"@id\":\"https:\\\/\\\/eldigitaldeasturias.com\\\/magazine365\\\/steven-knight-escribira-la-secuela-de-guerra-mundial-z-dirigida-por-bayona\\\/#listItem\",\"name\":\"Steven Knight escribir\\u00e1 la secuela de \\u00abGuerra Mundial Z\\u00bb, dirigida por Bayona\"},\"previousItem\":{\"@type\":\"ListItem\",\"@id\":\"https:\\\/\\\/eldigitaldeasturias.com\\\/magazine365#listItem\",\"name\":\"Home\"}},{\"@type\":\"ListItem\",\"@id\":\"https:\\\/\\\/eldigitaldeasturias.com\\\/magazine365\\\/steven-knight-escribira-la-secuela-de-guerra-mundial-z-dirigida-por-bayona\\\/#listItem\",\"position\":3,\"name\":\"Steven Knight escribir\\u00e1 la secuela de \\u00abGuerra Mundial Z\\u00bb, dirigida por Bayona\",\"previousItem\":{\"@type\":\"ListItem\",\"@id\":\"https:\\\/\\\/eldigitaldeasturias.com\\\/magazine365\\\/category\\\/noticias-actualidad\\\/#listItem\",\"name\":\"Noticias y Actualidad\"}}]},{\"@type\":\"Organization\",\"@id\":\"https:\\\/\\\/eldigitaldeasturias.com\\\/magazine365\\\/#organization\",\"name\":\"El digital de Asturias\",\"description\":\"Revista de ocio, turismo y estilo de vida\",\"url\":\"https:\\\/\\\/eldigitaldeasturias.com\\\/magazine365\\\/\",\"logo\":{\"@type\":\"ImageObject\",\"url\":\"https:\\\/\\\/www.eldigitaldeasturias.com\\\/noticias\\\/wp-content\\\/uploads\\\/2020\\\/12\\\/EDA.jpg\",\"@id\":\"https:\\\/\\\/eldigitaldeasturias.com\\\/magazine365\\\/steven-knight-escribira-la-secuela-de-guerra-mundial-z-dirigida-por-bayona\\\/#organizationLogo\"},\"image\":{\"@id\":\"https:\\\/\\\/eldigitaldeasturias.com\\\/magazine365\\\/steven-knight-escribira-la-secuela-de-guerra-mundial-z-dirigida-por-bayona\\\/#organizationLogo\"}},{\"@type\":\"Person\",\"@id\":\"https:\\\/\\\/eldigitaldeasturias.com\\\/magazine365\\\/author\\\/admin\\\/#author\",\"url\":\"https:\\\/\\\/eldigitaldeasturias.com\\\/magazine365\\\/author\\\/admin\\\/\",\"name\":\"admin\",\"image\":{\"@type\":\"ImageObject\",\"@id\":\"https:\\\/\\\/eldigitaldeasturias.com\\\/magazine365\\\/steven-knight-escribira-la-secuela-de-guerra-mundial-z-dirigida-por-bayona\\\/#authorImage\",\"url\":\"https:\\\/\\\/eldigitaldeasturias.com\\\/magazine365\\\/wp-content\\\/litespeed\\\/avatar\\\/e571bcf59a0edd6fa6838245a470f2fe.jpg?ver=1777574230\",\"width\":96,\"height\":96,\"caption\":\"admin\"}},{\"@type\":\"WebPage\",\"@id\":\"https:\\\/\\\/eldigitaldeasturias.com\\\/magazine365\\\/steven-knight-escribira-la-secuela-de-guerra-mundial-z-dirigida-por-bayona\\\/#webpage\",\"url\":\"https:\\\/\\\/eldigitaldeasturias.com\\\/magazine365\\\/steven-knight-escribira-la-secuela-de-guerra-mundial-z-dirigida-por-bayona\\\/\",\"name\":\"Steven Knight escribir\\u00e1 la secuela de \\u00abGuerra Mundial Z\\u00bb, dirigida por Bayona | El Digital de Asturias\",\"description\":\"Madrid, 29 may (EFE).- El guionista brit\\u00e1nico Steven Knight ser\\u00e1 el encargado de escribir la secuela de \\\"World War Z\\\" (\\\"Guerra Mundial Z\\\"), producida por Brad Pitt y dirigida por Juan Antonio Bayona, ha anunciado hoy el director espa\\u00f1ol en su cuenta de Twitter. \\\"Feliz de anunciar: Steven Knight escribe la secuela de Guerra Mundial\",\"inLanguage\":\"es-ES\",\"isPartOf\":{\"@id\":\"https:\\\/\\\/eldigitaldeasturias.com\\\/magazine365\\\/#website\"},\"breadcrumb\":{\"@id\":\"https:\\\/\\\/eldigitaldeasturias.com\\\/magazine365\\\/steven-knight-escribira-la-secuela-de-guerra-mundial-z-dirigida-por-bayona\\\/#breadcrumblist\"},\"author\":{\"@id\":\"https:\\\/\\\/eldigitaldeasturias.com\\\/magazine365\\\/author\\\/admin\\\/#author\"},\"creator\":{\"@id\":\"https:\\\/\\\/eldigitaldeasturias.com\\\/magazine365\\\/author\\\/admin\\\/#author\"},\"image\":{\"@type\":\"ImageObject\",\"url\":\"https:\\\/\\\/eldigitaldeasturias.com\\\/magazine365\\\/wp-content\\\/uploads\\\/2014\\\/05\\\/6312933w.jpg\",\"@id\":\"https:\\\/\\\/eldigitaldeasturias.com\\\/magazine365\\\/steven-knight-escribira-la-secuela-de-guerra-mundial-z-dirigida-por-bayona\\\/#mainImage\",\"width\":800,\"height\":582},\"primaryImageOfPage\":{\"@id\":\"https:\\\/\\\/eldigitaldeasturias.com\\\/magazine365\\\/steven-knight-escribira-la-secuela-de-guerra-mundial-z-dirigida-por-bayona\\\/#mainImage\"},\"datePublished\":\"2014-05-29T20:35:20+02:00\",\"dateModified\":\"2014-05-29T20:35:20+02:00\"},{\"@type\":\"WebSite\",\"@id\":\"https:\\\/\\\/eldigitaldeasturias.com\\\/magazine365\\\/#website\",\"url\":\"https:\\\/\\\/eldigitaldeasturias.com\\\/magazine365\\\/\",\"name\":\"El Digital de Asturias\",\"description\":\"Revista de ocio, turismo y estilo de vida\",\"inLanguage\":\"es-ES\",\"publisher\":{\"@id\":\"https:\\\/\\\/eldigitaldeasturias.com\\\/magazine365\\\/#organization\"}}]}\n\t\t<\/script>\n\t\t<!-- All in One SEO Pro -->\r\n\t\t<title>Steven Knight escribir\u00e1 la secuela de \u00abGuerra Mundial Z\u00bb, dirigida por Bayona | El Digital de Asturias<\/title>\n\n","aioseo_head_json":{"title":"Steven Knight escribir\u00e1 la secuela de \u00abGuerra Mundial Z\u00bb, dirigida por Bayona | El Digital de Asturias","description":"Madrid, 29 may (EFE).- El guionista brit\u00e1nico Steven Knight ser\u00e1 el encargado de escribir la secuela de \"World War Z\" (\"Guerra Mundial Z\"), producida por Brad Pitt y dirigida por Juan Antonio Bayona, ha anunciado hoy el director espa\u00f1ol en su cuenta de Twitter. \"Feliz de anunciar: Steven Knight escribe la secuela de Guerra Mundial","canonical_url":"https:\/\/eldigitaldeasturias.com\/magazine365\/steven-knight-escribira-la-secuela-de-guerra-mundial-z-dirigida-por-bayona\/","robots":"max-image-preview:large","keywords":"noticias y actualidad","webmasterTools":{"google-site-verification":"UA-38556648-1","miscellaneous":""},"schema":{"@context":"https:\/\/schema.org","@graph":[{"@type":"Article","@id":"https:\/\/eldigitaldeasturias.com\/magazine365\/steven-knight-escribira-la-secuela-de-guerra-mundial-z-dirigida-por-bayona\/#article","name":"Steven Knight escribir\u00e1 la secuela de \u00abGuerra Mundial Z\u00bb, dirigida por Bayona | El Digital de Asturias","headline":"Steven Knight escribir\u00e1 la secuela de \u00abGuerra Mundial Z\u00bb, dirigida por Bayona","author":{"@id":"https:\/\/eldigitaldeasturias.com\/magazine365\/author\/admin\/#author"},"publisher":{"@id":"https:\/\/eldigitaldeasturias.com\/magazine365\/#organization"},"image":{"@type":"ImageObject","url":"https:\/\/eldigitaldeasturias.com\/magazine365\/wp-content\/uploads\/2014\/05\/6312933w.jpg","width":800,"height":582},"datePublished":"2014-05-29T20:35:20+02:00","dateModified":"2014-05-29T20:35:20+02:00","inLanguage":"es-ES","mainEntityOfPage":{"@id":"https:\/\/eldigitaldeasturias.com\/magazine365\/steven-knight-escribira-la-secuela-de-guerra-mundial-z-dirigida-por-bayona\/#webpage"},"isPartOf":{"@id":"https:\/\/eldigitaldeasturias.com\/magazine365\/steven-knight-escribira-la-secuela-de-guerra-mundial-z-dirigida-por-bayona\/#webpage"},"articleSection":"Noticias y Actualidad"},{"@type":"BreadcrumbList","@id":"https:\/\/eldigitaldeasturias.com\/magazine365\/steven-knight-escribira-la-secuela-de-guerra-mundial-z-dirigida-por-bayona\/#breadcrumblist","itemListElement":[{"@type":"ListItem","@id":"https:\/\/eldigitaldeasturias.com\/magazine365#listItem","position":1,"name":"Home","item":"https:\/\/eldigitaldeasturias.com\/magazine365","nextItem":{"@type":"ListItem","@id":"https:\/\/eldigitaldeasturias.com\/magazine365\/category\/noticias-actualidad\/#listItem","name":"Noticias y Actualidad"}},{"@type":"ListItem","@id":"https:\/\/eldigitaldeasturias.com\/magazine365\/category\/noticias-actualidad\/#listItem","position":2,"name":"Noticias y Actualidad","item":"https:\/\/eldigitaldeasturias.com\/magazine365\/category\/noticias-actualidad\/","nextItem":{"@type":"ListItem","@id":"https:\/\/eldigitaldeasturias.com\/magazine365\/steven-knight-escribira-la-secuela-de-guerra-mundial-z-dirigida-por-bayona\/#listItem","name":"Steven Knight escribir\u00e1 la secuela de \u00abGuerra Mundial Z\u00bb, dirigida por Bayona"},"previousItem":{"@type":"ListItem","@id":"https:\/\/eldigitaldeasturias.com\/magazine365#listItem","name":"Home"}},{"@type":"ListItem","@id":"https:\/\/eldigitaldeasturias.com\/magazine365\/steven-knight-escribira-la-secuela-de-guerra-mundial-z-dirigida-por-bayona\/#listItem","position":3,"name":"Steven Knight escribir\u00e1 la secuela de \u00abGuerra Mundial Z\u00bb, dirigida por Bayona","previousItem":{"@type":"ListItem","@id":"https:\/\/eldigitaldeasturias.com\/magazine365\/category\/noticias-actualidad\/#listItem","name":"Noticias y Actualidad"}}]},{"@type":"Organization","@id":"https:\/\/eldigitaldeasturias.com\/magazine365\/#organization","name":"El digital de Asturias","description":"Revista de ocio, turismo y estilo de vida","url":"https:\/\/eldigitaldeasturias.com\/magazine365\/","logo":{"@type":"ImageObject","url":"https:\/\/www.eldigitaldeasturias.com\/noticias\/wp-content\/uploads\/2020\/12\/EDA.jpg","@id":"https:\/\/eldigitaldeasturias.com\/magazine365\/steven-knight-escribira-la-secuela-de-guerra-mundial-z-dirigida-por-bayona\/#organizationLogo"},"image":{"@id":"https:\/\/eldigitaldeasturias.com\/magazine365\/steven-knight-escribira-la-secuela-de-guerra-mundial-z-dirigida-por-bayona\/#organizationLogo"}},{"@type":"Person","@id":"https:\/\/eldigitaldeasturias.com\/magazine365\/author\/admin\/#author","url":"https:\/\/eldigitaldeasturias.com\/magazine365\/author\/admin\/","name":"admin","image":{"@type":"ImageObject","@id":"https:\/\/eldigitaldeasturias.com\/magazine365\/steven-knight-escribira-la-secuela-de-guerra-mundial-z-dirigida-por-bayona\/#authorImage","url":"https:\/\/eldigitaldeasturias.com\/magazine365\/wp-content\/litespeed\/avatar\/e571bcf59a0edd6fa6838245a470f2fe.jpg?ver=1777574230","width":96,"height":96,"caption":"admin"}},{"@type":"WebPage","@id":"https:\/\/eldigitaldeasturias.com\/magazine365\/steven-knight-escribira-la-secuela-de-guerra-mundial-z-dirigida-por-bayona\/#webpage","url":"https:\/\/eldigitaldeasturias.com\/magazine365\/steven-knight-escribira-la-secuela-de-guerra-mundial-z-dirigida-por-bayona\/","name":"Steven Knight escribir\u00e1 la secuela de \u00abGuerra Mundial Z\u00bb, dirigida por Bayona | El Digital de Asturias","description":"Madrid, 29 may (EFE).- El guionista brit\u00e1nico Steven Knight ser\u00e1 el encargado de escribir la secuela de \"World War Z\" (\"Guerra Mundial Z\"), producida por Brad Pitt y dirigida por Juan Antonio Bayona, ha anunciado hoy el director espa\u00f1ol en su cuenta de Twitter. \"Feliz de anunciar: Steven Knight escribe la secuela de Guerra Mundial","inLanguage":"es-ES","isPartOf":{"@id":"https:\/\/eldigitaldeasturias.com\/magazine365\/#website"},"breadcrumb":{"@id":"https:\/\/eldigitaldeasturias.com\/magazine365\/steven-knight-escribira-la-secuela-de-guerra-mundial-z-dirigida-por-bayona\/#breadcrumblist"},"author":{"@id":"https:\/\/eldigitaldeasturias.com\/magazine365\/author\/admin\/#author"},"creator":{"@id":"https:\/\/eldigitaldeasturias.com\/magazine365\/author\/admin\/#author"},"image":{"@type":"ImageObject","url":"https:\/\/eldigitaldeasturias.com\/magazine365\/wp-content\/uploads\/2014\/05\/6312933w.jpg","@id":"https:\/\/eldigitaldeasturias.com\/magazine365\/steven-knight-escribira-la-secuela-de-guerra-mundial-z-dirigida-por-bayona\/#mainImage","width":800,"height":582},"primaryImageOfPage":{"@id":"https:\/\/eldigitaldeasturias.com\/magazine365\/steven-knight-escribira-la-secuela-de-guerra-mundial-z-dirigida-por-bayona\/#mainImage"},"datePublished":"2014-05-29T20:35:20+02:00","dateModified":"2014-05-29T20:35:20+02:00"},{"@type":"WebSite","@id":"https:\/\/eldigitaldeasturias.com\/magazine365\/#website","url":"https:\/\/eldigitaldeasturias.com\/magazine365\/","name":"El Digital de Asturias","description":"Revista de ocio, turismo y estilo de vida","inLanguage":"es-ES","publisher":{"@id":"https:\/\/eldigitaldeasturias.com\/magazine365\/#organization"}}]},"og:locale":"es_ES","og:site_name":"El Digital de Asturias \u2013 Revista de ocio, turismo y estilo de vida","og:type":"article","og:title":"Steven Knight escribir\u00e1 la secuela de \u00abGuerra Mundial Z\u00bb, dirigida por Bayona | El Digital de Asturias","og:description":"Madrid, 29 may (EFE).- El guionista brit\u00e1nico Steven Knight ser\u00e1 el encargado de escribir la secuela de &quot;World War Z&quot; (&quot;Guerra Mundial Z&quot;), producida por Brad Pitt y dirigida por Juan Antonio Bayona, ha anunciado hoy el director espa\u00f1ol en su cuenta de Twitter. &quot;Feliz de anunciar: Steven Knight escribe la secuela de Guerra Mundial","og:url":"https:\/\/eldigitaldeasturias.com\/magazine365\/steven-knight-escribira-la-secuela-de-guerra-mundial-z-dirigida-por-bayona\/","og:image":"https:\/\/eldigitaldeasturias.com\/magazine365\/wp-content\/uploads\/2014\/05\/6312933w.jpg","og:image:secure_url":"https:\/\/eldigitaldeasturias.com\/magazine365\/wp-content\/uploads\/2014\/05\/6312933w.jpg","og:image:width":800,"og:image:height":582,"article:published_time":"2014-05-29T22:35:20+00:00","article:modified_time":"2014-05-29T22:35:20+00:00","twitter:card":"summary_large_image","twitter:title":"Steven Knight escribir\u00e1 la secuela de \u00abGuerra Mundial Z\u00bb, dirigida por Bayona | El Digital de Asturias","twitter:description":"Madrid, 29 may (EFE).- El guionista brit\u00e1nico Steven Knight ser\u00e1 el encargado de escribir la secuela de &quot;World War Z&quot; (&quot;Guerra Mundial Z&quot;), producida por Brad Pitt y dirigida por Juan Antonio Bayona, ha anunciado hoy el director espa\u00f1ol en su cuenta de Twitter. &quot;Feliz de anunciar: Steven Knight escribe la secuela de Guerra Mundial","twitter:image":"https:\/\/eldigitaldeasturias.com\/magazine365\/wp-content\/uploads\/2014\/05\/6312933w.jpg"},"aioseo_meta_data":{"post_id":"14307","title":null,"description":null,"keywords":null,"keyphrases":null,"primary_term":null,"canonical_url":null,"og_title":null,"og_description":null,"og_object_type":"default","og_image_type":"default","og_image_url":null,"og_image_width":null,"og_image_height":null,"og_image_custom_url":null,"og_image_custom_fields":null,"og_video":null,"og_custom_url":null,"og_article_section":null,"og_article_tags":null,"twitter_use_og":false,"twitter_card":"default","twitter_image_type":"default","twitter_image_url":null,"twitter_image_custom_url":null,"twitter_image_custom_fields":null,"twitter_title":null,"twitter_description":null,"schema":{"blockGraphs":[],"customGraphs":[],"default":{"data":{"Article":[],"Course":[],"Dataset":[],"FAQPage":[],"Movie":[],"Person":[],"Product":[],"ProductReview":[],"Car":[],"Recipe":[],"Service":[],"SoftwareApplication":[],"WebPage":[]},"graphName":"","isEnabled":true},"graphs":[],"defaultGraph":"","defaultPostTypeGraph":""},"schema_type":null,"schema_type_options":null,"pillar_content":false,"robots_default":true,"robots_noindex":false,"robots_noarchive":false,"robots_nosnippet":false,"robots_nofollow":false,"robots_noimageindex":false,"robots_noodp":false,"robots_notranslate":false,"robots_max_snippet":null,"robots_max_videopreview":null,"robots_max_imagepreview":"large","priority":null,"frequency":null,"location":null,"local_seo":null,"seo_analyzer_scan_date":"2025-09-17 09:53:38","breadcrumb_settings":null,"limit_modified_date":false,"open_ai":null,"ai":null,"created":"2021-03-09 08:16:48","updated":"2025-09-17 09:53:38"},"aioseo_breadcrumb":"<div class=\"aioseo-breadcrumbs\"><span class=\"aioseo-breadcrumb\">\n\t<a href=\"https:\/\/eldigitaldeasturias.com\/magazine365\" title=\"Home\">Home<\/a>\n<\/span><span class=\"aioseo-breadcrumb-separator\">\u2013<\/span><span class=\"aioseo-breadcrumb\">\n\t<a href=\"https:\/\/eldigitaldeasturias.com\/magazine365\/category\/noticias-actualidad\/\" title=\"Noticias y Actualidad\">Noticias y Actualidad<\/a>\n<\/span><span class=\"aioseo-breadcrumb-separator\">\u2013<\/span><span class=\"aioseo-breadcrumb\">\n\t<a href=\"https:\/\/eldigitaldeasturias.com\/magazine365\/steven-knight-escribira-la-secuela-de-guerra-mundial-z-dirigida-por-bayona\/\" title=\"Steven Knight escribir\u00e1 la secuela de \u00abGuerra Mundial Z\u00bb, dirigida por Bayona\">Steven Knight escribir\u00e1 la secuela de \u00abGuerra Mundial Z\u00bb, dirigida por Bayona<\/a>\n<\/span><\/div>","aioseo_breadcrumb_json":[{"label":"Home","link":"https:\/\/eldigitaldeasturias.com\/magazine365"},{"label":"Noticias y Actualidad","link":"https:\/\/eldigitaldeasturias.com\/magazine365\/category\/noticias-actualidad\/"},{"label":"Steven Knight escribir\u00e1 la secuela de \u00abGuerra Mundial Z\u00bb, dirigida por Bayona","link":"https:\/\/eldigitaldeasturias.com\/magazine365\/steven-knight-escribira-la-secuela-de-guerra-mundial-z-dirigida-por-bayona\/"}],"_links":{"self":[{"href":"https:\/\/eldigitaldeasturias.com\/magazine365\/wp-json\/wp\/v2\/posts\/14307","targetHints":{"allow":["GET"]}}],"collection":[{"href":"https:\/\/eldigitaldeasturias.com\/magazine365\/wp-json\/wp\/v2\/posts"}],"about":[{"href":"https:\/\/eldigitaldeasturias.com\/magazine365\/wp-json\/wp\/v2\/types\/post"}],"author":[{"embeddable":true,"href":"https:\/\/eldigitaldeasturias.com\/magazine365\/wp-json\/wp\/v2\/users\/1"}],"replies":[{"embeddable":true,"href":"https:\/\/eldigitaldeasturias.com\/magazine365\/wp-json\/wp\/v2\/comments?post=14307"}],"version-history":[{"count":0,"href":"https:\/\/eldigitaldeasturias.com\/magazine365\/wp-json\/wp\/v2\/posts\/14307\/revisions"}],"wp:featuredmedia":[{"embeddable":true,"href":"https:\/\/eldigitaldeasturias.com\/magazine365\/wp-json\/wp\/v2\/media\/14308"}],"wp:attachment":[{"href":"https:\/\/eldigitaldeasturias.com\/magazine365\/wp-json\/wp\/v2\/media?parent=14307"}],"wp:term":[{"taxonomy":"category","embeddable":true,"href":"https:\/\/eldigitaldeasturias.com\/magazine365\/wp-json\/wp\/v2\/categories?post=14307"},{"taxonomy":"post_tag","embeddable":true,"href":"https:\/\/eldigitaldeasturias.com\/magazine365\/wp-json\/wp\/v2\/tags?post=14307"}],"curies":[{"name":"wp","href":"https:\/\/api.w.org\/{rel}","templated":true}]}}