{"id":14304,"date":"2014-05-29T20:34:13","date_gmt":"2014-05-29T22:34:13","guid":{"rendered":"http:\/\/eldigitaldeasturias.com\/magazine365\/?p=14304"},"modified":"2014-05-29T20:34:13","modified_gmt":"2014-05-29T22:34:13","slug":"el-83-por-ciento-de-los-neumologos-considera-el-tabaquismo-como-una-enfermedad-cronica","status":"publish","type":"post","link":"https:\/\/eldigitaldeasturias.com\/magazine365\/el-83-por-ciento-de-los-neumologos-considera-el-tabaquismo-como-una-enfermedad-cronica\/","title":{"rendered":"El 83 por ciento de los neum\u00f3logos considera el tabaquismo como una enfermedad cr\u00f3nica"},"content":{"rendered":"<p><img fetchpriority=\"high\" decoding=\"async\" class=\"alignleft size-medium wp-image-14305\" alt=\"6312923w\" src=\"https:\/\/eldigitaldeasturias.com\/magazine365\/wp-content\/uploads\/2014\/05\/6312923w-360x249.jpg\" width=\"360\" height=\"249\" srcset=\"https:\/\/eldigitaldeasturias.com\/magazine365\/wp-content\/uploads\/2014\/05\/6312923w-360x249.jpg 360w, https:\/\/eldigitaldeasturias.com\/magazine365\/wp-content\/uploads\/2014\/05\/6312923w-650x450.jpg 650w, https:\/\/eldigitaldeasturias.com\/magazine365\/wp-content\/uploads\/2014\/05\/6312923w-768x532.jpg 768w, https:\/\/eldigitaldeasturias.com\/magazine365\/wp-content\/uploads\/2014\/05\/6312923w-150x104.jpg 150w, https:\/\/eldigitaldeasturias.com\/magazine365\/wp-content\/uploads\/2014\/05\/6312923w-450x312.jpg 450w, https:\/\/eldigitaldeasturias.com\/magazine365\/wp-content\/uploads\/2014\/05\/6312923w-100x70.jpg 100w, https:\/\/eldigitaldeasturias.com\/magazine365\/wp-content\/uploads\/2014\/05\/6312923w-218x150.jpg 218w, https:\/\/eldigitaldeasturias.com\/magazine365\/wp-content\/uploads\/2014\/05\/6312923w-696x482.jpg 696w, https:\/\/eldigitaldeasturias.com\/magazine365\/wp-content\/uploads\/2014\/05\/6312923w-606x420.jpg 606w, https:\/\/eldigitaldeasturias.com\/magazine365\/wp-content\/uploads\/2014\/05\/6312923w.jpg 800w\" sizes=\"(max-width: 360px) 100vw, 360px\" \/>Madrid, 29 may (EFE).- El 83 % de los neum\u00f3logos considera el tabaquismo como una enfermedad cr\u00f3nica, seg\u00fan un estudio realizado entre los expertos de la Sociedad Espa\u00f1ola de Neumolog\u00eda y Cirug\u00eda Tor\u00e1cica (Separ), ante la celebraci\u00f3n el s\u00e1bado del D\u00eda Mundial sin Tabaco.<\/p>\n<p>Los resultados obtenidos muestran que s\u00f3lo el 3 % de los neum\u00f3logos entrevistados fuma en la actualidad, con una media de 6 cigarrillos diarios. El 67 % de los expertos incluidos no ha fumado nunca.<\/p>\n<p>\u00abNuestros profesionales sanitarios han de ser el ejemplo mod\u00e9lico para concienciar a la poblaci\u00f3n de los beneficios que aportan los buenos h\u00e1bitos respiratorios\u00bb, ha explicado Segismundo Solano, coordinador del \u00c1rea de Tabaquismo de la Separ.<\/p>\n<p>El doctor ha se\u00f1alado que, como especialistas en salud respiratoria, deben desarrollar actitudes \u00abresponsables\u00bb en relaci\u00f3n al tabaco y realizar las intervenciones que sirvan de modelo para que los pacientes abandonen este consumo nocivo.<\/p>\n<p>El 96 % del total de profesionales sanitarios encuestados otorga mucha o bastante importancia a su funci\u00f3n mod\u00e9lica ante estos pacientes.<\/p>\n<p>Los resultados obtenidos demuestran que una amplia mayor\u00eda de profesionales (82 %) cree que la intervenci\u00f3n m\u00e1s eficaz en el abordaje del tabaquismo es el uso de f\u00e1rmacos combinado con apoyo psicol\u00f3gico.<\/p>\n<p>Durante el proceso de diagn\u00f3stico de cualquier enfermedad, el 98 % de los socios de Separ preguntan siempre o a menudo a sus pacientes si fuman.<\/p>\n<p>Asimismo, el 91 % de los profesionales encuestados siempre aconseja a los pacientes que presentan s\u00edntomas de tabaquismo recomendaciones para dejarlo.<\/p>\n<p>\u00abTodos los neum\u00f3logos encuestados est\u00e1n de acuerdo con la prohibici\u00f3n del tabaco en todos los lugares p\u00fablicos\u00bb, ha subrayado Solano, para quien hacer cumplir las leyes antitabaco es una medida de prevenci\u00f3n que ayuda a proteger la salud de los no fumadores y al abandono del tabaquismo.<\/p>\n<p>Seg\u00fan la Encuesta Nacional de Salud, se declaran fumadores el 27 % de la poblaci\u00f3n espa\u00f1ola de 15 a\u00f1os en adelante. La edad de inicio en el tabaquismo se sit\u00faa alrededor de los 13 a\u00f1os en Espa\u00f1a.<\/p>\n<p>La Separ recuerda que seis hospitales de la Red de Aulas Respira se han sumado al D\u00eda Mundial sin Tabaco, el 31 de mayo, con sesiones de prevenci\u00f3n del tabaquismo para adolescentes.<\/p>\n<p>Se trata de charlas informativas, en las que participaran 470 adolescentes y preadolescentes, para explicar y concienciar sobre los riesgos del tabaquismo para la salud a corto y largo plazo.<\/p>\n<p>Los j\u00f3venes son un grupo de atenci\u00f3n prioritaria en la lucha contra el tabaquismo, ya que se incorporan a esta adicci\u00f3n en la adolescencia sin dar importancia a las consecuencias que este hecho puede tener en su organismo.<\/p>\n","protected":false},"excerpt":{"rendered":"<p>Madrid, 29 may (EFE).- El 83 % de los neum\u00f3logos considera el tabaquismo como una enfermedad cr\u00f3nica, seg\u00fan un estudio realizado entre los expertos de la Sociedad Espa\u00f1ola de Neumolog\u00eda y Cirug\u00eda Tor\u00e1cica (Separ), ante la celebraci\u00f3n el s\u00e1bado del D\u00eda Mundial sin Tabaco. Los resultados obtenidos muestran que s\u00f3lo el 3 % de los<\/p>\n","protected":false},"author":1,"featured_media":14305,"comment_status":"open","ping_status":"closed","sticky":false,"template":"","format":"standard","meta":{"footnotes":""},"categories":[224],"tags":[],"class_list":{"0":"post-14304","1":"post","2":"type-post","3":"status-publish","4":"format-standard","5":"has-post-thumbnail","7":"category-noticias-actualidad"},"aioseo_notices":[],"aioseo_head":"\n\t\t<!-- All in One SEO Pro 4.9.6.1 - aioseo.com -->\n\t<meta name=\"description\" content=\"Madrid, 29 may (EFE).- El 83 % de los neum\u00f3logos considera el tabaquismo como una enfermedad cr\u00f3nica, seg\u00fan un estudio realizado entre los expertos de la Sociedad Espa\u00f1ola de Neumolog\u00eda y Cirug\u00eda Tor\u00e1cica (Separ), ante la celebraci\u00f3n el s\u00e1bado del D\u00eda Mundial sin Tabaco. Los resultados obtenidos muestran que s\u00f3lo el 3 % de los\" \/>\n\t<meta name=\"robots\" content=\"max-image-preview:large\" \/>\n\t<meta name=\"author\" content=\"admin\"\/>\n\t<meta name=\"google-site-verification\" content=\"UA-38556648-1\" \/>\n\t<meta name=\"keywords\" content=\"noticias y actualidad\" \/>\n\t<link rel=\"canonical\" href=\"https:\/\/eldigitaldeasturias.com\/magazine365\/el-83-por-ciento-de-los-neumologos-considera-el-tabaquismo-como-una-enfermedad-cronica\/\" \/>\n\t<meta name=\"generator\" content=\"All in One SEO Pro (AIOSEO) 4.9.6.1\" \/>\n\t\t<meta property=\"og:locale\" content=\"es_ES\" \/>\n\t\t<meta property=\"og:site_name\" content=\"El Digital de Asturias \u2013 Revista de ocio, turismo y estilo de vida\" \/>\n\t\t<meta property=\"og:type\" content=\"article\" \/>\n\t\t<meta property=\"og:title\" content=\"El 83 por ciento de los neum\u00f3logos considera el tabaquismo como una enfermedad cr\u00f3nica | El Digital de Asturias\" \/>\n\t\t<meta property=\"og:description\" content=\"Madrid, 29 may (EFE).- El 83 % de los neum\u00f3logos considera el tabaquismo como una enfermedad cr\u00f3nica, seg\u00fan un estudio realizado entre los expertos de la Sociedad Espa\u00f1ola de Neumolog\u00eda y Cirug\u00eda Tor\u00e1cica (Separ), ante la celebraci\u00f3n el s\u00e1bado del D\u00eda Mundial sin Tabaco. Los resultados obtenidos muestran que s\u00f3lo el 3 % de los\" \/>\n\t\t<meta property=\"og:url\" content=\"https:\/\/eldigitaldeasturias.com\/magazine365\/el-83-por-ciento-de-los-neumologos-considera-el-tabaquismo-como-una-enfermedad-cronica\/\" \/>\n\t\t<meta property=\"og:image\" content=\"https:\/\/eldigitaldeasturias.com\/magazine365\/wp-content\/uploads\/2014\/05\/6312923w.jpg\" \/>\n\t\t<meta property=\"og:image:secure_url\" content=\"https:\/\/eldigitaldeasturias.com\/magazine365\/wp-content\/uploads\/2014\/05\/6312923w.jpg\" \/>\n\t\t<meta property=\"og:image:width\" content=\"800\" \/>\n\t\t<meta property=\"og:image:height\" content=\"554\" \/>\n\t\t<meta property=\"article:published_time\" content=\"2014-05-29T22:34:13+00:00\" \/>\n\t\t<meta property=\"article:modified_time\" content=\"2014-05-29T22:34:13+00:00\" \/>\n\t\t<meta name=\"twitter:card\" content=\"summary_large_image\" \/>\n\t\t<meta name=\"twitter:title\" content=\"El 83 por ciento de los neum\u00f3logos considera el tabaquismo como una enfermedad cr\u00f3nica | El Digital de Asturias\" \/>\n\t\t<meta name=\"twitter:description\" content=\"Madrid, 29 may (EFE).- El 83 % de los neum\u00f3logos considera el tabaquismo como una enfermedad cr\u00f3nica, seg\u00fan un estudio realizado entre los expertos de la Sociedad Espa\u00f1ola de Neumolog\u00eda y Cirug\u00eda Tor\u00e1cica (Separ), ante la celebraci\u00f3n el s\u00e1bado del D\u00eda Mundial sin Tabaco. Los resultados obtenidos muestran que s\u00f3lo el 3 % de los\" \/>\n\t\t<meta name=\"twitter:image\" content=\"https:\/\/eldigitaldeasturias.com\/magazine365\/wp-content\/uploads\/2014\/05\/6312923w.jpg\" \/>\n\t\t<script type=\"application\/ld+json\" class=\"aioseo-schema\">\n\t\t\t{\"@context\":\"https:\\\/\\\/schema.org\",\"@graph\":[{\"@type\":\"Article\",\"@id\":\"https:\\\/\\\/eldigitaldeasturias.com\\\/magazine365\\\/el-83-por-ciento-de-los-neumologos-considera-el-tabaquismo-como-una-enfermedad-cronica\\\/#article\",\"name\":\"El 83 por ciento de los neum\\u00f3logos considera el tabaquismo como una enfermedad cr\\u00f3nica | El Digital de Asturias\",\"headline\":\"El 83 por ciento de los neum\\u00f3logos considera el tabaquismo como una enfermedad cr\\u00f3nica\",\"author\":{\"@id\":\"https:\\\/\\\/eldigitaldeasturias.com\\\/magazine365\\\/author\\\/admin\\\/#author\"},\"publisher\":{\"@id\":\"https:\\\/\\\/eldigitaldeasturias.com\\\/magazine365\\\/#organization\"},\"image\":{\"@type\":\"ImageObject\",\"url\":\"https:\\\/\\\/eldigitaldeasturias.com\\\/magazine365\\\/wp-content\\\/uploads\\\/2014\\\/05\\\/6312923w.jpg\",\"width\":800,\"height\":554},\"datePublished\":\"2014-05-29T20:34:13+02:00\",\"dateModified\":\"2014-05-29T20:34:13+02:00\",\"inLanguage\":\"es-ES\",\"mainEntityOfPage\":{\"@id\":\"https:\\\/\\\/eldigitaldeasturias.com\\\/magazine365\\\/el-83-por-ciento-de-los-neumologos-considera-el-tabaquismo-como-una-enfermedad-cronica\\\/#webpage\"},\"isPartOf\":{\"@id\":\"https:\\\/\\\/eldigitaldeasturias.com\\\/magazine365\\\/el-83-por-ciento-de-los-neumologos-considera-el-tabaquismo-como-una-enfermedad-cronica\\\/#webpage\"},\"articleSection\":\"Noticias y Actualidad\"},{\"@type\":\"BreadcrumbList\",\"@id\":\"https:\\\/\\\/eldigitaldeasturias.com\\\/magazine365\\\/el-83-por-ciento-de-los-neumologos-considera-el-tabaquismo-como-una-enfermedad-cronica\\\/#breadcrumblist\",\"itemListElement\":[{\"@type\":\"ListItem\",\"@id\":\"https:\\\/\\\/eldigitaldeasturias.com\\\/magazine365#listItem\",\"position\":1,\"name\":\"Home\",\"item\":\"https:\\\/\\\/eldigitaldeasturias.com\\\/magazine365\",\"nextItem\":{\"@type\":\"ListItem\",\"@id\":\"https:\\\/\\\/eldigitaldeasturias.com\\\/magazine365\\\/category\\\/noticias-actualidad\\\/#listItem\",\"name\":\"Noticias y Actualidad\"}},{\"@type\":\"ListItem\",\"@id\":\"https:\\\/\\\/eldigitaldeasturias.com\\\/magazine365\\\/category\\\/noticias-actualidad\\\/#listItem\",\"position\":2,\"name\":\"Noticias y Actualidad\",\"item\":\"https:\\\/\\\/eldigitaldeasturias.com\\\/magazine365\\\/category\\\/noticias-actualidad\\\/\",\"nextItem\":{\"@type\":\"ListItem\",\"@id\":\"https:\\\/\\\/eldigitaldeasturias.com\\\/magazine365\\\/el-83-por-ciento-de-los-neumologos-considera-el-tabaquismo-como-una-enfermedad-cronica\\\/#listItem\",\"name\":\"El 83 por ciento de los neum\\u00f3logos considera el tabaquismo como una enfermedad cr\\u00f3nica\"},\"previousItem\":{\"@type\":\"ListItem\",\"@id\":\"https:\\\/\\\/eldigitaldeasturias.com\\\/magazine365#listItem\",\"name\":\"Home\"}},{\"@type\":\"ListItem\",\"@id\":\"https:\\\/\\\/eldigitaldeasturias.com\\\/magazine365\\\/el-83-por-ciento-de-los-neumologos-considera-el-tabaquismo-como-una-enfermedad-cronica\\\/#listItem\",\"position\":3,\"name\":\"El 83 por ciento de los neum\\u00f3logos considera el tabaquismo como una enfermedad cr\\u00f3nica\",\"previousItem\":{\"@type\":\"ListItem\",\"@id\":\"https:\\\/\\\/eldigitaldeasturias.com\\\/magazine365\\\/category\\\/noticias-actualidad\\\/#listItem\",\"name\":\"Noticias y Actualidad\"}}]},{\"@type\":\"Organization\",\"@id\":\"https:\\\/\\\/eldigitaldeasturias.com\\\/magazine365\\\/#organization\",\"name\":\"El digital de Asturias\",\"description\":\"Revista de ocio, turismo y estilo de vida\",\"url\":\"https:\\\/\\\/eldigitaldeasturias.com\\\/magazine365\\\/\",\"logo\":{\"@type\":\"ImageObject\",\"url\":\"https:\\\/\\\/www.eldigitaldeasturias.com\\\/noticias\\\/wp-content\\\/uploads\\\/2020\\\/12\\\/EDA.jpg\",\"@id\":\"https:\\\/\\\/eldigitaldeasturias.com\\\/magazine365\\\/el-83-por-ciento-de-los-neumologos-considera-el-tabaquismo-como-una-enfermedad-cronica\\\/#organizationLogo\"},\"image\":{\"@id\":\"https:\\\/\\\/eldigitaldeasturias.com\\\/magazine365\\\/el-83-por-ciento-de-los-neumologos-considera-el-tabaquismo-como-una-enfermedad-cronica\\\/#organizationLogo\"}},{\"@type\":\"Person\",\"@id\":\"https:\\\/\\\/eldigitaldeasturias.com\\\/magazine365\\\/author\\\/admin\\\/#author\",\"url\":\"https:\\\/\\\/eldigitaldeasturias.com\\\/magazine365\\\/author\\\/admin\\\/\",\"name\":\"admin\",\"image\":{\"@type\":\"ImageObject\",\"@id\":\"https:\\\/\\\/eldigitaldeasturias.com\\\/magazine365\\\/el-83-por-ciento-de-los-neumologos-considera-el-tabaquismo-como-una-enfermedad-cronica\\\/#authorImage\",\"url\":\"https:\\\/\\\/eldigitaldeasturias.com\\\/magazine365\\\/wp-content\\\/litespeed\\\/avatar\\\/e571bcf59a0edd6fa6838245a470f2fe.jpg?ver=1777574230\",\"width\":96,\"height\":96,\"caption\":\"admin\"}},{\"@type\":\"WebPage\",\"@id\":\"https:\\\/\\\/eldigitaldeasturias.com\\\/magazine365\\\/el-83-por-ciento-de-los-neumologos-considera-el-tabaquismo-como-una-enfermedad-cronica\\\/#webpage\",\"url\":\"https:\\\/\\\/eldigitaldeasturias.com\\\/magazine365\\\/el-83-por-ciento-de-los-neumologos-considera-el-tabaquismo-como-una-enfermedad-cronica\\\/\",\"name\":\"El 83 por ciento de los neum\\u00f3logos considera el tabaquismo como una enfermedad cr\\u00f3nica | El Digital de Asturias\",\"description\":\"Madrid, 29 may (EFE).- El 83 % de los neum\\u00f3logos considera el tabaquismo como una enfermedad cr\\u00f3nica, seg\\u00fan un estudio realizado entre los expertos de la Sociedad Espa\\u00f1ola de Neumolog\\u00eda y Cirug\\u00eda Tor\\u00e1cica (Separ), ante la celebraci\\u00f3n el s\\u00e1bado del D\\u00eda Mundial sin Tabaco. Los resultados obtenidos muestran que s\\u00f3lo el 3 % de los\",\"inLanguage\":\"es-ES\",\"isPartOf\":{\"@id\":\"https:\\\/\\\/eldigitaldeasturias.com\\\/magazine365\\\/#website\"},\"breadcrumb\":{\"@id\":\"https:\\\/\\\/eldigitaldeasturias.com\\\/magazine365\\\/el-83-por-ciento-de-los-neumologos-considera-el-tabaquismo-como-una-enfermedad-cronica\\\/#breadcrumblist\"},\"author\":{\"@id\":\"https:\\\/\\\/eldigitaldeasturias.com\\\/magazine365\\\/author\\\/admin\\\/#author\"},\"creator\":{\"@id\":\"https:\\\/\\\/eldigitaldeasturias.com\\\/magazine365\\\/author\\\/admin\\\/#author\"},\"image\":{\"@type\":\"ImageObject\",\"url\":\"https:\\\/\\\/eldigitaldeasturias.com\\\/magazine365\\\/wp-content\\\/uploads\\\/2014\\\/05\\\/6312923w.jpg\",\"@id\":\"https:\\\/\\\/eldigitaldeasturias.com\\\/magazine365\\\/el-83-por-ciento-de-los-neumologos-considera-el-tabaquismo-como-una-enfermedad-cronica\\\/#mainImage\",\"width\":800,\"height\":554},\"primaryImageOfPage\":{\"@id\":\"https:\\\/\\\/eldigitaldeasturias.com\\\/magazine365\\\/el-83-por-ciento-de-los-neumologos-considera-el-tabaquismo-como-una-enfermedad-cronica\\\/#mainImage\"},\"datePublished\":\"2014-05-29T20:34:13+02:00\",\"dateModified\":\"2014-05-29T20:34:13+02:00\"},{\"@type\":\"WebSite\",\"@id\":\"https:\\\/\\\/eldigitaldeasturias.com\\\/magazine365\\\/#website\",\"url\":\"https:\\\/\\\/eldigitaldeasturias.com\\\/magazine365\\\/\",\"name\":\"El Digital de Asturias\",\"description\":\"Revista de ocio, turismo y estilo de vida\",\"inLanguage\":\"es-ES\",\"publisher\":{\"@id\":\"https:\\\/\\\/eldigitaldeasturias.com\\\/magazine365\\\/#organization\"}}]}\n\t\t<\/script>\n\t\t<!-- All in One SEO Pro -->\r\n\t\t<title>El 83 por ciento de los neum\u00f3logos considera el tabaquismo como una enfermedad cr\u00f3nica | El Digital de Asturias<\/title>\n\n","aioseo_head_json":{"title":"El 83 por ciento de los neum\u00f3logos considera el tabaquismo como una enfermedad cr\u00f3nica | El Digital de Asturias","description":"Madrid, 29 may (EFE).- El 83 % de los neum\u00f3logos considera el tabaquismo como una enfermedad cr\u00f3nica, seg\u00fan un estudio realizado entre los expertos de la Sociedad Espa\u00f1ola de Neumolog\u00eda y Cirug\u00eda Tor\u00e1cica (Separ), ante la celebraci\u00f3n el s\u00e1bado del D\u00eda Mundial sin Tabaco. Los resultados obtenidos muestran que s\u00f3lo el 3 % de los","canonical_url":"https:\/\/eldigitaldeasturias.com\/magazine365\/el-83-por-ciento-de-los-neumologos-considera-el-tabaquismo-como-una-enfermedad-cronica\/","robots":"max-image-preview:large","keywords":"noticias y actualidad","webmasterTools":{"google-site-verification":"UA-38556648-1","miscellaneous":""},"schema":{"@context":"https:\/\/schema.org","@graph":[{"@type":"Article","@id":"https:\/\/eldigitaldeasturias.com\/magazine365\/el-83-por-ciento-de-los-neumologos-considera-el-tabaquismo-como-una-enfermedad-cronica\/#article","name":"El 83 por ciento de los neum\u00f3logos considera el tabaquismo como una enfermedad cr\u00f3nica | El Digital de Asturias","headline":"El 83 por ciento de los neum\u00f3logos considera el tabaquismo como una enfermedad cr\u00f3nica","author":{"@id":"https:\/\/eldigitaldeasturias.com\/magazine365\/author\/admin\/#author"},"publisher":{"@id":"https:\/\/eldigitaldeasturias.com\/magazine365\/#organization"},"image":{"@type":"ImageObject","url":"https:\/\/eldigitaldeasturias.com\/magazine365\/wp-content\/uploads\/2014\/05\/6312923w.jpg","width":800,"height":554},"datePublished":"2014-05-29T20:34:13+02:00","dateModified":"2014-05-29T20:34:13+02:00","inLanguage":"es-ES","mainEntityOfPage":{"@id":"https:\/\/eldigitaldeasturias.com\/magazine365\/el-83-por-ciento-de-los-neumologos-considera-el-tabaquismo-como-una-enfermedad-cronica\/#webpage"},"isPartOf":{"@id":"https:\/\/eldigitaldeasturias.com\/magazine365\/el-83-por-ciento-de-los-neumologos-considera-el-tabaquismo-como-una-enfermedad-cronica\/#webpage"},"articleSection":"Noticias y Actualidad"},{"@type":"BreadcrumbList","@id":"https:\/\/eldigitaldeasturias.com\/magazine365\/el-83-por-ciento-de-los-neumologos-considera-el-tabaquismo-como-una-enfermedad-cronica\/#breadcrumblist","itemListElement":[{"@type":"ListItem","@id":"https:\/\/eldigitaldeasturias.com\/magazine365#listItem","position":1,"name":"Home","item":"https:\/\/eldigitaldeasturias.com\/magazine365","nextItem":{"@type":"ListItem","@id":"https:\/\/eldigitaldeasturias.com\/magazine365\/category\/noticias-actualidad\/#listItem","name":"Noticias y Actualidad"}},{"@type":"ListItem","@id":"https:\/\/eldigitaldeasturias.com\/magazine365\/category\/noticias-actualidad\/#listItem","position":2,"name":"Noticias y Actualidad","item":"https:\/\/eldigitaldeasturias.com\/magazine365\/category\/noticias-actualidad\/","nextItem":{"@type":"ListItem","@id":"https:\/\/eldigitaldeasturias.com\/magazine365\/el-83-por-ciento-de-los-neumologos-considera-el-tabaquismo-como-una-enfermedad-cronica\/#listItem","name":"El 83 por ciento de los neum\u00f3logos considera el tabaquismo como una enfermedad cr\u00f3nica"},"previousItem":{"@type":"ListItem","@id":"https:\/\/eldigitaldeasturias.com\/magazine365#listItem","name":"Home"}},{"@type":"ListItem","@id":"https:\/\/eldigitaldeasturias.com\/magazine365\/el-83-por-ciento-de-los-neumologos-considera-el-tabaquismo-como-una-enfermedad-cronica\/#listItem","position":3,"name":"El 83 por ciento de los neum\u00f3logos considera el tabaquismo como una enfermedad cr\u00f3nica","previousItem":{"@type":"ListItem","@id":"https:\/\/eldigitaldeasturias.com\/magazine365\/category\/noticias-actualidad\/#listItem","name":"Noticias y Actualidad"}}]},{"@type":"Organization","@id":"https:\/\/eldigitaldeasturias.com\/magazine365\/#organization","name":"El digital de Asturias","description":"Revista de ocio, turismo y estilo de vida","url":"https:\/\/eldigitaldeasturias.com\/magazine365\/","logo":{"@type":"ImageObject","url":"https:\/\/www.eldigitaldeasturias.com\/noticias\/wp-content\/uploads\/2020\/12\/EDA.jpg","@id":"https:\/\/eldigitaldeasturias.com\/magazine365\/el-83-por-ciento-de-los-neumologos-considera-el-tabaquismo-como-una-enfermedad-cronica\/#organizationLogo"},"image":{"@id":"https:\/\/eldigitaldeasturias.com\/magazine365\/el-83-por-ciento-de-los-neumologos-considera-el-tabaquismo-como-una-enfermedad-cronica\/#organizationLogo"}},{"@type":"Person","@id":"https:\/\/eldigitaldeasturias.com\/magazine365\/author\/admin\/#author","url":"https:\/\/eldigitaldeasturias.com\/magazine365\/author\/admin\/","name":"admin","image":{"@type":"ImageObject","@id":"https:\/\/eldigitaldeasturias.com\/magazine365\/el-83-por-ciento-de-los-neumologos-considera-el-tabaquismo-como-una-enfermedad-cronica\/#authorImage","url":"https:\/\/eldigitaldeasturias.com\/magazine365\/wp-content\/litespeed\/avatar\/e571bcf59a0edd6fa6838245a470f2fe.jpg?ver=1777574230","width":96,"height":96,"caption":"admin"}},{"@type":"WebPage","@id":"https:\/\/eldigitaldeasturias.com\/magazine365\/el-83-por-ciento-de-los-neumologos-considera-el-tabaquismo-como-una-enfermedad-cronica\/#webpage","url":"https:\/\/eldigitaldeasturias.com\/magazine365\/el-83-por-ciento-de-los-neumologos-considera-el-tabaquismo-como-una-enfermedad-cronica\/","name":"El 83 por ciento de los neum\u00f3logos considera el tabaquismo como una enfermedad cr\u00f3nica | El Digital de Asturias","description":"Madrid, 29 may (EFE).- El 83 % de los neum\u00f3logos considera el tabaquismo como una enfermedad cr\u00f3nica, seg\u00fan un estudio realizado entre los expertos de la Sociedad Espa\u00f1ola de Neumolog\u00eda y Cirug\u00eda Tor\u00e1cica (Separ), ante la celebraci\u00f3n el s\u00e1bado del D\u00eda Mundial sin Tabaco. Los resultados obtenidos muestran que s\u00f3lo el 3 % de los","inLanguage":"es-ES","isPartOf":{"@id":"https:\/\/eldigitaldeasturias.com\/magazine365\/#website"},"breadcrumb":{"@id":"https:\/\/eldigitaldeasturias.com\/magazine365\/el-83-por-ciento-de-los-neumologos-considera-el-tabaquismo-como-una-enfermedad-cronica\/#breadcrumblist"},"author":{"@id":"https:\/\/eldigitaldeasturias.com\/magazine365\/author\/admin\/#author"},"creator":{"@id":"https:\/\/eldigitaldeasturias.com\/magazine365\/author\/admin\/#author"},"image":{"@type":"ImageObject","url":"https:\/\/eldigitaldeasturias.com\/magazine365\/wp-content\/uploads\/2014\/05\/6312923w.jpg","@id":"https:\/\/eldigitaldeasturias.com\/magazine365\/el-83-por-ciento-de-los-neumologos-considera-el-tabaquismo-como-una-enfermedad-cronica\/#mainImage","width":800,"height":554},"primaryImageOfPage":{"@id":"https:\/\/eldigitaldeasturias.com\/magazine365\/el-83-por-ciento-de-los-neumologos-considera-el-tabaquismo-como-una-enfermedad-cronica\/#mainImage"},"datePublished":"2014-05-29T20:34:13+02:00","dateModified":"2014-05-29T20:34:13+02:00"},{"@type":"WebSite","@id":"https:\/\/eldigitaldeasturias.com\/magazine365\/#website","url":"https:\/\/eldigitaldeasturias.com\/magazine365\/","name":"El Digital de Asturias","description":"Revista de ocio, turismo y estilo de vida","inLanguage":"es-ES","publisher":{"@id":"https:\/\/eldigitaldeasturias.com\/magazine365\/#organization"}}]},"og:locale":"es_ES","og:site_name":"El Digital de Asturias \u2013 Revista de ocio, turismo y estilo de vida","og:type":"article","og:title":"El 83 por ciento de los neum\u00f3logos considera el tabaquismo como una enfermedad cr\u00f3nica | El Digital de Asturias","og:description":"Madrid, 29 may (EFE).- El 83 % de los neum\u00f3logos considera el tabaquismo como una enfermedad cr\u00f3nica, seg\u00fan un estudio realizado entre los expertos de la Sociedad Espa\u00f1ola de Neumolog\u00eda y Cirug\u00eda Tor\u00e1cica (Separ), ante la celebraci\u00f3n el s\u00e1bado del D\u00eda Mundial sin Tabaco. Los resultados obtenidos muestran que s\u00f3lo el 3 % de los","og:url":"https:\/\/eldigitaldeasturias.com\/magazine365\/el-83-por-ciento-de-los-neumologos-considera-el-tabaquismo-como-una-enfermedad-cronica\/","og:image":"https:\/\/eldigitaldeasturias.com\/magazine365\/wp-content\/uploads\/2014\/05\/6312923w.jpg","og:image:secure_url":"https:\/\/eldigitaldeasturias.com\/magazine365\/wp-content\/uploads\/2014\/05\/6312923w.jpg","og:image:width":800,"og:image:height":554,"article:published_time":"2014-05-29T22:34:13+00:00","article:modified_time":"2014-05-29T22:34:13+00:00","twitter:card":"summary_large_image","twitter:title":"El 83 por ciento de los neum\u00f3logos considera el tabaquismo como una enfermedad cr\u00f3nica | El Digital de Asturias","twitter:description":"Madrid, 29 may (EFE).- El 83 % de los neum\u00f3logos considera el tabaquismo como una enfermedad cr\u00f3nica, seg\u00fan un estudio realizado entre los expertos de la Sociedad Espa\u00f1ola de Neumolog\u00eda y Cirug\u00eda Tor\u00e1cica (Separ), ante la celebraci\u00f3n el s\u00e1bado del D\u00eda Mundial sin Tabaco. Los resultados obtenidos muestran que s\u00f3lo el 3 % de los","twitter:image":"https:\/\/eldigitaldeasturias.com\/magazine365\/wp-content\/uploads\/2014\/05\/6312923w.jpg"},"aioseo_meta_data":{"post_id":"14304","title":null,"description":null,"keywords":null,"keyphrases":null,"primary_term":null,"canonical_url":null,"og_title":null,"og_description":null,"og_object_type":"default","og_image_type":"default","og_image_url":null,"og_image_width":null,"og_image_height":null,"og_image_custom_url":null,"og_image_custom_fields":null,"og_video":null,"og_custom_url":null,"og_article_section":null,"og_article_tags":null,"twitter_use_og":false,"twitter_card":"default","twitter_image_type":"default","twitter_image_url":null,"twitter_image_custom_url":null,"twitter_image_custom_fields":null,"twitter_title":null,"twitter_description":null,"schema":{"blockGraphs":[],"customGraphs":[],"default":{"data":{"Article":[],"Course":[],"Dataset":[],"FAQPage":[],"Movie":[],"Person":[],"Product":[],"ProductReview":[],"Car":[],"Recipe":[],"Service":[],"SoftwareApplication":[],"WebPage":[]},"graphName":"","isEnabled":true},"graphs":[],"defaultGraph":"","defaultPostTypeGraph":""},"schema_type":null,"schema_type_options":null,"pillar_content":false,"robots_default":true,"robots_noindex":false,"robots_noarchive":false,"robots_nosnippet":false,"robots_nofollow":false,"robots_noimageindex":false,"robots_noodp":false,"robots_notranslate":false,"robots_max_snippet":null,"robots_max_videopreview":null,"robots_max_imagepreview":"large","priority":null,"frequency":null,"location":null,"local_seo":null,"seo_analyzer_scan_date":"2025-09-17 09:53:36","breadcrumb_settings":null,"limit_modified_date":false,"open_ai":null,"ai":null,"created":"2021-03-09 08:16:48","updated":"2025-09-17 09:53:36"},"aioseo_breadcrumb":"<div class=\"aioseo-breadcrumbs\"><span class=\"aioseo-breadcrumb\">\n\t<a href=\"https:\/\/eldigitaldeasturias.com\/magazine365\" title=\"Home\">Home<\/a>\n<\/span><span class=\"aioseo-breadcrumb-separator\">\u2013<\/span><span class=\"aioseo-breadcrumb\">\n\t<a href=\"https:\/\/eldigitaldeasturias.com\/magazine365\/category\/noticias-actualidad\/\" title=\"Noticias y Actualidad\">Noticias y Actualidad<\/a>\n<\/span><span class=\"aioseo-breadcrumb-separator\">\u2013<\/span><span class=\"aioseo-breadcrumb\">\n\t<a href=\"https:\/\/eldigitaldeasturias.com\/magazine365\/el-83-por-ciento-de-los-neumologos-considera-el-tabaquismo-como-una-enfermedad-cronica\/\" title=\"El 83 por ciento de los neum\u00f3logos considera el tabaquismo como una enfermedad cr\u00f3nica\">El 83 por ciento de los neum\u00f3logos considera el tabaquismo como una enfermedad cr\u00f3nica<\/a>\n<\/span><\/div>","aioseo_breadcrumb_json":[{"label":"Home","link":"https:\/\/eldigitaldeasturias.com\/magazine365"},{"label":"Noticias y Actualidad","link":"https:\/\/eldigitaldeasturias.com\/magazine365\/category\/noticias-actualidad\/"},{"label":"El 83 por ciento de los neum\u00f3logos considera el tabaquismo como una enfermedad cr\u00f3nica","link":"https:\/\/eldigitaldeasturias.com\/magazine365\/el-83-por-ciento-de-los-neumologos-considera-el-tabaquismo-como-una-enfermedad-cronica\/"}],"_links":{"self":[{"href":"https:\/\/eldigitaldeasturias.com\/magazine365\/wp-json\/wp\/v2\/posts\/14304","targetHints":{"allow":["GET"]}}],"collection":[{"href":"https:\/\/eldigitaldeasturias.com\/magazine365\/wp-json\/wp\/v2\/posts"}],"about":[{"href":"https:\/\/eldigitaldeasturias.com\/magazine365\/wp-json\/wp\/v2\/types\/post"}],"author":[{"embeddable":true,"href":"https:\/\/eldigitaldeasturias.com\/magazine365\/wp-json\/wp\/v2\/users\/1"}],"replies":[{"embeddable":true,"href":"https:\/\/eldigitaldeasturias.com\/magazine365\/wp-json\/wp\/v2\/comments?post=14304"}],"version-history":[{"count":0,"href":"https:\/\/eldigitaldeasturias.com\/magazine365\/wp-json\/wp\/v2\/posts\/14304\/revisions"}],"wp:featuredmedia":[{"embeddable":true,"href":"https:\/\/eldigitaldeasturias.com\/magazine365\/wp-json\/wp\/v2\/media\/14305"}],"wp:attachment":[{"href":"https:\/\/eldigitaldeasturias.com\/magazine365\/wp-json\/wp\/v2\/media?parent=14304"}],"wp:term":[{"taxonomy":"category","embeddable":true,"href":"https:\/\/eldigitaldeasturias.com\/magazine365\/wp-json\/wp\/v2\/categories?post=14304"},{"taxonomy":"post_tag","embeddable":true,"href":"https:\/\/eldigitaldeasturias.com\/magazine365\/wp-json\/wp\/v2\/tags?post=14304"}],"curies":[{"name":"wp","href":"https:\/\/api.w.org\/{rel}","templated":true}]}}