{"id":14289,"date":"2014-05-29T20:27:47","date_gmt":"2014-05-29T22:27:47","guid":{"rendered":"http:\/\/eldigitaldeasturias.com\/magazine365\/?p=14289"},"modified":"2014-05-29T20:27:47","modified_gmt":"2014-05-29T22:27:47","slug":"la-lluvia-pone-epica-a-la-actuacion-de-los-esforzados-temples-en-el-primavera-sound","status":"publish","type":"post","link":"https:\/\/eldigitaldeasturias.com\/magazine365\/la-lluvia-pone-epica-a-la-actuacion-de-los-esforzados-temples-en-el-primavera-sound\/","title":{"rendered":"La lluvia pone \u00e9pica a la actuaci\u00f3n de los esforzados Temples en el Primavera Sound"},"content":{"rendered":"<p><img fetchpriority=\"high\" decoding=\"async\" class=\"alignleft size-medium wp-image-14290\" alt=\"6312042w\" src=\"https:\/\/eldigitaldeasturias.com\/magazine365\/wp-content\/uploads\/2014\/05\/6312042w-360x239.jpg\" width=\"360\" height=\"239\" \/>Barcelona, 29 may (EFE).- \u00a1Ay, la lluvia! Tan deseada por algunos y odiada a muerte por organizadores de festivales como el Primavera Sound, que han visto trastocada su jornada de puertas abiertas por una impresionante tromba de agua que ha impedido a los jovenc\u00edsimos Temples ejercer a gusto su papel de banda brit\u00e1nica rockera del momento.<\/p>\n<p>El cartel de esta sesi\u00f3n inaugural, v\u00edspera gratuita de los tres d\u00edas grandes (y de pago) de la 14 edici\u00f3n del festival barcelon\u00e9s, se presentaba interesante de la mano del cuarteto brit\u00e1nico que ha venido a Barcelona con su reciente \u00abSun structures\u00bb, hoja de ruta de marcado sabor psicod\u00e9lico.<\/p>\n<p>Y la verdad es que la banda de Kettering, con su solvente vocalista James Edward al frente, no ha defraudado. La propuesta de estos veintea\u00f1eros bebe de esos sonidos que cruzaron las d\u00e9cadas de los sesenta y los setenta, desde la armon\u00eda a la distorsi\u00f3n controlada, con temas como \u00abShelter song\u00bb o \u00abKeep in the dark\u00bb.<\/p>\n<p>\u00abParece que estemos actuando en casa\u00bb, ha dicho Edwards con media sonrisa en la boca y brillantina en los p\u00e1rpados, mientras miraba de reojo el gris met\u00e1lico de un cielo que, de repente, se ha desplomado de forma brutal sobre las cerca de 3.000 personas que hasta entonces hab\u00edan ido sorteando un molesto chirimiri, resignados.<\/p>\n<p>Si el a\u00f1o pasado fr\u00edo y viento marcaron el Primavera desde el punto de vista log\u00edstico, esta edici\u00f3n parece que ser\u00e1 la lluvia. Una especie de tormenta tropical ha cruzado el Parc del F\u00f3rum y ha obligado a los Temples a acelerar el repertorio.<\/p>\n<p>El p\u00fablico ha corrido entonces para cobijarse bajo la gran p\u00e9rgola del recinto, mientras los canalones del enorme parapeto se convert\u00edan en amenazantes cascadas.<\/p>\n<p>Pero, \u00abShow must go on!\u00bb. El espect\u00e1culo debe continuar -frase recurrente, pero inevitable-<\/p>\n<p>S\u00f3lo con media hora de retraso y el suelo encharcado sin lluvia, el larguirucho belga Stromae ha atado el tim\u00f3n a su enjuto cuerpo para evitar que la noche embarrancara y ha logrado hacer bailar a un p\u00fablico fiel a muerte con el galimat\u00edas musical que ofrece este joven autor rompepistas como \u00abAlors en danse\u00bb o \u00abPapaoutoi\u00bb.<\/p>\n<p>\u00ab\u00bfPreparado para volver a los noventa?\u00bb, ha preguntado a la audiencia el atildado Paul van Haver -verdadero nombre de Stromae (maestro al rev\u00e9s, otro galimat\u00edas)- antes de repasar en unos pocos minutos las bases electr\u00f3nicas de una d\u00e9cada que muchos aborrecen, pero que \u00e9l combina con ritmos africanos y el trance m\u00e1s vulgar.<\/p>\n<p>El electropop de Sky Ferreira ha tenido menos suerte, porque ha vuelto a llover y la tecnolog\u00eda le ha jugado adem\u00e1s alguna que otra mala pasada con el sonido de su \u00abNight time, my time\u00bb, \u00e1lbum que ha defendido como ha podido.<\/p>\n<p>La cortina de agua que ca\u00eda sobre el escenario daba un raro toque a la voz de la californiana (a la que muchos esperaban rubia platino aunque ha aparecido moreno azabache), que al contraluz de los focos, se asemejaba por momentos a una Joan Jett renacida.<\/p>\n<p>Los pocos que han aceptado seguir moj\u00e1ndose segu\u00edan disfrutando a medianoche de la elegancia del en\u00e9rgico pop que practican los norteamericanos Holy Ghost, unos viejos conocidos del Primavera.<\/p>\n<p>El falsete de voz de Alex Frankel que hace que temas como \u00abDo it again\u00bb, uno de sus hits indiscutibles suene al Prince menos extraviado, y los temas de su nuevo trabajo \u00abDinamycs\u00bb, han sido unas buenas razones para esperarse hasta el final.<\/p>\n<p>Durante la tarde, el p\u00fablico ha disfrutado del repertorio de los madrile\u00f1os \u00abFira Fem\u00bb, que nadan en las removidas aguas del postrock, y del indie revolucionado de los argentinos \u00ab\u00c9l mat\u00f3 a un polic\u00eda motorizado\u00bb.<\/p>\n<p>Chubasqueros de todos los colores, paraguas y hasta bolsas de pl\u00e1stico cubriendo las cabezas de los menos precavidos, han sido los complementos m\u00e1s vistos entre los espectadores que a pesar de la lluvia se han acercado al F\u00f3rum.<\/p>\n<p>Aunque ma\u00f1ana ser\u00e1n once los escenarios repartidos en los 180.000 metros cuadrados habilitados (casi un microestado independiente de precios desorbitados durante estos d\u00edas), hoy s\u00f3lo funcionaba uno de ellos, pero ha resultado suficiente para el no demasiado numeroso p\u00fablico al que no le ha importado mojarse.<\/p>\n<p>El Primavera Sound, el primero de los macrofestivales de la temporada estival, prev\u00e9 superar con las casi 350 actuaciones programadas los 170.000 espectadores de 2013 (si los fen\u00f3menos meteorol\u00f3gicos lo permiten).<\/p>\n<p>Con la jornada de hoy, el festival barcelon\u00e9s ha dado el disparo de salida a una cita que servir\u00e1 sus platos fuertes a partir de ma\u00f1ana, cuando actuar\u00e1n bandas como The National, Pixies o Arcade Fire.<\/p>\n<p>Julia Talarn y Sergio Andreu<\/p>\n<p>&nbsp;<\/p>\n","protected":false},"excerpt":{"rendered":"<p>Barcelona, 29 may (EFE).- \u00a1Ay, la lluvia! Tan deseada por algunos y odiada a muerte por organizadores de festivales como el Primavera Sound, que han visto trastocada su jornada de puertas abiertas por una impresionante tromba de agua que ha impedido a los jovenc\u00edsimos Temples ejercer a gusto su papel de banda brit\u00e1nica rockera del<\/p>\n","protected":false},"author":1,"featured_media":14290,"comment_status":"open","ping_status":"closed","sticky":false,"template":"","format":"standard","meta":{"footnotes":""},"categories":[224],"tags":[],"class_list":{"0":"post-14289","1":"post","2":"type-post","3":"status-publish","4":"format-standard","5":"has-post-thumbnail","7":"category-noticias-actualidad"},"aioseo_notices":[],"aioseo_head":"\n\t\t<!-- All in One SEO Pro 4.9.6.1 - aioseo.com -->\n\t<meta name=\"description\" content=\"Barcelona, 29 may (EFE).- \u00a1Ay, la lluvia! Tan deseada por algunos y odiada a muerte por organizadores de festivales como el Primavera Sound, que han visto trastocada su jornada de puertas abiertas por una impresionante tromba de agua que ha impedido a los jovenc\u00edsimos Temples ejercer a gusto su papel de banda brit\u00e1nica rockera del\" \/>\n\t<meta name=\"robots\" content=\"max-image-preview:large\" \/>\n\t<meta name=\"author\" content=\"admin\"\/>\n\t<meta name=\"google-site-verification\" content=\"UA-38556648-1\" \/>\n\t<meta name=\"keywords\" content=\"noticias y actualidad\" \/>\n\t<link rel=\"canonical\" href=\"https:\/\/eldigitaldeasturias.com\/magazine365\/la-lluvia-pone-epica-a-la-actuacion-de-los-esforzados-temples-en-el-primavera-sound\/\" \/>\n\t<meta name=\"generator\" content=\"All in One SEO Pro (AIOSEO) 4.9.6.1\" \/>\n\t\t<meta property=\"og:locale\" content=\"es_ES\" \/>\n\t\t<meta property=\"og:site_name\" content=\"El Digital de Asturias \u2013 Revista de ocio, turismo y estilo de vida\" \/>\n\t\t<meta property=\"og:type\" content=\"article\" \/>\n\t\t<meta property=\"og:title\" content=\"La lluvia pone \u00e9pica a la actuaci\u00f3n de los esforzados Temples en el Primavera Sound | El Digital de Asturias\" \/>\n\t\t<meta property=\"og:description\" content=\"Barcelona, 29 may (EFE).- \u00a1Ay, la lluvia! Tan deseada por algunos y odiada a muerte por organizadores de festivales como el Primavera Sound, que han visto trastocada su jornada de puertas abiertas por una impresionante tromba de agua que ha impedido a los jovenc\u00edsimos Temples ejercer a gusto su papel de banda brit\u00e1nica rockera del\" \/>\n\t\t<meta property=\"og:url\" content=\"https:\/\/eldigitaldeasturias.com\/magazine365\/la-lluvia-pone-epica-a-la-actuacion-de-los-esforzados-temples-en-el-primavera-sound\/\" \/>\n\t\t<meta property=\"og:image\" content=\"https:\/\/eldigitaldeasturias.com\/magazine365\/wp-content\/uploads\/2014\/05\/6312042w.jpg\" \/>\n\t\t<meta property=\"og:image:secure_url\" content=\"https:\/\/eldigitaldeasturias.com\/magazine365\/wp-content\/uploads\/2014\/05\/6312042w.jpg\" \/>\n\t\t<meta property=\"og:image:width\" content=\"800\" \/>\n\t\t<meta property=\"og:image:height\" content=\"533\" \/>\n\t\t<meta property=\"article:published_time\" content=\"2014-05-29T22:27:47+00:00\" \/>\n\t\t<meta property=\"article:modified_time\" content=\"2014-05-29T22:27:47+00:00\" \/>\n\t\t<meta name=\"twitter:card\" content=\"summary_large_image\" \/>\n\t\t<meta name=\"twitter:title\" content=\"La lluvia pone \u00e9pica a la actuaci\u00f3n de los esforzados Temples en el Primavera Sound | El Digital de Asturias\" \/>\n\t\t<meta name=\"twitter:description\" content=\"Barcelona, 29 may (EFE).- \u00a1Ay, la lluvia! Tan deseada por algunos y odiada a muerte por organizadores de festivales como el Primavera Sound, que han visto trastocada su jornada de puertas abiertas por una impresionante tromba de agua que ha impedido a los jovenc\u00edsimos Temples ejercer a gusto su papel de banda brit\u00e1nica rockera del\" \/>\n\t\t<meta name=\"twitter:image\" content=\"https:\/\/eldigitaldeasturias.com\/magazine365\/wp-content\/uploads\/2014\/05\/6312042w.jpg\" \/>\n\t\t<script type=\"application\/ld+json\" class=\"aioseo-schema\">\n\t\t\t{\"@context\":\"https:\\\/\\\/schema.org\",\"@graph\":[{\"@type\":\"Article\",\"@id\":\"https:\\\/\\\/eldigitaldeasturias.com\\\/magazine365\\\/la-lluvia-pone-epica-a-la-actuacion-de-los-esforzados-temples-en-el-primavera-sound\\\/#article\",\"name\":\"La lluvia pone \\u00e9pica a la actuaci\\u00f3n de los esforzados Temples en el Primavera Sound | El Digital de Asturias\",\"headline\":\"La lluvia pone \\u00e9pica a la actuaci\\u00f3n de los esforzados Temples en el Primavera Sound\",\"author\":{\"@id\":\"https:\\\/\\\/eldigitaldeasturias.com\\\/magazine365\\\/author\\\/admin\\\/#author\"},\"publisher\":{\"@id\":\"https:\\\/\\\/eldigitaldeasturias.com\\\/magazine365\\\/#organization\"},\"image\":{\"@type\":\"ImageObject\",\"url\":\"https:\\\/\\\/eldigitaldeasturias.com\\\/magazine365\\\/wp-content\\\/uploads\\\/2014\\\/05\\\/6312042w.jpg\",\"width\":800,\"height\":533},\"datePublished\":\"2014-05-29T20:27:47+02:00\",\"dateModified\":\"2014-05-29T20:27:47+02:00\",\"inLanguage\":\"es-ES\",\"mainEntityOfPage\":{\"@id\":\"https:\\\/\\\/eldigitaldeasturias.com\\\/magazine365\\\/la-lluvia-pone-epica-a-la-actuacion-de-los-esforzados-temples-en-el-primavera-sound\\\/#webpage\"},\"isPartOf\":{\"@id\":\"https:\\\/\\\/eldigitaldeasturias.com\\\/magazine365\\\/la-lluvia-pone-epica-a-la-actuacion-de-los-esforzados-temples-en-el-primavera-sound\\\/#webpage\"},\"articleSection\":\"Noticias y Actualidad\"},{\"@type\":\"BreadcrumbList\",\"@id\":\"https:\\\/\\\/eldigitaldeasturias.com\\\/magazine365\\\/la-lluvia-pone-epica-a-la-actuacion-de-los-esforzados-temples-en-el-primavera-sound\\\/#breadcrumblist\",\"itemListElement\":[{\"@type\":\"ListItem\",\"@id\":\"https:\\\/\\\/eldigitaldeasturias.com\\\/magazine365#listItem\",\"position\":1,\"name\":\"Home\",\"item\":\"https:\\\/\\\/eldigitaldeasturias.com\\\/magazine365\",\"nextItem\":{\"@type\":\"ListItem\",\"@id\":\"https:\\\/\\\/eldigitaldeasturias.com\\\/magazine365\\\/category\\\/noticias-actualidad\\\/#listItem\",\"name\":\"Noticias y Actualidad\"}},{\"@type\":\"ListItem\",\"@id\":\"https:\\\/\\\/eldigitaldeasturias.com\\\/magazine365\\\/category\\\/noticias-actualidad\\\/#listItem\",\"position\":2,\"name\":\"Noticias y Actualidad\",\"item\":\"https:\\\/\\\/eldigitaldeasturias.com\\\/magazine365\\\/category\\\/noticias-actualidad\\\/\",\"nextItem\":{\"@type\":\"ListItem\",\"@id\":\"https:\\\/\\\/eldigitaldeasturias.com\\\/magazine365\\\/la-lluvia-pone-epica-a-la-actuacion-de-los-esforzados-temples-en-el-primavera-sound\\\/#listItem\",\"name\":\"La lluvia pone \\u00e9pica a la actuaci\\u00f3n de los esforzados Temples en el Primavera Sound\"},\"previousItem\":{\"@type\":\"ListItem\",\"@id\":\"https:\\\/\\\/eldigitaldeasturias.com\\\/magazine365#listItem\",\"name\":\"Home\"}},{\"@type\":\"ListItem\",\"@id\":\"https:\\\/\\\/eldigitaldeasturias.com\\\/magazine365\\\/la-lluvia-pone-epica-a-la-actuacion-de-los-esforzados-temples-en-el-primavera-sound\\\/#listItem\",\"position\":3,\"name\":\"La lluvia pone \\u00e9pica a la actuaci\\u00f3n de los esforzados Temples en el Primavera Sound\",\"previousItem\":{\"@type\":\"ListItem\",\"@id\":\"https:\\\/\\\/eldigitaldeasturias.com\\\/magazine365\\\/category\\\/noticias-actualidad\\\/#listItem\",\"name\":\"Noticias y Actualidad\"}}]},{\"@type\":\"Organization\",\"@id\":\"https:\\\/\\\/eldigitaldeasturias.com\\\/magazine365\\\/#organization\",\"name\":\"El digital de Asturias\",\"description\":\"Revista de ocio, turismo y estilo de vida\",\"url\":\"https:\\\/\\\/eldigitaldeasturias.com\\\/magazine365\\\/\",\"logo\":{\"@type\":\"ImageObject\",\"url\":\"https:\\\/\\\/www.eldigitaldeasturias.com\\\/noticias\\\/wp-content\\\/uploads\\\/2020\\\/12\\\/EDA.jpg\",\"@id\":\"https:\\\/\\\/eldigitaldeasturias.com\\\/magazine365\\\/la-lluvia-pone-epica-a-la-actuacion-de-los-esforzados-temples-en-el-primavera-sound\\\/#organizationLogo\"},\"image\":{\"@id\":\"https:\\\/\\\/eldigitaldeasturias.com\\\/magazine365\\\/la-lluvia-pone-epica-a-la-actuacion-de-los-esforzados-temples-en-el-primavera-sound\\\/#organizationLogo\"}},{\"@type\":\"Person\",\"@id\":\"https:\\\/\\\/eldigitaldeasturias.com\\\/magazine365\\\/author\\\/admin\\\/#author\",\"url\":\"https:\\\/\\\/eldigitaldeasturias.com\\\/magazine365\\\/author\\\/admin\\\/\",\"name\":\"admin\",\"image\":{\"@type\":\"ImageObject\",\"@id\":\"https:\\\/\\\/eldigitaldeasturias.com\\\/magazine365\\\/la-lluvia-pone-epica-a-la-actuacion-de-los-esforzados-temples-en-el-primavera-sound\\\/#authorImage\",\"url\":\"https:\\\/\\\/eldigitaldeasturias.com\\\/magazine365\\\/wp-content\\\/litespeed\\\/avatar\\\/e571bcf59a0edd6fa6838245a470f2fe.jpg?ver=1776969259\",\"width\":96,\"height\":96,\"caption\":\"admin\"}},{\"@type\":\"WebPage\",\"@id\":\"https:\\\/\\\/eldigitaldeasturias.com\\\/magazine365\\\/la-lluvia-pone-epica-a-la-actuacion-de-los-esforzados-temples-en-el-primavera-sound\\\/#webpage\",\"url\":\"https:\\\/\\\/eldigitaldeasturias.com\\\/magazine365\\\/la-lluvia-pone-epica-a-la-actuacion-de-los-esforzados-temples-en-el-primavera-sound\\\/\",\"name\":\"La lluvia pone \\u00e9pica a la actuaci\\u00f3n de los esforzados Temples en el Primavera Sound | El Digital de Asturias\",\"description\":\"Barcelona, 29 may (EFE).- \\u00a1Ay, la lluvia! Tan deseada por algunos y odiada a muerte por organizadores de festivales como el Primavera Sound, que han visto trastocada su jornada de puertas abiertas por una impresionante tromba de agua que ha impedido a los jovenc\\u00edsimos Temples ejercer a gusto su papel de banda brit\\u00e1nica rockera del\",\"inLanguage\":\"es-ES\",\"isPartOf\":{\"@id\":\"https:\\\/\\\/eldigitaldeasturias.com\\\/magazine365\\\/#website\"},\"breadcrumb\":{\"@id\":\"https:\\\/\\\/eldigitaldeasturias.com\\\/magazine365\\\/la-lluvia-pone-epica-a-la-actuacion-de-los-esforzados-temples-en-el-primavera-sound\\\/#breadcrumblist\"},\"author\":{\"@id\":\"https:\\\/\\\/eldigitaldeasturias.com\\\/magazine365\\\/author\\\/admin\\\/#author\"},\"creator\":{\"@id\":\"https:\\\/\\\/eldigitaldeasturias.com\\\/magazine365\\\/author\\\/admin\\\/#author\"},\"image\":{\"@type\":\"ImageObject\",\"url\":\"https:\\\/\\\/eldigitaldeasturias.com\\\/magazine365\\\/wp-content\\\/uploads\\\/2014\\\/05\\\/6312042w.jpg\",\"@id\":\"https:\\\/\\\/eldigitaldeasturias.com\\\/magazine365\\\/la-lluvia-pone-epica-a-la-actuacion-de-los-esforzados-temples-en-el-primavera-sound\\\/#mainImage\",\"width\":800,\"height\":533},\"primaryImageOfPage\":{\"@id\":\"https:\\\/\\\/eldigitaldeasturias.com\\\/magazine365\\\/la-lluvia-pone-epica-a-la-actuacion-de-los-esforzados-temples-en-el-primavera-sound\\\/#mainImage\"},\"datePublished\":\"2014-05-29T20:27:47+02:00\",\"dateModified\":\"2014-05-29T20:27:47+02:00\"},{\"@type\":\"WebSite\",\"@id\":\"https:\\\/\\\/eldigitaldeasturias.com\\\/magazine365\\\/#website\",\"url\":\"https:\\\/\\\/eldigitaldeasturias.com\\\/magazine365\\\/\",\"name\":\"El Digital de Asturias\",\"description\":\"Revista de ocio, turismo y estilo de vida\",\"inLanguage\":\"es-ES\",\"publisher\":{\"@id\":\"https:\\\/\\\/eldigitaldeasturias.com\\\/magazine365\\\/#organization\"}}]}\n\t\t<\/script>\n\t\t<!-- All in One SEO Pro -->\r\n\t\t<title>La lluvia pone \u00e9pica a la actuaci\u00f3n de los esforzados Temples en el Primavera Sound | El Digital de Asturias<\/title>\n\n","aioseo_head_json":{"title":"La lluvia pone \u00e9pica a la actuaci\u00f3n de los esforzados Temples en el Primavera Sound | El Digital de Asturias","description":"Barcelona, 29 may (EFE).- \u00a1Ay, la lluvia! Tan deseada por algunos y odiada a muerte por organizadores de festivales como el Primavera Sound, que han visto trastocada su jornada de puertas abiertas por una impresionante tromba de agua que ha impedido a los jovenc\u00edsimos Temples ejercer a gusto su papel de banda brit\u00e1nica rockera del","canonical_url":"https:\/\/eldigitaldeasturias.com\/magazine365\/la-lluvia-pone-epica-a-la-actuacion-de-los-esforzados-temples-en-el-primavera-sound\/","robots":"max-image-preview:large","keywords":"noticias y actualidad","webmasterTools":{"google-site-verification":"UA-38556648-1","miscellaneous":""},"schema":{"@context":"https:\/\/schema.org","@graph":[{"@type":"Article","@id":"https:\/\/eldigitaldeasturias.com\/magazine365\/la-lluvia-pone-epica-a-la-actuacion-de-los-esforzados-temples-en-el-primavera-sound\/#article","name":"La lluvia pone \u00e9pica a la actuaci\u00f3n de los esforzados Temples en el Primavera Sound | El Digital de Asturias","headline":"La lluvia pone \u00e9pica a la actuaci\u00f3n de los esforzados Temples en el Primavera Sound","author":{"@id":"https:\/\/eldigitaldeasturias.com\/magazine365\/author\/admin\/#author"},"publisher":{"@id":"https:\/\/eldigitaldeasturias.com\/magazine365\/#organization"},"image":{"@type":"ImageObject","url":"https:\/\/eldigitaldeasturias.com\/magazine365\/wp-content\/uploads\/2014\/05\/6312042w.jpg","width":800,"height":533},"datePublished":"2014-05-29T20:27:47+02:00","dateModified":"2014-05-29T20:27:47+02:00","inLanguage":"es-ES","mainEntityOfPage":{"@id":"https:\/\/eldigitaldeasturias.com\/magazine365\/la-lluvia-pone-epica-a-la-actuacion-de-los-esforzados-temples-en-el-primavera-sound\/#webpage"},"isPartOf":{"@id":"https:\/\/eldigitaldeasturias.com\/magazine365\/la-lluvia-pone-epica-a-la-actuacion-de-los-esforzados-temples-en-el-primavera-sound\/#webpage"},"articleSection":"Noticias y Actualidad"},{"@type":"BreadcrumbList","@id":"https:\/\/eldigitaldeasturias.com\/magazine365\/la-lluvia-pone-epica-a-la-actuacion-de-los-esforzados-temples-en-el-primavera-sound\/#breadcrumblist","itemListElement":[{"@type":"ListItem","@id":"https:\/\/eldigitaldeasturias.com\/magazine365#listItem","position":1,"name":"Home","item":"https:\/\/eldigitaldeasturias.com\/magazine365","nextItem":{"@type":"ListItem","@id":"https:\/\/eldigitaldeasturias.com\/magazine365\/category\/noticias-actualidad\/#listItem","name":"Noticias y Actualidad"}},{"@type":"ListItem","@id":"https:\/\/eldigitaldeasturias.com\/magazine365\/category\/noticias-actualidad\/#listItem","position":2,"name":"Noticias y Actualidad","item":"https:\/\/eldigitaldeasturias.com\/magazine365\/category\/noticias-actualidad\/","nextItem":{"@type":"ListItem","@id":"https:\/\/eldigitaldeasturias.com\/magazine365\/la-lluvia-pone-epica-a-la-actuacion-de-los-esforzados-temples-en-el-primavera-sound\/#listItem","name":"La lluvia pone \u00e9pica a la actuaci\u00f3n de los esforzados Temples en el Primavera Sound"},"previousItem":{"@type":"ListItem","@id":"https:\/\/eldigitaldeasturias.com\/magazine365#listItem","name":"Home"}},{"@type":"ListItem","@id":"https:\/\/eldigitaldeasturias.com\/magazine365\/la-lluvia-pone-epica-a-la-actuacion-de-los-esforzados-temples-en-el-primavera-sound\/#listItem","position":3,"name":"La lluvia pone \u00e9pica a la actuaci\u00f3n de los esforzados Temples en el Primavera Sound","previousItem":{"@type":"ListItem","@id":"https:\/\/eldigitaldeasturias.com\/magazine365\/category\/noticias-actualidad\/#listItem","name":"Noticias y Actualidad"}}]},{"@type":"Organization","@id":"https:\/\/eldigitaldeasturias.com\/magazine365\/#organization","name":"El digital de Asturias","description":"Revista de ocio, turismo y estilo de vida","url":"https:\/\/eldigitaldeasturias.com\/magazine365\/","logo":{"@type":"ImageObject","url":"https:\/\/www.eldigitaldeasturias.com\/noticias\/wp-content\/uploads\/2020\/12\/EDA.jpg","@id":"https:\/\/eldigitaldeasturias.com\/magazine365\/la-lluvia-pone-epica-a-la-actuacion-de-los-esforzados-temples-en-el-primavera-sound\/#organizationLogo"},"image":{"@id":"https:\/\/eldigitaldeasturias.com\/magazine365\/la-lluvia-pone-epica-a-la-actuacion-de-los-esforzados-temples-en-el-primavera-sound\/#organizationLogo"}},{"@type":"Person","@id":"https:\/\/eldigitaldeasturias.com\/magazine365\/author\/admin\/#author","url":"https:\/\/eldigitaldeasturias.com\/magazine365\/author\/admin\/","name":"admin","image":{"@type":"ImageObject","@id":"https:\/\/eldigitaldeasturias.com\/magazine365\/la-lluvia-pone-epica-a-la-actuacion-de-los-esforzados-temples-en-el-primavera-sound\/#authorImage","url":"https:\/\/eldigitaldeasturias.com\/magazine365\/wp-content\/litespeed\/avatar\/e571bcf59a0edd6fa6838245a470f2fe.jpg?ver=1776969259","width":96,"height":96,"caption":"admin"}},{"@type":"WebPage","@id":"https:\/\/eldigitaldeasturias.com\/magazine365\/la-lluvia-pone-epica-a-la-actuacion-de-los-esforzados-temples-en-el-primavera-sound\/#webpage","url":"https:\/\/eldigitaldeasturias.com\/magazine365\/la-lluvia-pone-epica-a-la-actuacion-de-los-esforzados-temples-en-el-primavera-sound\/","name":"La lluvia pone \u00e9pica a la actuaci\u00f3n de los esforzados Temples en el Primavera Sound | El Digital de Asturias","description":"Barcelona, 29 may (EFE).- \u00a1Ay, la lluvia! Tan deseada por algunos y odiada a muerte por organizadores de festivales como el Primavera Sound, que han visto trastocada su jornada de puertas abiertas por una impresionante tromba de agua que ha impedido a los jovenc\u00edsimos Temples ejercer a gusto su papel de banda brit\u00e1nica rockera del","inLanguage":"es-ES","isPartOf":{"@id":"https:\/\/eldigitaldeasturias.com\/magazine365\/#website"},"breadcrumb":{"@id":"https:\/\/eldigitaldeasturias.com\/magazine365\/la-lluvia-pone-epica-a-la-actuacion-de-los-esforzados-temples-en-el-primavera-sound\/#breadcrumblist"},"author":{"@id":"https:\/\/eldigitaldeasturias.com\/magazine365\/author\/admin\/#author"},"creator":{"@id":"https:\/\/eldigitaldeasturias.com\/magazine365\/author\/admin\/#author"},"image":{"@type":"ImageObject","url":"https:\/\/eldigitaldeasturias.com\/magazine365\/wp-content\/uploads\/2014\/05\/6312042w.jpg","@id":"https:\/\/eldigitaldeasturias.com\/magazine365\/la-lluvia-pone-epica-a-la-actuacion-de-los-esforzados-temples-en-el-primavera-sound\/#mainImage","width":800,"height":533},"primaryImageOfPage":{"@id":"https:\/\/eldigitaldeasturias.com\/magazine365\/la-lluvia-pone-epica-a-la-actuacion-de-los-esforzados-temples-en-el-primavera-sound\/#mainImage"},"datePublished":"2014-05-29T20:27:47+02:00","dateModified":"2014-05-29T20:27:47+02:00"},{"@type":"WebSite","@id":"https:\/\/eldigitaldeasturias.com\/magazine365\/#website","url":"https:\/\/eldigitaldeasturias.com\/magazine365\/","name":"El Digital de Asturias","description":"Revista de ocio, turismo y estilo de vida","inLanguage":"es-ES","publisher":{"@id":"https:\/\/eldigitaldeasturias.com\/magazine365\/#organization"}}]},"og:locale":"es_ES","og:site_name":"El Digital de Asturias \u2013 Revista de ocio, turismo y estilo de vida","og:type":"article","og:title":"La lluvia pone \u00e9pica a la actuaci\u00f3n de los esforzados Temples en el Primavera Sound | El Digital de Asturias","og:description":"Barcelona, 29 may (EFE).- \u00a1Ay, la lluvia! Tan deseada por algunos y odiada a muerte por organizadores de festivales como el Primavera Sound, que han visto trastocada su jornada de puertas abiertas por una impresionante tromba de agua que ha impedido a los jovenc\u00edsimos Temples ejercer a gusto su papel de banda brit\u00e1nica rockera del","og:url":"https:\/\/eldigitaldeasturias.com\/magazine365\/la-lluvia-pone-epica-a-la-actuacion-de-los-esforzados-temples-en-el-primavera-sound\/","og:image":"https:\/\/eldigitaldeasturias.com\/magazine365\/wp-content\/uploads\/2014\/05\/6312042w.jpg","og:image:secure_url":"https:\/\/eldigitaldeasturias.com\/magazine365\/wp-content\/uploads\/2014\/05\/6312042w.jpg","og:image:width":800,"og:image:height":533,"article:published_time":"2014-05-29T22:27:47+00:00","article:modified_time":"2014-05-29T22:27:47+00:00","twitter:card":"summary_large_image","twitter:title":"La lluvia pone \u00e9pica a la actuaci\u00f3n de los esforzados Temples en el Primavera Sound | El Digital de Asturias","twitter:description":"Barcelona, 29 may (EFE).- \u00a1Ay, la lluvia! Tan deseada por algunos y odiada a muerte por organizadores de festivales como el Primavera Sound, que han visto trastocada su jornada de puertas abiertas por una impresionante tromba de agua que ha impedido a los jovenc\u00edsimos Temples ejercer a gusto su papel de banda brit\u00e1nica rockera del","twitter:image":"https:\/\/eldigitaldeasturias.com\/magazine365\/wp-content\/uploads\/2014\/05\/6312042w.jpg"},"aioseo_meta_data":{"post_id":"14289","title":null,"description":null,"keywords":null,"keyphrases":null,"primary_term":null,"canonical_url":null,"og_title":null,"og_description":null,"og_object_type":"default","og_image_type":"default","og_image_url":null,"og_image_width":null,"og_image_height":null,"og_image_custom_url":null,"og_image_custom_fields":null,"og_video":null,"og_custom_url":null,"og_article_section":null,"og_article_tags":null,"twitter_use_og":false,"twitter_card":"default","twitter_image_type":"default","twitter_image_url":null,"twitter_image_custom_url":null,"twitter_image_custom_fields":null,"twitter_title":null,"twitter_description":null,"schema":{"blockGraphs":[],"customGraphs":[],"default":{"data":{"Article":[],"Course":[],"Dataset":[],"FAQPage":[],"Movie":[],"Person":[],"Product":[],"ProductReview":[],"Car":[],"Recipe":[],"Service":[],"SoftwareApplication":[],"WebPage":[]},"graphName":"","isEnabled":true},"graphs":[],"defaultGraph":"","defaultPostTypeGraph":""},"schema_type":null,"schema_type_options":null,"pillar_content":false,"robots_default":true,"robots_noindex":false,"robots_noarchive":false,"robots_nosnippet":false,"robots_nofollow":false,"robots_noimageindex":false,"robots_noodp":false,"robots_notranslate":false,"robots_max_snippet":null,"robots_max_videopreview":null,"robots_max_imagepreview":"large","priority":null,"frequency":null,"location":null,"local_seo":null,"seo_analyzer_scan_date":"2025-09-17 09:52:24","breadcrumb_settings":null,"limit_modified_date":false,"open_ai":null,"ai":null,"created":"2021-03-09 08:17:51","updated":"2025-09-17 09:52:24"},"aioseo_breadcrumb":"<div class=\"aioseo-breadcrumbs\"><span class=\"aioseo-breadcrumb\">\n\t<a href=\"https:\/\/eldigitaldeasturias.com\/magazine365\" title=\"Home\">Home<\/a>\n<\/span><span class=\"aioseo-breadcrumb-separator\">\u2013<\/span><span class=\"aioseo-breadcrumb\">\n\t<a href=\"https:\/\/eldigitaldeasturias.com\/magazine365\/category\/noticias-actualidad\/\" title=\"Noticias y Actualidad\">Noticias y Actualidad<\/a>\n<\/span><span class=\"aioseo-breadcrumb-separator\">\u2013<\/span><span class=\"aioseo-breadcrumb\">\n\t<a href=\"https:\/\/eldigitaldeasturias.com\/magazine365\/la-lluvia-pone-epica-a-la-actuacion-de-los-esforzados-temples-en-el-primavera-sound\/\" title=\"La lluvia pone \u00e9pica a la actuaci\u00f3n de los esforzados Temples en el Primavera Sound\">La lluvia pone \u00e9pica a la actuaci\u00f3n de los esforzados Temples en el Primavera Sound<\/a>\n<\/span><\/div>","aioseo_breadcrumb_json":[{"label":"Home","link":"https:\/\/eldigitaldeasturias.com\/magazine365"},{"label":"Noticias y Actualidad","link":"https:\/\/eldigitaldeasturias.com\/magazine365\/category\/noticias-actualidad\/"},{"label":"La lluvia pone \u00e9pica a la actuaci\u00f3n de los esforzados Temples en el Primavera Sound","link":"https:\/\/eldigitaldeasturias.com\/magazine365\/la-lluvia-pone-epica-a-la-actuacion-de-los-esforzados-temples-en-el-primavera-sound\/"}],"_links":{"self":[{"href":"https:\/\/eldigitaldeasturias.com\/magazine365\/wp-json\/wp\/v2\/posts\/14289","targetHints":{"allow":["GET"]}}],"collection":[{"href":"https:\/\/eldigitaldeasturias.com\/magazine365\/wp-json\/wp\/v2\/posts"}],"about":[{"href":"https:\/\/eldigitaldeasturias.com\/magazine365\/wp-json\/wp\/v2\/types\/post"}],"author":[{"embeddable":true,"href":"https:\/\/eldigitaldeasturias.com\/magazine365\/wp-json\/wp\/v2\/users\/1"}],"replies":[{"embeddable":true,"href":"https:\/\/eldigitaldeasturias.com\/magazine365\/wp-json\/wp\/v2\/comments?post=14289"}],"version-history":[{"count":0,"href":"https:\/\/eldigitaldeasturias.com\/magazine365\/wp-json\/wp\/v2\/posts\/14289\/revisions"}],"wp:featuredmedia":[{"embeddable":true,"href":"https:\/\/eldigitaldeasturias.com\/magazine365\/wp-json\/wp\/v2\/media\/14290"}],"wp:attachment":[{"href":"https:\/\/eldigitaldeasturias.com\/magazine365\/wp-json\/wp\/v2\/media?parent=14289"}],"wp:term":[{"taxonomy":"category","embeddable":true,"href":"https:\/\/eldigitaldeasturias.com\/magazine365\/wp-json\/wp\/v2\/categories?post=14289"},{"taxonomy":"post_tag","embeddable":true,"href":"https:\/\/eldigitaldeasturias.com\/magazine365\/wp-json\/wp\/v2\/tags?post=14289"}],"curies":[{"name":"wp","href":"https:\/\/api.w.org\/{rel}","templated":true}]}}