{"id":14274,"date":"2014-05-28T23:58:39","date_gmt":"2014-05-29T01:58:39","guid":{"rendered":"http:\/\/eldigitaldeasturias.com\/magazine365\/?p=14274"},"modified":"2014-05-28T23:58:39","modified_gmt":"2014-05-29T01:58:39","slug":"el-chef-vizcaino-eneko-atxa-y-el-peruano-virgilio-martinez-aprenden-juntos","status":"publish","type":"post","link":"https:\/\/eldigitaldeasturias.com\/magazine365\/el-chef-vizcaino-eneko-atxa-y-el-peruano-virgilio-martinez-aprenden-juntos\/","title":{"rendered":"El chef vizca\u00edno Eneko Atxa y el peruano Virgilio Mart\u00ednez aprenden juntos"},"content":{"rendered":"<p><img fetchpriority=\"high\" decoding=\"async\" class=\"alignleft size-medium wp-image-14275\" alt=\"6311536w\" src=\"https:\/\/eldigitaldeasturias.com\/magazine365\/wp-content\/uploads\/2014\/05\/6311536w-360x195.jpg\" width=\"360\" height=\"195\" \/>Larrabetzu (Vizcaya), 28 may (EFE).- El cocinero vizca\u00edno Eneko Atxa y el peruano Virgilio Mart\u00ednez, ambos de 36 a\u00f1os y tocados en sus restaurantes con tres y una estrella Michel\u00edn, respectivamente, han preparado juntos hoy en la cocina del Azurmendi de Larrabetzu un men\u00fa con el que han confesado aprender mutuamente.<\/p>\n<p>Mart\u00ednez, que dirige un restaurante en Londres y otro en la capital de Per\u00fa, este \u00faltimo considerado este a\u00f1o el decimoquinto mejor del mundo, ha recalado en el Pa\u00eds Vasco con ocasi\u00f3n del Festival del Sol de Bilbao, donde tiene previsto dar una conferencia, y ha aprovechado su estancia en la capital vizca\u00edna para visitar a Atxa, a quien conoce desde hace unos seis a\u00f1os.<\/p>\n<p>\u00abPara m\u00ed, Eneko siempre ha sido un referente. Le admiro por su pureza, por su forma de trabajar la naturaleza. En mi cocina, trato de transmitir la naturaleza, la diversidad de Per\u00fa: la costa, los Andes&#8230; Y Eneko transmite de forma muy clara la naturaleza de su tierra. Mi territorio es m\u00e1s complejo\u00bb, ha admitido el chef peruano en declaraciones a Efe.<\/p>\n<p>Virgilio Mart\u00ednez, cuyo restaurante de Londres tiene una estrella Michel\u00edn, ha considerado \u00abmuy bonita\u00bb la experiencia de poder cocinar junto a Eneko Atxa en Bizkaia y \u00abpoder compartir lo que es Per\u00fa y nuestra cocina en este territorio\u00bb.<\/p>\n<p>Eneko Atxa ha afirmado que admira de Virgilio Mart\u00ednez su capacidad de hacer \u00abcocina de su territorio y, a la vez, darle un enfoque muy evolutivo\u00bb y ha elogiado la forma en que este cocinero peruano trabaja \u00abproductos ancestrales\u00bb de su pa\u00eds, como las papas o el aj\u00ed\u00bb.<\/p>\n<p>El chef del restaurante Azurmendi ha destacado que, al cocinar junto a otros chef de renombre, siempre \u00abacabas aprendiendo cosas, a aplicar conceptos e ideas a nuestra forma de cocinar\u00bb.<\/p>\n<p>En la cena que han preparado para cuarenta comensales figuran propuestas como \u00abEl bosque de la hoja de coca\u00bb, que incluye una \u00abinfusi\u00f3n solar de cacao\u00bb, o el \u00abroyal de pato a la naranja y aroma de azahar\u00bb, entre otros platos.<\/p>\n","protected":false},"excerpt":{"rendered":"<p>Larrabetzu (Vizcaya), 28 may (EFE).- El cocinero vizca\u00edno Eneko Atxa y el peruano Virgilio Mart\u00ednez, ambos de 36 a\u00f1os y tocados en sus restaurantes con tres y una estrella Michel\u00edn, respectivamente, han preparado juntos hoy en la cocina del Azurmendi de Larrabetzu un men\u00fa con el que han confesado aprender mutuamente. Mart\u00ednez, que dirige un<\/p>\n","protected":false},"author":1,"featured_media":14275,"comment_status":"open","ping_status":"closed","sticky":false,"template":"","format":"standard","meta":{"footnotes":""},"categories":[224],"tags":[],"class_list":{"0":"post-14274","1":"post","2":"type-post","3":"status-publish","4":"format-standard","5":"has-post-thumbnail","7":"category-noticias-actualidad"},"aioseo_notices":[],"aioseo_head":"\n\t\t<!-- All in One SEO Pro 4.9.6.1 - aioseo.com -->\n\t<meta name=\"description\" content=\"Larrabetzu (Vizcaya), 28 may (EFE).- El cocinero vizca\u00edno Eneko Atxa y el peruano Virgilio Mart\u00ednez, ambos de 36 a\u00f1os y tocados en sus restaurantes con tres y una estrella Michel\u00edn, respectivamente, han preparado juntos hoy en la cocina del Azurmendi de Larrabetzu un men\u00fa con el que han confesado aprender mutuamente. Mart\u00ednez, que dirige un\" \/>\n\t<meta name=\"robots\" content=\"max-image-preview:large\" \/>\n\t<meta name=\"author\" content=\"admin\"\/>\n\t<meta name=\"google-site-verification\" content=\"UA-38556648-1\" \/>\n\t<meta name=\"keywords\" content=\"noticias y actualidad\" \/>\n\t<link rel=\"canonical\" href=\"https:\/\/eldigitaldeasturias.com\/magazine365\/el-chef-vizcaino-eneko-atxa-y-el-peruano-virgilio-martinez-aprenden-juntos\/\" \/>\n\t<meta name=\"generator\" content=\"All in One SEO Pro (AIOSEO) 4.9.6.1\" \/>\n\t\t<meta property=\"og:locale\" content=\"es_ES\" \/>\n\t\t<meta property=\"og:site_name\" content=\"El Digital de Asturias \u2013 Revista de ocio, turismo y estilo de vida\" \/>\n\t\t<meta property=\"og:type\" content=\"article\" \/>\n\t\t<meta property=\"og:title\" content=\"El chef vizca\u00edno Eneko Atxa y el peruano Virgilio Mart\u00ednez aprenden juntos | El Digital de Asturias\" \/>\n\t\t<meta property=\"og:description\" content=\"Larrabetzu (Vizcaya), 28 may (EFE).- El cocinero vizca\u00edno Eneko Atxa y el peruano Virgilio Mart\u00ednez, ambos de 36 a\u00f1os y tocados en sus restaurantes con tres y una estrella Michel\u00edn, respectivamente, han preparado juntos hoy en la cocina del Azurmendi de Larrabetzu un men\u00fa con el que han confesado aprender mutuamente. Mart\u00ednez, que dirige un\" \/>\n\t\t<meta property=\"og:url\" content=\"https:\/\/eldigitaldeasturias.com\/magazine365\/el-chef-vizcaino-eneko-atxa-y-el-peruano-virgilio-martinez-aprenden-juntos\/\" \/>\n\t\t<meta property=\"og:image\" content=\"https:\/\/eldigitaldeasturias.com\/magazine365\/wp-content\/uploads\/2014\/05\/6311536w.jpg\" \/>\n\t\t<meta property=\"og:image:secure_url\" content=\"https:\/\/eldigitaldeasturias.com\/magazine365\/wp-content\/uploads\/2014\/05\/6311536w.jpg\" \/>\n\t\t<meta property=\"og:image:width\" content=\"800\" \/>\n\t\t<meta property=\"og:image:height\" content=\"435\" \/>\n\t\t<meta property=\"article:published_time\" content=\"2014-05-29T01:58:39+00:00\" \/>\n\t\t<meta property=\"article:modified_time\" content=\"2014-05-29T01:58:39+00:00\" \/>\n\t\t<meta name=\"twitter:card\" content=\"summary_large_image\" \/>\n\t\t<meta name=\"twitter:title\" content=\"El chef vizca\u00edno Eneko Atxa y el peruano Virgilio Mart\u00ednez aprenden juntos | El Digital de Asturias\" \/>\n\t\t<meta name=\"twitter:description\" content=\"Larrabetzu (Vizcaya), 28 may (EFE).- El cocinero vizca\u00edno Eneko Atxa y el peruano Virgilio Mart\u00ednez, ambos de 36 a\u00f1os y tocados en sus restaurantes con tres y una estrella Michel\u00edn, respectivamente, han preparado juntos hoy en la cocina del Azurmendi de Larrabetzu un men\u00fa con el que han confesado aprender mutuamente. Mart\u00ednez, que dirige un\" \/>\n\t\t<meta name=\"twitter:image\" content=\"https:\/\/eldigitaldeasturias.com\/magazine365\/wp-content\/uploads\/2014\/05\/6311536w.jpg\" \/>\n\t\t<script type=\"application\/ld+json\" class=\"aioseo-schema\">\n\t\t\t{\"@context\":\"https:\\\/\\\/schema.org\",\"@graph\":[{\"@type\":\"Article\",\"@id\":\"https:\\\/\\\/eldigitaldeasturias.com\\\/magazine365\\\/el-chef-vizcaino-eneko-atxa-y-el-peruano-virgilio-martinez-aprenden-juntos\\\/#article\",\"name\":\"El chef vizca\\u00edno Eneko Atxa y el peruano Virgilio Mart\\u00ednez aprenden juntos | El Digital de Asturias\",\"headline\":\"El chef vizca\\u00edno Eneko Atxa y el peruano Virgilio Mart\\u00ednez aprenden juntos\",\"author\":{\"@id\":\"https:\\\/\\\/eldigitaldeasturias.com\\\/magazine365\\\/author\\\/admin\\\/#author\"},\"publisher\":{\"@id\":\"https:\\\/\\\/eldigitaldeasturias.com\\\/magazine365\\\/#organization\"},\"image\":{\"@type\":\"ImageObject\",\"url\":\"https:\\\/\\\/eldigitaldeasturias.com\\\/magazine365\\\/wp-content\\\/uploads\\\/2014\\\/05\\\/6311536w.jpg\",\"width\":800,\"height\":435},\"datePublished\":\"2014-05-28T23:58:39+02:00\",\"dateModified\":\"2014-05-28T23:58:39+02:00\",\"inLanguage\":\"es-ES\",\"mainEntityOfPage\":{\"@id\":\"https:\\\/\\\/eldigitaldeasturias.com\\\/magazine365\\\/el-chef-vizcaino-eneko-atxa-y-el-peruano-virgilio-martinez-aprenden-juntos\\\/#webpage\"},\"isPartOf\":{\"@id\":\"https:\\\/\\\/eldigitaldeasturias.com\\\/magazine365\\\/el-chef-vizcaino-eneko-atxa-y-el-peruano-virgilio-martinez-aprenden-juntos\\\/#webpage\"},\"articleSection\":\"Noticias y Actualidad\"},{\"@type\":\"BreadcrumbList\",\"@id\":\"https:\\\/\\\/eldigitaldeasturias.com\\\/magazine365\\\/el-chef-vizcaino-eneko-atxa-y-el-peruano-virgilio-martinez-aprenden-juntos\\\/#breadcrumblist\",\"itemListElement\":[{\"@type\":\"ListItem\",\"@id\":\"https:\\\/\\\/eldigitaldeasturias.com\\\/magazine365#listItem\",\"position\":1,\"name\":\"Home\",\"item\":\"https:\\\/\\\/eldigitaldeasturias.com\\\/magazine365\",\"nextItem\":{\"@type\":\"ListItem\",\"@id\":\"https:\\\/\\\/eldigitaldeasturias.com\\\/magazine365\\\/category\\\/noticias-actualidad\\\/#listItem\",\"name\":\"Noticias y Actualidad\"}},{\"@type\":\"ListItem\",\"@id\":\"https:\\\/\\\/eldigitaldeasturias.com\\\/magazine365\\\/category\\\/noticias-actualidad\\\/#listItem\",\"position\":2,\"name\":\"Noticias y Actualidad\",\"item\":\"https:\\\/\\\/eldigitaldeasturias.com\\\/magazine365\\\/category\\\/noticias-actualidad\\\/\",\"nextItem\":{\"@type\":\"ListItem\",\"@id\":\"https:\\\/\\\/eldigitaldeasturias.com\\\/magazine365\\\/el-chef-vizcaino-eneko-atxa-y-el-peruano-virgilio-martinez-aprenden-juntos\\\/#listItem\",\"name\":\"El chef vizca\\u00edno Eneko Atxa y el peruano Virgilio Mart\\u00ednez aprenden juntos\"},\"previousItem\":{\"@type\":\"ListItem\",\"@id\":\"https:\\\/\\\/eldigitaldeasturias.com\\\/magazine365#listItem\",\"name\":\"Home\"}},{\"@type\":\"ListItem\",\"@id\":\"https:\\\/\\\/eldigitaldeasturias.com\\\/magazine365\\\/el-chef-vizcaino-eneko-atxa-y-el-peruano-virgilio-martinez-aprenden-juntos\\\/#listItem\",\"position\":3,\"name\":\"El chef vizca\\u00edno Eneko Atxa y el peruano Virgilio Mart\\u00ednez aprenden juntos\",\"previousItem\":{\"@type\":\"ListItem\",\"@id\":\"https:\\\/\\\/eldigitaldeasturias.com\\\/magazine365\\\/category\\\/noticias-actualidad\\\/#listItem\",\"name\":\"Noticias y Actualidad\"}}]},{\"@type\":\"Organization\",\"@id\":\"https:\\\/\\\/eldigitaldeasturias.com\\\/magazine365\\\/#organization\",\"name\":\"El digital de Asturias\",\"description\":\"Revista de ocio, turismo y estilo de vida\",\"url\":\"https:\\\/\\\/eldigitaldeasturias.com\\\/magazine365\\\/\",\"logo\":{\"@type\":\"ImageObject\",\"url\":\"https:\\\/\\\/www.eldigitaldeasturias.com\\\/noticias\\\/wp-content\\\/uploads\\\/2020\\\/12\\\/EDA.jpg\",\"@id\":\"https:\\\/\\\/eldigitaldeasturias.com\\\/magazine365\\\/el-chef-vizcaino-eneko-atxa-y-el-peruano-virgilio-martinez-aprenden-juntos\\\/#organizationLogo\"},\"image\":{\"@id\":\"https:\\\/\\\/eldigitaldeasturias.com\\\/magazine365\\\/el-chef-vizcaino-eneko-atxa-y-el-peruano-virgilio-martinez-aprenden-juntos\\\/#organizationLogo\"}},{\"@type\":\"Person\",\"@id\":\"https:\\\/\\\/eldigitaldeasturias.com\\\/magazine365\\\/author\\\/admin\\\/#author\",\"url\":\"https:\\\/\\\/eldigitaldeasturias.com\\\/magazine365\\\/author\\\/admin\\\/\",\"name\":\"admin\",\"image\":{\"@type\":\"ImageObject\",\"@id\":\"https:\\\/\\\/eldigitaldeasturias.com\\\/magazine365\\\/el-chef-vizcaino-eneko-atxa-y-el-peruano-virgilio-martinez-aprenden-juntos\\\/#authorImage\",\"url\":\"https:\\\/\\\/eldigitaldeasturias.com\\\/magazine365\\\/wp-content\\\/litespeed\\\/avatar\\\/e571bcf59a0edd6fa6838245a470f2fe.jpg?ver=1776969259\",\"width\":96,\"height\":96,\"caption\":\"admin\"}},{\"@type\":\"WebPage\",\"@id\":\"https:\\\/\\\/eldigitaldeasturias.com\\\/magazine365\\\/el-chef-vizcaino-eneko-atxa-y-el-peruano-virgilio-martinez-aprenden-juntos\\\/#webpage\",\"url\":\"https:\\\/\\\/eldigitaldeasturias.com\\\/magazine365\\\/el-chef-vizcaino-eneko-atxa-y-el-peruano-virgilio-martinez-aprenden-juntos\\\/\",\"name\":\"El chef vizca\\u00edno Eneko Atxa y el peruano Virgilio Mart\\u00ednez aprenden juntos | El Digital de Asturias\",\"description\":\"Larrabetzu (Vizcaya), 28 may (EFE).- El cocinero vizca\\u00edno Eneko Atxa y el peruano Virgilio Mart\\u00ednez, ambos de 36 a\\u00f1os y tocados en sus restaurantes con tres y una estrella Michel\\u00edn, respectivamente, han preparado juntos hoy en la cocina del Azurmendi de Larrabetzu un men\\u00fa con el que han confesado aprender mutuamente. Mart\\u00ednez, que dirige un\",\"inLanguage\":\"es-ES\",\"isPartOf\":{\"@id\":\"https:\\\/\\\/eldigitaldeasturias.com\\\/magazine365\\\/#website\"},\"breadcrumb\":{\"@id\":\"https:\\\/\\\/eldigitaldeasturias.com\\\/magazine365\\\/el-chef-vizcaino-eneko-atxa-y-el-peruano-virgilio-martinez-aprenden-juntos\\\/#breadcrumblist\"},\"author\":{\"@id\":\"https:\\\/\\\/eldigitaldeasturias.com\\\/magazine365\\\/author\\\/admin\\\/#author\"},\"creator\":{\"@id\":\"https:\\\/\\\/eldigitaldeasturias.com\\\/magazine365\\\/author\\\/admin\\\/#author\"},\"image\":{\"@type\":\"ImageObject\",\"url\":\"https:\\\/\\\/eldigitaldeasturias.com\\\/magazine365\\\/wp-content\\\/uploads\\\/2014\\\/05\\\/6311536w.jpg\",\"@id\":\"https:\\\/\\\/eldigitaldeasturias.com\\\/magazine365\\\/el-chef-vizcaino-eneko-atxa-y-el-peruano-virgilio-martinez-aprenden-juntos\\\/#mainImage\",\"width\":800,\"height\":435},\"primaryImageOfPage\":{\"@id\":\"https:\\\/\\\/eldigitaldeasturias.com\\\/magazine365\\\/el-chef-vizcaino-eneko-atxa-y-el-peruano-virgilio-martinez-aprenden-juntos\\\/#mainImage\"},\"datePublished\":\"2014-05-28T23:58:39+02:00\",\"dateModified\":\"2014-05-28T23:58:39+02:00\"},{\"@type\":\"WebSite\",\"@id\":\"https:\\\/\\\/eldigitaldeasturias.com\\\/magazine365\\\/#website\",\"url\":\"https:\\\/\\\/eldigitaldeasturias.com\\\/magazine365\\\/\",\"name\":\"El Digital de Asturias\",\"description\":\"Revista de ocio, turismo y estilo de vida\",\"inLanguage\":\"es-ES\",\"publisher\":{\"@id\":\"https:\\\/\\\/eldigitaldeasturias.com\\\/magazine365\\\/#organization\"}}]}\n\t\t<\/script>\n\t\t<!-- All in One SEO Pro -->\r\n\t\t<title>El chef vizca\u00edno Eneko Atxa y el peruano Virgilio Mart\u00ednez aprenden juntos | El Digital de Asturias<\/title>\n\n","aioseo_head_json":{"title":"El chef vizca\u00edno Eneko Atxa y el peruano Virgilio Mart\u00ednez aprenden juntos | El Digital de Asturias","description":"Larrabetzu (Vizcaya), 28 may (EFE).- El cocinero vizca\u00edno Eneko Atxa y el peruano Virgilio Mart\u00ednez, ambos de 36 a\u00f1os y tocados en sus restaurantes con tres y una estrella Michel\u00edn, respectivamente, han preparado juntos hoy en la cocina del Azurmendi de Larrabetzu un men\u00fa con el que han confesado aprender mutuamente. Mart\u00ednez, que dirige un","canonical_url":"https:\/\/eldigitaldeasturias.com\/magazine365\/el-chef-vizcaino-eneko-atxa-y-el-peruano-virgilio-martinez-aprenden-juntos\/","robots":"max-image-preview:large","keywords":"noticias y actualidad","webmasterTools":{"google-site-verification":"UA-38556648-1","miscellaneous":""},"schema":{"@context":"https:\/\/schema.org","@graph":[{"@type":"Article","@id":"https:\/\/eldigitaldeasturias.com\/magazine365\/el-chef-vizcaino-eneko-atxa-y-el-peruano-virgilio-martinez-aprenden-juntos\/#article","name":"El chef vizca\u00edno Eneko Atxa y el peruano Virgilio Mart\u00ednez aprenden juntos | El Digital de Asturias","headline":"El chef vizca\u00edno Eneko Atxa y el peruano Virgilio Mart\u00ednez aprenden juntos","author":{"@id":"https:\/\/eldigitaldeasturias.com\/magazine365\/author\/admin\/#author"},"publisher":{"@id":"https:\/\/eldigitaldeasturias.com\/magazine365\/#organization"},"image":{"@type":"ImageObject","url":"https:\/\/eldigitaldeasturias.com\/magazine365\/wp-content\/uploads\/2014\/05\/6311536w.jpg","width":800,"height":435},"datePublished":"2014-05-28T23:58:39+02:00","dateModified":"2014-05-28T23:58:39+02:00","inLanguage":"es-ES","mainEntityOfPage":{"@id":"https:\/\/eldigitaldeasturias.com\/magazine365\/el-chef-vizcaino-eneko-atxa-y-el-peruano-virgilio-martinez-aprenden-juntos\/#webpage"},"isPartOf":{"@id":"https:\/\/eldigitaldeasturias.com\/magazine365\/el-chef-vizcaino-eneko-atxa-y-el-peruano-virgilio-martinez-aprenden-juntos\/#webpage"},"articleSection":"Noticias y Actualidad"},{"@type":"BreadcrumbList","@id":"https:\/\/eldigitaldeasturias.com\/magazine365\/el-chef-vizcaino-eneko-atxa-y-el-peruano-virgilio-martinez-aprenden-juntos\/#breadcrumblist","itemListElement":[{"@type":"ListItem","@id":"https:\/\/eldigitaldeasturias.com\/magazine365#listItem","position":1,"name":"Home","item":"https:\/\/eldigitaldeasturias.com\/magazine365","nextItem":{"@type":"ListItem","@id":"https:\/\/eldigitaldeasturias.com\/magazine365\/category\/noticias-actualidad\/#listItem","name":"Noticias y Actualidad"}},{"@type":"ListItem","@id":"https:\/\/eldigitaldeasturias.com\/magazine365\/category\/noticias-actualidad\/#listItem","position":2,"name":"Noticias y Actualidad","item":"https:\/\/eldigitaldeasturias.com\/magazine365\/category\/noticias-actualidad\/","nextItem":{"@type":"ListItem","@id":"https:\/\/eldigitaldeasturias.com\/magazine365\/el-chef-vizcaino-eneko-atxa-y-el-peruano-virgilio-martinez-aprenden-juntos\/#listItem","name":"El chef vizca\u00edno Eneko Atxa y el peruano Virgilio Mart\u00ednez aprenden juntos"},"previousItem":{"@type":"ListItem","@id":"https:\/\/eldigitaldeasturias.com\/magazine365#listItem","name":"Home"}},{"@type":"ListItem","@id":"https:\/\/eldigitaldeasturias.com\/magazine365\/el-chef-vizcaino-eneko-atxa-y-el-peruano-virgilio-martinez-aprenden-juntos\/#listItem","position":3,"name":"El chef vizca\u00edno Eneko Atxa y el peruano Virgilio Mart\u00ednez aprenden juntos","previousItem":{"@type":"ListItem","@id":"https:\/\/eldigitaldeasturias.com\/magazine365\/category\/noticias-actualidad\/#listItem","name":"Noticias y Actualidad"}}]},{"@type":"Organization","@id":"https:\/\/eldigitaldeasturias.com\/magazine365\/#organization","name":"El digital de Asturias","description":"Revista de ocio, turismo y estilo de vida","url":"https:\/\/eldigitaldeasturias.com\/magazine365\/","logo":{"@type":"ImageObject","url":"https:\/\/www.eldigitaldeasturias.com\/noticias\/wp-content\/uploads\/2020\/12\/EDA.jpg","@id":"https:\/\/eldigitaldeasturias.com\/magazine365\/el-chef-vizcaino-eneko-atxa-y-el-peruano-virgilio-martinez-aprenden-juntos\/#organizationLogo"},"image":{"@id":"https:\/\/eldigitaldeasturias.com\/magazine365\/el-chef-vizcaino-eneko-atxa-y-el-peruano-virgilio-martinez-aprenden-juntos\/#organizationLogo"}},{"@type":"Person","@id":"https:\/\/eldigitaldeasturias.com\/magazine365\/author\/admin\/#author","url":"https:\/\/eldigitaldeasturias.com\/magazine365\/author\/admin\/","name":"admin","image":{"@type":"ImageObject","@id":"https:\/\/eldigitaldeasturias.com\/magazine365\/el-chef-vizcaino-eneko-atxa-y-el-peruano-virgilio-martinez-aprenden-juntos\/#authorImage","url":"https:\/\/eldigitaldeasturias.com\/magazine365\/wp-content\/litespeed\/avatar\/e571bcf59a0edd6fa6838245a470f2fe.jpg?ver=1776969259","width":96,"height":96,"caption":"admin"}},{"@type":"WebPage","@id":"https:\/\/eldigitaldeasturias.com\/magazine365\/el-chef-vizcaino-eneko-atxa-y-el-peruano-virgilio-martinez-aprenden-juntos\/#webpage","url":"https:\/\/eldigitaldeasturias.com\/magazine365\/el-chef-vizcaino-eneko-atxa-y-el-peruano-virgilio-martinez-aprenden-juntos\/","name":"El chef vizca\u00edno Eneko Atxa y el peruano Virgilio Mart\u00ednez aprenden juntos | El Digital de Asturias","description":"Larrabetzu (Vizcaya), 28 may (EFE).- El cocinero vizca\u00edno Eneko Atxa y el peruano Virgilio Mart\u00ednez, ambos de 36 a\u00f1os y tocados en sus restaurantes con tres y una estrella Michel\u00edn, respectivamente, han preparado juntos hoy en la cocina del Azurmendi de Larrabetzu un men\u00fa con el que han confesado aprender mutuamente. Mart\u00ednez, que dirige un","inLanguage":"es-ES","isPartOf":{"@id":"https:\/\/eldigitaldeasturias.com\/magazine365\/#website"},"breadcrumb":{"@id":"https:\/\/eldigitaldeasturias.com\/magazine365\/el-chef-vizcaino-eneko-atxa-y-el-peruano-virgilio-martinez-aprenden-juntos\/#breadcrumblist"},"author":{"@id":"https:\/\/eldigitaldeasturias.com\/magazine365\/author\/admin\/#author"},"creator":{"@id":"https:\/\/eldigitaldeasturias.com\/magazine365\/author\/admin\/#author"},"image":{"@type":"ImageObject","url":"https:\/\/eldigitaldeasturias.com\/magazine365\/wp-content\/uploads\/2014\/05\/6311536w.jpg","@id":"https:\/\/eldigitaldeasturias.com\/magazine365\/el-chef-vizcaino-eneko-atxa-y-el-peruano-virgilio-martinez-aprenden-juntos\/#mainImage","width":800,"height":435},"primaryImageOfPage":{"@id":"https:\/\/eldigitaldeasturias.com\/magazine365\/el-chef-vizcaino-eneko-atxa-y-el-peruano-virgilio-martinez-aprenden-juntos\/#mainImage"},"datePublished":"2014-05-28T23:58:39+02:00","dateModified":"2014-05-28T23:58:39+02:00"},{"@type":"WebSite","@id":"https:\/\/eldigitaldeasturias.com\/magazine365\/#website","url":"https:\/\/eldigitaldeasturias.com\/magazine365\/","name":"El Digital de Asturias","description":"Revista de ocio, turismo y estilo de vida","inLanguage":"es-ES","publisher":{"@id":"https:\/\/eldigitaldeasturias.com\/magazine365\/#organization"}}]},"og:locale":"es_ES","og:site_name":"El Digital de Asturias \u2013 Revista de ocio, turismo y estilo de vida","og:type":"article","og:title":"El chef vizca\u00edno Eneko Atxa y el peruano Virgilio Mart\u00ednez aprenden juntos | El Digital de Asturias","og:description":"Larrabetzu (Vizcaya), 28 may (EFE).- El cocinero vizca\u00edno Eneko Atxa y el peruano Virgilio Mart\u00ednez, ambos de 36 a\u00f1os y tocados en sus restaurantes con tres y una estrella Michel\u00edn, respectivamente, han preparado juntos hoy en la cocina del Azurmendi de Larrabetzu un men\u00fa con el que han confesado aprender mutuamente. Mart\u00ednez, que dirige un","og:url":"https:\/\/eldigitaldeasturias.com\/magazine365\/el-chef-vizcaino-eneko-atxa-y-el-peruano-virgilio-martinez-aprenden-juntos\/","og:image":"https:\/\/eldigitaldeasturias.com\/magazine365\/wp-content\/uploads\/2014\/05\/6311536w.jpg","og:image:secure_url":"https:\/\/eldigitaldeasturias.com\/magazine365\/wp-content\/uploads\/2014\/05\/6311536w.jpg","og:image:width":800,"og:image:height":435,"article:published_time":"2014-05-29T01:58:39+00:00","article:modified_time":"2014-05-29T01:58:39+00:00","twitter:card":"summary_large_image","twitter:title":"El chef vizca\u00edno Eneko Atxa y el peruano Virgilio Mart\u00ednez aprenden juntos | El Digital de Asturias","twitter:description":"Larrabetzu (Vizcaya), 28 may (EFE).- El cocinero vizca\u00edno Eneko Atxa y el peruano Virgilio Mart\u00ednez, ambos de 36 a\u00f1os y tocados en sus restaurantes con tres y una estrella Michel\u00edn, respectivamente, han preparado juntos hoy en la cocina del Azurmendi de Larrabetzu un men\u00fa con el que han confesado aprender mutuamente. Mart\u00ednez, que dirige un","twitter:image":"https:\/\/eldigitaldeasturias.com\/magazine365\/wp-content\/uploads\/2014\/05\/6311536w.jpg"},"aioseo_meta_data":{"post_id":"14274","title":null,"description":null,"keywords":null,"keyphrases":null,"primary_term":null,"canonical_url":null,"og_title":null,"og_description":null,"og_object_type":"default","og_image_type":"default","og_image_url":null,"og_image_width":null,"og_image_height":null,"og_image_custom_url":null,"og_image_custom_fields":null,"og_video":null,"og_custom_url":null,"og_article_section":null,"og_article_tags":null,"twitter_use_og":false,"twitter_card":"default","twitter_image_type":"default","twitter_image_url":null,"twitter_image_custom_url":null,"twitter_image_custom_fields":null,"twitter_title":null,"twitter_description":null,"schema":{"blockGraphs":[],"customGraphs":[],"default":{"data":{"Article":[],"Course":[],"Dataset":[],"FAQPage":[],"Movie":[],"Person":[],"Product":[],"ProductReview":[],"Car":[],"Recipe":[],"Service":[],"SoftwareApplication":[],"WebPage":[]},"graphName":"","isEnabled":true},"graphs":[],"defaultGraph":"","defaultPostTypeGraph":""},"schema_type":null,"schema_type_options":null,"pillar_content":false,"robots_default":true,"robots_noindex":false,"robots_noarchive":false,"robots_nosnippet":false,"robots_nofollow":false,"robots_noimageindex":false,"robots_noodp":false,"robots_notranslate":false,"robots_max_snippet":null,"robots_max_videopreview":null,"robots_max_imagepreview":"large","priority":null,"frequency":null,"location":null,"local_seo":null,"seo_analyzer_scan_date":"2025-09-17 09:50:14","breadcrumb_settings":null,"limit_modified_date":false,"open_ai":null,"ai":null,"created":"2021-03-09 08:17:51","updated":"2025-09-17 09:50:14"},"aioseo_breadcrumb":"<div class=\"aioseo-breadcrumbs\"><span class=\"aioseo-breadcrumb\">\n\t<a href=\"https:\/\/eldigitaldeasturias.com\/magazine365\" title=\"Home\">Home<\/a>\n<\/span><span class=\"aioseo-breadcrumb-separator\">\u2013<\/span><span class=\"aioseo-breadcrumb\">\n\t<a href=\"https:\/\/eldigitaldeasturias.com\/magazine365\/category\/noticias-actualidad\/\" title=\"Noticias y Actualidad\">Noticias y Actualidad<\/a>\n<\/span><span class=\"aioseo-breadcrumb-separator\">\u2013<\/span><span class=\"aioseo-breadcrumb\">\n\t<a href=\"https:\/\/eldigitaldeasturias.com\/magazine365\/el-chef-vizcaino-eneko-atxa-y-el-peruano-virgilio-martinez-aprenden-juntos\/\" title=\"El chef vizca\u00edno Eneko Atxa y el peruano Virgilio Mart\u00ednez aprenden juntos\">El chef vizca\u00edno Eneko Atxa y el peruano Virgilio Mart\u00ednez aprenden juntos<\/a>\n<\/span><\/div>","aioseo_breadcrumb_json":[{"label":"Home","link":"https:\/\/eldigitaldeasturias.com\/magazine365"},{"label":"Noticias y Actualidad","link":"https:\/\/eldigitaldeasturias.com\/magazine365\/category\/noticias-actualidad\/"},{"label":"El chef vizca\u00edno Eneko Atxa y el peruano Virgilio Mart\u00ednez aprenden juntos","link":"https:\/\/eldigitaldeasturias.com\/magazine365\/el-chef-vizcaino-eneko-atxa-y-el-peruano-virgilio-martinez-aprenden-juntos\/"}],"_links":{"self":[{"href":"https:\/\/eldigitaldeasturias.com\/magazine365\/wp-json\/wp\/v2\/posts\/14274","targetHints":{"allow":["GET"]}}],"collection":[{"href":"https:\/\/eldigitaldeasturias.com\/magazine365\/wp-json\/wp\/v2\/posts"}],"about":[{"href":"https:\/\/eldigitaldeasturias.com\/magazine365\/wp-json\/wp\/v2\/types\/post"}],"author":[{"embeddable":true,"href":"https:\/\/eldigitaldeasturias.com\/magazine365\/wp-json\/wp\/v2\/users\/1"}],"replies":[{"embeddable":true,"href":"https:\/\/eldigitaldeasturias.com\/magazine365\/wp-json\/wp\/v2\/comments?post=14274"}],"version-history":[{"count":0,"href":"https:\/\/eldigitaldeasturias.com\/magazine365\/wp-json\/wp\/v2\/posts\/14274\/revisions"}],"wp:featuredmedia":[{"embeddable":true,"href":"https:\/\/eldigitaldeasturias.com\/magazine365\/wp-json\/wp\/v2\/media\/14275"}],"wp:attachment":[{"href":"https:\/\/eldigitaldeasturias.com\/magazine365\/wp-json\/wp\/v2\/media?parent=14274"}],"wp:term":[{"taxonomy":"category","embeddable":true,"href":"https:\/\/eldigitaldeasturias.com\/magazine365\/wp-json\/wp\/v2\/categories?post=14274"},{"taxonomy":"post_tag","embeddable":true,"href":"https:\/\/eldigitaldeasturias.com\/magazine365\/wp-json\/wp\/v2\/tags?post=14274"}],"curies":[{"name":"wp","href":"https:\/\/api.w.org\/{rel}","templated":true}]}}