{"id":14265,"date":"2014-05-28T23:48:37","date_gmt":"2014-05-29T01:48:37","guid":{"rendered":"http:\/\/eldigitaldeasturias.com\/magazine365\/?p=14265"},"modified":"2014-05-28T23:48:37","modified_gmt":"2014-05-29T01:48:37","slug":"porsche-llama-a-revision-a-2-500-unidades-del-nuevo-macan","status":"publish","type":"post","link":"https:\/\/eldigitaldeasturias.com\/magazine365\/porsche-llama-a-revision-a-2-500-unidades-del-nuevo-macan\/","title":{"rendered":"Porsche llama a revisi\u00f3n a 2.500 unidades del nuevo Macan"},"content":{"rendered":"<p><img fetchpriority=\"high\" decoding=\"async\" class=\"alignleft size-medium wp-image-14266\" alt=\"6311421w\" src=\"https:\/\/eldigitaldeasturias.com\/magazine365\/wp-content\/uploads\/2014\/05\/6311421w-360x239.jpg\" width=\"360\" height=\"239\" \/>Fr\u00e1ncfort (Alemania), 28 may (EFE).- El fabricante de deportivos Porsche ha llamado a revisi\u00f3n a 2.500 unidades del nuevo modelo SUV Macan por problemas con el aumentador de la fuerza de frenado, la cuarta parte de ellos en Alemania.<\/p>\n<p>Porsche informo hoy de que se ha constatado en revisiones internas que el potenciador se ha da\u00f1ado en la fase inicial del montaje.<\/p>\n<p>Los clientes afectados deben pisar a fondo con m\u00e1s fuerza al frenar.<\/p>\n<p>El nuevo todoterreno Macan est\u00e1 en el mercado europeo y en Oriente Medio desde comienzos de abril y llegar\u00e1 a EEUU en junio.<\/p>\n","protected":false},"excerpt":{"rendered":"<p>Fr\u00e1ncfort (Alemania), 28 may (EFE).- El fabricante de deportivos Porsche ha llamado a revisi\u00f3n a 2.500 unidades del nuevo modelo SUV Macan por problemas con el aumentador de la fuerza de frenado, la cuarta parte de ellos en Alemania. Porsche informo hoy de que se ha constatado en revisiones internas que el potenciador se ha<\/p>\n","protected":false},"author":1,"featured_media":14266,"comment_status":"open","ping_status":"closed","sticky":false,"template":"","format":"standard","meta":{"footnotes":""},"categories":[224],"tags":[],"class_list":{"0":"post-14265","1":"post","2":"type-post","3":"status-publish","4":"format-standard","5":"has-post-thumbnail","7":"category-noticias-actualidad"},"aioseo_notices":[],"aioseo_head":"\n\t\t<!-- All in One SEO Pro 4.9.6.1 - aioseo.com -->\n\t<meta name=\"description\" content=\"Fr\u00e1ncfort (Alemania), 28 may (EFE).- El fabricante de deportivos Porsche ha llamado a revisi\u00f3n a 2.500 unidades del nuevo modelo SUV Macan por problemas con el aumentador de la fuerza de frenado, la cuarta parte de ellos en Alemania. Porsche informo hoy de que se ha constatado en revisiones internas que el potenciador se ha\" \/>\n\t<meta name=\"robots\" content=\"max-image-preview:large\" \/>\n\t<meta name=\"author\" content=\"admin\"\/>\n\t<meta name=\"google-site-verification\" content=\"UA-38556648-1\" \/>\n\t<meta name=\"keywords\" content=\"noticias y actualidad\" \/>\n\t<link rel=\"canonical\" href=\"https:\/\/eldigitaldeasturias.com\/magazine365\/porsche-llama-a-revision-a-2-500-unidades-del-nuevo-macan\/\" \/>\n\t<meta name=\"generator\" content=\"All in One SEO Pro (AIOSEO) 4.9.6.1\" \/>\n\t\t<meta property=\"og:locale\" content=\"es_ES\" \/>\n\t\t<meta property=\"og:site_name\" content=\"El Digital de Asturias \u2013 Revista de ocio, turismo y estilo de vida\" \/>\n\t\t<meta property=\"og:type\" content=\"article\" \/>\n\t\t<meta property=\"og:title\" content=\"Porsche llama a revisi\u00f3n a 2.500 unidades del nuevo Macan | El Digital de Asturias\" \/>\n\t\t<meta property=\"og:description\" content=\"Fr\u00e1ncfort (Alemania), 28 may (EFE).- El fabricante de deportivos Porsche ha llamado a revisi\u00f3n a 2.500 unidades del nuevo modelo SUV Macan por problemas con el aumentador de la fuerza de frenado, la cuarta parte de ellos en Alemania. Porsche informo hoy de que se ha constatado en revisiones internas que el potenciador se ha\" \/>\n\t\t<meta property=\"og:url\" content=\"https:\/\/eldigitaldeasturias.com\/magazine365\/porsche-llama-a-revision-a-2-500-unidades-del-nuevo-macan\/\" \/>\n\t\t<meta property=\"og:image\" content=\"https:\/\/eldigitaldeasturias.com\/magazine365\/wp-content\/uploads\/2014\/05\/6311421w.jpg\" \/>\n\t\t<meta property=\"og:image:secure_url\" content=\"https:\/\/eldigitaldeasturias.com\/magazine365\/wp-content\/uploads\/2014\/05\/6311421w.jpg\" \/>\n\t\t<meta property=\"og:image:width\" content=\"800\" \/>\n\t\t<meta property=\"og:image:height\" content=\"533\" \/>\n\t\t<meta property=\"article:published_time\" content=\"2014-05-29T01:48:37+00:00\" \/>\n\t\t<meta property=\"article:modified_time\" content=\"2014-05-29T01:48:37+00:00\" \/>\n\t\t<meta name=\"twitter:card\" content=\"summary_large_image\" \/>\n\t\t<meta name=\"twitter:title\" content=\"Porsche llama a revisi\u00f3n a 2.500 unidades del nuevo Macan | El Digital de Asturias\" \/>\n\t\t<meta name=\"twitter:description\" content=\"Fr\u00e1ncfort (Alemania), 28 may (EFE).- El fabricante de deportivos Porsche ha llamado a revisi\u00f3n a 2.500 unidades del nuevo modelo SUV Macan por problemas con el aumentador de la fuerza de frenado, la cuarta parte de ellos en Alemania. Porsche informo hoy de que se ha constatado en revisiones internas que el potenciador se ha\" \/>\n\t\t<meta name=\"twitter:image\" content=\"https:\/\/eldigitaldeasturias.com\/magazine365\/wp-content\/uploads\/2014\/05\/6311421w.jpg\" \/>\n\t\t<script type=\"application\/ld+json\" class=\"aioseo-schema\">\n\t\t\t{\"@context\":\"https:\\\/\\\/schema.org\",\"@graph\":[{\"@type\":\"Article\",\"@id\":\"https:\\\/\\\/eldigitaldeasturias.com\\\/magazine365\\\/porsche-llama-a-revision-a-2-500-unidades-del-nuevo-macan\\\/#article\",\"name\":\"Porsche llama a revisi\\u00f3n a 2.500 unidades del nuevo Macan | El Digital de Asturias\",\"headline\":\"Porsche llama a revisi\\u00f3n a 2.500 unidades del nuevo Macan\",\"author\":{\"@id\":\"https:\\\/\\\/eldigitaldeasturias.com\\\/magazine365\\\/author\\\/admin\\\/#author\"},\"publisher\":{\"@id\":\"https:\\\/\\\/eldigitaldeasturias.com\\\/magazine365\\\/#organization\"},\"image\":{\"@type\":\"ImageObject\",\"url\":\"https:\\\/\\\/eldigitaldeasturias.com\\\/magazine365\\\/wp-content\\\/uploads\\\/2014\\\/05\\\/6311421w.jpg\",\"width\":800,\"height\":533},\"datePublished\":\"2014-05-28T23:48:37+02:00\",\"dateModified\":\"2014-05-28T23:48:37+02:00\",\"inLanguage\":\"es-ES\",\"mainEntityOfPage\":{\"@id\":\"https:\\\/\\\/eldigitaldeasturias.com\\\/magazine365\\\/porsche-llama-a-revision-a-2-500-unidades-del-nuevo-macan\\\/#webpage\"},\"isPartOf\":{\"@id\":\"https:\\\/\\\/eldigitaldeasturias.com\\\/magazine365\\\/porsche-llama-a-revision-a-2-500-unidades-del-nuevo-macan\\\/#webpage\"},\"articleSection\":\"Noticias y Actualidad\"},{\"@type\":\"BreadcrumbList\",\"@id\":\"https:\\\/\\\/eldigitaldeasturias.com\\\/magazine365\\\/porsche-llama-a-revision-a-2-500-unidades-del-nuevo-macan\\\/#breadcrumblist\",\"itemListElement\":[{\"@type\":\"ListItem\",\"@id\":\"https:\\\/\\\/eldigitaldeasturias.com\\\/magazine365#listItem\",\"position\":1,\"name\":\"Home\",\"item\":\"https:\\\/\\\/eldigitaldeasturias.com\\\/magazine365\",\"nextItem\":{\"@type\":\"ListItem\",\"@id\":\"https:\\\/\\\/eldigitaldeasturias.com\\\/magazine365\\\/category\\\/noticias-actualidad\\\/#listItem\",\"name\":\"Noticias y Actualidad\"}},{\"@type\":\"ListItem\",\"@id\":\"https:\\\/\\\/eldigitaldeasturias.com\\\/magazine365\\\/category\\\/noticias-actualidad\\\/#listItem\",\"position\":2,\"name\":\"Noticias y Actualidad\",\"item\":\"https:\\\/\\\/eldigitaldeasturias.com\\\/magazine365\\\/category\\\/noticias-actualidad\\\/\",\"nextItem\":{\"@type\":\"ListItem\",\"@id\":\"https:\\\/\\\/eldigitaldeasturias.com\\\/magazine365\\\/porsche-llama-a-revision-a-2-500-unidades-del-nuevo-macan\\\/#listItem\",\"name\":\"Porsche llama a revisi\\u00f3n a 2.500 unidades del nuevo Macan\"},\"previousItem\":{\"@type\":\"ListItem\",\"@id\":\"https:\\\/\\\/eldigitaldeasturias.com\\\/magazine365#listItem\",\"name\":\"Home\"}},{\"@type\":\"ListItem\",\"@id\":\"https:\\\/\\\/eldigitaldeasturias.com\\\/magazine365\\\/porsche-llama-a-revision-a-2-500-unidades-del-nuevo-macan\\\/#listItem\",\"position\":3,\"name\":\"Porsche llama a revisi\\u00f3n a 2.500 unidades del nuevo Macan\",\"previousItem\":{\"@type\":\"ListItem\",\"@id\":\"https:\\\/\\\/eldigitaldeasturias.com\\\/magazine365\\\/category\\\/noticias-actualidad\\\/#listItem\",\"name\":\"Noticias y Actualidad\"}}]},{\"@type\":\"Organization\",\"@id\":\"https:\\\/\\\/eldigitaldeasturias.com\\\/magazine365\\\/#organization\",\"name\":\"El digital de Asturias\",\"description\":\"Revista de ocio, turismo y estilo de vida\",\"url\":\"https:\\\/\\\/eldigitaldeasturias.com\\\/magazine365\\\/\",\"logo\":{\"@type\":\"ImageObject\",\"url\":\"https:\\\/\\\/www.eldigitaldeasturias.com\\\/noticias\\\/wp-content\\\/uploads\\\/2020\\\/12\\\/EDA.jpg\",\"@id\":\"https:\\\/\\\/eldigitaldeasturias.com\\\/magazine365\\\/porsche-llama-a-revision-a-2-500-unidades-del-nuevo-macan\\\/#organizationLogo\"},\"image\":{\"@id\":\"https:\\\/\\\/eldigitaldeasturias.com\\\/magazine365\\\/porsche-llama-a-revision-a-2-500-unidades-del-nuevo-macan\\\/#organizationLogo\"}},{\"@type\":\"Person\",\"@id\":\"https:\\\/\\\/eldigitaldeasturias.com\\\/magazine365\\\/author\\\/admin\\\/#author\",\"url\":\"https:\\\/\\\/eldigitaldeasturias.com\\\/magazine365\\\/author\\\/admin\\\/\",\"name\":\"admin\",\"image\":{\"@type\":\"ImageObject\",\"@id\":\"https:\\\/\\\/eldigitaldeasturias.com\\\/magazine365\\\/porsche-llama-a-revision-a-2-500-unidades-del-nuevo-macan\\\/#authorImage\",\"url\":\"https:\\\/\\\/eldigitaldeasturias.com\\\/magazine365\\\/wp-content\\\/litespeed\\\/avatar\\\/e571bcf59a0edd6fa6838245a470f2fe.jpg?ver=1776969259\",\"width\":96,\"height\":96,\"caption\":\"admin\"}},{\"@type\":\"WebPage\",\"@id\":\"https:\\\/\\\/eldigitaldeasturias.com\\\/magazine365\\\/porsche-llama-a-revision-a-2-500-unidades-del-nuevo-macan\\\/#webpage\",\"url\":\"https:\\\/\\\/eldigitaldeasturias.com\\\/magazine365\\\/porsche-llama-a-revision-a-2-500-unidades-del-nuevo-macan\\\/\",\"name\":\"Porsche llama a revisi\\u00f3n a 2.500 unidades del nuevo Macan | El Digital de Asturias\",\"description\":\"Fr\\u00e1ncfort (Alemania), 28 may (EFE).- El fabricante de deportivos Porsche ha llamado a revisi\\u00f3n a 2.500 unidades del nuevo modelo SUV Macan por problemas con el aumentador de la fuerza de frenado, la cuarta parte de ellos en Alemania. Porsche informo hoy de que se ha constatado en revisiones internas que el potenciador se ha\",\"inLanguage\":\"es-ES\",\"isPartOf\":{\"@id\":\"https:\\\/\\\/eldigitaldeasturias.com\\\/magazine365\\\/#website\"},\"breadcrumb\":{\"@id\":\"https:\\\/\\\/eldigitaldeasturias.com\\\/magazine365\\\/porsche-llama-a-revision-a-2-500-unidades-del-nuevo-macan\\\/#breadcrumblist\"},\"author\":{\"@id\":\"https:\\\/\\\/eldigitaldeasturias.com\\\/magazine365\\\/author\\\/admin\\\/#author\"},\"creator\":{\"@id\":\"https:\\\/\\\/eldigitaldeasturias.com\\\/magazine365\\\/author\\\/admin\\\/#author\"},\"image\":{\"@type\":\"ImageObject\",\"url\":\"https:\\\/\\\/eldigitaldeasturias.com\\\/magazine365\\\/wp-content\\\/uploads\\\/2014\\\/05\\\/6311421w.jpg\",\"@id\":\"https:\\\/\\\/eldigitaldeasturias.com\\\/magazine365\\\/porsche-llama-a-revision-a-2-500-unidades-del-nuevo-macan\\\/#mainImage\",\"width\":800,\"height\":533},\"primaryImageOfPage\":{\"@id\":\"https:\\\/\\\/eldigitaldeasturias.com\\\/magazine365\\\/porsche-llama-a-revision-a-2-500-unidades-del-nuevo-macan\\\/#mainImage\"},\"datePublished\":\"2014-05-28T23:48:37+02:00\",\"dateModified\":\"2014-05-28T23:48:37+02:00\"},{\"@type\":\"WebSite\",\"@id\":\"https:\\\/\\\/eldigitaldeasturias.com\\\/magazine365\\\/#website\",\"url\":\"https:\\\/\\\/eldigitaldeasturias.com\\\/magazine365\\\/\",\"name\":\"El Digital de Asturias\",\"description\":\"Revista de ocio, turismo y estilo de vida\",\"inLanguage\":\"es-ES\",\"publisher\":{\"@id\":\"https:\\\/\\\/eldigitaldeasturias.com\\\/magazine365\\\/#organization\"}}]}\n\t\t<\/script>\n\t\t<!-- All in One SEO Pro -->\r\n\t\t<title>Porsche llama a revisi\u00f3n a 2.500 unidades del nuevo Macan | El Digital de Asturias<\/title>\n\n","aioseo_head_json":{"title":"Porsche llama a revisi\u00f3n a 2.500 unidades del nuevo Macan | El Digital de Asturias","description":"Fr\u00e1ncfort (Alemania), 28 may (EFE).- El fabricante de deportivos Porsche ha llamado a revisi\u00f3n a 2.500 unidades del nuevo modelo SUV Macan por problemas con el aumentador de la fuerza de frenado, la cuarta parte de ellos en Alemania. Porsche informo hoy de que se ha constatado en revisiones internas que el potenciador se ha","canonical_url":"https:\/\/eldigitaldeasturias.com\/magazine365\/porsche-llama-a-revision-a-2-500-unidades-del-nuevo-macan\/","robots":"max-image-preview:large","keywords":"noticias y actualidad","webmasterTools":{"google-site-verification":"UA-38556648-1","miscellaneous":""},"schema":{"@context":"https:\/\/schema.org","@graph":[{"@type":"Article","@id":"https:\/\/eldigitaldeasturias.com\/magazine365\/porsche-llama-a-revision-a-2-500-unidades-del-nuevo-macan\/#article","name":"Porsche llama a revisi\u00f3n a 2.500 unidades del nuevo Macan | El Digital de Asturias","headline":"Porsche llama a revisi\u00f3n a 2.500 unidades del nuevo Macan","author":{"@id":"https:\/\/eldigitaldeasturias.com\/magazine365\/author\/admin\/#author"},"publisher":{"@id":"https:\/\/eldigitaldeasturias.com\/magazine365\/#organization"},"image":{"@type":"ImageObject","url":"https:\/\/eldigitaldeasturias.com\/magazine365\/wp-content\/uploads\/2014\/05\/6311421w.jpg","width":800,"height":533},"datePublished":"2014-05-28T23:48:37+02:00","dateModified":"2014-05-28T23:48:37+02:00","inLanguage":"es-ES","mainEntityOfPage":{"@id":"https:\/\/eldigitaldeasturias.com\/magazine365\/porsche-llama-a-revision-a-2-500-unidades-del-nuevo-macan\/#webpage"},"isPartOf":{"@id":"https:\/\/eldigitaldeasturias.com\/magazine365\/porsche-llama-a-revision-a-2-500-unidades-del-nuevo-macan\/#webpage"},"articleSection":"Noticias y Actualidad"},{"@type":"BreadcrumbList","@id":"https:\/\/eldigitaldeasturias.com\/magazine365\/porsche-llama-a-revision-a-2-500-unidades-del-nuevo-macan\/#breadcrumblist","itemListElement":[{"@type":"ListItem","@id":"https:\/\/eldigitaldeasturias.com\/magazine365#listItem","position":1,"name":"Home","item":"https:\/\/eldigitaldeasturias.com\/magazine365","nextItem":{"@type":"ListItem","@id":"https:\/\/eldigitaldeasturias.com\/magazine365\/category\/noticias-actualidad\/#listItem","name":"Noticias y Actualidad"}},{"@type":"ListItem","@id":"https:\/\/eldigitaldeasturias.com\/magazine365\/category\/noticias-actualidad\/#listItem","position":2,"name":"Noticias y Actualidad","item":"https:\/\/eldigitaldeasturias.com\/magazine365\/category\/noticias-actualidad\/","nextItem":{"@type":"ListItem","@id":"https:\/\/eldigitaldeasturias.com\/magazine365\/porsche-llama-a-revision-a-2-500-unidades-del-nuevo-macan\/#listItem","name":"Porsche llama a revisi\u00f3n a 2.500 unidades del nuevo Macan"},"previousItem":{"@type":"ListItem","@id":"https:\/\/eldigitaldeasturias.com\/magazine365#listItem","name":"Home"}},{"@type":"ListItem","@id":"https:\/\/eldigitaldeasturias.com\/magazine365\/porsche-llama-a-revision-a-2-500-unidades-del-nuevo-macan\/#listItem","position":3,"name":"Porsche llama a revisi\u00f3n a 2.500 unidades del nuevo Macan","previousItem":{"@type":"ListItem","@id":"https:\/\/eldigitaldeasturias.com\/magazine365\/category\/noticias-actualidad\/#listItem","name":"Noticias y Actualidad"}}]},{"@type":"Organization","@id":"https:\/\/eldigitaldeasturias.com\/magazine365\/#organization","name":"El digital de Asturias","description":"Revista de ocio, turismo y estilo de vida","url":"https:\/\/eldigitaldeasturias.com\/magazine365\/","logo":{"@type":"ImageObject","url":"https:\/\/www.eldigitaldeasturias.com\/noticias\/wp-content\/uploads\/2020\/12\/EDA.jpg","@id":"https:\/\/eldigitaldeasturias.com\/magazine365\/porsche-llama-a-revision-a-2-500-unidades-del-nuevo-macan\/#organizationLogo"},"image":{"@id":"https:\/\/eldigitaldeasturias.com\/magazine365\/porsche-llama-a-revision-a-2-500-unidades-del-nuevo-macan\/#organizationLogo"}},{"@type":"Person","@id":"https:\/\/eldigitaldeasturias.com\/magazine365\/author\/admin\/#author","url":"https:\/\/eldigitaldeasturias.com\/magazine365\/author\/admin\/","name":"admin","image":{"@type":"ImageObject","@id":"https:\/\/eldigitaldeasturias.com\/magazine365\/porsche-llama-a-revision-a-2-500-unidades-del-nuevo-macan\/#authorImage","url":"https:\/\/eldigitaldeasturias.com\/magazine365\/wp-content\/litespeed\/avatar\/e571bcf59a0edd6fa6838245a470f2fe.jpg?ver=1776969259","width":96,"height":96,"caption":"admin"}},{"@type":"WebPage","@id":"https:\/\/eldigitaldeasturias.com\/magazine365\/porsche-llama-a-revision-a-2-500-unidades-del-nuevo-macan\/#webpage","url":"https:\/\/eldigitaldeasturias.com\/magazine365\/porsche-llama-a-revision-a-2-500-unidades-del-nuevo-macan\/","name":"Porsche llama a revisi\u00f3n a 2.500 unidades del nuevo Macan | El Digital de Asturias","description":"Fr\u00e1ncfort (Alemania), 28 may (EFE).- El fabricante de deportivos Porsche ha llamado a revisi\u00f3n a 2.500 unidades del nuevo modelo SUV Macan por problemas con el aumentador de la fuerza de frenado, la cuarta parte de ellos en Alemania. Porsche informo hoy de que se ha constatado en revisiones internas que el potenciador se ha","inLanguage":"es-ES","isPartOf":{"@id":"https:\/\/eldigitaldeasturias.com\/magazine365\/#website"},"breadcrumb":{"@id":"https:\/\/eldigitaldeasturias.com\/magazine365\/porsche-llama-a-revision-a-2-500-unidades-del-nuevo-macan\/#breadcrumblist"},"author":{"@id":"https:\/\/eldigitaldeasturias.com\/magazine365\/author\/admin\/#author"},"creator":{"@id":"https:\/\/eldigitaldeasturias.com\/magazine365\/author\/admin\/#author"},"image":{"@type":"ImageObject","url":"https:\/\/eldigitaldeasturias.com\/magazine365\/wp-content\/uploads\/2014\/05\/6311421w.jpg","@id":"https:\/\/eldigitaldeasturias.com\/magazine365\/porsche-llama-a-revision-a-2-500-unidades-del-nuevo-macan\/#mainImage","width":800,"height":533},"primaryImageOfPage":{"@id":"https:\/\/eldigitaldeasturias.com\/magazine365\/porsche-llama-a-revision-a-2-500-unidades-del-nuevo-macan\/#mainImage"},"datePublished":"2014-05-28T23:48:37+02:00","dateModified":"2014-05-28T23:48:37+02:00"},{"@type":"WebSite","@id":"https:\/\/eldigitaldeasturias.com\/magazine365\/#website","url":"https:\/\/eldigitaldeasturias.com\/magazine365\/","name":"El Digital de Asturias","description":"Revista de ocio, turismo y estilo de vida","inLanguage":"es-ES","publisher":{"@id":"https:\/\/eldigitaldeasturias.com\/magazine365\/#organization"}}]},"og:locale":"es_ES","og:site_name":"El Digital de Asturias \u2013 Revista de ocio, turismo y estilo de vida","og:type":"article","og:title":"Porsche llama a revisi\u00f3n a 2.500 unidades del nuevo Macan | El Digital de Asturias","og:description":"Fr\u00e1ncfort (Alemania), 28 may (EFE).- El fabricante de deportivos Porsche ha llamado a revisi\u00f3n a 2.500 unidades del nuevo modelo SUV Macan por problemas con el aumentador de la fuerza de frenado, la cuarta parte de ellos en Alemania. Porsche informo hoy de que se ha constatado en revisiones internas que el potenciador se ha","og:url":"https:\/\/eldigitaldeasturias.com\/magazine365\/porsche-llama-a-revision-a-2-500-unidades-del-nuevo-macan\/","og:image":"https:\/\/eldigitaldeasturias.com\/magazine365\/wp-content\/uploads\/2014\/05\/6311421w.jpg","og:image:secure_url":"https:\/\/eldigitaldeasturias.com\/magazine365\/wp-content\/uploads\/2014\/05\/6311421w.jpg","og:image:width":800,"og:image:height":533,"article:published_time":"2014-05-29T01:48:37+00:00","article:modified_time":"2014-05-29T01:48:37+00:00","twitter:card":"summary_large_image","twitter:title":"Porsche llama a revisi\u00f3n a 2.500 unidades del nuevo Macan | El Digital de Asturias","twitter:description":"Fr\u00e1ncfort (Alemania), 28 may (EFE).- El fabricante de deportivos Porsche ha llamado a revisi\u00f3n a 2.500 unidades del nuevo modelo SUV Macan por problemas con el aumentador de la fuerza de frenado, la cuarta parte de ellos en Alemania. Porsche informo hoy de que se ha constatado en revisiones internas que el potenciador se ha","twitter:image":"https:\/\/eldigitaldeasturias.com\/magazine365\/wp-content\/uploads\/2014\/05\/6311421w.jpg"},"aioseo_meta_data":{"post_id":"14265","title":null,"description":null,"keywords":null,"keyphrases":null,"primary_term":null,"canonical_url":null,"og_title":null,"og_description":null,"og_object_type":"default","og_image_type":"default","og_image_url":null,"og_image_width":null,"og_image_height":null,"og_image_custom_url":null,"og_image_custom_fields":null,"og_video":null,"og_custom_url":null,"og_article_section":null,"og_article_tags":null,"twitter_use_og":false,"twitter_card":"default","twitter_image_type":"default","twitter_image_url":null,"twitter_image_custom_url":null,"twitter_image_custom_fields":null,"twitter_title":null,"twitter_description":null,"schema":{"blockGraphs":[],"customGraphs":[],"default":{"data":{"Article":[],"Course":[],"Dataset":[],"FAQPage":[],"Movie":[],"Person":[],"Product":[],"ProductReview":[],"Car":[],"Recipe":[],"Service":[],"SoftwareApplication":[],"WebPage":[]},"graphName":"","isEnabled":true},"graphs":[]},"schema_type":null,"schema_type_options":null,"pillar_content":false,"robots_default":true,"robots_noindex":false,"robots_noarchive":false,"robots_nosnippet":false,"robots_nofollow":false,"robots_noimageindex":false,"robots_noodp":false,"robots_notranslate":false,"robots_max_snippet":null,"robots_max_videopreview":null,"robots_max_imagepreview":"large","priority":null,"frequency":null,"location":null,"local_seo":null,"seo_analyzer_scan_date":"2025-09-17 09:50:10","breadcrumb_settings":null,"limit_modified_date":false,"open_ai":null,"ai":null,"created":"2021-03-09 08:17:51","updated":"2025-09-17 09:50:10"},"aioseo_breadcrumb":"<div class=\"aioseo-breadcrumbs\"><span class=\"aioseo-breadcrumb\">\n\t<a href=\"https:\/\/eldigitaldeasturias.com\/magazine365\" title=\"Home\">Home<\/a>\n<\/span><span class=\"aioseo-breadcrumb-separator\">\u2013<\/span><span class=\"aioseo-breadcrumb\">\n\t<a href=\"https:\/\/eldigitaldeasturias.com\/magazine365\/category\/noticias-actualidad\/\" title=\"Noticias y Actualidad\">Noticias y Actualidad<\/a>\n<\/span><span class=\"aioseo-breadcrumb-separator\">\u2013<\/span><span class=\"aioseo-breadcrumb\">\n\t<a href=\"https:\/\/eldigitaldeasturias.com\/magazine365\/porsche-llama-a-revision-a-2-500-unidades-del-nuevo-macan\/\" title=\"Porsche llama a revisi\u00f3n a 2.500 unidades del nuevo Macan\">Porsche llama a revisi\u00f3n a 2.500 unidades del nuevo Macan<\/a>\n<\/span><\/div>","aioseo_breadcrumb_json":[{"label":"Home","link":"https:\/\/eldigitaldeasturias.com\/magazine365"},{"label":"Noticias y Actualidad","link":"https:\/\/eldigitaldeasturias.com\/magazine365\/category\/noticias-actualidad\/"},{"label":"Porsche llama a revisi\u00f3n a 2.500 unidades del nuevo Macan","link":"https:\/\/eldigitaldeasturias.com\/magazine365\/porsche-llama-a-revision-a-2-500-unidades-del-nuevo-macan\/"}],"_links":{"self":[{"href":"https:\/\/eldigitaldeasturias.com\/magazine365\/wp-json\/wp\/v2\/posts\/14265","targetHints":{"allow":["GET"]}}],"collection":[{"href":"https:\/\/eldigitaldeasturias.com\/magazine365\/wp-json\/wp\/v2\/posts"}],"about":[{"href":"https:\/\/eldigitaldeasturias.com\/magazine365\/wp-json\/wp\/v2\/types\/post"}],"author":[{"embeddable":true,"href":"https:\/\/eldigitaldeasturias.com\/magazine365\/wp-json\/wp\/v2\/users\/1"}],"replies":[{"embeddable":true,"href":"https:\/\/eldigitaldeasturias.com\/magazine365\/wp-json\/wp\/v2\/comments?post=14265"}],"version-history":[{"count":0,"href":"https:\/\/eldigitaldeasturias.com\/magazine365\/wp-json\/wp\/v2\/posts\/14265\/revisions"}],"wp:featuredmedia":[{"embeddable":true,"href":"https:\/\/eldigitaldeasturias.com\/magazine365\/wp-json\/wp\/v2\/media\/14266"}],"wp:attachment":[{"href":"https:\/\/eldigitaldeasturias.com\/magazine365\/wp-json\/wp\/v2\/media?parent=14265"}],"wp:term":[{"taxonomy":"category","embeddable":true,"href":"https:\/\/eldigitaldeasturias.com\/magazine365\/wp-json\/wp\/v2\/categories?post=14265"},{"taxonomy":"post_tag","embeddable":true,"href":"https:\/\/eldigitaldeasturias.com\/magazine365\/wp-json\/wp\/v2\/tags?post=14265"}],"curies":[{"name":"wp","href":"https:\/\/api.w.org\/{rel}","templated":true}]}}