{"id":14259,"date":"2014-05-28T23:45:29","date_gmt":"2014-05-29T01:45:29","guid":{"rendered":"http:\/\/eldigitaldeasturias.com\/magazine365\/?p=14259"},"modified":"2014-05-28T23:45:29","modified_gmt":"2014-05-29T01:45:29","slug":"merkel-encabeza-otro-ano-la-lista-de-las-cien-mujeres-mas-poderosas-del-mundo","status":"publish","type":"post","link":"https:\/\/eldigitaldeasturias.com\/magazine365\/merkel-encabeza-otro-ano-la-lista-de-las-cien-mujeres-mas-poderosas-del-mundo\/","title":{"rendered":"Merkel encabeza otro a\u00f1o la lista de las cien mujeres m\u00e1s poderosas del mundo"},"content":{"rendered":"<p><img fetchpriority=\"high\" decoding=\"async\" class=\"alignleft size-medium wp-image-14260\" alt=\"6310952w\" src=\"https:\/\/eldigitaldeasturias.com\/magazine365\/wp-content\/uploads\/2014\/05\/6310952w-360x240.jpg\" width=\"360\" height=\"240\" srcset=\"https:\/\/eldigitaldeasturias.com\/magazine365\/wp-content\/uploads\/2014\/05\/6310952w-360x240.jpg 360w, https:\/\/eldigitaldeasturias.com\/magazine365\/wp-content\/uploads\/2014\/05\/6310952w-650x434.jpg 650w, https:\/\/eldigitaldeasturias.com\/magazine365\/wp-content\/uploads\/2014\/05\/6310952w-768x513.jpg 768w, https:\/\/eldigitaldeasturias.com\/magazine365\/wp-content\/uploads\/2014\/05\/6310952w-150x100.jpg 150w, https:\/\/eldigitaldeasturias.com\/magazine365\/wp-content\/uploads\/2014\/05\/6310952w-450x300.jpg 450w, https:\/\/eldigitaldeasturias.com\/magazine365\/wp-content\/uploads\/2014\/05\/6310952w-696x465.jpg 696w, https:\/\/eldigitaldeasturias.com\/magazine365\/wp-content\/uploads\/2014\/05\/6310952w-629x420.jpg 629w, https:\/\/eldigitaldeasturias.com\/magazine365\/wp-content\/uploads\/2014\/05\/6310952w-84x55.jpg 84w, https:\/\/eldigitaldeasturias.com\/magazine365\/wp-content\/uploads\/2014\/05\/6310952w.jpg 800w\" sizes=\"(max-width: 360px) 100vw, 360px\" \/>Nueva York, 28 may (EFE).- La canciller alemana, Angela Merkel, encabeza un a\u00f1o m\u00e1s la lista de cien mujeres m\u00e1s poderosas del mundo que publica hoy la revista Forbes, en la que destaca en segundo lugar la nueva presidenta de la Reserva Federal de EE.UU., Janet Yellen, entre 18 caras nuevas y en la que hay 7 latinoamericanas.<\/p>\n<p>\u00abLa mujer m\u00e1s poderosa del mundo en nueve de los \u00faltimos diez a\u00f1os irrumpi\u00f3 en un mundo dominado por hombres al convertirse en la primera canciller de su pa\u00eds\u00bb, destaca la revista sobre Merkel, de quien asegura que sigue siendo un \u00abaliado crucial\u00bb de Estados Unidos, pese a la tensi\u00f3n por haber sido objeto de espionaje.<\/p>\n<p>El podio de honor de esta edici\u00f3n lo ocupan la economista Janet Yellen, que tom\u00f3 las riendas del banco central estadounidense en febrero pasado y que arrebata la medalla de plata a la presidenta brasile\u00f1a, Dilma Rouseff, relegada este a\u00f1o a un cuarto puesto, y el bronce que vuelve a colgarse la fil\u00e1ntropa Melinda Gates.<\/p>\n<p>En el codiciado r\u00e1nking aparecen nueve jefas de Estado, tres de ellas latinoamericanas -la brasile\u00f1a Dilma Rousseff (4), la argentina Cristina Fern\u00e1ndez (19) y la chilena Michelle Bachelet (25)-, que gobiernan a 641 millones de personas y manejan un Producto Interior Bruto (PIB) de unos 11,1 billones de d\u00f3lares.<\/p>\n<p>Tambi\u00e9n destacan 28 consejeras delegadas de empresas, encabezadas por la estadounidense Mary Barra, al frente de General Motors desde enero pasado, que controlan en su conjunto unos ingresos de 1,7 billones de d\u00f3lares, as\u00ed como otras 18 mujeres que fundaron sus propias compa\u00f1\u00edas o fundaciones, con Melinda Gates a la cabeza.<\/p>\n<p>En quinto lugar aparece la directora gerente del Fondo Monetario Internacional (FMI), la francesa Christine Lagarde, por delante de la exsecretaria de Estado de EE.UU. Hillary Clinton (6), la responsable de General Motors, Mary Barra (7), y la primera dama de EE.UU., Michelle Obama (8).<\/p>\n<p>Sheryl Sandberg (9), de Facebook, y Virginia Rometty (10), de IBM est\u00e1n tambi\u00e9n entre las diez de cabeza.<\/p>\n<p>La mujer m\u00e1s joven del r\u00e1nking, con 28 a\u00f1os, es la cantante Lady Gaga, que aparece en el puesto 28 de la lista de Forbes, por delante de la Mayassa, esposa del jeque de Catar, que a sus 31 a\u00f1os ocupa el puesto 91, y otra habitual de estos listados, la estadounidense Beyonc\u00e9, en el puesto 17 a sus 32 primaveras.<\/p>\n<p>Y entre las m\u00e1s veteranas vuelve a liderar este a\u00f1o la reina Isabel II, que a sus 88 a\u00f1os aparece en el puesto 35 del r\u00e1nking, seguida de otra jefa de Estado, la presidenta de Liberia, Ellen Johnson Sirleaf (70), de 75 a\u00f1os, y la congresista estadounidense Nancy Pelosi (26), que acaba de cumplir 74 a\u00f1os.<\/p>\n<p>En el apartado latinoamericano, adem\u00e1s de las tres jefas de estado aparecen dos celebridades colombianas, la actriz Sof\u00eda Vergara (32) y la cantante Shakira (58), as\u00ed como la modelo brasile\u00f1a Gisele Bundchen (89) y su compatriota Maria das Gra\u00e7as Silva Foster (16), al frente de la petrolera Petrobras.<\/p>\n<p>Entre las mujeres que desaparecen este a\u00f1o de la lista, Forbes destaca en esta ocasi\u00f3n a la \u00fanica espa\u00f1ola que estuvo en la \u00faltima edici\u00f3n, la cofundadora de Zara Rosal\u00eda Mera (fallecida en agosto pasado), adem\u00e1s de Janet Napolitano, Kathleen Sebelius, Jill Abramson o Sonia Gandhi.<\/p>\n<p>M\u00e1s de la mitad de las integrantes del r\u00e1nking (58) proceden de Estados Unidos, algunas inmigrantes como la dise\u00f1adora Diane von Furstenberg (67), de origen belga, o la embajadora Samantha Power (63), que presume de ra\u00edces irlandesas, por delante de Asia, con 23 representantes, Am\u00e9rica Latina, con siete, o Europa, con cuatro.<\/p>\n<p>Basada en su influencia, poder\u00edo econ\u00f3mico y presencia en los medios, la lista cumple este a\u00f1o su d\u00e9cimo aniversario y, junto a Gates, Lagarde, Clinton y la reina Isabel, no han faltado nunca las empresarias Indra Nooyi, de Pepsico; Amy Pascal, de Sony, y Ho Ching, de Temasek, ni la reina de la televisi\u00f3n Oprah Winfrey.<\/p>\n<p>\u00abAhora que cumplimos diez a\u00f1os de la publicaci\u00f3n de nuestra lista de las cien mujeres m\u00e1s poderosas del mundo, estas impresionantes mujeres procedentes de distintas partes del mundo siguen teniendo un impacto espectacular y duradero en nuestras vidas\u00bb, destac\u00f3 Moira Forbes, presidenta de Forbes Woman.<\/p>\n<p>Las diez mujeres m\u00e1s poderosas del mundo, seg\u00fan Forbes, son:<\/p>\n<p>1) Angela Merkel, canciller de Alemania.<\/p>\n<p>2) Janet Yellen, presidenta de la Reserva Federal de EEUU.<\/p>\n<p>3) Melinda Gates, cofundadora de Fundaci\u00f3n Bill &amp; Melinda Gates.<\/p>\n<p>4) Dilma Rouseff, presidenta de Brasil.<\/p>\n<p>5) Christine Lagarde, directora gerente del FMI.<\/p>\n<p>6) Hillary Clinton, ex secretaria de Estado de EEUU.<\/p>\n<p>7) Mary Barra, consejera delegada de General Motors.<\/p>\n<p>8) Michelle Obama, primera dama de EEUU.<\/p>\n<p>9) Sheryl Sandberg, directora de operaciones de Facebook.<\/p>\n<p>10) Virginia Romeety, consejera delegada de IBM.<\/p>\n","protected":false},"excerpt":{"rendered":"<p>Nueva York, 28 may (EFE).- La canciller alemana, Angela Merkel, encabeza un a\u00f1o m\u00e1s la lista de cien mujeres m\u00e1s poderosas del mundo que publica hoy la revista Forbes, en la que destaca en segundo lugar la nueva presidenta de la Reserva Federal de EE.UU., Janet Yellen, entre 18 caras nuevas y en la que<\/p>\n","protected":false},"author":1,"featured_media":14260,"comment_status":"open","ping_status":"closed","sticky":false,"template":"","format":"standard","meta":{"footnotes":""},"categories":[224],"tags":[],"class_list":{"0":"post-14259","1":"post","2":"type-post","3":"status-publish","4":"format-standard","5":"has-post-thumbnail","7":"category-noticias-actualidad"},"aioseo_notices":[],"aioseo_head":"\n\t\t<!-- All in One SEO Pro 4.9.6.1 - aioseo.com -->\n\t<meta name=\"description\" content=\"Nueva York, 28 may (EFE).- La canciller alemana, Angela Merkel, encabeza un a\u00f1o m\u00e1s la lista de cien mujeres m\u00e1s poderosas del mundo que publica hoy la revista Forbes, en la que destaca en segundo lugar la nueva presidenta de la Reserva Federal de EE.UU., Janet Yellen, entre 18 caras nuevas y en la que\" \/>\n\t<meta name=\"robots\" content=\"max-image-preview:large\" \/>\n\t<meta name=\"author\" content=\"admin\"\/>\n\t<meta name=\"google-site-verification\" content=\"UA-38556648-1\" \/>\n\t<meta name=\"keywords\" content=\"noticias y actualidad\" \/>\n\t<link rel=\"canonical\" href=\"https:\/\/eldigitaldeasturias.com\/magazine365\/merkel-encabeza-otro-ano-la-lista-de-las-cien-mujeres-mas-poderosas-del-mundo\/\" \/>\n\t<meta name=\"generator\" content=\"All in One SEO Pro (AIOSEO) 4.9.6.1\" \/>\n\t\t<meta property=\"og:locale\" content=\"es_ES\" \/>\n\t\t<meta property=\"og:site_name\" content=\"El Digital de Asturias \u2013 Revista de ocio, turismo y estilo de vida\" \/>\n\t\t<meta property=\"og:type\" content=\"article\" \/>\n\t\t<meta property=\"og:title\" content=\"Merkel encabeza otro a\u00f1o la lista de las cien mujeres m\u00e1s poderosas del mundo | El Digital de Asturias\" \/>\n\t\t<meta property=\"og:description\" content=\"Nueva York, 28 may (EFE).- La canciller alemana, Angela Merkel, encabeza un a\u00f1o m\u00e1s la lista de cien mujeres m\u00e1s poderosas del mundo que publica hoy la revista Forbes, en la que destaca en segundo lugar la nueva presidenta de la Reserva Federal de EE.UU., Janet Yellen, entre 18 caras nuevas y en la que\" \/>\n\t\t<meta property=\"og:url\" content=\"https:\/\/eldigitaldeasturias.com\/magazine365\/merkel-encabeza-otro-ano-la-lista-de-las-cien-mujeres-mas-poderosas-del-mundo\/\" \/>\n\t\t<meta property=\"og:image\" content=\"https:\/\/eldigitaldeasturias.com\/magazine365\/wp-content\/uploads\/2014\/05\/6310952w.jpg\" \/>\n\t\t<meta property=\"og:image:secure_url\" content=\"https:\/\/eldigitaldeasturias.com\/magazine365\/wp-content\/uploads\/2014\/05\/6310952w.jpg\" \/>\n\t\t<meta property=\"og:image:width\" content=\"800\" \/>\n\t\t<meta property=\"og:image:height\" content=\"534\" \/>\n\t\t<meta property=\"article:published_time\" content=\"2014-05-29T01:45:29+00:00\" \/>\n\t\t<meta property=\"article:modified_time\" content=\"2014-05-29T01:45:29+00:00\" \/>\n\t\t<meta name=\"twitter:card\" content=\"summary_large_image\" \/>\n\t\t<meta name=\"twitter:title\" content=\"Merkel encabeza otro a\u00f1o la lista de las cien mujeres m\u00e1s poderosas del mundo | El Digital de Asturias\" \/>\n\t\t<meta name=\"twitter:description\" content=\"Nueva York, 28 may (EFE).- La canciller alemana, Angela Merkel, encabeza un a\u00f1o m\u00e1s la lista de cien mujeres m\u00e1s poderosas del mundo que publica hoy la revista Forbes, en la que destaca en segundo lugar la nueva presidenta de la Reserva Federal de EE.UU., Janet Yellen, entre 18 caras nuevas y en la que\" \/>\n\t\t<meta name=\"twitter:image\" content=\"https:\/\/eldigitaldeasturias.com\/magazine365\/wp-content\/uploads\/2014\/05\/6310952w.jpg\" \/>\n\t\t<script type=\"application\/ld+json\" class=\"aioseo-schema\">\n\t\t\t{\"@context\":\"https:\\\/\\\/schema.org\",\"@graph\":[{\"@type\":\"Article\",\"@id\":\"https:\\\/\\\/eldigitaldeasturias.com\\\/magazine365\\\/merkel-encabeza-otro-ano-la-lista-de-las-cien-mujeres-mas-poderosas-del-mundo\\\/#article\",\"name\":\"Merkel encabeza otro a\\u00f1o la lista de las cien mujeres m\\u00e1s poderosas del mundo | El Digital de Asturias\",\"headline\":\"Merkel encabeza otro a\\u00f1o la lista de las cien mujeres m\\u00e1s poderosas del mundo\",\"author\":{\"@id\":\"https:\\\/\\\/eldigitaldeasturias.com\\\/magazine365\\\/author\\\/admin\\\/#author\"},\"publisher\":{\"@id\":\"https:\\\/\\\/eldigitaldeasturias.com\\\/magazine365\\\/#organization\"},\"image\":{\"@type\":\"ImageObject\",\"url\":\"https:\\\/\\\/eldigitaldeasturias.com\\\/magazine365\\\/wp-content\\\/uploads\\\/2014\\\/05\\\/6310952w.jpg\",\"width\":800,\"height\":534},\"datePublished\":\"2014-05-28T23:45:29+02:00\",\"dateModified\":\"2014-05-28T23:45:29+02:00\",\"inLanguage\":\"es-ES\",\"mainEntityOfPage\":{\"@id\":\"https:\\\/\\\/eldigitaldeasturias.com\\\/magazine365\\\/merkel-encabeza-otro-ano-la-lista-de-las-cien-mujeres-mas-poderosas-del-mundo\\\/#webpage\"},\"isPartOf\":{\"@id\":\"https:\\\/\\\/eldigitaldeasturias.com\\\/magazine365\\\/merkel-encabeza-otro-ano-la-lista-de-las-cien-mujeres-mas-poderosas-del-mundo\\\/#webpage\"},\"articleSection\":\"Noticias y Actualidad\"},{\"@type\":\"BreadcrumbList\",\"@id\":\"https:\\\/\\\/eldigitaldeasturias.com\\\/magazine365\\\/merkel-encabeza-otro-ano-la-lista-de-las-cien-mujeres-mas-poderosas-del-mundo\\\/#breadcrumblist\",\"itemListElement\":[{\"@type\":\"ListItem\",\"@id\":\"https:\\\/\\\/eldigitaldeasturias.com\\\/magazine365#listItem\",\"position\":1,\"name\":\"Home\",\"item\":\"https:\\\/\\\/eldigitaldeasturias.com\\\/magazine365\",\"nextItem\":{\"@type\":\"ListItem\",\"@id\":\"https:\\\/\\\/eldigitaldeasturias.com\\\/magazine365\\\/category\\\/noticias-actualidad\\\/#listItem\",\"name\":\"Noticias y Actualidad\"}},{\"@type\":\"ListItem\",\"@id\":\"https:\\\/\\\/eldigitaldeasturias.com\\\/magazine365\\\/category\\\/noticias-actualidad\\\/#listItem\",\"position\":2,\"name\":\"Noticias y Actualidad\",\"item\":\"https:\\\/\\\/eldigitaldeasturias.com\\\/magazine365\\\/category\\\/noticias-actualidad\\\/\",\"nextItem\":{\"@type\":\"ListItem\",\"@id\":\"https:\\\/\\\/eldigitaldeasturias.com\\\/magazine365\\\/merkel-encabeza-otro-ano-la-lista-de-las-cien-mujeres-mas-poderosas-del-mundo\\\/#listItem\",\"name\":\"Merkel encabeza otro a\\u00f1o la lista de las cien mujeres m\\u00e1s poderosas del mundo\"},\"previousItem\":{\"@type\":\"ListItem\",\"@id\":\"https:\\\/\\\/eldigitaldeasturias.com\\\/magazine365#listItem\",\"name\":\"Home\"}},{\"@type\":\"ListItem\",\"@id\":\"https:\\\/\\\/eldigitaldeasturias.com\\\/magazine365\\\/merkel-encabeza-otro-ano-la-lista-de-las-cien-mujeres-mas-poderosas-del-mundo\\\/#listItem\",\"position\":3,\"name\":\"Merkel encabeza otro a\\u00f1o la lista de las cien mujeres m\\u00e1s poderosas del mundo\",\"previousItem\":{\"@type\":\"ListItem\",\"@id\":\"https:\\\/\\\/eldigitaldeasturias.com\\\/magazine365\\\/category\\\/noticias-actualidad\\\/#listItem\",\"name\":\"Noticias y Actualidad\"}}]},{\"@type\":\"Organization\",\"@id\":\"https:\\\/\\\/eldigitaldeasturias.com\\\/magazine365\\\/#organization\",\"name\":\"El digital de Asturias\",\"description\":\"Revista de ocio, turismo y estilo de vida\",\"url\":\"https:\\\/\\\/eldigitaldeasturias.com\\\/magazine365\\\/\",\"logo\":{\"@type\":\"ImageObject\",\"url\":\"https:\\\/\\\/www.eldigitaldeasturias.com\\\/noticias\\\/wp-content\\\/uploads\\\/2020\\\/12\\\/EDA.jpg\",\"@id\":\"https:\\\/\\\/eldigitaldeasturias.com\\\/magazine365\\\/merkel-encabeza-otro-ano-la-lista-de-las-cien-mujeres-mas-poderosas-del-mundo\\\/#organizationLogo\"},\"image\":{\"@id\":\"https:\\\/\\\/eldigitaldeasturias.com\\\/magazine365\\\/merkel-encabeza-otro-ano-la-lista-de-las-cien-mujeres-mas-poderosas-del-mundo\\\/#organizationLogo\"}},{\"@type\":\"Person\",\"@id\":\"https:\\\/\\\/eldigitaldeasturias.com\\\/magazine365\\\/author\\\/admin\\\/#author\",\"url\":\"https:\\\/\\\/eldigitaldeasturias.com\\\/magazine365\\\/author\\\/admin\\\/\",\"name\":\"admin\",\"image\":{\"@type\":\"ImageObject\",\"@id\":\"https:\\\/\\\/eldigitaldeasturias.com\\\/magazine365\\\/merkel-encabeza-otro-ano-la-lista-de-las-cien-mujeres-mas-poderosas-del-mundo\\\/#authorImage\",\"url\":\"https:\\\/\\\/eldigitaldeasturias.com\\\/magazine365\\\/wp-content\\\/litespeed\\\/avatar\\\/e571bcf59a0edd6fa6838245a470f2fe.jpg?ver=1776969259\",\"width\":96,\"height\":96,\"caption\":\"admin\"}},{\"@type\":\"WebPage\",\"@id\":\"https:\\\/\\\/eldigitaldeasturias.com\\\/magazine365\\\/merkel-encabeza-otro-ano-la-lista-de-las-cien-mujeres-mas-poderosas-del-mundo\\\/#webpage\",\"url\":\"https:\\\/\\\/eldigitaldeasturias.com\\\/magazine365\\\/merkel-encabeza-otro-ano-la-lista-de-las-cien-mujeres-mas-poderosas-del-mundo\\\/\",\"name\":\"Merkel encabeza otro a\\u00f1o la lista de las cien mujeres m\\u00e1s poderosas del mundo | El Digital de Asturias\",\"description\":\"Nueva York, 28 may (EFE).- La canciller alemana, Angela Merkel, encabeza un a\\u00f1o m\\u00e1s la lista de cien mujeres m\\u00e1s poderosas del mundo que publica hoy la revista Forbes, en la que destaca en segundo lugar la nueva presidenta de la Reserva Federal de EE.UU., Janet Yellen, entre 18 caras nuevas y en la que\",\"inLanguage\":\"es-ES\",\"isPartOf\":{\"@id\":\"https:\\\/\\\/eldigitaldeasturias.com\\\/magazine365\\\/#website\"},\"breadcrumb\":{\"@id\":\"https:\\\/\\\/eldigitaldeasturias.com\\\/magazine365\\\/merkel-encabeza-otro-ano-la-lista-de-las-cien-mujeres-mas-poderosas-del-mundo\\\/#breadcrumblist\"},\"author\":{\"@id\":\"https:\\\/\\\/eldigitaldeasturias.com\\\/magazine365\\\/author\\\/admin\\\/#author\"},\"creator\":{\"@id\":\"https:\\\/\\\/eldigitaldeasturias.com\\\/magazine365\\\/author\\\/admin\\\/#author\"},\"image\":{\"@type\":\"ImageObject\",\"url\":\"https:\\\/\\\/eldigitaldeasturias.com\\\/magazine365\\\/wp-content\\\/uploads\\\/2014\\\/05\\\/6310952w.jpg\",\"@id\":\"https:\\\/\\\/eldigitaldeasturias.com\\\/magazine365\\\/merkel-encabeza-otro-ano-la-lista-de-las-cien-mujeres-mas-poderosas-del-mundo\\\/#mainImage\",\"width\":800,\"height\":534},\"primaryImageOfPage\":{\"@id\":\"https:\\\/\\\/eldigitaldeasturias.com\\\/magazine365\\\/merkel-encabeza-otro-ano-la-lista-de-las-cien-mujeres-mas-poderosas-del-mundo\\\/#mainImage\"},\"datePublished\":\"2014-05-28T23:45:29+02:00\",\"dateModified\":\"2014-05-28T23:45:29+02:00\"},{\"@type\":\"WebSite\",\"@id\":\"https:\\\/\\\/eldigitaldeasturias.com\\\/magazine365\\\/#website\",\"url\":\"https:\\\/\\\/eldigitaldeasturias.com\\\/magazine365\\\/\",\"name\":\"El Digital de Asturias\",\"description\":\"Revista de ocio, turismo y estilo de vida\",\"inLanguage\":\"es-ES\",\"publisher\":{\"@id\":\"https:\\\/\\\/eldigitaldeasturias.com\\\/magazine365\\\/#organization\"}}]}\n\t\t<\/script>\n\t\t<!-- All in One SEO Pro -->\r\n\t\t<title>Merkel encabeza otro a\u00f1o la lista de las cien mujeres m\u00e1s poderosas del mundo | El Digital de Asturias<\/title>\n\n","aioseo_head_json":{"title":"Merkel encabeza otro a\u00f1o la lista de las cien mujeres m\u00e1s poderosas del mundo | El Digital de Asturias","description":"Nueva York, 28 may (EFE).- La canciller alemana, Angela Merkel, encabeza un a\u00f1o m\u00e1s la lista de cien mujeres m\u00e1s poderosas del mundo que publica hoy la revista Forbes, en la que destaca en segundo lugar la nueva presidenta de la Reserva Federal de EE.UU., Janet Yellen, entre 18 caras nuevas y en la que","canonical_url":"https:\/\/eldigitaldeasturias.com\/magazine365\/merkel-encabeza-otro-ano-la-lista-de-las-cien-mujeres-mas-poderosas-del-mundo\/","robots":"max-image-preview:large","keywords":"noticias y actualidad","webmasterTools":{"google-site-verification":"UA-38556648-1","miscellaneous":""},"schema":{"@context":"https:\/\/schema.org","@graph":[{"@type":"Article","@id":"https:\/\/eldigitaldeasturias.com\/magazine365\/merkel-encabeza-otro-ano-la-lista-de-las-cien-mujeres-mas-poderosas-del-mundo\/#article","name":"Merkel encabeza otro a\u00f1o la lista de las cien mujeres m\u00e1s poderosas del mundo | El Digital de Asturias","headline":"Merkel encabeza otro a\u00f1o la lista de las cien mujeres m\u00e1s poderosas del mundo","author":{"@id":"https:\/\/eldigitaldeasturias.com\/magazine365\/author\/admin\/#author"},"publisher":{"@id":"https:\/\/eldigitaldeasturias.com\/magazine365\/#organization"},"image":{"@type":"ImageObject","url":"https:\/\/eldigitaldeasturias.com\/magazine365\/wp-content\/uploads\/2014\/05\/6310952w.jpg","width":800,"height":534},"datePublished":"2014-05-28T23:45:29+02:00","dateModified":"2014-05-28T23:45:29+02:00","inLanguage":"es-ES","mainEntityOfPage":{"@id":"https:\/\/eldigitaldeasturias.com\/magazine365\/merkel-encabeza-otro-ano-la-lista-de-las-cien-mujeres-mas-poderosas-del-mundo\/#webpage"},"isPartOf":{"@id":"https:\/\/eldigitaldeasturias.com\/magazine365\/merkel-encabeza-otro-ano-la-lista-de-las-cien-mujeres-mas-poderosas-del-mundo\/#webpage"},"articleSection":"Noticias y Actualidad"},{"@type":"BreadcrumbList","@id":"https:\/\/eldigitaldeasturias.com\/magazine365\/merkel-encabeza-otro-ano-la-lista-de-las-cien-mujeres-mas-poderosas-del-mundo\/#breadcrumblist","itemListElement":[{"@type":"ListItem","@id":"https:\/\/eldigitaldeasturias.com\/magazine365#listItem","position":1,"name":"Home","item":"https:\/\/eldigitaldeasturias.com\/magazine365","nextItem":{"@type":"ListItem","@id":"https:\/\/eldigitaldeasturias.com\/magazine365\/category\/noticias-actualidad\/#listItem","name":"Noticias y Actualidad"}},{"@type":"ListItem","@id":"https:\/\/eldigitaldeasturias.com\/magazine365\/category\/noticias-actualidad\/#listItem","position":2,"name":"Noticias y Actualidad","item":"https:\/\/eldigitaldeasturias.com\/magazine365\/category\/noticias-actualidad\/","nextItem":{"@type":"ListItem","@id":"https:\/\/eldigitaldeasturias.com\/magazine365\/merkel-encabeza-otro-ano-la-lista-de-las-cien-mujeres-mas-poderosas-del-mundo\/#listItem","name":"Merkel encabeza otro a\u00f1o la lista de las cien mujeres m\u00e1s poderosas del mundo"},"previousItem":{"@type":"ListItem","@id":"https:\/\/eldigitaldeasturias.com\/magazine365#listItem","name":"Home"}},{"@type":"ListItem","@id":"https:\/\/eldigitaldeasturias.com\/magazine365\/merkel-encabeza-otro-ano-la-lista-de-las-cien-mujeres-mas-poderosas-del-mundo\/#listItem","position":3,"name":"Merkel encabeza otro a\u00f1o la lista de las cien mujeres m\u00e1s poderosas del mundo","previousItem":{"@type":"ListItem","@id":"https:\/\/eldigitaldeasturias.com\/magazine365\/category\/noticias-actualidad\/#listItem","name":"Noticias y Actualidad"}}]},{"@type":"Organization","@id":"https:\/\/eldigitaldeasturias.com\/magazine365\/#organization","name":"El digital de Asturias","description":"Revista de ocio, turismo y estilo de vida","url":"https:\/\/eldigitaldeasturias.com\/magazine365\/","logo":{"@type":"ImageObject","url":"https:\/\/www.eldigitaldeasturias.com\/noticias\/wp-content\/uploads\/2020\/12\/EDA.jpg","@id":"https:\/\/eldigitaldeasturias.com\/magazine365\/merkel-encabeza-otro-ano-la-lista-de-las-cien-mujeres-mas-poderosas-del-mundo\/#organizationLogo"},"image":{"@id":"https:\/\/eldigitaldeasturias.com\/magazine365\/merkel-encabeza-otro-ano-la-lista-de-las-cien-mujeres-mas-poderosas-del-mundo\/#organizationLogo"}},{"@type":"Person","@id":"https:\/\/eldigitaldeasturias.com\/magazine365\/author\/admin\/#author","url":"https:\/\/eldigitaldeasturias.com\/magazine365\/author\/admin\/","name":"admin","image":{"@type":"ImageObject","@id":"https:\/\/eldigitaldeasturias.com\/magazine365\/merkel-encabeza-otro-ano-la-lista-de-las-cien-mujeres-mas-poderosas-del-mundo\/#authorImage","url":"https:\/\/eldigitaldeasturias.com\/magazine365\/wp-content\/litespeed\/avatar\/e571bcf59a0edd6fa6838245a470f2fe.jpg?ver=1776969259","width":96,"height":96,"caption":"admin"}},{"@type":"WebPage","@id":"https:\/\/eldigitaldeasturias.com\/magazine365\/merkel-encabeza-otro-ano-la-lista-de-las-cien-mujeres-mas-poderosas-del-mundo\/#webpage","url":"https:\/\/eldigitaldeasturias.com\/magazine365\/merkel-encabeza-otro-ano-la-lista-de-las-cien-mujeres-mas-poderosas-del-mundo\/","name":"Merkel encabeza otro a\u00f1o la lista de las cien mujeres m\u00e1s poderosas del mundo | El Digital de Asturias","description":"Nueva York, 28 may (EFE).- La canciller alemana, Angela Merkel, encabeza un a\u00f1o m\u00e1s la lista de cien mujeres m\u00e1s poderosas del mundo que publica hoy la revista Forbes, en la que destaca en segundo lugar la nueva presidenta de la Reserva Federal de EE.UU., Janet Yellen, entre 18 caras nuevas y en la que","inLanguage":"es-ES","isPartOf":{"@id":"https:\/\/eldigitaldeasturias.com\/magazine365\/#website"},"breadcrumb":{"@id":"https:\/\/eldigitaldeasturias.com\/magazine365\/merkel-encabeza-otro-ano-la-lista-de-las-cien-mujeres-mas-poderosas-del-mundo\/#breadcrumblist"},"author":{"@id":"https:\/\/eldigitaldeasturias.com\/magazine365\/author\/admin\/#author"},"creator":{"@id":"https:\/\/eldigitaldeasturias.com\/magazine365\/author\/admin\/#author"},"image":{"@type":"ImageObject","url":"https:\/\/eldigitaldeasturias.com\/magazine365\/wp-content\/uploads\/2014\/05\/6310952w.jpg","@id":"https:\/\/eldigitaldeasturias.com\/magazine365\/merkel-encabeza-otro-ano-la-lista-de-las-cien-mujeres-mas-poderosas-del-mundo\/#mainImage","width":800,"height":534},"primaryImageOfPage":{"@id":"https:\/\/eldigitaldeasturias.com\/magazine365\/merkel-encabeza-otro-ano-la-lista-de-las-cien-mujeres-mas-poderosas-del-mundo\/#mainImage"},"datePublished":"2014-05-28T23:45:29+02:00","dateModified":"2014-05-28T23:45:29+02:00"},{"@type":"WebSite","@id":"https:\/\/eldigitaldeasturias.com\/magazine365\/#website","url":"https:\/\/eldigitaldeasturias.com\/magazine365\/","name":"El Digital de Asturias","description":"Revista de ocio, turismo y estilo de vida","inLanguage":"es-ES","publisher":{"@id":"https:\/\/eldigitaldeasturias.com\/magazine365\/#organization"}}]},"og:locale":"es_ES","og:site_name":"El Digital de Asturias \u2013 Revista de ocio, turismo y estilo de vida","og:type":"article","og:title":"Merkel encabeza otro a\u00f1o la lista de las cien mujeres m\u00e1s poderosas del mundo | El Digital de Asturias","og:description":"Nueva York, 28 may (EFE).- La canciller alemana, Angela Merkel, encabeza un a\u00f1o m\u00e1s la lista de cien mujeres m\u00e1s poderosas del mundo que publica hoy la revista Forbes, en la que destaca en segundo lugar la nueva presidenta de la Reserva Federal de EE.UU., Janet Yellen, entre 18 caras nuevas y en la que","og:url":"https:\/\/eldigitaldeasturias.com\/magazine365\/merkel-encabeza-otro-ano-la-lista-de-las-cien-mujeres-mas-poderosas-del-mundo\/","og:image":"https:\/\/eldigitaldeasturias.com\/magazine365\/wp-content\/uploads\/2014\/05\/6310952w.jpg","og:image:secure_url":"https:\/\/eldigitaldeasturias.com\/magazine365\/wp-content\/uploads\/2014\/05\/6310952w.jpg","og:image:width":800,"og:image:height":534,"article:published_time":"2014-05-29T01:45:29+00:00","article:modified_time":"2014-05-29T01:45:29+00:00","twitter:card":"summary_large_image","twitter:title":"Merkel encabeza otro a\u00f1o la lista de las cien mujeres m\u00e1s poderosas del mundo | El Digital de Asturias","twitter:description":"Nueva York, 28 may (EFE).- La canciller alemana, Angela Merkel, encabeza un a\u00f1o m\u00e1s la lista de cien mujeres m\u00e1s poderosas del mundo que publica hoy la revista Forbes, en la que destaca en segundo lugar la nueva presidenta de la Reserva Federal de EE.UU., Janet Yellen, entre 18 caras nuevas y en la que","twitter:image":"https:\/\/eldigitaldeasturias.com\/magazine365\/wp-content\/uploads\/2014\/05\/6310952w.jpg"},"aioseo_meta_data":{"post_id":"14259","title":null,"description":null,"keywords":null,"keyphrases":null,"primary_term":null,"canonical_url":null,"og_title":null,"og_description":null,"og_object_type":"default","og_image_type":"default","og_image_url":null,"og_image_width":null,"og_image_height":null,"og_image_custom_url":null,"og_image_custom_fields":null,"og_video":null,"og_custom_url":null,"og_article_section":null,"og_article_tags":null,"twitter_use_og":false,"twitter_card":"default","twitter_image_type":"default","twitter_image_url":null,"twitter_image_custom_url":null,"twitter_image_custom_fields":null,"twitter_title":null,"twitter_description":null,"schema":{"blockGraphs":[],"customGraphs":[],"default":{"data":{"Article":[],"Course":[],"Dataset":[],"FAQPage":[],"Movie":[],"Person":[],"Product":[],"ProductReview":[],"Car":[],"Recipe":[],"Service":[],"SoftwareApplication":[],"WebPage":[]},"graphName":"","isEnabled":true},"graphs":[],"defaultGraph":"","defaultPostTypeGraph":""},"schema_type":null,"schema_type_options":null,"pillar_content":false,"robots_default":true,"robots_noindex":false,"robots_noarchive":false,"robots_nosnippet":false,"robots_nofollow":false,"robots_noimageindex":false,"robots_noodp":false,"robots_notranslate":false,"robots_max_snippet":null,"robots_max_videopreview":null,"robots_max_imagepreview":"large","priority":null,"frequency":null,"location":null,"local_seo":null,"seo_analyzer_scan_date":"2025-09-17 09:49:06","breadcrumb_settings":null,"limit_modified_date":false,"open_ai":null,"ai":null,"created":"2021-03-09 08:17:51","updated":"2025-09-17 09:49:06"},"aioseo_breadcrumb":"<div class=\"aioseo-breadcrumbs\"><span class=\"aioseo-breadcrumb\">\n\t<a href=\"https:\/\/eldigitaldeasturias.com\/magazine365\" title=\"Home\">Home<\/a>\n<\/span><span class=\"aioseo-breadcrumb-separator\">\u2013<\/span><span class=\"aioseo-breadcrumb\">\n\t<a href=\"https:\/\/eldigitaldeasturias.com\/magazine365\/category\/noticias-actualidad\/\" title=\"Noticias y Actualidad\">Noticias y Actualidad<\/a>\n<\/span><span class=\"aioseo-breadcrumb-separator\">\u2013<\/span><span class=\"aioseo-breadcrumb\">\n\t<a href=\"https:\/\/eldigitaldeasturias.com\/magazine365\/merkel-encabeza-otro-ano-la-lista-de-las-cien-mujeres-mas-poderosas-del-mundo\/\" title=\"Merkel encabeza otro a\u00f1o la lista de las cien mujeres m\u00e1s poderosas del mundo\">Merkel encabeza otro a\u00f1o la lista de las cien mujeres m\u00e1s poderosas del mundo<\/a>\n<\/span><\/div>","aioseo_breadcrumb_json":[{"label":"Home","link":"https:\/\/eldigitaldeasturias.com\/magazine365"},{"label":"Noticias y Actualidad","link":"https:\/\/eldigitaldeasturias.com\/magazine365\/category\/noticias-actualidad\/"},{"label":"Merkel encabeza otro a\u00f1o la lista de las cien mujeres m\u00e1s poderosas del mundo","link":"https:\/\/eldigitaldeasturias.com\/magazine365\/merkel-encabeza-otro-ano-la-lista-de-las-cien-mujeres-mas-poderosas-del-mundo\/"}],"_links":{"self":[{"href":"https:\/\/eldigitaldeasturias.com\/magazine365\/wp-json\/wp\/v2\/posts\/14259","targetHints":{"allow":["GET"]}}],"collection":[{"href":"https:\/\/eldigitaldeasturias.com\/magazine365\/wp-json\/wp\/v2\/posts"}],"about":[{"href":"https:\/\/eldigitaldeasturias.com\/magazine365\/wp-json\/wp\/v2\/types\/post"}],"author":[{"embeddable":true,"href":"https:\/\/eldigitaldeasturias.com\/magazine365\/wp-json\/wp\/v2\/users\/1"}],"replies":[{"embeddable":true,"href":"https:\/\/eldigitaldeasturias.com\/magazine365\/wp-json\/wp\/v2\/comments?post=14259"}],"version-history":[{"count":0,"href":"https:\/\/eldigitaldeasturias.com\/magazine365\/wp-json\/wp\/v2\/posts\/14259\/revisions"}],"wp:featuredmedia":[{"embeddable":true,"href":"https:\/\/eldigitaldeasturias.com\/magazine365\/wp-json\/wp\/v2\/media\/14260"}],"wp:attachment":[{"href":"https:\/\/eldigitaldeasturias.com\/magazine365\/wp-json\/wp\/v2\/media?parent=14259"}],"wp:term":[{"taxonomy":"category","embeddable":true,"href":"https:\/\/eldigitaldeasturias.com\/magazine365\/wp-json\/wp\/v2\/categories?post=14259"},{"taxonomy":"post_tag","embeddable":true,"href":"https:\/\/eldigitaldeasturias.com\/magazine365\/wp-json\/wp\/v2\/tags?post=14259"}],"curies":[{"name":"wp","href":"https:\/\/api.w.org\/{rel}","templated":true}]}}