{"id":14244,"date":"2014-05-28T23:27:38","date_gmt":"2014-05-29T01:27:38","guid":{"rendered":"http:\/\/eldigitaldeasturias.com\/magazine365\/?p=14244"},"modified":"2014-05-28T23:27:38","modified_gmt":"2014-05-29T01:27:38","slug":"los-rolling-consultan-a-los-portugueses-que-tema-tocar-en-el-rock-in-rio","status":"publish","type":"post","link":"https:\/\/eldigitaldeasturias.com\/magazine365\/los-rolling-consultan-a-los-portugueses-que-tema-tocar-en-el-rock-in-rio\/","title":{"rendered":"Los Rolling consultan a los portugueses qu\u00e9 tema tocar en el Rock in Rio"},"content":{"rendered":"<p><img fetchpriority=\"high\" decoding=\"async\" class=\"alignleft size-medium wp-image-14245\" alt=\"6310111w\" src=\"https:\/\/eldigitaldeasturias.com\/magazine365\/wp-content\/uploads\/2014\/05\/6310111w-360x247.jpg\" width=\"360\" height=\"247\" \/>Lisboa, 28 may (EFE).- La banda brit\u00e1nica Rolling Stones pidi\u00f3 a sus seguidores que voten a trav\u00e9s de Internet cu\u00e1l es su tema favorito y se comprometieron a tocarlo en su pr\u00f3ximo concierto, el jueves, cuando saldr\u00e1n al escenario del Rock in Rio Lisboa.<\/p>\n<p>El llamamiento fue realizado por el grupo a trav\u00e9s de las redes sociales y en su p\u00e1gina web, donde sus seguidores pueden elegir todav\u00eda entre cinco de sus grandes cl\u00e1sicos: \u00abStart me up\u00bb, \u00abAngie\u00bb, \u00abMiss you\u00bb, \u00abSatisfaction\u00bb y \u00abSympathy for the devil\u00bb.<\/p>\n<p>Los integrantes de los Rolling se encuentran ya en Lisboa despu\u00e9s de reiniciar su gira en Oslo el pasado lunes, y de hecho su guitarrista, Keith Richards, public\u00f3 una fotograf\u00eda en Facebook nada m\u00e1s aterrizar en la capital lusa.<\/p>\n<p>Incombustibles, los miembros de la banda regresaron al escenario el lunes con su concierto en Noruega y retomaron as\u00ed una gira de actuaciones en vivo suspendida hace dos meses por el suicidio de la novia de su l\u00edder, Mick Jagger.<\/p>\n<p>La cita en suelo portugu\u00e9s -donde no tocaban desde 2007- forma parte de su gira \u00ab14 On fire\u00bb, y las 90.000 entradas disponibles se agotaron hace una semana.<\/p>\n<p>El concierto de los Rolling Stones supone un hito \u00abhist\u00f3rico\u00bb para la organizaci\u00f3n del festival en Lisboa, que se celebra en la ciudad cada dos a\u00f1os desde su llegada, en 2004.<\/p>\n<p>A pesar de no haber editado ning\u00fan \u00e1lbum nuevo desde el 2005, los brit\u00e1nicos cuentan con multitud de \u00e9xitos tras cincuenta a\u00f1os de carrera que los ha convertido en una de las bandas m\u00edticas del rock a nivel mundial.<\/p>\n<p>Medios lusos informaban hoy de que la comitiva que acompa\u00f1a a los Rolling ronda las sesenta personas, entre empleados y familia.<\/p>\n","protected":false},"excerpt":{"rendered":"<p>Lisboa, 28 may (EFE).- La banda brit\u00e1nica Rolling Stones pidi\u00f3 a sus seguidores que voten a trav\u00e9s de Internet cu\u00e1l es su tema favorito y se comprometieron a tocarlo en su pr\u00f3ximo concierto, el jueves, cuando saldr\u00e1n al escenario del Rock in Rio Lisboa. El llamamiento fue realizado por el grupo a trav\u00e9s de las<\/p>\n","protected":false},"author":1,"featured_media":14245,"comment_status":"open","ping_status":"closed","sticky":false,"template":"","format":"standard","meta":{"footnotes":""},"categories":[224],"tags":[],"class_list":{"0":"post-14244","1":"post","2":"type-post","3":"status-publish","4":"format-standard","5":"has-post-thumbnail","7":"category-noticias-actualidad"},"aioseo_notices":[],"aioseo_head":"\n\t\t<!-- All in One SEO Pro 4.9.6.1 - aioseo.com -->\n\t<meta name=\"description\" content=\"Lisboa, 28 may (EFE).- La banda brit\u00e1nica Rolling Stones pidi\u00f3 a sus seguidores que voten a trav\u00e9s de Internet cu\u00e1l es su tema favorito y se comprometieron a tocarlo en su pr\u00f3ximo concierto, el jueves, cuando saldr\u00e1n al escenario del Rock in Rio Lisboa. El llamamiento fue realizado por el grupo a trav\u00e9s de las\" \/>\n\t<meta name=\"robots\" content=\"max-image-preview:large\" \/>\n\t<meta name=\"author\" content=\"admin\"\/>\n\t<meta name=\"google-site-verification\" content=\"UA-38556648-1\" \/>\n\t<meta name=\"keywords\" content=\"noticias y actualidad\" \/>\n\t<link rel=\"canonical\" href=\"https:\/\/eldigitaldeasturias.com\/magazine365\/los-rolling-consultan-a-los-portugueses-que-tema-tocar-en-el-rock-in-rio\/\" \/>\n\t<meta name=\"generator\" content=\"All in One SEO Pro (AIOSEO) 4.9.6.1\" \/>\n\t\t<meta property=\"og:locale\" content=\"es_ES\" \/>\n\t\t<meta property=\"og:site_name\" content=\"El Digital de Asturias \u2013 Revista de ocio, turismo y estilo de vida\" \/>\n\t\t<meta property=\"og:type\" content=\"article\" \/>\n\t\t<meta property=\"og:title\" content=\"Los Rolling consultan a los portugueses qu\u00e9 tema tocar en el Rock in Rio | El Digital de Asturias\" \/>\n\t\t<meta property=\"og:description\" content=\"Lisboa, 28 may (EFE).- La banda brit\u00e1nica Rolling Stones pidi\u00f3 a sus seguidores que voten a trav\u00e9s de Internet cu\u00e1l es su tema favorito y se comprometieron a tocarlo en su pr\u00f3ximo concierto, el jueves, cuando saldr\u00e1n al escenario del Rock in Rio Lisboa. El llamamiento fue realizado por el grupo a trav\u00e9s de las\" \/>\n\t\t<meta property=\"og:url\" content=\"https:\/\/eldigitaldeasturias.com\/magazine365\/los-rolling-consultan-a-los-portugueses-que-tema-tocar-en-el-rock-in-rio\/\" \/>\n\t\t<meta property=\"og:image\" content=\"https:\/\/eldigitaldeasturias.com\/magazine365\/wp-content\/uploads\/2014\/05\/6310111w.jpg\" \/>\n\t\t<meta property=\"og:image:secure_url\" content=\"https:\/\/eldigitaldeasturias.com\/magazine365\/wp-content\/uploads\/2014\/05\/6310111w.jpg\" \/>\n\t\t<meta property=\"og:image:width\" content=\"800\" \/>\n\t\t<meta property=\"og:image:height\" content=\"550\" \/>\n\t\t<meta property=\"article:published_time\" content=\"2014-05-29T01:27:38+00:00\" \/>\n\t\t<meta property=\"article:modified_time\" content=\"2014-05-29T01:27:38+00:00\" \/>\n\t\t<meta name=\"twitter:card\" content=\"summary_large_image\" \/>\n\t\t<meta name=\"twitter:title\" content=\"Los Rolling consultan a los portugueses qu\u00e9 tema tocar en el Rock in Rio | El Digital de Asturias\" \/>\n\t\t<meta name=\"twitter:description\" content=\"Lisboa, 28 may (EFE).- La banda brit\u00e1nica Rolling Stones pidi\u00f3 a sus seguidores que voten a trav\u00e9s de Internet cu\u00e1l es su tema favorito y se comprometieron a tocarlo en su pr\u00f3ximo concierto, el jueves, cuando saldr\u00e1n al escenario del Rock in Rio Lisboa. El llamamiento fue realizado por el grupo a trav\u00e9s de las\" \/>\n\t\t<meta name=\"twitter:image\" content=\"https:\/\/eldigitaldeasturias.com\/magazine365\/wp-content\/uploads\/2014\/05\/6310111w.jpg\" \/>\n\t\t<script type=\"application\/ld+json\" class=\"aioseo-schema\">\n\t\t\t{\"@context\":\"https:\\\/\\\/schema.org\",\"@graph\":[{\"@type\":\"Article\",\"@id\":\"https:\\\/\\\/eldigitaldeasturias.com\\\/magazine365\\\/los-rolling-consultan-a-los-portugueses-que-tema-tocar-en-el-rock-in-rio\\\/#article\",\"name\":\"Los Rolling consultan a los portugueses qu\\u00e9 tema tocar en el Rock in Rio | El Digital de Asturias\",\"headline\":\"Los Rolling consultan a los portugueses qu\\u00e9 tema tocar en el Rock in Rio\",\"author\":{\"@id\":\"https:\\\/\\\/eldigitaldeasturias.com\\\/magazine365\\\/author\\\/admin\\\/#author\"},\"publisher\":{\"@id\":\"https:\\\/\\\/eldigitaldeasturias.com\\\/magazine365\\\/#organization\"},\"image\":{\"@type\":\"ImageObject\",\"url\":\"https:\\\/\\\/eldigitaldeasturias.com\\\/magazine365\\\/wp-content\\\/uploads\\\/2014\\\/05\\\/6310111w.jpg\",\"width\":800,\"height\":550},\"datePublished\":\"2014-05-28T23:27:38+02:00\",\"dateModified\":\"2014-05-28T23:27:38+02:00\",\"inLanguage\":\"es-ES\",\"mainEntityOfPage\":{\"@id\":\"https:\\\/\\\/eldigitaldeasturias.com\\\/magazine365\\\/los-rolling-consultan-a-los-portugueses-que-tema-tocar-en-el-rock-in-rio\\\/#webpage\"},\"isPartOf\":{\"@id\":\"https:\\\/\\\/eldigitaldeasturias.com\\\/magazine365\\\/los-rolling-consultan-a-los-portugueses-que-tema-tocar-en-el-rock-in-rio\\\/#webpage\"},\"articleSection\":\"Noticias y Actualidad\"},{\"@type\":\"BreadcrumbList\",\"@id\":\"https:\\\/\\\/eldigitaldeasturias.com\\\/magazine365\\\/los-rolling-consultan-a-los-portugueses-que-tema-tocar-en-el-rock-in-rio\\\/#breadcrumblist\",\"itemListElement\":[{\"@type\":\"ListItem\",\"@id\":\"https:\\\/\\\/eldigitaldeasturias.com\\\/magazine365#listItem\",\"position\":1,\"name\":\"Home\",\"item\":\"https:\\\/\\\/eldigitaldeasturias.com\\\/magazine365\",\"nextItem\":{\"@type\":\"ListItem\",\"@id\":\"https:\\\/\\\/eldigitaldeasturias.com\\\/magazine365\\\/category\\\/noticias-actualidad\\\/#listItem\",\"name\":\"Noticias y Actualidad\"}},{\"@type\":\"ListItem\",\"@id\":\"https:\\\/\\\/eldigitaldeasturias.com\\\/magazine365\\\/category\\\/noticias-actualidad\\\/#listItem\",\"position\":2,\"name\":\"Noticias y Actualidad\",\"item\":\"https:\\\/\\\/eldigitaldeasturias.com\\\/magazine365\\\/category\\\/noticias-actualidad\\\/\",\"nextItem\":{\"@type\":\"ListItem\",\"@id\":\"https:\\\/\\\/eldigitaldeasturias.com\\\/magazine365\\\/los-rolling-consultan-a-los-portugueses-que-tema-tocar-en-el-rock-in-rio\\\/#listItem\",\"name\":\"Los Rolling consultan a los portugueses qu\\u00e9 tema tocar en el Rock in Rio\"},\"previousItem\":{\"@type\":\"ListItem\",\"@id\":\"https:\\\/\\\/eldigitaldeasturias.com\\\/magazine365#listItem\",\"name\":\"Home\"}},{\"@type\":\"ListItem\",\"@id\":\"https:\\\/\\\/eldigitaldeasturias.com\\\/magazine365\\\/los-rolling-consultan-a-los-portugueses-que-tema-tocar-en-el-rock-in-rio\\\/#listItem\",\"position\":3,\"name\":\"Los Rolling consultan a los portugueses qu\\u00e9 tema tocar en el Rock in Rio\",\"previousItem\":{\"@type\":\"ListItem\",\"@id\":\"https:\\\/\\\/eldigitaldeasturias.com\\\/magazine365\\\/category\\\/noticias-actualidad\\\/#listItem\",\"name\":\"Noticias y Actualidad\"}}]},{\"@type\":\"Organization\",\"@id\":\"https:\\\/\\\/eldigitaldeasturias.com\\\/magazine365\\\/#organization\",\"name\":\"El digital de Asturias\",\"description\":\"Revista de ocio, turismo y estilo de vida\",\"url\":\"https:\\\/\\\/eldigitaldeasturias.com\\\/magazine365\\\/\",\"logo\":{\"@type\":\"ImageObject\",\"url\":\"https:\\\/\\\/www.eldigitaldeasturias.com\\\/noticias\\\/wp-content\\\/uploads\\\/2020\\\/12\\\/EDA.jpg\",\"@id\":\"https:\\\/\\\/eldigitaldeasturias.com\\\/magazine365\\\/los-rolling-consultan-a-los-portugueses-que-tema-tocar-en-el-rock-in-rio\\\/#organizationLogo\"},\"image\":{\"@id\":\"https:\\\/\\\/eldigitaldeasturias.com\\\/magazine365\\\/los-rolling-consultan-a-los-portugueses-que-tema-tocar-en-el-rock-in-rio\\\/#organizationLogo\"}},{\"@type\":\"Person\",\"@id\":\"https:\\\/\\\/eldigitaldeasturias.com\\\/magazine365\\\/author\\\/admin\\\/#author\",\"url\":\"https:\\\/\\\/eldigitaldeasturias.com\\\/magazine365\\\/author\\\/admin\\\/\",\"name\":\"admin\",\"image\":{\"@type\":\"ImageObject\",\"@id\":\"https:\\\/\\\/eldigitaldeasturias.com\\\/magazine365\\\/los-rolling-consultan-a-los-portugueses-que-tema-tocar-en-el-rock-in-rio\\\/#authorImage\",\"url\":\"https:\\\/\\\/eldigitaldeasturias.com\\\/magazine365\\\/wp-content\\\/litespeed\\\/avatar\\\/e571bcf59a0edd6fa6838245a470f2fe.jpg?ver=1776969259\",\"width\":96,\"height\":96,\"caption\":\"admin\"}},{\"@type\":\"WebPage\",\"@id\":\"https:\\\/\\\/eldigitaldeasturias.com\\\/magazine365\\\/los-rolling-consultan-a-los-portugueses-que-tema-tocar-en-el-rock-in-rio\\\/#webpage\",\"url\":\"https:\\\/\\\/eldigitaldeasturias.com\\\/magazine365\\\/los-rolling-consultan-a-los-portugueses-que-tema-tocar-en-el-rock-in-rio\\\/\",\"name\":\"Los Rolling consultan a los portugueses qu\\u00e9 tema tocar en el Rock in Rio | El Digital de Asturias\",\"description\":\"Lisboa, 28 may (EFE).- La banda brit\\u00e1nica Rolling Stones pidi\\u00f3 a sus seguidores que voten a trav\\u00e9s de Internet cu\\u00e1l es su tema favorito y se comprometieron a tocarlo en su pr\\u00f3ximo concierto, el jueves, cuando saldr\\u00e1n al escenario del Rock in Rio Lisboa. El llamamiento fue realizado por el grupo a trav\\u00e9s de las\",\"inLanguage\":\"es-ES\",\"isPartOf\":{\"@id\":\"https:\\\/\\\/eldigitaldeasturias.com\\\/magazine365\\\/#website\"},\"breadcrumb\":{\"@id\":\"https:\\\/\\\/eldigitaldeasturias.com\\\/magazine365\\\/los-rolling-consultan-a-los-portugueses-que-tema-tocar-en-el-rock-in-rio\\\/#breadcrumblist\"},\"author\":{\"@id\":\"https:\\\/\\\/eldigitaldeasturias.com\\\/magazine365\\\/author\\\/admin\\\/#author\"},\"creator\":{\"@id\":\"https:\\\/\\\/eldigitaldeasturias.com\\\/magazine365\\\/author\\\/admin\\\/#author\"},\"image\":{\"@type\":\"ImageObject\",\"url\":\"https:\\\/\\\/eldigitaldeasturias.com\\\/magazine365\\\/wp-content\\\/uploads\\\/2014\\\/05\\\/6310111w.jpg\",\"@id\":\"https:\\\/\\\/eldigitaldeasturias.com\\\/magazine365\\\/los-rolling-consultan-a-los-portugueses-que-tema-tocar-en-el-rock-in-rio\\\/#mainImage\",\"width\":800,\"height\":550},\"primaryImageOfPage\":{\"@id\":\"https:\\\/\\\/eldigitaldeasturias.com\\\/magazine365\\\/los-rolling-consultan-a-los-portugueses-que-tema-tocar-en-el-rock-in-rio\\\/#mainImage\"},\"datePublished\":\"2014-05-28T23:27:38+02:00\",\"dateModified\":\"2014-05-28T23:27:38+02:00\"},{\"@type\":\"WebSite\",\"@id\":\"https:\\\/\\\/eldigitaldeasturias.com\\\/magazine365\\\/#website\",\"url\":\"https:\\\/\\\/eldigitaldeasturias.com\\\/magazine365\\\/\",\"name\":\"El Digital de Asturias\",\"description\":\"Revista de ocio, turismo y estilo de vida\",\"inLanguage\":\"es-ES\",\"publisher\":{\"@id\":\"https:\\\/\\\/eldigitaldeasturias.com\\\/magazine365\\\/#organization\"}}]}\n\t\t<\/script>\n\t\t<!-- All in One SEO Pro -->\r\n\t\t<title>Los Rolling consultan a los portugueses qu\u00e9 tema tocar en el Rock in Rio | El Digital de Asturias<\/title>\n\n","aioseo_head_json":{"title":"Los Rolling consultan a los portugueses qu\u00e9 tema tocar en el Rock in Rio | El Digital de Asturias","description":"Lisboa, 28 may (EFE).- La banda brit\u00e1nica Rolling Stones pidi\u00f3 a sus seguidores que voten a trav\u00e9s de Internet cu\u00e1l es su tema favorito y se comprometieron a tocarlo en su pr\u00f3ximo concierto, el jueves, cuando saldr\u00e1n al escenario del Rock in Rio Lisboa. El llamamiento fue realizado por el grupo a trav\u00e9s de las","canonical_url":"https:\/\/eldigitaldeasturias.com\/magazine365\/los-rolling-consultan-a-los-portugueses-que-tema-tocar-en-el-rock-in-rio\/","robots":"max-image-preview:large","keywords":"noticias y actualidad","webmasterTools":{"google-site-verification":"UA-38556648-1","miscellaneous":""},"schema":{"@context":"https:\/\/schema.org","@graph":[{"@type":"Article","@id":"https:\/\/eldigitaldeasturias.com\/magazine365\/los-rolling-consultan-a-los-portugueses-que-tema-tocar-en-el-rock-in-rio\/#article","name":"Los Rolling consultan a los portugueses qu\u00e9 tema tocar en el Rock in Rio | El Digital de Asturias","headline":"Los Rolling consultan a los portugueses qu\u00e9 tema tocar en el Rock in Rio","author":{"@id":"https:\/\/eldigitaldeasturias.com\/magazine365\/author\/admin\/#author"},"publisher":{"@id":"https:\/\/eldigitaldeasturias.com\/magazine365\/#organization"},"image":{"@type":"ImageObject","url":"https:\/\/eldigitaldeasturias.com\/magazine365\/wp-content\/uploads\/2014\/05\/6310111w.jpg","width":800,"height":550},"datePublished":"2014-05-28T23:27:38+02:00","dateModified":"2014-05-28T23:27:38+02:00","inLanguage":"es-ES","mainEntityOfPage":{"@id":"https:\/\/eldigitaldeasturias.com\/magazine365\/los-rolling-consultan-a-los-portugueses-que-tema-tocar-en-el-rock-in-rio\/#webpage"},"isPartOf":{"@id":"https:\/\/eldigitaldeasturias.com\/magazine365\/los-rolling-consultan-a-los-portugueses-que-tema-tocar-en-el-rock-in-rio\/#webpage"},"articleSection":"Noticias y Actualidad"},{"@type":"BreadcrumbList","@id":"https:\/\/eldigitaldeasturias.com\/magazine365\/los-rolling-consultan-a-los-portugueses-que-tema-tocar-en-el-rock-in-rio\/#breadcrumblist","itemListElement":[{"@type":"ListItem","@id":"https:\/\/eldigitaldeasturias.com\/magazine365#listItem","position":1,"name":"Home","item":"https:\/\/eldigitaldeasturias.com\/magazine365","nextItem":{"@type":"ListItem","@id":"https:\/\/eldigitaldeasturias.com\/magazine365\/category\/noticias-actualidad\/#listItem","name":"Noticias y Actualidad"}},{"@type":"ListItem","@id":"https:\/\/eldigitaldeasturias.com\/magazine365\/category\/noticias-actualidad\/#listItem","position":2,"name":"Noticias y Actualidad","item":"https:\/\/eldigitaldeasturias.com\/magazine365\/category\/noticias-actualidad\/","nextItem":{"@type":"ListItem","@id":"https:\/\/eldigitaldeasturias.com\/magazine365\/los-rolling-consultan-a-los-portugueses-que-tema-tocar-en-el-rock-in-rio\/#listItem","name":"Los Rolling consultan a los portugueses qu\u00e9 tema tocar en el Rock in Rio"},"previousItem":{"@type":"ListItem","@id":"https:\/\/eldigitaldeasturias.com\/magazine365#listItem","name":"Home"}},{"@type":"ListItem","@id":"https:\/\/eldigitaldeasturias.com\/magazine365\/los-rolling-consultan-a-los-portugueses-que-tema-tocar-en-el-rock-in-rio\/#listItem","position":3,"name":"Los Rolling consultan a los portugueses qu\u00e9 tema tocar en el Rock in Rio","previousItem":{"@type":"ListItem","@id":"https:\/\/eldigitaldeasturias.com\/magazine365\/category\/noticias-actualidad\/#listItem","name":"Noticias y Actualidad"}}]},{"@type":"Organization","@id":"https:\/\/eldigitaldeasturias.com\/magazine365\/#organization","name":"El digital de Asturias","description":"Revista de ocio, turismo y estilo de vida","url":"https:\/\/eldigitaldeasturias.com\/magazine365\/","logo":{"@type":"ImageObject","url":"https:\/\/www.eldigitaldeasturias.com\/noticias\/wp-content\/uploads\/2020\/12\/EDA.jpg","@id":"https:\/\/eldigitaldeasturias.com\/magazine365\/los-rolling-consultan-a-los-portugueses-que-tema-tocar-en-el-rock-in-rio\/#organizationLogo"},"image":{"@id":"https:\/\/eldigitaldeasturias.com\/magazine365\/los-rolling-consultan-a-los-portugueses-que-tema-tocar-en-el-rock-in-rio\/#organizationLogo"}},{"@type":"Person","@id":"https:\/\/eldigitaldeasturias.com\/magazine365\/author\/admin\/#author","url":"https:\/\/eldigitaldeasturias.com\/magazine365\/author\/admin\/","name":"admin","image":{"@type":"ImageObject","@id":"https:\/\/eldigitaldeasturias.com\/magazine365\/los-rolling-consultan-a-los-portugueses-que-tema-tocar-en-el-rock-in-rio\/#authorImage","url":"https:\/\/eldigitaldeasturias.com\/magazine365\/wp-content\/litespeed\/avatar\/e571bcf59a0edd6fa6838245a470f2fe.jpg?ver=1776969259","width":96,"height":96,"caption":"admin"}},{"@type":"WebPage","@id":"https:\/\/eldigitaldeasturias.com\/magazine365\/los-rolling-consultan-a-los-portugueses-que-tema-tocar-en-el-rock-in-rio\/#webpage","url":"https:\/\/eldigitaldeasturias.com\/magazine365\/los-rolling-consultan-a-los-portugueses-que-tema-tocar-en-el-rock-in-rio\/","name":"Los Rolling consultan a los portugueses qu\u00e9 tema tocar en el Rock in Rio | El Digital de Asturias","description":"Lisboa, 28 may (EFE).- La banda brit\u00e1nica Rolling Stones pidi\u00f3 a sus seguidores que voten a trav\u00e9s de Internet cu\u00e1l es su tema favorito y se comprometieron a tocarlo en su pr\u00f3ximo concierto, el jueves, cuando saldr\u00e1n al escenario del Rock in Rio Lisboa. El llamamiento fue realizado por el grupo a trav\u00e9s de las","inLanguage":"es-ES","isPartOf":{"@id":"https:\/\/eldigitaldeasturias.com\/magazine365\/#website"},"breadcrumb":{"@id":"https:\/\/eldigitaldeasturias.com\/magazine365\/los-rolling-consultan-a-los-portugueses-que-tema-tocar-en-el-rock-in-rio\/#breadcrumblist"},"author":{"@id":"https:\/\/eldigitaldeasturias.com\/magazine365\/author\/admin\/#author"},"creator":{"@id":"https:\/\/eldigitaldeasturias.com\/magazine365\/author\/admin\/#author"},"image":{"@type":"ImageObject","url":"https:\/\/eldigitaldeasturias.com\/magazine365\/wp-content\/uploads\/2014\/05\/6310111w.jpg","@id":"https:\/\/eldigitaldeasturias.com\/magazine365\/los-rolling-consultan-a-los-portugueses-que-tema-tocar-en-el-rock-in-rio\/#mainImage","width":800,"height":550},"primaryImageOfPage":{"@id":"https:\/\/eldigitaldeasturias.com\/magazine365\/los-rolling-consultan-a-los-portugueses-que-tema-tocar-en-el-rock-in-rio\/#mainImage"},"datePublished":"2014-05-28T23:27:38+02:00","dateModified":"2014-05-28T23:27:38+02:00"},{"@type":"WebSite","@id":"https:\/\/eldigitaldeasturias.com\/magazine365\/#website","url":"https:\/\/eldigitaldeasturias.com\/magazine365\/","name":"El Digital de Asturias","description":"Revista de ocio, turismo y estilo de vida","inLanguage":"es-ES","publisher":{"@id":"https:\/\/eldigitaldeasturias.com\/magazine365\/#organization"}}]},"og:locale":"es_ES","og:site_name":"El Digital de Asturias \u2013 Revista de ocio, turismo y estilo de vida","og:type":"article","og:title":"Los Rolling consultan a los portugueses qu\u00e9 tema tocar en el Rock in Rio | El Digital de Asturias","og:description":"Lisboa, 28 may (EFE).- La banda brit\u00e1nica Rolling Stones pidi\u00f3 a sus seguidores que voten a trav\u00e9s de Internet cu\u00e1l es su tema favorito y se comprometieron a tocarlo en su pr\u00f3ximo concierto, el jueves, cuando saldr\u00e1n al escenario del Rock in Rio Lisboa. El llamamiento fue realizado por el grupo a trav\u00e9s de las","og:url":"https:\/\/eldigitaldeasturias.com\/magazine365\/los-rolling-consultan-a-los-portugueses-que-tema-tocar-en-el-rock-in-rio\/","og:image":"https:\/\/eldigitaldeasturias.com\/magazine365\/wp-content\/uploads\/2014\/05\/6310111w.jpg","og:image:secure_url":"https:\/\/eldigitaldeasturias.com\/magazine365\/wp-content\/uploads\/2014\/05\/6310111w.jpg","og:image:width":800,"og:image:height":550,"article:published_time":"2014-05-29T01:27:38+00:00","article:modified_time":"2014-05-29T01:27:38+00:00","twitter:card":"summary_large_image","twitter:title":"Los Rolling consultan a los portugueses qu\u00e9 tema tocar en el Rock in Rio | El Digital de Asturias","twitter:description":"Lisboa, 28 may (EFE).- La banda brit\u00e1nica Rolling Stones pidi\u00f3 a sus seguidores que voten a trav\u00e9s de Internet cu\u00e1l es su tema favorito y se comprometieron a tocarlo en su pr\u00f3ximo concierto, el jueves, cuando saldr\u00e1n al escenario del Rock in Rio Lisboa. El llamamiento fue realizado por el grupo a trav\u00e9s de las","twitter:image":"https:\/\/eldigitaldeasturias.com\/magazine365\/wp-content\/uploads\/2014\/05\/6310111w.jpg"},"aioseo_meta_data":{"post_id":"14244","title":null,"description":null,"keywords":null,"keyphrases":null,"primary_term":null,"canonical_url":null,"og_title":null,"og_description":null,"og_object_type":"default","og_image_type":"default","og_image_url":null,"og_image_width":null,"og_image_height":null,"og_image_custom_url":null,"og_image_custom_fields":null,"og_video":null,"og_custom_url":null,"og_article_section":null,"og_article_tags":null,"twitter_use_og":false,"twitter_card":"default","twitter_image_type":"default","twitter_image_url":null,"twitter_image_custom_url":null,"twitter_image_custom_fields":null,"twitter_title":null,"twitter_description":null,"schema":{"blockGraphs":[],"customGraphs":[],"default":{"data":{"Article":[],"Course":[],"Dataset":[],"FAQPage":[],"Movie":[],"Person":[],"Product":[],"ProductReview":[],"Car":[],"Recipe":[],"Service":[],"SoftwareApplication":[],"WebPage":[]},"graphName":"","isEnabled":true},"graphs":[],"defaultGraph":"","defaultPostTypeGraph":""},"schema_type":null,"schema_type_options":null,"pillar_content":false,"robots_default":true,"robots_noindex":false,"robots_noarchive":false,"robots_nosnippet":false,"robots_nofollow":false,"robots_noimageindex":false,"robots_noodp":false,"robots_notranslate":false,"robots_max_snippet":null,"robots_max_videopreview":null,"robots_max_imagepreview":"large","priority":null,"frequency":null,"location":null,"local_seo":null,"seo_analyzer_scan_date":"2025-09-17 09:46:59","breadcrumb_settings":null,"limit_modified_date":false,"open_ai":null,"ai":null,"created":"2021-03-09 08:17:51","updated":"2025-09-17 09:46:59"},"aioseo_breadcrumb":"<div class=\"aioseo-breadcrumbs\"><span class=\"aioseo-breadcrumb\">\n\t<a href=\"https:\/\/eldigitaldeasturias.com\/magazine365\" title=\"Home\">Home<\/a>\n<\/span><span class=\"aioseo-breadcrumb-separator\">\u2013<\/span><span class=\"aioseo-breadcrumb\">\n\t<a href=\"https:\/\/eldigitaldeasturias.com\/magazine365\/category\/noticias-actualidad\/\" title=\"Noticias y Actualidad\">Noticias y Actualidad<\/a>\n<\/span><span class=\"aioseo-breadcrumb-separator\">\u2013<\/span><span class=\"aioseo-breadcrumb\">\n\t<a href=\"https:\/\/eldigitaldeasturias.com\/magazine365\/los-rolling-consultan-a-los-portugueses-que-tema-tocar-en-el-rock-in-rio\/\" title=\"Los Rolling consultan a los portugueses qu\u00e9 tema tocar en el Rock in Rio\">Los Rolling consultan a los portugueses qu\u00e9 tema tocar en el Rock in Rio<\/a>\n<\/span><\/div>","aioseo_breadcrumb_json":[{"label":"Home","link":"https:\/\/eldigitaldeasturias.com\/magazine365"},{"label":"Noticias y Actualidad","link":"https:\/\/eldigitaldeasturias.com\/magazine365\/category\/noticias-actualidad\/"},{"label":"Los Rolling consultan a los portugueses qu\u00e9 tema tocar en el Rock in Rio","link":"https:\/\/eldigitaldeasturias.com\/magazine365\/los-rolling-consultan-a-los-portugueses-que-tema-tocar-en-el-rock-in-rio\/"}],"_links":{"self":[{"href":"https:\/\/eldigitaldeasturias.com\/magazine365\/wp-json\/wp\/v2\/posts\/14244","targetHints":{"allow":["GET"]}}],"collection":[{"href":"https:\/\/eldigitaldeasturias.com\/magazine365\/wp-json\/wp\/v2\/posts"}],"about":[{"href":"https:\/\/eldigitaldeasturias.com\/magazine365\/wp-json\/wp\/v2\/types\/post"}],"author":[{"embeddable":true,"href":"https:\/\/eldigitaldeasturias.com\/magazine365\/wp-json\/wp\/v2\/users\/1"}],"replies":[{"embeddable":true,"href":"https:\/\/eldigitaldeasturias.com\/magazine365\/wp-json\/wp\/v2\/comments?post=14244"}],"version-history":[{"count":0,"href":"https:\/\/eldigitaldeasturias.com\/magazine365\/wp-json\/wp\/v2\/posts\/14244\/revisions"}],"wp:featuredmedia":[{"embeddable":true,"href":"https:\/\/eldigitaldeasturias.com\/magazine365\/wp-json\/wp\/v2\/media\/14245"}],"wp:attachment":[{"href":"https:\/\/eldigitaldeasturias.com\/magazine365\/wp-json\/wp\/v2\/media?parent=14244"}],"wp:term":[{"taxonomy":"category","embeddable":true,"href":"https:\/\/eldigitaldeasturias.com\/magazine365\/wp-json\/wp\/v2\/categories?post=14244"},{"taxonomy":"post_tag","embeddable":true,"href":"https:\/\/eldigitaldeasturias.com\/magazine365\/wp-json\/wp\/v2\/tags?post=14244"}],"curies":[{"name":"wp","href":"https:\/\/api.w.org\/{rel}","templated":true}]}}