{"id":14238,"date":"2014-05-28T23:25:04","date_gmt":"2014-05-29T01:25:04","guid":{"rendered":"http:\/\/eldigitaldeasturias.com\/magazine365\/?p=14238"},"modified":"2014-05-28T23:25:04","modified_gmt":"2014-05-29T01:25:04","slug":"isabel-pantoja-malu-y-auryn-en-los-conciertos-al-aire-libre-de-la-granja","status":"publish","type":"post","link":"https:\/\/eldigitaldeasturias.com\/magazine365\/isabel-pantoja-malu-y-auryn-en-los-conciertos-al-aire-libre-de-la-granja\/","title":{"rendered":"Isabel Pantoja, Mal\u00fa y Auryn, en los conciertos al aire libre de La Granja"},"content":{"rendered":"<p><img fetchpriority=\"high\" decoding=\"async\" class=\"alignleft size-medium wp-image-14239\" alt=\"6310003w\" src=\"https:\/\/eldigitaldeasturias.com\/magazine365\/wp-content\/uploads\/2014\/05\/6310003w-360x263.jpg\" width=\"360\" height=\"263\" srcset=\"https:\/\/eldigitaldeasturias.com\/magazine365\/wp-content\/uploads\/2014\/05\/6310003w-360x263.jpg 360w, https:\/\/eldigitaldeasturias.com\/magazine365\/wp-content\/uploads\/2014\/05\/6310003w-650x475.jpg 650w, https:\/\/eldigitaldeasturias.com\/magazine365\/wp-content\/uploads\/2014\/05\/6310003w-768x562.jpg 768w, https:\/\/eldigitaldeasturias.com\/magazine365\/wp-content\/uploads\/2014\/05\/6310003w-150x110.jpg 150w, https:\/\/eldigitaldeasturias.com\/magazine365\/wp-content\/uploads\/2014\/05\/6310003w-450x329.jpg 450w, https:\/\/eldigitaldeasturias.com\/magazine365\/wp-content\/uploads\/2014\/05\/6310003w-696x509.jpg 696w, https:\/\/eldigitaldeasturias.com\/magazine365\/wp-content\/uploads\/2014\/05\/6310003w-574x420.jpg 574w, https:\/\/eldigitaldeasturias.com\/magazine365\/wp-content\/uploads\/2014\/05\/6310003w-90x67.jpg 90w, https:\/\/eldigitaldeasturias.com\/magazine365\/wp-content\/uploads\/2014\/05\/6310003w.jpg 800w\" sizes=\"(max-width: 360px) 100vw, 360px\" \/>Madrid, 28 may (EFE).- Isabel Pantoja, Mal\u00fa, Sara Baras, Asier Exteand\u00eda y Auryn encabezan la programaci\u00f3n del Festival Internacional Noches M\u00e1gicas de la Granja, que entre julio y agosto reunir\u00e1 diferentes disciplinas art\u00edsticas en el Real Sitio de San Ildefonso, en Segovia.<\/p>\n<p>Espect\u00e1culos de teatro, m\u00fasica, danza, magia y humor llegan al municipio segoviano \u00abun lugar perfecto para acoger el festival ya que con solo pasear por las calles se puede respirar cultura\u00bb, ha afirmado hoy su alcalde Jos\u00e9 Luis V\u00e1zquez Fern\u00e1ndez en la presentaci\u00f3n en Madrid del certamen.<\/p>\n<p>El VII Festival Internacional de M\u00fasica y Danza, que trae como novedad espect\u00e1culos teatrales, en colaboraci\u00f3n con el Festival Cl\u00e1sico de M\u00e9rida, ha pretendido, como ha destacado su director Carlos L\u00f3pez, \u00abuna programaci\u00f3n variada para todo tipo de p\u00fablico\u00bb.<\/p>\n<p>La core\u00f3grafa, bailaora y directora Sara Baras abrir\u00e1 la programaci\u00f3n el 2 de agosto con su nuevo espect\u00e1culo, \u00abMedusa, la guadiana\u00bb, y al d\u00eda siguiente ser\u00e1 el turno de \u00ablos mellizos\u00bb, es decir, Bert\u00edn Osborne y Paco Ar\u00e9valo, que llegan con \u00abDos caras duras en crisis\u00bb.<\/p>\n<p>El 8 de agosto lo har\u00e1 el grupo Auryn y el 9 de agosto es uno de los \u00abplatos fuertes\u00bb del festival, un concierto de Isabel Pantoja que \u00abviene con un gran espect\u00e1culo con una incre\u00edble puesta en escena\u00bb, seg\u00fan L\u00f3pez.<\/p>\n<p>El 12 de agosto ser\u00e1 la cantante India Mart\u00ednez la que amenice la velada y para cerrar el festival, el d\u00eda 25, se subir\u00e1 a las tablas Mal\u00fa que, ha recordado su director, \u00abvive su mejor a\u00f1o profesional\u00bb.<\/p>\n<p>El teatro llegar\u00e1 con \u00abgrandes cabezas de cartel\u00bb como Pep\u00f3n Nieto, Anabel Alonso y Alejo Sauras, protagonistas de \u00abEl Eunuco\u00bb y con Asier Exteand\u00eda que representa \u00abEl Interprete\u00bb.<\/p>\n<p>Al tiempo se celebrar\u00e1 el VI Festival Internacional la GranJazz recupera, \u00abdespu\u00e9s de dos a\u00f1os dif\u00edciles\u00bb, en palabras de su director, Jos\u00e9 Luis Guti\u00e9rrez, en unos conciertos que est\u00e1n \u00abhechos de cara a los ciudadanos\u00bb, con entrada gratuita.<\/p>\n<p>Guti\u00e9rrez ser\u00e1, adem\u00e1s, uno de los protagonistas del festival y el 22 de julio realizar\u00e1 un homenaje a los \u00abgrandes saxofonistas de la historia del jazz\u00bb, en el que tocar\u00e1 cinco tipos de saxofones diferentes.<\/p>\n<p>El guitarrista de jazz Chema S\u00e1iz propondr\u00e1 su proyecto vocal el 21 de julio y el 23 ser\u00e1 el turno del m\u00fasico Tommy Caggiani.<\/p>\n<p>El s\u00e9ptimo Festival Noches del Real Sitio abrir\u00e1 con la Orquesta de C\u00e1mara que dirige Borja Quintas y cerrar\u00e1 con Concerto Moderno, que viene desde Portugal con el compositor y director de orquesta Cesar Viana.<\/p>\n","protected":false},"excerpt":{"rendered":"<p>Madrid, 28 may (EFE).- Isabel Pantoja, Mal\u00fa, Sara Baras, Asier Exteand\u00eda y Auryn encabezan la programaci\u00f3n del Festival Internacional Noches M\u00e1gicas de la Granja, que entre julio y agosto reunir\u00e1 diferentes disciplinas art\u00edsticas en el Real Sitio de San Ildefonso, en Segovia. Espect\u00e1culos de teatro, m\u00fasica, danza, magia y humor llegan al municipio segoviano \u00abun<\/p>\n","protected":false},"author":1,"featured_media":14239,"comment_status":"open","ping_status":"closed","sticky":false,"template":"","format":"standard","meta":{"footnotes":""},"categories":[224],"tags":[],"class_list":{"0":"post-14238","1":"post","2":"type-post","3":"status-publish","4":"format-standard","5":"has-post-thumbnail","7":"category-noticias-actualidad"},"aioseo_notices":[],"aioseo_head":"\n\t\t<!-- All in One SEO Pro 4.9.6.1 - aioseo.com -->\n\t<meta name=\"description\" content=\"Madrid, 28 may (EFE).- Isabel Pantoja, Mal\u00fa, Sara Baras, Asier Exteand\u00eda y Auryn encabezan la programaci\u00f3n del Festival Internacional Noches M\u00e1gicas de la Granja, que entre julio y agosto reunir\u00e1 diferentes disciplinas art\u00edsticas en el Real Sitio de San Ildefonso, en Segovia. Espect\u00e1culos de teatro, m\u00fasica, danza, magia y humor llegan al municipio segoviano &quot;un\" \/>\n\t<meta name=\"robots\" content=\"max-image-preview:large\" \/>\n\t<meta name=\"author\" content=\"admin\"\/>\n\t<meta name=\"google-site-verification\" content=\"UA-38556648-1\" \/>\n\t<meta name=\"keywords\" content=\"noticias y actualidad\" \/>\n\t<link rel=\"canonical\" href=\"https:\/\/eldigitaldeasturias.com\/magazine365\/isabel-pantoja-malu-y-auryn-en-los-conciertos-al-aire-libre-de-la-granja\/\" \/>\n\t<meta name=\"generator\" content=\"All in One SEO Pro (AIOSEO) 4.9.6.1\" \/>\n\t\t<meta property=\"og:locale\" content=\"es_ES\" \/>\n\t\t<meta property=\"og:site_name\" content=\"El Digital de Asturias \u2013 Revista de ocio, turismo y estilo de vida\" \/>\n\t\t<meta property=\"og:type\" content=\"article\" \/>\n\t\t<meta property=\"og:title\" content=\"Isabel Pantoja, Mal\u00fa y Auryn, en los conciertos al aire libre de La Granja | El Digital de Asturias\" \/>\n\t\t<meta property=\"og:description\" content=\"Madrid, 28 may (EFE).- Isabel Pantoja, Mal\u00fa, Sara Baras, Asier Exteand\u00eda y Auryn encabezan la programaci\u00f3n del Festival Internacional Noches M\u00e1gicas de la Granja, que entre julio y agosto reunir\u00e1 diferentes disciplinas art\u00edsticas en el Real Sitio de San Ildefonso, en Segovia. Espect\u00e1culos de teatro, m\u00fasica, danza, magia y humor llegan al municipio segoviano &quot;un\" \/>\n\t\t<meta property=\"og:url\" content=\"https:\/\/eldigitaldeasturias.com\/magazine365\/isabel-pantoja-malu-y-auryn-en-los-conciertos-al-aire-libre-de-la-granja\/\" \/>\n\t\t<meta property=\"og:image\" content=\"https:\/\/eldigitaldeasturias.com\/magazine365\/wp-content\/uploads\/2014\/05\/6310003w.jpg\" \/>\n\t\t<meta property=\"og:image:secure_url\" content=\"https:\/\/eldigitaldeasturias.com\/magazine365\/wp-content\/uploads\/2014\/05\/6310003w.jpg\" \/>\n\t\t<meta property=\"og:image:width\" content=\"800\" \/>\n\t\t<meta property=\"og:image:height\" content=\"585\" \/>\n\t\t<meta property=\"article:published_time\" content=\"2014-05-29T01:25:04+00:00\" \/>\n\t\t<meta property=\"article:modified_time\" content=\"2014-05-29T01:25:04+00:00\" \/>\n\t\t<meta name=\"twitter:card\" content=\"summary_large_image\" \/>\n\t\t<meta name=\"twitter:title\" content=\"Isabel Pantoja, Mal\u00fa y Auryn, en los conciertos al aire libre de La Granja | El Digital de Asturias\" \/>\n\t\t<meta name=\"twitter:description\" content=\"Madrid, 28 may (EFE).- Isabel Pantoja, Mal\u00fa, Sara Baras, Asier Exteand\u00eda y Auryn encabezan la programaci\u00f3n del Festival Internacional Noches M\u00e1gicas de la Granja, que entre julio y agosto reunir\u00e1 diferentes disciplinas art\u00edsticas en el Real Sitio de San Ildefonso, en Segovia. Espect\u00e1culos de teatro, m\u00fasica, danza, magia y humor llegan al municipio segoviano &quot;un\" \/>\n\t\t<meta name=\"twitter:image\" content=\"https:\/\/eldigitaldeasturias.com\/magazine365\/wp-content\/uploads\/2014\/05\/6310003w.jpg\" \/>\n\t\t<script type=\"application\/ld+json\" class=\"aioseo-schema\">\n\t\t\t{\"@context\":\"https:\\\/\\\/schema.org\",\"@graph\":[{\"@type\":\"Article\",\"@id\":\"https:\\\/\\\/eldigitaldeasturias.com\\\/magazine365\\\/isabel-pantoja-malu-y-auryn-en-los-conciertos-al-aire-libre-de-la-granja\\\/#article\",\"name\":\"Isabel Pantoja, Mal\\u00fa y Auryn, en los conciertos al aire libre de La Granja | El Digital de Asturias\",\"headline\":\"Isabel Pantoja, Mal\\u00fa y Auryn, en los conciertos al aire libre de La Granja\",\"author\":{\"@id\":\"https:\\\/\\\/eldigitaldeasturias.com\\\/magazine365\\\/author\\\/admin\\\/#author\"},\"publisher\":{\"@id\":\"https:\\\/\\\/eldigitaldeasturias.com\\\/magazine365\\\/#organization\"},\"image\":{\"@type\":\"ImageObject\",\"url\":\"https:\\\/\\\/eldigitaldeasturias.com\\\/magazine365\\\/wp-content\\\/uploads\\\/2014\\\/05\\\/6310003w.jpg\",\"width\":800,\"height\":585},\"datePublished\":\"2014-05-28T23:25:04+02:00\",\"dateModified\":\"2014-05-28T23:25:04+02:00\",\"inLanguage\":\"es-ES\",\"mainEntityOfPage\":{\"@id\":\"https:\\\/\\\/eldigitaldeasturias.com\\\/magazine365\\\/isabel-pantoja-malu-y-auryn-en-los-conciertos-al-aire-libre-de-la-granja\\\/#webpage\"},\"isPartOf\":{\"@id\":\"https:\\\/\\\/eldigitaldeasturias.com\\\/magazine365\\\/isabel-pantoja-malu-y-auryn-en-los-conciertos-al-aire-libre-de-la-granja\\\/#webpage\"},\"articleSection\":\"Noticias y Actualidad\"},{\"@type\":\"BreadcrumbList\",\"@id\":\"https:\\\/\\\/eldigitaldeasturias.com\\\/magazine365\\\/isabel-pantoja-malu-y-auryn-en-los-conciertos-al-aire-libre-de-la-granja\\\/#breadcrumblist\",\"itemListElement\":[{\"@type\":\"ListItem\",\"@id\":\"https:\\\/\\\/eldigitaldeasturias.com\\\/magazine365#listItem\",\"position\":1,\"name\":\"Home\",\"item\":\"https:\\\/\\\/eldigitaldeasturias.com\\\/magazine365\",\"nextItem\":{\"@type\":\"ListItem\",\"@id\":\"https:\\\/\\\/eldigitaldeasturias.com\\\/magazine365\\\/category\\\/noticias-actualidad\\\/#listItem\",\"name\":\"Noticias y Actualidad\"}},{\"@type\":\"ListItem\",\"@id\":\"https:\\\/\\\/eldigitaldeasturias.com\\\/magazine365\\\/category\\\/noticias-actualidad\\\/#listItem\",\"position\":2,\"name\":\"Noticias y Actualidad\",\"item\":\"https:\\\/\\\/eldigitaldeasturias.com\\\/magazine365\\\/category\\\/noticias-actualidad\\\/\",\"nextItem\":{\"@type\":\"ListItem\",\"@id\":\"https:\\\/\\\/eldigitaldeasturias.com\\\/magazine365\\\/isabel-pantoja-malu-y-auryn-en-los-conciertos-al-aire-libre-de-la-granja\\\/#listItem\",\"name\":\"Isabel Pantoja, Mal\\u00fa y Auryn, en los conciertos al aire libre de La Granja\"},\"previousItem\":{\"@type\":\"ListItem\",\"@id\":\"https:\\\/\\\/eldigitaldeasturias.com\\\/magazine365#listItem\",\"name\":\"Home\"}},{\"@type\":\"ListItem\",\"@id\":\"https:\\\/\\\/eldigitaldeasturias.com\\\/magazine365\\\/isabel-pantoja-malu-y-auryn-en-los-conciertos-al-aire-libre-de-la-granja\\\/#listItem\",\"position\":3,\"name\":\"Isabel Pantoja, Mal\\u00fa y Auryn, en los conciertos al aire libre de La Granja\",\"previousItem\":{\"@type\":\"ListItem\",\"@id\":\"https:\\\/\\\/eldigitaldeasturias.com\\\/magazine365\\\/category\\\/noticias-actualidad\\\/#listItem\",\"name\":\"Noticias y Actualidad\"}}]},{\"@type\":\"Organization\",\"@id\":\"https:\\\/\\\/eldigitaldeasturias.com\\\/magazine365\\\/#organization\",\"name\":\"El digital de Asturias\",\"description\":\"Revista de ocio, turismo y estilo de vida\",\"url\":\"https:\\\/\\\/eldigitaldeasturias.com\\\/magazine365\\\/\",\"logo\":{\"@type\":\"ImageObject\",\"url\":\"https:\\\/\\\/www.eldigitaldeasturias.com\\\/noticias\\\/wp-content\\\/uploads\\\/2020\\\/12\\\/EDA.jpg\",\"@id\":\"https:\\\/\\\/eldigitaldeasturias.com\\\/magazine365\\\/isabel-pantoja-malu-y-auryn-en-los-conciertos-al-aire-libre-de-la-granja\\\/#organizationLogo\"},\"image\":{\"@id\":\"https:\\\/\\\/eldigitaldeasturias.com\\\/magazine365\\\/isabel-pantoja-malu-y-auryn-en-los-conciertos-al-aire-libre-de-la-granja\\\/#organizationLogo\"}},{\"@type\":\"Person\",\"@id\":\"https:\\\/\\\/eldigitaldeasturias.com\\\/magazine365\\\/author\\\/admin\\\/#author\",\"url\":\"https:\\\/\\\/eldigitaldeasturias.com\\\/magazine365\\\/author\\\/admin\\\/\",\"name\":\"admin\",\"image\":{\"@type\":\"ImageObject\",\"@id\":\"https:\\\/\\\/eldigitaldeasturias.com\\\/magazine365\\\/isabel-pantoja-malu-y-auryn-en-los-conciertos-al-aire-libre-de-la-granja\\\/#authorImage\",\"url\":\"https:\\\/\\\/eldigitaldeasturias.com\\\/magazine365\\\/wp-content\\\/litespeed\\\/avatar\\\/e571bcf59a0edd6fa6838245a470f2fe.jpg?ver=1776969259\",\"width\":96,\"height\":96,\"caption\":\"admin\"}},{\"@type\":\"WebPage\",\"@id\":\"https:\\\/\\\/eldigitaldeasturias.com\\\/magazine365\\\/isabel-pantoja-malu-y-auryn-en-los-conciertos-al-aire-libre-de-la-granja\\\/#webpage\",\"url\":\"https:\\\/\\\/eldigitaldeasturias.com\\\/magazine365\\\/isabel-pantoja-malu-y-auryn-en-los-conciertos-al-aire-libre-de-la-granja\\\/\",\"name\":\"Isabel Pantoja, Mal\\u00fa y Auryn, en los conciertos al aire libre de La Granja | El Digital de Asturias\",\"description\":\"Madrid, 28 may (EFE).- Isabel Pantoja, Mal\\u00fa, Sara Baras, Asier Exteand\\u00eda y Auryn encabezan la programaci\\u00f3n del Festival Internacional Noches M\\u00e1gicas de la Granja, que entre julio y agosto reunir\\u00e1 diferentes disciplinas art\\u00edsticas en el Real Sitio de San Ildefonso, en Segovia. Espect\\u00e1culos de teatro, m\\u00fasica, danza, magia y humor llegan al municipio segoviano \\\"un\",\"inLanguage\":\"es-ES\",\"isPartOf\":{\"@id\":\"https:\\\/\\\/eldigitaldeasturias.com\\\/magazine365\\\/#website\"},\"breadcrumb\":{\"@id\":\"https:\\\/\\\/eldigitaldeasturias.com\\\/magazine365\\\/isabel-pantoja-malu-y-auryn-en-los-conciertos-al-aire-libre-de-la-granja\\\/#breadcrumblist\"},\"author\":{\"@id\":\"https:\\\/\\\/eldigitaldeasturias.com\\\/magazine365\\\/author\\\/admin\\\/#author\"},\"creator\":{\"@id\":\"https:\\\/\\\/eldigitaldeasturias.com\\\/magazine365\\\/author\\\/admin\\\/#author\"},\"image\":{\"@type\":\"ImageObject\",\"url\":\"https:\\\/\\\/eldigitaldeasturias.com\\\/magazine365\\\/wp-content\\\/uploads\\\/2014\\\/05\\\/6310003w.jpg\",\"@id\":\"https:\\\/\\\/eldigitaldeasturias.com\\\/magazine365\\\/isabel-pantoja-malu-y-auryn-en-los-conciertos-al-aire-libre-de-la-granja\\\/#mainImage\",\"width\":800,\"height\":585},\"primaryImageOfPage\":{\"@id\":\"https:\\\/\\\/eldigitaldeasturias.com\\\/magazine365\\\/isabel-pantoja-malu-y-auryn-en-los-conciertos-al-aire-libre-de-la-granja\\\/#mainImage\"},\"datePublished\":\"2014-05-28T23:25:04+02:00\",\"dateModified\":\"2014-05-28T23:25:04+02:00\"},{\"@type\":\"WebSite\",\"@id\":\"https:\\\/\\\/eldigitaldeasturias.com\\\/magazine365\\\/#website\",\"url\":\"https:\\\/\\\/eldigitaldeasturias.com\\\/magazine365\\\/\",\"name\":\"El Digital de Asturias\",\"description\":\"Revista de ocio, turismo y estilo de vida\",\"inLanguage\":\"es-ES\",\"publisher\":{\"@id\":\"https:\\\/\\\/eldigitaldeasturias.com\\\/magazine365\\\/#organization\"}}]}\n\t\t<\/script>\n\t\t<!-- All in One SEO Pro -->\r\n\t\t<title>Isabel Pantoja, Mal\u00fa y Auryn, en los conciertos al aire libre de La Granja | El Digital de Asturias<\/title>\n\n","aioseo_head_json":{"title":"Isabel Pantoja, Mal\u00fa y Auryn, en los conciertos al aire libre de La Granja | El Digital de Asturias","description":"Madrid, 28 may (EFE).- Isabel Pantoja, Mal\u00fa, Sara Baras, Asier Exteand\u00eda y Auryn encabezan la programaci\u00f3n del Festival Internacional Noches M\u00e1gicas de la Granja, que entre julio y agosto reunir\u00e1 diferentes disciplinas art\u00edsticas en el Real Sitio de San Ildefonso, en Segovia. Espect\u00e1culos de teatro, m\u00fasica, danza, magia y humor llegan al municipio segoviano \"un","canonical_url":"https:\/\/eldigitaldeasturias.com\/magazine365\/isabel-pantoja-malu-y-auryn-en-los-conciertos-al-aire-libre-de-la-granja\/","robots":"max-image-preview:large","keywords":"noticias y actualidad","webmasterTools":{"google-site-verification":"UA-38556648-1","miscellaneous":""},"schema":{"@context":"https:\/\/schema.org","@graph":[{"@type":"Article","@id":"https:\/\/eldigitaldeasturias.com\/magazine365\/isabel-pantoja-malu-y-auryn-en-los-conciertos-al-aire-libre-de-la-granja\/#article","name":"Isabel Pantoja, Mal\u00fa y Auryn, en los conciertos al aire libre de La Granja | El Digital de Asturias","headline":"Isabel Pantoja, Mal\u00fa y Auryn, en los conciertos al aire libre de La Granja","author":{"@id":"https:\/\/eldigitaldeasturias.com\/magazine365\/author\/admin\/#author"},"publisher":{"@id":"https:\/\/eldigitaldeasturias.com\/magazine365\/#organization"},"image":{"@type":"ImageObject","url":"https:\/\/eldigitaldeasturias.com\/magazine365\/wp-content\/uploads\/2014\/05\/6310003w.jpg","width":800,"height":585},"datePublished":"2014-05-28T23:25:04+02:00","dateModified":"2014-05-28T23:25:04+02:00","inLanguage":"es-ES","mainEntityOfPage":{"@id":"https:\/\/eldigitaldeasturias.com\/magazine365\/isabel-pantoja-malu-y-auryn-en-los-conciertos-al-aire-libre-de-la-granja\/#webpage"},"isPartOf":{"@id":"https:\/\/eldigitaldeasturias.com\/magazine365\/isabel-pantoja-malu-y-auryn-en-los-conciertos-al-aire-libre-de-la-granja\/#webpage"},"articleSection":"Noticias y Actualidad"},{"@type":"BreadcrumbList","@id":"https:\/\/eldigitaldeasturias.com\/magazine365\/isabel-pantoja-malu-y-auryn-en-los-conciertos-al-aire-libre-de-la-granja\/#breadcrumblist","itemListElement":[{"@type":"ListItem","@id":"https:\/\/eldigitaldeasturias.com\/magazine365#listItem","position":1,"name":"Home","item":"https:\/\/eldigitaldeasturias.com\/magazine365","nextItem":{"@type":"ListItem","@id":"https:\/\/eldigitaldeasturias.com\/magazine365\/category\/noticias-actualidad\/#listItem","name":"Noticias y Actualidad"}},{"@type":"ListItem","@id":"https:\/\/eldigitaldeasturias.com\/magazine365\/category\/noticias-actualidad\/#listItem","position":2,"name":"Noticias y Actualidad","item":"https:\/\/eldigitaldeasturias.com\/magazine365\/category\/noticias-actualidad\/","nextItem":{"@type":"ListItem","@id":"https:\/\/eldigitaldeasturias.com\/magazine365\/isabel-pantoja-malu-y-auryn-en-los-conciertos-al-aire-libre-de-la-granja\/#listItem","name":"Isabel Pantoja, Mal\u00fa y Auryn, en los conciertos al aire libre de La Granja"},"previousItem":{"@type":"ListItem","@id":"https:\/\/eldigitaldeasturias.com\/magazine365#listItem","name":"Home"}},{"@type":"ListItem","@id":"https:\/\/eldigitaldeasturias.com\/magazine365\/isabel-pantoja-malu-y-auryn-en-los-conciertos-al-aire-libre-de-la-granja\/#listItem","position":3,"name":"Isabel Pantoja, Mal\u00fa y Auryn, en los conciertos al aire libre de La Granja","previousItem":{"@type":"ListItem","@id":"https:\/\/eldigitaldeasturias.com\/magazine365\/category\/noticias-actualidad\/#listItem","name":"Noticias y Actualidad"}}]},{"@type":"Organization","@id":"https:\/\/eldigitaldeasturias.com\/magazine365\/#organization","name":"El digital de Asturias","description":"Revista de ocio, turismo y estilo de vida","url":"https:\/\/eldigitaldeasturias.com\/magazine365\/","logo":{"@type":"ImageObject","url":"https:\/\/www.eldigitaldeasturias.com\/noticias\/wp-content\/uploads\/2020\/12\/EDA.jpg","@id":"https:\/\/eldigitaldeasturias.com\/magazine365\/isabel-pantoja-malu-y-auryn-en-los-conciertos-al-aire-libre-de-la-granja\/#organizationLogo"},"image":{"@id":"https:\/\/eldigitaldeasturias.com\/magazine365\/isabel-pantoja-malu-y-auryn-en-los-conciertos-al-aire-libre-de-la-granja\/#organizationLogo"}},{"@type":"Person","@id":"https:\/\/eldigitaldeasturias.com\/magazine365\/author\/admin\/#author","url":"https:\/\/eldigitaldeasturias.com\/magazine365\/author\/admin\/","name":"admin","image":{"@type":"ImageObject","@id":"https:\/\/eldigitaldeasturias.com\/magazine365\/isabel-pantoja-malu-y-auryn-en-los-conciertos-al-aire-libre-de-la-granja\/#authorImage","url":"https:\/\/eldigitaldeasturias.com\/magazine365\/wp-content\/litespeed\/avatar\/e571bcf59a0edd6fa6838245a470f2fe.jpg?ver=1776969259","width":96,"height":96,"caption":"admin"}},{"@type":"WebPage","@id":"https:\/\/eldigitaldeasturias.com\/magazine365\/isabel-pantoja-malu-y-auryn-en-los-conciertos-al-aire-libre-de-la-granja\/#webpage","url":"https:\/\/eldigitaldeasturias.com\/magazine365\/isabel-pantoja-malu-y-auryn-en-los-conciertos-al-aire-libre-de-la-granja\/","name":"Isabel Pantoja, Mal\u00fa y Auryn, en los conciertos al aire libre de La Granja | El Digital de Asturias","description":"Madrid, 28 may (EFE).- Isabel Pantoja, Mal\u00fa, Sara Baras, Asier Exteand\u00eda y Auryn encabezan la programaci\u00f3n del Festival Internacional Noches M\u00e1gicas de la Granja, que entre julio y agosto reunir\u00e1 diferentes disciplinas art\u00edsticas en el Real Sitio de San Ildefonso, en Segovia. Espect\u00e1culos de teatro, m\u00fasica, danza, magia y humor llegan al municipio segoviano \"un","inLanguage":"es-ES","isPartOf":{"@id":"https:\/\/eldigitaldeasturias.com\/magazine365\/#website"},"breadcrumb":{"@id":"https:\/\/eldigitaldeasturias.com\/magazine365\/isabel-pantoja-malu-y-auryn-en-los-conciertos-al-aire-libre-de-la-granja\/#breadcrumblist"},"author":{"@id":"https:\/\/eldigitaldeasturias.com\/magazine365\/author\/admin\/#author"},"creator":{"@id":"https:\/\/eldigitaldeasturias.com\/magazine365\/author\/admin\/#author"},"image":{"@type":"ImageObject","url":"https:\/\/eldigitaldeasturias.com\/magazine365\/wp-content\/uploads\/2014\/05\/6310003w.jpg","@id":"https:\/\/eldigitaldeasturias.com\/magazine365\/isabel-pantoja-malu-y-auryn-en-los-conciertos-al-aire-libre-de-la-granja\/#mainImage","width":800,"height":585},"primaryImageOfPage":{"@id":"https:\/\/eldigitaldeasturias.com\/magazine365\/isabel-pantoja-malu-y-auryn-en-los-conciertos-al-aire-libre-de-la-granja\/#mainImage"},"datePublished":"2014-05-28T23:25:04+02:00","dateModified":"2014-05-28T23:25:04+02:00"},{"@type":"WebSite","@id":"https:\/\/eldigitaldeasturias.com\/magazine365\/#website","url":"https:\/\/eldigitaldeasturias.com\/magazine365\/","name":"El Digital de Asturias","description":"Revista de ocio, turismo y estilo de vida","inLanguage":"es-ES","publisher":{"@id":"https:\/\/eldigitaldeasturias.com\/magazine365\/#organization"}}]},"og:locale":"es_ES","og:site_name":"El Digital de Asturias \u2013 Revista de ocio, turismo y estilo de vida","og:type":"article","og:title":"Isabel Pantoja, Mal\u00fa y Auryn, en los conciertos al aire libre de La Granja | El Digital de Asturias","og:description":"Madrid, 28 may (EFE).- Isabel Pantoja, Mal\u00fa, Sara Baras, Asier Exteand\u00eda y Auryn encabezan la programaci\u00f3n del Festival Internacional Noches M\u00e1gicas de la Granja, que entre julio y agosto reunir\u00e1 diferentes disciplinas art\u00edsticas en el Real Sitio de San Ildefonso, en Segovia. Espect\u00e1culos de teatro, m\u00fasica, danza, magia y humor llegan al municipio segoviano &quot;un","og:url":"https:\/\/eldigitaldeasturias.com\/magazine365\/isabel-pantoja-malu-y-auryn-en-los-conciertos-al-aire-libre-de-la-granja\/","og:image":"https:\/\/eldigitaldeasturias.com\/magazine365\/wp-content\/uploads\/2014\/05\/6310003w.jpg","og:image:secure_url":"https:\/\/eldigitaldeasturias.com\/magazine365\/wp-content\/uploads\/2014\/05\/6310003w.jpg","og:image:width":800,"og:image:height":585,"article:published_time":"2014-05-29T01:25:04+00:00","article:modified_time":"2014-05-29T01:25:04+00:00","twitter:card":"summary_large_image","twitter:title":"Isabel Pantoja, Mal\u00fa y Auryn, en los conciertos al aire libre de La Granja | El Digital de Asturias","twitter:description":"Madrid, 28 may (EFE).- Isabel Pantoja, Mal\u00fa, Sara Baras, Asier Exteand\u00eda y Auryn encabezan la programaci\u00f3n del Festival Internacional Noches M\u00e1gicas de la Granja, que entre julio y agosto reunir\u00e1 diferentes disciplinas art\u00edsticas en el Real Sitio de San Ildefonso, en Segovia. Espect\u00e1culos de teatro, m\u00fasica, danza, magia y humor llegan al municipio segoviano &quot;un","twitter:image":"https:\/\/eldigitaldeasturias.com\/magazine365\/wp-content\/uploads\/2014\/05\/6310003w.jpg"},"aioseo_meta_data":{"post_id":"14238","title":null,"description":null,"keywords":null,"keyphrases":null,"primary_term":null,"canonical_url":null,"og_title":null,"og_description":null,"og_object_type":"default","og_image_type":"default","og_image_url":null,"og_image_width":null,"og_image_height":null,"og_image_custom_url":null,"og_image_custom_fields":null,"og_video":null,"og_custom_url":null,"og_article_section":null,"og_article_tags":null,"twitter_use_og":false,"twitter_card":"default","twitter_image_type":"default","twitter_image_url":null,"twitter_image_custom_url":null,"twitter_image_custom_fields":null,"twitter_title":null,"twitter_description":null,"schema":{"blockGraphs":[],"customGraphs":[],"default":{"data":{"Article":[],"Course":[],"Dataset":[],"FAQPage":[],"Movie":[],"Person":[],"Product":[],"ProductReview":[],"Car":[],"Recipe":[],"Service":[],"SoftwareApplication":[],"WebPage":[]},"graphName":"","isEnabled":true},"graphs":[],"defaultGraph":"","defaultPostTypeGraph":""},"schema_type":null,"schema_type_options":null,"pillar_content":false,"robots_default":true,"robots_noindex":false,"robots_noarchive":false,"robots_nosnippet":false,"robots_nofollow":false,"robots_noimageindex":false,"robots_noodp":false,"robots_notranslate":false,"robots_max_snippet":null,"robots_max_videopreview":null,"robots_max_imagepreview":"large","priority":null,"frequency":null,"location":null,"local_seo":null,"seo_analyzer_scan_date":"2025-09-17 09:46:57","breadcrumb_settings":null,"limit_modified_date":false,"open_ai":null,"ai":null,"created":"2021-03-09 08:17:51","updated":"2025-09-17 09:46:57"},"aioseo_breadcrumb":"<div class=\"aioseo-breadcrumbs\"><span class=\"aioseo-breadcrumb\">\n\t<a href=\"https:\/\/eldigitaldeasturias.com\/magazine365\" title=\"Home\">Home<\/a>\n<\/span><span class=\"aioseo-breadcrumb-separator\">\u2013<\/span><span class=\"aioseo-breadcrumb\">\n\t<a href=\"https:\/\/eldigitaldeasturias.com\/magazine365\/category\/noticias-actualidad\/\" title=\"Noticias y Actualidad\">Noticias y Actualidad<\/a>\n<\/span><span class=\"aioseo-breadcrumb-separator\">\u2013<\/span><span class=\"aioseo-breadcrumb\">\n\t<a href=\"https:\/\/eldigitaldeasturias.com\/magazine365\/isabel-pantoja-malu-y-auryn-en-los-conciertos-al-aire-libre-de-la-granja\/\" title=\"Isabel Pantoja, Mal\u00fa y Auryn, en los conciertos al aire libre de La Granja\">Isabel Pantoja, Mal\u00fa y Auryn, en los conciertos al aire libre de La Granja<\/a>\n<\/span><\/div>","aioseo_breadcrumb_json":[{"label":"Home","link":"https:\/\/eldigitaldeasturias.com\/magazine365"},{"label":"Noticias y Actualidad","link":"https:\/\/eldigitaldeasturias.com\/magazine365\/category\/noticias-actualidad\/"},{"label":"Isabel Pantoja, Mal\u00fa y Auryn, en los conciertos al aire libre de La Granja","link":"https:\/\/eldigitaldeasturias.com\/magazine365\/isabel-pantoja-malu-y-auryn-en-los-conciertos-al-aire-libre-de-la-granja\/"}],"_links":{"self":[{"href":"https:\/\/eldigitaldeasturias.com\/magazine365\/wp-json\/wp\/v2\/posts\/14238","targetHints":{"allow":["GET"]}}],"collection":[{"href":"https:\/\/eldigitaldeasturias.com\/magazine365\/wp-json\/wp\/v2\/posts"}],"about":[{"href":"https:\/\/eldigitaldeasturias.com\/magazine365\/wp-json\/wp\/v2\/types\/post"}],"author":[{"embeddable":true,"href":"https:\/\/eldigitaldeasturias.com\/magazine365\/wp-json\/wp\/v2\/users\/1"}],"replies":[{"embeddable":true,"href":"https:\/\/eldigitaldeasturias.com\/magazine365\/wp-json\/wp\/v2\/comments?post=14238"}],"version-history":[{"count":0,"href":"https:\/\/eldigitaldeasturias.com\/magazine365\/wp-json\/wp\/v2\/posts\/14238\/revisions"}],"wp:featuredmedia":[{"embeddable":true,"href":"https:\/\/eldigitaldeasturias.com\/magazine365\/wp-json\/wp\/v2\/media\/14239"}],"wp:attachment":[{"href":"https:\/\/eldigitaldeasturias.com\/magazine365\/wp-json\/wp\/v2\/media?parent=14238"}],"wp:term":[{"taxonomy":"category","embeddable":true,"href":"https:\/\/eldigitaldeasturias.com\/magazine365\/wp-json\/wp\/v2\/categories?post=14238"},{"taxonomy":"post_tag","embeddable":true,"href":"https:\/\/eldigitaldeasturias.com\/magazine365\/wp-json\/wp\/v2\/tags?post=14238"}],"curies":[{"name":"wp","href":"https:\/\/api.w.org\/{rel}","templated":true}]}}