{"id":1423,"date":"2014-01-20T08:54:48","date_gmt":"2014-01-20T09:54:48","guid":{"rendered":"http:\/\/eldigitaldeasturias.com\/magazine365\/?p=1423"},"modified":"2014-01-20T08:54:48","modified_gmt":"2014-01-20T09:54:48","slug":"y-enrique-morente-mano-por-la-boca-de-sus-hijos","status":"publish","type":"post","link":"https:\/\/eldigitaldeasturias.com\/magazine365\/y-enrique-morente-mano-por-la-boca-de-sus-hijos\/","title":{"rendered":"Y Enrique Morente man\u00f3 por la boca de sus hijos"},"content":{"rendered":"<p><img fetchpriority=\"high\" decoding=\"async\" class=\"alignleft size-medium wp-image-1424\" alt=\"5861005w\" src=\"https:\/\/eldigitaldeasturias.com\/magazine365\/wp-content\/uploads\/2014\/01\/5861005w-191x300.jpg\" width=\"191\" height=\"300\" \/>Madrid, 20 ene (EFE).- El dolor de la ausencia empantana el alma pero esta noche la de Enrique Morente ha ayudado a su familia a abrir el balc\u00f3n al trigo y las naranjas, como \u00e9l cantaba, y el agua de su arte ha manado por la boca de sus hijos, que han oficiado el prodigio de invocar a su padre entre tantos que le quisieron.<\/p>\n<p>Han sido casi dos horas y media en las que Estrella, Sole\u00e1 y Jos\u00e9 Enrique Morente han compartido el \u00abtabern\u00e1culo\u00bb instalado en el Circo Price que en los dos d\u00edas anteriores han llenado en la liturgia de su memorial Pepe Habichuela, Jos\u00e9 Merc\u00e9, Tomatito, Miguel Poveda, Eva Yerbabuena, Dorantes, Pitingo, Diego Carrasco y Tomasito, Argentina, Arc\u00e1ngel, Carmen Linares y Farruquito.<\/p>\n<p>\u00abHemos estado los tres entre bambalinas pensando en qu\u00e9 decir. Al final solo podemos desear que ojal\u00e1 todos los ni\u00f1os del mundo tuvieran un padre como el que hemos tenido nosotros\u00bb, ha resumido Estrella, vestida con una chaqueta con dos ojos pintados por su madre, Aurora Carbonell, que ha subido al escenario al final para recibir un ramo de flores que ha agradecido entre l\u00e1grimas.<\/p>\n<p>Este homenaje, relataba Carbonell a Efe poco antes de comenzar el concierto, se hace ahora, tres a\u00f1os despu\u00e9s de la muerte de Morente, porque ya tienen \u00abalguna fuerza\u00bb para enfrentarse a su p\u00e9rdida y la respuesta de los artistas y del p\u00fablico, que ha agotado las 5.000 entradas que se han puesto a la venta para los tres d\u00edas, les ha conmocionado.<\/p>\n<p>\u00abSab\u00eda que era un genio pero nunca imagin\u00e9 esto. Tendr\u00edamos que estar un a\u00f1o entero de homenaje para que todos los que han querido estar pudieran participar. Me he venido arriba y me parece incre\u00edble porque su muerte fue una sacudida tan tremenda que yo me quise morir\u00bb, ha revelado.<\/p>\n<p>Juan Verd\u00fa, coorganizador, junto a Enrique Calabuig, de la parte flamenca del memorial, que seguir\u00e1 con un concierto en la Riviera y exposiciones y recitales en febrero, ha subrayado a Efe lo emocionante que ha sido la respuesta al homenaje \u00aben un pa\u00eds en el que todo el mundo habla mal de los dem\u00e1s\u00bb.<\/p>\n<p>Garc\u00eda Lorca, Picasso, Juan Ram\u00f3n Jim\u00e9nez, Antonio Machado y todos los que \u00e9l am\u00f3 han ido empapando el desgarro a golpe de siguiriya, soleares y malague\u00f1as y su esp\u00edritu ha llenado el Circo Price para acabar en una fiesta que ha unido en un abrazo a los que estaban en el escenario en la certeza de que \u00abvivir\u00e1 para siempre\u00bb.<\/p>\n<p>La familia Morente Carbonell, con sus t\u00edos Montoyita a la guitarra, Antonio Carbonell y \u00c1ngel Gabarre al cante y las palmas y sus primos Monti a la guitarra y Popo al baile y las palmas, ha salido de la oscuridad de su duelo para volar sobre los melismas y las letrillas que \u00e9l cant\u00f3 tantas veces.<\/p>\n<p>Todos, ha asegurado el presentador del acto, El Gran Wyoming, han dado \u00abuna lecci\u00f3n magistral de gen\u00e9tica\u00bb, han demostrado \u00abque de los grandes manantiales salen los grandes r\u00edos\u00bb y han exhibido pellizco, afinaci\u00f3n y expresi\u00f3n art\u00edstica.<\/p>\n<p>El primero de los hijos en actuar ha sido Jos\u00e9 Enrique, \u00abKiki\u00bb, que, con su propia guitarra, ha cantado letras de Picasso, del disco de su padre \u00abPablo de M\u00e1laga\u00bb, y ha dado paso a su hermana Sole\u00e1, que, acompa\u00f1ada de Antonio Arias (Lagartija Nick) ha mecido con su voz larga y ancha una preciosa nana y un tema de su primer disco, \u00abEncuentro\u00bb.<\/p>\n<p>Luego ha salido Estrella, que ha cantado sola, a capella y vuelta hacia la foto de su padre, una bambera, los \u00abcantes de columpio\u00bb que su padre le ense\u00f1aba y ,ya con los m\u00fasicos y su hermano d\u00e1ndole comp\u00e1s, malague\u00f1as y siguiriyas.<\/p>\n<p>\u00abVamos a intentar dar lo mejor de nosotros mismos, pero no es f\u00e1cil tener serenidad porque estamos muy emocionados. No se puede cantar, bailar y tocar mejor que lo que lo han hecho todos los que han pasado por aqu\u00ed. Hemos hecho este memorial ya casi obligados por tantas almas que recuerdan al m\u00e1ximo creador del cante flamenco\u00bb, ha dicho Estrella.<\/p>\n<p>Acto seguido ha llamado a su hermana y juntas han interpretado las buler\u00edas de Antonio Machado que su padre cantaba, y, en una emotiva improvisaci\u00f3n, \u00absones de la casa\u00bb a los que se ha sumado \u00abKiki\u00bb.<\/p>\n<p>\u00abAhora vengo a desquitarme, primero conquistaremos Manhattan, despu\u00e9s conquistaremos Berl\u00edn\u00bb, la letra de Leonard Cohen que Morente version\u00f3 con Lagartija Nick ha sido el himno con el que los Morente-Carbonell han cerrado la primera entrega del tributo a un hombre \u00abgenial, gentil y generoso\u00bb, gran oficiante del arte pobre por antonomasia.<\/p>\n<p>Concha Barrig\u00f3s.<\/p>\n<p>&nbsp;<\/p>\n","protected":false},"excerpt":{"rendered":"<p>Madrid, 20 ene (EFE).- El dolor de la ausencia empantana el alma pero esta noche la de Enrique Morente ha ayudado a su familia a abrir el balc\u00f3n al trigo y las naranjas, como \u00e9l cantaba, y el agua de su arte ha manado por la boca de sus hijos, que han oficiado el prodigio<\/p>\n","protected":false},"author":1,"featured_media":1424,"comment_status":"open","ping_status":"open","sticky":false,"template":"","format":"standard","meta":{"footnotes":""},"categories":[224],"tags":[],"class_list":{"0":"post-1423","1":"post","2":"type-post","3":"status-publish","4":"format-standard","5":"has-post-thumbnail","7":"category-noticias-actualidad"},"aioseo_notices":[],"aioseo_head":"\n\t\t<!-- All in One SEO Pro 4.9.6.1 - aioseo.com -->\n\t<meta name=\"description\" content=\"Madrid, 20 ene (EFE).- El dolor de la ausencia empantana el alma pero esta noche la de Enrique Morente ha ayudado a su familia a abrir el balc\u00f3n al trigo y las naranjas, como \u00e9l cantaba, y el agua de su arte ha manado por la boca de sus hijos, que han oficiado el prodigio\" \/>\n\t<meta name=\"robots\" content=\"max-image-preview:large\" \/>\n\t<meta name=\"author\" content=\"admin\"\/>\n\t<meta name=\"google-site-verification\" content=\"UA-38556648-1\" \/>\n\t<meta name=\"keywords\" content=\"noticias y actualidad\" \/>\n\t<link rel=\"canonical\" href=\"https:\/\/eldigitaldeasturias.com\/magazine365\/y-enrique-morente-mano-por-la-boca-de-sus-hijos\/\" \/>\n\t<meta name=\"generator\" content=\"All in One SEO Pro (AIOSEO) 4.9.6.1\" \/>\n\t\t<meta property=\"og:locale\" content=\"es_ES\" \/>\n\t\t<meta property=\"og:site_name\" content=\"El Digital de Asturias \u2013 Revista de ocio, turismo y estilo de vida\" \/>\n\t\t<meta property=\"og:type\" content=\"article\" \/>\n\t\t<meta property=\"og:title\" content=\"Y Enrique Morente man\u00f3 por la boca de sus hijos | El Digital de Asturias\" \/>\n\t\t<meta property=\"og:description\" content=\"Madrid, 20 ene (EFE).- El dolor de la ausencia empantana el alma pero esta noche la de Enrique Morente ha ayudado a su familia a abrir el balc\u00f3n al trigo y las naranjas, como \u00e9l cantaba, y el agua de su arte ha manado por la boca de sus hijos, que han oficiado el prodigio\" \/>\n\t\t<meta property=\"og:url\" content=\"https:\/\/eldigitaldeasturias.com\/magazine365\/y-enrique-morente-mano-por-la-boca-de-sus-hijos\/\" \/>\n\t\t<meta property=\"og:image\" content=\"https:\/\/eldigitaldeasturias.com\/magazine365\/wp-content\/uploads\/2014\/01\/5861005w.jpg\" \/>\n\t\t<meta property=\"og:image:secure_url\" content=\"https:\/\/eldigitaldeasturias.com\/magazine365\/wp-content\/uploads\/2014\/01\/5861005w.jpg\" \/>\n\t\t<meta property=\"og:image:width\" content=\"700\" \/>\n\t\t<meta property=\"og:image:height\" content=\"1095\" \/>\n\t\t<meta property=\"article:published_time\" content=\"2014-01-20T09:54:48+00:00\" \/>\n\t\t<meta property=\"article:modified_time\" content=\"2014-01-20T09:54:48+00:00\" \/>\n\t\t<meta name=\"twitter:card\" content=\"summary_large_image\" \/>\n\t\t<meta name=\"twitter:title\" content=\"Y Enrique Morente man\u00f3 por la boca de sus hijos | El Digital de Asturias\" \/>\n\t\t<meta name=\"twitter:description\" content=\"Madrid, 20 ene (EFE).- El dolor de la ausencia empantana el alma pero esta noche la de Enrique Morente ha ayudado a su familia a abrir el balc\u00f3n al trigo y las naranjas, como \u00e9l cantaba, y el agua de su arte ha manado por la boca de sus hijos, que han oficiado el prodigio\" \/>\n\t\t<meta name=\"twitter:image\" content=\"https:\/\/eldigitaldeasturias.com\/magazine365\/wp-content\/uploads\/2014\/01\/5861005w.jpg\" \/>\n\t\t<script type=\"application\/ld+json\" class=\"aioseo-schema\">\n\t\t\t{\"@context\":\"https:\\\/\\\/schema.org\",\"@graph\":[{\"@type\":\"Article\",\"@id\":\"https:\\\/\\\/eldigitaldeasturias.com\\\/magazine365\\\/y-enrique-morente-mano-por-la-boca-de-sus-hijos\\\/#article\",\"name\":\"Y Enrique Morente man\\u00f3 por la boca de sus hijos | El Digital de Asturias\",\"headline\":\"Y Enrique Morente man\\u00f3 por la boca de sus hijos\",\"author\":{\"@id\":\"https:\\\/\\\/eldigitaldeasturias.com\\\/magazine365\\\/author\\\/admin\\\/#author\"},\"publisher\":{\"@id\":\"https:\\\/\\\/eldigitaldeasturias.com\\\/magazine365\\\/#organization\"},\"image\":{\"@type\":\"ImageObject\",\"url\":\"https:\\\/\\\/eldigitaldeasturias.com\\\/magazine365\\\/wp-content\\\/uploads\\\/2014\\\/01\\\/5861005w.jpg\",\"width\":700,\"height\":1095},\"datePublished\":\"2014-01-20T08:54:48+01:00\",\"dateModified\":\"2014-01-20T08:54:48+01:00\",\"inLanguage\":\"es-ES\",\"mainEntityOfPage\":{\"@id\":\"https:\\\/\\\/eldigitaldeasturias.com\\\/magazine365\\\/y-enrique-morente-mano-por-la-boca-de-sus-hijos\\\/#webpage\"},\"isPartOf\":{\"@id\":\"https:\\\/\\\/eldigitaldeasturias.com\\\/magazine365\\\/y-enrique-morente-mano-por-la-boca-de-sus-hijos\\\/#webpage\"},\"articleSection\":\"Noticias y Actualidad\"},{\"@type\":\"BreadcrumbList\",\"@id\":\"https:\\\/\\\/eldigitaldeasturias.com\\\/magazine365\\\/y-enrique-morente-mano-por-la-boca-de-sus-hijos\\\/#breadcrumblist\",\"itemListElement\":[{\"@type\":\"ListItem\",\"@id\":\"https:\\\/\\\/eldigitaldeasturias.com\\\/magazine365#listItem\",\"position\":1,\"name\":\"Home\",\"item\":\"https:\\\/\\\/eldigitaldeasturias.com\\\/magazine365\",\"nextItem\":{\"@type\":\"ListItem\",\"@id\":\"https:\\\/\\\/eldigitaldeasturias.com\\\/magazine365\\\/category\\\/noticias-actualidad\\\/#listItem\",\"name\":\"Noticias y Actualidad\"}},{\"@type\":\"ListItem\",\"@id\":\"https:\\\/\\\/eldigitaldeasturias.com\\\/magazine365\\\/category\\\/noticias-actualidad\\\/#listItem\",\"position\":2,\"name\":\"Noticias y Actualidad\",\"item\":\"https:\\\/\\\/eldigitaldeasturias.com\\\/magazine365\\\/category\\\/noticias-actualidad\\\/\",\"nextItem\":{\"@type\":\"ListItem\",\"@id\":\"https:\\\/\\\/eldigitaldeasturias.com\\\/magazine365\\\/y-enrique-morente-mano-por-la-boca-de-sus-hijos\\\/#listItem\",\"name\":\"Y Enrique Morente man\\u00f3 por la boca de sus hijos\"},\"previousItem\":{\"@type\":\"ListItem\",\"@id\":\"https:\\\/\\\/eldigitaldeasturias.com\\\/magazine365#listItem\",\"name\":\"Home\"}},{\"@type\":\"ListItem\",\"@id\":\"https:\\\/\\\/eldigitaldeasturias.com\\\/magazine365\\\/y-enrique-morente-mano-por-la-boca-de-sus-hijos\\\/#listItem\",\"position\":3,\"name\":\"Y Enrique Morente man\\u00f3 por la boca de sus hijos\",\"previousItem\":{\"@type\":\"ListItem\",\"@id\":\"https:\\\/\\\/eldigitaldeasturias.com\\\/magazine365\\\/category\\\/noticias-actualidad\\\/#listItem\",\"name\":\"Noticias y Actualidad\"}}]},{\"@type\":\"Organization\",\"@id\":\"https:\\\/\\\/eldigitaldeasturias.com\\\/magazine365\\\/#organization\",\"name\":\"El digital de Asturias\",\"description\":\"Revista de ocio, turismo y estilo de vida\",\"url\":\"https:\\\/\\\/eldigitaldeasturias.com\\\/magazine365\\\/\",\"logo\":{\"@type\":\"ImageObject\",\"url\":\"https:\\\/\\\/www.eldigitaldeasturias.com\\\/noticias\\\/wp-content\\\/uploads\\\/2020\\\/12\\\/EDA.jpg\",\"@id\":\"https:\\\/\\\/eldigitaldeasturias.com\\\/magazine365\\\/y-enrique-morente-mano-por-la-boca-de-sus-hijos\\\/#organizationLogo\"},\"image\":{\"@id\":\"https:\\\/\\\/eldigitaldeasturias.com\\\/magazine365\\\/y-enrique-morente-mano-por-la-boca-de-sus-hijos\\\/#organizationLogo\"}},{\"@type\":\"Person\",\"@id\":\"https:\\\/\\\/eldigitaldeasturias.com\\\/magazine365\\\/author\\\/admin\\\/#author\",\"url\":\"https:\\\/\\\/eldigitaldeasturias.com\\\/magazine365\\\/author\\\/admin\\\/\",\"name\":\"admin\",\"image\":{\"@type\":\"ImageObject\",\"@id\":\"https:\\\/\\\/eldigitaldeasturias.com\\\/magazine365\\\/y-enrique-morente-mano-por-la-boca-de-sus-hijos\\\/#authorImage\",\"url\":\"https:\\\/\\\/eldigitaldeasturias.com\\\/magazine365\\\/wp-content\\\/litespeed\\\/avatar\\\/e571bcf59a0edd6fa6838245a470f2fe.jpg?ver=1777574230\",\"width\":96,\"height\":96,\"caption\":\"admin\"}},{\"@type\":\"WebPage\",\"@id\":\"https:\\\/\\\/eldigitaldeasturias.com\\\/magazine365\\\/y-enrique-morente-mano-por-la-boca-de-sus-hijos\\\/#webpage\",\"url\":\"https:\\\/\\\/eldigitaldeasturias.com\\\/magazine365\\\/y-enrique-morente-mano-por-la-boca-de-sus-hijos\\\/\",\"name\":\"Y Enrique Morente man\\u00f3 por la boca de sus hijos | El Digital de Asturias\",\"description\":\"Madrid, 20 ene (EFE).- El dolor de la ausencia empantana el alma pero esta noche la de Enrique Morente ha ayudado a su familia a abrir el balc\\u00f3n al trigo y las naranjas, como \\u00e9l cantaba, y el agua de su arte ha manado por la boca de sus hijos, que han oficiado el prodigio\",\"inLanguage\":\"es-ES\",\"isPartOf\":{\"@id\":\"https:\\\/\\\/eldigitaldeasturias.com\\\/magazine365\\\/#website\"},\"breadcrumb\":{\"@id\":\"https:\\\/\\\/eldigitaldeasturias.com\\\/magazine365\\\/y-enrique-morente-mano-por-la-boca-de-sus-hijos\\\/#breadcrumblist\"},\"author\":{\"@id\":\"https:\\\/\\\/eldigitaldeasturias.com\\\/magazine365\\\/author\\\/admin\\\/#author\"},\"creator\":{\"@id\":\"https:\\\/\\\/eldigitaldeasturias.com\\\/magazine365\\\/author\\\/admin\\\/#author\"},\"image\":{\"@type\":\"ImageObject\",\"url\":\"https:\\\/\\\/eldigitaldeasturias.com\\\/magazine365\\\/wp-content\\\/uploads\\\/2014\\\/01\\\/5861005w.jpg\",\"@id\":\"https:\\\/\\\/eldigitaldeasturias.com\\\/magazine365\\\/y-enrique-morente-mano-por-la-boca-de-sus-hijos\\\/#mainImage\",\"width\":700,\"height\":1095},\"primaryImageOfPage\":{\"@id\":\"https:\\\/\\\/eldigitaldeasturias.com\\\/magazine365\\\/y-enrique-morente-mano-por-la-boca-de-sus-hijos\\\/#mainImage\"},\"datePublished\":\"2014-01-20T08:54:48+01:00\",\"dateModified\":\"2014-01-20T08:54:48+01:00\"},{\"@type\":\"WebSite\",\"@id\":\"https:\\\/\\\/eldigitaldeasturias.com\\\/magazine365\\\/#website\",\"url\":\"https:\\\/\\\/eldigitaldeasturias.com\\\/magazine365\\\/\",\"name\":\"El Digital de Asturias\",\"description\":\"Revista de ocio, turismo y estilo de vida\",\"inLanguage\":\"es-ES\",\"publisher\":{\"@id\":\"https:\\\/\\\/eldigitaldeasturias.com\\\/magazine365\\\/#organization\"}}]}\n\t\t<\/script>\n\t\t<!-- All in One SEO Pro -->\r\n\t\t<title>Y Enrique Morente man\u00f3 por la boca de sus hijos | El Digital de Asturias<\/title>\n\n","aioseo_head_json":{"title":"Y Enrique Morente man\u00f3 por la boca de sus hijos | El Digital de Asturias","description":"Madrid, 20 ene (EFE).- El dolor de la ausencia empantana el alma pero esta noche la de Enrique Morente ha ayudado a su familia a abrir el balc\u00f3n al trigo y las naranjas, como \u00e9l cantaba, y el agua de su arte ha manado por la boca de sus hijos, que han oficiado el prodigio","canonical_url":"https:\/\/eldigitaldeasturias.com\/magazine365\/y-enrique-morente-mano-por-la-boca-de-sus-hijos\/","robots":"max-image-preview:large","keywords":"noticias y actualidad","webmasterTools":{"google-site-verification":"UA-38556648-1","miscellaneous":""},"schema":{"@context":"https:\/\/schema.org","@graph":[{"@type":"Article","@id":"https:\/\/eldigitaldeasturias.com\/magazine365\/y-enrique-morente-mano-por-la-boca-de-sus-hijos\/#article","name":"Y Enrique Morente man\u00f3 por la boca de sus hijos | El Digital de Asturias","headline":"Y Enrique Morente man\u00f3 por la boca de sus hijos","author":{"@id":"https:\/\/eldigitaldeasturias.com\/magazine365\/author\/admin\/#author"},"publisher":{"@id":"https:\/\/eldigitaldeasturias.com\/magazine365\/#organization"},"image":{"@type":"ImageObject","url":"https:\/\/eldigitaldeasturias.com\/magazine365\/wp-content\/uploads\/2014\/01\/5861005w.jpg","width":700,"height":1095},"datePublished":"2014-01-20T08:54:48+01:00","dateModified":"2014-01-20T08:54:48+01:00","inLanguage":"es-ES","mainEntityOfPage":{"@id":"https:\/\/eldigitaldeasturias.com\/magazine365\/y-enrique-morente-mano-por-la-boca-de-sus-hijos\/#webpage"},"isPartOf":{"@id":"https:\/\/eldigitaldeasturias.com\/magazine365\/y-enrique-morente-mano-por-la-boca-de-sus-hijos\/#webpage"},"articleSection":"Noticias y Actualidad"},{"@type":"BreadcrumbList","@id":"https:\/\/eldigitaldeasturias.com\/magazine365\/y-enrique-morente-mano-por-la-boca-de-sus-hijos\/#breadcrumblist","itemListElement":[{"@type":"ListItem","@id":"https:\/\/eldigitaldeasturias.com\/magazine365#listItem","position":1,"name":"Home","item":"https:\/\/eldigitaldeasturias.com\/magazine365","nextItem":{"@type":"ListItem","@id":"https:\/\/eldigitaldeasturias.com\/magazine365\/category\/noticias-actualidad\/#listItem","name":"Noticias y Actualidad"}},{"@type":"ListItem","@id":"https:\/\/eldigitaldeasturias.com\/magazine365\/category\/noticias-actualidad\/#listItem","position":2,"name":"Noticias y Actualidad","item":"https:\/\/eldigitaldeasturias.com\/magazine365\/category\/noticias-actualidad\/","nextItem":{"@type":"ListItem","@id":"https:\/\/eldigitaldeasturias.com\/magazine365\/y-enrique-morente-mano-por-la-boca-de-sus-hijos\/#listItem","name":"Y Enrique Morente man\u00f3 por la boca de sus hijos"},"previousItem":{"@type":"ListItem","@id":"https:\/\/eldigitaldeasturias.com\/magazine365#listItem","name":"Home"}},{"@type":"ListItem","@id":"https:\/\/eldigitaldeasturias.com\/magazine365\/y-enrique-morente-mano-por-la-boca-de-sus-hijos\/#listItem","position":3,"name":"Y Enrique Morente man\u00f3 por la boca de sus hijos","previousItem":{"@type":"ListItem","@id":"https:\/\/eldigitaldeasturias.com\/magazine365\/category\/noticias-actualidad\/#listItem","name":"Noticias y Actualidad"}}]},{"@type":"Organization","@id":"https:\/\/eldigitaldeasturias.com\/magazine365\/#organization","name":"El digital de Asturias","description":"Revista de ocio, turismo y estilo de vida","url":"https:\/\/eldigitaldeasturias.com\/magazine365\/","logo":{"@type":"ImageObject","url":"https:\/\/www.eldigitaldeasturias.com\/noticias\/wp-content\/uploads\/2020\/12\/EDA.jpg","@id":"https:\/\/eldigitaldeasturias.com\/magazine365\/y-enrique-morente-mano-por-la-boca-de-sus-hijos\/#organizationLogo"},"image":{"@id":"https:\/\/eldigitaldeasturias.com\/magazine365\/y-enrique-morente-mano-por-la-boca-de-sus-hijos\/#organizationLogo"}},{"@type":"Person","@id":"https:\/\/eldigitaldeasturias.com\/magazine365\/author\/admin\/#author","url":"https:\/\/eldigitaldeasturias.com\/magazine365\/author\/admin\/","name":"admin","image":{"@type":"ImageObject","@id":"https:\/\/eldigitaldeasturias.com\/magazine365\/y-enrique-morente-mano-por-la-boca-de-sus-hijos\/#authorImage","url":"https:\/\/eldigitaldeasturias.com\/magazine365\/wp-content\/litespeed\/avatar\/e571bcf59a0edd6fa6838245a470f2fe.jpg?ver=1777574230","width":96,"height":96,"caption":"admin"}},{"@type":"WebPage","@id":"https:\/\/eldigitaldeasturias.com\/magazine365\/y-enrique-morente-mano-por-la-boca-de-sus-hijos\/#webpage","url":"https:\/\/eldigitaldeasturias.com\/magazine365\/y-enrique-morente-mano-por-la-boca-de-sus-hijos\/","name":"Y Enrique Morente man\u00f3 por la boca de sus hijos | El Digital de Asturias","description":"Madrid, 20 ene (EFE).- El dolor de la ausencia empantana el alma pero esta noche la de Enrique Morente ha ayudado a su familia a abrir el balc\u00f3n al trigo y las naranjas, como \u00e9l cantaba, y el agua de su arte ha manado por la boca de sus hijos, que han oficiado el prodigio","inLanguage":"es-ES","isPartOf":{"@id":"https:\/\/eldigitaldeasturias.com\/magazine365\/#website"},"breadcrumb":{"@id":"https:\/\/eldigitaldeasturias.com\/magazine365\/y-enrique-morente-mano-por-la-boca-de-sus-hijos\/#breadcrumblist"},"author":{"@id":"https:\/\/eldigitaldeasturias.com\/magazine365\/author\/admin\/#author"},"creator":{"@id":"https:\/\/eldigitaldeasturias.com\/magazine365\/author\/admin\/#author"},"image":{"@type":"ImageObject","url":"https:\/\/eldigitaldeasturias.com\/magazine365\/wp-content\/uploads\/2014\/01\/5861005w.jpg","@id":"https:\/\/eldigitaldeasturias.com\/magazine365\/y-enrique-morente-mano-por-la-boca-de-sus-hijos\/#mainImage","width":700,"height":1095},"primaryImageOfPage":{"@id":"https:\/\/eldigitaldeasturias.com\/magazine365\/y-enrique-morente-mano-por-la-boca-de-sus-hijos\/#mainImage"},"datePublished":"2014-01-20T08:54:48+01:00","dateModified":"2014-01-20T08:54:48+01:00"},{"@type":"WebSite","@id":"https:\/\/eldigitaldeasturias.com\/magazine365\/#website","url":"https:\/\/eldigitaldeasturias.com\/magazine365\/","name":"El Digital de Asturias","description":"Revista de ocio, turismo y estilo de vida","inLanguage":"es-ES","publisher":{"@id":"https:\/\/eldigitaldeasturias.com\/magazine365\/#organization"}}]},"og:locale":"es_ES","og:site_name":"El Digital de Asturias \u2013 Revista de ocio, turismo y estilo de vida","og:type":"article","og:title":"Y Enrique Morente man\u00f3 por la boca de sus hijos | El Digital de Asturias","og:description":"Madrid, 20 ene (EFE).- El dolor de la ausencia empantana el alma pero esta noche la de Enrique Morente ha ayudado a su familia a abrir el balc\u00f3n al trigo y las naranjas, como \u00e9l cantaba, y el agua de su arte ha manado por la boca de sus hijos, que han oficiado el prodigio","og:url":"https:\/\/eldigitaldeasturias.com\/magazine365\/y-enrique-morente-mano-por-la-boca-de-sus-hijos\/","og:image":"https:\/\/eldigitaldeasturias.com\/magazine365\/wp-content\/uploads\/2014\/01\/5861005w.jpg","og:image:secure_url":"https:\/\/eldigitaldeasturias.com\/magazine365\/wp-content\/uploads\/2014\/01\/5861005w.jpg","og:image:width":700,"og:image:height":1095,"article:published_time":"2014-01-20T09:54:48+00:00","article:modified_time":"2014-01-20T09:54:48+00:00","twitter:card":"summary_large_image","twitter:title":"Y Enrique Morente man\u00f3 por la boca de sus hijos | El Digital de Asturias","twitter:description":"Madrid, 20 ene (EFE).- El dolor de la ausencia empantana el alma pero esta noche la de Enrique Morente ha ayudado a su familia a abrir el balc\u00f3n al trigo y las naranjas, como \u00e9l cantaba, y el agua de su arte ha manado por la boca de sus hijos, que han oficiado el prodigio","twitter:image":"https:\/\/eldigitaldeasturias.com\/magazine365\/wp-content\/uploads\/2014\/01\/5861005w.jpg"},"aioseo_meta_data":{"post_id":"1423","title":null,"description":null,"keywords":null,"keyphrases":null,"primary_term":null,"canonical_url":null,"og_title":null,"og_description":null,"og_object_type":"default","og_image_type":"default","og_image_url":null,"og_image_width":null,"og_image_height":null,"og_image_custom_url":null,"og_image_custom_fields":null,"og_video":null,"og_custom_url":null,"og_article_section":null,"og_article_tags":null,"twitter_use_og":false,"twitter_card":"default","twitter_image_type":"default","twitter_image_url":null,"twitter_image_custom_url":null,"twitter_image_custom_fields":null,"twitter_title":null,"twitter_description":null,"schema":{"blockGraphs":[],"customGraphs":[],"default":{"data":{"Article":[],"Course":[],"Dataset":[],"FAQPage":[],"Movie":[],"Person":[],"Product":[],"ProductReview":[],"Car":[],"Recipe":[],"Service":[],"SoftwareApplication":[],"WebPage":[]},"graphName":"","isEnabled":true},"graphs":[],"defaultGraph":"","defaultPostTypeGraph":""},"schema_type":null,"schema_type_options":null,"pillar_content":false,"robots_default":true,"robots_noindex":false,"robots_noarchive":false,"robots_nosnippet":false,"robots_nofollow":false,"robots_noimageindex":false,"robots_noodp":false,"robots_notranslate":false,"robots_max_snippet":null,"robots_max_videopreview":null,"robots_max_imagepreview":"large","priority":null,"frequency":null,"location":null,"local_seo":null,"seo_analyzer_scan_date":"2025-09-16 09:19:12","breadcrumb_settings":null,"limit_modified_date":false,"open_ai":null,"ai":null,"created":"2020-12-21 13:38:32","updated":"2025-09-16 09:19:12"},"aioseo_breadcrumb":"<div class=\"aioseo-breadcrumbs\"><span class=\"aioseo-breadcrumb\">\n\t<a href=\"https:\/\/eldigitaldeasturias.com\/magazine365\" title=\"Home\">Home<\/a>\n<\/span><span class=\"aioseo-breadcrumb-separator\">\u2013<\/span><span class=\"aioseo-breadcrumb\">\n\t<a href=\"https:\/\/eldigitaldeasturias.com\/magazine365\/category\/noticias-actualidad\/\" title=\"Noticias y Actualidad\">Noticias y Actualidad<\/a>\n<\/span><span class=\"aioseo-breadcrumb-separator\">\u2013<\/span><span class=\"aioseo-breadcrumb\">\n\t<a href=\"https:\/\/eldigitaldeasturias.com\/magazine365\/y-enrique-morente-mano-por-la-boca-de-sus-hijos\/\" title=\"Y Enrique Morente man\u00f3 por la boca de sus hijos\">Y Enrique Morente man\u00f3 por la boca de sus hijos<\/a>\n<\/span><\/div>","aioseo_breadcrumb_json":[{"label":"Home","link":"https:\/\/eldigitaldeasturias.com\/magazine365"},{"label":"Noticias y Actualidad","link":"https:\/\/eldigitaldeasturias.com\/magazine365\/category\/noticias-actualidad\/"},{"label":"Y Enrique Morente man\u00f3 por la boca de sus hijos","link":"https:\/\/eldigitaldeasturias.com\/magazine365\/y-enrique-morente-mano-por-la-boca-de-sus-hijos\/"}],"_links":{"self":[{"href":"https:\/\/eldigitaldeasturias.com\/magazine365\/wp-json\/wp\/v2\/posts\/1423","targetHints":{"allow":["GET"]}}],"collection":[{"href":"https:\/\/eldigitaldeasturias.com\/magazine365\/wp-json\/wp\/v2\/posts"}],"about":[{"href":"https:\/\/eldigitaldeasturias.com\/magazine365\/wp-json\/wp\/v2\/types\/post"}],"author":[{"embeddable":true,"href":"https:\/\/eldigitaldeasturias.com\/magazine365\/wp-json\/wp\/v2\/users\/1"}],"replies":[{"embeddable":true,"href":"https:\/\/eldigitaldeasturias.com\/magazine365\/wp-json\/wp\/v2\/comments?post=1423"}],"version-history":[{"count":0,"href":"https:\/\/eldigitaldeasturias.com\/magazine365\/wp-json\/wp\/v2\/posts\/1423\/revisions"}],"wp:featuredmedia":[{"embeddable":true,"href":"https:\/\/eldigitaldeasturias.com\/magazine365\/wp-json\/wp\/v2\/media\/1424"}],"wp:attachment":[{"href":"https:\/\/eldigitaldeasturias.com\/magazine365\/wp-json\/wp\/v2\/media?parent=1423"}],"wp:term":[{"taxonomy":"category","embeddable":true,"href":"https:\/\/eldigitaldeasturias.com\/magazine365\/wp-json\/wp\/v2\/categories?post=1423"},{"taxonomy":"post_tag","embeddable":true,"href":"https:\/\/eldigitaldeasturias.com\/magazine365\/wp-json\/wp\/v2\/tags?post=1423"}],"curies":[{"name":"wp","href":"https:\/\/api.w.org\/{rel}","templated":true}]}}