{"id":14229,"date":"2014-05-28T23:21:00","date_gmt":"2014-05-29T01:21:00","guid":{"rendered":"http:\/\/eldigitaldeasturias.com\/magazine365\/?p=14229"},"modified":"2014-05-28T23:21:00","modified_gmt":"2014-05-29T01:21:00","slug":"concha-velasco-desvela-su-lucha-contra-un-linfoma","status":"publish","type":"post","link":"https:\/\/eldigitaldeasturias.com\/magazine365\/concha-velasco-desvela-su-lucha-contra-un-linfoma\/","title":{"rendered":"Concha Velasco desvela su lucha contra un linfoma"},"content":{"rendered":"<p><img fetchpriority=\"high\" decoding=\"async\" class=\"alignleft size-medium wp-image-14230\" alt=\"6309136w\" src=\"https:\/\/eldigitaldeasturias.com\/magazine365\/wp-content\/uploads\/2014\/05\/6309136w-360x253.jpg\" width=\"360\" height=\"253\" srcset=\"https:\/\/eldigitaldeasturias.com\/magazine365\/wp-content\/uploads\/2014\/05\/6309136w-360x253.jpg 360w, https:\/\/eldigitaldeasturias.com\/magazine365\/wp-content\/uploads\/2014\/05\/6309136w-650x457.jpg 650w, https:\/\/eldigitaldeasturias.com\/magazine365\/wp-content\/uploads\/2014\/05\/6309136w-768x540.jpg 768w, https:\/\/eldigitaldeasturias.com\/magazine365\/wp-content\/uploads\/2014\/05\/6309136w-150x106.jpg 150w, https:\/\/eldigitaldeasturias.com\/magazine365\/wp-content\/uploads\/2014\/05\/6309136w-450x317.jpg 450w, https:\/\/eldigitaldeasturias.com\/magazine365\/wp-content\/uploads\/2014\/05\/6309136w-100x70.jpg 100w, https:\/\/eldigitaldeasturias.com\/magazine365\/wp-content\/uploads\/2014\/05\/6309136w-696x490.jpg 696w, https:\/\/eldigitaldeasturias.com\/magazine365\/wp-content\/uploads\/2014\/05\/6309136w-597x420.jpg 597w, https:\/\/eldigitaldeasturias.com\/magazine365\/wp-content\/uploads\/2014\/05\/6309136w.jpg 800w\" sizes=\"(max-width: 360px) 100vw, 360px\" \/>Madrid, 28 may (EFE).- Con optimismo y valent\u00eda, la actriz vallisoletana Concha Velasco ha desvelado que sufre un linfoma que le fue descubierto a mediados del pasado mes de abril, seg\u00fan recoge hoy en exclusiva la revista \u00a1Hola!.<\/p>\n<p>\u00abCon esto no contaba. Pero hay que ser optimistas, y yo lo soy: voy a luchar con todas mis fuerzas. Voy a plantarle cara a la enfermedad\u00bb, ha contado, a la vez que ha asegurado que cuenta con el apoyo de sus dos hijos, Manuel y Paco.<\/p>\n<p>\u00abLos m\u00e9dicos no me han dicho que me vaya a morir. Todos, a fin de cuentas, nos vamos a morir, y yo tengo setenta y cuatro a\u00f1os. Pero s\u00e9 que depende mucho de mi estado de \u00e1nimo y de que yo afronte esto con entereza\u00bb, advierte Velasco.<\/p>\n<p>Desde el pasado mes de diciembre, la actriz que dio vida a Santa Teresa de Jes\u00fas se sent\u00eda mal, con fuertes dolores en el vientre, pero esper\u00f3 a terminar la grabaci\u00f3n del programa que presenta, \u00abCine de barrio\u00bb, para ir al hospital.<\/p>\n<p>All\u00ed la descubrieron que padec\u00eda una peritonitis y d\u00edas despu\u00e9s le extirparon junto al p\u00e1ncreas unos ganglios. Tras las evaluaci\u00f3n de estos, el m\u00e9dico le comunic\u00f3: \u00abHemos descubierto algo que no nos gusta\u00bb. En ese momento, la protagonista de \u00abLas chicas de la Cruz Roja\u00bb se derrumb\u00f3. \u00abEmpec\u00e9 a llorar y tuve un ataque de p\u00e1nico\u00bb, seg\u00fan ha relatado la int\u00e9rprete a \u00a1Hola!.<\/p>\n<p>Ahora es consciente de que tiene que esperar hasta que se averig\u00fce en qu\u00e9 grado se halla el linfoma y as\u00ed poder empezar el tratamiento de quimioterapia.<\/p>\n<p>\u00abDespu\u00e9s de la quimio, me pondr\u00e9 un pa\u00f1uelito en la cabeza y saldr\u00e9, pero que me dejen tambi\u00e9n llorar un poquito, \u00bfno? Es que a m\u00ed no me deja nadie hacer nada, siempre es, &#8216;venga, venga&#8217;&#8230; Soy un caballo de carreras\u00bb, sostiene Velasco.<\/p>\n<p>La actriz inici\u00f3 su carrera profesional con tan solo quince a\u00f1os con \u00abLa reina mora\u00bb y cuenta en su curr\u00edculum con m\u00e1s de cien pel\u00edculas como protagonista. \u00abDe mi generaci\u00f3n y de todas las generaciones de nuestro cine, soy la que mas ha trabajado (&#8230;) He ganado much\u00edsimo dinero, pero, bueno, sucedi\u00f3 que todo lo que gan\u00e9 lo perd\u00ed\u00bb, ha recordado.<\/p>\n<p>No pretende anclarse en el pasado, sino que desea afrontar el futuro con vitalidad: \u00abTengo que curarme pronto. En septiembre tengo que debutar en una obra titulada &#8216;Olivia y Eugenio&#8217;, de Herbert Morote, en Zaragoza\u00bb.<\/p>\n<p>Aunque vive momentos dif\u00edciles, Velasco no quiere echar de menos personas y cosas de otras \u00e9pocas, aunque reconoce: \u00abA\u00f1oro no haber sabido disfrutar de la vida cuando lo ten\u00eda todo y siempre me estaba quejando\u00bb.<\/p>\n<p>Cat\u00f3lica y creyente, Velasco asegura que \u00abhay quien te dice que Dios no existe, pero yo quiero que exista. Y quiero rezar y s\u00e9 que eso me va a ayudar mucho\u00bb.<\/p>\n","protected":false},"excerpt":{"rendered":"<p>Madrid, 28 may (EFE).- Con optimismo y valent\u00eda, la actriz vallisoletana Concha Velasco ha desvelado que sufre un linfoma que le fue descubierto a mediados del pasado mes de abril, seg\u00fan recoge hoy en exclusiva la revista \u00a1Hola!. \u00abCon esto no contaba. Pero hay que ser optimistas, y yo lo soy: voy a luchar con<\/p>\n","protected":false},"author":1,"featured_media":14230,"comment_status":"open","ping_status":"closed","sticky":false,"template":"","format":"standard","meta":{"footnotes":""},"categories":[224],"tags":[],"class_list":{"0":"post-14229","1":"post","2":"type-post","3":"status-publish","4":"format-standard","5":"has-post-thumbnail","7":"category-noticias-actualidad"},"aioseo_notices":[],"aioseo_head":"\n\t\t<!-- All in One SEO Pro 4.9.6.1 - aioseo.com -->\n\t<meta name=\"description\" content=\"Madrid, 28 may (EFE).- Con optimismo y valent\u00eda, la actriz vallisoletana Concha Velasco ha desvelado que sufre un linfoma que le fue descubierto a mediados del pasado mes de abril, seg\u00fan recoge hoy en exclusiva la revista \u00a1Hola!. &quot;Con esto no contaba. Pero hay que ser optimistas, y yo lo soy: voy a luchar con\" \/>\n\t<meta name=\"robots\" content=\"max-image-preview:large\" \/>\n\t<meta name=\"author\" content=\"admin\"\/>\n\t<meta name=\"google-site-verification\" content=\"UA-38556648-1\" \/>\n\t<meta name=\"keywords\" content=\"noticias y actualidad\" \/>\n\t<link rel=\"canonical\" href=\"https:\/\/eldigitaldeasturias.com\/magazine365\/concha-velasco-desvela-su-lucha-contra-un-linfoma\/\" \/>\n\t<meta name=\"generator\" content=\"All in One SEO Pro (AIOSEO) 4.9.6.1\" \/>\n\t\t<meta property=\"og:locale\" content=\"es_ES\" \/>\n\t\t<meta property=\"og:site_name\" content=\"El Digital de Asturias \u2013 Revista de ocio, turismo y estilo de vida\" \/>\n\t\t<meta property=\"og:type\" content=\"article\" \/>\n\t\t<meta property=\"og:title\" content=\"Concha Velasco desvela su lucha contra un linfoma | El Digital de Asturias\" \/>\n\t\t<meta property=\"og:description\" content=\"Madrid, 28 may (EFE).- Con optimismo y valent\u00eda, la actriz vallisoletana Concha Velasco ha desvelado que sufre un linfoma que le fue descubierto a mediados del pasado mes de abril, seg\u00fan recoge hoy en exclusiva la revista \u00a1Hola!. &quot;Con esto no contaba. Pero hay que ser optimistas, y yo lo soy: voy a luchar con\" \/>\n\t\t<meta property=\"og:url\" content=\"https:\/\/eldigitaldeasturias.com\/magazine365\/concha-velasco-desvela-su-lucha-contra-un-linfoma\/\" \/>\n\t\t<meta property=\"og:image\" content=\"https:\/\/eldigitaldeasturias.com\/magazine365\/wp-content\/uploads\/2014\/05\/6309136w.jpg\" \/>\n\t\t<meta property=\"og:image:secure_url\" content=\"https:\/\/eldigitaldeasturias.com\/magazine365\/wp-content\/uploads\/2014\/05\/6309136w.jpg\" \/>\n\t\t<meta property=\"og:image:width\" content=\"800\" \/>\n\t\t<meta property=\"og:image:height\" content=\"563\" \/>\n\t\t<meta property=\"article:published_time\" content=\"2014-05-29T01:21:00+00:00\" \/>\n\t\t<meta property=\"article:modified_time\" content=\"2014-05-29T01:21:00+00:00\" \/>\n\t\t<meta name=\"twitter:card\" content=\"summary_large_image\" \/>\n\t\t<meta name=\"twitter:title\" content=\"Concha Velasco desvela su lucha contra un linfoma | El Digital de Asturias\" \/>\n\t\t<meta name=\"twitter:description\" content=\"Madrid, 28 may (EFE).- Con optimismo y valent\u00eda, la actriz vallisoletana Concha Velasco ha desvelado que sufre un linfoma que le fue descubierto a mediados del pasado mes de abril, seg\u00fan recoge hoy en exclusiva la revista \u00a1Hola!. &quot;Con esto no contaba. Pero hay que ser optimistas, y yo lo soy: voy a luchar con\" \/>\n\t\t<meta name=\"twitter:image\" content=\"https:\/\/eldigitaldeasturias.com\/magazine365\/wp-content\/uploads\/2014\/05\/6309136w.jpg\" \/>\n\t\t<script type=\"application\/ld+json\" class=\"aioseo-schema\">\n\t\t\t{\"@context\":\"https:\\\/\\\/schema.org\",\"@graph\":[{\"@type\":\"Article\",\"@id\":\"https:\\\/\\\/eldigitaldeasturias.com\\\/magazine365\\\/concha-velasco-desvela-su-lucha-contra-un-linfoma\\\/#article\",\"name\":\"Concha Velasco desvela su lucha contra un linfoma | El Digital de Asturias\",\"headline\":\"Concha Velasco desvela su lucha contra un linfoma\",\"author\":{\"@id\":\"https:\\\/\\\/eldigitaldeasturias.com\\\/magazine365\\\/author\\\/admin\\\/#author\"},\"publisher\":{\"@id\":\"https:\\\/\\\/eldigitaldeasturias.com\\\/magazine365\\\/#organization\"},\"image\":{\"@type\":\"ImageObject\",\"url\":\"https:\\\/\\\/eldigitaldeasturias.com\\\/magazine365\\\/wp-content\\\/uploads\\\/2014\\\/05\\\/6309136w.jpg\",\"width\":800,\"height\":563},\"datePublished\":\"2014-05-28T23:21:00+02:00\",\"dateModified\":\"2014-05-28T23:21:00+02:00\",\"inLanguage\":\"es-ES\",\"mainEntityOfPage\":{\"@id\":\"https:\\\/\\\/eldigitaldeasturias.com\\\/magazine365\\\/concha-velasco-desvela-su-lucha-contra-un-linfoma\\\/#webpage\"},\"isPartOf\":{\"@id\":\"https:\\\/\\\/eldigitaldeasturias.com\\\/magazine365\\\/concha-velasco-desvela-su-lucha-contra-un-linfoma\\\/#webpage\"},\"articleSection\":\"Noticias y Actualidad\"},{\"@type\":\"BreadcrumbList\",\"@id\":\"https:\\\/\\\/eldigitaldeasturias.com\\\/magazine365\\\/concha-velasco-desvela-su-lucha-contra-un-linfoma\\\/#breadcrumblist\",\"itemListElement\":[{\"@type\":\"ListItem\",\"@id\":\"https:\\\/\\\/eldigitaldeasturias.com\\\/magazine365#listItem\",\"position\":1,\"name\":\"Home\",\"item\":\"https:\\\/\\\/eldigitaldeasturias.com\\\/magazine365\",\"nextItem\":{\"@type\":\"ListItem\",\"@id\":\"https:\\\/\\\/eldigitaldeasturias.com\\\/magazine365\\\/category\\\/noticias-actualidad\\\/#listItem\",\"name\":\"Noticias y Actualidad\"}},{\"@type\":\"ListItem\",\"@id\":\"https:\\\/\\\/eldigitaldeasturias.com\\\/magazine365\\\/category\\\/noticias-actualidad\\\/#listItem\",\"position\":2,\"name\":\"Noticias y Actualidad\",\"item\":\"https:\\\/\\\/eldigitaldeasturias.com\\\/magazine365\\\/category\\\/noticias-actualidad\\\/\",\"nextItem\":{\"@type\":\"ListItem\",\"@id\":\"https:\\\/\\\/eldigitaldeasturias.com\\\/magazine365\\\/concha-velasco-desvela-su-lucha-contra-un-linfoma\\\/#listItem\",\"name\":\"Concha Velasco desvela su lucha contra un linfoma\"},\"previousItem\":{\"@type\":\"ListItem\",\"@id\":\"https:\\\/\\\/eldigitaldeasturias.com\\\/magazine365#listItem\",\"name\":\"Home\"}},{\"@type\":\"ListItem\",\"@id\":\"https:\\\/\\\/eldigitaldeasturias.com\\\/magazine365\\\/concha-velasco-desvela-su-lucha-contra-un-linfoma\\\/#listItem\",\"position\":3,\"name\":\"Concha Velasco desvela su lucha contra un linfoma\",\"previousItem\":{\"@type\":\"ListItem\",\"@id\":\"https:\\\/\\\/eldigitaldeasturias.com\\\/magazine365\\\/category\\\/noticias-actualidad\\\/#listItem\",\"name\":\"Noticias y Actualidad\"}}]},{\"@type\":\"Organization\",\"@id\":\"https:\\\/\\\/eldigitaldeasturias.com\\\/magazine365\\\/#organization\",\"name\":\"El digital de Asturias\",\"description\":\"Revista de ocio, turismo y estilo de vida\",\"url\":\"https:\\\/\\\/eldigitaldeasturias.com\\\/magazine365\\\/\",\"logo\":{\"@type\":\"ImageObject\",\"url\":\"https:\\\/\\\/www.eldigitaldeasturias.com\\\/noticias\\\/wp-content\\\/uploads\\\/2020\\\/12\\\/EDA.jpg\",\"@id\":\"https:\\\/\\\/eldigitaldeasturias.com\\\/magazine365\\\/concha-velasco-desvela-su-lucha-contra-un-linfoma\\\/#organizationLogo\"},\"image\":{\"@id\":\"https:\\\/\\\/eldigitaldeasturias.com\\\/magazine365\\\/concha-velasco-desvela-su-lucha-contra-un-linfoma\\\/#organizationLogo\"}},{\"@type\":\"Person\",\"@id\":\"https:\\\/\\\/eldigitaldeasturias.com\\\/magazine365\\\/author\\\/admin\\\/#author\",\"url\":\"https:\\\/\\\/eldigitaldeasturias.com\\\/magazine365\\\/author\\\/admin\\\/\",\"name\":\"admin\",\"image\":{\"@type\":\"ImageObject\",\"@id\":\"https:\\\/\\\/eldigitaldeasturias.com\\\/magazine365\\\/concha-velasco-desvela-su-lucha-contra-un-linfoma\\\/#authorImage\",\"url\":\"https:\\\/\\\/eldigitaldeasturias.com\\\/magazine365\\\/wp-content\\\/litespeed\\\/avatar\\\/e571bcf59a0edd6fa6838245a470f2fe.jpg?ver=1776969259\",\"width\":96,\"height\":96,\"caption\":\"admin\"}},{\"@type\":\"WebPage\",\"@id\":\"https:\\\/\\\/eldigitaldeasturias.com\\\/magazine365\\\/concha-velasco-desvela-su-lucha-contra-un-linfoma\\\/#webpage\",\"url\":\"https:\\\/\\\/eldigitaldeasturias.com\\\/magazine365\\\/concha-velasco-desvela-su-lucha-contra-un-linfoma\\\/\",\"name\":\"Concha Velasco desvela su lucha contra un linfoma | El Digital de Asturias\",\"description\":\"Madrid, 28 may (EFE).- Con optimismo y valent\\u00eda, la actriz vallisoletana Concha Velasco ha desvelado que sufre un linfoma que le fue descubierto a mediados del pasado mes de abril, seg\\u00fan recoge hoy en exclusiva la revista \\u00a1Hola!. \\\"Con esto no contaba. Pero hay que ser optimistas, y yo lo soy: voy a luchar con\",\"inLanguage\":\"es-ES\",\"isPartOf\":{\"@id\":\"https:\\\/\\\/eldigitaldeasturias.com\\\/magazine365\\\/#website\"},\"breadcrumb\":{\"@id\":\"https:\\\/\\\/eldigitaldeasturias.com\\\/magazine365\\\/concha-velasco-desvela-su-lucha-contra-un-linfoma\\\/#breadcrumblist\"},\"author\":{\"@id\":\"https:\\\/\\\/eldigitaldeasturias.com\\\/magazine365\\\/author\\\/admin\\\/#author\"},\"creator\":{\"@id\":\"https:\\\/\\\/eldigitaldeasturias.com\\\/magazine365\\\/author\\\/admin\\\/#author\"},\"image\":{\"@type\":\"ImageObject\",\"url\":\"https:\\\/\\\/eldigitaldeasturias.com\\\/magazine365\\\/wp-content\\\/uploads\\\/2014\\\/05\\\/6309136w.jpg\",\"@id\":\"https:\\\/\\\/eldigitaldeasturias.com\\\/magazine365\\\/concha-velasco-desvela-su-lucha-contra-un-linfoma\\\/#mainImage\",\"width\":800,\"height\":563},\"primaryImageOfPage\":{\"@id\":\"https:\\\/\\\/eldigitaldeasturias.com\\\/magazine365\\\/concha-velasco-desvela-su-lucha-contra-un-linfoma\\\/#mainImage\"},\"datePublished\":\"2014-05-28T23:21:00+02:00\",\"dateModified\":\"2014-05-28T23:21:00+02:00\"},{\"@type\":\"WebSite\",\"@id\":\"https:\\\/\\\/eldigitaldeasturias.com\\\/magazine365\\\/#website\",\"url\":\"https:\\\/\\\/eldigitaldeasturias.com\\\/magazine365\\\/\",\"name\":\"El Digital de Asturias\",\"description\":\"Revista de ocio, turismo y estilo de vida\",\"inLanguage\":\"es-ES\",\"publisher\":{\"@id\":\"https:\\\/\\\/eldigitaldeasturias.com\\\/magazine365\\\/#organization\"}}]}\n\t\t<\/script>\n\t\t<!-- All in One SEO Pro -->\r\n\t\t<title>Concha Velasco desvela su lucha contra un linfoma | El Digital de Asturias<\/title>\n\n","aioseo_head_json":{"title":"Concha Velasco desvela su lucha contra un linfoma | El Digital de Asturias","description":"Madrid, 28 may (EFE).- Con optimismo y valent\u00eda, la actriz vallisoletana Concha Velasco ha desvelado que sufre un linfoma que le fue descubierto a mediados del pasado mes de abril, seg\u00fan recoge hoy en exclusiva la revista \u00a1Hola!. \"Con esto no contaba. Pero hay que ser optimistas, y yo lo soy: voy a luchar con","canonical_url":"https:\/\/eldigitaldeasturias.com\/magazine365\/concha-velasco-desvela-su-lucha-contra-un-linfoma\/","robots":"max-image-preview:large","keywords":"noticias y actualidad","webmasterTools":{"google-site-verification":"UA-38556648-1","miscellaneous":""},"schema":{"@context":"https:\/\/schema.org","@graph":[{"@type":"Article","@id":"https:\/\/eldigitaldeasturias.com\/magazine365\/concha-velasco-desvela-su-lucha-contra-un-linfoma\/#article","name":"Concha Velasco desvela su lucha contra un linfoma | El Digital de Asturias","headline":"Concha Velasco desvela su lucha contra un linfoma","author":{"@id":"https:\/\/eldigitaldeasturias.com\/magazine365\/author\/admin\/#author"},"publisher":{"@id":"https:\/\/eldigitaldeasturias.com\/magazine365\/#organization"},"image":{"@type":"ImageObject","url":"https:\/\/eldigitaldeasturias.com\/magazine365\/wp-content\/uploads\/2014\/05\/6309136w.jpg","width":800,"height":563},"datePublished":"2014-05-28T23:21:00+02:00","dateModified":"2014-05-28T23:21:00+02:00","inLanguage":"es-ES","mainEntityOfPage":{"@id":"https:\/\/eldigitaldeasturias.com\/magazine365\/concha-velasco-desvela-su-lucha-contra-un-linfoma\/#webpage"},"isPartOf":{"@id":"https:\/\/eldigitaldeasturias.com\/magazine365\/concha-velasco-desvela-su-lucha-contra-un-linfoma\/#webpage"},"articleSection":"Noticias y Actualidad"},{"@type":"BreadcrumbList","@id":"https:\/\/eldigitaldeasturias.com\/magazine365\/concha-velasco-desvela-su-lucha-contra-un-linfoma\/#breadcrumblist","itemListElement":[{"@type":"ListItem","@id":"https:\/\/eldigitaldeasturias.com\/magazine365#listItem","position":1,"name":"Home","item":"https:\/\/eldigitaldeasturias.com\/magazine365","nextItem":{"@type":"ListItem","@id":"https:\/\/eldigitaldeasturias.com\/magazine365\/category\/noticias-actualidad\/#listItem","name":"Noticias y Actualidad"}},{"@type":"ListItem","@id":"https:\/\/eldigitaldeasturias.com\/magazine365\/category\/noticias-actualidad\/#listItem","position":2,"name":"Noticias y Actualidad","item":"https:\/\/eldigitaldeasturias.com\/magazine365\/category\/noticias-actualidad\/","nextItem":{"@type":"ListItem","@id":"https:\/\/eldigitaldeasturias.com\/magazine365\/concha-velasco-desvela-su-lucha-contra-un-linfoma\/#listItem","name":"Concha Velasco desvela su lucha contra un linfoma"},"previousItem":{"@type":"ListItem","@id":"https:\/\/eldigitaldeasturias.com\/magazine365#listItem","name":"Home"}},{"@type":"ListItem","@id":"https:\/\/eldigitaldeasturias.com\/magazine365\/concha-velasco-desvela-su-lucha-contra-un-linfoma\/#listItem","position":3,"name":"Concha Velasco desvela su lucha contra un linfoma","previousItem":{"@type":"ListItem","@id":"https:\/\/eldigitaldeasturias.com\/magazine365\/category\/noticias-actualidad\/#listItem","name":"Noticias y Actualidad"}}]},{"@type":"Organization","@id":"https:\/\/eldigitaldeasturias.com\/magazine365\/#organization","name":"El digital de Asturias","description":"Revista de ocio, turismo y estilo de vida","url":"https:\/\/eldigitaldeasturias.com\/magazine365\/","logo":{"@type":"ImageObject","url":"https:\/\/www.eldigitaldeasturias.com\/noticias\/wp-content\/uploads\/2020\/12\/EDA.jpg","@id":"https:\/\/eldigitaldeasturias.com\/magazine365\/concha-velasco-desvela-su-lucha-contra-un-linfoma\/#organizationLogo"},"image":{"@id":"https:\/\/eldigitaldeasturias.com\/magazine365\/concha-velasco-desvela-su-lucha-contra-un-linfoma\/#organizationLogo"}},{"@type":"Person","@id":"https:\/\/eldigitaldeasturias.com\/magazine365\/author\/admin\/#author","url":"https:\/\/eldigitaldeasturias.com\/magazine365\/author\/admin\/","name":"admin","image":{"@type":"ImageObject","@id":"https:\/\/eldigitaldeasturias.com\/magazine365\/concha-velasco-desvela-su-lucha-contra-un-linfoma\/#authorImage","url":"https:\/\/eldigitaldeasturias.com\/magazine365\/wp-content\/litespeed\/avatar\/e571bcf59a0edd6fa6838245a470f2fe.jpg?ver=1776969259","width":96,"height":96,"caption":"admin"}},{"@type":"WebPage","@id":"https:\/\/eldigitaldeasturias.com\/magazine365\/concha-velasco-desvela-su-lucha-contra-un-linfoma\/#webpage","url":"https:\/\/eldigitaldeasturias.com\/magazine365\/concha-velasco-desvela-su-lucha-contra-un-linfoma\/","name":"Concha Velasco desvela su lucha contra un linfoma | El Digital de Asturias","description":"Madrid, 28 may (EFE).- Con optimismo y valent\u00eda, la actriz vallisoletana Concha Velasco ha desvelado que sufre un linfoma que le fue descubierto a mediados del pasado mes de abril, seg\u00fan recoge hoy en exclusiva la revista \u00a1Hola!. \"Con esto no contaba. Pero hay que ser optimistas, y yo lo soy: voy a luchar con","inLanguage":"es-ES","isPartOf":{"@id":"https:\/\/eldigitaldeasturias.com\/magazine365\/#website"},"breadcrumb":{"@id":"https:\/\/eldigitaldeasturias.com\/magazine365\/concha-velasco-desvela-su-lucha-contra-un-linfoma\/#breadcrumblist"},"author":{"@id":"https:\/\/eldigitaldeasturias.com\/magazine365\/author\/admin\/#author"},"creator":{"@id":"https:\/\/eldigitaldeasturias.com\/magazine365\/author\/admin\/#author"},"image":{"@type":"ImageObject","url":"https:\/\/eldigitaldeasturias.com\/magazine365\/wp-content\/uploads\/2014\/05\/6309136w.jpg","@id":"https:\/\/eldigitaldeasturias.com\/magazine365\/concha-velasco-desvela-su-lucha-contra-un-linfoma\/#mainImage","width":800,"height":563},"primaryImageOfPage":{"@id":"https:\/\/eldigitaldeasturias.com\/magazine365\/concha-velasco-desvela-su-lucha-contra-un-linfoma\/#mainImage"},"datePublished":"2014-05-28T23:21:00+02:00","dateModified":"2014-05-28T23:21:00+02:00"},{"@type":"WebSite","@id":"https:\/\/eldigitaldeasturias.com\/magazine365\/#website","url":"https:\/\/eldigitaldeasturias.com\/magazine365\/","name":"El Digital de Asturias","description":"Revista de ocio, turismo y estilo de vida","inLanguage":"es-ES","publisher":{"@id":"https:\/\/eldigitaldeasturias.com\/magazine365\/#organization"}}]},"og:locale":"es_ES","og:site_name":"El Digital de Asturias \u2013 Revista de ocio, turismo y estilo de vida","og:type":"article","og:title":"Concha Velasco desvela su lucha contra un linfoma | El Digital de Asturias","og:description":"Madrid, 28 may (EFE).- Con optimismo y valent\u00eda, la actriz vallisoletana Concha Velasco ha desvelado que sufre un linfoma que le fue descubierto a mediados del pasado mes de abril, seg\u00fan recoge hoy en exclusiva la revista \u00a1Hola!. &quot;Con esto no contaba. Pero hay que ser optimistas, y yo lo soy: voy a luchar con","og:url":"https:\/\/eldigitaldeasturias.com\/magazine365\/concha-velasco-desvela-su-lucha-contra-un-linfoma\/","og:image":"https:\/\/eldigitaldeasturias.com\/magazine365\/wp-content\/uploads\/2014\/05\/6309136w.jpg","og:image:secure_url":"https:\/\/eldigitaldeasturias.com\/magazine365\/wp-content\/uploads\/2014\/05\/6309136w.jpg","og:image:width":800,"og:image:height":563,"article:published_time":"2014-05-29T01:21:00+00:00","article:modified_time":"2014-05-29T01:21:00+00:00","twitter:card":"summary_large_image","twitter:title":"Concha Velasco desvela su lucha contra un linfoma | El Digital de Asturias","twitter:description":"Madrid, 28 may (EFE).- Con optimismo y valent\u00eda, la actriz vallisoletana Concha Velasco ha desvelado que sufre un linfoma que le fue descubierto a mediados del pasado mes de abril, seg\u00fan recoge hoy en exclusiva la revista \u00a1Hola!. &quot;Con esto no contaba. Pero hay que ser optimistas, y yo lo soy: voy a luchar con","twitter:image":"https:\/\/eldigitaldeasturias.com\/magazine365\/wp-content\/uploads\/2014\/05\/6309136w.jpg"},"aioseo_meta_data":{"post_id":"14229","title":null,"description":null,"keywords":null,"keyphrases":null,"primary_term":null,"canonical_url":null,"og_title":null,"og_description":null,"og_object_type":"default","og_image_type":"default","og_image_url":null,"og_image_width":null,"og_image_height":null,"og_image_custom_url":null,"og_image_custom_fields":null,"og_video":null,"og_custom_url":null,"og_article_section":null,"og_article_tags":null,"twitter_use_og":false,"twitter_card":"default","twitter_image_type":"default","twitter_image_url":null,"twitter_image_custom_url":null,"twitter_image_custom_fields":null,"twitter_title":null,"twitter_description":null,"schema":{"blockGraphs":[],"customGraphs":[],"default":{"data":{"Article":[],"Course":[],"Dataset":[],"FAQPage":[],"Movie":[],"Person":[],"Product":[],"ProductReview":[],"Car":[],"Recipe":[],"Service":[],"SoftwareApplication":[],"WebPage":[]},"graphName":"","isEnabled":true},"graphs":[],"defaultGraph":"","defaultPostTypeGraph":""},"schema_type":null,"schema_type_options":null,"pillar_content":false,"robots_default":true,"robots_noindex":false,"robots_noarchive":false,"robots_nosnippet":false,"robots_nofollow":false,"robots_noimageindex":false,"robots_noodp":false,"robots_notranslate":false,"robots_max_snippet":null,"robots_max_videopreview":null,"robots_max_imagepreview":"large","priority":null,"frequency":null,"location":null,"local_seo":null,"seo_analyzer_scan_date":"2025-09-17 09:44:28","breadcrumb_settings":null,"limit_modified_date":false,"open_ai":null,"ai":null,"created":"2021-03-09 08:17:51","updated":"2025-09-17 09:44:28"},"aioseo_breadcrumb":"<div class=\"aioseo-breadcrumbs\"><span class=\"aioseo-breadcrumb\">\n\t<a href=\"https:\/\/eldigitaldeasturias.com\/magazine365\" title=\"Home\">Home<\/a>\n<\/span><span class=\"aioseo-breadcrumb-separator\">\u2013<\/span><span class=\"aioseo-breadcrumb\">\n\t<a href=\"https:\/\/eldigitaldeasturias.com\/magazine365\/category\/noticias-actualidad\/\" title=\"Noticias y Actualidad\">Noticias y Actualidad<\/a>\n<\/span><span class=\"aioseo-breadcrumb-separator\">\u2013<\/span><span class=\"aioseo-breadcrumb\">\n\t<a href=\"https:\/\/eldigitaldeasturias.com\/magazine365\/concha-velasco-desvela-su-lucha-contra-un-linfoma\/\" title=\"Concha Velasco desvela su lucha contra un linfoma\">Concha Velasco desvela su lucha contra un linfoma<\/a>\n<\/span><\/div>","aioseo_breadcrumb_json":[{"label":"Home","link":"https:\/\/eldigitaldeasturias.com\/magazine365"},{"label":"Noticias y Actualidad","link":"https:\/\/eldigitaldeasturias.com\/magazine365\/category\/noticias-actualidad\/"},{"label":"Concha Velasco desvela su lucha contra un linfoma","link":"https:\/\/eldigitaldeasturias.com\/magazine365\/concha-velasco-desvela-su-lucha-contra-un-linfoma\/"}],"_links":{"self":[{"href":"https:\/\/eldigitaldeasturias.com\/magazine365\/wp-json\/wp\/v2\/posts\/14229","targetHints":{"allow":["GET"]}}],"collection":[{"href":"https:\/\/eldigitaldeasturias.com\/magazine365\/wp-json\/wp\/v2\/posts"}],"about":[{"href":"https:\/\/eldigitaldeasturias.com\/magazine365\/wp-json\/wp\/v2\/types\/post"}],"author":[{"embeddable":true,"href":"https:\/\/eldigitaldeasturias.com\/magazine365\/wp-json\/wp\/v2\/users\/1"}],"replies":[{"embeddable":true,"href":"https:\/\/eldigitaldeasturias.com\/magazine365\/wp-json\/wp\/v2\/comments?post=14229"}],"version-history":[{"count":0,"href":"https:\/\/eldigitaldeasturias.com\/magazine365\/wp-json\/wp\/v2\/posts\/14229\/revisions"}],"wp:featuredmedia":[{"embeddable":true,"href":"https:\/\/eldigitaldeasturias.com\/magazine365\/wp-json\/wp\/v2\/media\/14230"}],"wp:attachment":[{"href":"https:\/\/eldigitaldeasturias.com\/magazine365\/wp-json\/wp\/v2\/media?parent=14229"}],"wp:term":[{"taxonomy":"category","embeddable":true,"href":"https:\/\/eldigitaldeasturias.com\/magazine365\/wp-json\/wp\/v2\/categories?post=14229"},{"taxonomy":"post_tag","embeddable":true,"href":"https:\/\/eldigitaldeasturias.com\/magazine365\/wp-json\/wp\/v2\/tags?post=14229"}],"curies":[{"name":"wp","href":"https:\/\/api.w.org\/{rel}","templated":true}]}}