{"id":14196,"date":"2014-05-28T20:30:42","date_gmt":"2014-05-28T22:30:42","guid":{"rendered":"http:\/\/eldigitaldeasturias.com\/magazine365\/?p=14196"},"modified":"2014-05-28T20:30:42","modified_gmt":"2014-05-28T22:30:42","slug":"la-guia-michelin-tendra-su-primera-edicion-latinoamericana-en-2015","status":"publish","type":"post","link":"https:\/\/eldigitaldeasturias.com\/magazine365\/la-guia-michelin-tendra-su-primera-edicion-latinoamericana-en-2015\/","title":{"rendered":"La gu\u00eda Michelin tendr\u00e1 su primera edici\u00f3n latinoamericana en 2015"},"content":{"rendered":"<p><img fetchpriority=\"high\" decoding=\"async\" class=\"alignleft size-medium wp-image-14197\" alt=\"6308711w\" src=\"https:\/\/eldigitaldeasturias.com\/magazine365\/wp-content\/uploads\/2014\/05\/6308711w-360x260.jpg\" width=\"360\" height=\"260\" srcset=\"https:\/\/eldigitaldeasturias.com\/magazine365\/wp-content\/uploads\/2014\/05\/6308711w-360x260.jpg 360w, https:\/\/eldigitaldeasturias.com\/magazine365\/wp-content\/uploads\/2014\/05\/6308711w-650x470.jpg 650w, https:\/\/eldigitaldeasturias.com\/magazine365\/wp-content\/uploads\/2014\/05\/6308711w-768x555.jpg 768w, https:\/\/eldigitaldeasturias.com\/magazine365\/wp-content\/uploads\/2014\/05\/6308711w-150x108.jpg 150w, https:\/\/eldigitaldeasturias.com\/magazine365\/wp-content\/uploads\/2014\/05\/6308711w-450x325.jpg 450w, https:\/\/eldigitaldeasturias.com\/magazine365\/wp-content\/uploads\/2014\/05\/6308711w-324x235.jpg 324w, https:\/\/eldigitaldeasturias.com\/magazine365\/wp-content\/uploads\/2014\/05\/6308711w-696x503.jpg 696w, https:\/\/eldigitaldeasturias.com\/magazine365\/wp-content\/uploads\/2014\/05\/6308711w-581x420.jpg 581w, https:\/\/eldigitaldeasturias.com\/magazine365\/wp-content\/uploads\/2014\/05\/6308711w.jpg 800w\" sizes=\"(max-width: 360px) 100vw, 360px\" \/>Par\u00eds, 28 may (EFE).- Latinoam\u00e9rica contar\u00e1 con su primera gu\u00eda Michelin a partir de marzo de 2015, ha anunciado la compa\u00f1\u00eda de neum\u00e1ticos, que desembarcar\u00e1 en el continente con una selecci\u00f3n de los mejores restaurantes y hoteles de R\u00edo de Janeiro y Sao Paulo.<\/p>\n<p>Los inspectores de la famosa publicaci\u00f3n se encuentran ya en el pa\u00eds \u00abexplorando el panorama gastron\u00f3mico\u00bb de esas dos metr\u00f3polis, que, seg\u00fan se afirma en el comunicado, ocupan un lugar destacado en la gastronom\u00eda mundial.<\/p>\n<p>El director internacional de las gu\u00edas, Michael Ellis, considera que de esas dos urbes emana una \u00abcreatividad, curiosidad y apertura cultural\u00bb que las convierte en uno de los focos culinarios m\u00e1s din\u00e1micos del mundo.<\/p>\n<p>Con esta futura gu\u00eda se espera descubrir a los lectores, \u00absean cuales sean su presupuesto y sus gustos, una gastronom\u00eda sutil y diversa\u00bb que se apoya en un rico patrimonio culinario fruto de ingredientes locales \u00abvariados y de una calidad destacable\u00bb.<\/p>\n<p>Para Michelin, la cocina de ese primer pa\u00eds seleccionado atrae a chefs extranjeros \u00e1vidos de descubrir esa materia prima y unas tradiciones y estilos culinarios \u00ab\u00fanicos en el mundo\u00bb.<\/p>\n<p>La gu\u00eda Michelin fue publicada por primera vez en 1990 y para 2015 cubrir\u00e1 24 pa\u00edses en cuatro continentes, en los que, seg\u00fan se recuerda, sus inspectores realizan su trabajo como \u00abclientes normales y pagan de forma sistem\u00e1tica la cuenta.<\/p>\n","protected":false},"excerpt":{"rendered":"<p>Par\u00eds, 28 may (EFE).- Latinoam\u00e9rica contar\u00e1 con su primera gu\u00eda Michelin a partir de marzo de 2015, ha anunciado la compa\u00f1\u00eda de neum\u00e1ticos, que desembarcar\u00e1 en el continente con una selecci\u00f3n de los mejores restaurantes y hoteles de R\u00edo de Janeiro y Sao Paulo. Los inspectores de la famosa publicaci\u00f3n se encuentran ya en el<\/p>\n","protected":false},"author":1,"featured_media":14197,"comment_status":"open","ping_status":"closed","sticky":false,"template":"","format":"standard","meta":{"footnotes":""},"categories":[217],"tags":[],"class_list":{"0":"post-14196","1":"post","2":"type-post","3":"status-publish","4":"format-standard","5":"has-post-thumbnail","7":"category-sabores"},"aioseo_notices":[],"aioseo_head":"\n\t\t<!-- All in One SEO Pro 4.9.6.1 - aioseo.com -->\n\t<meta name=\"description\" content=\"Par\u00eds, 28 may (EFE).- Latinoam\u00e9rica contar\u00e1 con su primera gu\u00eda Michelin a partir de marzo de 2015, ha anunciado la compa\u00f1\u00eda de neum\u00e1ticos, que desembarcar\u00e1 en el continente con una selecci\u00f3n de los mejores restaurantes y hoteles de R\u00edo de Janeiro y Sao Paulo. Los inspectores de la famosa publicaci\u00f3n se encuentran ya en el\" \/>\n\t<meta name=\"robots\" content=\"max-image-preview:large\" \/>\n\t<meta name=\"author\" content=\"admin\"\/>\n\t<meta name=\"google-site-verification\" content=\"UA-38556648-1\" \/>\n\t<meta name=\"keywords\" content=\"sabores\" \/>\n\t<link rel=\"canonical\" href=\"https:\/\/eldigitaldeasturias.com\/magazine365\/la-guia-michelin-tendra-su-primera-edicion-latinoamericana-en-2015\/\" \/>\n\t<meta name=\"generator\" content=\"All in One SEO Pro (AIOSEO) 4.9.6.1\" \/>\n\t\t<meta property=\"og:locale\" content=\"es_ES\" \/>\n\t\t<meta property=\"og:site_name\" content=\"El Digital de Asturias \u2013 Revista de ocio, turismo y estilo de vida\" \/>\n\t\t<meta property=\"og:type\" content=\"article\" \/>\n\t\t<meta property=\"og:title\" content=\"La gu\u00eda Michelin tendr\u00e1 su primera edici\u00f3n latinoamericana en 2015 | El Digital de Asturias\" \/>\n\t\t<meta property=\"og:description\" content=\"Par\u00eds, 28 may (EFE).- Latinoam\u00e9rica contar\u00e1 con su primera gu\u00eda Michelin a partir de marzo de 2015, ha anunciado la compa\u00f1\u00eda de neum\u00e1ticos, que desembarcar\u00e1 en el continente con una selecci\u00f3n de los mejores restaurantes y hoteles de R\u00edo de Janeiro y Sao Paulo. Los inspectores de la famosa publicaci\u00f3n se encuentran ya en el\" \/>\n\t\t<meta property=\"og:url\" content=\"https:\/\/eldigitaldeasturias.com\/magazine365\/la-guia-michelin-tendra-su-primera-edicion-latinoamericana-en-2015\/\" \/>\n\t\t<meta property=\"og:image\" content=\"https:\/\/eldigitaldeasturias.com\/magazine365\/wp-content\/uploads\/2014\/05\/6308711w.jpg\" \/>\n\t\t<meta property=\"og:image:secure_url\" content=\"https:\/\/eldigitaldeasturias.com\/magazine365\/wp-content\/uploads\/2014\/05\/6308711w.jpg\" \/>\n\t\t<meta property=\"og:image:width\" content=\"800\" \/>\n\t\t<meta property=\"og:image:height\" content=\"578\" \/>\n\t\t<meta property=\"article:published_time\" content=\"2014-05-28T22:30:42+00:00\" \/>\n\t\t<meta property=\"article:modified_time\" content=\"2014-05-28T22:30:42+00:00\" \/>\n\t\t<meta name=\"twitter:card\" content=\"summary_large_image\" \/>\n\t\t<meta name=\"twitter:title\" content=\"La gu\u00eda Michelin tendr\u00e1 su primera edici\u00f3n latinoamericana en 2015 | El Digital de Asturias\" \/>\n\t\t<meta name=\"twitter:description\" content=\"Par\u00eds, 28 may (EFE).- Latinoam\u00e9rica contar\u00e1 con su primera gu\u00eda Michelin a partir de marzo de 2015, ha anunciado la compa\u00f1\u00eda de neum\u00e1ticos, que desembarcar\u00e1 en el continente con una selecci\u00f3n de los mejores restaurantes y hoteles de R\u00edo de Janeiro y Sao Paulo. Los inspectores de la famosa publicaci\u00f3n se encuentran ya en el\" \/>\n\t\t<meta name=\"twitter:image\" content=\"https:\/\/eldigitaldeasturias.com\/magazine365\/wp-content\/uploads\/2014\/05\/6308711w.jpg\" \/>\n\t\t<script type=\"application\/ld+json\" class=\"aioseo-schema\">\n\t\t\t{\"@context\":\"https:\\\/\\\/schema.org\",\"@graph\":[{\"@type\":\"Article\",\"@id\":\"https:\\\/\\\/eldigitaldeasturias.com\\\/magazine365\\\/la-guia-michelin-tendra-su-primera-edicion-latinoamericana-en-2015\\\/#article\",\"name\":\"La gu\\u00eda Michelin tendr\\u00e1 su primera edici\\u00f3n latinoamericana en 2015 | El Digital de Asturias\",\"headline\":\"La gu\\u00eda Michelin tendr\\u00e1 su primera edici\\u00f3n latinoamericana en 2015\",\"author\":{\"@id\":\"https:\\\/\\\/eldigitaldeasturias.com\\\/magazine365\\\/author\\\/admin\\\/#author\"},\"publisher\":{\"@id\":\"https:\\\/\\\/eldigitaldeasturias.com\\\/magazine365\\\/#organization\"},\"image\":{\"@type\":\"ImageObject\",\"url\":\"https:\\\/\\\/eldigitaldeasturias.com\\\/magazine365\\\/wp-content\\\/uploads\\\/2014\\\/05\\\/6308711w.jpg\",\"width\":800,\"height\":578},\"datePublished\":\"2014-05-28T20:30:42+02:00\",\"dateModified\":\"2014-05-28T20:30:42+02:00\",\"inLanguage\":\"es-ES\",\"mainEntityOfPage\":{\"@id\":\"https:\\\/\\\/eldigitaldeasturias.com\\\/magazine365\\\/la-guia-michelin-tendra-su-primera-edicion-latinoamericana-en-2015\\\/#webpage\"},\"isPartOf\":{\"@id\":\"https:\\\/\\\/eldigitaldeasturias.com\\\/magazine365\\\/la-guia-michelin-tendra-su-primera-edicion-latinoamericana-en-2015\\\/#webpage\"},\"articleSection\":\"Sabores\"},{\"@type\":\"BreadcrumbList\",\"@id\":\"https:\\\/\\\/eldigitaldeasturias.com\\\/magazine365\\\/la-guia-michelin-tendra-su-primera-edicion-latinoamericana-en-2015\\\/#breadcrumblist\",\"itemListElement\":[{\"@type\":\"ListItem\",\"@id\":\"https:\\\/\\\/eldigitaldeasturias.com\\\/magazine365#listItem\",\"position\":1,\"name\":\"Home\",\"item\":\"https:\\\/\\\/eldigitaldeasturias.com\\\/magazine365\",\"nextItem\":{\"@type\":\"ListItem\",\"@id\":\"https:\\\/\\\/eldigitaldeasturias.com\\\/magazine365\\\/category\\\/sabores\\\/#listItem\",\"name\":\"Sabores\"}},{\"@type\":\"ListItem\",\"@id\":\"https:\\\/\\\/eldigitaldeasturias.com\\\/magazine365\\\/category\\\/sabores\\\/#listItem\",\"position\":2,\"name\":\"Sabores\",\"item\":\"https:\\\/\\\/eldigitaldeasturias.com\\\/magazine365\\\/category\\\/sabores\\\/\",\"nextItem\":{\"@type\":\"ListItem\",\"@id\":\"https:\\\/\\\/eldigitaldeasturias.com\\\/magazine365\\\/la-guia-michelin-tendra-su-primera-edicion-latinoamericana-en-2015\\\/#listItem\",\"name\":\"La gu\\u00eda Michelin tendr\\u00e1 su primera edici\\u00f3n latinoamericana en 2015\"},\"previousItem\":{\"@type\":\"ListItem\",\"@id\":\"https:\\\/\\\/eldigitaldeasturias.com\\\/magazine365#listItem\",\"name\":\"Home\"}},{\"@type\":\"ListItem\",\"@id\":\"https:\\\/\\\/eldigitaldeasturias.com\\\/magazine365\\\/la-guia-michelin-tendra-su-primera-edicion-latinoamericana-en-2015\\\/#listItem\",\"position\":3,\"name\":\"La gu\\u00eda Michelin tendr\\u00e1 su primera edici\\u00f3n latinoamericana en 2015\",\"previousItem\":{\"@type\":\"ListItem\",\"@id\":\"https:\\\/\\\/eldigitaldeasturias.com\\\/magazine365\\\/category\\\/sabores\\\/#listItem\",\"name\":\"Sabores\"}}]},{\"@type\":\"Organization\",\"@id\":\"https:\\\/\\\/eldigitaldeasturias.com\\\/magazine365\\\/#organization\",\"name\":\"El digital de Asturias\",\"description\":\"Revista de ocio, turismo y estilo de vida\",\"url\":\"https:\\\/\\\/eldigitaldeasturias.com\\\/magazine365\\\/\",\"logo\":{\"@type\":\"ImageObject\",\"url\":\"https:\\\/\\\/www.eldigitaldeasturias.com\\\/noticias\\\/wp-content\\\/uploads\\\/2020\\\/12\\\/EDA.jpg\",\"@id\":\"https:\\\/\\\/eldigitaldeasturias.com\\\/magazine365\\\/la-guia-michelin-tendra-su-primera-edicion-latinoamericana-en-2015\\\/#organizationLogo\"},\"image\":{\"@id\":\"https:\\\/\\\/eldigitaldeasturias.com\\\/magazine365\\\/la-guia-michelin-tendra-su-primera-edicion-latinoamericana-en-2015\\\/#organizationLogo\"}},{\"@type\":\"Person\",\"@id\":\"https:\\\/\\\/eldigitaldeasturias.com\\\/magazine365\\\/author\\\/admin\\\/#author\",\"url\":\"https:\\\/\\\/eldigitaldeasturias.com\\\/magazine365\\\/author\\\/admin\\\/\",\"name\":\"admin\",\"image\":{\"@type\":\"ImageObject\",\"@id\":\"https:\\\/\\\/eldigitaldeasturias.com\\\/magazine365\\\/la-guia-michelin-tendra-su-primera-edicion-latinoamericana-en-2015\\\/#authorImage\",\"url\":\"https:\\\/\\\/eldigitaldeasturias.com\\\/magazine365\\\/wp-content\\\/litespeed\\\/avatar\\\/e571bcf59a0edd6fa6838245a470f2fe.jpg?ver=1776969259\",\"width\":96,\"height\":96,\"caption\":\"admin\"}},{\"@type\":\"WebPage\",\"@id\":\"https:\\\/\\\/eldigitaldeasturias.com\\\/magazine365\\\/la-guia-michelin-tendra-su-primera-edicion-latinoamericana-en-2015\\\/#webpage\",\"url\":\"https:\\\/\\\/eldigitaldeasturias.com\\\/magazine365\\\/la-guia-michelin-tendra-su-primera-edicion-latinoamericana-en-2015\\\/\",\"name\":\"La gu\\u00eda Michelin tendr\\u00e1 su primera edici\\u00f3n latinoamericana en 2015 | El Digital de Asturias\",\"description\":\"Par\\u00eds, 28 may (EFE).- Latinoam\\u00e9rica contar\\u00e1 con su primera gu\\u00eda Michelin a partir de marzo de 2015, ha anunciado la compa\\u00f1\\u00eda de neum\\u00e1ticos, que desembarcar\\u00e1 en el continente con una selecci\\u00f3n de los mejores restaurantes y hoteles de R\\u00edo de Janeiro y Sao Paulo. Los inspectores de la famosa publicaci\\u00f3n se encuentran ya en el\",\"inLanguage\":\"es-ES\",\"isPartOf\":{\"@id\":\"https:\\\/\\\/eldigitaldeasturias.com\\\/magazine365\\\/#website\"},\"breadcrumb\":{\"@id\":\"https:\\\/\\\/eldigitaldeasturias.com\\\/magazine365\\\/la-guia-michelin-tendra-su-primera-edicion-latinoamericana-en-2015\\\/#breadcrumblist\"},\"author\":{\"@id\":\"https:\\\/\\\/eldigitaldeasturias.com\\\/magazine365\\\/author\\\/admin\\\/#author\"},\"creator\":{\"@id\":\"https:\\\/\\\/eldigitaldeasturias.com\\\/magazine365\\\/author\\\/admin\\\/#author\"},\"image\":{\"@type\":\"ImageObject\",\"url\":\"https:\\\/\\\/eldigitaldeasturias.com\\\/magazine365\\\/wp-content\\\/uploads\\\/2014\\\/05\\\/6308711w.jpg\",\"@id\":\"https:\\\/\\\/eldigitaldeasturias.com\\\/magazine365\\\/la-guia-michelin-tendra-su-primera-edicion-latinoamericana-en-2015\\\/#mainImage\",\"width\":800,\"height\":578},\"primaryImageOfPage\":{\"@id\":\"https:\\\/\\\/eldigitaldeasturias.com\\\/magazine365\\\/la-guia-michelin-tendra-su-primera-edicion-latinoamericana-en-2015\\\/#mainImage\"},\"datePublished\":\"2014-05-28T20:30:42+02:00\",\"dateModified\":\"2014-05-28T20:30:42+02:00\"},{\"@type\":\"WebSite\",\"@id\":\"https:\\\/\\\/eldigitaldeasturias.com\\\/magazine365\\\/#website\",\"url\":\"https:\\\/\\\/eldigitaldeasturias.com\\\/magazine365\\\/\",\"name\":\"El Digital de Asturias\",\"description\":\"Revista de ocio, turismo y estilo de vida\",\"inLanguage\":\"es-ES\",\"publisher\":{\"@id\":\"https:\\\/\\\/eldigitaldeasturias.com\\\/magazine365\\\/#organization\"}}]}\n\t\t<\/script>\n\t\t<!-- All in One SEO Pro -->\r\n\t\t<title>La gu\u00eda Michelin tendr\u00e1 su primera edici\u00f3n latinoamericana en 2015 | El Digital de Asturias<\/title>\n\n","aioseo_head_json":{"title":"La gu\u00eda Michelin tendr\u00e1 su primera edici\u00f3n latinoamericana en 2015 | El Digital de Asturias","description":"Par\u00eds, 28 may (EFE).- Latinoam\u00e9rica contar\u00e1 con su primera gu\u00eda Michelin a partir de marzo de 2015, ha anunciado la compa\u00f1\u00eda de neum\u00e1ticos, que desembarcar\u00e1 en el continente con una selecci\u00f3n de los mejores restaurantes y hoteles de R\u00edo de Janeiro y Sao Paulo. Los inspectores de la famosa publicaci\u00f3n se encuentran ya en el","canonical_url":"https:\/\/eldigitaldeasturias.com\/magazine365\/la-guia-michelin-tendra-su-primera-edicion-latinoamericana-en-2015\/","robots":"max-image-preview:large","keywords":"sabores","webmasterTools":{"google-site-verification":"UA-38556648-1","miscellaneous":""},"schema":{"@context":"https:\/\/schema.org","@graph":[{"@type":"Article","@id":"https:\/\/eldigitaldeasturias.com\/magazine365\/la-guia-michelin-tendra-su-primera-edicion-latinoamericana-en-2015\/#article","name":"La gu\u00eda Michelin tendr\u00e1 su primera edici\u00f3n latinoamericana en 2015 | El Digital de Asturias","headline":"La gu\u00eda Michelin tendr\u00e1 su primera edici\u00f3n latinoamericana en 2015","author":{"@id":"https:\/\/eldigitaldeasturias.com\/magazine365\/author\/admin\/#author"},"publisher":{"@id":"https:\/\/eldigitaldeasturias.com\/magazine365\/#organization"},"image":{"@type":"ImageObject","url":"https:\/\/eldigitaldeasturias.com\/magazine365\/wp-content\/uploads\/2014\/05\/6308711w.jpg","width":800,"height":578},"datePublished":"2014-05-28T20:30:42+02:00","dateModified":"2014-05-28T20:30:42+02:00","inLanguage":"es-ES","mainEntityOfPage":{"@id":"https:\/\/eldigitaldeasturias.com\/magazine365\/la-guia-michelin-tendra-su-primera-edicion-latinoamericana-en-2015\/#webpage"},"isPartOf":{"@id":"https:\/\/eldigitaldeasturias.com\/magazine365\/la-guia-michelin-tendra-su-primera-edicion-latinoamericana-en-2015\/#webpage"},"articleSection":"Sabores"},{"@type":"BreadcrumbList","@id":"https:\/\/eldigitaldeasturias.com\/magazine365\/la-guia-michelin-tendra-su-primera-edicion-latinoamericana-en-2015\/#breadcrumblist","itemListElement":[{"@type":"ListItem","@id":"https:\/\/eldigitaldeasturias.com\/magazine365#listItem","position":1,"name":"Home","item":"https:\/\/eldigitaldeasturias.com\/magazine365","nextItem":{"@type":"ListItem","@id":"https:\/\/eldigitaldeasturias.com\/magazine365\/category\/sabores\/#listItem","name":"Sabores"}},{"@type":"ListItem","@id":"https:\/\/eldigitaldeasturias.com\/magazine365\/category\/sabores\/#listItem","position":2,"name":"Sabores","item":"https:\/\/eldigitaldeasturias.com\/magazine365\/category\/sabores\/","nextItem":{"@type":"ListItem","@id":"https:\/\/eldigitaldeasturias.com\/magazine365\/la-guia-michelin-tendra-su-primera-edicion-latinoamericana-en-2015\/#listItem","name":"La gu\u00eda Michelin tendr\u00e1 su primera edici\u00f3n latinoamericana en 2015"},"previousItem":{"@type":"ListItem","@id":"https:\/\/eldigitaldeasturias.com\/magazine365#listItem","name":"Home"}},{"@type":"ListItem","@id":"https:\/\/eldigitaldeasturias.com\/magazine365\/la-guia-michelin-tendra-su-primera-edicion-latinoamericana-en-2015\/#listItem","position":3,"name":"La gu\u00eda Michelin tendr\u00e1 su primera edici\u00f3n latinoamericana en 2015","previousItem":{"@type":"ListItem","@id":"https:\/\/eldigitaldeasturias.com\/magazine365\/category\/sabores\/#listItem","name":"Sabores"}}]},{"@type":"Organization","@id":"https:\/\/eldigitaldeasturias.com\/magazine365\/#organization","name":"El digital de Asturias","description":"Revista de ocio, turismo y estilo de vida","url":"https:\/\/eldigitaldeasturias.com\/magazine365\/","logo":{"@type":"ImageObject","url":"https:\/\/www.eldigitaldeasturias.com\/noticias\/wp-content\/uploads\/2020\/12\/EDA.jpg","@id":"https:\/\/eldigitaldeasturias.com\/magazine365\/la-guia-michelin-tendra-su-primera-edicion-latinoamericana-en-2015\/#organizationLogo"},"image":{"@id":"https:\/\/eldigitaldeasturias.com\/magazine365\/la-guia-michelin-tendra-su-primera-edicion-latinoamericana-en-2015\/#organizationLogo"}},{"@type":"Person","@id":"https:\/\/eldigitaldeasturias.com\/magazine365\/author\/admin\/#author","url":"https:\/\/eldigitaldeasturias.com\/magazine365\/author\/admin\/","name":"admin","image":{"@type":"ImageObject","@id":"https:\/\/eldigitaldeasturias.com\/magazine365\/la-guia-michelin-tendra-su-primera-edicion-latinoamericana-en-2015\/#authorImage","url":"https:\/\/eldigitaldeasturias.com\/magazine365\/wp-content\/litespeed\/avatar\/e571bcf59a0edd6fa6838245a470f2fe.jpg?ver=1776969259","width":96,"height":96,"caption":"admin"}},{"@type":"WebPage","@id":"https:\/\/eldigitaldeasturias.com\/magazine365\/la-guia-michelin-tendra-su-primera-edicion-latinoamericana-en-2015\/#webpage","url":"https:\/\/eldigitaldeasturias.com\/magazine365\/la-guia-michelin-tendra-su-primera-edicion-latinoamericana-en-2015\/","name":"La gu\u00eda Michelin tendr\u00e1 su primera edici\u00f3n latinoamericana en 2015 | El Digital de Asturias","description":"Par\u00eds, 28 may (EFE).- Latinoam\u00e9rica contar\u00e1 con su primera gu\u00eda Michelin a partir de marzo de 2015, ha anunciado la compa\u00f1\u00eda de neum\u00e1ticos, que desembarcar\u00e1 en el continente con una selecci\u00f3n de los mejores restaurantes y hoteles de R\u00edo de Janeiro y Sao Paulo. Los inspectores de la famosa publicaci\u00f3n se encuentran ya en el","inLanguage":"es-ES","isPartOf":{"@id":"https:\/\/eldigitaldeasturias.com\/magazine365\/#website"},"breadcrumb":{"@id":"https:\/\/eldigitaldeasturias.com\/magazine365\/la-guia-michelin-tendra-su-primera-edicion-latinoamericana-en-2015\/#breadcrumblist"},"author":{"@id":"https:\/\/eldigitaldeasturias.com\/magazine365\/author\/admin\/#author"},"creator":{"@id":"https:\/\/eldigitaldeasturias.com\/magazine365\/author\/admin\/#author"},"image":{"@type":"ImageObject","url":"https:\/\/eldigitaldeasturias.com\/magazine365\/wp-content\/uploads\/2014\/05\/6308711w.jpg","@id":"https:\/\/eldigitaldeasturias.com\/magazine365\/la-guia-michelin-tendra-su-primera-edicion-latinoamericana-en-2015\/#mainImage","width":800,"height":578},"primaryImageOfPage":{"@id":"https:\/\/eldigitaldeasturias.com\/magazine365\/la-guia-michelin-tendra-su-primera-edicion-latinoamericana-en-2015\/#mainImage"},"datePublished":"2014-05-28T20:30:42+02:00","dateModified":"2014-05-28T20:30:42+02:00"},{"@type":"WebSite","@id":"https:\/\/eldigitaldeasturias.com\/magazine365\/#website","url":"https:\/\/eldigitaldeasturias.com\/magazine365\/","name":"El Digital de Asturias","description":"Revista de ocio, turismo y estilo de vida","inLanguage":"es-ES","publisher":{"@id":"https:\/\/eldigitaldeasturias.com\/magazine365\/#organization"}}]},"og:locale":"es_ES","og:site_name":"El Digital de Asturias \u2013 Revista de ocio, turismo y estilo de vida","og:type":"article","og:title":"La gu\u00eda Michelin tendr\u00e1 su primera edici\u00f3n latinoamericana en 2015 | El Digital de Asturias","og:description":"Par\u00eds, 28 may (EFE).- Latinoam\u00e9rica contar\u00e1 con su primera gu\u00eda Michelin a partir de marzo de 2015, ha anunciado la compa\u00f1\u00eda de neum\u00e1ticos, que desembarcar\u00e1 en el continente con una selecci\u00f3n de los mejores restaurantes y hoteles de R\u00edo de Janeiro y Sao Paulo. Los inspectores de la famosa publicaci\u00f3n se encuentran ya en el","og:url":"https:\/\/eldigitaldeasturias.com\/magazine365\/la-guia-michelin-tendra-su-primera-edicion-latinoamericana-en-2015\/","og:image":"https:\/\/eldigitaldeasturias.com\/magazine365\/wp-content\/uploads\/2014\/05\/6308711w.jpg","og:image:secure_url":"https:\/\/eldigitaldeasturias.com\/magazine365\/wp-content\/uploads\/2014\/05\/6308711w.jpg","og:image:width":800,"og:image:height":578,"article:published_time":"2014-05-28T22:30:42+00:00","article:modified_time":"2014-05-28T22:30:42+00:00","twitter:card":"summary_large_image","twitter:title":"La gu\u00eda Michelin tendr\u00e1 su primera edici\u00f3n latinoamericana en 2015 | El Digital de Asturias","twitter:description":"Par\u00eds, 28 may (EFE).- Latinoam\u00e9rica contar\u00e1 con su primera gu\u00eda Michelin a partir de marzo de 2015, ha anunciado la compa\u00f1\u00eda de neum\u00e1ticos, que desembarcar\u00e1 en el continente con una selecci\u00f3n de los mejores restaurantes y hoteles de R\u00edo de Janeiro y Sao Paulo. Los inspectores de la famosa publicaci\u00f3n se encuentran ya en el","twitter:image":"https:\/\/eldigitaldeasturias.com\/magazine365\/wp-content\/uploads\/2014\/05\/6308711w.jpg"},"aioseo_meta_data":{"post_id":"14196","title":null,"description":null,"keywords":null,"keyphrases":null,"primary_term":null,"canonical_url":null,"og_title":null,"og_description":null,"og_object_type":"default","og_image_type":"default","og_image_url":null,"og_image_width":null,"og_image_height":null,"og_image_custom_url":null,"og_image_custom_fields":null,"og_video":null,"og_custom_url":null,"og_article_section":null,"og_article_tags":null,"twitter_use_og":false,"twitter_card":"default","twitter_image_type":"default","twitter_image_url":null,"twitter_image_custom_url":null,"twitter_image_custom_fields":null,"twitter_title":null,"twitter_description":null,"schema":{"blockGraphs":[],"customGraphs":[],"default":{"data":{"Article":[],"Course":[],"Dataset":[],"FAQPage":[],"Movie":[],"Person":[],"Product":[],"ProductReview":[],"Car":[],"Recipe":[],"Service":[],"SoftwareApplication":[],"WebPage":[]},"graphName":"","isEnabled":true},"graphs":[],"defaultGraph":"","defaultPostTypeGraph":""},"schema_type":null,"schema_type_options":null,"pillar_content":false,"robots_default":true,"robots_noindex":false,"robots_noarchive":false,"robots_nosnippet":false,"robots_nofollow":false,"robots_noimageindex":false,"robots_noodp":false,"robots_notranslate":false,"robots_max_snippet":null,"robots_max_videopreview":null,"robots_max_imagepreview":"large","priority":null,"frequency":null,"location":null,"local_seo":null,"seo_analyzer_scan_date":"2025-09-17 09:41:02","breadcrumb_settings":null,"limit_modified_date":false,"open_ai":null,"ai":null,"created":"2021-03-09 08:18:41","updated":"2025-09-17 09:41:02"},"aioseo_breadcrumb":"<div class=\"aioseo-breadcrumbs\"><span class=\"aioseo-breadcrumb\">\n\t<a href=\"https:\/\/eldigitaldeasturias.com\/magazine365\" title=\"Home\">Home<\/a>\n<\/span><span class=\"aioseo-breadcrumb-separator\">\u2013<\/span><span class=\"aioseo-breadcrumb\">\n\t<a href=\"https:\/\/eldigitaldeasturias.com\/magazine365\/category\/sabores\/\" title=\"Sabores\">Sabores<\/a>\n<\/span><span class=\"aioseo-breadcrumb-separator\">\u2013<\/span><span class=\"aioseo-breadcrumb\">\n\t<a href=\"https:\/\/eldigitaldeasturias.com\/magazine365\/la-guia-michelin-tendra-su-primera-edicion-latinoamericana-en-2015\/\" title=\"La gu\u00eda Michelin tendr\u00e1 su primera edici\u00f3n latinoamericana en 2015\">La gu\u00eda Michelin tendr\u00e1 su primera edici\u00f3n latinoamericana en 2015<\/a>\n<\/span><\/div>","aioseo_breadcrumb_json":[{"label":"Home","link":"https:\/\/eldigitaldeasturias.com\/magazine365"},{"label":"Sabores","link":"https:\/\/eldigitaldeasturias.com\/magazine365\/category\/sabores\/"},{"label":"La gu\u00eda Michelin tendr\u00e1 su primera edici\u00f3n latinoamericana en 2015","link":"https:\/\/eldigitaldeasturias.com\/magazine365\/la-guia-michelin-tendra-su-primera-edicion-latinoamericana-en-2015\/"}],"_links":{"self":[{"href":"https:\/\/eldigitaldeasturias.com\/magazine365\/wp-json\/wp\/v2\/posts\/14196","targetHints":{"allow":["GET"]}}],"collection":[{"href":"https:\/\/eldigitaldeasturias.com\/magazine365\/wp-json\/wp\/v2\/posts"}],"about":[{"href":"https:\/\/eldigitaldeasturias.com\/magazine365\/wp-json\/wp\/v2\/types\/post"}],"author":[{"embeddable":true,"href":"https:\/\/eldigitaldeasturias.com\/magazine365\/wp-json\/wp\/v2\/users\/1"}],"replies":[{"embeddable":true,"href":"https:\/\/eldigitaldeasturias.com\/magazine365\/wp-json\/wp\/v2\/comments?post=14196"}],"version-history":[{"count":0,"href":"https:\/\/eldigitaldeasturias.com\/magazine365\/wp-json\/wp\/v2\/posts\/14196\/revisions"}],"wp:featuredmedia":[{"embeddable":true,"href":"https:\/\/eldigitaldeasturias.com\/magazine365\/wp-json\/wp\/v2\/media\/14197"}],"wp:attachment":[{"href":"https:\/\/eldigitaldeasturias.com\/magazine365\/wp-json\/wp\/v2\/media?parent=14196"}],"wp:term":[{"taxonomy":"category","embeddable":true,"href":"https:\/\/eldigitaldeasturias.com\/magazine365\/wp-json\/wp\/v2\/categories?post=14196"},{"taxonomy":"post_tag","embeddable":true,"href":"https:\/\/eldigitaldeasturias.com\/magazine365\/wp-json\/wp\/v2\/tags?post=14196"}],"curies":[{"name":"wp","href":"https:\/\/api.w.org\/{rel}","templated":true}]}}