{"id":14190,"date":"2014-05-28T20:27:55","date_gmt":"2014-05-28T22:27:55","guid":{"rendered":"http:\/\/eldigitaldeasturias.com\/magazine365\/?p=14190"},"modified":"2014-05-28T20:27:55","modified_gmt":"2014-05-28T22:27:55","slug":"queen-lanzara-un-album-inedito-de-canciones-de-los-80","status":"publish","type":"post","link":"https:\/\/eldigitaldeasturias.com\/magazine365\/queen-lanzara-un-album-inedito-de-canciones-de-los-80\/","title":{"rendered":"Queen lanzar\u00e1 un \u00e1lbum in\u00e9dito de canciones de los 80"},"content":{"rendered":"<p><img fetchpriority=\"high\" decoding=\"async\" class=\"alignleft size-medium wp-image-14191\" alt=\"6308592w\" src=\"https:\/\/eldigitaldeasturias.com\/magazine365\/wp-content\/uploads\/2014\/05\/6308592w-360x266.jpg\" width=\"360\" height=\"266\" \/>Londres, 28 may (EFE).- El grupo de m\u00fasica brit\u00e1nico Queen lanzar\u00e1 un nuevo \u00e1lbum este a\u00f1o formado por temas in\u00e9ditos grabados en la d\u00e9cada de los 80 y cantados por Freddie Mercury, anunci\u00f3 hoy el guitarrista del grupo, Brian May, a la emisora BBC Radio Gales.<\/p>\n<p>\u00abQueen Forever\u00bb, un disco \u00abmuy emotivo\u00bb formado por \u00abgrandes baladas y un gran sonido \u00e9pico\u00bb, se lanzar\u00e1 al mercado a finales de 2014, afirm\u00f3 May, de 66 a\u00f1os.<\/p>\n<p>\u00abEncontramos unas canciones con Freddie (Mercury) al micr\u00f3fono y todos nosotros tocando y son bastante bonitas. Es una recopilaci\u00f3n, pero estar\u00e1 formada por un material que nadie en el mundo ha escuchado nunca. Creo que a la gente le va a gustar realmente\u00bb, dijo May durante una entrevista.<\/p>\n<p>El veterano guitarrista brit\u00e1nico explic\u00f3 que el disco no hubiera podido ver la luz sin todos los arreglos musicales que han llevado a cabo.<\/p>\n<p>\u00abTuvimos que empezar de cero, porque s\u00f3lo ten\u00edamos unos fragmentos. Pero sabiendo c\u00f3mo habr\u00eda sido (el disco) si lo hubi\u00e9ramos terminado, pod\u00eda sentarme y hacer que sucediera utilizando la tecnolog\u00eda moderna\u00bb, relat\u00f3.<\/p>\n<p>May recorrer\u00e1 los EE.UU. este verano por primera vez en ocho a\u00f1os junto al bater\u00eda de Queen Roger Taylor y el joven Adam Lambert en sustituci\u00f3n de Mercury (1946-1991), en una gira que comenzar\u00e1 el 19 de junio en Chicago y acabar\u00e1 el 20 de julio en Columbia.<\/p>\n<p>El cantante estadounidense Adam Lambert, de 32 a\u00f1os, salt\u00f3 a la fama en el concurso de talentos \u00abAmerican Idol\u00bb, y su relaci\u00f3n con los miembros de Queen comenz\u00f3 cuando estos le invitaron a cerrar su directo en la ceremonia de los premios MTV Europe Awards de 2011, donde Queen recogi\u00f3 su premio como Icono Global.<\/p>\n<p>El m\u00edtico grupo autor de \u00abWe Are the Champions\u00bb, \u00abDon&#8217;t Stop Me Now\u00bb o \u00abSomebody to Love\u00bb est\u00e1 trabajando tambi\u00e9n en una continuaci\u00f3n del musical \u00abWe Will Rock You\u00bb.<\/p>\n<p>\u00abA todo el mundo le encant\u00f3, as\u00ed que estamos en busca de un teatro y esperamos poder realizar una continuaci\u00f3n en alg\u00fan momento. No puedo decir nada m\u00e1s\u00bb, se\u00f1al\u00f3 May.<\/p>\n","protected":false},"excerpt":{"rendered":"<p>Londres, 28 may (EFE).- El grupo de m\u00fasica brit\u00e1nico Queen lanzar\u00e1 un nuevo \u00e1lbum este a\u00f1o formado por temas in\u00e9ditos grabados en la d\u00e9cada de los 80 y cantados por Freddie Mercury, anunci\u00f3 hoy el guitarrista del grupo, Brian May, a la emisora BBC Radio Gales. \u00abQueen Forever\u00bb, un disco \u00abmuy emotivo\u00bb formado por \u00abgrandes<\/p>\n","protected":false},"author":1,"featured_media":14191,"comment_status":"open","ping_status":"closed","sticky":false,"template":"","format":"standard","meta":{"footnotes":""},"categories":[224],"tags":[],"class_list":{"0":"post-14190","1":"post","2":"type-post","3":"status-publish","4":"format-standard","5":"has-post-thumbnail","7":"category-noticias-actualidad"},"aioseo_notices":[],"aioseo_head":"\n\t\t<!-- All in One SEO Pro 4.9.6.1 - aioseo.com -->\n\t<meta name=\"description\" content=\"Londres, 28 may (EFE).- El grupo de m\u00fasica brit\u00e1nico Queen lanzar\u00e1 un nuevo \u00e1lbum este a\u00f1o formado por temas in\u00e9ditos grabados en la d\u00e9cada de los 80 y cantados por Freddie Mercury, anunci\u00f3 hoy el guitarrista del grupo, Brian May, a la emisora BBC Radio Gales. &quot;Queen Forever&quot;, un disco &quot;muy emotivo&quot; formado por &quot;grandes\" \/>\n\t<meta name=\"robots\" content=\"max-image-preview:large\" \/>\n\t<meta name=\"author\" content=\"admin\"\/>\n\t<meta name=\"google-site-verification\" content=\"UA-38556648-1\" \/>\n\t<meta name=\"keywords\" content=\"noticias y actualidad\" \/>\n\t<link rel=\"canonical\" href=\"https:\/\/eldigitaldeasturias.com\/magazine365\/queen-lanzara-un-album-inedito-de-canciones-de-los-80\/\" \/>\n\t<meta name=\"generator\" content=\"All in One SEO Pro (AIOSEO) 4.9.6.1\" \/>\n\t\t<meta property=\"og:locale\" content=\"es_ES\" \/>\n\t\t<meta property=\"og:site_name\" content=\"El Digital de Asturias \u2013 Revista de ocio, turismo y estilo de vida\" \/>\n\t\t<meta property=\"og:type\" content=\"article\" \/>\n\t\t<meta property=\"og:title\" content=\"Queen lanzar\u00e1 un \u00e1lbum in\u00e9dito de canciones de los 80 | El Digital de Asturias\" \/>\n\t\t<meta property=\"og:description\" content=\"Londres, 28 may (EFE).- El grupo de m\u00fasica brit\u00e1nico Queen lanzar\u00e1 un nuevo \u00e1lbum este a\u00f1o formado por temas in\u00e9ditos grabados en la d\u00e9cada de los 80 y cantados por Freddie Mercury, anunci\u00f3 hoy el guitarrista del grupo, Brian May, a la emisora BBC Radio Gales. &quot;Queen Forever&quot;, un disco &quot;muy emotivo&quot; formado por &quot;grandes\" \/>\n\t\t<meta property=\"og:url\" content=\"https:\/\/eldigitaldeasturias.com\/magazine365\/queen-lanzara-un-album-inedito-de-canciones-de-los-80\/\" \/>\n\t\t<meta property=\"og:image\" content=\"https:\/\/eldigitaldeasturias.com\/magazine365\/wp-content\/uploads\/2014\/05\/6308592w.jpg\" \/>\n\t\t<meta property=\"og:image:secure_url\" content=\"https:\/\/eldigitaldeasturias.com\/magazine365\/wp-content\/uploads\/2014\/05\/6308592w.jpg\" \/>\n\t\t<meta property=\"og:image:width\" content=\"800\" \/>\n\t\t<meta property=\"og:image:height\" content=\"593\" \/>\n\t\t<meta property=\"article:published_time\" content=\"2014-05-28T22:27:55+00:00\" \/>\n\t\t<meta property=\"article:modified_time\" content=\"2014-05-28T22:27:55+00:00\" \/>\n\t\t<meta name=\"twitter:card\" content=\"summary_large_image\" \/>\n\t\t<meta name=\"twitter:title\" content=\"Queen lanzar\u00e1 un \u00e1lbum in\u00e9dito de canciones de los 80 | El Digital de Asturias\" \/>\n\t\t<meta name=\"twitter:description\" content=\"Londres, 28 may (EFE).- El grupo de m\u00fasica brit\u00e1nico Queen lanzar\u00e1 un nuevo \u00e1lbum este a\u00f1o formado por temas in\u00e9ditos grabados en la d\u00e9cada de los 80 y cantados por Freddie Mercury, anunci\u00f3 hoy el guitarrista del grupo, Brian May, a la emisora BBC Radio Gales. &quot;Queen Forever&quot;, un disco &quot;muy emotivo&quot; formado por &quot;grandes\" \/>\n\t\t<meta name=\"twitter:image\" content=\"https:\/\/eldigitaldeasturias.com\/magazine365\/wp-content\/uploads\/2014\/05\/6308592w.jpg\" \/>\n\t\t<script type=\"application\/ld+json\" class=\"aioseo-schema\">\n\t\t\t{\"@context\":\"https:\\\/\\\/schema.org\",\"@graph\":[{\"@type\":\"Article\",\"@id\":\"https:\\\/\\\/eldigitaldeasturias.com\\\/magazine365\\\/queen-lanzara-un-album-inedito-de-canciones-de-los-80\\\/#article\",\"name\":\"Queen lanzar\\u00e1 un \\u00e1lbum in\\u00e9dito de canciones de los 80 | El Digital de Asturias\",\"headline\":\"Queen lanzar\\u00e1 un \\u00e1lbum in\\u00e9dito de canciones de los 80\",\"author\":{\"@id\":\"https:\\\/\\\/eldigitaldeasturias.com\\\/magazine365\\\/author\\\/admin\\\/#author\"},\"publisher\":{\"@id\":\"https:\\\/\\\/eldigitaldeasturias.com\\\/magazine365\\\/#organization\"},\"image\":{\"@type\":\"ImageObject\",\"url\":\"https:\\\/\\\/eldigitaldeasturias.com\\\/magazine365\\\/wp-content\\\/uploads\\\/2014\\\/05\\\/6308592w.jpg\",\"width\":800,\"height\":593},\"datePublished\":\"2014-05-28T20:27:55+02:00\",\"dateModified\":\"2014-05-28T20:27:55+02:00\",\"inLanguage\":\"es-ES\",\"mainEntityOfPage\":{\"@id\":\"https:\\\/\\\/eldigitaldeasturias.com\\\/magazine365\\\/queen-lanzara-un-album-inedito-de-canciones-de-los-80\\\/#webpage\"},\"isPartOf\":{\"@id\":\"https:\\\/\\\/eldigitaldeasturias.com\\\/magazine365\\\/queen-lanzara-un-album-inedito-de-canciones-de-los-80\\\/#webpage\"},\"articleSection\":\"Noticias y Actualidad\"},{\"@type\":\"BreadcrumbList\",\"@id\":\"https:\\\/\\\/eldigitaldeasturias.com\\\/magazine365\\\/queen-lanzara-un-album-inedito-de-canciones-de-los-80\\\/#breadcrumblist\",\"itemListElement\":[{\"@type\":\"ListItem\",\"@id\":\"https:\\\/\\\/eldigitaldeasturias.com\\\/magazine365#listItem\",\"position\":1,\"name\":\"Home\",\"item\":\"https:\\\/\\\/eldigitaldeasturias.com\\\/magazine365\",\"nextItem\":{\"@type\":\"ListItem\",\"@id\":\"https:\\\/\\\/eldigitaldeasturias.com\\\/magazine365\\\/category\\\/noticias-actualidad\\\/#listItem\",\"name\":\"Noticias y Actualidad\"}},{\"@type\":\"ListItem\",\"@id\":\"https:\\\/\\\/eldigitaldeasturias.com\\\/magazine365\\\/category\\\/noticias-actualidad\\\/#listItem\",\"position\":2,\"name\":\"Noticias y Actualidad\",\"item\":\"https:\\\/\\\/eldigitaldeasturias.com\\\/magazine365\\\/category\\\/noticias-actualidad\\\/\",\"nextItem\":{\"@type\":\"ListItem\",\"@id\":\"https:\\\/\\\/eldigitaldeasturias.com\\\/magazine365\\\/queen-lanzara-un-album-inedito-de-canciones-de-los-80\\\/#listItem\",\"name\":\"Queen lanzar\\u00e1 un \\u00e1lbum in\\u00e9dito de canciones de los 80\"},\"previousItem\":{\"@type\":\"ListItem\",\"@id\":\"https:\\\/\\\/eldigitaldeasturias.com\\\/magazine365#listItem\",\"name\":\"Home\"}},{\"@type\":\"ListItem\",\"@id\":\"https:\\\/\\\/eldigitaldeasturias.com\\\/magazine365\\\/queen-lanzara-un-album-inedito-de-canciones-de-los-80\\\/#listItem\",\"position\":3,\"name\":\"Queen lanzar\\u00e1 un \\u00e1lbum in\\u00e9dito de canciones de los 80\",\"previousItem\":{\"@type\":\"ListItem\",\"@id\":\"https:\\\/\\\/eldigitaldeasturias.com\\\/magazine365\\\/category\\\/noticias-actualidad\\\/#listItem\",\"name\":\"Noticias y Actualidad\"}}]},{\"@type\":\"Organization\",\"@id\":\"https:\\\/\\\/eldigitaldeasturias.com\\\/magazine365\\\/#organization\",\"name\":\"El digital de Asturias\",\"description\":\"Revista de ocio, turismo y estilo de vida\",\"url\":\"https:\\\/\\\/eldigitaldeasturias.com\\\/magazine365\\\/\",\"logo\":{\"@type\":\"ImageObject\",\"url\":\"https:\\\/\\\/www.eldigitaldeasturias.com\\\/noticias\\\/wp-content\\\/uploads\\\/2020\\\/12\\\/EDA.jpg\",\"@id\":\"https:\\\/\\\/eldigitaldeasturias.com\\\/magazine365\\\/queen-lanzara-un-album-inedito-de-canciones-de-los-80\\\/#organizationLogo\"},\"image\":{\"@id\":\"https:\\\/\\\/eldigitaldeasturias.com\\\/magazine365\\\/queen-lanzara-un-album-inedito-de-canciones-de-los-80\\\/#organizationLogo\"}},{\"@type\":\"Person\",\"@id\":\"https:\\\/\\\/eldigitaldeasturias.com\\\/magazine365\\\/author\\\/admin\\\/#author\",\"url\":\"https:\\\/\\\/eldigitaldeasturias.com\\\/magazine365\\\/author\\\/admin\\\/\",\"name\":\"admin\",\"image\":{\"@type\":\"ImageObject\",\"@id\":\"https:\\\/\\\/eldigitaldeasturias.com\\\/magazine365\\\/queen-lanzara-un-album-inedito-de-canciones-de-los-80\\\/#authorImage\",\"url\":\"https:\\\/\\\/eldigitaldeasturias.com\\\/magazine365\\\/wp-content\\\/litespeed\\\/avatar\\\/e571bcf59a0edd6fa6838245a470f2fe.jpg?ver=1776969259\",\"width\":96,\"height\":96,\"caption\":\"admin\"}},{\"@type\":\"WebPage\",\"@id\":\"https:\\\/\\\/eldigitaldeasturias.com\\\/magazine365\\\/queen-lanzara-un-album-inedito-de-canciones-de-los-80\\\/#webpage\",\"url\":\"https:\\\/\\\/eldigitaldeasturias.com\\\/magazine365\\\/queen-lanzara-un-album-inedito-de-canciones-de-los-80\\\/\",\"name\":\"Queen lanzar\\u00e1 un \\u00e1lbum in\\u00e9dito de canciones de los 80 | El Digital de Asturias\",\"description\":\"Londres, 28 may (EFE).- El grupo de m\\u00fasica brit\\u00e1nico Queen lanzar\\u00e1 un nuevo \\u00e1lbum este a\\u00f1o formado por temas in\\u00e9ditos grabados en la d\\u00e9cada de los 80 y cantados por Freddie Mercury, anunci\\u00f3 hoy el guitarrista del grupo, Brian May, a la emisora BBC Radio Gales. \\\"Queen Forever\\\", un disco \\\"muy emotivo\\\" formado por \\\"grandes\",\"inLanguage\":\"es-ES\",\"isPartOf\":{\"@id\":\"https:\\\/\\\/eldigitaldeasturias.com\\\/magazine365\\\/#website\"},\"breadcrumb\":{\"@id\":\"https:\\\/\\\/eldigitaldeasturias.com\\\/magazine365\\\/queen-lanzara-un-album-inedito-de-canciones-de-los-80\\\/#breadcrumblist\"},\"author\":{\"@id\":\"https:\\\/\\\/eldigitaldeasturias.com\\\/magazine365\\\/author\\\/admin\\\/#author\"},\"creator\":{\"@id\":\"https:\\\/\\\/eldigitaldeasturias.com\\\/magazine365\\\/author\\\/admin\\\/#author\"},\"image\":{\"@type\":\"ImageObject\",\"url\":\"https:\\\/\\\/eldigitaldeasturias.com\\\/magazine365\\\/wp-content\\\/uploads\\\/2014\\\/05\\\/6308592w.jpg\",\"@id\":\"https:\\\/\\\/eldigitaldeasturias.com\\\/magazine365\\\/queen-lanzara-un-album-inedito-de-canciones-de-los-80\\\/#mainImage\",\"width\":800,\"height\":593},\"primaryImageOfPage\":{\"@id\":\"https:\\\/\\\/eldigitaldeasturias.com\\\/magazine365\\\/queen-lanzara-un-album-inedito-de-canciones-de-los-80\\\/#mainImage\"},\"datePublished\":\"2014-05-28T20:27:55+02:00\",\"dateModified\":\"2014-05-28T20:27:55+02:00\"},{\"@type\":\"WebSite\",\"@id\":\"https:\\\/\\\/eldigitaldeasturias.com\\\/magazine365\\\/#website\",\"url\":\"https:\\\/\\\/eldigitaldeasturias.com\\\/magazine365\\\/\",\"name\":\"El Digital de Asturias\",\"description\":\"Revista de ocio, turismo y estilo de vida\",\"inLanguage\":\"es-ES\",\"publisher\":{\"@id\":\"https:\\\/\\\/eldigitaldeasturias.com\\\/magazine365\\\/#organization\"}}]}\n\t\t<\/script>\n\t\t<!-- All in One SEO Pro -->\r\n\t\t<title>Queen lanzar\u00e1 un \u00e1lbum in\u00e9dito de canciones de los 80 | El Digital de Asturias<\/title>\n\n","aioseo_head_json":{"title":"Queen lanzar\u00e1 un \u00e1lbum in\u00e9dito de canciones de los 80 | El Digital de Asturias","description":"Londres, 28 may (EFE).- El grupo de m\u00fasica brit\u00e1nico Queen lanzar\u00e1 un nuevo \u00e1lbum este a\u00f1o formado por temas in\u00e9ditos grabados en la d\u00e9cada de los 80 y cantados por Freddie Mercury, anunci\u00f3 hoy el guitarrista del grupo, Brian May, a la emisora BBC Radio Gales. \"Queen Forever\", un disco \"muy emotivo\" formado por \"grandes","canonical_url":"https:\/\/eldigitaldeasturias.com\/magazine365\/queen-lanzara-un-album-inedito-de-canciones-de-los-80\/","robots":"max-image-preview:large","keywords":"noticias y actualidad","webmasterTools":{"google-site-verification":"UA-38556648-1","miscellaneous":""},"schema":{"@context":"https:\/\/schema.org","@graph":[{"@type":"Article","@id":"https:\/\/eldigitaldeasturias.com\/magazine365\/queen-lanzara-un-album-inedito-de-canciones-de-los-80\/#article","name":"Queen lanzar\u00e1 un \u00e1lbum in\u00e9dito de canciones de los 80 | El Digital de Asturias","headline":"Queen lanzar\u00e1 un \u00e1lbum in\u00e9dito de canciones de los 80","author":{"@id":"https:\/\/eldigitaldeasturias.com\/magazine365\/author\/admin\/#author"},"publisher":{"@id":"https:\/\/eldigitaldeasturias.com\/magazine365\/#organization"},"image":{"@type":"ImageObject","url":"https:\/\/eldigitaldeasturias.com\/magazine365\/wp-content\/uploads\/2014\/05\/6308592w.jpg","width":800,"height":593},"datePublished":"2014-05-28T20:27:55+02:00","dateModified":"2014-05-28T20:27:55+02:00","inLanguage":"es-ES","mainEntityOfPage":{"@id":"https:\/\/eldigitaldeasturias.com\/magazine365\/queen-lanzara-un-album-inedito-de-canciones-de-los-80\/#webpage"},"isPartOf":{"@id":"https:\/\/eldigitaldeasturias.com\/magazine365\/queen-lanzara-un-album-inedito-de-canciones-de-los-80\/#webpage"},"articleSection":"Noticias y Actualidad"},{"@type":"BreadcrumbList","@id":"https:\/\/eldigitaldeasturias.com\/magazine365\/queen-lanzara-un-album-inedito-de-canciones-de-los-80\/#breadcrumblist","itemListElement":[{"@type":"ListItem","@id":"https:\/\/eldigitaldeasturias.com\/magazine365#listItem","position":1,"name":"Home","item":"https:\/\/eldigitaldeasturias.com\/magazine365","nextItem":{"@type":"ListItem","@id":"https:\/\/eldigitaldeasturias.com\/magazine365\/category\/noticias-actualidad\/#listItem","name":"Noticias y Actualidad"}},{"@type":"ListItem","@id":"https:\/\/eldigitaldeasturias.com\/magazine365\/category\/noticias-actualidad\/#listItem","position":2,"name":"Noticias y Actualidad","item":"https:\/\/eldigitaldeasturias.com\/magazine365\/category\/noticias-actualidad\/","nextItem":{"@type":"ListItem","@id":"https:\/\/eldigitaldeasturias.com\/magazine365\/queen-lanzara-un-album-inedito-de-canciones-de-los-80\/#listItem","name":"Queen lanzar\u00e1 un \u00e1lbum in\u00e9dito de canciones de los 80"},"previousItem":{"@type":"ListItem","@id":"https:\/\/eldigitaldeasturias.com\/magazine365#listItem","name":"Home"}},{"@type":"ListItem","@id":"https:\/\/eldigitaldeasturias.com\/magazine365\/queen-lanzara-un-album-inedito-de-canciones-de-los-80\/#listItem","position":3,"name":"Queen lanzar\u00e1 un \u00e1lbum in\u00e9dito de canciones de los 80","previousItem":{"@type":"ListItem","@id":"https:\/\/eldigitaldeasturias.com\/magazine365\/category\/noticias-actualidad\/#listItem","name":"Noticias y Actualidad"}}]},{"@type":"Organization","@id":"https:\/\/eldigitaldeasturias.com\/magazine365\/#organization","name":"El digital de Asturias","description":"Revista de ocio, turismo y estilo de vida","url":"https:\/\/eldigitaldeasturias.com\/magazine365\/","logo":{"@type":"ImageObject","url":"https:\/\/www.eldigitaldeasturias.com\/noticias\/wp-content\/uploads\/2020\/12\/EDA.jpg","@id":"https:\/\/eldigitaldeasturias.com\/magazine365\/queen-lanzara-un-album-inedito-de-canciones-de-los-80\/#organizationLogo"},"image":{"@id":"https:\/\/eldigitaldeasturias.com\/magazine365\/queen-lanzara-un-album-inedito-de-canciones-de-los-80\/#organizationLogo"}},{"@type":"Person","@id":"https:\/\/eldigitaldeasturias.com\/magazine365\/author\/admin\/#author","url":"https:\/\/eldigitaldeasturias.com\/magazine365\/author\/admin\/","name":"admin","image":{"@type":"ImageObject","@id":"https:\/\/eldigitaldeasturias.com\/magazine365\/queen-lanzara-un-album-inedito-de-canciones-de-los-80\/#authorImage","url":"https:\/\/eldigitaldeasturias.com\/magazine365\/wp-content\/litespeed\/avatar\/e571bcf59a0edd6fa6838245a470f2fe.jpg?ver=1776969259","width":96,"height":96,"caption":"admin"}},{"@type":"WebPage","@id":"https:\/\/eldigitaldeasturias.com\/magazine365\/queen-lanzara-un-album-inedito-de-canciones-de-los-80\/#webpage","url":"https:\/\/eldigitaldeasturias.com\/magazine365\/queen-lanzara-un-album-inedito-de-canciones-de-los-80\/","name":"Queen lanzar\u00e1 un \u00e1lbum in\u00e9dito de canciones de los 80 | El Digital de Asturias","description":"Londres, 28 may (EFE).- El grupo de m\u00fasica brit\u00e1nico Queen lanzar\u00e1 un nuevo \u00e1lbum este a\u00f1o formado por temas in\u00e9ditos grabados en la d\u00e9cada de los 80 y cantados por Freddie Mercury, anunci\u00f3 hoy el guitarrista del grupo, Brian May, a la emisora BBC Radio Gales. \"Queen Forever\", un disco \"muy emotivo\" formado por \"grandes","inLanguage":"es-ES","isPartOf":{"@id":"https:\/\/eldigitaldeasturias.com\/magazine365\/#website"},"breadcrumb":{"@id":"https:\/\/eldigitaldeasturias.com\/magazine365\/queen-lanzara-un-album-inedito-de-canciones-de-los-80\/#breadcrumblist"},"author":{"@id":"https:\/\/eldigitaldeasturias.com\/magazine365\/author\/admin\/#author"},"creator":{"@id":"https:\/\/eldigitaldeasturias.com\/magazine365\/author\/admin\/#author"},"image":{"@type":"ImageObject","url":"https:\/\/eldigitaldeasturias.com\/magazine365\/wp-content\/uploads\/2014\/05\/6308592w.jpg","@id":"https:\/\/eldigitaldeasturias.com\/magazine365\/queen-lanzara-un-album-inedito-de-canciones-de-los-80\/#mainImage","width":800,"height":593},"primaryImageOfPage":{"@id":"https:\/\/eldigitaldeasturias.com\/magazine365\/queen-lanzara-un-album-inedito-de-canciones-de-los-80\/#mainImage"},"datePublished":"2014-05-28T20:27:55+02:00","dateModified":"2014-05-28T20:27:55+02:00"},{"@type":"WebSite","@id":"https:\/\/eldigitaldeasturias.com\/magazine365\/#website","url":"https:\/\/eldigitaldeasturias.com\/magazine365\/","name":"El Digital de Asturias","description":"Revista de ocio, turismo y estilo de vida","inLanguage":"es-ES","publisher":{"@id":"https:\/\/eldigitaldeasturias.com\/magazine365\/#organization"}}]},"og:locale":"es_ES","og:site_name":"El Digital de Asturias \u2013 Revista de ocio, turismo y estilo de vida","og:type":"article","og:title":"Queen lanzar\u00e1 un \u00e1lbum in\u00e9dito de canciones de los 80 | El Digital de Asturias","og:description":"Londres, 28 may (EFE).- El grupo de m\u00fasica brit\u00e1nico Queen lanzar\u00e1 un nuevo \u00e1lbum este a\u00f1o formado por temas in\u00e9ditos grabados en la d\u00e9cada de los 80 y cantados por Freddie Mercury, anunci\u00f3 hoy el guitarrista del grupo, Brian May, a la emisora BBC Radio Gales. &quot;Queen Forever&quot;, un disco &quot;muy emotivo&quot; formado por &quot;grandes","og:url":"https:\/\/eldigitaldeasturias.com\/magazine365\/queen-lanzara-un-album-inedito-de-canciones-de-los-80\/","og:image":"https:\/\/eldigitaldeasturias.com\/magazine365\/wp-content\/uploads\/2014\/05\/6308592w.jpg","og:image:secure_url":"https:\/\/eldigitaldeasturias.com\/magazine365\/wp-content\/uploads\/2014\/05\/6308592w.jpg","og:image:width":800,"og:image:height":593,"article:published_time":"2014-05-28T22:27:55+00:00","article:modified_time":"2014-05-28T22:27:55+00:00","twitter:card":"summary_large_image","twitter:title":"Queen lanzar\u00e1 un \u00e1lbum in\u00e9dito de canciones de los 80 | El Digital de Asturias","twitter:description":"Londres, 28 may (EFE).- El grupo de m\u00fasica brit\u00e1nico Queen lanzar\u00e1 un nuevo \u00e1lbum este a\u00f1o formado por temas in\u00e9ditos grabados en la d\u00e9cada de los 80 y cantados por Freddie Mercury, anunci\u00f3 hoy el guitarrista del grupo, Brian May, a la emisora BBC Radio Gales. &quot;Queen Forever&quot;, un disco &quot;muy emotivo&quot; formado por &quot;grandes","twitter:image":"https:\/\/eldigitaldeasturias.com\/magazine365\/wp-content\/uploads\/2014\/05\/6308592w.jpg"},"aioseo_meta_data":{"post_id":"14190","title":null,"description":null,"keywords":null,"keyphrases":null,"primary_term":null,"canonical_url":null,"og_title":null,"og_description":null,"og_object_type":"default","og_image_type":"default","og_image_url":null,"og_image_width":null,"og_image_height":null,"og_image_custom_url":null,"og_image_custom_fields":null,"og_video":null,"og_custom_url":null,"og_article_section":null,"og_article_tags":null,"twitter_use_og":false,"twitter_card":"default","twitter_image_type":"default","twitter_image_url":null,"twitter_image_custom_url":null,"twitter_image_custom_fields":null,"twitter_title":null,"twitter_description":null,"schema":{"blockGraphs":[],"customGraphs":[],"default":{"data":{"Article":[],"Course":[],"Dataset":[],"FAQPage":[],"Movie":[],"Person":[],"Product":[],"ProductReview":[],"Car":[],"Recipe":[],"Service":[],"SoftwareApplication":[],"WebPage":[]},"graphName":"","isEnabled":true},"graphs":[],"defaultGraph":"","defaultPostTypeGraph":""},"schema_type":null,"schema_type_options":null,"pillar_content":false,"robots_default":true,"robots_noindex":false,"robots_noarchive":false,"robots_nosnippet":false,"robots_nofollow":false,"robots_noimageindex":false,"robots_noodp":false,"robots_notranslate":false,"robots_max_snippet":null,"robots_max_videopreview":null,"robots_max_imagepreview":"large","priority":null,"frequency":null,"location":null,"local_seo":null,"seo_analyzer_scan_date":"2025-09-17 09:40:59","breadcrumb_settings":null,"limit_modified_date":false,"open_ai":null,"ai":null,"created":"2021-03-09 08:18:41","updated":"2025-09-17 09:40:59"},"aioseo_breadcrumb":"<div class=\"aioseo-breadcrumbs\"><span class=\"aioseo-breadcrumb\">\n\t<a href=\"https:\/\/eldigitaldeasturias.com\/magazine365\" title=\"Home\">Home<\/a>\n<\/span><span class=\"aioseo-breadcrumb-separator\">\u2013<\/span><span class=\"aioseo-breadcrumb\">\n\t<a href=\"https:\/\/eldigitaldeasturias.com\/magazine365\/category\/noticias-actualidad\/\" title=\"Noticias y Actualidad\">Noticias y Actualidad<\/a>\n<\/span><span class=\"aioseo-breadcrumb-separator\">\u2013<\/span><span class=\"aioseo-breadcrumb\">\n\t<a href=\"https:\/\/eldigitaldeasturias.com\/magazine365\/queen-lanzara-un-album-inedito-de-canciones-de-los-80\/\" title=\"Queen lanzar\u00e1 un \u00e1lbum in\u00e9dito de canciones de los 80\">Queen lanzar\u00e1 un \u00e1lbum in\u00e9dito de canciones de los 80<\/a>\n<\/span><\/div>","aioseo_breadcrumb_json":[{"label":"Home","link":"https:\/\/eldigitaldeasturias.com\/magazine365"},{"label":"Noticias y Actualidad","link":"https:\/\/eldigitaldeasturias.com\/magazine365\/category\/noticias-actualidad\/"},{"label":"Queen lanzar\u00e1 un \u00e1lbum in\u00e9dito de canciones de los 80","link":"https:\/\/eldigitaldeasturias.com\/magazine365\/queen-lanzara-un-album-inedito-de-canciones-de-los-80\/"}],"_links":{"self":[{"href":"https:\/\/eldigitaldeasturias.com\/magazine365\/wp-json\/wp\/v2\/posts\/14190","targetHints":{"allow":["GET"]}}],"collection":[{"href":"https:\/\/eldigitaldeasturias.com\/magazine365\/wp-json\/wp\/v2\/posts"}],"about":[{"href":"https:\/\/eldigitaldeasturias.com\/magazine365\/wp-json\/wp\/v2\/types\/post"}],"author":[{"embeddable":true,"href":"https:\/\/eldigitaldeasturias.com\/magazine365\/wp-json\/wp\/v2\/users\/1"}],"replies":[{"embeddable":true,"href":"https:\/\/eldigitaldeasturias.com\/magazine365\/wp-json\/wp\/v2\/comments?post=14190"}],"version-history":[{"count":0,"href":"https:\/\/eldigitaldeasturias.com\/magazine365\/wp-json\/wp\/v2\/posts\/14190\/revisions"}],"wp:featuredmedia":[{"embeddable":true,"href":"https:\/\/eldigitaldeasturias.com\/magazine365\/wp-json\/wp\/v2\/media\/14191"}],"wp:attachment":[{"href":"https:\/\/eldigitaldeasturias.com\/magazine365\/wp-json\/wp\/v2\/media?parent=14190"}],"wp:term":[{"taxonomy":"category","embeddable":true,"href":"https:\/\/eldigitaldeasturias.com\/magazine365\/wp-json\/wp\/v2\/categories?post=14190"},{"taxonomy":"post_tag","embeddable":true,"href":"https:\/\/eldigitaldeasturias.com\/magazine365\/wp-json\/wp\/v2\/tags?post=14190"}],"curies":[{"name":"wp","href":"https:\/\/api.w.org\/{rel}","templated":true}]}}