{"id":14187,"date":"2014-05-28T20:26:44","date_gmt":"2014-05-28T22:26:44","guid":{"rendered":"http:\/\/eldigitaldeasturias.com\/magazine365\/?p=14187"},"modified":"2014-05-28T20:26:44","modified_gmt":"2014-05-28T22:26:44","slug":"nia-vardalos-prepara-la-secuela-de-mi-gran-boda-griega","status":"publish","type":"post","link":"https:\/\/eldigitaldeasturias.com\/magazine365\/nia-vardalos-prepara-la-secuela-de-mi-gran-boda-griega\/","title":{"rendered":"Nia Vardalos prepara la secuela de \u00abMi gran boda griega\u00bb"},"content":{"rendered":"<p><img fetchpriority=\"high\" decoding=\"async\" class=\"alignleft size-medium wp-image-14188\" alt=\"6308253w\" src=\"https:\/\/eldigitaldeasturias.com\/magazine365\/wp-content\/uploads\/2014\/05\/6308253w-360x243.jpg\" width=\"360\" height=\"243\" srcset=\"https:\/\/eldigitaldeasturias.com\/magazine365\/wp-content\/uploads\/2014\/05\/6308253w-360x243.jpg 360w, https:\/\/eldigitaldeasturias.com\/magazine365\/wp-content\/uploads\/2014\/05\/6308253w-650x440.jpg 650w, https:\/\/eldigitaldeasturias.com\/magazine365\/wp-content\/uploads\/2014\/05\/6308253w-768x519.jpg 768w, https:\/\/eldigitaldeasturias.com\/magazine365\/wp-content\/uploads\/2014\/05\/6308253w-150x101.jpg 150w, https:\/\/eldigitaldeasturias.com\/magazine365\/wp-content\/uploads\/2014\/05\/6308253w-450x304.jpg 450w, https:\/\/eldigitaldeasturias.com\/magazine365\/wp-content\/uploads\/2014\/05\/6308253w-696x471.jpg 696w, https:\/\/eldigitaldeasturias.com\/magazine365\/wp-content\/uploads\/2014\/05\/6308253w-621x420.jpg 621w, https:\/\/eldigitaldeasturias.com\/magazine365\/wp-content\/uploads\/2014\/05\/6308253w.jpg 800w\" sizes=\"(max-width: 360px) 100vw, 360px\" \/>Los \u00c1ngeles (EE.UU.), 28 may (EFE).- La actriz y guionista Nia Vardalos protagonizar\u00e1 la secuela de su \u00e9xito \u00abMi gran boda griega\u00bb, pel\u00edcula para la que escribir\u00e1 el gui\u00f3n y que cuenta de nuevo con el apoyo de los productores que respaldaron la cinta original, inform\u00f3 hoy The Hollywood Reporter.<\/p>\n<p>\u00abMi gran boda griega\u00bb es una comedia estrenada en 2002 inspirada en una obra de teatro del mismo nombre creada e interpretada por Vardalos de forma independiente en Los \u00c1ngeles y que llam\u00f3 la atenci\u00f3n de la familia de Tom Hanks, cuya esposa, Rita Wilson, tiene ra\u00edces griegas.<\/p>\n<p>De la mano de Hanks, Playtone, HBO y Gold Circle, la obra lleg\u00f3 a la gran pantalla con Vardalos como actriz protagonista y guionista, trabajo este \u00faltimo que le vali\u00f3 una nominaci\u00f3n al \u00d3scar.<\/p>\n<p>La historia gira en torno a una mujer griega, en plena crisis de la mediana edad, y sobre su trance para encontrar marido y finalmente casarse como espera de ella su familia.<\/p>\n<p>El filme se convirti\u00f3 en uno de los m\u00e1s taquilleros del cine independiente tras recaudar casi 272 millones de euros.<\/p>\n<p>Vardalos volver\u00e1 a retomar su personaje, Toula Portokalos, al igual que John Corbett, que hizo de pareja de Portakalos en el largometraje.<\/p>\n<p>El proyecto carece a\u00fan de director.<\/p>\n<p>\u00abAhora que ya experiment\u00e9 la maternidad estoy lista para escribir el siguiente cap\u00edtulo de mi historia familiar. Por supuesto, algunos hastiados reporteros dir\u00e1n que me qued\u00e9 sin dinero o que solo quiero besar a John Corbett de nuevo. Una de estas tres cosas es verdad\u00bb, coment\u00f3 Vardalos.<\/p>\n","protected":false},"excerpt":{"rendered":"<p>Los \u00c1ngeles (EE.UU.), 28 may (EFE).- La actriz y guionista Nia Vardalos protagonizar\u00e1 la secuela de su \u00e9xito \u00abMi gran boda griega\u00bb, pel\u00edcula para la que escribir\u00e1 el gui\u00f3n y que cuenta de nuevo con el apoyo de los productores que respaldaron la cinta original, inform\u00f3 hoy The Hollywood Reporter. \u00abMi gran boda griega\u00bb es<\/p>\n","protected":false},"author":1,"featured_media":14188,"comment_status":"open","ping_status":"closed","sticky":false,"template":"","format":"standard","meta":{"footnotes":""},"categories":[224],"tags":[],"class_list":{"0":"post-14187","1":"post","2":"type-post","3":"status-publish","4":"format-standard","5":"has-post-thumbnail","7":"category-noticias-actualidad"},"aioseo_notices":[],"aioseo_head":"\n\t\t<!-- All in One SEO Pro 4.9.6.1 - aioseo.com -->\n\t<meta name=\"description\" content=\"Los \u00c1ngeles (EE.UU.), 28 may (EFE).- La actriz y guionista Nia Vardalos protagonizar\u00e1 la secuela de su \u00e9xito &quot;Mi gran boda griega&quot;, pel\u00edcula para la que escribir\u00e1 el gui\u00f3n y que cuenta de nuevo con el apoyo de los productores que respaldaron la cinta original, inform\u00f3 hoy The Hollywood Reporter. &quot;Mi gran boda griega&quot; es\" \/>\n\t<meta name=\"robots\" content=\"max-image-preview:large\" \/>\n\t<meta name=\"author\" content=\"admin\"\/>\n\t<meta name=\"google-site-verification\" content=\"UA-38556648-1\" \/>\n\t<meta name=\"keywords\" content=\"noticias y actualidad\" \/>\n\t<link rel=\"canonical\" href=\"https:\/\/eldigitaldeasturias.com\/magazine365\/nia-vardalos-prepara-la-secuela-de-mi-gran-boda-griega\/\" \/>\n\t<meta name=\"generator\" content=\"All in One SEO Pro (AIOSEO) 4.9.6.1\" \/>\n\t\t<meta property=\"og:locale\" content=\"es_ES\" \/>\n\t\t<meta property=\"og:site_name\" content=\"El Digital de Asturias \u2013 Revista de ocio, turismo y estilo de vida\" \/>\n\t\t<meta property=\"og:type\" content=\"article\" \/>\n\t\t<meta property=\"og:title\" content=\"Nia Vardalos prepara la secuela de \u00abMi gran boda griega\u00bb | El Digital de Asturias\" \/>\n\t\t<meta property=\"og:description\" content=\"Los \u00c1ngeles (EE.UU.), 28 may (EFE).- La actriz y guionista Nia Vardalos protagonizar\u00e1 la secuela de su \u00e9xito &quot;Mi gran boda griega&quot;, pel\u00edcula para la que escribir\u00e1 el gui\u00f3n y que cuenta de nuevo con el apoyo de los productores que respaldaron la cinta original, inform\u00f3 hoy The Hollywood Reporter. &quot;Mi gran boda griega&quot; es\" \/>\n\t\t<meta property=\"og:url\" content=\"https:\/\/eldigitaldeasturias.com\/magazine365\/nia-vardalos-prepara-la-secuela-de-mi-gran-boda-griega\/\" \/>\n\t\t<meta property=\"og:image\" content=\"https:\/\/eldigitaldeasturias.com\/magazine365\/wp-content\/uploads\/2014\/05\/6308253w.jpg\" \/>\n\t\t<meta property=\"og:image:secure_url\" content=\"https:\/\/eldigitaldeasturias.com\/magazine365\/wp-content\/uploads\/2014\/05\/6308253w.jpg\" \/>\n\t\t<meta property=\"og:image:width\" content=\"800\" \/>\n\t\t<meta property=\"og:image:height\" content=\"541\" \/>\n\t\t<meta property=\"article:published_time\" content=\"2014-05-28T22:26:44+00:00\" \/>\n\t\t<meta property=\"article:modified_time\" content=\"2014-05-28T22:26:44+00:00\" \/>\n\t\t<meta name=\"twitter:card\" content=\"summary_large_image\" \/>\n\t\t<meta name=\"twitter:title\" content=\"Nia Vardalos prepara la secuela de \u00abMi gran boda griega\u00bb | El Digital de Asturias\" \/>\n\t\t<meta name=\"twitter:description\" content=\"Los \u00c1ngeles (EE.UU.), 28 may (EFE).- La actriz y guionista Nia Vardalos protagonizar\u00e1 la secuela de su \u00e9xito &quot;Mi gran boda griega&quot;, pel\u00edcula para la que escribir\u00e1 el gui\u00f3n y que cuenta de nuevo con el apoyo de los productores que respaldaron la cinta original, inform\u00f3 hoy The Hollywood Reporter. &quot;Mi gran boda griega&quot; es\" \/>\n\t\t<meta name=\"twitter:image\" content=\"https:\/\/eldigitaldeasturias.com\/magazine365\/wp-content\/uploads\/2014\/05\/6308253w.jpg\" \/>\n\t\t<script type=\"application\/ld+json\" class=\"aioseo-schema\">\n\t\t\t{\"@context\":\"https:\\\/\\\/schema.org\",\"@graph\":[{\"@type\":\"Article\",\"@id\":\"https:\\\/\\\/eldigitaldeasturias.com\\\/magazine365\\\/nia-vardalos-prepara-la-secuela-de-mi-gran-boda-griega\\\/#article\",\"name\":\"Nia Vardalos prepara la secuela de \\u00abMi gran boda griega\\u00bb | El Digital de Asturias\",\"headline\":\"Nia Vardalos prepara la secuela de \\u00abMi gran boda griega\\u00bb\",\"author\":{\"@id\":\"https:\\\/\\\/eldigitaldeasturias.com\\\/magazine365\\\/author\\\/admin\\\/#author\"},\"publisher\":{\"@id\":\"https:\\\/\\\/eldigitaldeasturias.com\\\/magazine365\\\/#organization\"},\"image\":{\"@type\":\"ImageObject\",\"url\":\"https:\\\/\\\/eldigitaldeasturias.com\\\/magazine365\\\/wp-content\\\/uploads\\\/2014\\\/05\\\/6308253w.jpg\",\"width\":800,\"height\":541},\"datePublished\":\"2014-05-28T20:26:44+02:00\",\"dateModified\":\"2014-05-28T20:26:44+02:00\",\"inLanguage\":\"es-ES\",\"mainEntityOfPage\":{\"@id\":\"https:\\\/\\\/eldigitaldeasturias.com\\\/magazine365\\\/nia-vardalos-prepara-la-secuela-de-mi-gran-boda-griega\\\/#webpage\"},\"isPartOf\":{\"@id\":\"https:\\\/\\\/eldigitaldeasturias.com\\\/magazine365\\\/nia-vardalos-prepara-la-secuela-de-mi-gran-boda-griega\\\/#webpage\"},\"articleSection\":\"Noticias y Actualidad\"},{\"@type\":\"BreadcrumbList\",\"@id\":\"https:\\\/\\\/eldigitaldeasturias.com\\\/magazine365\\\/nia-vardalos-prepara-la-secuela-de-mi-gran-boda-griega\\\/#breadcrumblist\",\"itemListElement\":[{\"@type\":\"ListItem\",\"@id\":\"https:\\\/\\\/eldigitaldeasturias.com\\\/magazine365#listItem\",\"position\":1,\"name\":\"Home\",\"item\":\"https:\\\/\\\/eldigitaldeasturias.com\\\/magazine365\",\"nextItem\":{\"@type\":\"ListItem\",\"@id\":\"https:\\\/\\\/eldigitaldeasturias.com\\\/magazine365\\\/category\\\/noticias-actualidad\\\/#listItem\",\"name\":\"Noticias y Actualidad\"}},{\"@type\":\"ListItem\",\"@id\":\"https:\\\/\\\/eldigitaldeasturias.com\\\/magazine365\\\/category\\\/noticias-actualidad\\\/#listItem\",\"position\":2,\"name\":\"Noticias y Actualidad\",\"item\":\"https:\\\/\\\/eldigitaldeasturias.com\\\/magazine365\\\/category\\\/noticias-actualidad\\\/\",\"nextItem\":{\"@type\":\"ListItem\",\"@id\":\"https:\\\/\\\/eldigitaldeasturias.com\\\/magazine365\\\/nia-vardalos-prepara-la-secuela-de-mi-gran-boda-griega\\\/#listItem\",\"name\":\"Nia Vardalos prepara la secuela de \\u00abMi gran boda griega\\u00bb\"},\"previousItem\":{\"@type\":\"ListItem\",\"@id\":\"https:\\\/\\\/eldigitaldeasturias.com\\\/magazine365#listItem\",\"name\":\"Home\"}},{\"@type\":\"ListItem\",\"@id\":\"https:\\\/\\\/eldigitaldeasturias.com\\\/magazine365\\\/nia-vardalos-prepara-la-secuela-de-mi-gran-boda-griega\\\/#listItem\",\"position\":3,\"name\":\"Nia Vardalos prepara la secuela de \\u00abMi gran boda griega\\u00bb\",\"previousItem\":{\"@type\":\"ListItem\",\"@id\":\"https:\\\/\\\/eldigitaldeasturias.com\\\/magazine365\\\/category\\\/noticias-actualidad\\\/#listItem\",\"name\":\"Noticias y Actualidad\"}}]},{\"@type\":\"Organization\",\"@id\":\"https:\\\/\\\/eldigitaldeasturias.com\\\/magazine365\\\/#organization\",\"name\":\"El digital de Asturias\",\"description\":\"Revista de ocio, turismo y estilo de vida\",\"url\":\"https:\\\/\\\/eldigitaldeasturias.com\\\/magazine365\\\/\",\"logo\":{\"@type\":\"ImageObject\",\"url\":\"https:\\\/\\\/www.eldigitaldeasturias.com\\\/noticias\\\/wp-content\\\/uploads\\\/2020\\\/12\\\/EDA.jpg\",\"@id\":\"https:\\\/\\\/eldigitaldeasturias.com\\\/magazine365\\\/nia-vardalos-prepara-la-secuela-de-mi-gran-boda-griega\\\/#organizationLogo\"},\"image\":{\"@id\":\"https:\\\/\\\/eldigitaldeasturias.com\\\/magazine365\\\/nia-vardalos-prepara-la-secuela-de-mi-gran-boda-griega\\\/#organizationLogo\"}},{\"@type\":\"Person\",\"@id\":\"https:\\\/\\\/eldigitaldeasturias.com\\\/magazine365\\\/author\\\/admin\\\/#author\",\"url\":\"https:\\\/\\\/eldigitaldeasturias.com\\\/magazine365\\\/author\\\/admin\\\/\",\"name\":\"admin\",\"image\":{\"@type\":\"ImageObject\",\"@id\":\"https:\\\/\\\/eldigitaldeasturias.com\\\/magazine365\\\/nia-vardalos-prepara-la-secuela-de-mi-gran-boda-griega\\\/#authorImage\",\"url\":\"https:\\\/\\\/eldigitaldeasturias.com\\\/magazine365\\\/wp-content\\\/litespeed\\\/avatar\\\/e571bcf59a0edd6fa6838245a470f2fe.jpg?ver=1776969259\",\"width\":96,\"height\":96,\"caption\":\"admin\"}},{\"@type\":\"WebPage\",\"@id\":\"https:\\\/\\\/eldigitaldeasturias.com\\\/magazine365\\\/nia-vardalos-prepara-la-secuela-de-mi-gran-boda-griega\\\/#webpage\",\"url\":\"https:\\\/\\\/eldigitaldeasturias.com\\\/magazine365\\\/nia-vardalos-prepara-la-secuela-de-mi-gran-boda-griega\\\/\",\"name\":\"Nia Vardalos prepara la secuela de \\u00abMi gran boda griega\\u00bb | El Digital de Asturias\",\"description\":\"Los \\u00c1ngeles (EE.UU.), 28 may (EFE).- La actriz y guionista Nia Vardalos protagonizar\\u00e1 la secuela de su \\u00e9xito \\\"Mi gran boda griega\\\", pel\\u00edcula para la que escribir\\u00e1 el gui\\u00f3n y que cuenta de nuevo con el apoyo de los productores que respaldaron la cinta original, inform\\u00f3 hoy The Hollywood Reporter. \\\"Mi gran boda griega\\\" es\",\"inLanguage\":\"es-ES\",\"isPartOf\":{\"@id\":\"https:\\\/\\\/eldigitaldeasturias.com\\\/magazine365\\\/#website\"},\"breadcrumb\":{\"@id\":\"https:\\\/\\\/eldigitaldeasturias.com\\\/magazine365\\\/nia-vardalos-prepara-la-secuela-de-mi-gran-boda-griega\\\/#breadcrumblist\"},\"author\":{\"@id\":\"https:\\\/\\\/eldigitaldeasturias.com\\\/magazine365\\\/author\\\/admin\\\/#author\"},\"creator\":{\"@id\":\"https:\\\/\\\/eldigitaldeasturias.com\\\/magazine365\\\/author\\\/admin\\\/#author\"},\"image\":{\"@type\":\"ImageObject\",\"url\":\"https:\\\/\\\/eldigitaldeasturias.com\\\/magazine365\\\/wp-content\\\/uploads\\\/2014\\\/05\\\/6308253w.jpg\",\"@id\":\"https:\\\/\\\/eldigitaldeasturias.com\\\/magazine365\\\/nia-vardalos-prepara-la-secuela-de-mi-gran-boda-griega\\\/#mainImage\",\"width\":800,\"height\":541},\"primaryImageOfPage\":{\"@id\":\"https:\\\/\\\/eldigitaldeasturias.com\\\/magazine365\\\/nia-vardalos-prepara-la-secuela-de-mi-gran-boda-griega\\\/#mainImage\"},\"datePublished\":\"2014-05-28T20:26:44+02:00\",\"dateModified\":\"2014-05-28T20:26:44+02:00\"},{\"@type\":\"WebSite\",\"@id\":\"https:\\\/\\\/eldigitaldeasturias.com\\\/magazine365\\\/#website\",\"url\":\"https:\\\/\\\/eldigitaldeasturias.com\\\/magazine365\\\/\",\"name\":\"El Digital de Asturias\",\"description\":\"Revista de ocio, turismo y estilo de vida\",\"inLanguage\":\"es-ES\",\"publisher\":{\"@id\":\"https:\\\/\\\/eldigitaldeasturias.com\\\/magazine365\\\/#organization\"}}]}\n\t\t<\/script>\n\t\t<!-- All in One SEO Pro -->\r\n\t\t<title>Nia Vardalos prepara la secuela de \u00abMi gran boda griega\u00bb | El Digital de Asturias<\/title>\n\n","aioseo_head_json":{"title":"Nia Vardalos prepara la secuela de \u00abMi gran boda griega\u00bb | El Digital de Asturias","description":"Los \u00c1ngeles (EE.UU.), 28 may (EFE).- La actriz y guionista Nia Vardalos protagonizar\u00e1 la secuela de su \u00e9xito \"Mi gran boda griega\", pel\u00edcula para la que escribir\u00e1 el gui\u00f3n y que cuenta de nuevo con el apoyo de los productores que respaldaron la cinta original, inform\u00f3 hoy The Hollywood Reporter. \"Mi gran boda griega\" es","canonical_url":"https:\/\/eldigitaldeasturias.com\/magazine365\/nia-vardalos-prepara-la-secuela-de-mi-gran-boda-griega\/","robots":"max-image-preview:large","keywords":"noticias y actualidad","webmasterTools":{"google-site-verification":"UA-38556648-1","miscellaneous":""},"schema":{"@context":"https:\/\/schema.org","@graph":[{"@type":"Article","@id":"https:\/\/eldigitaldeasturias.com\/magazine365\/nia-vardalos-prepara-la-secuela-de-mi-gran-boda-griega\/#article","name":"Nia Vardalos prepara la secuela de \u00abMi gran boda griega\u00bb | El Digital de Asturias","headline":"Nia Vardalos prepara la secuela de \u00abMi gran boda griega\u00bb","author":{"@id":"https:\/\/eldigitaldeasturias.com\/magazine365\/author\/admin\/#author"},"publisher":{"@id":"https:\/\/eldigitaldeasturias.com\/magazine365\/#organization"},"image":{"@type":"ImageObject","url":"https:\/\/eldigitaldeasturias.com\/magazine365\/wp-content\/uploads\/2014\/05\/6308253w.jpg","width":800,"height":541},"datePublished":"2014-05-28T20:26:44+02:00","dateModified":"2014-05-28T20:26:44+02:00","inLanguage":"es-ES","mainEntityOfPage":{"@id":"https:\/\/eldigitaldeasturias.com\/magazine365\/nia-vardalos-prepara-la-secuela-de-mi-gran-boda-griega\/#webpage"},"isPartOf":{"@id":"https:\/\/eldigitaldeasturias.com\/magazine365\/nia-vardalos-prepara-la-secuela-de-mi-gran-boda-griega\/#webpage"},"articleSection":"Noticias y Actualidad"},{"@type":"BreadcrumbList","@id":"https:\/\/eldigitaldeasturias.com\/magazine365\/nia-vardalos-prepara-la-secuela-de-mi-gran-boda-griega\/#breadcrumblist","itemListElement":[{"@type":"ListItem","@id":"https:\/\/eldigitaldeasturias.com\/magazine365#listItem","position":1,"name":"Home","item":"https:\/\/eldigitaldeasturias.com\/magazine365","nextItem":{"@type":"ListItem","@id":"https:\/\/eldigitaldeasturias.com\/magazine365\/category\/noticias-actualidad\/#listItem","name":"Noticias y Actualidad"}},{"@type":"ListItem","@id":"https:\/\/eldigitaldeasturias.com\/magazine365\/category\/noticias-actualidad\/#listItem","position":2,"name":"Noticias y Actualidad","item":"https:\/\/eldigitaldeasturias.com\/magazine365\/category\/noticias-actualidad\/","nextItem":{"@type":"ListItem","@id":"https:\/\/eldigitaldeasturias.com\/magazine365\/nia-vardalos-prepara-la-secuela-de-mi-gran-boda-griega\/#listItem","name":"Nia Vardalos prepara la secuela de \u00abMi gran boda griega\u00bb"},"previousItem":{"@type":"ListItem","@id":"https:\/\/eldigitaldeasturias.com\/magazine365#listItem","name":"Home"}},{"@type":"ListItem","@id":"https:\/\/eldigitaldeasturias.com\/magazine365\/nia-vardalos-prepara-la-secuela-de-mi-gran-boda-griega\/#listItem","position":3,"name":"Nia Vardalos prepara la secuela de \u00abMi gran boda griega\u00bb","previousItem":{"@type":"ListItem","@id":"https:\/\/eldigitaldeasturias.com\/magazine365\/category\/noticias-actualidad\/#listItem","name":"Noticias y Actualidad"}}]},{"@type":"Organization","@id":"https:\/\/eldigitaldeasturias.com\/magazine365\/#organization","name":"El digital de Asturias","description":"Revista de ocio, turismo y estilo de vida","url":"https:\/\/eldigitaldeasturias.com\/magazine365\/","logo":{"@type":"ImageObject","url":"https:\/\/www.eldigitaldeasturias.com\/noticias\/wp-content\/uploads\/2020\/12\/EDA.jpg","@id":"https:\/\/eldigitaldeasturias.com\/magazine365\/nia-vardalos-prepara-la-secuela-de-mi-gran-boda-griega\/#organizationLogo"},"image":{"@id":"https:\/\/eldigitaldeasturias.com\/magazine365\/nia-vardalos-prepara-la-secuela-de-mi-gran-boda-griega\/#organizationLogo"}},{"@type":"Person","@id":"https:\/\/eldigitaldeasturias.com\/magazine365\/author\/admin\/#author","url":"https:\/\/eldigitaldeasturias.com\/magazine365\/author\/admin\/","name":"admin","image":{"@type":"ImageObject","@id":"https:\/\/eldigitaldeasturias.com\/magazine365\/nia-vardalos-prepara-la-secuela-de-mi-gran-boda-griega\/#authorImage","url":"https:\/\/eldigitaldeasturias.com\/magazine365\/wp-content\/litespeed\/avatar\/e571bcf59a0edd6fa6838245a470f2fe.jpg?ver=1776969259","width":96,"height":96,"caption":"admin"}},{"@type":"WebPage","@id":"https:\/\/eldigitaldeasturias.com\/magazine365\/nia-vardalos-prepara-la-secuela-de-mi-gran-boda-griega\/#webpage","url":"https:\/\/eldigitaldeasturias.com\/magazine365\/nia-vardalos-prepara-la-secuela-de-mi-gran-boda-griega\/","name":"Nia Vardalos prepara la secuela de \u00abMi gran boda griega\u00bb | El Digital de Asturias","description":"Los \u00c1ngeles (EE.UU.), 28 may (EFE).- La actriz y guionista Nia Vardalos protagonizar\u00e1 la secuela de su \u00e9xito \"Mi gran boda griega\", pel\u00edcula para la que escribir\u00e1 el gui\u00f3n y que cuenta de nuevo con el apoyo de los productores que respaldaron la cinta original, inform\u00f3 hoy The Hollywood Reporter. \"Mi gran boda griega\" es","inLanguage":"es-ES","isPartOf":{"@id":"https:\/\/eldigitaldeasturias.com\/magazine365\/#website"},"breadcrumb":{"@id":"https:\/\/eldigitaldeasturias.com\/magazine365\/nia-vardalos-prepara-la-secuela-de-mi-gran-boda-griega\/#breadcrumblist"},"author":{"@id":"https:\/\/eldigitaldeasturias.com\/magazine365\/author\/admin\/#author"},"creator":{"@id":"https:\/\/eldigitaldeasturias.com\/magazine365\/author\/admin\/#author"},"image":{"@type":"ImageObject","url":"https:\/\/eldigitaldeasturias.com\/magazine365\/wp-content\/uploads\/2014\/05\/6308253w.jpg","@id":"https:\/\/eldigitaldeasturias.com\/magazine365\/nia-vardalos-prepara-la-secuela-de-mi-gran-boda-griega\/#mainImage","width":800,"height":541},"primaryImageOfPage":{"@id":"https:\/\/eldigitaldeasturias.com\/magazine365\/nia-vardalos-prepara-la-secuela-de-mi-gran-boda-griega\/#mainImage"},"datePublished":"2014-05-28T20:26:44+02:00","dateModified":"2014-05-28T20:26:44+02:00"},{"@type":"WebSite","@id":"https:\/\/eldigitaldeasturias.com\/magazine365\/#website","url":"https:\/\/eldigitaldeasturias.com\/magazine365\/","name":"El Digital de Asturias","description":"Revista de ocio, turismo y estilo de vida","inLanguage":"es-ES","publisher":{"@id":"https:\/\/eldigitaldeasturias.com\/magazine365\/#organization"}}]},"og:locale":"es_ES","og:site_name":"El Digital de Asturias \u2013 Revista de ocio, turismo y estilo de vida","og:type":"article","og:title":"Nia Vardalos prepara la secuela de \u00abMi gran boda griega\u00bb | El Digital de Asturias","og:description":"Los \u00c1ngeles (EE.UU.), 28 may (EFE).- La actriz y guionista Nia Vardalos protagonizar\u00e1 la secuela de su \u00e9xito &quot;Mi gran boda griega&quot;, pel\u00edcula para la que escribir\u00e1 el gui\u00f3n y que cuenta de nuevo con el apoyo de los productores que respaldaron la cinta original, inform\u00f3 hoy The Hollywood Reporter. &quot;Mi gran boda griega&quot; es","og:url":"https:\/\/eldigitaldeasturias.com\/magazine365\/nia-vardalos-prepara-la-secuela-de-mi-gran-boda-griega\/","og:image":"https:\/\/eldigitaldeasturias.com\/magazine365\/wp-content\/uploads\/2014\/05\/6308253w.jpg","og:image:secure_url":"https:\/\/eldigitaldeasturias.com\/magazine365\/wp-content\/uploads\/2014\/05\/6308253w.jpg","og:image:width":800,"og:image:height":541,"article:published_time":"2014-05-28T22:26:44+00:00","article:modified_time":"2014-05-28T22:26:44+00:00","twitter:card":"summary_large_image","twitter:title":"Nia Vardalos prepara la secuela de \u00abMi gran boda griega\u00bb | El Digital de Asturias","twitter:description":"Los \u00c1ngeles (EE.UU.), 28 may (EFE).- La actriz y guionista Nia Vardalos protagonizar\u00e1 la secuela de su \u00e9xito &quot;Mi gran boda griega&quot;, pel\u00edcula para la que escribir\u00e1 el gui\u00f3n y que cuenta de nuevo con el apoyo de los productores que respaldaron la cinta original, inform\u00f3 hoy The Hollywood Reporter. &quot;Mi gran boda griega&quot; es","twitter:image":"https:\/\/eldigitaldeasturias.com\/magazine365\/wp-content\/uploads\/2014\/05\/6308253w.jpg"},"aioseo_meta_data":{"post_id":"14187","title":null,"description":null,"keywords":null,"keyphrases":null,"primary_term":null,"canonical_url":null,"og_title":null,"og_description":null,"og_object_type":"default","og_image_type":"default","og_image_url":null,"og_image_width":null,"og_image_height":null,"og_image_custom_url":null,"og_image_custom_fields":null,"og_video":null,"og_custom_url":null,"og_article_section":null,"og_article_tags":null,"twitter_use_og":false,"twitter_card":"default","twitter_image_type":"default","twitter_image_url":null,"twitter_image_custom_url":null,"twitter_image_custom_fields":null,"twitter_title":null,"twitter_description":null,"schema":{"blockGraphs":[],"customGraphs":[],"default":{"data":{"Article":[],"Course":[],"Dataset":[],"FAQPage":[],"Movie":[],"Person":[],"Product":[],"ProductReview":[],"Car":[],"Recipe":[],"Service":[],"SoftwareApplication":[],"WebPage":[]},"graphName":"","isEnabled":true},"graphs":[],"defaultGraph":"","defaultPostTypeGraph":""},"schema_type":null,"schema_type_options":null,"pillar_content":false,"robots_default":true,"robots_noindex":false,"robots_noarchive":false,"robots_nosnippet":false,"robots_nofollow":false,"robots_noimageindex":false,"robots_noodp":false,"robots_notranslate":false,"robots_max_snippet":null,"robots_max_videopreview":null,"robots_max_imagepreview":"large","priority":null,"frequency":null,"location":null,"local_seo":null,"seo_analyzer_scan_date":"2025-09-17 09:39:37","breadcrumb_settings":null,"limit_modified_date":false,"open_ai":null,"ai":null,"created":"2021-03-09 03:07:17","updated":"2025-09-17 09:39:37"},"aioseo_breadcrumb":"<div class=\"aioseo-breadcrumbs\"><span class=\"aioseo-breadcrumb\">\n\t<a href=\"https:\/\/eldigitaldeasturias.com\/magazine365\" title=\"Home\">Home<\/a>\n<\/span><span class=\"aioseo-breadcrumb-separator\">\u2013<\/span><span class=\"aioseo-breadcrumb\">\n\t<a href=\"https:\/\/eldigitaldeasturias.com\/magazine365\/category\/noticias-actualidad\/\" title=\"Noticias y Actualidad\">Noticias y Actualidad<\/a>\n<\/span><span class=\"aioseo-breadcrumb-separator\">\u2013<\/span><span class=\"aioseo-breadcrumb\">\n\t<a href=\"https:\/\/eldigitaldeasturias.com\/magazine365\/nia-vardalos-prepara-la-secuela-de-mi-gran-boda-griega\/\" title=\"Nia Vardalos prepara la secuela de \u00abMi gran boda griega\u00bb\">Nia Vardalos prepara la secuela de \u00abMi gran boda griega\u00bb<\/a>\n<\/span><\/div>","aioseo_breadcrumb_json":[{"label":"Home","link":"https:\/\/eldigitaldeasturias.com\/magazine365"},{"label":"Noticias y Actualidad","link":"https:\/\/eldigitaldeasturias.com\/magazine365\/category\/noticias-actualidad\/"},{"label":"Nia Vardalos prepara la secuela de \u00abMi gran boda griega\u00bb","link":"https:\/\/eldigitaldeasturias.com\/magazine365\/nia-vardalos-prepara-la-secuela-de-mi-gran-boda-griega\/"}],"_links":{"self":[{"href":"https:\/\/eldigitaldeasturias.com\/magazine365\/wp-json\/wp\/v2\/posts\/14187","targetHints":{"allow":["GET"]}}],"collection":[{"href":"https:\/\/eldigitaldeasturias.com\/magazine365\/wp-json\/wp\/v2\/posts"}],"about":[{"href":"https:\/\/eldigitaldeasturias.com\/magazine365\/wp-json\/wp\/v2\/types\/post"}],"author":[{"embeddable":true,"href":"https:\/\/eldigitaldeasturias.com\/magazine365\/wp-json\/wp\/v2\/users\/1"}],"replies":[{"embeddable":true,"href":"https:\/\/eldigitaldeasturias.com\/magazine365\/wp-json\/wp\/v2\/comments?post=14187"}],"version-history":[{"count":0,"href":"https:\/\/eldigitaldeasturias.com\/magazine365\/wp-json\/wp\/v2\/posts\/14187\/revisions"}],"wp:featuredmedia":[{"embeddable":true,"href":"https:\/\/eldigitaldeasturias.com\/magazine365\/wp-json\/wp\/v2\/media\/14188"}],"wp:attachment":[{"href":"https:\/\/eldigitaldeasturias.com\/magazine365\/wp-json\/wp\/v2\/media?parent=14187"}],"wp:term":[{"taxonomy":"category","embeddable":true,"href":"https:\/\/eldigitaldeasturias.com\/magazine365\/wp-json\/wp\/v2\/categories?post=14187"},{"taxonomy":"post_tag","embeddable":true,"href":"https:\/\/eldigitaldeasturias.com\/magazine365\/wp-json\/wp\/v2\/tags?post=14187"}],"curies":[{"name":"wp","href":"https:\/\/api.w.org\/{rel}","templated":true}]}}