{"id":14184,"date":"2014-05-28T20:25:33","date_gmt":"2014-05-28T22:25:33","guid":{"rendered":"http:\/\/eldigitaldeasturias.com\/magazine365\/?p=14184"},"modified":"2014-05-28T20:25:33","modified_gmt":"2014-05-28T22:25:33","slug":"la-jaula-de-oro-de-quemada-diez-reina-de-la-noche-en-la-gala-del-cine-mexicano","status":"publish","type":"post","link":"https:\/\/eldigitaldeasturias.com\/magazine365\/la-jaula-de-oro-de-quemada-diez-reina-de-la-noche-en-la-gala-del-cine-mexicano\/","title":{"rendered":"\u00abLa Jaula de Oro\u00bb, de Quemada-D\u00edez, reina de la noche en la gala del cine mexicano"},"content":{"rendered":"<p><img fetchpriority=\"high\" decoding=\"async\" class=\"alignleft size-medium wp-image-14185\" alt=\"6308161w\" src=\"https:\/\/eldigitaldeasturias.com\/magazine365\/wp-content\/uploads\/2014\/05\/6308161w-360x224.jpg\" width=\"360\" height=\"224\" \/>M\u00e9xico, 28 may (EFE).- La historia de tres adolescentes migrantes que viajan en el tren \u00abLa Bestia\u00bb hacia Estados Unidos, dirigida por el espa\u00f1ol Diego Quemada-D\u00edez, triunf\u00f3 en la 56 entrega de los premios Ariel del cine mexicano con nueve galardones, entre ellos el de mejor pel\u00edcula y mejor \u00f3pera prima.<\/p>\n<p>\u00abNuestra alegr\u00eda es la tristeza y el sufrimiento de muchos migrantes. Como dec\u00eda mi abuelo, &#8216;las parajodas de la vida\u00bb, dijo el cineasta al recibir el premio a la mejor cinta que dedic\u00f3 a M\u00e9xico, un \u00abgran pa\u00eds\u00bb que lo acogi\u00f3 hace 10 a\u00f1os, aunque lleva 20 siendo \u00abmigrante\u00bb por la falta de oportunidades de hacer cine en Espa\u00f1a.<\/p>\n<p>En M\u00e9xico, durante una temporada que le toc\u00f3 vivir junto a las v\u00edas del tren, empez\u00f3 a crear esta dura historia de personas que buscan un sue\u00f1o y en el camino se encuentran con la crueldad de quienes quieren extorsionarlos, violentarlos o incluso matarlos.<\/p>\n<p>El equipo de producci\u00f3n tambi\u00e9n dedic\u00f3 la pel\u00edcula, premiada en decenas de festivales internacionales, a los migrantes que d\u00eda a d\u00eda tienen que hacer esa ruta, y pidi\u00f3 a las autoridades que trabajen para ver de qu\u00e9 manera se mejoran sus condiciones.<\/p>\n<p>Adem\u00e1s de los premios a mejor pel\u00edcula y mejor \u00f3pera prima, la cinta consigui\u00f3 los galardones de mejor coactuaci\u00f3n masculina para Rodolfo Dom\u00ednguez, mejor edici\u00f3n, mejor sonido, mejor m\u00fasica original, mejor fotograf\u00eda, mejor gui\u00f3n original y mejor actor, el guatemalteco Brandon L\u00f3pez, quien dijo que el filme le ha permitido cumplir su sue\u00f1o de alcanzar la fama.<\/p>\n<p>\u00abMi sue\u00f1o era ser famoso y aqu\u00ed estoy, rodeado de actores de telenovelas y pel\u00edculas\u00bb, dijo el joven, quien fue descubierto tras un casting en una barriada de Guatemala.<\/p>\n<p>Por su papel logr\u00f3 ganar tambi\u00e9n el premio a la mejor interpretaci\u00f3n de la secci\u00f3n Una Cierta Mirada del Festival de Cannes, junto con sus compa\u00f1eros Karen Mart\u00ednez y Rodolfo Dom\u00ednguez.<\/p>\n<p>Otro ganador de Cannes, el mejor director en 2013, Amat Escalante, obtuvo hoy el Ariel al mejor director por su cinta \u00abHeli\u00bb, que retrata la cruda realidad de violencia con la que se enfrentan d\u00eda a d\u00eda miles de personas en M\u00e9xico.<\/p>\n<p>La gala, mucho menos sobria y m\u00e1s divertida que en ediciones anteriores, comenz\u00f3 con un di\u00e1logo entre los dos presentadores, Regina Orozco y Enrique Arreola, haciendo s\u00e1tiras sobre el Tratado de Libre Comercio entre Estados Unidos y M\u00e9xico que hace que las salas se saturen con pel\u00edculas estadounidenses y no haya lugar para exhibir el cine nacional.<\/p>\n<p>\u00abLos que negociaron el tratado se dejaron meter m\u00e1s goles que la selecci\u00f3n mexicana (de f\u00fatbol)\u00bb, dijo Orozco, quien refiri\u00f3 que, sin embargo, hay una colonia entera de mexicanos haciendo cine en EE.UU.<\/p>\n<p>Precisamente hubo palabras sat\u00edricas para el oscarizado mexicano Alfonso Cuar\u00f3n y su \u00abGravity\u00bb, a quien acusaron de apoyar poco el cine nacional porque, dijeron, \u00abest\u00e1 en la estratosfera\u00bb.<\/p>\n<p>La presidenta de la Academia Mexicana de las Artes y las Ciencias Cinematogr\u00e1ficas, Blanca Guerra, pronunci\u00f3 tambi\u00e9n un duro discurso y exigi\u00f3 al Gobierno que lleve a cabo pol\u00edticas que permitan a las pel\u00edculas nacionales competir de un modo m\u00e1s justo con producciones extranjeras.<\/p>\n<p>\u00abMucho hemos escuchado acerca del compromiso del Ejecutivo federal con el fomento a la cultura. Es hora de ver en el terreno de la exhibici\u00f3n y la distribuci\u00f3n cinematogr\u00e1fica hasta d\u00f3nde llega esa disposici\u00f3n\u00bb, afirm\u00f3.<\/p>\n<p>Asegur\u00f3 que \u00abno ser\u00e1 la inercia la que revierta el entorno abismal y desigual en el que el cine mexicano tiene que competir por las pantallas comerciales\u00bb, y que para recuperar el inter\u00e9s de los espectadores \u00abson imprescindibles el apoyo y la lealtad\u00bb de los due\u00f1os de las cadenas de exhibici\u00f3n, los pol\u00edticos y los medios de comunicaci\u00f3n.<\/p>\n<p>Agreg\u00f3 que en 2013 se produjeron 126 pel\u00edculas, un n\u00famero desconocido desde los a\u00f1os cincuenta, tan alto que muchas de las categor\u00edas de premios han ampliado sus nominaciones hasta cinco.<\/p>\n<p>Sin embargo, de las 248 millones de entradas de cine que se compraron s\u00f3lo un 12 % fueron de pel\u00edculas mexicanas, una cifra preocupante pero muy superior a la de 2012, cuando fue del 4 %.<\/p>\n<p>En la categor\u00eda de mejor pel\u00edcula iberoamericana result\u00f3 ganadora la chilena \u00abGloria\u00bb, de Sebasti\u00e1n Lelio, coproducida con Espa\u00f1a, que trata sobre las experiencias de una mujer madura que busca el amor.<\/p>\n<p>Recogieron el premio algunos miembros del equipo, entre ellos la protagonista Paulina Garc\u00eda.<\/p>\n<p>El premio a la mejor actriz fue para Adriana Roel por la \u00f3pera prima de Natalia Beristain \u00abNo quiero dormir sola\u00bb, mientras que la mejor coactuaci\u00f3n femenina fue para Lisa Owen por \u00abLos ins\u00f3litos peces gato\u00bb.<\/p>\n<p>La cinta \u00abCinco de mayo: la batalla\u00bb gan\u00f3 dos premios, los de mejores efectos especiales y mejores efectos visuales, el mismo n\u00famero que \u00abCiudadano Buelna\u00bb, que gan\u00f3 por mejor dise\u00f1o de arte y de vestuario.<\/p>\n<p>Otros premios que se repartieron fueron el de mejor cortometraje documental, que obtuvo \u00abUn salto a la vida\u00bb de Eugenio Polgovsky, mejor maquillaje para \u00abHalley\u00bb, mejor cortometraje de animaci\u00f3n para \u00abLluvia en los ojos\u00bb, mejor cortometraje de ficci\u00f3n para \u00abM\u00fasica para despu\u00e9s de dormir\u00bb, mejor gui\u00f3n adaptado para \u00abTercera llamada\u00bb, y mejor documental para \u00abQuebranto\u00bb.<\/p>\n<p>Recibieron el Ariel de Oro por su carrera el director Arturo Ripstein y el actor Ernesto G\u00f3mez Cruz, mientras que el actor Ignacio L\u00f3pez Tarso fue galardonado con un homenaje en vida y los ya fallecidos Jos\u00e9 Revueltas y Mar\u00eda F\u00e9lix recibieron un tributo.<\/p>\n<p>Paula Escalada Medrano<\/p>\n","protected":false},"excerpt":{"rendered":"<p>M\u00e9xico, 28 may (EFE).- La historia de tres adolescentes migrantes que viajan en el tren \u00abLa Bestia\u00bb hacia Estados Unidos, dirigida por el espa\u00f1ol Diego Quemada-D\u00edez, triunf\u00f3 en la 56 entrega de los premios Ariel del cine mexicano con nueve galardones, entre ellos el de mejor pel\u00edcula y mejor \u00f3pera prima. \u00abNuestra alegr\u00eda es la<\/p>\n","protected":false},"author":1,"featured_media":14185,"comment_status":"open","ping_status":"closed","sticky":false,"template":"","format":"standard","meta":{"footnotes":""},"categories":[224],"tags":[],"class_list":{"0":"post-14184","1":"post","2":"type-post","3":"status-publish","4":"format-standard","5":"has-post-thumbnail","7":"category-noticias-actualidad"},"aioseo_notices":[],"aioseo_head":"\n\t\t<!-- All in One SEO Pro 4.9.6.1 - aioseo.com -->\n\t<meta name=\"description\" content=\"M\u00e9xico, 28 may (EFE).- La historia de tres adolescentes migrantes que viajan en el tren &quot;La Bestia&quot; hacia Estados Unidos, dirigida por el espa\u00f1ol Diego Quemada-D\u00edez, triunf\u00f3 en la 56 entrega de los premios Ariel del cine mexicano con nueve galardones, entre ellos el de mejor pel\u00edcula y mejor \u00f3pera prima. &quot;Nuestra alegr\u00eda es la\" \/>\n\t<meta name=\"robots\" content=\"max-image-preview:large\" \/>\n\t<meta name=\"author\" content=\"admin\"\/>\n\t<meta name=\"google-site-verification\" content=\"UA-38556648-1\" \/>\n\t<meta name=\"keywords\" content=\"noticias y actualidad\" \/>\n\t<link rel=\"canonical\" href=\"https:\/\/eldigitaldeasturias.com\/magazine365\/la-jaula-de-oro-de-quemada-diez-reina-de-la-noche-en-la-gala-del-cine-mexicano\/\" \/>\n\t<meta name=\"generator\" content=\"All in One SEO Pro (AIOSEO) 4.9.6.1\" \/>\n\t\t<meta property=\"og:locale\" content=\"es_ES\" \/>\n\t\t<meta property=\"og:site_name\" content=\"El Digital de Asturias \u2013 Revista de ocio, turismo y estilo de vida\" \/>\n\t\t<meta property=\"og:type\" content=\"article\" \/>\n\t\t<meta property=\"og:title\" content=\"\u00abLa Jaula de Oro\u00bb, de Quemada-D\u00edez, reina de la noche en la gala del cine mexicano | El Digital de Asturias\" \/>\n\t\t<meta property=\"og:description\" content=\"M\u00e9xico, 28 may (EFE).- La historia de tres adolescentes migrantes que viajan en el tren &quot;La Bestia&quot; hacia Estados Unidos, dirigida por el espa\u00f1ol Diego Quemada-D\u00edez, triunf\u00f3 en la 56 entrega de los premios Ariel del cine mexicano con nueve galardones, entre ellos el de mejor pel\u00edcula y mejor \u00f3pera prima. &quot;Nuestra alegr\u00eda es la\" \/>\n\t\t<meta property=\"og:url\" content=\"https:\/\/eldigitaldeasturias.com\/magazine365\/la-jaula-de-oro-de-quemada-diez-reina-de-la-noche-en-la-gala-del-cine-mexicano\/\" \/>\n\t\t<meta property=\"og:image\" content=\"https:\/\/eldigitaldeasturias.com\/magazine365\/wp-content\/uploads\/2014\/05\/6308161w.jpg\" \/>\n\t\t<meta property=\"og:image:secure_url\" content=\"https:\/\/eldigitaldeasturias.com\/magazine365\/wp-content\/uploads\/2014\/05\/6308161w.jpg\" \/>\n\t\t<meta property=\"og:image:width\" content=\"800\" \/>\n\t\t<meta property=\"og:image:height\" content=\"499\" \/>\n\t\t<meta property=\"article:published_time\" content=\"2014-05-28T22:25:33+00:00\" \/>\n\t\t<meta property=\"article:modified_time\" content=\"2014-05-28T22:25:33+00:00\" \/>\n\t\t<meta name=\"twitter:card\" content=\"summary_large_image\" \/>\n\t\t<meta name=\"twitter:title\" content=\"\u00abLa Jaula de Oro\u00bb, de Quemada-D\u00edez, reina de la noche en la gala del cine mexicano | El Digital de Asturias\" \/>\n\t\t<meta name=\"twitter:description\" content=\"M\u00e9xico, 28 may (EFE).- La historia de tres adolescentes migrantes que viajan en el tren &quot;La Bestia&quot; hacia Estados Unidos, dirigida por el espa\u00f1ol Diego Quemada-D\u00edez, triunf\u00f3 en la 56 entrega de los premios Ariel del cine mexicano con nueve galardones, entre ellos el de mejor pel\u00edcula y mejor \u00f3pera prima. &quot;Nuestra alegr\u00eda es la\" \/>\n\t\t<meta name=\"twitter:image\" content=\"https:\/\/eldigitaldeasturias.com\/magazine365\/wp-content\/uploads\/2014\/05\/6308161w.jpg\" \/>\n\t\t<script type=\"application\/ld+json\" class=\"aioseo-schema\">\n\t\t\t{\"@context\":\"https:\\\/\\\/schema.org\",\"@graph\":[{\"@type\":\"Article\",\"@id\":\"https:\\\/\\\/eldigitaldeasturias.com\\\/magazine365\\\/la-jaula-de-oro-de-quemada-diez-reina-de-la-noche-en-la-gala-del-cine-mexicano\\\/#article\",\"name\":\"\\u00abLa Jaula de Oro\\u00bb, de Quemada-D\\u00edez, reina de la noche en la gala del cine mexicano | El Digital de Asturias\",\"headline\":\"\\u00abLa Jaula de Oro\\u00bb, de Quemada-D\\u00edez, reina de la noche en la gala del cine mexicano\",\"author\":{\"@id\":\"https:\\\/\\\/eldigitaldeasturias.com\\\/magazine365\\\/author\\\/admin\\\/#author\"},\"publisher\":{\"@id\":\"https:\\\/\\\/eldigitaldeasturias.com\\\/magazine365\\\/#organization\"},\"image\":{\"@type\":\"ImageObject\",\"url\":\"https:\\\/\\\/eldigitaldeasturias.com\\\/magazine365\\\/wp-content\\\/uploads\\\/2014\\\/05\\\/6308161w.jpg\",\"width\":800,\"height\":499},\"datePublished\":\"2014-05-28T20:25:33+02:00\",\"dateModified\":\"2014-05-28T20:25:33+02:00\",\"inLanguage\":\"es-ES\",\"mainEntityOfPage\":{\"@id\":\"https:\\\/\\\/eldigitaldeasturias.com\\\/magazine365\\\/la-jaula-de-oro-de-quemada-diez-reina-de-la-noche-en-la-gala-del-cine-mexicano\\\/#webpage\"},\"isPartOf\":{\"@id\":\"https:\\\/\\\/eldigitaldeasturias.com\\\/magazine365\\\/la-jaula-de-oro-de-quemada-diez-reina-de-la-noche-en-la-gala-del-cine-mexicano\\\/#webpage\"},\"articleSection\":\"Noticias y Actualidad\"},{\"@type\":\"BreadcrumbList\",\"@id\":\"https:\\\/\\\/eldigitaldeasturias.com\\\/magazine365\\\/la-jaula-de-oro-de-quemada-diez-reina-de-la-noche-en-la-gala-del-cine-mexicano\\\/#breadcrumblist\",\"itemListElement\":[{\"@type\":\"ListItem\",\"@id\":\"https:\\\/\\\/eldigitaldeasturias.com\\\/magazine365#listItem\",\"position\":1,\"name\":\"Home\",\"item\":\"https:\\\/\\\/eldigitaldeasturias.com\\\/magazine365\",\"nextItem\":{\"@type\":\"ListItem\",\"@id\":\"https:\\\/\\\/eldigitaldeasturias.com\\\/magazine365\\\/category\\\/noticias-actualidad\\\/#listItem\",\"name\":\"Noticias y Actualidad\"}},{\"@type\":\"ListItem\",\"@id\":\"https:\\\/\\\/eldigitaldeasturias.com\\\/magazine365\\\/category\\\/noticias-actualidad\\\/#listItem\",\"position\":2,\"name\":\"Noticias y Actualidad\",\"item\":\"https:\\\/\\\/eldigitaldeasturias.com\\\/magazine365\\\/category\\\/noticias-actualidad\\\/\",\"nextItem\":{\"@type\":\"ListItem\",\"@id\":\"https:\\\/\\\/eldigitaldeasturias.com\\\/magazine365\\\/la-jaula-de-oro-de-quemada-diez-reina-de-la-noche-en-la-gala-del-cine-mexicano\\\/#listItem\",\"name\":\"\\u00abLa Jaula de Oro\\u00bb, de Quemada-D\\u00edez, reina de la noche en la gala del cine mexicano\"},\"previousItem\":{\"@type\":\"ListItem\",\"@id\":\"https:\\\/\\\/eldigitaldeasturias.com\\\/magazine365#listItem\",\"name\":\"Home\"}},{\"@type\":\"ListItem\",\"@id\":\"https:\\\/\\\/eldigitaldeasturias.com\\\/magazine365\\\/la-jaula-de-oro-de-quemada-diez-reina-de-la-noche-en-la-gala-del-cine-mexicano\\\/#listItem\",\"position\":3,\"name\":\"\\u00abLa Jaula de Oro\\u00bb, de Quemada-D\\u00edez, reina de la noche en la gala del cine mexicano\",\"previousItem\":{\"@type\":\"ListItem\",\"@id\":\"https:\\\/\\\/eldigitaldeasturias.com\\\/magazine365\\\/category\\\/noticias-actualidad\\\/#listItem\",\"name\":\"Noticias y Actualidad\"}}]},{\"@type\":\"Organization\",\"@id\":\"https:\\\/\\\/eldigitaldeasturias.com\\\/magazine365\\\/#organization\",\"name\":\"El digital de Asturias\",\"description\":\"Revista de ocio, turismo y estilo de vida\",\"url\":\"https:\\\/\\\/eldigitaldeasturias.com\\\/magazine365\\\/\",\"logo\":{\"@type\":\"ImageObject\",\"url\":\"https:\\\/\\\/www.eldigitaldeasturias.com\\\/noticias\\\/wp-content\\\/uploads\\\/2020\\\/12\\\/EDA.jpg\",\"@id\":\"https:\\\/\\\/eldigitaldeasturias.com\\\/magazine365\\\/la-jaula-de-oro-de-quemada-diez-reina-de-la-noche-en-la-gala-del-cine-mexicano\\\/#organizationLogo\"},\"image\":{\"@id\":\"https:\\\/\\\/eldigitaldeasturias.com\\\/magazine365\\\/la-jaula-de-oro-de-quemada-diez-reina-de-la-noche-en-la-gala-del-cine-mexicano\\\/#organizationLogo\"}},{\"@type\":\"Person\",\"@id\":\"https:\\\/\\\/eldigitaldeasturias.com\\\/magazine365\\\/author\\\/admin\\\/#author\",\"url\":\"https:\\\/\\\/eldigitaldeasturias.com\\\/magazine365\\\/author\\\/admin\\\/\",\"name\":\"admin\",\"image\":{\"@type\":\"ImageObject\",\"@id\":\"https:\\\/\\\/eldigitaldeasturias.com\\\/magazine365\\\/la-jaula-de-oro-de-quemada-diez-reina-de-la-noche-en-la-gala-del-cine-mexicano\\\/#authorImage\",\"url\":\"https:\\\/\\\/eldigitaldeasturias.com\\\/magazine365\\\/wp-content\\\/litespeed\\\/avatar\\\/e571bcf59a0edd6fa6838245a470f2fe.jpg?ver=1776969259\",\"width\":96,\"height\":96,\"caption\":\"admin\"}},{\"@type\":\"WebPage\",\"@id\":\"https:\\\/\\\/eldigitaldeasturias.com\\\/magazine365\\\/la-jaula-de-oro-de-quemada-diez-reina-de-la-noche-en-la-gala-del-cine-mexicano\\\/#webpage\",\"url\":\"https:\\\/\\\/eldigitaldeasturias.com\\\/magazine365\\\/la-jaula-de-oro-de-quemada-diez-reina-de-la-noche-en-la-gala-del-cine-mexicano\\\/\",\"name\":\"\\u00abLa Jaula de Oro\\u00bb, de Quemada-D\\u00edez, reina de la noche en la gala del cine mexicano | El Digital de Asturias\",\"description\":\"M\\u00e9xico, 28 may (EFE).- La historia de tres adolescentes migrantes que viajan en el tren \\\"La Bestia\\\" hacia Estados Unidos, dirigida por el espa\\u00f1ol Diego Quemada-D\\u00edez, triunf\\u00f3 en la 56 entrega de los premios Ariel del cine mexicano con nueve galardones, entre ellos el de mejor pel\\u00edcula y mejor \\u00f3pera prima. \\\"Nuestra alegr\\u00eda es la\",\"inLanguage\":\"es-ES\",\"isPartOf\":{\"@id\":\"https:\\\/\\\/eldigitaldeasturias.com\\\/magazine365\\\/#website\"},\"breadcrumb\":{\"@id\":\"https:\\\/\\\/eldigitaldeasturias.com\\\/magazine365\\\/la-jaula-de-oro-de-quemada-diez-reina-de-la-noche-en-la-gala-del-cine-mexicano\\\/#breadcrumblist\"},\"author\":{\"@id\":\"https:\\\/\\\/eldigitaldeasturias.com\\\/magazine365\\\/author\\\/admin\\\/#author\"},\"creator\":{\"@id\":\"https:\\\/\\\/eldigitaldeasturias.com\\\/magazine365\\\/author\\\/admin\\\/#author\"},\"image\":{\"@type\":\"ImageObject\",\"url\":\"https:\\\/\\\/eldigitaldeasturias.com\\\/magazine365\\\/wp-content\\\/uploads\\\/2014\\\/05\\\/6308161w.jpg\",\"@id\":\"https:\\\/\\\/eldigitaldeasturias.com\\\/magazine365\\\/la-jaula-de-oro-de-quemada-diez-reina-de-la-noche-en-la-gala-del-cine-mexicano\\\/#mainImage\",\"width\":800,\"height\":499},\"primaryImageOfPage\":{\"@id\":\"https:\\\/\\\/eldigitaldeasturias.com\\\/magazine365\\\/la-jaula-de-oro-de-quemada-diez-reina-de-la-noche-en-la-gala-del-cine-mexicano\\\/#mainImage\"},\"datePublished\":\"2014-05-28T20:25:33+02:00\",\"dateModified\":\"2014-05-28T20:25:33+02:00\"},{\"@type\":\"WebSite\",\"@id\":\"https:\\\/\\\/eldigitaldeasturias.com\\\/magazine365\\\/#website\",\"url\":\"https:\\\/\\\/eldigitaldeasturias.com\\\/magazine365\\\/\",\"name\":\"El Digital de Asturias\",\"description\":\"Revista de ocio, turismo y estilo de vida\",\"inLanguage\":\"es-ES\",\"publisher\":{\"@id\":\"https:\\\/\\\/eldigitaldeasturias.com\\\/magazine365\\\/#organization\"}}]}\n\t\t<\/script>\n\t\t<!-- All in One SEO Pro -->\r\n\t\t<title>\u00abLa Jaula de Oro\u00bb, de Quemada-D\u00edez, reina de la noche en la gala del cine mexicano | El Digital de Asturias<\/title>\n\n","aioseo_head_json":{"title":"\u00abLa Jaula de Oro\u00bb, de Quemada-D\u00edez, reina de la noche en la gala del cine mexicano | El Digital de Asturias","description":"M\u00e9xico, 28 may (EFE).- La historia de tres adolescentes migrantes que viajan en el tren \"La Bestia\" hacia Estados Unidos, dirigida por el espa\u00f1ol Diego Quemada-D\u00edez, triunf\u00f3 en la 56 entrega de los premios Ariel del cine mexicano con nueve galardones, entre ellos el de mejor pel\u00edcula y mejor \u00f3pera prima. \"Nuestra alegr\u00eda es la","canonical_url":"https:\/\/eldigitaldeasturias.com\/magazine365\/la-jaula-de-oro-de-quemada-diez-reina-de-la-noche-en-la-gala-del-cine-mexicano\/","robots":"max-image-preview:large","keywords":"noticias y actualidad","webmasterTools":{"google-site-verification":"UA-38556648-1","miscellaneous":""},"schema":{"@context":"https:\/\/schema.org","@graph":[{"@type":"Article","@id":"https:\/\/eldigitaldeasturias.com\/magazine365\/la-jaula-de-oro-de-quemada-diez-reina-de-la-noche-en-la-gala-del-cine-mexicano\/#article","name":"\u00abLa Jaula de Oro\u00bb, de Quemada-D\u00edez, reina de la noche en la gala del cine mexicano | El Digital de Asturias","headline":"\u00abLa Jaula de Oro\u00bb, de Quemada-D\u00edez, reina de la noche en la gala del cine mexicano","author":{"@id":"https:\/\/eldigitaldeasturias.com\/magazine365\/author\/admin\/#author"},"publisher":{"@id":"https:\/\/eldigitaldeasturias.com\/magazine365\/#organization"},"image":{"@type":"ImageObject","url":"https:\/\/eldigitaldeasturias.com\/magazine365\/wp-content\/uploads\/2014\/05\/6308161w.jpg","width":800,"height":499},"datePublished":"2014-05-28T20:25:33+02:00","dateModified":"2014-05-28T20:25:33+02:00","inLanguage":"es-ES","mainEntityOfPage":{"@id":"https:\/\/eldigitaldeasturias.com\/magazine365\/la-jaula-de-oro-de-quemada-diez-reina-de-la-noche-en-la-gala-del-cine-mexicano\/#webpage"},"isPartOf":{"@id":"https:\/\/eldigitaldeasturias.com\/magazine365\/la-jaula-de-oro-de-quemada-diez-reina-de-la-noche-en-la-gala-del-cine-mexicano\/#webpage"},"articleSection":"Noticias y Actualidad"},{"@type":"BreadcrumbList","@id":"https:\/\/eldigitaldeasturias.com\/magazine365\/la-jaula-de-oro-de-quemada-diez-reina-de-la-noche-en-la-gala-del-cine-mexicano\/#breadcrumblist","itemListElement":[{"@type":"ListItem","@id":"https:\/\/eldigitaldeasturias.com\/magazine365#listItem","position":1,"name":"Home","item":"https:\/\/eldigitaldeasturias.com\/magazine365","nextItem":{"@type":"ListItem","@id":"https:\/\/eldigitaldeasturias.com\/magazine365\/category\/noticias-actualidad\/#listItem","name":"Noticias y Actualidad"}},{"@type":"ListItem","@id":"https:\/\/eldigitaldeasturias.com\/magazine365\/category\/noticias-actualidad\/#listItem","position":2,"name":"Noticias y Actualidad","item":"https:\/\/eldigitaldeasturias.com\/magazine365\/category\/noticias-actualidad\/","nextItem":{"@type":"ListItem","@id":"https:\/\/eldigitaldeasturias.com\/magazine365\/la-jaula-de-oro-de-quemada-diez-reina-de-la-noche-en-la-gala-del-cine-mexicano\/#listItem","name":"\u00abLa Jaula de Oro\u00bb, de Quemada-D\u00edez, reina de la noche en la gala del cine mexicano"},"previousItem":{"@type":"ListItem","@id":"https:\/\/eldigitaldeasturias.com\/magazine365#listItem","name":"Home"}},{"@type":"ListItem","@id":"https:\/\/eldigitaldeasturias.com\/magazine365\/la-jaula-de-oro-de-quemada-diez-reina-de-la-noche-en-la-gala-del-cine-mexicano\/#listItem","position":3,"name":"\u00abLa Jaula de Oro\u00bb, de Quemada-D\u00edez, reina de la noche en la gala del cine mexicano","previousItem":{"@type":"ListItem","@id":"https:\/\/eldigitaldeasturias.com\/magazine365\/category\/noticias-actualidad\/#listItem","name":"Noticias y Actualidad"}}]},{"@type":"Organization","@id":"https:\/\/eldigitaldeasturias.com\/magazine365\/#organization","name":"El digital de Asturias","description":"Revista de ocio, turismo y estilo de vida","url":"https:\/\/eldigitaldeasturias.com\/magazine365\/","logo":{"@type":"ImageObject","url":"https:\/\/www.eldigitaldeasturias.com\/noticias\/wp-content\/uploads\/2020\/12\/EDA.jpg","@id":"https:\/\/eldigitaldeasturias.com\/magazine365\/la-jaula-de-oro-de-quemada-diez-reina-de-la-noche-en-la-gala-del-cine-mexicano\/#organizationLogo"},"image":{"@id":"https:\/\/eldigitaldeasturias.com\/magazine365\/la-jaula-de-oro-de-quemada-diez-reina-de-la-noche-en-la-gala-del-cine-mexicano\/#organizationLogo"}},{"@type":"Person","@id":"https:\/\/eldigitaldeasturias.com\/magazine365\/author\/admin\/#author","url":"https:\/\/eldigitaldeasturias.com\/magazine365\/author\/admin\/","name":"admin","image":{"@type":"ImageObject","@id":"https:\/\/eldigitaldeasturias.com\/magazine365\/la-jaula-de-oro-de-quemada-diez-reina-de-la-noche-en-la-gala-del-cine-mexicano\/#authorImage","url":"https:\/\/eldigitaldeasturias.com\/magazine365\/wp-content\/litespeed\/avatar\/e571bcf59a0edd6fa6838245a470f2fe.jpg?ver=1776969259","width":96,"height":96,"caption":"admin"}},{"@type":"WebPage","@id":"https:\/\/eldigitaldeasturias.com\/magazine365\/la-jaula-de-oro-de-quemada-diez-reina-de-la-noche-en-la-gala-del-cine-mexicano\/#webpage","url":"https:\/\/eldigitaldeasturias.com\/magazine365\/la-jaula-de-oro-de-quemada-diez-reina-de-la-noche-en-la-gala-del-cine-mexicano\/","name":"\u00abLa Jaula de Oro\u00bb, de Quemada-D\u00edez, reina de la noche en la gala del cine mexicano | El Digital de Asturias","description":"M\u00e9xico, 28 may (EFE).- La historia de tres adolescentes migrantes que viajan en el tren \"La Bestia\" hacia Estados Unidos, dirigida por el espa\u00f1ol Diego Quemada-D\u00edez, triunf\u00f3 en la 56 entrega de los premios Ariel del cine mexicano con nueve galardones, entre ellos el de mejor pel\u00edcula y mejor \u00f3pera prima. \"Nuestra alegr\u00eda es la","inLanguage":"es-ES","isPartOf":{"@id":"https:\/\/eldigitaldeasturias.com\/magazine365\/#website"},"breadcrumb":{"@id":"https:\/\/eldigitaldeasturias.com\/magazine365\/la-jaula-de-oro-de-quemada-diez-reina-de-la-noche-en-la-gala-del-cine-mexicano\/#breadcrumblist"},"author":{"@id":"https:\/\/eldigitaldeasturias.com\/magazine365\/author\/admin\/#author"},"creator":{"@id":"https:\/\/eldigitaldeasturias.com\/magazine365\/author\/admin\/#author"},"image":{"@type":"ImageObject","url":"https:\/\/eldigitaldeasturias.com\/magazine365\/wp-content\/uploads\/2014\/05\/6308161w.jpg","@id":"https:\/\/eldigitaldeasturias.com\/magazine365\/la-jaula-de-oro-de-quemada-diez-reina-de-la-noche-en-la-gala-del-cine-mexicano\/#mainImage","width":800,"height":499},"primaryImageOfPage":{"@id":"https:\/\/eldigitaldeasturias.com\/magazine365\/la-jaula-de-oro-de-quemada-diez-reina-de-la-noche-en-la-gala-del-cine-mexicano\/#mainImage"},"datePublished":"2014-05-28T20:25:33+02:00","dateModified":"2014-05-28T20:25:33+02:00"},{"@type":"WebSite","@id":"https:\/\/eldigitaldeasturias.com\/magazine365\/#website","url":"https:\/\/eldigitaldeasturias.com\/magazine365\/","name":"El Digital de Asturias","description":"Revista de ocio, turismo y estilo de vida","inLanguage":"es-ES","publisher":{"@id":"https:\/\/eldigitaldeasturias.com\/magazine365\/#organization"}}]},"og:locale":"es_ES","og:site_name":"El Digital de Asturias \u2013 Revista de ocio, turismo y estilo de vida","og:type":"article","og:title":"\u00abLa Jaula de Oro\u00bb, de Quemada-D\u00edez, reina de la noche en la gala del cine mexicano | El Digital de Asturias","og:description":"M\u00e9xico, 28 may (EFE).- La historia de tres adolescentes migrantes que viajan en el tren &quot;La Bestia&quot; hacia Estados Unidos, dirigida por el espa\u00f1ol Diego Quemada-D\u00edez, triunf\u00f3 en la 56 entrega de los premios Ariel del cine mexicano con nueve galardones, entre ellos el de mejor pel\u00edcula y mejor \u00f3pera prima. &quot;Nuestra alegr\u00eda es la","og:url":"https:\/\/eldigitaldeasturias.com\/magazine365\/la-jaula-de-oro-de-quemada-diez-reina-de-la-noche-en-la-gala-del-cine-mexicano\/","og:image":"https:\/\/eldigitaldeasturias.com\/magazine365\/wp-content\/uploads\/2014\/05\/6308161w.jpg","og:image:secure_url":"https:\/\/eldigitaldeasturias.com\/magazine365\/wp-content\/uploads\/2014\/05\/6308161w.jpg","og:image:width":800,"og:image:height":499,"article:published_time":"2014-05-28T22:25:33+00:00","article:modified_time":"2014-05-28T22:25:33+00:00","twitter:card":"summary_large_image","twitter:title":"\u00abLa Jaula de Oro\u00bb, de Quemada-D\u00edez, reina de la noche en la gala del cine mexicano | El Digital de Asturias","twitter:description":"M\u00e9xico, 28 may (EFE).- La historia de tres adolescentes migrantes que viajan en el tren &quot;La Bestia&quot; hacia Estados Unidos, dirigida por el espa\u00f1ol Diego Quemada-D\u00edez, triunf\u00f3 en la 56 entrega de los premios Ariel del cine mexicano con nueve galardones, entre ellos el de mejor pel\u00edcula y mejor \u00f3pera prima. &quot;Nuestra alegr\u00eda es la","twitter:image":"https:\/\/eldigitaldeasturias.com\/magazine365\/wp-content\/uploads\/2014\/05\/6308161w.jpg"},"aioseo_meta_data":{"post_id":"14184","title":null,"description":null,"keywords":null,"keyphrases":null,"primary_term":null,"canonical_url":null,"og_title":null,"og_description":null,"og_object_type":"default","og_image_type":"default","og_image_url":null,"og_image_width":null,"og_image_height":null,"og_image_custom_url":null,"og_image_custom_fields":null,"og_video":null,"og_custom_url":null,"og_article_section":null,"og_article_tags":null,"twitter_use_og":false,"twitter_card":"default","twitter_image_type":"default","twitter_image_url":null,"twitter_image_custom_url":null,"twitter_image_custom_fields":null,"twitter_title":null,"twitter_description":null,"schema":{"blockGraphs":[],"customGraphs":[],"default":{"data":{"Article":[],"Course":[],"Dataset":[],"FAQPage":[],"Movie":[],"Person":[],"Product":[],"ProductReview":[],"Car":[],"Recipe":[],"Service":[],"SoftwareApplication":[],"WebPage":[]},"graphName":"","isEnabled":true},"graphs":[]},"schema_type":null,"schema_type_options":null,"pillar_content":false,"robots_default":true,"robots_noindex":false,"robots_noarchive":false,"robots_nosnippet":false,"robots_nofollow":false,"robots_noimageindex":false,"robots_noodp":false,"robots_notranslate":false,"robots_max_snippet":null,"robots_max_videopreview":null,"robots_max_imagepreview":"large","priority":null,"frequency":null,"location":null,"local_seo":null,"seo_analyzer_scan_date":"2025-09-17 09:39:36","breadcrumb_settings":null,"limit_modified_date":false,"open_ai":null,"ai":null,"created":"2021-03-09 08:18:41","updated":"2025-09-17 09:39:36"},"aioseo_breadcrumb":"<div class=\"aioseo-breadcrumbs\"><span class=\"aioseo-breadcrumb\">\n\t<a href=\"https:\/\/eldigitaldeasturias.com\/magazine365\" title=\"Home\">Home<\/a>\n<\/span><span class=\"aioseo-breadcrumb-separator\">\u2013<\/span><span class=\"aioseo-breadcrumb\">\n\t<a href=\"https:\/\/eldigitaldeasturias.com\/magazine365\/category\/noticias-actualidad\/\" title=\"Noticias y Actualidad\">Noticias y Actualidad<\/a>\n<\/span><span class=\"aioseo-breadcrumb-separator\">\u2013<\/span><span class=\"aioseo-breadcrumb\">\n\t<a href=\"https:\/\/eldigitaldeasturias.com\/magazine365\/la-jaula-de-oro-de-quemada-diez-reina-de-la-noche-en-la-gala-del-cine-mexicano\/\" title=\"\u00abLa Jaula de Oro\u00bb, de Quemada-D\u00edez, reina de la noche en la gala del cine mexicano\">\u00abLa Jaula de Oro\u00bb, de Quemada-D\u00edez, reina de la noche en la gala del cine mexicano<\/a>\n<\/span><\/div>","aioseo_breadcrumb_json":[{"label":"Home","link":"https:\/\/eldigitaldeasturias.com\/magazine365"},{"label":"Noticias y Actualidad","link":"https:\/\/eldigitaldeasturias.com\/magazine365\/category\/noticias-actualidad\/"},{"label":"\u00abLa Jaula de Oro\u00bb, de Quemada-D\u00edez, reina de la noche en la gala del cine mexicano","link":"https:\/\/eldigitaldeasturias.com\/magazine365\/la-jaula-de-oro-de-quemada-diez-reina-de-la-noche-en-la-gala-del-cine-mexicano\/"}],"_links":{"self":[{"href":"https:\/\/eldigitaldeasturias.com\/magazine365\/wp-json\/wp\/v2\/posts\/14184","targetHints":{"allow":["GET"]}}],"collection":[{"href":"https:\/\/eldigitaldeasturias.com\/magazine365\/wp-json\/wp\/v2\/posts"}],"about":[{"href":"https:\/\/eldigitaldeasturias.com\/magazine365\/wp-json\/wp\/v2\/types\/post"}],"author":[{"embeddable":true,"href":"https:\/\/eldigitaldeasturias.com\/magazine365\/wp-json\/wp\/v2\/users\/1"}],"replies":[{"embeddable":true,"href":"https:\/\/eldigitaldeasturias.com\/magazine365\/wp-json\/wp\/v2\/comments?post=14184"}],"version-history":[{"count":0,"href":"https:\/\/eldigitaldeasturias.com\/magazine365\/wp-json\/wp\/v2\/posts\/14184\/revisions"}],"wp:featuredmedia":[{"embeddable":true,"href":"https:\/\/eldigitaldeasturias.com\/magazine365\/wp-json\/wp\/v2\/media\/14185"}],"wp:attachment":[{"href":"https:\/\/eldigitaldeasturias.com\/magazine365\/wp-json\/wp\/v2\/media?parent=14184"}],"wp:term":[{"taxonomy":"category","embeddable":true,"href":"https:\/\/eldigitaldeasturias.com\/magazine365\/wp-json\/wp\/v2\/categories?post=14184"},{"taxonomy":"post_tag","embeddable":true,"href":"https:\/\/eldigitaldeasturias.com\/magazine365\/wp-json\/wp\/v2\/tags?post=14184"}],"curies":[{"name":"wp","href":"https:\/\/api.w.org\/{rel}","templated":true}]}}