{"id":14172,"date":"2014-05-27T20:21:50","date_gmt":"2014-05-27T22:21:50","guid":{"rendered":"http:\/\/eldigitaldeasturias.com\/magazine365\/?p=14172"},"modified":"2014-05-27T20:21:50","modified_gmt":"2014-05-27T22:21:50","slug":"fumar-multiplica-por-cinco-el-riesgo-de-lesionar-la-retina","status":"publish","type":"post","link":"https:\/\/eldigitaldeasturias.com\/magazine365\/fumar-multiplica-por-cinco-el-riesgo-de-lesionar-la-retina\/","title":{"rendered":"Fumar multiplica por cinco el riesgo de lesionar la retina"},"content":{"rendered":"<p><img fetchpriority=\"high\" decoding=\"async\" class=\"alignleft size-medium wp-image-14173\" alt=\"6307083w\" src=\"https:\/\/eldigitaldeasturias.com\/magazine365\/wp-content\/uploads\/2014\/05\/6307083w-360x239.jpg\" width=\"360\" height=\"239\" \/>Barcelona, 27 may (EFE).- El Instituto de Microcirug\u00eda Ocular (IMO) ha advertido que el tabaco dispara el riesgo de lesionar la retina y es el principal factor ambiental de la degeneraci\u00f3n macular asociada a la edad (DMAE), primera causa de ceguera en mayores en el mundo occidental.<\/p>\n<p>Con motivo del D\u00eda mundial sin tabaco, que se celebra este s\u00e1bado, el Instituto ha querido alertar que la DMAE \u00abes un problema que va en aumento con el incremento de la esperanza de vida y que se dispara en el caso de los fumadores, quienes padecen la dolencia de forma m\u00e1s precoz y virulenta\u00bb.<\/p>\n<p>La raz\u00f3n de esta enfermedad, que afecta gravemente a la visi\u00f3n de detalle que nos permite leer, escribir o conducir es \u00abla incidencia directa del tabaco sobre la circulaci\u00f3n de los vasos de la retina, igual que afecta al resto de vasos del organismo\u00bb, seg\u00fan han informado fuentes del Instituto.<\/p>\n<p>Los especialistas han destacado que, \u00abaunque los efectos nocivos del tabaco en relaci\u00f3n al c\u00e1ncer y a la patolog\u00edas cardiovasculares son muy conocidos, frecuentemente tienden a obviarse las consecuencias negativas que fumar tiene para la visi\u00f3n\u00bb.<\/p>\n<p>El oftalm\u00f3logo Rafael Navarro ha recordado que \u00abfumar potencia todas las patolog\u00edas cuya causa primaria es la mala circulaci\u00f3n\u00bb, por lo que recomienda llevar una vida sana que ayude a prevenir enfermedades como la diabetes, hipertensi\u00f3n o cardiopat\u00eda.<\/p>\n<p>El Instituto de microcirug\u00eda ocular tambi\u00e9n ha destacado la necesidad de someterse a revisiones oculares anuales a partir de los 40 a\u00f1os o bien si se tienen factores de riesgo importantes, como antecedentes familiares, alta miop\u00eda o enfermedades cr\u00f3nicas del sistema central.<\/p>\n","protected":false},"excerpt":{"rendered":"<p>Barcelona, 27 may (EFE).- El Instituto de Microcirug\u00eda Ocular (IMO) ha advertido que el tabaco dispara el riesgo de lesionar la retina y es el principal factor ambiental de la degeneraci\u00f3n macular asociada a la edad (DMAE), primera causa de ceguera en mayores en el mundo occidental. Con motivo del D\u00eda mundial sin tabaco, que<\/p>\n","protected":false},"author":1,"featured_media":14173,"comment_status":"open","ping_status":"closed","sticky":false,"template":"","format":"standard","meta":{"footnotes":""},"categories":[224],"tags":[],"class_list":{"0":"post-14172","1":"post","2":"type-post","3":"status-publish","4":"format-standard","5":"has-post-thumbnail","7":"category-noticias-actualidad"},"aioseo_notices":[],"aioseo_head":"\n\t\t<!-- All in One SEO Pro 4.9.6.1 - aioseo.com -->\n\t<meta name=\"description\" content=\"Barcelona, 27 may (EFE).- El Instituto de Microcirug\u00eda Ocular (IMO) ha advertido que el tabaco dispara el riesgo de lesionar la retina y es el principal factor ambiental de la degeneraci\u00f3n macular asociada a la edad (DMAE), primera causa de ceguera en mayores en el mundo occidental. Con motivo del D\u00eda mundial sin tabaco, que\" \/>\n\t<meta name=\"robots\" content=\"max-image-preview:large\" \/>\n\t<meta name=\"author\" content=\"admin\"\/>\n\t<meta name=\"google-site-verification\" content=\"UA-38556648-1\" \/>\n\t<meta name=\"keywords\" content=\"noticias y actualidad\" \/>\n\t<link rel=\"canonical\" href=\"https:\/\/eldigitaldeasturias.com\/magazine365\/fumar-multiplica-por-cinco-el-riesgo-de-lesionar-la-retina\/\" \/>\n\t<meta name=\"generator\" content=\"All in One SEO Pro (AIOSEO) 4.9.6.1\" \/>\n\t\t<meta property=\"og:locale\" content=\"es_ES\" \/>\n\t\t<meta property=\"og:site_name\" content=\"El Digital de Asturias \u2013 Revista de ocio, turismo y estilo de vida\" \/>\n\t\t<meta property=\"og:type\" content=\"article\" \/>\n\t\t<meta property=\"og:title\" content=\"Fumar multiplica por cinco el riesgo de lesionar la retina | El Digital de Asturias\" \/>\n\t\t<meta property=\"og:description\" content=\"Barcelona, 27 may (EFE).- El Instituto de Microcirug\u00eda Ocular (IMO) ha advertido que el tabaco dispara el riesgo de lesionar la retina y es el principal factor ambiental de la degeneraci\u00f3n macular asociada a la edad (DMAE), primera causa de ceguera en mayores en el mundo occidental. Con motivo del D\u00eda mundial sin tabaco, que\" \/>\n\t\t<meta property=\"og:url\" content=\"https:\/\/eldigitaldeasturias.com\/magazine365\/fumar-multiplica-por-cinco-el-riesgo-de-lesionar-la-retina\/\" \/>\n\t\t<meta property=\"og:image\" content=\"https:\/\/eldigitaldeasturias.com\/magazine365\/wp-content\/uploads\/2014\/05\/6307083w.jpg\" \/>\n\t\t<meta property=\"og:image:secure_url\" content=\"https:\/\/eldigitaldeasturias.com\/magazine365\/wp-content\/uploads\/2014\/05\/6307083w.jpg\" \/>\n\t\t<meta property=\"og:image:width\" content=\"800\" \/>\n\t\t<meta property=\"og:image:height\" content=\"533\" \/>\n\t\t<meta property=\"article:published_time\" content=\"2014-05-27T22:21:50+00:00\" \/>\n\t\t<meta property=\"article:modified_time\" content=\"2014-05-27T22:21:50+00:00\" \/>\n\t\t<meta name=\"twitter:card\" content=\"summary_large_image\" \/>\n\t\t<meta name=\"twitter:title\" content=\"Fumar multiplica por cinco el riesgo de lesionar la retina | El Digital de Asturias\" \/>\n\t\t<meta name=\"twitter:description\" content=\"Barcelona, 27 may (EFE).- El Instituto de Microcirug\u00eda Ocular (IMO) ha advertido que el tabaco dispara el riesgo de lesionar la retina y es el principal factor ambiental de la degeneraci\u00f3n macular asociada a la edad (DMAE), primera causa de ceguera en mayores en el mundo occidental. Con motivo del D\u00eda mundial sin tabaco, que\" \/>\n\t\t<meta name=\"twitter:image\" content=\"https:\/\/eldigitaldeasturias.com\/magazine365\/wp-content\/uploads\/2014\/05\/6307083w.jpg\" \/>\n\t\t<script type=\"application\/ld+json\" class=\"aioseo-schema\">\n\t\t\t{\"@context\":\"https:\\\/\\\/schema.org\",\"@graph\":[{\"@type\":\"Article\",\"@id\":\"https:\\\/\\\/eldigitaldeasturias.com\\\/magazine365\\\/fumar-multiplica-por-cinco-el-riesgo-de-lesionar-la-retina\\\/#article\",\"name\":\"Fumar multiplica por cinco el riesgo de lesionar la retina | El Digital de Asturias\",\"headline\":\"Fumar multiplica por cinco el riesgo de lesionar la retina\",\"author\":{\"@id\":\"https:\\\/\\\/eldigitaldeasturias.com\\\/magazine365\\\/author\\\/admin\\\/#author\"},\"publisher\":{\"@id\":\"https:\\\/\\\/eldigitaldeasturias.com\\\/magazine365\\\/#organization\"},\"image\":{\"@type\":\"ImageObject\",\"url\":\"https:\\\/\\\/eldigitaldeasturias.com\\\/magazine365\\\/wp-content\\\/uploads\\\/2014\\\/05\\\/6307083w.jpg\",\"width\":800,\"height\":533},\"datePublished\":\"2014-05-27T20:21:50+02:00\",\"dateModified\":\"2014-05-27T20:21:50+02:00\",\"inLanguage\":\"es-ES\",\"mainEntityOfPage\":{\"@id\":\"https:\\\/\\\/eldigitaldeasturias.com\\\/magazine365\\\/fumar-multiplica-por-cinco-el-riesgo-de-lesionar-la-retina\\\/#webpage\"},\"isPartOf\":{\"@id\":\"https:\\\/\\\/eldigitaldeasturias.com\\\/magazine365\\\/fumar-multiplica-por-cinco-el-riesgo-de-lesionar-la-retina\\\/#webpage\"},\"articleSection\":\"Noticias y Actualidad\"},{\"@type\":\"BreadcrumbList\",\"@id\":\"https:\\\/\\\/eldigitaldeasturias.com\\\/magazine365\\\/fumar-multiplica-por-cinco-el-riesgo-de-lesionar-la-retina\\\/#breadcrumblist\",\"itemListElement\":[{\"@type\":\"ListItem\",\"@id\":\"https:\\\/\\\/eldigitaldeasturias.com\\\/magazine365#listItem\",\"position\":1,\"name\":\"Home\",\"item\":\"https:\\\/\\\/eldigitaldeasturias.com\\\/magazine365\",\"nextItem\":{\"@type\":\"ListItem\",\"@id\":\"https:\\\/\\\/eldigitaldeasturias.com\\\/magazine365\\\/category\\\/noticias-actualidad\\\/#listItem\",\"name\":\"Noticias y Actualidad\"}},{\"@type\":\"ListItem\",\"@id\":\"https:\\\/\\\/eldigitaldeasturias.com\\\/magazine365\\\/category\\\/noticias-actualidad\\\/#listItem\",\"position\":2,\"name\":\"Noticias y Actualidad\",\"item\":\"https:\\\/\\\/eldigitaldeasturias.com\\\/magazine365\\\/category\\\/noticias-actualidad\\\/\",\"nextItem\":{\"@type\":\"ListItem\",\"@id\":\"https:\\\/\\\/eldigitaldeasturias.com\\\/magazine365\\\/fumar-multiplica-por-cinco-el-riesgo-de-lesionar-la-retina\\\/#listItem\",\"name\":\"Fumar multiplica por cinco el riesgo de lesionar la retina\"},\"previousItem\":{\"@type\":\"ListItem\",\"@id\":\"https:\\\/\\\/eldigitaldeasturias.com\\\/magazine365#listItem\",\"name\":\"Home\"}},{\"@type\":\"ListItem\",\"@id\":\"https:\\\/\\\/eldigitaldeasturias.com\\\/magazine365\\\/fumar-multiplica-por-cinco-el-riesgo-de-lesionar-la-retina\\\/#listItem\",\"position\":3,\"name\":\"Fumar multiplica por cinco el riesgo de lesionar la retina\",\"previousItem\":{\"@type\":\"ListItem\",\"@id\":\"https:\\\/\\\/eldigitaldeasturias.com\\\/magazine365\\\/category\\\/noticias-actualidad\\\/#listItem\",\"name\":\"Noticias y Actualidad\"}}]},{\"@type\":\"Organization\",\"@id\":\"https:\\\/\\\/eldigitaldeasturias.com\\\/magazine365\\\/#organization\",\"name\":\"El digital de Asturias\",\"description\":\"Revista de ocio, turismo y estilo de vida\",\"url\":\"https:\\\/\\\/eldigitaldeasturias.com\\\/magazine365\\\/\",\"logo\":{\"@type\":\"ImageObject\",\"url\":\"https:\\\/\\\/www.eldigitaldeasturias.com\\\/noticias\\\/wp-content\\\/uploads\\\/2020\\\/12\\\/EDA.jpg\",\"@id\":\"https:\\\/\\\/eldigitaldeasturias.com\\\/magazine365\\\/fumar-multiplica-por-cinco-el-riesgo-de-lesionar-la-retina\\\/#organizationLogo\"},\"image\":{\"@id\":\"https:\\\/\\\/eldigitaldeasturias.com\\\/magazine365\\\/fumar-multiplica-por-cinco-el-riesgo-de-lesionar-la-retina\\\/#organizationLogo\"}},{\"@type\":\"Person\",\"@id\":\"https:\\\/\\\/eldigitaldeasturias.com\\\/magazine365\\\/author\\\/admin\\\/#author\",\"url\":\"https:\\\/\\\/eldigitaldeasturias.com\\\/magazine365\\\/author\\\/admin\\\/\",\"name\":\"admin\",\"image\":{\"@type\":\"ImageObject\",\"@id\":\"https:\\\/\\\/eldigitaldeasturias.com\\\/magazine365\\\/fumar-multiplica-por-cinco-el-riesgo-de-lesionar-la-retina\\\/#authorImage\",\"url\":\"https:\\\/\\\/eldigitaldeasturias.com\\\/magazine365\\\/wp-content\\\/litespeed\\\/avatar\\\/e571bcf59a0edd6fa6838245a470f2fe.jpg?ver=1776969259\",\"width\":96,\"height\":96,\"caption\":\"admin\"}},{\"@type\":\"WebPage\",\"@id\":\"https:\\\/\\\/eldigitaldeasturias.com\\\/magazine365\\\/fumar-multiplica-por-cinco-el-riesgo-de-lesionar-la-retina\\\/#webpage\",\"url\":\"https:\\\/\\\/eldigitaldeasturias.com\\\/magazine365\\\/fumar-multiplica-por-cinco-el-riesgo-de-lesionar-la-retina\\\/\",\"name\":\"Fumar multiplica por cinco el riesgo de lesionar la retina | El Digital de Asturias\",\"description\":\"Barcelona, 27 may (EFE).- El Instituto de Microcirug\\u00eda Ocular (IMO) ha advertido que el tabaco dispara el riesgo de lesionar la retina y es el principal factor ambiental de la degeneraci\\u00f3n macular asociada a la edad (DMAE), primera causa de ceguera en mayores en el mundo occidental. Con motivo del D\\u00eda mundial sin tabaco, que\",\"inLanguage\":\"es-ES\",\"isPartOf\":{\"@id\":\"https:\\\/\\\/eldigitaldeasturias.com\\\/magazine365\\\/#website\"},\"breadcrumb\":{\"@id\":\"https:\\\/\\\/eldigitaldeasturias.com\\\/magazine365\\\/fumar-multiplica-por-cinco-el-riesgo-de-lesionar-la-retina\\\/#breadcrumblist\"},\"author\":{\"@id\":\"https:\\\/\\\/eldigitaldeasturias.com\\\/magazine365\\\/author\\\/admin\\\/#author\"},\"creator\":{\"@id\":\"https:\\\/\\\/eldigitaldeasturias.com\\\/magazine365\\\/author\\\/admin\\\/#author\"},\"image\":{\"@type\":\"ImageObject\",\"url\":\"https:\\\/\\\/eldigitaldeasturias.com\\\/magazine365\\\/wp-content\\\/uploads\\\/2014\\\/05\\\/6307083w.jpg\",\"@id\":\"https:\\\/\\\/eldigitaldeasturias.com\\\/magazine365\\\/fumar-multiplica-por-cinco-el-riesgo-de-lesionar-la-retina\\\/#mainImage\",\"width\":800,\"height\":533},\"primaryImageOfPage\":{\"@id\":\"https:\\\/\\\/eldigitaldeasturias.com\\\/magazine365\\\/fumar-multiplica-por-cinco-el-riesgo-de-lesionar-la-retina\\\/#mainImage\"},\"datePublished\":\"2014-05-27T20:21:50+02:00\",\"dateModified\":\"2014-05-27T20:21:50+02:00\"},{\"@type\":\"WebSite\",\"@id\":\"https:\\\/\\\/eldigitaldeasturias.com\\\/magazine365\\\/#website\",\"url\":\"https:\\\/\\\/eldigitaldeasturias.com\\\/magazine365\\\/\",\"name\":\"El Digital de Asturias\",\"description\":\"Revista de ocio, turismo y estilo de vida\",\"inLanguage\":\"es-ES\",\"publisher\":{\"@id\":\"https:\\\/\\\/eldigitaldeasturias.com\\\/magazine365\\\/#organization\"}}]}\n\t\t<\/script>\n\t\t<!-- All in One SEO Pro -->\r\n\t\t<title>Fumar multiplica por cinco el riesgo de lesionar la retina | El Digital de Asturias<\/title>\n\n","aioseo_head_json":{"title":"Fumar multiplica por cinco el riesgo de lesionar la retina | El Digital de Asturias","description":"Barcelona, 27 may (EFE).- El Instituto de Microcirug\u00eda Ocular (IMO) ha advertido que el tabaco dispara el riesgo de lesionar la retina y es el principal factor ambiental de la degeneraci\u00f3n macular asociada a la edad (DMAE), primera causa de ceguera en mayores en el mundo occidental. Con motivo del D\u00eda mundial sin tabaco, que","canonical_url":"https:\/\/eldigitaldeasturias.com\/magazine365\/fumar-multiplica-por-cinco-el-riesgo-de-lesionar-la-retina\/","robots":"max-image-preview:large","keywords":"noticias y actualidad","webmasterTools":{"google-site-verification":"UA-38556648-1","miscellaneous":""},"schema":{"@context":"https:\/\/schema.org","@graph":[{"@type":"Article","@id":"https:\/\/eldigitaldeasturias.com\/magazine365\/fumar-multiplica-por-cinco-el-riesgo-de-lesionar-la-retina\/#article","name":"Fumar multiplica por cinco el riesgo de lesionar la retina | El Digital de Asturias","headline":"Fumar multiplica por cinco el riesgo de lesionar la retina","author":{"@id":"https:\/\/eldigitaldeasturias.com\/magazine365\/author\/admin\/#author"},"publisher":{"@id":"https:\/\/eldigitaldeasturias.com\/magazine365\/#organization"},"image":{"@type":"ImageObject","url":"https:\/\/eldigitaldeasturias.com\/magazine365\/wp-content\/uploads\/2014\/05\/6307083w.jpg","width":800,"height":533},"datePublished":"2014-05-27T20:21:50+02:00","dateModified":"2014-05-27T20:21:50+02:00","inLanguage":"es-ES","mainEntityOfPage":{"@id":"https:\/\/eldigitaldeasturias.com\/magazine365\/fumar-multiplica-por-cinco-el-riesgo-de-lesionar-la-retina\/#webpage"},"isPartOf":{"@id":"https:\/\/eldigitaldeasturias.com\/magazine365\/fumar-multiplica-por-cinco-el-riesgo-de-lesionar-la-retina\/#webpage"},"articleSection":"Noticias y Actualidad"},{"@type":"BreadcrumbList","@id":"https:\/\/eldigitaldeasturias.com\/magazine365\/fumar-multiplica-por-cinco-el-riesgo-de-lesionar-la-retina\/#breadcrumblist","itemListElement":[{"@type":"ListItem","@id":"https:\/\/eldigitaldeasturias.com\/magazine365#listItem","position":1,"name":"Home","item":"https:\/\/eldigitaldeasturias.com\/magazine365","nextItem":{"@type":"ListItem","@id":"https:\/\/eldigitaldeasturias.com\/magazine365\/category\/noticias-actualidad\/#listItem","name":"Noticias y Actualidad"}},{"@type":"ListItem","@id":"https:\/\/eldigitaldeasturias.com\/magazine365\/category\/noticias-actualidad\/#listItem","position":2,"name":"Noticias y Actualidad","item":"https:\/\/eldigitaldeasturias.com\/magazine365\/category\/noticias-actualidad\/","nextItem":{"@type":"ListItem","@id":"https:\/\/eldigitaldeasturias.com\/magazine365\/fumar-multiplica-por-cinco-el-riesgo-de-lesionar-la-retina\/#listItem","name":"Fumar multiplica por cinco el riesgo de lesionar la retina"},"previousItem":{"@type":"ListItem","@id":"https:\/\/eldigitaldeasturias.com\/magazine365#listItem","name":"Home"}},{"@type":"ListItem","@id":"https:\/\/eldigitaldeasturias.com\/magazine365\/fumar-multiplica-por-cinco-el-riesgo-de-lesionar-la-retina\/#listItem","position":3,"name":"Fumar multiplica por cinco el riesgo de lesionar la retina","previousItem":{"@type":"ListItem","@id":"https:\/\/eldigitaldeasturias.com\/magazine365\/category\/noticias-actualidad\/#listItem","name":"Noticias y Actualidad"}}]},{"@type":"Organization","@id":"https:\/\/eldigitaldeasturias.com\/magazine365\/#organization","name":"El digital de Asturias","description":"Revista de ocio, turismo y estilo de vida","url":"https:\/\/eldigitaldeasturias.com\/magazine365\/","logo":{"@type":"ImageObject","url":"https:\/\/www.eldigitaldeasturias.com\/noticias\/wp-content\/uploads\/2020\/12\/EDA.jpg","@id":"https:\/\/eldigitaldeasturias.com\/magazine365\/fumar-multiplica-por-cinco-el-riesgo-de-lesionar-la-retina\/#organizationLogo"},"image":{"@id":"https:\/\/eldigitaldeasturias.com\/magazine365\/fumar-multiplica-por-cinco-el-riesgo-de-lesionar-la-retina\/#organizationLogo"}},{"@type":"Person","@id":"https:\/\/eldigitaldeasturias.com\/magazine365\/author\/admin\/#author","url":"https:\/\/eldigitaldeasturias.com\/magazine365\/author\/admin\/","name":"admin","image":{"@type":"ImageObject","@id":"https:\/\/eldigitaldeasturias.com\/magazine365\/fumar-multiplica-por-cinco-el-riesgo-de-lesionar-la-retina\/#authorImage","url":"https:\/\/eldigitaldeasturias.com\/magazine365\/wp-content\/litespeed\/avatar\/e571bcf59a0edd6fa6838245a470f2fe.jpg?ver=1776969259","width":96,"height":96,"caption":"admin"}},{"@type":"WebPage","@id":"https:\/\/eldigitaldeasturias.com\/magazine365\/fumar-multiplica-por-cinco-el-riesgo-de-lesionar-la-retina\/#webpage","url":"https:\/\/eldigitaldeasturias.com\/magazine365\/fumar-multiplica-por-cinco-el-riesgo-de-lesionar-la-retina\/","name":"Fumar multiplica por cinco el riesgo de lesionar la retina | El Digital de Asturias","description":"Barcelona, 27 may (EFE).- El Instituto de Microcirug\u00eda Ocular (IMO) ha advertido que el tabaco dispara el riesgo de lesionar la retina y es el principal factor ambiental de la degeneraci\u00f3n macular asociada a la edad (DMAE), primera causa de ceguera en mayores en el mundo occidental. Con motivo del D\u00eda mundial sin tabaco, que","inLanguage":"es-ES","isPartOf":{"@id":"https:\/\/eldigitaldeasturias.com\/magazine365\/#website"},"breadcrumb":{"@id":"https:\/\/eldigitaldeasturias.com\/magazine365\/fumar-multiplica-por-cinco-el-riesgo-de-lesionar-la-retina\/#breadcrumblist"},"author":{"@id":"https:\/\/eldigitaldeasturias.com\/magazine365\/author\/admin\/#author"},"creator":{"@id":"https:\/\/eldigitaldeasturias.com\/magazine365\/author\/admin\/#author"},"image":{"@type":"ImageObject","url":"https:\/\/eldigitaldeasturias.com\/magazine365\/wp-content\/uploads\/2014\/05\/6307083w.jpg","@id":"https:\/\/eldigitaldeasturias.com\/magazine365\/fumar-multiplica-por-cinco-el-riesgo-de-lesionar-la-retina\/#mainImage","width":800,"height":533},"primaryImageOfPage":{"@id":"https:\/\/eldigitaldeasturias.com\/magazine365\/fumar-multiplica-por-cinco-el-riesgo-de-lesionar-la-retina\/#mainImage"},"datePublished":"2014-05-27T20:21:50+02:00","dateModified":"2014-05-27T20:21:50+02:00"},{"@type":"WebSite","@id":"https:\/\/eldigitaldeasturias.com\/magazine365\/#website","url":"https:\/\/eldigitaldeasturias.com\/magazine365\/","name":"El Digital de Asturias","description":"Revista de ocio, turismo y estilo de vida","inLanguage":"es-ES","publisher":{"@id":"https:\/\/eldigitaldeasturias.com\/magazine365\/#organization"}}]},"og:locale":"es_ES","og:site_name":"El Digital de Asturias \u2013 Revista de ocio, turismo y estilo de vida","og:type":"article","og:title":"Fumar multiplica por cinco el riesgo de lesionar la retina | El Digital de Asturias","og:description":"Barcelona, 27 may (EFE).- El Instituto de Microcirug\u00eda Ocular (IMO) ha advertido que el tabaco dispara el riesgo de lesionar la retina y es el principal factor ambiental de la degeneraci\u00f3n macular asociada a la edad (DMAE), primera causa de ceguera en mayores en el mundo occidental. Con motivo del D\u00eda mundial sin tabaco, que","og:url":"https:\/\/eldigitaldeasturias.com\/magazine365\/fumar-multiplica-por-cinco-el-riesgo-de-lesionar-la-retina\/","og:image":"https:\/\/eldigitaldeasturias.com\/magazine365\/wp-content\/uploads\/2014\/05\/6307083w.jpg","og:image:secure_url":"https:\/\/eldigitaldeasturias.com\/magazine365\/wp-content\/uploads\/2014\/05\/6307083w.jpg","og:image:width":800,"og:image:height":533,"article:published_time":"2014-05-27T22:21:50+00:00","article:modified_time":"2014-05-27T22:21:50+00:00","twitter:card":"summary_large_image","twitter:title":"Fumar multiplica por cinco el riesgo de lesionar la retina | El Digital de Asturias","twitter:description":"Barcelona, 27 may (EFE).- El Instituto de Microcirug\u00eda Ocular (IMO) ha advertido que el tabaco dispara el riesgo de lesionar la retina y es el principal factor ambiental de la degeneraci\u00f3n macular asociada a la edad (DMAE), primera causa de ceguera en mayores en el mundo occidental. Con motivo del D\u00eda mundial sin tabaco, que","twitter:image":"https:\/\/eldigitaldeasturias.com\/magazine365\/wp-content\/uploads\/2014\/05\/6307083w.jpg"},"aioseo_meta_data":{"post_id":"14172","title":null,"description":null,"keywords":null,"keyphrases":null,"primary_term":null,"canonical_url":null,"og_title":null,"og_description":null,"og_object_type":"default","og_image_type":"default","og_image_url":null,"og_image_width":null,"og_image_height":null,"og_image_custom_url":null,"og_image_custom_fields":null,"og_video":null,"og_custom_url":null,"og_article_section":null,"og_article_tags":null,"twitter_use_og":false,"twitter_card":"default","twitter_image_type":"default","twitter_image_url":null,"twitter_image_custom_url":null,"twitter_image_custom_fields":null,"twitter_title":null,"twitter_description":null,"schema":{"blockGraphs":[],"customGraphs":[],"default":{"data":{"Article":[],"Course":[],"Dataset":[],"FAQPage":[],"Movie":[],"Person":[],"Product":[],"ProductReview":[],"Car":[],"Recipe":[],"Service":[],"SoftwareApplication":[],"WebPage":[]},"graphName":"","isEnabled":true},"graphs":[],"defaultGraph":"","defaultPostTypeGraph":""},"schema_type":null,"schema_type_options":null,"pillar_content":false,"robots_default":true,"robots_noindex":false,"robots_noarchive":false,"robots_nosnippet":false,"robots_nofollow":false,"robots_noimageindex":false,"robots_noodp":false,"robots_notranslate":false,"robots_max_snippet":null,"robots_max_videopreview":null,"robots_max_imagepreview":"large","priority":null,"frequency":null,"location":null,"local_seo":null,"seo_analyzer_scan_date":"2025-09-17 09:38:01","breadcrumb_settings":null,"limit_modified_date":false,"open_ai":null,"ai":null,"created":"2021-03-09 08:18:41","updated":"2025-09-17 09:38:01"},"aioseo_breadcrumb":"<div class=\"aioseo-breadcrumbs\"><span class=\"aioseo-breadcrumb\">\n\t<a href=\"https:\/\/eldigitaldeasturias.com\/magazine365\" title=\"Home\">Home<\/a>\n<\/span><span class=\"aioseo-breadcrumb-separator\">\u2013<\/span><span class=\"aioseo-breadcrumb\">\n\t<a href=\"https:\/\/eldigitaldeasturias.com\/magazine365\/category\/noticias-actualidad\/\" title=\"Noticias y Actualidad\">Noticias y Actualidad<\/a>\n<\/span><span class=\"aioseo-breadcrumb-separator\">\u2013<\/span><span class=\"aioseo-breadcrumb\">\n\t<a href=\"https:\/\/eldigitaldeasturias.com\/magazine365\/fumar-multiplica-por-cinco-el-riesgo-de-lesionar-la-retina\/\" title=\"Fumar multiplica por cinco el riesgo de lesionar la retina\">Fumar multiplica por cinco el riesgo de lesionar la retina<\/a>\n<\/span><\/div>","aioseo_breadcrumb_json":[{"label":"Home","link":"https:\/\/eldigitaldeasturias.com\/magazine365"},{"label":"Noticias y Actualidad","link":"https:\/\/eldigitaldeasturias.com\/magazine365\/category\/noticias-actualidad\/"},{"label":"Fumar multiplica por cinco el riesgo de lesionar la retina","link":"https:\/\/eldigitaldeasturias.com\/magazine365\/fumar-multiplica-por-cinco-el-riesgo-de-lesionar-la-retina\/"}],"_links":{"self":[{"href":"https:\/\/eldigitaldeasturias.com\/magazine365\/wp-json\/wp\/v2\/posts\/14172","targetHints":{"allow":["GET"]}}],"collection":[{"href":"https:\/\/eldigitaldeasturias.com\/magazine365\/wp-json\/wp\/v2\/posts"}],"about":[{"href":"https:\/\/eldigitaldeasturias.com\/magazine365\/wp-json\/wp\/v2\/types\/post"}],"author":[{"embeddable":true,"href":"https:\/\/eldigitaldeasturias.com\/magazine365\/wp-json\/wp\/v2\/users\/1"}],"replies":[{"embeddable":true,"href":"https:\/\/eldigitaldeasturias.com\/magazine365\/wp-json\/wp\/v2\/comments?post=14172"}],"version-history":[{"count":0,"href":"https:\/\/eldigitaldeasturias.com\/magazine365\/wp-json\/wp\/v2\/posts\/14172\/revisions"}],"wp:featuredmedia":[{"embeddable":true,"href":"https:\/\/eldigitaldeasturias.com\/magazine365\/wp-json\/wp\/v2\/media\/14173"}],"wp:attachment":[{"href":"https:\/\/eldigitaldeasturias.com\/magazine365\/wp-json\/wp\/v2\/media?parent=14172"}],"wp:term":[{"taxonomy":"category","embeddable":true,"href":"https:\/\/eldigitaldeasturias.com\/magazine365\/wp-json\/wp\/v2\/categories?post=14172"},{"taxonomy":"post_tag","embeddable":true,"href":"https:\/\/eldigitaldeasturias.com\/magazine365\/wp-json\/wp\/v2\/tags?post=14172"}],"curies":[{"name":"wp","href":"https:\/\/api.w.org\/{rel}","templated":true}]}}