{"id":14166,"date":"2014-05-27T20:18:32","date_gmt":"2014-05-27T22:18:32","guid":{"rendered":"http:\/\/eldigitaldeasturias.com\/magazine365\/?p=14166"},"modified":"2014-05-27T20:18:32","modified_gmt":"2014-05-27T22:18:32","slug":"los-reyes-de-holanda-cierran-su-visita-en-alemania-con-una-cumbre-de-negocios","status":"publish","type":"post","link":"https:\/\/eldigitaldeasturias.com\/magazine365\/los-reyes-de-holanda-cierran-su-visita-en-alemania-con-una-cumbre-de-negocios\/","title":{"rendered":"Los reyes de Holanda cierran su visita en Alemania con una cumbre de negocios"},"content":{"rendered":"<p><img fetchpriority=\"high\" decoding=\"async\" class=\"alignleft size-medium wp-image-14167\" alt=\"6305097w\" src=\"https:\/\/eldigitaldeasturias.com\/magazine365\/wp-content\/uploads\/2014\/05\/6305097w-360x241.jpg\" width=\"360\" height=\"241\" srcset=\"https:\/\/eldigitaldeasturias.com\/magazine365\/wp-content\/uploads\/2014\/05\/6305097w-360x241.jpg 360w, https:\/\/eldigitaldeasturias.com\/magazine365\/wp-content\/uploads\/2014\/05\/6305097w-650x436.jpg 650w, https:\/\/eldigitaldeasturias.com\/magazine365\/wp-content\/uploads\/2014\/05\/6305097w-768x515.jpg 768w, https:\/\/eldigitaldeasturias.com\/magazine365\/wp-content\/uploads\/2014\/05\/6305097w-150x101.jpg 150w, https:\/\/eldigitaldeasturias.com\/magazine365\/wp-content\/uploads\/2014\/05\/6305097w-450x302.jpg 450w, https:\/\/eldigitaldeasturias.com\/magazine365\/wp-content\/uploads\/2014\/05\/6305097w-696x466.jpg 696w, https:\/\/eldigitaldeasturias.com\/magazine365\/wp-content\/uploads\/2014\/05\/6305097w-627x420.jpg 627w, https:\/\/eldigitaldeasturias.com\/magazine365\/wp-content\/uploads\/2014\/05\/6305097w-84x55.jpg 84w, https:\/\/eldigitaldeasturias.com\/magazine365\/wp-content\/uploads\/2014\/05\/6305097w.jpg 800w\" sizes=\"(max-width: 360px) 100vw, 360px\" \/>Berl\u00edn, 27 may (EFE).- Los reyes de Holanda, Guillermo-Alejandro y M\u00e1xima, cerrar\u00e1n hoy su visita oficial a Alemania con una cumbre de negocios holandesa-alemana que tendr\u00e1 lugar en el castillo de Moyland, en la regi\u00f3n del Bajo Rin (oeste del pa\u00eds)<\/p>\n<p>El pistoletazo de salida de esta segunda jornada tuvo lugar en M\u00fcnster (oeste), donde fueron recibidos por una multitud ataviada con camisetas naranjas, el color oficial de Holanda.<\/p>\n<p>All\u00ed visitaron el Centro de Estudios holandeses de la Universidad de M\u00fcnster, que este a\u00f1o celebra su 25 aniversario, donde el rey Guillermo-Alejandro de Holanda dio un discurso en alem\u00e1n.<\/p>\n<p>\u00abQuiero hacer un cumplido a los estudiantes alemanes\u00bb, asegur\u00f3 en su discurso el monarca, quien lo aprendi\u00f3 de su padre, Nicol\u00e1s de Amsberg, nacido en Baja Sajonia (Alemania)<\/p>\n<p>\u00abHay, en t\u00e9rminos relativos, m\u00e1s estudiantes alemanes que deciden estudiar holand\u00e9s, que holandeses que se deciden por la german\u00edstica\u00bb a\u00f1adi\u00f3.<\/p>\n<p>Esta tarde se espera que la pareja real contin\u00fae su visita por varias poblaciones del oeste alem\u00e1n, deteni\u00e9ndose en el Instituto Fraunhofer de Log\u00edstica de la ciudad de Dortmund y el complejo industrial de la mina de carb\u00f3n Zollverein en Essen, declarado Patrimonio de la Humanidad en 2001.<\/p>\n<p>En este segundo emplazamiento tendr\u00e1 lugar un encuentro con representantes de la industria creativa holandesa y alemana antes de cerrar el viaje en la cumbre de negocios germano-holandesa del castillo de Moyland.<\/p>\n<p>Ayer, los monarcas ya estuvieron en Baja Sajonia (noroeste), donde visitaron el Centro universitario de Investigaci\u00f3n de Energ\u00eda Renovable de Oldenburg, el Centro de Excelencia Mar\u00edtima de la ciudad de Leer, y el proyecto \u00abe-gas\u00bb de Audi en Werlte.<\/p>\n","protected":false},"excerpt":{"rendered":"<p>Berl\u00edn, 27 may (EFE).- Los reyes de Holanda, Guillermo-Alejandro y M\u00e1xima, cerrar\u00e1n hoy su visita oficial a Alemania con una cumbre de negocios holandesa-alemana que tendr\u00e1 lugar en el castillo de Moyland, en la regi\u00f3n del Bajo Rin (oeste del pa\u00eds) El pistoletazo de salida de esta segunda jornada tuvo lugar en M\u00fcnster (oeste), donde<\/p>\n","protected":false},"author":1,"featured_media":14167,"comment_status":"open","ping_status":"closed","sticky":false,"template":"","format":"standard","meta":{"footnotes":""},"categories":[224],"tags":[],"class_list":{"0":"post-14166","1":"post","2":"type-post","3":"status-publish","4":"format-standard","5":"has-post-thumbnail","7":"category-noticias-actualidad"},"aioseo_notices":[],"aioseo_head":"\n\t\t<!-- All in One SEO Pro 4.9.6.1 - aioseo.com -->\n\t<meta name=\"description\" content=\"Berl\u00edn, 27 may (EFE).- Los reyes de Holanda, Guillermo-Alejandro y M\u00e1xima, cerrar\u00e1n hoy su visita oficial a Alemania con una cumbre de negocios holandesa-alemana que tendr\u00e1 lugar en el castillo de Moyland, en la regi\u00f3n del Bajo Rin (oeste del pa\u00eds) El pistoletazo de salida de esta segunda jornada tuvo lugar en M\u00fcnster (oeste), donde\" \/>\n\t<meta name=\"robots\" content=\"max-image-preview:large\" \/>\n\t<meta name=\"author\" content=\"admin\"\/>\n\t<meta name=\"google-site-verification\" content=\"UA-38556648-1\" \/>\n\t<meta name=\"keywords\" content=\"noticias y actualidad\" \/>\n\t<link rel=\"canonical\" href=\"https:\/\/eldigitaldeasturias.com\/magazine365\/los-reyes-de-holanda-cierran-su-visita-en-alemania-con-una-cumbre-de-negocios\/\" \/>\n\t<meta name=\"generator\" content=\"All in One SEO Pro (AIOSEO) 4.9.6.1\" \/>\n\t\t<meta property=\"og:locale\" content=\"es_ES\" \/>\n\t\t<meta property=\"og:site_name\" content=\"El Digital de Asturias \u2013 Revista de ocio, turismo y estilo de vida\" \/>\n\t\t<meta property=\"og:type\" content=\"article\" \/>\n\t\t<meta property=\"og:title\" content=\"Los reyes de Holanda cierran su visita en Alemania con una cumbre de negocios | El Digital de Asturias\" \/>\n\t\t<meta property=\"og:description\" content=\"Berl\u00edn, 27 may (EFE).- Los reyes de Holanda, Guillermo-Alejandro y M\u00e1xima, cerrar\u00e1n hoy su visita oficial a Alemania con una cumbre de negocios holandesa-alemana que tendr\u00e1 lugar en el castillo de Moyland, en la regi\u00f3n del Bajo Rin (oeste del pa\u00eds) El pistoletazo de salida de esta segunda jornada tuvo lugar en M\u00fcnster (oeste), donde\" \/>\n\t\t<meta property=\"og:url\" content=\"https:\/\/eldigitaldeasturias.com\/magazine365\/los-reyes-de-holanda-cierran-su-visita-en-alemania-con-una-cumbre-de-negocios\/\" \/>\n\t\t<meta property=\"og:image\" content=\"https:\/\/eldigitaldeasturias.com\/magazine365\/wp-content\/uploads\/2014\/05\/6305097w.jpg\" \/>\n\t\t<meta property=\"og:image:secure_url\" content=\"https:\/\/eldigitaldeasturias.com\/magazine365\/wp-content\/uploads\/2014\/05\/6305097w.jpg\" \/>\n\t\t<meta property=\"og:image:width\" content=\"800\" \/>\n\t\t<meta property=\"og:image:height\" content=\"536\" \/>\n\t\t<meta property=\"article:published_time\" content=\"2014-05-27T22:18:32+00:00\" \/>\n\t\t<meta property=\"article:modified_time\" content=\"2014-05-27T22:18:32+00:00\" \/>\n\t\t<meta name=\"twitter:card\" content=\"summary_large_image\" \/>\n\t\t<meta name=\"twitter:title\" content=\"Los reyes de Holanda cierran su visita en Alemania con una cumbre de negocios | El Digital de Asturias\" \/>\n\t\t<meta name=\"twitter:description\" content=\"Berl\u00edn, 27 may (EFE).- Los reyes de Holanda, Guillermo-Alejandro y M\u00e1xima, cerrar\u00e1n hoy su visita oficial a Alemania con una cumbre de negocios holandesa-alemana que tendr\u00e1 lugar en el castillo de Moyland, en la regi\u00f3n del Bajo Rin (oeste del pa\u00eds) El pistoletazo de salida de esta segunda jornada tuvo lugar en M\u00fcnster (oeste), donde\" \/>\n\t\t<meta name=\"twitter:image\" content=\"https:\/\/eldigitaldeasturias.com\/magazine365\/wp-content\/uploads\/2014\/05\/6305097w.jpg\" \/>\n\t\t<script type=\"application\/ld+json\" class=\"aioseo-schema\">\n\t\t\t{\"@context\":\"https:\\\/\\\/schema.org\",\"@graph\":[{\"@type\":\"Article\",\"@id\":\"https:\\\/\\\/eldigitaldeasturias.com\\\/magazine365\\\/los-reyes-de-holanda-cierran-su-visita-en-alemania-con-una-cumbre-de-negocios\\\/#article\",\"name\":\"Los reyes de Holanda cierran su visita en Alemania con una cumbre de negocios | El Digital de Asturias\",\"headline\":\"Los reyes de Holanda cierran su visita en Alemania con una cumbre de negocios\",\"author\":{\"@id\":\"https:\\\/\\\/eldigitaldeasturias.com\\\/magazine365\\\/author\\\/admin\\\/#author\"},\"publisher\":{\"@id\":\"https:\\\/\\\/eldigitaldeasturias.com\\\/magazine365\\\/#organization\"},\"image\":{\"@type\":\"ImageObject\",\"url\":\"https:\\\/\\\/eldigitaldeasturias.com\\\/magazine365\\\/wp-content\\\/uploads\\\/2014\\\/05\\\/6305097w.jpg\",\"width\":800,\"height\":536},\"datePublished\":\"2014-05-27T20:18:32+02:00\",\"dateModified\":\"2014-05-27T20:18:32+02:00\",\"inLanguage\":\"es-ES\",\"mainEntityOfPage\":{\"@id\":\"https:\\\/\\\/eldigitaldeasturias.com\\\/magazine365\\\/los-reyes-de-holanda-cierran-su-visita-en-alemania-con-una-cumbre-de-negocios\\\/#webpage\"},\"isPartOf\":{\"@id\":\"https:\\\/\\\/eldigitaldeasturias.com\\\/magazine365\\\/los-reyes-de-holanda-cierran-su-visita-en-alemania-con-una-cumbre-de-negocios\\\/#webpage\"},\"articleSection\":\"Noticias y Actualidad\"},{\"@type\":\"BreadcrumbList\",\"@id\":\"https:\\\/\\\/eldigitaldeasturias.com\\\/magazine365\\\/los-reyes-de-holanda-cierran-su-visita-en-alemania-con-una-cumbre-de-negocios\\\/#breadcrumblist\",\"itemListElement\":[{\"@type\":\"ListItem\",\"@id\":\"https:\\\/\\\/eldigitaldeasturias.com\\\/magazine365#listItem\",\"position\":1,\"name\":\"Home\",\"item\":\"https:\\\/\\\/eldigitaldeasturias.com\\\/magazine365\",\"nextItem\":{\"@type\":\"ListItem\",\"@id\":\"https:\\\/\\\/eldigitaldeasturias.com\\\/magazine365\\\/category\\\/noticias-actualidad\\\/#listItem\",\"name\":\"Noticias y Actualidad\"}},{\"@type\":\"ListItem\",\"@id\":\"https:\\\/\\\/eldigitaldeasturias.com\\\/magazine365\\\/category\\\/noticias-actualidad\\\/#listItem\",\"position\":2,\"name\":\"Noticias y Actualidad\",\"item\":\"https:\\\/\\\/eldigitaldeasturias.com\\\/magazine365\\\/category\\\/noticias-actualidad\\\/\",\"nextItem\":{\"@type\":\"ListItem\",\"@id\":\"https:\\\/\\\/eldigitaldeasturias.com\\\/magazine365\\\/los-reyes-de-holanda-cierran-su-visita-en-alemania-con-una-cumbre-de-negocios\\\/#listItem\",\"name\":\"Los reyes de Holanda cierran su visita en Alemania con una cumbre de negocios\"},\"previousItem\":{\"@type\":\"ListItem\",\"@id\":\"https:\\\/\\\/eldigitaldeasturias.com\\\/magazine365#listItem\",\"name\":\"Home\"}},{\"@type\":\"ListItem\",\"@id\":\"https:\\\/\\\/eldigitaldeasturias.com\\\/magazine365\\\/los-reyes-de-holanda-cierran-su-visita-en-alemania-con-una-cumbre-de-negocios\\\/#listItem\",\"position\":3,\"name\":\"Los reyes de Holanda cierran su visita en Alemania con una cumbre de negocios\",\"previousItem\":{\"@type\":\"ListItem\",\"@id\":\"https:\\\/\\\/eldigitaldeasturias.com\\\/magazine365\\\/category\\\/noticias-actualidad\\\/#listItem\",\"name\":\"Noticias y Actualidad\"}}]},{\"@type\":\"Organization\",\"@id\":\"https:\\\/\\\/eldigitaldeasturias.com\\\/magazine365\\\/#organization\",\"name\":\"El digital de Asturias\",\"description\":\"Revista de ocio, turismo y estilo de vida\",\"url\":\"https:\\\/\\\/eldigitaldeasturias.com\\\/magazine365\\\/\",\"logo\":{\"@type\":\"ImageObject\",\"url\":\"https:\\\/\\\/www.eldigitaldeasturias.com\\\/noticias\\\/wp-content\\\/uploads\\\/2020\\\/12\\\/EDA.jpg\",\"@id\":\"https:\\\/\\\/eldigitaldeasturias.com\\\/magazine365\\\/los-reyes-de-holanda-cierran-su-visita-en-alemania-con-una-cumbre-de-negocios\\\/#organizationLogo\"},\"image\":{\"@id\":\"https:\\\/\\\/eldigitaldeasturias.com\\\/magazine365\\\/los-reyes-de-holanda-cierran-su-visita-en-alemania-con-una-cumbre-de-negocios\\\/#organizationLogo\"}},{\"@type\":\"Person\",\"@id\":\"https:\\\/\\\/eldigitaldeasturias.com\\\/magazine365\\\/author\\\/admin\\\/#author\",\"url\":\"https:\\\/\\\/eldigitaldeasturias.com\\\/magazine365\\\/author\\\/admin\\\/\",\"name\":\"admin\",\"image\":{\"@type\":\"ImageObject\",\"@id\":\"https:\\\/\\\/eldigitaldeasturias.com\\\/magazine365\\\/los-reyes-de-holanda-cierran-su-visita-en-alemania-con-una-cumbre-de-negocios\\\/#authorImage\",\"url\":\"https:\\\/\\\/eldigitaldeasturias.com\\\/magazine365\\\/wp-content\\\/litespeed\\\/avatar\\\/e571bcf59a0edd6fa6838245a470f2fe.jpg?ver=1776969259\",\"width\":96,\"height\":96,\"caption\":\"admin\"}},{\"@type\":\"WebPage\",\"@id\":\"https:\\\/\\\/eldigitaldeasturias.com\\\/magazine365\\\/los-reyes-de-holanda-cierran-su-visita-en-alemania-con-una-cumbre-de-negocios\\\/#webpage\",\"url\":\"https:\\\/\\\/eldigitaldeasturias.com\\\/magazine365\\\/los-reyes-de-holanda-cierran-su-visita-en-alemania-con-una-cumbre-de-negocios\\\/\",\"name\":\"Los reyes de Holanda cierran su visita en Alemania con una cumbre de negocios | El Digital de Asturias\",\"description\":\"Berl\\u00edn, 27 may (EFE).- Los reyes de Holanda, Guillermo-Alejandro y M\\u00e1xima, cerrar\\u00e1n hoy su visita oficial a Alemania con una cumbre de negocios holandesa-alemana que tendr\\u00e1 lugar en el castillo de Moyland, en la regi\\u00f3n del Bajo Rin (oeste del pa\\u00eds) El pistoletazo de salida de esta segunda jornada tuvo lugar en M\\u00fcnster (oeste), donde\",\"inLanguage\":\"es-ES\",\"isPartOf\":{\"@id\":\"https:\\\/\\\/eldigitaldeasturias.com\\\/magazine365\\\/#website\"},\"breadcrumb\":{\"@id\":\"https:\\\/\\\/eldigitaldeasturias.com\\\/magazine365\\\/los-reyes-de-holanda-cierran-su-visita-en-alemania-con-una-cumbre-de-negocios\\\/#breadcrumblist\"},\"author\":{\"@id\":\"https:\\\/\\\/eldigitaldeasturias.com\\\/magazine365\\\/author\\\/admin\\\/#author\"},\"creator\":{\"@id\":\"https:\\\/\\\/eldigitaldeasturias.com\\\/magazine365\\\/author\\\/admin\\\/#author\"},\"image\":{\"@type\":\"ImageObject\",\"url\":\"https:\\\/\\\/eldigitaldeasturias.com\\\/magazine365\\\/wp-content\\\/uploads\\\/2014\\\/05\\\/6305097w.jpg\",\"@id\":\"https:\\\/\\\/eldigitaldeasturias.com\\\/magazine365\\\/los-reyes-de-holanda-cierran-su-visita-en-alemania-con-una-cumbre-de-negocios\\\/#mainImage\",\"width\":800,\"height\":536},\"primaryImageOfPage\":{\"@id\":\"https:\\\/\\\/eldigitaldeasturias.com\\\/magazine365\\\/los-reyes-de-holanda-cierran-su-visita-en-alemania-con-una-cumbre-de-negocios\\\/#mainImage\"},\"datePublished\":\"2014-05-27T20:18:32+02:00\",\"dateModified\":\"2014-05-27T20:18:32+02:00\"},{\"@type\":\"WebSite\",\"@id\":\"https:\\\/\\\/eldigitaldeasturias.com\\\/magazine365\\\/#website\",\"url\":\"https:\\\/\\\/eldigitaldeasturias.com\\\/magazine365\\\/\",\"name\":\"El Digital de Asturias\",\"description\":\"Revista de ocio, turismo y estilo de vida\",\"inLanguage\":\"es-ES\",\"publisher\":{\"@id\":\"https:\\\/\\\/eldigitaldeasturias.com\\\/magazine365\\\/#organization\"}}]}\n\t\t<\/script>\n\t\t<!-- All in One SEO Pro -->\r\n\t\t<title>Los reyes de Holanda cierran su visita en Alemania con una cumbre de negocios | El Digital de Asturias<\/title>\n\n","aioseo_head_json":{"title":"Los reyes de Holanda cierran su visita en Alemania con una cumbre de negocios | El Digital de Asturias","description":"Berl\u00edn, 27 may (EFE).- Los reyes de Holanda, Guillermo-Alejandro y M\u00e1xima, cerrar\u00e1n hoy su visita oficial a Alemania con una cumbre de negocios holandesa-alemana que tendr\u00e1 lugar en el castillo de Moyland, en la regi\u00f3n del Bajo Rin (oeste del pa\u00eds) El pistoletazo de salida de esta segunda jornada tuvo lugar en M\u00fcnster (oeste), donde","canonical_url":"https:\/\/eldigitaldeasturias.com\/magazine365\/los-reyes-de-holanda-cierran-su-visita-en-alemania-con-una-cumbre-de-negocios\/","robots":"max-image-preview:large","keywords":"noticias y actualidad","webmasterTools":{"google-site-verification":"UA-38556648-1","miscellaneous":""},"schema":{"@context":"https:\/\/schema.org","@graph":[{"@type":"Article","@id":"https:\/\/eldigitaldeasturias.com\/magazine365\/los-reyes-de-holanda-cierran-su-visita-en-alemania-con-una-cumbre-de-negocios\/#article","name":"Los reyes de Holanda cierran su visita en Alemania con una cumbre de negocios | El Digital de Asturias","headline":"Los reyes de Holanda cierran su visita en Alemania con una cumbre de negocios","author":{"@id":"https:\/\/eldigitaldeasturias.com\/magazine365\/author\/admin\/#author"},"publisher":{"@id":"https:\/\/eldigitaldeasturias.com\/magazine365\/#organization"},"image":{"@type":"ImageObject","url":"https:\/\/eldigitaldeasturias.com\/magazine365\/wp-content\/uploads\/2014\/05\/6305097w.jpg","width":800,"height":536},"datePublished":"2014-05-27T20:18:32+02:00","dateModified":"2014-05-27T20:18:32+02:00","inLanguage":"es-ES","mainEntityOfPage":{"@id":"https:\/\/eldigitaldeasturias.com\/magazine365\/los-reyes-de-holanda-cierran-su-visita-en-alemania-con-una-cumbre-de-negocios\/#webpage"},"isPartOf":{"@id":"https:\/\/eldigitaldeasturias.com\/magazine365\/los-reyes-de-holanda-cierran-su-visita-en-alemania-con-una-cumbre-de-negocios\/#webpage"},"articleSection":"Noticias y Actualidad"},{"@type":"BreadcrumbList","@id":"https:\/\/eldigitaldeasturias.com\/magazine365\/los-reyes-de-holanda-cierran-su-visita-en-alemania-con-una-cumbre-de-negocios\/#breadcrumblist","itemListElement":[{"@type":"ListItem","@id":"https:\/\/eldigitaldeasturias.com\/magazine365#listItem","position":1,"name":"Home","item":"https:\/\/eldigitaldeasturias.com\/magazine365","nextItem":{"@type":"ListItem","@id":"https:\/\/eldigitaldeasturias.com\/magazine365\/category\/noticias-actualidad\/#listItem","name":"Noticias y Actualidad"}},{"@type":"ListItem","@id":"https:\/\/eldigitaldeasturias.com\/magazine365\/category\/noticias-actualidad\/#listItem","position":2,"name":"Noticias y Actualidad","item":"https:\/\/eldigitaldeasturias.com\/magazine365\/category\/noticias-actualidad\/","nextItem":{"@type":"ListItem","@id":"https:\/\/eldigitaldeasturias.com\/magazine365\/los-reyes-de-holanda-cierran-su-visita-en-alemania-con-una-cumbre-de-negocios\/#listItem","name":"Los reyes de Holanda cierran su visita en Alemania con una cumbre de negocios"},"previousItem":{"@type":"ListItem","@id":"https:\/\/eldigitaldeasturias.com\/magazine365#listItem","name":"Home"}},{"@type":"ListItem","@id":"https:\/\/eldigitaldeasturias.com\/magazine365\/los-reyes-de-holanda-cierran-su-visita-en-alemania-con-una-cumbre-de-negocios\/#listItem","position":3,"name":"Los reyes de Holanda cierran su visita en Alemania con una cumbre de negocios","previousItem":{"@type":"ListItem","@id":"https:\/\/eldigitaldeasturias.com\/magazine365\/category\/noticias-actualidad\/#listItem","name":"Noticias y Actualidad"}}]},{"@type":"Organization","@id":"https:\/\/eldigitaldeasturias.com\/magazine365\/#organization","name":"El digital de Asturias","description":"Revista de ocio, turismo y estilo de vida","url":"https:\/\/eldigitaldeasturias.com\/magazine365\/","logo":{"@type":"ImageObject","url":"https:\/\/www.eldigitaldeasturias.com\/noticias\/wp-content\/uploads\/2020\/12\/EDA.jpg","@id":"https:\/\/eldigitaldeasturias.com\/magazine365\/los-reyes-de-holanda-cierran-su-visita-en-alemania-con-una-cumbre-de-negocios\/#organizationLogo"},"image":{"@id":"https:\/\/eldigitaldeasturias.com\/magazine365\/los-reyes-de-holanda-cierran-su-visita-en-alemania-con-una-cumbre-de-negocios\/#organizationLogo"}},{"@type":"Person","@id":"https:\/\/eldigitaldeasturias.com\/magazine365\/author\/admin\/#author","url":"https:\/\/eldigitaldeasturias.com\/magazine365\/author\/admin\/","name":"admin","image":{"@type":"ImageObject","@id":"https:\/\/eldigitaldeasturias.com\/magazine365\/los-reyes-de-holanda-cierran-su-visita-en-alemania-con-una-cumbre-de-negocios\/#authorImage","url":"https:\/\/eldigitaldeasturias.com\/magazine365\/wp-content\/litespeed\/avatar\/e571bcf59a0edd6fa6838245a470f2fe.jpg?ver=1776969259","width":96,"height":96,"caption":"admin"}},{"@type":"WebPage","@id":"https:\/\/eldigitaldeasturias.com\/magazine365\/los-reyes-de-holanda-cierran-su-visita-en-alemania-con-una-cumbre-de-negocios\/#webpage","url":"https:\/\/eldigitaldeasturias.com\/magazine365\/los-reyes-de-holanda-cierran-su-visita-en-alemania-con-una-cumbre-de-negocios\/","name":"Los reyes de Holanda cierran su visita en Alemania con una cumbre de negocios | El Digital de Asturias","description":"Berl\u00edn, 27 may (EFE).- Los reyes de Holanda, Guillermo-Alejandro y M\u00e1xima, cerrar\u00e1n hoy su visita oficial a Alemania con una cumbre de negocios holandesa-alemana que tendr\u00e1 lugar en el castillo de Moyland, en la regi\u00f3n del Bajo Rin (oeste del pa\u00eds) El pistoletazo de salida de esta segunda jornada tuvo lugar en M\u00fcnster (oeste), donde","inLanguage":"es-ES","isPartOf":{"@id":"https:\/\/eldigitaldeasturias.com\/magazine365\/#website"},"breadcrumb":{"@id":"https:\/\/eldigitaldeasturias.com\/magazine365\/los-reyes-de-holanda-cierran-su-visita-en-alemania-con-una-cumbre-de-negocios\/#breadcrumblist"},"author":{"@id":"https:\/\/eldigitaldeasturias.com\/magazine365\/author\/admin\/#author"},"creator":{"@id":"https:\/\/eldigitaldeasturias.com\/magazine365\/author\/admin\/#author"},"image":{"@type":"ImageObject","url":"https:\/\/eldigitaldeasturias.com\/magazine365\/wp-content\/uploads\/2014\/05\/6305097w.jpg","@id":"https:\/\/eldigitaldeasturias.com\/magazine365\/los-reyes-de-holanda-cierran-su-visita-en-alemania-con-una-cumbre-de-negocios\/#mainImage","width":800,"height":536},"primaryImageOfPage":{"@id":"https:\/\/eldigitaldeasturias.com\/magazine365\/los-reyes-de-holanda-cierran-su-visita-en-alemania-con-una-cumbre-de-negocios\/#mainImage"},"datePublished":"2014-05-27T20:18:32+02:00","dateModified":"2014-05-27T20:18:32+02:00"},{"@type":"WebSite","@id":"https:\/\/eldigitaldeasturias.com\/magazine365\/#website","url":"https:\/\/eldigitaldeasturias.com\/magazine365\/","name":"El Digital de Asturias","description":"Revista de ocio, turismo y estilo de vida","inLanguage":"es-ES","publisher":{"@id":"https:\/\/eldigitaldeasturias.com\/magazine365\/#organization"}}]},"og:locale":"es_ES","og:site_name":"El Digital de Asturias \u2013 Revista de ocio, turismo y estilo de vida","og:type":"article","og:title":"Los reyes de Holanda cierran su visita en Alemania con una cumbre de negocios | El Digital de Asturias","og:description":"Berl\u00edn, 27 may (EFE).- Los reyes de Holanda, Guillermo-Alejandro y M\u00e1xima, cerrar\u00e1n hoy su visita oficial a Alemania con una cumbre de negocios holandesa-alemana que tendr\u00e1 lugar en el castillo de Moyland, en la regi\u00f3n del Bajo Rin (oeste del pa\u00eds) El pistoletazo de salida de esta segunda jornada tuvo lugar en M\u00fcnster (oeste), donde","og:url":"https:\/\/eldigitaldeasturias.com\/magazine365\/los-reyes-de-holanda-cierran-su-visita-en-alemania-con-una-cumbre-de-negocios\/","og:image":"https:\/\/eldigitaldeasturias.com\/magazine365\/wp-content\/uploads\/2014\/05\/6305097w.jpg","og:image:secure_url":"https:\/\/eldigitaldeasturias.com\/magazine365\/wp-content\/uploads\/2014\/05\/6305097w.jpg","og:image:width":800,"og:image:height":536,"article:published_time":"2014-05-27T22:18:32+00:00","article:modified_time":"2014-05-27T22:18:32+00:00","twitter:card":"summary_large_image","twitter:title":"Los reyes de Holanda cierran su visita en Alemania con una cumbre de negocios | El Digital de Asturias","twitter:description":"Berl\u00edn, 27 may (EFE).- Los reyes de Holanda, Guillermo-Alejandro y M\u00e1xima, cerrar\u00e1n hoy su visita oficial a Alemania con una cumbre de negocios holandesa-alemana que tendr\u00e1 lugar en el castillo de Moyland, en la regi\u00f3n del Bajo Rin (oeste del pa\u00eds) El pistoletazo de salida de esta segunda jornada tuvo lugar en M\u00fcnster (oeste), donde","twitter:image":"https:\/\/eldigitaldeasturias.com\/magazine365\/wp-content\/uploads\/2014\/05\/6305097w.jpg"},"aioseo_meta_data":{"post_id":"14166","title":null,"description":null,"keywords":null,"keyphrases":null,"primary_term":null,"canonical_url":null,"og_title":null,"og_description":null,"og_object_type":"default","og_image_type":"default","og_image_url":null,"og_image_width":null,"og_image_height":null,"og_image_custom_url":null,"og_image_custom_fields":null,"og_video":null,"og_custom_url":null,"og_article_section":null,"og_article_tags":null,"twitter_use_og":false,"twitter_card":"default","twitter_image_type":"default","twitter_image_url":null,"twitter_image_custom_url":null,"twitter_image_custom_fields":null,"twitter_title":null,"twitter_description":null,"schema":{"blockGraphs":[],"customGraphs":[],"default":{"data":{"Article":[],"Course":[],"Dataset":[],"FAQPage":[],"Movie":[],"Person":[],"Product":[],"ProductReview":[],"Car":[],"Recipe":[],"Service":[],"SoftwareApplication":[],"WebPage":[]},"graphName":"","isEnabled":true},"graphs":[]},"schema_type":null,"schema_type_options":null,"pillar_content":false,"robots_default":true,"robots_noindex":false,"robots_noarchive":false,"robots_nosnippet":false,"robots_nofollow":false,"robots_noimageindex":false,"robots_noodp":false,"robots_notranslate":false,"robots_max_snippet":null,"robots_max_videopreview":null,"robots_max_imagepreview":"large","priority":null,"frequency":null,"location":null,"local_seo":null,"seo_analyzer_scan_date":"2025-09-17 09:37:59","breadcrumb_settings":null,"limit_modified_date":false,"open_ai":null,"ai":null,"created":"2021-03-09 08:18:41","updated":"2025-09-17 09:37:59"},"aioseo_breadcrumb":"<div class=\"aioseo-breadcrumbs\"><span class=\"aioseo-breadcrumb\">\n\t<a href=\"https:\/\/eldigitaldeasturias.com\/magazine365\" title=\"Home\">Home<\/a>\n<\/span><span class=\"aioseo-breadcrumb-separator\">\u2013<\/span><span class=\"aioseo-breadcrumb\">\n\t<a href=\"https:\/\/eldigitaldeasturias.com\/magazine365\/category\/noticias-actualidad\/\" title=\"Noticias y Actualidad\">Noticias y Actualidad<\/a>\n<\/span><span class=\"aioseo-breadcrumb-separator\">\u2013<\/span><span class=\"aioseo-breadcrumb\">\n\t<a href=\"https:\/\/eldigitaldeasturias.com\/magazine365\/los-reyes-de-holanda-cierran-su-visita-en-alemania-con-una-cumbre-de-negocios\/\" title=\"Los reyes de Holanda cierran su visita en Alemania con una cumbre de negocios\">Los reyes de Holanda cierran su visita en Alemania con una cumbre de negocios<\/a>\n<\/span><\/div>","aioseo_breadcrumb_json":[{"label":"Home","link":"https:\/\/eldigitaldeasturias.com\/magazine365"},{"label":"Noticias y Actualidad","link":"https:\/\/eldigitaldeasturias.com\/magazine365\/category\/noticias-actualidad\/"},{"label":"Los reyes de Holanda cierran su visita en Alemania con una cumbre de negocios","link":"https:\/\/eldigitaldeasturias.com\/magazine365\/los-reyes-de-holanda-cierran-su-visita-en-alemania-con-una-cumbre-de-negocios\/"}],"_links":{"self":[{"href":"https:\/\/eldigitaldeasturias.com\/magazine365\/wp-json\/wp\/v2\/posts\/14166","targetHints":{"allow":["GET"]}}],"collection":[{"href":"https:\/\/eldigitaldeasturias.com\/magazine365\/wp-json\/wp\/v2\/posts"}],"about":[{"href":"https:\/\/eldigitaldeasturias.com\/magazine365\/wp-json\/wp\/v2\/types\/post"}],"author":[{"embeddable":true,"href":"https:\/\/eldigitaldeasturias.com\/magazine365\/wp-json\/wp\/v2\/users\/1"}],"replies":[{"embeddable":true,"href":"https:\/\/eldigitaldeasturias.com\/magazine365\/wp-json\/wp\/v2\/comments?post=14166"}],"version-history":[{"count":0,"href":"https:\/\/eldigitaldeasturias.com\/magazine365\/wp-json\/wp\/v2\/posts\/14166\/revisions"}],"wp:featuredmedia":[{"embeddable":true,"href":"https:\/\/eldigitaldeasturias.com\/magazine365\/wp-json\/wp\/v2\/media\/14167"}],"wp:attachment":[{"href":"https:\/\/eldigitaldeasturias.com\/magazine365\/wp-json\/wp\/v2\/media?parent=14166"}],"wp:term":[{"taxonomy":"category","embeddable":true,"href":"https:\/\/eldigitaldeasturias.com\/magazine365\/wp-json\/wp\/v2\/categories?post=14166"},{"taxonomy":"post_tag","embeddable":true,"href":"https:\/\/eldigitaldeasturias.com\/magazine365\/wp-json\/wp\/v2\/tags?post=14166"}],"curies":[{"name":"wp","href":"https:\/\/api.w.org\/{rel}","templated":true}]}}