{"id":14163,"date":"2014-05-27T20:15:17","date_gmt":"2014-05-27T22:15:17","guid":{"rendered":"http:\/\/eldigitaldeasturias.com\/magazine365\/?p=14163"},"modified":"2014-05-27T20:15:17","modified_gmt":"2014-05-27T22:15:17","slug":"jose-carlos-garcia-premio-chef-millesime-por-su-trayectoria-y-su-futuro","status":"publish","type":"post","link":"https:\/\/eldigitaldeasturias.com\/magazine365\/jose-carlos-garcia-premio-chef-millesime-por-su-trayectoria-y-su-futuro\/","title":{"rendered":"Jos\u00e9 Carlos Garc\u00eda, premio Chef Millesime por su trayectoria y su futuro"},"content":{"rendered":"<p><img fetchpriority=\"high\" decoding=\"async\" class=\"alignleft size-medium wp-image-14164\" alt=\"6306752w\" src=\"https:\/\/eldigitaldeasturias.com\/magazine365\/wp-content\/uploads\/2014\/05\/6306752w-360x239.jpg\" width=\"360\" height=\"239\" \/>M\u00e1laga, 27 may (EFE).- El cocinero Jos\u00e9 Carlos Garc\u00eda, con una estrella Michelin y dos soles Repsol en el restaurante que lleva su nombre en M\u00e1laga, ha recibido hoy el premio Chef Millesime por su trayectoria y su proyecci\u00f3n de futuro, as\u00ed como por preservar la cultura gastron\u00f3mica andaluza en conjunci\u00f3n con la vanguardia.<\/p>\n<p>\u00abA\u00fan no ha tocado techo pero por su trabajo ya es una imagen a seguir por los cocineros m\u00e1s j\u00f3venes\u00bb, ha explicado hoy a Efe la directora del Club Millesime, Sandra Reig.<\/p>\n<p>Garc\u00eda ha recibido el galard\u00f3n en su restaurante en M\u00e1laga, abierto hace dos a\u00f1os y medio tras su paso por el Caf\u00e9 de Par\u00eds, donde tambi\u00e9n consigui\u00f3 una estrella Michelin, y desde el que apuesta por una cocina de vanguardia preservando los sabores aut\u00f3ctonos.<\/p>\n<p>\u00abEs una recompensa al trabajo en equipo y a la profesi\u00f3n\u00bb, ha dicho a Efe el premiado, quien ha destacado la variedad de la oferta culinaria malague\u00f1a, \u00abque permite almorzar en un chiringuito junto al mar un tradicional espeto de sardinas con ensalada de pimientos, tapear o acudir a un restaurante gastron\u00f3mico\u00bb como el suyo.<\/p>\n<p>Su cocina se basa en el buen producto local, de temporada y tratado con t\u00e9cnicas vanguardistas, por lo que ha decidido sustituir, por ejemplo, \u00abel tradicional h\u00edgado de pato por el de rape\u00bb, un ingrediente cada vez m\u00e1s apreciado en la culinaria mediterr\u00e1nea.<\/p>\n<p>El chef malague\u00f1o ha recibido el premio acompa\u00f1ado de dos colegas andaluces: Jos\u00e9 \u00c1lvarez, del restaurante La Costa en El Ejido (Almer\u00eda), con una estrella Michelin y un sol Repsol, y Diego Gallegos, de Sollo en Benalm\u00e1dena (M\u00e1laga).<\/p>\n<p>Los tres han cocinado juntos por primera vez en un almuerzo en el que han reflejado lo mejor de sus respectivas cocinas, con platos como el pich\u00f3n con arroz meloso de sus menudillos y chocolate (\u00c1lvarez); lomo de esturi\u00f3n en orza con ajo de caviar tradicional de Riofr\u00edo (Gallegos), o zanahoria-naranja-almendra (Garc\u00eda).<\/p>\n<p>Para Jos\u00e9 \u00c1lvarez, el reconocimiento a su compa\u00f1ero malague\u00f1o es una muestra de que \u00abel nivel de la cocina andaluza est\u00e1 subiendo bastante\u00bb pese a no tener la concentraci\u00f3n de estrellas Michelin del Pa\u00eds Vasco o Catalu\u00f1a. \u00abTenemos todo en producto, del mar a la monta\u00f1a pasando por la huerta, y talento. Seguiremos creciendo\u00bb, ha dicho a Efe el almeriense.<\/p>\n<p>Por su parte, el joven Diego Gallegos ha considerado \u00abun honor\u00bb cocinar junto a chefs \u00abya consolidados\u00bb que han actuado hoy como sus \u00abpadrinos\u00bb en esta gala \u00abbajo el buen amparo de Millesime\u00bb.<\/p>\n<p>Hace apenas seis meses abri\u00f3 con \u00e9xito en Benalm\u00e1dena su restaurante Sollo, donde explora todas las posibilidades gastron\u00f3micas del esturi\u00f3n y sus derivados, entre ellos el caviar, y la trucha, un pescado \u00abolvidado por ser humilde pero que da mucho juego en la cocina\u00bb, como en el tartar de salchich\u00f3n de agua dulce que ha ofrecido hoy.<\/p>\n<p>\u00abM\u00e1laga est\u00e1 en plena forma gastron\u00f3mica gracias al trabajo de cocineros que quieren convertirla en un referente gastron\u00f3mico m\u00e1s all\u00e1 de Andaluc\u00eda y a actividades como el M\u00e1laga Food&amp;Wine Festival\u00bb, que se celebra esta semana en la capital de la Costa del Sol y en la que Gallegos estrena el jueves su documental \u00abSollo\u00bb.<\/p>\n<p>Junto a Jos\u00e9 Carlos Garc\u00eda, en esta quinta edici\u00f3n de los premios Chef Millesime by Cruzcampo Gran Reserva han sido galardonados Ricard Camarena, del restaurante hom\u00f3nimo en Valencia; Fernando Canales, de Etxanobe (Bilbao); Julio Fern\u00e1ndez Quintero, de Abantal (Sevilla); Ram\u00f3n Freixa, del restaurante que lleva su nombre en Madrid y Pepe Solla, de Casa Solla (Pontevedra).<\/p>\n<p>Todos han recibido su premio en actos como el celebrado hoy en M\u00e1laga, aunque el fin de fiesta se ha programado en Madrid, donde lo recoger\u00e1 Freixa y los seis ofrecer\u00e1n el 2 de junio un \u00abshowcooking\u00bb y una cena exclusiva a doce manos.<\/p>\n","protected":false},"excerpt":{"rendered":"<p>M\u00e1laga, 27 may (EFE).- El cocinero Jos\u00e9 Carlos Garc\u00eda, con una estrella Michelin y dos soles Repsol en el restaurante que lleva su nombre en M\u00e1laga, ha recibido hoy el premio Chef Millesime por su trayectoria y su proyecci\u00f3n de futuro, as\u00ed como por preservar la cultura gastron\u00f3mica andaluza en conjunci\u00f3n con la vanguardia. \u00abA\u00fan<\/p>\n","protected":false},"author":1,"featured_media":14164,"comment_status":"open","ping_status":"closed","sticky":false,"template":"","format":"standard","meta":{"footnotes":""},"categories":[217],"tags":[],"class_list":{"0":"post-14163","1":"post","2":"type-post","3":"status-publish","4":"format-standard","5":"has-post-thumbnail","7":"category-sabores"},"aioseo_notices":[],"aioseo_head":"\n\t\t<!-- All in One SEO Pro 4.9.6.1 - aioseo.com -->\n\t<meta name=\"description\" content=\"M\u00e1laga, 27 may (EFE).- El cocinero Jos\u00e9 Carlos Garc\u00eda, con una estrella Michelin y dos soles Repsol en el restaurante que lleva su nombre en M\u00e1laga, ha recibido hoy el premio Chef Millesime por su trayectoria y su proyecci\u00f3n de futuro, as\u00ed como por preservar la cultura gastron\u00f3mica andaluza en conjunci\u00f3n con la vanguardia. &quot;A\u00fan\" \/>\n\t<meta name=\"robots\" content=\"max-image-preview:large\" \/>\n\t<meta name=\"author\" content=\"admin\"\/>\n\t<meta name=\"google-site-verification\" content=\"UA-38556648-1\" \/>\n\t<meta name=\"keywords\" content=\"sabores\" \/>\n\t<link rel=\"canonical\" href=\"https:\/\/eldigitaldeasturias.com\/magazine365\/jose-carlos-garcia-premio-chef-millesime-por-su-trayectoria-y-su-futuro\/\" \/>\n\t<meta name=\"generator\" content=\"All in One SEO Pro (AIOSEO) 4.9.6.1\" \/>\n\t\t<meta property=\"og:locale\" content=\"es_ES\" \/>\n\t\t<meta property=\"og:site_name\" content=\"El Digital de Asturias \u2013 Revista de ocio, turismo y estilo de vida\" \/>\n\t\t<meta property=\"og:type\" content=\"article\" \/>\n\t\t<meta property=\"og:title\" content=\"Jos\u00e9 Carlos Garc\u00eda, premio Chef Millesime por su trayectoria y su futuro | El Digital de Asturias\" \/>\n\t\t<meta property=\"og:description\" content=\"M\u00e1laga, 27 may (EFE).- El cocinero Jos\u00e9 Carlos Garc\u00eda, con una estrella Michelin y dos soles Repsol en el restaurante que lleva su nombre en M\u00e1laga, ha recibido hoy el premio Chef Millesime por su trayectoria y su proyecci\u00f3n de futuro, as\u00ed como por preservar la cultura gastron\u00f3mica andaluza en conjunci\u00f3n con la vanguardia. &quot;A\u00fan\" \/>\n\t\t<meta property=\"og:url\" content=\"https:\/\/eldigitaldeasturias.com\/magazine365\/jose-carlos-garcia-premio-chef-millesime-por-su-trayectoria-y-su-futuro\/\" \/>\n\t\t<meta property=\"og:image\" content=\"https:\/\/eldigitaldeasturias.com\/magazine365\/wp-content\/uploads\/2014\/05\/6306752w.jpg\" \/>\n\t\t<meta property=\"og:image:secure_url\" content=\"https:\/\/eldigitaldeasturias.com\/magazine365\/wp-content\/uploads\/2014\/05\/6306752w.jpg\" \/>\n\t\t<meta property=\"og:image:width\" content=\"800\" \/>\n\t\t<meta property=\"og:image:height\" content=\"533\" \/>\n\t\t<meta property=\"article:published_time\" content=\"2014-05-27T22:15:17+00:00\" \/>\n\t\t<meta property=\"article:modified_time\" content=\"2014-05-27T22:15:17+00:00\" \/>\n\t\t<meta name=\"twitter:card\" content=\"summary_large_image\" \/>\n\t\t<meta name=\"twitter:title\" content=\"Jos\u00e9 Carlos Garc\u00eda, premio Chef Millesime por su trayectoria y su futuro | El Digital de Asturias\" \/>\n\t\t<meta name=\"twitter:description\" content=\"M\u00e1laga, 27 may (EFE).- El cocinero Jos\u00e9 Carlos Garc\u00eda, con una estrella Michelin y dos soles Repsol en el restaurante que lleva su nombre en M\u00e1laga, ha recibido hoy el premio Chef Millesime por su trayectoria y su proyecci\u00f3n de futuro, as\u00ed como por preservar la cultura gastron\u00f3mica andaluza en conjunci\u00f3n con la vanguardia. &quot;A\u00fan\" \/>\n\t\t<meta name=\"twitter:image\" content=\"https:\/\/eldigitaldeasturias.com\/magazine365\/wp-content\/uploads\/2014\/05\/6306752w.jpg\" \/>\n\t\t<script type=\"application\/ld+json\" class=\"aioseo-schema\">\n\t\t\t{\"@context\":\"https:\\\/\\\/schema.org\",\"@graph\":[{\"@type\":\"Article\",\"@id\":\"https:\\\/\\\/eldigitaldeasturias.com\\\/magazine365\\\/jose-carlos-garcia-premio-chef-millesime-por-su-trayectoria-y-su-futuro\\\/#article\",\"name\":\"Jos\\u00e9 Carlos Garc\\u00eda, premio Chef Millesime por su trayectoria y su futuro | El Digital de Asturias\",\"headline\":\"Jos\\u00e9 Carlos Garc\\u00eda, premio Chef Millesime por su trayectoria y su futuro\",\"author\":{\"@id\":\"https:\\\/\\\/eldigitaldeasturias.com\\\/magazine365\\\/author\\\/admin\\\/#author\"},\"publisher\":{\"@id\":\"https:\\\/\\\/eldigitaldeasturias.com\\\/magazine365\\\/#organization\"},\"image\":{\"@type\":\"ImageObject\",\"url\":\"https:\\\/\\\/eldigitaldeasturias.com\\\/magazine365\\\/wp-content\\\/uploads\\\/2014\\\/05\\\/6306752w.jpg\",\"width\":800,\"height\":533},\"datePublished\":\"2014-05-27T20:15:17+02:00\",\"dateModified\":\"2014-05-27T20:15:17+02:00\",\"inLanguage\":\"es-ES\",\"mainEntityOfPage\":{\"@id\":\"https:\\\/\\\/eldigitaldeasturias.com\\\/magazine365\\\/jose-carlos-garcia-premio-chef-millesime-por-su-trayectoria-y-su-futuro\\\/#webpage\"},\"isPartOf\":{\"@id\":\"https:\\\/\\\/eldigitaldeasturias.com\\\/magazine365\\\/jose-carlos-garcia-premio-chef-millesime-por-su-trayectoria-y-su-futuro\\\/#webpage\"},\"articleSection\":\"Sabores\"},{\"@type\":\"BreadcrumbList\",\"@id\":\"https:\\\/\\\/eldigitaldeasturias.com\\\/magazine365\\\/jose-carlos-garcia-premio-chef-millesime-por-su-trayectoria-y-su-futuro\\\/#breadcrumblist\",\"itemListElement\":[{\"@type\":\"ListItem\",\"@id\":\"https:\\\/\\\/eldigitaldeasturias.com\\\/magazine365#listItem\",\"position\":1,\"name\":\"Home\",\"item\":\"https:\\\/\\\/eldigitaldeasturias.com\\\/magazine365\",\"nextItem\":{\"@type\":\"ListItem\",\"@id\":\"https:\\\/\\\/eldigitaldeasturias.com\\\/magazine365\\\/category\\\/sabores\\\/#listItem\",\"name\":\"Sabores\"}},{\"@type\":\"ListItem\",\"@id\":\"https:\\\/\\\/eldigitaldeasturias.com\\\/magazine365\\\/category\\\/sabores\\\/#listItem\",\"position\":2,\"name\":\"Sabores\",\"item\":\"https:\\\/\\\/eldigitaldeasturias.com\\\/magazine365\\\/category\\\/sabores\\\/\",\"nextItem\":{\"@type\":\"ListItem\",\"@id\":\"https:\\\/\\\/eldigitaldeasturias.com\\\/magazine365\\\/jose-carlos-garcia-premio-chef-millesime-por-su-trayectoria-y-su-futuro\\\/#listItem\",\"name\":\"Jos\\u00e9 Carlos Garc\\u00eda, premio Chef Millesime por su trayectoria y su futuro\"},\"previousItem\":{\"@type\":\"ListItem\",\"@id\":\"https:\\\/\\\/eldigitaldeasturias.com\\\/magazine365#listItem\",\"name\":\"Home\"}},{\"@type\":\"ListItem\",\"@id\":\"https:\\\/\\\/eldigitaldeasturias.com\\\/magazine365\\\/jose-carlos-garcia-premio-chef-millesime-por-su-trayectoria-y-su-futuro\\\/#listItem\",\"position\":3,\"name\":\"Jos\\u00e9 Carlos Garc\\u00eda, premio Chef Millesime por su trayectoria y su futuro\",\"previousItem\":{\"@type\":\"ListItem\",\"@id\":\"https:\\\/\\\/eldigitaldeasturias.com\\\/magazine365\\\/category\\\/sabores\\\/#listItem\",\"name\":\"Sabores\"}}]},{\"@type\":\"Organization\",\"@id\":\"https:\\\/\\\/eldigitaldeasturias.com\\\/magazine365\\\/#organization\",\"name\":\"El digital de Asturias\",\"description\":\"Revista de ocio, turismo y estilo de vida\",\"url\":\"https:\\\/\\\/eldigitaldeasturias.com\\\/magazine365\\\/\",\"logo\":{\"@type\":\"ImageObject\",\"url\":\"https:\\\/\\\/www.eldigitaldeasturias.com\\\/noticias\\\/wp-content\\\/uploads\\\/2020\\\/12\\\/EDA.jpg\",\"@id\":\"https:\\\/\\\/eldigitaldeasturias.com\\\/magazine365\\\/jose-carlos-garcia-premio-chef-millesime-por-su-trayectoria-y-su-futuro\\\/#organizationLogo\"},\"image\":{\"@id\":\"https:\\\/\\\/eldigitaldeasturias.com\\\/magazine365\\\/jose-carlos-garcia-premio-chef-millesime-por-su-trayectoria-y-su-futuro\\\/#organizationLogo\"}},{\"@type\":\"Person\",\"@id\":\"https:\\\/\\\/eldigitaldeasturias.com\\\/magazine365\\\/author\\\/admin\\\/#author\",\"url\":\"https:\\\/\\\/eldigitaldeasturias.com\\\/magazine365\\\/author\\\/admin\\\/\",\"name\":\"admin\",\"image\":{\"@type\":\"ImageObject\",\"@id\":\"https:\\\/\\\/eldigitaldeasturias.com\\\/magazine365\\\/jose-carlos-garcia-premio-chef-millesime-por-su-trayectoria-y-su-futuro\\\/#authorImage\",\"url\":\"https:\\\/\\\/eldigitaldeasturias.com\\\/magazine365\\\/wp-content\\\/litespeed\\\/avatar\\\/e571bcf59a0edd6fa6838245a470f2fe.jpg?ver=1776969259\",\"width\":96,\"height\":96,\"caption\":\"admin\"}},{\"@type\":\"WebPage\",\"@id\":\"https:\\\/\\\/eldigitaldeasturias.com\\\/magazine365\\\/jose-carlos-garcia-premio-chef-millesime-por-su-trayectoria-y-su-futuro\\\/#webpage\",\"url\":\"https:\\\/\\\/eldigitaldeasturias.com\\\/magazine365\\\/jose-carlos-garcia-premio-chef-millesime-por-su-trayectoria-y-su-futuro\\\/\",\"name\":\"Jos\\u00e9 Carlos Garc\\u00eda, premio Chef Millesime por su trayectoria y su futuro | El Digital de Asturias\",\"description\":\"M\\u00e1laga, 27 may (EFE).- El cocinero Jos\\u00e9 Carlos Garc\\u00eda, con una estrella Michelin y dos soles Repsol en el restaurante que lleva su nombre en M\\u00e1laga, ha recibido hoy el premio Chef Millesime por su trayectoria y su proyecci\\u00f3n de futuro, as\\u00ed como por preservar la cultura gastron\\u00f3mica andaluza en conjunci\\u00f3n con la vanguardia. \\\"A\\u00fan\",\"inLanguage\":\"es-ES\",\"isPartOf\":{\"@id\":\"https:\\\/\\\/eldigitaldeasturias.com\\\/magazine365\\\/#website\"},\"breadcrumb\":{\"@id\":\"https:\\\/\\\/eldigitaldeasturias.com\\\/magazine365\\\/jose-carlos-garcia-premio-chef-millesime-por-su-trayectoria-y-su-futuro\\\/#breadcrumblist\"},\"author\":{\"@id\":\"https:\\\/\\\/eldigitaldeasturias.com\\\/magazine365\\\/author\\\/admin\\\/#author\"},\"creator\":{\"@id\":\"https:\\\/\\\/eldigitaldeasturias.com\\\/magazine365\\\/author\\\/admin\\\/#author\"},\"image\":{\"@type\":\"ImageObject\",\"url\":\"https:\\\/\\\/eldigitaldeasturias.com\\\/magazine365\\\/wp-content\\\/uploads\\\/2014\\\/05\\\/6306752w.jpg\",\"@id\":\"https:\\\/\\\/eldigitaldeasturias.com\\\/magazine365\\\/jose-carlos-garcia-premio-chef-millesime-por-su-trayectoria-y-su-futuro\\\/#mainImage\",\"width\":800,\"height\":533},\"primaryImageOfPage\":{\"@id\":\"https:\\\/\\\/eldigitaldeasturias.com\\\/magazine365\\\/jose-carlos-garcia-premio-chef-millesime-por-su-trayectoria-y-su-futuro\\\/#mainImage\"},\"datePublished\":\"2014-05-27T20:15:17+02:00\",\"dateModified\":\"2014-05-27T20:15:17+02:00\"},{\"@type\":\"WebSite\",\"@id\":\"https:\\\/\\\/eldigitaldeasturias.com\\\/magazine365\\\/#website\",\"url\":\"https:\\\/\\\/eldigitaldeasturias.com\\\/magazine365\\\/\",\"name\":\"El Digital de Asturias\",\"description\":\"Revista de ocio, turismo y estilo de vida\",\"inLanguage\":\"es-ES\",\"publisher\":{\"@id\":\"https:\\\/\\\/eldigitaldeasturias.com\\\/magazine365\\\/#organization\"}}]}\n\t\t<\/script>\n\t\t<!-- All in One SEO Pro -->\r\n\t\t<title>Jos\u00e9 Carlos Garc\u00eda, premio Chef Millesime por su trayectoria y su futuro | El Digital de Asturias<\/title>\n\n","aioseo_head_json":{"title":"Jos\u00e9 Carlos Garc\u00eda, premio Chef Millesime por su trayectoria y su futuro | El Digital de Asturias","description":"M\u00e1laga, 27 may (EFE).- El cocinero Jos\u00e9 Carlos Garc\u00eda, con una estrella Michelin y dos soles Repsol en el restaurante que lleva su nombre en M\u00e1laga, ha recibido hoy el premio Chef Millesime por su trayectoria y su proyecci\u00f3n de futuro, as\u00ed como por preservar la cultura gastron\u00f3mica andaluza en conjunci\u00f3n con la vanguardia. \"A\u00fan","canonical_url":"https:\/\/eldigitaldeasturias.com\/magazine365\/jose-carlos-garcia-premio-chef-millesime-por-su-trayectoria-y-su-futuro\/","robots":"max-image-preview:large","keywords":"sabores","webmasterTools":{"google-site-verification":"UA-38556648-1","miscellaneous":""},"schema":{"@context":"https:\/\/schema.org","@graph":[{"@type":"Article","@id":"https:\/\/eldigitaldeasturias.com\/magazine365\/jose-carlos-garcia-premio-chef-millesime-por-su-trayectoria-y-su-futuro\/#article","name":"Jos\u00e9 Carlos Garc\u00eda, premio Chef Millesime por su trayectoria y su futuro | El Digital de Asturias","headline":"Jos\u00e9 Carlos Garc\u00eda, premio Chef Millesime por su trayectoria y su futuro","author":{"@id":"https:\/\/eldigitaldeasturias.com\/magazine365\/author\/admin\/#author"},"publisher":{"@id":"https:\/\/eldigitaldeasturias.com\/magazine365\/#organization"},"image":{"@type":"ImageObject","url":"https:\/\/eldigitaldeasturias.com\/magazine365\/wp-content\/uploads\/2014\/05\/6306752w.jpg","width":800,"height":533},"datePublished":"2014-05-27T20:15:17+02:00","dateModified":"2014-05-27T20:15:17+02:00","inLanguage":"es-ES","mainEntityOfPage":{"@id":"https:\/\/eldigitaldeasturias.com\/magazine365\/jose-carlos-garcia-premio-chef-millesime-por-su-trayectoria-y-su-futuro\/#webpage"},"isPartOf":{"@id":"https:\/\/eldigitaldeasturias.com\/magazine365\/jose-carlos-garcia-premio-chef-millesime-por-su-trayectoria-y-su-futuro\/#webpage"},"articleSection":"Sabores"},{"@type":"BreadcrumbList","@id":"https:\/\/eldigitaldeasturias.com\/magazine365\/jose-carlos-garcia-premio-chef-millesime-por-su-trayectoria-y-su-futuro\/#breadcrumblist","itemListElement":[{"@type":"ListItem","@id":"https:\/\/eldigitaldeasturias.com\/magazine365#listItem","position":1,"name":"Home","item":"https:\/\/eldigitaldeasturias.com\/magazine365","nextItem":{"@type":"ListItem","@id":"https:\/\/eldigitaldeasturias.com\/magazine365\/category\/sabores\/#listItem","name":"Sabores"}},{"@type":"ListItem","@id":"https:\/\/eldigitaldeasturias.com\/magazine365\/category\/sabores\/#listItem","position":2,"name":"Sabores","item":"https:\/\/eldigitaldeasturias.com\/magazine365\/category\/sabores\/","nextItem":{"@type":"ListItem","@id":"https:\/\/eldigitaldeasturias.com\/magazine365\/jose-carlos-garcia-premio-chef-millesime-por-su-trayectoria-y-su-futuro\/#listItem","name":"Jos\u00e9 Carlos Garc\u00eda, premio Chef Millesime por su trayectoria y su futuro"},"previousItem":{"@type":"ListItem","@id":"https:\/\/eldigitaldeasturias.com\/magazine365#listItem","name":"Home"}},{"@type":"ListItem","@id":"https:\/\/eldigitaldeasturias.com\/magazine365\/jose-carlos-garcia-premio-chef-millesime-por-su-trayectoria-y-su-futuro\/#listItem","position":3,"name":"Jos\u00e9 Carlos Garc\u00eda, premio Chef Millesime por su trayectoria y su futuro","previousItem":{"@type":"ListItem","@id":"https:\/\/eldigitaldeasturias.com\/magazine365\/category\/sabores\/#listItem","name":"Sabores"}}]},{"@type":"Organization","@id":"https:\/\/eldigitaldeasturias.com\/magazine365\/#organization","name":"El digital de Asturias","description":"Revista de ocio, turismo y estilo de vida","url":"https:\/\/eldigitaldeasturias.com\/magazine365\/","logo":{"@type":"ImageObject","url":"https:\/\/www.eldigitaldeasturias.com\/noticias\/wp-content\/uploads\/2020\/12\/EDA.jpg","@id":"https:\/\/eldigitaldeasturias.com\/magazine365\/jose-carlos-garcia-premio-chef-millesime-por-su-trayectoria-y-su-futuro\/#organizationLogo"},"image":{"@id":"https:\/\/eldigitaldeasturias.com\/magazine365\/jose-carlos-garcia-premio-chef-millesime-por-su-trayectoria-y-su-futuro\/#organizationLogo"}},{"@type":"Person","@id":"https:\/\/eldigitaldeasturias.com\/magazine365\/author\/admin\/#author","url":"https:\/\/eldigitaldeasturias.com\/magazine365\/author\/admin\/","name":"admin","image":{"@type":"ImageObject","@id":"https:\/\/eldigitaldeasturias.com\/magazine365\/jose-carlos-garcia-premio-chef-millesime-por-su-trayectoria-y-su-futuro\/#authorImage","url":"https:\/\/eldigitaldeasturias.com\/magazine365\/wp-content\/litespeed\/avatar\/e571bcf59a0edd6fa6838245a470f2fe.jpg?ver=1776969259","width":96,"height":96,"caption":"admin"}},{"@type":"WebPage","@id":"https:\/\/eldigitaldeasturias.com\/magazine365\/jose-carlos-garcia-premio-chef-millesime-por-su-trayectoria-y-su-futuro\/#webpage","url":"https:\/\/eldigitaldeasturias.com\/magazine365\/jose-carlos-garcia-premio-chef-millesime-por-su-trayectoria-y-su-futuro\/","name":"Jos\u00e9 Carlos Garc\u00eda, premio Chef Millesime por su trayectoria y su futuro | El Digital de Asturias","description":"M\u00e1laga, 27 may (EFE).- El cocinero Jos\u00e9 Carlos Garc\u00eda, con una estrella Michelin y dos soles Repsol en el restaurante que lleva su nombre en M\u00e1laga, ha recibido hoy el premio Chef Millesime por su trayectoria y su proyecci\u00f3n de futuro, as\u00ed como por preservar la cultura gastron\u00f3mica andaluza en conjunci\u00f3n con la vanguardia. \"A\u00fan","inLanguage":"es-ES","isPartOf":{"@id":"https:\/\/eldigitaldeasturias.com\/magazine365\/#website"},"breadcrumb":{"@id":"https:\/\/eldigitaldeasturias.com\/magazine365\/jose-carlos-garcia-premio-chef-millesime-por-su-trayectoria-y-su-futuro\/#breadcrumblist"},"author":{"@id":"https:\/\/eldigitaldeasturias.com\/magazine365\/author\/admin\/#author"},"creator":{"@id":"https:\/\/eldigitaldeasturias.com\/magazine365\/author\/admin\/#author"},"image":{"@type":"ImageObject","url":"https:\/\/eldigitaldeasturias.com\/magazine365\/wp-content\/uploads\/2014\/05\/6306752w.jpg","@id":"https:\/\/eldigitaldeasturias.com\/magazine365\/jose-carlos-garcia-premio-chef-millesime-por-su-trayectoria-y-su-futuro\/#mainImage","width":800,"height":533},"primaryImageOfPage":{"@id":"https:\/\/eldigitaldeasturias.com\/magazine365\/jose-carlos-garcia-premio-chef-millesime-por-su-trayectoria-y-su-futuro\/#mainImage"},"datePublished":"2014-05-27T20:15:17+02:00","dateModified":"2014-05-27T20:15:17+02:00"},{"@type":"WebSite","@id":"https:\/\/eldigitaldeasturias.com\/magazine365\/#website","url":"https:\/\/eldigitaldeasturias.com\/magazine365\/","name":"El Digital de Asturias","description":"Revista de ocio, turismo y estilo de vida","inLanguage":"es-ES","publisher":{"@id":"https:\/\/eldigitaldeasturias.com\/magazine365\/#organization"}}]},"og:locale":"es_ES","og:site_name":"El Digital de Asturias \u2013 Revista de ocio, turismo y estilo de vida","og:type":"article","og:title":"Jos\u00e9 Carlos Garc\u00eda, premio Chef Millesime por su trayectoria y su futuro | El Digital de Asturias","og:description":"M\u00e1laga, 27 may (EFE).- El cocinero Jos\u00e9 Carlos Garc\u00eda, con una estrella Michelin y dos soles Repsol en el restaurante que lleva su nombre en M\u00e1laga, ha recibido hoy el premio Chef Millesime por su trayectoria y su proyecci\u00f3n de futuro, as\u00ed como por preservar la cultura gastron\u00f3mica andaluza en conjunci\u00f3n con la vanguardia. &quot;A\u00fan","og:url":"https:\/\/eldigitaldeasturias.com\/magazine365\/jose-carlos-garcia-premio-chef-millesime-por-su-trayectoria-y-su-futuro\/","og:image":"https:\/\/eldigitaldeasturias.com\/magazine365\/wp-content\/uploads\/2014\/05\/6306752w.jpg","og:image:secure_url":"https:\/\/eldigitaldeasturias.com\/magazine365\/wp-content\/uploads\/2014\/05\/6306752w.jpg","og:image:width":800,"og:image:height":533,"article:published_time":"2014-05-27T22:15:17+00:00","article:modified_time":"2014-05-27T22:15:17+00:00","twitter:card":"summary_large_image","twitter:title":"Jos\u00e9 Carlos Garc\u00eda, premio Chef Millesime por su trayectoria y su futuro | El Digital de Asturias","twitter:description":"M\u00e1laga, 27 may (EFE).- El cocinero Jos\u00e9 Carlos Garc\u00eda, con una estrella Michelin y dos soles Repsol en el restaurante que lleva su nombre en M\u00e1laga, ha recibido hoy el premio Chef Millesime por su trayectoria y su proyecci\u00f3n de futuro, as\u00ed como por preservar la cultura gastron\u00f3mica andaluza en conjunci\u00f3n con la vanguardia. &quot;A\u00fan","twitter:image":"https:\/\/eldigitaldeasturias.com\/magazine365\/wp-content\/uploads\/2014\/05\/6306752w.jpg"},"aioseo_meta_data":{"post_id":"14163","title":null,"description":null,"keywords":null,"keyphrases":null,"primary_term":null,"canonical_url":null,"og_title":null,"og_description":null,"og_object_type":"default","og_image_type":"default","og_image_url":null,"og_image_width":null,"og_image_height":null,"og_image_custom_url":null,"og_image_custom_fields":null,"og_video":null,"og_custom_url":null,"og_article_section":null,"og_article_tags":null,"twitter_use_og":false,"twitter_card":"default","twitter_image_type":"default","twitter_image_url":null,"twitter_image_custom_url":null,"twitter_image_custom_fields":null,"twitter_title":null,"twitter_description":null,"schema":{"blockGraphs":[],"customGraphs":[],"default":{"data":{"Article":[],"Course":[],"Dataset":[],"FAQPage":[],"Movie":[],"Person":[],"Product":[],"ProductReview":[],"Car":[],"Recipe":[],"Service":[],"SoftwareApplication":[],"WebPage":[]},"graphName":"","isEnabled":true},"graphs":[]},"schema_type":null,"schema_type_options":null,"pillar_content":false,"robots_default":true,"robots_noindex":false,"robots_noarchive":false,"robots_nosnippet":false,"robots_nofollow":false,"robots_noimageindex":false,"robots_noodp":false,"robots_notranslate":false,"robots_max_snippet":null,"robots_max_videopreview":null,"robots_max_imagepreview":"large","priority":null,"frequency":null,"location":null,"local_seo":null,"seo_analyzer_scan_date":"2025-09-17 09:37:58","breadcrumb_settings":null,"limit_modified_date":false,"open_ai":null,"ai":null,"created":"2021-03-09 08:18:41","updated":"2025-09-17 09:37:58"},"aioseo_breadcrumb":"<div class=\"aioseo-breadcrumbs\"><span class=\"aioseo-breadcrumb\">\n\t<a href=\"https:\/\/eldigitaldeasturias.com\/magazine365\" title=\"Home\">Home<\/a>\n<\/span><span class=\"aioseo-breadcrumb-separator\">\u2013<\/span><span class=\"aioseo-breadcrumb\">\n\t<a href=\"https:\/\/eldigitaldeasturias.com\/magazine365\/category\/sabores\/\" title=\"Sabores\">Sabores<\/a>\n<\/span><span class=\"aioseo-breadcrumb-separator\">\u2013<\/span><span class=\"aioseo-breadcrumb\">\n\t<a href=\"https:\/\/eldigitaldeasturias.com\/magazine365\/jose-carlos-garcia-premio-chef-millesime-por-su-trayectoria-y-su-futuro\/\" title=\"Jos\u00e9 Carlos Garc\u00eda, premio Chef Millesime por su trayectoria y su futuro\">Jos\u00e9 Carlos Garc\u00eda, premio Chef Millesime por su trayectoria y su futuro<\/a>\n<\/span><\/div>","aioseo_breadcrumb_json":[{"label":"Home","link":"https:\/\/eldigitaldeasturias.com\/magazine365"},{"label":"Sabores","link":"https:\/\/eldigitaldeasturias.com\/magazine365\/category\/sabores\/"},{"label":"Jos\u00e9 Carlos Garc\u00eda, premio Chef Millesime por su trayectoria y su futuro","link":"https:\/\/eldigitaldeasturias.com\/magazine365\/jose-carlos-garcia-premio-chef-millesime-por-su-trayectoria-y-su-futuro\/"}],"_links":{"self":[{"href":"https:\/\/eldigitaldeasturias.com\/magazine365\/wp-json\/wp\/v2\/posts\/14163","targetHints":{"allow":["GET"]}}],"collection":[{"href":"https:\/\/eldigitaldeasturias.com\/magazine365\/wp-json\/wp\/v2\/posts"}],"about":[{"href":"https:\/\/eldigitaldeasturias.com\/magazine365\/wp-json\/wp\/v2\/types\/post"}],"author":[{"embeddable":true,"href":"https:\/\/eldigitaldeasturias.com\/magazine365\/wp-json\/wp\/v2\/users\/1"}],"replies":[{"embeddable":true,"href":"https:\/\/eldigitaldeasturias.com\/magazine365\/wp-json\/wp\/v2\/comments?post=14163"}],"version-history":[{"count":0,"href":"https:\/\/eldigitaldeasturias.com\/magazine365\/wp-json\/wp\/v2\/posts\/14163\/revisions"}],"wp:featuredmedia":[{"embeddable":true,"href":"https:\/\/eldigitaldeasturias.com\/magazine365\/wp-json\/wp\/v2\/media\/14164"}],"wp:attachment":[{"href":"https:\/\/eldigitaldeasturias.com\/magazine365\/wp-json\/wp\/v2\/media?parent=14163"}],"wp:term":[{"taxonomy":"category","embeddable":true,"href":"https:\/\/eldigitaldeasturias.com\/magazine365\/wp-json\/wp\/v2\/categories?post=14163"},{"taxonomy":"post_tag","embeddable":true,"href":"https:\/\/eldigitaldeasturias.com\/magazine365\/wp-json\/wp\/v2\/tags?post=14163"}],"curies":[{"name":"wp","href":"https:\/\/api.w.org\/{rel}","templated":true}]}}