{"id":14160,"date":"2014-05-27T20:13:47","date_gmt":"2014-05-27T22:13:47","guid":{"rendered":"http:\/\/eldigitaldeasturias.com\/magazine365\/?p=14160"},"modified":"2014-05-27T20:13:47","modified_gmt":"2014-05-27T22:13:47","slug":"el-marco-de-jerez-presume-de-antiguedad-en-el-cierre-de-vinoble","status":"publish","type":"post","link":"https:\/\/eldigitaldeasturias.com\/magazine365\/el-marco-de-jerez-presume-de-antiguedad-en-el-cierre-de-vinoble\/","title":{"rendered":"El Marco de Jerez presume de antig\u00fcedad en el cierre de Vinoble"},"content":{"rendered":"<p><img fetchpriority=\"high\" decoding=\"async\" class=\"alignleft size-medium wp-image-14161\" alt=\"6306652w\" src=\"https:\/\/eldigitaldeasturias.com\/magazine365\/wp-content\/uploads\/2014\/05\/6306652w-360x209.jpg\" width=\"360\" height=\"209\" \/>Jerez de la Frontera (C\u00e1diz), 27 may (EFE).- Vinos de Jerez antiqu\u00edsimos, que datan de 1790, 1792, 1830, 1864 y 1903, han protagonizado la \u00faltima jornada del Sal\u00f3n Internacional de los Vinos Nobles, Vinoble, que se ha celebrado durante tres d\u00edas en Jerez de la Frontera.<\/p>\n<p>Un millar de profesionales internacionales del sector han participado en Vinoble 2014, una cita en la que se han exhibido unos 700 vinos procedentes de trece pa\u00edses, de veinte regiones vin\u00edcolas del mundo.<\/p>\n<p>Jerez, que este a\u00f1o es Ciudad Europea del Vino y que, por tradici\u00f3n, es una referencia en este sector vin\u00edcola, ha albergado este encuentro bienal que, tras un par\u00e9ntesis porque la crisis ha impedido anteriores ediciones, se ha reanudado ahora, con vocaci\u00f3n de celebrar su pr\u00f3ximo encuentro en 2016.<\/p>\n<p>La bodega Osborne ha sido la encargada hoy de mostrar, en una de las catas organizadas en Vinoble, la centenaria historia de los vinos del Marco de Jerez.<\/p>\n<p>En \u00abLa cata de los mil a\u00f1os\u00bb Ignacio Lozano e Iv\u00e1n Llanza, de Osborne, han dado a probar a los expertos soleras antiqu\u00edsimas, de 1790, 1792, 1830, 1864 y 1903, que la bodega guarda en un museo en su sede de El Puerto de Santa Mar\u00eda, al que los amantes de estos vinos pueden acercarse \u00abcomo un amante de la pintura al Prado\u00bb, dice Llanza.<\/p>\n<p>Son \u00abjoyas enol\u00f3gicas\u00bb que forman parte de \u00aba\u00f1adas hist\u00f3ricas\u00bb, como la solera BC 200, que se envi\u00f3 a Rusia a la corte del zar Nicol\u00e1s II, o el Capuchino 1790; el Sibarita 1792; el Amontillado 51-1\u00aa 1830, el Solera AOS 1903 y Solera Pedro Xim\u00e9nez Viejo 1905.<\/p>\n<p>Unos vinos cuyas soleras han llegado al siglo XXI \u00aben perfecto estado\u00bb gracias a que a lo largo de los a\u00f1os, perpetuando su conservaci\u00f3n y su proceso de envejecimiento, se han conservado.<\/p>\n<p>De ellos se extraen unas producciones comerciales anuales que en algunos casos no llegan a las 200 botellas al a\u00f1o, que pueden llegar a costar unos doscientos euros.<\/p>\n<p>\u00abSon vinos muy complejos y que tienen una historia que contar\u00bb, ha asegurado Iv\u00e1n Llanza, que ha contado como uno de ellos, el Solera AOS 1903, fue criado en una solera que un Osborne prepar\u00f3 para celebrar el nacimiento de su hijo, con el mandato de que no se abriera hasta que \u00e9ste cumpliera 21 a\u00f1os y pudiera probar el alcohol.<\/p>\n<p>Vinoble tambi\u00e9n ha ofrecido en su \u00faltima jornada vinos nobles de Georgia y Sud\u00e1frica, un pa\u00eds, que, como la mayor\u00eda de las colonias brit\u00e1nicas, ha desarrollado una gran afici\u00f3n por la producci\u00f3n y el consumo de este tipo de caldos.<\/p>\n<p>\u00abQue nos hayan imitado es un cumplido\u00bb, ha explicado a Efe C\u00e9sar Salda\u00f1a, director general del Consejo Regulador del Marco de Jerez, un organismo que a trav\u00e9s de la UE ha luchado y contin\u00faa luchando porque las bodegas de estos pa\u00edses especifiquen que sus vinos no son del Marco de Jerez.<\/p>\n<p>Una pelea, cuenta, similar a la que hizo que el cava dejara de llamarse \u00abchampagne\u00bb.<\/p>\n<p>Tim James, gran especialista de los vinos fortificados sudafricanos, que han sustituido ya el nombre \u00abSherry\u00bb o \u00abJerez\u00bb en sus botellas por el de \u00abCape\u00bb, ya que son cultivados en la zonas vitivin\u00edcolas alrededor del Cabo, ha ofrecido hoy detalles sobre unas producciones que alcanzan ya una tradici\u00f3n de m\u00e1s de 350 a\u00f1os.<\/p>\n<p>Los vinos de Georgia, el segundo pa\u00eds mayor productor de botellas de vino de todo el mundo, con 1,5 millones cada a\u00f1o, han estado presentes tambi\u00e9n en este sal\u00f3n que se ha celebrado en el Alc\u00e1zar de Jerez, as\u00ed como los Malvas\u00edas de Canarias, elaborados en entornos volc\u00e1nicos, con producciones muy cortas y que apenas se exportan fuera de las islas.<\/p>\n","protected":false},"excerpt":{"rendered":"<p>Jerez de la Frontera (C\u00e1diz), 27 may (EFE).- Vinos de Jerez antiqu\u00edsimos, que datan de 1790, 1792, 1830, 1864 y 1903, han protagonizado la \u00faltima jornada del Sal\u00f3n Internacional de los Vinos Nobles, Vinoble, que se ha celebrado durante tres d\u00edas en Jerez de la Frontera. Un millar de profesionales internacionales del sector han participado<\/p>\n","protected":false},"author":1,"featured_media":14161,"comment_status":"open","ping_status":"closed","sticky":false,"template":"","format":"standard","meta":{"footnotes":""},"categories":[224],"tags":[],"class_list":{"0":"post-14160","1":"post","2":"type-post","3":"status-publish","4":"format-standard","5":"has-post-thumbnail","7":"category-noticias-actualidad"},"aioseo_notices":[],"aioseo_head":"\n\t\t<!-- All in One SEO Pro 4.9.6.1 - aioseo.com -->\n\t<meta name=\"description\" content=\"Jerez de la Frontera (C\u00e1diz), 27 may (EFE).- Vinos de Jerez antiqu\u00edsimos, que datan de 1790, 1792, 1830, 1864 y 1903, han protagonizado la \u00faltima jornada del Sal\u00f3n Internacional de los Vinos Nobles, Vinoble, que se ha celebrado durante tres d\u00edas en Jerez de la Frontera. Un millar de profesionales internacionales del sector han participado\" \/>\n\t<meta name=\"robots\" content=\"max-image-preview:large\" \/>\n\t<meta name=\"author\" content=\"admin\"\/>\n\t<meta name=\"google-site-verification\" content=\"UA-38556648-1\" \/>\n\t<meta name=\"keywords\" content=\"noticias y actualidad\" \/>\n\t<link rel=\"canonical\" href=\"https:\/\/eldigitaldeasturias.com\/magazine365\/el-marco-de-jerez-presume-de-antiguedad-en-el-cierre-de-vinoble\/\" \/>\n\t<meta name=\"generator\" content=\"All in One SEO Pro (AIOSEO) 4.9.6.1\" \/>\n\t\t<meta property=\"og:locale\" content=\"es_ES\" \/>\n\t\t<meta property=\"og:site_name\" content=\"El Digital de Asturias \u2013 Revista de ocio, turismo y estilo de vida\" \/>\n\t\t<meta property=\"og:type\" content=\"article\" \/>\n\t\t<meta property=\"og:title\" content=\"El Marco de Jerez presume de antig\u00fcedad en el cierre de Vinoble | El Digital de Asturias\" \/>\n\t\t<meta property=\"og:description\" content=\"Jerez de la Frontera (C\u00e1diz), 27 may (EFE).- Vinos de Jerez antiqu\u00edsimos, que datan de 1790, 1792, 1830, 1864 y 1903, han protagonizado la \u00faltima jornada del Sal\u00f3n Internacional de los Vinos Nobles, Vinoble, que se ha celebrado durante tres d\u00edas en Jerez de la Frontera. Un millar de profesionales internacionales del sector han participado\" \/>\n\t\t<meta property=\"og:url\" content=\"https:\/\/eldigitaldeasturias.com\/magazine365\/el-marco-de-jerez-presume-de-antiguedad-en-el-cierre-de-vinoble\/\" \/>\n\t\t<meta property=\"og:image\" content=\"https:\/\/eldigitaldeasturias.com\/magazine365\/wp-content\/uploads\/2014\/05\/6306652w.jpg\" \/>\n\t\t<meta property=\"og:image:secure_url\" content=\"https:\/\/eldigitaldeasturias.com\/magazine365\/wp-content\/uploads\/2014\/05\/6306652w.jpg\" \/>\n\t\t<meta property=\"og:image:width\" content=\"800\" \/>\n\t\t<meta property=\"og:image:height\" content=\"466\" \/>\n\t\t<meta property=\"article:published_time\" content=\"2014-05-27T22:13:47+00:00\" \/>\n\t\t<meta property=\"article:modified_time\" content=\"2014-05-27T22:13:47+00:00\" \/>\n\t\t<meta name=\"twitter:card\" content=\"summary_large_image\" \/>\n\t\t<meta name=\"twitter:title\" content=\"El Marco de Jerez presume de antig\u00fcedad en el cierre de Vinoble | El Digital de Asturias\" \/>\n\t\t<meta name=\"twitter:description\" content=\"Jerez de la Frontera (C\u00e1diz), 27 may (EFE).- Vinos de Jerez antiqu\u00edsimos, que datan de 1790, 1792, 1830, 1864 y 1903, han protagonizado la \u00faltima jornada del Sal\u00f3n Internacional de los Vinos Nobles, Vinoble, que se ha celebrado durante tres d\u00edas en Jerez de la Frontera. Un millar de profesionales internacionales del sector han participado\" \/>\n\t\t<meta name=\"twitter:image\" content=\"https:\/\/eldigitaldeasturias.com\/magazine365\/wp-content\/uploads\/2014\/05\/6306652w.jpg\" \/>\n\t\t<script type=\"application\/ld+json\" class=\"aioseo-schema\">\n\t\t\t{\"@context\":\"https:\\\/\\\/schema.org\",\"@graph\":[{\"@type\":\"Article\",\"@id\":\"https:\\\/\\\/eldigitaldeasturias.com\\\/magazine365\\\/el-marco-de-jerez-presume-de-antiguedad-en-el-cierre-de-vinoble\\\/#article\",\"name\":\"El Marco de Jerez presume de antig\\u00fcedad en el cierre de Vinoble | El Digital de Asturias\",\"headline\":\"El Marco de Jerez presume de antig\\u00fcedad en el cierre de Vinoble\",\"author\":{\"@id\":\"https:\\\/\\\/eldigitaldeasturias.com\\\/magazine365\\\/author\\\/admin\\\/#author\"},\"publisher\":{\"@id\":\"https:\\\/\\\/eldigitaldeasturias.com\\\/magazine365\\\/#organization\"},\"image\":{\"@type\":\"ImageObject\",\"url\":\"https:\\\/\\\/eldigitaldeasturias.com\\\/magazine365\\\/wp-content\\\/uploads\\\/2014\\\/05\\\/6306652w.jpg\",\"width\":800,\"height\":466},\"datePublished\":\"2014-05-27T20:13:47+02:00\",\"dateModified\":\"2014-05-27T20:13:47+02:00\",\"inLanguage\":\"es-ES\",\"mainEntityOfPage\":{\"@id\":\"https:\\\/\\\/eldigitaldeasturias.com\\\/magazine365\\\/el-marco-de-jerez-presume-de-antiguedad-en-el-cierre-de-vinoble\\\/#webpage\"},\"isPartOf\":{\"@id\":\"https:\\\/\\\/eldigitaldeasturias.com\\\/magazine365\\\/el-marco-de-jerez-presume-de-antiguedad-en-el-cierre-de-vinoble\\\/#webpage\"},\"articleSection\":\"Noticias y Actualidad\"},{\"@type\":\"BreadcrumbList\",\"@id\":\"https:\\\/\\\/eldigitaldeasturias.com\\\/magazine365\\\/el-marco-de-jerez-presume-de-antiguedad-en-el-cierre-de-vinoble\\\/#breadcrumblist\",\"itemListElement\":[{\"@type\":\"ListItem\",\"@id\":\"https:\\\/\\\/eldigitaldeasturias.com\\\/magazine365#listItem\",\"position\":1,\"name\":\"Home\",\"item\":\"https:\\\/\\\/eldigitaldeasturias.com\\\/magazine365\",\"nextItem\":{\"@type\":\"ListItem\",\"@id\":\"https:\\\/\\\/eldigitaldeasturias.com\\\/magazine365\\\/category\\\/noticias-actualidad\\\/#listItem\",\"name\":\"Noticias y Actualidad\"}},{\"@type\":\"ListItem\",\"@id\":\"https:\\\/\\\/eldigitaldeasturias.com\\\/magazine365\\\/category\\\/noticias-actualidad\\\/#listItem\",\"position\":2,\"name\":\"Noticias y Actualidad\",\"item\":\"https:\\\/\\\/eldigitaldeasturias.com\\\/magazine365\\\/category\\\/noticias-actualidad\\\/\",\"nextItem\":{\"@type\":\"ListItem\",\"@id\":\"https:\\\/\\\/eldigitaldeasturias.com\\\/magazine365\\\/el-marco-de-jerez-presume-de-antiguedad-en-el-cierre-de-vinoble\\\/#listItem\",\"name\":\"El Marco de Jerez presume de antig\\u00fcedad en el cierre de Vinoble\"},\"previousItem\":{\"@type\":\"ListItem\",\"@id\":\"https:\\\/\\\/eldigitaldeasturias.com\\\/magazine365#listItem\",\"name\":\"Home\"}},{\"@type\":\"ListItem\",\"@id\":\"https:\\\/\\\/eldigitaldeasturias.com\\\/magazine365\\\/el-marco-de-jerez-presume-de-antiguedad-en-el-cierre-de-vinoble\\\/#listItem\",\"position\":3,\"name\":\"El Marco de Jerez presume de antig\\u00fcedad en el cierre de Vinoble\",\"previousItem\":{\"@type\":\"ListItem\",\"@id\":\"https:\\\/\\\/eldigitaldeasturias.com\\\/magazine365\\\/category\\\/noticias-actualidad\\\/#listItem\",\"name\":\"Noticias y Actualidad\"}}]},{\"@type\":\"Organization\",\"@id\":\"https:\\\/\\\/eldigitaldeasturias.com\\\/magazine365\\\/#organization\",\"name\":\"El digital de Asturias\",\"description\":\"Revista de ocio, turismo y estilo de vida\",\"url\":\"https:\\\/\\\/eldigitaldeasturias.com\\\/magazine365\\\/\",\"logo\":{\"@type\":\"ImageObject\",\"url\":\"https:\\\/\\\/www.eldigitaldeasturias.com\\\/noticias\\\/wp-content\\\/uploads\\\/2020\\\/12\\\/EDA.jpg\",\"@id\":\"https:\\\/\\\/eldigitaldeasturias.com\\\/magazine365\\\/el-marco-de-jerez-presume-de-antiguedad-en-el-cierre-de-vinoble\\\/#organizationLogo\"},\"image\":{\"@id\":\"https:\\\/\\\/eldigitaldeasturias.com\\\/magazine365\\\/el-marco-de-jerez-presume-de-antiguedad-en-el-cierre-de-vinoble\\\/#organizationLogo\"}},{\"@type\":\"Person\",\"@id\":\"https:\\\/\\\/eldigitaldeasturias.com\\\/magazine365\\\/author\\\/admin\\\/#author\",\"url\":\"https:\\\/\\\/eldigitaldeasturias.com\\\/magazine365\\\/author\\\/admin\\\/\",\"name\":\"admin\",\"image\":{\"@type\":\"ImageObject\",\"@id\":\"https:\\\/\\\/eldigitaldeasturias.com\\\/magazine365\\\/el-marco-de-jerez-presume-de-antiguedad-en-el-cierre-de-vinoble\\\/#authorImage\",\"url\":\"https:\\\/\\\/eldigitaldeasturias.com\\\/magazine365\\\/wp-content\\\/litespeed\\\/avatar\\\/e571bcf59a0edd6fa6838245a470f2fe.jpg?ver=1776969259\",\"width\":96,\"height\":96,\"caption\":\"admin\"}},{\"@type\":\"WebPage\",\"@id\":\"https:\\\/\\\/eldigitaldeasturias.com\\\/magazine365\\\/el-marco-de-jerez-presume-de-antiguedad-en-el-cierre-de-vinoble\\\/#webpage\",\"url\":\"https:\\\/\\\/eldigitaldeasturias.com\\\/magazine365\\\/el-marco-de-jerez-presume-de-antiguedad-en-el-cierre-de-vinoble\\\/\",\"name\":\"El Marco de Jerez presume de antig\\u00fcedad en el cierre de Vinoble | El Digital de Asturias\",\"description\":\"Jerez de la Frontera (C\\u00e1diz), 27 may (EFE).- Vinos de Jerez antiqu\\u00edsimos, que datan de 1790, 1792, 1830, 1864 y 1903, han protagonizado la \\u00faltima jornada del Sal\\u00f3n Internacional de los Vinos Nobles, Vinoble, que se ha celebrado durante tres d\\u00edas en Jerez de la Frontera. Un millar de profesionales internacionales del sector han participado\",\"inLanguage\":\"es-ES\",\"isPartOf\":{\"@id\":\"https:\\\/\\\/eldigitaldeasturias.com\\\/magazine365\\\/#website\"},\"breadcrumb\":{\"@id\":\"https:\\\/\\\/eldigitaldeasturias.com\\\/magazine365\\\/el-marco-de-jerez-presume-de-antiguedad-en-el-cierre-de-vinoble\\\/#breadcrumblist\"},\"author\":{\"@id\":\"https:\\\/\\\/eldigitaldeasturias.com\\\/magazine365\\\/author\\\/admin\\\/#author\"},\"creator\":{\"@id\":\"https:\\\/\\\/eldigitaldeasturias.com\\\/magazine365\\\/author\\\/admin\\\/#author\"},\"image\":{\"@type\":\"ImageObject\",\"url\":\"https:\\\/\\\/eldigitaldeasturias.com\\\/magazine365\\\/wp-content\\\/uploads\\\/2014\\\/05\\\/6306652w.jpg\",\"@id\":\"https:\\\/\\\/eldigitaldeasturias.com\\\/magazine365\\\/el-marco-de-jerez-presume-de-antiguedad-en-el-cierre-de-vinoble\\\/#mainImage\",\"width\":800,\"height\":466},\"primaryImageOfPage\":{\"@id\":\"https:\\\/\\\/eldigitaldeasturias.com\\\/magazine365\\\/el-marco-de-jerez-presume-de-antiguedad-en-el-cierre-de-vinoble\\\/#mainImage\"},\"datePublished\":\"2014-05-27T20:13:47+02:00\",\"dateModified\":\"2014-05-27T20:13:47+02:00\"},{\"@type\":\"WebSite\",\"@id\":\"https:\\\/\\\/eldigitaldeasturias.com\\\/magazine365\\\/#website\",\"url\":\"https:\\\/\\\/eldigitaldeasturias.com\\\/magazine365\\\/\",\"name\":\"El Digital de Asturias\",\"description\":\"Revista de ocio, turismo y estilo de vida\",\"inLanguage\":\"es-ES\",\"publisher\":{\"@id\":\"https:\\\/\\\/eldigitaldeasturias.com\\\/magazine365\\\/#organization\"}}]}\n\t\t<\/script>\n\t\t<!-- All in One SEO Pro -->\r\n\t\t<title>El Marco de Jerez presume de antig\u00fcedad en el cierre de Vinoble | El Digital de Asturias<\/title>\n\n","aioseo_head_json":{"title":"El Marco de Jerez presume de antig\u00fcedad en el cierre de Vinoble | El Digital de Asturias","description":"Jerez de la Frontera (C\u00e1diz), 27 may (EFE).- Vinos de Jerez antiqu\u00edsimos, que datan de 1790, 1792, 1830, 1864 y 1903, han protagonizado la \u00faltima jornada del Sal\u00f3n Internacional de los Vinos Nobles, Vinoble, que se ha celebrado durante tres d\u00edas en Jerez de la Frontera. Un millar de profesionales internacionales del sector han participado","canonical_url":"https:\/\/eldigitaldeasturias.com\/magazine365\/el-marco-de-jerez-presume-de-antiguedad-en-el-cierre-de-vinoble\/","robots":"max-image-preview:large","keywords":"noticias y actualidad","webmasterTools":{"google-site-verification":"UA-38556648-1","miscellaneous":""},"schema":{"@context":"https:\/\/schema.org","@graph":[{"@type":"Article","@id":"https:\/\/eldigitaldeasturias.com\/magazine365\/el-marco-de-jerez-presume-de-antiguedad-en-el-cierre-de-vinoble\/#article","name":"El Marco de Jerez presume de antig\u00fcedad en el cierre de Vinoble | El Digital de Asturias","headline":"El Marco de Jerez presume de antig\u00fcedad en el cierre de Vinoble","author":{"@id":"https:\/\/eldigitaldeasturias.com\/magazine365\/author\/admin\/#author"},"publisher":{"@id":"https:\/\/eldigitaldeasturias.com\/magazine365\/#organization"},"image":{"@type":"ImageObject","url":"https:\/\/eldigitaldeasturias.com\/magazine365\/wp-content\/uploads\/2014\/05\/6306652w.jpg","width":800,"height":466},"datePublished":"2014-05-27T20:13:47+02:00","dateModified":"2014-05-27T20:13:47+02:00","inLanguage":"es-ES","mainEntityOfPage":{"@id":"https:\/\/eldigitaldeasturias.com\/magazine365\/el-marco-de-jerez-presume-de-antiguedad-en-el-cierre-de-vinoble\/#webpage"},"isPartOf":{"@id":"https:\/\/eldigitaldeasturias.com\/magazine365\/el-marco-de-jerez-presume-de-antiguedad-en-el-cierre-de-vinoble\/#webpage"},"articleSection":"Noticias y Actualidad"},{"@type":"BreadcrumbList","@id":"https:\/\/eldigitaldeasturias.com\/magazine365\/el-marco-de-jerez-presume-de-antiguedad-en-el-cierre-de-vinoble\/#breadcrumblist","itemListElement":[{"@type":"ListItem","@id":"https:\/\/eldigitaldeasturias.com\/magazine365#listItem","position":1,"name":"Home","item":"https:\/\/eldigitaldeasturias.com\/magazine365","nextItem":{"@type":"ListItem","@id":"https:\/\/eldigitaldeasturias.com\/magazine365\/category\/noticias-actualidad\/#listItem","name":"Noticias y Actualidad"}},{"@type":"ListItem","@id":"https:\/\/eldigitaldeasturias.com\/magazine365\/category\/noticias-actualidad\/#listItem","position":2,"name":"Noticias y Actualidad","item":"https:\/\/eldigitaldeasturias.com\/magazine365\/category\/noticias-actualidad\/","nextItem":{"@type":"ListItem","@id":"https:\/\/eldigitaldeasturias.com\/magazine365\/el-marco-de-jerez-presume-de-antiguedad-en-el-cierre-de-vinoble\/#listItem","name":"El Marco de Jerez presume de antig\u00fcedad en el cierre de Vinoble"},"previousItem":{"@type":"ListItem","@id":"https:\/\/eldigitaldeasturias.com\/magazine365#listItem","name":"Home"}},{"@type":"ListItem","@id":"https:\/\/eldigitaldeasturias.com\/magazine365\/el-marco-de-jerez-presume-de-antiguedad-en-el-cierre-de-vinoble\/#listItem","position":3,"name":"El Marco de Jerez presume de antig\u00fcedad en el cierre de Vinoble","previousItem":{"@type":"ListItem","@id":"https:\/\/eldigitaldeasturias.com\/magazine365\/category\/noticias-actualidad\/#listItem","name":"Noticias y Actualidad"}}]},{"@type":"Organization","@id":"https:\/\/eldigitaldeasturias.com\/magazine365\/#organization","name":"El digital de Asturias","description":"Revista de ocio, turismo y estilo de vida","url":"https:\/\/eldigitaldeasturias.com\/magazine365\/","logo":{"@type":"ImageObject","url":"https:\/\/www.eldigitaldeasturias.com\/noticias\/wp-content\/uploads\/2020\/12\/EDA.jpg","@id":"https:\/\/eldigitaldeasturias.com\/magazine365\/el-marco-de-jerez-presume-de-antiguedad-en-el-cierre-de-vinoble\/#organizationLogo"},"image":{"@id":"https:\/\/eldigitaldeasturias.com\/magazine365\/el-marco-de-jerez-presume-de-antiguedad-en-el-cierre-de-vinoble\/#organizationLogo"}},{"@type":"Person","@id":"https:\/\/eldigitaldeasturias.com\/magazine365\/author\/admin\/#author","url":"https:\/\/eldigitaldeasturias.com\/magazine365\/author\/admin\/","name":"admin","image":{"@type":"ImageObject","@id":"https:\/\/eldigitaldeasturias.com\/magazine365\/el-marco-de-jerez-presume-de-antiguedad-en-el-cierre-de-vinoble\/#authorImage","url":"https:\/\/eldigitaldeasturias.com\/magazine365\/wp-content\/litespeed\/avatar\/e571bcf59a0edd6fa6838245a470f2fe.jpg?ver=1776969259","width":96,"height":96,"caption":"admin"}},{"@type":"WebPage","@id":"https:\/\/eldigitaldeasturias.com\/magazine365\/el-marco-de-jerez-presume-de-antiguedad-en-el-cierre-de-vinoble\/#webpage","url":"https:\/\/eldigitaldeasturias.com\/magazine365\/el-marco-de-jerez-presume-de-antiguedad-en-el-cierre-de-vinoble\/","name":"El Marco de Jerez presume de antig\u00fcedad en el cierre de Vinoble | El Digital de Asturias","description":"Jerez de la Frontera (C\u00e1diz), 27 may (EFE).- Vinos de Jerez antiqu\u00edsimos, que datan de 1790, 1792, 1830, 1864 y 1903, han protagonizado la \u00faltima jornada del Sal\u00f3n Internacional de los Vinos Nobles, Vinoble, que se ha celebrado durante tres d\u00edas en Jerez de la Frontera. Un millar de profesionales internacionales del sector han participado","inLanguage":"es-ES","isPartOf":{"@id":"https:\/\/eldigitaldeasturias.com\/magazine365\/#website"},"breadcrumb":{"@id":"https:\/\/eldigitaldeasturias.com\/magazine365\/el-marco-de-jerez-presume-de-antiguedad-en-el-cierre-de-vinoble\/#breadcrumblist"},"author":{"@id":"https:\/\/eldigitaldeasturias.com\/magazine365\/author\/admin\/#author"},"creator":{"@id":"https:\/\/eldigitaldeasturias.com\/magazine365\/author\/admin\/#author"},"image":{"@type":"ImageObject","url":"https:\/\/eldigitaldeasturias.com\/magazine365\/wp-content\/uploads\/2014\/05\/6306652w.jpg","@id":"https:\/\/eldigitaldeasturias.com\/magazine365\/el-marco-de-jerez-presume-de-antiguedad-en-el-cierre-de-vinoble\/#mainImage","width":800,"height":466},"primaryImageOfPage":{"@id":"https:\/\/eldigitaldeasturias.com\/magazine365\/el-marco-de-jerez-presume-de-antiguedad-en-el-cierre-de-vinoble\/#mainImage"},"datePublished":"2014-05-27T20:13:47+02:00","dateModified":"2014-05-27T20:13:47+02:00"},{"@type":"WebSite","@id":"https:\/\/eldigitaldeasturias.com\/magazine365\/#website","url":"https:\/\/eldigitaldeasturias.com\/magazine365\/","name":"El Digital de Asturias","description":"Revista de ocio, turismo y estilo de vida","inLanguage":"es-ES","publisher":{"@id":"https:\/\/eldigitaldeasturias.com\/magazine365\/#organization"}}]},"og:locale":"es_ES","og:site_name":"El Digital de Asturias \u2013 Revista de ocio, turismo y estilo de vida","og:type":"article","og:title":"El Marco de Jerez presume de antig\u00fcedad en el cierre de Vinoble | El Digital de Asturias","og:description":"Jerez de la Frontera (C\u00e1diz), 27 may (EFE).- Vinos de Jerez antiqu\u00edsimos, que datan de 1790, 1792, 1830, 1864 y 1903, han protagonizado la \u00faltima jornada del Sal\u00f3n Internacional de los Vinos Nobles, Vinoble, que se ha celebrado durante tres d\u00edas en Jerez de la Frontera. Un millar de profesionales internacionales del sector han participado","og:url":"https:\/\/eldigitaldeasturias.com\/magazine365\/el-marco-de-jerez-presume-de-antiguedad-en-el-cierre-de-vinoble\/","og:image":"https:\/\/eldigitaldeasturias.com\/magazine365\/wp-content\/uploads\/2014\/05\/6306652w.jpg","og:image:secure_url":"https:\/\/eldigitaldeasturias.com\/magazine365\/wp-content\/uploads\/2014\/05\/6306652w.jpg","og:image:width":800,"og:image:height":466,"article:published_time":"2014-05-27T22:13:47+00:00","article:modified_time":"2014-05-27T22:13:47+00:00","twitter:card":"summary_large_image","twitter:title":"El Marco de Jerez presume de antig\u00fcedad en el cierre de Vinoble | El Digital de Asturias","twitter:description":"Jerez de la Frontera (C\u00e1diz), 27 may (EFE).- Vinos de Jerez antiqu\u00edsimos, que datan de 1790, 1792, 1830, 1864 y 1903, han protagonizado la \u00faltima jornada del Sal\u00f3n Internacional de los Vinos Nobles, Vinoble, que se ha celebrado durante tres d\u00edas en Jerez de la Frontera. Un millar de profesionales internacionales del sector han participado","twitter:image":"https:\/\/eldigitaldeasturias.com\/magazine365\/wp-content\/uploads\/2014\/05\/6306652w.jpg"},"aioseo_meta_data":{"post_id":"14160","title":null,"description":null,"keywords":null,"keyphrases":null,"primary_term":null,"canonical_url":null,"og_title":null,"og_description":null,"og_object_type":"default","og_image_type":"default","og_image_url":null,"og_image_width":null,"og_image_height":null,"og_image_custom_url":null,"og_image_custom_fields":null,"og_video":null,"og_custom_url":null,"og_article_section":null,"og_article_tags":null,"twitter_use_og":false,"twitter_card":"default","twitter_image_type":"default","twitter_image_url":null,"twitter_image_custom_url":null,"twitter_image_custom_fields":null,"twitter_title":null,"twitter_description":null,"schema":{"blockGraphs":[],"customGraphs":[],"default":{"data":{"Article":[],"Course":[],"Dataset":[],"FAQPage":[],"Movie":[],"Person":[],"Product":[],"ProductReview":[],"Car":[],"Recipe":[],"Service":[],"SoftwareApplication":[],"WebPage":[]},"graphName":"","isEnabled":true},"graphs":[],"defaultGraph":"","defaultPostTypeGraph":""},"schema_type":null,"schema_type_options":null,"pillar_content":false,"robots_default":true,"robots_noindex":false,"robots_noarchive":false,"robots_nosnippet":false,"robots_nofollow":false,"robots_noimageindex":false,"robots_noodp":false,"robots_notranslate":false,"robots_max_snippet":null,"robots_max_videopreview":null,"robots_max_imagepreview":"large","priority":null,"frequency":null,"location":null,"local_seo":null,"seo_analyzer_scan_date":"2025-09-17 09:37:57","breadcrumb_settings":null,"limit_modified_date":false,"open_ai":null,"ai":null,"created":"2021-03-09 08:18:41","updated":"2025-09-17 09:37:57"},"aioseo_breadcrumb":"<div class=\"aioseo-breadcrumbs\"><span class=\"aioseo-breadcrumb\">\n\t<a href=\"https:\/\/eldigitaldeasturias.com\/magazine365\" title=\"Home\">Home<\/a>\n<\/span><span class=\"aioseo-breadcrumb-separator\">\u2013<\/span><span class=\"aioseo-breadcrumb\">\n\t<a href=\"https:\/\/eldigitaldeasturias.com\/magazine365\/category\/noticias-actualidad\/\" title=\"Noticias y Actualidad\">Noticias y Actualidad<\/a>\n<\/span><span class=\"aioseo-breadcrumb-separator\">\u2013<\/span><span class=\"aioseo-breadcrumb\">\n\t<a href=\"https:\/\/eldigitaldeasturias.com\/magazine365\/el-marco-de-jerez-presume-de-antiguedad-en-el-cierre-de-vinoble\/\" title=\"El Marco de Jerez presume de antig\u00fcedad en el cierre de Vinoble\">El Marco de Jerez presume de antig\u00fcedad en el cierre de Vinoble<\/a>\n<\/span><\/div>","aioseo_breadcrumb_json":[{"label":"Home","link":"https:\/\/eldigitaldeasturias.com\/magazine365"},{"label":"Noticias y Actualidad","link":"https:\/\/eldigitaldeasturias.com\/magazine365\/category\/noticias-actualidad\/"},{"label":"El Marco de Jerez presume de antig\u00fcedad en el cierre de Vinoble","link":"https:\/\/eldigitaldeasturias.com\/magazine365\/el-marco-de-jerez-presume-de-antiguedad-en-el-cierre-de-vinoble\/"}],"_links":{"self":[{"href":"https:\/\/eldigitaldeasturias.com\/magazine365\/wp-json\/wp\/v2\/posts\/14160","targetHints":{"allow":["GET"]}}],"collection":[{"href":"https:\/\/eldigitaldeasturias.com\/magazine365\/wp-json\/wp\/v2\/posts"}],"about":[{"href":"https:\/\/eldigitaldeasturias.com\/magazine365\/wp-json\/wp\/v2\/types\/post"}],"author":[{"embeddable":true,"href":"https:\/\/eldigitaldeasturias.com\/magazine365\/wp-json\/wp\/v2\/users\/1"}],"replies":[{"embeddable":true,"href":"https:\/\/eldigitaldeasturias.com\/magazine365\/wp-json\/wp\/v2\/comments?post=14160"}],"version-history":[{"count":0,"href":"https:\/\/eldigitaldeasturias.com\/magazine365\/wp-json\/wp\/v2\/posts\/14160\/revisions"}],"wp:featuredmedia":[{"embeddable":true,"href":"https:\/\/eldigitaldeasturias.com\/magazine365\/wp-json\/wp\/v2\/media\/14161"}],"wp:attachment":[{"href":"https:\/\/eldigitaldeasturias.com\/magazine365\/wp-json\/wp\/v2\/media?parent=14160"}],"wp:term":[{"taxonomy":"category","embeddable":true,"href":"https:\/\/eldigitaldeasturias.com\/magazine365\/wp-json\/wp\/v2\/categories?post=14160"},{"taxonomy":"post_tag","embeddable":true,"href":"https:\/\/eldigitaldeasturias.com\/magazine365\/wp-json\/wp\/v2\/tags?post=14160"}],"curies":[{"name":"wp","href":"https:\/\/api.w.org\/{rel}","templated":true}]}}