{"id":14154,"date":"2014-05-27T20:10:10","date_gmt":"2014-05-27T22:10:10","guid":{"rendered":"http:\/\/eldigitaldeasturias.com\/magazine365\/?p=14154"},"modified":"2014-05-27T20:10:10","modified_gmt":"2014-05-27T22:10:10","slug":"nacho-vegas-dice-de-podemos-que-si-no-sale-bien-no-importara-decir-era-una-mierda","status":"publish","type":"post","link":"https:\/\/eldigitaldeasturias.com\/magazine365\/nacho-vegas-dice-de-podemos-que-si-no-sale-bien-no-importara-decir-era-una-mierda\/","title":{"rendered":"Nacho Vegas dice de Podemos que si no sale bien, no importar\u00e1 decir \u00abera una mierda\u00bb"},"content":{"rendered":"<p><img fetchpriority=\"high\" decoding=\"async\" class=\"alignleft size-medium wp-image-14155\" alt=\"6306622w\" src=\"https:\/\/eldigitaldeasturias.com\/magazine365\/wp-content\/uploads\/2014\/05\/6306622w-360x242.jpg\" width=\"360\" height=\"242\" \/>Madrid, 27 may (EFE).- El cantautor Nacho Vegas es uno de los muchos espa\u00f1oles que han decidido respaldar a Podemos, el emergente partido de Pablo Iglesias que obtuvo cinco esca\u00f1os en las elecciones al Parlamento Europeo, ya que, en su opini\u00f3n, \u00abno importa apoyarlo ahora y, si no sale bien, decir &#8216;esto era una mierda'\u00bb.<\/p>\n<p>\u00abLo que me gusta de Podemos es que es una plataforma que admite apoyos matizados. No importa apoyarlo ahora y, si no sale bien, decir &#8216;esto era una mierda&#8217;. Espero que no ocurra, porque los apoyo y pienso votarlos\u00bb, ha declarado el m\u00fasico asturiano en el \u00faltimo programa de \u00abPortela de noche\u00bb, que se puede escuchar en la radio por internet www.nanosonico.com.<\/p>\n<p>En una larga y distendida entrevista grabada durante la reciente campa\u00f1a electoral, Vegas se relaja y se pronuncia sobre un sinf\u00edn de temas, no solo pol\u00edticos, sino tambi\u00e9n art\u00edsticos y personales, por ejemplo en torno a la bisexualidad.<\/p>\n<p>Respecto de otros artistas, dice que tiene \u00abopiniones encontradas\u00bb de Julio Iglesias, mientras que de Joaqu\u00edn Sabina opina que \u00abescribe muy guay\u00bb, pero que su \u00e9xito le ha impedido ser \u00abtan interesante como podr\u00eda haber sido\u00bb.<\/p>\n<p>\u00abTiene canciones muy buenas, pero es un t\u00edo un poco pat\u00e9tico tambi\u00e9n\u00bb, apostilla.<\/p>\n<p>Vegas se encuentra en estos momentos de gira con \u00abResituaci\u00f3n\u00bb, el sexto disco de su carrera y el primero tras la gran acogida de \u00abLa zona sucia\u00bb (2011), galardonado como mejor \u00e1lbum del a\u00f1o y mejor \u00e1lbum de canci\u00f3n de autor en los IV Premios de la M\u00fasica Independiente.<\/p>\n","protected":false},"excerpt":{"rendered":"<p>Madrid, 27 may (EFE).- El cantautor Nacho Vegas es uno de los muchos espa\u00f1oles que han decidido respaldar a Podemos, el emergente partido de Pablo Iglesias que obtuvo cinco esca\u00f1os en las elecciones al Parlamento Europeo, ya que, en su opini\u00f3n, \u00abno importa apoyarlo ahora y, si no sale bien, decir &#8216;esto era una mierda&#8217;\u00bb.<\/p>\n","protected":false},"author":1,"featured_media":14155,"comment_status":"open","ping_status":"closed","sticky":false,"template":"","format":"standard","meta":{"footnotes":""},"categories":[224],"tags":[],"class_list":{"0":"post-14154","1":"post","2":"type-post","3":"status-publish","4":"format-standard","5":"has-post-thumbnail","7":"category-noticias-actualidad"},"aioseo_notices":[],"aioseo_head":"\n\t\t<!-- All in One SEO Pro 4.9.6.1 - aioseo.com -->\n\t<meta name=\"description\" content=\"Madrid, 27 may (EFE).- El cantautor Nacho Vegas es uno de los muchos espa\u00f1oles que han decidido respaldar a Podemos, el emergente partido de Pablo Iglesias que obtuvo cinco esca\u00f1os en las elecciones al Parlamento Europeo, ya que, en su opini\u00f3n, &quot;no importa apoyarlo ahora y, si no sale bien, decir &#039;esto era una mierda&#039;&quot;.\" \/>\n\t<meta name=\"robots\" content=\"max-image-preview:large\" \/>\n\t<meta name=\"author\" content=\"admin\"\/>\n\t<meta name=\"google-site-verification\" content=\"UA-38556648-1\" \/>\n\t<meta name=\"keywords\" content=\"noticias y actualidad\" \/>\n\t<link rel=\"canonical\" href=\"https:\/\/eldigitaldeasturias.com\/magazine365\/nacho-vegas-dice-de-podemos-que-si-no-sale-bien-no-importara-decir-era-una-mierda\/\" \/>\n\t<meta name=\"generator\" content=\"All in One SEO Pro (AIOSEO) 4.9.6.1\" \/>\n\t\t<meta property=\"og:locale\" content=\"es_ES\" \/>\n\t\t<meta property=\"og:site_name\" content=\"El Digital de Asturias \u2013 Revista de ocio, turismo y estilo de vida\" \/>\n\t\t<meta property=\"og:type\" content=\"article\" \/>\n\t\t<meta property=\"og:title\" content=\"Nacho Vegas dice de Podemos que si no sale bien, no importar\u00e1 decir \u00abera una mierda\u00bb | El Digital de Asturias\" \/>\n\t\t<meta property=\"og:description\" content=\"Madrid, 27 may (EFE).- El cantautor Nacho Vegas es uno de los muchos espa\u00f1oles que han decidido respaldar a Podemos, el emergente partido de Pablo Iglesias que obtuvo cinco esca\u00f1os en las elecciones al Parlamento Europeo, ya que, en su opini\u00f3n, &quot;no importa apoyarlo ahora y, si no sale bien, decir &#039;esto era una mierda&#039;&quot;.\" \/>\n\t\t<meta property=\"og:url\" content=\"https:\/\/eldigitaldeasturias.com\/magazine365\/nacho-vegas-dice-de-podemos-que-si-no-sale-bien-no-importara-decir-era-una-mierda\/\" \/>\n\t\t<meta property=\"og:image\" content=\"https:\/\/eldigitaldeasturias.com\/magazine365\/wp-content\/uploads\/2014\/05\/6306622w.jpg\" \/>\n\t\t<meta property=\"og:image:secure_url\" content=\"https:\/\/eldigitaldeasturias.com\/magazine365\/wp-content\/uploads\/2014\/05\/6306622w.jpg\" \/>\n\t\t<meta property=\"og:image:width\" content=\"800\" \/>\n\t\t<meta property=\"og:image:height\" content=\"539\" \/>\n\t\t<meta property=\"article:published_time\" content=\"2014-05-27T22:10:10+00:00\" \/>\n\t\t<meta property=\"article:modified_time\" content=\"2014-05-27T22:10:10+00:00\" \/>\n\t\t<meta name=\"twitter:card\" content=\"summary_large_image\" \/>\n\t\t<meta name=\"twitter:title\" content=\"Nacho Vegas dice de Podemos que si no sale bien, no importar\u00e1 decir \u00abera una mierda\u00bb | El Digital de Asturias\" \/>\n\t\t<meta name=\"twitter:description\" content=\"Madrid, 27 may (EFE).- El cantautor Nacho Vegas es uno de los muchos espa\u00f1oles que han decidido respaldar a Podemos, el emergente partido de Pablo Iglesias que obtuvo cinco esca\u00f1os en las elecciones al Parlamento Europeo, ya que, en su opini\u00f3n, &quot;no importa apoyarlo ahora y, si no sale bien, decir &#039;esto era una mierda&#039;&quot;.\" \/>\n\t\t<meta name=\"twitter:image\" content=\"https:\/\/eldigitaldeasturias.com\/magazine365\/wp-content\/uploads\/2014\/05\/6306622w.jpg\" \/>\n\t\t<script type=\"application\/ld+json\" class=\"aioseo-schema\">\n\t\t\t{\"@context\":\"https:\\\/\\\/schema.org\",\"@graph\":[{\"@type\":\"Article\",\"@id\":\"https:\\\/\\\/eldigitaldeasturias.com\\\/magazine365\\\/nacho-vegas-dice-de-podemos-que-si-no-sale-bien-no-importara-decir-era-una-mierda\\\/#article\",\"name\":\"Nacho Vegas dice de Podemos que si no sale bien, no importar\\u00e1 decir \\u00abera una mierda\\u00bb | El Digital de Asturias\",\"headline\":\"Nacho Vegas dice de Podemos que si no sale bien, no importar\\u00e1 decir \\u00abera una mierda\\u00bb\",\"author\":{\"@id\":\"https:\\\/\\\/eldigitaldeasturias.com\\\/magazine365\\\/author\\\/admin\\\/#author\"},\"publisher\":{\"@id\":\"https:\\\/\\\/eldigitaldeasturias.com\\\/magazine365\\\/#organization\"},\"image\":{\"@type\":\"ImageObject\",\"url\":\"https:\\\/\\\/eldigitaldeasturias.com\\\/magazine365\\\/wp-content\\\/uploads\\\/2014\\\/05\\\/6306622w.jpg\",\"width\":800,\"height\":539},\"datePublished\":\"2014-05-27T20:10:10+02:00\",\"dateModified\":\"2014-05-27T20:10:10+02:00\",\"inLanguage\":\"es-ES\",\"mainEntityOfPage\":{\"@id\":\"https:\\\/\\\/eldigitaldeasturias.com\\\/magazine365\\\/nacho-vegas-dice-de-podemos-que-si-no-sale-bien-no-importara-decir-era-una-mierda\\\/#webpage\"},\"isPartOf\":{\"@id\":\"https:\\\/\\\/eldigitaldeasturias.com\\\/magazine365\\\/nacho-vegas-dice-de-podemos-que-si-no-sale-bien-no-importara-decir-era-una-mierda\\\/#webpage\"},\"articleSection\":\"Noticias y Actualidad\"},{\"@type\":\"BreadcrumbList\",\"@id\":\"https:\\\/\\\/eldigitaldeasturias.com\\\/magazine365\\\/nacho-vegas-dice-de-podemos-que-si-no-sale-bien-no-importara-decir-era-una-mierda\\\/#breadcrumblist\",\"itemListElement\":[{\"@type\":\"ListItem\",\"@id\":\"https:\\\/\\\/eldigitaldeasturias.com\\\/magazine365#listItem\",\"position\":1,\"name\":\"Home\",\"item\":\"https:\\\/\\\/eldigitaldeasturias.com\\\/magazine365\",\"nextItem\":{\"@type\":\"ListItem\",\"@id\":\"https:\\\/\\\/eldigitaldeasturias.com\\\/magazine365\\\/category\\\/noticias-actualidad\\\/#listItem\",\"name\":\"Noticias y Actualidad\"}},{\"@type\":\"ListItem\",\"@id\":\"https:\\\/\\\/eldigitaldeasturias.com\\\/magazine365\\\/category\\\/noticias-actualidad\\\/#listItem\",\"position\":2,\"name\":\"Noticias y Actualidad\",\"item\":\"https:\\\/\\\/eldigitaldeasturias.com\\\/magazine365\\\/category\\\/noticias-actualidad\\\/\",\"nextItem\":{\"@type\":\"ListItem\",\"@id\":\"https:\\\/\\\/eldigitaldeasturias.com\\\/magazine365\\\/nacho-vegas-dice-de-podemos-que-si-no-sale-bien-no-importara-decir-era-una-mierda\\\/#listItem\",\"name\":\"Nacho Vegas dice de Podemos que si no sale bien, no importar\\u00e1 decir \\u00abera una mierda\\u00bb\"},\"previousItem\":{\"@type\":\"ListItem\",\"@id\":\"https:\\\/\\\/eldigitaldeasturias.com\\\/magazine365#listItem\",\"name\":\"Home\"}},{\"@type\":\"ListItem\",\"@id\":\"https:\\\/\\\/eldigitaldeasturias.com\\\/magazine365\\\/nacho-vegas-dice-de-podemos-que-si-no-sale-bien-no-importara-decir-era-una-mierda\\\/#listItem\",\"position\":3,\"name\":\"Nacho Vegas dice de Podemos que si no sale bien, no importar\\u00e1 decir \\u00abera una mierda\\u00bb\",\"previousItem\":{\"@type\":\"ListItem\",\"@id\":\"https:\\\/\\\/eldigitaldeasturias.com\\\/magazine365\\\/category\\\/noticias-actualidad\\\/#listItem\",\"name\":\"Noticias y Actualidad\"}}]},{\"@type\":\"Organization\",\"@id\":\"https:\\\/\\\/eldigitaldeasturias.com\\\/magazine365\\\/#organization\",\"name\":\"El digital de Asturias\",\"description\":\"Revista de ocio, turismo y estilo de vida\",\"url\":\"https:\\\/\\\/eldigitaldeasturias.com\\\/magazine365\\\/\",\"logo\":{\"@type\":\"ImageObject\",\"url\":\"https:\\\/\\\/www.eldigitaldeasturias.com\\\/noticias\\\/wp-content\\\/uploads\\\/2020\\\/12\\\/EDA.jpg\",\"@id\":\"https:\\\/\\\/eldigitaldeasturias.com\\\/magazine365\\\/nacho-vegas-dice-de-podemos-que-si-no-sale-bien-no-importara-decir-era-una-mierda\\\/#organizationLogo\"},\"image\":{\"@id\":\"https:\\\/\\\/eldigitaldeasturias.com\\\/magazine365\\\/nacho-vegas-dice-de-podemos-que-si-no-sale-bien-no-importara-decir-era-una-mierda\\\/#organizationLogo\"}},{\"@type\":\"Person\",\"@id\":\"https:\\\/\\\/eldigitaldeasturias.com\\\/magazine365\\\/author\\\/admin\\\/#author\",\"url\":\"https:\\\/\\\/eldigitaldeasturias.com\\\/magazine365\\\/author\\\/admin\\\/\",\"name\":\"admin\",\"image\":{\"@type\":\"ImageObject\",\"@id\":\"https:\\\/\\\/eldigitaldeasturias.com\\\/magazine365\\\/nacho-vegas-dice-de-podemos-que-si-no-sale-bien-no-importara-decir-era-una-mierda\\\/#authorImage\",\"url\":\"https:\\\/\\\/eldigitaldeasturias.com\\\/magazine365\\\/wp-content\\\/litespeed\\\/avatar\\\/e571bcf59a0edd6fa6838245a470f2fe.jpg?ver=1776969259\",\"width\":96,\"height\":96,\"caption\":\"admin\"}},{\"@type\":\"WebPage\",\"@id\":\"https:\\\/\\\/eldigitaldeasturias.com\\\/magazine365\\\/nacho-vegas-dice-de-podemos-que-si-no-sale-bien-no-importara-decir-era-una-mierda\\\/#webpage\",\"url\":\"https:\\\/\\\/eldigitaldeasturias.com\\\/magazine365\\\/nacho-vegas-dice-de-podemos-que-si-no-sale-bien-no-importara-decir-era-una-mierda\\\/\",\"name\":\"Nacho Vegas dice de Podemos que si no sale bien, no importar\\u00e1 decir \\u00abera una mierda\\u00bb | El Digital de Asturias\",\"description\":\"Madrid, 27 may (EFE).- El cantautor Nacho Vegas es uno de los muchos espa\\u00f1oles que han decidido respaldar a Podemos, el emergente partido de Pablo Iglesias que obtuvo cinco esca\\u00f1os en las elecciones al Parlamento Europeo, ya que, en su opini\\u00f3n, \\\"no importa apoyarlo ahora y, si no sale bien, decir 'esto era una mierda'\\\".\",\"inLanguage\":\"es-ES\",\"isPartOf\":{\"@id\":\"https:\\\/\\\/eldigitaldeasturias.com\\\/magazine365\\\/#website\"},\"breadcrumb\":{\"@id\":\"https:\\\/\\\/eldigitaldeasturias.com\\\/magazine365\\\/nacho-vegas-dice-de-podemos-que-si-no-sale-bien-no-importara-decir-era-una-mierda\\\/#breadcrumblist\"},\"author\":{\"@id\":\"https:\\\/\\\/eldigitaldeasturias.com\\\/magazine365\\\/author\\\/admin\\\/#author\"},\"creator\":{\"@id\":\"https:\\\/\\\/eldigitaldeasturias.com\\\/magazine365\\\/author\\\/admin\\\/#author\"},\"image\":{\"@type\":\"ImageObject\",\"url\":\"https:\\\/\\\/eldigitaldeasturias.com\\\/magazine365\\\/wp-content\\\/uploads\\\/2014\\\/05\\\/6306622w.jpg\",\"@id\":\"https:\\\/\\\/eldigitaldeasturias.com\\\/magazine365\\\/nacho-vegas-dice-de-podemos-que-si-no-sale-bien-no-importara-decir-era-una-mierda\\\/#mainImage\",\"width\":800,\"height\":539},\"primaryImageOfPage\":{\"@id\":\"https:\\\/\\\/eldigitaldeasturias.com\\\/magazine365\\\/nacho-vegas-dice-de-podemos-que-si-no-sale-bien-no-importara-decir-era-una-mierda\\\/#mainImage\"},\"datePublished\":\"2014-05-27T20:10:10+02:00\",\"dateModified\":\"2014-05-27T20:10:10+02:00\"},{\"@type\":\"WebSite\",\"@id\":\"https:\\\/\\\/eldigitaldeasturias.com\\\/magazine365\\\/#website\",\"url\":\"https:\\\/\\\/eldigitaldeasturias.com\\\/magazine365\\\/\",\"name\":\"El Digital de Asturias\",\"description\":\"Revista de ocio, turismo y estilo de vida\",\"inLanguage\":\"es-ES\",\"publisher\":{\"@id\":\"https:\\\/\\\/eldigitaldeasturias.com\\\/magazine365\\\/#organization\"}}]}\n\t\t<\/script>\n\t\t<!-- All in One SEO Pro -->\r\n\t\t<title>Nacho Vegas dice de Podemos que si no sale bien, no importar\u00e1 decir \u00abera una mierda\u00bb | El Digital de Asturias<\/title>\n\n","aioseo_head_json":{"title":"Nacho Vegas dice de Podemos que si no sale bien, no importar\u00e1 decir \u00abera una mierda\u00bb | El Digital de Asturias","description":"Madrid, 27 may (EFE).- El cantautor Nacho Vegas es uno de los muchos espa\u00f1oles que han decidido respaldar a Podemos, el emergente partido de Pablo Iglesias que obtuvo cinco esca\u00f1os en las elecciones al Parlamento Europeo, ya que, en su opini\u00f3n, \"no importa apoyarlo ahora y, si no sale bien, decir 'esto era una mierda'\".","canonical_url":"https:\/\/eldigitaldeasturias.com\/magazine365\/nacho-vegas-dice-de-podemos-que-si-no-sale-bien-no-importara-decir-era-una-mierda\/","robots":"max-image-preview:large","keywords":"noticias y actualidad","webmasterTools":{"google-site-verification":"UA-38556648-1","miscellaneous":""},"schema":{"@context":"https:\/\/schema.org","@graph":[{"@type":"Article","@id":"https:\/\/eldigitaldeasturias.com\/magazine365\/nacho-vegas-dice-de-podemos-que-si-no-sale-bien-no-importara-decir-era-una-mierda\/#article","name":"Nacho Vegas dice de Podemos que si no sale bien, no importar\u00e1 decir \u00abera una mierda\u00bb | El Digital de Asturias","headline":"Nacho Vegas dice de Podemos que si no sale bien, no importar\u00e1 decir \u00abera una mierda\u00bb","author":{"@id":"https:\/\/eldigitaldeasturias.com\/magazine365\/author\/admin\/#author"},"publisher":{"@id":"https:\/\/eldigitaldeasturias.com\/magazine365\/#organization"},"image":{"@type":"ImageObject","url":"https:\/\/eldigitaldeasturias.com\/magazine365\/wp-content\/uploads\/2014\/05\/6306622w.jpg","width":800,"height":539},"datePublished":"2014-05-27T20:10:10+02:00","dateModified":"2014-05-27T20:10:10+02:00","inLanguage":"es-ES","mainEntityOfPage":{"@id":"https:\/\/eldigitaldeasturias.com\/magazine365\/nacho-vegas-dice-de-podemos-que-si-no-sale-bien-no-importara-decir-era-una-mierda\/#webpage"},"isPartOf":{"@id":"https:\/\/eldigitaldeasturias.com\/magazine365\/nacho-vegas-dice-de-podemos-que-si-no-sale-bien-no-importara-decir-era-una-mierda\/#webpage"},"articleSection":"Noticias y Actualidad"},{"@type":"BreadcrumbList","@id":"https:\/\/eldigitaldeasturias.com\/magazine365\/nacho-vegas-dice-de-podemos-que-si-no-sale-bien-no-importara-decir-era-una-mierda\/#breadcrumblist","itemListElement":[{"@type":"ListItem","@id":"https:\/\/eldigitaldeasturias.com\/magazine365#listItem","position":1,"name":"Home","item":"https:\/\/eldigitaldeasturias.com\/magazine365","nextItem":{"@type":"ListItem","@id":"https:\/\/eldigitaldeasturias.com\/magazine365\/category\/noticias-actualidad\/#listItem","name":"Noticias y Actualidad"}},{"@type":"ListItem","@id":"https:\/\/eldigitaldeasturias.com\/magazine365\/category\/noticias-actualidad\/#listItem","position":2,"name":"Noticias y Actualidad","item":"https:\/\/eldigitaldeasturias.com\/magazine365\/category\/noticias-actualidad\/","nextItem":{"@type":"ListItem","@id":"https:\/\/eldigitaldeasturias.com\/magazine365\/nacho-vegas-dice-de-podemos-que-si-no-sale-bien-no-importara-decir-era-una-mierda\/#listItem","name":"Nacho Vegas dice de Podemos que si no sale bien, no importar\u00e1 decir \u00abera una mierda\u00bb"},"previousItem":{"@type":"ListItem","@id":"https:\/\/eldigitaldeasturias.com\/magazine365#listItem","name":"Home"}},{"@type":"ListItem","@id":"https:\/\/eldigitaldeasturias.com\/magazine365\/nacho-vegas-dice-de-podemos-que-si-no-sale-bien-no-importara-decir-era-una-mierda\/#listItem","position":3,"name":"Nacho Vegas dice de Podemos que si no sale bien, no importar\u00e1 decir \u00abera una mierda\u00bb","previousItem":{"@type":"ListItem","@id":"https:\/\/eldigitaldeasturias.com\/magazine365\/category\/noticias-actualidad\/#listItem","name":"Noticias y Actualidad"}}]},{"@type":"Organization","@id":"https:\/\/eldigitaldeasturias.com\/magazine365\/#organization","name":"El digital de Asturias","description":"Revista de ocio, turismo y estilo de vida","url":"https:\/\/eldigitaldeasturias.com\/magazine365\/","logo":{"@type":"ImageObject","url":"https:\/\/www.eldigitaldeasturias.com\/noticias\/wp-content\/uploads\/2020\/12\/EDA.jpg","@id":"https:\/\/eldigitaldeasturias.com\/magazine365\/nacho-vegas-dice-de-podemos-que-si-no-sale-bien-no-importara-decir-era-una-mierda\/#organizationLogo"},"image":{"@id":"https:\/\/eldigitaldeasturias.com\/magazine365\/nacho-vegas-dice-de-podemos-que-si-no-sale-bien-no-importara-decir-era-una-mierda\/#organizationLogo"}},{"@type":"Person","@id":"https:\/\/eldigitaldeasturias.com\/magazine365\/author\/admin\/#author","url":"https:\/\/eldigitaldeasturias.com\/magazine365\/author\/admin\/","name":"admin","image":{"@type":"ImageObject","@id":"https:\/\/eldigitaldeasturias.com\/magazine365\/nacho-vegas-dice-de-podemos-que-si-no-sale-bien-no-importara-decir-era-una-mierda\/#authorImage","url":"https:\/\/eldigitaldeasturias.com\/magazine365\/wp-content\/litespeed\/avatar\/e571bcf59a0edd6fa6838245a470f2fe.jpg?ver=1776969259","width":96,"height":96,"caption":"admin"}},{"@type":"WebPage","@id":"https:\/\/eldigitaldeasturias.com\/magazine365\/nacho-vegas-dice-de-podemos-que-si-no-sale-bien-no-importara-decir-era-una-mierda\/#webpage","url":"https:\/\/eldigitaldeasturias.com\/magazine365\/nacho-vegas-dice-de-podemos-que-si-no-sale-bien-no-importara-decir-era-una-mierda\/","name":"Nacho Vegas dice de Podemos que si no sale bien, no importar\u00e1 decir \u00abera una mierda\u00bb | El Digital de Asturias","description":"Madrid, 27 may (EFE).- El cantautor Nacho Vegas es uno de los muchos espa\u00f1oles que han decidido respaldar a Podemos, el emergente partido de Pablo Iglesias que obtuvo cinco esca\u00f1os en las elecciones al Parlamento Europeo, ya que, en su opini\u00f3n, \"no importa apoyarlo ahora y, si no sale bien, decir 'esto era una mierda'\".","inLanguage":"es-ES","isPartOf":{"@id":"https:\/\/eldigitaldeasturias.com\/magazine365\/#website"},"breadcrumb":{"@id":"https:\/\/eldigitaldeasturias.com\/magazine365\/nacho-vegas-dice-de-podemos-que-si-no-sale-bien-no-importara-decir-era-una-mierda\/#breadcrumblist"},"author":{"@id":"https:\/\/eldigitaldeasturias.com\/magazine365\/author\/admin\/#author"},"creator":{"@id":"https:\/\/eldigitaldeasturias.com\/magazine365\/author\/admin\/#author"},"image":{"@type":"ImageObject","url":"https:\/\/eldigitaldeasturias.com\/magazine365\/wp-content\/uploads\/2014\/05\/6306622w.jpg","@id":"https:\/\/eldigitaldeasturias.com\/magazine365\/nacho-vegas-dice-de-podemos-que-si-no-sale-bien-no-importara-decir-era-una-mierda\/#mainImage","width":800,"height":539},"primaryImageOfPage":{"@id":"https:\/\/eldigitaldeasturias.com\/magazine365\/nacho-vegas-dice-de-podemos-que-si-no-sale-bien-no-importara-decir-era-una-mierda\/#mainImage"},"datePublished":"2014-05-27T20:10:10+02:00","dateModified":"2014-05-27T20:10:10+02:00"},{"@type":"WebSite","@id":"https:\/\/eldigitaldeasturias.com\/magazine365\/#website","url":"https:\/\/eldigitaldeasturias.com\/magazine365\/","name":"El Digital de Asturias","description":"Revista de ocio, turismo y estilo de vida","inLanguage":"es-ES","publisher":{"@id":"https:\/\/eldigitaldeasturias.com\/magazine365\/#organization"}}]},"og:locale":"es_ES","og:site_name":"El Digital de Asturias \u2013 Revista de ocio, turismo y estilo de vida","og:type":"article","og:title":"Nacho Vegas dice de Podemos que si no sale bien, no importar\u00e1 decir \u00abera una mierda\u00bb | El Digital de Asturias","og:description":"Madrid, 27 may (EFE).- El cantautor Nacho Vegas es uno de los muchos espa\u00f1oles que han decidido respaldar a Podemos, el emergente partido de Pablo Iglesias que obtuvo cinco esca\u00f1os en las elecciones al Parlamento Europeo, ya que, en su opini\u00f3n, &quot;no importa apoyarlo ahora y, si no sale bien, decir 'esto era una mierda'&quot;.","og:url":"https:\/\/eldigitaldeasturias.com\/magazine365\/nacho-vegas-dice-de-podemos-que-si-no-sale-bien-no-importara-decir-era-una-mierda\/","og:image":"https:\/\/eldigitaldeasturias.com\/magazine365\/wp-content\/uploads\/2014\/05\/6306622w.jpg","og:image:secure_url":"https:\/\/eldigitaldeasturias.com\/magazine365\/wp-content\/uploads\/2014\/05\/6306622w.jpg","og:image:width":800,"og:image:height":539,"article:published_time":"2014-05-27T22:10:10+00:00","article:modified_time":"2014-05-27T22:10:10+00:00","twitter:card":"summary_large_image","twitter:title":"Nacho Vegas dice de Podemos que si no sale bien, no importar\u00e1 decir \u00abera una mierda\u00bb | El Digital de Asturias","twitter:description":"Madrid, 27 may (EFE).- El cantautor Nacho Vegas es uno de los muchos espa\u00f1oles que han decidido respaldar a Podemos, el emergente partido de Pablo Iglesias que obtuvo cinco esca\u00f1os en las elecciones al Parlamento Europeo, ya que, en su opini\u00f3n, &quot;no importa apoyarlo ahora y, si no sale bien, decir 'esto era una mierda'&quot;.","twitter:image":"https:\/\/eldigitaldeasturias.com\/magazine365\/wp-content\/uploads\/2014\/05\/6306622w.jpg"},"aioseo_meta_data":{"post_id":"14154","title":null,"description":null,"keywords":null,"keyphrases":null,"primary_term":null,"canonical_url":null,"og_title":null,"og_description":null,"og_object_type":"default","og_image_type":"default","og_image_url":null,"og_image_width":null,"og_image_height":null,"og_image_custom_url":null,"og_image_custom_fields":null,"og_video":null,"og_custom_url":null,"og_article_section":null,"og_article_tags":null,"twitter_use_og":false,"twitter_card":"default","twitter_image_type":"default","twitter_image_url":null,"twitter_image_custom_url":null,"twitter_image_custom_fields":null,"twitter_title":null,"twitter_description":null,"schema":{"blockGraphs":[],"customGraphs":[],"default":{"data":{"Article":[],"Course":[],"Dataset":[],"FAQPage":[],"Movie":[],"Person":[],"Product":[],"ProductReview":[],"Car":[],"Recipe":[],"Service":[],"SoftwareApplication":[],"WebPage":[]},"graphName":"","isEnabled":true},"graphs":[]},"schema_type":null,"schema_type_options":null,"pillar_content":false,"robots_default":true,"robots_noindex":false,"robots_noarchive":false,"robots_nosnippet":false,"robots_nofollow":false,"robots_noimageindex":false,"robots_noodp":false,"robots_notranslate":false,"robots_max_snippet":null,"robots_max_videopreview":null,"robots_max_imagepreview":"large","priority":null,"frequency":null,"location":null,"local_seo":null,"seo_analyzer_scan_date":"2025-09-17 09:36:38","breadcrumb_settings":null,"limit_modified_date":false,"open_ai":null,"ai":null,"created":"2021-03-09 08:18:41","updated":"2025-09-17 09:36:38"},"aioseo_breadcrumb":"<div class=\"aioseo-breadcrumbs\"><span class=\"aioseo-breadcrumb\">\n\t<a href=\"https:\/\/eldigitaldeasturias.com\/magazine365\" title=\"Home\">Home<\/a>\n<\/span><span class=\"aioseo-breadcrumb-separator\">\u2013<\/span><span class=\"aioseo-breadcrumb\">\n\t<a href=\"https:\/\/eldigitaldeasturias.com\/magazine365\/category\/noticias-actualidad\/\" title=\"Noticias y Actualidad\">Noticias y Actualidad<\/a>\n<\/span><span class=\"aioseo-breadcrumb-separator\">\u2013<\/span><span class=\"aioseo-breadcrumb\">\n\t<a href=\"https:\/\/eldigitaldeasturias.com\/magazine365\/nacho-vegas-dice-de-podemos-que-si-no-sale-bien-no-importara-decir-era-una-mierda\/\" title=\"Nacho Vegas dice de Podemos que si no sale bien, no importar\u00e1 decir \u00abera una mierda\u00bb\">Nacho Vegas dice de Podemos que si no sale bien, no importar\u00e1 decir \u00abera una mierda\u00bb<\/a>\n<\/span><\/div>","aioseo_breadcrumb_json":[{"label":"Home","link":"https:\/\/eldigitaldeasturias.com\/magazine365"},{"label":"Noticias y Actualidad","link":"https:\/\/eldigitaldeasturias.com\/magazine365\/category\/noticias-actualidad\/"},{"label":"Nacho Vegas dice de Podemos que si no sale bien, no importar\u00e1 decir \u00abera una mierda\u00bb","link":"https:\/\/eldigitaldeasturias.com\/magazine365\/nacho-vegas-dice-de-podemos-que-si-no-sale-bien-no-importara-decir-era-una-mierda\/"}],"_links":{"self":[{"href":"https:\/\/eldigitaldeasturias.com\/magazine365\/wp-json\/wp\/v2\/posts\/14154","targetHints":{"allow":["GET"]}}],"collection":[{"href":"https:\/\/eldigitaldeasturias.com\/magazine365\/wp-json\/wp\/v2\/posts"}],"about":[{"href":"https:\/\/eldigitaldeasturias.com\/magazine365\/wp-json\/wp\/v2\/types\/post"}],"author":[{"embeddable":true,"href":"https:\/\/eldigitaldeasturias.com\/magazine365\/wp-json\/wp\/v2\/users\/1"}],"replies":[{"embeddable":true,"href":"https:\/\/eldigitaldeasturias.com\/magazine365\/wp-json\/wp\/v2\/comments?post=14154"}],"version-history":[{"count":0,"href":"https:\/\/eldigitaldeasturias.com\/magazine365\/wp-json\/wp\/v2\/posts\/14154\/revisions"}],"wp:featuredmedia":[{"embeddable":true,"href":"https:\/\/eldigitaldeasturias.com\/magazine365\/wp-json\/wp\/v2\/media\/14155"}],"wp:attachment":[{"href":"https:\/\/eldigitaldeasturias.com\/magazine365\/wp-json\/wp\/v2\/media?parent=14154"}],"wp:term":[{"taxonomy":"category","embeddable":true,"href":"https:\/\/eldigitaldeasturias.com\/magazine365\/wp-json\/wp\/v2\/categories?post=14154"},{"taxonomy":"post_tag","embeddable":true,"href":"https:\/\/eldigitaldeasturias.com\/magazine365\/wp-json\/wp\/v2\/tags?post=14154"}],"curies":[{"name":"wp","href":"https:\/\/api.w.org\/{rel}","templated":true}]}}