{"id":14151,"date":"2014-05-27T20:08:09","date_gmt":"2014-05-27T22:08:09","guid":{"rendered":"http:\/\/eldigitaldeasturias.com\/magazine365\/?p=14151"},"modified":"2014-05-27T20:08:09","modified_gmt":"2014-05-27T22:08:09","slug":"crece-la-familia-del-zoo-de-madrid-con-el-nacimiento-de-un-delfin","status":"publish","type":"post","link":"https:\/\/eldigitaldeasturias.com\/magazine365\/crece-la-familia-del-zoo-de-madrid-con-el-nacimiento-de-un-delfin\/","title":{"rendered":"Crece la familia del zoo de Madrid con el nacimiento de un delf\u00edn"},"content":{"rendered":"<p><img fetchpriority=\"high\" decoding=\"async\" class=\"alignleft size-medium wp-image-14152\" alt=\"6306481w\" src=\"https:\/\/eldigitaldeasturias.com\/magazine365\/wp-content\/uploads\/2014\/05\/6306481w-360x224.jpg\" width=\"360\" height=\"224\" srcset=\"https:\/\/eldigitaldeasturias.com\/magazine365\/wp-content\/uploads\/2014\/05\/6306481w-360x224.jpg 360w, https:\/\/eldigitaldeasturias.com\/magazine365\/wp-content\/uploads\/2014\/05\/6306481w-650x405.jpg 650w, https:\/\/eldigitaldeasturias.com\/magazine365\/wp-content\/uploads\/2014\/05\/6306481w-768x478.jpg 768w, https:\/\/eldigitaldeasturias.com\/magazine365\/wp-content\/uploads\/2014\/05\/6306481w-150x93.jpg 150w, https:\/\/eldigitaldeasturias.com\/magazine365\/wp-content\/uploads\/2014\/05\/6306481w-450x280.jpg 450w, https:\/\/eldigitaldeasturias.com\/magazine365\/wp-content\/uploads\/2014\/05\/6306481w-696x433.jpg 696w, https:\/\/eldigitaldeasturias.com\/magazine365\/wp-content\/uploads\/2014\/05\/6306481w-675x420.jpg 675w, https:\/\/eldigitaldeasturias.com\/magazine365\/wp-content\/uploads\/2014\/05\/6306481w-279x173.jpg 279w, https:\/\/eldigitaldeasturias.com\/magazine365\/wp-content\/uploads\/2014\/05\/6306481w-480x300.jpg 480w, https:\/\/eldigitaldeasturias.com\/magazine365\/wp-content\/uploads\/2014\/05\/6306481w.jpg 800w\" sizes=\"(max-width: 360px) 100vw, 360px\" \/>Madrid, 27 may (EFE).- El feliz alumbramiento se produjo el viernes pasado cuando Mary, una hembra de 34 a\u00f1os, daba a luz a un delf\u00edn mular (&#8216;Tursiops truncatus&#8217;) macho despu\u00e9s de doce meses de gestaci\u00f3n ante la sorpresa de sus cuidadores, seg\u00fan ha anunciado hoy en un comunicado el Zoo Aquarium.<\/p>\n<p>Los operarios del zool\u00f3gico de la Casa de Campo pudieron observar entonces c\u00f3mo asomaba su aleta caudal para, instantes despu\u00e9s, salir a la superficie y tomar su primera inspiraci\u00f3n impulsado por su madre.<\/p>\n<p>Aunque las dos primeras semanas de vida ser\u00e1n cruciales para el desarrollo de la cr\u00eda, pasados ya estos primeros d\u00edas, todo parece apuntar al \u00abbuen estado de salud\u00bb del peque\u00f1o cet\u00e1ceo, a\u00f1ade la nota.<\/p>\n<p>El responsable del delfinario, Carlos de las Parras, destaca la experiencia y excelentes cualidades de Mary ante su cuarto parto: \u00abSu car\u00e1cter tranquilo y el fuerte instinto maternal han facilitado un parto r\u00e1pido, de apenas 30 minutos, dando a luz a su cr\u00eda para, inmediatamente despu\u00e9s, amamantarla sin complicaciones\u00bb, recuerda.<\/p>\n<p>El peque\u00f1o delf\u00edn, que realiza tomas de 30 segundos cada media hora, se coloca bajo el cuerpo de su madre d\u00e1ndole unos leves toques con el hocico para reclamar el alimento mientras Mary se ladea para facilitarle la lactaci\u00f3n.<\/p>\n<p>De esta manera, ir\u00e1 adquiriendo un alto contenido en grasas y prote\u00ednas que le permitir\u00e1n un desarrollo progresivo hasta los 12 primeros meses aunque ya, a partir de los seis, comenzar\u00e1 a introducir algo de pescado en su dieta.<\/p>\n<p>Seg\u00fan las evaluaciones iniciales, los veterinarios han podido constatar que se trata de un macho que se aproxima a los 10 kilos y 90 cent\u00edmetros de longitud, mostr\u00e1ndose \u00abmuy \u00e1gil y activo\u00bb.<\/p>\n<p>Con el fin de preservar y fortalecer el v\u00ednculo entre madre y cr\u00eda, el zoo ha suspendido temporalmente las exhibiciones y limitar\u00e1 el acceso a la grada superior del delfinario durante las dos primeras semanas, al igual que sucedi\u00f3 con el \u00faltimo nacimiento en 2009.<\/p>\n<p>La llegada de este nuevo habitante al zoo madrile\u00f1o se produce en uno de los momentos m\u00e1s f\u00e9rtiles de su historia gracias al medio centenar de programas de cr\u00eda y conservaci\u00f3n de especies en los que viene trabajando en los \u00faltimos a\u00f1os.<\/p>\n","protected":false},"excerpt":{"rendered":"<p>Madrid, 27 may (EFE).- El feliz alumbramiento se produjo el viernes pasado cuando Mary, una hembra de 34 a\u00f1os, daba a luz a un delf\u00edn mular (&#8216;Tursiops truncatus&#8217;) macho despu\u00e9s de doce meses de gestaci\u00f3n ante la sorpresa de sus cuidadores, seg\u00fan ha anunciado hoy en un comunicado el Zoo Aquarium. Los operarios del zool\u00f3gico<\/p>\n","protected":false},"author":1,"featured_media":14152,"comment_status":"open","ping_status":"closed","sticky":false,"template":"","format":"standard","meta":{"footnotes":""},"categories":[224],"tags":[],"class_list":{"0":"post-14151","1":"post","2":"type-post","3":"status-publish","4":"format-standard","5":"has-post-thumbnail","7":"category-noticias-actualidad"},"aioseo_notices":[],"aioseo_head":"\n\t\t<!-- All in One SEO Pro 4.9.6.1 - aioseo.com -->\n\t<meta name=\"description\" content=\"Madrid, 27 may (EFE).- El feliz alumbramiento se produjo el viernes pasado cuando Mary, una hembra de 34 a\u00f1os, daba a luz a un delf\u00edn mular (&#039;Tursiops truncatus&#039;) macho despu\u00e9s de doce meses de gestaci\u00f3n ante la sorpresa de sus cuidadores, seg\u00fan ha anunciado hoy en un comunicado el Zoo Aquarium. Los operarios del zool\u00f3gico\" \/>\n\t<meta name=\"robots\" content=\"max-image-preview:large\" \/>\n\t<meta name=\"author\" content=\"admin\"\/>\n\t<meta name=\"google-site-verification\" content=\"UA-38556648-1\" \/>\n\t<meta name=\"keywords\" content=\"noticias y actualidad\" \/>\n\t<link rel=\"canonical\" href=\"https:\/\/eldigitaldeasturias.com\/magazine365\/crece-la-familia-del-zoo-de-madrid-con-el-nacimiento-de-un-delfin\/\" \/>\n\t<meta name=\"generator\" content=\"All in One SEO Pro (AIOSEO) 4.9.6.1\" \/>\n\t\t<meta property=\"og:locale\" content=\"es_ES\" \/>\n\t\t<meta property=\"og:site_name\" content=\"El Digital de Asturias \u2013 Revista de ocio, turismo y estilo de vida\" \/>\n\t\t<meta property=\"og:type\" content=\"article\" \/>\n\t\t<meta property=\"og:title\" content=\"Crece la familia del zoo de Madrid con el nacimiento de un delf\u00edn | El Digital de Asturias\" \/>\n\t\t<meta property=\"og:description\" content=\"Madrid, 27 may (EFE).- El feliz alumbramiento se produjo el viernes pasado cuando Mary, una hembra de 34 a\u00f1os, daba a luz a un delf\u00edn mular (&#039;Tursiops truncatus&#039;) macho despu\u00e9s de doce meses de gestaci\u00f3n ante la sorpresa de sus cuidadores, seg\u00fan ha anunciado hoy en un comunicado el Zoo Aquarium. Los operarios del zool\u00f3gico\" \/>\n\t\t<meta property=\"og:url\" content=\"https:\/\/eldigitaldeasturias.com\/magazine365\/crece-la-familia-del-zoo-de-madrid-con-el-nacimiento-de-un-delfin\/\" \/>\n\t\t<meta property=\"og:image\" content=\"https:\/\/eldigitaldeasturias.com\/magazine365\/wp-content\/uploads\/2014\/05\/6306481w.jpg\" \/>\n\t\t<meta property=\"og:image:secure_url\" content=\"https:\/\/eldigitaldeasturias.com\/magazine365\/wp-content\/uploads\/2014\/05\/6306481w.jpg\" \/>\n\t\t<meta property=\"og:image:width\" content=\"800\" \/>\n\t\t<meta property=\"og:image:height\" content=\"498\" \/>\n\t\t<meta property=\"article:published_time\" content=\"2014-05-27T22:08:09+00:00\" \/>\n\t\t<meta property=\"article:modified_time\" content=\"2014-05-27T22:08:09+00:00\" \/>\n\t\t<meta name=\"twitter:card\" content=\"summary_large_image\" \/>\n\t\t<meta name=\"twitter:title\" content=\"Crece la familia del zoo de Madrid con el nacimiento de un delf\u00edn | El Digital de Asturias\" \/>\n\t\t<meta name=\"twitter:description\" content=\"Madrid, 27 may (EFE).- El feliz alumbramiento se produjo el viernes pasado cuando Mary, una hembra de 34 a\u00f1os, daba a luz a un delf\u00edn mular (&#039;Tursiops truncatus&#039;) macho despu\u00e9s de doce meses de gestaci\u00f3n ante la sorpresa de sus cuidadores, seg\u00fan ha anunciado hoy en un comunicado el Zoo Aquarium. Los operarios del zool\u00f3gico\" \/>\n\t\t<meta name=\"twitter:image\" content=\"https:\/\/eldigitaldeasturias.com\/magazine365\/wp-content\/uploads\/2014\/05\/6306481w.jpg\" \/>\n\t\t<script type=\"application\/ld+json\" class=\"aioseo-schema\">\n\t\t\t{\"@context\":\"https:\\\/\\\/schema.org\",\"@graph\":[{\"@type\":\"Article\",\"@id\":\"https:\\\/\\\/eldigitaldeasturias.com\\\/magazine365\\\/crece-la-familia-del-zoo-de-madrid-con-el-nacimiento-de-un-delfin\\\/#article\",\"name\":\"Crece la familia del zoo de Madrid con el nacimiento de un delf\\u00edn | El Digital de Asturias\",\"headline\":\"Crece la familia del zoo de Madrid con el nacimiento de un delf\\u00edn\",\"author\":{\"@id\":\"https:\\\/\\\/eldigitaldeasturias.com\\\/magazine365\\\/author\\\/admin\\\/#author\"},\"publisher\":{\"@id\":\"https:\\\/\\\/eldigitaldeasturias.com\\\/magazine365\\\/#organization\"},\"image\":{\"@type\":\"ImageObject\",\"url\":\"https:\\\/\\\/eldigitaldeasturias.com\\\/magazine365\\\/wp-content\\\/uploads\\\/2014\\\/05\\\/6306481w.jpg\",\"width\":800,\"height\":498},\"datePublished\":\"2014-05-27T20:08:09+02:00\",\"dateModified\":\"2014-05-27T20:08:09+02:00\",\"inLanguage\":\"es-ES\",\"mainEntityOfPage\":{\"@id\":\"https:\\\/\\\/eldigitaldeasturias.com\\\/magazine365\\\/crece-la-familia-del-zoo-de-madrid-con-el-nacimiento-de-un-delfin\\\/#webpage\"},\"isPartOf\":{\"@id\":\"https:\\\/\\\/eldigitaldeasturias.com\\\/magazine365\\\/crece-la-familia-del-zoo-de-madrid-con-el-nacimiento-de-un-delfin\\\/#webpage\"},\"articleSection\":\"Noticias y Actualidad\"},{\"@type\":\"BreadcrumbList\",\"@id\":\"https:\\\/\\\/eldigitaldeasturias.com\\\/magazine365\\\/crece-la-familia-del-zoo-de-madrid-con-el-nacimiento-de-un-delfin\\\/#breadcrumblist\",\"itemListElement\":[{\"@type\":\"ListItem\",\"@id\":\"https:\\\/\\\/eldigitaldeasturias.com\\\/magazine365#listItem\",\"position\":1,\"name\":\"Home\",\"item\":\"https:\\\/\\\/eldigitaldeasturias.com\\\/magazine365\",\"nextItem\":{\"@type\":\"ListItem\",\"@id\":\"https:\\\/\\\/eldigitaldeasturias.com\\\/magazine365\\\/category\\\/noticias-actualidad\\\/#listItem\",\"name\":\"Noticias y Actualidad\"}},{\"@type\":\"ListItem\",\"@id\":\"https:\\\/\\\/eldigitaldeasturias.com\\\/magazine365\\\/category\\\/noticias-actualidad\\\/#listItem\",\"position\":2,\"name\":\"Noticias y Actualidad\",\"item\":\"https:\\\/\\\/eldigitaldeasturias.com\\\/magazine365\\\/category\\\/noticias-actualidad\\\/\",\"nextItem\":{\"@type\":\"ListItem\",\"@id\":\"https:\\\/\\\/eldigitaldeasturias.com\\\/magazine365\\\/crece-la-familia-del-zoo-de-madrid-con-el-nacimiento-de-un-delfin\\\/#listItem\",\"name\":\"Crece la familia del zoo de Madrid con el nacimiento de un delf\\u00edn\"},\"previousItem\":{\"@type\":\"ListItem\",\"@id\":\"https:\\\/\\\/eldigitaldeasturias.com\\\/magazine365#listItem\",\"name\":\"Home\"}},{\"@type\":\"ListItem\",\"@id\":\"https:\\\/\\\/eldigitaldeasturias.com\\\/magazine365\\\/crece-la-familia-del-zoo-de-madrid-con-el-nacimiento-de-un-delfin\\\/#listItem\",\"position\":3,\"name\":\"Crece la familia del zoo de Madrid con el nacimiento de un delf\\u00edn\",\"previousItem\":{\"@type\":\"ListItem\",\"@id\":\"https:\\\/\\\/eldigitaldeasturias.com\\\/magazine365\\\/category\\\/noticias-actualidad\\\/#listItem\",\"name\":\"Noticias y Actualidad\"}}]},{\"@type\":\"Organization\",\"@id\":\"https:\\\/\\\/eldigitaldeasturias.com\\\/magazine365\\\/#organization\",\"name\":\"El digital de Asturias\",\"description\":\"Revista de ocio, turismo y estilo de vida\",\"url\":\"https:\\\/\\\/eldigitaldeasturias.com\\\/magazine365\\\/\",\"logo\":{\"@type\":\"ImageObject\",\"url\":\"https:\\\/\\\/www.eldigitaldeasturias.com\\\/noticias\\\/wp-content\\\/uploads\\\/2020\\\/12\\\/EDA.jpg\",\"@id\":\"https:\\\/\\\/eldigitaldeasturias.com\\\/magazine365\\\/crece-la-familia-del-zoo-de-madrid-con-el-nacimiento-de-un-delfin\\\/#organizationLogo\"},\"image\":{\"@id\":\"https:\\\/\\\/eldigitaldeasturias.com\\\/magazine365\\\/crece-la-familia-del-zoo-de-madrid-con-el-nacimiento-de-un-delfin\\\/#organizationLogo\"}},{\"@type\":\"Person\",\"@id\":\"https:\\\/\\\/eldigitaldeasturias.com\\\/magazine365\\\/author\\\/admin\\\/#author\",\"url\":\"https:\\\/\\\/eldigitaldeasturias.com\\\/magazine365\\\/author\\\/admin\\\/\",\"name\":\"admin\",\"image\":{\"@type\":\"ImageObject\",\"@id\":\"https:\\\/\\\/eldigitaldeasturias.com\\\/magazine365\\\/crece-la-familia-del-zoo-de-madrid-con-el-nacimiento-de-un-delfin\\\/#authorImage\",\"url\":\"https:\\\/\\\/eldigitaldeasturias.com\\\/magazine365\\\/wp-content\\\/litespeed\\\/avatar\\\/e571bcf59a0edd6fa6838245a470f2fe.jpg?ver=1776969259\",\"width\":96,\"height\":96,\"caption\":\"admin\"}},{\"@type\":\"WebPage\",\"@id\":\"https:\\\/\\\/eldigitaldeasturias.com\\\/magazine365\\\/crece-la-familia-del-zoo-de-madrid-con-el-nacimiento-de-un-delfin\\\/#webpage\",\"url\":\"https:\\\/\\\/eldigitaldeasturias.com\\\/magazine365\\\/crece-la-familia-del-zoo-de-madrid-con-el-nacimiento-de-un-delfin\\\/\",\"name\":\"Crece la familia del zoo de Madrid con el nacimiento de un delf\\u00edn | El Digital de Asturias\",\"description\":\"Madrid, 27 may (EFE).- El feliz alumbramiento se produjo el viernes pasado cuando Mary, una hembra de 34 a\\u00f1os, daba a luz a un delf\\u00edn mular ('Tursiops truncatus') macho despu\\u00e9s de doce meses de gestaci\\u00f3n ante la sorpresa de sus cuidadores, seg\\u00fan ha anunciado hoy en un comunicado el Zoo Aquarium. Los operarios del zool\\u00f3gico\",\"inLanguage\":\"es-ES\",\"isPartOf\":{\"@id\":\"https:\\\/\\\/eldigitaldeasturias.com\\\/magazine365\\\/#website\"},\"breadcrumb\":{\"@id\":\"https:\\\/\\\/eldigitaldeasturias.com\\\/magazine365\\\/crece-la-familia-del-zoo-de-madrid-con-el-nacimiento-de-un-delfin\\\/#breadcrumblist\"},\"author\":{\"@id\":\"https:\\\/\\\/eldigitaldeasturias.com\\\/magazine365\\\/author\\\/admin\\\/#author\"},\"creator\":{\"@id\":\"https:\\\/\\\/eldigitaldeasturias.com\\\/magazine365\\\/author\\\/admin\\\/#author\"},\"image\":{\"@type\":\"ImageObject\",\"url\":\"https:\\\/\\\/eldigitaldeasturias.com\\\/magazine365\\\/wp-content\\\/uploads\\\/2014\\\/05\\\/6306481w.jpg\",\"@id\":\"https:\\\/\\\/eldigitaldeasturias.com\\\/magazine365\\\/crece-la-familia-del-zoo-de-madrid-con-el-nacimiento-de-un-delfin\\\/#mainImage\",\"width\":800,\"height\":498},\"primaryImageOfPage\":{\"@id\":\"https:\\\/\\\/eldigitaldeasturias.com\\\/magazine365\\\/crece-la-familia-del-zoo-de-madrid-con-el-nacimiento-de-un-delfin\\\/#mainImage\"},\"datePublished\":\"2014-05-27T20:08:09+02:00\",\"dateModified\":\"2014-05-27T20:08:09+02:00\"},{\"@type\":\"WebSite\",\"@id\":\"https:\\\/\\\/eldigitaldeasturias.com\\\/magazine365\\\/#website\",\"url\":\"https:\\\/\\\/eldigitaldeasturias.com\\\/magazine365\\\/\",\"name\":\"El Digital de Asturias\",\"description\":\"Revista de ocio, turismo y estilo de vida\",\"inLanguage\":\"es-ES\",\"publisher\":{\"@id\":\"https:\\\/\\\/eldigitaldeasturias.com\\\/magazine365\\\/#organization\"}}]}\n\t\t<\/script>\n\t\t<!-- All in One SEO Pro -->\r\n\t\t<title>Crece la familia del zoo de Madrid con el nacimiento de un delf\u00edn | El Digital de Asturias<\/title>\n\n","aioseo_head_json":{"title":"Crece la familia del zoo de Madrid con el nacimiento de un delf\u00edn | El Digital de Asturias","description":"Madrid, 27 may (EFE).- El feliz alumbramiento se produjo el viernes pasado cuando Mary, una hembra de 34 a\u00f1os, daba a luz a un delf\u00edn mular ('Tursiops truncatus') macho despu\u00e9s de doce meses de gestaci\u00f3n ante la sorpresa de sus cuidadores, seg\u00fan ha anunciado hoy en un comunicado el Zoo Aquarium. Los operarios del zool\u00f3gico","canonical_url":"https:\/\/eldigitaldeasturias.com\/magazine365\/crece-la-familia-del-zoo-de-madrid-con-el-nacimiento-de-un-delfin\/","robots":"max-image-preview:large","keywords":"noticias y actualidad","webmasterTools":{"google-site-verification":"UA-38556648-1","miscellaneous":""},"schema":{"@context":"https:\/\/schema.org","@graph":[{"@type":"Article","@id":"https:\/\/eldigitaldeasturias.com\/magazine365\/crece-la-familia-del-zoo-de-madrid-con-el-nacimiento-de-un-delfin\/#article","name":"Crece la familia del zoo de Madrid con el nacimiento de un delf\u00edn | El Digital de Asturias","headline":"Crece la familia del zoo de Madrid con el nacimiento de un delf\u00edn","author":{"@id":"https:\/\/eldigitaldeasturias.com\/magazine365\/author\/admin\/#author"},"publisher":{"@id":"https:\/\/eldigitaldeasturias.com\/magazine365\/#organization"},"image":{"@type":"ImageObject","url":"https:\/\/eldigitaldeasturias.com\/magazine365\/wp-content\/uploads\/2014\/05\/6306481w.jpg","width":800,"height":498},"datePublished":"2014-05-27T20:08:09+02:00","dateModified":"2014-05-27T20:08:09+02:00","inLanguage":"es-ES","mainEntityOfPage":{"@id":"https:\/\/eldigitaldeasturias.com\/magazine365\/crece-la-familia-del-zoo-de-madrid-con-el-nacimiento-de-un-delfin\/#webpage"},"isPartOf":{"@id":"https:\/\/eldigitaldeasturias.com\/magazine365\/crece-la-familia-del-zoo-de-madrid-con-el-nacimiento-de-un-delfin\/#webpage"},"articleSection":"Noticias y Actualidad"},{"@type":"BreadcrumbList","@id":"https:\/\/eldigitaldeasturias.com\/magazine365\/crece-la-familia-del-zoo-de-madrid-con-el-nacimiento-de-un-delfin\/#breadcrumblist","itemListElement":[{"@type":"ListItem","@id":"https:\/\/eldigitaldeasturias.com\/magazine365#listItem","position":1,"name":"Home","item":"https:\/\/eldigitaldeasturias.com\/magazine365","nextItem":{"@type":"ListItem","@id":"https:\/\/eldigitaldeasturias.com\/magazine365\/category\/noticias-actualidad\/#listItem","name":"Noticias y Actualidad"}},{"@type":"ListItem","@id":"https:\/\/eldigitaldeasturias.com\/magazine365\/category\/noticias-actualidad\/#listItem","position":2,"name":"Noticias y Actualidad","item":"https:\/\/eldigitaldeasturias.com\/magazine365\/category\/noticias-actualidad\/","nextItem":{"@type":"ListItem","@id":"https:\/\/eldigitaldeasturias.com\/magazine365\/crece-la-familia-del-zoo-de-madrid-con-el-nacimiento-de-un-delfin\/#listItem","name":"Crece la familia del zoo de Madrid con el nacimiento de un delf\u00edn"},"previousItem":{"@type":"ListItem","@id":"https:\/\/eldigitaldeasturias.com\/magazine365#listItem","name":"Home"}},{"@type":"ListItem","@id":"https:\/\/eldigitaldeasturias.com\/magazine365\/crece-la-familia-del-zoo-de-madrid-con-el-nacimiento-de-un-delfin\/#listItem","position":3,"name":"Crece la familia del zoo de Madrid con el nacimiento de un delf\u00edn","previousItem":{"@type":"ListItem","@id":"https:\/\/eldigitaldeasturias.com\/magazine365\/category\/noticias-actualidad\/#listItem","name":"Noticias y Actualidad"}}]},{"@type":"Organization","@id":"https:\/\/eldigitaldeasturias.com\/magazine365\/#organization","name":"El digital de Asturias","description":"Revista de ocio, turismo y estilo de vida","url":"https:\/\/eldigitaldeasturias.com\/magazine365\/","logo":{"@type":"ImageObject","url":"https:\/\/www.eldigitaldeasturias.com\/noticias\/wp-content\/uploads\/2020\/12\/EDA.jpg","@id":"https:\/\/eldigitaldeasturias.com\/magazine365\/crece-la-familia-del-zoo-de-madrid-con-el-nacimiento-de-un-delfin\/#organizationLogo"},"image":{"@id":"https:\/\/eldigitaldeasturias.com\/magazine365\/crece-la-familia-del-zoo-de-madrid-con-el-nacimiento-de-un-delfin\/#organizationLogo"}},{"@type":"Person","@id":"https:\/\/eldigitaldeasturias.com\/magazine365\/author\/admin\/#author","url":"https:\/\/eldigitaldeasturias.com\/magazine365\/author\/admin\/","name":"admin","image":{"@type":"ImageObject","@id":"https:\/\/eldigitaldeasturias.com\/magazine365\/crece-la-familia-del-zoo-de-madrid-con-el-nacimiento-de-un-delfin\/#authorImage","url":"https:\/\/eldigitaldeasturias.com\/magazine365\/wp-content\/litespeed\/avatar\/e571bcf59a0edd6fa6838245a470f2fe.jpg?ver=1776969259","width":96,"height":96,"caption":"admin"}},{"@type":"WebPage","@id":"https:\/\/eldigitaldeasturias.com\/magazine365\/crece-la-familia-del-zoo-de-madrid-con-el-nacimiento-de-un-delfin\/#webpage","url":"https:\/\/eldigitaldeasturias.com\/magazine365\/crece-la-familia-del-zoo-de-madrid-con-el-nacimiento-de-un-delfin\/","name":"Crece la familia del zoo de Madrid con el nacimiento de un delf\u00edn | El Digital de Asturias","description":"Madrid, 27 may (EFE).- El feliz alumbramiento se produjo el viernes pasado cuando Mary, una hembra de 34 a\u00f1os, daba a luz a un delf\u00edn mular ('Tursiops truncatus') macho despu\u00e9s de doce meses de gestaci\u00f3n ante la sorpresa de sus cuidadores, seg\u00fan ha anunciado hoy en un comunicado el Zoo Aquarium. Los operarios del zool\u00f3gico","inLanguage":"es-ES","isPartOf":{"@id":"https:\/\/eldigitaldeasturias.com\/magazine365\/#website"},"breadcrumb":{"@id":"https:\/\/eldigitaldeasturias.com\/magazine365\/crece-la-familia-del-zoo-de-madrid-con-el-nacimiento-de-un-delfin\/#breadcrumblist"},"author":{"@id":"https:\/\/eldigitaldeasturias.com\/magazine365\/author\/admin\/#author"},"creator":{"@id":"https:\/\/eldigitaldeasturias.com\/magazine365\/author\/admin\/#author"},"image":{"@type":"ImageObject","url":"https:\/\/eldigitaldeasturias.com\/magazine365\/wp-content\/uploads\/2014\/05\/6306481w.jpg","@id":"https:\/\/eldigitaldeasturias.com\/magazine365\/crece-la-familia-del-zoo-de-madrid-con-el-nacimiento-de-un-delfin\/#mainImage","width":800,"height":498},"primaryImageOfPage":{"@id":"https:\/\/eldigitaldeasturias.com\/magazine365\/crece-la-familia-del-zoo-de-madrid-con-el-nacimiento-de-un-delfin\/#mainImage"},"datePublished":"2014-05-27T20:08:09+02:00","dateModified":"2014-05-27T20:08:09+02:00"},{"@type":"WebSite","@id":"https:\/\/eldigitaldeasturias.com\/magazine365\/#website","url":"https:\/\/eldigitaldeasturias.com\/magazine365\/","name":"El Digital de Asturias","description":"Revista de ocio, turismo y estilo de vida","inLanguage":"es-ES","publisher":{"@id":"https:\/\/eldigitaldeasturias.com\/magazine365\/#organization"}}]},"og:locale":"es_ES","og:site_name":"El Digital de Asturias \u2013 Revista de ocio, turismo y estilo de vida","og:type":"article","og:title":"Crece la familia del zoo de Madrid con el nacimiento de un delf\u00edn | El Digital de Asturias","og:description":"Madrid, 27 may (EFE).- El feliz alumbramiento se produjo el viernes pasado cuando Mary, una hembra de 34 a\u00f1os, daba a luz a un delf\u00edn mular ('Tursiops truncatus') macho despu\u00e9s de doce meses de gestaci\u00f3n ante la sorpresa de sus cuidadores, seg\u00fan ha anunciado hoy en un comunicado el Zoo Aquarium. Los operarios del zool\u00f3gico","og:url":"https:\/\/eldigitaldeasturias.com\/magazine365\/crece-la-familia-del-zoo-de-madrid-con-el-nacimiento-de-un-delfin\/","og:image":"https:\/\/eldigitaldeasturias.com\/magazine365\/wp-content\/uploads\/2014\/05\/6306481w.jpg","og:image:secure_url":"https:\/\/eldigitaldeasturias.com\/magazine365\/wp-content\/uploads\/2014\/05\/6306481w.jpg","og:image:width":800,"og:image:height":498,"article:published_time":"2014-05-27T22:08:09+00:00","article:modified_time":"2014-05-27T22:08:09+00:00","twitter:card":"summary_large_image","twitter:title":"Crece la familia del zoo de Madrid con el nacimiento de un delf\u00edn | El Digital de Asturias","twitter:description":"Madrid, 27 may (EFE).- El feliz alumbramiento se produjo el viernes pasado cuando Mary, una hembra de 34 a\u00f1os, daba a luz a un delf\u00edn mular ('Tursiops truncatus') macho despu\u00e9s de doce meses de gestaci\u00f3n ante la sorpresa de sus cuidadores, seg\u00fan ha anunciado hoy en un comunicado el Zoo Aquarium. Los operarios del zool\u00f3gico","twitter:image":"https:\/\/eldigitaldeasturias.com\/magazine365\/wp-content\/uploads\/2014\/05\/6306481w.jpg"},"aioseo_meta_data":{"post_id":"14151","title":null,"description":null,"keywords":null,"keyphrases":null,"primary_term":null,"canonical_url":null,"og_title":null,"og_description":null,"og_object_type":"default","og_image_type":"default","og_image_url":null,"og_image_width":null,"og_image_height":null,"og_image_custom_url":null,"og_image_custom_fields":null,"og_video":null,"og_custom_url":null,"og_article_section":null,"og_article_tags":null,"twitter_use_og":false,"twitter_card":"default","twitter_image_type":"default","twitter_image_url":null,"twitter_image_custom_url":null,"twitter_image_custom_fields":null,"twitter_title":null,"twitter_description":null,"schema":{"blockGraphs":[],"customGraphs":[],"default":{"data":{"Article":[],"Course":[],"Dataset":[],"FAQPage":[],"Movie":[],"Person":[],"Product":[],"ProductReview":[],"Car":[],"Recipe":[],"Service":[],"SoftwareApplication":[],"WebPage":[]},"graphName":"","isEnabled":true},"graphs":[],"defaultGraph":"","defaultPostTypeGraph":""},"schema_type":null,"schema_type_options":null,"pillar_content":false,"robots_default":true,"robots_noindex":false,"robots_noarchive":false,"robots_nosnippet":false,"robots_nofollow":false,"robots_noimageindex":false,"robots_noodp":false,"robots_notranslate":false,"robots_max_snippet":null,"robots_max_videopreview":null,"robots_max_imagepreview":"large","priority":null,"frequency":null,"location":null,"local_seo":null,"seo_analyzer_scan_date":"2025-09-17 09:36:37","breadcrumb_settings":null,"limit_modified_date":false,"open_ai":null,"ai":null,"created":"2021-03-09 08:18:41","updated":"2025-09-17 09:36:37"},"aioseo_breadcrumb":"<div class=\"aioseo-breadcrumbs\"><span class=\"aioseo-breadcrumb\">\n\t<a href=\"https:\/\/eldigitaldeasturias.com\/magazine365\" title=\"Home\">Home<\/a>\n<\/span><span class=\"aioseo-breadcrumb-separator\">\u2013<\/span><span class=\"aioseo-breadcrumb\">\n\t<a href=\"https:\/\/eldigitaldeasturias.com\/magazine365\/category\/noticias-actualidad\/\" title=\"Noticias y Actualidad\">Noticias y Actualidad<\/a>\n<\/span><span class=\"aioseo-breadcrumb-separator\">\u2013<\/span><span class=\"aioseo-breadcrumb\">\n\t<a href=\"https:\/\/eldigitaldeasturias.com\/magazine365\/crece-la-familia-del-zoo-de-madrid-con-el-nacimiento-de-un-delfin\/\" title=\"Crece la familia del zoo de Madrid con el nacimiento de un delf\u00edn\">Crece la familia del zoo de Madrid con el nacimiento de un delf\u00edn<\/a>\n<\/span><\/div>","aioseo_breadcrumb_json":[{"label":"Home","link":"https:\/\/eldigitaldeasturias.com\/magazine365"},{"label":"Noticias y Actualidad","link":"https:\/\/eldigitaldeasturias.com\/magazine365\/category\/noticias-actualidad\/"},{"label":"Crece la familia del zoo de Madrid con el nacimiento de un delf\u00edn","link":"https:\/\/eldigitaldeasturias.com\/magazine365\/crece-la-familia-del-zoo-de-madrid-con-el-nacimiento-de-un-delfin\/"}],"_links":{"self":[{"href":"https:\/\/eldigitaldeasturias.com\/magazine365\/wp-json\/wp\/v2\/posts\/14151","targetHints":{"allow":["GET"]}}],"collection":[{"href":"https:\/\/eldigitaldeasturias.com\/magazine365\/wp-json\/wp\/v2\/posts"}],"about":[{"href":"https:\/\/eldigitaldeasturias.com\/magazine365\/wp-json\/wp\/v2\/types\/post"}],"author":[{"embeddable":true,"href":"https:\/\/eldigitaldeasturias.com\/magazine365\/wp-json\/wp\/v2\/users\/1"}],"replies":[{"embeddable":true,"href":"https:\/\/eldigitaldeasturias.com\/magazine365\/wp-json\/wp\/v2\/comments?post=14151"}],"version-history":[{"count":0,"href":"https:\/\/eldigitaldeasturias.com\/magazine365\/wp-json\/wp\/v2\/posts\/14151\/revisions"}],"wp:featuredmedia":[{"embeddable":true,"href":"https:\/\/eldigitaldeasturias.com\/magazine365\/wp-json\/wp\/v2\/media\/14152"}],"wp:attachment":[{"href":"https:\/\/eldigitaldeasturias.com\/magazine365\/wp-json\/wp\/v2\/media?parent=14151"}],"wp:term":[{"taxonomy":"category","embeddable":true,"href":"https:\/\/eldigitaldeasturias.com\/magazine365\/wp-json\/wp\/v2\/categories?post=14151"},{"taxonomy":"post_tag","embeddable":true,"href":"https:\/\/eldigitaldeasturias.com\/magazine365\/wp-json\/wp\/v2\/tags?post=14151"}],"curies":[{"name":"wp","href":"https:\/\/api.w.org\/{rel}","templated":true}]}}