{"id":14133,"date":"2014-05-27T19:58:48","date_gmt":"2014-05-27T21:58:48","guid":{"rendered":"http:\/\/eldigitaldeasturias.com\/magazine365\/?p=14133"},"modified":"2014-05-27T19:58:48","modified_gmt":"2014-05-27T21:58:48","slug":"la-princesa-de-asturias-inaugurara-un-seminario-sobre-el-futuro-del-idioma","status":"publish","type":"post","link":"https:\/\/eldigitaldeasturias.com\/magazine365\/la-princesa-de-asturias-inaugurara-un-seminario-sobre-el-futuro-del-idioma\/","title":{"rendered":"La princesa de Asturias inaugurar\u00e1 un seminario sobre el futuro del idioma"},"content":{"rendered":"<p><img fetchpriority=\"high\" decoding=\"async\" class=\"alignleft size-medium wp-image-14134\" alt=\"6306049w\" src=\"https:\/\/eldigitaldeasturias.com\/magazine365\/wp-content\/uploads\/2014\/05\/6306049w-360x274.jpg\" width=\"360\" height=\"274\" \/>Madrid, 27 may (EFE).- La princesa de Asturias inaugurar\u00e1 ma\u00f1ana en San Mill\u00e1n de la Cogolla (La Rioja) el IX Seminario Internacional de Lengua y Periodismo que abordar\u00e1 el futuro del espa\u00f1ol y la influencia que sobre el idioma pueden tener internet y las redes sociales.<\/p>\n<p>\u00bfDesaparecer\u00e1n los signos de apertura en interrogaciones y exclamaciones? \u00bfSeguiremos usando teclados dentro de cincuenta a\u00f1os o nos limitaremos a dictar y se har\u00e1, por tanto, m\u00e1s oral el lenguaje escrito? \u00bfC\u00f3mo influye el af\u00e1n por lograr una buena posici\u00f3n en los buscadores en la manera de escribir de los periodistas?<\/p>\n<p>Esas son algunas de las preguntas a las que tratar\u00e1n de dar respuesta ling\u00fcistas, periodistas, expertos en redes sociales y especialistas en programas de tratamiento del lenguaje en el seminario, organizado por la Fund\u00e9u BBVA y la Fundaci\u00f3n San Mill\u00e1n de la Cogolla.<\/p>\n<p>Al acto de inauguraci\u00f3n, que presidir\u00e1 do\u00f1a Letizia, asistir\u00e1n el director de la Real Academia Espa\u00f1ola, Jos\u00e9 Manuel Blecua; el presidente de La Rioja, Pedro Sanz, y el de la Agencia EFE, Jos\u00e9 Antonio Vera.<\/p>\n<p>Las intervenciones inaugurales correr\u00e1n a cargo del intelectual mexicano Enrique Krauze y del escritor espa\u00f1ol Agust\u00edn Fern\u00e1ndez Mallo, que ofrecer\u00e1n sus visiones sobre el futuro del espa\u00f1ol en los tiempos de la red.<\/p>\n<p>El tr\u00e1nsito que en los \u00faltimos a\u00f1os han hecho muchos periodistas del papel al mundo digital y la influencia que ha tenido en su forma de manejar el idioma ser\u00e1 el tema central de la primera de las mesas redondas del seminario (\u00abDel papel al p\u00edxel \u00bfhablamos el mismo idioma?\u00bb).<\/p>\n<p>Moderada por Mario Tasc\u00f3n, participar\u00e1n en ella Alfonso Armada, director de la revista Fronterad y del M\u00e1ster de Periodismo de ABC; Maril\u00edn Gonzalo, jefa de producto y editora de tecnolog\u00eda en el diario.es; Virgina Alonso, vicedirectora del grupo 20minutos; Francisco Santiago, director editorial de eluniversal.com.mx; Martina Bastos, periodista ganadora del Premio Don Quijote 2013, y Markus Steen, experto en medios digitales.<\/p>\n<p>Las redes sociales con su particular c\u00f3digo ling\u00fc\u00edstico, y la influencia que este puede estar teniendo en la evoluci\u00f3n general del idioma y en particular en el de los medios, es el tema de la segunda de las mesas (\u00abPeriodismo y periodistas en las redes\u00bb).<\/p>\n<p>La periodista Carmela R\u00edos, premio Ortega y Gasset de periodismo digital; To\u00f1o Fraguas, colaborador en La Ser, Rolling Stone, La Marea y otros medios; Pablo Mancini, director de estrategia digital de Infobae; Agust\u00edn Alonso, responsable de redes sociales y segunda pantalla de RTVE, y Enrique Infante, fundador de la web marca.com y profesor de la Universidad Internacional de La Rioja, abordar\u00e1n este asunto.<\/p>\n<p>El papel de las m\u00e1quinas en el proceso period\u00edstico, su capacidad para ayudar en la correcci\u00f3n, la traducci\u00f3n, la documentaci\u00f3n y quiz\u00e1 pronto en la redacci\u00f3n de noticias y otros textos es el tema de la tercera mesa redonda (\u00ab\u00bfSue\u00f1an los androides con noticias autom\u00e1ticas?\u00bb).<\/p>\n<p>Participar\u00e1n en ella Pablo Gerv\u00e1s, profesor de Ingenier\u00eda del software e inteligencia artificial en la Universidad Complutense y promotor de proyectos de poes\u00eda autom\u00e1tica; Concepci\u00f3n Polo, ling\u00fcista en Daedalus; Jos\u00e9 Carlos Gonz\u00e1lez, ingeniero y socio fundador de la misma empresa, e Idoia Salazar, periodista y autora del libro \u00bb Las profundidades de internet\u00bb.<\/p>\n<p>\u00ab\u00bfHacia d\u00f3nde llevan al espa\u00f1ol los nuevos medios?\u00bb es el t\u00edtulo de la cuarta y \u00faltima mesa, en la que se debatir\u00e1 sobre los cambios que todos estos nuevos formatos pueden estar introduciendo en el espa\u00f1ol y sobre el valor de la calidad ling\u00fc\u00edstica en este nuevo entorno.<\/p>\n<p>Lo har\u00e1n Elena Hern\u00e1ndez, directora del departamento de \u00abEspa\u00f1ol al d\u00eda\u00bb de la Real Academia Espa\u00f1ola; Elena G\u00f3mez, catedr\u00e1tica de Redacci\u00f3n Period\u00edstica de la Universidad Europea de Madrid (UEM); Juan Andr\u00e9s Mu\u00f1oz, jefe de la unidad de medios interactivos de CNN en espa\u00f1ol, y Carmen Gal\u00e1n, catedr\u00e1tica de Ling\u00fc\u00edstica General de la Universidad de Extremadura.<\/p>\n<p>Tanto la sesi\u00f3n inaugural como las mesas redondas que se celebrar\u00e1n el mi\u00e9rcoles y el jueves podr\u00e1n seguirse en directo por internet en las p\u00e1ginas webs de Fund\u00e9u BBVA (www.fundeu.es) y de la Fundaci\u00f3n San Mill\u00e1n (www.fsanmillan.es) y a trav\u00e9s de Twitter con la etiqueta #elespa\u00f1olqueviene.<\/p>\n","protected":false},"excerpt":{"rendered":"<p>Madrid, 27 may (EFE).- La princesa de Asturias inaugurar\u00e1 ma\u00f1ana en San Mill\u00e1n de la Cogolla (La Rioja) el IX Seminario Internacional de Lengua y Periodismo que abordar\u00e1 el futuro del espa\u00f1ol y la influencia que sobre el idioma pueden tener internet y las redes sociales. \u00bfDesaparecer\u00e1n los signos de apertura en interrogaciones y exclamaciones?<\/p>\n","protected":false},"author":1,"featured_media":14134,"comment_status":"open","ping_status":"closed","sticky":false,"template":"","format":"standard","meta":{"footnotes":""},"categories":[224],"tags":[],"class_list":{"0":"post-14133","1":"post","2":"type-post","3":"status-publish","4":"format-standard","5":"has-post-thumbnail","7":"category-noticias-actualidad"},"aioseo_notices":[],"aioseo_head":"\n\t\t<!-- All in One SEO Pro 4.9.6.1 - aioseo.com -->\n\t<meta name=\"description\" content=\"Madrid, 27 may (EFE).- La princesa de Asturias inaugurar\u00e1 ma\u00f1ana en San Mill\u00e1n de la Cogolla (La Rioja) el IX Seminario Internacional de Lengua y Periodismo que abordar\u00e1 el futuro del espa\u00f1ol y la influencia que sobre el idioma pueden tener internet y las redes sociales. \u00bfDesaparecer\u00e1n los signos de apertura en interrogaciones y exclamaciones?\" \/>\n\t<meta name=\"robots\" content=\"max-image-preview:large\" \/>\n\t<meta name=\"author\" content=\"admin\"\/>\n\t<meta name=\"google-site-verification\" content=\"UA-38556648-1\" \/>\n\t<meta name=\"keywords\" content=\"noticias y actualidad\" \/>\n\t<link rel=\"canonical\" href=\"https:\/\/eldigitaldeasturias.com\/magazine365\/la-princesa-de-asturias-inaugurara-un-seminario-sobre-el-futuro-del-idioma\/\" \/>\n\t<meta name=\"generator\" content=\"All in One SEO Pro (AIOSEO) 4.9.6.1\" \/>\n\t\t<meta property=\"og:locale\" content=\"es_ES\" \/>\n\t\t<meta property=\"og:site_name\" content=\"El Digital de Asturias \u2013 Revista de ocio, turismo y estilo de vida\" \/>\n\t\t<meta property=\"og:type\" content=\"article\" \/>\n\t\t<meta property=\"og:title\" content=\"La princesa de Asturias inaugurar\u00e1 un seminario sobre el futuro del idioma | El Digital de Asturias\" \/>\n\t\t<meta property=\"og:description\" content=\"Madrid, 27 may (EFE).- La princesa de Asturias inaugurar\u00e1 ma\u00f1ana en San Mill\u00e1n de la Cogolla (La Rioja) el IX Seminario Internacional de Lengua y Periodismo que abordar\u00e1 el futuro del espa\u00f1ol y la influencia que sobre el idioma pueden tener internet y las redes sociales. \u00bfDesaparecer\u00e1n los signos de apertura en interrogaciones y exclamaciones?\" \/>\n\t\t<meta property=\"og:url\" content=\"https:\/\/eldigitaldeasturias.com\/magazine365\/la-princesa-de-asturias-inaugurara-un-seminario-sobre-el-futuro-del-idioma\/\" \/>\n\t\t<meta property=\"og:image\" content=\"https:\/\/eldigitaldeasturias.com\/magazine365\/wp-content\/uploads\/2014\/05\/6306049w.jpg\" \/>\n\t\t<meta property=\"og:image:secure_url\" content=\"https:\/\/eldigitaldeasturias.com\/magazine365\/wp-content\/uploads\/2014\/05\/6306049w.jpg\" \/>\n\t\t<meta property=\"og:image:width\" content=\"800\" \/>\n\t\t<meta property=\"og:image:height\" content=\"610\" \/>\n\t\t<meta property=\"article:published_time\" content=\"2014-05-27T21:58:48+00:00\" \/>\n\t\t<meta property=\"article:modified_time\" content=\"2014-05-27T21:58:48+00:00\" \/>\n\t\t<meta name=\"twitter:card\" content=\"summary_large_image\" \/>\n\t\t<meta name=\"twitter:title\" content=\"La princesa de Asturias inaugurar\u00e1 un seminario sobre el futuro del idioma | El Digital de Asturias\" \/>\n\t\t<meta name=\"twitter:description\" content=\"Madrid, 27 may (EFE).- La princesa de Asturias inaugurar\u00e1 ma\u00f1ana en San Mill\u00e1n de la Cogolla (La Rioja) el IX Seminario Internacional de Lengua y Periodismo que abordar\u00e1 el futuro del espa\u00f1ol y la influencia que sobre el idioma pueden tener internet y las redes sociales. \u00bfDesaparecer\u00e1n los signos de apertura en interrogaciones y exclamaciones?\" \/>\n\t\t<meta name=\"twitter:image\" content=\"https:\/\/eldigitaldeasturias.com\/magazine365\/wp-content\/uploads\/2014\/05\/6306049w.jpg\" \/>\n\t\t<script type=\"application\/ld+json\" class=\"aioseo-schema\">\n\t\t\t{\"@context\":\"https:\\\/\\\/schema.org\",\"@graph\":[{\"@type\":\"Article\",\"@id\":\"https:\\\/\\\/eldigitaldeasturias.com\\\/magazine365\\\/la-princesa-de-asturias-inaugurara-un-seminario-sobre-el-futuro-del-idioma\\\/#article\",\"name\":\"La princesa de Asturias inaugurar\\u00e1 un seminario sobre el futuro del idioma | El Digital de Asturias\",\"headline\":\"La princesa de Asturias inaugurar\\u00e1 un seminario sobre el futuro del idioma\",\"author\":{\"@id\":\"https:\\\/\\\/eldigitaldeasturias.com\\\/magazine365\\\/author\\\/admin\\\/#author\"},\"publisher\":{\"@id\":\"https:\\\/\\\/eldigitaldeasturias.com\\\/magazine365\\\/#organization\"},\"image\":{\"@type\":\"ImageObject\",\"url\":\"https:\\\/\\\/eldigitaldeasturias.com\\\/magazine365\\\/wp-content\\\/uploads\\\/2014\\\/05\\\/6306049w.jpg\",\"width\":800,\"height\":610},\"datePublished\":\"2014-05-27T19:58:48+02:00\",\"dateModified\":\"2014-05-27T19:58:48+02:00\",\"inLanguage\":\"es-ES\",\"mainEntityOfPage\":{\"@id\":\"https:\\\/\\\/eldigitaldeasturias.com\\\/magazine365\\\/la-princesa-de-asturias-inaugurara-un-seminario-sobre-el-futuro-del-idioma\\\/#webpage\"},\"isPartOf\":{\"@id\":\"https:\\\/\\\/eldigitaldeasturias.com\\\/magazine365\\\/la-princesa-de-asturias-inaugurara-un-seminario-sobre-el-futuro-del-idioma\\\/#webpage\"},\"articleSection\":\"Noticias y Actualidad\"},{\"@type\":\"BreadcrumbList\",\"@id\":\"https:\\\/\\\/eldigitaldeasturias.com\\\/magazine365\\\/la-princesa-de-asturias-inaugurara-un-seminario-sobre-el-futuro-del-idioma\\\/#breadcrumblist\",\"itemListElement\":[{\"@type\":\"ListItem\",\"@id\":\"https:\\\/\\\/eldigitaldeasturias.com\\\/magazine365#listItem\",\"position\":1,\"name\":\"Home\",\"item\":\"https:\\\/\\\/eldigitaldeasturias.com\\\/magazine365\",\"nextItem\":{\"@type\":\"ListItem\",\"@id\":\"https:\\\/\\\/eldigitaldeasturias.com\\\/magazine365\\\/category\\\/noticias-actualidad\\\/#listItem\",\"name\":\"Noticias y Actualidad\"}},{\"@type\":\"ListItem\",\"@id\":\"https:\\\/\\\/eldigitaldeasturias.com\\\/magazine365\\\/category\\\/noticias-actualidad\\\/#listItem\",\"position\":2,\"name\":\"Noticias y Actualidad\",\"item\":\"https:\\\/\\\/eldigitaldeasturias.com\\\/magazine365\\\/category\\\/noticias-actualidad\\\/\",\"nextItem\":{\"@type\":\"ListItem\",\"@id\":\"https:\\\/\\\/eldigitaldeasturias.com\\\/magazine365\\\/la-princesa-de-asturias-inaugurara-un-seminario-sobre-el-futuro-del-idioma\\\/#listItem\",\"name\":\"La princesa de Asturias inaugurar\\u00e1 un seminario sobre el futuro del idioma\"},\"previousItem\":{\"@type\":\"ListItem\",\"@id\":\"https:\\\/\\\/eldigitaldeasturias.com\\\/magazine365#listItem\",\"name\":\"Home\"}},{\"@type\":\"ListItem\",\"@id\":\"https:\\\/\\\/eldigitaldeasturias.com\\\/magazine365\\\/la-princesa-de-asturias-inaugurara-un-seminario-sobre-el-futuro-del-idioma\\\/#listItem\",\"position\":3,\"name\":\"La princesa de Asturias inaugurar\\u00e1 un seminario sobre el futuro del idioma\",\"previousItem\":{\"@type\":\"ListItem\",\"@id\":\"https:\\\/\\\/eldigitaldeasturias.com\\\/magazine365\\\/category\\\/noticias-actualidad\\\/#listItem\",\"name\":\"Noticias y Actualidad\"}}]},{\"@type\":\"Organization\",\"@id\":\"https:\\\/\\\/eldigitaldeasturias.com\\\/magazine365\\\/#organization\",\"name\":\"El digital de Asturias\",\"description\":\"Revista de ocio, turismo y estilo de vida\",\"url\":\"https:\\\/\\\/eldigitaldeasturias.com\\\/magazine365\\\/\",\"logo\":{\"@type\":\"ImageObject\",\"url\":\"https:\\\/\\\/www.eldigitaldeasturias.com\\\/noticias\\\/wp-content\\\/uploads\\\/2020\\\/12\\\/EDA.jpg\",\"@id\":\"https:\\\/\\\/eldigitaldeasturias.com\\\/magazine365\\\/la-princesa-de-asturias-inaugurara-un-seminario-sobre-el-futuro-del-idioma\\\/#organizationLogo\"},\"image\":{\"@id\":\"https:\\\/\\\/eldigitaldeasturias.com\\\/magazine365\\\/la-princesa-de-asturias-inaugurara-un-seminario-sobre-el-futuro-del-idioma\\\/#organizationLogo\"}},{\"@type\":\"Person\",\"@id\":\"https:\\\/\\\/eldigitaldeasturias.com\\\/magazine365\\\/author\\\/admin\\\/#author\",\"url\":\"https:\\\/\\\/eldigitaldeasturias.com\\\/magazine365\\\/author\\\/admin\\\/\",\"name\":\"admin\",\"image\":{\"@type\":\"ImageObject\",\"@id\":\"https:\\\/\\\/eldigitaldeasturias.com\\\/magazine365\\\/la-princesa-de-asturias-inaugurara-un-seminario-sobre-el-futuro-del-idioma\\\/#authorImage\",\"url\":\"https:\\\/\\\/eldigitaldeasturias.com\\\/magazine365\\\/wp-content\\\/litespeed\\\/avatar\\\/e571bcf59a0edd6fa6838245a470f2fe.jpg?ver=1776969259\",\"width\":96,\"height\":96,\"caption\":\"admin\"}},{\"@type\":\"WebPage\",\"@id\":\"https:\\\/\\\/eldigitaldeasturias.com\\\/magazine365\\\/la-princesa-de-asturias-inaugurara-un-seminario-sobre-el-futuro-del-idioma\\\/#webpage\",\"url\":\"https:\\\/\\\/eldigitaldeasturias.com\\\/magazine365\\\/la-princesa-de-asturias-inaugurara-un-seminario-sobre-el-futuro-del-idioma\\\/\",\"name\":\"La princesa de Asturias inaugurar\\u00e1 un seminario sobre el futuro del idioma | El Digital de Asturias\",\"description\":\"Madrid, 27 may (EFE).- La princesa de Asturias inaugurar\\u00e1 ma\\u00f1ana en San Mill\\u00e1n de la Cogolla (La Rioja) el IX Seminario Internacional de Lengua y Periodismo que abordar\\u00e1 el futuro del espa\\u00f1ol y la influencia que sobre el idioma pueden tener internet y las redes sociales. \\u00bfDesaparecer\\u00e1n los signos de apertura en interrogaciones y exclamaciones?\",\"inLanguage\":\"es-ES\",\"isPartOf\":{\"@id\":\"https:\\\/\\\/eldigitaldeasturias.com\\\/magazine365\\\/#website\"},\"breadcrumb\":{\"@id\":\"https:\\\/\\\/eldigitaldeasturias.com\\\/magazine365\\\/la-princesa-de-asturias-inaugurara-un-seminario-sobre-el-futuro-del-idioma\\\/#breadcrumblist\"},\"author\":{\"@id\":\"https:\\\/\\\/eldigitaldeasturias.com\\\/magazine365\\\/author\\\/admin\\\/#author\"},\"creator\":{\"@id\":\"https:\\\/\\\/eldigitaldeasturias.com\\\/magazine365\\\/author\\\/admin\\\/#author\"},\"image\":{\"@type\":\"ImageObject\",\"url\":\"https:\\\/\\\/eldigitaldeasturias.com\\\/magazine365\\\/wp-content\\\/uploads\\\/2014\\\/05\\\/6306049w.jpg\",\"@id\":\"https:\\\/\\\/eldigitaldeasturias.com\\\/magazine365\\\/la-princesa-de-asturias-inaugurara-un-seminario-sobre-el-futuro-del-idioma\\\/#mainImage\",\"width\":800,\"height\":610},\"primaryImageOfPage\":{\"@id\":\"https:\\\/\\\/eldigitaldeasturias.com\\\/magazine365\\\/la-princesa-de-asturias-inaugurara-un-seminario-sobre-el-futuro-del-idioma\\\/#mainImage\"},\"datePublished\":\"2014-05-27T19:58:48+02:00\",\"dateModified\":\"2014-05-27T19:58:48+02:00\"},{\"@type\":\"WebSite\",\"@id\":\"https:\\\/\\\/eldigitaldeasturias.com\\\/magazine365\\\/#website\",\"url\":\"https:\\\/\\\/eldigitaldeasturias.com\\\/magazine365\\\/\",\"name\":\"El Digital de Asturias\",\"description\":\"Revista de ocio, turismo y estilo de vida\",\"inLanguage\":\"es-ES\",\"publisher\":{\"@id\":\"https:\\\/\\\/eldigitaldeasturias.com\\\/magazine365\\\/#organization\"}}]}\n\t\t<\/script>\n\t\t<!-- All in One SEO Pro -->\r\n\t\t<title>La princesa de Asturias inaugurar\u00e1 un seminario sobre el futuro del idioma | El Digital de Asturias<\/title>\n\n","aioseo_head_json":{"title":"La princesa de Asturias inaugurar\u00e1 un seminario sobre el futuro del idioma | El Digital de Asturias","description":"Madrid, 27 may (EFE).- La princesa de Asturias inaugurar\u00e1 ma\u00f1ana en San Mill\u00e1n de la Cogolla (La Rioja) el IX Seminario Internacional de Lengua y Periodismo que abordar\u00e1 el futuro del espa\u00f1ol y la influencia que sobre el idioma pueden tener internet y las redes sociales. \u00bfDesaparecer\u00e1n los signos de apertura en interrogaciones y exclamaciones?","canonical_url":"https:\/\/eldigitaldeasturias.com\/magazine365\/la-princesa-de-asturias-inaugurara-un-seminario-sobre-el-futuro-del-idioma\/","robots":"max-image-preview:large","keywords":"noticias y actualidad","webmasterTools":{"google-site-verification":"UA-38556648-1","miscellaneous":""},"schema":{"@context":"https:\/\/schema.org","@graph":[{"@type":"Article","@id":"https:\/\/eldigitaldeasturias.com\/magazine365\/la-princesa-de-asturias-inaugurara-un-seminario-sobre-el-futuro-del-idioma\/#article","name":"La princesa de Asturias inaugurar\u00e1 un seminario sobre el futuro del idioma | El Digital de Asturias","headline":"La princesa de Asturias inaugurar\u00e1 un seminario sobre el futuro del idioma","author":{"@id":"https:\/\/eldigitaldeasturias.com\/magazine365\/author\/admin\/#author"},"publisher":{"@id":"https:\/\/eldigitaldeasturias.com\/magazine365\/#organization"},"image":{"@type":"ImageObject","url":"https:\/\/eldigitaldeasturias.com\/magazine365\/wp-content\/uploads\/2014\/05\/6306049w.jpg","width":800,"height":610},"datePublished":"2014-05-27T19:58:48+02:00","dateModified":"2014-05-27T19:58:48+02:00","inLanguage":"es-ES","mainEntityOfPage":{"@id":"https:\/\/eldigitaldeasturias.com\/magazine365\/la-princesa-de-asturias-inaugurara-un-seminario-sobre-el-futuro-del-idioma\/#webpage"},"isPartOf":{"@id":"https:\/\/eldigitaldeasturias.com\/magazine365\/la-princesa-de-asturias-inaugurara-un-seminario-sobre-el-futuro-del-idioma\/#webpage"},"articleSection":"Noticias y Actualidad"},{"@type":"BreadcrumbList","@id":"https:\/\/eldigitaldeasturias.com\/magazine365\/la-princesa-de-asturias-inaugurara-un-seminario-sobre-el-futuro-del-idioma\/#breadcrumblist","itemListElement":[{"@type":"ListItem","@id":"https:\/\/eldigitaldeasturias.com\/magazine365#listItem","position":1,"name":"Home","item":"https:\/\/eldigitaldeasturias.com\/magazine365","nextItem":{"@type":"ListItem","@id":"https:\/\/eldigitaldeasturias.com\/magazine365\/category\/noticias-actualidad\/#listItem","name":"Noticias y Actualidad"}},{"@type":"ListItem","@id":"https:\/\/eldigitaldeasturias.com\/magazine365\/category\/noticias-actualidad\/#listItem","position":2,"name":"Noticias y Actualidad","item":"https:\/\/eldigitaldeasturias.com\/magazine365\/category\/noticias-actualidad\/","nextItem":{"@type":"ListItem","@id":"https:\/\/eldigitaldeasturias.com\/magazine365\/la-princesa-de-asturias-inaugurara-un-seminario-sobre-el-futuro-del-idioma\/#listItem","name":"La princesa de Asturias inaugurar\u00e1 un seminario sobre el futuro del idioma"},"previousItem":{"@type":"ListItem","@id":"https:\/\/eldigitaldeasturias.com\/magazine365#listItem","name":"Home"}},{"@type":"ListItem","@id":"https:\/\/eldigitaldeasturias.com\/magazine365\/la-princesa-de-asturias-inaugurara-un-seminario-sobre-el-futuro-del-idioma\/#listItem","position":3,"name":"La princesa de Asturias inaugurar\u00e1 un seminario sobre el futuro del idioma","previousItem":{"@type":"ListItem","@id":"https:\/\/eldigitaldeasturias.com\/magazine365\/category\/noticias-actualidad\/#listItem","name":"Noticias y Actualidad"}}]},{"@type":"Organization","@id":"https:\/\/eldigitaldeasturias.com\/magazine365\/#organization","name":"El digital de Asturias","description":"Revista de ocio, turismo y estilo de vida","url":"https:\/\/eldigitaldeasturias.com\/magazine365\/","logo":{"@type":"ImageObject","url":"https:\/\/www.eldigitaldeasturias.com\/noticias\/wp-content\/uploads\/2020\/12\/EDA.jpg","@id":"https:\/\/eldigitaldeasturias.com\/magazine365\/la-princesa-de-asturias-inaugurara-un-seminario-sobre-el-futuro-del-idioma\/#organizationLogo"},"image":{"@id":"https:\/\/eldigitaldeasturias.com\/magazine365\/la-princesa-de-asturias-inaugurara-un-seminario-sobre-el-futuro-del-idioma\/#organizationLogo"}},{"@type":"Person","@id":"https:\/\/eldigitaldeasturias.com\/magazine365\/author\/admin\/#author","url":"https:\/\/eldigitaldeasturias.com\/magazine365\/author\/admin\/","name":"admin","image":{"@type":"ImageObject","@id":"https:\/\/eldigitaldeasturias.com\/magazine365\/la-princesa-de-asturias-inaugurara-un-seminario-sobre-el-futuro-del-idioma\/#authorImage","url":"https:\/\/eldigitaldeasturias.com\/magazine365\/wp-content\/litespeed\/avatar\/e571bcf59a0edd6fa6838245a470f2fe.jpg?ver=1776969259","width":96,"height":96,"caption":"admin"}},{"@type":"WebPage","@id":"https:\/\/eldigitaldeasturias.com\/magazine365\/la-princesa-de-asturias-inaugurara-un-seminario-sobre-el-futuro-del-idioma\/#webpage","url":"https:\/\/eldigitaldeasturias.com\/magazine365\/la-princesa-de-asturias-inaugurara-un-seminario-sobre-el-futuro-del-idioma\/","name":"La princesa de Asturias inaugurar\u00e1 un seminario sobre el futuro del idioma | El Digital de Asturias","description":"Madrid, 27 may (EFE).- La princesa de Asturias inaugurar\u00e1 ma\u00f1ana en San Mill\u00e1n de la Cogolla (La Rioja) el IX Seminario Internacional de Lengua y Periodismo que abordar\u00e1 el futuro del espa\u00f1ol y la influencia que sobre el idioma pueden tener internet y las redes sociales. \u00bfDesaparecer\u00e1n los signos de apertura en interrogaciones y exclamaciones?","inLanguage":"es-ES","isPartOf":{"@id":"https:\/\/eldigitaldeasturias.com\/magazine365\/#website"},"breadcrumb":{"@id":"https:\/\/eldigitaldeasturias.com\/magazine365\/la-princesa-de-asturias-inaugurara-un-seminario-sobre-el-futuro-del-idioma\/#breadcrumblist"},"author":{"@id":"https:\/\/eldigitaldeasturias.com\/magazine365\/author\/admin\/#author"},"creator":{"@id":"https:\/\/eldigitaldeasturias.com\/magazine365\/author\/admin\/#author"},"image":{"@type":"ImageObject","url":"https:\/\/eldigitaldeasturias.com\/magazine365\/wp-content\/uploads\/2014\/05\/6306049w.jpg","@id":"https:\/\/eldigitaldeasturias.com\/magazine365\/la-princesa-de-asturias-inaugurara-un-seminario-sobre-el-futuro-del-idioma\/#mainImage","width":800,"height":610},"primaryImageOfPage":{"@id":"https:\/\/eldigitaldeasturias.com\/magazine365\/la-princesa-de-asturias-inaugurara-un-seminario-sobre-el-futuro-del-idioma\/#mainImage"},"datePublished":"2014-05-27T19:58:48+02:00","dateModified":"2014-05-27T19:58:48+02:00"},{"@type":"WebSite","@id":"https:\/\/eldigitaldeasturias.com\/magazine365\/#website","url":"https:\/\/eldigitaldeasturias.com\/magazine365\/","name":"El Digital de Asturias","description":"Revista de ocio, turismo y estilo de vida","inLanguage":"es-ES","publisher":{"@id":"https:\/\/eldigitaldeasturias.com\/magazine365\/#organization"}}]},"og:locale":"es_ES","og:site_name":"El Digital de Asturias \u2013 Revista de ocio, turismo y estilo de vida","og:type":"article","og:title":"La princesa de Asturias inaugurar\u00e1 un seminario sobre el futuro del idioma | El Digital de Asturias","og:description":"Madrid, 27 may (EFE).- La princesa de Asturias inaugurar\u00e1 ma\u00f1ana en San Mill\u00e1n de la Cogolla (La Rioja) el IX Seminario Internacional de Lengua y Periodismo que abordar\u00e1 el futuro del espa\u00f1ol y la influencia que sobre el idioma pueden tener internet y las redes sociales. \u00bfDesaparecer\u00e1n los signos de apertura en interrogaciones y exclamaciones?","og:url":"https:\/\/eldigitaldeasturias.com\/magazine365\/la-princesa-de-asturias-inaugurara-un-seminario-sobre-el-futuro-del-idioma\/","og:image":"https:\/\/eldigitaldeasturias.com\/magazine365\/wp-content\/uploads\/2014\/05\/6306049w.jpg","og:image:secure_url":"https:\/\/eldigitaldeasturias.com\/magazine365\/wp-content\/uploads\/2014\/05\/6306049w.jpg","og:image:width":800,"og:image:height":610,"article:published_time":"2014-05-27T21:58:48+00:00","article:modified_time":"2014-05-27T21:58:48+00:00","twitter:card":"summary_large_image","twitter:title":"La princesa de Asturias inaugurar\u00e1 un seminario sobre el futuro del idioma | El Digital de Asturias","twitter:description":"Madrid, 27 may (EFE).- La princesa de Asturias inaugurar\u00e1 ma\u00f1ana en San Mill\u00e1n de la Cogolla (La Rioja) el IX Seminario Internacional de Lengua y Periodismo que abordar\u00e1 el futuro del espa\u00f1ol y la influencia que sobre el idioma pueden tener internet y las redes sociales. \u00bfDesaparecer\u00e1n los signos de apertura en interrogaciones y exclamaciones?","twitter:image":"https:\/\/eldigitaldeasturias.com\/magazine365\/wp-content\/uploads\/2014\/05\/6306049w.jpg"},"aioseo_meta_data":{"post_id":"14133","title":null,"description":null,"keywords":null,"keyphrases":null,"primary_term":null,"canonical_url":null,"og_title":null,"og_description":null,"og_object_type":"default","og_image_type":"default","og_image_url":null,"og_image_width":null,"og_image_height":null,"og_image_custom_url":null,"og_image_custom_fields":null,"og_video":null,"og_custom_url":null,"og_article_section":null,"og_article_tags":null,"twitter_use_og":false,"twitter_card":"default","twitter_image_type":"default","twitter_image_url":null,"twitter_image_custom_url":null,"twitter_image_custom_fields":null,"twitter_title":null,"twitter_description":null,"schema":{"blockGraphs":[],"customGraphs":[],"default":{"data":{"Article":[],"Course":[],"Dataset":[],"FAQPage":[],"Movie":[],"Person":[],"Product":[],"ProductReview":[],"Car":[],"Recipe":[],"Service":[],"SoftwareApplication":[],"WebPage":[]},"graphName":"","isEnabled":true},"graphs":[],"defaultGraph":"","defaultPostTypeGraph":""},"schema_type":null,"schema_type_options":null,"pillar_content":false,"robots_default":true,"robots_noindex":false,"robots_noarchive":false,"robots_nosnippet":false,"robots_nofollow":false,"robots_noimageindex":false,"robots_noodp":false,"robots_notranslate":false,"robots_max_snippet":null,"robots_max_videopreview":null,"robots_max_imagepreview":"large","priority":null,"frequency":null,"location":null,"local_seo":null,"seo_analyzer_scan_date":"2025-09-17 09:35:24","breadcrumb_settings":null,"limit_modified_date":false,"open_ai":null,"ai":null,"created":"2021-03-09 08:19:40","updated":"2025-09-17 09:35:24"},"aioseo_breadcrumb":"<div class=\"aioseo-breadcrumbs\"><span class=\"aioseo-breadcrumb\">\n\t<a href=\"https:\/\/eldigitaldeasturias.com\/magazine365\" title=\"Home\">Home<\/a>\n<\/span><span class=\"aioseo-breadcrumb-separator\">\u2013<\/span><span class=\"aioseo-breadcrumb\">\n\t<a href=\"https:\/\/eldigitaldeasturias.com\/magazine365\/category\/noticias-actualidad\/\" title=\"Noticias y Actualidad\">Noticias y Actualidad<\/a>\n<\/span><span class=\"aioseo-breadcrumb-separator\">\u2013<\/span><span class=\"aioseo-breadcrumb\">\n\t<a href=\"https:\/\/eldigitaldeasturias.com\/magazine365\/la-princesa-de-asturias-inaugurara-un-seminario-sobre-el-futuro-del-idioma\/\" title=\"La princesa de Asturias inaugurar\u00e1 un seminario sobre el futuro del idioma\">La princesa de Asturias inaugurar\u00e1 un seminario sobre el futuro del idioma<\/a>\n<\/span><\/div>","aioseo_breadcrumb_json":[{"label":"Home","link":"https:\/\/eldigitaldeasturias.com\/magazine365"},{"label":"Noticias y Actualidad","link":"https:\/\/eldigitaldeasturias.com\/magazine365\/category\/noticias-actualidad\/"},{"label":"La princesa de Asturias inaugurar\u00e1 un seminario sobre el futuro del idioma","link":"https:\/\/eldigitaldeasturias.com\/magazine365\/la-princesa-de-asturias-inaugurara-un-seminario-sobre-el-futuro-del-idioma\/"}],"_links":{"self":[{"href":"https:\/\/eldigitaldeasturias.com\/magazine365\/wp-json\/wp\/v2\/posts\/14133","targetHints":{"allow":["GET"]}}],"collection":[{"href":"https:\/\/eldigitaldeasturias.com\/magazine365\/wp-json\/wp\/v2\/posts"}],"about":[{"href":"https:\/\/eldigitaldeasturias.com\/magazine365\/wp-json\/wp\/v2\/types\/post"}],"author":[{"embeddable":true,"href":"https:\/\/eldigitaldeasturias.com\/magazine365\/wp-json\/wp\/v2\/users\/1"}],"replies":[{"embeddable":true,"href":"https:\/\/eldigitaldeasturias.com\/magazine365\/wp-json\/wp\/v2\/comments?post=14133"}],"version-history":[{"count":0,"href":"https:\/\/eldigitaldeasturias.com\/magazine365\/wp-json\/wp\/v2\/posts\/14133\/revisions"}],"wp:featuredmedia":[{"embeddable":true,"href":"https:\/\/eldigitaldeasturias.com\/magazine365\/wp-json\/wp\/v2\/media\/14134"}],"wp:attachment":[{"href":"https:\/\/eldigitaldeasturias.com\/magazine365\/wp-json\/wp\/v2\/media?parent=14133"}],"wp:term":[{"taxonomy":"category","embeddable":true,"href":"https:\/\/eldigitaldeasturias.com\/magazine365\/wp-json\/wp\/v2\/categories?post=14133"},{"taxonomy":"post_tag","embeddable":true,"href":"https:\/\/eldigitaldeasturias.com\/magazine365\/wp-json\/wp\/v2\/tags?post=14133"}],"curies":[{"name":"wp","href":"https:\/\/api.w.org\/{rel}","templated":true}]}}