{"id":14130,"date":"2014-05-27T19:57:30","date_gmt":"2014-05-27T21:57:30","guid":{"rendered":"http:\/\/eldigitaldeasturias.com\/magazine365\/?p=14130"},"modified":"2014-05-27T19:57:30","modified_gmt":"2014-05-27T21:57:30","slug":"un-estudiante-de-diseno-mostrara-su-coleccion-en-mfshow-gracias-a-un-concurso","status":"publish","type":"post","link":"https:\/\/eldigitaldeasturias.com\/magazine365\/un-estudiante-de-diseno-mostrara-su-coleccion-en-mfshow-gracias-a-un-concurso\/","title":{"rendered":"Un estudiante de dise\u00f1o mostrar\u00e1 su colecci\u00f3n en MFSHOW gracias a un concurso"},"content":{"rendered":"<p><img fetchpriority=\"high\" decoding=\"async\" class=\"alignleft size-medium wp-image-14131\" alt=\"6305920w\" src=\"https:\/\/eldigitaldeasturias.com\/magazine365\/wp-content\/uploads\/2014\/05\/6305920w-360x270.jpg\" width=\"360\" height=\"270\" srcset=\"https:\/\/eldigitaldeasturias.com\/magazine365\/wp-content\/uploads\/2014\/05\/6305920w-360x270.jpg 360w, https:\/\/eldigitaldeasturias.com\/magazine365\/wp-content\/uploads\/2014\/05\/6305920w-650x488.jpg 650w, https:\/\/eldigitaldeasturias.com\/magazine365\/wp-content\/uploads\/2014\/05\/6305920w-768x576.jpg 768w, https:\/\/eldigitaldeasturias.com\/magazine365\/wp-content\/uploads\/2014\/05\/6305920w-150x113.jpg 150w, https:\/\/eldigitaldeasturias.com\/magazine365\/wp-content\/uploads\/2014\/05\/6305920w-450x338.jpg 450w, https:\/\/eldigitaldeasturias.com\/magazine365\/wp-content\/uploads\/2014\/05\/6305920w-80x60.jpg 80w, https:\/\/eldigitaldeasturias.com\/magazine365\/wp-content\/uploads\/2014\/05\/6305920w-265x198.jpg 265w, https:\/\/eldigitaldeasturias.com\/magazine365\/wp-content\/uploads\/2014\/05\/6305920w-696x522.jpg 696w, https:\/\/eldigitaldeasturias.com\/magazine365\/wp-content\/uploads\/2014\/05\/6305920w-560x420.jpg 560w, https:\/\/eldigitaldeasturias.com\/magazine365\/wp-content\/uploads\/2014\/05\/6305920w-90x67.jpg 90w, https:\/\/eldigitaldeasturias.com\/magazine365\/wp-content\/uploads\/2014\/05\/6305920w-100x75.jpg 100w, https:\/\/eldigitaldeasturias.com\/magazine365\/wp-content\/uploads\/2014\/05\/6305920w.jpg 800w\" sizes=\"(max-width: 360px) 100vw, 360px\" \/>Madrid, 27 may (EFE).- Un joven dise\u00f1ador mostrar\u00e1 una colecci\u00f3n propia en la edici\u00f3n de septiembre de la pasarela alternativa de Madrid MFSHOW Woman gracias al concurso MFSHOW Lab by Pandora, promovido este a\u00f1o, por primera vez, entre las principales escuelas de dise\u00f1o y moda de la capital.<\/p>\n<p>Este concurso es la novedad de la segunda edici\u00f3n de Meses de Dise\u00f1o Emergente, un proyecto que durante mayo, junio y julio exhibir\u00e1 en el Museo del Traje los trabajos de j\u00f3venes estudiantes madrile\u00f1os de dise\u00f1o con el objetivo de \u00abdar visibilidad al talento emergente nacional\u00bb, ha explicado hoy su directora, Helena L\u00f3pez Del Hierro.<\/p>\n<p>MFSHOW, la firma Pandora y el Museo del Traje impulsaron el concurso MFSHOW Lab by Pandora entre 7 centros de moda en Madrid: Arte 10; el Centro Superior de Dise\u00f1o de Moda de Madrid (CSDMM); la Escuela Universitaria de Dise\u00f1o, Innovaci\u00f3n y Tecnolog\u00eda (ESNE); la escuela de dise\u00f1o Iade; el instituto europeo de dise\u00f1o (IED); y la Universidad Europea de Madrid y la de Francisco de Victoria.<\/p>\n<p>Cada una de estas instituciones congreg\u00f3 a sus mejores estudiantes para dise\u00f1ar una colecci\u00f3n sobre papel y materializar una pieza para el concurso, del que saldr\u00e1 un ganador, tras el fallo de un jurado especializado el pr\u00f3ximo 5 de junio.<\/p>\n<p>El premio consistir\u00e1 en una beca para hacer su colecci\u00f3n y poder mostrarla a medios y empresarios en la edici\u00f3n de MFSHOW Woman de septiembre, \u00abtoda una oportunidad para que los chicos cumplan su sue\u00f1o\u00bb, ha dicho el dise\u00f1ador Juan Duyos.<\/p>\n<p>Mar\u00eda Iglesias L\u00f3pez estudia tercero de moda en el Centro Superior de Dise\u00f1o de Moda de Madrid (CSDMM) y ha hablado hoy con Efe para explicar la esencia del modelo con el que aspira, junto a tres compa\u00f1eras, a conseguir ese billete directo a MFSHOW Woman.<\/p>\n<p>Un vestido corto de c\u00f3ctel y apuntalado con abalorios de la firma de joyer\u00eda danesa Pandora, marca que promociona el concurso, es su gran apuesta. \u00abSe trata de un modelo para llevar cualquier d\u00eda, sin extravagancias, pero elegante\u00bb, ha explicado la dise\u00f1adora primeriza.<\/p>\n<p>Los siete dise\u00f1os presentados por las escuelas, que se mostrar\u00e1n en el Museo del Traje hasta el 8 de junio para que los visitantes puedan emitir su propio voto, coinciden en el gusto por el color blanco, aunque sus fuentes de inspiraci\u00f3n son muy variadas.<\/p>\n<p>El modelo del centro Arte 10 mira a la historia mitol\u00f3gica de la diosa Atalanta; el dise\u00f1o de CSDMM se inspira en las joyas de Pandora; ESNE prefiere una concepci\u00f3n filos\u00f3fica de la moda con su colecci\u00f3n \u00abVida (s)\u00bb; Iade sugiere una creaci\u00f3n para realzar la belleza femenina, e IED recupera la \u00abbendita\u00bb locura del artista Salvador Dal\u00ed.<\/p>\n<p>La Universidad Europea, por su parte, se inclina por las matem\u00e1ticas con una colecci\u00f3n que alude a la combinaci\u00f3n de n\u00fameros y a c\u00f3mo la suma de elementos modifica el resultado, mientras que la Universidad Francisco de Victoria acoge elementos del \u00abart nouveau\u00bb en un trabajo artesanal que bebe del legado de artistas como Alfons Mucha (1860-1939), un pintor checo que bebe en esta corriente.<\/p>\n","protected":false},"excerpt":{"rendered":"<p>Madrid, 27 may (EFE).- Un joven dise\u00f1ador mostrar\u00e1 una colecci\u00f3n propia en la edici\u00f3n de septiembre de la pasarela alternativa de Madrid MFSHOW Woman gracias al concurso MFSHOW Lab by Pandora, promovido este a\u00f1o, por primera vez, entre las principales escuelas de dise\u00f1o y moda de la capital. Este concurso es la novedad de la<\/p>\n","protected":false},"author":1,"featured_media":14131,"comment_status":"open","ping_status":"closed","sticky":false,"template":"","format":"standard","meta":{"footnotes":""},"categories":[224],"tags":[],"class_list":{"0":"post-14130","1":"post","2":"type-post","3":"status-publish","4":"format-standard","5":"has-post-thumbnail","7":"category-noticias-actualidad"},"aioseo_notices":[],"aioseo_head":"\n\t\t<!-- All in One SEO Pro 4.9.6.1 - aioseo.com -->\n\t<meta name=\"description\" content=\"Madrid, 27 may (EFE).- Un joven dise\u00f1ador mostrar\u00e1 una colecci\u00f3n propia en la edici\u00f3n de septiembre de la pasarela alternativa de Madrid MFSHOW Woman gracias al concurso MFSHOW Lab by Pandora, promovido este a\u00f1o, por primera vez, entre las principales escuelas de dise\u00f1o y moda de la capital. Este concurso es la novedad de la\" \/>\n\t<meta name=\"robots\" content=\"max-image-preview:large\" \/>\n\t<meta name=\"author\" content=\"admin\"\/>\n\t<meta name=\"google-site-verification\" content=\"UA-38556648-1\" \/>\n\t<meta name=\"keywords\" content=\"noticias y actualidad\" \/>\n\t<link rel=\"canonical\" href=\"https:\/\/eldigitaldeasturias.com\/magazine365\/un-estudiante-de-diseno-mostrara-su-coleccion-en-mfshow-gracias-a-un-concurso\/\" \/>\n\t<meta name=\"generator\" content=\"All in One SEO Pro (AIOSEO) 4.9.6.1\" \/>\n\t\t<meta property=\"og:locale\" content=\"es_ES\" \/>\n\t\t<meta property=\"og:site_name\" content=\"El Digital de Asturias \u2013 Revista de ocio, turismo y estilo de vida\" \/>\n\t\t<meta property=\"og:type\" content=\"article\" \/>\n\t\t<meta property=\"og:title\" content=\"Un estudiante de dise\u00f1o mostrar\u00e1 su colecci\u00f3n en MFSHOW gracias a un concurso | El Digital de Asturias\" \/>\n\t\t<meta property=\"og:description\" content=\"Madrid, 27 may (EFE).- Un joven dise\u00f1ador mostrar\u00e1 una colecci\u00f3n propia en la edici\u00f3n de septiembre de la pasarela alternativa de Madrid MFSHOW Woman gracias al concurso MFSHOW Lab by Pandora, promovido este a\u00f1o, por primera vez, entre las principales escuelas de dise\u00f1o y moda de la capital. Este concurso es la novedad de la\" \/>\n\t\t<meta property=\"og:url\" content=\"https:\/\/eldigitaldeasturias.com\/magazine365\/un-estudiante-de-diseno-mostrara-su-coleccion-en-mfshow-gracias-a-un-concurso\/\" \/>\n\t\t<meta property=\"og:image\" content=\"https:\/\/eldigitaldeasturias.com\/magazine365\/wp-content\/uploads\/2014\/05\/6305920w.jpg\" \/>\n\t\t<meta property=\"og:image:secure_url\" content=\"https:\/\/eldigitaldeasturias.com\/magazine365\/wp-content\/uploads\/2014\/05\/6305920w.jpg\" \/>\n\t\t<meta property=\"og:image:width\" content=\"800\" \/>\n\t\t<meta property=\"og:image:height\" content=\"600\" \/>\n\t\t<meta property=\"article:published_time\" content=\"2014-05-27T21:57:30+00:00\" \/>\n\t\t<meta property=\"article:modified_time\" content=\"2014-05-27T21:57:30+00:00\" \/>\n\t\t<meta name=\"twitter:card\" content=\"summary_large_image\" \/>\n\t\t<meta name=\"twitter:title\" content=\"Un estudiante de dise\u00f1o mostrar\u00e1 su colecci\u00f3n en MFSHOW gracias a un concurso | El Digital de Asturias\" \/>\n\t\t<meta name=\"twitter:description\" content=\"Madrid, 27 may (EFE).- Un joven dise\u00f1ador mostrar\u00e1 una colecci\u00f3n propia en la edici\u00f3n de septiembre de la pasarela alternativa de Madrid MFSHOW Woman gracias al concurso MFSHOW Lab by Pandora, promovido este a\u00f1o, por primera vez, entre las principales escuelas de dise\u00f1o y moda de la capital. Este concurso es la novedad de la\" \/>\n\t\t<meta name=\"twitter:image\" content=\"https:\/\/eldigitaldeasturias.com\/magazine365\/wp-content\/uploads\/2014\/05\/6305920w.jpg\" \/>\n\t\t<script type=\"application\/ld+json\" class=\"aioseo-schema\">\n\t\t\t{\"@context\":\"https:\\\/\\\/schema.org\",\"@graph\":[{\"@type\":\"Article\",\"@id\":\"https:\\\/\\\/eldigitaldeasturias.com\\\/magazine365\\\/un-estudiante-de-diseno-mostrara-su-coleccion-en-mfshow-gracias-a-un-concurso\\\/#article\",\"name\":\"Un estudiante de dise\\u00f1o mostrar\\u00e1 su colecci\\u00f3n en MFSHOW gracias a un concurso | El Digital de Asturias\",\"headline\":\"Un estudiante de dise\\u00f1o mostrar\\u00e1 su colecci\\u00f3n en MFSHOW gracias a un concurso\",\"author\":{\"@id\":\"https:\\\/\\\/eldigitaldeasturias.com\\\/magazine365\\\/author\\\/admin\\\/#author\"},\"publisher\":{\"@id\":\"https:\\\/\\\/eldigitaldeasturias.com\\\/magazine365\\\/#organization\"},\"image\":{\"@type\":\"ImageObject\",\"url\":\"https:\\\/\\\/eldigitaldeasturias.com\\\/magazine365\\\/wp-content\\\/uploads\\\/2014\\\/05\\\/6305920w.jpg\",\"width\":800,\"height\":600},\"datePublished\":\"2014-05-27T19:57:30+02:00\",\"dateModified\":\"2014-05-27T19:57:30+02:00\",\"inLanguage\":\"es-ES\",\"mainEntityOfPage\":{\"@id\":\"https:\\\/\\\/eldigitaldeasturias.com\\\/magazine365\\\/un-estudiante-de-diseno-mostrara-su-coleccion-en-mfshow-gracias-a-un-concurso\\\/#webpage\"},\"isPartOf\":{\"@id\":\"https:\\\/\\\/eldigitaldeasturias.com\\\/magazine365\\\/un-estudiante-de-diseno-mostrara-su-coleccion-en-mfshow-gracias-a-un-concurso\\\/#webpage\"},\"articleSection\":\"Noticias y Actualidad\"},{\"@type\":\"BreadcrumbList\",\"@id\":\"https:\\\/\\\/eldigitaldeasturias.com\\\/magazine365\\\/un-estudiante-de-diseno-mostrara-su-coleccion-en-mfshow-gracias-a-un-concurso\\\/#breadcrumblist\",\"itemListElement\":[{\"@type\":\"ListItem\",\"@id\":\"https:\\\/\\\/eldigitaldeasturias.com\\\/magazine365#listItem\",\"position\":1,\"name\":\"Home\",\"item\":\"https:\\\/\\\/eldigitaldeasturias.com\\\/magazine365\",\"nextItem\":{\"@type\":\"ListItem\",\"@id\":\"https:\\\/\\\/eldigitaldeasturias.com\\\/magazine365\\\/category\\\/noticias-actualidad\\\/#listItem\",\"name\":\"Noticias y Actualidad\"}},{\"@type\":\"ListItem\",\"@id\":\"https:\\\/\\\/eldigitaldeasturias.com\\\/magazine365\\\/category\\\/noticias-actualidad\\\/#listItem\",\"position\":2,\"name\":\"Noticias y Actualidad\",\"item\":\"https:\\\/\\\/eldigitaldeasturias.com\\\/magazine365\\\/category\\\/noticias-actualidad\\\/\",\"nextItem\":{\"@type\":\"ListItem\",\"@id\":\"https:\\\/\\\/eldigitaldeasturias.com\\\/magazine365\\\/un-estudiante-de-diseno-mostrara-su-coleccion-en-mfshow-gracias-a-un-concurso\\\/#listItem\",\"name\":\"Un estudiante de dise\\u00f1o mostrar\\u00e1 su colecci\\u00f3n en MFSHOW gracias a un concurso\"},\"previousItem\":{\"@type\":\"ListItem\",\"@id\":\"https:\\\/\\\/eldigitaldeasturias.com\\\/magazine365#listItem\",\"name\":\"Home\"}},{\"@type\":\"ListItem\",\"@id\":\"https:\\\/\\\/eldigitaldeasturias.com\\\/magazine365\\\/un-estudiante-de-diseno-mostrara-su-coleccion-en-mfshow-gracias-a-un-concurso\\\/#listItem\",\"position\":3,\"name\":\"Un estudiante de dise\\u00f1o mostrar\\u00e1 su colecci\\u00f3n en MFSHOW gracias a un concurso\",\"previousItem\":{\"@type\":\"ListItem\",\"@id\":\"https:\\\/\\\/eldigitaldeasturias.com\\\/magazine365\\\/category\\\/noticias-actualidad\\\/#listItem\",\"name\":\"Noticias y Actualidad\"}}]},{\"@type\":\"Organization\",\"@id\":\"https:\\\/\\\/eldigitaldeasturias.com\\\/magazine365\\\/#organization\",\"name\":\"El digital de Asturias\",\"description\":\"Revista de ocio, turismo y estilo de vida\",\"url\":\"https:\\\/\\\/eldigitaldeasturias.com\\\/magazine365\\\/\",\"logo\":{\"@type\":\"ImageObject\",\"url\":\"https:\\\/\\\/www.eldigitaldeasturias.com\\\/noticias\\\/wp-content\\\/uploads\\\/2020\\\/12\\\/EDA.jpg\",\"@id\":\"https:\\\/\\\/eldigitaldeasturias.com\\\/magazine365\\\/un-estudiante-de-diseno-mostrara-su-coleccion-en-mfshow-gracias-a-un-concurso\\\/#organizationLogo\"},\"image\":{\"@id\":\"https:\\\/\\\/eldigitaldeasturias.com\\\/magazine365\\\/un-estudiante-de-diseno-mostrara-su-coleccion-en-mfshow-gracias-a-un-concurso\\\/#organizationLogo\"}},{\"@type\":\"Person\",\"@id\":\"https:\\\/\\\/eldigitaldeasturias.com\\\/magazine365\\\/author\\\/admin\\\/#author\",\"url\":\"https:\\\/\\\/eldigitaldeasturias.com\\\/magazine365\\\/author\\\/admin\\\/\",\"name\":\"admin\",\"image\":{\"@type\":\"ImageObject\",\"@id\":\"https:\\\/\\\/eldigitaldeasturias.com\\\/magazine365\\\/un-estudiante-de-diseno-mostrara-su-coleccion-en-mfshow-gracias-a-un-concurso\\\/#authorImage\",\"url\":\"https:\\\/\\\/eldigitaldeasturias.com\\\/magazine365\\\/wp-content\\\/litespeed\\\/avatar\\\/e571bcf59a0edd6fa6838245a470f2fe.jpg?ver=1776969259\",\"width\":96,\"height\":96,\"caption\":\"admin\"}},{\"@type\":\"WebPage\",\"@id\":\"https:\\\/\\\/eldigitaldeasturias.com\\\/magazine365\\\/un-estudiante-de-diseno-mostrara-su-coleccion-en-mfshow-gracias-a-un-concurso\\\/#webpage\",\"url\":\"https:\\\/\\\/eldigitaldeasturias.com\\\/magazine365\\\/un-estudiante-de-diseno-mostrara-su-coleccion-en-mfshow-gracias-a-un-concurso\\\/\",\"name\":\"Un estudiante de dise\\u00f1o mostrar\\u00e1 su colecci\\u00f3n en MFSHOW gracias a un concurso | El Digital de Asturias\",\"description\":\"Madrid, 27 may (EFE).- Un joven dise\\u00f1ador mostrar\\u00e1 una colecci\\u00f3n propia en la edici\\u00f3n de septiembre de la pasarela alternativa de Madrid MFSHOW Woman gracias al concurso MFSHOW Lab by Pandora, promovido este a\\u00f1o, por primera vez, entre las principales escuelas de dise\\u00f1o y moda de la capital. Este concurso es la novedad de la\",\"inLanguage\":\"es-ES\",\"isPartOf\":{\"@id\":\"https:\\\/\\\/eldigitaldeasturias.com\\\/magazine365\\\/#website\"},\"breadcrumb\":{\"@id\":\"https:\\\/\\\/eldigitaldeasturias.com\\\/magazine365\\\/un-estudiante-de-diseno-mostrara-su-coleccion-en-mfshow-gracias-a-un-concurso\\\/#breadcrumblist\"},\"author\":{\"@id\":\"https:\\\/\\\/eldigitaldeasturias.com\\\/magazine365\\\/author\\\/admin\\\/#author\"},\"creator\":{\"@id\":\"https:\\\/\\\/eldigitaldeasturias.com\\\/magazine365\\\/author\\\/admin\\\/#author\"},\"image\":{\"@type\":\"ImageObject\",\"url\":\"https:\\\/\\\/eldigitaldeasturias.com\\\/magazine365\\\/wp-content\\\/uploads\\\/2014\\\/05\\\/6305920w.jpg\",\"@id\":\"https:\\\/\\\/eldigitaldeasturias.com\\\/magazine365\\\/un-estudiante-de-diseno-mostrara-su-coleccion-en-mfshow-gracias-a-un-concurso\\\/#mainImage\",\"width\":800,\"height\":600},\"primaryImageOfPage\":{\"@id\":\"https:\\\/\\\/eldigitaldeasturias.com\\\/magazine365\\\/un-estudiante-de-diseno-mostrara-su-coleccion-en-mfshow-gracias-a-un-concurso\\\/#mainImage\"},\"datePublished\":\"2014-05-27T19:57:30+02:00\",\"dateModified\":\"2014-05-27T19:57:30+02:00\"},{\"@type\":\"WebSite\",\"@id\":\"https:\\\/\\\/eldigitaldeasturias.com\\\/magazine365\\\/#website\",\"url\":\"https:\\\/\\\/eldigitaldeasturias.com\\\/magazine365\\\/\",\"name\":\"El Digital de Asturias\",\"description\":\"Revista de ocio, turismo y estilo de vida\",\"inLanguage\":\"es-ES\",\"publisher\":{\"@id\":\"https:\\\/\\\/eldigitaldeasturias.com\\\/magazine365\\\/#organization\"}}]}\n\t\t<\/script>\n\t\t<!-- All in One SEO Pro -->\r\n\t\t<title>Un estudiante de dise\u00f1o mostrar\u00e1 su colecci\u00f3n en MFSHOW gracias a un concurso | El Digital de Asturias<\/title>\n\n","aioseo_head_json":{"title":"Un estudiante de dise\u00f1o mostrar\u00e1 su colecci\u00f3n en MFSHOW gracias a un concurso | El Digital de Asturias","description":"Madrid, 27 may (EFE).- Un joven dise\u00f1ador mostrar\u00e1 una colecci\u00f3n propia en la edici\u00f3n de septiembre de la pasarela alternativa de Madrid MFSHOW Woman gracias al concurso MFSHOW Lab by Pandora, promovido este a\u00f1o, por primera vez, entre las principales escuelas de dise\u00f1o y moda de la capital. Este concurso es la novedad de la","canonical_url":"https:\/\/eldigitaldeasturias.com\/magazine365\/un-estudiante-de-diseno-mostrara-su-coleccion-en-mfshow-gracias-a-un-concurso\/","robots":"max-image-preview:large","keywords":"noticias y actualidad","webmasterTools":{"google-site-verification":"UA-38556648-1","miscellaneous":""},"schema":{"@context":"https:\/\/schema.org","@graph":[{"@type":"Article","@id":"https:\/\/eldigitaldeasturias.com\/magazine365\/un-estudiante-de-diseno-mostrara-su-coleccion-en-mfshow-gracias-a-un-concurso\/#article","name":"Un estudiante de dise\u00f1o mostrar\u00e1 su colecci\u00f3n en MFSHOW gracias a un concurso | El Digital de Asturias","headline":"Un estudiante de dise\u00f1o mostrar\u00e1 su colecci\u00f3n en MFSHOW gracias a un concurso","author":{"@id":"https:\/\/eldigitaldeasturias.com\/magazine365\/author\/admin\/#author"},"publisher":{"@id":"https:\/\/eldigitaldeasturias.com\/magazine365\/#organization"},"image":{"@type":"ImageObject","url":"https:\/\/eldigitaldeasturias.com\/magazine365\/wp-content\/uploads\/2014\/05\/6305920w.jpg","width":800,"height":600},"datePublished":"2014-05-27T19:57:30+02:00","dateModified":"2014-05-27T19:57:30+02:00","inLanguage":"es-ES","mainEntityOfPage":{"@id":"https:\/\/eldigitaldeasturias.com\/magazine365\/un-estudiante-de-diseno-mostrara-su-coleccion-en-mfshow-gracias-a-un-concurso\/#webpage"},"isPartOf":{"@id":"https:\/\/eldigitaldeasturias.com\/magazine365\/un-estudiante-de-diseno-mostrara-su-coleccion-en-mfshow-gracias-a-un-concurso\/#webpage"},"articleSection":"Noticias y Actualidad"},{"@type":"BreadcrumbList","@id":"https:\/\/eldigitaldeasturias.com\/magazine365\/un-estudiante-de-diseno-mostrara-su-coleccion-en-mfshow-gracias-a-un-concurso\/#breadcrumblist","itemListElement":[{"@type":"ListItem","@id":"https:\/\/eldigitaldeasturias.com\/magazine365#listItem","position":1,"name":"Home","item":"https:\/\/eldigitaldeasturias.com\/magazine365","nextItem":{"@type":"ListItem","@id":"https:\/\/eldigitaldeasturias.com\/magazine365\/category\/noticias-actualidad\/#listItem","name":"Noticias y Actualidad"}},{"@type":"ListItem","@id":"https:\/\/eldigitaldeasturias.com\/magazine365\/category\/noticias-actualidad\/#listItem","position":2,"name":"Noticias y Actualidad","item":"https:\/\/eldigitaldeasturias.com\/magazine365\/category\/noticias-actualidad\/","nextItem":{"@type":"ListItem","@id":"https:\/\/eldigitaldeasturias.com\/magazine365\/un-estudiante-de-diseno-mostrara-su-coleccion-en-mfshow-gracias-a-un-concurso\/#listItem","name":"Un estudiante de dise\u00f1o mostrar\u00e1 su colecci\u00f3n en MFSHOW gracias a un concurso"},"previousItem":{"@type":"ListItem","@id":"https:\/\/eldigitaldeasturias.com\/magazine365#listItem","name":"Home"}},{"@type":"ListItem","@id":"https:\/\/eldigitaldeasturias.com\/magazine365\/un-estudiante-de-diseno-mostrara-su-coleccion-en-mfshow-gracias-a-un-concurso\/#listItem","position":3,"name":"Un estudiante de dise\u00f1o mostrar\u00e1 su colecci\u00f3n en MFSHOW gracias a un concurso","previousItem":{"@type":"ListItem","@id":"https:\/\/eldigitaldeasturias.com\/magazine365\/category\/noticias-actualidad\/#listItem","name":"Noticias y Actualidad"}}]},{"@type":"Organization","@id":"https:\/\/eldigitaldeasturias.com\/magazine365\/#organization","name":"El digital de Asturias","description":"Revista de ocio, turismo y estilo de vida","url":"https:\/\/eldigitaldeasturias.com\/magazine365\/","logo":{"@type":"ImageObject","url":"https:\/\/www.eldigitaldeasturias.com\/noticias\/wp-content\/uploads\/2020\/12\/EDA.jpg","@id":"https:\/\/eldigitaldeasturias.com\/magazine365\/un-estudiante-de-diseno-mostrara-su-coleccion-en-mfshow-gracias-a-un-concurso\/#organizationLogo"},"image":{"@id":"https:\/\/eldigitaldeasturias.com\/magazine365\/un-estudiante-de-diseno-mostrara-su-coleccion-en-mfshow-gracias-a-un-concurso\/#organizationLogo"}},{"@type":"Person","@id":"https:\/\/eldigitaldeasturias.com\/magazine365\/author\/admin\/#author","url":"https:\/\/eldigitaldeasturias.com\/magazine365\/author\/admin\/","name":"admin","image":{"@type":"ImageObject","@id":"https:\/\/eldigitaldeasturias.com\/magazine365\/un-estudiante-de-diseno-mostrara-su-coleccion-en-mfshow-gracias-a-un-concurso\/#authorImage","url":"https:\/\/eldigitaldeasturias.com\/magazine365\/wp-content\/litespeed\/avatar\/e571bcf59a0edd6fa6838245a470f2fe.jpg?ver=1776969259","width":96,"height":96,"caption":"admin"}},{"@type":"WebPage","@id":"https:\/\/eldigitaldeasturias.com\/magazine365\/un-estudiante-de-diseno-mostrara-su-coleccion-en-mfshow-gracias-a-un-concurso\/#webpage","url":"https:\/\/eldigitaldeasturias.com\/magazine365\/un-estudiante-de-diseno-mostrara-su-coleccion-en-mfshow-gracias-a-un-concurso\/","name":"Un estudiante de dise\u00f1o mostrar\u00e1 su colecci\u00f3n en MFSHOW gracias a un concurso | El Digital de Asturias","description":"Madrid, 27 may (EFE).- Un joven dise\u00f1ador mostrar\u00e1 una colecci\u00f3n propia en la edici\u00f3n de septiembre de la pasarela alternativa de Madrid MFSHOW Woman gracias al concurso MFSHOW Lab by Pandora, promovido este a\u00f1o, por primera vez, entre las principales escuelas de dise\u00f1o y moda de la capital. Este concurso es la novedad de la","inLanguage":"es-ES","isPartOf":{"@id":"https:\/\/eldigitaldeasturias.com\/magazine365\/#website"},"breadcrumb":{"@id":"https:\/\/eldigitaldeasturias.com\/magazine365\/un-estudiante-de-diseno-mostrara-su-coleccion-en-mfshow-gracias-a-un-concurso\/#breadcrumblist"},"author":{"@id":"https:\/\/eldigitaldeasturias.com\/magazine365\/author\/admin\/#author"},"creator":{"@id":"https:\/\/eldigitaldeasturias.com\/magazine365\/author\/admin\/#author"},"image":{"@type":"ImageObject","url":"https:\/\/eldigitaldeasturias.com\/magazine365\/wp-content\/uploads\/2014\/05\/6305920w.jpg","@id":"https:\/\/eldigitaldeasturias.com\/magazine365\/un-estudiante-de-diseno-mostrara-su-coleccion-en-mfshow-gracias-a-un-concurso\/#mainImage","width":800,"height":600},"primaryImageOfPage":{"@id":"https:\/\/eldigitaldeasturias.com\/magazine365\/un-estudiante-de-diseno-mostrara-su-coleccion-en-mfshow-gracias-a-un-concurso\/#mainImage"},"datePublished":"2014-05-27T19:57:30+02:00","dateModified":"2014-05-27T19:57:30+02:00"},{"@type":"WebSite","@id":"https:\/\/eldigitaldeasturias.com\/magazine365\/#website","url":"https:\/\/eldigitaldeasturias.com\/magazine365\/","name":"El Digital de Asturias","description":"Revista de ocio, turismo y estilo de vida","inLanguage":"es-ES","publisher":{"@id":"https:\/\/eldigitaldeasturias.com\/magazine365\/#organization"}}]},"og:locale":"es_ES","og:site_name":"El Digital de Asturias \u2013 Revista de ocio, turismo y estilo de vida","og:type":"article","og:title":"Un estudiante de dise\u00f1o mostrar\u00e1 su colecci\u00f3n en MFSHOW gracias a un concurso | El Digital de Asturias","og:description":"Madrid, 27 may (EFE).- Un joven dise\u00f1ador mostrar\u00e1 una colecci\u00f3n propia en la edici\u00f3n de septiembre de la pasarela alternativa de Madrid MFSHOW Woman gracias al concurso MFSHOW Lab by Pandora, promovido este a\u00f1o, por primera vez, entre las principales escuelas de dise\u00f1o y moda de la capital. Este concurso es la novedad de la","og:url":"https:\/\/eldigitaldeasturias.com\/magazine365\/un-estudiante-de-diseno-mostrara-su-coleccion-en-mfshow-gracias-a-un-concurso\/","og:image":"https:\/\/eldigitaldeasturias.com\/magazine365\/wp-content\/uploads\/2014\/05\/6305920w.jpg","og:image:secure_url":"https:\/\/eldigitaldeasturias.com\/magazine365\/wp-content\/uploads\/2014\/05\/6305920w.jpg","og:image:width":800,"og:image:height":600,"article:published_time":"2014-05-27T21:57:30+00:00","article:modified_time":"2014-05-27T21:57:30+00:00","twitter:card":"summary_large_image","twitter:title":"Un estudiante de dise\u00f1o mostrar\u00e1 su colecci\u00f3n en MFSHOW gracias a un concurso | El Digital de Asturias","twitter:description":"Madrid, 27 may (EFE).- Un joven dise\u00f1ador mostrar\u00e1 una colecci\u00f3n propia en la edici\u00f3n de septiembre de la pasarela alternativa de Madrid MFSHOW Woman gracias al concurso MFSHOW Lab by Pandora, promovido este a\u00f1o, por primera vez, entre las principales escuelas de dise\u00f1o y moda de la capital. Este concurso es la novedad de la","twitter:image":"https:\/\/eldigitaldeasturias.com\/magazine365\/wp-content\/uploads\/2014\/05\/6305920w.jpg"},"aioseo_meta_data":{"post_id":"14130","title":null,"description":null,"keywords":null,"keyphrases":null,"primary_term":null,"canonical_url":null,"og_title":null,"og_description":null,"og_object_type":"default","og_image_type":"default","og_image_url":null,"og_image_width":null,"og_image_height":null,"og_image_custom_url":null,"og_image_custom_fields":null,"og_video":null,"og_custom_url":null,"og_article_section":null,"og_article_tags":null,"twitter_use_og":false,"twitter_card":"default","twitter_image_type":"default","twitter_image_url":null,"twitter_image_custom_url":null,"twitter_image_custom_fields":null,"twitter_title":null,"twitter_description":null,"schema":{"blockGraphs":[],"customGraphs":[],"default":{"data":{"Article":[],"Course":[],"Dataset":[],"FAQPage":[],"Movie":[],"Person":[],"Product":[],"ProductReview":[],"Car":[],"Recipe":[],"Service":[],"SoftwareApplication":[],"WebPage":[]},"graphName":"","isEnabled":true},"graphs":[],"defaultGraph":"","defaultPostTypeGraph":""},"schema_type":null,"schema_type_options":null,"pillar_content":false,"robots_default":true,"robots_noindex":false,"robots_noarchive":false,"robots_nosnippet":false,"robots_nofollow":false,"robots_noimageindex":false,"robots_noodp":false,"robots_notranslate":false,"robots_max_snippet":null,"robots_max_videopreview":null,"robots_max_imagepreview":"large","priority":null,"frequency":null,"location":null,"local_seo":null,"seo_analyzer_scan_date":"2025-09-17 09:35:21","breadcrumb_settings":null,"limit_modified_date":false,"open_ai":null,"ai":null,"created":"2021-03-09 08:19:40","updated":"2025-09-17 09:35:21"},"aioseo_breadcrumb":"<div class=\"aioseo-breadcrumbs\"><span class=\"aioseo-breadcrumb\">\n\t<a href=\"https:\/\/eldigitaldeasturias.com\/magazine365\" title=\"Home\">Home<\/a>\n<\/span><span class=\"aioseo-breadcrumb-separator\">\u2013<\/span><span class=\"aioseo-breadcrumb\">\n\t<a href=\"https:\/\/eldigitaldeasturias.com\/magazine365\/category\/noticias-actualidad\/\" title=\"Noticias y Actualidad\">Noticias y Actualidad<\/a>\n<\/span><span class=\"aioseo-breadcrumb-separator\">\u2013<\/span><span class=\"aioseo-breadcrumb\">\n\t<a href=\"https:\/\/eldigitaldeasturias.com\/magazine365\/un-estudiante-de-diseno-mostrara-su-coleccion-en-mfshow-gracias-a-un-concurso\/\" title=\"Un estudiante de dise\u00f1o mostrar\u00e1 su colecci\u00f3n en MFSHOW gracias a un concurso\">Un estudiante de dise\u00f1o mostrar\u00e1 su colecci\u00f3n en MFSHOW gracias a un concurso<\/a>\n<\/span><\/div>","aioseo_breadcrumb_json":[{"label":"Home","link":"https:\/\/eldigitaldeasturias.com\/magazine365"},{"label":"Noticias y Actualidad","link":"https:\/\/eldigitaldeasturias.com\/magazine365\/category\/noticias-actualidad\/"},{"label":"Un estudiante de dise\u00f1o mostrar\u00e1 su colecci\u00f3n en MFSHOW gracias a un concurso","link":"https:\/\/eldigitaldeasturias.com\/magazine365\/un-estudiante-de-diseno-mostrara-su-coleccion-en-mfshow-gracias-a-un-concurso\/"}],"_links":{"self":[{"href":"https:\/\/eldigitaldeasturias.com\/magazine365\/wp-json\/wp\/v2\/posts\/14130","targetHints":{"allow":["GET"]}}],"collection":[{"href":"https:\/\/eldigitaldeasturias.com\/magazine365\/wp-json\/wp\/v2\/posts"}],"about":[{"href":"https:\/\/eldigitaldeasturias.com\/magazine365\/wp-json\/wp\/v2\/types\/post"}],"author":[{"embeddable":true,"href":"https:\/\/eldigitaldeasturias.com\/magazine365\/wp-json\/wp\/v2\/users\/1"}],"replies":[{"embeddable":true,"href":"https:\/\/eldigitaldeasturias.com\/magazine365\/wp-json\/wp\/v2\/comments?post=14130"}],"version-history":[{"count":0,"href":"https:\/\/eldigitaldeasturias.com\/magazine365\/wp-json\/wp\/v2\/posts\/14130\/revisions"}],"wp:featuredmedia":[{"embeddable":true,"href":"https:\/\/eldigitaldeasturias.com\/magazine365\/wp-json\/wp\/v2\/media\/14131"}],"wp:attachment":[{"href":"https:\/\/eldigitaldeasturias.com\/magazine365\/wp-json\/wp\/v2\/media?parent=14130"}],"wp:term":[{"taxonomy":"category","embeddable":true,"href":"https:\/\/eldigitaldeasturias.com\/magazine365\/wp-json\/wp\/v2\/categories?post=14130"},{"taxonomy":"post_tag","embeddable":true,"href":"https:\/\/eldigitaldeasturias.com\/magazine365\/wp-json\/wp\/v2\/tags?post=14130"}],"curies":[{"name":"wp","href":"https:\/\/api.w.org\/{rel}","templated":true}]}}